{"id":5440,"date":"2025-03-25T12:00:12","date_gmt":"2025-03-25T15:00:12","guid":{"rendered":"https:\/\/gm.adv.br\/?p=5440"},"modified":"2025-03-25T12:00:12","modified_gmt":"2025-03-25T15:00:12","slug":"trabalho-em-feriados-muda-a-partir-de-julho-veja-o-que-muda-para-empresas-e-empregados","status":"publish","type":"post","link":"https:\/\/www.gm.adv.br\/site\/2025\/03\/25\/trabalho-em-feriados-muda-a-partir-de-julho-veja-o-que-muda-para-empresas-e-empregados\/","title":{"rendered":"Trabalho em feriados muda a partir de julho; veja o que muda para empresas e empregados"},"content":{"rendered":"<p>A partir de 1\u00ba de julho de 2025, entra em vigor a Portaria n\u00ba 3.665\/2023, que altera as regras para o trabalho em feriados no setor do com\u00e9rcio. Com a nova norma, a autoriza\u00e7\u00e3o para que trabalhadores atuem nesses dias depender\u00e1 de conven\u00e7\u00e3o coletiva, ou seja, de um acordo entre sindicatos de empregados e empregadores.<\/p>\n<p>Antes, a decis\u00e3o sobre o trabalho em feriados era exclusivamente do empregador. Agora, as empresas precisar\u00e3o negociar previamente com os sindicatos para definir as escalas nesses dias. Em alguns casos, a permiss\u00e3o poder\u00e1 ser concedida por lei municipal.<\/p>\n<p>A mudan\u00e7a pode impactar tanto trabalhadores quanto empresas. Para os funcion\u00e1rios, a nova regra pode trazer benef\u00edcios extras, como folgas compensat\u00f3rias ou bonifica\u00e7\u00f5es, mas tamb\u00e9m pode representar um obst\u00e1culo para quem contava com o adicional de 100% da hora trabalhada. J\u00e1 para as empresas, o processo tende a se tornar mais burocr\u00e1tico, especialmente para pequenos neg\u00f3cios, que podem enfrentar dificuldades nas negocia\u00e7\u00f5es.<\/p>\n<p>A nova regra fortalece o papel dos sindicatos nas rela\u00e7\u00f5es de trabalho, o que est\u00e1 alinhado com as diretrizes do atual governo. Especialistas apontam que a medida pode gerar benef\u00edcios aos trabalhadores, mas tamb\u00e9m pode tornar a gest\u00e3o de escalas mais r\u00edgida.<\/p>\n<p>Diante desse cen\u00e1rio, a recomenda\u00e7\u00e3o para as empresas \u00e9 buscar negocia\u00e7\u00e3o com os sindicatos o quanto antes, garantindo seguran\u00e7a jur\u00eddica e operacional. Para os trabalhadores, acompanhar as conven\u00e7\u00f5es coletivas da categoria ser\u00e1 essencial para entender os impactos da mudan\u00e7a sobre sal\u00e1rios e benef\u00edcios.<\/p>\n","protected":false},"excerpt":{"rendered":"<p>A partir de 1\u00ba de julho de 2025, entra em vigor a Portaria n\u00ba 3.665\/2023, que altera as regras para o trabalho em feriados no setor do com\u00e9rcio. Com a nova norma, a autoriza\u00e7\u00e3o para que trabalhadores atuem nesses dias depender\u00e1 de conven\u00e7\u00e3o coletiva, ou seja, de um acordo entre sindicatos de empregados e empregadores. [&#8230;]\n","protected":false},"author":1,"featured_media":5441,"comment_status":"closed","ping_status":"closed","sticky":false,"template":"","format":"standard","meta":{"footnotes":""},"categories":[74,68,73],"tags":[127,128,129,83],"class_list":["post-5440","post","type-post","status-publish","format-standard","has-post-thumbnail","hentry","category-blog","category-direito-do-trabalho","category-artigos","tag-direitotrabalhista","tag-novaregra","tag-trabalhoemferiados","tag-direito"],"yoast_head":"<!-- This site is optimized with the Yoast SEO plugin v27.5 - https:\/\/yoast.com\/product\/yoast-seo-wordpress\/ -->\n<title>Trabalho em feriados muda a partir de julho; veja o que muda para empresas e empregados - Guaresi &amp; Mill\u00e9o Advogados Associados | Escrit\u00f3rio de Advocacia em Conc\u00f3rdia-SC | 30 Anos de Experi\u00eancia<\/title>\n<meta name=\"description\" content=\"Trabalho em feriados muda a partir de julho; veja o que muda para empresas e empregados - Guaresi &amp; Mill\u00e9o Advogados Associados | Escrit\u00f3rio de Advocacia em Conc\u00f3rdia-SC | 30 Anos de Experi\u00eancia\" \/>\n<meta name=\"robots\" content=\"index, follow, max-snippet:-1, max-image-preview:large, max-video-preview:-1\" \/>\n<link rel=\"canonical\" href=\"https:\/\/www.gm.adv.br\/site\/2025\/03\/25\/trabalho-em-feriados-muda-a-partir-de-julho-veja-o-que-muda-para-empresas-e-empregados\/\" \/>\n<meta property=\"og:locale\" content=\"pt_BR\" \/>\n<meta property=\"og:type\" content=\"article\" \/>\n<meta property=\"og:title\" content=\"Trabalho em feriados muda a partir de julho; veja o que muda para empresas e empregados - Guaresi &amp; Mill\u00e9o Advogados Associados | Escrit\u00f3rio de Advocacia em Conc\u00f3rdia-SC | 30 Anos de Experi\u00eancia\" \/>\n<meta property=\"og:description\" content=\"Trabalho em feriados muda a partir de julho; veja o que muda para empresas e empregados - Guaresi &amp; Mill\u00e9o Advogados Associados | Escrit\u00f3rio de Advocacia em Conc\u00f3rdia-SC | 30 Anos de Experi\u00eancia\" \/>\n<meta property=\"og:url\" content=\"https:\/\/www.gm.adv.br\/site\/2025\/03\/25\/trabalho-em-feriados-muda-a-partir-de-julho-veja-o-que-muda-para-empresas-e-empregados\/\" \/>\n<meta property=\"og:site_name\" content=\"Guaresi &amp; Mill\u00e9o Advogados Associados | Escrit\u00f3rio de Advocacia em Conc\u00f3rdia-SC | 30 Anos de Experi\u00eancia\" \/>\n<meta property=\"article:publisher\" content=\"https:\/\/www.facebook.com\/GuaresiMilleoAdvogados\" \/>\n<meta property=\"article:published_time\" content=\"2025-03-25T15:00:12+00:00\" \/>\n<meta property=\"og:image\" content=\"https:\/\/www.gm.adv.br\/site\/wp-content\/uploads\/2025\/03\/WhatsApp-Image-2025-03-25-at-11.55.34.jpeg\" \/>\n\t<meta property=\"og:image:width\" content=\"1600\" \/>\n\t<meta property=\"og:image:height\" content=\"900\" \/>\n\t<meta property=\"og:image:type\" content=\"image\/jpeg\" \/>\n<meta name=\"author\" content=\"admin\" \/>\n<meta name=\"twitter:card\" content=\"summary_large_image\" \/>\n<meta name=\"twitter:label1\" content=\"Escrito por\" \/>\n\t<meta name=\"twitter:data1\" content=\"admin\" \/>\n\t<meta name=\"twitter:label2\" content=\"Est. tempo de leitura\" \/>\n\t<meta name=\"twitter:data2\" content=\"2 minutos\" \/>\n<script type=\"application\/ld+json\" class=\"yoast-schema-graph\">{\"@context\":\"https:\\\/\\\/schema.org\",\"@graph\":[{\"@type\":\"Article\",\"@id\":\"https:\\\/\\\/www.gm.adv.br\\\/site\\\/2025\\\/03\\\/25\\\/trabalho-em-feriados-muda-a-partir-de-julho-veja-o-que-muda-para-empresas-e-empregados\\\/#article\",\"isPartOf\":{\"@id\":\"https:\\\/\\\/www.gm.adv.br\\\/site\\\/2025\\\/03\\\/25\\\/trabalho-em-feriados-muda-a-partir-de-julho-veja-o-que-muda-para-empresas-e-empregados\\\/\"},\"author\":{\"name\":\"admin\",\"@id\":\"https:\\\/\\\/www.gm.adv.br\\\/site\\\/#\\\/schema\\\/person\\\/7d633a2abab0d9b94253af6efc36428f\"},\"headline\":\"Trabalho em feriados muda a partir de julho; veja o que muda para empresas e empregados\",\"datePublished\":\"2025-03-25T15:00:12+00:00\",\"mainEntityOfPage\":{\"@id\":\"https:\\\/\\\/www.gm.adv.br\\\/site\\\/2025\\\/03\\\/25\\\/trabalho-em-feriados-muda-a-partir-de-julho-veja-o-que-muda-para-empresas-e-empregados\\\/\"},\"wordCount\":281,\"publisher\":{\"@id\":\"https:\\\/\\\/www.gm.adv.br\\\/site\\\/#organization\"},\"image\":{\"@id\":\"https:\\\/\\\/www.gm.adv.br\\\/site\\\/2025\\\/03\\\/25\\\/trabalho-em-feriados-muda-a-partir-de-julho-veja-o-que-muda-para-empresas-e-empregados\\\/#primaryimage\"},\"thumbnailUrl\":\"https:\\\/\\\/www.gm.adv.br\\\/site\\\/wp-content\\\/uploads\\\/2025\\\/03\\\/WhatsApp-Image-2025-03-25-at-11.55.34.jpeg\",\"keywords\":[\"#DireitoTrabalhista\",\"#NovaRegra\",\"#TrabalhoEmFeriados\",\"direito\"],\"articleSection\":[\"Blog\",\"Direito do Trabalho\",\"Noticias\"],\"inLanguage\":\"pt-BR\"},{\"@type\":\"WebPage\",\"@id\":\"https:\\\/\\\/www.gm.adv.br\\\/site\\\/2025\\\/03\\\/25\\\/trabalho-em-feriados-muda-a-partir-de-julho-veja-o-que-muda-para-empresas-e-empregados\\\/\",\"url\":\"https:\\\/\\\/www.gm.adv.br\\\/site\\\/2025\\\/03\\\/25\\\/trabalho-em-feriados-muda-a-partir-de-julho-veja-o-que-muda-para-empresas-e-empregados\\\/\",\"name\":\"Trabalho em feriados muda a partir de julho; veja o que muda para empresas e empregados - Guaresi &amp; Mill\u00e9o Advogados Associados | Escrit\u00f3rio de Advocacia em Conc\u00f3rdia-SC | 30 Anos de Experi\u00eancia\",\"isPartOf\":{\"@id\":\"https:\\\/\\\/www.gm.adv.br\\\/site\\\/#website\"},\"primaryImageOfPage\":{\"@id\":\"https:\\\/\\\/www.gm.adv.br\\\/site\\\/2025\\\/03\\\/25\\\/trabalho-em-feriados-muda-a-partir-de-julho-veja-o-que-muda-para-empresas-e-empregados\\\/#primaryimage\"},\"image\":{\"@id\":\"https:\\\/\\\/www.gm.adv.br\\\/site\\\/2025\\\/03\\\/25\\\/trabalho-em-feriados-muda-a-partir-de-julho-veja-o-que-muda-para-empresas-e-empregados\\\/#primaryimage\"},\"thumbnailUrl\":\"https:\\\/\\\/www.gm.adv.br\\\/site\\\/wp-content\\\/uploads\\\/2025\\\/03\\\/WhatsApp-Image-2025-03-25-at-11.55.34.jpeg\",\"datePublished\":\"2025-03-25T15:00:12+00:00\",\"description\":\"Trabalho em feriados muda a partir de julho; veja o que muda para empresas e empregados - Guaresi &amp; Mill\u00e9o Advogados Associados | Escrit\u00f3rio de Advocacia em Conc\u00f3rdia-SC | 30 Anos de Experi\u00eancia\",\"breadcrumb\":{\"@id\":\"https:\\\/\\\/www.gm.adv.br\\\/site\\\/2025\\\/03\\\/25\\\/trabalho-em-feriados-muda-a-partir-de-julho-veja-o-que-muda-para-empresas-e-empregados\\\/#breadcrumb\"},\"inLanguage\":\"pt-BR\",\"potentialAction\":[{\"@type\":\"ReadAction\",\"target\":[\"https:\\\/\\\/www.gm.adv.br\\\/site\\\/2025\\\/03\\\/25\\\/trabalho-em-feriados-muda-a-partir-de-julho-veja-o-que-muda-para-empresas-e-empregados\\\/\"]}]},{\"@type\":\"ImageObject\",\"inLanguage\":\"pt-BR\",\"@id\":\"https:\\\/\\\/www.gm.adv.br\\\/site\\\/2025\\\/03\\\/25\\\/trabalho-em-feriados-muda-a-partir-de-julho-veja-o-que-muda-para-empresas-e-empregados\\\/#primaryimage\",\"url\":\"https:\\\/\\\/www.gm.adv.br\\\/site\\\/wp-content\\\/uploads\\\/2025\\\/03\\\/WhatsApp-Image-2025-03-25-at-11.55.34.jpeg\",\"contentUrl\":\"https:\\\/\\\/www.gm.adv.br\\\/site\\\/wp-content\\\/uploads\\\/2025\\\/03\\\/WhatsApp-Image-2025-03-25-at-11.55.34.jpeg\",\"width\":1600,\"height\":900},{\"@type\":\"BreadcrumbList\",\"@id\":\"https:\\\/\\\/www.gm.adv.br\\\/site\\\/2025\\\/03\\\/25\\\/trabalho-em-feriados-muda-a-partir-de-julho-veja-o-que-muda-para-empresas-e-empregados\\\/#breadcrumb\",\"itemListElement\":[{\"@type\":\"ListItem\",\"position\":1,\"name\":\"In\u00edcio\",\"item\":\"https:\\\/\\\/www.gm.adv.br\\\/site\\\/\"},{\"@type\":\"ListItem\",\"position\":2,\"name\":\"Trabalho em feriados muda a partir de julho; veja o que muda para empresas e empregados\"}]},{\"@type\":\"WebSite\",\"@id\":\"https:\\\/\\\/www.gm.adv.br\\\/site\\\/#website\",\"url\":\"https:\\\/\\\/www.gm.adv.br\\\/site\\\/\",\"name\":\"Guaresi & Mill\u00e9o Advogados Associados | Escrit\u00f3rio de Advocacia em Conc\u00f3rdia-SC | 30 Anos de Experi\u00eanci\",\"description\":\"Advocacia Direito Banc\u00e1rio, Tribut\u00e1rio, Trabalhista, C\u00edvil, P\u00fablica, Municipal, Advogados Associados Guaresi e Mill\u00e9o  |  Conc\u00f3rdia SC\",\"publisher\":{\"@id\":\"https:\\\/\\\/www.gm.adv.br\\\/site\\\/#organization\"},\"alternateName\":\"Guaresi e Mill\u00e9o Escrit\u00f3rio de Advocacia e Consultoria em Conc\u00f3rdia-SC\",\"potentialAction\":[{\"@type\":\"SearchAction\",\"target\":{\"@type\":\"EntryPoint\",\"urlTemplate\":\"https:\\\/\\\/www.gm.adv.br\\\/site\\\/?s={search_term_string}\"},\"query-input\":{\"@type\":\"PropertyValueSpecification\",\"valueRequired\":true,\"valueName\":\"search_term_string\"}}],\"inLanguage\":\"pt-BR\"},{\"@type\":\"Organization\",\"@id\":\"https:\\\/\\\/www.gm.adv.br\\\/site\\\/#organization\",\"name\":\"Guaresi & Milleo Advogados Associados em Conc\u00f3rdia SC\",\"alternateName\":\"Guaresi e Milleo Advocacia e Consultoria\",\"url\":\"https:\\\/\\\/www.gm.adv.br\\\/site\\\/\",\"logo\":{\"@type\":\"ImageObject\",\"inLanguage\":\"pt-BR\",\"@id\":\"https:\\\/\\\/www.gm.adv.br\\\/site\\\/#\\\/schema\\\/logo\\\/image\\\/\",\"url\":\"https:\\\/\\\/www.gm.adv.br\\\/site\\\/wp-content\\\/uploads\\\/2025\\\/07\\\/cropped-icone-512.webp\",\"contentUrl\":\"https:\\\/\\\/www.gm.adv.br\\\/site\\\/wp-content\\\/uploads\\\/2025\\\/07\\\/cropped-icone-512.webp\",\"width\":512,\"height\":512,\"caption\":\"Guaresi & Milleo Advogados Associados em Conc\u00f3rdia SC\"},\"image\":{\"@id\":\"https:\\\/\\\/www.gm.adv.br\\\/site\\\/#\\\/schema\\\/logo\\\/image\\\/\"},\"sameAs\":[\"https:\\\/\\\/www.facebook.com\\\/GuaresiMilleoAdvogados\",\"https:\\\/\\\/www.instagram.com\\\/guaresiemilleo\\\/\",\"https:\\\/\\\/br.linkedin.com\\\/company\\\/guaresimilleo\"]},{\"@type\":\"Person\",\"@id\":\"https:\\\/\\\/www.gm.adv.br\\\/site\\\/#\\\/schema\\\/person\\\/7d633a2abab0d9b94253af6efc36428f\",\"name\":\"admin\",\"image\":{\"@type\":\"ImageObject\",\"inLanguage\":\"pt-BR\",\"@id\":\"https:\\\/\\\/secure.gravatar.com\\\/avatar\\\/c8bb173d280f7d1e50b67bb649de269247430499695ba3ee451b6289436d1d39?s=96&d=mm&r=g\",\"url\":\"https:\\\/\\\/secure.gravatar.com\\\/avatar\\\/c8bb173d280f7d1e50b67bb649de269247430499695ba3ee451b6289436d1d39?s=96&d=mm&r=g\",\"contentUrl\":\"https:\\\/\\\/secure.gravatar.com\\\/avatar\\\/c8bb173d280f7d1e50b67bb649de269247430499695ba3ee451b6289436d1d39?s=96&d=mm&r=g\",\"caption\":\"admin\"},\"sameAs\":[\"https:\\\/\\\/www.gm.adv.br\\\/site\"],\"url\":\"https:\\\/\\\/www.gm.adv.br\\\/site\\\/author\\\/admin\\\/\"}]}<\/script>\n<!-- \/ Yoast SEO plugin. -->","yoast_head_json":{"title":"Trabalho em feriados muda a partir de julho; veja o que muda para empresas e empregados - Guaresi &amp; Mill\u00e9o Advogados Associados | Escrit\u00f3rio de Advocacia em Conc\u00f3rdia-SC | 30 Anos de Experi\u00eancia","description":"Trabalho em feriados muda a partir de julho; veja o que muda para empresas e empregados - Guaresi &amp; Mill\u00e9o Advogados Associados | Escrit\u00f3rio de Advocacia em Conc\u00f3rdia-SC | 30 Anos de Experi\u00eancia","robots":{"index":"index","follow":"follow","max-snippet":"max-snippet:-1","max-image-preview":"max-image-preview:large","max-video-preview":"max-video-preview:-1"},"canonical":"https:\/\/www.gm.adv.br\/site\/2025\/03\/25\/trabalho-em-feriados-muda-a-partir-de-julho-veja-o-que-muda-para-empresas-e-empregados\/","og_locale":"pt_BR","og_type":"article","og_title":"Trabalho em feriados muda a partir de julho; veja o que muda para empresas e empregados - Guaresi &amp; Mill\u00e9o Advogados Associados | Escrit\u00f3rio de Advocacia em Conc\u00f3rdia-SC | 30 Anos de Experi\u00eancia","og_description":"Trabalho em feriados muda a partir de julho; veja o que muda para empresas e empregados - Guaresi &amp; Mill\u00e9o Advogados Associados | Escrit\u00f3rio de Advocacia em Conc\u00f3rdia-SC | 30 Anos de Experi\u00eancia","og_url":"https:\/\/www.gm.adv.br\/site\/2025\/03\/25\/trabalho-em-feriados-muda-a-partir-de-julho-veja-o-que-muda-para-empresas-e-empregados\/","og_site_name":"Guaresi &amp; Mill\u00e9o Advogados Associados | Escrit\u00f3rio de Advocacia em Conc\u00f3rdia-SC | 30 Anos de Experi\u00eancia","article_publisher":"https:\/\/www.facebook.com\/GuaresiMilleoAdvogados","article_published_time":"2025-03-25T15:00:12+00:00","og_image":[{"width":1600,"height":900,"url":"https:\/\/www.gm.adv.br\/site\/wp-content\/uploads\/2025\/03\/WhatsApp-Image-2025-03-25-at-11.55.34.jpeg","type":"image\/jpeg"}],"author":"admin","twitter_card":"summary_large_image","twitter_misc":{"Escrito por":"admin","Est. tempo de leitura":"2 minutos"},"schema":{"@context":"https:\/\/schema.org","@graph":[{"@type":"Article","@id":"https:\/\/www.gm.adv.br\/site\/2025\/03\/25\/trabalho-em-feriados-muda-a-partir-de-julho-veja-o-que-muda-para-empresas-e-empregados\/#article","isPartOf":{"@id":"https:\/\/www.gm.adv.br\/site\/2025\/03\/25\/trabalho-em-feriados-muda-a-partir-de-julho-veja-o-que-muda-para-empresas-e-empregados\/"},"author":{"name":"admin","@id":"https:\/\/www.gm.adv.br\/site\/#\/schema\/person\/7d633a2abab0d9b94253af6efc36428f"},"headline":"Trabalho em feriados muda a partir de julho; veja o que muda para empresas e empregados","datePublished":"2025-03-25T15:00:12+00:00","mainEntityOfPage":{"@id":"https:\/\/www.gm.adv.br\/site\/2025\/03\/25\/trabalho-em-feriados-muda-a-partir-de-julho-veja-o-que-muda-para-empresas-e-empregados\/"},"wordCount":281,"publisher":{"@id":"https:\/\/www.gm.adv.br\/site\/#organization"},"image":{"@id":"https:\/\/www.gm.adv.br\/site\/2025\/03\/25\/trabalho-em-feriados-muda-a-partir-de-julho-veja-o-que-muda-para-empresas-e-empregados\/#primaryimage"},"thumbnailUrl":"https:\/\/www.gm.adv.br\/site\/wp-content\/uploads\/2025\/03\/WhatsApp-Image-2025-03-25-at-11.55.34.jpeg","keywords":["#DireitoTrabalhista","#NovaRegra","#TrabalhoEmFeriados","direito"],"articleSection":["Blog","Direito do Trabalho","Noticias"],"inLanguage":"pt-BR"},{"@type":"WebPage","@id":"https:\/\/www.gm.adv.br\/site\/2025\/03\/25\/trabalho-em-feriados-muda-a-partir-de-julho-veja-o-que-muda-para-empresas-e-empregados\/","url":"https:\/\/www.gm.adv.br\/site\/2025\/03\/25\/trabalho-em-feriados-muda-a-partir-de-julho-veja-o-que-muda-para-empresas-e-empregados\/","name":"Trabalho em feriados muda a partir de julho; veja o que muda para empresas e empregados - Guaresi &amp; Mill\u00e9o Advogados Associados | Escrit\u00f3rio de Advocacia em Conc\u00f3rdia-SC | 30 Anos de Experi\u00eancia","isPartOf":{"@id":"https:\/\/www.gm.adv.br\/site\/#website"},"primaryImageOfPage":{"@id":"https:\/\/www.gm.adv.br\/site\/2025\/03\/25\/trabalho-em-feriados-muda-a-partir-de-julho-veja-o-que-muda-para-empresas-e-empregados\/#primaryimage"},"image":{"@id":"https:\/\/www.gm.adv.br\/site\/2025\/03\/25\/trabalho-em-feriados-muda-a-partir-de-julho-veja-o-que-muda-para-empresas-e-empregados\/#primaryimage"},"thumbnailUrl":"https:\/\/www.gm.adv.br\/site\/wp-content\/uploads\/2025\/03\/WhatsApp-Image-2025-03-25-at-11.55.34.jpeg","datePublished":"2025-03-25T15:00:12+00:00","description":"Trabalho em feriados muda a partir de julho; veja o que muda para empresas e empregados - Guaresi &amp; Mill\u00e9o Advogados Associados | Escrit\u00f3rio de Advocacia em Conc\u00f3rdia-SC | 30 Anos de Experi\u00eancia","breadcrumb":{"@id":"https:\/\/www.gm.adv.br\/site\/2025\/03\/25\/trabalho-em-feriados-muda-a-partir-de-julho-veja-o-que-muda-para-empresas-e-empregados\/#breadcrumb"},"inLanguage":"pt-BR","potentialAction":[{"@type":"ReadAction","target":["https:\/\/www.gm.adv.br\/site\/2025\/03\/25\/trabalho-em-feriados-muda-a-partir-de-julho-veja-o-que-muda-para-empresas-e-empregados\/"]}]},{"@type":"ImageObject","inLanguage":"pt-BR","@id":"https:\/\/www.gm.adv.br\/site\/2025\/03\/25\/trabalho-em-feriados-muda-a-partir-de-julho-veja-o-que-muda-para-empresas-e-empregados\/#primaryimage","url":"https:\/\/www.gm.adv.br\/site\/wp-content\/uploads\/2025\/03\/WhatsApp-Image-2025-03-25-at-11.55.34.jpeg","contentUrl":"https:\/\/www.gm.adv.br\/site\/wp-content\/uploads\/2025\/03\/WhatsApp-Image-2025-03-25-at-11.55.34.jpeg","width":1600,"height":900},{"@type":"BreadcrumbList","@id":"https:\/\/www.gm.adv.br\/site\/2025\/03\/25\/trabalho-em-feriados-muda-a-partir-de-julho-veja-o-que-muda-para-empresas-e-empregados\/#breadcrumb","itemListElement":[{"@type":"ListItem","position":1,"name":"In\u00edcio","item":"https:\/\/www.gm.adv.br\/site\/"},{"@type":"ListItem","position":2,"name":"Trabalho em feriados muda a partir de julho; veja o que muda para empresas e empregados"}]},{"@type":"WebSite","@id":"https:\/\/www.gm.adv.br\/site\/#website","url":"https:\/\/www.gm.adv.br\/site\/","name":"Guaresi & Mill\u00e9o Advogados Associados | Escrit\u00f3rio de Advocacia em Conc\u00f3rdia-SC | 30 Anos de Experi\u00eanci","description":"Advocacia Direito Banc\u00e1rio, Tribut\u00e1rio, Trabalhista, C\u00edvil, P\u00fablica, Municipal, Advogados Associados Guaresi e Mill\u00e9o  |  Conc\u00f3rdia SC","publisher":{"@id":"https:\/\/www.gm.adv.br\/site\/#organization"},"alternateName":"Guaresi e Mill\u00e9o Escrit\u00f3rio de Advocacia e Consultoria em Conc\u00f3rdia-SC","potentialAction":[{"@type":"SearchAction","target":{"@type":"EntryPoint","urlTemplate":"https:\/\/www.gm.adv.br\/site\/?s={search_term_string}"},"query-input":{"@type":"PropertyValueSpecification","valueRequired":true,"valueName":"search_term_string"}}],"inLanguage":"pt-BR"},{"@type":"Organization","@id":"https:\/\/www.gm.adv.br\/site\/#organization","name":"Guaresi & Milleo Advogados Associados em Conc\u00f3rdia SC","alternateName":"Guaresi e Milleo Advocacia e Consultoria","url":"https:\/\/www.gm.adv.br\/site\/","logo":{"@type":"ImageObject","inLanguage":"pt-BR","@id":"https:\/\/www.gm.adv.br\/site\/#\/schema\/logo\/image\/","url":"https:\/\/www.gm.adv.br\/site\/wp-content\/uploads\/2025\/07\/cropped-icone-512.webp","contentUrl":"https:\/\/www.gm.adv.br\/site\/wp-content\/uploads\/2025\/07\/cropped-icone-512.webp","width":512,"height":512,"caption":"Guaresi & Milleo Advogados Associados em Conc\u00f3rdia SC"},"image":{"@id":"https:\/\/www.gm.adv.br\/site\/#\/schema\/logo\/image\/"},"sameAs":["https:\/\/www.facebook.com\/GuaresiMilleoAdvogados","https:\/\/www.instagram.com\/guaresiemilleo\/","https:\/\/br.linkedin.com\/company\/guaresimilleo"]},{"@type":"Person","@id":"https:\/\/www.gm.adv.br\/site\/#\/schema\/person\/7d633a2abab0d9b94253af6efc36428f","name":"admin","image":{"@type":"ImageObject","inLanguage":"pt-BR","@id":"https:\/\/secure.gravatar.com\/avatar\/c8bb173d280f7d1e50b67bb649de269247430499695ba3ee451b6289436d1d39?s=96&d=mm&r=g","url":"https:\/\/secure.gravatar.com\/avatar\/c8bb173d280f7d1e50b67bb649de269247430499695ba3ee451b6289436d1d39?s=96&d=mm&r=g","contentUrl":"https:\/\/secure.gravatar.com\/avatar\/c8bb173d280f7d1e50b67bb649de269247430499695ba3ee451b6289436d1d39?s=96&d=mm&r=g","caption":"admin"},"sameAs":["https:\/\/www.gm.adv.br\/site"],"url":"https:\/\/www.gm.adv.br\/site\/author\/admin\/"}]}},"_links":{"self":[{"href":"https:\/\/www.gm.adv.br\/site\/wp-json\/wp\/v2\/posts\/5440","targetHints":{"allow":["GET"]}}],"collection":[{"href":"https:\/\/www.gm.adv.br\/site\/wp-json\/wp\/v2\/posts"}],"about":[{"href":"https:\/\/www.gm.adv.br\/site\/wp-json\/wp\/v2\/types\/post"}],"author":[{"embeddable":true,"href":"https:\/\/www.gm.adv.br\/site\/wp-json\/wp\/v2\/users\/1"}],"replies":[{"embeddable":true,"href":"https:\/\/www.gm.adv.br\/site\/wp-json\/wp\/v2\/comments?post=5440"}],"version-history":[{"count":0,"href":"https:\/\/www.gm.adv.br\/site\/wp-json\/wp\/v2\/posts\/5440\/revisions"}],"wp:featuredmedia":[{"embeddable":true,"href":"https:\/\/www.gm.adv.br\/site\/wp-json\/wp\/v2\/media\/5441"}],"wp:attachment":[{"href":"https:\/\/www.gm.adv.br\/site\/wp-json\/wp\/v2\/media?parent=5440"}],"wp:term":[{"taxonomy":"category","embeddable":true,"href":"https:\/\/www.gm.adv.br\/site\/wp-json\/wp\/v2\/categories?post=5440"},{"taxonomy":"post_tag","embeddable":true,"href":"https:\/\/www.gm.adv.br\/site\/wp-json\/wp\/v2\/tags?post=5440"}],"curies":[{"name":"wp","href":"https:\/\/api.w.org\/{rel}","templated":true}]}}