{"id":5356,"date":"2025-02-19T15:50:38","date_gmt":"2025-02-19T18:50:38","guid":{"rendered":"https:\/\/gm.adv.br\/?p=5356"},"modified":"2025-02-19T15:50:38","modified_gmt":"2025-02-19T18:50:38","slug":"juros-mais-altos-e-desaceleracao-da-economia-podem-piorar-niveis-de-inadimplencia-veja-como-se-preparar","status":"publish","type":"post","link":"https:\/\/www.gm.adv.br\/site\/2025\/02\/19\/juros-mais-altos-e-desaceleracao-da-economia-podem-piorar-niveis-de-inadimplencia-veja-como-se-preparar\/","title":{"rendered":"Juros mais altos e desacelera\u00e7\u00e3o da economia podem piorar n\u00edveis de inadimpl\u00eancia; veja como se preparar"},"content":{"rendered":"<p>A nova alta de juros pelo Comit\u00ea de Pol\u00edtica Monet\u00e1ria (Copom) do Banco Central do Brasil (BC), anunciada na quarta-feira (29), levou a taxa b\u00e1sica do pa\u00eds (Selic) ao maior patamar desde setembro de 2023 \u2013 e agora acende uma luz amarela sobre o endividamento no pa\u00eds.<\/p>\n<p>Segundo especialistas consultados pelo g1, o movimento, somado \u00e0 indica\u00e7\u00e3o de poss\u00edveis novas altas, deve tornar o cr\u00e9dito mais caro e restrito, aumentando a perspectiva de que as taxas de inadimpl\u00eancia podem subir.<\/p>\n<p>Esse cen\u00e1rio ocorre ap\u00f3s um per\u00edodo favor\u00e1vel para a economia. Dados do Instituto Brasileiro de Geografia e Estat\u00edstica (IBGE) mostram que, at\u00e9 os tr\u00eas meses encerrados em setembro de 2024, o pa\u00eds registrou uma sequ\u00eancia de 13 trimestres positivos no Produto Interno Bruto (PIB).<\/p>\n<p>Esse bom desempenho reflete o aumento do consumo das fam\u00edlias, que tem sido impulsionado pelo mercado de trabalho aquecido.<\/p>\n<p>No entanto, segundo Merula Borges, especialista em finan\u00e7as da Confedera\u00e7\u00e3o Nacional de Dirigentes Lojistas (CNDL), esse cen\u00e1rio tende a mudar.<\/p>\n<p>Os juros s\u00e3o uma ferramenta usada pelo Banco Central (BC) para controlar a infla\u00e7\u00e3o. Ou seja, os juros sobem para reduzir o consumo das fam\u00edlias e, consequentemente, diminuir a infla\u00e7\u00e3o \u2013 e vice-versa.<\/p>\n<p>Por isso, especialistas indicam que a \u00faltima alta das taxas anunciada pelo Copom j\u00e1 era amplamente esperada pelo mercado. Al\u00e9m de uma atividade econ\u00f4mica ainda forte, h\u00e1 grande incerteza sobre o futuro das contas p\u00fablicas do pa\u00eds \u2014 outra vari\u00e1vel que influencia as expectativas de infla\u00e7\u00e3o.<\/p>\n<p>Segundo Fernando Lamounier, educador financeiro e s\u00f3cio da Multimarcas Cons\u00f3rcios, a nova alta da Selic pode acabar aumentando o endividamento das fam\u00edlias e comprometendo sua capacidade de pagamento.<\/p>\n<p>Por isso, especialistas indicam que, apesar de a concess\u00e3o de cr\u00e9dito ter crescido nos \u00faltimos meses e da inadimpl\u00eancia n\u00e3o ter aumentado significativamente, a expectativa \u00e9 que este ano seja \u201cmais dif\u00edcil\u201d, com cr\u00e9dito mais caro e restrito para o consumidor final.<\/p>\n<p>\u201cE do lado das institui\u00e7\u00f5es financeiras, quando a taxa b\u00e1sica aumenta, sobram dois caminhos: ou elas emprestam menos, ou emprestam no mesmo n\u00edvel, mas correndo um risco maior de inadimpl\u00eancia\u201d, explica Caio Macedo, vice-presidente de estrat\u00e9gia e marketing da Equifax Boa Vista.<\/p>\n<p>&nbsp;<\/p>\n<p>Fonte: G1<\/p>\n","protected":false},"excerpt":{"rendered":"<p>A nova alta de juros pelo Comit\u00ea de Pol\u00edtica Monet\u00e1ria (Copom) do Banco Central do Brasil (BC), anunciada na quarta-feira (29), levou a taxa b\u00e1sica do pa\u00eds (Selic) ao maior patamar desde setembro de 2023 \u2013 e agora acende uma luz amarela sobre o endividamento no pa\u00eds. Segundo especialistas consultados pelo g1, o movimento, somado [&#8230;]\n","protected":false},"author":1,"featured_media":5357,"comment_status":"closed","ping_status":"closed","sticky":false,"template":"","format":"standard","meta":{"footnotes":""},"categories":[74,73],"tags":[110,124,125,126],"class_list":["post-5356","post","type-post","status-publish","format-standard","has-post-thumbnail","hentry","category-blog","category-artigos","tag-banco-central","tag-economia","tag-inflacao","tag-selic"],"yoast_head":"<!-- This site is optimized with the Yoast SEO plugin v27.5 - https:\/\/yoast.com\/product\/yoast-seo-wordpress\/ -->\n<title>Juros mais altos e desacelera\u00e7\u00e3o da economia podem piorar n\u00edveis de inadimpl\u00eancia; veja como se preparar - Guaresi &amp; Mill\u00e9o Advogados Associados | Escrit\u00f3rio de Advocacia em Conc\u00f3rdia-SC | 30 Anos de Experi\u00eancia<\/title>\n<meta name=\"description\" content=\"Juros mais altos e desacelera\u00e7\u00e3o da economia podem piorar n\u00edveis de inadimpl\u00eancia; veja como se preparar - Guaresi &amp; Mill\u00e9o Advogados Associados | Escrit\u00f3rio de Advocacia em Conc\u00f3rdia-SC | 30 Anos de Experi\u00eancia\" \/>\n<meta name=\"robots\" content=\"index, follow, max-snippet:-1, max-image-preview:large, max-video-preview:-1\" \/>\n<link rel=\"canonical\" href=\"https:\/\/www.gm.adv.br\/site\/2025\/02\/19\/juros-mais-altos-e-desaceleracao-da-economia-podem-piorar-niveis-de-inadimplencia-veja-como-se-preparar\/\" \/>\n<meta property=\"og:locale\" content=\"pt_BR\" \/>\n<meta property=\"og:type\" content=\"article\" \/>\n<meta property=\"og:title\" content=\"Juros mais altos e desacelera\u00e7\u00e3o da economia podem piorar n\u00edveis de inadimpl\u00eancia; veja como se preparar - Guaresi &amp; Mill\u00e9o Advogados Associados | Escrit\u00f3rio de Advocacia em Conc\u00f3rdia-SC | 30 Anos de Experi\u00eancia\" \/>\n<meta property=\"og:description\" content=\"Juros mais altos e desacelera\u00e7\u00e3o da economia podem piorar n\u00edveis de inadimpl\u00eancia; veja como se preparar - Guaresi &amp; Mill\u00e9o Advogados Associados | Escrit\u00f3rio de Advocacia em Conc\u00f3rdia-SC | 30 Anos de Experi\u00eancia\" \/>\n<meta property=\"og:url\" content=\"https:\/\/www.gm.adv.br\/site\/2025\/02\/19\/juros-mais-altos-e-desaceleracao-da-economia-podem-piorar-niveis-de-inadimplencia-veja-como-se-preparar\/\" \/>\n<meta property=\"og:site_name\" content=\"Guaresi &amp; Mill\u00e9o Advogados Associados | Escrit\u00f3rio de Advocacia em Conc\u00f3rdia-SC | 30 Anos de Experi\u00eancia\" \/>\n<meta property=\"article:publisher\" content=\"https:\/\/www.facebook.com\/GuaresiMilleoAdvogados\" \/>\n<meta property=\"article:published_time\" content=\"2025-02-19T18:50:38+00:00\" \/>\n<meta property=\"og:image\" content=\"https:\/\/www.gm.adv.br\/site\/wp-content\/uploads\/2025\/02\/WhatsApp-Image-2025-02-19-at-15.32.36.jpeg\" \/>\n\t<meta property=\"og:image:width\" content=\"1600\" \/>\n\t<meta property=\"og:image:height\" content=\"1200\" \/>\n\t<meta property=\"og:image:type\" content=\"image\/jpeg\" \/>\n<meta name=\"author\" content=\"admin\" \/>\n<meta name=\"twitter:card\" content=\"summary_large_image\" \/>\n<meta name=\"twitter:label1\" content=\"Escrito por\" \/>\n\t<meta name=\"twitter:data1\" content=\"admin\" \/>\n\t<meta name=\"twitter:label2\" content=\"Est. tempo de leitura\" \/>\n\t<meta name=\"twitter:data2\" content=\"3 minutos\" \/>\n<script type=\"application\/ld+json\" class=\"yoast-schema-graph\">{\"@context\":\"https:\\\/\\\/schema.org\",\"@graph\":[{\"@type\":\"Article\",\"@id\":\"https:\\\/\\\/www.gm.adv.br\\\/site\\\/2025\\\/02\\\/19\\\/juros-mais-altos-e-desaceleracao-da-economia-podem-piorar-niveis-de-inadimplencia-veja-como-se-preparar\\\/#article\",\"isPartOf\":{\"@id\":\"https:\\\/\\\/www.gm.adv.br\\\/site\\\/2025\\\/02\\\/19\\\/juros-mais-altos-e-desaceleracao-da-economia-podem-piorar-niveis-de-inadimplencia-veja-como-se-preparar\\\/\"},\"author\":{\"name\":\"admin\",\"@id\":\"https:\\\/\\\/www.gm.adv.br\\\/site\\\/#\\\/schema\\\/person\\\/7d633a2abab0d9b94253af6efc36428f\"},\"headline\":\"Juros mais altos e desacelera\u00e7\u00e3o da economia podem piorar n\u00edveis de inadimpl\u00eancia; veja como se preparar\",\"datePublished\":\"2025-02-19T18:50:38+00:00\",\"mainEntityOfPage\":{\"@id\":\"https:\\\/\\\/www.gm.adv.br\\\/site\\\/2025\\\/02\\\/19\\\/juros-mais-altos-e-desaceleracao-da-economia-podem-piorar-niveis-de-inadimplencia-veja-como-se-preparar\\\/\"},\"wordCount\":412,\"publisher\":{\"@id\":\"https:\\\/\\\/www.gm.adv.br\\\/site\\\/#organization\"},\"image\":{\"@id\":\"https:\\\/\\\/www.gm.adv.br\\\/site\\\/2025\\\/02\\\/19\\\/juros-mais-altos-e-desaceleracao-da-economia-podem-piorar-niveis-de-inadimplencia-veja-como-se-preparar\\\/#primaryimage\"},\"thumbnailUrl\":\"https:\\\/\\\/www.gm.adv.br\\\/site\\\/wp-content\\\/uploads\\\/2025\\\/02\\\/WhatsApp-Image-2025-02-19-at-15.32.36.jpeg\",\"keywords\":[\"banco central\",\"economia\",\"infla\u00e7\u00e3o\",\"selic\"],\"articleSection\":[\"Blog\",\"Noticias\"],\"inLanguage\":\"pt-BR\"},{\"@type\":\"WebPage\",\"@id\":\"https:\\\/\\\/www.gm.adv.br\\\/site\\\/2025\\\/02\\\/19\\\/juros-mais-altos-e-desaceleracao-da-economia-podem-piorar-niveis-de-inadimplencia-veja-como-se-preparar\\\/\",\"url\":\"https:\\\/\\\/www.gm.adv.br\\\/site\\\/2025\\\/02\\\/19\\\/juros-mais-altos-e-desaceleracao-da-economia-podem-piorar-niveis-de-inadimplencia-veja-como-se-preparar\\\/\",\"name\":\"Juros mais altos e desacelera\u00e7\u00e3o da economia podem piorar n\u00edveis de inadimpl\u00eancia; veja como se preparar - Guaresi &amp; Mill\u00e9o Advogados Associados | Escrit\u00f3rio de Advocacia em Conc\u00f3rdia-SC | 30 Anos de Experi\u00eancia\",\"isPartOf\":{\"@id\":\"https:\\\/\\\/www.gm.adv.br\\\/site\\\/#website\"},\"primaryImageOfPage\":{\"@id\":\"https:\\\/\\\/www.gm.adv.br\\\/site\\\/2025\\\/02\\\/19\\\/juros-mais-altos-e-desaceleracao-da-economia-podem-piorar-niveis-de-inadimplencia-veja-como-se-preparar\\\/#primaryimage\"},\"image\":{\"@id\":\"https:\\\/\\\/www.gm.adv.br\\\/site\\\/2025\\\/02\\\/19\\\/juros-mais-altos-e-desaceleracao-da-economia-podem-piorar-niveis-de-inadimplencia-veja-como-se-preparar\\\/#primaryimage\"},\"thumbnailUrl\":\"https:\\\/\\\/www.gm.adv.br\\\/site\\\/wp-content\\\/uploads\\\/2025\\\/02\\\/WhatsApp-Image-2025-02-19-at-15.32.36.jpeg\",\"datePublished\":\"2025-02-19T18:50:38+00:00\",\"description\":\"Juros mais altos e desacelera\u00e7\u00e3o da economia podem piorar n\u00edveis de inadimpl\u00eancia; veja como se preparar - Guaresi &amp; Mill\u00e9o Advogados Associados | Escrit\u00f3rio de Advocacia em Conc\u00f3rdia-SC | 30 Anos de Experi\u00eancia\",\"breadcrumb\":{\"@id\":\"https:\\\/\\\/www.gm.adv.br\\\/site\\\/2025\\\/02\\\/19\\\/juros-mais-altos-e-desaceleracao-da-economia-podem-piorar-niveis-de-inadimplencia-veja-como-se-preparar\\\/#breadcrumb\"},\"inLanguage\":\"pt-BR\",\"potentialAction\":[{\"@type\":\"ReadAction\",\"target\":[\"https:\\\/\\\/www.gm.adv.br\\\/site\\\/2025\\\/02\\\/19\\\/juros-mais-altos-e-desaceleracao-da-economia-podem-piorar-niveis-de-inadimplencia-veja-como-se-preparar\\\/\"]}]},{\"@type\":\"ImageObject\",\"inLanguage\":\"pt-BR\",\"@id\":\"https:\\\/\\\/www.gm.adv.br\\\/site\\\/2025\\\/02\\\/19\\\/juros-mais-altos-e-desaceleracao-da-economia-podem-piorar-niveis-de-inadimplencia-veja-como-se-preparar\\\/#primaryimage\",\"url\":\"https:\\\/\\\/www.gm.adv.br\\\/site\\\/wp-content\\\/uploads\\\/2025\\\/02\\\/WhatsApp-Image-2025-02-19-at-15.32.36.jpeg\",\"contentUrl\":\"https:\\\/\\\/www.gm.adv.br\\\/site\\\/wp-content\\\/uploads\\\/2025\\\/02\\\/WhatsApp-Image-2025-02-19-at-15.32.36.jpeg\",\"width\":1600,\"height\":1200},{\"@type\":\"BreadcrumbList\",\"@id\":\"https:\\\/\\\/www.gm.adv.br\\\/site\\\/2025\\\/02\\\/19\\\/juros-mais-altos-e-desaceleracao-da-economia-podem-piorar-niveis-de-inadimplencia-veja-como-se-preparar\\\/#breadcrumb\",\"itemListElement\":[{\"@type\":\"ListItem\",\"position\":1,\"name\":\"In\u00edcio\",\"item\":\"https:\\\/\\\/www.gm.adv.br\\\/site\\\/\"},{\"@type\":\"ListItem\",\"position\":2,\"name\":\"Juros mais altos e desacelera\u00e7\u00e3o da economia podem piorar n\u00edveis de inadimpl\u00eancia; veja como se preparar\"}]},{\"@type\":\"WebSite\",\"@id\":\"https:\\\/\\\/www.gm.adv.br\\\/site\\\/#website\",\"url\":\"https:\\\/\\\/www.gm.adv.br\\\/site\\\/\",\"name\":\"Guaresi & Mill\u00e9o Advogados Associados | Escrit\u00f3rio de Advocacia em Conc\u00f3rdia-SC | 30 Anos de Experi\u00eanci\",\"description\":\"Advocacia Direito Banc\u00e1rio, Tribut\u00e1rio, Trabalhista, C\u00edvil, P\u00fablica, Municipal, Advogados Associados Guaresi e Mill\u00e9o  |  Conc\u00f3rdia SC\",\"publisher\":{\"@id\":\"https:\\\/\\\/www.gm.adv.br\\\/site\\\/#organization\"},\"alternateName\":\"Guaresi e Mill\u00e9o Escrit\u00f3rio de Advocacia e Consultoria em Conc\u00f3rdia-SC\",\"potentialAction\":[{\"@type\":\"SearchAction\",\"target\":{\"@type\":\"EntryPoint\",\"urlTemplate\":\"https:\\\/\\\/www.gm.adv.br\\\/site\\\/?s={search_term_string}\"},\"query-input\":{\"@type\":\"PropertyValueSpecification\",\"valueRequired\":true,\"valueName\":\"search_term_string\"}}],\"inLanguage\":\"pt-BR\"},{\"@type\":\"Organization\",\"@id\":\"https:\\\/\\\/www.gm.adv.br\\\/site\\\/#organization\",\"name\":\"Guaresi & Milleo Advogados Associados em Conc\u00f3rdia SC\",\"alternateName\":\"Guaresi e Milleo Advocacia e Consultoria\",\"url\":\"https:\\\/\\\/www.gm.adv.br\\\/site\\\/\",\"logo\":{\"@type\":\"ImageObject\",\"inLanguage\":\"pt-BR\",\"@id\":\"https:\\\/\\\/www.gm.adv.br\\\/site\\\/#\\\/schema\\\/logo\\\/image\\\/\",\"url\":\"https:\\\/\\\/www.gm.adv.br\\\/site\\\/wp-content\\\/uploads\\\/2025\\\/07\\\/cropped-icone-512.webp\",\"contentUrl\":\"https:\\\/\\\/www.gm.adv.br\\\/site\\\/wp-content\\\/uploads\\\/2025\\\/07\\\/cropped-icone-512.webp\",\"width\":512,\"height\":512,\"caption\":\"Guaresi & Milleo Advogados Associados em Conc\u00f3rdia SC\"},\"image\":{\"@id\":\"https:\\\/\\\/www.gm.adv.br\\\/site\\\/#\\\/schema\\\/logo\\\/image\\\/\"},\"sameAs\":[\"https:\\\/\\\/www.facebook.com\\\/GuaresiMilleoAdvogados\",\"https:\\\/\\\/www.instagram.com\\\/guaresiemilleo\\\/\",\"https:\\\/\\\/br.linkedin.com\\\/company\\\/guaresimilleo\"]},{\"@type\":\"Person\",\"@id\":\"https:\\\/\\\/www.gm.adv.br\\\/site\\\/#\\\/schema\\\/person\\\/7d633a2abab0d9b94253af6efc36428f\",\"name\":\"admin\",\"image\":{\"@type\":\"ImageObject\",\"inLanguage\":\"pt-BR\",\"@id\":\"https:\\\/\\\/secure.gravatar.com\\\/avatar\\\/c8bb173d280f7d1e50b67bb649de269247430499695ba3ee451b6289436d1d39?s=96&d=mm&r=g\",\"url\":\"https:\\\/\\\/secure.gravatar.com\\\/avatar\\\/c8bb173d280f7d1e50b67bb649de269247430499695ba3ee451b6289436d1d39?s=96&d=mm&r=g\",\"contentUrl\":\"https:\\\/\\\/secure.gravatar.com\\\/avatar\\\/c8bb173d280f7d1e50b67bb649de269247430499695ba3ee451b6289436d1d39?s=96&d=mm&r=g\",\"caption\":\"admin\"},\"sameAs\":[\"https:\\\/\\\/www.gm.adv.br\\\/site\"],\"url\":\"https:\\\/\\\/www.gm.adv.br\\\/site\\\/author\\\/admin\\\/\"}]}<\/script>\n<!-- \/ Yoast SEO plugin. -->","yoast_head_json":{"title":"Juros mais altos e desacelera\u00e7\u00e3o da economia podem piorar n\u00edveis de inadimpl\u00eancia; veja como se preparar - Guaresi &amp; Mill\u00e9o Advogados Associados | Escrit\u00f3rio de Advocacia em Conc\u00f3rdia-SC | 30 Anos de Experi\u00eancia","description":"Juros mais altos e desacelera\u00e7\u00e3o da economia podem piorar n\u00edveis de inadimpl\u00eancia; veja como se preparar - Guaresi &amp; Mill\u00e9o Advogados Associados | Escrit\u00f3rio de Advocacia em Conc\u00f3rdia-SC | 30 Anos de Experi\u00eancia","robots":{"index":"index","follow":"follow","max-snippet":"max-snippet:-1","max-image-preview":"max-image-preview:large","max-video-preview":"max-video-preview:-1"},"canonical":"https:\/\/www.gm.adv.br\/site\/2025\/02\/19\/juros-mais-altos-e-desaceleracao-da-economia-podem-piorar-niveis-de-inadimplencia-veja-como-se-preparar\/","og_locale":"pt_BR","og_type":"article","og_title":"Juros mais altos e desacelera\u00e7\u00e3o da economia podem piorar n\u00edveis de inadimpl\u00eancia; veja como se preparar - Guaresi &amp; Mill\u00e9o Advogados Associados | Escrit\u00f3rio de Advocacia em Conc\u00f3rdia-SC | 30 Anos de Experi\u00eancia","og_description":"Juros mais altos e desacelera\u00e7\u00e3o da economia podem piorar n\u00edveis de inadimpl\u00eancia; veja como se preparar - Guaresi &amp; Mill\u00e9o Advogados Associados | Escrit\u00f3rio de Advocacia em Conc\u00f3rdia-SC | 30 Anos de Experi\u00eancia","og_url":"https:\/\/www.gm.adv.br\/site\/2025\/02\/19\/juros-mais-altos-e-desaceleracao-da-economia-podem-piorar-niveis-de-inadimplencia-veja-como-se-preparar\/","og_site_name":"Guaresi &amp; Mill\u00e9o Advogados Associados | Escrit\u00f3rio de Advocacia em Conc\u00f3rdia-SC | 30 Anos de Experi\u00eancia","article_publisher":"https:\/\/www.facebook.com\/GuaresiMilleoAdvogados","article_published_time":"2025-02-19T18:50:38+00:00","og_image":[{"width":1600,"height":1200,"url":"https:\/\/www.gm.adv.br\/site\/wp-content\/uploads\/2025\/02\/WhatsApp-Image-2025-02-19-at-15.32.36.jpeg","type":"image\/jpeg"}],"author":"admin","twitter_card":"summary_large_image","twitter_misc":{"Escrito por":"admin","Est. tempo de leitura":"3 minutos"},"schema":{"@context":"https:\/\/schema.org","@graph":[{"@type":"Article","@id":"https:\/\/www.gm.adv.br\/site\/2025\/02\/19\/juros-mais-altos-e-desaceleracao-da-economia-podem-piorar-niveis-de-inadimplencia-veja-como-se-preparar\/#article","isPartOf":{"@id":"https:\/\/www.gm.adv.br\/site\/2025\/02\/19\/juros-mais-altos-e-desaceleracao-da-economia-podem-piorar-niveis-de-inadimplencia-veja-como-se-preparar\/"},"author":{"name":"admin","@id":"https:\/\/www.gm.adv.br\/site\/#\/schema\/person\/7d633a2abab0d9b94253af6efc36428f"},"headline":"Juros mais altos e desacelera\u00e7\u00e3o da economia podem piorar n\u00edveis de inadimpl\u00eancia; veja como se preparar","datePublished":"2025-02-19T18:50:38+00:00","mainEntityOfPage":{"@id":"https:\/\/www.gm.adv.br\/site\/2025\/02\/19\/juros-mais-altos-e-desaceleracao-da-economia-podem-piorar-niveis-de-inadimplencia-veja-como-se-preparar\/"},"wordCount":412,"publisher":{"@id":"https:\/\/www.gm.adv.br\/site\/#organization"},"image":{"@id":"https:\/\/www.gm.adv.br\/site\/2025\/02\/19\/juros-mais-altos-e-desaceleracao-da-economia-podem-piorar-niveis-de-inadimplencia-veja-como-se-preparar\/#primaryimage"},"thumbnailUrl":"https:\/\/www.gm.adv.br\/site\/wp-content\/uploads\/2025\/02\/WhatsApp-Image-2025-02-19-at-15.32.36.jpeg","keywords":["banco central","economia","infla\u00e7\u00e3o","selic"],"articleSection":["Blog","Noticias"],"inLanguage":"pt-BR"},{"@type":"WebPage","@id":"https:\/\/www.gm.adv.br\/site\/2025\/02\/19\/juros-mais-altos-e-desaceleracao-da-economia-podem-piorar-niveis-de-inadimplencia-veja-como-se-preparar\/","url":"https:\/\/www.gm.adv.br\/site\/2025\/02\/19\/juros-mais-altos-e-desaceleracao-da-economia-podem-piorar-niveis-de-inadimplencia-veja-como-se-preparar\/","name":"Juros mais altos e desacelera\u00e7\u00e3o da economia podem piorar n\u00edveis de inadimpl\u00eancia; veja como se preparar - Guaresi &amp; Mill\u00e9o Advogados Associados | Escrit\u00f3rio de Advocacia em Conc\u00f3rdia-SC | 30 Anos de Experi\u00eancia","isPartOf":{"@id":"https:\/\/www.gm.adv.br\/site\/#website"},"primaryImageOfPage":{"@id":"https:\/\/www.gm.adv.br\/site\/2025\/02\/19\/juros-mais-altos-e-desaceleracao-da-economia-podem-piorar-niveis-de-inadimplencia-veja-como-se-preparar\/#primaryimage"},"image":{"@id":"https:\/\/www.gm.adv.br\/site\/2025\/02\/19\/juros-mais-altos-e-desaceleracao-da-economia-podem-piorar-niveis-de-inadimplencia-veja-como-se-preparar\/#primaryimage"},"thumbnailUrl":"https:\/\/www.gm.adv.br\/site\/wp-content\/uploads\/2025\/02\/WhatsApp-Image-2025-02-19-at-15.32.36.jpeg","datePublished":"2025-02-19T18:50:38+00:00","description":"Juros mais altos e desacelera\u00e7\u00e3o da economia podem piorar n\u00edveis de inadimpl\u00eancia; veja como se preparar - Guaresi &amp; Mill\u00e9o Advogados Associados | Escrit\u00f3rio de Advocacia em Conc\u00f3rdia-SC | 30 Anos de Experi\u00eancia","breadcrumb":{"@id":"https:\/\/www.gm.adv.br\/site\/2025\/02\/19\/juros-mais-altos-e-desaceleracao-da-economia-podem-piorar-niveis-de-inadimplencia-veja-como-se-preparar\/#breadcrumb"},"inLanguage":"pt-BR","potentialAction":[{"@type":"ReadAction","target":["https:\/\/www.gm.adv.br\/site\/2025\/02\/19\/juros-mais-altos-e-desaceleracao-da-economia-podem-piorar-niveis-de-inadimplencia-veja-como-se-preparar\/"]}]},{"@type":"ImageObject","inLanguage":"pt-BR","@id":"https:\/\/www.gm.adv.br\/site\/2025\/02\/19\/juros-mais-altos-e-desaceleracao-da-economia-podem-piorar-niveis-de-inadimplencia-veja-como-se-preparar\/#primaryimage","url":"https:\/\/www.gm.adv.br\/site\/wp-content\/uploads\/2025\/02\/WhatsApp-Image-2025-02-19-at-15.32.36.jpeg","contentUrl":"https:\/\/www.gm.adv.br\/site\/wp-content\/uploads\/2025\/02\/WhatsApp-Image-2025-02-19-at-15.32.36.jpeg","width":1600,"height":1200},{"@type":"BreadcrumbList","@id":"https:\/\/www.gm.adv.br\/site\/2025\/02\/19\/juros-mais-altos-e-desaceleracao-da-economia-podem-piorar-niveis-de-inadimplencia-veja-como-se-preparar\/#breadcrumb","itemListElement":[{"@type":"ListItem","position":1,"name":"In\u00edcio","item":"https:\/\/www.gm.adv.br\/site\/"},{"@type":"ListItem","position":2,"name":"Juros mais altos e desacelera\u00e7\u00e3o da economia podem piorar n\u00edveis de inadimpl\u00eancia; veja como se preparar"}]},{"@type":"WebSite","@id":"https:\/\/www.gm.adv.br\/site\/#website","url":"https:\/\/www.gm.adv.br\/site\/","name":"Guaresi & Mill\u00e9o Advogados Associados | Escrit\u00f3rio de Advocacia em Conc\u00f3rdia-SC | 30 Anos de Experi\u00eanci","description":"Advocacia Direito Banc\u00e1rio, Tribut\u00e1rio, Trabalhista, C\u00edvil, P\u00fablica, Municipal, Advogados Associados Guaresi e Mill\u00e9o  |  Conc\u00f3rdia SC","publisher":{"@id":"https:\/\/www.gm.adv.br\/site\/#organization"},"alternateName":"Guaresi e Mill\u00e9o Escrit\u00f3rio de Advocacia e Consultoria em Conc\u00f3rdia-SC","potentialAction":[{"@type":"SearchAction","target":{"@type":"EntryPoint","urlTemplate":"https:\/\/www.gm.adv.br\/site\/?s={search_term_string}"},"query-input":{"@type":"PropertyValueSpecification","valueRequired":true,"valueName":"search_term_string"}}],"inLanguage":"pt-BR"},{"@type":"Organization","@id":"https:\/\/www.gm.adv.br\/site\/#organization","name":"Guaresi & Milleo Advogados Associados em Conc\u00f3rdia SC","alternateName":"Guaresi e Milleo Advocacia e Consultoria","url":"https:\/\/www.gm.adv.br\/site\/","logo":{"@type":"ImageObject","inLanguage":"pt-BR","@id":"https:\/\/www.gm.adv.br\/site\/#\/schema\/logo\/image\/","url":"https:\/\/www.gm.adv.br\/site\/wp-content\/uploads\/2025\/07\/cropped-icone-512.webp","contentUrl":"https:\/\/www.gm.adv.br\/site\/wp-content\/uploads\/2025\/07\/cropped-icone-512.webp","width":512,"height":512,"caption":"Guaresi & Milleo Advogados Associados em Conc\u00f3rdia SC"},"image":{"@id":"https:\/\/www.gm.adv.br\/site\/#\/schema\/logo\/image\/"},"sameAs":["https:\/\/www.facebook.com\/GuaresiMilleoAdvogados","https:\/\/www.instagram.com\/guaresiemilleo\/","https:\/\/br.linkedin.com\/company\/guaresimilleo"]},{"@type":"Person","@id":"https:\/\/www.gm.adv.br\/site\/#\/schema\/person\/7d633a2abab0d9b94253af6efc36428f","name":"admin","image":{"@type":"ImageObject","inLanguage":"pt-BR","@id":"https:\/\/secure.gravatar.com\/avatar\/c8bb173d280f7d1e50b67bb649de269247430499695ba3ee451b6289436d1d39?s=96&d=mm&r=g","url":"https:\/\/secure.gravatar.com\/avatar\/c8bb173d280f7d1e50b67bb649de269247430499695ba3ee451b6289436d1d39?s=96&d=mm&r=g","contentUrl":"https:\/\/secure.gravatar.com\/avatar\/c8bb173d280f7d1e50b67bb649de269247430499695ba3ee451b6289436d1d39?s=96&d=mm&r=g","caption":"admin"},"sameAs":["https:\/\/www.gm.adv.br\/site"],"url":"https:\/\/www.gm.adv.br\/site\/author\/admin\/"}]}},"_links":{"self":[{"href":"https:\/\/www.gm.adv.br\/site\/wp-json\/wp\/v2\/posts\/5356","targetHints":{"allow":["GET"]}}],"collection":[{"href":"https:\/\/www.gm.adv.br\/site\/wp-json\/wp\/v2\/posts"}],"about":[{"href":"https:\/\/www.gm.adv.br\/site\/wp-json\/wp\/v2\/types\/post"}],"author":[{"embeddable":true,"href":"https:\/\/www.gm.adv.br\/site\/wp-json\/wp\/v2\/users\/1"}],"replies":[{"embeddable":true,"href":"https:\/\/www.gm.adv.br\/site\/wp-json\/wp\/v2\/comments?post=5356"}],"version-history":[{"count":0,"href":"https:\/\/www.gm.adv.br\/site\/wp-json\/wp\/v2\/posts\/5356\/revisions"}],"wp:featuredmedia":[{"embeddable":true,"href":"https:\/\/www.gm.adv.br\/site\/wp-json\/wp\/v2\/media\/5357"}],"wp:attachment":[{"href":"https:\/\/www.gm.adv.br\/site\/wp-json\/wp\/v2\/media?parent=5356"}],"wp:term":[{"taxonomy":"category","embeddable":true,"href":"https:\/\/www.gm.adv.br\/site\/wp-json\/wp\/v2\/categories?post=5356"},{"taxonomy":"post_tag","embeddable":true,"href":"https:\/\/www.gm.adv.br\/site\/wp-json\/wp\/v2\/tags?post=5356"}],"curies":[{"name":"wp","href":"https:\/\/api.w.org\/{rel}","templated":true}]}}