{"id":5348,"date":"2025-02-19T15:38:19","date_gmt":"2025-02-19T18:38:19","guid":{"rendered":"https:\/\/gm.adv.br\/?p=5348"},"modified":"2025-02-19T15:38:19","modified_gmt":"2025-02-19T18:38:19","slug":"radar-trabalhista-2025-o-que-esperar-e-como-as-empresas-podem-se-preparar","status":"publish","type":"post","link":"https:\/\/www.gm.adv.br\/site\/2025\/02\/19\/radar-trabalhista-2025-o-que-esperar-e-como-as-empresas-podem-se-preparar\/","title":{"rendered":"Radar Trabalhista 2025: O que esperar e como as empresas podem se preparar"},"content":{"rendered":"<p>A chegada de 2025 traz uma s\u00e9rie de mudan\u00e7as no cen\u00e1rio trabalhista que prometem impactar profundamente as rela\u00e7\u00f5es de trabalho no Brasil. Novas propostas legislativas, altera\u00e7\u00f5es em normas regulamentadoras e debates sobre temas emergentes, como sa\u00fade do trabalhador e inclus\u00e3o, colocam as empresas em posi\u00e7\u00e3o de adapta\u00e7\u00e3o cont\u00ednua.<\/p>\n<p>Essas mudan\u00e7as, que abrangem desde novas regras para flexibiliza\u00e7\u00e3o de jornadas at\u00e9 a expans\u00e3o de benef\u00edcios obrigat\u00f3rios e maior aten\u00e7\u00e3o \u00e0 sa\u00fade mental no ambiente de trabalho, exigem que empregadores estejam atentos para mitigar riscos e, ao mesmo tempo, encontrar oportunidades estrat\u00e9gicas. Mas, diante de um cen\u00e1rio t\u00e3o din\u00e2mico, como as empresas podem se preparar para essas mudan\u00e7as e garantir conformidade?<\/p>\n<p>E quais as principais tend\u00eancias previstas para 2025? Vale destacar medidas pr\u00e1ticas que podem ser adotadas para navegar esse per\u00edodo de transforma\u00e7\u00f5es com seguran\u00e7a jur\u00eddica e efici\u00eancia operacional.<\/p>\n<p>Para saber mais sobre essa e outras not\u00edcias relacionadas \u00e0 \u00e1rea trabalhista, al\u00e9m de uma sele\u00e7\u00e3o de decis\u00f5es publicadas por Tribunais Superiores, Executivo, Minist\u00e9rio P\u00fablico do Trabalho e Sindicato Nacional dos Auditores Fiscais do Trabalho, acesse o Radar Trabalhista n\u00ba 391\/2025 da C\u00e2mara Brasileira da Ind\u00fastria da Constru\u00e7\u00e3o (CBIC) de 20\/01 \u00e0 24\/01\/2025.<\/p>\n<p>Fonte: CBIC<\/p>\n","protected":false},"excerpt":{"rendered":"<p>A chegada de 2025 traz uma s\u00e9rie de mudan\u00e7as no cen\u00e1rio trabalhista que prometem impactar profundamente as rela\u00e7\u00f5es de trabalho no Brasil. Novas propostas legislativas, altera\u00e7\u00f5es em normas regulamentadoras e debates sobre temas emergentes, como sa\u00fade do trabalhador e inclus\u00e3o, colocam as empresas em posi\u00e7\u00e3o de adapta\u00e7\u00e3o cont\u00ednua. Essas mudan\u00e7as, que abrangem desde novas regras [&#8230;]\n","protected":false},"author":1,"featured_media":5352,"comment_status":"closed","ping_status":"closed","sticky":false,"template":"","format":"standard","meta":{"footnotes":""},"categories":[74,68,73],"tags":[121],"class_list":["post-5348","post","type-post","status-publish","format-standard","has-post-thumbnail","hentry","category-blog","category-direito-do-trabalho","category-artigos","tag-trabalhista-direitotrabalhista"],"yoast_head":"<!-- This site is optimized with the Yoast SEO plugin v27.5 - https:\/\/yoast.com\/product\/yoast-seo-wordpress\/ -->\n<title>Radar Trabalhista 2025: O que esperar e como as empresas podem se preparar - Guaresi &amp; Mill\u00e9o Advogados Associados | Escrit\u00f3rio de Advocacia em Conc\u00f3rdia-SC | 30 Anos de Experi\u00eancia<\/title>\n<meta name=\"description\" content=\"Radar Trabalhista 2025: O que esperar e como as empresas podem se preparar - Guaresi &amp; Mill\u00e9o Advogados Associados | Escrit\u00f3rio de Advocacia em Conc\u00f3rdia-SC | 30 Anos de Experi\u00eancia\" \/>\n<meta name=\"robots\" content=\"index, follow, max-snippet:-1, max-image-preview:large, max-video-preview:-1\" \/>\n<link rel=\"canonical\" href=\"https:\/\/www.gm.adv.br\/site\/2025\/02\/19\/radar-trabalhista-2025-o-que-esperar-e-como-as-empresas-podem-se-preparar\/\" \/>\n<meta property=\"og:locale\" content=\"pt_BR\" \/>\n<meta property=\"og:type\" content=\"article\" \/>\n<meta property=\"og:title\" content=\"Radar Trabalhista 2025: O que esperar e como as empresas podem se preparar - Guaresi &amp; Mill\u00e9o Advogados Associados | Escrit\u00f3rio de Advocacia em Conc\u00f3rdia-SC | 30 Anos de Experi\u00eancia\" \/>\n<meta property=\"og:description\" content=\"Radar Trabalhista 2025: O que esperar e como as empresas podem se preparar - Guaresi &amp; Mill\u00e9o Advogados Associados | Escrit\u00f3rio de Advocacia em Conc\u00f3rdia-SC | 30 Anos de Experi\u00eancia\" \/>\n<meta property=\"og:url\" content=\"https:\/\/www.gm.adv.br\/site\/2025\/02\/19\/radar-trabalhista-2025-o-que-esperar-e-como-as-empresas-podem-se-preparar\/\" \/>\n<meta property=\"og:site_name\" content=\"Guaresi &amp; Mill\u00e9o Advogados Associados | Escrit\u00f3rio de Advocacia em Conc\u00f3rdia-SC | 30 Anos de Experi\u00eancia\" \/>\n<meta property=\"article:publisher\" content=\"https:\/\/www.facebook.com\/GuaresiMilleoAdvogados\" \/>\n<meta property=\"article:published_time\" content=\"2025-02-19T18:38:19+00:00\" \/>\n<meta property=\"og:image\" content=\"https:\/\/www.gm.adv.br\/site\/wp-content\/uploads\/2025\/02\/WhatsApp-Image-2025-02-19-at-15.40.55.jpeg\" \/>\n\t<meta property=\"og:image:width\" content=\"1280\" \/>\n\t<meta property=\"og:image:height\" content=\"717\" \/>\n\t<meta property=\"og:image:type\" content=\"image\/jpeg\" \/>\n<meta name=\"author\" content=\"admin\" \/>\n<meta name=\"twitter:card\" content=\"summary_large_image\" \/>\n<meta name=\"twitter:label1\" content=\"Escrito por\" \/>\n\t<meta name=\"twitter:data1\" content=\"admin\" \/>\n\t<meta name=\"twitter:label2\" content=\"Est. tempo de leitura\" \/>\n\t<meta name=\"twitter:data2\" content=\"2 minutos\" \/>\n<script type=\"application\/ld+json\" class=\"yoast-schema-graph\">{\"@context\":\"https:\\\/\\\/schema.org\",\"@graph\":[{\"@type\":\"Article\",\"@id\":\"https:\\\/\\\/www.gm.adv.br\\\/site\\\/2025\\\/02\\\/19\\\/radar-trabalhista-2025-o-que-esperar-e-como-as-empresas-podem-se-preparar\\\/#article\",\"isPartOf\":{\"@id\":\"https:\\\/\\\/www.gm.adv.br\\\/site\\\/2025\\\/02\\\/19\\\/radar-trabalhista-2025-o-que-esperar-e-como-as-empresas-podem-se-preparar\\\/\"},\"author\":{\"name\":\"admin\",\"@id\":\"https:\\\/\\\/www.gm.adv.br\\\/site\\\/#\\\/schema\\\/person\\\/7d633a2abab0d9b94253af6efc36428f\"},\"headline\":\"Radar Trabalhista 2025: O que esperar e como as empresas podem se preparar\",\"datePublished\":\"2025-02-19T18:38:19+00:00\",\"mainEntityOfPage\":{\"@id\":\"https:\\\/\\\/www.gm.adv.br\\\/site\\\/2025\\\/02\\\/19\\\/radar-trabalhista-2025-o-que-esperar-e-como-as-empresas-podem-se-preparar\\\/\"},\"wordCount\":234,\"publisher\":{\"@id\":\"https:\\\/\\\/www.gm.adv.br\\\/site\\\/#organization\"},\"image\":{\"@id\":\"https:\\\/\\\/www.gm.adv.br\\\/site\\\/2025\\\/02\\\/19\\\/radar-trabalhista-2025-o-que-esperar-e-como-as-empresas-podem-se-preparar\\\/#primaryimage\"},\"thumbnailUrl\":\"https:\\\/\\\/www.gm.adv.br\\\/site\\\/wp-content\\\/uploads\\\/2025\\\/02\\\/WhatsApp-Image-2025-02-19-at-15.40.55.jpeg\",\"keywords\":[\"#trabalhista #direitotrabalhista\"],\"articleSection\":[\"Blog\",\"Direito do Trabalho\",\"Noticias\"],\"inLanguage\":\"pt-BR\"},{\"@type\":\"WebPage\",\"@id\":\"https:\\\/\\\/www.gm.adv.br\\\/site\\\/2025\\\/02\\\/19\\\/radar-trabalhista-2025-o-que-esperar-e-como-as-empresas-podem-se-preparar\\\/\",\"url\":\"https:\\\/\\\/www.gm.adv.br\\\/site\\\/2025\\\/02\\\/19\\\/radar-trabalhista-2025-o-que-esperar-e-como-as-empresas-podem-se-preparar\\\/\",\"name\":\"Radar Trabalhista 2025: O que esperar e como as empresas podem se preparar - Guaresi &amp; Mill\u00e9o Advogados Associados | Escrit\u00f3rio de Advocacia em Conc\u00f3rdia-SC | 30 Anos de Experi\u00eancia\",\"isPartOf\":{\"@id\":\"https:\\\/\\\/www.gm.adv.br\\\/site\\\/#website\"},\"primaryImageOfPage\":{\"@id\":\"https:\\\/\\\/www.gm.adv.br\\\/site\\\/2025\\\/02\\\/19\\\/radar-trabalhista-2025-o-que-esperar-e-como-as-empresas-podem-se-preparar\\\/#primaryimage\"},\"image\":{\"@id\":\"https:\\\/\\\/www.gm.adv.br\\\/site\\\/2025\\\/02\\\/19\\\/radar-trabalhista-2025-o-que-esperar-e-como-as-empresas-podem-se-preparar\\\/#primaryimage\"},\"thumbnailUrl\":\"https:\\\/\\\/www.gm.adv.br\\\/site\\\/wp-content\\\/uploads\\\/2025\\\/02\\\/WhatsApp-Image-2025-02-19-at-15.40.55.jpeg\",\"datePublished\":\"2025-02-19T18:38:19+00:00\",\"description\":\"Radar Trabalhista 2025: O que esperar e como as empresas podem se preparar - Guaresi &amp; Mill\u00e9o Advogados Associados | Escrit\u00f3rio de Advocacia em Conc\u00f3rdia-SC | 30 Anos de Experi\u00eancia\",\"breadcrumb\":{\"@id\":\"https:\\\/\\\/www.gm.adv.br\\\/site\\\/2025\\\/02\\\/19\\\/radar-trabalhista-2025-o-que-esperar-e-como-as-empresas-podem-se-preparar\\\/#breadcrumb\"},\"inLanguage\":\"pt-BR\",\"potentialAction\":[{\"@type\":\"ReadAction\",\"target\":[\"https:\\\/\\\/www.gm.adv.br\\\/site\\\/2025\\\/02\\\/19\\\/radar-trabalhista-2025-o-que-esperar-e-como-as-empresas-podem-se-preparar\\\/\"]}]},{\"@type\":\"ImageObject\",\"inLanguage\":\"pt-BR\",\"@id\":\"https:\\\/\\\/www.gm.adv.br\\\/site\\\/2025\\\/02\\\/19\\\/radar-trabalhista-2025-o-que-esperar-e-como-as-empresas-podem-se-preparar\\\/#primaryimage\",\"url\":\"https:\\\/\\\/www.gm.adv.br\\\/site\\\/wp-content\\\/uploads\\\/2025\\\/02\\\/WhatsApp-Image-2025-02-19-at-15.40.55.jpeg\",\"contentUrl\":\"https:\\\/\\\/www.gm.adv.br\\\/site\\\/wp-content\\\/uploads\\\/2025\\\/02\\\/WhatsApp-Image-2025-02-19-at-15.40.55.jpeg\",\"width\":1280,\"height\":717},{\"@type\":\"BreadcrumbList\",\"@id\":\"https:\\\/\\\/www.gm.adv.br\\\/site\\\/2025\\\/02\\\/19\\\/radar-trabalhista-2025-o-que-esperar-e-como-as-empresas-podem-se-preparar\\\/#breadcrumb\",\"itemListElement\":[{\"@type\":\"ListItem\",\"position\":1,\"name\":\"In\u00edcio\",\"item\":\"https:\\\/\\\/www.gm.adv.br\\\/site\\\/\"},{\"@type\":\"ListItem\",\"position\":2,\"name\":\"Radar Trabalhista 2025: O que esperar e como as empresas podem se preparar\"}]},{\"@type\":\"WebSite\",\"@id\":\"https:\\\/\\\/www.gm.adv.br\\\/site\\\/#website\",\"url\":\"https:\\\/\\\/www.gm.adv.br\\\/site\\\/\",\"name\":\"Guaresi & Mill\u00e9o Advogados Associados | Escrit\u00f3rio de Advocacia em Conc\u00f3rdia-SC | 30 Anos de Experi\u00eanci\",\"description\":\"Advocacia Direito Banc\u00e1rio, Tribut\u00e1rio, Trabalhista, C\u00edvil, P\u00fablica, Municipal, Advogados Associados Guaresi e Mill\u00e9o  |  Conc\u00f3rdia SC\",\"publisher\":{\"@id\":\"https:\\\/\\\/www.gm.adv.br\\\/site\\\/#organization\"},\"alternateName\":\"Guaresi e Mill\u00e9o Escrit\u00f3rio de Advocacia e Consultoria em Conc\u00f3rdia-SC\",\"potentialAction\":[{\"@type\":\"SearchAction\",\"target\":{\"@type\":\"EntryPoint\",\"urlTemplate\":\"https:\\\/\\\/www.gm.adv.br\\\/site\\\/?s={search_term_string}\"},\"query-input\":{\"@type\":\"PropertyValueSpecification\",\"valueRequired\":true,\"valueName\":\"search_term_string\"}}],\"inLanguage\":\"pt-BR\"},{\"@type\":\"Organization\",\"@id\":\"https:\\\/\\\/www.gm.adv.br\\\/site\\\/#organization\",\"name\":\"Guaresi & Milleo Advogados Associados em Conc\u00f3rdia SC\",\"alternateName\":\"Guaresi e Milleo Advocacia e Consultoria\",\"url\":\"https:\\\/\\\/www.gm.adv.br\\\/site\\\/\",\"logo\":{\"@type\":\"ImageObject\",\"inLanguage\":\"pt-BR\",\"@id\":\"https:\\\/\\\/www.gm.adv.br\\\/site\\\/#\\\/schema\\\/logo\\\/image\\\/\",\"url\":\"https:\\\/\\\/www.gm.adv.br\\\/site\\\/wp-content\\\/uploads\\\/2025\\\/07\\\/cropped-icone-512.webp\",\"contentUrl\":\"https:\\\/\\\/www.gm.adv.br\\\/site\\\/wp-content\\\/uploads\\\/2025\\\/07\\\/cropped-icone-512.webp\",\"width\":512,\"height\":512,\"caption\":\"Guaresi & Milleo Advogados Associados em Conc\u00f3rdia SC\"},\"image\":{\"@id\":\"https:\\\/\\\/www.gm.adv.br\\\/site\\\/#\\\/schema\\\/logo\\\/image\\\/\"},\"sameAs\":[\"https:\\\/\\\/www.facebook.com\\\/GuaresiMilleoAdvogados\",\"https:\\\/\\\/www.instagram.com\\\/guaresiemilleo\\\/\",\"https:\\\/\\\/br.linkedin.com\\\/company\\\/guaresimilleo\"]},{\"@type\":\"Person\",\"@id\":\"https:\\\/\\\/www.gm.adv.br\\\/site\\\/#\\\/schema\\\/person\\\/7d633a2abab0d9b94253af6efc36428f\",\"name\":\"admin\",\"image\":{\"@type\":\"ImageObject\",\"inLanguage\":\"pt-BR\",\"@id\":\"https:\\\/\\\/secure.gravatar.com\\\/avatar\\\/c8bb173d280f7d1e50b67bb649de269247430499695ba3ee451b6289436d1d39?s=96&d=mm&r=g\",\"url\":\"https:\\\/\\\/secure.gravatar.com\\\/avatar\\\/c8bb173d280f7d1e50b67bb649de269247430499695ba3ee451b6289436d1d39?s=96&d=mm&r=g\",\"contentUrl\":\"https:\\\/\\\/secure.gravatar.com\\\/avatar\\\/c8bb173d280f7d1e50b67bb649de269247430499695ba3ee451b6289436d1d39?s=96&d=mm&r=g\",\"caption\":\"admin\"},\"sameAs\":[\"https:\\\/\\\/www.gm.adv.br\\\/site\"],\"url\":\"https:\\\/\\\/www.gm.adv.br\\\/site\\\/author\\\/admin\\\/\"}]}<\/script>\n<!-- \/ Yoast SEO plugin. -->","yoast_head_json":{"title":"Radar Trabalhista 2025: O que esperar e como as empresas podem se preparar - Guaresi &amp; Mill\u00e9o Advogados Associados | Escrit\u00f3rio de Advocacia em Conc\u00f3rdia-SC | 30 Anos de Experi\u00eancia","description":"Radar Trabalhista 2025: O que esperar e como as empresas podem se preparar - Guaresi &amp; Mill\u00e9o Advogados Associados | Escrit\u00f3rio de Advocacia em Conc\u00f3rdia-SC | 30 Anos de Experi\u00eancia","robots":{"index":"index","follow":"follow","max-snippet":"max-snippet:-1","max-image-preview":"max-image-preview:large","max-video-preview":"max-video-preview:-1"},"canonical":"https:\/\/www.gm.adv.br\/site\/2025\/02\/19\/radar-trabalhista-2025-o-que-esperar-e-como-as-empresas-podem-se-preparar\/","og_locale":"pt_BR","og_type":"article","og_title":"Radar Trabalhista 2025: O que esperar e como as empresas podem se preparar - Guaresi &amp; Mill\u00e9o Advogados Associados | Escrit\u00f3rio de Advocacia em Conc\u00f3rdia-SC | 30 Anos de Experi\u00eancia","og_description":"Radar Trabalhista 2025: O que esperar e como as empresas podem se preparar - Guaresi &amp; Mill\u00e9o Advogados Associados | Escrit\u00f3rio de Advocacia em Conc\u00f3rdia-SC | 30 Anos de Experi\u00eancia","og_url":"https:\/\/www.gm.adv.br\/site\/2025\/02\/19\/radar-trabalhista-2025-o-que-esperar-e-como-as-empresas-podem-se-preparar\/","og_site_name":"Guaresi &amp; Mill\u00e9o Advogados Associados | Escrit\u00f3rio de Advocacia em Conc\u00f3rdia-SC | 30 Anos de Experi\u00eancia","article_publisher":"https:\/\/www.facebook.com\/GuaresiMilleoAdvogados","article_published_time":"2025-02-19T18:38:19+00:00","og_image":[{"width":1280,"height":717,"url":"https:\/\/www.gm.adv.br\/site\/wp-content\/uploads\/2025\/02\/WhatsApp-Image-2025-02-19-at-15.40.55.jpeg","type":"image\/jpeg"}],"author":"admin","twitter_card":"summary_large_image","twitter_misc":{"Escrito por":"admin","Est. tempo de leitura":"2 minutos"},"schema":{"@context":"https:\/\/schema.org","@graph":[{"@type":"Article","@id":"https:\/\/www.gm.adv.br\/site\/2025\/02\/19\/radar-trabalhista-2025-o-que-esperar-e-como-as-empresas-podem-se-preparar\/#article","isPartOf":{"@id":"https:\/\/www.gm.adv.br\/site\/2025\/02\/19\/radar-trabalhista-2025-o-que-esperar-e-como-as-empresas-podem-se-preparar\/"},"author":{"name":"admin","@id":"https:\/\/www.gm.adv.br\/site\/#\/schema\/person\/7d633a2abab0d9b94253af6efc36428f"},"headline":"Radar Trabalhista 2025: O que esperar e como as empresas podem se preparar","datePublished":"2025-02-19T18:38:19+00:00","mainEntityOfPage":{"@id":"https:\/\/www.gm.adv.br\/site\/2025\/02\/19\/radar-trabalhista-2025-o-que-esperar-e-como-as-empresas-podem-se-preparar\/"},"wordCount":234,"publisher":{"@id":"https:\/\/www.gm.adv.br\/site\/#organization"},"image":{"@id":"https:\/\/www.gm.adv.br\/site\/2025\/02\/19\/radar-trabalhista-2025-o-que-esperar-e-como-as-empresas-podem-se-preparar\/#primaryimage"},"thumbnailUrl":"https:\/\/www.gm.adv.br\/site\/wp-content\/uploads\/2025\/02\/WhatsApp-Image-2025-02-19-at-15.40.55.jpeg","keywords":["#trabalhista #direitotrabalhista"],"articleSection":["Blog","Direito do Trabalho","Noticias"],"inLanguage":"pt-BR"},{"@type":"WebPage","@id":"https:\/\/www.gm.adv.br\/site\/2025\/02\/19\/radar-trabalhista-2025-o-que-esperar-e-como-as-empresas-podem-se-preparar\/","url":"https:\/\/www.gm.adv.br\/site\/2025\/02\/19\/radar-trabalhista-2025-o-que-esperar-e-como-as-empresas-podem-se-preparar\/","name":"Radar Trabalhista 2025: O que esperar e como as empresas podem se preparar - Guaresi &amp; Mill\u00e9o Advogados Associados | Escrit\u00f3rio de Advocacia em Conc\u00f3rdia-SC | 30 Anos de Experi\u00eancia","isPartOf":{"@id":"https:\/\/www.gm.adv.br\/site\/#website"},"primaryImageOfPage":{"@id":"https:\/\/www.gm.adv.br\/site\/2025\/02\/19\/radar-trabalhista-2025-o-que-esperar-e-como-as-empresas-podem-se-preparar\/#primaryimage"},"image":{"@id":"https:\/\/www.gm.adv.br\/site\/2025\/02\/19\/radar-trabalhista-2025-o-que-esperar-e-como-as-empresas-podem-se-preparar\/#primaryimage"},"thumbnailUrl":"https:\/\/www.gm.adv.br\/site\/wp-content\/uploads\/2025\/02\/WhatsApp-Image-2025-02-19-at-15.40.55.jpeg","datePublished":"2025-02-19T18:38:19+00:00","description":"Radar Trabalhista 2025: O que esperar e como as empresas podem se preparar - Guaresi &amp; Mill\u00e9o Advogados Associados | Escrit\u00f3rio de Advocacia em Conc\u00f3rdia-SC | 30 Anos de Experi\u00eancia","breadcrumb":{"@id":"https:\/\/www.gm.adv.br\/site\/2025\/02\/19\/radar-trabalhista-2025-o-que-esperar-e-como-as-empresas-podem-se-preparar\/#breadcrumb"},"inLanguage":"pt-BR","potentialAction":[{"@type":"ReadAction","target":["https:\/\/www.gm.adv.br\/site\/2025\/02\/19\/radar-trabalhista-2025-o-que-esperar-e-como-as-empresas-podem-se-preparar\/"]}]},{"@type":"ImageObject","inLanguage":"pt-BR","@id":"https:\/\/www.gm.adv.br\/site\/2025\/02\/19\/radar-trabalhista-2025-o-que-esperar-e-como-as-empresas-podem-se-preparar\/#primaryimage","url":"https:\/\/www.gm.adv.br\/site\/wp-content\/uploads\/2025\/02\/WhatsApp-Image-2025-02-19-at-15.40.55.jpeg","contentUrl":"https:\/\/www.gm.adv.br\/site\/wp-content\/uploads\/2025\/02\/WhatsApp-Image-2025-02-19-at-15.40.55.jpeg","width":1280,"height":717},{"@type":"BreadcrumbList","@id":"https:\/\/www.gm.adv.br\/site\/2025\/02\/19\/radar-trabalhista-2025-o-que-esperar-e-como-as-empresas-podem-se-preparar\/#breadcrumb","itemListElement":[{"@type":"ListItem","position":1,"name":"In\u00edcio","item":"https:\/\/www.gm.adv.br\/site\/"},{"@type":"ListItem","position":2,"name":"Radar Trabalhista 2025: O que esperar e como as empresas podem se preparar"}]},{"@type":"WebSite","@id":"https:\/\/www.gm.adv.br\/site\/#website","url":"https:\/\/www.gm.adv.br\/site\/","name":"Guaresi & Mill\u00e9o Advogados Associados | Escrit\u00f3rio de Advocacia em Conc\u00f3rdia-SC | 30 Anos de Experi\u00eanci","description":"Advocacia Direito Banc\u00e1rio, Tribut\u00e1rio, Trabalhista, C\u00edvil, P\u00fablica, Municipal, Advogados Associados Guaresi e Mill\u00e9o  |  Conc\u00f3rdia SC","publisher":{"@id":"https:\/\/www.gm.adv.br\/site\/#organization"},"alternateName":"Guaresi e Mill\u00e9o Escrit\u00f3rio de Advocacia e Consultoria em Conc\u00f3rdia-SC","potentialAction":[{"@type":"SearchAction","target":{"@type":"EntryPoint","urlTemplate":"https:\/\/www.gm.adv.br\/site\/?s={search_term_string}"},"query-input":{"@type":"PropertyValueSpecification","valueRequired":true,"valueName":"search_term_string"}}],"inLanguage":"pt-BR"},{"@type":"Organization","@id":"https:\/\/www.gm.adv.br\/site\/#organization","name":"Guaresi & Milleo Advogados Associados em Conc\u00f3rdia SC","alternateName":"Guaresi e Milleo Advocacia e Consultoria","url":"https:\/\/www.gm.adv.br\/site\/","logo":{"@type":"ImageObject","inLanguage":"pt-BR","@id":"https:\/\/www.gm.adv.br\/site\/#\/schema\/logo\/image\/","url":"https:\/\/www.gm.adv.br\/site\/wp-content\/uploads\/2025\/07\/cropped-icone-512.webp","contentUrl":"https:\/\/www.gm.adv.br\/site\/wp-content\/uploads\/2025\/07\/cropped-icone-512.webp","width":512,"height":512,"caption":"Guaresi & Milleo Advogados Associados em Conc\u00f3rdia SC"},"image":{"@id":"https:\/\/www.gm.adv.br\/site\/#\/schema\/logo\/image\/"},"sameAs":["https:\/\/www.facebook.com\/GuaresiMilleoAdvogados","https:\/\/www.instagram.com\/guaresiemilleo\/","https:\/\/br.linkedin.com\/company\/guaresimilleo"]},{"@type":"Person","@id":"https:\/\/www.gm.adv.br\/site\/#\/schema\/person\/7d633a2abab0d9b94253af6efc36428f","name":"admin","image":{"@type":"ImageObject","inLanguage":"pt-BR","@id":"https:\/\/secure.gravatar.com\/avatar\/c8bb173d280f7d1e50b67bb649de269247430499695ba3ee451b6289436d1d39?s=96&d=mm&r=g","url":"https:\/\/secure.gravatar.com\/avatar\/c8bb173d280f7d1e50b67bb649de269247430499695ba3ee451b6289436d1d39?s=96&d=mm&r=g","contentUrl":"https:\/\/secure.gravatar.com\/avatar\/c8bb173d280f7d1e50b67bb649de269247430499695ba3ee451b6289436d1d39?s=96&d=mm&r=g","caption":"admin"},"sameAs":["https:\/\/www.gm.adv.br\/site"],"url":"https:\/\/www.gm.adv.br\/site\/author\/admin\/"}]}},"_links":{"self":[{"href":"https:\/\/www.gm.adv.br\/site\/wp-json\/wp\/v2\/posts\/5348","targetHints":{"allow":["GET"]}}],"collection":[{"href":"https:\/\/www.gm.adv.br\/site\/wp-json\/wp\/v2\/posts"}],"about":[{"href":"https:\/\/www.gm.adv.br\/site\/wp-json\/wp\/v2\/types\/post"}],"author":[{"embeddable":true,"href":"https:\/\/www.gm.adv.br\/site\/wp-json\/wp\/v2\/users\/1"}],"replies":[{"embeddable":true,"href":"https:\/\/www.gm.adv.br\/site\/wp-json\/wp\/v2\/comments?post=5348"}],"version-history":[{"count":0,"href":"https:\/\/www.gm.adv.br\/site\/wp-json\/wp\/v2\/posts\/5348\/revisions"}],"wp:featuredmedia":[{"embeddable":true,"href":"https:\/\/www.gm.adv.br\/site\/wp-json\/wp\/v2\/media\/5352"}],"wp:attachment":[{"href":"https:\/\/www.gm.adv.br\/site\/wp-json\/wp\/v2\/media?parent=5348"}],"wp:term":[{"taxonomy":"category","embeddable":true,"href":"https:\/\/www.gm.adv.br\/site\/wp-json\/wp\/v2\/categories?post=5348"},{"taxonomy":"post_tag","embeddable":true,"href":"https:\/\/www.gm.adv.br\/site\/wp-json\/wp\/v2\/tags?post=5348"}],"curies":[{"name":"wp","href":"https:\/\/api.w.org\/{rel}","templated":true}]}}