{"id":5339,"date":"2025-02-10T09:29:08","date_gmt":"2025-02-10T12:29:08","guid":{"rendered":"https:\/\/gm.adv.br\/?p=5339"},"modified":"2025-02-10T09:29:08","modified_gmt":"2025-02-10T12:29:08","slug":"um-olhar-profissional-na-renegociacao-de-dividas-bancarias","status":"publish","type":"post","link":"https:\/\/www.gm.adv.br\/site\/2025\/02\/10\/um-olhar-profissional-na-renegociacao-de-dividas-bancarias\/","title":{"rendered":"Um olhar profissional na renegocia\u00e7\u00e3o de d\u00edvidas banc\u00e1rias."},"content":{"rendered":"<p>Contratos e renegocia\u00e7\u00f5es impulsionam o cora\u00e7\u00e3o do mundo dos neg\u00f3cios e empreendimentos. Grandes empresas convivem diariamente com a press\u00e3o dos bancos e com a necessidade de manter-se com boa imagem para obten\u00e7\u00e3o de cr\u00e9ditos. Mas para empresas de menor porte ou para o cidad\u00e3o, desacostumados \u00e0s pr\u00e1ticas banc\u00e1rias, a exist\u00eancia de uma d\u00edvida em aberto ou mesmo de uma a\u00e7\u00e3o judicial por d\u00edvidas pode causar um efeito devastador n\u00e3o s\u00f3 nas finan\u00e7as imediatas, mas na tomada de decis\u00f5es, muitas vezes impactadas pelo abalo psicol\u00f3gico, assumindo compromissos ainda mais onerosos.<\/p>\n<p>Ao firmar um aditivo ou renegocia\u00e7\u00e3o, n\u00e3o poucas vezes as condi\u00e7\u00f5es contratuais se tornam mais pesadas, com encargos, juros a longo prazo mais elevados e excesso de garantias exigidas pela institui\u00e7\u00e3o banc\u00e1ria, engessando deforma definitiva o gerenciamento dos passivos. Neste cen\u00e1rio, uma assessoria jur\u00eddica d\u00e1 um olhar profissional, dimensionando os riscos, esclarecendo d\u00favidas e at\u00e9 mesmo, com o aparato cont\u00e1bil necess\u00e1rio, demonstrando matematicamente o impacto dessa renegocia\u00e7\u00e3o no futuro j\u00e1 de curto e m\u00e9dio prazo.<\/p>\n<p>A altera\u00e7\u00e3o do tipo de contrato firmado, pode estar retirando algum subs\u00eddio, elevando a taxa de juros ou o \u00edndice de corre\u00e7\u00e3o da moeda, ou ainda implicando em condi\u00e7\u00e3o menos vantajosa ao devedor. Independente do potencial econ\u00f4mico da empresa ou da natureza ou valor da d\u00edvida, uma boa negocia\u00e7\u00e3o pode oferecer melhores prazos, condi\u00e7\u00f5es de pagamento mais adequadas, mantendo valores de fluxo de caixa e oportunizando a quita\u00e7\u00e3o sem sofrimento ou ang\u00fastia com o vencimento da pr\u00f3xima parcela, perfeitamente encaixada nas reais condi\u00e7\u00f5es de adimplemento pelo cliente.<\/p>\n<p>Assim, em 5 passos, pode-se orientar:<\/p>\n<p><strong>1\u00ba)<\/strong> Na renegocia\u00e7\u00e3o, n\u00e3o aceite aumento de juros ou altera\u00e7\u00e3o de corre\u00e7\u00e3o que lhe seja mais onerosa;<\/p>\n<p><strong>2\u00ba)<\/strong> Mantenha as garantias existentes do primeiro contrato;<\/p>\n<p><strong>3\u00ba)<\/strong> Exija a desindexa\u00e7\u00e3o de juros da primeira opera\u00e7\u00e3o, antes de compor a renegocia\u00e7\u00e3o;<\/p>\n<p><strong>4\u00ba)<\/strong> Evite prazos demasiadamente longos, por implicarem em mais juros sobre o saldo devedor;<\/p>\n<p><strong>5\u00ba)<\/strong> Analise detalhadamente, com aux\u00edlio profissional especializado, os impactos do novo contrato e suas consequ\u00eancias jur\u00eddicas.<\/p>\n<p>Se voc\u00ea estiver com necessidade de renegociar sua d\u00edvida banc\u00e1ria, procure aconselhar-se com escrit\u00f3rio de advocacia especializado em endividamento banc\u00e1rio antes de efetivar a renegocia\u00e7\u00e3o. Um olhar profissional fazendo as devidas an\u00e1lises de risco, certamente vai lhe oferecer a seguran\u00e7a jur\u00eddica necess\u00e1ria para tomar a decis\u00e3o, al\u00e9m de apontar outros caminhos e possibilidades.<\/p>\n<p>Equipe: Guaresi &amp; Mill\u00e9o<\/p>\n<p>Patr\u00edcia Salini<\/p>\n<p>Advogada\/ OAB\/SC 14.940<\/p>\n","protected":false},"excerpt":{"rendered":"<p>Contratos e renegocia\u00e7\u00f5es impulsionam o cora\u00e7\u00e3o do mundo dos neg\u00f3cios e empreendimentos. Grandes empresas convivem diariamente com a press\u00e3o dos bancos e com a necessidade de manter-se com boa imagem para obten\u00e7\u00e3o de cr\u00e9ditos. Mas para empresas de menor porte ou para o cidad\u00e3o, desacostumados \u00e0s pr\u00e1ticas banc\u00e1rias, a exist\u00eancia de uma d\u00edvida em aberto [&#8230;]\n","protected":false},"author":1,"featured_media":5340,"comment_status":"closed","ping_status":"closed","sticky":false,"template":"","format":"standard","meta":{"footnotes":""},"categories":[74,69],"tags":[119,83,93,120],"class_list":["post-5339","post","type-post","status-publish","format-standard","has-post-thumbnail","hentry","category-blog","category-direito-bancario","tag-bancario","tag-direito","tag-dividas","tag-dividas-bancarias"],"yoast_head":"<!-- This site is optimized with the Yoast SEO plugin v27.5 - https:\/\/yoast.com\/product\/yoast-seo-wordpress\/ -->\n<title>Um olhar profissional na renegocia\u00e7\u00e3o de d\u00edvidas banc\u00e1rias. - Guaresi &amp; Mill\u00e9o Advogados Associados | Escrit\u00f3rio de Advocacia em Conc\u00f3rdia-SC | 30 Anos de Experi\u00eancia<\/title>\n<meta name=\"description\" content=\"Um olhar profissional na renegocia\u00e7\u00e3o de d\u00edvidas banc\u00e1rias. - Guaresi &amp; Mill\u00e9o Advogados Associados | Escrit\u00f3rio de Advocacia em Conc\u00f3rdia-SC | 30 Anos de Experi\u00eancia\" \/>\n<meta name=\"robots\" content=\"index, follow, max-snippet:-1, max-image-preview:large, max-video-preview:-1\" \/>\n<link rel=\"canonical\" href=\"https:\/\/www.gm.adv.br\/site\/2025\/02\/10\/um-olhar-profissional-na-renegociacao-de-dividas-bancarias\/\" \/>\n<meta property=\"og:locale\" content=\"pt_BR\" \/>\n<meta property=\"og:type\" content=\"article\" \/>\n<meta property=\"og:title\" content=\"Um olhar profissional na renegocia\u00e7\u00e3o de d\u00edvidas banc\u00e1rias. - Guaresi &amp; Mill\u00e9o Advogados Associados | Escrit\u00f3rio de Advocacia em Conc\u00f3rdia-SC | 30 Anos de Experi\u00eancia\" \/>\n<meta property=\"og:description\" content=\"Um olhar profissional na renegocia\u00e7\u00e3o de d\u00edvidas banc\u00e1rias. - Guaresi &amp; Mill\u00e9o Advogados Associados | Escrit\u00f3rio de Advocacia em Conc\u00f3rdia-SC | 30 Anos de Experi\u00eancia\" \/>\n<meta property=\"og:url\" content=\"https:\/\/www.gm.adv.br\/site\/2025\/02\/10\/um-olhar-profissional-na-renegociacao-de-dividas-bancarias\/\" \/>\n<meta property=\"og:site_name\" content=\"Guaresi &amp; Mill\u00e9o Advogados Associados | Escrit\u00f3rio de Advocacia em Conc\u00f3rdia-SC | 30 Anos de Experi\u00eancia\" \/>\n<meta property=\"article:publisher\" content=\"https:\/\/www.facebook.com\/GuaresiMilleoAdvogados\" \/>\n<meta property=\"article:published_time\" content=\"2025-02-10T12:29:08+00:00\" \/>\n<meta property=\"og:image\" content=\"https:\/\/www.gm.adv.br\/site\/wp-content\/uploads\/2025\/02\/WhatsApp-Image-2025-02-10-at-09.06.47.jpeg\" \/>\n\t<meta property=\"og:image:width\" content=\"1201\" \/>\n\t<meta property=\"og:image:height\" content=\"629\" \/>\n\t<meta property=\"og:image:type\" content=\"image\/jpeg\" \/>\n<meta name=\"author\" content=\"admin\" \/>\n<meta name=\"twitter:card\" content=\"summary_large_image\" \/>\n<meta name=\"twitter:label1\" content=\"Escrito por\" \/>\n\t<meta name=\"twitter:data1\" content=\"admin\" \/>\n\t<meta name=\"twitter:label2\" content=\"Est. tempo de leitura\" \/>\n\t<meta name=\"twitter:data2\" content=\"3 minutos\" \/>\n<script type=\"application\/ld+json\" class=\"yoast-schema-graph\">{\"@context\":\"https:\\\/\\\/schema.org\",\"@graph\":[{\"@type\":\"Article\",\"@id\":\"https:\\\/\\\/www.gm.adv.br\\\/site\\\/2025\\\/02\\\/10\\\/um-olhar-profissional-na-renegociacao-de-dividas-bancarias\\\/#article\",\"isPartOf\":{\"@id\":\"https:\\\/\\\/www.gm.adv.br\\\/site\\\/2025\\\/02\\\/10\\\/um-olhar-profissional-na-renegociacao-de-dividas-bancarias\\\/\"},\"author\":{\"name\":\"admin\",\"@id\":\"https:\\\/\\\/www.gm.adv.br\\\/site\\\/#\\\/schema\\\/person\\\/7d633a2abab0d9b94253af6efc36428f\"},\"headline\":\"Um olhar profissional na renegocia\u00e7\u00e3o de d\u00edvidas banc\u00e1rias.\",\"datePublished\":\"2025-02-10T12:29:08+00:00\",\"mainEntityOfPage\":{\"@id\":\"https:\\\/\\\/www.gm.adv.br\\\/site\\\/2025\\\/02\\\/10\\\/um-olhar-profissional-na-renegociacao-de-dividas-bancarias\\\/\"},\"wordCount\":457,\"publisher\":{\"@id\":\"https:\\\/\\\/www.gm.adv.br\\\/site\\\/#organization\"},\"image\":{\"@id\":\"https:\\\/\\\/www.gm.adv.br\\\/site\\\/2025\\\/02\\\/10\\\/um-olhar-profissional-na-renegociacao-de-dividas-bancarias\\\/#primaryimage\"},\"thumbnailUrl\":\"https:\\\/\\\/www.gm.adv.br\\\/site\\\/wp-content\\\/uploads\\\/2025\\\/02\\\/WhatsApp-Image-2025-02-10-at-09.06.47.jpeg\",\"keywords\":[\"Bancario\",\"direito\",\"d\u00edvidas\",\"dividas bancarias\"],\"articleSection\":[\"Blog\",\"Direito Banc\u00e1rio\"],\"inLanguage\":\"pt-BR\"},{\"@type\":\"WebPage\",\"@id\":\"https:\\\/\\\/www.gm.adv.br\\\/site\\\/2025\\\/02\\\/10\\\/um-olhar-profissional-na-renegociacao-de-dividas-bancarias\\\/\",\"url\":\"https:\\\/\\\/www.gm.adv.br\\\/site\\\/2025\\\/02\\\/10\\\/um-olhar-profissional-na-renegociacao-de-dividas-bancarias\\\/\",\"name\":\"Um olhar profissional na renegocia\u00e7\u00e3o de d\u00edvidas banc\u00e1rias. - Guaresi &amp; Mill\u00e9o Advogados Associados | Escrit\u00f3rio de Advocacia em Conc\u00f3rdia-SC | 30 Anos de Experi\u00eancia\",\"isPartOf\":{\"@id\":\"https:\\\/\\\/www.gm.adv.br\\\/site\\\/#website\"},\"primaryImageOfPage\":{\"@id\":\"https:\\\/\\\/www.gm.adv.br\\\/site\\\/2025\\\/02\\\/10\\\/um-olhar-profissional-na-renegociacao-de-dividas-bancarias\\\/#primaryimage\"},\"image\":{\"@id\":\"https:\\\/\\\/www.gm.adv.br\\\/site\\\/2025\\\/02\\\/10\\\/um-olhar-profissional-na-renegociacao-de-dividas-bancarias\\\/#primaryimage\"},\"thumbnailUrl\":\"https:\\\/\\\/www.gm.adv.br\\\/site\\\/wp-content\\\/uploads\\\/2025\\\/02\\\/WhatsApp-Image-2025-02-10-at-09.06.47.jpeg\",\"datePublished\":\"2025-02-10T12:29:08+00:00\",\"description\":\"Um olhar profissional na renegocia\u00e7\u00e3o de d\u00edvidas banc\u00e1rias. - Guaresi &amp; Mill\u00e9o Advogados Associados | Escrit\u00f3rio de Advocacia em Conc\u00f3rdia-SC | 30 Anos de Experi\u00eancia\",\"breadcrumb\":{\"@id\":\"https:\\\/\\\/www.gm.adv.br\\\/site\\\/2025\\\/02\\\/10\\\/um-olhar-profissional-na-renegociacao-de-dividas-bancarias\\\/#breadcrumb\"},\"inLanguage\":\"pt-BR\",\"potentialAction\":[{\"@type\":\"ReadAction\",\"target\":[\"https:\\\/\\\/www.gm.adv.br\\\/site\\\/2025\\\/02\\\/10\\\/um-olhar-profissional-na-renegociacao-de-dividas-bancarias\\\/\"]}]},{\"@type\":\"ImageObject\",\"inLanguage\":\"pt-BR\",\"@id\":\"https:\\\/\\\/www.gm.adv.br\\\/site\\\/2025\\\/02\\\/10\\\/um-olhar-profissional-na-renegociacao-de-dividas-bancarias\\\/#primaryimage\",\"url\":\"https:\\\/\\\/www.gm.adv.br\\\/site\\\/wp-content\\\/uploads\\\/2025\\\/02\\\/WhatsApp-Image-2025-02-10-at-09.06.47.jpeg\",\"contentUrl\":\"https:\\\/\\\/www.gm.adv.br\\\/site\\\/wp-content\\\/uploads\\\/2025\\\/02\\\/WhatsApp-Image-2025-02-10-at-09.06.47.jpeg\",\"width\":1201,\"height\":629},{\"@type\":\"BreadcrumbList\",\"@id\":\"https:\\\/\\\/www.gm.adv.br\\\/site\\\/2025\\\/02\\\/10\\\/um-olhar-profissional-na-renegociacao-de-dividas-bancarias\\\/#breadcrumb\",\"itemListElement\":[{\"@type\":\"ListItem\",\"position\":1,\"name\":\"In\u00edcio\",\"item\":\"https:\\\/\\\/www.gm.adv.br\\\/site\\\/\"},{\"@type\":\"ListItem\",\"position\":2,\"name\":\"Um olhar profissional na renegocia\u00e7\u00e3o de d\u00edvidas banc\u00e1rias.\"}]},{\"@type\":\"WebSite\",\"@id\":\"https:\\\/\\\/www.gm.adv.br\\\/site\\\/#website\",\"url\":\"https:\\\/\\\/www.gm.adv.br\\\/site\\\/\",\"name\":\"Guaresi & Mill\u00e9o Advogados Associados | Escrit\u00f3rio de Advocacia em Conc\u00f3rdia-SC | 30 Anos de Experi\u00eanci\",\"description\":\"Advocacia Direito Banc\u00e1rio, Tribut\u00e1rio, Trabalhista, C\u00edvil, P\u00fablica, Municipal, Advogados Associados Guaresi e Mill\u00e9o  |  Conc\u00f3rdia SC\",\"publisher\":{\"@id\":\"https:\\\/\\\/www.gm.adv.br\\\/site\\\/#organization\"},\"alternateName\":\"Guaresi e Mill\u00e9o Escrit\u00f3rio de Advocacia e Consultoria em Conc\u00f3rdia-SC\",\"potentialAction\":[{\"@type\":\"SearchAction\",\"target\":{\"@type\":\"EntryPoint\",\"urlTemplate\":\"https:\\\/\\\/www.gm.adv.br\\\/site\\\/?s={search_term_string}\"},\"query-input\":{\"@type\":\"PropertyValueSpecification\",\"valueRequired\":true,\"valueName\":\"search_term_string\"}}],\"inLanguage\":\"pt-BR\"},{\"@type\":\"Organization\",\"@id\":\"https:\\\/\\\/www.gm.adv.br\\\/site\\\/#organization\",\"name\":\"Guaresi & Milleo Advogados Associados em Conc\u00f3rdia SC\",\"alternateName\":\"Guaresi e Milleo Advocacia e Consultoria\",\"url\":\"https:\\\/\\\/www.gm.adv.br\\\/site\\\/\",\"logo\":{\"@type\":\"ImageObject\",\"inLanguage\":\"pt-BR\",\"@id\":\"https:\\\/\\\/www.gm.adv.br\\\/site\\\/#\\\/schema\\\/logo\\\/image\\\/\",\"url\":\"https:\\\/\\\/www.gm.adv.br\\\/site\\\/wp-content\\\/uploads\\\/2025\\\/07\\\/cropped-icone-512.webp\",\"contentUrl\":\"https:\\\/\\\/www.gm.adv.br\\\/site\\\/wp-content\\\/uploads\\\/2025\\\/07\\\/cropped-icone-512.webp\",\"width\":512,\"height\":512,\"caption\":\"Guaresi & Milleo Advogados Associados em Conc\u00f3rdia SC\"},\"image\":{\"@id\":\"https:\\\/\\\/www.gm.adv.br\\\/site\\\/#\\\/schema\\\/logo\\\/image\\\/\"},\"sameAs\":[\"https:\\\/\\\/www.facebook.com\\\/GuaresiMilleoAdvogados\",\"https:\\\/\\\/www.instagram.com\\\/guaresiemilleo\\\/\",\"https:\\\/\\\/br.linkedin.com\\\/company\\\/guaresimilleo\"]},{\"@type\":\"Person\",\"@id\":\"https:\\\/\\\/www.gm.adv.br\\\/site\\\/#\\\/schema\\\/person\\\/7d633a2abab0d9b94253af6efc36428f\",\"name\":\"admin\",\"image\":{\"@type\":\"ImageObject\",\"inLanguage\":\"pt-BR\",\"@id\":\"https:\\\/\\\/secure.gravatar.com\\\/avatar\\\/c8bb173d280f7d1e50b67bb649de269247430499695ba3ee451b6289436d1d39?s=96&d=mm&r=g\",\"url\":\"https:\\\/\\\/secure.gravatar.com\\\/avatar\\\/c8bb173d280f7d1e50b67bb649de269247430499695ba3ee451b6289436d1d39?s=96&d=mm&r=g\",\"contentUrl\":\"https:\\\/\\\/secure.gravatar.com\\\/avatar\\\/c8bb173d280f7d1e50b67bb649de269247430499695ba3ee451b6289436d1d39?s=96&d=mm&r=g\",\"caption\":\"admin\"},\"sameAs\":[\"https:\\\/\\\/www.gm.adv.br\\\/site\"],\"url\":\"https:\\\/\\\/www.gm.adv.br\\\/site\\\/author\\\/admin\\\/\"}]}<\/script>\n<!-- \/ Yoast SEO plugin. -->","yoast_head_json":{"title":"Um olhar profissional na renegocia\u00e7\u00e3o de d\u00edvidas banc\u00e1rias. - Guaresi &amp; Mill\u00e9o Advogados Associados | Escrit\u00f3rio de Advocacia em Conc\u00f3rdia-SC | 30 Anos de Experi\u00eancia","description":"Um olhar profissional na renegocia\u00e7\u00e3o de d\u00edvidas banc\u00e1rias. - Guaresi &amp; Mill\u00e9o Advogados Associados | Escrit\u00f3rio de Advocacia em Conc\u00f3rdia-SC | 30 Anos de Experi\u00eancia","robots":{"index":"index","follow":"follow","max-snippet":"max-snippet:-1","max-image-preview":"max-image-preview:large","max-video-preview":"max-video-preview:-1"},"canonical":"https:\/\/www.gm.adv.br\/site\/2025\/02\/10\/um-olhar-profissional-na-renegociacao-de-dividas-bancarias\/","og_locale":"pt_BR","og_type":"article","og_title":"Um olhar profissional na renegocia\u00e7\u00e3o de d\u00edvidas banc\u00e1rias. - Guaresi &amp; Mill\u00e9o Advogados Associados | Escrit\u00f3rio de Advocacia em Conc\u00f3rdia-SC | 30 Anos de Experi\u00eancia","og_description":"Um olhar profissional na renegocia\u00e7\u00e3o de d\u00edvidas banc\u00e1rias. - Guaresi &amp; Mill\u00e9o Advogados Associados | Escrit\u00f3rio de Advocacia em Conc\u00f3rdia-SC | 30 Anos de Experi\u00eancia","og_url":"https:\/\/www.gm.adv.br\/site\/2025\/02\/10\/um-olhar-profissional-na-renegociacao-de-dividas-bancarias\/","og_site_name":"Guaresi &amp; Mill\u00e9o Advogados Associados | Escrit\u00f3rio de Advocacia em Conc\u00f3rdia-SC | 30 Anos de Experi\u00eancia","article_publisher":"https:\/\/www.facebook.com\/GuaresiMilleoAdvogados","article_published_time":"2025-02-10T12:29:08+00:00","og_image":[{"width":1201,"height":629,"url":"https:\/\/www.gm.adv.br\/site\/wp-content\/uploads\/2025\/02\/WhatsApp-Image-2025-02-10-at-09.06.47.jpeg","type":"image\/jpeg"}],"author":"admin","twitter_card":"summary_large_image","twitter_misc":{"Escrito por":"admin","Est. tempo de leitura":"3 minutos"},"schema":{"@context":"https:\/\/schema.org","@graph":[{"@type":"Article","@id":"https:\/\/www.gm.adv.br\/site\/2025\/02\/10\/um-olhar-profissional-na-renegociacao-de-dividas-bancarias\/#article","isPartOf":{"@id":"https:\/\/www.gm.adv.br\/site\/2025\/02\/10\/um-olhar-profissional-na-renegociacao-de-dividas-bancarias\/"},"author":{"name":"admin","@id":"https:\/\/www.gm.adv.br\/site\/#\/schema\/person\/7d633a2abab0d9b94253af6efc36428f"},"headline":"Um olhar profissional na renegocia\u00e7\u00e3o de d\u00edvidas banc\u00e1rias.","datePublished":"2025-02-10T12:29:08+00:00","mainEntityOfPage":{"@id":"https:\/\/www.gm.adv.br\/site\/2025\/02\/10\/um-olhar-profissional-na-renegociacao-de-dividas-bancarias\/"},"wordCount":457,"publisher":{"@id":"https:\/\/www.gm.adv.br\/site\/#organization"},"image":{"@id":"https:\/\/www.gm.adv.br\/site\/2025\/02\/10\/um-olhar-profissional-na-renegociacao-de-dividas-bancarias\/#primaryimage"},"thumbnailUrl":"https:\/\/www.gm.adv.br\/site\/wp-content\/uploads\/2025\/02\/WhatsApp-Image-2025-02-10-at-09.06.47.jpeg","keywords":["Bancario","direito","d\u00edvidas","dividas bancarias"],"articleSection":["Blog","Direito Banc\u00e1rio"],"inLanguage":"pt-BR"},{"@type":"WebPage","@id":"https:\/\/www.gm.adv.br\/site\/2025\/02\/10\/um-olhar-profissional-na-renegociacao-de-dividas-bancarias\/","url":"https:\/\/www.gm.adv.br\/site\/2025\/02\/10\/um-olhar-profissional-na-renegociacao-de-dividas-bancarias\/","name":"Um olhar profissional na renegocia\u00e7\u00e3o de d\u00edvidas banc\u00e1rias. - Guaresi &amp; Mill\u00e9o Advogados Associados | Escrit\u00f3rio de Advocacia em Conc\u00f3rdia-SC | 30 Anos de Experi\u00eancia","isPartOf":{"@id":"https:\/\/www.gm.adv.br\/site\/#website"},"primaryImageOfPage":{"@id":"https:\/\/www.gm.adv.br\/site\/2025\/02\/10\/um-olhar-profissional-na-renegociacao-de-dividas-bancarias\/#primaryimage"},"image":{"@id":"https:\/\/www.gm.adv.br\/site\/2025\/02\/10\/um-olhar-profissional-na-renegociacao-de-dividas-bancarias\/#primaryimage"},"thumbnailUrl":"https:\/\/www.gm.adv.br\/site\/wp-content\/uploads\/2025\/02\/WhatsApp-Image-2025-02-10-at-09.06.47.jpeg","datePublished":"2025-02-10T12:29:08+00:00","description":"Um olhar profissional na renegocia\u00e7\u00e3o de d\u00edvidas banc\u00e1rias. - Guaresi &amp; Mill\u00e9o Advogados Associados | Escrit\u00f3rio de Advocacia em Conc\u00f3rdia-SC | 30 Anos de Experi\u00eancia","breadcrumb":{"@id":"https:\/\/www.gm.adv.br\/site\/2025\/02\/10\/um-olhar-profissional-na-renegociacao-de-dividas-bancarias\/#breadcrumb"},"inLanguage":"pt-BR","potentialAction":[{"@type":"ReadAction","target":["https:\/\/www.gm.adv.br\/site\/2025\/02\/10\/um-olhar-profissional-na-renegociacao-de-dividas-bancarias\/"]}]},{"@type":"ImageObject","inLanguage":"pt-BR","@id":"https:\/\/www.gm.adv.br\/site\/2025\/02\/10\/um-olhar-profissional-na-renegociacao-de-dividas-bancarias\/#primaryimage","url":"https:\/\/www.gm.adv.br\/site\/wp-content\/uploads\/2025\/02\/WhatsApp-Image-2025-02-10-at-09.06.47.jpeg","contentUrl":"https:\/\/www.gm.adv.br\/site\/wp-content\/uploads\/2025\/02\/WhatsApp-Image-2025-02-10-at-09.06.47.jpeg","width":1201,"height":629},{"@type":"BreadcrumbList","@id":"https:\/\/www.gm.adv.br\/site\/2025\/02\/10\/um-olhar-profissional-na-renegociacao-de-dividas-bancarias\/#breadcrumb","itemListElement":[{"@type":"ListItem","position":1,"name":"In\u00edcio","item":"https:\/\/www.gm.adv.br\/site\/"},{"@type":"ListItem","position":2,"name":"Um olhar profissional na renegocia\u00e7\u00e3o de d\u00edvidas banc\u00e1rias."}]},{"@type":"WebSite","@id":"https:\/\/www.gm.adv.br\/site\/#website","url":"https:\/\/www.gm.adv.br\/site\/","name":"Guaresi & Mill\u00e9o Advogados Associados | Escrit\u00f3rio de Advocacia em Conc\u00f3rdia-SC | 30 Anos de Experi\u00eanci","description":"Advocacia Direito Banc\u00e1rio, Tribut\u00e1rio, Trabalhista, C\u00edvil, P\u00fablica, Municipal, Advogados Associados Guaresi e Mill\u00e9o  |  Conc\u00f3rdia SC","publisher":{"@id":"https:\/\/www.gm.adv.br\/site\/#organization"},"alternateName":"Guaresi e Mill\u00e9o Escrit\u00f3rio de Advocacia e Consultoria em Conc\u00f3rdia-SC","potentialAction":[{"@type":"SearchAction","target":{"@type":"EntryPoint","urlTemplate":"https:\/\/www.gm.adv.br\/site\/?s={search_term_string}"},"query-input":{"@type":"PropertyValueSpecification","valueRequired":true,"valueName":"search_term_string"}}],"inLanguage":"pt-BR"},{"@type":"Organization","@id":"https:\/\/www.gm.adv.br\/site\/#organization","name":"Guaresi & Milleo Advogados Associados em Conc\u00f3rdia SC","alternateName":"Guaresi e Milleo Advocacia e Consultoria","url":"https:\/\/www.gm.adv.br\/site\/","logo":{"@type":"ImageObject","inLanguage":"pt-BR","@id":"https:\/\/www.gm.adv.br\/site\/#\/schema\/logo\/image\/","url":"https:\/\/www.gm.adv.br\/site\/wp-content\/uploads\/2025\/07\/cropped-icone-512.webp","contentUrl":"https:\/\/www.gm.adv.br\/site\/wp-content\/uploads\/2025\/07\/cropped-icone-512.webp","width":512,"height":512,"caption":"Guaresi & Milleo Advogados Associados em Conc\u00f3rdia SC"},"image":{"@id":"https:\/\/www.gm.adv.br\/site\/#\/schema\/logo\/image\/"},"sameAs":["https:\/\/www.facebook.com\/GuaresiMilleoAdvogados","https:\/\/www.instagram.com\/guaresiemilleo\/","https:\/\/br.linkedin.com\/company\/guaresimilleo"]},{"@type":"Person","@id":"https:\/\/www.gm.adv.br\/site\/#\/schema\/person\/7d633a2abab0d9b94253af6efc36428f","name":"admin","image":{"@type":"ImageObject","inLanguage":"pt-BR","@id":"https:\/\/secure.gravatar.com\/avatar\/c8bb173d280f7d1e50b67bb649de269247430499695ba3ee451b6289436d1d39?s=96&d=mm&r=g","url":"https:\/\/secure.gravatar.com\/avatar\/c8bb173d280f7d1e50b67bb649de269247430499695ba3ee451b6289436d1d39?s=96&d=mm&r=g","contentUrl":"https:\/\/secure.gravatar.com\/avatar\/c8bb173d280f7d1e50b67bb649de269247430499695ba3ee451b6289436d1d39?s=96&d=mm&r=g","caption":"admin"},"sameAs":["https:\/\/www.gm.adv.br\/site"],"url":"https:\/\/www.gm.adv.br\/site\/author\/admin\/"}]}},"_links":{"self":[{"href":"https:\/\/www.gm.adv.br\/site\/wp-json\/wp\/v2\/posts\/5339","targetHints":{"allow":["GET"]}}],"collection":[{"href":"https:\/\/www.gm.adv.br\/site\/wp-json\/wp\/v2\/posts"}],"about":[{"href":"https:\/\/www.gm.adv.br\/site\/wp-json\/wp\/v2\/types\/post"}],"author":[{"embeddable":true,"href":"https:\/\/www.gm.adv.br\/site\/wp-json\/wp\/v2\/users\/1"}],"replies":[{"embeddable":true,"href":"https:\/\/www.gm.adv.br\/site\/wp-json\/wp\/v2\/comments?post=5339"}],"version-history":[{"count":0,"href":"https:\/\/www.gm.adv.br\/site\/wp-json\/wp\/v2\/posts\/5339\/revisions"}],"wp:featuredmedia":[{"embeddable":true,"href":"https:\/\/www.gm.adv.br\/site\/wp-json\/wp\/v2\/media\/5340"}],"wp:attachment":[{"href":"https:\/\/www.gm.adv.br\/site\/wp-json\/wp\/v2\/media?parent=5339"}],"wp:term":[{"taxonomy":"category","embeddable":true,"href":"https:\/\/www.gm.adv.br\/site\/wp-json\/wp\/v2\/categories?post=5339"},{"taxonomy":"post_tag","embeddable":true,"href":"https:\/\/www.gm.adv.br\/site\/wp-json\/wp\/v2\/tags?post=5339"}],"curies":[{"name":"wp","href":"https:\/\/api.w.org\/{rel}","templated":true}]}}