{"id":5336,"date":"2025-02-07T10:35:24","date_gmt":"2025-02-07T13:35:24","guid":{"rendered":"https:\/\/gm.adv.br\/?p=5336"},"modified":"2025-02-07T10:35:24","modified_gmt":"2025-02-07T13:35:24","slug":"reforma-tributaria-confira-vetor-e-o-que-muda-com-sancao-de-regulamentacao","status":"publish","type":"post","link":"https:\/\/www.gm.adv.br\/site\/2025\/02\/07\/reforma-tributaria-confira-vetor-e-o-que-muda-com-sancao-de-regulamentacao\/","title":{"rendered":"Reforma Tribut\u00e1ria: Confira Vetor e o que Muda com San\u00e7\u00e3o de Regulamenta\u00e7\u00e3o"},"content":{"rendered":"<p>O presidente Lula sancionou a primeira regulamenta\u00e7\u00e3o da reforma tribut\u00e1ria com 17 vetos, principalmente por quest\u00f5es t\u00e9cnicas e constitucionais. O texto mant\u00e9m a ess\u00eancia do que foi aprovado pelo Congresso.<\/p>\n<p>A reforma cria dois novos impostos:<\/p>\n<p>&#8211; CBS (Contribui\u00e7\u00e3o sobre Bens e Servi\u00e7os), que substituir\u00e1 PIS, Cofins e IPI (impostos federais).<br \/>\n&#8211; IBS (Imposto sobre Bens e Servi\u00e7os), que substituir\u00e1 ICMS e ISS (impostos estaduais e municipais).<\/p>\n<p>Al\u00e9m disso, o Imposto Seletivo (IS), conhecido como &#8220;imposto do pecado&#8221;, ser\u00e1 aplicado a produtos prejudiciais \u00e0 sa\u00fade e ao meio ambiente.<\/p>\n<p>-Principais Mudan\u00e7as<br \/>\n&#8211; Al\u00edquotas: Ser\u00e3o definidas pelo Senado, com a CBS entrando em vigor em 2027 e o IBS em 2029. H\u00e1 um limite para evitar aumento excessivo de impostos.<\/p>\n<p>&#8211; Cesta b\u00e1sica: Alimentos essenciais ter\u00e3o isen\u00e7\u00e3o de impostos, incluindo carnes, p\u00e3o franc\u00eas, erva-mate e f\u00f3rmulas infantis.<\/p>\n<p>&#8211; Cashback: Fam\u00edlias de baixa renda poder\u00e3o receber parte dos impostos de volta em contas de servi\u00e7os b\u00e1sicos como g\u00e1s, energia el\u00e9trica e telefonia.<\/p>\n<p>&#8211; Medicamentos: Redu\u00e7\u00e3o de 60% nos impostos para todos os medicamentos e isen\u00e7\u00e3o total para 383 rem\u00e9dios espec\u00edficos e compras do SUS.<br \/>\nImposto Seletivo: Ser\u00e1 aplicado a ve\u00edculos, bebidas alco\u00f3licas, cigarros, bebidas a\u00e7ucaradas, apostas online e bens minerais.<\/p>\n<p>Setores com redu\u00e7\u00e3o de impostos: Educa\u00e7\u00e3o, sa\u00fade, transporte p\u00fablico, cultura, comunica\u00e7\u00e3o, produtos de higiene pessoal e seguran\u00e7a nacional ter\u00e3o al\u00edquota reduzida em 60%.<\/p>\n<p>Os vetos retiraram benef\u00edcios para setores espec\u00edficos, como fundos de investimento e importa\u00e7\u00e3o de servi\u00e7os financeiros, e impediram algumas isen\u00e7\u00f5es e cr\u00e9ditos fiscais.<\/p>\n","protected":false},"excerpt":{"rendered":"<p>O presidente Lula sancionou a primeira regulamenta\u00e7\u00e3o da reforma tribut\u00e1ria com 17 vetos, principalmente por quest\u00f5es t\u00e9cnicas e constitucionais. O texto mant\u00e9m a ess\u00eancia do que foi aprovado pelo Congresso. A reforma cria dois novos impostos: &#8211; CBS (Contribui\u00e7\u00e3o sobre Bens e Servi\u00e7os), que substituir\u00e1 PIS, Cofins e IPI (impostos federais). &#8211; IBS (Imposto sobre [&#8230;]\n","protected":false},"author":1,"featured_media":5337,"comment_status":"closed","ping_status":"closed","sticky":false,"template":"","format":"standard","meta":{"footnotes":""},"categories":[74,73],"tags":[83,87,117],"class_list":["post-5336","post","type-post","status-publish","format-standard","has-post-thumbnail","hentry","category-blog","category-artigos","tag-direito","tag-direito-tributario","tag-reforma-tributaria"],"yoast_head":"<!-- This site is optimized with the Yoast SEO plugin v27.5 - https:\/\/yoast.com\/product\/yoast-seo-wordpress\/ -->\n<title>Reforma Tribut\u00e1ria: Confira Vetor e o que Muda com San\u00e7\u00e3o de Regulamenta\u00e7\u00e3o - Guaresi &amp; Mill\u00e9o Advogados Associados | Escrit\u00f3rio de Advocacia em Conc\u00f3rdia-SC | 30 Anos de Experi\u00eancia<\/title>\n<meta name=\"description\" content=\"Reforma Tribut\u00e1ria: Confira Vetor e o que Muda com San\u00e7\u00e3o de Regulamenta\u00e7\u00e3o - Guaresi &amp; Mill\u00e9o Advogados Associados | Escrit\u00f3rio de Advocacia em Conc\u00f3rdia-SC | 30 Anos de Experi\u00eancia\" \/>\n<meta name=\"robots\" content=\"index, follow, max-snippet:-1, max-image-preview:large, max-video-preview:-1\" \/>\n<link rel=\"canonical\" href=\"https:\/\/www.gm.adv.br\/site\/2025\/02\/07\/reforma-tributaria-confira-vetor-e-o-que-muda-com-sancao-de-regulamentacao\/\" \/>\n<meta property=\"og:locale\" content=\"pt_BR\" \/>\n<meta property=\"og:type\" content=\"article\" \/>\n<meta property=\"og:title\" content=\"Reforma Tribut\u00e1ria: Confira Vetor e o que Muda com San\u00e7\u00e3o de Regulamenta\u00e7\u00e3o - Guaresi &amp; Mill\u00e9o Advogados Associados | Escrit\u00f3rio de Advocacia em Conc\u00f3rdia-SC | 30 Anos de Experi\u00eancia\" \/>\n<meta property=\"og:description\" content=\"Reforma Tribut\u00e1ria: Confira Vetor e o que Muda com San\u00e7\u00e3o de Regulamenta\u00e7\u00e3o - Guaresi &amp; Mill\u00e9o Advogados Associados | Escrit\u00f3rio de Advocacia em Conc\u00f3rdia-SC | 30 Anos de Experi\u00eancia\" \/>\n<meta property=\"og:url\" content=\"https:\/\/www.gm.adv.br\/site\/2025\/02\/07\/reforma-tributaria-confira-vetor-e-o-que-muda-com-sancao-de-regulamentacao\/\" \/>\n<meta property=\"og:site_name\" content=\"Guaresi &amp; Mill\u00e9o Advogados Associados | Escrit\u00f3rio de Advocacia em Conc\u00f3rdia-SC | 30 Anos de Experi\u00eancia\" \/>\n<meta property=\"article:publisher\" content=\"https:\/\/www.facebook.com\/GuaresiMilleoAdvogados\" \/>\n<meta property=\"article:published_time\" content=\"2025-02-07T13:35:24+00:00\" \/>\n<meta property=\"og:image\" content=\"https:\/\/www.gm.adv.br\/site\/wp-content\/uploads\/2025\/02\/WhatsApp-Image-2025-01-27-at-11.10.22.jpeg\" \/>\n\t<meta property=\"og:image:width\" content=\"1203\" \/>\n\t<meta property=\"og:image:height\" content=\"677\" \/>\n\t<meta property=\"og:image:type\" content=\"image\/jpeg\" \/>\n<meta name=\"author\" content=\"admin\" \/>\n<meta name=\"twitter:card\" content=\"summary_large_image\" \/>\n<meta name=\"twitter:label1\" content=\"Escrito por\" \/>\n\t<meta name=\"twitter:data1\" content=\"admin\" \/>\n\t<meta name=\"twitter:label2\" content=\"Est. tempo de leitura\" \/>\n\t<meta name=\"twitter:data2\" content=\"2 minutos\" \/>\n<script type=\"application\/ld+json\" class=\"yoast-schema-graph\">{\"@context\":\"https:\\\/\\\/schema.org\",\"@graph\":[{\"@type\":\"Article\",\"@id\":\"https:\\\/\\\/www.gm.adv.br\\\/site\\\/2025\\\/02\\\/07\\\/reforma-tributaria-confira-vetor-e-o-que-muda-com-sancao-de-regulamentacao\\\/#article\",\"isPartOf\":{\"@id\":\"https:\\\/\\\/www.gm.adv.br\\\/site\\\/2025\\\/02\\\/07\\\/reforma-tributaria-confira-vetor-e-o-que-muda-com-sancao-de-regulamentacao\\\/\"},\"author\":{\"name\":\"admin\",\"@id\":\"https:\\\/\\\/www.gm.adv.br\\\/site\\\/#\\\/schema\\\/person\\\/7d633a2abab0d9b94253af6efc36428f\"},\"headline\":\"Reforma Tribut\u00e1ria: Confira Vetor e o que Muda com San\u00e7\u00e3o de Regulamenta\u00e7\u00e3o\",\"datePublished\":\"2025-02-07T13:35:24+00:00\",\"mainEntityOfPage\":{\"@id\":\"https:\\\/\\\/www.gm.adv.br\\\/site\\\/2025\\\/02\\\/07\\\/reforma-tributaria-confira-vetor-e-o-que-muda-com-sancao-de-regulamentacao\\\/\"},\"wordCount\":299,\"publisher\":{\"@id\":\"https:\\\/\\\/www.gm.adv.br\\\/site\\\/#organization\"},\"image\":{\"@id\":\"https:\\\/\\\/www.gm.adv.br\\\/site\\\/2025\\\/02\\\/07\\\/reforma-tributaria-confira-vetor-e-o-que-muda-com-sancao-de-regulamentacao\\\/#primaryimage\"},\"thumbnailUrl\":\"https:\\\/\\\/www.gm.adv.br\\\/site\\\/wp-content\\\/uploads\\\/2025\\\/02\\\/WhatsApp-Image-2025-01-27-at-11.10.22.jpeg\",\"keywords\":[\"direito\",\"direito tributario\",\"reforma tributaria\"],\"articleSection\":[\"Blog\",\"Noticias\"],\"inLanguage\":\"pt-BR\"},{\"@type\":\"WebPage\",\"@id\":\"https:\\\/\\\/www.gm.adv.br\\\/site\\\/2025\\\/02\\\/07\\\/reforma-tributaria-confira-vetor-e-o-que-muda-com-sancao-de-regulamentacao\\\/\",\"url\":\"https:\\\/\\\/www.gm.adv.br\\\/site\\\/2025\\\/02\\\/07\\\/reforma-tributaria-confira-vetor-e-o-que-muda-com-sancao-de-regulamentacao\\\/\",\"name\":\"Reforma Tribut\u00e1ria: Confira Vetor e o que Muda com San\u00e7\u00e3o de Regulamenta\u00e7\u00e3o - Guaresi &amp; Mill\u00e9o Advogados Associados | Escrit\u00f3rio de Advocacia em Conc\u00f3rdia-SC | 30 Anos de Experi\u00eancia\",\"isPartOf\":{\"@id\":\"https:\\\/\\\/www.gm.adv.br\\\/site\\\/#website\"},\"primaryImageOfPage\":{\"@id\":\"https:\\\/\\\/www.gm.adv.br\\\/site\\\/2025\\\/02\\\/07\\\/reforma-tributaria-confira-vetor-e-o-que-muda-com-sancao-de-regulamentacao\\\/#primaryimage\"},\"image\":{\"@id\":\"https:\\\/\\\/www.gm.adv.br\\\/site\\\/2025\\\/02\\\/07\\\/reforma-tributaria-confira-vetor-e-o-que-muda-com-sancao-de-regulamentacao\\\/#primaryimage\"},\"thumbnailUrl\":\"https:\\\/\\\/www.gm.adv.br\\\/site\\\/wp-content\\\/uploads\\\/2025\\\/02\\\/WhatsApp-Image-2025-01-27-at-11.10.22.jpeg\",\"datePublished\":\"2025-02-07T13:35:24+00:00\",\"description\":\"Reforma Tribut\u00e1ria: Confira Vetor e o que Muda com San\u00e7\u00e3o de Regulamenta\u00e7\u00e3o - Guaresi &amp; Mill\u00e9o Advogados Associados | Escrit\u00f3rio de Advocacia em Conc\u00f3rdia-SC | 30 Anos de Experi\u00eancia\",\"breadcrumb\":{\"@id\":\"https:\\\/\\\/www.gm.adv.br\\\/site\\\/2025\\\/02\\\/07\\\/reforma-tributaria-confira-vetor-e-o-que-muda-com-sancao-de-regulamentacao\\\/#breadcrumb\"},\"inLanguage\":\"pt-BR\",\"potentialAction\":[{\"@type\":\"ReadAction\",\"target\":[\"https:\\\/\\\/www.gm.adv.br\\\/site\\\/2025\\\/02\\\/07\\\/reforma-tributaria-confira-vetor-e-o-que-muda-com-sancao-de-regulamentacao\\\/\"]}]},{\"@type\":\"ImageObject\",\"inLanguage\":\"pt-BR\",\"@id\":\"https:\\\/\\\/www.gm.adv.br\\\/site\\\/2025\\\/02\\\/07\\\/reforma-tributaria-confira-vetor-e-o-que-muda-com-sancao-de-regulamentacao\\\/#primaryimage\",\"url\":\"https:\\\/\\\/www.gm.adv.br\\\/site\\\/wp-content\\\/uploads\\\/2025\\\/02\\\/WhatsApp-Image-2025-01-27-at-11.10.22.jpeg\",\"contentUrl\":\"https:\\\/\\\/www.gm.adv.br\\\/site\\\/wp-content\\\/uploads\\\/2025\\\/02\\\/WhatsApp-Image-2025-01-27-at-11.10.22.jpeg\",\"width\":1203,\"height\":677},{\"@type\":\"BreadcrumbList\",\"@id\":\"https:\\\/\\\/www.gm.adv.br\\\/site\\\/2025\\\/02\\\/07\\\/reforma-tributaria-confira-vetor-e-o-que-muda-com-sancao-de-regulamentacao\\\/#breadcrumb\",\"itemListElement\":[{\"@type\":\"ListItem\",\"position\":1,\"name\":\"In\u00edcio\",\"item\":\"https:\\\/\\\/www.gm.adv.br\\\/site\\\/\"},{\"@type\":\"ListItem\",\"position\":2,\"name\":\"Reforma Tribut\u00e1ria: Confira Vetor e o que Muda com San\u00e7\u00e3o de Regulamenta\u00e7\u00e3o\"}]},{\"@type\":\"WebSite\",\"@id\":\"https:\\\/\\\/www.gm.adv.br\\\/site\\\/#website\",\"url\":\"https:\\\/\\\/www.gm.adv.br\\\/site\\\/\",\"name\":\"Guaresi & Mill\u00e9o Advogados Associados | Escrit\u00f3rio de Advocacia em Conc\u00f3rdia-SC | 30 Anos de Experi\u00eanci\",\"description\":\"Advocacia Direito Banc\u00e1rio, Tribut\u00e1rio, Trabalhista, C\u00edvil, P\u00fablica, Municipal, Advogados Associados Guaresi e Mill\u00e9o  |  Conc\u00f3rdia SC\",\"publisher\":{\"@id\":\"https:\\\/\\\/www.gm.adv.br\\\/site\\\/#organization\"},\"alternateName\":\"Guaresi e Mill\u00e9o Escrit\u00f3rio de Advocacia e Consultoria em Conc\u00f3rdia-SC\",\"potentialAction\":[{\"@type\":\"SearchAction\",\"target\":{\"@type\":\"EntryPoint\",\"urlTemplate\":\"https:\\\/\\\/www.gm.adv.br\\\/site\\\/?s={search_term_string}\"},\"query-input\":{\"@type\":\"PropertyValueSpecification\",\"valueRequired\":true,\"valueName\":\"search_term_string\"}}],\"inLanguage\":\"pt-BR\"},{\"@type\":\"Organization\",\"@id\":\"https:\\\/\\\/www.gm.adv.br\\\/site\\\/#organization\",\"name\":\"Guaresi & Milleo Advogados Associados em Conc\u00f3rdia SC\",\"alternateName\":\"Guaresi e Milleo Advocacia e Consultoria\",\"url\":\"https:\\\/\\\/www.gm.adv.br\\\/site\\\/\",\"logo\":{\"@type\":\"ImageObject\",\"inLanguage\":\"pt-BR\",\"@id\":\"https:\\\/\\\/www.gm.adv.br\\\/site\\\/#\\\/schema\\\/logo\\\/image\\\/\",\"url\":\"https:\\\/\\\/www.gm.adv.br\\\/site\\\/wp-content\\\/uploads\\\/2025\\\/07\\\/cropped-icone-512.webp\",\"contentUrl\":\"https:\\\/\\\/www.gm.adv.br\\\/site\\\/wp-content\\\/uploads\\\/2025\\\/07\\\/cropped-icone-512.webp\",\"width\":512,\"height\":512,\"caption\":\"Guaresi & Milleo Advogados Associados em Conc\u00f3rdia SC\"},\"image\":{\"@id\":\"https:\\\/\\\/www.gm.adv.br\\\/site\\\/#\\\/schema\\\/logo\\\/image\\\/\"},\"sameAs\":[\"https:\\\/\\\/www.facebook.com\\\/GuaresiMilleoAdvogados\",\"https:\\\/\\\/www.instagram.com\\\/guaresiemilleo\\\/\",\"https:\\\/\\\/br.linkedin.com\\\/company\\\/guaresimilleo\"]},{\"@type\":\"Person\",\"@id\":\"https:\\\/\\\/www.gm.adv.br\\\/site\\\/#\\\/schema\\\/person\\\/7d633a2abab0d9b94253af6efc36428f\",\"name\":\"admin\",\"image\":{\"@type\":\"ImageObject\",\"inLanguage\":\"pt-BR\",\"@id\":\"https:\\\/\\\/secure.gravatar.com\\\/avatar\\\/c8bb173d280f7d1e50b67bb649de269247430499695ba3ee451b6289436d1d39?s=96&d=mm&r=g\",\"url\":\"https:\\\/\\\/secure.gravatar.com\\\/avatar\\\/c8bb173d280f7d1e50b67bb649de269247430499695ba3ee451b6289436d1d39?s=96&d=mm&r=g\",\"contentUrl\":\"https:\\\/\\\/secure.gravatar.com\\\/avatar\\\/c8bb173d280f7d1e50b67bb649de269247430499695ba3ee451b6289436d1d39?s=96&d=mm&r=g\",\"caption\":\"admin\"},\"sameAs\":[\"https:\\\/\\\/www.gm.adv.br\\\/site\"],\"url\":\"https:\\\/\\\/www.gm.adv.br\\\/site\\\/author\\\/admin\\\/\"}]}<\/script>\n<!-- \/ Yoast SEO plugin. -->","yoast_head_json":{"title":"Reforma Tribut\u00e1ria: Confira Vetor e o que Muda com San\u00e7\u00e3o de Regulamenta\u00e7\u00e3o - Guaresi &amp; Mill\u00e9o Advogados Associados | Escrit\u00f3rio de Advocacia em Conc\u00f3rdia-SC | 30 Anos de Experi\u00eancia","description":"Reforma Tribut\u00e1ria: Confira Vetor e o que Muda com San\u00e7\u00e3o de Regulamenta\u00e7\u00e3o - Guaresi &amp; Mill\u00e9o Advogados Associados | Escrit\u00f3rio de Advocacia em Conc\u00f3rdia-SC | 30 Anos de Experi\u00eancia","robots":{"index":"index","follow":"follow","max-snippet":"max-snippet:-1","max-image-preview":"max-image-preview:large","max-video-preview":"max-video-preview:-1"},"canonical":"https:\/\/www.gm.adv.br\/site\/2025\/02\/07\/reforma-tributaria-confira-vetor-e-o-que-muda-com-sancao-de-regulamentacao\/","og_locale":"pt_BR","og_type":"article","og_title":"Reforma Tribut\u00e1ria: Confira Vetor e o que Muda com San\u00e7\u00e3o de Regulamenta\u00e7\u00e3o - Guaresi &amp; Mill\u00e9o Advogados Associados | Escrit\u00f3rio de Advocacia em Conc\u00f3rdia-SC | 30 Anos de Experi\u00eancia","og_description":"Reforma Tribut\u00e1ria: Confira Vetor e o que Muda com San\u00e7\u00e3o de Regulamenta\u00e7\u00e3o - Guaresi &amp; Mill\u00e9o Advogados Associados | Escrit\u00f3rio de Advocacia em Conc\u00f3rdia-SC | 30 Anos de Experi\u00eancia","og_url":"https:\/\/www.gm.adv.br\/site\/2025\/02\/07\/reforma-tributaria-confira-vetor-e-o-que-muda-com-sancao-de-regulamentacao\/","og_site_name":"Guaresi &amp; Mill\u00e9o Advogados Associados | Escrit\u00f3rio de Advocacia em Conc\u00f3rdia-SC | 30 Anos de Experi\u00eancia","article_publisher":"https:\/\/www.facebook.com\/GuaresiMilleoAdvogados","article_published_time":"2025-02-07T13:35:24+00:00","og_image":[{"width":1203,"height":677,"url":"https:\/\/www.gm.adv.br\/site\/wp-content\/uploads\/2025\/02\/WhatsApp-Image-2025-01-27-at-11.10.22.jpeg","type":"image\/jpeg"}],"author":"admin","twitter_card":"summary_large_image","twitter_misc":{"Escrito por":"admin","Est. tempo de leitura":"2 minutos"},"schema":{"@context":"https:\/\/schema.org","@graph":[{"@type":"Article","@id":"https:\/\/www.gm.adv.br\/site\/2025\/02\/07\/reforma-tributaria-confira-vetor-e-o-que-muda-com-sancao-de-regulamentacao\/#article","isPartOf":{"@id":"https:\/\/www.gm.adv.br\/site\/2025\/02\/07\/reforma-tributaria-confira-vetor-e-o-que-muda-com-sancao-de-regulamentacao\/"},"author":{"name":"admin","@id":"https:\/\/www.gm.adv.br\/site\/#\/schema\/person\/7d633a2abab0d9b94253af6efc36428f"},"headline":"Reforma Tribut\u00e1ria: Confira Vetor e o que Muda com San\u00e7\u00e3o de Regulamenta\u00e7\u00e3o","datePublished":"2025-02-07T13:35:24+00:00","mainEntityOfPage":{"@id":"https:\/\/www.gm.adv.br\/site\/2025\/02\/07\/reforma-tributaria-confira-vetor-e-o-que-muda-com-sancao-de-regulamentacao\/"},"wordCount":299,"publisher":{"@id":"https:\/\/www.gm.adv.br\/site\/#organization"},"image":{"@id":"https:\/\/www.gm.adv.br\/site\/2025\/02\/07\/reforma-tributaria-confira-vetor-e-o-que-muda-com-sancao-de-regulamentacao\/#primaryimage"},"thumbnailUrl":"https:\/\/www.gm.adv.br\/site\/wp-content\/uploads\/2025\/02\/WhatsApp-Image-2025-01-27-at-11.10.22.jpeg","keywords":["direito","direito tributario","reforma tributaria"],"articleSection":["Blog","Noticias"],"inLanguage":"pt-BR"},{"@type":"WebPage","@id":"https:\/\/www.gm.adv.br\/site\/2025\/02\/07\/reforma-tributaria-confira-vetor-e-o-que-muda-com-sancao-de-regulamentacao\/","url":"https:\/\/www.gm.adv.br\/site\/2025\/02\/07\/reforma-tributaria-confira-vetor-e-o-que-muda-com-sancao-de-regulamentacao\/","name":"Reforma Tribut\u00e1ria: Confira Vetor e o que Muda com San\u00e7\u00e3o de Regulamenta\u00e7\u00e3o - Guaresi &amp; Mill\u00e9o Advogados Associados | Escrit\u00f3rio de Advocacia em Conc\u00f3rdia-SC | 30 Anos de Experi\u00eancia","isPartOf":{"@id":"https:\/\/www.gm.adv.br\/site\/#website"},"primaryImageOfPage":{"@id":"https:\/\/www.gm.adv.br\/site\/2025\/02\/07\/reforma-tributaria-confira-vetor-e-o-que-muda-com-sancao-de-regulamentacao\/#primaryimage"},"image":{"@id":"https:\/\/www.gm.adv.br\/site\/2025\/02\/07\/reforma-tributaria-confira-vetor-e-o-que-muda-com-sancao-de-regulamentacao\/#primaryimage"},"thumbnailUrl":"https:\/\/www.gm.adv.br\/site\/wp-content\/uploads\/2025\/02\/WhatsApp-Image-2025-01-27-at-11.10.22.jpeg","datePublished":"2025-02-07T13:35:24+00:00","description":"Reforma Tribut\u00e1ria: Confira Vetor e o que Muda com San\u00e7\u00e3o de Regulamenta\u00e7\u00e3o - Guaresi &amp; Mill\u00e9o Advogados Associados | Escrit\u00f3rio de Advocacia em Conc\u00f3rdia-SC | 30 Anos de Experi\u00eancia","breadcrumb":{"@id":"https:\/\/www.gm.adv.br\/site\/2025\/02\/07\/reforma-tributaria-confira-vetor-e-o-que-muda-com-sancao-de-regulamentacao\/#breadcrumb"},"inLanguage":"pt-BR","potentialAction":[{"@type":"ReadAction","target":["https:\/\/www.gm.adv.br\/site\/2025\/02\/07\/reforma-tributaria-confira-vetor-e-o-que-muda-com-sancao-de-regulamentacao\/"]}]},{"@type":"ImageObject","inLanguage":"pt-BR","@id":"https:\/\/www.gm.adv.br\/site\/2025\/02\/07\/reforma-tributaria-confira-vetor-e-o-que-muda-com-sancao-de-regulamentacao\/#primaryimage","url":"https:\/\/www.gm.adv.br\/site\/wp-content\/uploads\/2025\/02\/WhatsApp-Image-2025-01-27-at-11.10.22.jpeg","contentUrl":"https:\/\/www.gm.adv.br\/site\/wp-content\/uploads\/2025\/02\/WhatsApp-Image-2025-01-27-at-11.10.22.jpeg","width":1203,"height":677},{"@type":"BreadcrumbList","@id":"https:\/\/www.gm.adv.br\/site\/2025\/02\/07\/reforma-tributaria-confira-vetor-e-o-que-muda-com-sancao-de-regulamentacao\/#breadcrumb","itemListElement":[{"@type":"ListItem","position":1,"name":"In\u00edcio","item":"https:\/\/www.gm.adv.br\/site\/"},{"@type":"ListItem","position":2,"name":"Reforma Tribut\u00e1ria: Confira Vetor e o que Muda com San\u00e7\u00e3o de Regulamenta\u00e7\u00e3o"}]},{"@type":"WebSite","@id":"https:\/\/www.gm.adv.br\/site\/#website","url":"https:\/\/www.gm.adv.br\/site\/","name":"Guaresi & Mill\u00e9o Advogados Associados | Escrit\u00f3rio de Advocacia em Conc\u00f3rdia-SC | 30 Anos de Experi\u00eanci","description":"Advocacia Direito Banc\u00e1rio, Tribut\u00e1rio, Trabalhista, C\u00edvil, P\u00fablica, Municipal, Advogados Associados Guaresi e Mill\u00e9o  |  Conc\u00f3rdia SC","publisher":{"@id":"https:\/\/www.gm.adv.br\/site\/#organization"},"alternateName":"Guaresi e Mill\u00e9o Escrit\u00f3rio de Advocacia e Consultoria em Conc\u00f3rdia-SC","potentialAction":[{"@type":"SearchAction","target":{"@type":"EntryPoint","urlTemplate":"https:\/\/www.gm.adv.br\/site\/?s={search_term_string}"},"query-input":{"@type":"PropertyValueSpecification","valueRequired":true,"valueName":"search_term_string"}}],"inLanguage":"pt-BR"},{"@type":"Organization","@id":"https:\/\/www.gm.adv.br\/site\/#organization","name":"Guaresi & Milleo Advogados Associados em Conc\u00f3rdia SC","alternateName":"Guaresi e Milleo Advocacia e Consultoria","url":"https:\/\/www.gm.adv.br\/site\/","logo":{"@type":"ImageObject","inLanguage":"pt-BR","@id":"https:\/\/www.gm.adv.br\/site\/#\/schema\/logo\/image\/","url":"https:\/\/www.gm.adv.br\/site\/wp-content\/uploads\/2025\/07\/cropped-icone-512.webp","contentUrl":"https:\/\/www.gm.adv.br\/site\/wp-content\/uploads\/2025\/07\/cropped-icone-512.webp","width":512,"height":512,"caption":"Guaresi & Milleo Advogados Associados em Conc\u00f3rdia SC"},"image":{"@id":"https:\/\/www.gm.adv.br\/site\/#\/schema\/logo\/image\/"},"sameAs":["https:\/\/www.facebook.com\/GuaresiMilleoAdvogados","https:\/\/www.instagram.com\/guaresiemilleo\/","https:\/\/br.linkedin.com\/company\/guaresimilleo"]},{"@type":"Person","@id":"https:\/\/www.gm.adv.br\/site\/#\/schema\/person\/7d633a2abab0d9b94253af6efc36428f","name":"admin","image":{"@type":"ImageObject","inLanguage":"pt-BR","@id":"https:\/\/secure.gravatar.com\/avatar\/c8bb173d280f7d1e50b67bb649de269247430499695ba3ee451b6289436d1d39?s=96&d=mm&r=g","url":"https:\/\/secure.gravatar.com\/avatar\/c8bb173d280f7d1e50b67bb649de269247430499695ba3ee451b6289436d1d39?s=96&d=mm&r=g","contentUrl":"https:\/\/secure.gravatar.com\/avatar\/c8bb173d280f7d1e50b67bb649de269247430499695ba3ee451b6289436d1d39?s=96&d=mm&r=g","caption":"admin"},"sameAs":["https:\/\/www.gm.adv.br\/site"],"url":"https:\/\/www.gm.adv.br\/site\/author\/admin\/"}]}},"_links":{"self":[{"href":"https:\/\/www.gm.adv.br\/site\/wp-json\/wp\/v2\/posts\/5336","targetHints":{"allow":["GET"]}}],"collection":[{"href":"https:\/\/www.gm.adv.br\/site\/wp-json\/wp\/v2\/posts"}],"about":[{"href":"https:\/\/www.gm.adv.br\/site\/wp-json\/wp\/v2\/types\/post"}],"author":[{"embeddable":true,"href":"https:\/\/www.gm.adv.br\/site\/wp-json\/wp\/v2\/users\/1"}],"replies":[{"embeddable":true,"href":"https:\/\/www.gm.adv.br\/site\/wp-json\/wp\/v2\/comments?post=5336"}],"version-history":[{"count":0,"href":"https:\/\/www.gm.adv.br\/site\/wp-json\/wp\/v2\/posts\/5336\/revisions"}],"wp:featuredmedia":[{"embeddable":true,"href":"https:\/\/www.gm.adv.br\/site\/wp-json\/wp\/v2\/media\/5337"}],"wp:attachment":[{"href":"https:\/\/www.gm.adv.br\/site\/wp-json\/wp\/v2\/media?parent=5336"}],"wp:term":[{"taxonomy":"category","embeddable":true,"href":"https:\/\/www.gm.adv.br\/site\/wp-json\/wp\/v2\/categories?post=5336"},{"taxonomy":"post_tag","embeddable":true,"href":"https:\/\/www.gm.adv.br\/site\/wp-json\/wp\/v2\/tags?post=5336"}],"curies":[{"name":"wp","href":"https:\/\/api.w.org\/{rel}","templated":true}]}}