{"id":5333,"date":"2025-02-07T10:30:11","date_gmt":"2025-02-07T13:30:11","guid":{"rendered":"https:\/\/gm.adv.br\/?p=5333"},"modified":"2025-02-07T10:30:11","modified_gmt":"2025-02-07T13:30:11","slug":"plano-nao-pode-limitar-sessoes-de-psicomotricidade-nem-exigir-formacao-do-profissional-em-psicologia","status":"publish","type":"post","link":"https:\/\/www.gm.adv.br\/site\/2025\/02\/07\/plano-nao-pode-limitar-sessoes-de-psicomotricidade-nem-exigir-formacao-do-profissional-em-psicologia\/","title":{"rendered":"Plano n\u00e3o Pode Limitar Sess\u00f5es de Psicomotricidade nem Exigir Forma\u00e7\u00e3o do Profissional em Psicologia"},"content":{"rendered":"<p>A Terceira Turma do Superior Tribunal de Justi\u00e7a (STJ) determinou que as operadoras de planos de sa\u00fade devem custear o tratamento de psicomotricidade sem impor limite no n\u00famero de sess\u00f5es anuais e sem exigir forma\u00e7\u00e3o em psicologia do profissional respons\u00e1vel pelo servi\u00e7o.<\/p>\n<p>O caso envolveu uma a\u00e7\u00e3o contra uma operadora de plano de sa\u00fade, que havia negado a cobertura de sess\u00f5es de psicomotricidade, parte de um tratamento multidisciplinar, realizadas por um enfermeiro. As inst\u00e2ncias inferiores acolheram o pedido do autor. No recurso ao STJ, a operadora argumentou que a Ag\u00eancia Nacional de Sa\u00fade Suplementar (ANS) n\u00e3o exige a cobertura de psicomotricidade quando o servi\u00e7o n\u00e3o \u00e9 prestado por psic\u00f3logo, e que a ANS limita a cobertura a 18 sess\u00f5es anuais com psic\u00f3logos.<\/p>\n<p>A ministra Nancy Andrighi, relatora do caso, rejeitou a justificativa da operadora, afirmando que o atendimento pode ser realizado por profissionais com p\u00f3s-gradua\u00e7\u00e3o em \u00e1reas de sa\u00fade ou educa\u00e7\u00e3o e especializa\u00e7\u00e3o em psicomotricidade. Ela tamb\u00e9m esclareceu que, no rol de procedimentos da ANS, as sess\u00f5es de psicomotricidade s\u00e3o inclu\u00eddas como parte de tratamentos de reeduca\u00e7\u00e3o e reabilita\u00e7\u00e3o, sem restri\u00e7\u00e3o quanto ao n\u00famero de sess\u00f5es. Por fim, a ministra concluiu que n\u00e3o procede a tentativa de limitar o tratamento a 18 sess\u00f5es anuais.<br \/>\nO n\u00famero do processo \u00e9 mantido em segredo judicial.<\/p>\n<p>Fonte: STJ<\/p>\n","protected":false},"excerpt":{"rendered":"<p>A Terceira Turma do Superior Tribunal de Justi\u00e7a (STJ) determinou que as operadoras de planos de sa\u00fade devem custear o tratamento de psicomotricidade sem impor limite no n\u00famero de sess\u00f5es anuais e sem exigir forma\u00e7\u00e3o em psicologia do profissional respons\u00e1vel pelo servi\u00e7o. O caso envolveu uma a\u00e7\u00e3o contra uma operadora de plano de sa\u00fade, que [&#8230;]\n","protected":false},"author":1,"featured_media":5335,"comment_status":"closed","ping_status":"closed","sticky":false,"template":"","format":"standard","meta":{"footnotes":""},"categories":[74,73],"tags":[83,118],"class_list":["post-5333","post","type-post","status-publish","format-standard","has-post-thumbnail","hentry","category-blog","category-artigos","tag-direito","tag-stj"],"yoast_head":"<!-- This site is optimized with the Yoast SEO plugin v27.5 - https:\/\/yoast.com\/product\/yoast-seo-wordpress\/ -->\n<title>Plano n\u00e3o Pode Limitar Sess\u00f5es de Psicomotricidade nem Exigir Forma\u00e7\u00e3o do Profissional em Psicologia - Guaresi &amp; Mill\u00e9o Advogados Associados | Escrit\u00f3rio de Advocacia em Conc\u00f3rdia-SC | 30 Anos de Experi\u00eancia<\/title>\n<meta name=\"description\" content=\"Plano n\u00e3o Pode Limitar Sess\u00f5es de Psicomotricidade nem Exigir Forma\u00e7\u00e3o do Profissional em Psicologia - Guaresi &amp; Mill\u00e9o Advogados Associados | Escrit\u00f3rio de Advocacia em Conc\u00f3rdia-SC | 30 Anos de Experi\u00eancia\" \/>\n<meta name=\"robots\" content=\"index, follow, max-snippet:-1, max-image-preview:large, max-video-preview:-1\" \/>\n<link rel=\"canonical\" href=\"https:\/\/www.gm.adv.br\/site\/2025\/02\/07\/plano-nao-pode-limitar-sessoes-de-psicomotricidade-nem-exigir-formacao-do-profissional-em-psicologia\/\" \/>\n<meta property=\"og:locale\" content=\"pt_BR\" \/>\n<meta property=\"og:type\" content=\"article\" \/>\n<meta property=\"og:title\" content=\"Plano n\u00e3o Pode Limitar Sess\u00f5es de Psicomotricidade nem Exigir Forma\u00e7\u00e3o do Profissional em Psicologia - Guaresi &amp; Mill\u00e9o Advogados Associados | Escrit\u00f3rio de Advocacia em Conc\u00f3rdia-SC | 30 Anos de Experi\u00eancia\" \/>\n<meta property=\"og:description\" content=\"Plano n\u00e3o Pode Limitar Sess\u00f5es de Psicomotricidade nem Exigir Forma\u00e7\u00e3o do Profissional em Psicologia - Guaresi &amp; Mill\u00e9o Advogados Associados | Escrit\u00f3rio de Advocacia em Conc\u00f3rdia-SC | 30 Anos de Experi\u00eancia\" \/>\n<meta property=\"og:url\" content=\"https:\/\/www.gm.adv.br\/site\/2025\/02\/07\/plano-nao-pode-limitar-sessoes-de-psicomotricidade-nem-exigir-formacao-do-profissional-em-psicologia\/\" \/>\n<meta property=\"og:site_name\" content=\"Guaresi &amp; Mill\u00e9o Advogados Associados | Escrit\u00f3rio de Advocacia em Conc\u00f3rdia-SC | 30 Anos de Experi\u00eancia\" \/>\n<meta property=\"article:publisher\" content=\"https:\/\/www.facebook.com\/GuaresiMilleoAdvogados\" \/>\n<meta property=\"article:published_time\" content=\"2025-02-07T13:30:11+00:00\" \/>\n<meta property=\"og:image\" content=\"https:\/\/www.gm.adv.br\/site\/wp-content\/uploads\/2025\/02\/low-angle-mother-child-playing-together-scaled-1.jpg\" \/>\n\t<meta property=\"og:image:width\" content=\"2560\" \/>\n\t<meta property=\"og:image:height\" content=\"1440\" \/>\n\t<meta property=\"og:image:type\" content=\"image\/jpeg\" \/>\n<meta name=\"author\" content=\"admin\" \/>\n<meta name=\"twitter:card\" content=\"summary_large_image\" \/>\n<meta name=\"twitter:label1\" content=\"Escrito por\" \/>\n\t<meta name=\"twitter:data1\" content=\"admin\" \/>\n\t<meta name=\"twitter:label2\" content=\"Est. tempo de leitura\" \/>\n\t<meta name=\"twitter:data2\" content=\"2 minutos\" \/>\n<script type=\"application\/ld+json\" class=\"yoast-schema-graph\">{\"@context\":\"https:\\\/\\\/schema.org\",\"@graph\":[{\"@type\":\"Article\",\"@id\":\"https:\\\/\\\/www.gm.adv.br\\\/site\\\/2025\\\/02\\\/07\\\/plano-nao-pode-limitar-sessoes-de-psicomotricidade-nem-exigir-formacao-do-profissional-em-psicologia\\\/#article\",\"isPartOf\":{\"@id\":\"https:\\\/\\\/www.gm.adv.br\\\/site\\\/2025\\\/02\\\/07\\\/plano-nao-pode-limitar-sessoes-de-psicomotricidade-nem-exigir-formacao-do-profissional-em-psicologia\\\/\"},\"author\":{\"name\":\"admin\",\"@id\":\"https:\\\/\\\/www.gm.adv.br\\\/site\\\/#\\\/schema\\\/person\\\/7d633a2abab0d9b94253af6efc36428f\"},\"headline\":\"Plano n\u00e3o Pode Limitar Sess\u00f5es de Psicomotricidade nem Exigir Forma\u00e7\u00e3o do Profissional em Psicologia\",\"datePublished\":\"2025-02-07T13:30:11+00:00\",\"mainEntityOfPage\":{\"@id\":\"https:\\\/\\\/www.gm.adv.br\\\/site\\\/2025\\\/02\\\/07\\\/plano-nao-pode-limitar-sessoes-de-psicomotricidade-nem-exigir-formacao-do-profissional-em-psicologia\\\/\"},\"wordCount\":264,\"publisher\":{\"@id\":\"https:\\\/\\\/www.gm.adv.br\\\/site\\\/#organization\"},\"image\":{\"@id\":\"https:\\\/\\\/www.gm.adv.br\\\/site\\\/2025\\\/02\\\/07\\\/plano-nao-pode-limitar-sessoes-de-psicomotricidade-nem-exigir-formacao-do-profissional-em-psicologia\\\/#primaryimage\"},\"thumbnailUrl\":\"https:\\\/\\\/www.gm.adv.br\\\/site\\\/wp-content\\\/uploads\\\/2025\\\/02\\\/low-angle-mother-child-playing-together-scaled-1.jpg\",\"keywords\":[\"direito\",\"Stj\"],\"articleSection\":[\"Blog\",\"Noticias\"],\"inLanguage\":\"pt-BR\"},{\"@type\":\"WebPage\",\"@id\":\"https:\\\/\\\/www.gm.adv.br\\\/site\\\/2025\\\/02\\\/07\\\/plano-nao-pode-limitar-sessoes-de-psicomotricidade-nem-exigir-formacao-do-profissional-em-psicologia\\\/\",\"url\":\"https:\\\/\\\/www.gm.adv.br\\\/site\\\/2025\\\/02\\\/07\\\/plano-nao-pode-limitar-sessoes-de-psicomotricidade-nem-exigir-formacao-do-profissional-em-psicologia\\\/\",\"name\":\"Plano n\u00e3o Pode Limitar Sess\u00f5es de Psicomotricidade nem Exigir Forma\u00e7\u00e3o do Profissional em Psicologia - Guaresi &amp; Mill\u00e9o Advogados Associados | Escrit\u00f3rio de Advocacia em Conc\u00f3rdia-SC | 30 Anos de Experi\u00eancia\",\"isPartOf\":{\"@id\":\"https:\\\/\\\/www.gm.adv.br\\\/site\\\/#website\"},\"primaryImageOfPage\":{\"@id\":\"https:\\\/\\\/www.gm.adv.br\\\/site\\\/2025\\\/02\\\/07\\\/plano-nao-pode-limitar-sessoes-de-psicomotricidade-nem-exigir-formacao-do-profissional-em-psicologia\\\/#primaryimage\"},\"image\":{\"@id\":\"https:\\\/\\\/www.gm.adv.br\\\/site\\\/2025\\\/02\\\/07\\\/plano-nao-pode-limitar-sessoes-de-psicomotricidade-nem-exigir-formacao-do-profissional-em-psicologia\\\/#primaryimage\"},\"thumbnailUrl\":\"https:\\\/\\\/www.gm.adv.br\\\/site\\\/wp-content\\\/uploads\\\/2025\\\/02\\\/low-angle-mother-child-playing-together-scaled-1.jpg\",\"datePublished\":\"2025-02-07T13:30:11+00:00\",\"description\":\"Plano n\u00e3o Pode Limitar Sess\u00f5es de Psicomotricidade nem Exigir Forma\u00e7\u00e3o do Profissional em Psicologia - Guaresi &amp; Mill\u00e9o Advogados Associados | Escrit\u00f3rio de Advocacia em Conc\u00f3rdia-SC | 30 Anos de Experi\u00eancia\",\"breadcrumb\":{\"@id\":\"https:\\\/\\\/www.gm.adv.br\\\/site\\\/2025\\\/02\\\/07\\\/plano-nao-pode-limitar-sessoes-de-psicomotricidade-nem-exigir-formacao-do-profissional-em-psicologia\\\/#breadcrumb\"},\"inLanguage\":\"pt-BR\",\"potentialAction\":[{\"@type\":\"ReadAction\",\"target\":[\"https:\\\/\\\/www.gm.adv.br\\\/site\\\/2025\\\/02\\\/07\\\/plano-nao-pode-limitar-sessoes-de-psicomotricidade-nem-exigir-formacao-do-profissional-em-psicologia\\\/\"]}]},{\"@type\":\"ImageObject\",\"inLanguage\":\"pt-BR\",\"@id\":\"https:\\\/\\\/www.gm.adv.br\\\/site\\\/2025\\\/02\\\/07\\\/plano-nao-pode-limitar-sessoes-de-psicomotricidade-nem-exigir-formacao-do-profissional-em-psicologia\\\/#primaryimage\",\"url\":\"https:\\\/\\\/www.gm.adv.br\\\/site\\\/wp-content\\\/uploads\\\/2025\\\/02\\\/low-angle-mother-child-playing-together-scaled-1.jpg\",\"contentUrl\":\"https:\\\/\\\/www.gm.adv.br\\\/site\\\/wp-content\\\/uploads\\\/2025\\\/02\\\/low-angle-mother-child-playing-together-scaled-1.jpg\",\"width\":2560,\"height\":1440},{\"@type\":\"BreadcrumbList\",\"@id\":\"https:\\\/\\\/www.gm.adv.br\\\/site\\\/2025\\\/02\\\/07\\\/plano-nao-pode-limitar-sessoes-de-psicomotricidade-nem-exigir-formacao-do-profissional-em-psicologia\\\/#breadcrumb\",\"itemListElement\":[{\"@type\":\"ListItem\",\"position\":1,\"name\":\"In\u00edcio\",\"item\":\"https:\\\/\\\/www.gm.adv.br\\\/site\\\/\"},{\"@type\":\"ListItem\",\"position\":2,\"name\":\"Plano n\u00e3o Pode Limitar Sess\u00f5es de Psicomotricidade nem Exigir Forma\u00e7\u00e3o do Profissional em Psicologia\"}]},{\"@type\":\"WebSite\",\"@id\":\"https:\\\/\\\/www.gm.adv.br\\\/site\\\/#website\",\"url\":\"https:\\\/\\\/www.gm.adv.br\\\/site\\\/\",\"name\":\"Guaresi & Mill\u00e9o Advogados Associados | Escrit\u00f3rio de Advocacia em Conc\u00f3rdia-SC | 30 Anos de Experi\u00eanci\",\"description\":\"Advocacia Direito Banc\u00e1rio, Tribut\u00e1rio, Trabalhista, C\u00edvil, P\u00fablica, Municipal, Advogados Associados Guaresi e Mill\u00e9o  |  Conc\u00f3rdia SC\",\"publisher\":{\"@id\":\"https:\\\/\\\/www.gm.adv.br\\\/site\\\/#organization\"},\"alternateName\":\"Guaresi e Mill\u00e9o Escrit\u00f3rio de Advocacia e Consultoria em Conc\u00f3rdia-SC\",\"potentialAction\":[{\"@type\":\"SearchAction\",\"target\":{\"@type\":\"EntryPoint\",\"urlTemplate\":\"https:\\\/\\\/www.gm.adv.br\\\/site\\\/?s={search_term_string}\"},\"query-input\":{\"@type\":\"PropertyValueSpecification\",\"valueRequired\":true,\"valueName\":\"search_term_string\"}}],\"inLanguage\":\"pt-BR\"},{\"@type\":\"Organization\",\"@id\":\"https:\\\/\\\/www.gm.adv.br\\\/site\\\/#organization\",\"name\":\"Guaresi & Milleo Advogados Associados em Conc\u00f3rdia SC\",\"alternateName\":\"Guaresi e Milleo Advocacia e Consultoria\",\"url\":\"https:\\\/\\\/www.gm.adv.br\\\/site\\\/\",\"logo\":{\"@type\":\"ImageObject\",\"inLanguage\":\"pt-BR\",\"@id\":\"https:\\\/\\\/www.gm.adv.br\\\/site\\\/#\\\/schema\\\/logo\\\/image\\\/\",\"url\":\"https:\\\/\\\/www.gm.adv.br\\\/site\\\/wp-content\\\/uploads\\\/2025\\\/07\\\/cropped-icone-512.webp\",\"contentUrl\":\"https:\\\/\\\/www.gm.adv.br\\\/site\\\/wp-content\\\/uploads\\\/2025\\\/07\\\/cropped-icone-512.webp\",\"width\":512,\"height\":512,\"caption\":\"Guaresi & Milleo Advogados Associados em Conc\u00f3rdia SC\"},\"image\":{\"@id\":\"https:\\\/\\\/www.gm.adv.br\\\/site\\\/#\\\/schema\\\/logo\\\/image\\\/\"},\"sameAs\":[\"https:\\\/\\\/www.facebook.com\\\/GuaresiMilleoAdvogados\",\"https:\\\/\\\/www.instagram.com\\\/guaresiemilleo\\\/\",\"https:\\\/\\\/br.linkedin.com\\\/company\\\/guaresimilleo\"]},{\"@type\":\"Person\",\"@id\":\"https:\\\/\\\/www.gm.adv.br\\\/site\\\/#\\\/schema\\\/person\\\/7d633a2abab0d9b94253af6efc36428f\",\"name\":\"admin\",\"image\":{\"@type\":\"ImageObject\",\"inLanguage\":\"pt-BR\",\"@id\":\"https:\\\/\\\/secure.gravatar.com\\\/avatar\\\/c8bb173d280f7d1e50b67bb649de269247430499695ba3ee451b6289436d1d39?s=96&d=mm&r=g\",\"url\":\"https:\\\/\\\/secure.gravatar.com\\\/avatar\\\/c8bb173d280f7d1e50b67bb649de269247430499695ba3ee451b6289436d1d39?s=96&d=mm&r=g\",\"contentUrl\":\"https:\\\/\\\/secure.gravatar.com\\\/avatar\\\/c8bb173d280f7d1e50b67bb649de269247430499695ba3ee451b6289436d1d39?s=96&d=mm&r=g\",\"caption\":\"admin\"},\"sameAs\":[\"https:\\\/\\\/www.gm.adv.br\\\/site\"],\"url\":\"https:\\\/\\\/www.gm.adv.br\\\/site\\\/author\\\/admin\\\/\"}]}<\/script>\n<!-- \/ Yoast SEO plugin. -->","yoast_head_json":{"title":"Plano n\u00e3o Pode Limitar Sess\u00f5es de Psicomotricidade nem Exigir Forma\u00e7\u00e3o do Profissional em Psicologia - Guaresi &amp; Mill\u00e9o Advogados Associados | Escrit\u00f3rio de Advocacia em Conc\u00f3rdia-SC | 30 Anos de Experi\u00eancia","description":"Plano n\u00e3o Pode Limitar Sess\u00f5es de Psicomotricidade nem Exigir Forma\u00e7\u00e3o do Profissional em Psicologia - Guaresi &amp; Mill\u00e9o Advogados Associados | Escrit\u00f3rio de Advocacia em Conc\u00f3rdia-SC | 30 Anos de Experi\u00eancia","robots":{"index":"index","follow":"follow","max-snippet":"max-snippet:-1","max-image-preview":"max-image-preview:large","max-video-preview":"max-video-preview:-1"},"canonical":"https:\/\/www.gm.adv.br\/site\/2025\/02\/07\/plano-nao-pode-limitar-sessoes-de-psicomotricidade-nem-exigir-formacao-do-profissional-em-psicologia\/","og_locale":"pt_BR","og_type":"article","og_title":"Plano n\u00e3o Pode Limitar Sess\u00f5es de Psicomotricidade nem Exigir Forma\u00e7\u00e3o do Profissional em Psicologia - Guaresi &amp; Mill\u00e9o Advogados Associados | Escrit\u00f3rio de Advocacia em Conc\u00f3rdia-SC | 30 Anos de Experi\u00eancia","og_description":"Plano n\u00e3o Pode Limitar Sess\u00f5es de Psicomotricidade nem Exigir Forma\u00e7\u00e3o do Profissional em Psicologia - Guaresi &amp; Mill\u00e9o Advogados Associados | Escrit\u00f3rio de Advocacia em Conc\u00f3rdia-SC | 30 Anos de Experi\u00eancia","og_url":"https:\/\/www.gm.adv.br\/site\/2025\/02\/07\/plano-nao-pode-limitar-sessoes-de-psicomotricidade-nem-exigir-formacao-do-profissional-em-psicologia\/","og_site_name":"Guaresi &amp; Mill\u00e9o Advogados Associados | Escrit\u00f3rio de Advocacia em Conc\u00f3rdia-SC | 30 Anos de Experi\u00eancia","article_publisher":"https:\/\/www.facebook.com\/GuaresiMilleoAdvogados","article_published_time":"2025-02-07T13:30:11+00:00","og_image":[{"width":2560,"height":1440,"url":"https:\/\/www.gm.adv.br\/site\/wp-content\/uploads\/2025\/02\/low-angle-mother-child-playing-together-scaled-1.jpg","type":"image\/jpeg"}],"author":"admin","twitter_card":"summary_large_image","twitter_misc":{"Escrito por":"admin","Est. tempo de leitura":"2 minutos"},"schema":{"@context":"https:\/\/schema.org","@graph":[{"@type":"Article","@id":"https:\/\/www.gm.adv.br\/site\/2025\/02\/07\/plano-nao-pode-limitar-sessoes-de-psicomotricidade-nem-exigir-formacao-do-profissional-em-psicologia\/#article","isPartOf":{"@id":"https:\/\/www.gm.adv.br\/site\/2025\/02\/07\/plano-nao-pode-limitar-sessoes-de-psicomotricidade-nem-exigir-formacao-do-profissional-em-psicologia\/"},"author":{"name":"admin","@id":"https:\/\/www.gm.adv.br\/site\/#\/schema\/person\/7d633a2abab0d9b94253af6efc36428f"},"headline":"Plano n\u00e3o Pode Limitar Sess\u00f5es de Psicomotricidade nem Exigir Forma\u00e7\u00e3o do Profissional em Psicologia","datePublished":"2025-02-07T13:30:11+00:00","mainEntityOfPage":{"@id":"https:\/\/www.gm.adv.br\/site\/2025\/02\/07\/plano-nao-pode-limitar-sessoes-de-psicomotricidade-nem-exigir-formacao-do-profissional-em-psicologia\/"},"wordCount":264,"publisher":{"@id":"https:\/\/www.gm.adv.br\/site\/#organization"},"image":{"@id":"https:\/\/www.gm.adv.br\/site\/2025\/02\/07\/plano-nao-pode-limitar-sessoes-de-psicomotricidade-nem-exigir-formacao-do-profissional-em-psicologia\/#primaryimage"},"thumbnailUrl":"https:\/\/www.gm.adv.br\/site\/wp-content\/uploads\/2025\/02\/low-angle-mother-child-playing-together-scaled-1.jpg","keywords":["direito","Stj"],"articleSection":["Blog","Noticias"],"inLanguage":"pt-BR"},{"@type":"WebPage","@id":"https:\/\/www.gm.adv.br\/site\/2025\/02\/07\/plano-nao-pode-limitar-sessoes-de-psicomotricidade-nem-exigir-formacao-do-profissional-em-psicologia\/","url":"https:\/\/www.gm.adv.br\/site\/2025\/02\/07\/plano-nao-pode-limitar-sessoes-de-psicomotricidade-nem-exigir-formacao-do-profissional-em-psicologia\/","name":"Plano n\u00e3o Pode Limitar Sess\u00f5es de Psicomotricidade nem Exigir Forma\u00e7\u00e3o do Profissional em Psicologia - Guaresi &amp; Mill\u00e9o Advogados Associados | Escrit\u00f3rio de Advocacia em Conc\u00f3rdia-SC | 30 Anos de Experi\u00eancia","isPartOf":{"@id":"https:\/\/www.gm.adv.br\/site\/#website"},"primaryImageOfPage":{"@id":"https:\/\/www.gm.adv.br\/site\/2025\/02\/07\/plano-nao-pode-limitar-sessoes-de-psicomotricidade-nem-exigir-formacao-do-profissional-em-psicologia\/#primaryimage"},"image":{"@id":"https:\/\/www.gm.adv.br\/site\/2025\/02\/07\/plano-nao-pode-limitar-sessoes-de-psicomotricidade-nem-exigir-formacao-do-profissional-em-psicologia\/#primaryimage"},"thumbnailUrl":"https:\/\/www.gm.adv.br\/site\/wp-content\/uploads\/2025\/02\/low-angle-mother-child-playing-together-scaled-1.jpg","datePublished":"2025-02-07T13:30:11+00:00","description":"Plano n\u00e3o Pode Limitar Sess\u00f5es de Psicomotricidade nem Exigir Forma\u00e7\u00e3o do Profissional em Psicologia - Guaresi &amp; Mill\u00e9o Advogados Associados | Escrit\u00f3rio de Advocacia em Conc\u00f3rdia-SC | 30 Anos de Experi\u00eancia","breadcrumb":{"@id":"https:\/\/www.gm.adv.br\/site\/2025\/02\/07\/plano-nao-pode-limitar-sessoes-de-psicomotricidade-nem-exigir-formacao-do-profissional-em-psicologia\/#breadcrumb"},"inLanguage":"pt-BR","potentialAction":[{"@type":"ReadAction","target":["https:\/\/www.gm.adv.br\/site\/2025\/02\/07\/plano-nao-pode-limitar-sessoes-de-psicomotricidade-nem-exigir-formacao-do-profissional-em-psicologia\/"]}]},{"@type":"ImageObject","inLanguage":"pt-BR","@id":"https:\/\/www.gm.adv.br\/site\/2025\/02\/07\/plano-nao-pode-limitar-sessoes-de-psicomotricidade-nem-exigir-formacao-do-profissional-em-psicologia\/#primaryimage","url":"https:\/\/www.gm.adv.br\/site\/wp-content\/uploads\/2025\/02\/low-angle-mother-child-playing-together-scaled-1.jpg","contentUrl":"https:\/\/www.gm.adv.br\/site\/wp-content\/uploads\/2025\/02\/low-angle-mother-child-playing-together-scaled-1.jpg","width":2560,"height":1440},{"@type":"BreadcrumbList","@id":"https:\/\/www.gm.adv.br\/site\/2025\/02\/07\/plano-nao-pode-limitar-sessoes-de-psicomotricidade-nem-exigir-formacao-do-profissional-em-psicologia\/#breadcrumb","itemListElement":[{"@type":"ListItem","position":1,"name":"In\u00edcio","item":"https:\/\/www.gm.adv.br\/site\/"},{"@type":"ListItem","position":2,"name":"Plano n\u00e3o Pode Limitar Sess\u00f5es de Psicomotricidade nem Exigir Forma\u00e7\u00e3o do Profissional em Psicologia"}]},{"@type":"WebSite","@id":"https:\/\/www.gm.adv.br\/site\/#website","url":"https:\/\/www.gm.adv.br\/site\/","name":"Guaresi & Mill\u00e9o Advogados Associados | Escrit\u00f3rio de Advocacia em Conc\u00f3rdia-SC | 30 Anos de Experi\u00eanci","description":"Advocacia Direito Banc\u00e1rio, Tribut\u00e1rio, Trabalhista, C\u00edvil, P\u00fablica, Municipal, Advogados Associados Guaresi e Mill\u00e9o  |  Conc\u00f3rdia SC","publisher":{"@id":"https:\/\/www.gm.adv.br\/site\/#organization"},"alternateName":"Guaresi e Mill\u00e9o Escrit\u00f3rio de Advocacia e Consultoria em Conc\u00f3rdia-SC","potentialAction":[{"@type":"SearchAction","target":{"@type":"EntryPoint","urlTemplate":"https:\/\/www.gm.adv.br\/site\/?s={search_term_string}"},"query-input":{"@type":"PropertyValueSpecification","valueRequired":true,"valueName":"search_term_string"}}],"inLanguage":"pt-BR"},{"@type":"Organization","@id":"https:\/\/www.gm.adv.br\/site\/#organization","name":"Guaresi & Milleo Advogados Associados em Conc\u00f3rdia SC","alternateName":"Guaresi e Milleo Advocacia e Consultoria","url":"https:\/\/www.gm.adv.br\/site\/","logo":{"@type":"ImageObject","inLanguage":"pt-BR","@id":"https:\/\/www.gm.adv.br\/site\/#\/schema\/logo\/image\/","url":"https:\/\/www.gm.adv.br\/site\/wp-content\/uploads\/2025\/07\/cropped-icone-512.webp","contentUrl":"https:\/\/www.gm.adv.br\/site\/wp-content\/uploads\/2025\/07\/cropped-icone-512.webp","width":512,"height":512,"caption":"Guaresi & Milleo Advogados Associados em Conc\u00f3rdia SC"},"image":{"@id":"https:\/\/www.gm.adv.br\/site\/#\/schema\/logo\/image\/"},"sameAs":["https:\/\/www.facebook.com\/GuaresiMilleoAdvogados","https:\/\/www.instagram.com\/guaresiemilleo\/","https:\/\/br.linkedin.com\/company\/guaresimilleo"]},{"@type":"Person","@id":"https:\/\/www.gm.adv.br\/site\/#\/schema\/person\/7d633a2abab0d9b94253af6efc36428f","name":"admin","image":{"@type":"ImageObject","inLanguage":"pt-BR","@id":"https:\/\/secure.gravatar.com\/avatar\/c8bb173d280f7d1e50b67bb649de269247430499695ba3ee451b6289436d1d39?s=96&d=mm&r=g","url":"https:\/\/secure.gravatar.com\/avatar\/c8bb173d280f7d1e50b67bb649de269247430499695ba3ee451b6289436d1d39?s=96&d=mm&r=g","contentUrl":"https:\/\/secure.gravatar.com\/avatar\/c8bb173d280f7d1e50b67bb649de269247430499695ba3ee451b6289436d1d39?s=96&d=mm&r=g","caption":"admin"},"sameAs":["https:\/\/www.gm.adv.br\/site"],"url":"https:\/\/www.gm.adv.br\/site\/author\/admin\/"}]}},"_links":{"self":[{"href":"https:\/\/www.gm.adv.br\/site\/wp-json\/wp\/v2\/posts\/5333","targetHints":{"allow":["GET"]}}],"collection":[{"href":"https:\/\/www.gm.adv.br\/site\/wp-json\/wp\/v2\/posts"}],"about":[{"href":"https:\/\/www.gm.adv.br\/site\/wp-json\/wp\/v2\/types\/post"}],"author":[{"embeddable":true,"href":"https:\/\/www.gm.adv.br\/site\/wp-json\/wp\/v2\/users\/1"}],"replies":[{"embeddable":true,"href":"https:\/\/www.gm.adv.br\/site\/wp-json\/wp\/v2\/comments?post=5333"}],"version-history":[{"count":0,"href":"https:\/\/www.gm.adv.br\/site\/wp-json\/wp\/v2\/posts\/5333\/revisions"}],"wp:featuredmedia":[{"embeddable":true,"href":"https:\/\/www.gm.adv.br\/site\/wp-json\/wp\/v2\/media\/5335"}],"wp:attachment":[{"href":"https:\/\/www.gm.adv.br\/site\/wp-json\/wp\/v2\/media?parent=5333"}],"wp:term":[{"taxonomy":"category","embeddable":true,"href":"https:\/\/www.gm.adv.br\/site\/wp-json\/wp\/v2\/categories?post=5333"},{"taxonomy":"post_tag","embeddable":true,"href":"https:\/\/www.gm.adv.br\/site\/wp-json\/wp\/v2\/tags?post=5333"}],"curies":[{"name":"wp","href":"https:\/\/api.w.org\/{rel}","templated":true}]}}