{"id":5326,"date":"2025-01-10T14:07:55","date_gmt":"2025-01-10T17:07:55","guid":{"rendered":"https:\/\/gm.adv.br\/?p=5326"},"modified":"2025-01-10T14:07:55","modified_gmt":"2025-01-10T17:07:55","slug":"reforma-tributaria-ano-estrategico-para-empresas-do-simples-nacional","status":"publish","type":"post","link":"https:\/\/www.gm.adv.br\/site\/2025\/01\/10\/reforma-tributaria-ano-estrategico-para-empresas-do-simples-nacional\/","title":{"rendered":"Reforma tribut\u00e1ria: ano estrat\u00e9gico para empresas do Simples Nacional"},"content":{"rendered":"<p>Novas regras exigir\u00e3o que empreendedores que fazem parte do regime se preparem para evitar perda de competitividade<\/p>\n<p>Com a aprova\u00e7\u00e3o da regulamenta\u00e7\u00e3o da Reforma Tribut\u00e1ria, 2025 ser\u00e1 marcado como um ano de prepara\u00e7\u00e3o estrat\u00e9gica para as empresas enquadradas no Simples Nacional \u2014 regime simplificado de pagamento de tributos. Embora n\u00e3o sofra mudan\u00e7as diretas, as altera\u00e7\u00f5es podem transformar a din\u00e2mica de impostos para as companhias brasileiras e merecem aten\u00e7\u00e3o especial.<\/p>\n<p>A lei permite que contribuintes da tributa\u00e7\u00e3o do Simples, com faturamento anual de at\u00e9 R$ 4,8 milh\u00f5es, ou Microempreendedores Individuais (MEIs), optem por continuar no modelo antigo ou recolher a Contribui\u00e7\u00e3o sobre Bens e Servi\u00e7os (CBS) e o Imposto sobre Bens e Servi\u00e7os (IBS), tributos introduzidos pelo novo regime.<\/p>\n<p>No entanto, existe uma preocupa\u00e7\u00e3o sobre o impacto das novas regras sobre as micro e pequenas empresas, que podem perder competitividade com as mudan\u00e7as que est\u00e3o por vir. Isso acontecer\u00e1 porque essa categoria de empresas deixar\u00e1 de gerar cr\u00e9ditos tribut\u00e1rios.<\/p>\n<p>Especialistas alertam que o ano de 2025 ser\u00e1 fundamental para ajustes internos, avalia\u00e7\u00e3o de regimes tribut\u00e1rios e reconfigura\u00e7\u00e3o de contratos. H\u00e1 um receio sobre o impacto das novas regras sobre as micro e pequenas empresas que podem perder competitividade com as mudan\u00e7as que est\u00e3o por vir, ao deixar de gerar cr\u00e9ditos.<\/p>\n<p>Para o advogado tributarista Thulio Carvalho, mestre em direito pela Pontif\u00edcia Universidade Cat\u00f3lica de S\u00e3o Paulo (PUC-SP), as empresas do Simples enfrentar\u00e3o novos desafios no cen\u00e1rio competitivo por essa quest\u00e3o. &#8220;Com a introdu\u00e7\u00e3o de tributos como o IBS e a CBS, o cr\u00e9dito tribut\u00e1rio no Simples ser\u00e1 limitado, o que pode tornar menos atrativa a negocia\u00e7\u00e3o com empresas de regimes tradicionais, que ter\u00e3o cr\u00e9ditos mais vantajosos,&#8221; observa Carvalho.<\/p>\n<p>Atualmente, o sistema tribut\u00e1rio desse segmento permite a gera\u00e7\u00e3o de cr\u00e9ditos tribut\u00e1rios para quem revende produtos fabricados por microempresas. Isso significa que se uma pequena empresa paga, supostamente, 10% de impostos, gera ao comprador de seus produtos 10% de cr\u00e9ditos tribut\u00e1rios, que s\u00e3o usados para abater os valores devidos ao governo federal.<\/p>\n<p>Segundo a Receita, o Simples Nacional tem mais de 23 milh\u00f5es de inscritos. A recomenda\u00e7\u00e3o \u00e9 que as empresas que est\u00e3o atualmente nesta categoria, que comercializam produtos ou prestam servi\u00e7os a outras empresas, fiquem de olho em tr\u00eas pontos espec\u00edficos: a n\u00e3o cumulatividade plena, a baixa oferta de cr\u00e9ditos e o poss\u00edvel aumento de carga tribut\u00e1ria caso opte recolher os novos tributos \u00e0 parte ou migre para o regime normal de tributa\u00e7\u00e3o.<\/p>\n<p>Adapta\u00e7\u00f5es<\/p>\n<p>Al\u00e9m disso, a simplifica\u00e7\u00e3o tribut\u00e1ria \u2014 caracter\u00edstica central do Simples Nacional \u2014 pode ser impactada pela possibilidade de recolhimento do IVA Dual (IBS e CBS) fora do regime, prevista para 2027.<\/p>\n<p>&#8220;Isso desafia a l\u00f3gica de praticidade do Simples, exigindo adapta\u00e7\u00f5es operacionais para manter a competitividade das empresas,&#8221; explica o tributarista Guilherme Di Ferreira, e respons\u00e1vel pela \u00e1rea no Lara Martins Advogados.<\/p>\n<p>Apesar dos desafios, h\u00e1 avan\u00e7os importantes no horizonte. Di Ferreira destaca a atualiza\u00e7\u00e3o das faixas de faturamento como um movimento positivo, alinhado \u00e0s realidades econ\u00f4micas atuais. &#8220;Esses ajustes trazem mais f\u00f4lego \u00e0s empresas e permitem maior margem para crescimento,&#8221; afirma.<\/p>\n<p>Outras mudan\u00e7as incluem a revis\u00e3o de contratos com fornecedores e a adequa\u00e7\u00e3o \u00e0 nova sistem\u00e1tica de presta\u00e7\u00e3o de contas. Empresas de loca\u00e7\u00e3o de im\u00f3veis pr\u00f3prios, por exemplo, n\u00e3o poder\u00e3o mais optar pelo regime do Simples, enquanto contribuintes dever\u00e3o prestar informa\u00e7\u00f5es tribut\u00e1rias no m\u00eas subsequente \u00e0 ocorr\u00eancia dos fatos geradores.<\/p>\n<p>Os especialistas refor\u00e7am que esse ano ser\u00e1 essencial para que as empresas revisem suas opera\u00e7\u00f5es e considerem a migra\u00e7\u00e3o para outros regimes tribut\u00e1rios, como o Lucro Real ou Presumido, quando for mais vantajoso. Al\u00e9m disso, ser\u00e1 essencial acompanhar regulamenta\u00e7\u00f5es complementares que definir\u00e3o aspectos pr\u00e1ticos da transi\u00e7\u00e3o tribut\u00e1ria.<\/p>\n<p>&#8220;Esse \u00e9 o momento de planejamento e an\u00e1lise. Mais do que nunca, o Simples Nacional exigir\u00e1 uma gest\u00e3o estrat\u00e9gica para que as empresas aproveitem as oportunidades e mitiguem os impactos da reforma tribut\u00e1ria,&#8221; aconselha o advogado.<\/p>\n<p><strong>Prazo para ades\u00e3o<\/strong><\/p>\n<p>As pequenas e microempresas que quiserem aderir ao Simples neste ano t\u00eam at\u00e9 o dia 31 de janeiro para pedir o ingresso. Nesse mesmo dia, termina o prazo para aqueles que forem exclu\u00eddos do Simples reingressem no sistema. A expectativa da Receita \u00e9 que 1,2 milh\u00e3o de contribuintes regularizem a situa\u00e7\u00e3o no prazo.<\/p>\n<p>O processo \u00e9 todo feito pela internet, no portal Simples Nacional, da Receita Federal. As empresas que j\u00e1 aderiram ao programa n\u00e3o precisam fazer nova solicita\u00e7\u00e3o porque a renova\u00e7\u00e3o \u00e9 autom\u00e1tica.<\/p>\n<p>No caso do reingresso, vale para cerca de 1,5 milh\u00e3o de contribuintes que receberam o Termo de Exclus\u00e3o, enviado entre 30 de setembro e 4 de outubro, mas n\u00e3o regularizaram os d\u00e9bitos. Para entrar ou voltar para o Simples, \u00e9 preciso que o CNPJ esteja regular. Para isso, \u00e9 preciso renegociar as d\u00edvidas. Quem regularizou, permanece no regime automaticamente. Em caso de d\u00favida, basta acessar a &#8220;consulta optantes&#8221; no site da Receita para saber se foi exclu\u00eddo ou n\u00e3o.<\/p>\n<p>Fonte: Jornal Correio Braziliense<\/p>\n","protected":false},"excerpt":{"rendered":"<p>Novas regras exigir\u00e3o que empreendedores que fazem parte do regime se preparem para evitar perda de competitividade Com a aprova\u00e7\u00e3o da regulamenta\u00e7\u00e3o da Reforma Tribut\u00e1ria, 2025 ser\u00e1 marcado como um ano de prepara\u00e7\u00e3o estrat\u00e9gica para as empresas enquadradas no Simples Nacional \u2014 regime simplificado de pagamento de tributos. Embora n\u00e3o sofra mudan\u00e7as diretas, as altera\u00e7\u00f5es [&#8230;]\n","protected":false},"author":1,"featured_media":5327,"comment_status":"closed","ping_status":"closed","sticky":false,"template":"","format":"standard","meta":{"footnotes":""},"categories":[73],"tags":[83,87,117],"class_list":["post-5326","post","type-post","status-publish","format-standard","has-post-thumbnail","hentry","category-artigos","tag-direito","tag-direito-tributario","tag-reforma-tributaria"],"yoast_head":"<!-- This site is optimized with the Yoast SEO plugin v27.5 - https:\/\/yoast.com\/product\/yoast-seo-wordpress\/ -->\n<title>Reforma tribut\u00e1ria: ano estrat\u00e9gico para empresas do Simples Nacional - Guaresi &amp; Mill\u00e9o Advogados Associados | Escrit\u00f3rio de Advocacia em Conc\u00f3rdia-SC | 30 Anos de Experi\u00eancia<\/title>\n<meta name=\"description\" content=\"Reforma tribut\u00e1ria: ano estrat\u00e9gico para empresas do Simples Nacional - Guaresi &amp; Mill\u00e9o Advogados Associados | Escrit\u00f3rio de Advocacia em Conc\u00f3rdia-SC | 30 Anos de Experi\u00eancia\" \/>\n<meta name=\"robots\" content=\"index, follow, max-snippet:-1, max-image-preview:large, max-video-preview:-1\" \/>\n<link rel=\"canonical\" href=\"https:\/\/www.gm.adv.br\/site\/2025\/01\/10\/reforma-tributaria-ano-estrategico-para-empresas-do-simples-nacional\/\" \/>\n<meta property=\"og:locale\" content=\"pt_BR\" \/>\n<meta property=\"og:type\" content=\"article\" \/>\n<meta property=\"og:title\" content=\"Reforma tribut\u00e1ria: ano estrat\u00e9gico para empresas do Simples Nacional - Guaresi &amp; Mill\u00e9o Advogados Associados | Escrit\u00f3rio de Advocacia em Conc\u00f3rdia-SC | 30 Anos de Experi\u00eancia\" \/>\n<meta property=\"og:description\" content=\"Reforma tribut\u00e1ria: ano estrat\u00e9gico para empresas do Simples Nacional - Guaresi &amp; Mill\u00e9o Advogados Associados | Escrit\u00f3rio de Advocacia em Conc\u00f3rdia-SC | 30 Anos de Experi\u00eancia\" \/>\n<meta property=\"og:url\" content=\"https:\/\/www.gm.adv.br\/site\/2025\/01\/10\/reforma-tributaria-ano-estrategico-para-empresas-do-simples-nacional\/\" \/>\n<meta property=\"og:site_name\" content=\"Guaresi &amp; Mill\u00e9o Advogados Associados | Escrit\u00f3rio de Advocacia em Conc\u00f3rdia-SC | 30 Anos de Experi\u00eancia\" \/>\n<meta property=\"article:publisher\" content=\"https:\/\/www.facebook.com\/GuaresiMilleoAdvogados\" \/>\n<meta property=\"article:published_time\" content=\"2025-01-10T17:07:55+00:00\" \/>\n<meta property=\"og:image\" content=\"https:\/\/www.gm.adv.br\/site\/wp-content\/uploads\/2025\/01\/cooperation-analyst-chart-professional-paper-economics-scaled-1.jpg\" \/>\n\t<meta property=\"og:image:width\" content=\"2560\" \/>\n\t<meta property=\"og:image:height\" content=\"1440\" \/>\n\t<meta property=\"og:image:type\" content=\"image\/jpeg\" \/>\n<meta name=\"author\" content=\"admin\" \/>\n<meta name=\"twitter:card\" content=\"summary_large_image\" \/>\n<meta name=\"twitter:label1\" content=\"Escrito por\" \/>\n\t<meta name=\"twitter:data1\" content=\"admin\" \/>\n\t<meta name=\"twitter:label2\" content=\"Est. tempo de leitura\" \/>\n\t<meta name=\"twitter:data2\" content=\"5 minutos\" \/>\n<script type=\"application\/ld+json\" class=\"yoast-schema-graph\">{\"@context\":\"https:\\\/\\\/schema.org\",\"@graph\":[{\"@type\":\"Article\",\"@id\":\"https:\\\/\\\/www.gm.adv.br\\\/site\\\/2025\\\/01\\\/10\\\/reforma-tributaria-ano-estrategico-para-empresas-do-simples-nacional\\\/#article\",\"isPartOf\":{\"@id\":\"https:\\\/\\\/www.gm.adv.br\\\/site\\\/2025\\\/01\\\/10\\\/reforma-tributaria-ano-estrategico-para-empresas-do-simples-nacional\\\/\"},\"author\":{\"name\":\"admin\",\"@id\":\"https:\\\/\\\/www.gm.adv.br\\\/site\\\/#\\\/schema\\\/person\\\/7d633a2abab0d9b94253af6efc36428f\"},\"headline\":\"Reforma tribut\u00e1ria: ano estrat\u00e9gico para empresas do Simples Nacional\",\"datePublished\":\"2025-01-10T17:07:55+00:00\",\"mainEntityOfPage\":{\"@id\":\"https:\\\/\\\/www.gm.adv.br\\\/site\\\/2025\\\/01\\\/10\\\/reforma-tributaria-ano-estrategico-para-empresas-do-simples-nacional\\\/\"},\"wordCount\":907,\"publisher\":{\"@id\":\"https:\\\/\\\/www.gm.adv.br\\\/site\\\/#organization\"},\"image\":{\"@id\":\"https:\\\/\\\/www.gm.adv.br\\\/site\\\/2025\\\/01\\\/10\\\/reforma-tributaria-ano-estrategico-para-empresas-do-simples-nacional\\\/#primaryimage\"},\"thumbnailUrl\":\"https:\\\/\\\/www.gm.adv.br\\\/site\\\/wp-content\\\/uploads\\\/2025\\\/01\\\/cooperation-analyst-chart-professional-paper-economics-scaled-1.jpg\",\"keywords\":[\"direito\",\"direito tributario\",\"reforma tributaria\"],\"articleSection\":[\"Noticias\"],\"inLanguage\":\"pt-BR\"},{\"@type\":\"WebPage\",\"@id\":\"https:\\\/\\\/www.gm.adv.br\\\/site\\\/2025\\\/01\\\/10\\\/reforma-tributaria-ano-estrategico-para-empresas-do-simples-nacional\\\/\",\"url\":\"https:\\\/\\\/www.gm.adv.br\\\/site\\\/2025\\\/01\\\/10\\\/reforma-tributaria-ano-estrategico-para-empresas-do-simples-nacional\\\/\",\"name\":\"Reforma tribut\u00e1ria: ano estrat\u00e9gico para empresas do Simples Nacional - Guaresi &amp; Mill\u00e9o Advogados Associados | Escrit\u00f3rio de Advocacia em Conc\u00f3rdia-SC | 30 Anos de Experi\u00eancia\",\"isPartOf\":{\"@id\":\"https:\\\/\\\/www.gm.adv.br\\\/site\\\/#website\"},\"primaryImageOfPage\":{\"@id\":\"https:\\\/\\\/www.gm.adv.br\\\/site\\\/2025\\\/01\\\/10\\\/reforma-tributaria-ano-estrategico-para-empresas-do-simples-nacional\\\/#primaryimage\"},\"image\":{\"@id\":\"https:\\\/\\\/www.gm.adv.br\\\/site\\\/2025\\\/01\\\/10\\\/reforma-tributaria-ano-estrategico-para-empresas-do-simples-nacional\\\/#primaryimage\"},\"thumbnailUrl\":\"https:\\\/\\\/www.gm.adv.br\\\/site\\\/wp-content\\\/uploads\\\/2025\\\/01\\\/cooperation-analyst-chart-professional-paper-economics-scaled-1.jpg\",\"datePublished\":\"2025-01-10T17:07:55+00:00\",\"description\":\"Reforma tribut\u00e1ria: ano estrat\u00e9gico para empresas do Simples Nacional - Guaresi &amp; Mill\u00e9o Advogados Associados | Escrit\u00f3rio de Advocacia em Conc\u00f3rdia-SC | 30 Anos de Experi\u00eancia\",\"breadcrumb\":{\"@id\":\"https:\\\/\\\/www.gm.adv.br\\\/site\\\/2025\\\/01\\\/10\\\/reforma-tributaria-ano-estrategico-para-empresas-do-simples-nacional\\\/#breadcrumb\"},\"inLanguage\":\"pt-BR\",\"potentialAction\":[{\"@type\":\"ReadAction\",\"target\":[\"https:\\\/\\\/www.gm.adv.br\\\/site\\\/2025\\\/01\\\/10\\\/reforma-tributaria-ano-estrategico-para-empresas-do-simples-nacional\\\/\"]}]},{\"@type\":\"ImageObject\",\"inLanguage\":\"pt-BR\",\"@id\":\"https:\\\/\\\/www.gm.adv.br\\\/site\\\/2025\\\/01\\\/10\\\/reforma-tributaria-ano-estrategico-para-empresas-do-simples-nacional\\\/#primaryimage\",\"url\":\"https:\\\/\\\/www.gm.adv.br\\\/site\\\/wp-content\\\/uploads\\\/2025\\\/01\\\/cooperation-analyst-chart-professional-paper-economics-scaled-1.jpg\",\"contentUrl\":\"https:\\\/\\\/www.gm.adv.br\\\/site\\\/wp-content\\\/uploads\\\/2025\\\/01\\\/cooperation-analyst-chart-professional-paper-economics-scaled-1.jpg\",\"width\":2560,\"height\":1440,\"caption\":\"Business concept. Business people discussing the charts and graphs showing the results of their successful teamwork.\"},{\"@type\":\"BreadcrumbList\",\"@id\":\"https:\\\/\\\/www.gm.adv.br\\\/site\\\/2025\\\/01\\\/10\\\/reforma-tributaria-ano-estrategico-para-empresas-do-simples-nacional\\\/#breadcrumb\",\"itemListElement\":[{\"@type\":\"ListItem\",\"position\":1,\"name\":\"In\u00edcio\",\"item\":\"https:\\\/\\\/www.gm.adv.br\\\/site\\\/\"},{\"@type\":\"ListItem\",\"position\":2,\"name\":\"Reforma tribut\u00e1ria: ano estrat\u00e9gico para empresas do Simples Nacional\"}]},{\"@type\":\"WebSite\",\"@id\":\"https:\\\/\\\/www.gm.adv.br\\\/site\\\/#website\",\"url\":\"https:\\\/\\\/www.gm.adv.br\\\/site\\\/\",\"name\":\"Guaresi & Mill\u00e9o Advogados Associados | Escrit\u00f3rio de Advocacia em Conc\u00f3rdia-SC | 30 Anos de Experi\u00eanci\",\"description\":\"Advocacia Direito Banc\u00e1rio, Tribut\u00e1rio, Trabalhista, C\u00edvil, P\u00fablica, Municipal, Advogados Associados Guaresi e Mill\u00e9o  |  Conc\u00f3rdia SC\",\"publisher\":{\"@id\":\"https:\\\/\\\/www.gm.adv.br\\\/site\\\/#organization\"},\"alternateName\":\"Guaresi e Mill\u00e9o Escrit\u00f3rio de Advocacia e Consultoria em Conc\u00f3rdia-SC\",\"potentialAction\":[{\"@type\":\"SearchAction\",\"target\":{\"@type\":\"EntryPoint\",\"urlTemplate\":\"https:\\\/\\\/www.gm.adv.br\\\/site\\\/?s={search_term_string}\"},\"query-input\":{\"@type\":\"PropertyValueSpecification\",\"valueRequired\":true,\"valueName\":\"search_term_string\"}}],\"inLanguage\":\"pt-BR\"},{\"@type\":\"Organization\",\"@id\":\"https:\\\/\\\/www.gm.adv.br\\\/site\\\/#organization\",\"name\":\"Guaresi & Milleo Advogados Associados em Conc\u00f3rdia SC\",\"alternateName\":\"Guaresi e Milleo Advocacia e Consultoria\",\"url\":\"https:\\\/\\\/www.gm.adv.br\\\/site\\\/\",\"logo\":{\"@type\":\"ImageObject\",\"inLanguage\":\"pt-BR\",\"@id\":\"https:\\\/\\\/www.gm.adv.br\\\/site\\\/#\\\/schema\\\/logo\\\/image\\\/\",\"url\":\"https:\\\/\\\/www.gm.adv.br\\\/site\\\/wp-content\\\/uploads\\\/2025\\\/07\\\/cropped-icone-512.webp\",\"contentUrl\":\"https:\\\/\\\/www.gm.adv.br\\\/site\\\/wp-content\\\/uploads\\\/2025\\\/07\\\/cropped-icone-512.webp\",\"width\":512,\"height\":512,\"caption\":\"Guaresi & Milleo Advogados Associados em Conc\u00f3rdia SC\"},\"image\":{\"@id\":\"https:\\\/\\\/www.gm.adv.br\\\/site\\\/#\\\/schema\\\/logo\\\/image\\\/\"},\"sameAs\":[\"https:\\\/\\\/www.facebook.com\\\/GuaresiMilleoAdvogados\",\"https:\\\/\\\/www.instagram.com\\\/guaresiemilleo\\\/\",\"https:\\\/\\\/br.linkedin.com\\\/company\\\/guaresimilleo\"]},{\"@type\":\"Person\",\"@id\":\"https:\\\/\\\/www.gm.adv.br\\\/site\\\/#\\\/schema\\\/person\\\/7d633a2abab0d9b94253af6efc36428f\",\"name\":\"admin\",\"image\":{\"@type\":\"ImageObject\",\"inLanguage\":\"pt-BR\",\"@id\":\"https:\\\/\\\/secure.gravatar.com\\\/avatar\\\/c8bb173d280f7d1e50b67bb649de269247430499695ba3ee451b6289436d1d39?s=96&d=mm&r=g\",\"url\":\"https:\\\/\\\/secure.gravatar.com\\\/avatar\\\/c8bb173d280f7d1e50b67bb649de269247430499695ba3ee451b6289436d1d39?s=96&d=mm&r=g\",\"contentUrl\":\"https:\\\/\\\/secure.gravatar.com\\\/avatar\\\/c8bb173d280f7d1e50b67bb649de269247430499695ba3ee451b6289436d1d39?s=96&d=mm&r=g\",\"caption\":\"admin\"},\"sameAs\":[\"https:\\\/\\\/www.gm.adv.br\\\/site\"],\"url\":\"https:\\\/\\\/www.gm.adv.br\\\/site\\\/author\\\/admin\\\/\"}]}<\/script>\n<!-- \/ Yoast SEO plugin. -->","yoast_head_json":{"title":"Reforma tribut\u00e1ria: ano estrat\u00e9gico para empresas do Simples Nacional - Guaresi &amp; Mill\u00e9o Advogados Associados | Escrit\u00f3rio de Advocacia em Conc\u00f3rdia-SC | 30 Anos de Experi\u00eancia","description":"Reforma tribut\u00e1ria: ano estrat\u00e9gico para empresas do Simples Nacional - Guaresi &amp; Mill\u00e9o Advogados Associados | Escrit\u00f3rio de Advocacia em Conc\u00f3rdia-SC | 30 Anos de Experi\u00eancia","robots":{"index":"index","follow":"follow","max-snippet":"max-snippet:-1","max-image-preview":"max-image-preview:large","max-video-preview":"max-video-preview:-1"},"canonical":"https:\/\/www.gm.adv.br\/site\/2025\/01\/10\/reforma-tributaria-ano-estrategico-para-empresas-do-simples-nacional\/","og_locale":"pt_BR","og_type":"article","og_title":"Reforma tribut\u00e1ria: ano estrat\u00e9gico para empresas do Simples Nacional - Guaresi &amp; Mill\u00e9o Advogados Associados | Escrit\u00f3rio de Advocacia em Conc\u00f3rdia-SC | 30 Anos de Experi\u00eancia","og_description":"Reforma tribut\u00e1ria: ano estrat\u00e9gico para empresas do Simples Nacional - Guaresi &amp; Mill\u00e9o Advogados Associados | Escrit\u00f3rio de Advocacia em Conc\u00f3rdia-SC | 30 Anos de Experi\u00eancia","og_url":"https:\/\/www.gm.adv.br\/site\/2025\/01\/10\/reforma-tributaria-ano-estrategico-para-empresas-do-simples-nacional\/","og_site_name":"Guaresi &amp; Mill\u00e9o Advogados Associados | Escrit\u00f3rio de Advocacia em Conc\u00f3rdia-SC | 30 Anos de Experi\u00eancia","article_publisher":"https:\/\/www.facebook.com\/GuaresiMilleoAdvogados","article_published_time":"2025-01-10T17:07:55+00:00","og_image":[{"width":2560,"height":1440,"url":"https:\/\/www.gm.adv.br\/site\/wp-content\/uploads\/2025\/01\/cooperation-analyst-chart-professional-paper-economics-scaled-1.jpg","type":"image\/jpeg"}],"author":"admin","twitter_card":"summary_large_image","twitter_misc":{"Escrito por":"admin","Est. tempo de leitura":"5 minutos"},"schema":{"@context":"https:\/\/schema.org","@graph":[{"@type":"Article","@id":"https:\/\/www.gm.adv.br\/site\/2025\/01\/10\/reforma-tributaria-ano-estrategico-para-empresas-do-simples-nacional\/#article","isPartOf":{"@id":"https:\/\/www.gm.adv.br\/site\/2025\/01\/10\/reforma-tributaria-ano-estrategico-para-empresas-do-simples-nacional\/"},"author":{"name":"admin","@id":"https:\/\/www.gm.adv.br\/site\/#\/schema\/person\/7d633a2abab0d9b94253af6efc36428f"},"headline":"Reforma tribut\u00e1ria: ano estrat\u00e9gico para empresas do Simples Nacional","datePublished":"2025-01-10T17:07:55+00:00","mainEntityOfPage":{"@id":"https:\/\/www.gm.adv.br\/site\/2025\/01\/10\/reforma-tributaria-ano-estrategico-para-empresas-do-simples-nacional\/"},"wordCount":907,"publisher":{"@id":"https:\/\/www.gm.adv.br\/site\/#organization"},"image":{"@id":"https:\/\/www.gm.adv.br\/site\/2025\/01\/10\/reforma-tributaria-ano-estrategico-para-empresas-do-simples-nacional\/#primaryimage"},"thumbnailUrl":"https:\/\/www.gm.adv.br\/site\/wp-content\/uploads\/2025\/01\/cooperation-analyst-chart-professional-paper-economics-scaled-1.jpg","keywords":["direito","direito tributario","reforma tributaria"],"articleSection":["Noticias"],"inLanguage":"pt-BR"},{"@type":"WebPage","@id":"https:\/\/www.gm.adv.br\/site\/2025\/01\/10\/reforma-tributaria-ano-estrategico-para-empresas-do-simples-nacional\/","url":"https:\/\/www.gm.adv.br\/site\/2025\/01\/10\/reforma-tributaria-ano-estrategico-para-empresas-do-simples-nacional\/","name":"Reforma tribut\u00e1ria: ano estrat\u00e9gico para empresas do Simples Nacional - Guaresi &amp; Mill\u00e9o Advogados Associados | Escrit\u00f3rio de Advocacia em Conc\u00f3rdia-SC | 30 Anos de Experi\u00eancia","isPartOf":{"@id":"https:\/\/www.gm.adv.br\/site\/#website"},"primaryImageOfPage":{"@id":"https:\/\/www.gm.adv.br\/site\/2025\/01\/10\/reforma-tributaria-ano-estrategico-para-empresas-do-simples-nacional\/#primaryimage"},"image":{"@id":"https:\/\/www.gm.adv.br\/site\/2025\/01\/10\/reforma-tributaria-ano-estrategico-para-empresas-do-simples-nacional\/#primaryimage"},"thumbnailUrl":"https:\/\/www.gm.adv.br\/site\/wp-content\/uploads\/2025\/01\/cooperation-analyst-chart-professional-paper-economics-scaled-1.jpg","datePublished":"2025-01-10T17:07:55+00:00","description":"Reforma tribut\u00e1ria: ano estrat\u00e9gico para empresas do Simples Nacional - Guaresi &amp; Mill\u00e9o Advogados Associados | Escrit\u00f3rio de Advocacia em Conc\u00f3rdia-SC | 30 Anos de Experi\u00eancia","breadcrumb":{"@id":"https:\/\/www.gm.adv.br\/site\/2025\/01\/10\/reforma-tributaria-ano-estrategico-para-empresas-do-simples-nacional\/#breadcrumb"},"inLanguage":"pt-BR","potentialAction":[{"@type":"ReadAction","target":["https:\/\/www.gm.adv.br\/site\/2025\/01\/10\/reforma-tributaria-ano-estrategico-para-empresas-do-simples-nacional\/"]}]},{"@type":"ImageObject","inLanguage":"pt-BR","@id":"https:\/\/www.gm.adv.br\/site\/2025\/01\/10\/reforma-tributaria-ano-estrategico-para-empresas-do-simples-nacional\/#primaryimage","url":"https:\/\/www.gm.adv.br\/site\/wp-content\/uploads\/2025\/01\/cooperation-analyst-chart-professional-paper-economics-scaled-1.jpg","contentUrl":"https:\/\/www.gm.adv.br\/site\/wp-content\/uploads\/2025\/01\/cooperation-analyst-chart-professional-paper-economics-scaled-1.jpg","width":2560,"height":1440,"caption":"Business concept. Business people discussing the charts and graphs showing the results of their successful teamwork."},{"@type":"BreadcrumbList","@id":"https:\/\/www.gm.adv.br\/site\/2025\/01\/10\/reforma-tributaria-ano-estrategico-para-empresas-do-simples-nacional\/#breadcrumb","itemListElement":[{"@type":"ListItem","position":1,"name":"In\u00edcio","item":"https:\/\/www.gm.adv.br\/site\/"},{"@type":"ListItem","position":2,"name":"Reforma tribut\u00e1ria: ano estrat\u00e9gico para empresas do Simples Nacional"}]},{"@type":"WebSite","@id":"https:\/\/www.gm.adv.br\/site\/#website","url":"https:\/\/www.gm.adv.br\/site\/","name":"Guaresi & Mill\u00e9o Advogados Associados | Escrit\u00f3rio de Advocacia em Conc\u00f3rdia-SC | 30 Anos de Experi\u00eanci","description":"Advocacia Direito Banc\u00e1rio, Tribut\u00e1rio, Trabalhista, C\u00edvil, P\u00fablica, Municipal, Advogados Associados Guaresi e Mill\u00e9o  |  Conc\u00f3rdia SC","publisher":{"@id":"https:\/\/www.gm.adv.br\/site\/#organization"},"alternateName":"Guaresi e Mill\u00e9o Escrit\u00f3rio de Advocacia e Consultoria em Conc\u00f3rdia-SC","potentialAction":[{"@type":"SearchAction","target":{"@type":"EntryPoint","urlTemplate":"https:\/\/www.gm.adv.br\/site\/?s={search_term_string}"},"query-input":{"@type":"PropertyValueSpecification","valueRequired":true,"valueName":"search_term_string"}}],"inLanguage":"pt-BR"},{"@type":"Organization","@id":"https:\/\/www.gm.adv.br\/site\/#organization","name":"Guaresi & Milleo Advogados Associados em Conc\u00f3rdia SC","alternateName":"Guaresi e Milleo Advocacia e Consultoria","url":"https:\/\/www.gm.adv.br\/site\/","logo":{"@type":"ImageObject","inLanguage":"pt-BR","@id":"https:\/\/www.gm.adv.br\/site\/#\/schema\/logo\/image\/","url":"https:\/\/www.gm.adv.br\/site\/wp-content\/uploads\/2025\/07\/cropped-icone-512.webp","contentUrl":"https:\/\/www.gm.adv.br\/site\/wp-content\/uploads\/2025\/07\/cropped-icone-512.webp","width":512,"height":512,"caption":"Guaresi & Milleo Advogados Associados em Conc\u00f3rdia SC"},"image":{"@id":"https:\/\/www.gm.adv.br\/site\/#\/schema\/logo\/image\/"},"sameAs":["https:\/\/www.facebook.com\/GuaresiMilleoAdvogados","https:\/\/www.instagram.com\/guaresiemilleo\/","https:\/\/br.linkedin.com\/company\/guaresimilleo"]},{"@type":"Person","@id":"https:\/\/www.gm.adv.br\/site\/#\/schema\/person\/7d633a2abab0d9b94253af6efc36428f","name":"admin","image":{"@type":"ImageObject","inLanguage":"pt-BR","@id":"https:\/\/secure.gravatar.com\/avatar\/c8bb173d280f7d1e50b67bb649de269247430499695ba3ee451b6289436d1d39?s=96&d=mm&r=g","url":"https:\/\/secure.gravatar.com\/avatar\/c8bb173d280f7d1e50b67bb649de269247430499695ba3ee451b6289436d1d39?s=96&d=mm&r=g","contentUrl":"https:\/\/secure.gravatar.com\/avatar\/c8bb173d280f7d1e50b67bb649de269247430499695ba3ee451b6289436d1d39?s=96&d=mm&r=g","caption":"admin"},"sameAs":["https:\/\/www.gm.adv.br\/site"],"url":"https:\/\/www.gm.adv.br\/site\/author\/admin\/"}]}},"_links":{"self":[{"href":"https:\/\/www.gm.adv.br\/site\/wp-json\/wp\/v2\/posts\/5326","targetHints":{"allow":["GET"]}}],"collection":[{"href":"https:\/\/www.gm.adv.br\/site\/wp-json\/wp\/v2\/posts"}],"about":[{"href":"https:\/\/www.gm.adv.br\/site\/wp-json\/wp\/v2\/types\/post"}],"author":[{"embeddable":true,"href":"https:\/\/www.gm.adv.br\/site\/wp-json\/wp\/v2\/users\/1"}],"replies":[{"embeddable":true,"href":"https:\/\/www.gm.adv.br\/site\/wp-json\/wp\/v2\/comments?post=5326"}],"version-history":[{"count":0,"href":"https:\/\/www.gm.adv.br\/site\/wp-json\/wp\/v2\/posts\/5326\/revisions"}],"wp:featuredmedia":[{"embeddable":true,"href":"https:\/\/www.gm.adv.br\/site\/wp-json\/wp\/v2\/media\/5327"}],"wp:attachment":[{"href":"https:\/\/www.gm.adv.br\/site\/wp-json\/wp\/v2\/media?parent=5326"}],"wp:term":[{"taxonomy":"category","embeddable":true,"href":"https:\/\/www.gm.adv.br\/site\/wp-json\/wp\/v2\/categories?post=5326"},{"taxonomy":"post_tag","embeddable":true,"href":"https:\/\/www.gm.adv.br\/site\/wp-json\/wp\/v2\/tags?post=5326"}],"curies":[{"name":"wp","href":"https:\/\/api.w.org\/{rel}","templated":true}]}}