{"id":5323,"date":"2025-01-10T14:03:10","date_gmt":"2025-01-10T17:03:10","guid":{"rendered":"https:\/\/gm.adv.br\/?p=5323"},"modified":"2025-01-10T14:03:10","modified_gmt":"2025-01-10T17:03:10","slug":"receita-federal-vai-monitorar-dados-de-cartao-de-credito-e-pix-de-instituicoes-financeiras","status":"publish","type":"post","link":"https:\/\/www.gm.adv.br\/site\/2025\/01\/10\/receita-federal-vai-monitorar-dados-de-cartao-de-credito-e-pix-de-instituicoes-financeiras\/","title":{"rendered":"Receita Federal vai monitorar dados de cart\u00e3o de cr\u00e9dito e Pix de institui\u00e7\u00f5es financeiras"},"content":{"rendered":"<p>Com a virada do ano, a Receita Federal atualizou seus m\u00e9todos de fiscaliza\u00e7\u00e3o sobre as transa\u00e7\u00f5es financeiras dos contribuintes. A partir de agora, o \u00f3rg\u00e3o tamb\u00e9m vai receber, semestralmente, dados das operadoras de cart\u00e3o de cr\u00e9dito e das \u201cinstitui\u00e7\u00f5es de pagamento\u201d.<br \/>\nA Receita j\u00e1 recebia esse tipo de informa\u00e7\u00e3o dos bancos tradicionais. Agora, as opera\u00e7\u00f5es como PIX, aplica\u00e7\u00f5es financeiras, seguros, planos de previd\u00eancia e investimentos em a\u00e7\u00f5es dessas institui\u00e7\u00f5es tamb\u00e9m ser\u00e3o monitoradas. Institui\u00e7\u00f5es financeiras s\u00e3o empresas que permitem movimenta\u00e7\u00e3o de recursos, mas que n\u00e3o oferecem financiamentos e empr\u00e9stimos aos consumidores \u2013 como grandes varejistas, bancos virtuais e carteiras digitais.<br \/>\nEm nota, a Receita Federal afirma que as medidas t\u00eam o objetivo de melhorar o controle e a fiscaliza\u00e7\u00e3o das opera\u00e7\u00f5es financeiras, por meio de uma maior coleta de dados.<\/p>\n<p>O envio dos dados ser\u00e1 semestral. Ou seja, as transa\u00e7\u00f5es feitas entre janeiro e julho deste ano ser\u00e3o, por exemplo, enviadas \u00e0 Receita em agosto. As informa\u00e7\u00f5es ser\u00e3o repassadas por meio de uma declara\u00e7\u00e3o chamada de \u201ce-Financeira\u201d. Os dados s\u00f3 ser\u00e3o enviados quando o montante total movimentado, por cada tipo de opera\u00e7\u00e3o financeira (PIX, pagamento ou investimento, por exemplo), for superior a R$ 5 mil, para pessoas f\u00edsicas, ou a R$ 15 mil, para pessoas jur\u00eddicas.<\/p>\n<p>Esses dados ser\u00e3o incorporados \u00e0 base de dados da Receita Federal com objetivo de \u201cidentificar irregularidades e dar efetividade ao cumprimento das leis tribut\u00e1rias\u201d.<br \/>\n\u201cAs medidas visam aprimorar o controle e fiscaliza\u00e7\u00e3o das opera\u00e7\u00f5es financeiras, garantindo uma maior coleta de dados. Al\u00e9m disso, refor\u00e7am os compromissos internacionais do Brasil no \u00e2mbito do Padr\u00e3o de Declara\u00e7\u00e3o Comum (CRS), contribuindo para o combate \u00e0 evas\u00e3o fiscal e promovendo a transpar\u00eancia nas opera\u00e7\u00f5es financeiras globais\u201d, afirma a Receita.<\/p>\n<p>&nbsp;<\/p>\n<p>Fonte: VC S\/A<\/p>\n","protected":false},"excerpt":{"rendered":"<p>Com a virada do ano, a Receita Federal atualizou seus m\u00e9todos de fiscaliza\u00e7\u00e3o sobre as transa\u00e7\u00f5es financeiras dos contribuintes. A partir de agora, o \u00f3rg\u00e3o tamb\u00e9m vai receber, semestralmente, dados das operadoras de cart\u00e3o de cr\u00e9dito e das \u201cinstitui\u00e7\u00f5es de pagamento\u201d. A Receita j\u00e1 recebia esse tipo de informa\u00e7\u00e3o dos bancos tradicionais. Agora, as opera\u00e7\u00f5es [&#8230;]\n","protected":false},"author":1,"featured_media":5324,"comment_status":"closed","ping_status":"closed","sticky":false,"template":"","format":"standard","meta":{"footnotes":""},"categories":[73],"tags":[83,114,115,116],"class_list":["post-5323","post","type-post","status-publish","format-standard","has-post-thumbnail","hentry","category-artigos","tag-direito","tag-pix","tag-receita-federal","tag-tributario"],"yoast_head":"<!-- This site is optimized with the Yoast SEO plugin v27.5 - https:\/\/yoast.com\/product\/yoast-seo-wordpress\/ -->\n<title>Receita Federal vai monitorar dados de cart\u00e3o de cr\u00e9dito e Pix de institui\u00e7\u00f5es financeiras - Guaresi &amp; Mill\u00e9o Advogados Associados | Escrit\u00f3rio de Advocacia em Conc\u00f3rdia-SC | 30 Anos de Experi\u00eancia<\/title>\n<meta name=\"description\" content=\"Receita Federal vai monitorar dados de cart\u00e3o de cr\u00e9dito e Pix de institui\u00e7\u00f5es financeiras - Guaresi &amp; Mill\u00e9o Advogados Associados | Escrit\u00f3rio de Advocacia em Conc\u00f3rdia-SC | 30 Anos de Experi\u00eancia\" \/>\n<meta name=\"robots\" content=\"index, follow, max-snippet:-1, max-image-preview:large, max-video-preview:-1\" \/>\n<link rel=\"canonical\" href=\"https:\/\/www.gm.adv.br\/site\/2025\/01\/10\/receita-federal-vai-monitorar-dados-de-cartao-de-credito-e-pix-de-instituicoes-financeiras\/\" \/>\n<meta property=\"og:locale\" content=\"pt_BR\" \/>\n<meta property=\"og:type\" content=\"article\" \/>\n<meta property=\"og:title\" content=\"Receita Federal vai monitorar dados de cart\u00e3o de cr\u00e9dito e Pix de institui\u00e7\u00f5es financeiras - Guaresi &amp; Mill\u00e9o Advogados Associados | Escrit\u00f3rio de Advocacia em Conc\u00f3rdia-SC | 30 Anos de Experi\u00eancia\" \/>\n<meta property=\"og:description\" content=\"Receita Federal vai monitorar dados de cart\u00e3o de cr\u00e9dito e Pix de institui\u00e7\u00f5es financeiras - Guaresi &amp; Mill\u00e9o Advogados Associados | Escrit\u00f3rio de Advocacia em Conc\u00f3rdia-SC | 30 Anos de Experi\u00eancia\" \/>\n<meta property=\"og:url\" content=\"https:\/\/www.gm.adv.br\/site\/2025\/01\/10\/receita-federal-vai-monitorar-dados-de-cartao-de-credito-e-pix-de-instituicoes-financeiras\/\" \/>\n<meta property=\"og:site_name\" content=\"Guaresi &amp; Mill\u00e9o Advogados Associados | Escrit\u00f3rio de Advocacia em Conc\u00f3rdia-SC | 30 Anos de Experi\u00eancia\" \/>\n<meta property=\"article:publisher\" content=\"https:\/\/www.facebook.com\/GuaresiMilleoAdvogados\" \/>\n<meta property=\"article:published_time\" content=\"2025-01-10T17:03:10+00:00\" \/>\n<meta property=\"og:image\" content=\"https:\/\/www.gm.adv.br\/site\/wp-content\/uploads\/2025\/01\/guy-hand-holding-credit-card-enjoying-internet-online-shopping-using-digital-computer-tablet-home-scaled-1.jpg\" \/>\n\t<meta property=\"og:image:width\" content=\"2560\" \/>\n\t<meta property=\"og:image:height\" content=\"1440\" \/>\n\t<meta property=\"og:image:type\" content=\"image\/jpeg\" \/>\n<meta name=\"author\" content=\"admin\" \/>\n<meta name=\"twitter:card\" content=\"summary_large_image\" \/>\n<meta name=\"twitter:label1\" content=\"Escrito por\" \/>\n\t<meta name=\"twitter:data1\" content=\"admin\" \/>\n\t<meta name=\"twitter:label2\" content=\"Est. tempo de leitura\" \/>\n\t<meta name=\"twitter:data2\" content=\"2 minutos\" \/>\n<script type=\"application\/ld+json\" class=\"yoast-schema-graph\">{\"@context\":\"https:\\\/\\\/schema.org\",\"@graph\":[{\"@type\":\"Article\",\"@id\":\"https:\\\/\\\/www.gm.adv.br\\\/site\\\/2025\\\/01\\\/10\\\/receita-federal-vai-monitorar-dados-de-cartao-de-credito-e-pix-de-instituicoes-financeiras\\\/#article\",\"isPartOf\":{\"@id\":\"https:\\\/\\\/www.gm.adv.br\\\/site\\\/2025\\\/01\\\/10\\\/receita-federal-vai-monitorar-dados-de-cartao-de-credito-e-pix-de-instituicoes-financeiras\\\/\"},\"author\":{\"name\":\"admin\",\"@id\":\"https:\\\/\\\/www.gm.adv.br\\\/site\\\/#\\\/schema\\\/person\\\/7d633a2abab0d9b94253af6efc36428f\"},\"headline\":\"Receita Federal vai monitorar dados de cart\u00e3o de cr\u00e9dito e Pix de institui\u00e7\u00f5es financeiras\",\"datePublished\":\"2025-01-10T17:03:10+00:00\",\"mainEntityOfPage\":{\"@id\":\"https:\\\/\\\/www.gm.adv.br\\\/site\\\/2025\\\/01\\\/10\\\/receita-federal-vai-monitorar-dados-de-cartao-de-credito-e-pix-de-instituicoes-financeiras\\\/\"},\"wordCount\":340,\"publisher\":{\"@id\":\"https:\\\/\\\/www.gm.adv.br\\\/site\\\/#organization\"},\"image\":{\"@id\":\"https:\\\/\\\/www.gm.adv.br\\\/site\\\/2025\\\/01\\\/10\\\/receita-federal-vai-monitorar-dados-de-cartao-de-credito-e-pix-de-instituicoes-financeiras\\\/#primaryimage\"},\"thumbnailUrl\":\"https:\\\/\\\/www.gm.adv.br\\\/site\\\/wp-content\\\/uploads\\\/2025\\\/01\\\/guy-hand-holding-credit-card-enjoying-internet-online-shopping-using-digital-computer-tablet-home-scaled-1.jpg\",\"keywords\":[\"direito\",\"pix\",\"receita federal\",\"tributario\"],\"articleSection\":[\"Noticias\"],\"inLanguage\":\"pt-BR\"},{\"@type\":\"WebPage\",\"@id\":\"https:\\\/\\\/www.gm.adv.br\\\/site\\\/2025\\\/01\\\/10\\\/receita-federal-vai-monitorar-dados-de-cartao-de-credito-e-pix-de-instituicoes-financeiras\\\/\",\"url\":\"https:\\\/\\\/www.gm.adv.br\\\/site\\\/2025\\\/01\\\/10\\\/receita-federal-vai-monitorar-dados-de-cartao-de-credito-e-pix-de-instituicoes-financeiras\\\/\",\"name\":\"Receita Federal vai monitorar dados de cart\u00e3o de cr\u00e9dito e Pix de institui\u00e7\u00f5es financeiras - Guaresi &amp; Mill\u00e9o Advogados Associados | Escrit\u00f3rio de Advocacia em Conc\u00f3rdia-SC | 30 Anos de Experi\u00eancia\",\"isPartOf\":{\"@id\":\"https:\\\/\\\/www.gm.adv.br\\\/site\\\/#website\"},\"primaryImageOfPage\":{\"@id\":\"https:\\\/\\\/www.gm.adv.br\\\/site\\\/2025\\\/01\\\/10\\\/receita-federal-vai-monitorar-dados-de-cartao-de-credito-e-pix-de-instituicoes-financeiras\\\/#primaryimage\"},\"image\":{\"@id\":\"https:\\\/\\\/www.gm.adv.br\\\/site\\\/2025\\\/01\\\/10\\\/receita-federal-vai-monitorar-dados-de-cartao-de-credito-e-pix-de-instituicoes-financeiras\\\/#primaryimage\"},\"thumbnailUrl\":\"https:\\\/\\\/www.gm.adv.br\\\/site\\\/wp-content\\\/uploads\\\/2025\\\/01\\\/guy-hand-holding-credit-card-enjoying-internet-online-shopping-using-digital-computer-tablet-home-scaled-1.jpg\",\"datePublished\":\"2025-01-10T17:03:10+00:00\",\"description\":\"Receita Federal vai monitorar dados de cart\u00e3o de cr\u00e9dito e Pix de institui\u00e7\u00f5es financeiras - Guaresi &amp; Mill\u00e9o Advogados Associados | Escrit\u00f3rio de Advocacia em Conc\u00f3rdia-SC | 30 Anos de Experi\u00eancia\",\"breadcrumb\":{\"@id\":\"https:\\\/\\\/www.gm.adv.br\\\/site\\\/2025\\\/01\\\/10\\\/receita-federal-vai-monitorar-dados-de-cartao-de-credito-e-pix-de-instituicoes-financeiras\\\/#breadcrumb\"},\"inLanguage\":\"pt-BR\",\"potentialAction\":[{\"@type\":\"ReadAction\",\"target\":[\"https:\\\/\\\/www.gm.adv.br\\\/site\\\/2025\\\/01\\\/10\\\/receita-federal-vai-monitorar-dados-de-cartao-de-credito-e-pix-de-instituicoes-financeiras\\\/\"]}]},{\"@type\":\"ImageObject\",\"inLanguage\":\"pt-BR\",\"@id\":\"https:\\\/\\\/www.gm.adv.br\\\/site\\\/2025\\\/01\\\/10\\\/receita-federal-vai-monitorar-dados-de-cartao-de-credito-e-pix-de-instituicoes-financeiras\\\/#primaryimage\",\"url\":\"https:\\\/\\\/www.gm.adv.br\\\/site\\\/wp-content\\\/uploads\\\/2025\\\/01\\\/guy-hand-holding-credit-card-enjoying-internet-online-shopping-using-digital-computer-tablet-home-scaled-1.jpg\",\"contentUrl\":\"https:\\\/\\\/www.gm.adv.br\\\/site\\\/wp-content\\\/uploads\\\/2025\\\/01\\\/guy-hand-holding-credit-card-enjoying-internet-online-shopping-using-digital-computer-tablet-home-scaled-1.jpg\",\"width\":2560,\"height\":1440,\"caption\":\"guy hand holding credit card, enjoying internet online shopping using digital computer tablet at home.\"},{\"@type\":\"BreadcrumbList\",\"@id\":\"https:\\\/\\\/www.gm.adv.br\\\/site\\\/2025\\\/01\\\/10\\\/receita-federal-vai-monitorar-dados-de-cartao-de-credito-e-pix-de-instituicoes-financeiras\\\/#breadcrumb\",\"itemListElement\":[{\"@type\":\"ListItem\",\"position\":1,\"name\":\"In\u00edcio\",\"item\":\"https:\\\/\\\/www.gm.adv.br\\\/site\\\/\"},{\"@type\":\"ListItem\",\"position\":2,\"name\":\"Receita Federal vai monitorar dados de cart\u00e3o de cr\u00e9dito e Pix de institui\u00e7\u00f5es financeiras\"}]},{\"@type\":\"WebSite\",\"@id\":\"https:\\\/\\\/www.gm.adv.br\\\/site\\\/#website\",\"url\":\"https:\\\/\\\/www.gm.adv.br\\\/site\\\/\",\"name\":\"Guaresi & Mill\u00e9o Advogados Associados | Escrit\u00f3rio de Advocacia em Conc\u00f3rdia-SC | 30 Anos de Experi\u00eanci\",\"description\":\"Advocacia Direito Banc\u00e1rio, Tribut\u00e1rio, Trabalhista, C\u00edvil, P\u00fablica, Municipal, Advogados Associados Guaresi e Mill\u00e9o  |  Conc\u00f3rdia SC\",\"publisher\":{\"@id\":\"https:\\\/\\\/www.gm.adv.br\\\/site\\\/#organization\"},\"alternateName\":\"Guaresi e Mill\u00e9o Escrit\u00f3rio de Advocacia e Consultoria em Conc\u00f3rdia-SC\",\"potentialAction\":[{\"@type\":\"SearchAction\",\"target\":{\"@type\":\"EntryPoint\",\"urlTemplate\":\"https:\\\/\\\/www.gm.adv.br\\\/site\\\/?s={search_term_string}\"},\"query-input\":{\"@type\":\"PropertyValueSpecification\",\"valueRequired\":true,\"valueName\":\"search_term_string\"}}],\"inLanguage\":\"pt-BR\"},{\"@type\":\"Organization\",\"@id\":\"https:\\\/\\\/www.gm.adv.br\\\/site\\\/#organization\",\"name\":\"Guaresi & Milleo Advogados Associados em Conc\u00f3rdia SC\",\"alternateName\":\"Guaresi e Milleo Advocacia e Consultoria\",\"url\":\"https:\\\/\\\/www.gm.adv.br\\\/site\\\/\",\"logo\":{\"@type\":\"ImageObject\",\"inLanguage\":\"pt-BR\",\"@id\":\"https:\\\/\\\/www.gm.adv.br\\\/site\\\/#\\\/schema\\\/logo\\\/image\\\/\",\"url\":\"https:\\\/\\\/www.gm.adv.br\\\/site\\\/wp-content\\\/uploads\\\/2025\\\/07\\\/cropped-icone-512.webp\",\"contentUrl\":\"https:\\\/\\\/www.gm.adv.br\\\/site\\\/wp-content\\\/uploads\\\/2025\\\/07\\\/cropped-icone-512.webp\",\"width\":512,\"height\":512,\"caption\":\"Guaresi & Milleo Advogados Associados em Conc\u00f3rdia SC\"},\"image\":{\"@id\":\"https:\\\/\\\/www.gm.adv.br\\\/site\\\/#\\\/schema\\\/logo\\\/image\\\/\"},\"sameAs\":[\"https:\\\/\\\/www.facebook.com\\\/GuaresiMilleoAdvogados\",\"https:\\\/\\\/www.instagram.com\\\/guaresiemilleo\\\/\",\"https:\\\/\\\/br.linkedin.com\\\/company\\\/guaresimilleo\"]},{\"@type\":\"Person\",\"@id\":\"https:\\\/\\\/www.gm.adv.br\\\/site\\\/#\\\/schema\\\/person\\\/7d633a2abab0d9b94253af6efc36428f\",\"name\":\"admin\",\"image\":{\"@type\":\"ImageObject\",\"inLanguage\":\"pt-BR\",\"@id\":\"https:\\\/\\\/secure.gravatar.com\\\/avatar\\\/c8bb173d280f7d1e50b67bb649de269247430499695ba3ee451b6289436d1d39?s=96&d=mm&r=g\",\"url\":\"https:\\\/\\\/secure.gravatar.com\\\/avatar\\\/c8bb173d280f7d1e50b67bb649de269247430499695ba3ee451b6289436d1d39?s=96&d=mm&r=g\",\"contentUrl\":\"https:\\\/\\\/secure.gravatar.com\\\/avatar\\\/c8bb173d280f7d1e50b67bb649de269247430499695ba3ee451b6289436d1d39?s=96&d=mm&r=g\",\"caption\":\"admin\"},\"sameAs\":[\"https:\\\/\\\/www.gm.adv.br\\\/site\"],\"url\":\"https:\\\/\\\/www.gm.adv.br\\\/site\\\/author\\\/admin\\\/\"}]}<\/script>\n<!-- \/ Yoast SEO plugin. -->","yoast_head_json":{"title":"Receita Federal vai monitorar dados de cart\u00e3o de cr\u00e9dito e Pix de institui\u00e7\u00f5es financeiras - Guaresi &amp; Mill\u00e9o Advogados Associados | Escrit\u00f3rio de Advocacia em Conc\u00f3rdia-SC | 30 Anos de Experi\u00eancia","description":"Receita Federal vai monitorar dados de cart\u00e3o de cr\u00e9dito e Pix de institui\u00e7\u00f5es financeiras - Guaresi &amp; Mill\u00e9o Advogados Associados | Escrit\u00f3rio de Advocacia em Conc\u00f3rdia-SC | 30 Anos de Experi\u00eancia","robots":{"index":"index","follow":"follow","max-snippet":"max-snippet:-1","max-image-preview":"max-image-preview:large","max-video-preview":"max-video-preview:-1"},"canonical":"https:\/\/www.gm.adv.br\/site\/2025\/01\/10\/receita-federal-vai-monitorar-dados-de-cartao-de-credito-e-pix-de-instituicoes-financeiras\/","og_locale":"pt_BR","og_type":"article","og_title":"Receita Federal vai monitorar dados de cart\u00e3o de cr\u00e9dito e Pix de institui\u00e7\u00f5es financeiras - Guaresi &amp; Mill\u00e9o Advogados Associados | Escrit\u00f3rio de Advocacia em Conc\u00f3rdia-SC | 30 Anos de Experi\u00eancia","og_description":"Receita Federal vai monitorar dados de cart\u00e3o de cr\u00e9dito e Pix de institui\u00e7\u00f5es financeiras - Guaresi &amp; Mill\u00e9o Advogados Associados | Escrit\u00f3rio de Advocacia em Conc\u00f3rdia-SC | 30 Anos de Experi\u00eancia","og_url":"https:\/\/www.gm.adv.br\/site\/2025\/01\/10\/receita-federal-vai-monitorar-dados-de-cartao-de-credito-e-pix-de-instituicoes-financeiras\/","og_site_name":"Guaresi &amp; Mill\u00e9o Advogados Associados | Escrit\u00f3rio de Advocacia em Conc\u00f3rdia-SC | 30 Anos de Experi\u00eancia","article_publisher":"https:\/\/www.facebook.com\/GuaresiMilleoAdvogados","article_published_time":"2025-01-10T17:03:10+00:00","og_image":[{"width":2560,"height":1440,"url":"https:\/\/www.gm.adv.br\/site\/wp-content\/uploads\/2025\/01\/guy-hand-holding-credit-card-enjoying-internet-online-shopping-using-digital-computer-tablet-home-scaled-1.jpg","type":"image\/jpeg"}],"author":"admin","twitter_card":"summary_large_image","twitter_misc":{"Escrito por":"admin","Est. tempo de leitura":"2 minutos"},"schema":{"@context":"https:\/\/schema.org","@graph":[{"@type":"Article","@id":"https:\/\/www.gm.adv.br\/site\/2025\/01\/10\/receita-federal-vai-monitorar-dados-de-cartao-de-credito-e-pix-de-instituicoes-financeiras\/#article","isPartOf":{"@id":"https:\/\/www.gm.adv.br\/site\/2025\/01\/10\/receita-federal-vai-monitorar-dados-de-cartao-de-credito-e-pix-de-instituicoes-financeiras\/"},"author":{"name":"admin","@id":"https:\/\/www.gm.adv.br\/site\/#\/schema\/person\/7d633a2abab0d9b94253af6efc36428f"},"headline":"Receita Federal vai monitorar dados de cart\u00e3o de cr\u00e9dito e Pix de institui\u00e7\u00f5es financeiras","datePublished":"2025-01-10T17:03:10+00:00","mainEntityOfPage":{"@id":"https:\/\/www.gm.adv.br\/site\/2025\/01\/10\/receita-federal-vai-monitorar-dados-de-cartao-de-credito-e-pix-de-instituicoes-financeiras\/"},"wordCount":340,"publisher":{"@id":"https:\/\/www.gm.adv.br\/site\/#organization"},"image":{"@id":"https:\/\/www.gm.adv.br\/site\/2025\/01\/10\/receita-federal-vai-monitorar-dados-de-cartao-de-credito-e-pix-de-instituicoes-financeiras\/#primaryimage"},"thumbnailUrl":"https:\/\/www.gm.adv.br\/site\/wp-content\/uploads\/2025\/01\/guy-hand-holding-credit-card-enjoying-internet-online-shopping-using-digital-computer-tablet-home-scaled-1.jpg","keywords":["direito","pix","receita federal","tributario"],"articleSection":["Noticias"],"inLanguage":"pt-BR"},{"@type":"WebPage","@id":"https:\/\/www.gm.adv.br\/site\/2025\/01\/10\/receita-federal-vai-monitorar-dados-de-cartao-de-credito-e-pix-de-instituicoes-financeiras\/","url":"https:\/\/www.gm.adv.br\/site\/2025\/01\/10\/receita-federal-vai-monitorar-dados-de-cartao-de-credito-e-pix-de-instituicoes-financeiras\/","name":"Receita Federal vai monitorar dados de cart\u00e3o de cr\u00e9dito e Pix de institui\u00e7\u00f5es financeiras - Guaresi &amp; Mill\u00e9o Advogados Associados | Escrit\u00f3rio de Advocacia em Conc\u00f3rdia-SC | 30 Anos de Experi\u00eancia","isPartOf":{"@id":"https:\/\/www.gm.adv.br\/site\/#website"},"primaryImageOfPage":{"@id":"https:\/\/www.gm.adv.br\/site\/2025\/01\/10\/receita-federal-vai-monitorar-dados-de-cartao-de-credito-e-pix-de-instituicoes-financeiras\/#primaryimage"},"image":{"@id":"https:\/\/www.gm.adv.br\/site\/2025\/01\/10\/receita-federal-vai-monitorar-dados-de-cartao-de-credito-e-pix-de-instituicoes-financeiras\/#primaryimage"},"thumbnailUrl":"https:\/\/www.gm.adv.br\/site\/wp-content\/uploads\/2025\/01\/guy-hand-holding-credit-card-enjoying-internet-online-shopping-using-digital-computer-tablet-home-scaled-1.jpg","datePublished":"2025-01-10T17:03:10+00:00","description":"Receita Federal vai monitorar dados de cart\u00e3o de cr\u00e9dito e Pix de institui\u00e7\u00f5es financeiras - Guaresi &amp; Mill\u00e9o Advogados Associados | Escrit\u00f3rio de Advocacia em Conc\u00f3rdia-SC | 30 Anos de Experi\u00eancia","breadcrumb":{"@id":"https:\/\/www.gm.adv.br\/site\/2025\/01\/10\/receita-federal-vai-monitorar-dados-de-cartao-de-credito-e-pix-de-instituicoes-financeiras\/#breadcrumb"},"inLanguage":"pt-BR","potentialAction":[{"@type":"ReadAction","target":["https:\/\/www.gm.adv.br\/site\/2025\/01\/10\/receita-federal-vai-monitorar-dados-de-cartao-de-credito-e-pix-de-instituicoes-financeiras\/"]}]},{"@type":"ImageObject","inLanguage":"pt-BR","@id":"https:\/\/www.gm.adv.br\/site\/2025\/01\/10\/receita-federal-vai-monitorar-dados-de-cartao-de-credito-e-pix-de-instituicoes-financeiras\/#primaryimage","url":"https:\/\/www.gm.adv.br\/site\/wp-content\/uploads\/2025\/01\/guy-hand-holding-credit-card-enjoying-internet-online-shopping-using-digital-computer-tablet-home-scaled-1.jpg","contentUrl":"https:\/\/www.gm.adv.br\/site\/wp-content\/uploads\/2025\/01\/guy-hand-holding-credit-card-enjoying-internet-online-shopping-using-digital-computer-tablet-home-scaled-1.jpg","width":2560,"height":1440,"caption":"guy hand holding credit card, enjoying internet online shopping using digital computer tablet at home."},{"@type":"BreadcrumbList","@id":"https:\/\/www.gm.adv.br\/site\/2025\/01\/10\/receita-federal-vai-monitorar-dados-de-cartao-de-credito-e-pix-de-instituicoes-financeiras\/#breadcrumb","itemListElement":[{"@type":"ListItem","position":1,"name":"In\u00edcio","item":"https:\/\/www.gm.adv.br\/site\/"},{"@type":"ListItem","position":2,"name":"Receita Federal vai monitorar dados de cart\u00e3o de cr\u00e9dito e Pix de institui\u00e7\u00f5es financeiras"}]},{"@type":"WebSite","@id":"https:\/\/www.gm.adv.br\/site\/#website","url":"https:\/\/www.gm.adv.br\/site\/","name":"Guaresi & Mill\u00e9o Advogados Associados | Escrit\u00f3rio de Advocacia em Conc\u00f3rdia-SC | 30 Anos de Experi\u00eanci","description":"Advocacia Direito Banc\u00e1rio, Tribut\u00e1rio, Trabalhista, C\u00edvil, P\u00fablica, Municipal, Advogados Associados Guaresi e Mill\u00e9o  |  Conc\u00f3rdia SC","publisher":{"@id":"https:\/\/www.gm.adv.br\/site\/#organization"},"alternateName":"Guaresi e Mill\u00e9o Escrit\u00f3rio de Advocacia e Consultoria em Conc\u00f3rdia-SC","potentialAction":[{"@type":"SearchAction","target":{"@type":"EntryPoint","urlTemplate":"https:\/\/www.gm.adv.br\/site\/?s={search_term_string}"},"query-input":{"@type":"PropertyValueSpecification","valueRequired":true,"valueName":"search_term_string"}}],"inLanguage":"pt-BR"},{"@type":"Organization","@id":"https:\/\/www.gm.adv.br\/site\/#organization","name":"Guaresi & Milleo Advogados Associados em Conc\u00f3rdia SC","alternateName":"Guaresi e Milleo Advocacia e Consultoria","url":"https:\/\/www.gm.adv.br\/site\/","logo":{"@type":"ImageObject","inLanguage":"pt-BR","@id":"https:\/\/www.gm.adv.br\/site\/#\/schema\/logo\/image\/","url":"https:\/\/www.gm.adv.br\/site\/wp-content\/uploads\/2025\/07\/cropped-icone-512.webp","contentUrl":"https:\/\/www.gm.adv.br\/site\/wp-content\/uploads\/2025\/07\/cropped-icone-512.webp","width":512,"height":512,"caption":"Guaresi & Milleo Advogados Associados em Conc\u00f3rdia SC"},"image":{"@id":"https:\/\/www.gm.adv.br\/site\/#\/schema\/logo\/image\/"},"sameAs":["https:\/\/www.facebook.com\/GuaresiMilleoAdvogados","https:\/\/www.instagram.com\/guaresiemilleo\/","https:\/\/br.linkedin.com\/company\/guaresimilleo"]},{"@type":"Person","@id":"https:\/\/www.gm.adv.br\/site\/#\/schema\/person\/7d633a2abab0d9b94253af6efc36428f","name":"admin","image":{"@type":"ImageObject","inLanguage":"pt-BR","@id":"https:\/\/secure.gravatar.com\/avatar\/c8bb173d280f7d1e50b67bb649de269247430499695ba3ee451b6289436d1d39?s=96&d=mm&r=g","url":"https:\/\/secure.gravatar.com\/avatar\/c8bb173d280f7d1e50b67bb649de269247430499695ba3ee451b6289436d1d39?s=96&d=mm&r=g","contentUrl":"https:\/\/secure.gravatar.com\/avatar\/c8bb173d280f7d1e50b67bb649de269247430499695ba3ee451b6289436d1d39?s=96&d=mm&r=g","caption":"admin"},"sameAs":["https:\/\/www.gm.adv.br\/site"],"url":"https:\/\/www.gm.adv.br\/site\/author\/admin\/"}]}},"_links":{"self":[{"href":"https:\/\/www.gm.adv.br\/site\/wp-json\/wp\/v2\/posts\/5323","targetHints":{"allow":["GET"]}}],"collection":[{"href":"https:\/\/www.gm.adv.br\/site\/wp-json\/wp\/v2\/posts"}],"about":[{"href":"https:\/\/www.gm.adv.br\/site\/wp-json\/wp\/v2\/types\/post"}],"author":[{"embeddable":true,"href":"https:\/\/www.gm.adv.br\/site\/wp-json\/wp\/v2\/users\/1"}],"replies":[{"embeddable":true,"href":"https:\/\/www.gm.adv.br\/site\/wp-json\/wp\/v2\/comments?post=5323"}],"version-history":[{"count":0,"href":"https:\/\/www.gm.adv.br\/site\/wp-json\/wp\/v2\/posts\/5323\/revisions"}],"wp:featuredmedia":[{"embeddable":true,"href":"https:\/\/www.gm.adv.br\/site\/wp-json\/wp\/v2\/media\/5324"}],"wp:attachment":[{"href":"https:\/\/www.gm.adv.br\/site\/wp-json\/wp\/v2\/media?parent=5323"}],"wp:term":[{"taxonomy":"category","embeddable":true,"href":"https:\/\/www.gm.adv.br\/site\/wp-json\/wp\/v2\/categories?post=5323"},{"taxonomy":"post_tag","embeddable":true,"href":"https:\/\/www.gm.adv.br\/site\/wp-json\/wp\/v2\/tags?post=5323"}],"curies":[{"name":"wp","href":"https:\/\/api.w.org\/{rel}","templated":true}]}}