{"id":5298,"date":"2024-11-06T13:44:48","date_gmt":"2024-11-06T16:44:48","guid":{"rendered":"https:\/\/gm.adv.br\/?p=5298"},"modified":"2024-11-06T13:44:48","modified_gmt":"2024-11-06T16:44:48","slug":"sindicato-nao-pode-representar-herdeiros-de-trabalhadores-que-morreram-de-covid-19","status":"publish","type":"post","link":"https:\/\/www.gm.adv.br\/site\/2024\/11\/06\/sindicato-nao-pode-representar-herdeiros-de-trabalhadores-que-morreram-de-covid-19\/","title":{"rendered":"Sindicato n\u00e3o pode representar herdeiros de trabalhadores que morreram de covid-19"},"content":{"rendered":"<p>A Quinta Turma do Tribunal Superior do Trabalho manteve a ilegitimidade do Sindicato dos Trabalhadores nas Ind\u00fastrias de Carnes e Derivados de Campo Grande (MS) &#8211; STIC-CG &#8211; para representar, em processo judicial, herdeiros e sucessores de empregados da JBS S.A. que morreram em raz\u00e3o da covid-19. De acordo com o colegiado, essas pessoas n\u00e3o s\u00e3o integrantes da categoria profissional defendida pelo sindicato e, portanto, n\u00e3o podem ser representadas por ele no processo.<\/p>\n<p>Segundo sindicato, empresa n\u00e3o adotou medidas de seguran\u00e7a<\/p>\n<p>Na a\u00e7\u00e3o civil p\u00fablica, o STIC-CG alegou que, na \u00e9poca da pandemia, a JBS de Campo Grande (MS) n\u00e3o cumpria medidas de sa\u00fade e seguran\u00e7a do trabalho para reduzir os riscos de contamina\u00e7\u00e3o em sua f\u00e1brica. O pedido de indeniza\u00e7\u00e3o por danos morais e materiais inclu\u00eda os trabalhadores que morreram por terem contra\u00eddo o v\u00edrus no ambiente de servi\u00e7o.<\/p>\n<p>O ju\u00edzo de primeiro grau acolheu pedido da empresa para extinguir os pedidos de indeniza\u00e7\u00e3o pela morte de trabalhadores da JBS de Campo Grande, por entender que o sindicato n\u00e3o poderia reclamar direitos de natureza pessoal dos herdeiros.<\/p>\n<p>O Tribunal Regional do Trabalho da 24\u00aa Regi\u00e3o (MS) manteve a senten\u00e7a. Segundo o TRT, embora os sindicatos tenham ampla legitimidade para apresentar a\u00e7\u00e3o coletiva em favor da categoria que representa, essa legitimidade n\u00e3o se estende aos herdeiros ou sucessores de seus representados, por se tratar de um direito pessoal.<\/p>\n<p>Herdeiros n\u00e3o fazem parte da categoria profissional<\/p>\n<p>O relator do recurso de revista do sindicato, ministro Breno Medeiros, explicou que a legitima\u00e7\u00e3o dos sindicatos para ajuizar a\u00e7\u00e3o em nome de uma categoria tem como pressuposto o interesse de classe envolvido, ou seja, os direitos ligados \u00e0 categoria representada pela entidade sindical.<\/p>\n<p>No caso, por\u00e9m, a a\u00e7\u00e3o civil p\u00fablica foi ajuizada n\u00e3o apenas em nome de trabalhadores que comp\u00f5em a categoria, mas tamb\u00e9m de terceiros n\u00e3o vinculados ao sindicato. Nessa circunst\u00e2ncia, n\u00e3o se trata de um direito sucess\u00f3rio, mas de um dano direto a pessoas que n\u00e3o fazem parte da categoria profissional.<\/p>\n<p>A decis\u00e3o foi un\u00e2nime.<\/p>\n<p>&nbsp;<\/p>\n<p>Equipe Guaresi e Mill\u00e9o<\/p>\n<p>&nbsp;<\/p>\n<p>Fonte: TST<\/p>\n","protected":false},"excerpt":{"rendered":"<p>A Quinta Turma do Tribunal Superior do Trabalho manteve a ilegitimidade do Sindicato dos Trabalhadores nas Ind\u00fastrias de Carnes e Derivados de Campo Grande (MS) &#8211; STIC-CG &#8211; para representar, em processo judicial, herdeiros e sucessores de empregados da JBS S.A. que morreram em raz\u00e3o da covid-19. De acordo com o colegiado, essas pessoas n\u00e3o [&#8230;]\n","protected":false},"author":1,"featured_media":5299,"comment_status":"closed","ping_status":"closed","sticky":false,"template":"","format":"standard","meta":{"footnotes":""},"categories":[74,68,73],"tags":[105,83,106],"class_list":["post-5298","post","type-post","status-publish","format-standard","has-post-thumbnail","hentry","category-blog","category-direito-do-trabalho","category-artigos","tag-covid-19","tag-direito","tag-trabalhadores"],"yoast_head":"<!-- This site is optimized with the Yoast SEO plugin v27.5 - https:\/\/yoast.com\/product\/yoast-seo-wordpress\/ -->\n<title>Sindicato n\u00e3o pode representar herdeiros de trabalhadores que morreram de covid-19 - Guaresi &amp; Mill\u00e9o Advogados Associados | Escrit\u00f3rio de Advocacia em Conc\u00f3rdia-SC | 30 Anos de Experi\u00eancia<\/title>\n<meta name=\"description\" content=\"Sindicato n\u00e3o pode representar herdeiros de trabalhadores que morreram de covid-19 - Guaresi &amp; Mill\u00e9o Advogados Associados | Escrit\u00f3rio de Advocacia em Conc\u00f3rdia-SC | 30 Anos de Experi\u00eancia\" \/>\n<meta name=\"robots\" content=\"index, follow, max-snippet:-1, max-image-preview:large, max-video-preview:-1\" \/>\n<link rel=\"canonical\" href=\"https:\/\/www.gm.adv.br\/site\/2024\/11\/06\/sindicato-nao-pode-representar-herdeiros-de-trabalhadores-que-morreram-de-covid-19\/\" \/>\n<meta property=\"og:locale\" content=\"pt_BR\" \/>\n<meta property=\"og:type\" content=\"article\" \/>\n<meta property=\"og:title\" content=\"Sindicato n\u00e3o pode representar herdeiros de trabalhadores que morreram de covid-19 - Guaresi &amp; Mill\u00e9o Advogados Associados | Escrit\u00f3rio de Advocacia em Conc\u00f3rdia-SC | 30 Anos de Experi\u00eancia\" \/>\n<meta property=\"og:description\" content=\"Sindicato n\u00e3o pode representar herdeiros de trabalhadores que morreram de covid-19 - Guaresi &amp; Mill\u00e9o Advogados Associados | Escrit\u00f3rio de Advocacia em Conc\u00f3rdia-SC | 30 Anos de Experi\u00eancia\" \/>\n<meta property=\"og:url\" content=\"https:\/\/www.gm.adv.br\/site\/2024\/11\/06\/sindicato-nao-pode-representar-herdeiros-de-trabalhadores-que-morreram-de-covid-19\/\" \/>\n<meta property=\"og:site_name\" content=\"Guaresi &amp; Mill\u00e9o Advogados Associados | Escrit\u00f3rio de Advocacia em Conc\u00f3rdia-SC | 30 Anos de Experi\u00eancia\" \/>\n<meta property=\"article:publisher\" content=\"https:\/\/www.facebook.com\/GuaresiMilleoAdvogados\" \/>\n<meta property=\"article:published_time\" content=\"2024-11-06T16:44:48+00:00\" \/>\n<meta property=\"og:image\" content=\"https:\/\/www.gm.adv.br\/site\/wp-content\/uploads\/2024\/11\/AdobeStock-70aj3xsVZp.jpg\" \/>\n\t<meta property=\"og:image:width\" content=\"1000\" \/>\n\t<meta property=\"og:image:height\" content=\"667\" \/>\n\t<meta property=\"og:image:type\" content=\"image\/jpeg\" \/>\n<meta name=\"author\" content=\"admin\" \/>\n<meta name=\"twitter:card\" content=\"summary_large_image\" \/>\n<meta name=\"twitter:label1\" content=\"Escrito por\" \/>\n\t<meta name=\"twitter:data1\" content=\"admin\" \/>\n\t<meta name=\"twitter:label2\" content=\"Est. tempo de leitura\" \/>\n\t<meta name=\"twitter:data2\" content=\"3 minutos\" \/>\n<script type=\"application\/ld+json\" class=\"yoast-schema-graph\">{\"@context\":\"https:\\\/\\\/schema.org\",\"@graph\":[{\"@type\":\"Article\",\"@id\":\"https:\\\/\\\/www.gm.adv.br\\\/site\\\/2024\\\/11\\\/06\\\/sindicato-nao-pode-representar-herdeiros-de-trabalhadores-que-morreram-de-covid-19\\\/#article\",\"isPartOf\":{\"@id\":\"https:\\\/\\\/www.gm.adv.br\\\/site\\\/2024\\\/11\\\/06\\\/sindicato-nao-pode-representar-herdeiros-de-trabalhadores-que-morreram-de-covid-19\\\/\"},\"author\":{\"name\":\"admin\",\"@id\":\"https:\\\/\\\/www.gm.adv.br\\\/site\\\/#\\\/schema\\\/person\\\/7d633a2abab0d9b94253af6efc36428f\"},\"headline\":\"Sindicato n\u00e3o pode representar herdeiros de trabalhadores que morreram de covid-19\",\"datePublished\":\"2024-11-06T16:44:48+00:00\",\"mainEntityOfPage\":{\"@id\":\"https:\\\/\\\/www.gm.adv.br\\\/site\\\/2024\\\/11\\\/06\\\/sindicato-nao-pode-representar-herdeiros-de-trabalhadores-que-morreram-de-covid-19\\\/\"},\"wordCount\":395,\"publisher\":{\"@id\":\"https:\\\/\\\/www.gm.adv.br\\\/site\\\/#organization\"},\"image\":{\"@id\":\"https:\\\/\\\/www.gm.adv.br\\\/site\\\/2024\\\/11\\\/06\\\/sindicato-nao-pode-representar-herdeiros-de-trabalhadores-que-morreram-de-covid-19\\\/#primaryimage\"},\"thumbnailUrl\":\"https:\\\/\\\/www.gm.adv.br\\\/site\\\/wp-content\\\/uploads\\\/2024\\\/11\\\/AdobeStock-70aj3xsVZp.jpg\",\"keywords\":[\"covid-19\",\"direito\",\"trabalhadores\"],\"articleSection\":[\"Blog\",\"Direito do Trabalho\",\"Noticias\"],\"inLanguage\":\"pt-BR\"},{\"@type\":\"WebPage\",\"@id\":\"https:\\\/\\\/www.gm.adv.br\\\/site\\\/2024\\\/11\\\/06\\\/sindicato-nao-pode-representar-herdeiros-de-trabalhadores-que-morreram-de-covid-19\\\/\",\"url\":\"https:\\\/\\\/www.gm.adv.br\\\/site\\\/2024\\\/11\\\/06\\\/sindicato-nao-pode-representar-herdeiros-de-trabalhadores-que-morreram-de-covid-19\\\/\",\"name\":\"Sindicato n\u00e3o pode representar herdeiros de trabalhadores que morreram de covid-19 - Guaresi &amp; Mill\u00e9o Advogados Associados | Escrit\u00f3rio de Advocacia em Conc\u00f3rdia-SC | 30 Anos de Experi\u00eancia\",\"isPartOf\":{\"@id\":\"https:\\\/\\\/www.gm.adv.br\\\/site\\\/#website\"},\"primaryImageOfPage\":{\"@id\":\"https:\\\/\\\/www.gm.adv.br\\\/site\\\/2024\\\/11\\\/06\\\/sindicato-nao-pode-representar-herdeiros-de-trabalhadores-que-morreram-de-covid-19\\\/#primaryimage\"},\"image\":{\"@id\":\"https:\\\/\\\/www.gm.adv.br\\\/site\\\/2024\\\/11\\\/06\\\/sindicato-nao-pode-representar-herdeiros-de-trabalhadores-que-morreram-de-covid-19\\\/#primaryimage\"},\"thumbnailUrl\":\"https:\\\/\\\/www.gm.adv.br\\\/site\\\/wp-content\\\/uploads\\\/2024\\\/11\\\/AdobeStock-70aj3xsVZp.jpg\",\"datePublished\":\"2024-11-06T16:44:48+00:00\",\"description\":\"Sindicato n\u00e3o pode representar herdeiros de trabalhadores que morreram de covid-19 - Guaresi &amp; Mill\u00e9o Advogados Associados | Escrit\u00f3rio de Advocacia em Conc\u00f3rdia-SC | 30 Anos de Experi\u00eancia\",\"breadcrumb\":{\"@id\":\"https:\\\/\\\/www.gm.adv.br\\\/site\\\/2024\\\/11\\\/06\\\/sindicato-nao-pode-representar-herdeiros-de-trabalhadores-que-morreram-de-covid-19\\\/#breadcrumb\"},\"inLanguage\":\"pt-BR\",\"potentialAction\":[{\"@type\":\"ReadAction\",\"target\":[\"https:\\\/\\\/www.gm.adv.br\\\/site\\\/2024\\\/11\\\/06\\\/sindicato-nao-pode-representar-herdeiros-de-trabalhadores-que-morreram-de-covid-19\\\/\"]}]},{\"@type\":\"ImageObject\",\"inLanguage\":\"pt-BR\",\"@id\":\"https:\\\/\\\/www.gm.adv.br\\\/site\\\/2024\\\/11\\\/06\\\/sindicato-nao-pode-representar-herdeiros-de-trabalhadores-que-morreram-de-covid-19\\\/#primaryimage\",\"url\":\"https:\\\/\\\/www.gm.adv.br\\\/site\\\/wp-content\\\/uploads\\\/2024\\\/11\\\/AdobeStock-70aj3xsVZp.jpg\",\"contentUrl\":\"https:\\\/\\\/www.gm.adv.br\\\/site\\\/wp-content\\\/uploads\\\/2024\\\/11\\\/AdobeStock-70aj3xsVZp.jpg\",\"width\":1000,\"height\":667},{\"@type\":\"BreadcrumbList\",\"@id\":\"https:\\\/\\\/www.gm.adv.br\\\/site\\\/2024\\\/11\\\/06\\\/sindicato-nao-pode-representar-herdeiros-de-trabalhadores-que-morreram-de-covid-19\\\/#breadcrumb\",\"itemListElement\":[{\"@type\":\"ListItem\",\"position\":1,\"name\":\"In\u00edcio\",\"item\":\"https:\\\/\\\/www.gm.adv.br\\\/site\\\/\"},{\"@type\":\"ListItem\",\"position\":2,\"name\":\"Sindicato n\u00e3o pode representar herdeiros de trabalhadores que morreram de covid-19\"}]},{\"@type\":\"WebSite\",\"@id\":\"https:\\\/\\\/www.gm.adv.br\\\/site\\\/#website\",\"url\":\"https:\\\/\\\/www.gm.adv.br\\\/site\\\/\",\"name\":\"Guaresi & Mill\u00e9o Advogados Associados | Escrit\u00f3rio de Advocacia em Conc\u00f3rdia-SC | 30 Anos de Experi\u00eanci\",\"description\":\"Advocacia Direito Banc\u00e1rio, Tribut\u00e1rio, Trabalhista, C\u00edvil, P\u00fablica, Municipal, Advogados Associados Guaresi e Mill\u00e9o  |  Conc\u00f3rdia SC\",\"publisher\":{\"@id\":\"https:\\\/\\\/www.gm.adv.br\\\/site\\\/#organization\"},\"alternateName\":\"Guaresi e Mill\u00e9o Escrit\u00f3rio de Advocacia e Consultoria em Conc\u00f3rdia-SC\",\"potentialAction\":[{\"@type\":\"SearchAction\",\"target\":{\"@type\":\"EntryPoint\",\"urlTemplate\":\"https:\\\/\\\/www.gm.adv.br\\\/site\\\/?s={search_term_string}\"},\"query-input\":{\"@type\":\"PropertyValueSpecification\",\"valueRequired\":true,\"valueName\":\"search_term_string\"}}],\"inLanguage\":\"pt-BR\"},{\"@type\":\"Organization\",\"@id\":\"https:\\\/\\\/www.gm.adv.br\\\/site\\\/#organization\",\"name\":\"Guaresi & Milleo Advogados Associados em Conc\u00f3rdia SC\",\"alternateName\":\"Guaresi e Milleo Advocacia e Consultoria\",\"url\":\"https:\\\/\\\/www.gm.adv.br\\\/site\\\/\",\"logo\":{\"@type\":\"ImageObject\",\"inLanguage\":\"pt-BR\",\"@id\":\"https:\\\/\\\/www.gm.adv.br\\\/site\\\/#\\\/schema\\\/logo\\\/image\\\/\",\"url\":\"https:\\\/\\\/www.gm.adv.br\\\/site\\\/wp-content\\\/uploads\\\/2025\\\/07\\\/cropped-icone-512.webp\",\"contentUrl\":\"https:\\\/\\\/www.gm.adv.br\\\/site\\\/wp-content\\\/uploads\\\/2025\\\/07\\\/cropped-icone-512.webp\",\"width\":512,\"height\":512,\"caption\":\"Guaresi & Milleo Advogados Associados em Conc\u00f3rdia SC\"},\"image\":{\"@id\":\"https:\\\/\\\/www.gm.adv.br\\\/site\\\/#\\\/schema\\\/logo\\\/image\\\/\"},\"sameAs\":[\"https:\\\/\\\/www.facebook.com\\\/GuaresiMilleoAdvogados\",\"https:\\\/\\\/www.instagram.com\\\/guaresiemilleo\\\/\",\"https:\\\/\\\/br.linkedin.com\\\/company\\\/guaresimilleo\"]},{\"@type\":\"Person\",\"@id\":\"https:\\\/\\\/www.gm.adv.br\\\/site\\\/#\\\/schema\\\/person\\\/7d633a2abab0d9b94253af6efc36428f\",\"name\":\"admin\",\"image\":{\"@type\":\"ImageObject\",\"inLanguage\":\"pt-BR\",\"@id\":\"https:\\\/\\\/secure.gravatar.com\\\/avatar\\\/c8bb173d280f7d1e50b67bb649de269247430499695ba3ee451b6289436d1d39?s=96&d=mm&r=g\",\"url\":\"https:\\\/\\\/secure.gravatar.com\\\/avatar\\\/c8bb173d280f7d1e50b67bb649de269247430499695ba3ee451b6289436d1d39?s=96&d=mm&r=g\",\"contentUrl\":\"https:\\\/\\\/secure.gravatar.com\\\/avatar\\\/c8bb173d280f7d1e50b67bb649de269247430499695ba3ee451b6289436d1d39?s=96&d=mm&r=g\",\"caption\":\"admin\"},\"sameAs\":[\"https:\\\/\\\/www.gm.adv.br\\\/site\"],\"url\":\"https:\\\/\\\/www.gm.adv.br\\\/site\\\/author\\\/admin\\\/\"}]}<\/script>\n<!-- \/ Yoast SEO plugin. -->","yoast_head_json":{"title":"Sindicato n\u00e3o pode representar herdeiros de trabalhadores que morreram de covid-19 - Guaresi &amp; Mill\u00e9o Advogados Associados | Escrit\u00f3rio de Advocacia em Conc\u00f3rdia-SC | 30 Anos de Experi\u00eancia","description":"Sindicato n\u00e3o pode representar herdeiros de trabalhadores que morreram de covid-19 - Guaresi &amp; Mill\u00e9o Advogados Associados | Escrit\u00f3rio de Advocacia em Conc\u00f3rdia-SC | 30 Anos de Experi\u00eancia","robots":{"index":"index","follow":"follow","max-snippet":"max-snippet:-1","max-image-preview":"max-image-preview:large","max-video-preview":"max-video-preview:-1"},"canonical":"https:\/\/www.gm.adv.br\/site\/2024\/11\/06\/sindicato-nao-pode-representar-herdeiros-de-trabalhadores-que-morreram-de-covid-19\/","og_locale":"pt_BR","og_type":"article","og_title":"Sindicato n\u00e3o pode representar herdeiros de trabalhadores que morreram de covid-19 - Guaresi &amp; Mill\u00e9o Advogados Associados | Escrit\u00f3rio de Advocacia em Conc\u00f3rdia-SC | 30 Anos de Experi\u00eancia","og_description":"Sindicato n\u00e3o pode representar herdeiros de trabalhadores que morreram de covid-19 - Guaresi &amp; Mill\u00e9o Advogados Associados | Escrit\u00f3rio de Advocacia em Conc\u00f3rdia-SC | 30 Anos de Experi\u00eancia","og_url":"https:\/\/www.gm.adv.br\/site\/2024\/11\/06\/sindicato-nao-pode-representar-herdeiros-de-trabalhadores-que-morreram-de-covid-19\/","og_site_name":"Guaresi &amp; Mill\u00e9o Advogados Associados | Escrit\u00f3rio de Advocacia em Conc\u00f3rdia-SC | 30 Anos de Experi\u00eancia","article_publisher":"https:\/\/www.facebook.com\/GuaresiMilleoAdvogados","article_published_time":"2024-11-06T16:44:48+00:00","og_image":[{"width":1000,"height":667,"url":"https:\/\/www.gm.adv.br\/site\/wp-content\/uploads\/2024\/11\/AdobeStock-70aj3xsVZp.jpg","type":"image\/jpeg"}],"author":"admin","twitter_card":"summary_large_image","twitter_misc":{"Escrito por":"admin","Est. tempo de leitura":"3 minutos"},"schema":{"@context":"https:\/\/schema.org","@graph":[{"@type":"Article","@id":"https:\/\/www.gm.adv.br\/site\/2024\/11\/06\/sindicato-nao-pode-representar-herdeiros-de-trabalhadores-que-morreram-de-covid-19\/#article","isPartOf":{"@id":"https:\/\/www.gm.adv.br\/site\/2024\/11\/06\/sindicato-nao-pode-representar-herdeiros-de-trabalhadores-que-morreram-de-covid-19\/"},"author":{"name":"admin","@id":"https:\/\/www.gm.adv.br\/site\/#\/schema\/person\/7d633a2abab0d9b94253af6efc36428f"},"headline":"Sindicato n\u00e3o pode representar herdeiros de trabalhadores que morreram de covid-19","datePublished":"2024-11-06T16:44:48+00:00","mainEntityOfPage":{"@id":"https:\/\/www.gm.adv.br\/site\/2024\/11\/06\/sindicato-nao-pode-representar-herdeiros-de-trabalhadores-que-morreram-de-covid-19\/"},"wordCount":395,"publisher":{"@id":"https:\/\/www.gm.adv.br\/site\/#organization"},"image":{"@id":"https:\/\/www.gm.adv.br\/site\/2024\/11\/06\/sindicato-nao-pode-representar-herdeiros-de-trabalhadores-que-morreram-de-covid-19\/#primaryimage"},"thumbnailUrl":"https:\/\/www.gm.adv.br\/site\/wp-content\/uploads\/2024\/11\/AdobeStock-70aj3xsVZp.jpg","keywords":["covid-19","direito","trabalhadores"],"articleSection":["Blog","Direito do Trabalho","Noticias"],"inLanguage":"pt-BR"},{"@type":"WebPage","@id":"https:\/\/www.gm.adv.br\/site\/2024\/11\/06\/sindicato-nao-pode-representar-herdeiros-de-trabalhadores-que-morreram-de-covid-19\/","url":"https:\/\/www.gm.adv.br\/site\/2024\/11\/06\/sindicato-nao-pode-representar-herdeiros-de-trabalhadores-que-morreram-de-covid-19\/","name":"Sindicato n\u00e3o pode representar herdeiros de trabalhadores que morreram de covid-19 - Guaresi &amp; Mill\u00e9o Advogados Associados | Escrit\u00f3rio de Advocacia em Conc\u00f3rdia-SC | 30 Anos de Experi\u00eancia","isPartOf":{"@id":"https:\/\/www.gm.adv.br\/site\/#website"},"primaryImageOfPage":{"@id":"https:\/\/www.gm.adv.br\/site\/2024\/11\/06\/sindicato-nao-pode-representar-herdeiros-de-trabalhadores-que-morreram-de-covid-19\/#primaryimage"},"image":{"@id":"https:\/\/www.gm.adv.br\/site\/2024\/11\/06\/sindicato-nao-pode-representar-herdeiros-de-trabalhadores-que-morreram-de-covid-19\/#primaryimage"},"thumbnailUrl":"https:\/\/www.gm.adv.br\/site\/wp-content\/uploads\/2024\/11\/AdobeStock-70aj3xsVZp.jpg","datePublished":"2024-11-06T16:44:48+00:00","description":"Sindicato n\u00e3o pode representar herdeiros de trabalhadores que morreram de covid-19 - Guaresi &amp; Mill\u00e9o Advogados Associados | Escrit\u00f3rio de Advocacia em Conc\u00f3rdia-SC | 30 Anos de Experi\u00eancia","breadcrumb":{"@id":"https:\/\/www.gm.adv.br\/site\/2024\/11\/06\/sindicato-nao-pode-representar-herdeiros-de-trabalhadores-que-morreram-de-covid-19\/#breadcrumb"},"inLanguage":"pt-BR","potentialAction":[{"@type":"ReadAction","target":["https:\/\/www.gm.adv.br\/site\/2024\/11\/06\/sindicato-nao-pode-representar-herdeiros-de-trabalhadores-que-morreram-de-covid-19\/"]}]},{"@type":"ImageObject","inLanguage":"pt-BR","@id":"https:\/\/www.gm.adv.br\/site\/2024\/11\/06\/sindicato-nao-pode-representar-herdeiros-de-trabalhadores-que-morreram-de-covid-19\/#primaryimage","url":"https:\/\/www.gm.adv.br\/site\/wp-content\/uploads\/2024\/11\/AdobeStock-70aj3xsVZp.jpg","contentUrl":"https:\/\/www.gm.adv.br\/site\/wp-content\/uploads\/2024\/11\/AdobeStock-70aj3xsVZp.jpg","width":1000,"height":667},{"@type":"BreadcrumbList","@id":"https:\/\/www.gm.adv.br\/site\/2024\/11\/06\/sindicato-nao-pode-representar-herdeiros-de-trabalhadores-que-morreram-de-covid-19\/#breadcrumb","itemListElement":[{"@type":"ListItem","position":1,"name":"In\u00edcio","item":"https:\/\/www.gm.adv.br\/site\/"},{"@type":"ListItem","position":2,"name":"Sindicato n\u00e3o pode representar herdeiros de trabalhadores que morreram de covid-19"}]},{"@type":"WebSite","@id":"https:\/\/www.gm.adv.br\/site\/#website","url":"https:\/\/www.gm.adv.br\/site\/","name":"Guaresi & Mill\u00e9o Advogados Associados | Escrit\u00f3rio de Advocacia em Conc\u00f3rdia-SC | 30 Anos de Experi\u00eanci","description":"Advocacia Direito Banc\u00e1rio, Tribut\u00e1rio, Trabalhista, C\u00edvil, P\u00fablica, Municipal, Advogados Associados Guaresi e Mill\u00e9o  |  Conc\u00f3rdia SC","publisher":{"@id":"https:\/\/www.gm.adv.br\/site\/#organization"},"alternateName":"Guaresi e Mill\u00e9o Escrit\u00f3rio de Advocacia e Consultoria em Conc\u00f3rdia-SC","potentialAction":[{"@type":"SearchAction","target":{"@type":"EntryPoint","urlTemplate":"https:\/\/www.gm.adv.br\/site\/?s={search_term_string}"},"query-input":{"@type":"PropertyValueSpecification","valueRequired":true,"valueName":"search_term_string"}}],"inLanguage":"pt-BR"},{"@type":"Organization","@id":"https:\/\/www.gm.adv.br\/site\/#organization","name":"Guaresi & Milleo Advogados Associados em Conc\u00f3rdia SC","alternateName":"Guaresi e Milleo Advocacia e Consultoria","url":"https:\/\/www.gm.adv.br\/site\/","logo":{"@type":"ImageObject","inLanguage":"pt-BR","@id":"https:\/\/www.gm.adv.br\/site\/#\/schema\/logo\/image\/","url":"https:\/\/www.gm.adv.br\/site\/wp-content\/uploads\/2025\/07\/cropped-icone-512.webp","contentUrl":"https:\/\/www.gm.adv.br\/site\/wp-content\/uploads\/2025\/07\/cropped-icone-512.webp","width":512,"height":512,"caption":"Guaresi & Milleo Advogados Associados em Conc\u00f3rdia SC"},"image":{"@id":"https:\/\/www.gm.adv.br\/site\/#\/schema\/logo\/image\/"},"sameAs":["https:\/\/www.facebook.com\/GuaresiMilleoAdvogados","https:\/\/www.instagram.com\/guaresiemilleo\/","https:\/\/br.linkedin.com\/company\/guaresimilleo"]},{"@type":"Person","@id":"https:\/\/www.gm.adv.br\/site\/#\/schema\/person\/7d633a2abab0d9b94253af6efc36428f","name":"admin","image":{"@type":"ImageObject","inLanguage":"pt-BR","@id":"https:\/\/secure.gravatar.com\/avatar\/c8bb173d280f7d1e50b67bb649de269247430499695ba3ee451b6289436d1d39?s=96&d=mm&r=g","url":"https:\/\/secure.gravatar.com\/avatar\/c8bb173d280f7d1e50b67bb649de269247430499695ba3ee451b6289436d1d39?s=96&d=mm&r=g","contentUrl":"https:\/\/secure.gravatar.com\/avatar\/c8bb173d280f7d1e50b67bb649de269247430499695ba3ee451b6289436d1d39?s=96&d=mm&r=g","caption":"admin"},"sameAs":["https:\/\/www.gm.adv.br\/site"],"url":"https:\/\/www.gm.adv.br\/site\/author\/admin\/"}]}},"_links":{"self":[{"href":"https:\/\/www.gm.adv.br\/site\/wp-json\/wp\/v2\/posts\/5298","targetHints":{"allow":["GET"]}}],"collection":[{"href":"https:\/\/www.gm.adv.br\/site\/wp-json\/wp\/v2\/posts"}],"about":[{"href":"https:\/\/www.gm.adv.br\/site\/wp-json\/wp\/v2\/types\/post"}],"author":[{"embeddable":true,"href":"https:\/\/www.gm.adv.br\/site\/wp-json\/wp\/v2\/users\/1"}],"replies":[{"embeddable":true,"href":"https:\/\/www.gm.adv.br\/site\/wp-json\/wp\/v2\/comments?post=5298"}],"version-history":[{"count":0,"href":"https:\/\/www.gm.adv.br\/site\/wp-json\/wp\/v2\/posts\/5298\/revisions"}],"wp:featuredmedia":[{"embeddable":true,"href":"https:\/\/www.gm.adv.br\/site\/wp-json\/wp\/v2\/media\/5299"}],"wp:attachment":[{"href":"https:\/\/www.gm.adv.br\/site\/wp-json\/wp\/v2\/media?parent=5298"}],"wp:term":[{"taxonomy":"category","embeddable":true,"href":"https:\/\/www.gm.adv.br\/site\/wp-json\/wp\/v2\/categories?post=5298"},{"taxonomy":"post_tag","embeddable":true,"href":"https:\/\/www.gm.adv.br\/site\/wp-json\/wp\/v2\/tags?post=5298"}],"curies":[{"name":"wp","href":"https:\/\/api.w.org\/{rel}","templated":true}]}}