{"id":5241,"date":"2024-08-23T14:18:44","date_gmt":"2024-08-23T17:18:44","guid":{"rendered":"https:\/\/gm.adv.br\/?p=5241"},"modified":"2024-08-23T14:18:44","modified_gmt":"2024-08-23T17:18:44","slug":"trabalhador-rural-consegue-anular-contrato-de-parceria-e-reconhecer-vinculo-com-fazenda","status":"publish","type":"post","link":"https:\/\/www.gm.adv.br\/site\/2024\/08\/23\/trabalhador-rural-consegue-anular-contrato-de-parceria-e-reconhecer-vinculo-com-fazenda\/","title":{"rendered":"Trabalhador rural consegue anular contrato de parceria e reconhecer v\u00ednculo com fazenda"},"content":{"rendered":"<p>A S\u00e9tima Turma do Tribunal Superior do Trabalho (TST) rejeitou o recurso de um casal de empres\u00e1rios rurais de Nhandeara (SP) contra o reconhecimento de v\u00ednculo empregat\u00edcio de um trabalhador rural, contratado inicialmente por meio de contratos de parceria de pecu\u00e1ria de leite. O Tribunal Regional do Trabalho da 15\u00aa Regi\u00e3o (Campinas\/SP) havia decidido que o contrato destinava apenas 7% do valor bruto ao trabalhador, caracterizando uma rela\u00e7\u00e3o de emprego.<\/p>\n<p>O trabalhador, contratado em 2005, alegou receber sal\u00e1rio e pagamentos &#8220;por fora&#8221;, al\u00e9m de pedir reconhecimento de horas extras, pois trabalhava das 5h \u00e0s 8h e das 15h \u00e0s 18h, de segunda a domingo, realizando outros servi\u00e7os no intervalo. Os empres\u00e1rios argumentaram que existiam dois contratos distintos: um de trabalho e outro de parceria rural, com remunera\u00e7\u00e3o e responsabilidades definidas.<\/p>\n<p>O ju\u00edzo de primeiro grau reconheceu que o hor\u00e1rio da ordenha fazia parte do contrato de parceria, condenando os empres\u00e1rios ao pagamento de horas extras apenas no contrato de trabalho. No entanto, o TRT da 15\u00aa Regi\u00e3o concluiu que a parceria n\u00e3o era justa, pois os empres\u00e1rios forneciam a infraestrutura e o trabalhador recebia apenas 7% do valor bruto, caracterizando uma rela\u00e7\u00e3o de emprego. Assim, declarou nulos os contratos de parceria e integrou esse percentual \u00e0 remunera\u00e7\u00e3o do empregado.<\/p>\n<p>Os empres\u00e1rios tentaram rediscutir o caso no TST, alegando que o TRT n\u00e3o considerou provas relevantes, como a confiss\u00e3o do trabalhador sobre a aus\u00eancia de controle de jornada, e que os 7% do valor bruto correspondiam a 40% do valor l\u00edquido. Contudo, o relator, ministro Cl\u00e1udio Brand\u00e3o, afirmou que o caso n\u00e3o atendia ao crit\u00e9rio de transcend\u00eancia e que a decis\u00e3o do TRT foi completa e fundamentada. A decis\u00e3o foi un\u00e2nime.<\/p>\n<p>Fonte: TRT<\/p>\n","protected":false},"excerpt":{"rendered":"<p>A S\u00e9tima Turma do Tribunal Superior do Trabalho (TST) rejeitou o recurso de um casal de empres\u00e1rios rurais de Nhandeara (SP) contra o reconhecimento de v\u00ednculo empregat\u00edcio de um trabalhador rural, contratado inicialmente por meio de contratos de parceria de pecu\u00e1ria de leite. O Tribunal Regional do Trabalho da 15\u00aa Regi\u00e3o (Campinas\/SP) havia decidido que [&#8230;]\n","protected":false},"author":1,"featured_media":5236,"comment_status":"closed","ping_status":"closed","sticky":false,"template":"","format":"standard","meta":{"footnotes":""},"categories":[68],"tags":[82,85],"class_list":["post-5241","post","type-post","status-publish","format-standard","has-post-thumbnail","hentry","category-direito-do-trabalho","tag-agronegocio","tag-direitodotrabalho"],"yoast_head":"<!-- This site is optimized with the Yoast SEO plugin v27.5 - https:\/\/yoast.com\/product\/yoast-seo-wordpress\/ -->\n<title>Trabalhador rural consegue anular contrato de parceria e reconhecer v\u00ednculo com fazenda - Guaresi &amp; Mill\u00e9o Advogados Associados | Escrit\u00f3rio de Advocacia em Conc\u00f3rdia-SC | 30 Anos de Experi\u00eancia<\/title>\n<meta name=\"description\" content=\"Trabalhador rural consegue anular contrato de parceria e reconhecer v\u00ednculo com fazenda - Guaresi &amp; Mill\u00e9o Advogados Associados | Escrit\u00f3rio de Advocacia em Conc\u00f3rdia-SC | 30 Anos de Experi\u00eancia\" \/>\n<meta name=\"robots\" content=\"index, follow, max-snippet:-1, max-image-preview:large, max-video-preview:-1\" \/>\n<link rel=\"canonical\" href=\"https:\/\/www.gm.adv.br\/site\/2024\/08\/23\/trabalhador-rural-consegue-anular-contrato-de-parceria-e-reconhecer-vinculo-com-fazenda\/\" \/>\n<meta property=\"og:locale\" content=\"pt_BR\" \/>\n<meta property=\"og:type\" content=\"article\" \/>\n<meta property=\"og:title\" content=\"Trabalhador rural consegue anular contrato de parceria e reconhecer v\u00ednculo com fazenda - Guaresi &amp; Mill\u00e9o Advogados Associados | Escrit\u00f3rio de Advocacia em Conc\u00f3rdia-SC | 30 Anos de Experi\u00eancia\" \/>\n<meta property=\"og:description\" content=\"Trabalhador rural consegue anular contrato de parceria e reconhecer v\u00ednculo com fazenda - Guaresi &amp; Mill\u00e9o Advogados Associados | Escrit\u00f3rio de Advocacia em Conc\u00f3rdia-SC | 30 Anos de Experi\u00eancia\" \/>\n<meta property=\"og:url\" content=\"https:\/\/www.gm.adv.br\/site\/2024\/08\/23\/trabalhador-rural-consegue-anular-contrato-de-parceria-e-reconhecer-vinculo-com-fazenda\/\" \/>\n<meta property=\"og:site_name\" content=\"Guaresi &amp; Mill\u00e9o Advogados Associados | Escrit\u00f3rio de Advocacia em Conc\u00f3rdia-SC | 30 Anos de Experi\u00eancia\" \/>\n<meta property=\"article:publisher\" content=\"https:\/\/www.facebook.com\/GuaresiMilleoAdvogados\" \/>\n<meta property=\"article:published_time\" content=\"2024-08-23T17:18:44+00:00\" \/>\n<meta property=\"og:image\" content=\"https:\/\/www.gm.adv.br\/site\/wp-content\/uploads\/2024\/08\/Noticia-01-13_Agosto_2024GM_Foto-das-Vaquinhas-scaled-1.jpeg\" \/>\n\t<meta property=\"og:image:width\" content=\"2560\" \/>\n\t<meta property=\"og:image:height\" content=\"1592\" \/>\n\t<meta property=\"og:image:type\" content=\"image\/jpeg\" \/>\n<meta name=\"author\" content=\"admin\" \/>\n<meta name=\"twitter:card\" content=\"summary_large_image\" \/>\n<meta name=\"twitter:label1\" content=\"Escrito por\" \/>\n\t<meta name=\"twitter:data1\" content=\"admin\" \/>\n\t<meta name=\"twitter:label2\" content=\"Est. tempo de leitura\" \/>\n\t<meta name=\"twitter:data2\" content=\"2 minutos\" \/>\n<script type=\"application\/ld+json\" class=\"yoast-schema-graph\">{\"@context\":\"https:\\\/\\\/schema.org\",\"@graph\":[{\"@type\":\"Article\",\"@id\":\"https:\\\/\\\/www.gm.adv.br\\\/site\\\/2024\\\/08\\\/23\\\/trabalhador-rural-consegue-anular-contrato-de-parceria-e-reconhecer-vinculo-com-fazenda\\\/#article\",\"isPartOf\":{\"@id\":\"https:\\\/\\\/www.gm.adv.br\\\/site\\\/2024\\\/08\\\/23\\\/trabalhador-rural-consegue-anular-contrato-de-parceria-e-reconhecer-vinculo-com-fazenda\\\/\"},\"author\":{\"name\":\"admin\",\"@id\":\"https:\\\/\\\/www.gm.adv.br\\\/site\\\/#\\\/schema\\\/person\\\/7d633a2abab0d9b94253af6efc36428f\"},\"headline\":\"Trabalhador rural consegue anular contrato de parceria e reconhecer v\u00ednculo com fazenda\",\"datePublished\":\"2024-08-23T17:18:44+00:00\",\"mainEntityOfPage\":{\"@id\":\"https:\\\/\\\/www.gm.adv.br\\\/site\\\/2024\\\/08\\\/23\\\/trabalhador-rural-consegue-anular-contrato-de-parceria-e-reconhecer-vinculo-com-fazenda\\\/\"},\"wordCount\":321,\"publisher\":{\"@id\":\"https:\\\/\\\/www.gm.adv.br\\\/site\\\/#organization\"},\"image\":{\"@id\":\"https:\\\/\\\/www.gm.adv.br\\\/site\\\/2024\\\/08\\\/23\\\/trabalhador-rural-consegue-anular-contrato-de-parceria-e-reconhecer-vinculo-com-fazenda\\\/#primaryimage\"},\"thumbnailUrl\":\"https:\\\/\\\/www.gm.adv.br\\\/site\\\/wp-content\\\/uploads\\\/2024\\\/08\\\/Noticia-01-13_Agosto_2024GM_Foto-das-Vaquinhas-scaled-1.jpeg\",\"keywords\":[\"agronegocio\",\"direitodotrabalho\"],\"articleSection\":[\"Direito do Trabalho\"],\"inLanguage\":\"pt-BR\"},{\"@type\":\"WebPage\",\"@id\":\"https:\\\/\\\/www.gm.adv.br\\\/site\\\/2024\\\/08\\\/23\\\/trabalhador-rural-consegue-anular-contrato-de-parceria-e-reconhecer-vinculo-com-fazenda\\\/\",\"url\":\"https:\\\/\\\/www.gm.adv.br\\\/site\\\/2024\\\/08\\\/23\\\/trabalhador-rural-consegue-anular-contrato-de-parceria-e-reconhecer-vinculo-com-fazenda\\\/\",\"name\":\"Trabalhador rural consegue anular contrato de parceria e reconhecer v\u00ednculo com fazenda - Guaresi &amp; Mill\u00e9o Advogados Associados | Escrit\u00f3rio de Advocacia em Conc\u00f3rdia-SC | 30 Anos de Experi\u00eancia\",\"isPartOf\":{\"@id\":\"https:\\\/\\\/www.gm.adv.br\\\/site\\\/#website\"},\"primaryImageOfPage\":{\"@id\":\"https:\\\/\\\/www.gm.adv.br\\\/site\\\/2024\\\/08\\\/23\\\/trabalhador-rural-consegue-anular-contrato-de-parceria-e-reconhecer-vinculo-com-fazenda\\\/#primaryimage\"},\"image\":{\"@id\":\"https:\\\/\\\/www.gm.adv.br\\\/site\\\/2024\\\/08\\\/23\\\/trabalhador-rural-consegue-anular-contrato-de-parceria-e-reconhecer-vinculo-com-fazenda\\\/#primaryimage\"},\"thumbnailUrl\":\"https:\\\/\\\/www.gm.adv.br\\\/site\\\/wp-content\\\/uploads\\\/2024\\\/08\\\/Noticia-01-13_Agosto_2024GM_Foto-das-Vaquinhas-scaled-1.jpeg\",\"datePublished\":\"2024-08-23T17:18:44+00:00\",\"description\":\"Trabalhador rural consegue anular contrato de parceria e reconhecer v\u00ednculo com fazenda - Guaresi &amp; Mill\u00e9o Advogados Associados | Escrit\u00f3rio de Advocacia em Conc\u00f3rdia-SC | 30 Anos de Experi\u00eancia\",\"breadcrumb\":{\"@id\":\"https:\\\/\\\/www.gm.adv.br\\\/site\\\/2024\\\/08\\\/23\\\/trabalhador-rural-consegue-anular-contrato-de-parceria-e-reconhecer-vinculo-com-fazenda\\\/#breadcrumb\"},\"inLanguage\":\"pt-BR\",\"potentialAction\":[{\"@type\":\"ReadAction\",\"target\":[\"https:\\\/\\\/www.gm.adv.br\\\/site\\\/2024\\\/08\\\/23\\\/trabalhador-rural-consegue-anular-contrato-de-parceria-e-reconhecer-vinculo-com-fazenda\\\/\"]}]},{\"@type\":\"ImageObject\",\"inLanguage\":\"pt-BR\",\"@id\":\"https:\\\/\\\/www.gm.adv.br\\\/site\\\/2024\\\/08\\\/23\\\/trabalhador-rural-consegue-anular-contrato-de-parceria-e-reconhecer-vinculo-com-fazenda\\\/#primaryimage\",\"url\":\"https:\\\/\\\/www.gm.adv.br\\\/site\\\/wp-content\\\/uploads\\\/2024\\\/08\\\/Noticia-01-13_Agosto_2024GM_Foto-das-Vaquinhas-scaled-1.jpeg\",\"contentUrl\":\"https:\\\/\\\/www.gm.adv.br\\\/site\\\/wp-content\\\/uploads\\\/2024\\\/08\\\/Noticia-01-13_Agosto_2024GM_Foto-das-Vaquinhas-scaled-1.jpeg\",\"width\":2560,\"height\":1592},{\"@type\":\"BreadcrumbList\",\"@id\":\"https:\\\/\\\/www.gm.adv.br\\\/site\\\/2024\\\/08\\\/23\\\/trabalhador-rural-consegue-anular-contrato-de-parceria-e-reconhecer-vinculo-com-fazenda\\\/#breadcrumb\",\"itemListElement\":[{\"@type\":\"ListItem\",\"position\":1,\"name\":\"In\u00edcio\",\"item\":\"https:\\\/\\\/www.gm.adv.br\\\/site\\\/\"},{\"@type\":\"ListItem\",\"position\":2,\"name\":\"Trabalhador rural consegue anular contrato de parceria e reconhecer v\u00ednculo com fazenda\"}]},{\"@type\":\"WebSite\",\"@id\":\"https:\\\/\\\/www.gm.adv.br\\\/site\\\/#website\",\"url\":\"https:\\\/\\\/www.gm.adv.br\\\/site\\\/\",\"name\":\"Guaresi & Mill\u00e9o Advogados Associados | Escrit\u00f3rio de Advocacia em Conc\u00f3rdia-SC | 30 Anos de Experi\u00eanci\",\"description\":\"Advocacia Direito Banc\u00e1rio, Tribut\u00e1rio, Trabalhista, C\u00edvil, P\u00fablica, Municipal, Advogados Associados Guaresi e Mill\u00e9o  |  Conc\u00f3rdia SC\",\"publisher\":{\"@id\":\"https:\\\/\\\/www.gm.adv.br\\\/site\\\/#organization\"},\"alternateName\":\"Guaresi e Mill\u00e9o Escrit\u00f3rio de Advocacia e Consultoria em Conc\u00f3rdia-SC\",\"potentialAction\":[{\"@type\":\"SearchAction\",\"target\":{\"@type\":\"EntryPoint\",\"urlTemplate\":\"https:\\\/\\\/www.gm.adv.br\\\/site\\\/?s={search_term_string}\"},\"query-input\":{\"@type\":\"PropertyValueSpecification\",\"valueRequired\":true,\"valueName\":\"search_term_string\"}}],\"inLanguage\":\"pt-BR\"},{\"@type\":\"Organization\",\"@id\":\"https:\\\/\\\/www.gm.adv.br\\\/site\\\/#organization\",\"name\":\"Guaresi & Milleo Advogados Associados em Conc\u00f3rdia SC\",\"alternateName\":\"Guaresi e Milleo Advocacia e Consultoria\",\"url\":\"https:\\\/\\\/www.gm.adv.br\\\/site\\\/\",\"logo\":{\"@type\":\"ImageObject\",\"inLanguage\":\"pt-BR\",\"@id\":\"https:\\\/\\\/www.gm.adv.br\\\/site\\\/#\\\/schema\\\/logo\\\/image\\\/\",\"url\":\"https:\\\/\\\/www.gm.adv.br\\\/site\\\/wp-content\\\/uploads\\\/2025\\\/07\\\/cropped-icone-512.webp\",\"contentUrl\":\"https:\\\/\\\/www.gm.adv.br\\\/site\\\/wp-content\\\/uploads\\\/2025\\\/07\\\/cropped-icone-512.webp\",\"width\":512,\"height\":512,\"caption\":\"Guaresi & Milleo Advogados Associados em Conc\u00f3rdia SC\"},\"image\":{\"@id\":\"https:\\\/\\\/www.gm.adv.br\\\/site\\\/#\\\/schema\\\/logo\\\/image\\\/\"},\"sameAs\":[\"https:\\\/\\\/www.facebook.com\\\/GuaresiMilleoAdvogados\",\"https:\\\/\\\/www.instagram.com\\\/guaresiemilleo\\\/\",\"https:\\\/\\\/br.linkedin.com\\\/company\\\/guaresimilleo\"]},{\"@type\":\"Person\",\"@id\":\"https:\\\/\\\/www.gm.adv.br\\\/site\\\/#\\\/schema\\\/person\\\/7d633a2abab0d9b94253af6efc36428f\",\"name\":\"admin\",\"image\":{\"@type\":\"ImageObject\",\"inLanguage\":\"pt-BR\",\"@id\":\"https:\\\/\\\/secure.gravatar.com\\\/avatar\\\/c8bb173d280f7d1e50b67bb649de269247430499695ba3ee451b6289436d1d39?s=96&d=mm&r=g\",\"url\":\"https:\\\/\\\/secure.gravatar.com\\\/avatar\\\/c8bb173d280f7d1e50b67bb649de269247430499695ba3ee451b6289436d1d39?s=96&d=mm&r=g\",\"contentUrl\":\"https:\\\/\\\/secure.gravatar.com\\\/avatar\\\/c8bb173d280f7d1e50b67bb649de269247430499695ba3ee451b6289436d1d39?s=96&d=mm&r=g\",\"caption\":\"admin\"},\"sameAs\":[\"https:\\\/\\\/www.gm.adv.br\\\/site\"],\"url\":\"https:\\\/\\\/www.gm.adv.br\\\/site\\\/author\\\/admin\\\/\"}]}<\/script>\n<!-- \/ Yoast SEO plugin. -->","yoast_head_json":{"title":"Trabalhador rural consegue anular contrato de parceria e reconhecer v\u00ednculo com fazenda - Guaresi &amp; Mill\u00e9o Advogados Associados | Escrit\u00f3rio de Advocacia em Conc\u00f3rdia-SC | 30 Anos de Experi\u00eancia","description":"Trabalhador rural consegue anular contrato de parceria e reconhecer v\u00ednculo com fazenda - Guaresi &amp; Mill\u00e9o Advogados Associados | Escrit\u00f3rio de Advocacia em Conc\u00f3rdia-SC | 30 Anos de Experi\u00eancia","robots":{"index":"index","follow":"follow","max-snippet":"max-snippet:-1","max-image-preview":"max-image-preview:large","max-video-preview":"max-video-preview:-1"},"canonical":"https:\/\/www.gm.adv.br\/site\/2024\/08\/23\/trabalhador-rural-consegue-anular-contrato-de-parceria-e-reconhecer-vinculo-com-fazenda\/","og_locale":"pt_BR","og_type":"article","og_title":"Trabalhador rural consegue anular contrato de parceria e reconhecer v\u00ednculo com fazenda - Guaresi &amp; Mill\u00e9o Advogados Associados | Escrit\u00f3rio de Advocacia em Conc\u00f3rdia-SC | 30 Anos de Experi\u00eancia","og_description":"Trabalhador rural consegue anular contrato de parceria e reconhecer v\u00ednculo com fazenda - Guaresi &amp; Mill\u00e9o Advogados Associados | Escrit\u00f3rio de Advocacia em Conc\u00f3rdia-SC | 30 Anos de Experi\u00eancia","og_url":"https:\/\/www.gm.adv.br\/site\/2024\/08\/23\/trabalhador-rural-consegue-anular-contrato-de-parceria-e-reconhecer-vinculo-com-fazenda\/","og_site_name":"Guaresi &amp; Mill\u00e9o Advogados Associados | Escrit\u00f3rio de Advocacia em Conc\u00f3rdia-SC | 30 Anos de Experi\u00eancia","article_publisher":"https:\/\/www.facebook.com\/GuaresiMilleoAdvogados","article_published_time":"2024-08-23T17:18:44+00:00","og_image":[{"width":2560,"height":1592,"url":"https:\/\/www.gm.adv.br\/site\/wp-content\/uploads\/2024\/08\/Noticia-01-13_Agosto_2024GM_Foto-das-Vaquinhas-scaled-1.jpeg","type":"image\/jpeg"}],"author":"admin","twitter_card":"summary_large_image","twitter_misc":{"Escrito por":"admin","Est. tempo de leitura":"2 minutos"},"schema":{"@context":"https:\/\/schema.org","@graph":[{"@type":"Article","@id":"https:\/\/www.gm.adv.br\/site\/2024\/08\/23\/trabalhador-rural-consegue-anular-contrato-de-parceria-e-reconhecer-vinculo-com-fazenda\/#article","isPartOf":{"@id":"https:\/\/www.gm.adv.br\/site\/2024\/08\/23\/trabalhador-rural-consegue-anular-contrato-de-parceria-e-reconhecer-vinculo-com-fazenda\/"},"author":{"name":"admin","@id":"https:\/\/www.gm.adv.br\/site\/#\/schema\/person\/7d633a2abab0d9b94253af6efc36428f"},"headline":"Trabalhador rural consegue anular contrato de parceria e reconhecer v\u00ednculo com fazenda","datePublished":"2024-08-23T17:18:44+00:00","mainEntityOfPage":{"@id":"https:\/\/www.gm.adv.br\/site\/2024\/08\/23\/trabalhador-rural-consegue-anular-contrato-de-parceria-e-reconhecer-vinculo-com-fazenda\/"},"wordCount":321,"publisher":{"@id":"https:\/\/www.gm.adv.br\/site\/#organization"},"image":{"@id":"https:\/\/www.gm.adv.br\/site\/2024\/08\/23\/trabalhador-rural-consegue-anular-contrato-de-parceria-e-reconhecer-vinculo-com-fazenda\/#primaryimage"},"thumbnailUrl":"https:\/\/www.gm.adv.br\/site\/wp-content\/uploads\/2024\/08\/Noticia-01-13_Agosto_2024GM_Foto-das-Vaquinhas-scaled-1.jpeg","keywords":["agronegocio","direitodotrabalho"],"articleSection":["Direito do Trabalho"],"inLanguage":"pt-BR"},{"@type":"WebPage","@id":"https:\/\/www.gm.adv.br\/site\/2024\/08\/23\/trabalhador-rural-consegue-anular-contrato-de-parceria-e-reconhecer-vinculo-com-fazenda\/","url":"https:\/\/www.gm.adv.br\/site\/2024\/08\/23\/trabalhador-rural-consegue-anular-contrato-de-parceria-e-reconhecer-vinculo-com-fazenda\/","name":"Trabalhador rural consegue anular contrato de parceria e reconhecer v\u00ednculo com fazenda - Guaresi &amp; Mill\u00e9o Advogados Associados | Escrit\u00f3rio de Advocacia em Conc\u00f3rdia-SC | 30 Anos de Experi\u00eancia","isPartOf":{"@id":"https:\/\/www.gm.adv.br\/site\/#website"},"primaryImageOfPage":{"@id":"https:\/\/www.gm.adv.br\/site\/2024\/08\/23\/trabalhador-rural-consegue-anular-contrato-de-parceria-e-reconhecer-vinculo-com-fazenda\/#primaryimage"},"image":{"@id":"https:\/\/www.gm.adv.br\/site\/2024\/08\/23\/trabalhador-rural-consegue-anular-contrato-de-parceria-e-reconhecer-vinculo-com-fazenda\/#primaryimage"},"thumbnailUrl":"https:\/\/www.gm.adv.br\/site\/wp-content\/uploads\/2024\/08\/Noticia-01-13_Agosto_2024GM_Foto-das-Vaquinhas-scaled-1.jpeg","datePublished":"2024-08-23T17:18:44+00:00","description":"Trabalhador rural consegue anular contrato de parceria e reconhecer v\u00ednculo com fazenda - Guaresi &amp; Mill\u00e9o Advogados Associados | Escrit\u00f3rio de Advocacia em Conc\u00f3rdia-SC | 30 Anos de Experi\u00eancia","breadcrumb":{"@id":"https:\/\/www.gm.adv.br\/site\/2024\/08\/23\/trabalhador-rural-consegue-anular-contrato-de-parceria-e-reconhecer-vinculo-com-fazenda\/#breadcrumb"},"inLanguage":"pt-BR","potentialAction":[{"@type":"ReadAction","target":["https:\/\/www.gm.adv.br\/site\/2024\/08\/23\/trabalhador-rural-consegue-anular-contrato-de-parceria-e-reconhecer-vinculo-com-fazenda\/"]}]},{"@type":"ImageObject","inLanguage":"pt-BR","@id":"https:\/\/www.gm.adv.br\/site\/2024\/08\/23\/trabalhador-rural-consegue-anular-contrato-de-parceria-e-reconhecer-vinculo-com-fazenda\/#primaryimage","url":"https:\/\/www.gm.adv.br\/site\/wp-content\/uploads\/2024\/08\/Noticia-01-13_Agosto_2024GM_Foto-das-Vaquinhas-scaled-1.jpeg","contentUrl":"https:\/\/www.gm.adv.br\/site\/wp-content\/uploads\/2024\/08\/Noticia-01-13_Agosto_2024GM_Foto-das-Vaquinhas-scaled-1.jpeg","width":2560,"height":1592},{"@type":"BreadcrumbList","@id":"https:\/\/www.gm.adv.br\/site\/2024\/08\/23\/trabalhador-rural-consegue-anular-contrato-de-parceria-e-reconhecer-vinculo-com-fazenda\/#breadcrumb","itemListElement":[{"@type":"ListItem","position":1,"name":"In\u00edcio","item":"https:\/\/www.gm.adv.br\/site\/"},{"@type":"ListItem","position":2,"name":"Trabalhador rural consegue anular contrato de parceria e reconhecer v\u00ednculo com fazenda"}]},{"@type":"WebSite","@id":"https:\/\/www.gm.adv.br\/site\/#website","url":"https:\/\/www.gm.adv.br\/site\/","name":"Guaresi & Mill\u00e9o Advogados Associados | Escrit\u00f3rio de Advocacia em Conc\u00f3rdia-SC | 30 Anos de Experi\u00eanci","description":"Advocacia Direito Banc\u00e1rio, Tribut\u00e1rio, Trabalhista, C\u00edvil, P\u00fablica, Municipal, Advogados Associados Guaresi e Mill\u00e9o  |  Conc\u00f3rdia SC","publisher":{"@id":"https:\/\/www.gm.adv.br\/site\/#organization"},"alternateName":"Guaresi e Mill\u00e9o Escrit\u00f3rio de Advocacia e Consultoria em Conc\u00f3rdia-SC","potentialAction":[{"@type":"SearchAction","target":{"@type":"EntryPoint","urlTemplate":"https:\/\/www.gm.adv.br\/site\/?s={search_term_string}"},"query-input":{"@type":"PropertyValueSpecification","valueRequired":true,"valueName":"search_term_string"}}],"inLanguage":"pt-BR"},{"@type":"Organization","@id":"https:\/\/www.gm.adv.br\/site\/#organization","name":"Guaresi & Milleo Advogados Associados em Conc\u00f3rdia SC","alternateName":"Guaresi e Milleo Advocacia e Consultoria","url":"https:\/\/www.gm.adv.br\/site\/","logo":{"@type":"ImageObject","inLanguage":"pt-BR","@id":"https:\/\/www.gm.adv.br\/site\/#\/schema\/logo\/image\/","url":"https:\/\/www.gm.adv.br\/site\/wp-content\/uploads\/2025\/07\/cropped-icone-512.webp","contentUrl":"https:\/\/www.gm.adv.br\/site\/wp-content\/uploads\/2025\/07\/cropped-icone-512.webp","width":512,"height":512,"caption":"Guaresi & Milleo Advogados Associados em Conc\u00f3rdia SC"},"image":{"@id":"https:\/\/www.gm.adv.br\/site\/#\/schema\/logo\/image\/"},"sameAs":["https:\/\/www.facebook.com\/GuaresiMilleoAdvogados","https:\/\/www.instagram.com\/guaresiemilleo\/","https:\/\/br.linkedin.com\/company\/guaresimilleo"]},{"@type":"Person","@id":"https:\/\/www.gm.adv.br\/site\/#\/schema\/person\/7d633a2abab0d9b94253af6efc36428f","name":"admin","image":{"@type":"ImageObject","inLanguage":"pt-BR","@id":"https:\/\/secure.gravatar.com\/avatar\/c8bb173d280f7d1e50b67bb649de269247430499695ba3ee451b6289436d1d39?s=96&d=mm&r=g","url":"https:\/\/secure.gravatar.com\/avatar\/c8bb173d280f7d1e50b67bb649de269247430499695ba3ee451b6289436d1d39?s=96&d=mm&r=g","contentUrl":"https:\/\/secure.gravatar.com\/avatar\/c8bb173d280f7d1e50b67bb649de269247430499695ba3ee451b6289436d1d39?s=96&d=mm&r=g","caption":"admin"},"sameAs":["https:\/\/www.gm.adv.br\/site"],"url":"https:\/\/www.gm.adv.br\/site\/author\/admin\/"}]}},"_links":{"self":[{"href":"https:\/\/www.gm.adv.br\/site\/wp-json\/wp\/v2\/posts\/5241","targetHints":{"allow":["GET"]}}],"collection":[{"href":"https:\/\/www.gm.adv.br\/site\/wp-json\/wp\/v2\/posts"}],"about":[{"href":"https:\/\/www.gm.adv.br\/site\/wp-json\/wp\/v2\/types\/post"}],"author":[{"embeddable":true,"href":"https:\/\/www.gm.adv.br\/site\/wp-json\/wp\/v2\/users\/1"}],"replies":[{"embeddable":true,"href":"https:\/\/www.gm.adv.br\/site\/wp-json\/wp\/v2\/comments?post=5241"}],"version-history":[{"count":0,"href":"https:\/\/www.gm.adv.br\/site\/wp-json\/wp\/v2\/posts\/5241\/revisions"}],"wp:featuredmedia":[{"embeddable":true,"href":"https:\/\/www.gm.adv.br\/site\/wp-json\/wp\/v2\/media\/5236"}],"wp:attachment":[{"href":"https:\/\/www.gm.adv.br\/site\/wp-json\/wp\/v2\/media?parent=5241"}],"wp:term":[{"taxonomy":"category","embeddable":true,"href":"https:\/\/www.gm.adv.br\/site\/wp-json\/wp\/v2\/categories?post=5241"},{"taxonomy":"post_tag","embeddable":true,"href":"https:\/\/www.gm.adv.br\/site\/wp-json\/wp\/v2\/tags?post=5241"}],"curies":[{"name":"wp","href":"https:\/\/api.w.org\/{rel}","templated":true}]}}