{"id":5220,"date":"2024-08-11T22:17:25","date_gmt":"2024-08-12T01:17:25","guid":{"rendered":"https:\/\/gm.adv.br\/?p=5220"},"modified":"2024-08-11T22:17:25","modified_gmt":"2024-08-12T01:17:25","slug":"juiz-pode-dispensar-depoimento-de-autor-de-acao-trabalhista-decide-tst","status":"publish","type":"post","link":"https:\/\/www.gm.adv.br\/site\/2024\/08\/11\/juiz-pode-dispensar-depoimento-de-autor-de-acao-trabalhista-decide-tst\/","title":{"rendered":"Juiz pode dispensar depoimento de autor de a\u00e7\u00e3o trabalhista, decide TST"},"content":{"rendered":"<p>A Subse\u00e7\u00e3o I Especializada em Diss\u00eddios Individuais (SDI-1) do Tribunal Superior do Trabalho (TST)\u00a0 \u00a0acolheu a pretens\u00e3o de uma professora de n\u00e3o depor na a\u00e7\u00e3o contra a associa\u00e7\u00e3o mantenedora de uma Universidade de Recife. A recusa do juiz, ao pedido do empregador, de chamar o autor da a\u00e7\u00e3o trabalhista para prestar depoimento n\u00e3o \u00e9 cerceamento de defesa, pois \u00e9 prerrogativa do magistrado.<\/p>\n<p>A professora, coordenadora do curso de Psicologia, foi dispensada em setembro de 2017. Na reclama\u00e7\u00e3o trabalhista, alegou ser dirigente sindical e pediu indeniza\u00e7\u00e3o ou reintegra\u00e7\u00e3o, al\u00e9m de repara\u00e7\u00e3o por danos morais. A associa\u00e7\u00e3o argumentou que o sindicato foi constitu\u00eddo ap\u00f3s a dispensa e n\u00e3o representava a categoria da professora. A 14\u00aa Vara do Trabalho de Recife concedeu a reintegra\u00e7\u00e3o, mas a associa\u00e7\u00e3o recorreu ao Tribunal Regional do Trabalho da 6\u00aa Regi\u00e3o (PE), que rejeitou a alega\u00e7\u00e3o de cerceamento de defesa. A 6\u00aa Turma do TST determinou a reabertura da audi\u00eancia para o depoimento da professora, considerando que o indeferimento poderia caracterizar cerceamento de defesa.<\/p>\n<p>A professora apresentou embargos \u00e0 SDI-1, que uniformiza a jurisprud\u00eancia das turmas do TST. O relator, ministro Breno Medeiros, destacou que a escuta pessoal das partes \u00e9 uma faculdade do juiz,<\/p>\n<p>Com informa\u00e7\u00f5es da assessoria de imprensa do TST.<\/p>\n","protected":false},"excerpt":{"rendered":"<p>A Subse\u00e7\u00e3o I Especializada em Diss\u00eddios Individuais (SDI-1) do Tribunal Superior do Trabalho (TST)\u00a0 \u00a0acolheu a pretens\u00e3o de uma professora de n\u00e3o depor na a\u00e7\u00e3o contra a associa\u00e7\u00e3o mantenedora de uma Universidade de Recife. A recusa do juiz, ao pedido do empregador, de chamar o autor da a\u00e7\u00e3o trabalhista para prestar depoimento n\u00e3o \u00e9 cerceamento [&#8230;]\n","protected":false},"author":1,"featured_media":5223,"comment_status":"closed","ping_status":"closed","sticky":false,"template":"","format":"standard","meta":{"footnotes":""},"categories":[68,73],"tags":[85],"class_list":["post-5220","post","type-post","status-publish","format-standard","has-post-thumbnail","hentry","category-direito-do-trabalho","category-artigos","tag-direitodotrabalho"],"yoast_head":"<!-- This site is optimized with the Yoast SEO plugin v27.5 - https:\/\/yoast.com\/product\/yoast-seo-wordpress\/ -->\n<title>Juiz pode dispensar depoimento de autor de a\u00e7\u00e3o trabalhista, decide TST - Guaresi &amp; Mill\u00e9o Advogados Associados | Escrit\u00f3rio de Advocacia em Conc\u00f3rdia-SC | 30 Anos de Experi\u00eancia<\/title>\n<meta name=\"description\" content=\"Juiz pode dispensar depoimento de autor de a\u00e7\u00e3o trabalhista, decide TST - Guaresi &amp; Mill\u00e9o Advogados Associados | Escrit\u00f3rio de Advocacia em Conc\u00f3rdia-SC | 30 Anos de Experi\u00eancia\" \/>\n<meta name=\"robots\" content=\"index, follow, max-snippet:-1, max-image-preview:large, max-video-preview:-1\" \/>\n<link rel=\"canonical\" href=\"https:\/\/www.gm.adv.br\/site\/2024\/08\/11\/juiz-pode-dispensar-depoimento-de-autor-de-acao-trabalhista-decide-tst\/\" \/>\n<meta property=\"og:locale\" content=\"pt_BR\" \/>\n<meta property=\"og:type\" content=\"article\" \/>\n<meta property=\"og:title\" content=\"Juiz pode dispensar depoimento de autor de a\u00e7\u00e3o trabalhista, decide TST - Guaresi &amp; Mill\u00e9o Advogados Associados | Escrit\u00f3rio de Advocacia em Conc\u00f3rdia-SC | 30 Anos de Experi\u00eancia\" \/>\n<meta property=\"og:description\" content=\"Juiz pode dispensar depoimento de autor de a\u00e7\u00e3o trabalhista, decide TST - Guaresi &amp; Mill\u00e9o Advogados Associados | Escrit\u00f3rio de Advocacia em Conc\u00f3rdia-SC | 30 Anos de Experi\u00eancia\" \/>\n<meta property=\"og:url\" content=\"https:\/\/www.gm.adv.br\/site\/2024\/08\/11\/juiz-pode-dispensar-depoimento-de-autor-de-acao-trabalhista-decide-tst\/\" \/>\n<meta property=\"og:site_name\" content=\"Guaresi &amp; Mill\u00e9o Advogados Associados | Escrit\u00f3rio de Advocacia em Conc\u00f3rdia-SC | 30 Anos de Experi\u00eancia\" \/>\n<meta property=\"article:publisher\" content=\"https:\/\/www.facebook.com\/GuaresiMilleoAdvogados\" \/>\n<meta property=\"article:published_time\" content=\"2024-08-12T01:17:25+00:00\" \/>\n<meta property=\"og:image\" content=\"https:\/\/www.gm.adv.br\/site\/wp-content\/uploads\/2024\/08\/35612684125_36872112b0_k.jpg\" \/>\n\t<meta property=\"og:image:width\" content=\"2048\" \/>\n\t<meta property=\"og:image:height\" content=\"1152\" \/>\n\t<meta property=\"og:image:type\" content=\"image\/jpeg\" \/>\n<meta name=\"author\" content=\"admin\" \/>\n<meta name=\"twitter:card\" content=\"summary_large_image\" \/>\n<meta name=\"twitter:label1\" content=\"Escrito por\" \/>\n\t<meta name=\"twitter:data1\" content=\"admin\" \/>\n\t<meta name=\"twitter:label2\" content=\"Est. tempo de leitura\" \/>\n\t<meta name=\"twitter:data2\" content=\"2 minutos\" \/>\n<script type=\"application\/ld+json\" class=\"yoast-schema-graph\">{\"@context\":\"https:\\\/\\\/schema.org\",\"@graph\":[{\"@type\":\"Article\",\"@id\":\"https:\\\/\\\/www.gm.adv.br\\\/site\\\/2024\\\/08\\\/11\\\/juiz-pode-dispensar-depoimento-de-autor-de-acao-trabalhista-decide-tst\\\/#article\",\"isPartOf\":{\"@id\":\"https:\\\/\\\/www.gm.adv.br\\\/site\\\/2024\\\/08\\\/11\\\/juiz-pode-dispensar-depoimento-de-autor-de-acao-trabalhista-decide-tst\\\/\"},\"author\":{\"name\":\"admin\",\"@id\":\"https:\\\/\\\/www.gm.adv.br\\\/site\\\/#\\\/schema\\\/person\\\/7d633a2abab0d9b94253af6efc36428f\"},\"headline\":\"Juiz pode dispensar depoimento de autor de a\u00e7\u00e3o trabalhista, decide TST\",\"datePublished\":\"2024-08-12T01:17:25+00:00\",\"mainEntityOfPage\":{\"@id\":\"https:\\\/\\\/www.gm.adv.br\\\/site\\\/2024\\\/08\\\/11\\\/juiz-pode-dispensar-depoimento-de-autor-de-acao-trabalhista-decide-tst\\\/\"},\"wordCount\":233,\"publisher\":{\"@id\":\"https:\\\/\\\/www.gm.adv.br\\\/site\\\/#organization\"},\"image\":{\"@id\":\"https:\\\/\\\/www.gm.adv.br\\\/site\\\/2024\\\/08\\\/11\\\/juiz-pode-dispensar-depoimento-de-autor-de-acao-trabalhista-decide-tst\\\/#primaryimage\"},\"thumbnailUrl\":\"https:\\\/\\\/www.gm.adv.br\\\/site\\\/wp-content\\\/uploads\\\/2024\\\/08\\\/35612684125_36872112b0_k.jpg\",\"keywords\":[\"direitodotrabalho\"],\"articleSection\":[\"Direito do Trabalho\",\"Noticias\"],\"inLanguage\":\"pt-BR\"},{\"@type\":\"WebPage\",\"@id\":\"https:\\\/\\\/www.gm.adv.br\\\/site\\\/2024\\\/08\\\/11\\\/juiz-pode-dispensar-depoimento-de-autor-de-acao-trabalhista-decide-tst\\\/\",\"url\":\"https:\\\/\\\/www.gm.adv.br\\\/site\\\/2024\\\/08\\\/11\\\/juiz-pode-dispensar-depoimento-de-autor-de-acao-trabalhista-decide-tst\\\/\",\"name\":\"Juiz pode dispensar depoimento de autor de a\u00e7\u00e3o trabalhista, decide TST - Guaresi &amp; Mill\u00e9o Advogados Associados | Escrit\u00f3rio de Advocacia em Conc\u00f3rdia-SC | 30 Anos de Experi\u00eancia\",\"isPartOf\":{\"@id\":\"https:\\\/\\\/www.gm.adv.br\\\/site\\\/#website\"},\"primaryImageOfPage\":{\"@id\":\"https:\\\/\\\/www.gm.adv.br\\\/site\\\/2024\\\/08\\\/11\\\/juiz-pode-dispensar-depoimento-de-autor-de-acao-trabalhista-decide-tst\\\/#primaryimage\"},\"image\":{\"@id\":\"https:\\\/\\\/www.gm.adv.br\\\/site\\\/2024\\\/08\\\/11\\\/juiz-pode-dispensar-depoimento-de-autor-de-acao-trabalhista-decide-tst\\\/#primaryimage\"},\"thumbnailUrl\":\"https:\\\/\\\/www.gm.adv.br\\\/site\\\/wp-content\\\/uploads\\\/2024\\\/08\\\/35612684125_36872112b0_k.jpg\",\"datePublished\":\"2024-08-12T01:17:25+00:00\",\"description\":\"Juiz pode dispensar depoimento de autor de a\u00e7\u00e3o trabalhista, decide TST - Guaresi &amp; Mill\u00e9o Advogados Associados | Escrit\u00f3rio de Advocacia em Conc\u00f3rdia-SC | 30 Anos de Experi\u00eancia\",\"breadcrumb\":{\"@id\":\"https:\\\/\\\/www.gm.adv.br\\\/site\\\/2024\\\/08\\\/11\\\/juiz-pode-dispensar-depoimento-de-autor-de-acao-trabalhista-decide-tst\\\/#breadcrumb\"},\"inLanguage\":\"pt-BR\",\"potentialAction\":[{\"@type\":\"ReadAction\",\"target\":[\"https:\\\/\\\/www.gm.adv.br\\\/site\\\/2024\\\/08\\\/11\\\/juiz-pode-dispensar-depoimento-de-autor-de-acao-trabalhista-decide-tst\\\/\"]}]},{\"@type\":\"ImageObject\",\"inLanguage\":\"pt-BR\",\"@id\":\"https:\\\/\\\/www.gm.adv.br\\\/site\\\/2024\\\/08\\\/11\\\/juiz-pode-dispensar-depoimento-de-autor-de-acao-trabalhista-decide-tst\\\/#primaryimage\",\"url\":\"https:\\\/\\\/www.gm.adv.br\\\/site\\\/wp-content\\\/uploads\\\/2024\\\/08\\\/35612684125_36872112b0_k.jpg\",\"contentUrl\":\"https:\\\/\\\/www.gm.adv.br\\\/site\\\/wp-content\\\/uploads\\\/2024\\\/08\\\/35612684125_36872112b0_k.jpg\",\"width\":2048,\"height\":1152},{\"@type\":\"BreadcrumbList\",\"@id\":\"https:\\\/\\\/www.gm.adv.br\\\/site\\\/2024\\\/08\\\/11\\\/juiz-pode-dispensar-depoimento-de-autor-de-acao-trabalhista-decide-tst\\\/#breadcrumb\",\"itemListElement\":[{\"@type\":\"ListItem\",\"position\":1,\"name\":\"In\u00edcio\",\"item\":\"https:\\\/\\\/www.gm.adv.br\\\/site\\\/\"},{\"@type\":\"ListItem\",\"position\":2,\"name\":\"Juiz pode dispensar depoimento de autor de a\u00e7\u00e3o trabalhista, decide TST\"}]},{\"@type\":\"WebSite\",\"@id\":\"https:\\\/\\\/www.gm.adv.br\\\/site\\\/#website\",\"url\":\"https:\\\/\\\/www.gm.adv.br\\\/site\\\/\",\"name\":\"Guaresi & Mill\u00e9o Advogados Associados | Escrit\u00f3rio de Advocacia em Conc\u00f3rdia-SC | 30 Anos de Experi\u00eanci\",\"description\":\"Advocacia Direito Banc\u00e1rio, Tribut\u00e1rio, Trabalhista, C\u00edvil, P\u00fablica, Municipal, Advogados Associados Guaresi e Mill\u00e9o  |  Conc\u00f3rdia SC\",\"publisher\":{\"@id\":\"https:\\\/\\\/www.gm.adv.br\\\/site\\\/#organization\"},\"alternateName\":\"Guaresi e Mill\u00e9o Escrit\u00f3rio de Advocacia e Consultoria em Conc\u00f3rdia-SC\",\"potentialAction\":[{\"@type\":\"SearchAction\",\"target\":{\"@type\":\"EntryPoint\",\"urlTemplate\":\"https:\\\/\\\/www.gm.adv.br\\\/site\\\/?s={search_term_string}\"},\"query-input\":{\"@type\":\"PropertyValueSpecification\",\"valueRequired\":true,\"valueName\":\"search_term_string\"}}],\"inLanguage\":\"pt-BR\"},{\"@type\":\"Organization\",\"@id\":\"https:\\\/\\\/www.gm.adv.br\\\/site\\\/#organization\",\"name\":\"Guaresi & Milleo Advogados Associados em Conc\u00f3rdia SC\",\"alternateName\":\"Guaresi e Milleo Advocacia e Consultoria\",\"url\":\"https:\\\/\\\/www.gm.adv.br\\\/site\\\/\",\"logo\":{\"@type\":\"ImageObject\",\"inLanguage\":\"pt-BR\",\"@id\":\"https:\\\/\\\/www.gm.adv.br\\\/site\\\/#\\\/schema\\\/logo\\\/image\\\/\",\"url\":\"https:\\\/\\\/www.gm.adv.br\\\/site\\\/wp-content\\\/uploads\\\/2025\\\/07\\\/cropped-icone-512.webp\",\"contentUrl\":\"https:\\\/\\\/www.gm.adv.br\\\/site\\\/wp-content\\\/uploads\\\/2025\\\/07\\\/cropped-icone-512.webp\",\"width\":512,\"height\":512,\"caption\":\"Guaresi & Milleo Advogados Associados em Conc\u00f3rdia SC\"},\"image\":{\"@id\":\"https:\\\/\\\/www.gm.adv.br\\\/site\\\/#\\\/schema\\\/logo\\\/image\\\/\"},\"sameAs\":[\"https:\\\/\\\/www.facebook.com\\\/GuaresiMilleoAdvogados\",\"https:\\\/\\\/www.instagram.com\\\/guaresiemilleo\\\/\",\"https:\\\/\\\/br.linkedin.com\\\/company\\\/guaresimilleo\"]},{\"@type\":\"Person\",\"@id\":\"https:\\\/\\\/www.gm.adv.br\\\/site\\\/#\\\/schema\\\/person\\\/7d633a2abab0d9b94253af6efc36428f\",\"name\":\"admin\",\"image\":{\"@type\":\"ImageObject\",\"inLanguage\":\"pt-BR\",\"@id\":\"https:\\\/\\\/secure.gravatar.com\\\/avatar\\\/c8bb173d280f7d1e50b67bb649de269247430499695ba3ee451b6289436d1d39?s=96&d=mm&r=g\",\"url\":\"https:\\\/\\\/secure.gravatar.com\\\/avatar\\\/c8bb173d280f7d1e50b67bb649de269247430499695ba3ee451b6289436d1d39?s=96&d=mm&r=g\",\"contentUrl\":\"https:\\\/\\\/secure.gravatar.com\\\/avatar\\\/c8bb173d280f7d1e50b67bb649de269247430499695ba3ee451b6289436d1d39?s=96&d=mm&r=g\",\"caption\":\"admin\"},\"sameAs\":[\"https:\\\/\\\/www.gm.adv.br\\\/site\"],\"url\":\"https:\\\/\\\/www.gm.adv.br\\\/site\\\/author\\\/admin\\\/\"}]}<\/script>\n<!-- \/ Yoast SEO plugin. -->","yoast_head_json":{"title":"Juiz pode dispensar depoimento de autor de a\u00e7\u00e3o trabalhista, decide TST - Guaresi &amp; Mill\u00e9o Advogados Associados | Escrit\u00f3rio de Advocacia em Conc\u00f3rdia-SC | 30 Anos de Experi\u00eancia","description":"Juiz pode dispensar depoimento de autor de a\u00e7\u00e3o trabalhista, decide TST - Guaresi &amp; Mill\u00e9o Advogados Associados | Escrit\u00f3rio de Advocacia em Conc\u00f3rdia-SC | 30 Anos de Experi\u00eancia","robots":{"index":"index","follow":"follow","max-snippet":"max-snippet:-1","max-image-preview":"max-image-preview:large","max-video-preview":"max-video-preview:-1"},"canonical":"https:\/\/www.gm.adv.br\/site\/2024\/08\/11\/juiz-pode-dispensar-depoimento-de-autor-de-acao-trabalhista-decide-tst\/","og_locale":"pt_BR","og_type":"article","og_title":"Juiz pode dispensar depoimento de autor de a\u00e7\u00e3o trabalhista, decide TST - Guaresi &amp; Mill\u00e9o Advogados Associados | Escrit\u00f3rio de Advocacia em Conc\u00f3rdia-SC | 30 Anos de Experi\u00eancia","og_description":"Juiz pode dispensar depoimento de autor de a\u00e7\u00e3o trabalhista, decide TST - Guaresi &amp; Mill\u00e9o Advogados Associados | Escrit\u00f3rio de Advocacia em Conc\u00f3rdia-SC | 30 Anos de Experi\u00eancia","og_url":"https:\/\/www.gm.adv.br\/site\/2024\/08\/11\/juiz-pode-dispensar-depoimento-de-autor-de-acao-trabalhista-decide-tst\/","og_site_name":"Guaresi &amp; Mill\u00e9o Advogados Associados | Escrit\u00f3rio de Advocacia em Conc\u00f3rdia-SC | 30 Anos de Experi\u00eancia","article_publisher":"https:\/\/www.facebook.com\/GuaresiMilleoAdvogados","article_published_time":"2024-08-12T01:17:25+00:00","og_image":[{"width":2048,"height":1152,"url":"https:\/\/www.gm.adv.br\/site\/wp-content\/uploads\/2024\/08\/35612684125_36872112b0_k.jpg","type":"image\/jpeg"}],"author":"admin","twitter_card":"summary_large_image","twitter_misc":{"Escrito por":"admin","Est. tempo de leitura":"2 minutos"},"schema":{"@context":"https:\/\/schema.org","@graph":[{"@type":"Article","@id":"https:\/\/www.gm.adv.br\/site\/2024\/08\/11\/juiz-pode-dispensar-depoimento-de-autor-de-acao-trabalhista-decide-tst\/#article","isPartOf":{"@id":"https:\/\/www.gm.adv.br\/site\/2024\/08\/11\/juiz-pode-dispensar-depoimento-de-autor-de-acao-trabalhista-decide-tst\/"},"author":{"name":"admin","@id":"https:\/\/www.gm.adv.br\/site\/#\/schema\/person\/7d633a2abab0d9b94253af6efc36428f"},"headline":"Juiz pode dispensar depoimento de autor de a\u00e7\u00e3o trabalhista, decide TST","datePublished":"2024-08-12T01:17:25+00:00","mainEntityOfPage":{"@id":"https:\/\/www.gm.adv.br\/site\/2024\/08\/11\/juiz-pode-dispensar-depoimento-de-autor-de-acao-trabalhista-decide-tst\/"},"wordCount":233,"publisher":{"@id":"https:\/\/www.gm.adv.br\/site\/#organization"},"image":{"@id":"https:\/\/www.gm.adv.br\/site\/2024\/08\/11\/juiz-pode-dispensar-depoimento-de-autor-de-acao-trabalhista-decide-tst\/#primaryimage"},"thumbnailUrl":"https:\/\/www.gm.adv.br\/site\/wp-content\/uploads\/2024\/08\/35612684125_36872112b0_k.jpg","keywords":["direitodotrabalho"],"articleSection":["Direito do Trabalho","Noticias"],"inLanguage":"pt-BR"},{"@type":"WebPage","@id":"https:\/\/www.gm.adv.br\/site\/2024\/08\/11\/juiz-pode-dispensar-depoimento-de-autor-de-acao-trabalhista-decide-tst\/","url":"https:\/\/www.gm.adv.br\/site\/2024\/08\/11\/juiz-pode-dispensar-depoimento-de-autor-de-acao-trabalhista-decide-tst\/","name":"Juiz pode dispensar depoimento de autor de a\u00e7\u00e3o trabalhista, decide TST - Guaresi &amp; Mill\u00e9o Advogados Associados | Escrit\u00f3rio de Advocacia em Conc\u00f3rdia-SC | 30 Anos de Experi\u00eancia","isPartOf":{"@id":"https:\/\/www.gm.adv.br\/site\/#website"},"primaryImageOfPage":{"@id":"https:\/\/www.gm.adv.br\/site\/2024\/08\/11\/juiz-pode-dispensar-depoimento-de-autor-de-acao-trabalhista-decide-tst\/#primaryimage"},"image":{"@id":"https:\/\/www.gm.adv.br\/site\/2024\/08\/11\/juiz-pode-dispensar-depoimento-de-autor-de-acao-trabalhista-decide-tst\/#primaryimage"},"thumbnailUrl":"https:\/\/www.gm.adv.br\/site\/wp-content\/uploads\/2024\/08\/35612684125_36872112b0_k.jpg","datePublished":"2024-08-12T01:17:25+00:00","description":"Juiz pode dispensar depoimento de autor de a\u00e7\u00e3o trabalhista, decide TST - Guaresi &amp; Mill\u00e9o Advogados Associados | Escrit\u00f3rio de Advocacia em Conc\u00f3rdia-SC | 30 Anos de Experi\u00eancia","breadcrumb":{"@id":"https:\/\/www.gm.adv.br\/site\/2024\/08\/11\/juiz-pode-dispensar-depoimento-de-autor-de-acao-trabalhista-decide-tst\/#breadcrumb"},"inLanguage":"pt-BR","potentialAction":[{"@type":"ReadAction","target":["https:\/\/www.gm.adv.br\/site\/2024\/08\/11\/juiz-pode-dispensar-depoimento-de-autor-de-acao-trabalhista-decide-tst\/"]}]},{"@type":"ImageObject","inLanguage":"pt-BR","@id":"https:\/\/www.gm.adv.br\/site\/2024\/08\/11\/juiz-pode-dispensar-depoimento-de-autor-de-acao-trabalhista-decide-tst\/#primaryimage","url":"https:\/\/www.gm.adv.br\/site\/wp-content\/uploads\/2024\/08\/35612684125_36872112b0_k.jpg","contentUrl":"https:\/\/www.gm.adv.br\/site\/wp-content\/uploads\/2024\/08\/35612684125_36872112b0_k.jpg","width":2048,"height":1152},{"@type":"BreadcrumbList","@id":"https:\/\/www.gm.adv.br\/site\/2024\/08\/11\/juiz-pode-dispensar-depoimento-de-autor-de-acao-trabalhista-decide-tst\/#breadcrumb","itemListElement":[{"@type":"ListItem","position":1,"name":"In\u00edcio","item":"https:\/\/www.gm.adv.br\/site\/"},{"@type":"ListItem","position":2,"name":"Juiz pode dispensar depoimento de autor de a\u00e7\u00e3o trabalhista, decide TST"}]},{"@type":"WebSite","@id":"https:\/\/www.gm.adv.br\/site\/#website","url":"https:\/\/www.gm.adv.br\/site\/","name":"Guaresi & Mill\u00e9o Advogados Associados | Escrit\u00f3rio de Advocacia em Conc\u00f3rdia-SC | 30 Anos de Experi\u00eanci","description":"Advocacia Direito Banc\u00e1rio, Tribut\u00e1rio, Trabalhista, C\u00edvil, P\u00fablica, Municipal, Advogados Associados Guaresi e Mill\u00e9o  |  Conc\u00f3rdia SC","publisher":{"@id":"https:\/\/www.gm.adv.br\/site\/#organization"},"alternateName":"Guaresi e Mill\u00e9o Escrit\u00f3rio de Advocacia e Consultoria em Conc\u00f3rdia-SC","potentialAction":[{"@type":"SearchAction","target":{"@type":"EntryPoint","urlTemplate":"https:\/\/www.gm.adv.br\/site\/?s={search_term_string}"},"query-input":{"@type":"PropertyValueSpecification","valueRequired":true,"valueName":"search_term_string"}}],"inLanguage":"pt-BR"},{"@type":"Organization","@id":"https:\/\/www.gm.adv.br\/site\/#organization","name":"Guaresi & Milleo Advogados Associados em Conc\u00f3rdia SC","alternateName":"Guaresi e Milleo Advocacia e Consultoria","url":"https:\/\/www.gm.adv.br\/site\/","logo":{"@type":"ImageObject","inLanguage":"pt-BR","@id":"https:\/\/www.gm.adv.br\/site\/#\/schema\/logo\/image\/","url":"https:\/\/www.gm.adv.br\/site\/wp-content\/uploads\/2025\/07\/cropped-icone-512.webp","contentUrl":"https:\/\/www.gm.adv.br\/site\/wp-content\/uploads\/2025\/07\/cropped-icone-512.webp","width":512,"height":512,"caption":"Guaresi & Milleo Advogados Associados em Conc\u00f3rdia SC"},"image":{"@id":"https:\/\/www.gm.adv.br\/site\/#\/schema\/logo\/image\/"},"sameAs":["https:\/\/www.facebook.com\/GuaresiMilleoAdvogados","https:\/\/www.instagram.com\/guaresiemilleo\/","https:\/\/br.linkedin.com\/company\/guaresimilleo"]},{"@type":"Person","@id":"https:\/\/www.gm.adv.br\/site\/#\/schema\/person\/7d633a2abab0d9b94253af6efc36428f","name":"admin","image":{"@type":"ImageObject","inLanguage":"pt-BR","@id":"https:\/\/secure.gravatar.com\/avatar\/c8bb173d280f7d1e50b67bb649de269247430499695ba3ee451b6289436d1d39?s=96&d=mm&r=g","url":"https:\/\/secure.gravatar.com\/avatar\/c8bb173d280f7d1e50b67bb649de269247430499695ba3ee451b6289436d1d39?s=96&d=mm&r=g","contentUrl":"https:\/\/secure.gravatar.com\/avatar\/c8bb173d280f7d1e50b67bb649de269247430499695ba3ee451b6289436d1d39?s=96&d=mm&r=g","caption":"admin"},"sameAs":["https:\/\/www.gm.adv.br\/site"],"url":"https:\/\/www.gm.adv.br\/site\/author\/admin\/"}]}},"_links":{"self":[{"href":"https:\/\/www.gm.adv.br\/site\/wp-json\/wp\/v2\/posts\/5220","targetHints":{"allow":["GET"]}}],"collection":[{"href":"https:\/\/www.gm.adv.br\/site\/wp-json\/wp\/v2\/posts"}],"about":[{"href":"https:\/\/www.gm.adv.br\/site\/wp-json\/wp\/v2\/types\/post"}],"author":[{"embeddable":true,"href":"https:\/\/www.gm.adv.br\/site\/wp-json\/wp\/v2\/users\/1"}],"replies":[{"embeddable":true,"href":"https:\/\/www.gm.adv.br\/site\/wp-json\/wp\/v2\/comments?post=5220"}],"version-history":[{"count":0,"href":"https:\/\/www.gm.adv.br\/site\/wp-json\/wp\/v2\/posts\/5220\/revisions"}],"wp:featuredmedia":[{"embeddable":true,"href":"https:\/\/www.gm.adv.br\/site\/wp-json\/wp\/v2\/media\/5223"}],"wp:attachment":[{"href":"https:\/\/www.gm.adv.br\/site\/wp-json\/wp\/v2\/media?parent=5220"}],"wp:term":[{"taxonomy":"category","embeddable":true,"href":"https:\/\/www.gm.adv.br\/site\/wp-json\/wp\/v2\/categories?post=5220"},{"taxonomy":"post_tag","embeddable":true,"href":"https:\/\/www.gm.adv.br\/site\/wp-json\/wp\/v2\/tags?post=5220"}],"curies":[{"name":"wp","href":"https:\/\/api.w.org\/{rel}","templated":true}]}}