{"id":5216,"date":"2024-07-25T08:54:40","date_gmt":"2024-07-25T11:54:40","guid":{"rendered":"https:\/\/gm.adv.br\/?p=5216"},"modified":"2024-07-25T08:54:40","modified_gmt":"2024-07-25T11:54:40","slug":"os-impactos-da-reforma-tributaria-para-o-agronegocio","status":"publish","type":"post","link":"https:\/\/www.gm.adv.br\/site\/2024\/07\/25\/os-impactos-da-reforma-tributaria-para-o-agronegocio\/","title":{"rendered":"Os impactos da reforma tribut\u00e1ria para o agroneg\u00f3cio"},"content":{"rendered":"<p>A reforma tribut\u00e1ria relativa ao consumo, promovida pela Emenda Constitucional 132\/2023, promulgada em 20 de dezembro \u00faltimo, prev\u00ea um longo per\u00edodo de transi\u00e7\u00e3o, e somente a partir de 2033 os novos tributos \u2013 Imposto sobre Bens e Servi\u00e7os (IBS), Contribui\u00e7\u00e3o sobre Bens e Servi\u00e7os (CBS) e Imposto Seletivo (IS) \u2013 substituir\u00e3o integralmente os que ser\u00e3o extintos \u2013 Contribui\u00e7\u00e3o ao PIS, Cofins, ICMS e ISSQN. Mas um importante passo nessa jornada foi dado pela C\u00e2mara dos Deputados com a aprova\u00e7\u00e3o, no \u00faltimo dia 10 de julho, do PLP 68\/2024.<\/p>\n<p>\u00c9 um momento crucial para a constru\u00e7\u00e3o do novo Sistema Tribut\u00e1rio Nacional, que ser\u00e1 pautado pela observ\u00e2ncia dos princ\u00edpios da simplicidade, da transpar\u00eancia, da justi\u00e7a tribut\u00e1ria, da coopera\u00e7\u00e3o e da defesa do meio ambiente, pois a EC 132 delegou ao legislador complementar diversas atribui\u00e7\u00f5es, entre as quais a uniformiza\u00e7\u00e3o da legisla\u00e7\u00e3o relativa ao IBS e \u00e0 CBS \u2013 salvo em rela\u00e7\u00e3o \u00e0 al\u00edquota, que poder\u00e1 ser fixada por cada ente federativo, por lei espec\u00edfica \u2013, assim como a disciplina do IS, que incidir\u00e1 sobre \u201cprodu\u00e7\u00e3o, extra\u00e7\u00e3o, comercializa\u00e7\u00e3o ou importa\u00e7\u00e3o de bens e servi\u00e7os prejudiciais \u00e0 sa\u00fade ou ao meio ambiente\u201d.<\/p>\n<p>Na medida em que ser\u00e1 a lei complementar que disciplinar\u00e1 os novos tributos, essa regulamenta\u00e7\u00e3o trar\u00e1 impactos relevantes, inclusive para setores fundamentais da nossa economia. \u00c9 o que se verifica, por exemplo, em rela\u00e7\u00e3o ao agroneg\u00f3cio, que teve uma participa\u00e7\u00e3o de 23,8% no PIB total do pa\u00eds em 2023, segundo dados da Confedera\u00e7\u00e3o da Agricultura e Pecu\u00e1ria do Brasil (CNA).<\/p>\n<p>Fonte: <a href=\"https:\/\/www.jota.info\/artigos\/os-impactos-da-reforma-tributaria-para-o-agronegocio-23072024\">Jota<\/a><\/p>\n","protected":false},"excerpt":{"rendered":"<p>A reforma tribut\u00e1ria relativa ao consumo, promovida pela Emenda Constitucional 132\/2023, promulgada em 20 de dezembro \u00faltimo, prev\u00ea um longo per\u00edodo de transi\u00e7\u00e3o, e somente a partir de 2033 os novos tributos \u2013 Imposto sobre Bens e Servi\u00e7os (IBS), Contribui\u00e7\u00e3o sobre Bens e Servi\u00e7os (CBS) e Imposto Seletivo (IS) \u2013 substituir\u00e3o integralmente os que ser\u00e3o [&#8230;]\n","protected":false},"author":1,"featured_media":5217,"comment_status":"closed","ping_status":"closed","sticky":false,"template":"","format":"standard","meta":{"footnotes":""},"categories":[80],"tags":[82,83],"class_list":["post-5216","post","type-post","status-publish","format-standard","has-post-thumbnail","hentry","category-direito-do-agronegocio","tag-agronegocio","tag-direito"],"yoast_head":"<!-- This site is optimized with the Yoast SEO plugin v27.5 - https:\/\/yoast.com\/product\/yoast-seo-wordpress\/ -->\n<title>Os impactos da reforma tribut\u00e1ria para o agroneg\u00f3cio - Guaresi &amp; Mill\u00e9o Advogados Associados | Escrit\u00f3rio de Advocacia em Conc\u00f3rdia-SC | 30 Anos de Experi\u00eancia<\/title>\n<meta name=\"description\" content=\"Os impactos da reforma tribut\u00e1ria para o agroneg\u00f3cio - Guaresi &amp; Mill\u00e9o Advogados Associados | Escrit\u00f3rio de Advocacia em Conc\u00f3rdia-SC | 30 Anos de Experi\u00eancia\" \/>\n<meta name=\"robots\" content=\"index, follow, max-snippet:-1, max-image-preview:large, max-video-preview:-1\" \/>\n<link rel=\"canonical\" href=\"https:\/\/www.gm.adv.br\/site\/2024\/07\/25\/os-impactos-da-reforma-tributaria-para-o-agronegocio\/\" \/>\n<meta property=\"og:locale\" content=\"pt_BR\" \/>\n<meta property=\"og:type\" content=\"article\" \/>\n<meta property=\"og:title\" content=\"Os impactos da reforma tribut\u00e1ria para o agroneg\u00f3cio - Guaresi &amp; Mill\u00e9o Advogados Associados | Escrit\u00f3rio de Advocacia em Conc\u00f3rdia-SC | 30 Anos de Experi\u00eancia\" \/>\n<meta property=\"og:description\" content=\"Os impactos da reforma tribut\u00e1ria para o agroneg\u00f3cio - Guaresi &amp; Mill\u00e9o Advogados Associados | Escrit\u00f3rio de Advocacia em Conc\u00f3rdia-SC | 30 Anos de Experi\u00eancia\" \/>\n<meta property=\"og:url\" content=\"https:\/\/www.gm.adv.br\/site\/2024\/07\/25\/os-impactos-da-reforma-tributaria-para-o-agronegocio\/\" \/>\n<meta property=\"og:site_name\" content=\"Guaresi &amp; Mill\u00e9o Advogados Associados | Escrit\u00f3rio de Advocacia em Conc\u00f3rdia-SC | 30 Anos de Experi\u00eancia\" \/>\n<meta property=\"article:publisher\" content=\"https:\/\/www.facebook.com\/GuaresiMilleoAdvogados\" \/>\n<meta property=\"article:published_time\" content=\"2024-07-25T11:54:40+00:00\" \/>\n<meta property=\"og:image\" content=\"https:\/\/www.gm.adv.br\/site\/wp-content\/uploads\/2024\/07\/getty-images-vEsv_5aHCU-unsplash-scaled-1.jpg\" \/>\n\t<meta property=\"og:image:width\" content=\"2560\" \/>\n\t<meta property=\"og:image:height\" content=\"1702\" \/>\n\t<meta property=\"og:image:type\" content=\"image\/jpeg\" \/>\n<meta name=\"author\" content=\"admin\" \/>\n<meta name=\"twitter:card\" content=\"summary_large_image\" \/>\n<meta name=\"twitter:label1\" content=\"Escrito por\" \/>\n\t<meta name=\"twitter:data1\" content=\"admin\" \/>\n\t<meta name=\"twitter:label2\" content=\"Est. tempo de leitura\" \/>\n\t<meta name=\"twitter:data2\" content=\"2 minutos\" \/>\n<script type=\"application\/ld+json\" class=\"yoast-schema-graph\">{\"@context\":\"https:\\\/\\\/schema.org\",\"@graph\":[{\"@type\":\"Article\",\"@id\":\"https:\\\/\\\/www.gm.adv.br\\\/site\\\/2024\\\/07\\\/25\\\/os-impactos-da-reforma-tributaria-para-o-agronegocio\\\/#article\",\"isPartOf\":{\"@id\":\"https:\\\/\\\/www.gm.adv.br\\\/site\\\/2024\\\/07\\\/25\\\/os-impactos-da-reforma-tributaria-para-o-agronegocio\\\/\"},\"author\":{\"name\":\"admin\",\"@id\":\"https:\\\/\\\/www.gm.adv.br\\\/site\\\/#\\\/schema\\\/person\\\/7d633a2abab0d9b94253af6efc36428f\"},\"headline\":\"Os impactos da reforma tribut\u00e1ria para o agroneg\u00f3cio\",\"datePublished\":\"2024-07-25T11:54:40+00:00\",\"mainEntityOfPage\":{\"@id\":\"https:\\\/\\\/www.gm.adv.br\\\/site\\\/2024\\\/07\\\/25\\\/os-impactos-da-reforma-tributaria-para-o-agronegocio\\\/\"},\"wordCount\":280,\"publisher\":{\"@id\":\"https:\\\/\\\/www.gm.adv.br\\\/site\\\/#organization\"},\"image\":{\"@id\":\"https:\\\/\\\/www.gm.adv.br\\\/site\\\/2024\\\/07\\\/25\\\/os-impactos-da-reforma-tributaria-para-o-agronegocio\\\/#primaryimage\"},\"thumbnailUrl\":\"https:\\\/\\\/www.gm.adv.br\\\/site\\\/wp-content\\\/uploads\\\/2024\\\/07\\\/getty-images-vEsv_5aHCU-unsplash-scaled-1.jpg\",\"keywords\":[\"agronegocio\",\"direito\"],\"articleSection\":[\"Direito do Agroneg\u00f3cio\"],\"inLanguage\":\"pt-BR\"},{\"@type\":\"WebPage\",\"@id\":\"https:\\\/\\\/www.gm.adv.br\\\/site\\\/2024\\\/07\\\/25\\\/os-impactos-da-reforma-tributaria-para-o-agronegocio\\\/\",\"url\":\"https:\\\/\\\/www.gm.adv.br\\\/site\\\/2024\\\/07\\\/25\\\/os-impactos-da-reforma-tributaria-para-o-agronegocio\\\/\",\"name\":\"Os impactos da reforma tribut\u00e1ria para o agroneg\u00f3cio - Guaresi &amp; Mill\u00e9o Advogados Associados | Escrit\u00f3rio de Advocacia em Conc\u00f3rdia-SC | 30 Anos de Experi\u00eancia\",\"isPartOf\":{\"@id\":\"https:\\\/\\\/www.gm.adv.br\\\/site\\\/#website\"},\"primaryImageOfPage\":{\"@id\":\"https:\\\/\\\/www.gm.adv.br\\\/site\\\/2024\\\/07\\\/25\\\/os-impactos-da-reforma-tributaria-para-o-agronegocio\\\/#primaryimage\"},\"image\":{\"@id\":\"https:\\\/\\\/www.gm.adv.br\\\/site\\\/2024\\\/07\\\/25\\\/os-impactos-da-reforma-tributaria-para-o-agronegocio\\\/#primaryimage\"},\"thumbnailUrl\":\"https:\\\/\\\/www.gm.adv.br\\\/site\\\/wp-content\\\/uploads\\\/2024\\\/07\\\/getty-images-vEsv_5aHCU-unsplash-scaled-1.jpg\",\"datePublished\":\"2024-07-25T11:54:40+00:00\",\"description\":\"Os impactos da reforma tribut\u00e1ria para o agroneg\u00f3cio - Guaresi &amp; Mill\u00e9o Advogados Associados | Escrit\u00f3rio de Advocacia em Conc\u00f3rdia-SC | 30 Anos de Experi\u00eancia\",\"breadcrumb\":{\"@id\":\"https:\\\/\\\/www.gm.adv.br\\\/site\\\/2024\\\/07\\\/25\\\/os-impactos-da-reforma-tributaria-para-o-agronegocio\\\/#breadcrumb\"},\"inLanguage\":\"pt-BR\",\"potentialAction\":[{\"@type\":\"ReadAction\",\"target\":[\"https:\\\/\\\/www.gm.adv.br\\\/site\\\/2024\\\/07\\\/25\\\/os-impactos-da-reforma-tributaria-para-o-agronegocio\\\/\"]}]},{\"@type\":\"ImageObject\",\"inLanguage\":\"pt-BR\",\"@id\":\"https:\\\/\\\/www.gm.adv.br\\\/site\\\/2024\\\/07\\\/25\\\/os-impactos-da-reforma-tributaria-para-o-agronegocio\\\/#primaryimage\",\"url\":\"https:\\\/\\\/www.gm.adv.br\\\/site\\\/wp-content\\\/uploads\\\/2024\\\/07\\\/getty-images-vEsv_5aHCU-unsplash-scaled-1.jpg\",\"contentUrl\":\"https:\\\/\\\/www.gm.adv.br\\\/site\\\/wp-content\\\/uploads\\\/2024\\\/07\\\/getty-images-vEsv_5aHCU-unsplash-scaled-1.jpg\",\"width\":2560,\"height\":1702},{\"@type\":\"BreadcrumbList\",\"@id\":\"https:\\\/\\\/www.gm.adv.br\\\/site\\\/2024\\\/07\\\/25\\\/os-impactos-da-reforma-tributaria-para-o-agronegocio\\\/#breadcrumb\",\"itemListElement\":[{\"@type\":\"ListItem\",\"position\":1,\"name\":\"In\u00edcio\",\"item\":\"https:\\\/\\\/www.gm.adv.br\\\/site\\\/\"},{\"@type\":\"ListItem\",\"position\":2,\"name\":\"Os impactos da reforma tribut\u00e1ria para o agroneg\u00f3cio\"}]},{\"@type\":\"WebSite\",\"@id\":\"https:\\\/\\\/www.gm.adv.br\\\/site\\\/#website\",\"url\":\"https:\\\/\\\/www.gm.adv.br\\\/site\\\/\",\"name\":\"Guaresi & Mill\u00e9o Advogados Associados | Escrit\u00f3rio de Advocacia em Conc\u00f3rdia-SC | 30 Anos de Experi\u00eanci\",\"description\":\"Advocacia Direito Banc\u00e1rio, Tribut\u00e1rio, Trabalhista, C\u00edvil, P\u00fablica, Municipal, Advogados Associados Guaresi e Mill\u00e9o  |  Conc\u00f3rdia SC\",\"publisher\":{\"@id\":\"https:\\\/\\\/www.gm.adv.br\\\/site\\\/#organization\"},\"alternateName\":\"Guaresi e Mill\u00e9o Escrit\u00f3rio de Advocacia e Consultoria em Conc\u00f3rdia-SC\",\"potentialAction\":[{\"@type\":\"SearchAction\",\"target\":{\"@type\":\"EntryPoint\",\"urlTemplate\":\"https:\\\/\\\/www.gm.adv.br\\\/site\\\/?s={search_term_string}\"},\"query-input\":{\"@type\":\"PropertyValueSpecification\",\"valueRequired\":true,\"valueName\":\"search_term_string\"}}],\"inLanguage\":\"pt-BR\"},{\"@type\":\"Organization\",\"@id\":\"https:\\\/\\\/www.gm.adv.br\\\/site\\\/#organization\",\"name\":\"Guaresi & Milleo Advogados Associados em Conc\u00f3rdia SC\",\"alternateName\":\"Guaresi e Milleo Advocacia e Consultoria\",\"url\":\"https:\\\/\\\/www.gm.adv.br\\\/site\\\/\",\"logo\":{\"@type\":\"ImageObject\",\"inLanguage\":\"pt-BR\",\"@id\":\"https:\\\/\\\/www.gm.adv.br\\\/site\\\/#\\\/schema\\\/logo\\\/image\\\/\",\"url\":\"https:\\\/\\\/www.gm.adv.br\\\/site\\\/wp-content\\\/uploads\\\/2025\\\/07\\\/cropped-icone-512.webp\",\"contentUrl\":\"https:\\\/\\\/www.gm.adv.br\\\/site\\\/wp-content\\\/uploads\\\/2025\\\/07\\\/cropped-icone-512.webp\",\"width\":512,\"height\":512,\"caption\":\"Guaresi & Milleo Advogados Associados em Conc\u00f3rdia SC\"},\"image\":{\"@id\":\"https:\\\/\\\/www.gm.adv.br\\\/site\\\/#\\\/schema\\\/logo\\\/image\\\/\"},\"sameAs\":[\"https:\\\/\\\/www.facebook.com\\\/GuaresiMilleoAdvogados\",\"https:\\\/\\\/www.instagram.com\\\/guaresiemilleo\\\/\",\"https:\\\/\\\/br.linkedin.com\\\/company\\\/guaresimilleo\"]},{\"@type\":\"Person\",\"@id\":\"https:\\\/\\\/www.gm.adv.br\\\/site\\\/#\\\/schema\\\/person\\\/7d633a2abab0d9b94253af6efc36428f\",\"name\":\"admin\",\"image\":{\"@type\":\"ImageObject\",\"inLanguage\":\"pt-BR\",\"@id\":\"https:\\\/\\\/secure.gravatar.com\\\/avatar\\\/c8bb173d280f7d1e50b67bb649de269247430499695ba3ee451b6289436d1d39?s=96&d=mm&r=g\",\"url\":\"https:\\\/\\\/secure.gravatar.com\\\/avatar\\\/c8bb173d280f7d1e50b67bb649de269247430499695ba3ee451b6289436d1d39?s=96&d=mm&r=g\",\"contentUrl\":\"https:\\\/\\\/secure.gravatar.com\\\/avatar\\\/c8bb173d280f7d1e50b67bb649de269247430499695ba3ee451b6289436d1d39?s=96&d=mm&r=g\",\"caption\":\"admin\"},\"sameAs\":[\"https:\\\/\\\/www.gm.adv.br\\\/site\"],\"url\":\"https:\\\/\\\/www.gm.adv.br\\\/site\\\/author\\\/admin\\\/\"}]}<\/script>\n<!-- \/ Yoast SEO plugin. -->","yoast_head_json":{"title":"Os impactos da reforma tribut\u00e1ria para o agroneg\u00f3cio - Guaresi &amp; Mill\u00e9o Advogados Associados | Escrit\u00f3rio de Advocacia em Conc\u00f3rdia-SC | 30 Anos de Experi\u00eancia","description":"Os impactos da reforma tribut\u00e1ria para o agroneg\u00f3cio - Guaresi &amp; Mill\u00e9o Advogados Associados | Escrit\u00f3rio de Advocacia em Conc\u00f3rdia-SC | 30 Anos de Experi\u00eancia","robots":{"index":"index","follow":"follow","max-snippet":"max-snippet:-1","max-image-preview":"max-image-preview:large","max-video-preview":"max-video-preview:-1"},"canonical":"https:\/\/www.gm.adv.br\/site\/2024\/07\/25\/os-impactos-da-reforma-tributaria-para-o-agronegocio\/","og_locale":"pt_BR","og_type":"article","og_title":"Os impactos da reforma tribut\u00e1ria para o agroneg\u00f3cio - Guaresi &amp; Mill\u00e9o Advogados Associados | Escrit\u00f3rio de Advocacia em Conc\u00f3rdia-SC | 30 Anos de Experi\u00eancia","og_description":"Os impactos da reforma tribut\u00e1ria para o agroneg\u00f3cio - Guaresi &amp; Mill\u00e9o Advogados Associados | Escrit\u00f3rio de Advocacia em Conc\u00f3rdia-SC | 30 Anos de Experi\u00eancia","og_url":"https:\/\/www.gm.adv.br\/site\/2024\/07\/25\/os-impactos-da-reforma-tributaria-para-o-agronegocio\/","og_site_name":"Guaresi &amp; Mill\u00e9o Advogados Associados | Escrit\u00f3rio de Advocacia em Conc\u00f3rdia-SC | 30 Anos de Experi\u00eancia","article_publisher":"https:\/\/www.facebook.com\/GuaresiMilleoAdvogados","article_published_time":"2024-07-25T11:54:40+00:00","og_image":[{"width":2560,"height":1702,"url":"https:\/\/www.gm.adv.br\/site\/wp-content\/uploads\/2024\/07\/getty-images-vEsv_5aHCU-unsplash-scaled-1.jpg","type":"image\/jpeg"}],"author":"admin","twitter_card":"summary_large_image","twitter_misc":{"Escrito por":"admin","Est. tempo de leitura":"2 minutos"},"schema":{"@context":"https:\/\/schema.org","@graph":[{"@type":"Article","@id":"https:\/\/www.gm.adv.br\/site\/2024\/07\/25\/os-impactos-da-reforma-tributaria-para-o-agronegocio\/#article","isPartOf":{"@id":"https:\/\/www.gm.adv.br\/site\/2024\/07\/25\/os-impactos-da-reforma-tributaria-para-o-agronegocio\/"},"author":{"name":"admin","@id":"https:\/\/www.gm.adv.br\/site\/#\/schema\/person\/7d633a2abab0d9b94253af6efc36428f"},"headline":"Os impactos da reforma tribut\u00e1ria para o agroneg\u00f3cio","datePublished":"2024-07-25T11:54:40+00:00","mainEntityOfPage":{"@id":"https:\/\/www.gm.adv.br\/site\/2024\/07\/25\/os-impactos-da-reforma-tributaria-para-o-agronegocio\/"},"wordCount":280,"publisher":{"@id":"https:\/\/www.gm.adv.br\/site\/#organization"},"image":{"@id":"https:\/\/www.gm.adv.br\/site\/2024\/07\/25\/os-impactos-da-reforma-tributaria-para-o-agronegocio\/#primaryimage"},"thumbnailUrl":"https:\/\/www.gm.adv.br\/site\/wp-content\/uploads\/2024\/07\/getty-images-vEsv_5aHCU-unsplash-scaled-1.jpg","keywords":["agronegocio","direito"],"articleSection":["Direito do Agroneg\u00f3cio"],"inLanguage":"pt-BR"},{"@type":"WebPage","@id":"https:\/\/www.gm.adv.br\/site\/2024\/07\/25\/os-impactos-da-reforma-tributaria-para-o-agronegocio\/","url":"https:\/\/www.gm.adv.br\/site\/2024\/07\/25\/os-impactos-da-reforma-tributaria-para-o-agronegocio\/","name":"Os impactos da reforma tribut\u00e1ria para o agroneg\u00f3cio - Guaresi &amp; Mill\u00e9o Advogados Associados | Escrit\u00f3rio de Advocacia em Conc\u00f3rdia-SC | 30 Anos de Experi\u00eancia","isPartOf":{"@id":"https:\/\/www.gm.adv.br\/site\/#website"},"primaryImageOfPage":{"@id":"https:\/\/www.gm.adv.br\/site\/2024\/07\/25\/os-impactos-da-reforma-tributaria-para-o-agronegocio\/#primaryimage"},"image":{"@id":"https:\/\/www.gm.adv.br\/site\/2024\/07\/25\/os-impactos-da-reforma-tributaria-para-o-agronegocio\/#primaryimage"},"thumbnailUrl":"https:\/\/www.gm.adv.br\/site\/wp-content\/uploads\/2024\/07\/getty-images-vEsv_5aHCU-unsplash-scaled-1.jpg","datePublished":"2024-07-25T11:54:40+00:00","description":"Os impactos da reforma tribut\u00e1ria para o agroneg\u00f3cio - Guaresi &amp; Mill\u00e9o Advogados Associados | Escrit\u00f3rio de Advocacia em Conc\u00f3rdia-SC | 30 Anos de Experi\u00eancia","breadcrumb":{"@id":"https:\/\/www.gm.adv.br\/site\/2024\/07\/25\/os-impactos-da-reforma-tributaria-para-o-agronegocio\/#breadcrumb"},"inLanguage":"pt-BR","potentialAction":[{"@type":"ReadAction","target":["https:\/\/www.gm.adv.br\/site\/2024\/07\/25\/os-impactos-da-reforma-tributaria-para-o-agronegocio\/"]}]},{"@type":"ImageObject","inLanguage":"pt-BR","@id":"https:\/\/www.gm.adv.br\/site\/2024\/07\/25\/os-impactos-da-reforma-tributaria-para-o-agronegocio\/#primaryimage","url":"https:\/\/www.gm.adv.br\/site\/wp-content\/uploads\/2024\/07\/getty-images-vEsv_5aHCU-unsplash-scaled-1.jpg","contentUrl":"https:\/\/www.gm.adv.br\/site\/wp-content\/uploads\/2024\/07\/getty-images-vEsv_5aHCU-unsplash-scaled-1.jpg","width":2560,"height":1702},{"@type":"BreadcrumbList","@id":"https:\/\/www.gm.adv.br\/site\/2024\/07\/25\/os-impactos-da-reforma-tributaria-para-o-agronegocio\/#breadcrumb","itemListElement":[{"@type":"ListItem","position":1,"name":"In\u00edcio","item":"https:\/\/www.gm.adv.br\/site\/"},{"@type":"ListItem","position":2,"name":"Os impactos da reforma tribut\u00e1ria para o agroneg\u00f3cio"}]},{"@type":"WebSite","@id":"https:\/\/www.gm.adv.br\/site\/#website","url":"https:\/\/www.gm.adv.br\/site\/","name":"Guaresi & Mill\u00e9o Advogados Associados | Escrit\u00f3rio de Advocacia em Conc\u00f3rdia-SC | 30 Anos de Experi\u00eanci","description":"Advocacia Direito Banc\u00e1rio, Tribut\u00e1rio, Trabalhista, C\u00edvil, P\u00fablica, Municipal, Advogados Associados Guaresi e Mill\u00e9o  |  Conc\u00f3rdia SC","publisher":{"@id":"https:\/\/www.gm.adv.br\/site\/#organization"},"alternateName":"Guaresi e Mill\u00e9o Escrit\u00f3rio de Advocacia e Consultoria em Conc\u00f3rdia-SC","potentialAction":[{"@type":"SearchAction","target":{"@type":"EntryPoint","urlTemplate":"https:\/\/www.gm.adv.br\/site\/?s={search_term_string}"},"query-input":{"@type":"PropertyValueSpecification","valueRequired":true,"valueName":"search_term_string"}}],"inLanguage":"pt-BR"},{"@type":"Organization","@id":"https:\/\/www.gm.adv.br\/site\/#organization","name":"Guaresi & Milleo Advogados Associados em Conc\u00f3rdia SC","alternateName":"Guaresi e Milleo Advocacia e Consultoria","url":"https:\/\/www.gm.adv.br\/site\/","logo":{"@type":"ImageObject","inLanguage":"pt-BR","@id":"https:\/\/www.gm.adv.br\/site\/#\/schema\/logo\/image\/","url":"https:\/\/www.gm.adv.br\/site\/wp-content\/uploads\/2025\/07\/cropped-icone-512.webp","contentUrl":"https:\/\/www.gm.adv.br\/site\/wp-content\/uploads\/2025\/07\/cropped-icone-512.webp","width":512,"height":512,"caption":"Guaresi & Milleo Advogados Associados em Conc\u00f3rdia SC"},"image":{"@id":"https:\/\/www.gm.adv.br\/site\/#\/schema\/logo\/image\/"},"sameAs":["https:\/\/www.facebook.com\/GuaresiMilleoAdvogados","https:\/\/www.instagram.com\/guaresiemilleo\/","https:\/\/br.linkedin.com\/company\/guaresimilleo"]},{"@type":"Person","@id":"https:\/\/www.gm.adv.br\/site\/#\/schema\/person\/7d633a2abab0d9b94253af6efc36428f","name":"admin","image":{"@type":"ImageObject","inLanguage":"pt-BR","@id":"https:\/\/secure.gravatar.com\/avatar\/c8bb173d280f7d1e50b67bb649de269247430499695ba3ee451b6289436d1d39?s=96&d=mm&r=g","url":"https:\/\/secure.gravatar.com\/avatar\/c8bb173d280f7d1e50b67bb649de269247430499695ba3ee451b6289436d1d39?s=96&d=mm&r=g","contentUrl":"https:\/\/secure.gravatar.com\/avatar\/c8bb173d280f7d1e50b67bb649de269247430499695ba3ee451b6289436d1d39?s=96&d=mm&r=g","caption":"admin"},"sameAs":["https:\/\/www.gm.adv.br\/site"],"url":"https:\/\/www.gm.adv.br\/site\/author\/admin\/"}]}},"_links":{"self":[{"href":"https:\/\/www.gm.adv.br\/site\/wp-json\/wp\/v2\/posts\/5216","targetHints":{"allow":["GET"]}}],"collection":[{"href":"https:\/\/www.gm.adv.br\/site\/wp-json\/wp\/v2\/posts"}],"about":[{"href":"https:\/\/www.gm.adv.br\/site\/wp-json\/wp\/v2\/types\/post"}],"author":[{"embeddable":true,"href":"https:\/\/www.gm.adv.br\/site\/wp-json\/wp\/v2\/users\/1"}],"replies":[{"embeddable":true,"href":"https:\/\/www.gm.adv.br\/site\/wp-json\/wp\/v2\/comments?post=5216"}],"version-history":[{"count":0,"href":"https:\/\/www.gm.adv.br\/site\/wp-json\/wp\/v2\/posts\/5216\/revisions"}],"wp:featuredmedia":[{"embeddable":true,"href":"https:\/\/www.gm.adv.br\/site\/wp-json\/wp\/v2\/media\/5217"}],"wp:attachment":[{"href":"https:\/\/www.gm.adv.br\/site\/wp-json\/wp\/v2\/media?parent=5216"}],"wp:term":[{"taxonomy":"category","embeddable":true,"href":"https:\/\/www.gm.adv.br\/site\/wp-json\/wp\/v2\/categories?post=5216"},{"taxonomy":"post_tag","embeddable":true,"href":"https:\/\/www.gm.adv.br\/site\/wp-json\/wp\/v2\/tags?post=5216"}],"curies":[{"name":"wp","href":"https:\/\/api.w.org\/{rel}","templated":true}]}}