{"id":5209,"date":"2024-07-19T15:17:14","date_gmt":"2024-07-19T18:17:14","guid":{"rendered":"https:\/\/gm.adv.br\/?p=5209"},"modified":"2024-07-19T15:17:14","modified_gmt":"2024-07-19T18:17:14","slug":"cabe-ao-juiz-de-execucao-fiscal-julgar-prescricao-de-credito-tributario-de-empresa-falida","status":"publish","type":"post","link":"https:\/\/www.gm.adv.br\/site\/2024\/07\/19\/cabe-ao-juiz-de-execucao-fiscal-julgar-prescricao-de-credito-tributario-de-empresa-falida\/","title":{"rendered":"Cabe ao juiz de execu\u00e7\u00e3o fiscal julgar prescri\u00e7\u00e3o de cr\u00e9dito tribut\u00e1rio de empresa falida"},"content":{"rendered":"<p>A compet\u00eancia para analisar a exist\u00eancia, a exigibilidade, a prescri\u00e7\u00e3o e o valor do hashtag#cr\u00e9dito tribut\u00e1rio devido por uma empresa alvo de processo de fal\u00eancia \u00e9 do juiz da execu\u00e7\u00e3o fiscal.<br \/>\nEssa conclus\u00e3o \u00e9 da 3\u00aa Turma do Superior Tribunal de Justi\u00e7a, que analisou a aplicabilidade do artigo 7\u00ba-A, par\u00e1grafo 4\u00ba, inciso II, da Lei de Recupera\u00e7\u00e3o Judicial e Fal\u00eancias (Lei 11.101\/2005).<br \/>\nEsse artigo foi inclu\u00eddo pela Lei 14.112\/2022 e tratou de permitir ao juiz da fal\u00eancia a instaura\u00e7\u00e3o, de of\u00edcio, de um incidente de classifica\u00e7\u00e3o de cr\u00e9dito p\u00fablico, por meio do qual as Fazendas P\u00fablicas devem informar as d\u00edvidas tribut\u00e1rias da empresa falida.<br \/>\nOs cr\u00e9ditos que se mostrem incontroversos e exig\u00edveis s\u00e3o inclu\u00eddos no quadro-geral de credores do falido. Saber se h\u00e1 controv\u00e9rsia e exigibilidade, no entanto, \u00e9 algo cuja compet\u00eancia foi dada ao juiz da execu\u00e7\u00e3o fiscal.<\/p>\n<p>Fonte: ConJur<\/p>\n","protected":false},"excerpt":{"rendered":"<p>A compet\u00eancia para analisar a exist\u00eancia, a exigibilidade, a prescri\u00e7\u00e3o e o valor do hashtag#cr\u00e9dito tribut\u00e1rio devido por uma empresa alvo de processo de fal\u00eancia \u00e9 do juiz da execu\u00e7\u00e3o fiscal. Essa conclus\u00e3o \u00e9 da 3\u00aa Turma do Superior Tribunal de Justi\u00e7a, que analisou a aplicabilidade do artigo 7\u00ba-A, par\u00e1grafo 4\u00ba, inciso II, da Lei [&#8230;]\n","protected":false},"author":1,"featured_media":5210,"comment_status":"closed","ping_status":"closed","sticky":false,"template":"","format":"standard","meta":{"footnotes":""},"categories":[72],"tags":[83,88],"class_list":["post-5209","post","type-post","status-publish","format-standard","has-post-thumbnail","hentry","category-direito-empresarial","tag-direito","tag-empresa"],"yoast_head":"<!-- This site is optimized with the Yoast SEO plugin v27.5 - https:\/\/yoast.com\/product\/yoast-seo-wordpress\/ -->\n<title>Cabe ao juiz de execu\u00e7\u00e3o fiscal julgar prescri\u00e7\u00e3o de cr\u00e9dito tribut\u00e1rio de empresa falida - Guaresi &amp; Mill\u00e9o Advogados Associados | Escrit\u00f3rio de Advocacia em Conc\u00f3rdia-SC | 30 Anos de Experi\u00eancia<\/title>\n<meta name=\"description\" content=\"Cabe ao juiz de execu\u00e7\u00e3o fiscal julgar prescri\u00e7\u00e3o de cr\u00e9dito tribut\u00e1rio de empresa falida - Guaresi &amp; Mill\u00e9o Advogados Associados | Escrit\u00f3rio de Advocacia em Conc\u00f3rdia-SC | 30 Anos de Experi\u00eancia\" \/>\n<meta name=\"robots\" content=\"index, follow, max-snippet:-1, max-image-preview:large, max-video-preview:-1\" \/>\n<link rel=\"canonical\" href=\"https:\/\/www.gm.adv.br\/site\/2024\/07\/19\/cabe-ao-juiz-de-execucao-fiscal-julgar-prescricao-de-credito-tributario-de-empresa-falida\/\" \/>\n<meta property=\"og:locale\" content=\"pt_BR\" \/>\n<meta property=\"og:type\" content=\"article\" \/>\n<meta property=\"og:title\" content=\"Cabe ao juiz de execu\u00e7\u00e3o fiscal julgar prescri\u00e7\u00e3o de cr\u00e9dito tribut\u00e1rio de empresa falida - Guaresi &amp; Mill\u00e9o Advogados Associados | Escrit\u00f3rio de Advocacia em Conc\u00f3rdia-SC | 30 Anos de Experi\u00eancia\" \/>\n<meta property=\"og:description\" content=\"Cabe ao juiz de execu\u00e7\u00e3o fiscal julgar prescri\u00e7\u00e3o de cr\u00e9dito tribut\u00e1rio de empresa falida - Guaresi &amp; Mill\u00e9o Advogados Associados | Escrit\u00f3rio de Advocacia em Conc\u00f3rdia-SC | 30 Anos de Experi\u00eancia\" \/>\n<meta property=\"og:url\" content=\"https:\/\/www.gm.adv.br\/site\/2024\/07\/19\/cabe-ao-juiz-de-execucao-fiscal-julgar-prescricao-de-credito-tributario-de-empresa-falida\/\" \/>\n<meta property=\"og:site_name\" content=\"Guaresi &amp; Mill\u00e9o Advogados Associados | Escrit\u00f3rio de Advocacia em Conc\u00f3rdia-SC | 30 Anos de Experi\u00eancia\" \/>\n<meta property=\"article:publisher\" content=\"https:\/\/www.facebook.com\/GuaresiMilleoAdvogados\" \/>\n<meta property=\"article:published_time\" content=\"2024-07-19T18:17:14+00:00\" \/>\n<meta property=\"og:image\" content=\"https:\/\/www.gm.adv.br\/site\/wp-content\/uploads\/2024\/07\/blog-17.png\" \/>\n\t<meta property=\"og:image:width\" content=\"1800\" \/>\n\t<meta property=\"og:image:height\" content=\"1201\" \/>\n\t<meta property=\"og:image:type\" content=\"image\/png\" \/>\n<meta name=\"author\" content=\"admin\" \/>\n<meta name=\"twitter:card\" content=\"summary_large_image\" \/>\n<meta name=\"twitter:label1\" content=\"Escrito por\" \/>\n\t<meta name=\"twitter:data1\" content=\"admin\" \/>\n\t<meta name=\"twitter:label2\" content=\"Est. tempo de leitura\" \/>\n\t<meta name=\"twitter:data2\" content=\"1 minuto\" \/>\n<script type=\"application\/ld+json\" class=\"yoast-schema-graph\">{\"@context\":\"https:\\\/\\\/schema.org\",\"@graph\":[{\"@type\":\"Article\",\"@id\":\"https:\\\/\\\/www.gm.adv.br\\\/site\\\/2024\\\/07\\\/19\\\/cabe-ao-juiz-de-execucao-fiscal-julgar-prescricao-de-credito-tributario-de-empresa-falida\\\/#article\",\"isPartOf\":{\"@id\":\"https:\\\/\\\/www.gm.adv.br\\\/site\\\/2024\\\/07\\\/19\\\/cabe-ao-juiz-de-execucao-fiscal-julgar-prescricao-de-credito-tributario-de-empresa-falida\\\/\"},\"author\":{\"name\":\"admin\",\"@id\":\"https:\\\/\\\/www.gm.adv.br\\\/site\\\/#\\\/schema\\\/person\\\/7d633a2abab0d9b94253af6efc36428f\"},\"headline\":\"Cabe ao juiz de execu\u00e7\u00e3o fiscal julgar prescri\u00e7\u00e3o de cr\u00e9dito tribut\u00e1rio de empresa falida\",\"datePublished\":\"2024-07-19T18:17:14+00:00\",\"mainEntityOfPage\":{\"@id\":\"https:\\\/\\\/www.gm.adv.br\\\/site\\\/2024\\\/07\\\/19\\\/cabe-ao-juiz-de-execucao-fiscal-julgar-prescricao-de-credito-tributario-de-empresa-falida\\\/\"},\"wordCount\":182,\"publisher\":{\"@id\":\"https:\\\/\\\/www.gm.adv.br\\\/site\\\/#organization\"},\"image\":{\"@id\":\"https:\\\/\\\/www.gm.adv.br\\\/site\\\/2024\\\/07\\\/19\\\/cabe-ao-juiz-de-execucao-fiscal-julgar-prescricao-de-credito-tributario-de-empresa-falida\\\/#primaryimage\"},\"thumbnailUrl\":\"https:\\\/\\\/www.gm.adv.br\\\/site\\\/wp-content\\\/uploads\\\/2024\\\/07\\\/blog-17.png\",\"keywords\":[\"direito\",\"empresa\"],\"articleSection\":[\"Direito Empresarial\"],\"inLanguage\":\"pt-BR\"},{\"@type\":\"WebPage\",\"@id\":\"https:\\\/\\\/www.gm.adv.br\\\/site\\\/2024\\\/07\\\/19\\\/cabe-ao-juiz-de-execucao-fiscal-julgar-prescricao-de-credito-tributario-de-empresa-falida\\\/\",\"url\":\"https:\\\/\\\/www.gm.adv.br\\\/site\\\/2024\\\/07\\\/19\\\/cabe-ao-juiz-de-execucao-fiscal-julgar-prescricao-de-credito-tributario-de-empresa-falida\\\/\",\"name\":\"Cabe ao juiz de execu\u00e7\u00e3o fiscal julgar prescri\u00e7\u00e3o de cr\u00e9dito tribut\u00e1rio de empresa falida - Guaresi &amp; Mill\u00e9o Advogados Associados | Escrit\u00f3rio de Advocacia em Conc\u00f3rdia-SC | 30 Anos de Experi\u00eancia\",\"isPartOf\":{\"@id\":\"https:\\\/\\\/www.gm.adv.br\\\/site\\\/#website\"},\"primaryImageOfPage\":{\"@id\":\"https:\\\/\\\/www.gm.adv.br\\\/site\\\/2024\\\/07\\\/19\\\/cabe-ao-juiz-de-execucao-fiscal-julgar-prescricao-de-credito-tributario-de-empresa-falida\\\/#primaryimage\"},\"image\":{\"@id\":\"https:\\\/\\\/www.gm.adv.br\\\/site\\\/2024\\\/07\\\/19\\\/cabe-ao-juiz-de-execucao-fiscal-julgar-prescricao-de-credito-tributario-de-empresa-falida\\\/#primaryimage\"},\"thumbnailUrl\":\"https:\\\/\\\/www.gm.adv.br\\\/site\\\/wp-content\\\/uploads\\\/2024\\\/07\\\/blog-17.png\",\"datePublished\":\"2024-07-19T18:17:14+00:00\",\"description\":\"Cabe ao juiz de execu\u00e7\u00e3o fiscal julgar prescri\u00e7\u00e3o de cr\u00e9dito tribut\u00e1rio de empresa falida - Guaresi &amp; Mill\u00e9o Advogados Associados | Escrit\u00f3rio de Advocacia em Conc\u00f3rdia-SC | 30 Anos de Experi\u00eancia\",\"breadcrumb\":{\"@id\":\"https:\\\/\\\/www.gm.adv.br\\\/site\\\/2024\\\/07\\\/19\\\/cabe-ao-juiz-de-execucao-fiscal-julgar-prescricao-de-credito-tributario-de-empresa-falida\\\/#breadcrumb\"},\"inLanguage\":\"pt-BR\",\"potentialAction\":[{\"@type\":\"ReadAction\",\"target\":[\"https:\\\/\\\/www.gm.adv.br\\\/site\\\/2024\\\/07\\\/19\\\/cabe-ao-juiz-de-execucao-fiscal-julgar-prescricao-de-credito-tributario-de-empresa-falida\\\/\"]}]},{\"@type\":\"ImageObject\",\"inLanguage\":\"pt-BR\",\"@id\":\"https:\\\/\\\/www.gm.adv.br\\\/site\\\/2024\\\/07\\\/19\\\/cabe-ao-juiz-de-execucao-fiscal-julgar-prescricao-de-credito-tributario-de-empresa-falida\\\/#primaryimage\",\"url\":\"https:\\\/\\\/www.gm.adv.br\\\/site\\\/wp-content\\\/uploads\\\/2024\\\/07\\\/blog-17.png\",\"contentUrl\":\"https:\\\/\\\/www.gm.adv.br\\\/site\\\/wp-content\\\/uploads\\\/2024\\\/07\\\/blog-17.png\",\"width\":1800,\"height\":1201},{\"@type\":\"BreadcrumbList\",\"@id\":\"https:\\\/\\\/www.gm.adv.br\\\/site\\\/2024\\\/07\\\/19\\\/cabe-ao-juiz-de-execucao-fiscal-julgar-prescricao-de-credito-tributario-de-empresa-falida\\\/#breadcrumb\",\"itemListElement\":[{\"@type\":\"ListItem\",\"position\":1,\"name\":\"In\u00edcio\",\"item\":\"https:\\\/\\\/www.gm.adv.br\\\/site\\\/\"},{\"@type\":\"ListItem\",\"position\":2,\"name\":\"Cabe ao juiz de execu\u00e7\u00e3o fiscal julgar prescri\u00e7\u00e3o de cr\u00e9dito tribut\u00e1rio de empresa falida\"}]},{\"@type\":\"WebSite\",\"@id\":\"https:\\\/\\\/www.gm.adv.br\\\/site\\\/#website\",\"url\":\"https:\\\/\\\/www.gm.adv.br\\\/site\\\/\",\"name\":\"Guaresi & Mill\u00e9o Advogados Associados | Escrit\u00f3rio de Advocacia em Conc\u00f3rdia-SC | 30 Anos de Experi\u00eanci\",\"description\":\"Advocacia Direito Banc\u00e1rio, Tribut\u00e1rio, Trabalhista, C\u00edvil, P\u00fablica, Municipal, Advogados Associados Guaresi e Mill\u00e9o  |  Conc\u00f3rdia SC\",\"publisher\":{\"@id\":\"https:\\\/\\\/www.gm.adv.br\\\/site\\\/#organization\"},\"alternateName\":\"Guaresi e Mill\u00e9o Escrit\u00f3rio de Advocacia e Consultoria em Conc\u00f3rdia-SC\",\"potentialAction\":[{\"@type\":\"SearchAction\",\"target\":{\"@type\":\"EntryPoint\",\"urlTemplate\":\"https:\\\/\\\/www.gm.adv.br\\\/site\\\/?s={search_term_string}\"},\"query-input\":{\"@type\":\"PropertyValueSpecification\",\"valueRequired\":true,\"valueName\":\"search_term_string\"}}],\"inLanguage\":\"pt-BR\"},{\"@type\":\"Organization\",\"@id\":\"https:\\\/\\\/www.gm.adv.br\\\/site\\\/#organization\",\"name\":\"Guaresi & Milleo Advogados Associados em Conc\u00f3rdia SC\",\"alternateName\":\"Guaresi e Milleo Advocacia e Consultoria\",\"url\":\"https:\\\/\\\/www.gm.adv.br\\\/site\\\/\",\"logo\":{\"@type\":\"ImageObject\",\"inLanguage\":\"pt-BR\",\"@id\":\"https:\\\/\\\/www.gm.adv.br\\\/site\\\/#\\\/schema\\\/logo\\\/image\\\/\",\"url\":\"https:\\\/\\\/www.gm.adv.br\\\/site\\\/wp-content\\\/uploads\\\/2025\\\/07\\\/cropped-icone-512.webp\",\"contentUrl\":\"https:\\\/\\\/www.gm.adv.br\\\/site\\\/wp-content\\\/uploads\\\/2025\\\/07\\\/cropped-icone-512.webp\",\"width\":512,\"height\":512,\"caption\":\"Guaresi & Milleo Advogados Associados em Conc\u00f3rdia SC\"},\"image\":{\"@id\":\"https:\\\/\\\/www.gm.adv.br\\\/site\\\/#\\\/schema\\\/logo\\\/image\\\/\"},\"sameAs\":[\"https:\\\/\\\/www.facebook.com\\\/GuaresiMilleoAdvogados\",\"https:\\\/\\\/www.instagram.com\\\/guaresiemilleo\\\/\",\"https:\\\/\\\/br.linkedin.com\\\/company\\\/guaresimilleo\"]},{\"@type\":\"Person\",\"@id\":\"https:\\\/\\\/www.gm.adv.br\\\/site\\\/#\\\/schema\\\/person\\\/7d633a2abab0d9b94253af6efc36428f\",\"name\":\"admin\",\"image\":{\"@type\":\"ImageObject\",\"inLanguage\":\"pt-BR\",\"@id\":\"https:\\\/\\\/secure.gravatar.com\\\/avatar\\\/c8bb173d280f7d1e50b67bb649de269247430499695ba3ee451b6289436d1d39?s=96&d=mm&r=g\",\"url\":\"https:\\\/\\\/secure.gravatar.com\\\/avatar\\\/c8bb173d280f7d1e50b67bb649de269247430499695ba3ee451b6289436d1d39?s=96&d=mm&r=g\",\"contentUrl\":\"https:\\\/\\\/secure.gravatar.com\\\/avatar\\\/c8bb173d280f7d1e50b67bb649de269247430499695ba3ee451b6289436d1d39?s=96&d=mm&r=g\",\"caption\":\"admin\"},\"sameAs\":[\"https:\\\/\\\/www.gm.adv.br\\\/site\"],\"url\":\"https:\\\/\\\/www.gm.adv.br\\\/site\\\/author\\\/admin\\\/\"}]}<\/script>\n<!-- \/ Yoast SEO plugin. -->","yoast_head_json":{"title":"Cabe ao juiz de execu\u00e7\u00e3o fiscal julgar prescri\u00e7\u00e3o de cr\u00e9dito tribut\u00e1rio de empresa falida - Guaresi &amp; Mill\u00e9o Advogados Associados | Escrit\u00f3rio de Advocacia em Conc\u00f3rdia-SC | 30 Anos de Experi\u00eancia","description":"Cabe ao juiz de execu\u00e7\u00e3o fiscal julgar prescri\u00e7\u00e3o de cr\u00e9dito tribut\u00e1rio de empresa falida - Guaresi &amp; Mill\u00e9o Advogados Associados | Escrit\u00f3rio de Advocacia em Conc\u00f3rdia-SC | 30 Anos de Experi\u00eancia","robots":{"index":"index","follow":"follow","max-snippet":"max-snippet:-1","max-image-preview":"max-image-preview:large","max-video-preview":"max-video-preview:-1"},"canonical":"https:\/\/www.gm.adv.br\/site\/2024\/07\/19\/cabe-ao-juiz-de-execucao-fiscal-julgar-prescricao-de-credito-tributario-de-empresa-falida\/","og_locale":"pt_BR","og_type":"article","og_title":"Cabe ao juiz de execu\u00e7\u00e3o fiscal julgar prescri\u00e7\u00e3o de cr\u00e9dito tribut\u00e1rio de empresa falida - Guaresi &amp; Mill\u00e9o Advogados Associados | Escrit\u00f3rio de Advocacia em Conc\u00f3rdia-SC | 30 Anos de Experi\u00eancia","og_description":"Cabe ao juiz de execu\u00e7\u00e3o fiscal julgar prescri\u00e7\u00e3o de cr\u00e9dito tribut\u00e1rio de empresa falida - Guaresi &amp; Mill\u00e9o Advogados Associados | Escrit\u00f3rio de Advocacia em Conc\u00f3rdia-SC | 30 Anos de Experi\u00eancia","og_url":"https:\/\/www.gm.adv.br\/site\/2024\/07\/19\/cabe-ao-juiz-de-execucao-fiscal-julgar-prescricao-de-credito-tributario-de-empresa-falida\/","og_site_name":"Guaresi &amp; Mill\u00e9o Advogados Associados | Escrit\u00f3rio de Advocacia em Conc\u00f3rdia-SC | 30 Anos de Experi\u00eancia","article_publisher":"https:\/\/www.facebook.com\/GuaresiMilleoAdvogados","article_published_time":"2024-07-19T18:17:14+00:00","og_image":[{"width":1800,"height":1201,"url":"https:\/\/www.gm.adv.br\/site\/wp-content\/uploads\/2024\/07\/blog-17.png","type":"image\/png"}],"author":"admin","twitter_card":"summary_large_image","twitter_misc":{"Escrito por":"admin","Est. tempo de leitura":"1 minuto"},"schema":{"@context":"https:\/\/schema.org","@graph":[{"@type":"Article","@id":"https:\/\/www.gm.adv.br\/site\/2024\/07\/19\/cabe-ao-juiz-de-execucao-fiscal-julgar-prescricao-de-credito-tributario-de-empresa-falida\/#article","isPartOf":{"@id":"https:\/\/www.gm.adv.br\/site\/2024\/07\/19\/cabe-ao-juiz-de-execucao-fiscal-julgar-prescricao-de-credito-tributario-de-empresa-falida\/"},"author":{"name":"admin","@id":"https:\/\/www.gm.adv.br\/site\/#\/schema\/person\/7d633a2abab0d9b94253af6efc36428f"},"headline":"Cabe ao juiz de execu\u00e7\u00e3o fiscal julgar prescri\u00e7\u00e3o de cr\u00e9dito tribut\u00e1rio de empresa falida","datePublished":"2024-07-19T18:17:14+00:00","mainEntityOfPage":{"@id":"https:\/\/www.gm.adv.br\/site\/2024\/07\/19\/cabe-ao-juiz-de-execucao-fiscal-julgar-prescricao-de-credito-tributario-de-empresa-falida\/"},"wordCount":182,"publisher":{"@id":"https:\/\/www.gm.adv.br\/site\/#organization"},"image":{"@id":"https:\/\/www.gm.adv.br\/site\/2024\/07\/19\/cabe-ao-juiz-de-execucao-fiscal-julgar-prescricao-de-credito-tributario-de-empresa-falida\/#primaryimage"},"thumbnailUrl":"https:\/\/www.gm.adv.br\/site\/wp-content\/uploads\/2024\/07\/blog-17.png","keywords":["direito","empresa"],"articleSection":["Direito Empresarial"],"inLanguage":"pt-BR"},{"@type":"WebPage","@id":"https:\/\/www.gm.adv.br\/site\/2024\/07\/19\/cabe-ao-juiz-de-execucao-fiscal-julgar-prescricao-de-credito-tributario-de-empresa-falida\/","url":"https:\/\/www.gm.adv.br\/site\/2024\/07\/19\/cabe-ao-juiz-de-execucao-fiscal-julgar-prescricao-de-credito-tributario-de-empresa-falida\/","name":"Cabe ao juiz de execu\u00e7\u00e3o fiscal julgar prescri\u00e7\u00e3o de cr\u00e9dito tribut\u00e1rio de empresa falida - Guaresi &amp; Mill\u00e9o Advogados Associados | Escrit\u00f3rio de Advocacia em Conc\u00f3rdia-SC | 30 Anos de Experi\u00eancia","isPartOf":{"@id":"https:\/\/www.gm.adv.br\/site\/#website"},"primaryImageOfPage":{"@id":"https:\/\/www.gm.adv.br\/site\/2024\/07\/19\/cabe-ao-juiz-de-execucao-fiscal-julgar-prescricao-de-credito-tributario-de-empresa-falida\/#primaryimage"},"image":{"@id":"https:\/\/www.gm.adv.br\/site\/2024\/07\/19\/cabe-ao-juiz-de-execucao-fiscal-julgar-prescricao-de-credito-tributario-de-empresa-falida\/#primaryimage"},"thumbnailUrl":"https:\/\/www.gm.adv.br\/site\/wp-content\/uploads\/2024\/07\/blog-17.png","datePublished":"2024-07-19T18:17:14+00:00","description":"Cabe ao juiz de execu\u00e7\u00e3o fiscal julgar prescri\u00e7\u00e3o de cr\u00e9dito tribut\u00e1rio de empresa falida - Guaresi &amp; Mill\u00e9o Advogados Associados | Escrit\u00f3rio de Advocacia em Conc\u00f3rdia-SC | 30 Anos de Experi\u00eancia","breadcrumb":{"@id":"https:\/\/www.gm.adv.br\/site\/2024\/07\/19\/cabe-ao-juiz-de-execucao-fiscal-julgar-prescricao-de-credito-tributario-de-empresa-falida\/#breadcrumb"},"inLanguage":"pt-BR","potentialAction":[{"@type":"ReadAction","target":["https:\/\/www.gm.adv.br\/site\/2024\/07\/19\/cabe-ao-juiz-de-execucao-fiscal-julgar-prescricao-de-credito-tributario-de-empresa-falida\/"]}]},{"@type":"ImageObject","inLanguage":"pt-BR","@id":"https:\/\/www.gm.adv.br\/site\/2024\/07\/19\/cabe-ao-juiz-de-execucao-fiscal-julgar-prescricao-de-credito-tributario-de-empresa-falida\/#primaryimage","url":"https:\/\/www.gm.adv.br\/site\/wp-content\/uploads\/2024\/07\/blog-17.png","contentUrl":"https:\/\/www.gm.adv.br\/site\/wp-content\/uploads\/2024\/07\/blog-17.png","width":1800,"height":1201},{"@type":"BreadcrumbList","@id":"https:\/\/www.gm.adv.br\/site\/2024\/07\/19\/cabe-ao-juiz-de-execucao-fiscal-julgar-prescricao-de-credito-tributario-de-empresa-falida\/#breadcrumb","itemListElement":[{"@type":"ListItem","position":1,"name":"In\u00edcio","item":"https:\/\/www.gm.adv.br\/site\/"},{"@type":"ListItem","position":2,"name":"Cabe ao juiz de execu\u00e7\u00e3o fiscal julgar prescri\u00e7\u00e3o de cr\u00e9dito tribut\u00e1rio de empresa falida"}]},{"@type":"WebSite","@id":"https:\/\/www.gm.adv.br\/site\/#website","url":"https:\/\/www.gm.adv.br\/site\/","name":"Guaresi & Mill\u00e9o Advogados Associados | Escrit\u00f3rio de Advocacia em Conc\u00f3rdia-SC | 30 Anos de Experi\u00eanci","description":"Advocacia Direito Banc\u00e1rio, Tribut\u00e1rio, Trabalhista, C\u00edvil, P\u00fablica, Municipal, Advogados Associados Guaresi e Mill\u00e9o  |  Conc\u00f3rdia SC","publisher":{"@id":"https:\/\/www.gm.adv.br\/site\/#organization"},"alternateName":"Guaresi e Mill\u00e9o Escrit\u00f3rio de Advocacia e Consultoria em Conc\u00f3rdia-SC","potentialAction":[{"@type":"SearchAction","target":{"@type":"EntryPoint","urlTemplate":"https:\/\/www.gm.adv.br\/site\/?s={search_term_string}"},"query-input":{"@type":"PropertyValueSpecification","valueRequired":true,"valueName":"search_term_string"}}],"inLanguage":"pt-BR"},{"@type":"Organization","@id":"https:\/\/www.gm.adv.br\/site\/#organization","name":"Guaresi & Milleo Advogados Associados em Conc\u00f3rdia SC","alternateName":"Guaresi e Milleo Advocacia e Consultoria","url":"https:\/\/www.gm.adv.br\/site\/","logo":{"@type":"ImageObject","inLanguage":"pt-BR","@id":"https:\/\/www.gm.adv.br\/site\/#\/schema\/logo\/image\/","url":"https:\/\/www.gm.adv.br\/site\/wp-content\/uploads\/2025\/07\/cropped-icone-512.webp","contentUrl":"https:\/\/www.gm.adv.br\/site\/wp-content\/uploads\/2025\/07\/cropped-icone-512.webp","width":512,"height":512,"caption":"Guaresi & Milleo Advogados Associados em Conc\u00f3rdia SC"},"image":{"@id":"https:\/\/www.gm.adv.br\/site\/#\/schema\/logo\/image\/"},"sameAs":["https:\/\/www.facebook.com\/GuaresiMilleoAdvogados","https:\/\/www.instagram.com\/guaresiemilleo\/","https:\/\/br.linkedin.com\/company\/guaresimilleo"]},{"@type":"Person","@id":"https:\/\/www.gm.adv.br\/site\/#\/schema\/person\/7d633a2abab0d9b94253af6efc36428f","name":"admin","image":{"@type":"ImageObject","inLanguage":"pt-BR","@id":"https:\/\/secure.gravatar.com\/avatar\/c8bb173d280f7d1e50b67bb649de269247430499695ba3ee451b6289436d1d39?s=96&d=mm&r=g","url":"https:\/\/secure.gravatar.com\/avatar\/c8bb173d280f7d1e50b67bb649de269247430499695ba3ee451b6289436d1d39?s=96&d=mm&r=g","contentUrl":"https:\/\/secure.gravatar.com\/avatar\/c8bb173d280f7d1e50b67bb649de269247430499695ba3ee451b6289436d1d39?s=96&d=mm&r=g","caption":"admin"},"sameAs":["https:\/\/www.gm.adv.br\/site"],"url":"https:\/\/www.gm.adv.br\/site\/author\/admin\/"}]}},"_links":{"self":[{"href":"https:\/\/www.gm.adv.br\/site\/wp-json\/wp\/v2\/posts\/5209","targetHints":{"allow":["GET"]}}],"collection":[{"href":"https:\/\/www.gm.adv.br\/site\/wp-json\/wp\/v2\/posts"}],"about":[{"href":"https:\/\/www.gm.adv.br\/site\/wp-json\/wp\/v2\/types\/post"}],"author":[{"embeddable":true,"href":"https:\/\/www.gm.adv.br\/site\/wp-json\/wp\/v2\/users\/1"}],"replies":[{"embeddable":true,"href":"https:\/\/www.gm.adv.br\/site\/wp-json\/wp\/v2\/comments?post=5209"}],"version-history":[{"count":0,"href":"https:\/\/www.gm.adv.br\/site\/wp-json\/wp\/v2\/posts\/5209\/revisions"}],"wp:featuredmedia":[{"embeddable":true,"href":"https:\/\/www.gm.adv.br\/site\/wp-json\/wp\/v2\/media\/5210"}],"wp:attachment":[{"href":"https:\/\/www.gm.adv.br\/site\/wp-json\/wp\/v2\/media?parent=5209"}],"wp:term":[{"taxonomy":"category","embeddable":true,"href":"https:\/\/www.gm.adv.br\/site\/wp-json\/wp\/v2\/categories?post=5209"},{"taxonomy":"post_tag","embeddable":true,"href":"https:\/\/www.gm.adv.br\/site\/wp-json\/wp\/v2\/tags?post=5209"}],"curies":[{"name":"wp","href":"https:\/\/api.w.org\/{rel}","templated":true}]}}