{"id":5196,"date":"2024-07-12T15:29:21","date_gmt":"2024-07-12T18:29:21","guid":{"rendered":"https:\/\/gm.adv.br\/?p=5196"},"modified":"2024-07-12T15:29:21","modified_gmt":"2024-07-12T18:29:21","slug":"holding-solucao-juridica-ou-modismo","status":"publish","type":"post","link":"https:\/\/www.gm.adv.br\/site\/2024\/07\/12\/holding-solucao-juridica-ou-modismo\/","title":{"rendered":"Holding \u2013 solu\u00e7\u00e3o jur\u00eddica ou modismo?"},"content":{"rendered":"<p>O termo holding chegou ao meio empresarial como solu\u00e7\u00e3o para todo tipo de problema. Quer passar o patrim\u00f4nio para aos filhos? Faz uma holding. Est\u00e1 pagando muito Imposto de Renda? Faz uma holding. Quer esconder seu patrim\u00f4nio de algu\u00e9m? Faz uma holding.<br \/>\nAssim, virou \u201cproduto de prateleira\u201d vendido aos quatro ventos como f\u00f3rmula pronta e acabada.<\/p>\n<p>A pergunta \u00e9: o que voc\u00ea pretende?<\/p>\n<p>Holding significa controle. No meio empresarial, ganha relev\u00e2ncia quando se faz necess\u00e1ria a gest\u00e3o de v\u00e1rias empresas ou investimentos, participa\u00e7\u00e3o societ\u00e1ria ou im\u00f3veis. Serve muito bem tamb\u00e9m ao meio rural, no qual n\u00e3o raras vezes as propriedades envolvem v\u00e1rias atividades e ainda patrim\u00f4nio imobilizado.<br \/>\nEnt\u00e3o, se constr\u00f3i um cen\u00e1rio em que n\u00e3o ser\u00e1 o CPF dos s\u00f3cios a investir em v\u00e1rias sociedades, mas um CNPJ de uma holding n\u00e3o-financeira, ou ent\u00e3o n\u00e3o ser\u00e1 um CPF a negociar im\u00f3veis, mas um CNPJ de uma holding imobili\u00e1ria.<\/p>\n<p>N\u00e3o se trata apenas de trabalhar com al\u00edquotas reduzidas de impostos. O fato \u00e9 que a estrutura empresarial \u00e9 vista com mais credibilidade no mundo dos neg\u00f3cios, d\u00e1 seguran\u00e7a a investidores e facilita sobremaneira o planejamento sucess\u00f3rio.<br \/>\nEm meio a uma reforma tribut\u00e1ria, quem de n\u00f3s, cidad\u00e3o e contribuinte, j\u00e1 n\u00e3o parou pra pensar um pouquinho melhor sobre a carga gigante que carregamos?<br \/>\nE um dos focos da reforma atinge justamente o momento mais delicado da estrutura familiar: o \u00f3bito de um dos patriarcas.<br \/>\nCom a constitui\u00e7\u00e3o pr\u00e9via de uma empresa na modalidade de holding familiar \u2013 que nada mais \u00e9 que uma sociedade entre os membros da fam\u00edlia, seja ela uma limitada ou sociedade an\u00f4nima \u2013 \u00e9 poss\u00edvel concentrar o patrim\u00f4nio familiar para facilitar a gest\u00e3o de forma organizada e coletiva, disciplinando a participa\u00e7\u00e3o de cada membro da fam\u00edlia. E assim, se estabelece uma pr\u00e1tica de participa\u00e7\u00e3o consultiva, pela qual todos podem ter fun\u00e7\u00e3o na defini\u00e7\u00e3o da melhor pol\u00edtica de investimentos do patrim\u00f4nio, aplica\u00e7\u00e3o de reservas financeiras e at\u00e9 mesmo distribui\u00e7\u00e3o de lucro, visando o crescimento desse patrim\u00f4nio.<br \/>\nCulturalmente, \u00e9 na figura dos genitores que se concentram todos os atos de gest\u00e3o do patrim\u00f4nio familiar, de qualquer tamanho que seja. O que em princ\u00edpio pode parecer c\u00f4modo aos herdeiros \u2013 que se limitam a herdar \u2013 pode virar um caos pela falta de planejamento.<\/p>\n<p>N\u00e3o poucas vezes os bens que ficam est\u00e3o desorganizados e precisam ser vendidos para custeio das despesas com invent\u00e1rio e tributos ou desentendimentos familiares rompem relacionamentos de forma irrecuper\u00e1vel. Se o legado for uma empresa, de qualquer segmento, se n\u00e3o houve a prepara\u00e7\u00e3o de um sucessor e sem ningu\u00e9m que conhe\u00e7a o neg\u00f3cio, seu destino \u00e9 o insucesso.A holding, nesse contexto, oferece a administra\u00e7\u00e3o organizada e a perenidade do neg\u00f3cio, a sustentabilidade dos investimentos a longo prazo, sem, necessariamente, tirar das m\u00e3os do patriarca a disponibilidade do seu patrim\u00f4nio enquanto ele estiver ativo, mas chamando os herdeiros a conhecer e continuar essa hist\u00f3ria.<br \/>\nE, principalmente, oferece oportunidades de economia tribut\u00e1ria pela organiza\u00e7\u00e3o e planejamento nas transfer\u00eancias e investimentos.<br \/>\nEstamos longe de dizer que n\u00e3o haver\u00e1 tributos para a empresa ou gastos em sua constitui\u00e7\u00e3o. Todavia, al\u00e9m de in\u00fameros tributos serem mais razo\u00e1veis no CNPJ do que no CPF, ainda h\u00e1 possibilidades de isen\u00e7\u00f5es e facilidades da gest\u00e3o que oferecem ganho expressivo a m\u00e9dio prazo.<\/p>\n<p>Ainda, n\u00e3o h\u00e1 impeditivo para que cada sucessor tenha tamb\u00e9m seus neg\u00f3cios e investimentos de forma aut\u00f4noma, sem precisar diluir o legado familiar.<br \/>\nA holding \u00e9 sim uma excelente ferramenta de economia tribut\u00e1ria, controle e prote\u00e7\u00e3o patrimonial, de forma l\u00edcita e segura, desde que constru\u00edda de forma personalizada \u00e0s necessidades de cada pessoa ou n\u00facleo familiar, n\u00e3o havendo f\u00f3rmula pronta nem existindo a m\u00e1gica de n\u00e3o pagar tributos \u2013 o que h\u00e1 \u00e9 planejamento s\u00e9rio e individualizado, para chegar-se ao melhor caminho.<\/p>\n<p><em>Patricia Salini (OAB\/SC 14.940), Advogada e S\u00f3cia do escrit\u00f3rio Guaresi e Mill\u00e9o Advogados Associados, Especialista em Direito P\u00fablico, MBA em Direito Civil e Processo Civil e cursando MBA em Holding.<\/em><\/p>\n","protected":false},"excerpt":{"rendered":"<p>O termo holding chegou ao meio empresarial como solu\u00e7\u00e3o para todo tipo de problema. Quer passar o patrim\u00f4nio para aos filhos? Faz uma holding. Est\u00e1 pagando muito Imposto de Renda? Faz uma holding. Quer esconder seu patrim\u00f4nio de algu\u00e9m? Faz uma holding. Assim, virou \u201cproduto de prateleira\u201d vendido aos quatro ventos como f\u00f3rmula pronta e [&#8230;]\n","protected":false},"author":1,"featured_media":5207,"comment_status":"closed","ping_status":"closed","sticky":false,"template":"","format":"standard","meta":{"footnotes":""},"categories":[72],"tags":[88],"class_list":["post-5196","post","type-post","status-publish","format-standard","has-post-thumbnail","hentry","category-direito-empresarial","tag-empresa"],"yoast_head":"<!-- This site is optimized with the Yoast SEO plugin v27.5 - https:\/\/yoast.com\/product\/yoast-seo-wordpress\/ -->\n<title>Holding \u2013 solu\u00e7\u00e3o jur\u00eddica ou modismo? - Guaresi &amp; Mill\u00e9o Advogados Associados | Escrit\u00f3rio de Advocacia em Conc\u00f3rdia-SC | 30 Anos de Experi\u00eancia<\/title>\n<meta name=\"description\" content=\"Holding \u2013 solu\u00e7\u00e3o jur\u00eddica ou modismo? - Guaresi &amp; Mill\u00e9o Advogados Associados | Escrit\u00f3rio de Advocacia em Conc\u00f3rdia-SC | 30 Anos de Experi\u00eancia\" \/>\n<meta name=\"robots\" content=\"index, follow, max-snippet:-1, max-image-preview:large, max-video-preview:-1\" \/>\n<link rel=\"canonical\" href=\"https:\/\/www.gm.adv.br\/site\/2024\/07\/12\/holding-solucao-juridica-ou-modismo\/\" \/>\n<meta property=\"og:locale\" content=\"pt_BR\" \/>\n<meta property=\"og:type\" content=\"article\" \/>\n<meta property=\"og:title\" content=\"Holding \u2013 solu\u00e7\u00e3o jur\u00eddica ou modismo? - Guaresi &amp; Mill\u00e9o Advogados Associados | Escrit\u00f3rio de Advocacia em Conc\u00f3rdia-SC | 30 Anos de Experi\u00eancia\" \/>\n<meta property=\"og:description\" content=\"Holding \u2013 solu\u00e7\u00e3o jur\u00eddica ou modismo? - Guaresi &amp; Mill\u00e9o Advogados Associados | Escrit\u00f3rio de Advocacia em Conc\u00f3rdia-SC | 30 Anos de Experi\u00eancia\" \/>\n<meta property=\"og:url\" content=\"https:\/\/www.gm.adv.br\/site\/2024\/07\/12\/holding-solucao-juridica-ou-modismo\/\" \/>\n<meta property=\"og:site_name\" content=\"Guaresi &amp; Mill\u00e9o Advogados Associados | Escrit\u00f3rio de Advocacia em Conc\u00f3rdia-SC | 30 Anos de Experi\u00eancia\" \/>\n<meta property=\"article:publisher\" content=\"https:\/\/www.facebook.com\/GuaresiMilleoAdvogados\" \/>\n<meta property=\"article:published_time\" content=\"2024-07-12T18:29:21+00:00\" \/>\n<meta property=\"og:image\" content=\"https:\/\/www.gm.adv.br\/site\/wp-content\/uploads\/2024\/07\/artigo-12.07_rec2.png\" \/>\n\t<meta property=\"og:image:width\" content=\"672\" \/>\n\t<meta property=\"og:image:height\" content=\"352\" \/>\n\t<meta property=\"og:image:type\" content=\"image\/png\" \/>\n<meta name=\"author\" content=\"admin\" \/>\n<meta name=\"twitter:card\" content=\"summary_large_image\" \/>\n<meta name=\"twitter:label1\" content=\"Escrito por\" \/>\n\t<meta name=\"twitter:data1\" content=\"admin\" \/>\n\t<meta name=\"twitter:label2\" content=\"Est. tempo de leitura\" \/>\n\t<meta name=\"twitter:data2\" content=\"4 minutos\" \/>\n<script type=\"application\/ld+json\" class=\"yoast-schema-graph\">{\"@context\":\"https:\\\/\\\/schema.org\",\"@graph\":[{\"@type\":\"Article\",\"@id\":\"https:\\\/\\\/www.gm.adv.br\\\/site\\\/2024\\\/07\\\/12\\\/holding-solucao-juridica-ou-modismo\\\/#article\",\"isPartOf\":{\"@id\":\"https:\\\/\\\/www.gm.adv.br\\\/site\\\/2024\\\/07\\\/12\\\/holding-solucao-juridica-ou-modismo\\\/\"},\"author\":{\"name\":\"admin\",\"@id\":\"https:\\\/\\\/www.gm.adv.br\\\/site\\\/#\\\/schema\\\/person\\\/7d633a2abab0d9b94253af6efc36428f\"},\"headline\":\"Holding \u2013 solu\u00e7\u00e3o jur\u00eddica ou modismo?\",\"datePublished\":\"2024-07-12T18:29:21+00:00\",\"mainEntityOfPage\":{\"@id\":\"https:\\\/\\\/www.gm.adv.br\\\/site\\\/2024\\\/07\\\/12\\\/holding-solucao-juridica-ou-modismo\\\/\"},\"wordCount\":744,\"publisher\":{\"@id\":\"https:\\\/\\\/www.gm.adv.br\\\/site\\\/#organization\"},\"image\":{\"@id\":\"https:\\\/\\\/www.gm.adv.br\\\/site\\\/2024\\\/07\\\/12\\\/holding-solucao-juridica-ou-modismo\\\/#primaryimage\"},\"thumbnailUrl\":\"https:\\\/\\\/www.gm.adv.br\\\/site\\\/wp-content\\\/uploads\\\/2024\\\/07\\\/artigo-12.07_rec2.png\",\"keywords\":[\"empresa\"],\"articleSection\":[\"Direito Empresarial\"],\"inLanguage\":\"pt-BR\"},{\"@type\":\"WebPage\",\"@id\":\"https:\\\/\\\/www.gm.adv.br\\\/site\\\/2024\\\/07\\\/12\\\/holding-solucao-juridica-ou-modismo\\\/\",\"url\":\"https:\\\/\\\/www.gm.adv.br\\\/site\\\/2024\\\/07\\\/12\\\/holding-solucao-juridica-ou-modismo\\\/\",\"name\":\"Holding \u2013 solu\u00e7\u00e3o jur\u00eddica ou modismo? - Guaresi &amp; Mill\u00e9o Advogados Associados | Escrit\u00f3rio de Advocacia em Conc\u00f3rdia-SC | 30 Anos de Experi\u00eancia\",\"isPartOf\":{\"@id\":\"https:\\\/\\\/www.gm.adv.br\\\/site\\\/#website\"},\"primaryImageOfPage\":{\"@id\":\"https:\\\/\\\/www.gm.adv.br\\\/site\\\/2024\\\/07\\\/12\\\/holding-solucao-juridica-ou-modismo\\\/#primaryimage\"},\"image\":{\"@id\":\"https:\\\/\\\/www.gm.adv.br\\\/site\\\/2024\\\/07\\\/12\\\/holding-solucao-juridica-ou-modismo\\\/#primaryimage\"},\"thumbnailUrl\":\"https:\\\/\\\/www.gm.adv.br\\\/site\\\/wp-content\\\/uploads\\\/2024\\\/07\\\/artigo-12.07_rec2.png\",\"datePublished\":\"2024-07-12T18:29:21+00:00\",\"description\":\"Holding \u2013 solu\u00e7\u00e3o jur\u00eddica ou modismo? - Guaresi &amp; Mill\u00e9o Advogados Associados | Escrit\u00f3rio de Advocacia em Conc\u00f3rdia-SC | 30 Anos de Experi\u00eancia\",\"breadcrumb\":{\"@id\":\"https:\\\/\\\/www.gm.adv.br\\\/site\\\/2024\\\/07\\\/12\\\/holding-solucao-juridica-ou-modismo\\\/#breadcrumb\"},\"inLanguage\":\"pt-BR\",\"potentialAction\":[{\"@type\":\"ReadAction\",\"target\":[\"https:\\\/\\\/www.gm.adv.br\\\/site\\\/2024\\\/07\\\/12\\\/holding-solucao-juridica-ou-modismo\\\/\"]}]},{\"@type\":\"ImageObject\",\"inLanguage\":\"pt-BR\",\"@id\":\"https:\\\/\\\/www.gm.adv.br\\\/site\\\/2024\\\/07\\\/12\\\/holding-solucao-juridica-ou-modismo\\\/#primaryimage\",\"url\":\"https:\\\/\\\/www.gm.adv.br\\\/site\\\/wp-content\\\/uploads\\\/2024\\\/07\\\/artigo-12.07_rec2.png\",\"contentUrl\":\"https:\\\/\\\/www.gm.adv.br\\\/site\\\/wp-content\\\/uploads\\\/2024\\\/07\\\/artigo-12.07_rec2.png\",\"width\":672,\"height\":352},{\"@type\":\"BreadcrumbList\",\"@id\":\"https:\\\/\\\/www.gm.adv.br\\\/site\\\/2024\\\/07\\\/12\\\/holding-solucao-juridica-ou-modismo\\\/#breadcrumb\",\"itemListElement\":[{\"@type\":\"ListItem\",\"position\":1,\"name\":\"In\u00edcio\",\"item\":\"https:\\\/\\\/www.gm.adv.br\\\/site\\\/\"},{\"@type\":\"ListItem\",\"position\":2,\"name\":\"Holding \u2013 solu\u00e7\u00e3o jur\u00eddica ou modismo?\"}]},{\"@type\":\"WebSite\",\"@id\":\"https:\\\/\\\/www.gm.adv.br\\\/site\\\/#website\",\"url\":\"https:\\\/\\\/www.gm.adv.br\\\/site\\\/\",\"name\":\"Guaresi & Mill\u00e9o Advogados Associados | Escrit\u00f3rio de Advocacia em Conc\u00f3rdia-SC | 30 Anos de Experi\u00eanci\",\"description\":\"Advocacia Direito Banc\u00e1rio, Tribut\u00e1rio, Trabalhista, C\u00edvil, P\u00fablica, Municipal, Advogados Associados Guaresi e Mill\u00e9o  |  Conc\u00f3rdia SC\",\"publisher\":{\"@id\":\"https:\\\/\\\/www.gm.adv.br\\\/site\\\/#organization\"},\"alternateName\":\"Guaresi e Mill\u00e9o Escrit\u00f3rio de Advocacia e Consultoria em Conc\u00f3rdia-SC\",\"potentialAction\":[{\"@type\":\"SearchAction\",\"target\":{\"@type\":\"EntryPoint\",\"urlTemplate\":\"https:\\\/\\\/www.gm.adv.br\\\/site\\\/?s={search_term_string}\"},\"query-input\":{\"@type\":\"PropertyValueSpecification\",\"valueRequired\":true,\"valueName\":\"search_term_string\"}}],\"inLanguage\":\"pt-BR\"},{\"@type\":\"Organization\",\"@id\":\"https:\\\/\\\/www.gm.adv.br\\\/site\\\/#organization\",\"name\":\"Guaresi & Milleo Advogados Associados em Conc\u00f3rdia SC\",\"alternateName\":\"Guaresi e Milleo Advocacia e Consultoria\",\"url\":\"https:\\\/\\\/www.gm.adv.br\\\/site\\\/\",\"logo\":{\"@type\":\"ImageObject\",\"inLanguage\":\"pt-BR\",\"@id\":\"https:\\\/\\\/www.gm.adv.br\\\/site\\\/#\\\/schema\\\/logo\\\/image\\\/\",\"url\":\"https:\\\/\\\/www.gm.adv.br\\\/site\\\/wp-content\\\/uploads\\\/2025\\\/07\\\/cropped-icone-512.webp\",\"contentUrl\":\"https:\\\/\\\/www.gm.adv.br\\\/site\\\/wp-content\\\/uploads\\\/2025\\\/07\\\/cropped-icone-512.webp\",\"width\":512,\"height\":512,\"caption\":\"Guaresi & Milleo Advogados Associados em Conc\u00f3rdia SC\"},\"image\":{\"@id\":\"https:\\\/\\\/www.gm.adv.br\\\/site\\\/#\\\/schema\\\/logo\\\/image\\\/\"},\"sameAs\":[\"https:\\\/\\\/www.facebook.com\\\/GuaresiMilleoAdvogados\",\"https:\\\/\\\/www.instagram.com\\\/guaresiemilleo\\\/\",\"https:\\\/\\\/br.linkedin.com\\\/company\\\/guaresimilleo\"]},{\"@type\":\"Person\",\"@id\":\"https:\\\/\\\/www.gm.adv.br\\\/site\\\/#\\\/schema\\\/person\\\/7d633a2abab0d9b94253af6efc36428f\",\"name\":\"admin\",\"image\":{\"@type\":\"ImageObject\",\"inLanguage\":\"pt-BR\",\"@id\":\"https:\\\/\\\/secure.gravatar.com\\\/avatar\\\/c8bb173d280f7d1e50b67bb649de269247430499695ba3ee451b6289436d1d39?s=96&d=mm&r=g\",\"url\":\"https:\\\/\\\/secure.gravatar.com\\\/avatar\\\/c8bb173d280f7d1e50b67bb649de269247430499695ba3ee451b6289436d1d39?s=96&d=mm&r=g\",\"contentUrl\":\"https:\\\/\\\/secure.gravatar.com\\\/avatar\\\/c8bb173d280f7d1e50b67bb649de269247430499695ba3ee451b6289436d1d39?s=96&d=mm&r=g\",\"caption\":\"admin\"},\"sameAs\":[\"https:\\\/\\\/www.gm.adv.br\\\/site\"],\"url\":\"https:\\\/\\\/www.gm.adv.br\\\/site\\\/author\\\/admin\\\/\"}]}<\/script>\n<!-- \/ Yoast SEO plugin. -->","yoast_head_json":{"title":"Holding \u2013 solu\u00e7\u00e3o jur\u00eddica ou modismo? - Guaresi &amp; Mill\u00e9o Advogados Associados | Escrit\u00f3rio de Advocacia em Conc\u00f3rdia-SC | 30 Anos de Experi\u00eancia","description":"Holding \u2013 solu\u00e7\u00e3o jur\u00eddica ou modismo? - Guaresi &amp; Mill\u00e9o Advogados Associados | Escrit\u00f3rio de Advocacia em Conc\u00f3rdia-SC | 30 Anos de Experi\u00eancia","robots":{"index":"index","follow":"follow","max-snippet":"max-snippet:-1","max-image-preview":"max-image-preview:large","max-video-preview":"max-video-preview:-1"},"canonical":"https:\/\/www.gm.adv.br\/site\/2024\/07\/12\/holding-solucao-juridica-ou-modismo\/","og_locale":"pt_BR","og_type":"article","og_title":"Holding \u2013 solu\u00e7\u00e3o jur\u00eddica ou modismo? - Guaresi &amp; Mill\u00e9o Advogados Associados | Escrit\u00f3rio de Advocacia em Conc\u00f3rdia-SC | 30 Anos de Experi\u00eancia","og_description":"Holding \u2013 solu\u00e7\u00e3o jur\u00eddica ou modismo? - Guaresi &amp; Mill\u00e9o Advogados Associados | Escrit\u00f3rio de Advocacia em Conc\u00f3rdia-SC | 30 Anos de Experi\u00eancia","og_url":"https:\/\/www.gm.adv.br\/site\/2024\/07\/12\/holding-solucao-juridica-ou-modismo\/","og_site_name":"Guaresi &amp; Mill\u00e9o Advogados Associados | Escrit\u00f3rio de Advocacia em Conc\u00f3rdia-SC | 30 Anos de Experi\u00eancia","article_publisher":"https:\/\/www.facebook.com\/GuaresiMilleoAdvogados","article_published_time":"2024-07-12T18:29:21+00:00","og_image":[{"width":672,"height":352,"url":"https:\/\/www.gm.adv.br\/site\/wp-content\/uploads\/2024\/07\/artigo-12.07_rec2.png","type":"image\/png"}],"author":"admin","twitter_card":"summary_large_image","twitter_misc":{"Escrito por":"admin","Est. tempo de leitura":"4 minutos"},"schema":{"@context":"https:\/\/schema.org","@graph":[{"@type":"Article","@id":"https:\/\/www.gm.adv.br\/site\/2024\/07\/12\/holding-solucao-juridica-ou-modismo\/#article","isPartOf":{"@id":"https:\/\/www.gm.adv.br\/site\/2024\/07\/12\/holding-solucao-juridica-ou-modismo\/"},"author":{"name":"admin","@id":"https:\/\/www.gm.adv.br\/site\/#\/schema\/person\/7d633a2abab0d9b94253af6efc36428f"},"headline":"Holding \u2013 solu\u00e7\u00e3o jur\u00eddica ou modismo?","datePublished":"2024-07-12T18:29:21+00:00","mainEntityOfPage":{"@id":"https:\/\/www.gm.adv.br\/site\/2024\/07\/12\/holding-solucao-juridica-ou-modismo\/"},"wordCount":744,"publisher":{"@id":"https:\/\/www.gm.adv.br\/site\/#organization"},"image":{"@id":"https:\/\/www.gm.adv.br\/site\/2024\/07\/12\/holding-solucao-juridica-ou-modismo\/#primaryimage"},"thumbnailUrl":"https:\/\/www.gm.adv.br\/site\/wp-content\/uploads\/2024\/07\/artigo-12.07_rec2.png","keywords":["empresa"],"articleSection":["Direito Empresarial"],"inLanguage":"pt-BR"},{"@type":"WebPage","@id":"https:\/\/www.gm.adv.br\/site\/2024\/07\/12\/holding-solucao-juridica-ou-modismo\/","url":"https:\/\/www.gm.adv.br\/site\/2024\/07\/12\/holding-solucao-juridica-ou-modismo\/","name":"Holding \u2013 solu\u00e7\u00e3o jur\u00eddica ou modismo? - Guaresi &amp; Mill\u00e9o Advogados Associados | Escrit\u00f3rio de Advocacia em Conc\u00f3rdia-SC | 30 Anos de Experi\u00eancia","isPartOf":{"@id":"https:\/\/www.gm.adv.br\/site\/#website"},"primaryImageOfPage":{"@id":"https:\/\/www.gm.adv.br\/site\/2024\/07\/12\/holding-solucao-juridica-ou-modismo\/#primaryimage"},"image":{"@id":"https:\/\/www.gm.adv.br\/site\/2024\/07\/12\/holding-solucao-juridica-ou-modismo\/#primaryimage"},"thumbnailUrl":"https:\/\/www.gm.adv.br\/site\/wp-content\/uploads\/2024\/07\/artigo-12.07_rec2.png","datePublished":"2024-07-12T18:29:21+00:00","description":"Holding \u2013 solu\u00e7\u00e3o jur\u00eddica ou modismo? - Guaresi &amp; Mill\u00e9o Advogados Associados | Escrit\u00f3rio de Advocacia em Conc\u00f3rdia-SC | 30 Anos de Experi\u00eancia","breadcrumb":{"@id":"https:\/\/www.gm.adv.br\/site\/2024\/07\/12\/holding-solucao-juridica-ou-modismo\/#breadcrumb"},"inLanguage":"pt-BR","potentialAction":[{"@type":"ReadAction","target":["https:\/\/www.gm.adv.br\/site\/2024\/07\/12\/holding-solucao-juridica-ou-modismo\/"]}]},{"@type":"ImageObject","inLanguage":"pt-BR","@id":"https:\/\/www.gm.adv.br\/site\/2024\/07\/12\/holding-solucao-juridica-ou-modismo\/#primaryimage","url":"https:\/\/www.gm.adv.br\/site\/wp-content\/uploads\/2024\/07\/artigo-12.07_rec2.png","contentUrl":"https:\/\/www.gm.adv.br\/site\/wp-content\/uploads\/2024\/07\/artigo-12.07_rec2.png","width":672,"height":352},{"@type":"BreadcrumbList","@id":"https:\/\/www.gm.adv.br\/site\/2024\/07\/12\/holding-solucao-juridica-ou-modismo\/#breadcrumb","itemListElement":[{"@type":"ListItem","position":1,"name":"In\u00edcio","item":"https:\/\/www.gm.adv.br\/site\/"},{"@type":"ListItem","position":2,"name":"Holding \u2013 solu\u00e7\u00e3o jur\u00eddica ou modismo?"}]},{"@type":"WebSite","@id":"https:\/\/www.gm.adv.br\/site\/#website","url":"https:\/\/www.gm.adv.br\/site\/","name":"Guaresi & Mill\u00e9o Advogados Associados | Escrit\u00f3rio de Advocacia em Conc\u00f3rdia-SC | 30 Anos de Experi\u00eanci","description":"Advocacia Direito Banc\u00e1rio, Tribut\u00e1rio, Trabalhista, C\u00edvil, P\u00fablica, Municipal, Advogados Associados Guaresi e Mill\u00e9o  |  Conc\u00f3rdia SC","publisher":{"@id":"https:\/\/www.gm.adv.br\/site\/#organization"},"alternateName":"Guaresi e Mill\u00e9o Escrit\u00f3rio de Advocacia e Consultoria em Conc\u00f3rdia-SC","potentialAction":[{"@type":"SearchAction","target":{"@type":"EntryPoint","urlTemplate":"https:\/\/www.gm.adv.br\/site\/?s={search_term_string}"},"query-input":{"@type":"PropertyValueSpecification","valueRequired":true,"valueName":"search_term_string"}}],"inLanguage":"pt-BR"},{"@type":"Organization","@id":"https:\/\/www.gm.adv.br\/site\/#organization","name":"Guaresi & Milleo Advogados Associados em Conc\u00f3rdia SC","alternateName":"Guaresi e Milleo Advocacia e Consultoria","url":"https:\/\/www.gm.adv.br\/site\/","logo":{"@type":"ImageObject","inLanguage":"pt-BR","@id":"https:\/\/www.gm.adv.br\/site\/#\/schema\/logo\/image\/","url":"https:\/\/www.gm.adv.br\/site\/wp-content\/uploads\/2025\/07\/cropped-icone-512.webp","contentUrl":"https:\/\/www.gm.adv.br\/site\/wp-content\/uploads\/2025\/07\/cropped-icone-512.webp","width":512,"height":512,"caption":"Guaresi & Milleo Advogados Associados em Conc\u00f3rdia SC"},"image":{"@id":"https:\/\/www.gm.adv.br\/site\/#\/schema\/logo\/image\/"},"sameAs":["https:\/\/www.facebook.com\/GuaresiMilleoAdvogados","https:\/\/www.instagram.com\/guaresiemilleo\/","https:\/\/br.linkedin.com\/company\/guaresimilleo"]},{"@type":"Person","@id":"https:\/\/www.gm.adv.br\/site\/#\/schema\/person\/7d633a2abab0d9b94253af6efc36428f","name":"admin","image":{"@type":"ImageObject","inLanguage":"pt-BR","@id":"https:\/\/secure.gravatar.com\/avatar\/c8bb173d280f7d1e50b67bb649de269247430499695ba3ee451b6289436d1d39?s=96&d=mm&r=g","url":"https:\/\/secure.gravatar.com\/avatar\/c8bb173d280f7d1e50b67bb649de269247430499695ba3ee451b6289436d1d39?s=96&d=mm&r=g","contentUrl":"https:\/\/secure.gravatar.com\/avatar\/c8bb173d280f7d1e50b67bb649de269247430499695ba3ee451b6289436d1d39?s=96&d=mm&r=g","caption":"admin"},"sameAs":["https:\/\/www.gm.adv.br\/site"],"url":"https:\/\/www.gm.adv.br\/site\/author\/admin\/"}]}},"_links":{"self":[{"href":"https:\/\/www.gm.adv.br\/site\/wp-json\/wp\/v2\/posts\/5196","targetHints":{"allow":["GET"]}}],"collection":[{"href":"https:\/\/www.gm.adv.br\/site\/wp-json\/wp\/v2\/posts"}],"about":[{"href":"https:\/\/www.gm.adv.br\/site\/wp-json\/wp\/v2\/types\/post"}],"author":[{"embeddable":true,"href":"https:\/\/www.gm.adv.br\/site\/wp-json\/wp\/v2\/users\/1"}],"replies":[{"embeddable":true,"href":"https:\/\/www.gm.adv.br\/site\/wp-json\/wp\/v2\/comments?post=5196"}],"version-history":[{"count":0,"href":"https:\/\/www.gm.adv.br\/site\/wp-json\/wp\/v2\/posts\/5196\/revisions"}],"wp:featuredmedia":[{"embeddable":true,"href":"https:\/\/www.gm.adv.br\/site\/wp-json\/wp\/v2\/media\/5207"}],"wp:attachment":[{"href":"https:\/\/www.gm.adv.br\/site\/wp-json\/wp\/v2\/media?parent=5196"}],"wp:term":[{"taxonomy":"category","embeddable":true,"href":"https:\/\/www.gm.adv.br\/site\/wp-json\/wp\/v2\/categories?post=5196"},{"taxonomy":"post_tag","embeddable":true,"href":"https:\/\/www.gm.adv.br\/site\/wp-json\/wp\/v2\/tags?post=5196"}],"curies":[{"name":"wp","href":"https:\/\/api.w.org\/{rel}","templated":true}]}}