{"id":5192,"date":"2024-07-12T15:03:57","date_gmt":"2024-07-12T18:03:57","guid":{"rendered":"https:\/\/gm.adv.br\/?p=5192"},"modified":"2024-07-12T15:03:57","modified_gmt":"2024-07-12T18:03:57","slug":"saiba-que-situacoes-se-configuram-como-assedio-moral-no-trabalho-e-como-se-defender","status":"publish","type":"post","link":"https:\/\/www.gm.adv.br\/site\/2024\/07\/12\/saiba-que-situacoes-se-configuram-como-assedio-moral-no-trabalho-e-como-se-defender\/","title":{"rendered":"Saiba que situa\u00e7\u00f5es se configuram como ass\u00e9dio moral no trabalho e como se defender"},"content":{"rendered":"<p>Algumas situa\u00e7\u00f5es no ambiente de trabalho podem ser enquadradas como ass\u00e9dio moral e podem gerar reclama\u00e7\u00f5es de direitos na Justi\u00e7a, revis\u00e3o de condutas de empresas e de gest\u00f5es no servi\u00e7o p\u00fablico, al\u00e9m de outras a\u00e7\u00f5es com foco em eliminar essa viol\u00eancia do local de trabalho. As principais condutas que se caracterizam como ass\u00e9dio moral s\u00e3o:<\/p>\n<p>&#8211; Retirar a autonomia do trabalhador ou contestar, a todo o momento, suas decis\u00f5es;<br \/>\n&#8211; Sobrecarregar o trabalhador ou retirar o trabalho de sua responsabilidade com o objetivo de provocar a sensa\u00e7\u00e3o de inutilidade e incompet\u00eancia;<br \/>\n&#8211; Ignorar a presen\u00e7a do trabalhador, dirigindo-se apenas aos demais colegas<br \/>\n&#8211; Obrigar a cumprir tarefas humilhantes;<br \/>\n&#8211; Gritar, xingar ou falar de forma desrespeitosa;<br \/>\n&#8211; Espalhar rumores ou boatos ofensivos sobre a pessoa;<br \/>\n&#8211; Ignorar problemas de sa\u00fade;<br \/>\n&#8211; Criticar a vida particular da v\u00ed\u00adtima;<br \/>\n&#8211; Atribuir apelidos pejorativos;<br \/>\n&#8211; Impor puni\u00e7\u00f5es vexat\u00f3rias, como dancinhas;<br \/>\n&#8211; Expor e enviar mensagens depreciativas em grupos de trabalho e nas redes sociais;<br \/>\nIsolar fisicamente o trabalhador para que n\u00e3o haja comunica\u00e7\u00e3o com os demais colegas;<br \/>\n&#8211; Desconsiderar, ironizar, desacreditar injustificadamente as opini\u00f5es do trabalhador;<br \/>\nImpor condi\u00e7\u00f5es e regras de trabalho personalizadas, de car\u00e1ter humilhante e diferentes das atribu\u00ed\u00addas aos demais;<br \/>\n&#8211; Delegar tarefas imposs\u00ed\u00adveis e prazos incompat\u00ed\u00adveis para finaliza\u00e7\u00e3o de um trabalho;<br \/>\n&#8211; Manipular informa\u00e7\u00f5es, deixando de repass\u00e1-las com a devida anteced\u00eancia necess\u00e1ria para que o trabalhador realize suas atividades;<br \/>\n&#8211; Vigil\u00e2ncia excessiva ou limitar o n\u00famero de vezes que o trabalhador vai ao banheiro e monitorar o tempo que l\u00e1 ele permanece;<br \/>\n&#8211; Advertir arbitrariamente;<br \/>\n&#8211; Incentivar o controle de um trabalhador por outro, criando um controle fora do contexto da estrutura hier\u00e1rquica, para gerar desconfian\u00e7a e evitar a solidariedade entre colegas.<\/p>\n<p>O ass\u00e9dio moral \u00e9 um problema grave, que adoece milhares de trabalhadores, cotidianamente e se apresenta como uma forma cruel de explora\u00e7\u00e3o de poder, baseada, em especial, em quest\u00f5es sociais, econ\u00f4micas e de g\u00eanero. Essa \u00e9 a defini\u00e7\u00e3o oficial da Organiza\u00e7\u00e3o Internacional do Trabalho (OIT).<\/p>\n","protected":false},"excerpt":{"rendered":"<p>Algumas situa\u00e7\u00f5es no ambiente de trabalho podem ser enquadradas como ass\u00e9dio moral e podem gerar reclama\u00e7\u00f5es de direitos na Justi\u00e7a, revis\u00e3o de condutas de empresas e de gest\u00f5es no servi\u00e7o p\u00fablico, al\u00e9m de outras a\u00e7\u00f5es com foco em eliminar essa viol\u00eancia do local de trabalho. As principais condutas que se caracterizam como ass\u00e9dio moral s\u00e3o: [&#8230;]\n","protected":false},"author":1,"featured_media":5195,"comment_status":"closed","ping_status":"closed","sticky":false,"template":"","format":"standard","meta":{"footnotes":""},"categories":[68],"tags":[85],"class_list":["post-5192","post","type-post","status-publish","format-standard","has-post-thumbnail","hentry","category-direito-do-trabalho","tag-direitodotrabalho"],"yoast_head":"<!-- This site is optimized with the Yoast SEO plugin v27.5 - https:\/\/yoast.com\/product\/yoast-seo-wordpress\/ -->\n<title>Saiba que situa\u00e7\u00f5es se configuram como ass\u00e9dio moral no trabalho e como se defender - Guaresi &amp; Mill\u00e9o Advogados Associados | Escrit\u00f3rio de Advocacia em Conc\u00f3rdia-SC | 30 Anos de Experi\u00eancia<\/title>\n<meta name=\"description\" content=\"Saiba que situa\u00e7\u00f5es se configuram como ass\u00e9dio moral no trabalho e como se defender - Guaresi &amp; Mill\u00e9o Advogados Associados | Escrit\u00f3rio de Advocacia em Conc\u00f3rdia-SC | 30 Anos de Experi\u00eancia\" \/>\n<meta name=\"robots\" content=\"index, follow, max-snippet:-1, max-image-preview:large, max-video-preview:-1\" \/>\n<link rel=\"canonical\" href=\"https:\/\/www.gm.adv.br\/site\/2024\/07\/12\/saiba-que-situacoes-se-configuram-como-assedio-moral-no-trabalho-e-como-se-defender\/\" \/>\n<meta property=\"og:locale\" content=\"pt_BR\" \/>\n<meta property=\"og:type\" content=\"article\" \/>\n<meta property=\"og:title\" content=\"Saiba que situa\u00e7\u00f5es se configuram como ass\u00e9dio moral no trabalho e como se defender - Guaresi &amp; Mill\u00e9o Advogados Associados | Escrit\u00f3rio de Advocacia em Conc\u00f3rdia-SC | 30 Anos de Experi\u00eancia\" \/>\n<meta property=\"og:description\" content=\"Saiba que situa\u00e7\u00f5es se configuram como ass\u00e9dio moral no trabalho e como se defender - Guaresi &amp; Mill\u00e9o Advogados Associados | Escrit\u00f3rio de Advocacia em Conc\u00f3rdia-SC | 30 Anos de Experi\u00eancia\" \/>\n<meta property=\"og:url\" content=\"https:\/\/www.gm.adv.br\/site\/2024\/07\/12\/saiba-que-situacoes-se-configuram-como-assedio-moral-no-trabalho-e-como-se-defender\/\" \/>\n<meta property=\"og:site_name\" content=\"Guaresi &amp; Mill\u00e9o Advogados Associados | Escrit\u00f3rio de Advocacia em Conc\u00f3rdia-SC | 30 Anos de Experi\u00eancia\" \/>\n<meta property=\"article:publisher\" content=\"https:\/\/www.facebook.com\/GuaresiMilleoAdvogados\" \/>\n<meta property=\"article:published_time\" content=\"2024-07-12T18:03:57+00:00\" \/>\n<meta property=\"og:image\" content=\"https:\/\/www.gm.adv.br\/site\/wp-content\/uploads\/2024\/07\/hand-stop-gesture2-1.jpg\" \/>\n\t<meta property=\"og:image:width\" content=\"1703\" \/>\n\t<meta property=\"og:image:height\" content=\"954\" \/>\n\t<meta property=\"og:image:type\" content=\"image\/jpeg\" \/>\n<meta name=\"author\" content=\"admin\" \/>\n<meta name=\"twitter:card\" content=\"summary_large_image\" \/>\n<meta name=\"twitter:label1\" content=\"Escrito por\" \/>\n\t<meta name=\"twitter:data1\" content=\"admin\" \/>\n\t<meta name=\"twitter:label2\" content=\"Est. tempo de leitura\" \/>\n\t<meta name=\"twitter:data2\" content=\"2 minutos\" \/>\n<script type=\"application\/ld+json\" class=\"yoast-schema-graph\">{\"@context\":\"https:\\\/\\\/schema.org\",\"@graph\":[{\"@type\":\"Article\",\"@id\":\"https:\\\/\\\/www.gm.adv.br\\\/site\\\/2024\\\/07\\\/12\\\/saiba-que-situacoes-se-configuram-como-assedio-moral-no-trabalho-e-como-se-defender\\\/#article\",\"isPartOf\":{\"@id\":\"https:\\\/\\\/www.gm.adv.br\\\/site\\\/2024\\\/07\\\/12\\\/saiba-que-situacoes-se-configuram-como-assedio-moral-no-trabalho-e-como-se-defender\\\/\"},\"author\":{\"name\":\"admin\",\"@id\":\"https:\\\/\\\/www.gm.adv.br\\\/site\\\/#\\\/schema\\\/person\\\/7d633a2abab0d9b94253af6efc36428f\"},\"headline\":\"Saiba que situa\u00e7\u00f5es se configuram como ass\u00e9dio moral no trabalho e como se defender\",\"datePublished\":\"2024-07-12T18:03:57+00:00\",\"mainEntityOfPage\":{\"@id\":\"https:\\\/\\\/www.gm.adv.br\\\/site\\\/2024\\\/07\\\/12\\\/saiba-que-situacoes-se-configuram-como-assedio-moral-no-trabalho-e-como-se-defender\\\/\"},\"wordCount\":386,\"publisher\":{\"@id\":\"https:\\\/\\\/www.gm.adv.br\\\/site\\\/#organization\"},\"image\":{\"@id\":\"https:\\\/\\\/www.gm.adv.br\\\/site\\\/2024\\\/07\\\/12\\\/saiba-que-situacoes-se-configuram-como-assedio-moral-no-trabalho-e-como-se-defender\\\/#primaryimage\"},\"thumbnailUrl\":\"https:\\\/\\\/www.gm.adv.br\\\/site\\\/wp-content\\\/uploads\\\/2024\\\/07\\\/hand-stop-gesture2-1.jpg\",\"keywords\":[\"direitodotrabalho\"],\"articleSection\":[\"Direito do Trabalho\"],\"inLanguage\":\"pt-BR\"},{\"@type\":\"WebPage\",\"@id\":\"https:\\\/\\\/www.gm.adv.br\\\/site\\\/2024\\\/07\\\/12\\\/saiba-que-situacoes-se-configuram-como-assedio-moral-no-trabalho-e-como-se-defender\\\/\",\"url\":\"https:\\\/\\\/www.gm.adv.br\\\/site\\\/2024\\\/07\\\/12\\\/saiba-que-situacoes-se-configuram-como-assedio-moral-no-trabalho-e-como-se-defender\\\/\",\"name\":\"Saiba que situa\u00e7\u00f5es se configuram como ass\u00e9dio moral no trabalho e como se defender - Guaresi &amp; Mill\u00e9o Advogados Associados | Escrit\u00f3rio de Advocacia em Conc\u00f3rdia-SC | 30 Anos de Experi\u00eancia\",\"isPartOf\":{\"@id\":\"https:\\\/\\\/www.gm.adv.br\\\/site\\\/#website\"},\"primaryImageOfPage\":{\"@id\":\"https:\\\/\\\/www.gm.adv.br\\\/site\\\/2024\\\/07\\\/12\\\/saiba-que-situacoes-se-configuram-como-assedio-moral-no-trabalho-e-como-se-defender\\\/#primaryimage\"},\"image\":{\"@id\":\"https:\\\/\\\/www.gm.adv.br\\\/site\\\/2024\\\/07\\\/12\\\/saiba-que-situacoes-se-configuram-como-assedio-moral-no-trabalho-e-como-se-defender\\\/#primaryimage\"},\"thumbnailUrl\":\"https:\\\/\\\/www.gm.adv.br\\\/site\\\/wp-content\\\/uploads\\\/2024\\\/07\\\/hand-stop-gesture2-1.jpg\",\"datePublished\":\"2024-07-12T18:03:57+00:00\",\"description\":\"Saiba que situa\u00e7\u00f5es se configuram como ass\u00e9dio moral no trabalho e como se defender - Guaresi &amp; Mill\u00e9o Advogados Associados | Escrit\u00f3rio de Advocacia em Conc\u00f3rdia-SC | 30 Anos de Experi\u00eancia\",\"breadcrumb\":{\"@id\":\"https:\\\/\\\/www.gm.adv.br\\\/site\\\/2024\\\/07\\\/12\\\/saiba-que-situacoes-se-configuram-como-assedio-moral-no-trabalho-e-como-se-defender\\\/#breadcrumb\"},\"inLanguage\":\"pt-BR\",\"potentialAction\":[{\"@type\":\"ReadAction\",\"target\":[\"https:\\\/\\\/www.gm.adv.br\\\/site\\\/2024\\\/07\\\/12\\\/saiba-que-situacoes-se-configuram-como-assedio-moral-no-trabalho-e-como-se-defender\\\/\"]}]},{\"@type\":\"ImageObject\",\"inLanguage\":\"pt-BR\",\"@id\":\"https:\\\/\\\/www.gm.adv.br\\\/site\\\/2024\\\/07\\\/12\\\/saiba-que-situacoes-se-configuram-como-assedio-moral-no-trabalho-e-como-se-defender\\\/#primaryimage\",\"url\":\"https:\\\/\\\/www.gm.adv.br\\\/site\\\/wp-content\\\/uploads\\\/2024\\\/07\\\/hand-stop-gesture2-1.jpg\",\"contentUrl\":\"https:\\\/\\\/www.gm.adv.br\\\/site\\\/wp-content\\\/uploads\\\/2024\\\/07\\\/hand-stop-gesture2-1.jpg\",\"width\":1703,\"height\":954,\"caption\":\"Hand stop gesture.\"},{\"@type\":\"BreadcrumbList\",\"@id\":\"https:\\\/\\\/www.gm.adv.br\\\/site\\\/2024\\\/07\\\/12\\\/saiba-que-situacoes-se-configuram-como-assedio-moral-no-trabalho-e-como-se-defender\\\/#breadcrumb\",\"itemListElement\":[{\"@type\":\"ListItem\",\"position\":1,\"name\":\"In\u00edcio\",\"item\":\"https:\\\/\\\/www.gm.adv.br\\\/site\\\/\"},{\"@type\":\"ListItem\",\"position\":2,\"name\":\"Saiba que situa\u00e7\u00f5es se configuram como ass\u00e9dio moral no trabalho e como se defender\"}]},{\"@type\":\"WebSite\",\"@id\":\"https:\\\/\\\/www.gm.adv.br\\\/site\\\/#website\",\"url\":\"https:\\\/\\\/www.gm.adv.br\\\/site\\\/\",\"name\":\"Guaresi & Mill\u00e9o Advogados Associados | Escrit\u00f3rio de Advocacia em Conc\u00f3rdia-SC | 30 Anos de Experi\u00eanci\",\"description\":\"Advocacia Direito Banc\u00e1rio, Tribut\u00e1rio, Trabalhista, C\u00edvil, P\u00fablica, Municipal, Advogados Associados Guaresi e Mill\u00e9o  |  Conc\u00f3rdia SC\",\"publisher\":{\"@id\":\"https:\\\/\\\/www.gm.adv.br\\\/site\\\/#organization\"},\"alternateName\":\"Guaresi e Mill\u00e9o Escrit\u00f3rio de Advocacia e Consultoria em Conc\u00f3rdia-SC\",\"potentialAction\":[{\"@type\":\"SearchAction\",\"target\":{\"@type\":\"EntryPoint\",\"urlTemplate\":\"https:\\\/\\\/www.gm.adv.br\\\/site\\\/?s={search_term_string}\"},\"query-input\":{\"@type\":\"PropertyValueSpecification\",\"valueRequired\":true,\"valueName\":\"search_term_string\"}}],\"inLanguage\":\"pt-BR\"},{\"@type\":\"Organization\",\"@id\":\"https:\\\/\\\/www.gm.adv.br\\\/site\\\/#organization\",\"name\":\"Guaresi & Milleo Advogados Associados em Conc\u00f3rdia SC\",\"alternateName\":\"Guaresi e Milleo Advocacia e Consultoria\",\"url\":\"https:\\\/\\\/www.gm.adv.br\\\/site\\\/\",\"logo\":{\"@type\":\"ImageObject\",\"inLanguage\":\"pt-BR\",\"@id\":\"https:\\\/\\\/www.gm.adv.br\\\/site\\\/#\\\/schema\\\/logo\\\/image\\\/\",\"url\":\"https:\\\/\\\/www.gm.adv.br\\\/site\\\/wp-content\\\/uploads\\\/2025\\\/07\\\/cropped-icone-512.webp\",\"contentUrl\":\"https:\\\/\\\/www.gm.adv.br\\\/site\\\/wp-content\\\/uploads\\\/2025\\\/07\\\/cropped-icone-512.webp\",\"width\":512,\"height\":512,\"caption\":\"Guaresi & Milleo Advogados Associados em Conc\u00f3rdia SC\"},\"image\":{\"@id\":\"https:\\\/\\\/www.gm.adv.br\\\/site\\\/#\\\/schema\\\/logo\\\/image\\\/\"},\"sameAs\":[\"https:\\\/\\\/www.facebook.com\\\/GuaresiMilleoAdvogados\",\"https:\\\/\\\/www.instagram.com\\\/guaresiemilleo\\\/\",\"https:\\\/\\\/br.linkedin.com\\\/company\\\/guaresimilleo\"]},{\"@type\":\"Person\",\"@id\":\"https:\\\/\\\/www.gm.adv.br\\\/site\\\/#\\\/schema\\\/person\\\/7d633a2abab0d9b94253af6efc36428f\",\"name\":\"admin\",\"image\":{\"@type\":\"ImageObject\",\"inLanguage\":\"pt-BR\",\"@id\":\"https:\\\/\\\/secure.gravatar.com\\\/avatar\\\/c8bb173d280f7d1e50b67bb649de269247430499695ba3ee451b6289436d1d39?s=96&d=mm&r=g\",\"url\":\"https:\\\/\\\/secure.gravatar.com\\\/avatar\\\/c8bb173d280f7d1e50b67bb649de269247430499695ba3ee451b6289436d1d39?s=96&d=mm&r=g\",\"contentUrl\":\"https:\\\/\\\/secure.gravatar.com\\\/avatar\\\/c8bb173d280f7d1e50b67bb649de269247430499695ba3ee451b6289436d1d39?s=96&d=mm&r=g\",\"caption\":\"admin\"},\"sameAs\":[\"https:\\\/\\\/www.gm.adv.br\\\/site\"],\"url\":\"https:\\\/\\\/www.gm.adv.br\\\/site\\\/author\\\/admin\\\/\"}]}<\/script>\n<!-- \/ Yoast SEO plugin. -->","yoast_head_json":{"title":"Saiba que situa\u00e7\u00f5es se configuram como ass\u00e9dio moral no trabalho e como se defender - Guaresi &amp; Mill\u00e9o Advogados Associados | Escrit\u00f3rio de Advocacia em Conc\u00f3rdia-SC | 30 Anos de Experi\u00eancia","description":"Saiba que situa\u00e7\u00f5es se configuram como ass\u00e9dio moral no trabalho e como se defender - Guaresi &amp; Mill\u00e9o Advogados Associados | Escrit\u00f3rio de Advocacia em Conc\u00f3rdia-SC | 30 Anos de Experi\u00eancia","robots":{"index":"index","follow":"follow","max-snippet":"max-snippet:-1","max-image-preview":"max-image-preview:large","max-video-preview":"max-video-preview:-1"},"canonical":"https:\/\/www.gm.adv.br\/site\/2024\/07\/12\/saiba-que-situacoes-se-configuram-como-assedio-moral-no-trabalho-e-como-se-defender\/","og_locale":"pt_BR","og_type":"article","og_title":"Saiba que situa\u00e7\u00f5es se configuram como ass\u00e9dio moral no trabalho e como se defender - Guaresi &amp; Mill\u00e9o Advogados Associados | Escrit\u00f3rio de Advocacia em Conc\u00f3rdia-SC | 30 Anos de Experi\u00eancia","og_description":"Saiba que situa\u00e7\u00f5es se configuram como ass\u00e9dio moral no trabalho e como se defender - Guaresi &amp; Mill\u00e9o Advogados Associados | Escrit\u00f3rio de Advocacia em Conc\u00f3rdia-SC | 30 Anos de Experi\u00eancia","og_url":"https:\/\/www.gm.adv.br\/site\/2024\/07\/12\/saiba-que-situacoes-se-configuram-como-assedio-moral-no-trabalho-e-como-se-defender\/","og_site_name":"Guaresi &amp; Mill\u00e9o Advogados Associados | Escrit\u00f3rio de Advocacia em Conc\u00f3rdia-SC | 30 Anos de Experi\u00eancia","article_publisher":"https:\/\/www.facebook.com\/GuaresiMilleoAdvogados","article_published_time":"2024-07-12T18:03:57+00:00","og_image":[{"width":1703,"height":954,"url":"https:\/\/www.gm.adv.br\/site\/wp-content\/uploads\/2024\/07\/hand-stop-gesture2-1.jpg","type":"image\/jpeg"}],"author":"admin","twitter_card":"summary_large_image","twitter_misc":{"Escrito por":"admin","Est. tempo de leitura":"2 minutos"},"schema":{"@context":"https:\/\/schema.org","@graph":[{"@type":"Article","@id":"https:\/\/www.gm.adv.br\/site\/2024\/07\/12\/saiba-que-situacoes-se-configuram-como-assedio-moral-no-trabalho-e-como-se-defender\/#article","isPartOf":{"@id":"https:\/\/www.gm.adv.br\/site\/2024\/07\/12\/saiba-que-situacoes-se-configuram-como-assedio-moral-no-trabalho-e-como-se-defender\/"},"author":{"name":"admin","@id":"https:\/\/www.gm.adv.br\/site\/#\/schema\/person\/7d633a2abab0d9b94253af6efc36428f"},"headline":"Saiba que situa\u00e7\u00f5es se configuram como ass\u00e9dio moral no trabalho e como se defender","datePublished":"2024-07-12T18:03:57+00:00","mainEntityOfPage":{"@id":"https:\/\/www.gm.adv.br\/site\/2024\/07\/12\/saiba-que-situacoes-se-configuram-como-assedio-moral-no-trabalho-e-como-se-defender\/"},"wordCount":386,"publisher":{"@id":"https:\/\/www.gm.adv.br\/site\/#organization"},"image":{"@id":"https:\/\/www.gm.adv.br\/site\/2024\/07\/12\/saiba-que-situacoes-se-configuram-como-assedio-moral-no-trabalho-e-como-se-defender\/#primaryimage"},"thumbnailUrl":"https:\/\/www.gm.adv.br\/site\/wp-content\/uploads\/2024\/07\/hand-stop-gesture2-1.jpg","keywords":["direitodotrabalho"],"articleSection":["Direito do Trabalho"],"inLanguage":"pt-BR"},{"@type":"WebPage","@id":"https:\/\/www.gm.adv.br\/site\/2024\/07\/12\/saiba-que-situacoes-se-configuram-como-assedio-moral-no-trabalho-e-como-se-defender\/","url":"https:\/\/www.gm.adv.br\/site\/2024\/07\/12\/saiba-que-situacoes-se-configuram-como-assedio-moral-no-trabalho-e-como-se-defender\/","name":"Saiba que situa\u00e7\u00f5es se configuram como ass\u00e9dio moral no trabalho e como se defender - Guaresi &amp; Mill\u00e9o Advogados Associados | Escrit\u00f3rio de Advocacia em Conc\u00f3rdia-SC | 30 Anos de Experi\u00eancia","isPartOf":{"@id":"https:\/\/www.gm.adv.br\/site\/#website"},"primaryImageOfPage":{"@id":"https:\/\/www.gm.adv.br\/site\/2024\/07\/12\/saiba-que-situacoes-se-configuram-como-assedio-moral-no-trabalho-e-como-se-defender\/#primaryimage"},"image":{"@id":"https:\/\/www.gm.adv.br\/site\/2024\/07\/12\/saiba-que-situacoes-se-configuram-como-assedio-moral-no-trabalho-e-como-se-defender\/#primaryimage"},"thumbnailUrl":"https:\/\/www.gm.adv.br\/site\/wp-content\/uploads\/2024\/07\/hand-stop-gesture2-1.jpg","datePublished":"2024-07-12T18:03:57+00:00","description":"Saiba que situa\u00e7\u00f5es se configuram como ass\u00e9dio moral no trabalho e como se defender - Guaresi &amp; Mill\u00e9o Advogados Associados | Escrit\u00f3rio de Advocacia em Conc\u00f3rdia-SC | 30 Anos de Experi\u00eancia","breadcrumb":{"@id":"https:\/\/www.gm.adv.br\/site\/2024\/07\/12\/saiba-que-situacoes-se-configuram-como-assedio-moral-no-trabalho-e-como-se-defender\/#breadcrumb"},"inLanguage":"pt-BR","potentialAction":[{"@type":"ReadAction","target":["https:\/\/www.gm.adv.br\/site\/2024\/07\/12\/saiba-que-situacoes-se-configuram-como-assedio-moral-no-trabalho-e-como-se-defender\/"]}]},{"@type":"ImageObject","inLanguage":"pt-BR","@id":"https:\/\/www.gm.adv.br\/site\/2024\/07\/12\/saiba-que-situacoes-se-configuram-como-assedio-moral-no-trabalho-e-como-se-defender\/#primaryimage","url":"https:\/\/www.gm.adv.br\/site\/wp-content\/uploads\/2024\/07\/hand-stop-gesture2-1.jpg","contentUrl":"https:\/\/www.gm.adv.br\/site\/wp-content\/uploads\/2024\/07\/hand-stop-gesture2-1.jpg","width":1703,"height":954,"caption":"Hand stop gesture."},{"@type":"BreadcrumbList","@id":"https:\/\/www.gm.adv.br\/site\/2024\/07\/12\/saiba-que-situacoes-se-configuram-como-assedio-moral-no-trabalho-e-como-se-defender\/#breadcrumb","itemListElement":[{"@type":"ListItem","position":1,"name":"In\u00edcio","item":"https:\/\/www.gm.adv.br\/site\/"},{"@type":"ListItem","position":2,"name":"Saiba que situa\u00e7\u00f5es se configuram como ass\u00e9dio moral no trabalho e como se defender"}]},{"@type":"WebSite","@id":"https:\/\/www.gm.adv.br\/site\/#website","url":"https:\/\/www.gm.adv.br\/site\/","name":"Guaresi & Mill\u00e9o Advogados Associados | Escrit\u00f3rio de Advocacia em Conc\u00f3rdia-SC | 30 Anos de Experi\u00eanci","description":"Advocacia Direito Banc\u00e1rio, Tribut\u00e1rio, Trabalhista, C\u00edvil, P\u00fablica, Municipal, Advogados Associados Guaresi e Mill\u00e9o  |  Conc\u00f3rdia SC","publisher":{"@id":"https:\/\/www.gm.adv.br\/site\/#organization"},"alternateName":"Guaresi e Mill\u00e9o Escrit\u00f3rio de Advocacia e Consultoria em Conc\u00f3rdia-SC","potentialAction":[{"@type":"SearchAction","target":{"@type":"EntryPoint","urlTemplate":"https:\/\/www.gm.adv.br\/site\/?s={search_term_string}"},"query-input":{"@type":"PropertyValueSpecification","valueRequired":true,"valueName":"search_term_string"}}],"inLanguage":"pt-BR"},{"@type":"Organization","@id":"https:\/\/www.gm.adv.br\/site\/#organization","name":"Guaresi & Milleo Advogados Associados em Conc\u00f3rdia SC","alternateName":"Guaresi e Milleo Advocacia e Consultoria","url":"https:\/\/www.gm.adv.br\/site\/","logo":{"@type":"ImageObject","inLanguage":"pt-BR","@id":"https:\/\/www.gm.adv.br\/site\/#\/schema\/logo\/image\/","url":"https:\/\/www.gm.adv.br\/site\/wp-content\/uploads\/2025\/07\/cropped-icone-512.webp","contentUrl":"https:\/\/www.gm.adv.br\/site\/wp-content\/uploads\/2025\/07\/cropped-icone-512.webp","width":512,"height":512,"caption":"Guaresi & Milleo Advogados Associados em Conc\u00f3rdia SC"},"image":{"@id":"https:\/\/www.gm.adv.br\/site\/#\/schema\/logo\/image\/"},"sameAs":["https:\/\/www.facebook.com\/GuaresiMilleoAdvogados","https:\/\/www.instagram.com\/guaresiemilleo\/","https:\/\/br.linkedin.com\/company\/guaresimilleo"]},{"@type":"Person","@id":"https:\/\/www.gm.adv.br\/site\/#\/schema\/person\/7d633a2abab0d9b94253af6efc36428f","name":"admin","image":{"@type":"ImageObject","inLanguage":"pt-BR","@id":"https:\/\/secure.gravatar.com\/avatar\/c8bb173d280f7d1e50b67bb649de269247430499695ba3ee451b6289436d1d39?s=96&d=mm&r=g","url":"https:\/\/secure.gravatar.com\/avatar\/c8bb173d280f7d1e50b67bb649de269247430499695ba3ee451b6289436d1d39?s=96&d=mm&r=g","contentUrl":"https:\/\/secure.gravatar.com\/avatar\/c8bb173d280f7d1e50b67bb649de269247430499695ba3ee451b6289436d1d39?s=96&d=mm&r=g","caption":"admin"},"sameAs":["https:\/\/www.gm.adv.br\/site"],"url":"https:\/\/www.gm.adv.br\/site\/author\/admin\/"}]}},"_links":{"self":[{"href":"https:\/\/www.gm.adv.br\/site\/wp-json\/wp\/v2\/posts\/5192","targetHints":{"allow":["GET"]}}],"collection":[{"href":"https:\/\/www.gm.adv.br\/site\/wp-json\/wp\/v2\/posts"}],"about":[{"href":"https:\/\/www.gm.adv.br\/site\/wp-json\/wp\/v2\/types\/post"}],"author":[{"embeddable":true,"href":"https:\/\/www.gm.adv.br\/site\/wp-json\/wp\/v2\/users\/1"}],"replies":[{"embeddable":true,"href":"https:\/\/www.gm.adv.br\/site\/wp-json\/wp\/v2\/comments?post=5192"}],"version-history":[{"count":0,"href":"https:\/\/www.gm.adv.br\/site\/wp-json\/wp\/v2\/posts\/5192\/revisions"}],"wp:featuredmedia":[{"embeddable":true,"href":"https:\/\/www.gm.adv.br\/site\/wp-json\/wp\/v2\/media\/5195"}],"wp:attachment":[{"href":"https:\/\/www.gm.adv.br\/site\/wp-json\/wp\/v2\/media?parent=5192"}],"wp:term":[{"taxonomy":"category","embeddable":true,"href":"https:\/\/www.gm.adv.br\/site\/wp-json\/wp\/v2\/categories?post=5192"},{"taxonomy":"post_tag","embeddable":true,"href":"https:\/\/www.gm.adv.br\/site\/wp-json\/wp\/v2\/tags?post=5192"}],"curies":[{"name":"wp","href":"https:\/\/api.w.org\/{rel}","templated":true}]}}