{"id":5169,"date":"2024-05-29T16:21:02","date_gmt":"2024-05-29T19:21:02","guid":{"rendered":"https:\/\/gm.adv.br\/?p=5169"},"modified":"2024-05-29T16:21:02","modified_gmt":"2024-05-29T19:21:02","slug":"juiz-interdita-lojas-da-burger-king-em-vitoria-da-conquista-por-dividas-trabalhistas","status":"publish","type":"post","link":"https:\/\/www.gm.adv.br\/site\/2024\/05\/29\/juiz-interdita-lojas-da-burger-king-em-vitoria-da-conquista-por-dividas-trabalhistas\/","title":{"rendered":"Juiz interdita lojas da Burger King em Vit\u00f3ria da Conquista por d\u00edvidas trabalhistas"},"content":{"rendered":"<p>A 1\u00aa Vara do Trabalho de Vit\u00f3ria da Conquista determinou a paralisa\u00e7\u00e3o total das atividades, nos dias de maior fluxo de movimento, de duas lojas da Burger King nos shoppings Conquista Sul e Boulevard. Essa foi uma das medidas tomadas em resposta ao n\u00e3o pagamento de d\u00edvidas trabalhistas em uma s\u00e9rie de execu\u00e7\u00f5es reunidas, cujo valor est\u00e1 em torno de R$ 1,2 milh\u00e3o.<\/p>\n<p>O Mandado de Lacre foi cumprido no m\u00eas de mar\u00e7o em duas sextas-feiras alternadas, uma em cada endere\u00e7o da empresa, acompanhado pela fixa\u00e7\u00e3o de um aviso ao p\u00fablico explicando o motivo da interdi\u00e7\u00e3o.<\/p>\n<p>Outras medidas excepcionais determinadas pelo magistrado foram a inclus\u00e3o do nome dos devedores no cadastro de inadimplentes (SerasaJud) por tempo indeterminado e a expedi\u00e7\u00e3o de Mandado de Constata\u00e7\u00e3o para verificar a vincula\u00e7\u00e3o das m\u00e1quinas de cart\u00e3o de cr\u00e9dito utilizadas ao CNPJ das executadas. Al\u00e9m disso, simultaneamente, o magistrado deferiu o requerimento da autora da a\u00e7\u00e3o solicitando a expedi\u00e7\u00e3o de mandado de penhora e avalia\u00e7\u00e3o dos im\u00f3veis da empresa. O processo est\u00e1 em execu\u00e7\u00e3o desde maio de 2023, e a empresa apresentou embargos.<\/p>\n<p>O juiz enfatizou a import\u00e2ncia de garantir a efetividade das decis\u00f5es judiciais diante de casos em que o executado possui condi\u00e7\u00f5es de cumprir a ordem, mas opta por n\u00e3o faz\u00ea-lo<\/p>\n<p>Fonte: <a href=\"https:\/\/www.trt5.jus.br\/noticias\/juiz-interdita-lojas-burger-king-vitoria-conquista-dividas-trabalhistas\">TRT 5<\/a><\/p>\n","protected":false},"excerpt":{"rendered":"<p>A 1\u00aa Vara do Trabalho de Vit\u00f3ria da Conquista determinou a paralisa\u00e7\u00e3o total das atividades, nos dias de maior fluxo de movimento, de duas lojas da Burger King nos shoppings Conquista Sul e Boulevard. Essa foi uma das medidas tomadas em resposta ao n\u00e3o pagamento de d\u00edvidas trabalhistas em uma s\u00e9rie de execu\u00e7\u00f5es reunidas, cujo [&#8230;]\n","protected":false},"author":1,"featured_media":5171,"comment_status":"closed","ping_status":"closed","sticky":false,"template":"","format":"standard","meta":{"footnotes":""},"categories":[68],"tags":[],"class_list":["post-5169","post","type-post","status-publish","format-standard","has-post-thumbnail","hentry","category-direito-do-trabalho"],"yoast_head":"<!-- This site is optimized with the Yoast SEO plugin v27.5 - https:\/\/yoast.com\/product\/yoast-seo-wordpress\/ -->\n<title>Juiz interdita lojas da Burger King em Vit\u00f3ria da Conquista por d\u00edvidas trabalhistas - Guaresi &amp; Mill\u00e9o Advogados Associados | Escrit\u00f3rio de Advocacia em Conc\u00f3rdia-SC | 30 Anos de Experi\u00eancia<\/title>\n<meta name=\"description\" content=\"Juiz interdita lojas da Burger King em Vit\u00f3ria da Conquista por d\u00edvidas trabalhistas - Guaresi &amp; Mill\u00e9o Advogados Associados | Escrit\u00f3rio de Advocacia em Conc\u00f3rdia-SC | 30 Anos de Experi\u00eancia\" \/>\n<meta name=\"robots\" content=\"index, follow, max-snippet:-1, max-image-preview:large, max-video-preview:-1\" \/>\n<link rel=\"canonical\" href=\"https:\/\/www.gm.adv.br\/site\/2024\/05\/29\/juiz-interdita-lojas-da-burger-king-em-vitoria-da-conquista-por-dividas-trabalhistas\/\" \/>\n<meta property=\"og:locale\" content=\"pt_BR\" \/>\n<meta property=\"og:type\" content=\"article\" \/>\n<meta property=\"og:title\" content=\"Juiz interdita lojas da Burger King em Vit\u00f3ria da Conquista por d\u00edvidas trabalhistas - Guaresi &amp; Mill\u00e9o Advogados Associados | Escrit\u00f3rio de Advocacia em Conc\u00f3rdia-SC | 30 Anos de Experi\u00eancia\" \/>\n<meta property=\"og:description\" content=\"Juiz interdita lojas da Burger King em Vit\u00f3ria da Conquista por d\u00edvidas trabalhistas - Guaresi &amp; Mill\u00e9o Advogados Associados | Escrit\u00f3rio de Advocacia em Conc\u00f3rdia-SC | 30 Anos de Experi\u00eancia\" \/>\n<meta property=\"og:url\" content=\"https:\/\/www.gm.adv.br\/site\/2024\/05\/29\/juiz-interdita-lojas-da-burger-king-em-vitoria-da-conquista-por-dividas-trabalhistas\/\" \/>\n<meta property=\"og:site_name\" content=\"Guaresi &amp; Mill\u00e9o Advogados Associados | Escrit\u00f3rio de Advocacia em Conc\u00f3rdia-SC | 30 Anos de Experi\u00eancia\" \/>\n<meta property=\"article:publisher\" content=\"https:\/\/www.facebook.com\/GuaresiMilleoAdvogados\" \/>\n<meta property=\"article:published_time\" content=\"2024-05-29T19:21:02+00:00\" \/>\n<meta property=\"og:image\" content=\"https:\/\/www.gm.adv.br\/site\/wp-content\/uploads\/2024\/05\/img-2-1.jpg\" \/>\n\t<meta property=\"og:image:width\" content=\"1952\" \/>\n\t<meta property=\"og:image:height\" content=\"1302\" \/>\n\t<meta property=\"og:image:type\" content=\"image\/jpeg\" \/>\n<meta name=\"author\" content=\"admin\" \/>\n<meta name=\"twitter:card\" content=\"summary_large_image\" \/>\n<meta name=\"twitter:label1\" content=\"Escrito por\" \/>\n\t<meta name=\"twitter:data1\" content=\"admin\" \/>\n\t<meta name=\"twitter:label2\" content=\"Est. tempo de leitura\" \/>\n\t<meta name=\"twitter:data2\" content=\"2 minutos\" \/>\n<script type=\"application\/ld+json\" class=\"yoast-schema-graph\">{\"@context\":\"https:\\\/\\\/schema.org\",\"@graph\":[{\"@type\":\"Article\",\"@id\":\"https:\\\/\\\/www.gm.adv.br\\\/site\\\/2024\\\/05\\\/29\\\/juiz-interdita-lojas-da-burger-king-em-vitoria-da-conquista-por-dividas-trabalhistas\\\/#article\",\"isPartOf\":{\"@id\":\"https:\\\/\\\/www.gm.adv.br\\\/site\\\/2024\\\/05\\\/29\\\/juiz-interdita-lojas-da-burger-king-em-vitoria-da-conquista-por-dividas-trabalhistas\\\/\"},\"author\":{\"name\":\"admin\",\"@id\":\"https:\\\/\\\/www.gm.adv.br\\\/site\\\/#\\\/schema\\\/person\\\/7d633a2abab0d9b94253af6efc36428f\"},\"headline\":\"Juiz interdita lojas da Burger King em Vit\u00f3ria da Conquista por d\u00edvidas trabalhistas\",\"datePublished\":\"2024-05-29T19:21:02+00:00\",\"mainEntityOfPage\":{\"@id\":\"https:\\\/\\\/www.gm.adv.br\\\/site\\\/2024\\\/05\\\/29\\\/juiz-interdita-lojas-da-burger-king-em-vitoria-da-conquista-por-dividas-trabalhistas\\\/\"},\"wordCount\":253,\"publisher\":{\"@id\":\"https:\\\/\\\/www.gm.adv.br\\\/site\\\/#organization\"},\"image\":{\"@id\":\"https:\\\/\\\/www.gm.adv.br\\\/site\\\/2024\\\/05\\\/29\\\/juiz-interdita-lojas-da-burger-king-em-vitoria-da-conquista-por-dividas-trabalhistas\\\/#primaryimage\"},\"thumbnailUrl\":\"https:\\\/\\\/www.gm.adv.br\\\/site\\\/wp-content\\\/uploads\\\/2024\\\/05\\\/img-2-1.jpg\",\"articleSection\":[\"Direito do Trabalho\"],\"inLanguage\":\"pt-BR\"},{\"@type\":\"WebPage\",\"@id\":\"https:\\\/\\\/www.gm.adv.br\\\/site\\\/2024\\\/05\\\/29\\\/juiz-interdita-lojas-da-burger-king-em-vitoria-da-conquista-por-dividas-trabalhistas\\\/\",\"url\":\"https:\\\/\\\/www.gm.adv.br\\\/site\\\/2024\\\/05\\\/29\\\/juiz-interdita-lojas-da-burger-king-em-vitoria-da-conquista-por-dividas-trabalhistas\\\/\",\"name\":\"Juiz interdita lojas da Burger King em Vit\u00f3ria da Conquista por d\u00edvidas trabalhistas - Guaresi &amp; Mill\u00e9o Advogados Associados | Escrit\u00f3rio de Advocacia em Conc\u00f3rdia-SC | 30 Anos de Experi\u00eancia\",\"isPartOf\":{\"@id\":\"https:\\\/\\\/www.gm.adv.br\\\/site\\\/#website\"},\"primaryImageOfPage\":{\"@id\":\"https:\\\/\\\/www.gm.adv.br\\\/site\\\/2024\\\/05\\\/29\\\/juiz-interdita-lojas-da-burger-king-em-vitoria-da-conquista-por-dividas-trabalhistas\\\/#primaryimage\"},\"image\":{\"@id\":\"https:\\\/\\\/www.gm.adv.br\\\/site\\\/2024\\\/05\\\/29\\\/juiz-interdita-lojas-da-burger-king-em-vitoria-da-conquista-por-dividas-trabalhistas\\\/#primaryimage\"},\"thumbnailUrl\":\"https:\\\/\\\/www.gm.adv.br\\\/site\\\/wp-content\\\/uploads\\\/2024\\\/05\\\/img-2-1.jpg\",\"datePublished\":\"2024-05-29T19:21:02+00:00\",\"description\":\"Juiz interdita lojas da Burger King em Vit\u00f3ria da Conquista por d\u00edvidas trabalhistas - Guaresi &amp; Mill\u00e9o Advogados Associados | Escrit\u00f3rio de Advocacia em Conc\u00f3rdia-SC | 30 Anos de Experi\u00eancia\",\"breadcrumb\":{\"@id\":\"https:\\\/\\\/www.gm.adv.br\\\/site\\\/2024\\\/05\\\/29\\\/juiz-interdita-lojas-da-burger-king-em-vitoria-da-conquista-por-dividas-trabalhistas\\\/#breadcrumb\"},\"inLanguage\":\"pt-BR\",\"potentialAction\":[{\"@type\":\"ReadAction\",\"target\":[\"https:\\\/\\\/www.gm.adv.br\\\/site\\\/2024\\\/05\\\/29\\\/juiz-interdita-lojas-da-burger-king-em-vitoria-da-conquista-por-dividas-trabalhistas\\\/\"]}]},{\"@type\":\"ImageObject\",\"inLanguage\":\"pt-BR\",\"@id\":\"https:\\\/\\\/www.gm.adv.br\\\/site\\\/2024\\\/05\\\/29\\\/juiz-interdita-lojas-da-burger-king-em-vitoria-da-conquista-por-dividas-trabalhistas\\\/#primaryimage\",\"url\":\"https:\\\/\\\/www.gm.adv.br\\\/site\\\/wp-content\\\/uploads\\\/2024\\\/05\\\/img-2-1.jpg\",\"contentUrl\":\"https:\\\/\\\/www.gm.adv.br\\\/site\\\/wp-content\\\/uploads\\\/2024\\\/05\\\/img-2-1.jpg\",\"width\":1952,\"height\":1302},{\"@type\":\"BreadcrumbList\",\"@id\":\"https:\\\/\\\/www.gm.adv.br\\\/site\\\/2024\\\/05\\\/29\\\/juiz-interdita-lojas-da-burger-king-em-vitoria-da-conquista-por-dividas-trabalhistas\\\/#breadcrumb\",\"itemListElement\":[{\"@type\":\"ListItem\",\"position\":1,\"name\":\"In\u00edcio\",\"item\":\"https:\\\/\\\/www.gm.adv.br\\\/site\\\/\"},{\"@type\":\"ListItem\",\"position\":2,\"name\":\"Juiz interdita lojas da Burger King em Vit\u00f3ria da Conquista por d\u00edvidas trabalhistas\"}]},{\"@type\":\"WebSite\",\"@id\":\"https:\\\/\\\/www.gm.adv.br\\\/site\\\/#website\",\"url\":\"https:\\\/\\\/www.gm.adv.br\\\/site\\\/\",\"name\":\"Guaresi & Mill\u00e9o Advogados Associados | Escrit\u00f3rio de Advocacia em Conc\u00f3rdia-SC | 30 Anos de Experi\u00eanci\",\"description\":\"Advocacia Direito Banc\u00e1rio, Tribut\u00e1rio, Trabalhista, C\u00edvil, P\u00fablica, Municipal, Advogados Associados Guaresi e Mill\u00e9o  |  Conc\u00f3rdia SC\",\"publisher\":{\"@id\":\"https:\\\/\\\/www.gm.adv.br\\\/site\\\/#organization\"},\"alternateName\":\"Guaresi e Mill\u00e9o Escrit\u00f3rio de Advocacia e Consultoria em Conc\u00f3rdia-SC\",\"potentialAction\":[{\"@type\":\"SearchAction\",\"target\":{\"@type\":\"EntryPoint\",\"urlTemplate\":\"https:\\\/\\\/www.gm.adv.br\\\/site\\\/?s={search_term_string}\"},\"query-input\":{\"@type\":\"PropertyValueSpecification\",\"valueRequired\":true,\"valueName\":\"search_term_string\"}}],\"inLanguage\":\"pt-BR\"},{\"@type\":\"Organization\",\"@id\":\"https:\\\/\\\/www.gm.adv.br\\\/site\\\/#organization\",\"name\":\"Guaresi & Milleo Advogados Associados em Conc\u00f3rdia SC\",\"alternateName\":\"Guaresi e Milleo Advocacia e Consultoria\",\"url\":\"https:\\\/\\\/www.gm.adv.br\\\/site\\\/\",\"logo\":{\"@type\":\"ImageObject\",\"inLanguage\":\"pt-BR\",\"@id\":\"https:\\\/\\\/www.gm.adv.br\\\/site\\\/#\\\/schema\\\/logo\\\/image\\\/\",\"url\":\"https:\\\/\\\/www.gm.adv.br\\\/site\\\/wp-content\\\/uploads\\\/2025\\\/07\\\/cropped-icone-512.webp\",\"contentUrl\":\"https:\\\/\\\/www.gm.adv.br\\\/site\\\/wp-content\\\/uploads\\\/2025\\\/07\\\/cropped-icone-512.webp\",\"width\":512,\"height\":512,\"caption\":\"Guaresi & Milleo Advogados Associados em Conc\u00f3rdia SC\"},\"image\":{\"@id\":\"https:\\\/\\\/www.gm.adv.br\\\/site\\\/#\\\/schema\\\/logo\\\/image\\\/\"},\"sameAs\":[\"https:\\\/\\\/www.facebook.com\\\/GuaresiMilleoAdvogados\",\"https:\\\/\\\/www.instagram.com\\\/guaresiemilleo\\\/\",\"https:\\\/\\\/br.linkedin.com\\\/company\\\/guaresimilleo\"]},{\"@type\":\"Person\",\"@id\":\"https:\\\/\\\/www.gm.adv.br\\\/site\\\/#\\\/schema\\\/person\\\/7d633a2abab0d9b94253af6efc36428f\",\"name\":\"admin\",\"image\":{\"@type\":\"ImageObject\",\"inLanguage\":\"pt-BR\",\"@id\":\"https:\\\/\\\/secure.gravatar.com\\\/avatar\\\/c8bb173d280f7d1e50b67bb649de269247430499695ba3ee451b6289436d1d39?s=96&d=mm&r=g\",\"url\":\"https:\\\/\\\/secure.gravatar.com\\\/avatar\\\/c8bb173d280f7d1e50b67bb649de269247430499695ba3ee451b6289436d1d39?s=96&d=mm&r=g\",\"contentUrl\":\"https:\\\/\\\/secure.gravatar.com\\\/avatar\\\/c8bb173d280f7d1e50b67bb649de269247430499695ba3ee451b6289436d1d39?s=96&d=mm&r=g\",\"caption\":\"admin\"},\"sameAs\":[\"https:\\\/\\\/www.gm.adv.br\\\/site\"],\"url\":\"https:\\\/\\\/www.gm.adv.br\\\/site\\\/author\\\/admin\\\/\"}]}<\/script>\n<!-- \/ Yoast SEO plugin. -->","yoast_head_json":{"title":"Juiz interdita lojas da Burger King em Vit\u00f3ria da Conquista por d\u00edvidas trabalhistas - Guaresi &amp; Mill\u00e9o Advogados Associados | Escrit\u00f3rio de Advocacia em Conc\u00f3rdia-SC | 30 Anos de Experi\u00eancia","description":"Juiz interdita lojas da Burger King em Vit\u00f3ria da Conquista por d\u00edvidas trabalhistas - Guaresi &amp; Mill\u00e9o Advogados Associados | Escrit\u00f3rio de Advocacia em Conc\u00f3rdia-SC | 30 Anos de Experi\u00eancia","robots":{"index":"index","follow":"follow","max-snippet":"max-snippet:-1","max-image-preview":"max-image-preview:large","max-video-preview":"max-video-preview:-1"},"canonical":"https:\/\/www.gm.adv.br\/site\/2024\/05\/29\/juiz-interdita-lojas-da-burger-king-em-vitoria-da-conquista-por-dividas-trabalhistas\/","og_locale":"pt_BR","og_type":"article","og_title":"Juiz interdita lojas da Burger King em Vit\u00f3ria da Conquista por d\u00edvidas trabalhistas - Guaresi &amp; Mill\u00e9o Advogados Associados | Escrit\u00f3rio de Advocacia em Conc\u00f3rdia-SC | 30 Anos de Experi\u00eancia","og_description":"Juiz interdita lojas da Burger King em Vit\u00f3ria da Conquista por d\u00edvidas trabalhistas - Guaresi &amp; Mill\u00e9o Advogados Associados | Escrit\u00f3rio de Advocacia em Conc\u00f3rdia-SC | 30 Anos de Experi\u00eancia","og_url":"https:\/\/www.gm.adv.br\/site\/2024\/05\/29\/juiz-interdita-lojas-da-burger-king-em-vitoria-da-conquista-por-dividas-trabalhistas\/","og_site_name":"Guaresi &amp; Mill\u00e9o Advogados Associados | Escrit\u00f3rio de Advocacia em Conc\u00f3rdia-SC | 30 Anos de Experi\u00eancia","article_publisher":"https:\/\/www.facebook.com\/GuaresiMilleoAdvogados","article_published_time":"2024-05-29T19:21:02+00:00","og_image":[{"width":1952,"height":1302,"url":"https:\/\/www.gm.adv.br\/site\/wp-content\/uploads\/2024\/05\/img-2-1.jpg","type":"image\/jpeg"}],"author":"admin","twitter_card":"summary_large_image","twitter_misc":{"Escrito por":"admin","Est. tempo de leitura":"2 minutos"},"schema":{"@context":"https:\/\/schema.org","@graph":[{"@type":"Article","@id":"https:\/\/www.gm.adv.br\/site\/2024\/05\/29\/juiz-interdita-lojas-da-burger-king-em-vitoria-da-conquista-por-dividas-trabalhistas\/#article","isPartOf":{"@id":"https:\/\/www.gm.adv.br\/site\/2024\/05\/29\/juiz-interdita-lojas-da-burger-king-em-vitoria-da-conquista-por-dividas-trabalhistas\/"},"author":{"name":"admin","@id":"https:\/\/www.gm.adv.br\/site\/#\/schema\/person\/7d633a2abab0d9b94253af6efc36428f"},"headline":"Juiz interdita lojas da Burger King em Vit\u00f3ria da Conquista por d\u00edvidas trabalhistas","datePublished":"2024-05-29T19:21:02+00:00","mainEntityOfPage":{"@id":"https:\/\/www.gm.adv.br\/site\/2024\/05\/29\/juiz-interdita-lojas-da-burger-king-em-vitoria-da-conquista-por-dividas-trabalhistas\/"},"wordCount":253,"publisher":{"@id":"https:\/\/www.gm.adv.br\/site\/#organization"},"image":{"@id":"https:\/\/www.gm.adv.br\/site\/2024\/05\/29\/juiz-interdita-lojas-da-burger-king-em-vitoria-da-conquista-por-dividas-trabalhistas\/#primaryimage"},"thumbnailUrl":"https:\/\/www.gm.adv.br\/site\/wp-content\/uploads\/2024\/05\/img-2-1.jpg","articleSection":["Direito do Trabalho"],"inLanguage":"pt-BR"},{"@type":"WebPage","@id":"https:\/\/www.gm.adv.br\/site\/2024\/05\/29\/juiz-interdita-lojas-da-burger-king-em-vitoria-da-conquista-por-dividas-trabalhistas\/","url":"https:\/\/www.gm.adv.br\/site\/2024\/05\/29\/juiz-interdita-lojas-da-burger-king-em-vitoria-da-conquista-por-dividas-trabalhistas\/","name":"Juiz interdita lojas da Burger King em Vit\u00f3ria da Conquista por d\u00edvidas trabalhistas - Guaresi &amp; Mill\u00e9o Advogados Associados | Escrit\u00f3rio de Advocacia em Conc\u00f3rdia-SC | 30 Anos de Experi\u00eancia","isPartOf":{"@id":"https:\/\/www.gm.adv.br\/site\/#website"},"primaryImageOfPage":{"@id":"https:\/\/www.gm.adv.br\/site\/2024\/05\/29\/juiz-interdita-lojas-da-burger-king-em-vitoria-da-conquista-por-dividas-trabalhistas\/#primaryimage"},"image":{"@id":"https:\/\/www.gm.adv.br\/site\/2024\/05\/29\/juiz-interdita-lojas-da-burger-king-em-vitoria-da-conquista-por-dividas-trabalhistas\/#primaryimage"},"thumbnailUrl":"https:\/\/www.gm.adv.br\/site\/wp-content\/uploads\/2024\/05\/img-2-1.jpg","datePublished":"2024-05-29T19:21:02+00:00","description":"Juiz interdita lojas da Burger King em Vit\u00f3ria da Conquista por d\u00edvidas trabalhistas - Guaresi &amp; Mill\u00e9o Advogados Associados | Escrit\u00f3rio de Advocacia em Conc\u00f3rdia-SC | 30 Anos de Experi\u00eancia","breadcrumb":{"@id":"https:\/\/www.gm.adv.br\/site\/2024\/05\/29\/juiz-interdita-lojas-da-burger-king-em-vitoria-da-conquista-por-dividas-trabalhistas\/#breadcrumb"},"inLanguage":"pt-BR","potentialAction":[{"@type":"ReadAction","target":["https:\/\/www.gm.adv.br\/site\/2024\/05\/29\/juiz-interdita-lojas-da-burger-king-em-vitoria-da-conquista-por-dividas-trabalhistas\/"]}]},{"@type":"ImageObject","inLanguage":"pt-BR","@id":"https:\/\/www.gm.adv.br\/site\/2024\/05\/29\/juiz-interdita-lojas-da-burger-king-em-vitoria-da-conquista-por-dividas-trabalhistas\/#primaryimage","url":"https:\/\/www.gm.adv.br\/site\/wp-content\/uploads\/2024\/05\/img-2-1.jpg","contentUrl":"https:\/\/www.gm.adv.br\/site\/wp-content\/uploads\/2024\/05\/img-2-1.jpg","width":1952,"height":1302},{"@type":"BreadcrumbList","@id":"https:\/\/www.gm.adv.br\/site\/2024\/05\/29\/juiz-interdita-lojas-da-burger-king-em-vitoria-da-conquista-por-dividas-trabalhistas\/#breadcrumb","itemListElement":[{"@type":"ListItem","position":1,"name":"In\u00edcio","item":"https:\/\/www.gm.adv.br\/site\/"},{"@type":"ListItem","position":2,"name":"Juiz interdita lojas da Burger King em Vit\u00f3ria da Conquista por d\u00edvidas trabalhistas"}]},{"@type":"WebSite","@id":"https:\/\/www.gm.adv.br\/site\/#website","url":"https:\/\/www.gm.adv.br\/site\/","name":"Guaresi & Mill\u00e9o Advogados Associados | Escrit\u00f3rio de Advocacia em Conc\u00f3rdia-SC | 30 Anos de Experi\u00eanci","description":"Advocacia Direito Banc\u00e1rio, Tribut\u00e1rio, Trabalhista, C\u00edvil, P\u00fablica, Municipal, Advogados Associados Guaresi e Mill\u00e9o  |  Conc\u00f3rdia SC","publisher":{"@id":"https:\/\/www.gm.adv.br\/site\/#organization"},"alternateName":"Guaresi e Mill\u00e9o Escrit\u00f3rio de Advocacia e Consultoria em Conc\u00f3rdia-SC","potentialAction":[{"@type":"SearchAction","target":{"@type":"EntryPoint","urlTemplate":"https:\/\/www.gm.adv.br\/site\/?s={search_term_string}"},"query-input":{"@type":"PropertyValueSpecification","valueRequired":true,"valueName":"search_term_string"}}],"inLanguage":"pt-BR"},{"@type":"Organization","@id":"https:\/\/www.gm.adv.br\/site\/#organization","name":"Guaresi & Milleo Advogados Associados em Conc\u00f3rdia SC","alternateName":"Guaresi e Milleo Advocacia e Consultoria","url":"https:\/\/www.gm.adv.br\/site\/","logo":{"@type":"ImageObject","inLanguage":"pt-BR","@id":"https:\/\/www.gm.adv.br\/site\/#\/schema\/logo\/image\/","url":"https:\/\/www.gm.adv.br\/site\/wp-content\/uploads\/2025\/07\/cropped-icone-512.webp","contentUrl":"https:\/\/www.gm.adv.br\/site\/wp-content\/uploads\/2025\/07\/cropped-icone-512.webp","width":512,"height":512,"caption":"Guaresi & Milleo Advogados Associados em Conc\u00f3rdia SC"},"image":{"@id":"https:\/\/www.gm.adv.br\/site\/#\/schema\/logo\/image\/"},"sameAs":["https:\/\/www.facebook.com\/GuaresiMilleoAdvogados","https:\/\/www.instagram.com\/guaresiemilleo\/","https:\/\/br.linkedin.com\/company\/guaresimilleo"]},{"@type":"Person","@id":"https:\/\/www.gm.adv.br\/site\/#\/schema\/person\/7d633a2abab0d9b94253af6efc36428f","name":"admin","image":{"@type":"ImageObject","inLanguage":"pt-BR","@id":"https:\/\/secure.gravatar.com\/avatar\/c8bb173d280f7d1e50b67bb649de269247430499695ba3ee451b6289436d1d39?s=96&d=mm&r=g","url":"https:\/\/secure.gravatar.com\/avatar\/c8bb173d280f7d1e50b67bb649de269247430499695ba3ee451b6289436d1d39?s=96&d=mm&r=g","contentUrl":"https:\/\/secure.gravatar.com\/avatar\/c8bb173d280f7d1e50b67bb649de269247430499695ba3ee451b6289436d1d39?s=96&d=mm&r=g","caption":"admin"},"sameAs":["https:\/\/www.gm.adv.br\/site"],"url":"https:\/\/www.gm.adv.br\/site\/author\/admin\/"}]}},"_links":{"self":[{"href":"https:\/\/www.gm.adv.br\/site\/wp-json\/wp\/v2\/posts\/5169","targetHints":{"allow":["GET"]}}],"collection":[{"href":"https:\/\/www.gm.adv.br\/site\/wp-json\/wp\/v2\/posts"}],"about":[{"href":"https:\/\/www.gm.adv.br\/site\/wp-json\/wp\/v2\/types\/post"}],"author":[{"embeddable":true,"href":"https:\/\/www.gm.adv.br\/site\/wp-json\/wp\/v2\/users\/1"}],"replies":[{"embeddable":true,"href":"https:\/\/www.gm.adv.br\/site\/wp-json\/wp\/v2\/comments?post=5169"}],"version-history":[{"count":0,"href":"https:\/\/www.gm.adv.br\/site\/wp-json\/wp\/v2\/posts\/5169\/revisions"}],"wp:featuredmedia":[{"embeddable":true,"href":"https:\/\/www.gm.adv.br\/site\/wp-json\/wp\/v2\/media\/5171"}],"wp:attachment":[{"href":"https:\/\/www.gm.adv.br\/site\/wp-json\/wp\/v2\/media?parent=5169"}],"wp:term":[{"taxonomy":"category","embeddable":true,"href":"https:\/\/www.gm.adv.br\/site\/wp-json\/wp\/v2\/categories?post=5169"},{"taxonomy":"post_tag","embeddable":true,"href":"https:\/\/www.gm.adv.br\/site\/wp-json\/wp\/v2\/tags?post=5169"}],"curies":[{"name":"wp","href":"https:\/\/api.w.org\/{rel}","templated":true}]}}