{"id":5089,"date":"2024-05-03T15:45:30","date_gmt":"2024-05-03T18:45:30","guid":{"rendered":"https:\/\/gm.adv.br\/?p=5089"},"modified":"2024-05-03T15:45:30","modified_gmt":"2024-05-03T18:45:30","slug":"banco-do-brasil-deve-prorrogar-dividas-de-agricultor-com-safra-frustrada","status":"publish","type":"post","link":"https:\/\/www.gm.adv.br\/site\/2024\/05\/03\/banco-do-brasil-deve-prorrogar-dividas-de-agricultor-com-safra-frustrada\/","title":{"rendered":"Banco do Brasil deve prorrogar d\u00edvidas de agricultor com safra frustrada"},"content":{"rendered":"<p>A vara C\u00edvel de Ribeir\u00e3o do Pinhal\/PR, concedeu medida liminar favor\u00e1vel determinando que o Banco do Brasil n\u00e3o negative o nome em \u00f3rg\u00e3os de restri\u00e7\u00e3o de cr\u00e9dito e suspenda a exigibilidade dos contratos de #agricultor que solicitou a prorroga\u00e7\u00e3o de d\u00edvidas rurais decorrente de safra frustrada.<\/p>\n<p>Nos autos, o homem afirmou que visto a \u00faltima safra frustrada propiciada pela forte estiagem e pela queda dr\u00e1stica no pre\u00e7o da soja, n\u00e3o viu outra alternativa sen\u00e3o requerer ao banco a prorroga\u00e7\u00e3o de suas d\u00edvidas. Assim, solicitou que a institui\u00e7\u00e3o financeira n\u00e3o inclua seu nome nos \u00f3rg\u00e3os de restri\u00e7\u00e3o ao cr\u00e9dito, al\u00e9m da suspens\u00e3o de todos os contratos e a prorroga\u00e7\u00e3o compuls\u00f3ria de suas d\u00edvidas sem encargos morat\u00f3rios.<br \/>\nAo analisar o caso, a ju\u00edza Caroline Gazzola Subtil de Oliveira baseou seu entendimento nos requisitos de urg\u00eancia previstos no CPC, reconhecendo o risco de danos irrepar\u00e1veis ao agricultor, que poderiam prejudicar sua continuidade operacional.<\/p>\n<p>&#8220;A probabilidade do direito resta demonstrada pelos documentos acostados, laudo t\u00e9cnico agr\u00edcola, laudo de frusta\u00e7\u00e3o da safra 18\/19, declara\u00e7\u00e3o t\u00e9cnica de capacidade de pagamento, al\u00e9m da notifica\u00e7\u00e3o de proposta de repactua\u00e7\u00e3o dos contratos banc\u00e1rios, o que comprovam, neste momento, as dificuldades enfrentadas pelos autores.&#8221;<\/p>\n<p>Al\u00e9m disso, aplicou a S\u00famula 298 do STJ, que estabelece o alongamento de d\u00edvida rural como um direito do devedor.<\/p>\n<p>Fonte: <a href=\"https:\/\/www.migalhas.com.br\/quentes\/406281\/banco-deve-prorrogar-dividas-de-agricultor-com-safra-frustrada\">Migalhas<\/a><\/p>\n","protected":false},"excerpt":{"rendered":"<p>A vara C\u00edvel de Ribeir\u00e3o do Pinhal\/PR, concedeu medida liminar favor\u00e1vel determinando que o Banco do Brasil n\u00e3o negative o nome em \u00f3rg\u00e3os de restri\u00e7\u00e3o de cr\u00e9dito e suspenda a exigibilidade dos contratos de #agricultor que solicitou a prorroga\u00e7\u00e3o de d\u00edvidas rurais decorrente de safra frustrada. Nos autos, o homem afirmou que visto a \u00faltima [&#8230;]\n","protected":false},"author":1,"featured_media":5085,"comment_status":"closed","ping_status":"closed","sticky":false,"template":"","format":"standard","meta":{"footnotes":""},"categories":[80],"tags":[82,83,88],"class_list":["post-5089","post","type-post","status-publish","format-standard","has-post-thumbnail","hentry","category-direito-do-agronegocio","tag-agronegocio","tag-direito","tag-empresa"],"yoast_head":"<!-- This site is optimized with the Yoast SEO plugin v27.5 - https:\/\/yoast.com\/product\/yoast-seo-wordpress\/ -->\n<title>Banco do Brasil deve prorrogar d\u00edvidas de agricultor com safra frustrada - Guaresi &amp; Mill\u00e9o Advogados Associados | Escrit\u00f3rio de Advocacia em Conc\u00f3rdia-SC | 30 Anos de Experi\u00eancia<\/title>\n<meta name=\"description\" content=\"Banco do Brasil deve prorrogar d\u00edvidas de agricultor com safra frustrada - Guaresi &amp; Mill\u00e9o Advogados Associados | Escrit\u00f3rio de Advocacia em Conc\u00f3rdia-SC | 30 Anos de Experi\u00eancia\" \/>\n<meta name=\"robots\" content=\"index, follow, max-snippet:-1, max-image-preview:large, max-video-preview:-1\" \/>\n<link rel=\"canonical\" href=\"https:\/\/www.gm.adv.br\/site\/2024\/05\/03\/banco-do-brasil-deve-prorrogar-dividas-de-agricultor-com-safra-frustrada\/\" \/>\n<meta property=\"og:locale\" content=\"pt_BR\" \/>\n<meta property=\"og:type\" content=\"article\" \/>\n<meta property=\"og:title\" content=\"Banco do Brasil deve prorrogar d\u00edvidas de agricultor com safra frustrada - Guaresi &amp; Mill\u00e9o Advogados Associados | Escrit\u00f3rio de Advocacia em Conc\u00f3rdia-SC | 30 Anos de Experi\u00eancia\" \/>\n<meta property=\"og:description\" content=\"Banco do Brasil deve prorrogar d\u00edvidas de agricultor com safra frustrada - Guaresi &amp; Mill\u00e9o Advogados Associados | Escrit\u00f3rio de Advocacia em Conc\u00f3rdia-SC | 30 Anos de Experi\u00eancia\" \/>\n<meta property=\"og:url\" content=\"https:\/\/www.gm.adv.br\/site\/2024\/05\/03\/banco-do-brasil-deve-prorrogar-dividas-de-agricultor-com-safra-frustrada\/\" \/>\n<meta property=\"og:site_name\" content=\"Guaresi &amp; Mill\u00e9o Advogados Associados | Escrit\u00f3rio de Advocacia em Conc\u00f3rdia-SC | 30 Anos de Experi\u00eancia\" \/>\n<meta property=\"article:publisher\" content=\"https:\/\/www.facebook.com\/GuaresiMilleoAdvogados\" \/>\n<meta property=\"article:published_time\" content=\"2024-05-03T18:45:30+00:00\" \/>\n<meta property=\"og:image\" content=\"https:\/\/www.gm.adv.br\/site\/wp-content\/uploads\/2024\/04\/img-2.jpg\" \/>\n\t<meta property=\"og:image:width\" content=\"2253\" \/>\n\t<meta property=\"og:image:height\" content=\"1398\" \/>\n\t<meta property=\"og:image:type\" content=\"image\/jpeg\" \/>\n<meta name=\"author\" content=\"admin\" \/>\n<meta name=\"twitter:card\" content=\"summary_large_image\" \/>\n<meta name=\"twitter:label1\" content=\"Escrito por\" \/>\n\t<meta name=\"twitter:data1\" content=\"admin\" \/>\n\t<meta name=\"twitter:label2\" content=\"Est. tempo de leitura\" \/>\n\t<meta name=\"twitter:data2\" content=\"2 minutos\" \/>\n<script type=\"application\/ld+json\" class=\"yoast-schema-graph\">{\"@context\":\"https:\\\/\\\/schema.org\",\"@graph\":[{\"@type\":\"Article\",\"@id\":\"https:\\\/\\\/www.gm.adv.br\\\/site\\\/2024\\\/05\\\/03\\\/banco-do-brasil-deve-prorrogar-dividas-de-agricultor-com-safra-frustrada\\\/#article\",\"isPartOf\":{\"@id\":\"https:\\\/\\\/www.gm.adv.br\\\/site\\\/2024\\\/05\\\/03\\\/banco-do-brasil-deve-prorrogar-dividas-de-agricultor-com-safra-frustrada\\\/\"},\"author\":{\"name\":\"admin\",\"@id\":\"https:\\\/\\\/www.gm.adv.br\\\/site\\\/#\\\/schema\\\/person\\\/7d633a2abab0d9b94253af6efc36428f\"},\"headline\":\"Banco do Brasil deve prorrogar d\u00edvidas de agricultor com safra frustrada\",\"datePublished\":\"2024-05-03T18:45:30+00:00\",\"mainEntityOfPage\":{\"@id\":\"https:\\\/\\\/www.gm.adv.br\\\/site\\\/2024\\\/05\\\/03\\\/banco-do-brasil-deve-prorrogar-dividas-de-agricultor-com-safra-frustrada\\\/\"},\"wordCount\":268,\"publisher\":{\"@id\":\"https:\\\/\\\/www.gm.adv.br\\\/site\\\/#organization\"},\"image\":{\"@id\":\"https:\\\/\\\/www.gm.adv.br\\\/site\\\/2024\\\/05\\\/03\\\/banco-do-brasil-deve-prorrogar-dividas-de-agricultor-com-safra-frustrada\\\/#primaryimage\"},\"thumbnailUrl\":\"https:\\\/\\\/www.gm.adv.br\\\/site\\\/wp-content\\\/uploads\\\/2024\\\/04\\\/img-2.jpg\",\"keywords\":[\"agronegocio\",\"direito\",\"empresa\"],\"articleSection\":[\"Direito do Agroneg\u00f3cio\"],\"inLanguage\":\"pt-BR\"},{\"@type\":\"WebPage\",\"@id\":\"https:\\\/\\\/www.gm.adv.br\\\/site\\\/2024\\\/05\\\/03\\\/banco-do-brasil-deve-prorrogar-dividas-de-agricultor-com-safra-frustrada\\\/\",\"url\":\"https:\\\/\\\/www.gm.adv.br\\\/site\\\/2024\\\/05\\\/03\\\/banco-do-brasil-deve-prorrogar-dividas-de-agricultor-com-safra-frustrada\\\/\",\"name\":\"Banco do Brasil deve prorrogar d\u00edvidas de agricultor com safra frustrada - Guaresi &amp; Mill\u00e9o Advogados Associados | Escrit\u00f3rio de Advocacia em Conc\u00f3rdia-SC | 30 Anos de Experi\u00eancia\",\"isPartOf\":{\"@id\":\"https:\\\/\\\/www.gm.adv.br\\\/site\\\/#website\"},\"primaryImageOfPage\":{\"@id\":\"https:\\\/\\\/www.gm.adv.br\\\/site\\\/2024\\\/05\\\/03\\\/banco-do-brasil-deve-prorrogar-dividas-de-agricultor-com-safra-frustrada\\\/#primaryimage\"},\"image\":{\"@id\":\"https:\\\/\\\/www.gm.adv.br\\\/site\\\/2024\\\/05\\\/03\\\/banco-do-brasil-deve-prorrogar-dividas-de-agricultor-com-safra-frustrada\\\/#primaryimage\"},\"thumbnailUrl\":\"https:\\\/\\\/www.gm.adv.br\\\/site\\\/wp-content\\\/uploads\\\/2024\\\/04\\\/img-2.jpg\",\"datePublished\":\"2024-05-03T18:45:30+00:00\",\"description\":\"Banco do Brasil deve prorrogar d\u00edvidas de agricultor com safra frustrada - Guaresi &amp; Mill\u00e9o Advogados Associados | Escrit\u00f3rio de Advocacia em Conc\u00f3rdia-SC | 30 Anos de Experi\u00eancia\",\"breadcrumb\":{\"@id\":\"https:\\\/\\\/www.gm.adv.br\\\/site\\\/2024\\\/05\\\/03\\\/banco-do-brasil-deve-prorrogar-dividas-de-agricultor-com-safra-frustrada\\\/#breadcrumb\"},\"inLanguage\":\"pt-BR\",\"potentialAction\":[{\"@type\":\"ReadAction\",\"target\":[\"https:\\\/\\\/www.gm.adv.br\\\/site\\\/2024\\\/05\\\/03\\\/banco-do-brasil-deve-prorrogar-dividas-de-agricultor-com-safra-frustrada\\\/\"]}]},{\"@type\":\"ImageObject\",\"inLanguage\":\"pt-BR\",\"@id\":\"https:\\\/\\\/www.gm.adv.br\\\/site\\\/2024\\\/05\\\/03\\\/banco-do-brasil-deve-prorrogar-dividas-de-agricultor-com-safra-frustrada\\\/#primaryimage\",\"url\":\"https:\\\/\\\/www.gm.adv.br\\\/site\\\/wp-content\\\/uploads\\\/2024\\\/04\\\/img-2.jpg\",\"contentUrl\":\"https:\\\/\\\/www.gm.adv.br\\\/site\\\/wp-content\\\/uploads\\\/2024\\\/04\\\/img-2.jpg\",\"width\":2253,\"height\":1398},{\"@type\":\"BreadcrumbList\",\"@id\":\"https:\\\/\\\/www.gm.adv.br\\\/site\\\/2024\\\/05\\\/03\\\/banco-do-brasil-deve-prorrogar-dividas-de-agricultor-com-safra-frustrada\\\/#breadcrumb\",\"itemListElement\":[{\"@type\":\"ListItem\",\"position\":1,\"name\":\"In\u00edcio\",\"item\":\"https:\\\/\\\/www.gm.adv.br\\\/site\\\/\"},{\"@type\":\"ListItem\",\"position\":2,\"name\":\"Banco do Brasil deve prorrogar d\u00edvidas de agricultor com safra frustrada\"}]},{\"@type\":\"WebSite\",\"@id\":\"https:\\\/\\\/www.gm.adv.br\\\/site\\\/#website\",\"url\":\"https:\\\/\\\/www.gm.adv.br\\\/site\\\/\",\"name\":\"Guaresi & Mill\u00e9o Advogados Associados | Escrit\u00f3rio de Advocacia em Conc\u00f3rdia-SC | 30 Anos de Experi\u00eanci\",\"description\":\"Advocacia Direito Banc\u00e1rio, Tribut\u00e1rio, Trabalhista, C\u00edvil, P\u00fablica, Municipal, Advogados Associados Guaresi e Mill\u00e9o  |  Conc\u00f3rdia SC\",\"publisher\":{\"@id\":\"https:\\\/\\\/www.gm.adv.br\\\/site\\\/#organization\"},\"alternateName\":\"Guaresi e Mill\u00e9o Escrit\u00f3rio de Advocacia e Consultoria em Conc\u00f3rdia-SC\",\"potentialAction\":[{\"@type\":\"SearchAction\",\"target\":{\"@type\":\"EntryPoint\",\"urlTemplate\":\"https:\\\/\\\/www.gm.adv.br\\\/site\\\/?s={search_term_string}\"},\"query-input\":{\"@type\":\"PropertyValueSpecification\",\"valueRequired\":true,\"valueName\":\"search_term_string\"}}],\"inLanguage\":\"pt-BR\"},{\"@type\":\"Organization\",\"@id\":\"https:\\\/\\\/www.gm.adv.br\\\/site\\\/#organization\",\"name\":\"Guaresi & Milleo Advogados Associados em Conc\u00f3rdia SC\",\"alternateName\":\"Guaresi e Milleo Advocacia e Consultoria\",\"url\":\"https:\\\/\\\/www.gm.adv.br\\\/site\\\/\",\"logo\":{\"@type\":\"ImageObject\",\"inLanguage\":\"pt-BR\",\"@id\":\"https:\\\/\\\/www.gm.adv.br\\\/site\\\/#\\\/schema\\\/logo\\\/image\\\/\",\"url\":\"https:\\\/\\\/www.gm.adv.br\\\/site\\\/wp-content\\\/uploads\\\/2025\\\/07\\\/cropped-icone-512.webp\",\"contentUrl\":\"https:\\\/\\\/www.gm.adv.br\\\/site\\\/wp-content\\\/uploads\\\/2025\\\/07\\\/cropped-icone-512.webp\",\"width\":512,\"height\":512,\"caption\":\"Guaresi & Milleo Advogados Associados em Conc\u00f3rdia SC\"},\"image\":{\"@id\":\"https:\\\/\\\/www.gm.adv.br\\\/site\\\/#\\\/schema\\\/logo\\\/image\\\/\"},\"sameAs\":[\"https:\\\/\\\/www.facebook.com\\\/GuaresiMilleoAdvogados\",\"https:\\\/\\\/www.instagram.com\\\/guaresiemilleo\\\/\",\"https:\\\/\\\/br.linkedin.com\\\/company\\\/guaresimilleo\"]},{\"@type\":\"Person\",\"@id\":\"https:\\\/\\\/www.gm.adv.br\\\/site\\\/#\\\/schema\\\/person\\\/7d633a2abab0d9b94253af6efc36428f\",\"name\":\"admin\",\"image\":{\"@type\":\"ImageObject\",\"inLanguage\":\"pt-BR\",\"@id\":\"https:\\\/\\\/secure.gravatar.com\\\/avatar\\\/c8bb173d280f7d1e50b67bb649de269247430499695ba3ee451b6289436d1d39?s=96&d=mm&r=g\",\"url\":\"https:\\\/\\\/secure.gravatar.com\\\/avatar\\\/c8bb173d280f7d1e50b67bb649de269247430499695ba3ee451b6289436d1d39?s=96&d=mm&r=g\",\"contentUrl\":\"https:\\\/\\\/secure.gravatar.com\\\/avatar\\\/c8bb173d280f7d1e50b67bb649de269247430499695ba3ee451b6289436d1d39?s=96&d=mm&r=g\",\"caption\":\"admin\"},\"sameAs\":[\"https:\\\/\\\/www.gm.adv.br\\\/site\"],\"url\":\"https:\\\/\\\/www.gm.adv.br\\\/site\\\/author\\\/admin\\\/\"}]}<\/script>\n<!-- \/ Yoast SEO plugin. -->","yoast_head_json":{"title":"Banco do Brasil deve prorrogar d\u00edvidas de agricultor com safra frustrada - Guaresi &amp; Mill\u00e9o Advogados Associados | Escrit\u00f3rio de Advocacia em Conc\u00f3rdia-SC | 30 Anos de Experi\u00eancia","description":"Banco do Brasil deve prorrogar d\u00edvidas de agricultor com safra frustrada - Guaresi &amp; Mill\u00e9o Advogados Associados | Escrit\u00f3rio de Advocacia em Conc\u00f3rdia-SC | 30 Anos de Experi\u00eancia","robots":{"index":"index","follow":"follow","max-snippet":"max-snippet:-1","max-image-preview":"max-image-preview:large","max-video-preview":"max-video-preview:-1"},"canonical":"https:\/\/www.gm.adv.br\/site\/2024\/05\/03\/banco-do-brasil-deve-prorrogar-dividas-de-agricultor-com-safra-frustrada\/","og_locale":"pt_BR","og_type":"article","og_title":"Banco do Brasil deve prorrogar d\u00edvidas de agricultor com safra frustrada - Guaresi &amp; Mill\u00e9o Advogados Associados | Escrit\u00f3rio de Advocacia em Conc\u00f3rdia-SC | 30 Anos de Experi\u00eancia","og_description":"Banco do Brasil deve prorrogar d\u00edvidas de agricultor com safra frustrada - Guaresi &amp; Mill\u00e9o Advogados Associados | Escrit\u00f3rio de Advocacia em Conc\u00f3rdia-SC | 30 Anos de Experi\u00eancia","og_url":"https:\/\/www.gm.adv.br\/site\/2024\/05\/03\/banco-do-brasil-deve-prorrogar-dividas-de-agricultor-com-safra-frustrada\/","og_site_name":"Guaresi &amp; Mill\u00e9o Advogados Associados | Escrit\u00f3rio de Advocacia em Conc\u00f3rdia-SC | 30 Anos de Experi\u00eancia","article_publisher":"https:\/\/www.facebook.com\/GuaresiMilleoAdvogados","article_published_time":"2024-05-03T18:45:30+00:00","og_image":[{"width":2253,"height":1398,"url":"https:\/\/www.gm.adv.br\/site\/wp-content\/uploads\/2024\/04\/img-2.jpg","type":"image\/jpeg"}],"author":"admin","twitter_card":"summary_large_image","twitter_misc":{"Escrito por":"admin","Est. tempo de leitura":"2 minutos"},"schema":{"@context":"https:\/\/schema.org","@graph":[{"@type":"Article","@id":"https:\/\/www.gm.adv.br\/site\/2024\/05\/03\/banco-do-brasil-deve-prorrogar-dividas-de-agricultor-com-safra-frustrada\/#article","isPartOf":{"@id":"https:\/\/www.gm.adv.br\/site\/2024\/05\/03\/banco-do-brasil-deve-prorrogar-dividas-de-agricultor-com-safra-frustrada\/"},"author":{"name":"admin","@id":"https:\/\/www.gm.adv.br\/site\/#\/schema\/person\/7d633a2abab0d9b94253af6efc36428f"},"headline":"Banco do Brasil deve prorrogar d\u00edvidas de agricultor com safra frustrada","datePublished":"2024-05-03T18:45:30+00:00","mainEntityOfPage":{"@id":"https:\/\/www.gm.adv.br\/site\/2024\/05\/03\/banco-do-brasil-deve-prorrogar-dividas-de-agricultor-com-safra-frustrada\/"},"wordCount":268,"publisher":{"@id":"https:\/\/www.gm.adv.br\/site\/#organization"},"image":{"@id":"https:\/\/www.gm.adv.br\/site\/2024\/05\/03\/banco-do-brasil-deve-prorrogar-dividas-de-agricultor-com-safra-frustrada\/#primaryimage"},"thumbnailUrl":"https:\/\/www.gm.adv.br\/site\/wp-content\/uploads\/2024\/04\/img-2.jpg","keywords":["agronegocio","direito","empresa"],"articleSection":["Direito do Agroneg\u00f3cio"],"inLanguage":"pt-BR"},{"@type":"WebPage","@id":"https:\/\/www.gm.adv.br\/site\/2024\/05\/03\/banco-do-brasil-deve-prorrogar-dividas-de-agricultor-com-safra-frustrada\/","url":"https:\/\/www.gm.adv.br\/site\/2024\/05\/03\/banco-do-brasil-deve-prorrogar-dividas-de-agricultor-com-safra-frustrada\/","name":"Banco do Brasil deve prorrogar d\u00edvidas de agricultor com safra frustrada - Guaresi &amp; Mill\u00e9o Advogados Associados | Escrit\u00f3rio de Advocacia em Conc\u00f3rdia-SC | 30 Anos de Experi\u00eancia","isPartOf":{"@id":"https:\/\/www.gm.adv.br\/site\/#website"},"primaryImageOfPage":{"@id":"https:\/\/www.gm.adv.br\/site\/2024\/05\/03\/banco-do-brasil-deve-prorrogar-dividas-de-agricultor-com-safra-frustrada\/#primaryimage"},"image":{"@id":"https:\/\/www.gm.adv.br\/site\/2024\/05\/03\/banco-do-brasil-deve-prorrogar-dividas-de-agricultor-com-safra-frustrada\/#primaryimage"},"thumbnailUrl":"https:\/\/www.gm.adv.br\/site\/wp-content\/uploads\/2024\/04\/img-2.jpg","datePublished":"2024-05-03T18:45:30+00:00","description":"Banco do Brasil deve prorrogar d\u00edvidas de agricultor com safra frustrada - Guaresi &amp; Mill\u00e9o Advogados Associados | Escrit\u00f3rio de Advocacia em Conc\u00f3rdia-SC | 30 Anos de Experi\u00eancia","breadcrumb":{"@id":"https:\/\/www.gm.adv.br\/site\/2024\/05\/03\/banco-do-brasil-deve-prorrogar-dividas-de-agricultor-com-safra-frustrada\/#breadcrumb"},"inLanguage":"pt-BR","potentialAction":[{"@type":"ReadAction","target":["https:\/\/www.gm.adv.br\/site\/2024\/05\/03\/banco-do-brasil-deve-prorrogar-dividas-de-agricultor-com-safra-frustrada\/"]}]},{"@type":"ImageObject","inLanguage":"pt-BR","@id":"https:\/\/www.gm.adv.br\/site\/2024\/05\/03\/banco-do-brasil-deve-prorrogar-dividas-de-agricultor-com-safra-frustrada\/#primaryimage","url":"https:\/\/www.gm.adv.br\/site\/wp-content\/uploads\/2024\/04\/img-2.jpg","contentUrl":"https:\/\/www.gm.adv.br\/site\/wp-content\/uploads\/2024\/04\/img-2.jpg","width":2253,"height":1398},{"@type":"BreadcrumbList","@id":"https:\/\/www.gm.adv.br\/site\/2024\/05\/03\/banco-do-brasil-deve-prorrogar-dividas-de-agricultor-com-safra-frustrada\/#breadcrumb","itemListElement":[{"@type":"ListItem","position":1,"name":"In\u00edcio","item":"https:\/\/www.gm.adv.br\/site\/"},{"@type":"ListItem","position":2,"name":"Banco do Brasil deve prorrogar d\u00edvidas de agricultor com safra frustrada"}]},{"@type":"WebSite","@id":"https:\/\/www.gm.adv.br\/site\/#website","url":"https:\/\/www.gm.adv.br\/site\/","name":"Guaresi & Mill\u00e9o Advogados Associados | Escrit\u00f3rio de Advocacia em Conc\u00f3rdia-SC | 30 Anos de Experi\u00eanci","description":"Advocacia Direito Banc\u00e1rio, Tribut\u00e1rio, Trabalhista, C\u00edvil, P\u00fablica, Municipal, Advogados Associados Guaresi e Mill\u00e9o  |  Conc\u00f3rdia SC","publisher":{"@id":"https:\/\/www.gm.adv.br\/site\/#organization"},"alternateName":"Guaresi e Mill\u00e9o Escrit\u00f3rio de Advocacia e Consultoria em Conc\u00f3rdia-SC","potentialAction":[{"@type":"SearchAction","target":{"@type":"EntryPoint","urlTemplate":"https:\/\/www.gm.adv.br\/site\/?s={search_term_string}"},"query-input":{"@type":"PropertyValueSpecification","valueRequired":true,"valueName":"search_term_string"}}],"inLanguage":"pt-BR"},{"@type":"Organization","@id":"https:\/\/www.gm.adv.br\/site\/#organization","name":"Guaresi & Milleo Advogados Associados em Conc\u00f3rdia SC","alternateName":"Guaresi e Milleo Advocacia e Consultoria","url":"https:\/\/www.gm.adv.br\/site\/","logo":{"@type":"ImageObject","inLanguage":"pt-BR","@id":"https:\/\/www.gm.adv.br\/site\/#\/schema\/logo\/image\/","url":"https:\/\/www.gm.adv.br\/site\/wp-content\/uploads\/2025\/07\/cropped-icone-512.webp","contentUrl":"https:\/\/www.gm.adv.br\/site\/wp-content\/uploads\/2025\/07\/cropped-icone-512.webp","width":512,"height":512,"caption":"Guaresi & Milleo Advogados Associados em Conc\u00f3rdia SC"},"image":{"@id":"https:\/\/www.gm.adv.br\/site\/#\/schema\/logo\/image\/"},"sameAs":["https:\/\/www.facebook.com\/GuaresiMilleoAdvogados","https:\/\/www.instagram.com\/guaresiemilleo\/","https:\/\/br.linkedin.com\/company\/guaresimilleo"]},{"@type":"Person","@id":"https:\/\/www.gm.adv.br\/site\/#\/schema\/person\/7d633a2abab0d9b94253af6efc36428f","name":"admin","image":{"@type":"ImageObject","inLanguage":"pt-BR","@id":"https:\/\/secure.gravatar.com\/avatar\/c8bb173d280f7d1e50b67bb649de269247430499695ba3ee451b6289436d1d39?s=96&d=mm&r=g","url":"https:\/\/secure.gravatar.com\/avatar\/c8bb173d280f7d1e50b67bb649de269247430499695ba3ee451b6289436d1d39?s=96&d=mm&r=g","contentUrl":"https:\/\/secure.gravatar.com\/avatar\/c8bb173d280f7d1e50b67bb649de269247430499695ba3ee451b6289436d1d39?s=96&d=mm&r=g","caption":"admin"},"sameAs":["https:\/\/www.gm.adv.br\/site"],"url":"https:\/\/www.gm.adv.br\/site\/author\/admin\/"}]}},"_links":{"self":[{"href":"https:\/\/www.gm.adv.br\/site\/wp-json\/wp\/v2\/posts\/5089","targetHints":{"allow":["GET"]}}],"collection":[{"href":"https:\/\/www.gm.adv.br\/site\/wp-json\/wp\/v2\/posts"}],"about":[{"href":"https:\/\/www.gm.adv.br\/site\/wp-json\/wp\/v2\/types\/post"}],"author":[{"embeddable":true,"href":"https:\/\/www.gm.adv.br\/site\/wp-json\/wp\/v2\/users\/1"}],"replies":[{"embeddable":true,"href":"https:\/\/www.gm.adv.br\/site\/wp-json\/wp\/v2\/comments?post=5089"}],"version-history":[{"count":0,"href":"https:\/\/www.gm.adv.br\/site\/wp-json\/wp\/v2\/posts\/5089\/revisions"}],"wp:featuredmedia":[{"embeddable":true,"href":"https:\/\/www.gm.adv.br\/site\/wp-json\/wp\/v2\/media\/5085"}],"wp:attachment":[{"href":"https:\/\/www.gm.adv.br\/site\/wp-json\/wp\/v2\/media?parent=5089"}],"wp:term":[{"taxonomy":"category","embeddable":true,"href":"https:\/\/www.gm.adv.br\/site\/wp-json\/wp\/v2\/categories?post=5089"},{"taxonomy":"post_tag","embeddable":true,"href":"https:\/\/www.gm.adv.br\/site\/wp-json\/wp\/v2\/tags?post=5089"}],"curies":[{"name":"wp","href":"https:\/\/api.w.org\/{rel}","templated":true}]}}