{"id":5087,"date":"2024-05-03T15:41:34","date_gmt":"2024-05-03T18:41:34","guid":{"rendered":"https:\/\/gm.adv.br\/?p=5087"},"modified":"2024-05-03T15:41:34","modified_gmt":"2024-05-03T18:41:34","slug":"trabalhadora-que-caiu-na-malha-fina-por-culpa-da-empresa-sera-indenizada","status":"publish","type":"post","link":"https:\/\/www.gm.adv.br\/site\/2024\/05\/03\/trabalhadora-que-caiu-na-malha-fina-por-culpa-da-empresa-sera-indenizada\/","title":{"rendered":"Trabalhadora que caiu na malha fina por culpa da empresa ser\u00e1 indenizada"},"content":{"rendered":"<p>Uma promotora de vendas de S\u00e3o Paulo vai receber indeniza\u00e7\u00e3o de R$ 3 mil porque a empresa em que ela trabalha n\u00e3o entregou a declara\u00e7\u00e3o de seu Imposto de Renda retido na fonte \u00e0 Receita Federal. Essa decis\u00e3o \u00e9 da 8\u00aa Turma do Tribunal Superior do Trabalho, que considerou ter havido ofensa \u00e0 dignidade da trabalhadora, que teve seu nome inclu\u00eddo na malha fina.<\/p>\n<p>Na reclama\u00e7\u00e3o trabalhista, a empregada relatou que a conduta da empresa de n\u00e3o informar o imposto retido gerou inconsist\u00eancias em sua declara\u00e7\u00e3o anual. Al\u00e9m de sua restitui\u00e7\u00e3o ter ficado retida, ela caiu na malha fina e n\u00e3o p\u00f4de fazer nenhum neg\u00f3cio que dependesse do documento. A seu ver, tratou-se de ato il\u00edcito que deveria ser punido, por ter causado danos \u00e0 sua honra e \u00e0 sua imagem.<\/p>\n<p>O ju\u00edzo da 2\u00aa Vara do Trabalho de Tabo\u00e3o da Serra (SP) condenou a empresa a pagar indeniza\u00e7\u00e3o de R$ 3 mil, mas a senten\u00e7a foi reformada pelo Tribunal Regional do Trabalho da 2\u00aa Regi\u00e3o (Grande S\u00e3o Paulo e litoral paulista), que afastou a gravidade do fato. Para a corte de segunda inst\u00e2ncia, qualquer pessoa pode passar por processo de fiscaliza\u00e7\u00e3o tribut\u00e1ria sem que isso implique atingir seus direitos de personalidade. O TRT observou ainda que o equ\u00edvoco da empresa foi prontamente corrigido sem que gerasse maiores desconfortos \u00e0 empregada.<\/p>\n<p>No TST, por\u00e9m, prevaleceu o voto do ministro S\u00e9rgio Pinto Martins, relator da mat\u00e9ria, para restabelecer a condena\u00e7\u00e3o. Segundo ele, o empregador cometeu ato il\u00edcito por deixar de cumprir corretamente uma obriga\u00e7\u00e3o e causou dano \u00e0 empregada. \u201cPor omiss\u00e3o da empresa, a trabalhadora foi autuada pela Receita Federal e foi al\u00e7ada \u00e0 condi\u00e7\u00e3o de devedora do Fisco.\u201d A decis\u00e3o foi un\u00e2nime.<br \/>\nFonte: <a href=\"https:\/\/www.conjur.com.br\/2024-abr-11\/trabalhadora-que-caiu-na-malha-fina-por-culpa-da-empresa-sera-indenizada\/\">Conjur<\/a><\/p>\n","protected":false},"excerpt":{"rendered":"<p>Uma promotora de vendas de S\u00e3o Paulo vai receber indeniza\u00e7\u00e3o de R$ 3 mil porque a empresa em que ela trabalha n\u00e3o entregou a declara\u00e7\u00e3o de seu Imposto de Renda retido na fonte \u00e0 Receita Federal. Essa decis\u00e3o \u00e9 da 8\u00aa Turma do Tribunal Superior do Trabalho, que considerou ter havido ofensa \u00e0 dignidade da [&#8230;]\n","protected":false},"author":1,"featured_media":5083,"comment_status":"closed","ping_status":"closed","sticky":false,"template":"","format":"standard","meta":{"footnotes":""},"categories":[68],"tags":[85,88],"class_list":["post-5087","post","type-post","status-publish","format-standard","has-post-thumbnail","hentry","category-direito-do-trabalho","tag-direitodotrabalho","tag-empresa"],"yoast_head":"<!-- This site is optimized with the Yoast SEO plugin v27.5 - https:\/\/yoast.com\/product\/yoast-seo-wordpress\/ -->\n<title>Trabalhadora que caiu na malha fina por culpa da empresa ser\u00e1 indenizada - Guaresi &amp; Mill\u00e9o Advogados Associados | Escrit\u00f3rio de Advocacia em Conc\u00f3rdia-SC | 30 Anos de Experi\u00eancia<\/title>\n<meta name=\"description\" content=\"Trabalhadora que caiu na malha fina por culpa da empresa ser\u00e1 indenizada - Guaresi &amp; Mill\u00e9o Advogados Associados | Escrit\u00f3rio de Advocacia em Conc\u00f3rdia-SC | 30 Anos de Experi\u00eancia\" \/>\n<meta name=\"robots\" content=\"index, follow, max-snippet:-1, max-image-preview:large, max-video-preview:-1\" \/>\n<link rel=\"canonical\" href=\"https:\/\/www.gm.adv.br\/site\/2024\/05\/03\/trabalhadora-que-caiu-na-malha-fina-por-culpa-da-empresa-sera-indenizada\/\" \/>\n<meta property=\"og:locale\" content=\"pt_BR\" \/>\n<meta property=\"og:type\" content=\"article\" \/>\n<meta property=\"og:title\" content=\"Trabalhadora que caiu na malha fina por culpa da empresa ser\u00e1 indenizada - Guaresi &amp; Mill\u00e9o Advogados Associados | Escrit\u00f3rio de Advocacia em Conc\u00f3rdia-SC | 30 Anos de Experi\u00eancia\" \/>\n<meta property=\"og:description\" content=\"Trabalhadora que caiu na malha fina por culpa da empresa ser\u00e1 indenizada - Guaresi &amp; Mill\u00e9o Advogados Associados | Escrit\u00f3rio de Advocacia em Conc\u00f3rdia-SC | 30 Anos de Experi\u00eancia\" \/>\n<meta property=\"og:url\" content=\"https:\/\/www.gm.adv.br\/site\/2024\/05\/03\/trabalhadora-que-caiu-na-malha-fina-por-culpa-da-empresa-sera-indenizada\/\" \/>\n<meta property=\"og:site_name\" content=\"Guaresi &amp; Mill\u00e9o Advogados Associados | Escrit\u00f3rio de Advocacia em Conc\u00f3rdia-SC | 30 Anos de Experi\u00eancia\" \/>\n<meta property=\"article:publisher\" content=\"https:\/\/www.facebook.com\/GuaresiMilleoAdvogados\" \/>\n<meta property=\"article:published_time\" content=\"2024-05-03T18:41:34+00:00\" \/>\n<meta property=\"og:image\" content=\"https:\/\/www.gm.adv.br\/site\/wp-content\/uploads\/2024\/04\/img-3.jpg\" \/>\n\t<meta property=\"og:image:width\" content=\"2196\" \/>\n\t<meta property=\"og:image:height\" content=\"1464\" \/>\n\t<meta property=\"og:image:type\" content=\"image\/jpeg\" \/>\n<meta name=\"author\" content=\"admin\" \/>\n<meta name=\"twitter:card\" content=\"summary_large_image\" \/>\n<meta name=\"twitter:label1\" content=\"Escrito por\" \/>\n\t<meta name=\"twitter:data1\" content=\"admin\" \/>\n\t<meta name=\"twitter:label2\" content=\"Est. tempo de leitura\" \/>\n\t<meta name=\"twitter:data2\" content=\"2 minutos\" \/>\n<script type=\"application\/ld+json\" class=\"yoast-schema-graph\">{\"@context\":\"https:\\\/\\\/schema.org\",\"@graph\":[{\"@type\":\"Article\",\"@id\":\"https:\\\/\\\/www.gm.adv.br\\\/site\\\/2024\\\/05\\\/03\\\/trabalhadora-que-caiu-na-malha-fina-por-culpa-da-empresa-sera-indenizada\\\/#article\",\"isPartOf\":{\"@id\":\"https:\\\/\\\/www.gm.adv.br\\\/site\\\/2024\\\/05\\\/03\\\/trabalhadora-que-caiu-na-malha-fina-por-culpa-da-empresa-sera-indenizada\\\/\"},\"author\":{\"name\":\"admin\",\"@id\":\"https:\\\/\\\/www.gm.adv.br\\\/site\\\/#\\\/schema\\\/person\\\/7d633a2abab0d9b94253af6efc36428f\"},\"headline\":\"Trabalhadora que caiu na malha fina por culpa da empresa ser\u00e1 indenizada\",\"datePublished\":\"2024-05-03T18:41:34+00:00\",\"mainEntityOfPage\":{\"@id\":\"https:\\\/\\\/www.gm.adv.br\\\/site\\\/2024\\\/05\\\/03\\\/trabalhadora-que-caiu-na-malha-fina-por-culpa-da-empresa-sera-indenizada\\\/\"},\"wordCount\":320,\"publisher\":{\"@id\":\"https:\\\/\\\/www.gm.adv.br\\\/site\\\/#organization\"},\"image\":{\"@id\":\"https:\\\/\\\/www.gm.adv.br\\\/site\\\/2024\\\/05\\\/03\\\/trabalhadora-que-caiu-na-malha-fina-por-culpa-da-empresa-sera-indenizada\\\/#primaryimage\"},\"thumbnailUrl\":\"https:\\\/\\\/www.gm.adv.br\\\/site\\\/wp-content\\\/uploads\\\/2024\\\/04\\\/img-3.jpg\",\"keywords\":[\"direitodotrabalho\",\"empresa\"],\"articleSection\":[\"Direito do Trabalho\"],\"inLanguage\":\"pt-BR\"},{\"@type\":\"WebPage\",\"@id\":\"https:\\\/\\\/www.gm.adv.br\\\/site\\\/2024\\\/05\\\/03\\\/trabalhadora-que-caiu-na-malha-fina-por-culpa-da-empresa-sera-indenizada\\\/\",\"url\":\"https:\\\/\\\/www.gm.adv.br\\\/site\\\/2024\\\/05\\\/03\\\/trabalhadora-que-caiu-na-malha-fina-por-culpa-da-empresa-sera-indenizada\\\/\",\"name\":\"Trabalhadora que caiu na malha fina por culpa da empresa ser\u00e1 indenizada - Guaresi &amp; Mill\u00e9o Advogados Associados | Escrit\u00f3rio de Advocacia em Conc\u00f3rdia-SC | 30 Anos de Experi\u00eancia\",\"isPartOf\":{\"@id\":\"https:\\\/\\\/www.gm.adv.br\\\/site\\\/#website\"},\"primaryImageOfPage\":{\"@id\":\"https:\\\/\\\/www.gm.adv.br\\\/site\\\/2024\\\/05\\\/03\\\/trabalhadora-que-caiu-na-malha-fina-por-culpa-da-empresa-sera-indenizada\\\/#primaryimage\"},\"image\":{\"@id\":\"https:\\\/\\\/www.gm.adv.br\\\/site\\\/2024\\\/05\\\/03\\\/trabalhadora-que-caiu-na-malha-fina-por-culpa-da-empresa-sera-indenizada\\\/#primaryimage\"},\"thumbnailUrl\":\"https:\\\/\\\/www.gm.adv.br\\\/site\\\/wp-content\\\/uploads\\\/2024\\\/04\\\/img-3.jpg\",\"datePublished\":\"2024-05-03T18:41:34+00:00\",\"description\":\"Trabalhadora que caiu na malha fina por culpa da empresa ser\u00e1 indenizada - Guaresi &amp; Mill\u00e9o Advogados Associados | Escrit\u00f3rio de Advocacia em Conc\u00f3rdia-SC | 30 Anos de Experi\u00eancia\",\"breadcrumb\":{\"@id\":\"https:\\\/\\\/www.gm.adv.br\\\/site\\\/2024\\\/05\\\/03\\\/trabalhadora-que-caiu-na-malha-fina-por-culpa-da-empresa-sera-indenizada\\\/#breadcrumb\"},\"inLanguage\":\"pt-BR\",\"potentialAction\":[{\"@type\":\"ReadAction\",\"target\":[\"https:\\\/\\\/www.gm.adv.br\\\/site\\\/2024\\\/05\\\/03\\\/trabalhadora-que-caiu-na-malha-fina-por-culpa-da-empresa-sera-indenizada\\\/\"]}]},{\"@type\":\"ImageObject\",\"inLanguage\":\"pt-BR\",\"@id\":\"https:\\\/\\\/www.gm.adv.br\\\/site\\\/2024\\\/05\\\/03\\\/trabalhadora-que-caiu-na-malha-fina-por-culpa-da-empresa-sera-indenizada\\\/#primaryimage\",\"url\":\"https:\\\/\\\/www.gm.adv.br\\\/site\\\/wp-content\\\/uploads\\\/2024\\\/04\\\/img-3.jpg\",\"contentUrl\":\"https:\\\/\\\/www.gm.adv.br\\\/site\\\/wp-content\\\/uploads\\\/2024\\\/04\\\/img-3.jpg\",\"width\":2196,\"height\":1464},{\"@type\":\"BreadcrumbList\",\"@id\":\"https:\\\/\\\/www.gm.adv.br\\\/site\\\/2024\\\/05\\\/03\\\/trabalhadora-que-caiu-na-malha-fina-por-culpa-da-empresa-sera-indenizada\\\/#breadcrumb\",\"itemListElement\":[{\"@type\":\"ListItem\",\"position\":1,\"name\":\"In\u00edcio\",\"item\":\"https:\\\/\\\/www.gm.adv.br\\\/site\\\/\"},{\"@type\":\"ListItem\",\"position\":2,\"name\":\"Trabalhadora que caiu na malha fina por culpa da empresa ser\u00e1 indenizada\"}]},{\"@type\":\"WebSite\",\"@id\":\"https:\\\/\\\/www.gm.adv.br\\\/site\\\/#website\",\"url\":\"https:\\\/\\\/www.gm.adv.br\\\/site\\\/\",\"name\":\"Guaresi & Mill\u00e9o Advogados Associados | Escrit\u00f3rio de Advocacia em Conc\u00f3rdia-SC | 30 Anos de Experi\u00eanci\",\"description\":\"Advocacia Direito Banc\u00e1rio, Tribut\u00e1rio, Trabalhista, C\u00edvil, P\u00fablica, Municipal, Advogados Associados Guaresi e Mill\u00e9o  |  Conc\u00f3rdia SC\",\"publisher\":{\"@id\":\"https:\\\/\\\/www.gm.adv.br\\\/site\\\/#organization\"},\"alternateName\":\"Guaresi e Mill\u00e9o Escrit\u00f3rio de Advocacia e Consultoria em Conc\u00f3rdia-SC\",\"potentialAction\":[{\"@type\":\"SearchAction\",\"target\":{\"@type\":\"EntryPoint\",\"urlTemplate\":\"https:\\\/\\\/www.gm.adv.br\\\/site\\\/?s={search_term_string}\"},\"query-input\":{\"@type\":\"PropertyValueSpecification\",\"valueRequired\":true,\"valueName\":\"search_term_string\"}}],\"inLanguage\":\"pt-BR\"},{\"@type\":\"Organization\",\"@id\":\"https:\\\/\\\/www.gm.adv.br\\\/site\\\/#organization\",\"name\":\"Guaresi & Milleo Advogados Associados em Conc\u00f3rdia SC\",\"alternateName\":\"Guaresi e Milleo Advocacia e Consultoria\",\"url\":\"https:\\\/\\\/www.gm.adv.br\\\/site\\\/\",\"logo\":{\"@type\":\"ImageObject\",\"inLanguage\":\"pt-BR\",\"@id\":\"https:\\\/\\\/www.gm.adv.br\\\/site\\\/#\\\/schema\\\/logo\\\/image\\\/\",\"url\":\"https:\\\/\\\/www.gm.adv.br\\\/site\\\/wp-content\\\/uploads\\\/2025\\\/07\\\/cropped-icone-512.webp\",\"contentUrl\":\"https:\\\/\\\/www.gm.adv.br\\\/site\\\/wp-content\\\/uploads\\\/2025\\\/07\\\/cropped-icone-512.webp\",\"width\":512,\"height\":512,\"caption\":\"Guaresi & Milleo Advogados Associados em Conc\u00f3rdia SC\"},\"image\":{\"@id\":\"https:\\\/\\\/www.gm.adv.br\\\/site\\\/#\\\/schema\\\/logo\\\/image\\\/\"},\"sameAs\":[\"https:\\\/\\\/www.facebook.com\\\/GuaresiMilleoAdvogados\",\"https:\\\/\\\/www.instagram.com\\\/guaresiemilleo\\\/\",\"https:\\\/\\\/br.linkedin.com\\\/company\\\/guaresimilleo\"]},{\"@type\":\"Person\",\"@id\":\"https:\\\/\\\/www.gm.adv.br\\\/site\\\/#\\\/schema\\\/person\\\/7d633a2abab0d9b94253af6efc36428f\",\"name\":\"admin\",\"image\":{\"@type\":\"ImageObject\",\"inLanguage\":\"pt-BR\",\"@id\":\"https:\\\/\\\/secure.gravatar.com\\\/avatar\\\/c8bb173d280f7d1e50b67bb649de269247430499695ba3ee451b6289436d1d39?s=96&d=mm&r=g\",\"url\":\"https:\\\/\\\/secure.gravatar.com\\\/avatar\\\/c8bb173d280f7d1e50b67bb649de269247430499695ba3ee451b6289436d1d39?s=96&d=mm&r=g\",\"contentUrl\":\"https:\\\/\\\/secure.gravatar.com\\\/avatar\\\/c8bb173d280f7d1e50b67bb649de269247430499695ba3ee451b6289436d1d39?s=96&d=mm&r=g\",\"caption\":\"admin\"},\"sameAs\":[\"https:\\\/\\\/www.gm.adv.br\\\/site\"],\"url\":\"https:\\\/\\\/www.gm.adv.br\\\/site\\\/author\\\/admin\\\/\"}]}<\/script>\n<!-- \/ Yoast SEO plugin. -->","yoast_head_json":{"title":"Trabalhadora que caiu na malha fina por culpa da empresa ser\u00e1 indenizada - Guaresi &amp; Mill\u00e9o Advogados Associados | Escrit\u00f3rio de Advocacia em Conc\u00f3rdia-SC | 30 Anos de Experi\u00eancia","description":"Trabalhadora que caiu na malha fina por culpa da empresa ser\u00e1 indenizada - Guaresi &amp; Mill\u00e9o Advogados Associados | Escrit\u00f3rio de Advocacia em Conc\u00f3rdia-SC | 30 Anos de Experi\u00eancia","robots":{"index":"index","follow":"follow","max-snippet":"max-snippet:-1","max-image-preview":"max-image-preview:large","max-video-preview":"max-video-preview:-1"},"canonical":"https:\/\/www.gm.adv.br\/site\/2024\/05\/03\/trabalhadora-que-caiu-na-malha-fina-por-culpa-da-empresa-sera-indenizada\/","og_locale":"pt_BR","og_type":"article","og_title":"Trabalhadora que caiu na malha fina por culpa da empresa ser\u00e1 indenizada - Guaresi &amp; Mill\u00e9o Advogados Associados | Escrit\u00f3rio de Advocacia em Conc\u00f3rdia-SC | 30 Anos de Experi\u00eancia","og_description":"Trabalhadora que caiu na malha fina por culpa da empresa ser\u00e1 indenizada - Guaresi &amp; Mill\u00e9o Advogados Associados | Escrit\u00f3rio de Advocacia em Conc\u00f3rdia-SC | 30 Anos de Experi\u00eancia","og_url":"https:\/\/www.gm.adv.br\/site\/2024\/05\/03\/trabalhadora-que-caiu-na-malha-fina-por-culpa-da-empresa-sera-indenizada\/","og_site_name":"Guaresi &amp; Mill\u00e9o Advogados Associados | Escrit\u00f3rio de Advocacia em Conc\u00f3rdia-SC | 30 Anos de Experi\u00eancia","article_publisher":"https:\/\/www.facebook.com\/GuaresiMilleoAdvogados","article_published_time":"2024-05-03T18:41:34+00:00","og_image":[{"width":2196,"height":1464,"url":"https:\/\/www.gm.adv.br\/site\/wp-content\/uploads\/2024\/04\/img-3.jpg","type":"image\/jpeg"}],"author":"admin","twitter_card":"summary_large_image","twitter_misc":{"Escrito por":"admin","Est. tempo de leitura":"2 minutos"},"schema":{"@context":"https:\/\/schema.org","@graph":[{"@type":"Article","@id":"https:\/\/www.gm.adv.br\/site\/2024\/05\/03\/trabalhadora-que-caiu-na-malha-fina-por-culpa-da-empresa-sera-indenizada\/#article","isPartOf":{"@id":"https:\/\/www.gm.adv.br\/site\/2024\/05\/03\/trabalhadora-que-caiu-na-malha-fina-por-culpa-da-empresa-sera-indenizada\/"},"author":{"name":"admin","@id":"https:\/\/www.gm.adv.br\/site\/#\/schema\/person\/7d633a2abab0d9b94253af6efc36428f"},"headline":"Trabalhadora que caiu na malha fina por culpa da empresa ser\u00e1 indenizada","datePublished":"2024-05-03T18:41:34+00:00","mainEntityOfPage":{"@id":"https:\/\/www.gm.adv.br\/site\/2024\/05\/03\/trabalhadora-que-caiu-na-malha-fina-por-culpa-da-empresa-sera-indenizada\/"},"wordCount":320,"publisher":{"@id":"https:\/\/www.gm.adv.br\/site\/#organization"},"image":{"@id":"https:\/\/www.gm.adv.br\/site\/2024\/05\/03\/trabalhadora-que-caiu-na-malha-fina-por-culpa-da-empresa-sera-indenizada\/#primaryimage"},"thumbnailUrl":"https:\/\/www.gm.adv.br\/site\/wp-content\/uploads\/2024\/04\/img-3.jpg","keywords":["direitodotrabalho","empresa"],"articleSection":["Direito do Trabalho"],"inLanguage":"pt-BR"},{"@type":"WebPage","@id":"https:\/\/www.gm.adv.br\/site\/2024\/05\/03\/trabalhadora-que-caiu-na-malha-fina-por-culpa-da-empresa-sera-indenizada\/","url":"https:\/\/www.gm.adv.br\/site\/2024\/05\/03\/trabalhadora-que-caiu-na-malha-fina-por-culpa-da-empresa-sera-indenizada\/","name":"Trabalhadora que caiu na malha fina por culpa da empresa ser\u00e1 indenizada - Guaresi &amp; Mill\u00e9o Advogados Associados | Escrit\u00f3rio de Advocacia em Conc\u00f3rdia-SC | 30 Anos de Experi\u00eancia","isPartOf":{"@id":"https:\/\/www.gm.adv.br\/site\/#website"},"primaryImageOfPage":{"@id":"https:\/\/www.gm.adv.br\/site\/2024\/05\/03\/trabalhadora-que-caiu-na-malha-fina-por-culpa-da-empresa-sera-indenizada\/#primaryimage"},"image":{"@id":"https:\/\/www.gm.adv.br\/site\/2024\/05\/03\/trabalhadora-que-caiu-na-malha-fina-por-culpa-da-empresa-sera-indenizada\/#primaryimage"},"thumbnailUrl":"https:\/\/www.gm.adv.br\/site\/wp-content\/uploads\/2024\/04\/img-3.jpg","datePublished":"2024-05-03T18:41:34+00:00","description":"Trabalhadora que caiu na malha fina por culpa da empresa ser\u00e1 indenizada - Guaresi &amp; Mill\u00e9o Advogados Associados | Escrit\u00f3rio de Advocacia em Conc\u00f3rdia-SC | 30 Anos de Experi\u00eancia","breadcrumb":{"@id":"https:\/\/www.gm.adv.br\/site\/2024\/05\/03\/trabalhadora-que-caiu-na-malha-fina-por-culpa-da-empresa-sera-indenizada\/#breadcrumb"},"inLanguage":"pt-BR","potentialAction":[{"@type":"ReadAction","target":["https:\/\/www.gm.adv.br\/site\/2024\/05\/03\/trabalhadora-que-caiu-na-malha-fina-por-culpa-da-empresa-sera-indenizada\/"]}]},{"@type":"ImageObject","inLanguage":"pt-BR","@id":"https:\/\/www.gm.adv.br\/site\/2024\/05\/03\/trabalhadora-que-caiu-na-malha-fina-por-culpa-da-empresa-sera-indenizada\/#primaryimage","url":"https:\/\/www.gm.adv.br\/site\/wp-content\/uploads\/2024\/04\/img-3.jpg","contentUrl":"https:\/\/www.gm.adv.br\/site\/wp-content\/uploads\/2024\/04\/img-3.jpg","width":2196,"height":1464},{"@type":"BreadcrumbList","@id":"https:\/\/www.gm.adv.br\/site\/2024\/05\/03\/trabalhadora-que-caiu-na-malha-fina-por-culpa-da-empresa-sera-indenizada\/#breadcrumb","itemListElement":[{"@type":"ListItem","position":1,"name":"In\u00edcio","item":"https:\/\/www.gm.adv.br\/site\/"},{"@type":"ListItem","position":2,"name":"Trabalhadora que caiu na malha fina por culpa da empresa ser\u00e1 indenizada"}]},{"@type":"WebSite","@id":"https:\/\/www.gm.adv.br\/site\/#website","url":"https:\/\/www.gm.adv.br\/site\/","name":"Guaresi & Mill\u00e9o Advogados Associados | Escrit\u00f3rio de Advocacia em Conc\u00f3rdia-SC | 30 Anos de Experi\u00eanci","description":"Advocacia Direito Banc\u00e1rio, Tribut\u00e1rio, Trabalhista, C\u00edvil, P\u00fablica, Municipal, Advogados Associados Guaresi e Mill\u00e9o  |  Conc\u00f3rdia SC","publisher":{"@id":"https:\/\/www.gm.adv.br\/site\/#organization"},"alternateName":"Guaresi e Mill\u00e9o Escrit\u00f3rio de Advocacia e Consultoria em Conc\u00f3rdia-SC","potentialAction":[{"@type":"SearchAction","target":{"@type":"EntryPoint","urlTemplate":"https:\/\/www.gm.adv.br\/site\/?s={search_term_string}"},"query-input":{"@type":"PropertyValueSpecification","valueRequired":true,"valueName":"search_term_string"}}],"inLanguage":"pt-BR"},{"@type":"Organization","@id":"https:\/\/www.gm.adv.br\/site\/#organization","name":"Guaresi & Milleo Advogados Associados em Conc\u00f3rdia SC","alternateName":"Guaresi e Milleo Advocacia e Consultoria","url":"https:\/\/www.gm.adv.br\/site\/","logo":{"@type":"ImageObject","inLanguage":"pt-BR","@id":"https:\/\/www.gm.adv.br\/site\/#\/schema\/logo\/image\/","url":"https:\/\/www.gm.adv.br\/site\/wp-content\/uploads\/2025\/07\/cropped-icone-512.webp","contentUrl":"https:\/\/www.gm.adv.br\/site\/wp-content\/uploads\/2025\/07\/cropped-icone-512.webp","width":512,"height":512,"caption":"Guaresi & Milleo Advogados Associados em Conc\u00f3rdia SC"},"image":{"@id":"https:\/\/www.gm.adv.br\/site\/#\/schema\/logo\/image\/"},"sameAs":["https:\/\/www.facebook.com\/GuaresiMilleoAdvogados","https:\/\/www.instagram.com\/guaresiemilleo\/","https:\/\/br.linkedin.com\/company\/guaresimilleo"]},{"@type":"Person","@id":"https:\/\/www.gm.adv.br\/site\/#\/schema\/person\/7d633a2abab0d9b94253af6efc36428f","name":"admin","image":{"@type":"ImageObject","inLanguage":"pt-BR","@id":"https:\/\/secure.gravatar.com\/avatar\/c8bb173d280f7d1e50b67bb649de269247430499695ba3ee451b6289436d1d39?s=96&d=mm&r=g","url":"https:\/\/secure.gravatar.com\/avatar\/c8bb173d280f7d1e50b67bb649de269247430499695ba3ee451b6289436d1d39?s=96&d=mm&r=g","contentUrl":"https:\/\/secure.gravatar.com\/avatar\/c8bb173d280f7d1e50b67bb649de269247430499695ba3ee451b6289436d1d39?s=96&d=mm&r=g","caption":"admin"},"sameAs":["https:\/\/www.gm.adv.br\/site"],"url":"https:\/\/www.gm.adv.br\/site\/author\/admin\/"}]}},"_links":{"self":[{"href":"https:\/\/www.gm.adv.br\/site\/wp-json\/wp\/v2\/posts\/5087","targetHints":{"allow":["GET"]}}],"collection":[{"href":"https:\/\/www.gm.adv.br\/site\/wp-json\/wp\/v2\/posts"}],"about":[{"href":"https:\/\/www.gm.adv.br\/site\/wp-json\/wp\/v2\/types\/post"}],"author":[{"embeddable":true,"href":"https:\/\/www.gm.adv.br\/site\/wp-json\/wp\/v2\/users\/1"}],"replies":[{"embeddable":true,"href":"https:\/\/www.gm.adv.br\/site\/wp-json\/wp\/v2\/comments?post=5087"}],"version-history":[{"count":0,"href":"https:\/\/www.gm.adv.br\/site\/wp-json\/wp\/v2\/posts\/5087\/revisions"}],"wp:featuredmedia":[{"embeddable":true,"href":"https:\/\/www.gm.adv.br\/site\/wp-json\/wp\/v2\/media\/5083"}],"wp:attachment":[{"href":"https:\/\/www.gm.adv.br\/site\/wp-json\/wp\/v2\/media?parent=5087"}],"wp:term":[{"taxonomy":"category","embeddable":true,"href":"https:\/\/www.gm.adv.br\/site\/wp-json\/wp\/v2\/categories?post=5087"},{"taxonomy":"post_tag","embeddable":true,"href":"https:\/\/www.gm.adv.br\/site\/wp-json\/wp\/v2\/tags?post=5087"}],"curies":[{"name":"wp","href":"https:\/\/api.w.org\/{rel}","templated":true}]}}