{"id":5045,"date":"2024-04-08T12:12:04","date_gmt":"2024-04-08T15:12:04","guid":{"rendered":"https:\/\/gm.adv.br\/?p=5045"},"modified":"2024-04-08T12:12:04","modified_gmt":"2024-04-08T15:12:04","slug":"banco-podera-compensar-hora-extra-deferida-em-juizo-com-gratificacao","status":"publish","type":"post","link":"https:\/\/www.gm.adv.br\/site\/2024\/04\/08\/banco-podera-compensar-hora-extra-deferida-em-juizo-com-gratificacao\/","title":{"rendered":"Banco poder\u00e1 compensar hora extra deferida em ju\u00edzo com gratifica\u00e7\u00e3o"},"content":{"rendered":"<p>A 3\u00aa turma do TST considerou v\u00e1lida a norma coletiva que previa a compensa\u00e7\u00e3o do valor recebido por um banc\u00e1rio a t\u00edtulo de gratifica\u00e7\u00e3o de fun\u00e7\u00e3o com horas extras reconhecidas em a\u00e7\u00e3o trabalhista. Segundo o colegiado, a gratifica\u00e7\u00e3o tem natureza salarial, e eventual ajuste sobre a parcela \u00e9 poss\u00edvel, desde que feito por meio de conven\u00e7\u00e3o ou acordo coletivo, como no caso.<\/p>\n<p>A cl\u00e1usula 11\u00aa da conven\u00e7\u00e3o coletiva de trabalho dos banc\u00e1rios (2018\/20 e 2020\/22) permitia que, em caso de decis\u00e3o judicial que concedesse como horas extras a s\u00e9tima e a oitava horas de trabalho, a gratifica\u00e7\u00e3o de fun\u00e7\u00e3o poderia ser usada para compensar os valores devidos.<\/p>\n<p>Na reclama\u00e7\u00e3o trabalhista, o banc\u00e1rio, de Jo\u00e3o Pessoa\/PB, alegava, entre outros pontos, que a compensa\u00e7\u00e3o s\u00f3 seria poss\u00edvel entre cr\u00e9ditos da mesma natureza. A seu ver, a gratifica\u00e7\u00e3o de fun\u00e7\u00e3o tem natureza diversa das horas extras, porque se presta apenas a remunerar a confian\u00e7a do cargo, e n\u00e3o a s\u00e9tima e a oitava horas di\u00e1ria.<\/p>\n<p>O argumento, por\u00e9m, foi afastado pelo ju\u00edzo de primeiro grau e pelo TRT da 13\u00aa regi\u00e3o.<\/p>\n<p>O relator do recurso de revista do trabalhador, ministro Jos\u00e9 Roberto Pimenta, observou que, de acordo com a S\u00famula 190 do TST, a compensa\u00e7\u00e3o n\u00e3o \u00e9 poss\u00edvel, uma vez que a gratifica\u00e7\u00e3o de fun\u00e7\u00e3o visa remunerar a maior responsabilidade do cargo, e n\u00e3o o trabalho extraordin\u00e1rio desenvolvido ap\u00f3s a sexta hora.<\/p>\n<p>No caso, por\u00e9m, a medida est\u00e1 prevista na conven\u00e7\u00e3o coletiva firmada pelos sindicatos dos banc\u00e1rios a partir dos anseios da categoria e em aten\u00e7\u00e3o aos princ\u00edpios da criatividade jur\u00eddica e da adequa\u00e7\u00e3o setorial negociada, que norteiam a atua\u00e7\u00e3o dos sujeitos coletivos na elabora\u00e7\u00e3o de suas normas aut\u00f4nomas.<\/p>\n<p>Fonte: <a href=\"https:\/\/www.migalhas.com.br\/quentes\/404236\/tst-valida-compensacao-de-gratificacao-de-funcao-com-horas-extras\">Migalhas<\/a><\/p>\n","protected":false},"excerpt":{"rendered":"<p>A 3\u00aa turma do TST considerou v\u00e1lida a norma coletiva que previa a compensa\u00e7\u00e3o do valor recebido por um banc\u00e1rio a t\u00edtulo de gratifica\u00e7\u00e3o de fun\u00e7\u00e3o com horas extras reconhecidas em a\u00e7\u00e3o trabalhista. Segundo o colegiado, a gratifica\u00e7\u00e3o tem natureza salarial, e eventual ajuste sobre a parcela \u00e9 poss\u00edvel, desde que feito por meio de [&#8230;]\n","protected":false},"author":1,"featured_media":5041,"comment_status":"closed","ping_status":"closed","sticky":false,"template":"","format":"standard","meta":{"footnotes":""},"categories":[68],"tags":[85,88],"class_list":["post-5045","post","type-post","status-publish","format-standard","has-post-thumbnail","hentry","category-direito-do-trabalho","tag-direitodotrabalho","tag-empresa"],"yoast_head":"<!-- This site is optimized with the Yoast SEO plugin v27.5 - https:\/\/yoast.com\/product\/yoast-seo-wordpress\/ -->\n<title>Banco poder\u00e1 compensar hora extra deferida em ju\u00edzo com gratifica\u00e7\u00e3o - Guaresi &amp; Mill\u00e9o Advogados Associados | Escrit\u00f3rio de Advocacia em Conc\u00f3rdia-SC | 30 Anos de Experi\u00eancia<\/title>\n<meta name=\"description\" content=\"Banco poder\u00e1 compensar hora extra deferida em ju\u00edzo com gratifica\u00e7\u00e3o - Guaresi &amp; Mill\u00e9o Advogados Associados | Escrit\u00f3rio de Advocacia em Conc\u00f3rdia-SC | 30 Anos de Experi\u00eancia\" \/>\n<meta name=\"robots\" content=\"index, follow, max-snippet:-1, max-image-preview:large, max-video-preview:-1\" \/>\n<link rel=\"canonical\" href=\"https:\/\/www.gm.adv.br\/site\/2024\/04\/08\/banco-podera-compensar-hora-extra-deferida-em-juizo-com-gratificacao\/\" \/>\n<meta property=\"og:locale\" content=\"pt_BR\" \/>\n<meta property=\"og:type\" content=\"article\" \/>\n<meta property=\"og:title\" content=\"Banco poder\u00e1 compensar hora extra deferida em ju\u00edzo com gratifica\u00e7\u00e3o - Guaresi &amp; Mill\u00e9o Advogados Associados | Escrit\u00f3rio de Advocacia em Conc\u00f3rdia-SC | 30 Anos de Experi\u00eancia\" \/>\n<meta property=\"og:description\" content=\"Banco poder\u00e1 compensar hora extra deferida em ju\u00edzo com gratifica\u00e7\u00e3o - Guaresi &amp; Mill\u00e9o Advogados Associados | Escrit\u00f3rio de Advocacia em Conc\u00f3rdia-SC | 30 Anos de Experi\u00eancia\" \/>\n<meta property=\"og:url\" content=\"https:\/\/www.gm.adv.br\/site\/2024\/04\/08\/banco-podera-compensar-hora-extra-deferida-em-juizo-com-gratificacao\/\" \/>\n<meta property=\"og:site_name\" content=\"Guaresi &amp; Mill\u00e9o Advogados Associados | Escrit\u00f3rio de Advocacia em Conc\u00f3rdia-SC | 30 Anos de Experi\u00eancia\" \/>\n<meta property=\"article:publisher\" content=\"https:\/\/www.facebook.com\/GuaresiMilleoAdvogados\" \/>\n<meta property=\"article:published_time\" content=\"2024-04-08T15:12:04+00:00\" \/>\n<meta property=\"og:image\" content=\"https:\/\/www.gm.adv.br\/site\/wp-content\/uploads\/2024\/04\/imagem17-jpg.webp\" \/>\n\t<meta property=\"og:image:width\" content=\"825\" \/>\n\t<meta property=\"og:image:height\" content=\"340\" \/>\n\t<meta property=\"og:image:type\" content=\"image\/webp\" \/>\n<meta name=\"author\" content=\"admin\" \/>\n<meta name=\"twitter:card\" content=\"summary_large_image\" \/>\n<meta name=\"twitter:label1\" content=\"Escrito por\" \/>\n\t<meta name=\"twitter:data1\" content=\"admin\" \/>\n\t<meta name=\"twitter:label2\" content=\"Est. tempo de leitura\" \/>\n\t<meta name=\"twitter:data2\" content=\"2 minutos\" \/>\n<script type=\"application\/ld+json\" class=\"yoast-schema-graph\">{\"@context\":\"https:\\\/\\\/schema.org\",\"@graph\":[{\"@type\":\"Article\",\"@id\":\"https:\\\/\\\/www.gm.adv.br\\\/site\\\/2024\\\/04\\\/08\\\/banco-podera-compensar-hora-extra-deferida-em-juizo-com-gratificacao\\\/#article\",\"isPartOf\":{\"@id\":\"https:\\\/\\\/www.gm.adv.br\\\/site\\\/2024\\\/04\\\/08\\\/banco-podera-compensar-hora-extra-deferida-em-juizo-com-gratificacao\\\/\"},\"author\":{\"name\":\"admin\",\"@id\":\"https:\\\/\\\/www.gm.adv.br\\\/site\\\/#\\\/schema\\\/person\\\/7d633a2abab0d9b94253af6efc36428f\"},\"headline\":\"Banco poder\u00e1 compensar hora extra deferida em ju\u00edzo com gratifica\u00e7\u00e3o\",\"datePublished\":\"2024-04-08T15:12:04+00:00\",\"mainEntityOfPage\":{\"@id\":\"https:\\\/\\\/www.gm.adv.br\\\/site\\\/2024\\\/04\\\/08\\\/banco-podera-compensar-hora-extra-deferida-em-juizo-com-gratificacao\\\/\"},\"wordCount\":334,\"publisher\":{\"@id\":\"https:\\\/\\\/www.gm.adv.br\\\/site\\\/#organization\"},\"image\":{\"@id\":\"https:\\\/\\\/www.gm.adv.br\\\/site\\\/2024\\\/04\\\/08\\\/banco-podera-compensar-hora-extra-deferida-em-juizo-com-gratificacao\\\/#primaryimage\"},\"thumbnailUrl\":\"https:\\\/\\\/www.gm.adv.br\\\/site\\\/wp-content\\\/uploads\\\/2024\\\/04\\\/imagem17-jpg.webp\",\"keywords\":[\"direitodotrabalho\",\"empresa\"],\"articleSection\":[\"Direito do Trabalho\"],\"inLanguage\":\"pt-BR\"},{\"@type\":\"WebPage\",\"@id\":\"https:\\\/\\\/www.gm.adv.br\\\/site\\\/2024\\\/04\\\/08\\\/banco-podera-compensar-hora-extra-deferida-em-juizo-com-gratificacao\\\/\",\"url\":\"https:\\\/\\\/www.gm.adv.br\\\/site\\\/2024\\\/04\\\/08\\\/banco-podera-compensar-hora-extra-deferida-em-juizo-com-gratificacao\\\/\",\"name\":\"Banco poder\u00e1 compensar hora extra deferida em ju\u00edzo com gratifica\u00e7\u00e3o - Guaresi &amp; Mill\u00e9o Advogados Associados | Escrit\u00f3rio de Advocacia em Conc\u00f3rdia-SC | 30 Anos de Experi\u00eancia\",\"isPartOf\":{\"@id\":\"https:\\\/\\\/www.gm.adv.br\\\/site\\\/#website\"},\"primaryImageOfPage\":{\"@id\":\"https:\\\/\\\/www.gm.adv.br\\\/site\\\/2024\\\/04\\\/08\\\/banco-podera-compensar-hora-extra-deferida-em-juizo-com-gratificacao\\\/#primaryimage\"},\"image\":{\"@id\":\"https:\\\/\\\/www.gm.adv.br\\\/site\\\/2024\\\/04\\\/08\\\/banco-podera-compensar-hora-extra-deferida-em-juizo-com-gratificacao\\\/#primaryimage\"},\"thumbnailUrl\":\"https:\\\/\\\/www.gm.adv.br\\\/site\\\/wp-content\\\/uploads\\\/2024\\\/04\\\/imagem17-jpg.webp\",\"datePublished\":\"2024-04-08T15:12:04+00:00\",\"description\":\"Banco poder\u00e1 compensar hora extra deferida em ju\u00edzo com gratifica\u00e7\u00e3o - Guaresi &amp; Mill\u00e9o Advogados Associados | Escrit\u00f3rio de Advocacia em Conc\u00f3rdia-SC | 30 Anos de Experi\u00eancia\",\"breadcrumb\":{\"@id\":\"https:\\\/\\\/www.gm.adv.br\\\/site\\\/2024\\\/04\\\/08\\\/banco-podera-compensar-hora-extra-deferida-em-juizo-com-gratificacao\\\/#breadcrumb\"},\"inLanguage\":\"pt-BR\",\"potentialAction\":[{\"@type\":\"ReadAction\",\"target\":[\"https:\\\/\\\/www.gm.adv.br\\\/site\\\/2024\\\/04\\\/08\\\/banco-podera-compensar-hora-extra-deferida-em-juizo-com-gratificacao\\\/\"]}]},{\"@type\":\"ImageObject\",\"inLanguage\":\"pt-BR\",\"@id\":\"https:\\\/\\\/www.gm.adv.br\\\/site\\\/2024\\\/04\\\/08\\\/banco-podera-compensar-hora-extra-deferida-em-juizo-com-gratificacao\\\/#primaryimage\",\"url\":\"https:\\\/\\\/www.gm.adv.br\\\/site\\\/wp-content\\\/uploads\\\/2024\\\/04\\\/imagem17-jpg.webp\",\"contentUrl\":\"https:\\\/\\\/www.gm.adv.br\\\/site\\\/wp-content\\\/uploads\\\/2024\\\/04\\\/imagem17-jpg.webp\",\"width\":825,\"height\":340,\"caption\":\"Place flying in sunset sky\"},{\"@type\":\"BreadcrumbList\",\"@id\":\"https:\\\/\\\/www.gm.adv.br\\\/site\\\/2024\\\/04\\\/08\\\/banco-podera-compensar-hora-extra-deferida-em-juizo-com-gratificacao\\\/#breadcrumb\",\"itemListElement\":[{\"@type\":\"ListItem\",\"position\":1,\"name\":\"In\u00edcio\",\"item\":\"https:\\\/\\\/www.gm.adv.br\\\/site\\\/\"},{\"@type\":\"ListItem\",\"position\":2,\"name\":\"Banco poder\u00e1 compensar hora extra deferida em ju\u00edzo com gratifica\u00e7\u00e3o\"}]},{\"@type\":\"WebSite\",\"@id\":\"https:\\\/\\\/www.gm.adv.br\\\/site\\\/#website\",\"url\":\"https:\\\/\\\/www.gm.adv.br\\\/site\\\/\",\"name\":\"Guaresi & Mill\u00e9o Advogados Associados | Escrit\u00f3rio de Advocacia em Conc\u00f3rdia-SC | 30 Anos de Experi\u00eanci\",\"description\":\"Advocacia Direito Banc\u00e1rio, Tribut\u00e1rio, Trabalhista, C\u00edvil, P\u00fablica, Municipal, Advogados Associados Guaresi e Mill\u00e9o  |  Conc\u00f3rdia SC\",\"publisher\":{\"@id\":\"https:\\\/\\\/www.gm.adv.br\\\/site\\\/#organization\"},\"alternateName\":\"Guaresi e Mill\u00e9o Escrit\u00f3rio de Advocacia e Consultoria em Conc\u00f3rdia-SC\",\"potentialAction\":[{\"@type\":\"SearchAction\",\"target\":{\"@type\":\"EntryPoint\",\"urlTemplate\":\"https:\\\/\\\/www.gm.adv.br\\\/site\\\/?s={search_term_string}\"},\"query-input\":{\"@type\":\"PropertyValueSpecification\",\"valueRequired\":true,\"valueName\":\"search_term_string\"}}],\"inLanguage\":\"pt-BR\"},{\"@type\":\"Organization\",\"@id\":\"https:\\\/\\\/www.gm.adv.br\\\/site\\\/#organization\",\"name\":\"Guaresi & Milleo Advogados Associados em Conc\u00f3rdia SC\",\"alternateName\":\"Guaresi e Milleo Advocacia e Consultoria\",\"url\":\"https:\\\/\\\/www.gm.adv.br\\\/site\\\/\",\"logo\":{\"@type\":\"ImageObject\",\"inLanguage\":\"pt-BR\",\"@id\":\"https:\\\/\\\/www.gm.adv.br\\\/site\\\/#\\\/schema\\\/logo\\\/image\\\/\",\"url\":\"https:\\\/\\\/www.gm.adv.br\\\/site\\\/wp-content\\\/uploads\\\/2025\\\/07\\\/cropped-icone-512.webp\",\"contentUrl\":\"https:\\\/\\\/www.gm.adv.br\\\/site\\\/wp-content\\\/uploads\\\/2025\\\/07\\\/cropped-icone-512.webp\",\"width\":512,\"height\":512,\"caption\":\"Guaresi & Milleo Advogados Associados em Conc\u00f3rdia SC\"},\"image\":{\"@id\":\"https:\\\/\\\/www.gm.adv.br\\\/site\\\/#\\\/schema\\\/logo\\\/image\\\/\"},\"sameAs\":[\"https:\\\/\\\/www.facebook.com\\\/GuaresiMilleoAdvogados\",\"https:\\\/\\\/www.instagram.com\\\/guaresiemilleo\\\/\",\"https:\\\/\\\/br.linkedin.com\\\/company\\\/guaresimilleo\"]},{\"@type\":\"Person\",\"@id\":\"https:\\\/\\\/www.gm.adv.br\\\/site\\\/#\\\/schema\\\/person\\\/7d633a2abab0d9b94253af6efc36428f\",\"name\":\"admin\",\"image\":{\"@type\":\"ImageObject\",\"inLanguage\":\"pt-BR\",\"@id\":\"https:\\\/\\\/secure.gravatar.com\\\/avatar\\\/c8bb173d280f7d1e50b67bb649de269247430499695ba3ee451b6289436d1d39?s=96&d=mm&r=g\",\"url\":\"https:\\\/\\\/secure.gravatar.com\\\/avatar\\\/c8bb173d280f7d1e50b67bb649de269247430499695ba3ee451b6289436d1d39?s=96&d=mm&r=g\",\"contentUrl\":\"https:\\\/\\\/secure.gravatar.com\\\/avatar\\\/c8bb173d280f7d1e50b67bb649de269247430499695ba3ee451b6289436d1d39?s=96&d=mm&r=g\",\"caption\":\"admin\"},\"sameAs\":[\"https:\\\/\\\/www.gm.adv.br\\\/site\"],\"url\":\"https:\\\/\\\/www.gm.adv.br\\\/site\\\/author\\\/admin\\\/\"}]}<\/script>\n<!-- \/ Yoast SEO plugin. -->","yoast_head_json":{"title":"Banco poder\u00e1 compensar hora extra deferida em ju\u00edzo com gratifica\u00e7\u00e3o - Guaresi &amp; Mill\u00e9o Advogados Associados | Escrit\u00f3rio de Advocacia em Conc\u00f3rdia-SC | 30 Anos de Experi\u00eancia","description":"Banco poder\u00e1 compensar hora extra deferida em ju\u00edzo com gratifica\u00e7\u00e3o - Guaresi &amp; Mill\u00e9o Advogados Associados | Escrit\u00f3rio de Advocacia em Conc\u00f3rdia-SC | 30 Anos de Experi\u00eancia","robots":{"index":"index","follow":"follow","max-snippet":"max-snippet:-1","max-image-preview":"max-image-preview:large","max-video-preview":"max-video-preview:-1"},"canonical":"https:\/\/www.gm.adv.br\/site\/2024\/04\/08\/banco-podera-compensar-hora-extra-deferida-em-juizo-com-gratificacao\/","og_locale":"pt_BR","og_type":"article","og_title":"Banco poder\u00e1 compensar hora extra deferida em ju\u00edzo com gratifica\u00e7\u00e3o - Guaresi &amp; Mill\u00e9o Advogados Associados | Escrit\u00f3rio de Advocacia em Conc\u00f3rdia-SC | 30 Anos de Experi\u00eancia","og_description":"Banco poder\u00e1 compensar hora extra deferida em ju\u00edzo com gratifica\u00e7\u00e3o - Guaresi &amp; Mill\u00e9o Advogados Associados | Escrit\u00f3rio de Advocacia em Conc\u00f3rdia-SC | 30 Anos de Experi\u00eancia","og_url":"https:\/\/www.gm.adv.br\/site\/2024\/04\/08\/banco-podera-compensar-hora-extra-deferida-em-juizo-com-gratificacao\/","og_site_name":"Guaresi &amp; Mill\u00e9o Advogados Associados | Escrit\u00f3rio de Advocacia em Conc\u00f3rdia-SC | 30 Anos de Experi\u00eancia","article_publisher":"https:\/\/www.facebook.com\/GuaresiMilleoAdvogados","article_published_time":"2024-04-08T15:12:04+00:00","og_image":[{"width":825,"height":340,"url":"https:\/\/www.gm.adv.br\/site\/wp-content\/uploads\/2024\/04\/imagem17-jpg.webp","type":"image\/webp"}],"author":"admin","twitter_card":"summary_large_image","twitter_misc":{"Escrito por":"admin","Est. tempo de leitura":"2 minutos"},"schema":{"@context":"https:\/\/schema.org","@graph":[{"@type":"Article","@id":"https:\/\/www.gm.adv.br\/site\/2024\/04\/08\/banco-podera-compensar-hora-extra-deferida-em-juizo-com-gratificacao\/#article","isPartOf":{"@id":"https:\/\/www.gm.adv.br\/site\/2024\/04\/08\/banco-podera-compensar-hora-extra-deferida-em-juizo-com-gratificacao\/"},"author":{"name":"admin","@id":"https:\/\/www.gm.adv.br\/site\/#\/schema\/person\/7d633a2abab0d9b94253af6efc36428f"},"headline":"Banco poder\u00e1 compensar hora extra deferida em ju\u00edzo com gratifica\u00e7\u00e3o","datePublished":"2024-04-08T15:12:04+00:00","mainEntityOfPage":{"@id":"https:\/\/www.gm.adv.br\/site\/2024\/04\/08\/banco-podera-compensar-hora-extra-deferida-em-juizo-com-gratificacao\/"},"wordCount":334,"publisher":{"@id":"https:\/\/www.gm.adv.br\/site\/#organization"},"image":{"@id":"https:\/\/www.gm.adv.br\/site\/2024\/04\/08\/banco-podera-compensar-hora-extra-deferida-em-juizo-com-gratificacao\/#primaryimage"},"thumbnailUrl":"https:\/\/www.gm.adv.br\/site\/wp-content\/uploads\/2024\/04\/imagem17-jpg.webp","keywords":["direitodotrabalho","empresa"],"articleSection":["Direito do Trabalho"],"inLanguage":"pt-BR"},{"@type":"WebPage","@id":"https:\/\/www.gm.adv.br\/site\/2024\/04\/08\/banco-podera-compensar-hora-extra-deferida-em-juizo-com-gratificacao\/","url":"https:\/\/www.gm.adv.br\/site\/2024\/04\/08\/banco-podera-compensar-hora-extra-deferida-em-juizo-com-gratificacao\/","name":"Banco poder\u00e1 compensar hora extra deferida em ju\u00edzo com gratifica\u00e7\u00e3o - Guaresi &amp; Mill\u00e9o Advogados Associados | Escrit\u00f3rio de Advocacia em Conc\u00f3rdia-SC | 30 Anos de Experi\u00eancia","isPartOf":{"@id":"https:\/\/www.gm.adv.br\/site\/#website"},"primaryImageOfPage":{"@id":"https:\/\/www.gm.adv.br\/site\/2024\/04\/08\/banco-podera-compensar-hora-extra-deferida-em-juizo-com-gratificacao\/#primaryimage"},"image":{"@id":"https:\/\/www.gm.adv.br\/site\/2024\/04\/08\/banco-podera-compensar-hora-extra-deferida-em-juizo-com-gratificacao\/#primaryimage"},"thumbnailUrl":"https:\/\/www.gm.adv.br\/site\/wp-content\/uploads\/2024\/04\/imagem17-jpg.webp","datePublished":"2024-04-08T15:12:04+00:00","description":"Banco poder\u00e1 compensar hora extra deferida em ju\u00edzo com gratifica\u00e7\u00e3o - Guaresi &amp; Mill\u00e9o Advogados Associados | Escrit\u00f3rio de Advocacia em Conc\u00f3rdia-SC | 30 Anos de Experi\u00eancia","breadcrumb":{"@id":"https:\/\/www.gm.adv.br\/site\/2024\/04\/08\/banco-podera-compensar-hora-extra-deferida-em-juizo-com-gratificacao\/#breadcrumb"},"inLanguage":"pt-BR","potentialAction":[{"@type":"ReadAction","target":["https:\/\/www.gm.adv.br\/site\/2024\/04\/08\/banco-podera-compensar-hora-extra-deferida-em-juizo-com-gratificacao\/"]}]},{"@type":"ImageObject","inLanguage":"pt-BR","@id":"https:\/\/www.gm.adv.br\/site\/2024\/04\/08\/banco-podera-compensar-hora-extra-deferida-em-juizo-com-gratificacao\/#primaryimage","url":"https:\/\/www.gm.adv.br\/site\/wp-content\/uploads\/2024\/04\/imagem17-jpg.webp","contentUrl":"https:\/\/www.gm.adv.br\/site\/wp-content\/uploads\/2024\/04\/imagem17-jpg.webp","width":825,"height":340,"caption":"Place flying in sunset sky"},{"@type":"BreadcrumbList","@id":"https:\/\/www.gm.adv.br\/site\/2024\/04\/08\/banco-podera-compensar-hora-extra-deferida-em-juizo-com-gratificacao\/#breadcrumb","itemListElement":[{"@type":"ListItem","position":1,"name":"In\u00edcio","item":"https:\/\/www.gm.adv.br\/site\/"},{"@type":"ListItem","position":2,"name":"Banco poder\u00e1 compensar hora extra deferida em ju\u00edzo com gratifica\u00e7\u00e3o"}]},{"@type":"WebSite","@id":"https:\/\/www.gm.adv.br\/site\/#website","url":"https:\/\/www.gm.adv.br\/site\/","name":"Guaresi & Mill\u00e9o Advogados Associados | Escrit\u00f3rio de Advocacia em Conc\u00f3rdia-SC | 30 Anos de Experi\u00eanci","description":"Advocacia Direito Banc\u00e1rio, Tribut\u00e1rio, Trabalhista, C\u00edvil, P\u00fablica, Municipal, Advogados Associados Guaresi e Mill\u00e9o  |  Conc\u00f3rdia SC","publisher":{"@id":"https:\/\/www.gm.adv.br\/site\/#organization"},"alternateName":"Guaresi e Mill\u00e9o Escrit\u00f3rio de Advocacia e Consultoria em Conc\u00f3rdia-SC","potentialAction":[{"@type":"SearchAction","target":{"@type":"EntryPoint","urlTemplate":"https:\/\/www.gm.adv.br\/site\/?s={search_term_string}"},"query-input":{"@type":"PropertyValueSpecification","valueRequired":true,"valueName":"search_term_string"}}],"inLanguage":"pt-BR"},{"@type":"Organization","@id":"https:\/\/www.gm.adv.br\/site\/#organization","name":"Guaresi & Milleo Advogados Associados em Conc\u00f3rdia SC","alternateName":"Guaresi e Milleo Advocacia e Consultoria","url":"https:\/\/www.gm.adv.br\/site\/","logo":{"@type":"ImageObject","inLanguage":"pt-BR","@id":"https:\/\/www.gm.adv.br\/site\/#\/schema\/logo\/image\/","url":"https:\/\/www.gm.adv.br\/site\/wp-content\/uploads\/2025\/07\/cropped-icone-512.webp","contentUrl":"https:\/\/www.gm.adv.br\/site\/wp-content\/uploads\/2025\/07\/cropped-icone-512.webp","width":512,"height":512,"caption":"Guaresi & Milleo Advogados Associados em Conc\u00f3rdia SC"},"image":{"@id":"https:\/\/www.gm.adv.br\/site\/#\/schema\/logo\/image\/"},"sameAs":["https:\/\/www.facebook.com\/GuaresiMilleoAdvogados","https:\/\/www.instagram.com\/guaresiemilleo\/","https:\/\/br.linkedin.com\/company\/guaresimilleo"]},{"@type":"Person","@id":"https:\/\/www.gm.adv.br\/site\/#\/schema\/person\/7d633a2abab0d9b94253af6efc36428f","name":"admin","image":{"@type":"ImageObject","inLanguage":"pt-BR","@id":"https:\/\/secure.gravatar.com\/avatar\/c8bb173d280f7d1e50b67bb649de269247430499695ba3ee451b6289436d1d39?s=96&d=mm&r=g","url":"https:\/\/secure.gravatar.com\/avatar\/c8bb173d280f7d1e50b67bb649de269247430499695ba3ee451b6289436d1d39?s=96&d=mm&r=g","contentUrl":"https:\/\/secure.gravatar.com\/avatar\/c8bb173d280f7d1e50b67bb649de269247430499695ba3ee451b6289436d1d39?s=96&d=mm&r=g","caption":"admin"},"sameAs":["https:\/\/www.gm.adv.br\/site"],"url":"https:\/\/www.gm.adv.br\/site\/author\/admin\/"}]}},"_links":{"self":[{"href":"https:\/\/www.gm.adv.br\/site\/wp-json\/wp\/v2\/posts\/5045","targetHints":{"allow":["GET"]}}],"collection":[{"href":"https:\/\/www.gm.adv.br\/site\/wp-json\/wp\/v2\/posts"}],"about":[{"href":"https:\/\/www.gm.adv.br\/site\/wp-json\/wp\/v2\/types\/post"}],"author":[{"embeddable":true,"href":"https:\/\/www.gm.adv.br\/site\/wp-json\/wp\/v2\/users\/1"}],"replies":[{"embeddable":true,"href":"https:\/\/www.gm.adv.br\/site\/wp-json\/wp\/v2\/comments?post=5045"}],"version-history":[{"count":0,"href":"https:\/\/www.gm.adv.br\/site\/wp-json\/wp\/v2\/posts\/5045\/revisions"}],"wp:featuredmedia":[{"embeddable":true,"href":"https:\/\/www.gm.adv.br\/site\/wp-json\/wp\/v2\/media\/5041"}],"wp:attachment":[{"href":"https:\/\/www.gm.adv.br\/site\/wp-json\/wp\/v2\/media?parent=5045"}],"wp:term":[{"taxonomy":"category","embeddable":true,"href":"https:\/\/www.gm.adv.br\/site\/wp-json\/wp\/v2\/categories?post=5045"},{"taxonomy":"post_tag","embeddable":true,"href":"https:\/\/www.gm.adv.br\/site\/wp-json\/wp\/v2\/tags?post=5045"}],"curies":[{"name":"wp","href":"https:\/\/api.w.org\/{rel}","templated":true}]}}