{"id":5038,"date":"2024-04-08T11:58:26","date_gmt":"2024-04-08T14:58:26","guid":{"rendered":"https:\/\/gm.adv.br\/?p=5038"},"modified":"2024-04-08T11:58:26","modified_gmt":"2024-04-08T14:58:26","slug":"simplificacao-de-impostos-direito-de-propriedade-estao-entre-temas-prioritarios","status":"publish","type":"post","link":"https:\/\/www.gm.adv.br\/site\/2024\/04\/08\/simplificacao-de-impostos-direito-de-propriedade-estao-entre-temas-prioritarios\/","title":{"rendered":"AGRO: simplifica\u00e7\u00e3o de impostos e direito de propriedade est\u00e3o entre temas priorit\u00e1rios para o setor"},"content":{"rendered":"<p>Simplifica\u00e7\u00e3o de impostos sobre o consumo, legisla\u00e7\u00e3o sobre meio ambiente e direito de propriedade. Essas e outras medidas est\u00e3o no rol de temas relevantes para a Confedera\u00e7\u00e3o da Agricultura e Pecu\u00e1ria do Brasil (CNA), apresentados publicamente pela entidade.<\/p>\n<p>No campo econ\u00f4mico e tribut\u00e1rio, a CNA apresentou que a Emenda Constitucional 132\/2023, que trata da Reforma Tribut\u00e1ria, tem um impacto significante para o produtor rural. A medida simplifica impostos sobre o consumo, prev\u00ea fundos para o desenvolvimento regional e para bancar cr\u00e9ditos do ICMS at\u00e9 2032 \u2014 al\u00e9m de unificar a legisla\u00e7\u00e3o dos novos tributos. Em rela\u00e7\u00e3o ao direito de propriedade, se destaca a Lei Ordin\u00e1ria 14.757\/2023, que trata da Regulariza\u00e7\u00e3o de Terras na Amaz\u00f4nia Legal.<\/p>\n<p>\ud83d\udc49\ud83c\udffbOutra lei ordin\u00e1ria destacada e que pode impactar a produ\u00e7\u00e3o agropecu\u00e1ria, \u00e9 a 14.785\/2023. A medida busca aprimorar as regras para registro, reavalia\u00e7\u00e3o e comercializa\u00e7\u00e3o de defensivos agr\u00edcolas \u2014 e ainda suprimir a defasagem de mais de 30 anos da legisla\u00e7\u00e3o atual. \u201cCom os 17 dispositivos vetados, a lei aprovada n\u00e3o atende os principais anseios do setor\u201d \u2014 enfatiza a Confedera\u00e7\u00e3o. Estamos atentos!<\/p>\n<p>O grupo de medidas tamb\u00e9m \u00e9 composto por algumas que envolvem o campo da tecnologia e da educa\u00e7\u00e3o, como a Lei Ordin\u00e1ria 14.645\/2023, que trata da Forma\u00e7\u00e3o T\u00e9cnica Profissional. A proposta articula a forma\u00e7\u00e3o profissional t\u00e9cnica de n\u00edvel m\u00e9dio com a aprendizagem profissional \u2014 o que, para a CNA, determina a formula\u00e7\u00e3o de uma pol\u00edtica nacional para o setor.<\/p>\n<p>Fonte: <a href=\"https:\/\/brasil61.com\/n\/agro-simplificacao-de-impostos-e-direito-de-propriedade-estao-entre-temas-prioritarios-para-o-setor-bras2411276\">Brasil 61<\/a><\/p>\n","protected":false},"excerpt":{"rendered":"<p>Simplifica\u00e7\u00e3o de impostos sobre o consumo, legisla\u00e7\u00e3o sobre meio ambiente e direito de propriedade. Essas e outras medidas est\u00e3o no rol de temas relevantes para a Confedera\u00e7\u00e3o da Agricultura e Pecu\u00e1ria do Brasil (CNA), apresentados publicamente pela entidade. No campo econ\u00f4mico e tribut\u00e1rio, a CNA apresentou que a Emenda Constitucional 132\/2023, que trata da Reforma [&#8230;]\n","protected":false},"author":1,"featured_media":5040,"comment_status":"closed","ping_status":"closed","sticky":false,"template":"","format":"standard","meta":{"footnotes":""},"categories":[80],"tags":[82,83,88],"class_list":["post-5038","post","type-post","status-publish","format-standard","has-post-thumbnail","hentry","category-direito-do-agronegocio","tag-agronegocio","tag-direito","tag-empresa"],"yoast_head":"<!-- This site is optimized with the Yoast SEO plugin v27.5 - https:\/\/yoast.com\/product\/yoast-seo-wordpress\/ -->\n<title>AGRO: simplifica\u00e7\u00e3o de impostos e direito de propriedade est\u00e3o entre temas priorit\u00e1rios para o setor - Guaresi &amp; Mill\u00e9o Advogados Associados | Escrit\u00f3rio de Advocacia em Conc\u00f3rdia-SC | 30 Anos de Experi\u00eancia<\/title>\n<meta name=\"description\" content=\"AGRO: simplifica\u00e7\u00e3o de impostos e direito de propriedade est\u00e3o entre temas priorit\u00e1rios para o setor - Guaresi &amp; Mill\u00e9o Advogados Associados | Escrit\u00f3rio de Advocacia em Conc\u00f3rdia-SC | 30 Anos de Experi\u00eancia\" \/>\n<meta name=\"robots\" content=\"index, follow, max-snippet:-1, max-image-preview:large, max-video-preview:-1\" \/>\n<link rel=\"canonical\" href=\"https:\/\/www.gm.adv.br\/site\/2024\/04\/08\/simplificacao-de-impostos-direito-de-propriedade-estao-entre-temas-prioritarios\/\" \/>\n<meta property=\"og:locale\" content=\"pt_BR\" \/>\n<meta property=\"og:type\" content=\"article\" \/>\n<meta property=\"og:title\" content=\"AGRO: simplifica\u00e7\u00e3o de impostos e direito de propriedade est\u00e3o entre temas priorit\u00e1rios para o setor - Guaresi &amp; Mill\u00e9o Advogados Associados | Escrit\u00f3rio de Advocacia em Conc\u00f3rdia-SC | 30 Anos de Experi\u00eancia\" \/>\n<meta property=\"og:description\" content=\"AGRO: simplifica\u00e7\u00e3o de impostos e direito de propriedade est\u00e3o entre temas priorit\u00e1rios para o setor - Guaresi &amp; Mill\u00e9o Advogados Associados | Escrit\u00f3rio de Advocacia em Conc\u00f3rdia-SC | 30 Anos de Experi\u00eancia\" \/>\n<meta property=\"og:url\" content=\"https:\/\/www.gm.adv.br\/site\/2024\/04\/08\/simplificacao-de-impostos-direito-de-propriedade-estao-entre-temas-prioritarios\/\" \/>\n<meta property=\"og:site_name\" content=\"Guaresi &amp; Mill\u00e9o Advogados Associados | Escrit\u00f3rio de Advocacia em Conc\u00f3rdia-SC | 30 Anos de Experi\u00eancia\" \/>\n<meta property=\"article:publisher\" content=\"https:\/\/www.facebook.com\/GuaresiMilleoAdvogados\" \/>\n<meta property=\"article:published_time\" content=\"2024-04-08T14:58:26+00:00\" \/>\n<meta property=\"og:image\" content=\"https:\/\/www.gm.adv.br\/site\/wp-content\/uploads\/2024\/04\/imagem15-jpg.webp\" \/>\n\t<meta property=\"og:image:width\" content=\"825\" \/>\n\t<meta property=\"og:image:height\" content=\"340\" \/>\n\t<meta property=\"og:image:type\" content=\"image\/webp\" \/>\n<meta name=\"author\" content=\"admin\" \/>\n<meta name=\"twitter:card\" content=\"summary_large_image\" \/>\n<meta name=\"twitter:label1\" content=\"Escrito por\" \/>\n\t<meta name=\"twitter:data1\" content=\"admin\" \/>\n\t<meta name=\"twitter:label2\" content=\"Est. tempo de leitura\" \/>\n\t<meta name=\"twitter:data2\" content=\"2 minutos\" \/>\n<script type=\"application\/ld+json\" class=\"yoast-schema-graph\">{\"@context\":\"https:\\\/\\\/schema.org\",\"@graph\":[{\"@type\":\"Article\",\"@id\":\"https:\\\/\\\/www.gm.adv.br\\\/site\\\/2024\\\/04\\\/08\\\/simplificacao-de-impostos-direito-de-propriedade-estao-entre-temas-prioritarios\\\/#article\",\"isPartOf\":{\"@id\":\"https:\\\/\\\/www.gm.adv.br\\\/site\\\/2024\\\/04\\\/08\\\/simplificacao-de-impostos-direito-de-propriedade-estao-entre-temas-prioritarios\\\/\"},\"author\":{\"name\":\"admin\",\"@id\":\"https:\\\/\\\/www.gm.adv.br\\\/site\\\/#\\\/schema\\\/person\\\/7d633a2abab0d9b94253af6efc36428f\"},\"headline\":\"AGRO: simplifica\u00e7\u00e3o de impostos e direito de propriedade est\u00e3o entre temas priorit\u00e1rios para o setor\",\"datePublished\":\"2024-04-08T14:58:26+00:00\",\"mainEntityOfPage\":{\"@id\":\"https:\\\/\\\/www.gm.adv.br\\\/site\\\/2024\\\/04\\\/08\\\/simplificacao-de-impostos-direito-de-propriedade-estao-entre-temas-prioritarios\\\/\"},\"wordCount\":279,\"publisher\":{\"@id\":\"https:\\\/\\\/www.gm.adv.br\\\/site\\\/#organization\"},\"image\":{\"@id\":\"https:\\\/\\\/www.gm.adv.br\\\/site\\\/2024\\\/04\\\/08\\\/simplificacao-de-impostos-direito-de-propriedade-estao-entre-temas-prioritarios\\\/#primaryimage\"},\"thumbnailUrl\":\"https:\\\/\\\/www.gm.adv.br\\\/site\\\/wp-content\\\/uploads\\\/2024\\\/04\\\/imagem15-jpg.webp\",\"keywords\":[\"agronegocio\",\"direito\",\"empresa\"],\"articleSection\":[\"Direito do Agroneg\u00f3cio\"],\"inLanguage\":\"pt-BR\"},{\"@type\":\"WebPage\",\"@id\":\"https:\\\/\\\/www.gm.adv.br\\\/site\\\/2024\\\/04\\\/08\\\/simplificacao-de-impostos-direito-de-propriedade-estao-entre-temas-prioritarios\\\/\",\"url\":\"https:\\\/\\\/www.gm.adv.br\\\/site\\\/2024\\\/04\\\/08\\\/simplificacao-de-impostos-direito-de-propriedade-estao-entre-temas-prioritarios\\\/\",\"name\":\"AGRO: simplifica\u00e7\u00e3o de impostos e direito de propriedade est\u00e3o entre temas priorit\u00e1rios para o setor - Guaresi &amp; Mill\u00e9o Advogados Associados | Escrit\u00f3rio de Advocacia em Conc\u00f3rdia-SC | 30 Anos de Experi\u00eancia\",\"isPartOf\":{\"@id\":\"https:\\\/\\\/www.gm.adv.br\\\/site\\\/#website\"},\"primaryImageOfPage\":{\"@id\":\"https:\\\/\\\/www.gm.adv.br\\\/site\\\/2024\\\/04\\\/08\\\/simplificacao-de-impostos-direito-de-propriedade-estao-entre-temas-prioritarios\\\/#primaryimage\"},\"image\":{\"@id\":\"https:\\\/\\\/www.gm.adv.br\\\/site\\\/2024\\\/04\\\/08\\\/simplificacao-de-impostos-direito-de-propriedade-estao-entre-temas-prioritarios\\\/#primaryimage\"},\"thumbnailUrl\":\"https:\\\/\\\/www.gm.adv.br\\\/site\\\/wp-content\\\/uploads\\\/2024\\\/04\\\/imagem15-jpg.webp\",\"datePublished\":\"2024-04-08T14:58:26+00:00\",\"description\":\"AGRO: simplifica\u00e7\u00e3o de impostos e direito de propriedade est\u00e3o entre temas priorit\u00e1rios para o setor - Guaresi &amp; Mill\u00e9o Advogados Associados | Escrit\u00f3rio de Advocacia em Conc\u00f3rdia-SC | 30 Anos de Experi\u00eancia\",\"breadcrumb\":{\"@id\":\"https:\\\/\\\/www.gm.adv.br\\\/site\\\/2024\\\/04\\\/08\\\/simplificacao-de-impostos-direito-de-propriedade-estao-entre-temas-prioritarios\\\/#breadcrumb\"},\"inLanguage\":\"pt-BR\",\"potentialAction\":[{\"@type\":\"ReadAction\",\"target\":[\"https:\\\/\\\/www.gm.adv.br\\\/site\\\/2024\\\/04\\\/08\\\/simplificacao-de-impostos-direito-de-propriedade-estao-entre-temas-prioritarios\\\/\"]}]},{\"@type\":\"ImageObject\",\"inLanguage\":\"pt-BR\",\"@id\":\"https:\\\/\\\/www.gm.adv.br\\\/site\\\/2024\\\/04\\\/08\\\/simplificacao-de-impostos-direito-de-propriedade-estao-entre-temas-prioritarios\\\/#primaryimage\",\"url\":\"https:\\\/\\\/www.gm.adv.br\\\/site\\\/wp-content\\\/uploads\\\/2024\\\/04\\\/imagem15-jpg.webp\",\"contentUrl\":\"https:\\\/\\\/www.gm.adv.br\\\/site\\\/wp-content\\\/uploads\\\/2024\\\/04\\\/imagem15-jpg.webp\",\"width\":825,\"height\":340,\"caption\":\"Place flying in sunset sky\"},{\"@type\":\"BreadcrumbList\",\"@id\":\"https:\\\/\\\/www.gm.adv.br\\\/site\\\/2024\\\/04\\\/08\\\/simplificacao-de-impostos-direito-de-propriedade-estao-entre-temas-prioritarios\\\/#breadcrumb\",\"itemListElement\":[{\"@type\":\"ListItem\",\"position\":1,\"name\":\"In\u00edcio\",\"item\":\"https:\\\/\\\/www.gm.adv.br\\\/site\\\/\"},{\"@type\":\"ListItem\",\"position\":2,\"name\":\"AGRO: simplifica\u00e7\u00e3o de impostos e direito de propriedade est\u00e3o entre temas priorit\u00e1rios para o setor\"}]},{\"@type\":\"WebSite\",\"@id\":\"https:\\\/\\\/www.gm.adv.br\\\/site\\\/#website\",\"url\":\"https:\\\/\\\/www.gm.adv.br\\\/site\\\/\",\"name\":\"Guaresi & Mill\u00e9o Advogados Associados | Escrit\u00f3rio de Advocacia em Conc\u00f3rdia-SC | 30 Anos de Experi\u00eanci\",\"description\":\"Advocacia Direito Banc\u00e1rio, Tribut\u00e1rio, Trabalhista, C\u00edvil, P\u00fablica, Municipal, Advogados Associados Guaresi e Mill\u00e9o  |  Conc\u00f3rdia SC\",\"publisher\":{\"@id\":\"https:\\\/\\\/www.gm.adv.br\\\/site\\\/#organization\"},\"alternateName\":\"Guaresi e Mill\u00e9o Escrit\u00f3rio de Advocacia e Consultoria em Conc\u00f3rdia-SC\",\"potentialAction\":[{\"@type\":\"SearchAction\",\"target\":{\"@type\":\"EntryPoint\",\"urlTemplate\":\"https:\\\/\\\/www.gm.adv.br\\\/site\\\/?s={search_term_string}\"},\"query-input\":{\"@type\":\"PropertyValueSpecification\",\"valueRequired\":true,\"valueName\":\"search_term_string\"}}],\"inLanguage\":\"pt-BR\"},{\"@type\":\"Organization\",\"@id\":\"https:\\\/\\\/www.gm.adv.br\\\/site\\\/#organization\",\"name\":\"Guaresi & Milleo Advogados Associados em Conc\u00f3rdia SC\",\"alternateName\":\"Guaresi e Milleo Advocacia e Consultoria\",\"url\":\"https:\\\/\\\/www.gm.adv.br\\\/site\\\/\",\"logo\":{\"@type\":\"ImageObject\",\"inLanguage\":\"pt-BR\",\"@id\":\"https:\\\/\\\/www.gm.adv.br\\\/site\\\/#\\\/schema\\\/logo\\\/image\\\/\",\"url\":\"https:\\\/\\\/www.gm.adv.br\\\/site\\\/wp-content\\\/uploads\\\/2025\\\/07\\\/cropped-icone-512.webp\",\"contentUrl\":\"https:\\\/\\\/www.gm.adv.br\\\/site\\\/wp-content\\\/uploads\\\/2025\\\/07\\\/cropped-icone-512.webp\",\"width\":512,\"height\":512,\"caption\":\"Guaresi & Milleo Advogados Associados em Conc\u00f3rdia SC\"},\"image\":{\"@id\":\"https:\\\/\\\/www.gm.adv.br\\\/site\\\/#\\\/schema\\\/logo\\\/image\\\/\"},\"sameAs\":[\"https:\\\/\\\/www.facebook.com\\\/GuaresiMilleoAdvogados\",\"https:\\\/\\\/www.instagram.com\\\/guaresiemilleo\\\/\",\"https:\\\/\\\/br.linkedin.com\\\/company\\\/guaresimilleo\"]},{\"@type\":\"Person\",\"@id\":\"https:\\\/\\\/www.gm.adv.br\\\/site\\\/#\\\/schema\\\/person\\\/7d633a2abab0d9b94253af6efc36428f\",\"name\":\"admin\",\"image\":{\"@type\":\"ImageObject\",\"inLanguage\":\"pt-BR\",\"@id\":\"https:\\\/\\\/secure.gravatar.com\\\/avatar\\\/c8bb173d280f7d1e50b67bb649de269247430499695ba3ee451b6289436d1d39?s=96&d=mm&r=g\",\"url\":\"https:\\\/\\\/secure.gravatar.com\\\/avatar\\\/c8bb173d280f7d1e50b67bb649de269247430499695ba3ee451b6289436d1d39?s=96&d=mm&r=g\",\"contentUrl\":\"https:\\\/\\\/secure.gravatar.com\\\/avatar\\\/c8bb173d280f7d1e50b67bb649de269247430499695ba3ee451b6289436d1d39?s=96&d=mm&r=g\",\"caption\":\"admin\"},\"sameAs\":[\"https:\\\/\\\/www.gm.adv.br\\\/site\"],\"url\":\"https:\\\/\\\/www.gm.adv.br\\\/site\\\/author\\\/admin\\\/\"}]}<\/script>\n<!-- \/ Yoast SEO plugin. -->","yoast_head_json":{"title":"AGRO: simplifica\u00e7\u00e3o de impostos e direito de propriedade est\u00e3o entre temas priorit\u00e1rios para o setor - Guaresi &amp; Mill\u00e9o Advogados Associados | Escrit\u00f3rio de Advocacia em Conc\u00f3rdia-SC | 30 Anos de Experi\u00eancia","description":"AGRO: simplifica\u00e7\u00e3o de impostos e direito de propriedade est\u00e3o entre temas priorit\u00e1rios para o setor - Guaresi &amp; Mill\u00e9o Advogados Associados | Escrit\u00f3rio de Advocacia em Conc\u00f3rdia-SC | 30 Anos de Experi\u00eancia","robots":{"index":"index","follow":"follow","max-snippet":"max-snippet:-1","max-image-preview":"max-image-preview:large","max-video-preview":"max-video-preview:-1"},"canonical":"https:\/\/www.gm.adv.br\/site\/2024\/04\/08\/simplificacao-de-impostos-direito-de-propriedade-estao-entre-temas-prioritarios\/","og_locale":"pt_BR","og_type":"article","og_title":"AGRO: simplifica\u00e7\u00e3o de impostos e direito de propriedade est\u00e3o entre temas priorit\u00e1rios para o setor - Guaresi &amp; Mill\u00e9o Advogados Associados | Escrit\u00f3rio de Advocacia em Conc\u00f3rdia-SC | 30 Anos de Experi\u00eancia","og_description":"AGRO: simplifica\u00e7\u00e3o de impostos e direito de propriedade est\u00e3o entre temas priorit\u00e1rios para o setor - Guaresi &amp; Mill\u00e9o Advogados Associados | Escrit\u00f3rio de Advocacia em Conc\u00f3rdia-SC | 30 Anos de Experi\u00eancia","og_url":"https:\/\/www.gm.adv.br\/site\/2024\/04\/08\/simplificacao-de-impostos-direito-de-propriedade-estao-entre-temas-prioritarios\/","og_site_name":"Guaresi &amp; Mill\u00e9o Advogados Associados | Escrit\u00f3rio de Advocacia em Conc\u00f3rdia-SC | 30 Anos de Experi\u00eancia","article_publisher":"https:\/\/www.facebook.com\/GuaresiMilleoAdvogados","article_published_time":"2024-04-08T14:58:26+00:00","og_image":[{"width":825,"height":340,"url":"https:\/\/www.gm.adv.br\/site\/wp-content\/uploads\/2024\/04\/imagem15-jpg.webp","type":"image\/webp"}],"author":"admin","twitter_card":"summary_large_image","twitter_misc":{"Escrito por":"admin","Est. tempo de leitura":"2 minutos"},"schema":{"@context":"https:\/\/schema.org","@graph":[{"@type":"Article","@id":"https:\/\/www.gm.adv.br\/site\/2024\/04\/08\/simplificacao-de-impostos-direito-de-propriedade-estao-entre-temas-prioritarios\/#article","isPartOf":{"@id":"https:\/\/www.gm.adv.br\/site\/2024\/04\/08\/simplificacao-de-impostos-direito-de-propriedade-estao-entre-temas-prioritarios\/"},"author":{"name":"admin","@id":"https:\/\/www.gm.adv.br\/site\/#\/schema\/person\/7d633a2abab0d9b94253af6efc36428f"},"headline":"AGRO: simplifica\u00e7\u00e3o de impostos e direito de propriedade est\u00e3o entre temas priorit\u00e1rios para o setor","datePublished":"2024-04-08T14:58:26+00:00","mainEntityOfPage":{"@id":"https:\/\/www.gm.adv.br\/site\/2024\/04\/08\/simplificacao-de-impostos-direito-de-propriedade-estao-entre-temas-prioritarios\/"},"wordCount":279,"publisher":{"@id":"https:\/\/www.gm.adv.br\/site\/#organization"},"image":{"@id":"https:\/\/www.gm.adv.br\/site\/2024\/04\/08\/simplificacao-de-impostos-direito-de-propriedade-estao-entre-temas-prioritarios\/#primaryimage"},"thumbnailUrl":"https:\/\/www.gm.adv.br\/site\/wp-content\/uploads\/2024\/04\/imagem15-jpg.webp","keywords":["agronegocio","direito","empresa"],"articleSection":["Direito do Agroneg\u00f3cio"],"inLanguage":"pt-BR"},{"@type":"WebPage","@id":"https:\/\/www.gm.adv.br\/site\/2024\/04\/08\/simplificacao-de-impostos-direito-de-propriedade-estao-entre-temas-prioritarios\/","url":"https:\/\/www.gm.adv.br\/site\/2024\/04\/08\/simplificacao-de-impostos-direito-de-propriedade-estao-entre-temas-prioritarios\/","name":"AGRO: simplifica\u00e7\u00e3o de impostos e direito de propriedade est\u00e3o entre temas priorit\u00e1rios para o setor - Guaresi &amp; Mill\u00e9o Advogados Associados | Escrit\u00f3rio de Advocacia em Conc\u00f3rdia-SC | 30 Anos de Experi\u00eancia","isPartOf":{"@id":"https:\/\/www.gm.adv.br\/site\/#website"},"primaryImageOfPage":{"@id":"https:\/\/www.gm.adv.br\/site\/2024\/04\/08\/simplificacao-de-impostos-direito-de-propriedade-estao-entre-temas-prioritarios\/#primaryimage"},"image":{"@id":"https:\/\/www.gm.adv.br\/site\/2024\/04\/08\/simplificacao-de-impostos-direito-de-propriedade-estao-entre-temas-prioritarios\/#primaryimage"},"thumbnailUrl":"https:\/\/www.gm.adv.br\/site\/wp-content\/uploads\/2024\/04\/imagem15-jpg.webp","datePublished":"2024-04-08T14:58:26+00:00","description":"AGRO: simplifica\u00e7\u00e3o de impostos e direito de propriedade est\u00e3o entre temas priorit\u00e1rios para o setor - Guaresi &amp; Mill\u00e9o Advogados Associados | Escrit\u00f3rio de Advocacia em Conc\u00f3rdia-SC | 30 Anos de Experi\u00eancia","breadcrumb":{"@id":"https:\/\/www.gm.adv.br\/site\/2024\/04\/08\/simplificacao-de-impostos-direito-de-propriedade-estao-entre-temas-prioritarios\/#breadcrumb"},"inLanguage":"pt-BR","potentialAction":[{"@type":"ReadAction","target":["https:\/\/www.gm.adv.br\/site\/2024\/04\/08\/simplificacao-de-impostos-direito-de-propriedade-estao-entre-temas-prioritarios\/"]}]},{"@type":"ImageObject","inLanguage":"pt-BR","@id":"https:\/\/www.gm.adv.br\/site\/2024\/04\/08\/simplificacao-de-impostos-direito-de-propriedade-estao-entre-temas-prioritarios\/#primaryimage","url":"https:\/\/www.gm.adv.br\/site\/wp-content\/uploads\/2024\/04\/imagem15-jpg.webp","contentUrl":"https:\/\/www.gm.adv.br\/site\/wp-content\/uploads\/2024\/04\/imagem15-jpg.webp","width":825,"height":340,"caption":"Place flying in sunset sky"},{"@type":"BreadcrumbList","@id":"https:\/\/www.gm.adv.br\/site\/2024\/04\/08\/simplificacao-de-impostos-direito-de-propriedade-estao-entre-temas-prioritarios\/#breadcrumb","itemListElement":[{"@type":"ListItem","position":1,"name":"In\u00edcio","item":"https:\/\/www.gm.adv.br\/site\/"},{"@type":"ListItem","position":2,"name":"AGRO: simplifica\u00e7\u00e3o de impostos e direito de propriedade est\u00e3o entre temas priorit\u00e1rios para o setor"}]},{"@type":"WebSite","@id":"https:\/\/www.gm.adv.br\/site\/#website","url":"https:\/\/www.gm.adv.br\/site\/","name":"Guaresi & Mill\u00e9o Advogados Associados | Escrit\u00f3rio de Advocacia em Conc\u00f3rdia-SC | 30 Anos de Experi\u00eanci","description":"Advocacia Direito Banc\u00e1rio, Tribut\u00e1rio, Trabalhista, C\u00edvil, P\u00fablica, Municipal, Advogados Associados Guaresi e Mill\u00e9o  |  Conc\u00f3rdia SC","publisher":{"@id":"https:\/\/www.gm.adv.br\/site\/#organization"},"alternateName":"Guaresi e Mill\u00e9o Escrit\u00f3rio de Advocacia e Consultoria em Conc\u00f3rdia-SC","potentialAction":[{"@type":"SearchAction","target":{"@type":"EntryPoint","urlTemplate":"https:\/\/www.gm.adv.br\/site\/?s={search_term_string}"},"query-input":{"@type":"PropertyValueSpecification","valueRequired":true,"valueName":"search_term_string"}}],"inLanguage":"pt-BR"},{"@type":"Organization","@id":"https:\/\/www.gm.adv.br\/site\/#organization","name":"Guaresi & Milleo Advogados Associados em Conc\u00f3rdia SC","alternateName":"Guaresi e Milleo Advocacia e Consultoria","url":"https:\/\/www.gm.adv.br\/site\/","logo":{"@type":"ImageObject","inLanguage":"pt-BR","@id":"https:\/\/www.gm.adv.br\/site\/#\/schema\/logo\/image\/","url":"https:\/\/www.gm.adv.br\/site\/wp-content\/uploads\/2025\/07\/cropped-icone-512.webp","contentUrl":"https:\/\/www.gm.adv.br\/site\/wp-content\/uploads\/2025\/07\/cropped-icone-512.webp","width":512,"height":512,"caption":"Guaresi & Milleo Advogados Associados em Conc\u00f3rdia SC"},"image":{"@id":"https:\/\/www.gm.adv.br\/site\/#\/schema\/logo\/image\/"},"sameAs":["https:\/\/www.facebook.com\/GuaresiMilleoAdvogados","https:\/\/www.instagram.com\/guaresiemilleo\/","https:\/\/br.linkedin.com\/company\/guaresimilleo"]},{"@type":"Person","@id":"https:\/\/www.gm.adv.br\/site\/#\/schema\/person\/7d633a2abab0d9b94253af6efc36428f","name":"admin","image":{"@type":"ImageObject","inLanguage":"pt-BR","@id":"https:\/\/secure.gravatar.com\/avatar\/c8bb173d280f7d1e50b67bb649de269247430499695ba3ee451b6289436d1d39?s=96&d=mm&r=g","url":"https:\/\/secure.gravatar.com\/avatar\/c8bb173d280f7d1e50b67bb649de269247430499695ba3ee451b6289436d1d39?s=96&d=mm&r=g","contentUrl":"https:\/\/secure.gravatar.com\/avatar\/c8bb173d280f7d1e50b67bb649de269247430499695ba3ee451b6289436d1d39?s=96&d=mm&r=g","caption":"admin"},"sameAs":["https:\/\/www.gm.adv.br\/site"],"url":"https:\/\/www.gm.adv.br\/site\/author\/admin\/"}]}},"_links":{"self":[{"href":"https:\/\/www.gm.adv.br\/site\/wp-json\/wp\/v2\/posts\/5038","targetHints":{"allow":["GET"]}}],"collection":[{"href":"https:\/\/www.gm.adv.br\/site\/wp-json\/wp\/v2\/posts"}],"about":[{"href":"https:\/\/www.gm.adv.br\/site\/wp-json\/wp\/v2\/types\/post"}],"author":[{"embeddable":true,"href":"https:\/\/www.gm.adv.br\/site\/wp-json\/wp\/v2\/users\/1"}],"replies":[{"embeddable":true,"href":"https:\/\/www.gm.adv.br\/site\/wp-json\/wp\/v2\/comments?post=5038"}],"version-history":[{"count":0,"href":"https:\/\/www.gm.adv.br\/site\/wp-json\/wp\/v2\/posts\/5038\/revisions"}],"wp:featuredmedia":[{"embeddable":true,"href":"https:\/\/www.gm.adv.br\/site\/wp-json\/wp\/v2\/media\/5040"}],"wp:attachment":[{"href":"https:\/\/www.gm.adv.br\/site\/wp-json\/wp\/v2\/media?parent=5038"}],"wp:term":[{"taxonomy":"category","embeddable":true,"href":"https:\/\/www.gm.adv.br\/site\/wp-json\/wp\/v2\/categories?post=5038"},{"taxonomy":"post_tag","embeddable":true,"href":"https:\/\/www.gm.adv.br\/site\/wp-json\/wp\/v2\/tags?post=5038"}],"curies":[{"name":"wp","href":"https:\/\/api.w.org\/{rel}","templated":true}]}}