{"id":5032,"date":"2024-03-26T11:43:38","date_gmt":"2024-03-26T14:43:38","guid":{"rendered":"https:\/\/gm.adv.br\/?p=5032"},"modified":"2024-03-26T11:43:38","modified_gmt":"2024-03-26T14:43:38","slug":"camara-aprova-projeto-de-credito-para-transicao-energetica-de-empresas","status":"publish","type":"post","link":"https:\/\/www.gm.adv.br\/site\/2024\/03\/26\/camara-aprova-projeto-de-credito-para-transicao-energetica-de-empresas\/","title":{"rendered":"C\u00e2mara aprova projeto de cr\u00e9dito para transi\u00e7\u00e3o energ\u00e9tica de empresas"},"content":{"rendered":"<p>A C\u00e2mara dos Deputados aprovou o projeto de lei que cria o Programa de Acelera\u00e7\u00e3o da Transi\u00e7\u00e3o Energ\u00e9tica (Paten), focado em incentivar projetos sustent\u00e1veis no Brasil, especialmente em infraestrutura e inova\u00e7\u00e3o tecnol\u00f3gica, visando benef\u00edcios socioambientais. O financiamento vir\u00e1 de transa\u00e7\u00f5es tribut\u00e1rias e empr\u00e9stimos privados com garantia do Fundo Verde, administrado pelo BNDES, utilizando cr\u00e9ditos tribut\u00e1rios federais e precat\u00f3rios.<\/p>\n<p>O projeto, que agora segue para o Senado, tamb\u00e9m inclui medidas para facilitar o financiamento de projetos aprovados, beneficiando principalmente grandes empresas com cr\u00e9ditos a receber da Uni\u00e3o. Cr\u00e9ditos em disputa judicial ficam exclu\u00eddos do Fundo Verde. H\u00e1 preocupa\u00e7\u00f5es sobre a seguran\u00e7a jur\u00eddica da fonte de recursos e cr\u00edticas \u00e0 inclus\u00e3o de g\u00e1s natural e incinera\u00e7\u00e3o de res\u00edduos no programa, apesar de serem considerados poluentes. O Paten visa tamb\u00e9m expandir a produ\u00e7\u00e3o de energias renov\u00e1veis e substituir matrizes energ\u00e9ticas poluentes.<\/p>\n<p>Est\u00e3o portanto contempladas no projeto a expans\u00e3o da produ\u00e7\u00e3o e transmiss\u00e3o de energia solar, e\u00f3lica, de biomassa, de biog\u00e1s, de centrais hidrel\u00e9tricas at\u00e9 50 MW e de outras fontes de energia renov\u00e1vel (tamb\u00e9m em im\u00f3veis rurais). O g\u00e1s natural tamb\u00e9m foi inclu\u00eddo.<br \/>\nO texto apresentado pela relatora do projeto de lei, Marussa Boldrin (MDB-GO), incluiu a proposta parlamentar de que o fundo possa &#8220;financiar recupera\u00e7\u00e3o de res\u00edduos s\u00f3lidos.<\/p>\n<p>Fonte: <a href=\"https:\/\/exame.com\/esg\/camara-aprova-projeto-de-credito-para-transicao-energetica-de-empresas\/\">Exame<\/a><\/p>\n","protected":false},"excerpt":{"rendered":"<p>A C\u00e2mara dos Deputados aprovou o projeto de lei que cria o Programa de Acelera\u00e7\u00e3o da Transi\u00e7\u00e3o Energ\u00e9tica (Paten), focado em incentivar projetos sustent\u00e1veis no Brasil, especialmente em infraestrutura e inova\u00e7\u00e3o tecnol\u00f3gica, visando benef\u00edcios socioambientais. O financiamento vir\u00e1 de transa\u00e7\u00f5es tribut\u00e1rias e empr\u00e9stimos privados com garantia do Fundo Verde, administrado pelo BNDES, utilizando cr\u00e9ditos tribut\u00e1rios [&#8230;]\n","protected":false},"author":1,"featured_media":5014,"comment_status":"closed","ping_status":"closed","sticky":false,"template":"","format":"standard","meta":{"footnotes":""},"categories":[77],"tags":[87,88,84],"class_list":["post-5032","post","type-post","status-publish","format-standard","has-post-thumbnail","hentry","category-direito-tributario","tag-direito-tributario","tag-empresa","tag-mudancas-climaticas"],"yoast_head":"<!-- This site is optimized with the Yoast SEO plugin v27.5 - https:\/\/yoast.com\/product\/yoast-seo-wordpress\/ -->\n<title>C\u00e2mara aprova projeto de cr\u00e9dito para transi\u00e7\u00e3o energ\u00e9tica de empresas - Guaresi &amp; Mill\u00e9o Advogados Associados | Escrit\u00f3rio de Advocacia em Conc\u00f3rdia-SC | 30 Anos de Experi\u00eancia<\/title>\n<meta name=\"description\" content=\"C\u00e2mara aprova projeto de cr\u00e9dito para transi\u00e7\u00e3o energ\u00e9tica de empresas - Guaresi &amp; Mill\u00e9o Advogados Associados | Escrit\u00f3rio de Advocacia em Conc\u00f3rdia-SC | 30 Anos de Experi\u00eancia\" \/>\n<meta name=\"robots\" content=\"index, follow, max-snippet:-1, max-image-preview:large, max-video-preview:-1\" \/>\n<link rel=\"canonical\" href=\"https:\/\/www.gm.adv.br\/site\/2024\/03\/26\/camara-aprova-projeto-de-credito-para-transicao-energetica-de-empresas\/\" \/>\n<meta property=\"og:locale\" content=\"pt_BR\" \/>\n<meta property=\"og:type\" content=\"article\" \/>\n<meta property=\"og:title\" content=\"C\u00e2mara aprova projeto de cr\u00e9dito para transi\u00e7\u00e3o energ\u00e9tica de empresas - Guaresi &amp; Mill\u00e9o Advogados Associados | Escrit\u00f3rio de Advocacia em Conc\u00f3rdia-SC | 30 Anos de Experi\u00eancia\" \/>\n<meta property=\"og:description\" content=\"C\u00e2mara aprova projeto de cr\u00e9dito para transi\u00e7\u00e3o energ\u00e9tica de empresas - Guaresi &amp; Mill\u00e9o Advogados Associados | Escrit\u00f3rio de Advocacia em Conc\u00f3rdia-SC | 30 Anos de Experi\u00eancia\" \/>\n<meta property=\"og:url\" content=\"https:\/\/www.gm.adv.br\/site\/2024\/03\/26\/camara-aprova-projeto-de-credito-para-transicao-energetica-de-empresas\/\" \/>\n<meta property=\"og:site_name\" content=\"Guaresi &amp; Mill\u00e9o Advogados Associados | Escrit\u00f3rio de Advocacia em Conc\u00f3rdia-SC | 30 Anos de Experi\u00eancia\" \/>\n<meta property=\"article:publisher\" content=\"https:\/\/www.facebook.com\/GuaresiMilleoAdvogados\" \/>\n<meta property=\"article:published_time\" content=\"2024-03-26T14:43:38+00:00\" \/>\n<meta property=\"og:image\" content=\"https:\/\/www.gm.adv.br\/site\/wp-content\/uploads\/2024\/03\/imagem07-jpg.webp\" \/>\n\t<meta property=\"og:image:width\" content=\"825\" \/>\n\t<meta property=\"og:image:height\" content=\"340\" \/>\n\t<meta property=\"og:image:type\" content=\"image\/webp\" \/>\n<meta name=\"author\" content=\"admin\" \/>\n<meta name=\"twitter:card\" content=\"summary_large_image\" \/>\n<meta name=\"twitter:label1\" content=\"Escrito por\" \/>\n\t<meta name=\"twitter:data1\" content=\"admin\" \/>\n\t<meta name=\"twitter:label2\" content=\"Est. tempo de leitura\" \/>\n\t<meta name=\"twitter:data2\" content=\"2 minutos\" \/>\n<script type=\"application\/ld+json\" class=\"yoast-schema-graph\">{\"@context\":\"https:\\\/\\\/schema.org\",\"@graph\":[{\"@type\":\"Article\",\"@id\":\"https:\\\/\\\/www.gm.adv.br\\\/site\\\/2024\\\/03\\\/26\\\/camara-aprova-projeto-de-credito-para-transicao-energetica-de-empresas\\\/#article\",\"isPartOf\":{\"@id\":\"https:\\\/\\\/www.gm.adv.br\\\/site\\\/2024\\\/03\\\/26\\\/camara-aprova-projeto-de-credito-para-transicao-energetica-de-empresas\\\/\"},\"author\":{\"name\":\"admin\",\"@id\":\"https:\\\/\\\/www.gm.adv.br\\\/site\\\/#\\\/schema\\\/person\\\/7d633a2abab0d9b94253af6efc36428f\"},\"headline\":\"C\u00e2mara aprova projeto de cr\u00e9dito para transi\u00e7\u00e3o energ\u00e9tica de empresas\",\"datePublished\":\"2024-03-26T14:43:38+00:00\",\"mainEntityOfPage\":{\"@id\":\"https:\\\/\\\/www.gm.adv.br\\\/site\\\/2024\\\/03\\\/26\\\/camara-aprova-projeto-de-credito-para-transicao-energetica-de-empresas\\\/\"},\"wordCount\":267,\"publisher\":{\"@id\":\"https:\\\/\\\/www.gm.adv.br\\\/site\\\/#organization\"},\"image\":{\"@id\":\"https:\\\/\\\/www.gm.adv.br\\\/site\\\/2024\\\/03\\\/26\\\/camara-aprova-projeto-de-credito-para-transicao-energetica-de-empresas\\\/#primaryimage\"},\"thumbnailUrl\":\"https:\\\/\\\/www.gm.adv.br\\\/site\\\/wp-content\\\/uploads\\\/2024\\\/03\\\/imagem07-jpg.webp\",\"keywords\":[\"direito tributario\",\"empresa\",\"mudan\u00e7as clim\u00e1ticas\"],\"articleSection\":[\"Direito Tribut\u00e1rio\"],\"inLanguage\":\"pt-BR\"},{\"@type\":\"WebPage\",\"@id\":\"https:\\\/\\\/www.gm.adv.br\\\/site\\\/2024\\\/03\\\/26\\\/camara-aprova-projeto-de-credito-para-transicao-energetica-de-empresas\\\/\",\"url\":\"https:\\\/\\\/www.gm.adv.br\\\/site\\\/2024\\\/03\\\/26\\\/camara-aprova-projeto-de-credito-para-transicao-energetica-de-empresas\\\/\",\"name\":\"C\u00e2mara aprova projeto de cr\u00e9dito para transi\u00e7\u00e3o energ\u00e9tica de empresas - Guaresi &amp; Mill\u00e9o Advogados Associados | Escrit\u00f3rio de Advocacia em Conc\u00f3rdia-SC | 30 Anos de Experi\u00eancia\",\"isPartOf\":{\"@id\":\"https:\\\/\\\/www.gm.adv.br\\\/site\\\/#website\"},\"primaryImageOfPage\":{\"@id\":\"https:\\\/\\\/www.gm.adv.br\\\/site\\\/2024\\\/03\\\/26\\\/camara-aprova-projeto-de-credito-para-transicao-energetica-de-empresas\\\/#primaryimage\"},\"image\":{\"@id\":\"https:\\\/\\\/www.gm.adv.br\\\/site\\\/2024\\\/03\\\/26\\\/camara-aprova-projeto-de-credito-para-transicao-energetica-de-empresas\\\/#primaryimage\"},\"thumbnailUrl\":\"https:\\\/\\\/www.gm.adv.br\\\/site\\\/wp-content\\\/uploads\\\/2024\\\/03\\\/imagem07-jpg.webp\",\"datePublished\":\"2024-03-26T14:43:38+00:00\",\"description\":\"C\u00e2mara aprova projeto de cr\u00e9dito para transi\u00e7\u00e3o energ\u00e9tica de empresas - Guaresi &amp; Mill\u00e9o Advogados Associados | Escrit\u00f3rio de Advocacia em Conc\u00f3rdia-SC | 30 Anos de Experi\u00eancia\",\"breadcrumb\":{\"@id\":\"https:\\\/\\\/www.gm.adv.br\\\/site\\\/2024\\\/03\\\/26\\\/camara-aprova-projeto-de-credito-para-transicao-energetica-de-empresas\\\/#breadcrumb\"},\"inLanguage\":\"pt-BR\",\"potentialAction\":[{\"@type\":\"ReadAction\",\"target\":[\"https:\\\/\\\/www.gm.adv.br\\\/site\\\/2024\\\/03\\\/26\\\/camara-aprova-projeto-de-credito-para-transicao-energetica-de-empresas\\\/\"]}]},{\"@type\":\"ImageObject\",\"inLanguage\":\"pt-BR\",\"@id\":\"https:\\\/\\\/www.gm.adv.br\\\/site\\\/2024\\\/03\\\/26\\\/camara-aprova-projeto-de-credito-para-transicao-energetica-de-empresas\\\/#primaryimage\",\"url\":\"https:\\\/\\\/www.gm.adv.br\\\/site\\\/wp-content\\\/uploads\\\/2024\\\/03\\\/imagem07-jpg.webp\",\"contentUrl\":\"https:\\\/\\\/www.gm.adv.br\\\/site\\\/wp-content\\\/uploads\\\/2024\\\/03\\\/imagem07-jpg.webp\",\"width\":825,\"height\":340,\"caption\":\"Place flying in sunset sky\"},{\"@type\":\"BreadcrumbList\",\"@id\":\"https:\\\/\\\/www.gm.adv.br\\\/site\\\/2024\\\/03\\\/26\\\/camara-aprova-projeto-de-credito-para-transicao-energetica-de-empresas\\\/#breadcrumb\",\"itemListElement\":[{\"@type\":\"ListItem\",\"position\":1,\"name\":\"In\u00edcio\",\"item\":\"https:\\\/\\\/www.gm.adv.br\\\/site\\\/\"},{\"@type\":\"ListItem\",\"position\":2,\"name\":\"C\u00e2mara aprova projeto de cr\u00e9dito para transi\u00e7\u00e3o energ\u00e9tica de empresas\"}]},{\"@type\":\"WebSite\",\"@id\":\"https:\\\/\\\/www.gm.adv.br\\\/site\\\/#website\",\"url\":\"https:\\\/\\\/www.gm.adv.br\\\/site\\\/\",\"name\":\"Guaresi & Mill\u00e9o Advogados Associados | Escrit\u00f3rio de Advocacia em Conc\u00f3rdia-SC | 30 Anos de Experi\u00eanci\",\"description\":\"Advocacia Direito Banc\u00e1rio, Tribut\u00e1rio, Trabalhista, C\u00edvil, P\u00fablica, Municipal, Advogados Associados Guaresi e Mill\u00e9o  |  Conc\u00f3rdia SC\",\"publisher\":{\"@id\":\"https:\\\/\\\/www.gm.adv.br\\\/site\\\/#organization\"},\"alternateName\":\"Guaresi e Mill\u00e9o Escrit\u00f3rio de Advocacia e Consultoria em Conc\u00f3rdia-SC\",\"potentialAction\":[{\"@type\":\"SearchAction\",\"target\":{\"@type\":\"EntryPoint\",\"urlTemplate\":\"https:\\\/\\\/www.gm.adv.br\\\/site\\\/?s={search_term_string}\"},\"query-input\":{\"@type\":\"PropertyValueSpecification\",\"valueRequired\":true,\"valueName\":\"search_term_string\"}}],\"inLanguage\":\"pt-BR\"},{\"@type\":\"Organization\",\"@id\":\"https:\\\/\\\/www.gm.adv.br\\\/site\\\/#organization\",\"name\":\"Guaresi & Milleo Advogados Associados em Conc\u00f3rdia SC\",\"alternateName\":\"Guaresi e Milleo Advocacia e Consultoria\",\"url\":\"https:\\\/\\\/www.gm.adv.br\\\/site\\\/\",\"logo\":{\"@type\":\"ImageObject\",\"inLanguage\":\"pt-BR\",\"@id\":\"https:\\\/\\\/www.gm.adv.br\\\/site\\\/#\\\/schema\\\/logo\\\/image\\\/\",\"url\":\"https:\\\/\\\/www.gm.adv.br\\\/site\\\/wp-content\\\/uploads\\\/2025\\\/07\\\/cropped-icone-512.webp\",\"contentUrl\":\"https:\\\/\\\/www.gm.adv.br\\\/site\\\/wp-content\\\/uploads\\\/2025\\\/07\\\/cropped-icone-512.webp\",\"width\":512,\"height\":512,\"caption\":\"Guaresi & Milleo Advogados Associados em Conc\u00f3rdia SC\"},\"image\":{\"@id\":\"https:\\\/\\\/www.gm.adv.br\\\/site\\\/#\\\/schema\\\/logo\\\/image\\\/\"},\"sameAs\":[\"https:\\\/\\\/www.facebook.com\\\/GuaresiMilleoAdvogados\",\"https:\\\/\\\/www.instagram.com\\\/guaresiemilleo\\\/\",\"https:\\\/\\\/br.linkedin.com\\\/company\\\/guaresimilleo\"]},{\"@type\":\"Person\",\"@id\":\"https:\\\/\\\/www.gm.adv.br\\\/site\\\/#\\\/schema\\\/person\\\/7d633a2abab0d9b94253af6efc36428f\",\"name\":\"admin\",\"image\":{\"@type\":\"ImageObject\",\"inLanguage\":\"pt-BR\",\"@id\":\"https:\\\/\\\/secure.gravatar.com\\\/avatar\\\/c8bb173d280f7d1e50b67bb649de269247430499695ba3ee451b6289436d1d39?s=96&d=mm&r=g\",\"url\":\"https:\\\/\\\/secure.gravatar.com\\\/avatar\\\/c8bb173d280f7d1e50b67bb649de269247430499695ba3ee451b6289436d1d39?s=96&d=mm&r=g\",\"contentUrl\":\"https:\\\/\\\/secure.gravatar.com\\\/avatar\\\/c8bb173d280f7d1e50b67bb649de269247430499695ba3ee451b6289436d1d39?s=96&d=mm&r=g\",\"caption\":\"admin\"},\"sameAs\":[\"https:\\\/\\\/www.gm.adv.br\\\/site\"],\"url\":\"https:\\\/\\\/www.gm.adv.br\\\/site\\\/author\\\/admin\\\/\"}]}<\/script>\n<!-- \/ Yoast SEO plugin. -->","yoast_head_json":{"title":"C\u00e2mara aprova projeto de cr\u00e9dito para transi\u00e7\u00e3o energ\u00e9tica de empresas - Guaresi &amp; Mill\u00e9o Advogados Associados | Escrit\u00f3rio de Advocacia em Conc\u00f3rdia-SC | 30 Anos de Experi\u00eancia","description":"C\u00e2mara aprova projeto de cr\u00e9dito para transi\u00e7\u00e3o energ\u00e9tica de empresas - Guaresi &amp; Mill\u00e9o Advogados Associados | Escrit\u00f3rio de Advocacia em Conc\u00f3rdia-SC | 30 Anos de Experi\u00eancia","robots":{"index":"index","follow":"follow","max-snippet":"max-snippet:-1","max-image-preview":"max-image-preview:large","max-video-preview":"max-video-preview:-1"},"canonical":"https:\/\/www.gm.adv.br\/site\/2024\/03\/26\/camara-aprova-projeto-de-credito-para-transicao-energetica-de-empresas\/","og_locale":"pt_BR","og_type":"article","og_title":"C\u00e2mara aprova projeto de cr\u00e9dito para transi\u00e7\u00e3o energ\u00e9tica de empresas - Guaresi &amp; Mill\u00e9o Advogados Associados | Escrit\u00f3rio de Advocacia em Conc\u00f3rdia-SC | 30 Anos de Experi\u00eancia","og_description":"C\u00e2mara aprova projeto de cr\u00e9dito para transi\u00e7\u00e3o energ\u00e9tica de empresas - Guaresi &amp; Mill\u00e9o Advogados Associados | Escrit\u00f3rio de Advocacia em Conc\u00f3rdia-SC | 30 Anos de Experi\u00eancia","og_url":"https:\/\/www.gm.adv.br\/site\/2024\/03\/26\/camara-aprova-projeto-de-credito-para-transicao-energetica-de-empresas\/","og_site_name":"Guaresi &amp; Mill\u00e9o Advogados Associados | Escrit\u00f3rio de Advocacia em Conc\u00f3rdia-SC | 30 Anos de Experi\u00eancia","article_publisher":"https:\/\/www.facebook.com\/GuaresiMilleoAdvogados","article_published_time":"2024-03-26T14:43:38+00:00","og_image":[{"width":825,"height":340,"url":"https:\/\/www.gm.adv.br\/site\/wp-content\/uploads\/2024\/03\/imagem07-jpg.webp","type":"image\/webp"}],"author":"admin","twitter_card":"summary_large_image","twitter_misc":{"Escrito por":"admin","Est. tempo de leitura":"2 minutos"},"schema":{"@context":"https:\/\/schema.org","@graph":[{"@type":"Article","@id":"https:\/\/www.gm.adv.br\/site\/2024\/03\/26\/camara-aprova-projeto-de-credito-para-transicao-energetica-de-empresas\/#article","isPartOf":{"@id":"https:\/\/www.gm.adv.br\/site\/2024\/03\/26\/camara-aprova-projeto-de-credito-para-transicao-energetica-de-empresas\/"},"author":{"name":"admin","@id":"https:\/\/www.gm.adv.br\/site\/#\/schema\/person\/7d633a2abab0d9b94253af6efc36428f"},"headline":"C\u00e2mara aprova projeto de cr\u00e9dito para transi\u00e7\u00e3o energ\u00e9tica de empresas","datePublished":"2024-03-26T14:43:38+00:00","mainEntityOfPage":{"@id":"https:\/\/www.gm.adv.br\/site\/2024\/03\/26\/camara-aprova-projeto-de-credito-para-transicao-energetica-de-empresas\/"},"wordCount":267,"publisher":{"@id":"https:\/\/www.gm.adv.br\/site\/#organization"},"image":{"@id":"https:\/\/www.gm.adv.br\/site\/2024\/03\/26\/camara-aprova-projeto-de-credito-para-transicao-energetica-de-empresas\/#primaryimage"},"thumbnailUrl":"https:\/\/www.gm.adv.br\/site\/wp-content\/uploads\/2024\/03\/imagem07-jpg.webp","keywords":["direito tributario","empresa","mudan\u00e7as clim\u00e1ticas"],"articleSection":["Direito Tribut\u00e1rio"],"inLanguage":"pt-BR"},{"@type":"WebPage","@id":"https:\/\/www.gm.adv.br\/site\/2024\/03\/26\/camara-aprova-projeto-de-credito-para-transicao-energetica-de-empresas\/","url":"https:\/\/www.gm.adv.br\/site\/2024\/03\/26\/camara-aprova-projeto-de-credito-para-transicao-energetica-de-empresas\/","name":"C\u00e2mara aprova projeto de cr\u00e9dito para transi\u00e7\u00e3o energ\u00e9tica de empresas - Guaresi &amp; Mill\u00e9o Advogados Associados | Escrit\u00f3rio de Advocacia em Conc\u00f3rdia-SC | 30 Anos de Experi\u00eancia","isPartOf":{"@id":"https:\/\/www.gm.adv.br\/site\/#website"},"primaryImageOfPage":{"@id":"https:\/\/www.gm.adv.br\/site\/2024\/03\/26\/camara-aprova-projeto-de-credito-para-transicao-energetica-de-empresas\/#primaryimage"},"image":{"@id":"https:\/\/www.gm.adv.br\/site\/2024\/03\/26\/camara-aprova-projeto-de-credito-para-transicao-energetica-de-empresas\/#primaryimage"},"thumbnailUrl":"https:\/\/www.gm.adv.br\/site\/wp-content\/uploads\/2024\/03\/imagem07-jpg.webp","datePublished":"2024-03-26T14:43:38+00:00","description":"C\u00e2mara aprova projeto de cr\u00e9dito para transi\u00e7\u00e3o energ\u00e9tica de empresas - Guaresi &amp; Mill\u00e9o Advogados Associados | Escrit\u00f3rio de Advocacia em Conc\u00f3rdia-SC | 30 Anos de Experi\u00eancia","breadcrumb":{"@id":"https:\/\/www.gm.adv.br\/site\/2024\/03\/26\/camara-aprova-projeto-de-credito-para-transicao-energetica-de-empresas\/#breadcrumb"},"inLanguage":"pt-BR","potentialAction":[{"@type":"ReadAction","target":["https:\/\/www.gm.adv.br\/site\/2024\/03\/26\/camara-aprova-projeto-de-credito-para-transicao-energetica-de-empresas\/"]}]},{"@type":"ImageObject","inLanguage":"pt-BR","@id":"https:\/\/www.gm.adv.br\/site\/2024\/03\/26\/camara-aprova-projeto-de-credito-para-transicao-energetica-de-empresas\/#primaryimage","url":"https:\/\/www.gm.adv.br\/site\/wp-content\/uploads\/2024\/03\/imagem07-jpg.webp","contentUrl":"https:\/\/www.gm.adv.br\/site\/wp-content\/uploads\/2024\/03\/imagem07-jpg.webp","width":825,"height":340,"caption":"Place flying in sunset sky"},{"@type":"BreadcrumbList","@id":"https:\/\/www.gm.adv.br\/site\/2024\/03\/26\/camara-aprova-projeto-de-credito-para-transicao-energetica-de-empresas\/#breadcrumb","itemListElement":[{"@type":"ListItem","position":1,"name":"In\u00edcio","item":"https:\/\/www.gm.adv.br\/site\/"},{"@type":"ListItem","position":2,"name":"C\u00e2mara aprova projeto de cr\u00e9dito para transi\u00e7\u00e3o energ\u00e9tica de empresas"}]},{"@type":"WebSite","@id":"https:\/\/www.gm.adv.br\/site\/#website","url":"https:\/\/www.gm.adv.br\/site\/","name":"Guaresi & Mill\u00e9o Advogados Associados | Escrit\u00f3rio de Advocacia em Conc\u00f3rdia-SC | 30 Anos de Experi\u00eanci","description":"Advocacia Direito Banc\u00e1rio, Tribut\u00e1rio, Trabalhista, C\u00edvil, P\u00fablica, Municipal, Advogados Associados Guaresi e Mill\u00e9o  |  Conc\u00f3rdia SC","publisher":{"@id":"https:\/\/www.gm.adv.br\/site\/#organization"},"alternateName":"Guaresi e Mill\u00e9o Escrit\u00f3rio de Advocacia e Consultoria em Conc\u00f3rdia-SC","potentialAction":[{"@type":"SearchAction","target":{"@type":"EntryPoint","urlTemplate":"https:\/\/www.gm.adv.br\/site\/?s={search_term_string}"},"query-input":{"@type":"PropertyValueSpecification","valueRequired":true,"valueName":"search_term_string"}}],"inLanguage":"pt-BR"},{"@type":"Organization","@id":"https:\/\/www.gm.adv.br\/site\/#organization","name":"Guaresi & Milleo Advogados Associados em Conc\u00f3rdia SC","alternateName":"Guaresi e Milleo Advocacia e Consultoria","url":"https:\/\/www.gm.adv.br\/site\/","logo":{"@type":"ImageObject","inLanguage":"pt-BR","@id":"https:\/\/www.gm.adv.br\/site\/#\/schema\/logo\/image\/","url":"https:\/\/www.gm.adv.br\/site\/wp-content\/uploads\/2025\/07\/cropped-icone-512.webp","contentUrl":"https:\/\/www.gm.adv.br\/site\/wp-content\/uploads\/2025\/07\/cropped-icone-512.webp","width":512,"height":512,"caption":"Guaresi & Milleo Advogados Associados em Conc\u00f3rdia SC"},"image":{"@id":"https:\/\/www.gm.adv.br\/site\/#\/schema\/logo\/image\/"},"sameAs":["https:\/\/www.facebook.com\/GuaresiMilleoAdvogados","https:\/\/www.instagram.com\/guaresiemilleo\/","https:\/\/br.linkedin.com\/company\/guaresimilleo"]},{"@type":"Person","@id":"https:\/\/www.gm.adv.br\/site\/#\/schema\/person\/7d633a2abab0d9b94253af6efc36428f","name":"admin","image":{"@type":"ImageObject","inLanguage":"pt-BR","@id":"https:\/\/secure.gravatar.com\/avatar\/c8bb173d280f7d1e50b67bb649de269247430499695ba3ee451b6289436d1d39?s=96&d=mm&r=g","url":"https:\/\/secure.gravatar.com\/avatar\/c8bb173d280f7d1e50b67bb649de269247430499695ba3ee451b6289436d1d39?s=96&d=mm&r=g","contentUrl":"https:\/\/secure.gravatar.com\/avatar\/c8bb173d280f7d1e50b67bb649de269247430499695ba3ee451b6289436d1d39?s=96&d=mm&r=g","caption":"admin"},"sameAs":["https:\/\/www.gm.adv.br\/site"],"url":"https:\/\/www.gm.adv.br\/site\/author\/admin\/"}]}},"_links":{"self":[{"href":"https:\/\/www.gm.adv.br\/site\/wp-json\/wp\/v2\/posts\/5032","targetHints":{"allow":["GET"]}}],"collection":[{"href":"https:\/\/www.gm.adv.br\/site\/wp-json\/wp\/v2\/posts"}],"about":[{"href":"https:\/\/www.gm.adv.br\/site\/wp-json\/wp\/v2\/types\/post"}],"author":[{"embeddable":true,"href":"https:\/\/www.gm.adv.br\/site\/wp-json\/wp\/v2\/users\/1"}],"replies":[{"embeddable":true,"href":"https:\/\/www.gm.adv.br\/site\/wp-json\/wp\/v2\/comments?post=5032"}],"version-history":[{"count":0,"href":"https:\/\/www.gm.adv.br\/site\/wp-json\/wp\/v2\/posts\/5032\/revisions"}],"wp:featuredmedia":[{"embeddable":true,"href":"https:\/\/www.gm.adv.br\/site\/wp-json\/wp\/v2\/media\/5014"}],"wp:attachment":[{"href":"https:\/\/www.gm.adv.br\/site\/wp-json\/wp\/v2\/media?parent=5032"}],"wp:term":[{"taxonomy":"category","embeddable":true,"href":"https:\/\/www.gm.adv.br\/site\/wp-json\/wp\/v2\/categories?post=5032"},{"taxonomy":"post_tag","embeddable":true,"href":"https:\/\/www.gm.adv.br\/site\/wp-json\/wp\/v2\/tags?post=5032"}],"curies":[{"name":"wp","href":"https:\/\/api.w.org\/{rel}","templated":true}]}}