{"id":5027,"date":"2024-03-26T11:29:00","date_gmt":"2024-03-26T14:29:00","guid":{"rendered":"https:\/\/gm.adv.br\/?p=5027"},"modified":"2024-03-26T11:29:00","modified_gmt":"2024-03-26T14:29:00","slug":"empresa-pagara-pensao-durante-30-anos-a-familia-de-trabalhador-morto","status":"publish","type":"post","link":"https:\/\/www.gm.adv.br\/site\/2024\/03\/26\/empresa-pagara-pensao-durante-30-anos-a-familia-de-trabalhador-morto\/","title":{"rendered":"Por neglig\u00eancia, empresa pagar\u00e1 pens\u00e3o durante 30 anos a fam\u00edlia de trabalhador morto"},"content":{"rendered":"<p>A 2\u00aa C\u00e2mara do TRT-15 condenou uma transportadora a indenizar a fam\u00edlia de um motorista que faleceu em decorr\u00eancia da Covid-19, em 2021. A Corte entendeu que a empresa foi negligente ao desconsiderar as recomenda\u00e7\u00f5es m\u00e9dicas para que o motorista fosse afastado do trabalho por 10 dias. Al\u00e9m do pagamento de pens\u00e3o equivalente a 2\/3 da remunera\u00e7\u00e3o do motorista, foi fixada indeniza\u00e7\u00e3o de R$ 360 mil, que ser\u00e1 dividida entre os familiares<\/p>\n<p>Os magistrados consideram que a transportadora deixou de tomar medidas de seguran\u00e7a adequadas para a situa\u00e7\u00e3o. A decis\u00e3o reconheceu que o controlador de tr\u00e1fego da transportadora tinha ci\u00eancia do atestado m\u00e9dico que pedia o afastamento tempor\u00e1rio do funcion\u00e1rio.<\/p>\n<p>Ao acionar a Justi\u00e7a do Trabalho, os familiares do motorista pediram a responsabiliza\u00e7\u00e3o do empregador. O motorista passou mal na garagem da empresa e, ap\u00f3s interna\u00e7\u00e3o na UTI, morreu em decorr\u00eancia de complica\u00e7\u00f5es da Covid-19<br \/>\nAo manter o m\u00e9rito da condena\u00e7\u00e3o de primeiro grau, o colegiado fixou o pagamento de indeniza\u00e7\u00e3o por danos morais de R$ 120 mil para cada familiar do trabalhador, esposa e dois filhos menores, somado ao pagamento de pens\u00e3o de 2\/3 da remunera\u00e7\u00e3o do motorista, acrescida de f\u00e9rias.<\/p>\n<p>Fonte: <a href=\"https:\/\/www.jota.info\/justica\/por-negligencia-empresa-pagara-pensao-durante-30-anos-a-familia-de-trabalhador-morto-11032024\">JOTA\u00a0<\/a><\/p>\n<p>&nbsp;<\/p>\n<p>&nbsp;<\/p>\n","protected":false},"excerpt":{"rendered":"<p>A 2\u00aa C\u00e2mara do TRT-15 condenou uma transportadora a indenizar a fam\u00edlia de um motorista que faleceu em decorr\u00eancia da Covid-19, em 2021. A Corte entendeu que a empresa foi negligente ao desconsiderar as recomenda\u00e7\u00f5es m\u00e9dicas para que o motorista fosse afastado do trabalho por 10 dias. Al\u00e9m do pagamento de pens\u00e3o equivalente a 2\/3 [&#8230;]\n","protected":false},"author":1,"featured_media":5012,"comment_status":"closed","ping_status":"closed","sticky":false,"template":"","format":"standard","meta":{"footnotes":""},"categories":[73],"tags":[85,88,91],"class_list":["post-5027","post","type-post","status-publish","format-standard","has-post-thumbnail","hentry","category-artigos","tag-direitodotrabalho","tag-empresa","tag-pensao"],"yoast_head":"<!-- This site is optimized with the Yoast SEO plugin v27.5 - https:\/\/yoast.com\/product\/yoast-seo-wordpress\/ -->\n<title>Por neglig\u00eancia, empresa pagar\u00e1 pens\u00e3o durante 30 anos a fam\u00edlia de trabalhador morto - Guaresi &amp; Mill\u00e9o Advogados Associados | Escrit\u00f3rio de Advocacia em Conc\u00f3rdia-SC | 30 Anos de Experi\u00eancia<\/title>\n<meta name=\"description\" content=\"Por neglig\u00eancia, empresa pagar\u00e1 pens\u00e3o durante 30 anos a fam\u00edlia de trabalhador morto - Guaresi &amp; Mill\u00e9o Advogados Associados | Escrit\u00f3rio de Advocacia em Conc\u00f3rdia-SC | 30 Anos de Experi\u00eancia\" \/>\n<meta name=\"robots\" content=\"index, follow, max-snippet:-1, max-image-preview:large, max-video-preview:-1\" \/>\n<link rel=\"canonical\" href=\"https:\/\/www.gm.adv.br\/site\/2024\/03\/26\/empresa-pagara-pensao-durante-30-anos-a-familia-de-trabalhador-morto\/\" \/>\n<meta property=\"og:locale\" content=\"pt_BR\" \/>\n<meta property=\"og:type\" content=\"article\" \/>\n<meta property=\"og:title\" content=\"Por neglig\u00eancia, empresa pagar\u00e1 pens\u00e3o durante 30 anos a fam\u00edlia de trabalhador morto - Guaresi &amp; Mill\u00e9o Advogados Associados | Escrit\u00f3rio de Advocacia em Conc\u00f3rdia-SC | 30 Anos de Experi\u00eancia\" \/>\n<meta property=\"og:description\" content=\"Por neglig\u00eancia, empresa pagar\u00e1 pens\u00e3o durante 30 anos a fam\u00edlia de trabalhador morto - Guaresi &amp; Mill\u00e9o Advogados Associados | Escrit\u00f3rio de Advocacia em Conc\u00f3rdia-SC | 30 Anos de Experi\u00eancia\" \/>\n<meta property=\"og:url\" content=\"https:\/\/www.gm.adv.br\/site\/2024\/03\/26\/empresa-pagara-pensao-durante-30-anos-a-familia-de-trabalhador-morto\/\" \/>\n<meta property=\"og:site_name\" content=\"Guaresi &amp; Mill\u00e9o Advogados Associados | Escrit\u00f3rio de Advocacia em Conc\u00f3rdia-SC | 30 Anos de Experi\u00eancia\" \/>\n<meta property=\"article:publisher\" content=\"https:\/\/www.facebook.com\/GuaresiMilleoAdvogados\" \/>\n<meta property=\"article:published_time\" content=\"2024-03-26T14:29:00+00:00\" \/>\n<meta property=\"og:image\" content=\"https:\/\/www.gm.adv.br\/site\/wp-content\/uploads\/2024\/03\/imagem09-1-jpg.webp\" \/>\n\t<meta property=\"og:image:width\" content=\"825\" \/>\n\t<meta property=\"og:image:height\" content=\"340\" \/>\n\t<meta property=\"og:image:type\" content=\"image\/webp\" \/>\n<meta name=\"author\" content=\"admin\" \/>\n<meta name=\"twitter:card\" content=\"summary_large_image\" \/>\n<meta name=\"twitter:label1\" content=\"Escrito por\" \/>\n\t<meta name=\"twitter:data1\" content=\"admin\" \/>\n\t<meta name=\"twitter:label2\" content=\"Est. tempo de leitura\" \/>\n\t<meta name=\"twitter:data2\" content=\"2 minutos\" \/>\n<script type=\"application\/ld+json\" class=\"yoast-schema-graph\">{\"@context\":\"https:\\\/\\\/schema.org\",\"@graph\":[{\"@type\":\"Article\",\"@id\":\"https:\\\/\\\/www.gm.adv.br\\\/site\\\/2024\\\/03\\\/26\\\/empresa-pagara-pensao-durante-30-anos-a-familia-de-trabalhador-morto\\\/#article\",\"isPartOf\":{\"@id\":\"https:\\\/\\\/www.gm.adv.br\\\/site\\\/2024\\\/03\\\/26\\\/empresa-pagara-pensao-durante-30-anos-a-familia-de-trabalhador-morto\\\/\"},\"author\":{\"name\":\"admin\",\"@id\":\"https:\\\/\\\/www.gm.adv.br\\\/site\\\/#\\\/schema\\\/person\\\/7d633a2abab0d9b94253af6efc36428f\"},\"headline\":\"Por neglig\u00eancia, empresa pagar\u00e1 pens\u00e3o durante 30 anos a fam\u00edlia de trabalhador morto\",\"datePublished\":\"2024-03-26T14:29:00+00:00\",\"mainEntityOfPage\":{\"@id\":\"https:\\\/\\\/www.gm.adv.br\\\/site\\\/2024\\\/03\\\/26\\\/empresa-pagara-pensao-durante-30-anos-a-familia-de-trabalhador-morto\\\/\"},\"wordCount\":233,\"publisher\":{\"@id\":\"https:\\\/\\\/www.gm.adv.br\\\/site\\\/#organization\"},\"image\":{\"@id\":\"https:\\\/\\\/www.gm.adv.br\\\/site\\\/2024\\\/03\\\/26\\\/empresa-pagara-pensao-durante-30-anos-a-familia-de-trabalhador-morto\\\/#primaryimage\"},\"thumbnailUrl\":\"https:\\\/\\\/www.gm.adv.br\\\/site\\\/wp-content\\\/uploads\\\/2024\\\/03\\\/imagem09-1-jpg.webp\",\"keywords\":[\"direitodotrabalho\",\"empresa\",\"pens\u00e3o\"],\"articleSection\":[\"Noticias\"],\"inLanguage\":\"pt-BR\"},{\"@type\":\"WebPage\",\"@id\":\"https:\\\/\\\/www.gm.adv.br\\\/site\\\/2024\\\/03\\\/26\\\/empresa-pagara-pensao-durante-30-anos-a-familia-de-trabalhador-morto\\\/\",\"url\":\"https:\\\/\\\/www.gm.adv.br\\\/site\\\/2024\\\/03\\\/26\\\/empresa-pagara-pensao-durante-30-anos-a-familia-de-trabalhador-morto\\\/\",\"name\":\"Por neglig\u00eancia, empresa pagar\u00e1 pens\u00e3o durante 30 anos a fam\u00edlia de trabalhador morto - Guaresi &amp; Mill\u00e9o Advogados Associados | Escrit\u00f3rio de Advocacia em Conc\u00f3rdia-SC | 30 Anos de Experi\u00eancia\",\"isPartOf\":{\"@id\":\"https:\\\/\\\/www.gm.adv.br\\\/site\\\/#website\"},\"primaryImageOfPage\":{\"@id\":\"https:\\\/\\\/www.gm.adv.br\\\/site\\\/2024\\\/03\\\/26\\\/empresa-pagara-pensao-durante-30-anos-a-familia-de-trabalhador-morto\\\/#primaryimage\"},\"image\":{\"@id\":\"https:\\\/\\\/www.gm.adv.br\\\/site\\\/2024\\\/03\\\/26\\\/empresa-pagara-pensao-durante-30-anos-a-familia-de-trabalhador-morto\\\/#primaryimage\"},\"thumbnailUrl\":\"https:\\\/\\\/www.gm.adv.br\\\/site\\\/wp-content\\\/uploads\\\/2024\\\/03\\\/imagem09-1-jpg.webp\",\"datePublished\":\"2024-03-26T14:29:00+00:00\",\"description\":\"Por neglig\u00eancia, empresa pagar\u00e1 pens\u00e3o durante 30 anos a fam\u00edlia de trabalhador morto - Guaresi &amp; Mill\u00e9o Advogados Associados | Escrit\u00f3rio de Advocacia em Conc\u00f3rdia-SC | 30 Anos de Experi\u00eancia\",\"breadcrumb\":{\"@id\":\"https:\\\/\\\/www.gm.adv.br\\\/site\\\/2024\\\/03\\\/26\\\/empresa-pagara-pensao-durante-30-anos-a-familia-de-trabalhador-morto\\\/#breadcrumb\"},\"inLanguage\":\"pt-BR\",\"potentialAction\":[{\"@type\":\"ReadAction\",\"target\":[\"https:\\\/\\\/www.gm.adv.br\\\/site\\\/2024\\\/03\\\/26\\\/empresa-pagara-pensao-durante-30-anos-a-familia-de-trabalhador-morto\\\/\"]}]},{\"@type\":\"ImageObject\",\"inLanguage\":\"pt-BR\",\"@id\":\"https:\\\/\\\/www.gm.adv.br\\\/site\\\/2024\\\/03\\\/26\\\/empresa-pagara-pensao-durante-30-anos-a-familia-de-trabalhador-morto\\\/#primaryimage\",\"url\":\"https:\\\/\\\/www.gm.adv.br\\\/site\\\/wp-content\\\/uploads\\\/2024\\\/03\\\/imagem09-1-jpg.webp\",\"contentUrl\":\"https:\\\/\\\/www.gm.adv.br\\\/site\\\/wp-content\\\/uploads\\\/2024\\\/03\\\/imagem09-1-jpg.webp\",\"width\":825,\"height\":340,\"caption\":\"Place flying in sunset sky\"},{\"@type\":\"BreadcrumbList\",\"@id\":\"https:\\\/\\\/www.gm.adv.br\\\/site\\\/2024\\\/03\\\/26\\\/empresa-pagara-pensao-durante-30-anos-a-familia-de-trabalhador-morto\\\/#breadcrumb\",\"itemListElement\":[{\"@type\":\"ListItem\",\"position\":1,\"name\":\"In\u00edcio\",\"item\":\"https:\\\/\\\/www.gm.adv.br\\\/site\\\/\"},{\"@type\":\"ListItem\",\"position\":2,\"name\":\"Por neglig\u00eancia, empresa pagar\u00e1 pens\u00e3o durante 30 anos a fam\u00edlia de trabalhador morto\"}]},{\"@type\":\"WebSite\",\"@id\":\"https:\\\/\\\/www.gm.adv.br\\\/site\\\/#website\",\"url\":\"https:\\\/\\\/www.gm.adv.br\\\/site\\\/\",\"name\":\"Guaresi & Mill\u00e9o Advogados Associados | Escrit\u00f3rio de Advocacia em Conc\u00f3rdia-SC | 30 Anos de Experi\u00eanci\",\"description\":\"Advocacia Direito Banc\u00e1rio, Tribut\u00e1rio, Trabalhista, C\u00edvil, P\u00fablica, Municipal, Advogados Associados Guaresi e Mill\u00e9o  |  Conc\u00f3rdia SC\",\"publisher\":{\"@id\":\"https:\\\/\\\/www.gm.adv.br\\\/site\\\/#organization\"},\"alternateName\":\"Guaresi e Mill\u00e9o Escrit\u00f3rio de Advocacia e Consultoria em Conc\u00f3rdia-SC\",\"potentialAction\":[{\"@type\":\"SearchAction\",\"target\":{\"@type\":\"EntryPoint\",\"urlTemplate\":\"https:\\\/\\\/www.gm.adv.br\\\/site\\\/?s={search_term_string}\"},\"query-input\":{\"@type\":\"PropertyValueSpecification\",\"valueRequired\":true,\"valueName\":\"search_term_string\"}}],\"inLanguage\":\"pt-BR\"},{\"@type\":\"Organization\",\"@id\":\"https:\\\/\\\/www.gm.adv.br\\\/site\\\/#organization\",\"name\":\"Guaresi & Milleo Advogados Associados em Conc\u00f3rdia SC\",\"alternateName\":\"Guaresi e Milleo Advocacia e Consultoria\",\"url\":\"https:\\\/\\\/www.gm.adv.br\\\/site\\\/\",\"logo\":{\"@type\":\"ImageObject\",\"inLanguage\":\"pt-BR\",\"@id\":\"https:\\\/\\\/www.gm.adv.br\\\/site\\\/#\\\/schema\\\/logo\\\/image\\\/\",\"url\":\"https:\\\/\\\/www.gm.adv.br\\\/site\\\/wp-content\\\/uploads\\\/2025\\\/07\\\/cropped-icone-512.webp\",\"contentUrl\":\"https:\\\/\\\/www.gm.adv.br\\\/site\\\/wp-content\\\/uploads\\\/2025\\\/07\\\/cropped-icone-512.webp\",\"width\":512,\"height\":512,\"caption\":\"Guaresi & Milleo Advogados Associados em Conc\u00f3rdia SC\"},\"image\":{\"@id\":\"https:\\\/\\\/www.gm.adv.br\\\/site\\\/#\\\/schema\\\/logo\\\/image\\\/\"},\"sameAs\":[\"https:\\\/\\\/www.facebook.com\\\/GuaresiMilleoAdvogados\",\"https:\\\/\\\/www.instagram.com\\\/guaresiemilleo\\\/\",\"https:\\\/\\\/br.linkedin.com\\\/company\\\/guaresimilleo\"]},{\"@type\":\"Person\",\"@id\":\"https:\\\/\\\/www.gm.adv.br\\\/site\\\/#\\\/schema\\\/person\\\/7d633a2abab0d9b94253af6efc36428f\",\"name\":\"admin\",\"image\":{\"@type\":\"ImageObject\",\"inLanguage\":\"pt-BR\",\"@id\":\"https:\\\/\\\/secure.gravatar.com\\\/avatar\\\/c8bb173d280f7d1e50b67bb649de269247430499695ba3ee451b6289436d1d39?s=96&d=mm&r=g\",\"url\":\"https:\\\/\\\/secure.gravatar.com\\\/avatar\\\/c8bb173d280f7d1e50b67bb649de269247430499695ba3ee451b6289436d1d39?s=96&d=mm&r=g\",\"contentUrl\":\"https:\\\/\\\/secure.gravatar.com\\\/avatar\\\/c8bb173d280f7d1e50b67bb649de269247430499695ba3ee451b6289436d1d39?s=96&d=mm&r=g\",\"caption\":\"admin\"},\"sameAs\":[\"https:\\\/\\\/www.gm.adv.br\\\/site\"],\"url\":\"https:\\\/\\\/www.gm.adv.br\\\/site\\\/author\\\/admin\\\/\"}]}<\/script>\n<!-- \/ Yoast SEO plugin. -->","yoast_head_json":{"title":"Por neglig\u00eancia, empresa pagar\u00e1 pens\u00e3o durante 30 anos a fam\u00edlia de trabalhador morto - Guaresi &amp; Mill\u00e9o Advogados Associados | Escrit\u00f3rio de Advocacia em Conc\u00f3rdia-SC | 30 Anos de Experi\u00eancia","description":"Por neglig\u00eancia, empresa pagar\u00e1 pens\u00e3o durante 30 anos a fam\u00edlia de trabalhador morto - Guaresi &amp; Mill\u00e9o Advogados Associados | Escrit\u00f3rio de Advocacia em Conc\u00f3rdia-SC | 30 Anos de Experi\u00eancia","robots":{"index":"index","follow":"follow","max-snippet":"max-snippet:-1","max-image-preview":"max-image-preview:large","max-video-preview":"max-video-preview:-1"},"canonical":"https:\/\/www.gm.adv.br\/site\/2024\/03\/26\/empresa-pagara-pensao-durante-30-anos-a-familia-de-trabalhador-morto\/","og_locale":"pt_BR","og_type":"article","og_title":"Por neglig\u00eancia, empresa pagar\u00e1 pens\u00e3o durante 30 anos a fam\u00edlia de trabalhador morto - Guaresi &amp; Mill\u00e9o Advogados Associados | Escrit\u00f3rio de Advocacia em Conc\u00f3rdia-SC | 30 Anos de Experi\u00eancia","og_description":"Por neglig\u00eancia, empresa pagar\u00e1 pens\u00e3o durante 30 anos a fam\u00edlia de trabalhador morto - Guaresi &amp; Mill\u00e9o Advogados Associados | Escrit\u00f3rio de Advocacia em Conc\u00f3rdia-SC | 30 Anos de Experi\u00eancia","og_url":"https:\/\/www.gm.adv.br\/site\/2024\/03\/26\/empresa-pagara-pensao-durante-30-anos-a-familia-de-trabalhador-morto\/","og_site_name":"Guaresi &amp; Mill\u00e9o Advogados Associados | Escrit\u00f3rio de Advocacia em Conc\u00f3rdia-SC | 30 Anos de Experi\u00eancia","article_publisher":"https:\/\/www.facebook.com\/GuaresiMilleoAdvogados","article_published_time":"2024-03-26T14:29:00+00:00","og_image":[{"width":825,"height":340,"url":"https:\/\/www.gm.adv.br\/site\/wp-content\/uploads\/2024\/03\/imagem09-1-jpg.webp","type":"image\/webp"}],"author":"admin","twitter_card":"summary_large_image","twitter_misc":{"Escrito por":"admin","Est. tempo de leitura":"2 minutos"},"schema":{"@context":"https:\/\/schema.org","@graph":[{"@type":"Article","@id":"https:\/\/www.gm.adv.br\/site\/2024\/03\/26\/empresa-pagara-pensao-durante-30-anos-a-familia-de-trabalhador-morto\/#article","isPartOf":{"@id":"https:\/\/www.gm.adv.br\/site\/2024\/03\/26\/empresa-pagara-pensao-durante-30-anos-a-familia-de-trabalhador-morto\/"},"author":{"name":"admin","@id":"https:\/\/www.gm.adv.br\/site\/#\/schema\/person\/7d633a2abab0d9b94253af6efc36428f"},"headline":"Por neglig\u00eancia, empresa pagar\u00e1 pens\u00e3o durante 30 anos a fam\u00edlia de trabalhador morto","datePublished":"2024-03-26T14:29:00+00:00","mainEntityOfPage":{"@id":"https:\/\/www.gm.adv.br\/site\/2024\/03\/26\/empresa-pagara-pensao-durante-30-anos-a-familia-de-trabalhador-morto\/"},"wordCount":233,"publisher":{"@id":"https:\/\/www.gm.adv.br\/site\/#organization"},"image":{"@id":"https:\/\/www.gm.adv.br\/site\/2024\/03\/26\/empresa-pagara-pensao-durante-30-anos-a-familia-de-trabalhador-morto\/#primaryimage"},"thumbnailUrl":"https:\/\/www.gm.adv.br\/site\/wp-content\/uploads\/2024\/03\/imagem09-1-jpg.webp","keywords":["direitodotrabalho","empresa","pens\u00e3o"],"articleSection":["Noticias"],"inLanguage":"pt-BR"},{"@type":"WebPage","@id":"https:\/\/www.gm.adv.br\/site\/2024\/03\/26\/empresa-pagara-pensao-durante-30-anos-a-familia-de-trabalhador-morto\/","url":"https:\/\/www.gm.adv.br\/site\/2024\/03\/26\/empresa-pagara-pensao-durante-30-anos-a-familia-de-trabalhador-morto\/","name":"Por neglig\u00eancia, empresa pagar\u00e1 pens\u00e3o durante 30 anos a fam\u00edlia de trabalhador morto - Guaresi &amp; Mill\u00e9o Advogados Associados | Escrit\u00f3rio de Advocacia em Conc\u00f3rdia-SC | 30 Anos de Experi\u00eancia","isPartOf":{"@id":"https:\/\/www.gm.adv.br\/site\/#website"},"primaryImageOfPage":{"@id":"https:\/\/www.gm.adv.br\/site\/2024\/03\/26\/empresa-pagara-pensao-durante-30-anos-a-familia-de-trabalhador-morto\/#primaryimage"},"image":{"@id":"https:\/\/www.gm.adv.br\/site\/2024\/03\/26\/empresa-pagara-pensao-durante-30-anos-a-familia-de-trabalhador-morto\/#primaryimage"},"thumbnailUrl":"https:\/\/www.gm.adv.br\/site\/wp-content\/uploads\/2024\/03\/imagem09-1-jpg.webp","datePublished":"2024-03-26T14:29:00+00:00","description":"Por neglig\u00eancia, empresa pagar\u00e1 pens\u00e3o durante 30 anos a fam\u00edlia de trabalhador morto - Guaresi &amp; Mill\u00e9o Advogados Associados | Escrit\u00f3rio de Advocacia em Conc\u00f3rdia-SC | 30 Anos de Experi\u00eancia","breadcrumb":{"@id":"https:\/\/www.gm.adv.br\/site\/2024\/03\/26\/empresa-pagara-pensao-durante-30-anos-a-familia-de-trabalhador-morto\/#breadcrumb"},"inLanguage":"pt-BR","potentialAction":[{"@type":"ReadAction","target":["https:\/\/www.gm.adv.br\/site\/2024\/03\/26\/empresa-pagara-pensao-durante-30-anos-a-familia-de-trabalhador-morto\/"]}]},{"@type":"ImageObject","inLanguage":"pt-BR","@id":"https:\/\/www.gm.adv.br\/site\/2024\/03\/26\/empresa-pagara-pensao-durante-30-anos-a-familia-de-trabalhador-morto\/#primaryimage","url":"https:\/\/www.gm.adv.br\/site\/wp-content\/uploads\/2024\/03\/imagem09-1-jpg.webp","contentUrl":"https:\/\/www.gm.adv.br\/site\/wp-content\/uploads\/2024\/03\/imagem09-1-jpg.webp","width":825,"height":340,"caption":"Place flying in sunset sky"},{"@type":"BreadcrumbList","@id":"https:\/\/www.gm.adv.br\/site\/2024\/03\/26\/empresa-pagara-pensao-durante-30-anos-a-familia-de-trabalhador-morto\/#breadcrumb","itemListElement":[{"@type":"ListItem","position":1,"name":"In\u00edcio","item":"https:\/\/www.gm.adv.br\/site\/"},{"@type":"ListItem","position":2,"name":"Por neglig\u00eancia, empresa pagar\u00e1 pens\u00e3o durante 30 anos a fam\u00edlia de trabalhador morto"}]},{"@type":"WebSite","@id":"https:\/\/www.gm.adv.br\/site\/#website","url":"https:\/\/www.gm.adv.br\/site\/","name":"Guaresi & Mill\u00e9o Advogados Associados | Escrit\u00f3rio de Advocacia em Conc\u00f3rdia-SC | 30 Anos de Experi\u00eanci","description":"Advocacia Direito Banc\u00e1rio, Tribut\u00e1rio, Trabalhista, C\u00edvil, P\u00fablica, Municipal, Advogados Associados Guaresi e Mill\u00e9o  |  Conc\u00f3rdia SC","publisher":{"@id":"https:\/\/www.gm.adv.br\/site\/#organization"},"alternateName":"Guaresi e Mill\u00e9o Escrit\u00f3rio de Advocacia e Consultoria em Conc\u00f3rdia-SC","potentialAction":[{"@type":"SearchAction","target":{"@type":"EntryPoint","urlTemplate":"https:\/\/www.gm.adv.br\/site\/?s={search_term_string}"},"query-input":{"@type":"PropertyValueSpecification","valueRequired":true,"valueName":"search_term_string"}}],"inLanguage":"pt-BR"},{"@type":"Organization","@id":"https:\/\/www.gm.adv.br\/site\/#organization","name":"Guaresi & Milleo Advogados Associados em Conc\u00f3rdia SC","alternateName":"Guaresi e Milleo Advocacia e Consultoria","url":"https:\/\/www.gm.adv.br\/site\/","logo":{"@type":"ImageObject","inLanguage":"pt-BR","@id":"https:\/\/www.gm.adv.br\/site\/#\/schema\/logo\/image\/","url":"https:\/\/www.gm.adv.br\/site\/wp-content\/uploads\/2025\/07\/cropped-icone-512.webp","contentUrl":"https:\/\/www.gm.adv.br\/site\/wp-content\/uploads\/2025\/07\/cropped-icone-512.webp","width":512,"height":512,"caption":"Guaresi & Milleo Advogados Associados em Conc\u00f3rdia SC"},"image":{"@id":"https:\/\/www.gm.adv.br\/site\/#\/schema\/logo\/image\/"},"sameAs":["https:\/\/www.facebook.com\/GuaresiMilleoAdvogados","https:\/\/www.instagram.com\/guaresiemilleo\/","https:\/\/br.linkedin.com\/company\/guaresimilleo"]},{"@type":"Person","@id":"https:\/\/www.gm.adv.br\/site\/#\/schema\/person\/7d633a2abab0d9b94253af6efc36428f","name":"admin","image":{"@type":"ImageObject","inLanguage":"pt-BR","@id":"https:\/\/secure.gravatar.com\/avatar\/c8bb173d280f7d1e50b67bb649de269247430499695ba3ee451b6289436d1d39?s=96&d=mm&r=g","url":"https:\/\/secure.gravatar.com\/avatar\/c8bb173d280f7d1e50b67bb649de269247430499695ba3ee451b6289436d1d39?s=96&d=mm&r=g","contentUrl":"https:\/\/secure.gravatar.com\/avatar\/c8bb173d280f7d1e50b67bb649de269247430499695ba3ee451b6289436d1d39?s=96&d=mm&r=g","caption":"admin"},"sameAs":["https:\/\/www.gm.adv.br\/site"],"url":"https:\/\/www.gm.adv.br\/site\/author\/admin\/"}]}},"_links":{"self":[{"href":"https:\/\/www.gm.adv.br\/site\/wp-json\/wp\/v2\/posts\/5027","targetHints":{"allow":["GET"]}}],"collection":[{"href":"https:\/\/www.gm.adv.br\/site\/wp-json\/wp\/v2\/posts"}],"about":[{"href":"https:\/\/www.gm.adv.br\/site\/wp-json\/wp\/v2\/types\/post"}],"author":[{"embeddable":true,"href":"https:\/\/www.gm.adv.br\/site\/wp-json\/wp\/v2\/users\/1"}],"replies":[{"embeddable":true,"href":"https:\/\/www.gm.adv.br\/site\/wp-json\/wp\/v2\/comments?post=5027"}],"version-history":[{"count":0,"href":"https:\/\/www.gm.adv.br\/site\/wp-json\/wp\/v2\/posts\/5027\/revisions"}],"wp:featuredmedia":[{"embeddable":true,"href":"https:\/\/www.gm.adv.br\/site\/wp-json\/wp\/v2\/media\/5012"}],"wp:attachment":[{"href":"https:\/\/www.gm.adv.br\/site\/wp-json\/wp\/v2\/media?parent=5027"}],"wp:term":[{"taxonomy":"category","embeddable":true,"href":"https:\/\/www.gm.adv.br\/site\/wp-json\/wp\/v2\/categories?post=5027"},{"taxonomy":"post_tag","embeddable":true,"href":"https:\/\/www.gm.adv.br\/site\/wp-json\/wp\/v2\/tags?post=5027"}],"curies":[{"name":"wp","href":"https:\/\/api.w.org\/{rel}","templated":true}]}}