{"id":5025,"date":"2024-03-25T18:22:34","date_gmt":"2024-03-25T21:22:34","guid":{"rendered":"https:\/\/gm.adv.br\/?p=5025"},"modified":"2024-03-25T18:22:34","modified_gmt":"2024-03-25T21:22:34","slug":"quem-deve-fazer-declaracao-de-imposto-de-renda-em-2024","status":"publish","type":"post","link":"https:\/\/www.gm.adv.br\/site\/2024\/03\/25\/quem-deve-fazer-declaracao-de-imposto-de-renda-em-2024\/","title":{"rendered":"Imposto de Renda:  quem deve fazer declara\u00e7\u00e3o de imposto de renda em 2024?"},"content":{"rendered":"<p>Confira os principais detalhes sobre o IR. A declara\u00e7\u00e3o do Imposto de Renda de Pessoa F\u00edsica (IRPF) \u00e9 uma ferramenta do Governo Federal para acompanhar a evolu\u00e7\u00e3o do patrim\u00f4nio dos brasileiros e verificar se os contribuintes est\u00e3o pagando mais ou menos tributos. Por isso, todos os anos os contribuintes devem prestar contas \u00e0 Receita Federal, por meio do documento, para inform\u00e1-la sobre os seus rendimentos. Este ano, o prazo de entrega vai de 15 de mar\u00e7o at\u00e9 o dia 31 de maio.<\/p>\n<p>Mas quem \u00e9 obrigado a declarar o Imposto de Renda 2024?<br \/>\n&#8211; Obteve rendimentos tribut\u00e1veis acima de R$ 30.639,90;<br \/>\n&#8211; Recebeu rendimentos n\u00e3o tribut\u00e1veis ou tributados exclusivamente na fonte acima de R$ 200 mil;<br \/>\n&#8211; Obteve receita bruta anual decorrente de atividade rural em valor acima de R$ 153.199,50;<br \/>\n&#8211; Pretenda compensar preju\u00edzos da atividade rural deste ou de anos anteriores com as receitas deste ou de anos futuros;<br \/>\n&#8211; Teve a posse ou a propriedade, at\u00e9 31 de dezembro de 2023, de bens ou direitos, inclusive terra nua, acima de R$ 800 mil.<br \/>\n&#8211; Realizou opera\u00e7\u00f5es em bolsa de valores, de mercadorias, de futuros e assemelhadas;<br \/>\n&#8211; Obteve ganho de capital na aliena\u00e7\u00e3o de bens ou direitos, sujeito \u00e0 incid\u00eancia do imposto;<br \/>\n&#8211; Optou pela isen\u00e7\u00e3o de imposto sobre o ganho de capital na venda de im\u00f3veis residenciais, seguido de aquisi\u00e7\u00e3o de outro, no prazo de 180 dias;<br \/>\n&#8211; Passou \u00e0 condi\u00e7\u00e3o de residente no Brasil, em qualquer m\u00eas de 2023, e nessa condi\u00e7\u00e3o se encontrava em 31 de dezembro de 2023.<br \/>\nA declara\u00e7\u00e3o do Imposto de Renda 2024 deve informar os rendimentos tribut\u00e1veis e n\u00e3o tribut\u00e1veis que foram recebidos ao longo do ano-calend\u00e1rio de 2023.<\/p>\n<p>-Mudan\u00e7as na faixa de isen\u00e7\u00e3o do IRPF<br \/>\nConforme anunciado pelo Governo Federal no dia 6 de fevereiro, por meio da Medida Provis\u00f3ria 1.206\/2023, quem ganha at\u00e9 R$ 2.824, valor correspondente a dois sal\u00e1rios m\u00ednimos, ficar\u00e1 isento de declarar o Imposto de Renda. A MP aumenta em 6,97% o limite de aplica\u00e7\u00e3o da al\u00edquota zero. Dessa forma, o valor do limite para isen\u00e7\u00e3o passa de R$ 2.112,00 para R$ 2.259,20.<\/p>\n<p>Fonte: <a href=\"https:\/\/www.jota.info\/tributos-e-empresas\/tributario\/quem-deve-fazer-a-declaracao-de-imposto-de-renda-em-2024-13032024\">Jota<\/a><\/p>\n","protected":false},"excerpt":{"rendered":"<p>Confira os principais detalhes sobre o IR. A declara\u00e7\u00e3o do Imposto de Renda de Pessoa F\u00edsica (IRPF) \u00e9 uma ferramenta do Governo Federal para acompanhar a evolu\u00e7\u00e3o do patrim\u00f4nio dos brasileiros e verificar se os contribuintes est\u00e3o pagando mais ou menos tributos. Por isso, todos os anos os contribuintes devem prestar contas \u00e0 Receita Federal, [&#8230;]\n","protected":false},"author":1,"featured_media":5010,"comment_status":"closed","ping_status":"closed","sticky":false,"template":"","format":"standard","meta":{"footnotes":""},"categories":[77],"tags":[85],"class_list":["post-5025","post","type-post","status-publish","format-standard","has-post-thumbnail","hentry","category-direito-tributario","tag-direitodotrabalho"],"yoast_head":"<!-- This site is optimized with the Yoast SEO plugin v27.5 - https:\/\/yoast.com\/product\/yoast-seo-wordpress\/ -->\n<title>Imposto de Renda: quem deve fazer declara\u00e7\u00e3o de imposto de renda em 2024? - Guaresi &amp; Mill\u00e9o Advogados Associados | Escrit\u00f3rio de Advocacia em Conc\u00f3rdia-SC | 30 Anos de Experi\u00eancia<\/title>\n<meta name=\"description\" content=\"Imposto de Renda: quem deve fazer declara\u00e7\u00e3o de imposto de renda em 2024? - Guaresi &amp; Mill\u00e9o Advogados Associados | Escrit\u00f3rio de Advocacia em Conc\u00f3rdia-SC | 30 Anos de Experi\u00eancia\" \/>\n<meta name=\"robots\" content=\"index, follow, max-snippet:-1, max-image-preview:large, max-video-preview:-1\" \/>\n<link rel=\"canonical\" href=\"https:\/\/www.gm.adv.br\/site\/2024\/03\/25\/quem-deve-fazer-declaracao-de-imposto-de-renda-em-2024\/\" \/>\n<meta property=\"og:locale\" content=\"pt_BR\" \/>\n<meta property=\"og:type\" content=\"article\" \/>\n<meta property=\"og:title\" content=\"Imposto de Renda: quem deve fazer declara\u00e7\u00e3o de imposto de renda em 2024? - Guaresi &amp; Mill\u00e9o Advogados Associados | Escrit\u00f3rio de Advocacia em Conc\u00f3rdia-SC | 30 Anos de Experi\u00eancia\" \/>\n<meta property=\"og:description\" content=\"Imposto de Renda: quem deve fazer declara\u00e7\u00e3o de imposto de renda em 2024? - Guaresi &amp; Mill\u00e9o Advogados Associados | Escrit\u00f3rio de Advocacia em Conc\u00f3rdia-SC | 30 Anos de Experi\u00eancia\" \/>\n<meta property=\"og:url\" content=\"https:\/\/www.gm.adv.br\/site\/2024\/03\/25\/quem-deve-fazer-declaracao-de-imposto-de-renda-em-2024\/\" \/>\n<meta property=\"og:site_name\" content=\"Guaresi &amp; Mill\u00e9o Advogados Associados | Escrit\u00f3rio de Advocacia em Conc\u00f3rdia-SC | 30 Anos de Experi\u00eancia\" \/>\n<meta property=\"article:publisher\" content=\"https:\/\/www.facebook.com\/GuaresiMilleoAdvogados\" \/>\n<meta property=\"article:published_time\" content=\"2024-03-25T21:22:34+00:00\" \/>\n<meta property=\"og:image\" content=\"https:\/\/www.gm.adv.br\/site\/wp-content\/uploads\/2024\/03\/imagem08-jpg.webp\" \/>\n\t<meta property=\"og:image:width\" content=\"825\" \/>\n\t<meta property=\"og:image:height\" content=\"340\" \/>\n\t<meta property=\"og:image:type\" content=\"image\/webp\" \/>\n<meta name=\"author\" content=\"admin\" \/>\n<meta name=\"twitter:card\" content=\"summary_large_image\" \/>\n<meta name=\"twitter:label1\" content=\"Escrito por\" \/>\n\t<meta name=\"twitter:data1\" content=\"admin\" \/>\n\t<meta name=\"twitter:label2\" content=\"Est. tempo de leitura\" \/>\n\t<meta name=\"twitter:data2\" content=\"3 minutos\" \/>\n<script type=\"application\/ld+json\" class=\"yoast-schema-graph\">{\"@context\":\"https:\\\/\\\/schema.org\",\"@graph\":[{\"@type\":\"Article\",\"@id\":\"https:\\\/\\\/www.gm.adv.br\\\/site\\\/2024\\\/03\\\/25\\\/quem-deve-fazer-declaracao-de-imposto-de-renda-em-2024\\\/#article\",\"isPartOf\":{\"@id\":\"https:\\\/\\\/www.gm.adv.br\\\/site\\\/2024\\\/03\\\/25\\\/quem-deve-fazer-declaracao-de-imposto-de-renda-em-2024\\\/\"},\"author\":{\"name\":\"admin\",\"@id\":\"https:\\\/\\\/www.gm.adv.br\\\/site\\\/#\\\/schema\\\/person\\\/7d633a2abab0d9b94253af6efc36428f\"},\"headline\":\"Imposto de Renda: quem deve fazer declara\u00e7\u00e3o de imposto de renda em 2024?\",\"datePublished\":\"2024-03-25T21:22:34+00:00\",\"mainEntityOfPage\":{\"@id\":\"https:\\\/\\\/www.gm.adv.br\\\/site\\\/2024\\\/03\\\/25\\\/quem-deve-fazer-declaracao-de-imposto-de-renda-em-2024\\\/\"},\"wordCount\":370,\"publisher\":{\"@id\":\"https:\\\/\\\/www.gm.adv.br\\\/site\\\/#organization\"},\"image\":{\"@id\":\"https:\\\/\\\/www.gm.adv.br\\\/site\\\/2024\\\/03\\\/25\\\/quem-deve-fazer-declaracao-de-imposto-de-renda-em-2024\\\/#primaryimage\"},\"thumbnailUrl\":\"https:\\\/\\\/www.gm.adv.br\\\/site\\\/wp-content\\\/uploads\\\/2024\\\/03\\\/imagem08-jpg.webp\",\"keywords\":[\"direitodotrabalho\"],\"articleSection\":[\"Direito Tribut\u00e1rio\"],\"inLanguage\":\"pt-BR\"},{\"@type\":\"WebPage\",\"@id\":\"https:\\\/\\\/www.gm.adv.br\\\/site\\\/2024\\\/03\\\/25\\\/quem-deve-fazer-declaracao-de-imposto-de-renda-em-2024\\\/\",\"url\":\"https:\\\/\\\/www.gm.adv.br\\\/site\\\/2024\\\/03\\\/25\\\/quem-deve-fazer-declaracao-de-imposto-de-renda-em-2024\\\/\",\"name\":\"Imposto de Renda: quem deve fazer declara\u00e7\u00e3o de imposto de renda em 2024? - Guaresi &amp; Mill\u00e9o Advogados Associados | Escrit\u00f3rio de Advocacia em Conc\u00f3rdia-SC | 30 Anos de Experi\u00eancia\",\"isPartOf\":{\"@id\":\"https:\\\/\\\/www.gm.adv.br\\\/site\\\/#website\"},\"primaryImageOfPage\":{\"@id\":\"https:\\\/\\\/www.gm.adv.br\\\/site\\\/2024\\\/03\\\/25\\\/quem-deve-fazer-declaracao-de-imposto-de-renda-em-2024\\\/#primaryimage\"},\"image\":{\"@id\":\"https:\\\/\\\/www.gm.adv.br\\\/site\\\/2024\\\/03\\\/25\\\/quem-deve-fazer-declaracao-de-imposto-de-renda-em-2024\\\/#primaryimage\"},\"thumbnailUrl\":\"https:\\\/\\\/www.gm.adv.br\\\/site\\\/wp-content\\\/uploads\\\/2024\\\/03\\\/imagem08-jpg.webp\",\"datePublished\":\"2024-03-25T21:22:34+00:00\",\"description\":\"Imposto de Renda: quem deve fazer declara\u00e7\u00e3o de imposto de renda em 2024? - Guaresi &amp; Mill\u00e9o Advogados Associados | Escrit\u00f3rio de Advocacia em Conc\u00f3rdia-SC | 30 Anos de Experi\u00eancia\",\"breadcrumb\":{\"@id\":\"https:\\\/\\\/www.gm.adv.br\\\/site\\\/2024\\\/03\\\/25\\\/quem-deve-fazer-declaracao-de-imposto-de-renda-em-2024\\\/#breadcrumb\"},\"inLanguage\":\"pt-BR\",\"potentialAction\":[{\"@type\":\"ReadAction\",\"target\":[\"https:\\\/\\\/www.gm.adv.br\\\/site\\\/2024\\\/03\\\/25\\\/quem-deve-fazer-declaracao-de-imposto-de-renda-em-2024\\\/\"]}]},{\"@type\":\"ImageObject\",\"inLanguage\":\"pt-BR\",\"@id\":\"https:\\\/\\\/www.gm.adv.br\\\/site\\\/2024\\\/03\\\/25\\\/quem-deve-fazer-declaracao-de-imposto-de-renda-em-2024\\\/#primaryimage\",\"url\":\"https:\\\/\\\/www.gm.adv.br\\\/site\\\/wp-content\\\/uploads\\\/2024\\\/03\\\/imagem08-jpg.webp\",\"contentUrl\":\"https:\\\/\\\/www.gm.adv.br\\\/site\\\/wp-content\\\/uploads\\\/2024\\\/03\\\/imagem08-jpg.webp\",\"width\":825,\"height\":340,\"caption\":\"Place flying in sunset sky\"},{\"@type\":\"BreadcrumbList\",\"@id\":\"https:\\\/\\\/www.gm.adv.br\\\/site\\\/2024\\\/03\\\/25\\\/quem-deve-fazer-declaracao-de-imposto-de-renda-em-2024\\\/#breadcrumb\",\"itemListElement\":[{\"@type\":\"ListItem\",\"position\":1,\"name\":\"In\u00edcio\",\"item\":\"https:\\\/\\\/www.gm.adv.br\\\/site\\\/\"},{\"@type\":\"ListItem\",\"position\":2,\"name\":\"Imposto de Renda: quem deve fazer declara\u00e7\u00e3o de imposto de renda em 2024?\"}]},{\"@type\":\"WebSite\",\"@id\":\"https:\\\/\\\/www.gm.adv.br\\\/site\\\/#website\",\"url\":\"https:\\\/\\\/www.gm.adv.br\\\/site\\\/\",\"name\":\"Guaresi & Mill\u00e9o Advogados Associados | Escrit\u00f3rio de Advocacia em Conc\u00f3rdia-SC | 30 Anos de Experi\u00eanci\",\"description\":\"Advocacia Direito Banc\u00e1rio, Tribut\u00e1rio, Trabalhista, C\u00edvil, P\u00fablica, Municipal, Advogados Associados Guaresi e Mill\u00e9o  |  Conc\u00f3rdia SC\",\"publisher\":{\"@id\":\"https:\\\/\\\/www.gm.adv.br\\\/site\\\/#organization\"},\"alternateName\":\"Guaresi e Mill\u00e9o Escrit\u00f3rio de Advocacia e Consultoria em Conc\u00f3rdia-SC\",\"potentialAction\":[{\"@type\":\"SearchAction\",\"target\":{\"@type\":\"EntryPoint\",\"urlTemplate\":\"https:\\\/\\\/www.gm.adv.br\\\/site\\\/?s={search_term_string}\"},\"query-input\":{\"@type\":\"PropertyValueSpecification\",\"valueRequired\":true,\"valueName\":\"search_term_string\"}}],\"inLanguage\":\"pt-BR\"},{\"@type\":\"Organization\",\"@id\":\"https:\\\/\\\/www.gm.adv.br\\\/site\\\/#organization\",\"name\":\"Guaresi & Milleo Advogados Associados em Conc\u00f3rdia SC\",\"alternateName\":\"Guaresi e Milleo Advocacia e Consultoria\",\"url\":\"https:\\\/\\\/www.gm.adv.br\\\/site\\\/\",\"logo\":{\"@type\":\"ImageObject\",\"inLanguage\":\"pt-BR\",\"@id\":\"https:\\\/\\\/www.gm.adv.br\\\/site\\\/#\\\/schema\\\/logo\\\/image\\\/\",\"url\":\"https:\\\/\\\/www.gm.adv.br\\\/site\\\/wp-content\\\/uploads\\\/2025\\\/07\\\/cropped-icone-512.webp\",\"contentUrl\":\"https:\\\/\\\/www.gm.adv.br\\\/site\\\/wp-content\\\/uploads\\\/2025\\\/07\\\/cropped-icone-512.webp\",\"width\":512,\"height\":512,\"caption\":\"Guaresi & Milleo Advogados Associados em Conc\u00f3rdia SC\"},\"image\":{\"@id\":\"https:\\\/\\\/www.gm.adv.br\\\/site\\\/#\\\/schema\\\/logo\\\/image\\\/\"},\"sameAs\":[\"https:\\\/\\\/www.facebook.com\\\/GuaresiMilleoAdvogados\",\"https:\\\/\\\/www.instagram.com\\\/guaresiemilleo\\\/\",\"https:\\\/\\\/br.linkedin.com\\\/company\\\/guaresimilleo\"]},{\"@type\":\"Person\",\"@id\":\"https:\\\/\\\/www.gm.adv.br\\\/site\\\/#\\\/schema\\\/person\\\/7d633a2abab0d9b94253af6efc36428f\",\"name\":\"admin\",\"image\":{\"@type\":\"ImageObject\",\"inLanguage\":\"pt-BR\",\"@id\":\"https:\\\/\\\/secure.gravatar.com\\\/avatar\\\/c8bb173d280f7d1e50b67bb649de269247430499695ba3ee451b6289436d1d39?s=96&d=mm&r=g\",\"url\":\"https:\\\/\\\/secure.gravatar.com\\\/avatar\\\/c8bb173d280f7d1e50b67bb649de269247430499695ba3ee451b6289436d1d39?s=96&d=mm&r=g\",\"contentUrl\":\"https:\\\/\\\/secure.gravatar.com\\\/avatar\\\/c8bb173d280f7d1e50b67bb649de269247430499695ba3ee451b6289436d1d39?s=96&d=mm&r=g\",\"caption\":\"admin\"},\"sameAs\":[\"https:\\\/\\\/www.gm.adv.br\\\/site\"],\"url\":\"https:\\\/\\\/www.gm.adv.br\\\/site\\\/author\\\/admin\\\/\"}]}<\/script>\n<!-- \/ Yoast SEO plugin. -->","yoast_head_json":{"title":"Imposto de Renda: quem deve fazer declara\u00e7\u00e3o de imposto de renda em 2024? - Guaresi &amp; Mill\u00e9o Advogados Associados | Escrit\u00f3rio de Advocacia em Conc\u00f3rdia-SC | 30 Anos de Experi\u00eancia","description":"Imposto de Renda: quem deve fazer declara\u00e7\u00e3o de imposto de renda em 2024? - Guaresi &amp; Mill\u00e9o Advogados Associados | Escrit\u00f3rio de Advocacia em Conc\u00f3rdia-SC | 30 Anos de Experi\u00eancia","robots":{"index":"index","follow":"follow","max-snippet":"max-snippet:-1","max-image-preview":"max-image-preview:large","max-video-preview":"max-video-preview:-1"},"canonical":"https:\/\/www.gm.adv.br\/site\/2024\/03\/25\/quem-deve-fazer-declaracao-de-imposto-de-renda-em-2024\/","og_locale":"pt_BR","og_type":"article","og_title":"Imposto de Renda: quem deve fazer declara\u00e7\u00e3o de imposto de renda em 2024? - Guaresi &amp; Mill\u00e9o Advogados Associados | Escrit\u00f3rio de Advocacia em Conc\u00f3rdia-SC | 30 Anos de Experi\u00eancia","og_description":"Imposto de Renda: quem deve fazer declara\u00e7\u00e3o de imposto de renda em 2024? - Guaresi &amp; Mill\u00e9o Advogados Associados | Escrit\u00f3rio de Advocacia em Conc\u00f3rdia-SC | 30 Anos de Experi\u00eancia","og_url":"https:\/\/www.gm.adv.br\/site\/2024\/03\/25\/quem-deve-fazer-declaracao-de-imposto-de-renda-em-2024\/","og_site_name":"Guaresi &amp; Mill\u00e9o Advogados Associados | Escrit\u00f3rio de Advocacia em Conc\u00f3rdia-SC | 30 Anos de Experi\u00eancia","article_publisher":"https:\/\/www.facebook.com\/GuaresiMilleoAdvogados","article_published_time":"2024-03-25T21:22:34+00:00","og_image":[{"width":825,"height":340,"url":"https:\/\/www.gm.adv.br\/site\/wp-content\/uploads\/2024\/03\/imagem08-jpg.webp","type":"image\/webp"}],"author":"admin","twitter_card":"summary_large_image","twitter_misc":{"Escrito por":"admin","Est. tempo de leitura":"3 minutos"},"schema":{"@context":"https:\/\/schema.org","@graph":[{"@type":"Article","@id":"https:\/\/www.gm.adv.br\/site\/2024\/03\/25\/quem-deve-fazer-declaracao-de-imposto-de-renda-em-2024\/#article","isPartOf":{"@id":"https:\/\/www.gm.adv.br\/site\/2024\/03\/25\/quem-deve-fazer-declaracao-de-imposto-de-renda-em-2024\/"},"author":{"name":"admin","@id":"https:\/\/www.gm.adv.br\/site\/#\/schema\/person\/7d633a2abab0d9b94253af6efc36428f"},"headline":"Imposto de Renda: quem deve fazer declara\u00e7\u00e3o de imposto de renda em 2024?","datePublished":"2024-03-25T21:22:34+00:00","mainEntityOfPage":{"@id":"https:\/\/www.gm.adv.br\/site\/2024\/03\/25\/quem-deve-fazer-declaracao-de-imposto-de-renda-em-2024\/"},"wordCount":370,"publisher":{"@id":"https:\/\/www.gm.adv.br\/site\/#organization"},"image":{"@id":"https:\/\/www.gm.adv.br\/site\/2024\/03\/25\/quem-deve-fazer-declaracao-de-imposto-de-renda-em-2024\/#primaryimage"},"thumbnailUrl":"https:\/\/www.gm.adv.br\/site\/wp-content\/uploads\/2024\/03\/imagem08-jpg.webp","keywords":["direitodotrabalho"],"articleSection":["Direito Tribut\u00e1rio"],"inLanguage":"pt-BR"},{"@type":"WebPage","@id":"https:\/\/www.gm.adv.br\/site\/2024\/03\/25\/quem-deve-fazer-declaracao-de-imposto-de-renda-em-2024\/","url":"https:\/\/www.gm.adv.br\/site\/2024\/03\/25\/quem-deve-fazer-declaracao-de-imposto-de-renda-em-2024\/","name":"Imposto de Renda: quem deve fazer declara\u00e7\u00e3o de imposto de renda em 2024? - Guaresi &amp; Mill\u00e9o Advogados Associados | Escrit\u00f3rio de Advocacia em Conc\u00f3rdia-SC | 30 Anos de Experi\u00eancia","isPartOf":{"@id":"https:\/\/www.gm.adv.br\/site\/#website"},"primaryImageOfPage":{"@id":"https:\/\/www.gm.adv.br\/site\/2024\/03\/25\/quem-deve-fazer-declaracao-de-imposto-de-renda-em-2024\/#primaryimage"},"image":{"@id":"https:\/\/www.gm.adv.br\/site\/2024\/03\/25\/quem-deve-fazer-declaracao-de-imposto-de-renda-em-2024\/#primaryimage"},"thumbnailUrl":"https:\/\/www.gm.adv.br\/site\/wp-content\/uploads\/2024\/03\/imagem08-jpg.webp","datePublished":"2024-03-25T21:22:34+00:00","description":"Imposto de Renda: quem deve fazer declara\u00e7\u00e3o de imposto de renda em 2024? - Guaresi &amp; Mill\u00e9o Advogados Associados | Escrit\u00f3rio de Advocacia em Conc\u00f3rdia-SC | 30 Anos de Experi\u00eancia","breadcrumb":{"@id":"https:\/\/www.gm.adv.br\/site\/2024\/03\/25\/quem-deve-fazer-declaracao-de-imposto-de-renda-em-2024\/#breadcrumb"},"inLanguage":"pt-BR","potentialAction":[{"@type":"ReadAction","target":["https:\/\/www.gm.adv.br\/site\/2024\/03\/25\/quem-deve-fazer-declaracao-de-imposto-de-renda-em-2024\/"]}]},{"@type":"ImageObject","inLanguage":"pt-BR","@id":"https:\/\/www.gm.adv.br\/site\/2024\/03\/25\/quem-deve-fazer-declaracao-de-imposto-de-renda-em-2024\/#primaryimage","url":"https:\/\/www.gm.adv.br\/site\/wp-content\/uploads\/2024\/03\/imagem08-jpg.webp","contentUrl":"https:\/\/www.gm.adv.br\/site\/wp-content\/uploads\/2024\/03\/imagem08-jpg.webp","width":825,"height":340,"caption":"Place flying in sunset sky"},{"@type":"BreadcrumbList","@id":"https:\/\/www.gm.adv.br\/site\/2024\/03\/25\/quem-deve-fazer-declaracao-de-imposto-de-renda-em-2024\/#breadcrumb","itemListElement":[{"@type":"ListItem","position":1,"name":"In\u00edcio","item":"https:\/\/www.gm.adv.br\/site\/"},{"@type":"ListItem","position":2,"name":"Imposto de Renda: quem deve fazer declara\u00e7\u00e3o de imposto de renda em 2024?"}]},{"@type":"WebSite","@id":"https:\/\/www.gm.adv.br\/site\/#website","url":"https:\/\/www.gm.adv.br\/site\/","name":"Guaresi & Mill\u00e9o Advogados Associados | Escrit\u00f3rio de Advocacia em Conc\u00f3rdia-SC | 30 Anos de Experi\u00eanci","description":"Advocacia Direito Banc\u00e1rio, Tribut\u00e1rio, Trabalhista, C\u00edvil, P\u00fablica, Municipal, Advogados Associados Guaresi e Mill\u00e9o  |  Conc\u00f3rdia SC","publisher":{"@id":"https:\/\/www.gm.adv.br\/site\/#organization"},"alternateName":"Guaresi e Mill\u00e9o Escrit\u00f3rio de Advocacia e Consultoria em Conc\u00f3rdia-SC","potentialAction":[{"@type":"SearchAction","target":{"@type":"EntryPoint","urlTemplate":"https:\/\/www.gm.adv.br\/site\/?s={search_term_string}"},"query-input":{"@type":"PropertyValueSpecification","valueRequired":true,"valueName":"search_term_string"}}],"inLanguage":"pt-BR"},{"@type":"Organization","@id":"https:\/\/www.gm.adv.br\/site\/#organization","name":"Guaresi & Milleo Advogados Associados em Conc\u00f3rdia SC","alternateName":"Guaresi e Milleo Advocacia e Consultoria","url":"https:\/\/www.gm.adv.br\/site\/","logo":{"@type":"ImageObject","inLanguage":"pt-BR","@id":"https:\/\/www.gm.adv.br\/site\/#\/schema\/logo\/image\/","url":"https:\/\/www.gm.adv.br\/site\/wp-content\/uploads\/2025\/07\/cropped-icone-512.webp","contentUrl":"https:\/\/www.gm.adv.br\/site\/wp-content\/uploads\/2025\/07\/cropped-icone-512.webp","width":512,"height":512,"caption":"Guaresi & Milleo Advogados Associados em Conc\u00f3rdia SC"},"image":{"@id":"https:\/\/www.gm.adv.br\/site\/#\/schema\/logo\/image\/"},"sameAs":["https:\/\/www.facebook.com\/GuaresiMilleoAdvogados","https:\/\/www.instagram.com\/guaresiemilleo\/","https:\/\/br.linkedin.com\/company\/guaresimilleo"]},{"@type":"Person","@id":"https:\/\/www.gm.adv.br\/site\/#\/schema\/person\/7d633a2abab0d9b94253af6efc36428f","name":"admin","image":{"@type":"ImageObject","inLanguage":"pt-BR","@id":"https:\/\/secure.gravatar.com\/avatar\/c8bb173d280f7d1e50b67bb649de269247430499695ba3ee451b6289436d1d39?s=96&d=mm&r=g","url":"https:\/\/secure.gravatar.com\/avatar\/c8bb173d280f7d1e50b67bb649de269247430499695ba3ee451b6289436d1d39?s=96&d=mm&r=g","contentUrl":"https:\/\/secure.gravatar.com\/avatar\/c8bb173d280f7d1e50b67bb649de269247430499695ba3ee451b6289436d1d39?s=96&d=mm&r=g","caption":"admin"},"sameAs":["https:\/\/www.gm.adv.br\/site"],"url":"https:\/\/www.gm.adv.br\/site\/author\/admin\/"}]}},"_links":{"self":[{"href":"https:\/\/www.gm.adv.br\/site\/wp-json\/wp\/v2\/posts\/5025","targetHints":{"allow":["GET"]}}],"collection":[{"href":"https:\/\/www.gm.adv.br\/site\/wp-json\/wp\/v2\/posts"}],"about":[{"href":"https:\/\/www.gm.adv.br\/site\/wp-json\/wp\/v2\/types\/post"}],"author":[{"embeddable":true,"href":"https:\/\/www.gm.adv.br\/site\/wp-json\/wp\/v2\/users\/1"}],"replies":[{"embeddable":true,"href":"https:\/\/www.gm.adv.br\/site\/wp-json\/wp\/v2\/comments?post=5025"}],"version-history":[{"count":0,"href":"https:\/\/www.gm.adv.br\/site\/wp-json\/wp\/v2\/posts\/5025\/revisions"}],"wp:featuredmedia":[{"embeddable":true,"href":"https:\/\/www.gm.adv.br\/site\/wp-json\/wp\/v2\/media\/5010"}],"wp:attachment":[{"href":"https:\/\/www.gm.adv.br\/site\/wp-json\/wp\/v2\/media?parent=5025"}],"wp:term":[{"taxonomy":"category","embeddable":true,"href":"https:\/\/www.gm.adv.br\/site\/wp-json\/wp\/v2\/categories?post=5025"},{"taxonomy":"post_tag","embeddable":true,"href":"https:\/\/www.gm.adv.br\/site\/wp-json\/wp\/v2\/tags?post=5025"}],"curies":[{"name":"wp","href":"https:\/\/api.w.org\/{rel}","templated":true}]}}