{"id":5016,"date":"2024-03-25T18:03:23","date_gmt":"2024-03-25T21:03:23","guid":{"rendered":"https:\/\/gm.adv.br\/?p=5016"},"modified":"2024-03-25T18:03:23","modified_gmt":"2024-03-25T21:03:23","slug":"a-figura-do-neutro-nos-contratos-administrativos-no-brasil","status":"publish","type":"post","link":"https:\/\/www.gm.adv.br\/site\/2024\/03\/25\/a-figura-do-neutro-nos-contratos-administrativos-no-brasil\/","title":{"rendered":"Contratos, a figura do &#8216;neutro&#8217; nos contratos administrativos no Brasil"},"content":{"rendered":"<p>O artigo 151 da Lei Federal n\u00ba 14.133\/21, a nova Lei de Licita\u00e7\u00f5es e Contratos Administrativos , estipula que \u201cnas contrata\u00e7\u00f5es regidas por esta Lei, poder\u00e3o ser utilizados meios alternativos de preven\u00e7\u00e3o e resolu\u00e7\u00e3o de controv\u00e9rsias, notadamente a concilia\u00e7\u00e3o, a media\u00e7\u00e3o, o comit\u00ea de resolu\u00e7\u00e3o de disputas e a arbitragem\u201d.<\/p>\n<p>Diante dessa regra, cumpre-nos indagar quais seriam eventuais outros m\u00e9todos poss\u00edveis de solu\u00e7\u00e3o extrajudicial de controv\u00e9rsias contratuais para al\u00e9m desses mecanismos e institutos mais tradicionais, elencados pelo legislador. Vamos apresentar linhas gerais de um m\u00e9todo de inspira\u00e7\u00e3o anglo-sax\u00f4nica, que come\u00e7a ter previs\u00e3o em cl\u00e1usulas de contratos administrativos no Brasil, geralmente contratos de obra p\u00fablica, e que t\u00eam potencialidades significativas na preven\u00e7\u00e3o e gest\u00e3o dessas controv\u00e9rsias: refiro-me \u00e0 figura do \u201cneutro\u201d.<br \/>\nVenho chamando a aten\u00e7\u00e3o para a necessidade de se evitar o uso indiscriminado, generalizado e isolado de um \u00fanico mecanismo de solu\u00e7\u00e3o de controv\u00e9rsias contratuais, [1] destacado da apropriada ado\u00e7\u00e3o pr\u00e9via de uma Pol\u00edtica de Tratamento Adequado\/Desjudicializa\u00e7\u00e3o de Conflitos P\u00fablicos \u2014 e n\u00e3o somente contratuais \u2014 como um todo.<\/p>\n<p>No radar h\u00e1 de entrar em cena atualmente a essencialidade da ado\u00e7\u00e3o, pela Administra\u00e7\u00e3o P\u00fablica da Uni\u00e3o, estados e munic\u00edpios, de Diretrizes e Normas para a Gest\u00e3o P\u00fablica e Advocacia P\u00fablica (Regulamentos, Leis, Enunciados, etc) de um uso estrat\u00e9gico e racional dos ADRs, a partir de standards e guias de boas pr\u00e1ticas, afastando-se o seu uso irracional, sob pena de banaliza\u00e7\u00e3o e neutraliza\u00e7\u00e3o dos ADRs no setor p\u00fablico, e retorno \u00e0s pr\u00e1ticas de litig\u00e2ncia judicial.<br \/>\nIndubitavelmente, isso seria \u201ca perda de uma chance\u201d nesse momento hist\u00f3rico de se encarar de frente a oportunidade que a legisla\u00e7\u00e3o brasileira nos tem concedido, qual seja a de se estruturar um Desenho de Sistema de Disputas (DSD) aplicado aos contratos administrativos.<br \/>\nE por DSD entendemos a Preven\u00e7\u00e3o, Gest\u00e3o e Resolu\u00e7\u00e3o das Controv\u00e9rsias \u2014 aplica\u00e7\u00e3o, integra\u00e7\u00e3o, customiza\u00e7\u00e3o e uso estrat\u00e9gico de ADR &#8211; Alternative Dispute Resolution e NDR &#8211; Negotiated Dispute Resolution, no campo das controv\u00e9rsias contratuais da Lei Federal n\u00ba 14.133\/21.<br \/>\nTexto do professor Gustavo Justino de Oliveira.<\/p>\n<p>Fonte: <a href=\"https:\/\/www.conjur.com.br\/2024-jan-07\/a-figura-do-neutro-nos-contratos-administrativos-no-brasil\/\">ConJur\u00a0<\/a><\/p>\n","protected":false},"excerpt":{"rendered":"<p>O artigo 151 da Lei Federal n\u00ba 14.133\/21, a nova Lei de Licita\u00e7\u00f5es e Contratos Administrativos , estipula que \u201cnas contrata\u00e7\u00f5es regidas por esta Lei, poder\u00e3o ser utilizados meios alternativos de preven\u00e7\u00e3o e resolu\u00e7\u00e3o de controv\u00e9rsias, notadamente a concilia\u00e7\u00e3o, a media\u00e7\u00e3o, o comit\u00ea de resolu\u00e7\u00e3o de disputas e a arbitragem\u201d. Diante dessa regra, cumpre-nos indagar [&#8230;]\n","protected":false},"author":1,"featured_media":5019,"comment_status":"closed","ping_status":"closed","sticky":false,"template":"","format":"standard","meta":{"footnotes":""},"categories":[72],"tags":[],"class_list":["post-5016","post","type-post","status-publish","format-standard","has-post-thumbnail","hentry","category-direito-empresarial"],"yoast_head":"<!-- This site is optimized with the Yoast SEO plugin v27.5 - https:\/\/yoast.com\/product\/yoast-seo-wordpress\/ -->\n<title>Contratos, a figura do &#039;neutro&#039; nos contratos administrativos no Brasil - Guaresi &amp; Mill\u00e9o Advogados Associados | Escrit\u00f3rio de Advocacia em Conc\u00f3rdia-SC | 30 Anos de Experi\u00eancia<\/title>\n<meta name=\"description\" content=\"Contratos, a figura do &#039;neutro&#039; nos contratos administrativos no Brasil - Guaresi &amp; Mill\u00e9o Advogados Associados | Escrit\u00f3rio de Advocacia em Conc\u00f3rdia-SC | 30 Anos de Experi\u00eancia\" \/>\n<meta name=\"robots\" content=\"index, follow, max-snippet:-1, max-image-preview:large, max-video-preview:-1\" \/>\n<link rel=\"canonical\" href=\"https:\/\/www.gm.adv.br\/site\/2024\/03\/25\/a-figura-do-neutro-nos-contratos-administrativos-no-brasil\/\" \/>\n<meta property=\"og:locale\" content=\"pt_BR\" \/>\n<meta property=\"og:type\" content=\"article\" \/>\n<meta property=\"og:title\" content=\"Contratos, a figura do &#039;neutro&#039; nos contratos administrativos no Brasil - Guaresi &amp; Mill\u00e9o Advogados Associados | Escrit\u00f3rio de Advocacia em Conc\u00f3rdia-SC | 30 Anos de Experi\u00eancia\" \/>\n<meta property=\"og:description\" content=\"Contratos, a figura do &#039;neutro&#039; nos contratos administrativos no Brasil - Guaresi &amp; Mill\u00e9o Advogados Associados | Escrit\u00f3rio de Advocacia em Conc\u00f3rdia-SC | 30 Anos de Experi\u00eancia\" \/>\n<meta property=\"og:url\" content=\"https:\/\/www.gm.adv.br\/site\/2024\/03\/25\/a-figura-do-neutro-nos-contratos-administrativos-no-brasil\/\" \/>\n<meta property=\"og:site_name\" content=\"Guaresi &amp; Mill\u00e9o Advogados Associados | Escrit\u00f3rio de Advocacia em Conc\u00f3rdia-SC | 30 Anos de Experi\u00eancia\" \/>\n<meta property=\"article:publisher\" content=\"https:\/\/www.facebook.com\/GuaresiMilleoAdvogados\" \/>\n<meta property=\"article:published_time\" content=\"2024-03-25T21:03:23+00:00\" \/>\n<meta property=\"og:image\" content=\"https:\/\/www.gm.adv.br\/site\/wp-content\/uploads\/2024\/03\/imagem13-jpg.webp\" \/>\n\t<meta property=\"og:image:width\" content=\"825\" \/>\n\t<meta property=\"og:image:height\" content=\"340\" \/>\n\t<meta property=\"og:image:type\" content=\"image\/webp\" \/>\n<meta name=\"author\" content=\"admin\" \/>\n<meta name=\"twitter:card\" content=\"summary_large_image\" \/>\n<meta name=\"twitter:label1\" content=\"Escrito por\" \/>\n\t<meta name=\"twitter:data1\" content=\"admin\" \/>\n\t<meta name=\"twitter:label2\" content=\"Est. tempo de leitura\" \/>\n\t<meta name=\"twitter:data2\" content=\"3 minutos\" \/>\n<script type=\"application\/ld+json\" class=\"yoast-schema-graph\">{\"@context\":\"https:\\\/\\\/schema.org\",\"@graph\":[{\"@type\":\"Article\",\"@id\":\"https:\\\/\\\/www.gm.adv.br\\\/site\\\/2024\\\/03\\\/25\\\/a-figura-do-neutro-nos-contratos-administrativos-no-brasil\\\/#article\",\"isPartOf\":{\"@id\":\"https:\\\/\\\/www.gm.adv.br\\\/site\\\/2024\\\/03\\\/25\\\/a-figura-do-neutro-nos-contratos-administrativos-no-brasil\\\/\"},\"author\":{\"name\":\"admin\",\"@id\":\"https:\\\/\\\/www.gm.adv.br\\\/site\\\/#\\\/schema\\\/person\\\/7d633a2abab0d9b94253af6efc36428f\"},\"headline\":\"Contratos, a figura do &#8216;neutro&#8217; nos contratos administrativos no Brasil\",\"datePublished\":\"2024-03-25T21:03:23+00:00\",\"mainEntityOfPage\":{\"@id\":\"https:\\\/\\\/www.gm.adv.br\\\/site\\\/2024\\\/03\\\/25\\\/a-figura-do-neutro-nos-contratos-administrativos-no-brasil\\\/\"},\"wordCount\":397,\"publisher\":{\"@id\":\"https:\\\/\\\/www.gm.adv.br\\\/site\\\/#organization\"},\"image\":{\"@id\":\"https:\\\/\\\/www.gm.adv.br\\\/site\\\/2024\\\/03\\\/25\\\/a-figura-do-neutro-nos-contratos-administrativos-no-brasil\\\/#primaryimage\"},\"thumbnailUrl\":\"https:\\\/\\\/www.gm.adv.br\\\/site\\\/wp-content\\\/uploads\\\/2024\\\/03\\\/imagem13-jpg.webp\",\"articleSection\":[\"Direito Empresarial\"],\"inLanguage\":\"pt-BR\"},{\"@type\":\"WebPage\",\"@id\":\"https:\\\/\\\/www.gm.adv.br\\\/site\\\/2024\\\/03\\\/25\\\/a-figura-do-neutro-nos-contratos-administrativos-no-brasil\\\/\",\"url\":\"https:\\\/\\\/www.gm.adv.br\\\/site\\\/2024\\\/03\\\/25\\\/a-figura-do-neutro-nos-contratos-administrativos-no-brasil\\\/\",\"name\":\"Contratos, a figura do 'neutro' nos contratos administrativos no Brasil - Guaresi &amp; Mill\u00e9o Advogados Associados | Escrit\u00f3rio de Advocacia em Conc\u00f3rdia-SC | 30 Anos de Experi\u00eancia\",\"isPartOf\":{\"@id\":\"https:\\\/\\\/www.gm.adv.br\\\/site\\\/#website\"},\"primaryImageOfPage\":{\"@id\":\"https:\\\/\\\/www.gm.adv.br\\\/site\\\/2024\\\/03\\\/25\\\/a-figura-do-neutro-nos-contratos-administrativos-no-brasil\\\/#primaryimage\"},\"image\":{\"@id\":\"https:\\\/\\\/www.gm.adv.br\\\/site\\\/2024\\\/03\\\/25\\\/a-figura-do-neutro-nos-contratos-administrativos-no-brasil\\\/#primaryimage\"},\"thumbnailUrl\":\"https:\\\/\\\/www.gm.adv.br\\\/site\\\/wp-content\\\/uploads\\\/2024\\\/03\\\/imagem13-jpg.webp\",\"datePublished\":\"2024-03-25T21:03:23+00:00\",\"description\":\"Contratos, a figura do 'neutro' nos contratos administrativos no Brasil - Guaresi &amp; Mill\u00e9o Advogados Associados | Escrit\u00f3rio de Advocacia em Conc\u00f3rdia-SC | 30 Anos de Experi\u00eancia\",\"breadcrumb\":{\"@id\":\"https:\\\/\\\/www.gm.adv.br\\\/site\\\/2024\\\/03\\\/25\\\/a-figura-do-neutro-nos-contratos-administrativos-no-brasil\\\/#breadcrumb\"},\"inLanguage\":\"pt-BR\",\"potentialAction\":[{\"@type\":\"ReadAction\",\"target\":[\"https:\\\/\\\/www.gm.adv.br\\\/site\\\/2024\\\/03\\\/25\\\/a-figura-do-neutro-nos-contratos-administrativos-no-brasil\\\/\"]}]},{\"@type\":\"ImageObject\",\"inLanguage\":\"pt-BR\",\"@id\":\"https:\\\/\\\/www.gm.adv.br\\\/site\\\/2024\\\/03\\\/25\\\/a-figura-do-neutro-nos-contratos-administrativos-no-brasil\\\/#primaryimage\",\"url\":\"https:\\\/\\\/www.gm.adv.br\\\/site\\\/wp-content\\\/uploads\\\/2024\\\/03\\\/imagem13-jpg.webp\",\"contentUrl\":\"https:\\\/\\\/www.gm.adv.br\\\/site\\\/wp-content\\\/uploads\\\/2024\\\/03\\\/imagem13-jpg.webp\",\"width\":825,\"height\":340,\"caption\":\"Place flying in sunset sky\"},{\"@type\":\"BreadcrumbList\",\"@id\":\"https:\\\/\\\/www.gm.adv.br\\\/site\\\/2024\\\/03\\\/25\\\/a-figura-do-neutro-nos-contratos-administrativos-no-brasil\\\/#breadcrumb\",\"itemListElement\":[{\"@type\":\"ListItem\",\"position\":1,\"name\":\"In\u00edcio\",\"item\":\"https:\\\/\\\/www.gm.adv.br\\\/site\\\/\"},{\"@type\":\"ListItem\",\"position\":2,\"name\":\"Contratos, a figura do &#8216;neutro&#8217; nos contratos administrativos no Brasil\"}]},{\"@type\":\"WebSite\",\"@id\":\"https:\\\/\\\/www.gm.adv.br\\\/site\\\/#website\",\"url\":\"https:\\\/\\\/www.gm.adv.br\\\/site\\\/\",\"name\":\"Guaresi & Mill\u00e9o Advogados Associados | Escrit\u00f3rio de Advocacia em Conc\u00f3rdia-SC | 30 Anos de Experi\u00eanci\",\"description\":\"Advocacia Direito Banc\u00e1rio, Tribut\u00e1rio, Trabalhista, C\u00edvil, P\u00fablica, Municipal, Advogados Associados Guaresi e Mill\u00e9o  |  Conc\u00f3rdia SC\",\"publisher\":{\"@id\":\"https:\\\/\\\/www.gm.adv.br\\\/site\\\/#organization\"},\"alternateName\":\"Guaresi e Mill\u00e9o Escrit\u00f3rio de Advocacia e Consultoria em Conc\u00f3rdia-SC\",\"potentialAction\":[{\"@type\":\"SearchAction\",\"target\":{\"@type\":\"EntryPoint\",\"urlTemplate\":\"https:\\\/\\\/www.gm.adv.br\\\/site\\\/?s={search_term_string}\"},\"query-input\":{\"@type\":\"PropertyValueSpecification\",\"valueRequired\":true,\"valueName\":\"search_term_string\"}}],\"inLanguage\":\"pt-BR\"},{\"@type\":\"Organization\",\"@id\":\"https:\\\/\\\/www.gm.adv.br\\\/site\\\/#organization\",\"name\":\"Guaresi & Milleo Advogados Associados em Conc\u00f3rdia SC\",\"alternateName\":\"Guaresi e Milleo Advocacia e Consultoria\",\"url\":\"https:\\\/\\\/www.gm.adv.br\\\/site\\\/\",\"logo\":{\"@type\":\"ImageObject\",\"inLanguage\":\"pt-BR\",\"@id\":\"https:\\\/\\\/www.gm.adv.br\\\/site\\\/#\\\/schema\\\/logo\\\/image\\\/\",\"url\":\"https:\\\/\\\/www.gm.adv.br\\\/site\\\/wp-content\\\/uploads\\\/2025\\\/07\\\/cropped-icone-512.webp\",\"contentUrl\":\"https:\\\/\\\/www.gm.adv.br\\\/site\\\/wp-content\\\/uploads\\\/2025\\\/07\\\/cropped-icone-512.webp\",\"width\":512,\"height\":512,\"caption\":\"Guaresi & Milleo Advogados Associados em Conc\u00f3rdia SC\"},\"image\":{\"@id\":\"https:\\\/\\\/www.gm.adv.br\\\/site\\\/#\\\/schema\\\/logo\\\/image\\\/\"},\"sameAs\":[\"https:\\\/\\\/www.facebook.com\\\/GuaresiMilleoAdvogados\",\"https:\\\/\\\/www.instagram.com\\\/guaresiemilleo\\\/\",\"https:\\\/\\\/br.linkedin.com\\\/company\\\/guaresimilleo\"]},{\"@type\":\"Person\",\"@id\":\"https:\\\/\\\/www.gm.adv.br\\\/site\\\/#\\\/schema\\\/person\\\/7d633a2abab0d9b94253af6efc36428f\",\"name\":\"admin\",\"image\":{\"@type\":\"ImageObject\",\"inLanguage\":\"pt-BR\",\"@id\":\"https:\\\/\\\/secure.gravatar.com\\\/avatar\\\/c8bb173d280f7d1e50b67bb649de269247430499695ba3ee451b6289436d1d39?s=96&d=mm&r=g\",\"url\":\"https:\\\/\\\/secure.gravatar.com\\\/avatar\\\/c8bb173d280f7d1e50b67bb649de269247430499695ba3ee451b6289436d1d39?s=96&d=mm&r=g\",\"contentUrl\":\"https:\\\/\\\/secure.gravatar.com\\\/avatar\\\/c8bb173d280f7d1e50b67bb649de269247430499695ba3ee451b6289436d1d39?s=96&d=mm&r=g\",\"caption\":\"admin\"},\"sameAs\":[\"https:\\\/\\\/www.gm.adv.br\\\/site\"],\"url\":\"https:\\\/\\\/www.gm.adv.br\\\/site\\\/author\\\/admin\\\/\"}]}<\/script>\n<!-- \/ Yoast SEO plugin. -->","yoast_head_json":{"title":"Contratos, a figura do 'neutro' nos contratos administrativos no Brasil - Guaresi &amp; Mill\u00e9o Advogados Associados | Escrit\u00f3rio de Advocacia em Conc\u00f3rdia-SC | 30 Anos de Experi\u00eancia","description":"Contratos, a figura do 'neutro' nos contratos administrativos no Brasil - Guaresi &amp; Mill\u00e9o Advogados Associados | Escrit\u00f3rio de Advocacia em Conc\u00f3rdia-SC | 30 Anos de Experi\u00eancia","robots":{"index":"index","follow":"follow","max-snippet":"max-snippet:-1","max-image-preview":"max-image-preview:large","max-video-preview":"max-video-preview:-1"},"canonical":"https:\/\/www.gm.adv.br\/site\/2024\/03\/25\/a-figura-do-neutro-nos-contratos-administrativos-no-brasil\/","og_locale":"pt_BR","og_type":"article","og_title":"Contratos, a figura do 'neutro' nos contratos administrativos no Brasil - Guaresi &amp; Mill\u00e9o Advogados Associados | Escrit\u00f3rio de Advocacia em Conc\u00f3rdia-SC | 30 Anos de Experi\u00eancia","og_description":"Contratos, a figura do 'neutro' nos contratos administrativos no Brasil - Guaresi &amp; Mill\u00e9o Advogados Associados | Escrit\u00f3rio de Advocacia em Conc\u00f3rdia-SC | 30 Anos de Experi\u00eancia","og_url":"https:\/\/www.gm.adv.br\/site\/2024\/03\/25\/a-figura-do-neutro-nos-contratos-administrativos-no-brasil\/","og_site_name":"Guaresi &amp; Mill\u00e9o Advogados Associados | Escrit\u00f3rio de Advocacia em Conc\u00f3rdia-SC | 30 Anos de Experi\u00eancia","article_publisher":"https:\/\/www.facebook.com\/GuaresiMilleoAdvogados","article_published_time":"2024-03-25T21:03:23+00:00","og_image":[{"width":825,"height":340,"url":"https:\/\/www.gm.adv.br\/site\/wp-content\/uploads\/2024\/03\/imagem13-jpg.webp","type":"image\/webp"}],"author":"admin","twitter_card":"summary_large_image","twitter_misc":{"Escrito por":"admin","Est. tempo de leitura":"3 minutos"},"schema":{"@context":"https:\/\/schema.org","@graph":[{"@type":"Article","@id":"https:\/\/www.gm.adv.br\/site\/2024\/03\/25\/a-figura-do-neutro-nos-contratos-administrativos-no-brasil\/#article","isPartOf":{"@id":"https:\/\/www.gm.adv.br\/site\/2024\/03\/25\/a-figura-do-neutro-nos-contratos-administrativos-no-brasil\/"},"author":{"name":"admin","@id":"https:\/\/www.gm.adv.br\/site\/#\/schema\/person\/7d633a2abab0d9b94253af6efc36428f"},"headline":"Contratos, a figura do &#8216;neutro&#8217; nos contratos administrativos no Brasil","datePublished":"2024-03-25T21:03:23+00:00","mainEntityOfPage":{"@id":"https:\/\/www.gm.adv.br\/site\/2024\/03\/25\/a-figura-do-neutro-nos-contratos-administrativos-no-brasil\/"},"wordCount":397,"publisher":{"@id":"https:\/\/www.gm.adv.br\/site\/#organization"},"image":{"@id":"https:\/\/www.gm.adv.br\/site\/2024\/03\/25\/a-figura-do-neutro-nos-contratos-administrativos-no-brasil\/#primaryimage"},"thumbnailUrl":"https:\/\/www.gm.adv.br\/site\/wp-content\/uploads\/2024\/03\/imagem13-jpg.webp","articleSection":["Direito Empresarial"],"inLanguage":"pt-BR"},{"@type":"WebPage","@id":"https:\/\/www.gm.adv.br\/site\/2024\/03\/25\/a-figura-do-neutro-nos-contratos-administrativos-no-brasil\/","url":"https:\/\/www.gm.adv.br\/site\/2024\/03\/25\/a-figura-do-neutro-nos-contratos-administrativos-no-brasil\/","name":"Contratos, a figura do 'neutro' nos contratos administrativos no Brasil - Guaresi &amp; Mill\u00e9o Advogados Associados | Escrit\u00f3rio de Advocacia em Conc\u00f3rdia-SC | 30 Anos de Experi\u00eancia","isPartOf":{"@id":"https:\/\/www.gm.adv.br\/site\/#website"},"primaryImageOfPage":{"@id":"https:\/\/www.gm.adv.br\/site\/2024\/03\/25\/a-figura-do-neutro-nos-contratos-administrativos-no-brasil\/#primaryimage"},"image":{"@id":"https:\/\/www.gm.adv.br\/site\/2024\/03\/25\/a-figura-do-neutro-nos-contratos-administrativos-no-brasil\/#primaryimage"},"thumbnailUrl":"https:\/\/www.gm.adv.br\/site\/wp-content\/uploads\/2024\/03\/imagem13-jpg.webp","datePublished":"2024-03-25T21:03:23+00:00","description":"Contratos, a figura do 'neutro' nos contratos administrativos no Brasil - Guaresi &amp; Mill\u00e9o Advogados Associados | Escrit\u00f3rio de Advocacia em Conc\u00f3rdia-SC | 30 Anos de Experi\u00eancia","breadcrumb":{"@id":"https:\/\/www.gm.adv.br\/site\/2024\/03\/25\/a-figura-do-neutro-nos-contratos-administrativos-no-brasil\/#breadcrumb"},"inLanguage":"pt-BR","potentialAction":[{"@type":"ReadAction","target":["https:\/\/www.gm.adv.br\/site\/2024\/03\/25\/a-figura-do-neutro-nos-contratos-administrativos-no-brasil\/"]}]},{"@type":"ImageObject","inLanguage":"pt-BR","@id":"https:\/\/www.gm.adv.br\/site\/2024\/03\/25\/a-figura-do-neutro-nos-contratos-administrativos-no-brasil\/#primaryimage","url":"https:\/\/www.gm.adv.br\/site\/wp-content\/uploads\/2024\/03\/imagem13-jpg.webp","contentUrl":"https:\/\/www.gm.adv.br\/site\/wp-content\/uploads\/2024\/03\/imagem13-jpg.webp","width":825,"height":340,"caption":"Place flying in sunset sky"},{"@type":"BreadcrumbList","@id":"https:\/\/www.gm.adv.br\/site\/2024\/03\/25\/a-figura-do-neutro-nos-contratos-administrativos-no-brasil\/#breadcrumb","itemListElement":[{"@type":"ListItem","position":1,"name":"In\u00edcio","item":"https:\/\/www.gm.adv.br\/site\/"},{"@type":"ListItem","position":2,"name":"Contratos, a figura do &#8216;neutro&#8217; nos contratos administrativos no Brasil"}]},{"@type":"WebSite","@id":"https:\/\/www.gm.adv.br\/site\/#website","url":"https:\/\/www.gm.adv.br\/site\/","name":"Guaresi & Mill\u00e9o Advogados Associados | Escrit\u00f3rio de Advocacia em Conc\u00f3rdia-SC | 30 Anos de Experi\u00eanci","description":"Advocacia Direito Banc\u00e1rio, Tribut\u00e1rio, Trabalhista, C\u00edvil, P\u00fablica, Municipal, Advogados Associados Guaresi e Mill\u00e9o  |  Conc\u00f3rdia SC","publisher":{"@id":"https:\/\/www.gm.adv.br\/site\/#organization"},"alternateName":"Guaresi e Mill\u00e9o Escrit\u00f3rio de Advocacia e Consultoria em Conc\u00f3rdia-SC","potentialAction":[{"@type":"SearchAction","target":{"@type":"EntryPoint","urlTemplate":"https:\/\/www.gm.adv.br\/site\/?s={search_term_string}"},"query-input":{"@type":"PropertyValueSpecification","valueRequired":true,"valueName":"search_term_string"}}],"inLanguage":"pt-BR"},{"@type":"Organization","@id":"https:\/\/www.gm.adv.br\/site\/#organization","name":"Guaresi & Milleo Advogados Associados em Conc\u00f3rdia SC","alternateName":"Guaresi e Milleo Advocacia e Consultoria","url":"https:\/\/www.gm.adv.br\/site\/","logo":{"@type":"ImageObject","inLanguage":"pt-BR","@id":"https:\/\/www.gm.adv.br\/site\/#\/schema\/logo\/image\/","url":"https:\/\/www.gm.adv.br\/site\/wp-content\/uploads\/2025\/07\/cropped-icone-512.webp","contentUrl":"https:\/\/www.gm.adv.br\/site\/wp-content\/uploads\/2025\/07\/cropped-icone-512.webp","width":512,"height":512,"caption":"Guaresi & Milleo Advogados Associados em Conc\u00f3rdia SC"},"image":{"@id":"https:\/\/www.gm.adv.br\/site\/#\/schema\/logo\/image\/"},"sameAs":["https:\/\/www.facebook.com\/GuaresiMilleoAdvogados","https:\/\/www.instagram.com\/guaresiemilleo\/","https:\/\/br.linkedin.com\/company\/guaresimilleo"]},{"@type":"Person","@id":"https:\/\/www.gm.adv.br\/site\/#\/schema\/person\/7d633a2abab0d9b94253af6efc36428f","name":"admin","image":{"@type":"ImageObject","inLanguage":"pt-BR","@id":"https:\/\/secure.gravatar.com\/avatar\/c8bb173d280f7d1e50b67bb649de269247430499695ba3ee451b6289436d1d39?s=96&d=mm&r=g","url":"https:\/\/secure.gravatar.com\/avatar\/c8bb173d280f7d1e50b67bb649de269247430499695ba3ee451b6289436d1d39?s=96&d=mm&r=g","contentUrl":"https:\/\/secure.gravatar.com\/avatar\/c8bb173d280f7d1e50b67bb649de269247430499695ba3ee451b6289436d1d39?s=96&d=mm&r=g","caption":"admin"},"sameAs":["https:\/\/www.gm.adv.br\/site"],"url":"https:\/\/www.gm.adv.br\/site\/author\/admin\/"}]}},"_links":{"self":[{"href":"https:\/\/www.gm.adv.br\/site\/wp-json\/wp\/v2\/posts\/5016","targetHints":{"allow":["GET"]}}],"collection":[{"href":"https:\/\/www.gm.adv.br\/site\/wp-json\/wp\/v2\/posts"}],"about":[{"href":"https:\/\/www.gm.adv.br\/site\/wp-json\/wp\/v2\/types\/post"}],"author":[{"embeddable":true,"href":"https:\/\/www.gm.adv.br\/site\/wp-json\/wp\/v2\/users\/1"}],"replies":[{"embeddable":true,"href":"https:\/\/www.gm.adv.br\/site\/wp-json\/wp\/v2\/comments?post=5016"}],"version-history":[{"count":0,"href":"https:\/\/www.gm.adv.br\/site\/wp-json\/wp\/v2\/posts\/5016\/revisions"}],"wp:featuredmedia":[{"embeddable":true,"href":"https:\/\/www.gm.adv.br\/site\/wp-json\/wp\/v2\/media\/5019"}],"wp:attachment":[{"href":"https:\/\/www.gm.adv.br\/site\/wp-json\/wp\/v2\/media?parent=5016"}],"wp:term":[{"taxonomy":"category","embeddable":true,"href":"https:\/\/www.gm.adv.br\/site\/wp-json\/wp\/v2\/categories?post=5016"},{"taxonomy":"post_tag","embeddable":true,"href":"https:\/\/www.gm.adv.br\/site\/wp-json\/wp\/v2\/tags?post=5016"}],"curies":[{"name":"wp","href":"https:\/\/api.w.org\/{rel}","templated":true}]}}