{"id":5009,"date":"2024-03-25T17:57:58","date_gmt":"2024-03-25T20:57:58","guid":{"rendered":"https:\/\/gm.adv.br\/?p=5009"},"modified":"2024-03-25T17:57:58","modified_gmt":"2024-03-25T20:57:58","slug":"contribuintes-que-pagaram-multas-federais-acima-de-100-devem-pedir-a-restituicao","status":"publish","type":"post","link":"https:\/\/www.gm.adv.br\/site\/2024\/03\/25\/contribuintes-que-pagaram-multas-federais-acima-de-100-devem-pedir-a-restituicao\/","title":{"rendered":"Contribuintes que pagaram multas federais acima de 100% devem pedir a restitui\u00e7\u00e3o"},"content":{"rendered":"<p>\u00c9 poss\u00edvel pedir a restitui\u00e7\u00e3o de valores de multas federais qualificadas que ultrapassaram 100% do valor do cr\u00e9dito tribut\u00e1rio apurado. De fato, Lei 14.689\/23, alterou as regras do contencioso tribut\u00e1rio entre o governo Federal e contribuintes, inclusive as normas do Carf \u2013 Conselho Administrativo de Recursos Fiscais.<br \/>\nPela nova lei devem ser canceladas multas que excedam 100% do valor do cr\u00e9dito tribut\u00e1rio apurado. A lei considerou uma decis\u00e3o do STF que limitou o valor da cobran\u00e7a de multa (s) acima de 100% por consider\u00e1-las \u201cconfisco ao contribuinte\u201d.<br \/>\nDe fato, quando a Receita Federal autuava um contribuinte aplicava as multas de of\u00edcio m\u00ednimas de 75%. Nos casos em que existia a acusa\u00e7\u00e3o de dolo, fraude ou simula\u00e7\u00e3o, esse percentual chegava a 150% (multas qualificadas).<\/p>\n<p>A nova Lei 14.689\/23 reduziu esse percentual para 100%. As multas de 150% somente ser\u00e3o poss\u00edveis quando houver reincid\u00eancia da pr\u00e1tica atos dolosos, fraudulentos ou simulados.<br \/>\nSegundo a nova regra dever\u00e3o ser canceladas o montante das multas em autua\u00e7\u00e3o fiscal, inscritas ou n\u00e3o em d\u00edvida ativa da Uni\u00e3o, que excedam a 100% (cem por cento) do valor do cr\u00e9dito tribut\u00e1rio apurado, mesmo que as multas estejam inclu\u00eddas em programas de refinanciamentos de d\u00edvidas, sobre as parcelas ainda a serem pagas que pelas referidas decis\u00f5es judiciais sejam consideradas confisco ao contribuinte.<br \/>\nNos termos da lei, a Procuradoria-Geral da Fazenda Nacional dever\u00e1 providenciar, de of\u00edcio, o imediato cancelamento da inscri\u00e7\u00e3o em d\u00edvida ativa de todo o montante de multas que excedam a 100% (cem por cento), independentemente de provoca\u00e7\u00e3o do contribuinte, e ficar\u00e1 obrigada a comunicar o cancelamento nas execu\u00e7\u00f5es fiscais em andamento.<\/p>\n<p>O CARF j\u00e1 est\u00e1 aplicando a nova lei, para excluir o agravamento das multas de of\u00edcio e aplicar a retroa\u00e7\u00e3o das multas da Lei 9.430\/96, art. 44, \u00a7 1\u00ba, VI, inclu\u00eddo pela Lei 14.689\/2023, reduzindo-as ao percentual de 100%conforme se verifica do julgamento do Recurso Volunt\u00e1rio, no Processo 10340.721718\/2021-79, data da sess\u00e3o 07\/02\/2024, ac\u00f3rd\u00e3o 2401-011.541.<br \/>\nPor outro lado, a nova lei estabelece que o montante de multas que excederem a 100% (cem por cento) nas autua\u00e7\u00f5es fiscais, j\u00e1 pago total ou parcialmente pelo contribuinte, poder\u00e1 ser reavido, se n\u00e3o estiver precluso o prazo, mediante propositura de a\u00e7\u00e3o judicial, ao final da qual ser\u00e1 determinado o valor apurado a ser ressarcido, que ser\u00e1 liquidado por meio de precat\u00f3rio judicial ou compensado com tributos a serem pagos pelo contribuinte. Aqueles que pagaram multas acima de 100% nos \u00faltimos cinco anos, poder\u00e3o pleitear a devolu\u00e7\u00e3o do excedente.<\/p>\n<p>&nbsp;<\/p>\n","protected":false},"excerpt":{"rendered":"<p>\u00c9 poss\u00edvel pedir a restitui\u00e7\u00e3o de valores de multas federais qualificadas que ultrapassaram 100% do valor do cr\u00e9dito tribut\u00e1rio apurado. De fato, Lei 14.689\/23, alterou as regras do contencioso tribut\u00e1rio entre o governo Federal e contribuintes, inclusive as normas do Carf \u2013 Conselho Administrativo de Recursos Fiscais. Pela nova lei devem ser canceladas multas que [&#8230;]\n","protected":false},"author":1,"featured_media":5013,"comment_status":"closed","ping_status":"closed","sticky":false,"template":"","format":"standard","meta":{"footnotes":""},"categories":[77],"tags":[87,88,89],"class_list":["post-5009","post","type-post","status-publish","format-standard","has-post-thumbnail","hentry","category-direito-tributario","tag-direito-tributario","tag-empresa","tag-multas"],"yoast_head":"<!-- This site is optimized with the Yoast SEO plugin v27.5 - https:\/\/yoast.com\/product\/yoast-seo-wordpress\/ -->\n<title>Contribuintes que pagaram multas federais acima de 100% devem pedir a restitui\u00e7\u00e3o - Guaresi &amp; Mill\u00e9o Advogados Associados | Escrit\u00f3rio de Advocacia em Conc\u00f3rdia-SC | 30 Anos de Experi\u00eancia<\/title>\n<meta name=\"description\" content=\"Contribuintes que pagaram multas federais acima de 100% devem pedir a restitui\u00e7\u00e3o - Guaresi &amp; Mill\u00e9o Advogados Associados | Escrit\u00f3rio de Advocacia em Conc\u00f3rdia-SC | 30 Anos de Experi\u00eancia\" \/>\n<meta name=\"robots\" content=\"index, follow, max-snippet:-1, max-image-preview:large, max-video-preview:-1\" \/>\n<link rel=\"canonical\" href=\"https:\/\/www.gm.adv.br\/site\/2024\/03\/25\/contribuintes-que-pagaram-multas-federais-acima-de-100-devem-pedir-a-restituicao\/\" \/>\n<meta property=\"og:locale\" content=\"pt_BR\" \/>\n<meta property=\"og:type\" content=\"article\" \/>\n<meta property=\"og:title\" content=\"Contribuintes que pagaram multas federais acima de 100% devem pedir a restitui\u00e7\u00e3o - Guaresi &amp; Mill\u00e9o Advogados Associados | Escrit\u00f3rio de Advocacia em Conc\u00f3rdia-SC | 30 Anos de Experi\u00eancia\" \/>\n<meta property=\"og:description\" content=\"Contribuintes que pagaram multas federais acima de 100% devem pedir a restitui\u00e7\u00e3o - Guaresi &amp; Mill\u00e9o Advogados Associados | Escrit\u00f3rio de Advocacia em Conc\u00f3rdia-SC | 30 Anos de Experi\u00eancia\" \/>\n<meta property=\"og:url\" content=\"https:\/\/www.gm.adv.br\/site\/2024\/03\/25\/contribuintes-que-pagaram-multas-federais-acima-de-100-devem-pedir-a-restituicao\/\" \/>\n<meta property=\"og:site_name\" content=\"Guaresi &amp; Mill\u00e9o Advogados Associados | Escrit\u00f3rio de Advocacia em Conc\u00f3rdia-SC | 30 Anos de Experi\u00eancia\" \/>\n<meta property=\"article:publisher\" content=\"https:\/\/www.facebook.com\/GuaresiMilleoAdvogados\" \/>\n<meta property=\"article:published_time\" content=\"2024-03-25T20:57:58+00:00\" \/>\n<meta property=\"og:image\" content=\"https:\/\/www.gm.adv.br\/site\/wp-content\/uploads\/2024\/03\/imagem11-jpg.webp\" \/>\n\t<meta property=\"og:image:width\" content=\"825\" \/>\n\t<meta property=\"og:image:height\" content=\"340\" \/>\n\t<meta property=\"og:image:type\" content=\"image\/webp\" \/>\n<meta name=\"author\" content=\"admin\" \/>\n<meta name=\"twitter:card\" content=\"summary_large_image\" \/>\n<meta name=\"twitter:label1\" content=\"Escrito por\" \/>\n\t<meta name=\"twitter:data1\" content=\"admin\" \/>\n\t<meta name=\"twitter:label2\" content=\"Est. tempo de leitura\" \/>\n\t<meta name=\"twitter:data2\" content=\"3 minutos\" \/>\n<script type=\"application\/ld+json\" class=\"yoast-schema-graph\">{\"@context\":\"https:\\\/\\\/schema.org\",\"@graph\":[{\"@type\":\"Article\",\"@id\":\"https:\\\/\\\/www.gm.adv.br\\\/site\\\/2024\\\/03\\\/25\\\/contribuintes-que-pagaram-multas-federais-acima-de-100-devem-pedir-a-restituicao\\\/#article\",\"isPartOf\":{\"@id\":\"https:\\\/\\\/www.gm.adv.br\\\/site\\\/2024\\\/03\\\/25\\\/contribuintes-que-pagaram-multas-federais-acima-de-100-devem-pedir-a-restituicao\\\/\"},\"author\":{\"name\":\"admin\",\"@id\":\"https:\\\/\\\/www.gm.adv.br\\\/site\\\/#\\\/schema\\\/person\\\/7d633a2abab0d9b94253af6efc36428f\"},\"headline\":\"Contribuintes que pagaram multas federais acima de 100% devem pedir a restitui\u00e7\u00e3o\",\"datePublished\":\"2024-03-25T20:57:58+00:00\",\"mainEntityOfPage\":{\"@id\":\"https:\\\/\\\/www.gm.adv.br\\\/site\\\/2024\\\/03\\\/25\\\/contribuintes-que-pagaram-multas-federais-acima-de-100-devem-pedir-a-restituicao\\\/\"},\"wordCount\":446,\"publisher\":{\"@id\":\"https:\\\/\\\/www.gm.adv.br\\\/site\\\/#organization\"},\"image\":{\"@id\":\"https:\\\/\\\/www.gm.adv.br\\\/site\\\/2024\\\/03\\\/25\\\/contribuintes-que-pagaram-multas-federais-acima-de-100-devem-pedir-a-restituicao\\\/#primaryimage\"},\"thumbnailUrl\":\"https:\\\/\\\/www.gm.adv.br\\\/site\\\/wp-content\\\/uploads\\\/2024\\\/03\\\/imagem11-jpg.webp\",\"keywords\":[\"direito tributario\",\"empresa\",\"multas\"],\"articleSection\":[\"Direito Tribut\u00e1rio\"],\"inLanguage\":\"pt-BR\"},{\"@type\":\"WebPage\",\"@id\":\"https:\\\/\\\/www.gm.adv.br\\\/site\\\/2024\\\/03\\\/25\\\/contribuintes-que-pagaram-multas-federais-acima-de-100-devem-pedir-a-restituicao\\\/\",\"url\":\"https:\\\/\\\/www.gm.adv.br\\\/site\\\/2024\\\/03\\\/25\\\/contribuintes-que-pagaram-multas-federais-acima-de-100-devem-pedir-a-restituicao\\\/\",\"name\":\"Contribuintes que pagaram multas federais acima de 100% devem pedir a restitui\u00e7\u00e3o - Guaresi &amp; Mill\u00e9o Advogados Associados | Escrit\u00f3rio de Advocacia em Conc\u00f3rdia-SC | 30 Anos de Experi\u00eancia\",\"isPartOf\":{\"@id\":\"https:\\\/\\\/www.gm.adv.br\\\/site\\\/#website\"},\"primaryImageOfPage\":{\"@id\":\"https:\\\/\\\/www.gm.adv.br\\\/site\\\/2024\\\/03\\\/25\\\/contribuintes-que-pagaram-multas-federais-acima-de-100-devem-pedir-a-restituicao\\\/#primaryimage\"},\"image\":{\"@id\":\"https:\\\/\\\/www.gm.adv.br\\\/site\\\/2024\\\/03\\\/25\\\/contribuintes-que-pagaram-multas-federais-acima-de-100-devem-pedir-a-restituicao\\\/#primaryimage\"},\"thumbnailUrl\":\"https:\\\/\\\/www.gm.adv.br\\\/site\\\/wp-content\\\/uploads\\\/2024\\\/03\\\/imagem11-jpg.webp\",\"datePublished\":\"2024-03-25T20:57:58+00:00\",\"description\":\"Contribuintes que pagaram multas federais acima de 100% devem pedir a restitui\u00e7\u00e3o - Guaresi &amp; Mill\u00e9o Advogados Associados | Escrit\u00f3rio de Advocacia em Conc\u00f3rdia-SC | 30 Anos de Experi\u00eancia\",\"breadcrumb\":{\"@id\":\"https:\\\/\\\/www.gm.adv.br\\\/site\\\/2024\\\/03\\\/25\\\/contribuintes-que-pagaram-multas-federais-acima-de-100-devem-pedir-a-restituicao\\\/#breadcrumb\"},\"inLanguage\":\"pt-BR\",\"potentialAction\":[{\"@type\":\"ReadAction\",\"target\":[\"https:\\\/\\\/www.gm.adv.br\\\/site\\\/2024\\\/03\\\/25\\\/contribuintes-que-pagaram-multas-federais-acima-de-100-devem-pedir-a-restituicao\\\/\"]}]},{\"@type\":\"ImageObject\",\"inLanguage\":\"pt-BR\",\"@id\":\"https:\\\/\\\/www.gm.adv.br\\\/site\\\/2024\\\/03\\\/25\\\/contribuintes-que-pagaram-multas-federais-acima-de-100-devem-pedir-a-restituicao\\\/#primaryimage\",\"url\":\"https:\\\/\\\/www.gm.adv.br\\\/site\\\/wp-content\\\/uploads\\\/2024\\\/03\\\/imagem11-jpg.webp\",\"contentUrl\":\"https:\\\/\\\/www.gm.adv.br\\\/site\\\/wp-content\\\/uploads\\\/2024\\\/03\\\/imagem11-jpg.webp\",\"width\":825,\"height\":340,\"caption\":\"Place flying in sunset sky\"},{\"@type\":\"BreadcrumbList\",\"@id\":\"https:\\\/\\\/www.gm.adv.br\\\/site\\\/2024\\\/03\\\/25\\\/contribuintes-que-pagaram-multas-federais-acima-de-100-devem-pedir-a-restituicao\\\/#breadcrumb\",\"itemListElement\":[{\"@type\":\"ListItem\",\"position\":1,\"name\":\"In\u00edcio\",\"item\":\"https:\\\/\\\/www.gm.adv.br\\\/site\\\/\"},{\"@type\":\"ListItem\",\"position\":2,\"name\":\"Contribuintes que pagaram multas federais acima de 100% devem pedir a restitui\u00e7\u00e3o\"}]},{\"@type\":\"WebSite\",\"@id\":\"https:\\\/\\\/www.gm.adv.br\\\/site\\\/#website\",\"url\":\"https:\\\/\\\/www.gm.adv.br\\\/site\\\/\",\"name\":\"Guaresi & Mill\u00e9o Advogados Associados | Escrit\u00f3rio de Advocacia em Conc\u00f3rdia-SC | 30 Anos de Experi\u00eanci\",\"description\":\"Advocacia Direito Banc\u00e1rio, Tribut\u00e1rio, Trabalhista, C\u00edvil, P\u00fablica, Municipal, Advogados Associados Guaresi e Mill\u00e9o  |  Conc\u00f3rdia SC\",\"publisher\":{\"@id\":\"https:\\\/\\\/www.gm.adv.br\\\/site\\\/#organization\"},\"alternateName\":\"Guaresi e Mill\u00e9o Escrit\u00f3rio de Advocacia e Consultoria em Conc\u00f3rdia-SC\",\"potentialAction\":[{\"@type\":\"SearchAction\",\"target\":{\"@type\":\"EntryPoint\",\"urlTemplate\":\"https:\\\/\\\/www.gm.adv.br\\\/site\\\/?s={search_term_string}\"},\"query-input\":{\"@type\":\"PropertyValueSpecification\",\"valueRequired\":true,\"valueName\":\"search_term_string\"}}],\"inLanguage\":\"pt-BR\"},{\"@type\":\"Organization\",\"@id\":\"https:\\\/\\\/www.gm.adv.br\\\/site\\\/#organization\",\"name\":\"Guaresi & Milleo Advogados Associados em Conc\u00f3rdia SC\",\"alternateName\":\"Guaresi e Milleo Advocacia e Consultoria\",\"url\":\"https:\\\/\\\/www.gm.adv.br\\\/site\\\/\",\"logo\":{\"@type\":\"ImageObject\",\"inLanguage\":\"pt-BR\",\"@id\":\"https:\\\/\\\/www.gm.adv.br\\\/site\\\/#\\\/schema\\\/logo\\\/image\\\/\",\"url\":\"https:\\\/\\\/www.gm.adv.br\\\/site\\\/wp-content\\\/uploads\\\/2025\\\/07\\\/cropped-icone-512.webp\",\"contentUrl\":\"https:\\\/\\\/www.gm.adv.br\\\/site\\\/wp-content\\\/uploads\\\/2025\\\/07\\\/cropped-icone-512.webp\",\"width\":512,\"height\":512,\"caption\":\"Guaresi & Milleo Advogados Associados em Conc\u00f3rdia SC\"},\"image\":{\"@id\":\"https:\\\/\\\/www.gm.adv.br\\\/site\\\/#\\\/schema\\\/logo\\\/image\\\/\"},\"sameAs\":[\"https:\\\/\\\/www.facebook.com\\\/GuaresiMilleoAdvogados\",\"https:\\\/\\\/www.instagram.com\\\/guaresiemilleo\\\/\",\"https:\\\/\\\/br.linkedin.com\\\/company\\\/guaresimilleo\"]},{\"@type\":\"Person\",\"@id\":\"https:\\\/\\\/www.gm.adv.br\\\/site\\\/#\\\/schema\\\/person\\\/7d633a2abab0d9b94253af6efc36428f\",\"name\":\"admin\",\"image\":{\"@type\":\"ImageObject\",\"inLanguage\":\"pt-BR\",\"@id\":\"https:\\\/\\\/secure.gravatar.com\\\/avatar\\\/c8bb173d280f7d1e50b67bb649de269247430499695ba3ee451b6289436d1d39?s=96&d=mm&r=g\",\"url\":\"https:\\\/\\\/secure.gravatar.com\\\/avatar\\\/c8bb173d280f7d1e50b67bb649de269247430499695ba3ee451b6289436d1d39?s=96&d=mm&r=g\",\"contentUrl\":\"https:\\\/\\\/secure.gravatar.com\\\/avatar\\\/c8bb173d280f7d1e50b67bb649de269247430499695ba3ee451b6289436d1d39?s=96&d=mm&r=g\",\"caption\":\"admin\"},\"sameAs\":[\"https:\\\/\\\/www.gm.adv.br\\\/site\"],\"url\":\"https:\\\/\\\/www.gm.adv.br\\\/site\\\/author\\\/admin\\\/\"}]}<\/script>\n<!-- \/ Yoast SEO plugin. -->","yoast_head_json":{"title":"Contribuintes que pagaram multas federais acima de 100% devem pedir a restitui\u00e7\u00e3o - Guaresi &amp; Mill\u00e9o Advogados Associados | Escrit\u00f3rio de Advocacia em Conc\u00f3rdia-SC | 30 Anos de Experi\u00eancia","description":"Contribuintes que pagaram multas federais acima de 100% devem pedir a restitui\u00e7\u00e3o - Guaresi &amp; Mill\u00e9o Advogados Associados | Escrit\u00f3rio de Advocacia em Conc\u00f3rdia-SC | 30 Anos de Experi\u00eancia","robots":{"index":"index","follow":"follow","max-snippet":"max-snippet:-1","max-image-preview":"max-image-preview:large","max-video-preview":"max-video-preview:-1"},"canonical":"https:\/\/www.gm.adv.br\/site\/2024\/03\/25\/contribuintes-que-pagaram-multas-federais-acima-de-100-devem-pedir-a-restituicao\/","og_locale":"pt_BR","og_type":"article","og_title":"Contribuintes que pagaram multas federais acima de 100% devem pedir a restitui\u00e7\u00e3o - Guaresi &amp; Mill\u00e9o Advogados Associados | Escrit\u00f3rio de Advocacia em Conc\u00f3rdia-SC | 30 Anos de Experi\u00eancia","og_description":"Contribuintes que pagaram multas federais acima de 100% devem pedir a restitui\u00e7\u00e3o - Guaresi &amp; Mill\u00e9o Advogados Associados | Escrit\u00f3rio de Advocacia em Conc\u00f3rdia-SC | 30 Anos de Experi\u00eancia","og_url":"https:\/\/www.gm.adv.br\/site\/2024\/03\/25\/contribuintes-que-pagaram-multas-federais-acima-de-100-devem-pedir-a-restituicao\/","og_site_name":"Guaresi &amp; Mill\u00e9o Advogados Associados | Escrit\u00f3rio de Advocacia em Conc\u00f3rdia-SC | 30 Anos de Experi\u00eancia","article_publisher":"https:\/\/www.facebook.com\/GuaresiMilleoAdvogados","article_published_time":"2024-03-25T20:57:58+00:00","og_image":[{"width":825,"height":340,"url":"https:\/\/www.gm.adv.br\/site\/wp-content\/uploads\/2024\/03\/imagem11-jpg.webp","type":"image\/webp"}],"author":"admin","twitter_card":"summary_large_image","twitter_misc":{"Escrito por":"admin","Est. tempo de leitura":"3 minutos"},"schema":{"@context":"https:\/\/schema.org","@graph":[{"@type":"Article","@id":"https:\/\/www.gm.adv.br\/site\/2024\/03\/25\/contribuintes-que-pagaram-multas-federais-acima-de-100-devem-pedir-a-restituicao\/#article","isPartOf":{"@id":"https:\/\/www.gm.adv.br\/site\/2024\/03\/25\/contribuintes-que-pagaram-multas-federais-acima-de-100-devem-pedir-a-restituicao\/"},"author":{"name":"admin","@id":"https:\/\/www.gm.adv.br\/site\/#\/schema\/person\/7d633a2abab0d9b94253af6efc36428f"},"headline":"Contribuintes que pagaram multas federais acima de 100% devem pedir a restitui\u00e7\u00e3o","datePublished":"2024-03-25T20:57:58+00:00","mainEntityOfPage":{"@id":"https:\/\/www.gm.adv.br\/site\/2024\/03\/25\/contribuintes-que-pagaram-multas-federais-acima-de-100-devem-pedir-a-restituicao\/"},"wordCount":446,"publisher":{"@id":"https:\/\/www.gm.adv.br\/site\/#organization"},"image":{"@id":"https:\/\/www.gm.adv.br\/site\/2024\/03\/25\/contribuintes-que-pagaram-multas-federais-acima-de-100-devem-pedir-a-restituicao\/#primaryimage"},"thumbnailUrl":"https:\/\/www.gm.adv.br\/site\/wp-content\/uploads\/2024\/03\/imagem11-jpg.webp","keywords":["direito tributario","empresa","multas"],"articleSection":["Direito Tribut\u00e1rio"],"inLanguage":"pt-BR"},{"@type":"WebPage","@id":"https:\/\/www.gm.adv.br\/site\/2024\/03\/25\/contribuintes-que-pagaram-multas-federais-acima-de-100-devem-pedir-a-restituicao\/","url":"https:\/\/www.gm.adv.br\/site\/2024\/03\/25\/contribuintes-que-pagaram-multas-federais-acima-de-100-devem-pedir-a-restituicao\/","name":"Contribuintes que pagaram multas federais acima de 100% devem pedir a restitui\u00e7\u00e3o - Guaresi &amp; Mill\u00e9o Advogados Associados | Escrit\u00f3rio de Advocacia em Conc\u00f3rdia-SC | 30 Anos de Experi\u00eancia","isPartOf":{"@id":"https:\/\/www.gm.adv.br\/site\/#website"},"primaryImageOfPage":{"@id":"https:\/\/www.gm.adv.br\/site\/2024\/03\/25\/contribuintes-que-pagaram-multas-federais-acima-de-100-devem-pedir-a-restituicao\/#primaryimage"},"image":{"@id":"https:\/\/www.gm.adv.br\/site\/2024\/03\/25\/contribuintes-que-pagaram-multas-federais-acima-de-100-devem-pedir-a-restituicao\/#primaryimage"},"thumbnailUrl":"https:\/\/www.gm.adv.br\/site\/wp-content\/uploads\/2024\/03\/imagem11-jpg.webp","datePublished":"2024-03-25T20:57:58+00:00","description":"Contribuintes que pagaram multas federais acima de 100% devem pedir a restitui\u00e7\u00e3o - Guaresi &amp; Mill\u00e9o Advogados Associados | Escrit\u00f3rio de Advocacia em Conc\u00f3rdia-SC | 30 Anos de Experi\u00eancia","breadcrumb":{"@id":"https:\/\/www.gm.adv.br\/site\/2024\/03\/25\/contribuintes-que-pagaram-multas-federais-acima-de-100-devem-pedir-a-restituicao\/#breadcrumb"},"inLanguage":"pt-BR","potentialAction":[{"@type":"ReadAction","target":["https:\/\/www.gm.adv.br\/site\/2024\/03\/25\/contribuintes-que-pagaram-multas-federais-acima-de-100-devem-pedir-a-restituicao\/"]}]},{"@type":"ImageObject","inLanguage":"pt-BR","@id":"https:\/\/www.gm.adv.br\/site\/2024\/03\/25\/contribuintes-que-pagaram-multas-federais-acima-de-100-devem-pedir-a-restituicao\/#primaryimage","url":"https:\/\/www.gm.adv.br\/site\/wp-content\/uploads\/2024\/03\/imagem11-jpg.webp","contentUrl":"https:\/\/www.gm.adv.br\/site\/wp-content\/uploads\/2024\/03\/imagem11-jpg.webp","width":825,"height":340,"caption":"Place flying in sunset sky"},{"@type":"BreadcrumbList","@id":"https:\/\/www.gm.adv.br\/site\/2024\/03\/25\/contribuintes-que-pagaram-multas-federais-acima-de-100-devem-pedir-a-restituicao\/#breadcrumb","itemListElement":[{"@type":"ListItem","position":1,"name":"In\u00edcio","item":"https:\/\/www.gm.adv.br\/site\/"},{"@type":"ListItem","position":2,"name":"Contribuintes que pagaram multas federais acima de 100% devem pedir a restitui\u00e7\u00e3o"}]},{"@type":"WebSite","@id":"https:\/\/www.gm.adv.br\/site\/#website","url":"https:\/\/www.gm.adv.br\/site\/","name":"Guaresi & Mill\u00e9o Advogados Associados | Escrit\u00f3rio de Advocacia em Conc\u00f3rdia-SC | 30 Anos de Experi\u00eanci","description":"Advocacia Direito Banc\u00e1rio, Tribut\u00e1rio, Trabalhista, C\u00edvil, P\u00fablica, Municipal, Advogados Associados Guaresi e Mill\u00e9o  |  Conc\u00f3rdia SC","publisher":{"@id":"https:\/\/www.gm.adv.br\/site\/#organization"},"alternateName":"Guaresi e Mill\u00e9o Escrit\u00f3rio de Advocacia e Consultoria em Conc\u00f3rdia-SC","potentialAction":[{"@type":"SearchAction","target":{"@type":"EntryPoint","urlTemplate":"https:\/\/www.gm.adv.br\/site\/?s={search_term_string}"},"query-input":{"@type":"PropertyValueSpecification","valueRequired":true,"valueName":"search_term_string"}}],"inLanguage":"pt-BR"},{"@type":"Organization","@id":"https:\/\/www.gm.adv.br\/site\/#organization","name":"Guaresi & Milleo Advogados Associados em Conc\u00f3rdia SC","alternateName":"Guaresi e Milleo Advocacia e Consultoria","url":"https:\/\/www.gm.adv.br\/site\/","logo":{"@type":"ImageObject","inLanguage":"pt-BR","@id":"https:\/\/www.gm.adv.br\/site\/#\/schema\/logo\/image\/","url":"https:\/\/www.gm.adv.br\/site\/wp-content\/uploads\/2025\/07\/cropped-icone-512.webp","contentUrl":"https:\/\/www.gm.adv.br\/site\/wp-content\/uploads\/2025\/07\/cropped-icone-512.webp","width":512,"height":512,"caption":"Guaresi & Milleo Advogados Associados em Conc\u00f3rdia SC"},"image":{"@id":"https:\/\/www.gm.adv.br\/site\/#\/schema\/logo\/image\/"},"sameAs":["https:\/\/www.facebook.com\/GuaresiMilleoAdvogados","https:\/\/www.instagram.com\/guaresiemilleo\/","https:\/\/br.linkedin.com\/company\/guaresimilleo"]},{"@type":"Person","@id":"https:\/\/www.gm.adv.br\/site\/#\/schema\/person\/7d633a2abab0d9b94253af6efc36428f","name":"admin","image":{"@type":"ImageObject","inLanguage":"pt-BR","@id":"https:\/\/secure.gravatar.com\/avatar\/c8bb173d280f7d1e50b67bb649de269247430499695ba3ee451b6289436d1d39?s=96&d=mm&r=g","url":"https:\/\/secure.gravatar.com\/avatar\/c8bb173d280f7d1e50b67bb649de269247430499695ba3ee451b6289436d1d39?s=96&d=mm&r=g","contentUrl":"https:\/\/secure.gravatar.com\/avatar\/c8bb173d280f7d1e50b67bb649de269247430499695ba3ee451b6289436d1d39?s=96&d=mm&r=g","caption":"admin"},"sameAs":["https:\/\/www.gm.adv.br\/site"],"url":"https:\/\/www.gm.adv.br\/site\/author\/admin\/"}]}},"_links":{"self":[{"href":"https:\/\/www.gm.adv.br\/site\/wp-json\/wp\/v2\/posts\/5009","targetHints":{"allow":["GET"]}}],"collection":[{"href":"https:\/\/www.gm.adv.br\/site\/wp-json\/wp\/v2\/posts"}],"about":[{"href":"https:\/\/www.gm.adv.br\/site\/wp-json\/wp\/v2\/types\/post"}],"author":[{"embeddable":true,"href":"https:\/\/www.gm.adv.br\/site\/wp-json\/wp\/v2\/users\/1"}],"replies":[{"embeddable":true,"href":"https:\/\/www.gm.adv.br\/site\/wp-json\/wp\/v2\/comments?post=5009"}],"version-history":[{"count":0,"href":"https:\/\/www.gm.adv.br\/site\/wp-json\/wp\/v2\/posts\/5009\/revisions"}],"wp:featuredmedia":[{"embeddable":true,"href":"https:\/\/www.gm.adv.br\/site\/wp-json\/wp\/v2\/media\/5013"}],"wp:attachment":[{"href":"https:\/\/www.gm.adv.br\/site\/wp-json\/wp\/v2\/media?parent=5009"}],"wp:term":[{"taxonomy":"category","embeddable":true,"href":"https:\/\/www.gm.adv.br\/site\/wp-json\/wp\/v2\/categories?post=5009"},{"taxonomy":"post_tag","embeddable":true,"href":"https:\/\/www.gm.adv.br\/site\/wp-json\/wp\/v2\/tags?post=5009"}],"curies":[{"name":"wp","href":"https:\/\/api.w.org\/{rel}","templated":true}]}}