{"id":4999,"date":"2024-02-28T14:06:32","date_gmt":"2024-02-28T17:06:32","guid":{"rendered":"https:\/\/gm.adv.br\/?p=4999"},"modified":"2024-02-28T14:06:32","modified_gmt":"2024-02-28T17:06:32","slug":"condenacao-nao-precisa-se-limitar-aos-valores-indicados-na-acao-estabelece-tst","status":"publish","type":"post","link":"https:\/\/www.gm.adv.br\/site\/2024\/02\/28\/condenacao-nao-precisa-se-limitar-aos-valores-indicados-na-acao-estabelece-tst\/","title":{"rendered":"Condena\u00e7\u00e3o n\u00e3o precisa se limitar aos valores indicados na a\u00e7\u00e3o, estabelece TST"},"content":{"rendered":"<p>Os valores apontados na peti\u00e7\u00e3o inicial de uma a\u00e7\u00e3o trabalhista s\u00e3o meramente estimativos e n\u00e3o devem limitar o montante arbitrado pelo julgador \u00e0 condena\u00e7\u00e3o. Isso porque a finalidade da exig\u00eancia legal de especificar os valores dos pedidos \u00e9 fazer com que a parte delimite o alcance de sua pretens\u00e3o de forma razo\u00e1vel, mas ela n\u00e3o deve impedir o reconhecimento da integralidade dos direitos, respeitando-se os princ\u00edpios da informalidade, da simplicidade e do amplo acesso \u00e0 Justi\u00e7a.<\/p>\n<p>Com base nesse entendimento, a Subse\u00e7\u00e3o I Especializada em Diss\u00eddios Individuais do Tribunal Superior do Trabalho (SDI-1) rejeitou o recurso de uma empresa de Ponta Grossa (PR) que alegava que sua condena\u00e7\u00e3o a pagar verbas rescis\u00f3rias a um operador industrial era irregular porque o valor arbitrado foi maior do que o montante atribu\u00eddo pelo autor da a\u00e7\u00e3o aos pedidos.<br \/>\nA pretens\u00e3o da empresa foi rejeitada em todas as inst\u00e2ncias, e a 2\u00aa Turma do TST, no julgamento do recurso de revista, entendeu que os valores constantes da peti\u00e7\u00e3o inicial s\u00e3o mera estimativa e n\u00e3o limitam a condena\u00e7\u00e3o.<br \/>\nAo interpor embargos \u00e0 SDI-1, \u00f3rg\u00e3o uniformizador da jurisprud\u00eancia das turmas do TST, a empresa apontou que o entendimento da 2\u00aa Turma divergia da compreens\u00e3o da 3\u00aa Turma sobre o tema. O relator da mat\u00e9ria, ministro Alberto Balazeiro, reconheceu a diverg\u00eancia jurisprudencial v\u00e1lida e espec\u00edfica, requisito necess\u00e1rio para o exame dos embargos.<\/p>\n<p>Fonte: <a href=\"https:\/\/www.conjur.com.br\/2024-fev-19\/tst-decide-que-condenacao-nao-precisa-se-limitar-aos-valores-indicados-na-acao\/\">ConJur<\/a><\/p>\n","protected":false},"excerpt":{"rendered":"<p>Os valores apontados na peti\u00e7\u00e3o inicial de uma a\u00e7\u00e3o trabalhista s\u00e3o meramente estimativos e n\u00e3o devem limitar o montante arbitrado pelo julgador \u00e0 condena\u00e7\u00e3o. Isso porque a finalidade da exig\u00eancia legal de especificar os valores dos pedidos \u00e9 fazer com que a parte delimite o alcance de sua pretens\u00e3o de forma razo\u00e1vel, mas ela n\u00e3o [&#8230;]\n","protected":false},"author":1,"featured_media":4990,"comment_status":"closed","ping_status":"closed","sticky":false,"template":"","format":"standard","meta":{"footnotes":""},"categories":[68],"tags":[],"class_list":["post-4999","post","type-post","status-publish","format-standard","has-post-thumbnail","hentry","category-direito-do-trabalho"],"yoast_head":"<!-- This site is optimized with the Yoast SEO plugin v27.5 - https:\/\/yoast.com\/product\/yoast-seo-wordpress\/ -->\n<title>Condena\u00e7\u00e3o n\u00e3o precisa se limitar aos valores indicados na a\u00e7\u00e3o, estabelece TST - Guaresi &amp; Mill\u00e9o Advogados Associados | Escrit\u00f3rio de Advocacia em Conc\u00f3rdia-SC | 30 Anos de Experi\u00eancia<\/title>\n<meta name=\"description\" content=\"Condena\u00e7\u00e3o n\u00e3o precisa se limitar aos valores indicados na a\u00e7\u00e3o, estabelece TST - Guaresi &amp; Mill\u00e9o Advogados Associados | Escrit\u00f3rio de Advocacia em Conc\u00f3rdia-SC | 30 Anos de Experi\u00eancia\" \/>\n<meta name=\"robots\" content=\"index, follow, max-snippet:-1, max-image-preview:large, max-video-preview:-1\" \/>\n<link rel=\"canonical\" href=\"https:\/\/www.gm.adv.br\/site\/2024\/02\/28\/condenacao-nao-precisa-se-limitar-aos-valores-indicados-na-acao-estabelece-tst\/\" \/>\n<meta property=\"og:locale\" content=\"pt_BR\" \/>\n<meta property=\"og:type\" content=\"article\" \/>\n<meta property=\"og:title\" content=\"Condena\u00e7\u00e3o n\u00e3o precisa se limitar aos valores indicados na a\u00e7\u00e3o, estabelece TST - Guaresi &amp; Mill\u00e9o Advogados Associados | Escrit\u00f3rio de Advocacia em Conc\u00f3rdia-SC | 30 Anos de Experi\u00eancia\" \/>\n<meta property=\"og:description\" content=\"Condena\u00e7\u00e3o n\u00e3o precisa se limitar aos valores indicados na a\u00e7\u00e3o, estabelece TST - Guaresi &amp; Mill\u00e9o Advogados Associados | Escrit\u00f3rio de Advocacia em Conc\u00f3rdia-SC | 30 Anos de Experi\u00eancia\" \/>\n<meta property=\"og:url\" content=\"https:\/\/www.gm.adv.br\/site\/2024\/02\/28\/condenacao-nao-precisa-se-limitar-aos-valores-indicados-na-acao-estabelece-tst\/\" \/>\n<meta property=\"og:site_name\" content=\"Guaresi &amp; Mill\u00e9o Advogados Associados | Escrit\u00f3rio de Advocacia em Conc\u00f3rdia-SC | 30 Anos de Experi\u00eancia\" \/>\n<meta property=\"article:publisher\" content=\"https:\/\/www.facebook.com\/GuaresiMilleoAdvogados\" \/>\n<meta property=\"article:published_time\" content=\"2024-02-28T17:06:32+00:00\" \/>\n<meta property=\"og:image\" content=\"https:\/\/www.gm.adv.br\/site\/wp-content\/uploads\/2024\/02\/imagem4-jpg.webp\" \/>\n\t<meta property=\"og:image:width\" content=\"825\" \/>\n\t<meta property=\"og:image:height\" content=\"340\" \/>\n\t<meta property=\"og:image:type\" content=\"image\/webp\" \/>\n<meta name=\"author\" content=\"admin\" \/>\n<meta name=\"twitter:card\" content=\"summary_large_image\" \/>\n<meta name=\"twitter:label1\" content=\"Escrito por\" \/>\n\t<meta name=\"twitter:data1\" content=\"admin\" \/>\n\t<meta name=\"twitter:label2\" content=\"Est. tempo de leitura\" \/>\n\t<meta name=\"twitter:data2\" content=\"2 minutos\" \/>\n<script type=\"application\/ld+json\" class=\"yoast-schema-graph\">{\"@context\":\"https:\\\/\\\/schema.org\",\"@graph\":[{\"@type\":\"Article\",\"@id\":\"https:\\\/\\\/www.gm.adv.br\\\/site\\\/2024\\\/02\\\/28\\\/condenacao-nao-precisa-se-limitar-aos-valores-indicados-na-acao-estabelece-tst\\\/#article\",\"isPartOf\":{\"@id\":\"https:\\\/\\\/www.gm.adv.br\\\/site\\\/2024\\\/02\\\/28\\\/condenacao-nao-precisa-se-limitar-aos-valores-indicados-na-acao-estabelece-tst\\\/\"},\"author\":{\"name\":\"admin\",\"@id\":\"https:\\\/\\\/www.gm.adv.br\\\/site\\\/#\\\/schema\\\/person\\\/7d633a2abab0d9b94253af6efc36428f\"},\"headline\":\"Condena\u00e7\u00e3o n\u00e3o precisa se limitar aos valores indicados na a\u00e7\u00e3o, estabelece TST\",\"datePublished\":\"2024-02-28T17:06:32+00:00\",\"mainEntityOfPage\":{\"@id\":\"https:\\\/\\\/www.gm.adv.br\\\/site\\\/2024\\\/02\\\/28\\\/condenacao-nao-precisa-se-limitar-aos-valores-indicados-na-acao-estabelece-tst\\\/\"},\"wordCount\":266,\"publisher\":{\"@id\":\"https:\\\/\\\/www.gm.adv.br\\\/site\\\/#organization\"},\"image\":{\"@id\":\"https:\\\/\\\/www.gm.adv.br\\\/site\\\/2024\\\/02\\\/28\\\/condenacao-nao-precisa-se-limitar-aos-valores-indicados-na-acao-estabelece-tst\\\/#primaryimage\"},\"thumbnailUrl\":\"https:\\\/\\\/www.gm.adv.br\\\/site\\\/wp-content\\\/uploads\\\/2024\\\/02\\\/imagem4-jpg.webp\",\"articleSection\":[\"Direito do Trabalho\"],\"inLanguage\":\"pt-BR\"},{\"@type\":\"WebPage\",\"@id\":\"https:\\\/\\\/www.gm.adv.br\\\/site\\\/2024\\\/02\\\/28\\\/condenacao-nao-precisa-se-limitar-aos-valores-indicados-na-acao-estabelece-tst\\\/\",\"url\":\"https:\\\/\\\/www.gm.adv.br\\\/site\\\/2024\\\/02\\\/28\\\/condenacao-nao-precisa-se-limitar-aos-valores-indicados-na-acao-estabelece-tst\\\/\",\"name\":\"Condena\u00e7\u00e3o n\u00e3o precisa se limitar aos valores indicados na a\u00e7\u00e3o, estabelece TST - Guaresi &amp; Mill\u00e9o Advogados Associados | Escrit\u00f3rio de Advocacia em Conc\u00f3rdia-SC | 30 Anos de Experi\u00eancia\",\"isPartOf\":{\"@id\":\"https:\\\/\\\/www.gm.adv.br\\\/site\\\/#website\"},\"primaryImageOfPage\":{\"@id\":\"https:\\\/\\\/www.gm.adv.br\\\/site\\\/2024\\\/02\\\/28\\\/condenacao-nao-precisa-se-limitar-aos-valores-indicados-na-acao-estabelece-tst\\\/#primaryimage\"},\"image\":{\"@id\":\"https:\\\/\\\/www.gm.adv.br\\\/site\\\/2024\\\/02\\\/28\\\/condenacao-nao-precisa-se-limitar-aos-valores-indicados-na-acao-estabelece-tst\\\/#primaryimage\"},\"thumbnailUrl\":\"https:\\\/\\\/www.gm.adv.br\\\/site\\\/wp-content\\\/uploads\\\/2024\\\/02\\\/imagem4-jpg.webp\",\"datePublished\":\"2024-02-28T17:06:32+00:00\",\"description\":\"Condena\u00e7\u00e3o n\u00e3o precisa se limitar aos valores indicados na a\u00e7\u00e3o, estabelece TST - Guaresi &amp; Mill\u00e9o Advogados Associados | Escrit\u00f3rio de Advocacia em Conc\u00f3rdia-SC | 30 Anos de Experi\u00eancia\",\"breadcrumb\":{\"@id\":\"https:\\\/\\\/www.gm.adv.br\\\/site\\\/2024\\\/02\\\/28\\\/condenacao-nao-precisa-se-limitar-aos-valores-indicados-na-acao-estabelece-tst\\\/#breadcrumb\"},\"inLanguage\":\"pt-BR\",\"potentialAction\":[{\"@type\":\"ReadAction\",\"target\":[\"https:\\\/\\\/www.gm.adv.br\\\/site\\\/2024\\\/02\\\/28\\\/condenacao-nao-precisa-se-limitar-aos-valores-indicados-na-acao-estabelece-tst\\\/\"]}]},{\"@type\":\"ImageObject\",\"inLanguage\":\"pt-BR\",\"@id\":\"https:\\\/\\\/www.gm.adv.br\\\/site\\\/2024\\\/02\\\/28\\\/condenacao-nao-precisa-se-limitar-aos-valores-indicados-na-acao-estabelece-tst\\\/#primaryimage\",\"url\":\"https:\\\/\\\/www.gm.adv.br\\\/site\\\/wp-content\\\/uploads\\\/2024\\\/02\\\/imagem4-jpg.webp\",\"contentUrl\":\"https:\\\/\\\/www.gm.adv.br\\\/site\\\/wp-content\\\/uploads\\\/2024\\\/02\\\/imagem4-jpg.webp\",\"width\":825,\"height\":340},{\"@type\":\"BreadcrumbList\",\"@id\":\"https:\\\/\\\/www.gm.adv.br\\\/site\\\/2024\\\/02\\\/28\\\/condenacao-nao-precisa-se-limitar-aos-valores-indicados-na-acao-estabelece-tst\\\/#breadcrumb\",\"itemListElement\":[{\"@type\":\"ListItem\",\"position\":1,\"name\":\"In\u00edcio\",\"item\":\"https:\\\/\\\/www.gm.adv.br\\\/site\\\/\"},{\"@type\":\"ListItem\",\"position\":2,\"name\":\"Condena\u00e7\u00e3o n\u00e3o precisa se limitar aos valores indicados na a\u00e7\u00e3o, estabelece TST\"}]},{\"@type\":\"WebSite\",\"@id\":\"https:\\\/\\\/www.gm.adv.br\\\/site\\\/#website\",\"url\":\"https:\\\/\\\/www.gm.adv.br\\\/site\\\/\",\"name\":\"Guaresi & Mill\u00e9o Advogados Associados | Escrit\u00f3rio de Advocacia em Conc\u00f3rdia-SC | 30 Anos de Experi\u00eanci\",\"description\":\"Advocacia Direito Banc\u00e1rio, Tribut\u00e1rio, Trabalhista, C\u00edvil, P\u00fablica, Municipal, Advogados Associados Guaresi e Mill\u00e9o  |  Conc\u00f3rdia SC\",\"publisher\":{\"@id\":\"https:\\\/\\\/www.gm.adv.br\\\/site\\\/#organization\"},\"alternateName\":\"Guaresi e Mill\u00e9o Escrit\u00f3rio de Advocacia e Consultoria em Conc\u00f3rdia-SC\",\"potentialAction\":[{\"@type\":\"SearchAction\",\"target\":{\"@type\":\"EntryPoint\",\"urlTemplate\":\"https:\\\/\\\/www.gm.adv.br\\\/site\\\/?s={search_term_string}\"},\"query-input\":{\"@type\":\"PropertyValueSpecification\",\"valueRequired\":true,\"valueName\":\"search_term_string\"}}],\"inLanguage\":\"pt-BR\"},{\"@type\":\"Organization\",\"@id\":\"https:\\\/\\\/www.gm.adv.br\\\/site\\\/#organization\",\"name\":\"Guaresi & Milleo Advogados Associados em Conc\u00f3rdia SC\",\"alternateName\":\"Guaresi e Milleo Advocacia e Consultoria\",\"url\":\"https:\\\/\\\/www.gm.adv.br\\\/site\\\/\",\"logo\":{\"@type\":\"ImageObject\",\"inLanguage\":\"pt-BR\",\"@id\":\"https:\\\/\\\/www.gm.adv.br\\\/site\\\/#\\\/schema\\\/logo\\\/image\\\/\",\"url\":\"https:\\\/\\\/www.gm.adv.br\\\/site\\\/wp-content\\\/uploads\\\/2025\\\/07\\\/cropped-icone-512.webp\",\"contentUrl\":\"https:\\\/\\\/www.gm.adv.br\\\/site\\\/wp-content\\\/uploads\\\/2025\\\/07\\\/cropped-icone-512.webp\",\"width\":512,\"height\":512,\"caption\":\"Guaresi & Milleo Advogados Associados em Conc\u00f3rdia SC\"},\"image\":{\"@id\":\"https:\\\/\\\/www.gm.adv.br\\\/site\\\/#\\\/schema\\\/logo\\\/image\\\/\"},\"sameAs\":[\"https:\\\/\\\/www.facebook.com\\\/GuaresiMilleoAdvogados\",\"https:\\\/\\\/www.instagram.com\\\/guaresiemilleo\\\/\",\"https:\\\/\\\/br.linkedin.com\\\/company\\\/guaresimilleo\"]},{\"@type\":\"Person\",\"@id\":\"https:\\\/\\\/www.gm.adv.br\\\/site\\\/#\\\/schema\\\/person\\\/7d633a2abab0d9b94253af6efc36428f\",\"name\":\"admin\",\"image\":{\"@type\":\"ImageObject\",\"inLanguage\":\"pt-BR\",\"@id\":\"https:\\\/\\\/secure.gravatar.com\\\/avatar\\\/c8bb173d280f7d1e50b67bb649de269247430499695ba3ee451b6289436d1d39?s=96&d=mm&r=g\",\"url\":\"https:\\\/\\\/secure.gravatar.com\\\/avatar\\\/c8bb173d280f7d1e50b67bb649de269247430499695ba3ee451b6289436d1d39?s=96&d=mm&r=g\",\"contentUrl\":\"https:\\\/\\\/secure.gravatar.com\\\/avatar\\\/c8bb173d280f7d1e50b67bb649de269247430499695ba3ee451b6289436d1d39?s=96&d=mm&r=g\",\"caption\":\"admin\"},\"sameAs\":[\"https:\\\/\\\/www.gm.adv.br\\\/site\"],\"url\":\"https:\\\/\\\/www.gm.adv.br\\\/site\\\/author\\\/admin\\\/\"}]}<\/script>\n<!-- \/ Yoast SEO plugin. -->","yoast_head_json":{"title":"Condena\u00e7\u00e3o n\u00e3o precisa se limitar aos valores indicados na a\u00e7\u00e3o, estabelece TST - Guaresi &amp; Mill\u00e9o Advogados Associados | Escrit\u00f3rio de Advocacia em Conc\u00f3rdia-SC | 30 Anos de Experi\u00eancia","description":"Condena\u00e7\u00e3o n\u00e3o precisa se limitar aos valores indicados na a\u00e7\u00e3o, estabelece TST - Guaresi &amp; Mill\u00e9o Advogados Associados | Escrit\u00f3rio de Advocacia em Conc\u00f3rdia-SC | 30 Anos de Experi\u00eancia","robots":{"index":"index","follow":"follow","max-snippet":"max-snippet:-1","max-image-preview":"max-image-preview:large","max-video-preview":"max-video-preview:-1"},"canonical":"https:\/\/www.gm.adv.br\/site\/2024\/02\/28\/condenacao-nao-precisa-se-limitar-aos-valores-indicados-na-acao-estabelece-tst\/","og_locale":"pt_BR","og_type":"article","og_title":"Condena\u00e7\u00e3o n\u00e3o precisa se limitar aos valores indicados na a\u00e7\u00e3o, estabelece TST - Guaresi &amp; Mill\u00e9o Advogados Associados | Escrit\u00f3rio de Advocacia em Conc\u00f3rdia-SC | 30 Anos de Experi\u00eancia","og_description":"Condena\u00e7\u00e3o n\u00e3o precisa se limitar aos valores indicados na a\u00e7\u00e3o, estabelece TST - Guaresi &amp; Mill\u00e9o Advogados Associados | Escrit\u00f3rio de Advocacia em Conc\u00f3rdia-SC | 30 Anos de Experi\u00eancia","og_url":"https:\/\/www.gm.adv.br\/site\/2024\/02\/28\/condenacao-nao-precisa-se-limitar-aos-valores-indicados-na-acao-estabelece-tst\/","og_site_name":"Guaresi &amp; Mill\u00e9o Advogados Associados | Escrit\u00f3rio de Advocacia em Conc\u00f3rdia-SC | 30 Anos de Experi\u00eancia","article_publisher":"https:\/\/www.facebook.com\/GuaresiMilleoAdvogados","article_published_time":"2024-02-28T17:06:32+00:00","og_image":[{"width":825,"height":340,"url":"https:\/\/www.gm.adv.br\/site\/wp-content\/uploads\/2024\/02\/imagem4-jpg.webp","type":"image\/webp"}],"author":"admin","twitter_card":"summary_large_image","twitter_misc":{"Escrito por":"admin","Est. tempo de leitura":"2 minutos"},"schema":{"@context":"https:\/\/schema.org","@graph":[{"@type":"Article","@id":"https:\/\/www.gm.adv.br\/site\/2024\/02\/28\/condenacao-nao-precisa-se-limitar-aos-valores-indicados-na-acao-estabelece-tst\/#article","isPartOf":{"@id":"https:\/\/www.gm.adv.br\/site\/2024\/02\/28\/condenacao-nao-precisa-se-limitar-aos-valores-indicados-na-acao-estabelece-tst\/"},"author":{"name":"admin","@id":"https:\/\/www.gm.adv.br\/site\/#\/schema\/person\/7d633a2abab0d9b94253af6efc36428f"},"headline":"Condena\u00e7\u00e3o n\u00e3o precisa se limitar aos valores indicados na a\u00e7\u00e3o, estabelece TST","datePublished":"2024-02-28T17:06:32+00:00","mainEntityOfPage":{"@id":"https:\/\/www.gm.adv.br\/site\/2024\/02\/28\/condenacao-nao-precisa-se-limitar-aos-valores-indicados-na-acao-estabelece-tst\/"},"wordCount":266,"publisher":{"@id":"https:\/\/www.gm.adv.br\/site\/#organization"},"image":{"@id":"https:\/\/www.gm.adv.br\/site\/2024\/02\/28\/condenacao-nao-precisa-se-limitar-aos-valores-indicados-na-acao-estabelece-tst\/#primaryimage"},"thumbnailUrl":"https:\/\/www.gm.adv.br\/site\/wp-content\/uploads\/2024\/02\/imagem4-jpg.webp","articleSection":["Direito do Trabalho"],"inLanguage":"pt-BR"},{"@type":"WebPage","@id":"https:\/\/www.gm.adv.br\/site\/2024\/02\/28\/condenacao-nao-precisa-se-limitar-aos-valores-indicados-na-acao-estabelece-tst\/","url":"https:\/\/www.gm.adv.br\/site\/2024\/02\/28\/condenacao-nao-precisa-se-limitar-aos-valores-indicados-na-acao-estabelece-tst\/","name":"Condena\u00e7\u00e3o n\u00e3o precisa se limitar aos valores indicados na a\u00e7\u00e3o, estabelece TST - Guaresi &amp; Mill\u00e9o Advogados Associados | Escrit\u00f3rio de Advocacia em Conc\u00f3rdia-SC | 30 Anos de Experi\u00eancia","isPartOf":{"@id":"https:\/\/www.gm.adv.br\/site\/#website"},"primaryImageOfPage":{"@id":"https:\/\/www.gm.adv.br\/site\/2024\/02\/28\/condenacao-nao-precisa-se-limitar-aos-valores-indicados-na-acao-estabelece-tst\/#primaryimage"},"image":{"@id":"https:\/\/www.gm.adv.br\/site\/2024\/02\/28\/condenacao-nao-precisa-se-limitar-aos-valores-indicados-na-acao-estabelece-tst\/#primaryimage"},"thumbnailUrl":"https:\/\/www.gm.adv.br\/site\/wp-content\/uploads\/2024\/02\/imagem4-jpg.webp","datePublished":"2024-02-28T17:06:32+00:00","description":"Condena\u00e7\u00e3o n\u00e3o precisa se limitar aos valores indicados na a\u00e7\u00e3o, estabelece TST - Guaresi &amp; Mill\u00e9o Advogados Associados | Escrit\u00f3rio de Advocacia em Conc\u00f3rdia-SC | 30 Anos de Experi\u00eancia","breadcrumb":{"@id":"https:\/\/www.gm.adv.br\/site\/2024\/02\/28\/condenacao-nao-precisa-se-limitar-aos-valores-indicados-na-acao-estabelece-tst\/#breadcrumb"},"inLanguage":"pt-BR","potentialAction":[{"@type":"ReadAction","target":["https:\/\/www.gm.adv.br\/site\/2024\/02\/28\/condenacao-nao-precisa-se-limitar-aos-valores-indicados-na-acao-estabelece-tst\/"]}]},{"@type":"ImageObject","inLanguage":"pt-BR","@id":"https:\/\/www.gm.adv.br\/site\/2024\/02\/28\/condenacao-nao-precisa-se-limitar-aos-valores-indicados-na-acao-estabelece-tst\/#primaryimage","url":"https:\/\/www.gm.adv.br\/site\/wp-content\/uploads\/2024\/02\/imagem4-jpg.webp","contentUrl":"https:\/\/www.gm.adv.br\/site\/wp-content\/uploads\/2024\/02\/imagem4-jpg.webp","width":825,"height":340},{"@type":"BreadcrumbList","@id":"https:\/\/www.gm.adv.br\/site\/2024\/02\/28\/condenacao-nao-precisa-se-limitar-aos-valores-indicados-na-acao-estabelece-tst\/#breadcrumb","itemListElement":[{"@type":"ListItem","position":1,"name":"In\u00edcio","item":"https:\/\/www.gm.adv.br\/site\/"},{"@type":"ListItem","position":2,"name":"Condena\u00e7\u00e3o n\u00e3o precisa se limitar aos valores indicados na a\u00e7\u00e3o, estabelece TST"}]},{"@type":"WebSite","@id":"https:\/\/www.gm.adv.br\/site\/#website","url":"https:\/\/www.gm.adv.br\/site\/","name":"Guaresi & Mill\u00e9o Advogados Associados | Escrit\u00f3rio de Advocacia em Conc\u00f3rdia-SC | 30 Anos de Experi\u00eanci","description":"Advocacia Direito Banc\u00e1rio, Tribut\u00e1rio, Trabalhista, C\u00edvil, P\u00fablica, Municipal, Advogados Associados Guaresi e Mill\u00e9o  |  Conc\u00f3rdia SC","publisher":{"@id":"https:\/\/www.gm.adv.br\/site\/#organization"},"alternateName":"Guaresi e Mill\u00e9o Escrit\u00f3rio de Advocacia e Consultoria em Conc\u00f3rdia-SC","potentialAction":[{"@type":"SearchAction","target":{"@type":"EntryPoint","urlTemplate":"https:\/\/www.gm.adv.br\/site\/?s={search_term_string}"},"query-input":{"@type":"PropertyValueSpecification","valueRequired":true,"valueName":"search_term_string"}}],"inLanguage":"pt-BR"},{"@type":"Organization","@id":"https:\/\/www.gm.adv.br\/site\/#organization","name":"Guaresi & Milleo Advogados Associados em Conc\u00f3rdia SC","alternateName":"Guaresi e Milleo Advocacia e Consultoria","url":"https:\/\/www.gm.adv.br\/site\/","logo":{"@type":"ImageObject","inLanguage":"pt-BR","@id":"https:\/\/www.gm.adv.br\/site\/#\/schema\/logo\/image\/","url":"https:\/\/www.gm.adv.br\/site\/wp-content\/uploads\/2025\/07\/cropped-icone-512.webp","contentUrl":"https:\/\/www.gm.adv.br\/site\/wp-content\/uploads\/2025\/07\/cropped-icone-512.webp","width":512,"height":512,"caption":"Guaresi & Milleo Advogados Associados em Conc\u00f3rdia SC"},"image":{"@id":"https:\/\/www.gm.adv.br\/site\/#\/schema\/logo\/image\/"},"sameAs":["https:\/\/www.facebook.com\/GuaresiMilleoAdvogados","https:\/\/www.instagram.com\/guaresiemilleo\/","https:\/\/br.linkedin.com\/company\/guaresimilleo"]},{"@type":"Person","@id":"https:\/\/www.gm.adv.br\/site\/#\/schema\/person\/7d633a2abab0d9b94253af6efc36428f","name":"admin","image":{"@type":"ImageObject","inLanguage":"pt-BR","@id":"https:\/\/secure.gravatar.com\/avatar\/c8bb173d280f7d1e50b67bb649de269247430499695ba3ee451b6289436d1d39?s=96&d=mm&r=g","url":"https:\/\/secure.gravatar.com\/avatar\/c8bb173d280f7d1e50b67bb649de269247430499695ba3ee451b6289436d1d39?s=96&d=mm&r=g","contentUrl":"https:\/\/secure.gravatar.com\/avatar\/c8bb173d280f7d1e50b67bb649de269247430499695ba3ee451b6289436d1d39?s=96&d=mm&r=g","caption":"admin"},"sameAs":["https:\/\/www.gm.adv.br\/site"],"url":"https:\/\/www.gm.adv.br\/site\/author\/admin\/"}]}},"_links":{"self":[{"href":"https:\/\/www.gm.adv.br\/site\/wp-json\/wp\/v2\/posts\/4999","targetHints":{"allow":["GET"]}}],"collection":[{"href":"https:\/\/www.gm.adv.br\/site\/wp-json\/wp\/v2\/posts"}],"about":[{"href":"https:\/\/www.gm.adv.br\/site\/wp-json\/wp\/v2\/types\/post"}],"author":[{"embeddable":true,"href":"https:\/\/www.gm.adv.br\/site\/wp-json\/wp\/v2\/users\/1"}],"replies":[{"embeddable":true,"href":"https:\/\/www.gm.adv.br\/site\/wp-json\/wp\/v2\/comments?post=4999"}],"version-history":[{"count":0,"href":"https:\/\/www.gm.adv.br\/site\/wp-json\/wp\/v2\/posts\/4999\/revisions"}],"wp:featuredmedia":[{"embeddable":true,"href":"https:\/\/www.gm.adv.br\/site\/wp-json\/wp\/v2\/media\/4990"}],"wp:attachment":[{"href":"https:\/\/www.gm.adv.br\/site\/wp-json\/wp\/v2\/media?parent=4999"}],"wp:term":[{"taxonomy":"category","embeddable":true,"href":"https:\/\/www.gm.adv.br\/site\/wp-json\/wp\/v2\/categories?post=4999"},{"taxonomy":"post_tag","embeddable":true,"href":"https:\/\/www.gm.adv.br\/site\/wp-json\/wp\/v2\/tags?post=4999"}],"curies":[{"name":"wp","href":"https:\/\/api.w.org\/{rel}","templated":true}]}}