{"id":4995,"date":"2024-02-28T14:03:25","date_gmt":"2024-02-28T17:03:25","guid":{"rendered":"https:\/\/gm.adv.br\/?p=4995"},"modified":"2024-02-28T14:03:25","modified_gmt":"2024-02-28T17:03:25","slug":"nova-lei-de-licitacoes-e-contratos-administrativos-valendo","status":"publish","type":"post","link":"https:\/\/www.gm.adv.br\/site\/2024\/02\/28\/nova-lei-de-licitacoes-e-contratos-administrativos-valendo\/","title":{"rendered":"Nova Lei de Licita\u00e7\u00f5es e Contratos Administrativos: valendo!"},"content":{"rendered":"<p>De observ\u00e2ncia obrigat\u00f3ria desde o \u00faltimo dia 30 de dezembro, quando por for\u00e7a de seu dispositivo 193, II foram revogadas a Lei 8.666\/93, 10.520\/02 e os artigos 1\u00ba a 47-A da Lei 12.462 (RDC), a Lei 14.133\/21 \u2013 conhecida como Nova Lei de #Licita\u00e7\u00f5es.<\/p>\n<p>N\u00e3o se olvide, contudo, que apesar de revogadas, as Leis 8.666\/93, 10.520\/02 e artigos 1\u00ba a 47-A do RDC ter\u00e3o ultratividade, conforme previsto na pr\u00f3pria Lei 14.133\/21 que, em seu artigo 191, conferiu faculdade \u00e0 administra\u00e7\u00e3o em optar por licitar ou contratar diretamente.<br \/>\nDo mesmo modo, o artigo 190 da Lei 14.133\/21 preconiza que o \u201ccontrato cujo instrumento tenha sido assinado antes da entrada em vigor desta Lei continuar\u00e1 a ser regido de acordo com as regras previstas na legisla\u00e7\u00e3o revogada\u201d.<\/p>\n<p>Assim, tanto as contrata\u00e7\u00f5es diretas autorizadas, quanto aquelas decorrentes de licita\u00e7\u00f5es publicadas at\u00e9 o dia 29\/12\/2023, nas quais restou expressamente consignada a op\u00e7\u00e3o pela aplica\u00e7\u00e3o das Leis 8.666\/93, 10.520\/02 ou 12.462\/11, ser\u00e3o regidas em toda sua vig\u00eancia por estes diplomas legais revogados. Est\u00e3o contempladas nessa ultratividade, ou seja, ser\u00e3o regidos em toda sua vig\u00eancia pelas normas que as fundamentaram, tamb\u00e9m as atas de registro de pre\u00e7os e contratos dela originados, conforme, a t\u00edtulo de exemplo, no \u00e2mbito da Administra\u00e7\u00e3o P\u00fablica Federal, regulamenta o artigo 38 do Decreto 11.462\/23.<\/p>\n<p>Fonte: <a href=\"https:\/\/www.jota.info\/opiniao-e-analise\/artigos\/nova-lei-de-licitacoes-e-contratos-administrativos-valendo-18012024\">JOTA\u00a0<\/a><\/p>\n","protected":false},"excerpt":{"rendered":"<p>De observ\u00e2ncia obrigat\u00f3ria desde o \u00faltimo dia 30 de dezembro, quando por for\u00e7a de seu dispositivo 193, II foram revogadas a Lei 8.666\/93, 10.520\/02 e os artigos 1\u00ba a 47-A da Lei 12.462 (RDC), a Lei 14.133\/21 \u2013 conhecida como Nova Lei de #Licita\u00e7\u00f5es. N\u00e3o se olvide, contudo, que apesar de revogadas, as Leis 8.666\/93, [&#8230;]\n","protected":false},"author":1,"featured_media":4991,"comment_status":"closed","ping_status":"closed","sticky":false,"template":"","format":"standard","meta":{"footnotes":""},"categories":[71],"tags":[],"class_list":["post-4995","post","type-post","status-publish","format-standard","has-post-thumbnail","hentry","category-direitopublico"],"yoast_head":"<!-- This site is optimized with the Yoast SEO plugin v27.5 - https:\/\/yoast.com\/product\/yoast-seo-wordpress\/ -->\n<title>Nova Lei de Licita\u00e7\u00f5es e Contratos Administrativos: valendo! - Guaresi &amp; Mill\u00e9o Advogados Associados | Escrit\u00f3rio de Advocacia em Conc\u00f3rdia-SC | 30 Anos de Experi\u00eancia<\/title>\n<meta name=\"description\" content=\"Nova Lei de Licita\u00e7\u00f5es e Contratos Administrativos: valendo! - Guaresi &amp; Mill\u00e9o Advogados Associados | Escrit\u00f3rio de Advocacia em Conc\u00f3rdia-SC | 30 Anos de Experi\u00eancia\" \/>\n<meta name=\"robots\" content=\"index, follow, max-snippet:-1, max-image-preview:large, max-video-preview:-1\" \/>\n<link rel=\"canonical\" href=\"https:\/\/www.gm.adv.br\/site\/2024\/02\/28\/nova-lei-de-licitacoes-e-contratos-administrativos-valendo\/\" \/>\n<meta property=\"og:locale\" content=\"pt_BR\" \/>\n<meta property=\"og:type\" content=\"article\" \/>\n<meta property=\"og:title\" content=\"Nova Lei de Licita\u00e7\u00f5es e Contratos Administrativos: valendo! - Guaresi &amp; Mill\u00e9o Advogados Associados | Escrit\u00f3rio de Advocacia em Conc\u00f3rdia-SC | 30 Anos de Experi\u00eancia\" \/>\n<meta property=\"og:description\" content=\"Nova Lei de Licita\u00e7\u00f5es e Contratos Administrativos: valendo! - Guaresi &amp; Mill\u00e9o Advogados Associados | Escrit\u00f3rio de Advocacia em Conc\u00f3rdia-SC | 30 Anos de Experi\u00eancia\" \/>\n<meta property=\"og:url\" content=\"https:\/\/www.gm.adv.br\/site\/2024\/02\/28\/nova-lei-de-licitacoes-e-contratos-administrativos-valendo\/\" \/>\n<meta property=\"og:site_name\" content=\"Guaresi &amp; Mill\u00e9o Advogados Associados | Escrit\u00f3rio de Advocacia em Conc\u00f3rdia-SC | 30 Anos de Experi\u00eancia\" \/>\n<meta property=\"article:publisher\" content=\"https:\/\/www.facebook.com\/GuaresiMilleoAdvogados\" \/>\n<meta property=\"article:published_time\" content=\"2024-02-28T17:03:25+00:00\" \/>\n<meta property=\"og:image\" content=\"https:\/\/www.gm.adv.br\/site\/wp-content\/uploads\/2024\/02\/imagem3-jpg.webp\" \/>\n\t<meta property=\"og:image:width\" content=\"825\" \/>\n\t<meta property=\"og:image:height\" content=\"340\" \/>\n\t<meta property=\"og:image:type\" content=\"image\/webp\" \/>\n<meta name=\"author\" content=\"admin\" \/>\n<meta name=\"twitter:card\" content=\"summary_large_image\" \/>\n<meta name=\"twitter:label1\" content=\"Escrito por\" \/>\n\t<meta name=\"twitter:data1\" content=\"admin\" \/>\n\t<meta name=\"twitter:label2\" content=\"Est. tempo de leitura\" \/>\n\t<meta name=\"twitter:data2\" content=\"2 minutos\" \/>\n<script type=\"application\/ld+json\" class=\"yoast-schema-graph\">{\"@context\":\"https:\\\/\\\/schema.org\",\"@graph\":[{\"@type\":\"Article\",\"@id\":\"https:\\\/\\\/www.gm.adv.br\\\/site\\\/2024\\\/02\\\/28\\\/nova-lei-de-licitacoes-e-contratos-administrativos-valendo\\\/#article\",\"isPartOf\":{\"@id\":\"https:\\\/\\\/www.gm.adv.br\\\/site\\\/2024\\\/02\\\/28\\\/nova-lei-de-licitacoes-e-contratos-administrativos-valendo\\\/\"},\"author\":{\"name\":\"admin\",\"@id\":\"https:\\\/\\\/www.gm.adv.br\\\/site\\\/#\\\/schema\\\/person\\\/7d633a2abab0d9b94253af6efc36428f\"},\"headline\":\"Nova Lei de Licita\u00e7\u00f5es e Contratos Administrativos: valendo!\",\"datePublished\":\"2024-02-28T17:03:25+00:00\",\"mainEntityOfPage\":{\"@id\":\"https:\\\/\\\/www.gm.adv.br\\\/site\\\/2024\\\/02\\\/28\\\/nova-lei-de-licitacoes-e-contratos-administrativos-valendo\\\/\"},\"wordCount\":225,\"publisher\":{\"@id\":\"https:\\\/\\\/www.gm.adv.br\\\/site\\\/#organization\"},\"image\":{\"@id\":\"https:\\\/\\\/www.gm.adv.br\\\/site\\\/2024\\\/02\\\/28\\\/nova-lei-de-licitacoes-e-contratos-administrativos-valendo\\\/#primaryimage\"},\"thumbnailUrl\":\"https:\\\/\\\/www.gm.adv.br\\\/site\\\/wp-content\\\/uploads\\\/2024\\\/02\\\/imagem3-jpg.webp\",\"articleSection\":[\"Direito P\u00fablico\"],\"inLanguage\":\"pt-BR\"},{\"@type\":\"WebPage\",\"@id\":\"https:\\\/\\\/www.gm.adv.br\\\/site\\\/2024\\\/02\\\/28\\\/nova-lei-de-licitacoes-e-contratos-administrativos-valendo\\\/\",\"url\":\"https:\\\/\\\/www.gm.adv.br\\\/site\\\/2024\\\/02\\\/28\\\/nova-lei-de-licitacoes-e-contratos-administrativos-valendo\\\/\",\"name\":\"Nova Lei de Licita\u00e7\u00f5es e Contratos Administrativos: valendo! - Guaresi &amp; Mill\u00e9o Advogados Associados | Escrit\u00f3rio de Advocacia em Conc\u00f3rdia-SC | 30 Anos de Experi\u00eancia\",\"isPartOf\":{\"@id\":\"https:\\\/\\\/www.gm.adv.br\\\/site\\\/#website\"},\"primaryImageOfPage\":{\"@id\":\"https:\\\/\\\/www.gm.adv.br\\\/site\\\/2024\\\/02\\\/28\\\/nova-lei-de-licitacoes-e-contratos-administrativos-valendo\\\/#primaryimage\"},\"image\":{\"@id\":\"https:\\\/\\\/www.gm.adv.br\\\/site\\\/2024\\\/02\\\/28\\\/nova-lei-de-licitacoes-e-contratos-administrativos-valendo\\\/#primaryimage\"},\"thumbnailUrl\":\"https:\\\/\\\/www.gm.adv.br\\\/site\\\/wp-content\\\/uploads\\\/2024\\\/02\\\/imagem3-jpg.webp\",\"datePublished\":\"2024-02-28T17:03:25+00:00\",\"description\":\"Nova Lei de Licita\u00e7\u00f5es e Contratos Administrativos: valendo! - Guaresi &amp; Mill\u00e9o Advogados Associados | Escrit\u00f3rio de Advocacia em Conc\u00f3rdia-SC | 30 Anos de Experi\u00eancia\",\"breadcrumb\":{\"@id\":\"https:\\\/\\\/www.gm.adv.br\\\/site\\\/2024\\\/02\\\/28\\\/nova-lei-de-licitacoes-e-contratos-administrativos-valendo\\\/#breadcrumb\"},\"inLanguage\":\"pt-BR\",\"potentialAction\":[{\"@type\":\"ReadAction\",\"target\":[\"https:\\\/\\\/www.gm.adv.br\\\/site\\\/2024\\\/02\\\/28\\\/nova-lei-de-licitacoes-e-contratos-administrativos-valendo\\\/\"]}]},{\"@type\":\"ImageObject\",\"inLanguage\":\"pt-BR\",\"@id\":\"https:\\\/\\\/www.gm.adv.br\\\/site\\\/2024\\\/02\\\/28\\\/nova-lei-de-licitacoes-e-contratos-administrativos-valendo\\\/#primaryimage\",\"url\":\"https:\\\/\\\/www.gm.adv.br\\\/site\\\/wp-content\\\/uploads\\\/2024\\\/02\\\/imagem3-jpg.webp\",\"contentUrl\":\"https:\\\/\\\/www.gm.adv.br\\\/site\\\/wp-content\\\/uploads\\\/2024\\\/02\\\/imagem3-jpg.webp\",\"width\":825,\"height\":340},{\"@type\":\"BreadcrumbList\",\"@id\":\"https:\\\/\\\/www.gm.adv.br\\\/site\\\/2024\\\/02\\\/28\\\/nova-lei-de-licitacoes-e-contratos-administrativos-valendo\\\/#breadcrumb\",\"itemListElement\":[{\"@type\":\"ListItem\",\"position\":1,\"name\":\"In\u00edcio\",\"item\":\"https:\\\/\\\/www.gm.adv.br\\\/site\\\/\"},{\"@type\":\"ListItem\",\"position\":2,\"name\":\"Nova Lei de Licita\u00e7\u00f5es e Contratos Administrativos: valendo!\"}]},{\"@type\":\"WebSite\",\"@id\":\"https:\\\/\\\/www.gm.adv.br\\\/site\\\/#website\",\"url\":\"https:\\\/\\\/www.gm.adv.br\\\/site\\\/\",\"name\":\"Guaresi & Mill\u00e9o Advogados Associados | Escrit\u00f3rio de Advocacia em Conc\u00f3rdia-SC | 30 Anos de Experi\u00eanci\",\"description\":\"Advocacia Direito Banc\u00e1rio, Tribut\u00e1rio, Trabalhista, C\u00edvil, P\u00fablica, Municipal, Advogados Associados Guaresi e Mill\u00e9o  |  Conc\u00f3rdia SC\",\"publisher\":{\"@id\":\"https:\\\/\\\/www.gm.adv.br\\\/site\\\/#organization\"},\"alternateName\":\"Guaresi e Mill\u00e9o Escrit\u00f3rio de Advocacia e Consultoria em Conc\u00f3rdia-SC\",\"potentialAction\":[{\"@type\":\"SearchAction\",\"target\":{\"@type\":\"EntryPoint\",\"urlTemplate\":\"https:\\\/\\\/www.gm.adv.br\\\/site\\\/?s={search_term_string}\"},\"query-input\":{\"@type\":\"PropertyValueSpecification\",\"valueRequired\":true,\"valueName\":\"search_term_string\"}}],\"inLanguage\":\"pt-BR\"},{\"@type\":\"Organization\",\"@id\":\"https:\\\/\\\/www.gm.adv.br\\\/site\\\/#organization\",\"name\":\"Guaresi & Milleo Advogados Associados em Conc\u00f3rdia SC\",\"alternateName\":\"Guaresi e Milleo Advocacia e Consultoria\",\"url\":\"https:\\\/\\\/www.gm.adv.br\\\/site\\\/\",\"logo\":{\"@type\":\"ImageObject\",\"inLanguage\":\"pt-BR\",\"@id\":\"https:\\\/\\\/www.gm.adv.br\\\/site\\\/#\\\/schema\\\/logo\\\/image\\\/\",\"url\":\"https:\\\/\\\/www.gm.adv.br\\\/site\\\/wp-content\\\/uploads\\\/2025\\\/07\\\/cropped-icone-512.webp\",\"contentUrl\":\"https:\\\/\\\/www.gm.adv.br\\\/site\\\/wp-content\\\/uploads\\\/2025\\\/07\\\/cropped-icone-512.webp\",\"width\":512,\"height\":512,\"caption\":\"Guaresi & Milleo Advogados Associados em Conc\u00f3rdia SC\"},\"image\":{\"@id\":\"https:\\\/\\\/www.gm.adv.br\\\/site\\\/#\\\/schema\\\/logo\\\/image\\\/\"},\"sameAs\":[\"https:\\\/\\\/www.facebook.com\\\/GuaresiMilleoAdvogados\",\"https:\\\/\\\/www.instagram.com\\\/guaresiemilleo\\\/\",\"https:\\\/\\\/br.linkedin.com\\\/company\\\/guaresimilleo\"]},{\"@type\":\"Person\",\"@id\":\"https:\\\/\\\/www.gm.adv.br\\\/site\\\/#\\\/schema\\\/person\\\/7d633a2abab0d9b94253af6efc36428f\",\"name\":\"admin\",\"image\":{\"@type\":\"ImageObject\",\"inLanguage\":\"pt-BR\",\"@id\":\"https:\\\/\\\/secure.gravatar.com\\\/avatar\\\/c8bb173d280f7d1e50b67bb649de269247430499695ba3ee451b6289436d1d39?s=96&d=mm&r=g\",\"url\":\"https:\\\/\\\/secure.gravatar.com\\\/avatar\\\/c8bb173d280f7d1e50b67bb649de269247430499695ba3ee451b6289436d1d39?s=96&d=mm&r=g\",\"contentUrl\":\"https:\\\/\\\/secure.gravatar.com\\\/avatar\\\/c8bb173d280f7d1e50b67bb649de269247430499695ba3ee451b6289436d1d39?s=96&d=mm&r=g\",\"caption\":\"admin\"},\"sameAs\":[\"https:\\\/\\\/www.gm.adv.br\\\/site\"],\"url\":\"https:\\\/\\\/www.gm.adv.br\\\/site\\\/author\\\/admin\\\/\"}]}<\/script>\n<!-- \/ Yoast SEO plugin. -->","yoast_head_json":{"title":"Nova Lei de Licita\u00e7\u00f5es e Contratos Administrativos: valendo! - Guaresi &amp; Mill\u00e9o Advogados Associados | Escrit\u00f3rio de Advocacia em Conc\u00f3rdia-SC | 30 Anos de Experi\u00eancia","description":"Nova Lei de Licita\u00e7\u00f5es e Contratos Administrativos: valendo! - Guaresi &amp; Mill\u00e9o Advogados Associados | Escrit\u00f3rio de Advocacia em Conc\u00f3rdia-SC | 30 Anos de Experi\u00eancia","robots":{"index":"index","follow":"follow","max-snippet":"max-snippet:-1","max-image-preview":"max-image-preview:large","max-video-preview":"max-video-preview:-1"},"canonical":"https:\/\/www.gm.adv.br\/site\/2024\/02\/28\/nova-lei-de-licitacoes-e-contratos-administrativos-valendo\/","og_locale":"pt_BR","og_type":"article","og_title":"Nova Lei de Licita\u00e7\u00f5es e Contratos Administrativos: valendo! - Guaresi &amp; Mill\u00e9o Advogados Associados | Escrit\u00f3rio de Advocacia em Conc\u00f3rdia-SC | 30 Anos de Experi\u00eancia","og_description":"Nova Lei de Licita\u00e7\u00f5es e Contratos Administrativos: valendo! - Guaresi &amp; Mill\u00e9o Advogados Associados | Escrit\u00f3rio de Advocacia em Conc\u00f3rdia-SC | 30 Anos de Experi\u00eancia","og_url":"https:\/\/www.gm.adv.br\/site\/2024\/02\/28\/nova-lei-de-licitacoes-e-contratos-administrativos-valendo\/","og_site_name":"Guaresi &amp; Mill\u00e9o Advogados Associados | Escrit\u00f3rio de Advocacia em Conc\u00f3rdia-SC | 30 Anos de Experi\u00eancia","article_publisher":"https:\/\/www.facebook.com\/GuaresiMilleoAdvogados","article_published_time":"2024-02-28T17:03:25+00:00","og_image":[{"width":825,"height":340,"url":"https:\/\/www.gm.adv.br\/site\/wp-content\/uploads\/2024\/02\/imagem3-jpg.webp","type":"image\/webp"}],"author":"admin","twitter_card":"summary_large_image","twitter_misc":{"Escrito por":"admin","Est. tempo de leitura":"2 minutos"},"schema":{"@context":"https:\/\/schema.org","@graph":[{"@type":"Article","@id":"https:\/\/www.gm.adv.br\/site\/2024\/02\/28\/nova-lei-de-licitacoes-e-contratos-administrativos-valendo\/#article","isPartOf":{"@id":"https:\/\/www.gm.adv.br\/site\/2024\/02\/28\/nova-lei-de-licitacoes-e-contratos-administrativos-valendo\/"},"author":{"name":"admin","@id":"https:\/\/www.gm.adv.br\/site\/#\/schema\/person\/7d633a2abab0d9b94253af6efc36428f"},"headline":"Nova Lei de Licita\u00e7\u00f5es e Contratos Administrativos: valendo!","datePublished":"2024-02-28T17:03:25+00:00","mainEntityOfPage":{"@id":"https:\/\/www.gm.adv.br\/site\/2024\/02\/28\/nova-lei-de-licitacoes-e-contratos-administrativos-valendo\/"},"wordCount":225,"publisher":{"@id":"https:\/\/www.gm.adv.br\/site\/#organization"},"image":{"@id":"https:\/\/www.gm.adv.br\/site\/2024\/02\/28\/nova-lei-de-licitacoes-e-contratos-administrativos-valendo\/#primaryimage"},"thumbnailUrl":"https:\/\/www.gm.adv.br\/site\/wp-content\/uploads\/2024\/02\/imagem3-jpg.webp","articleSection":["Direito P\u00fablico"],"inLanguage":"pt-BR"},{"@type":"WebPage","@id":"https:\/\/www.gm.adv.br\/site\/2024\/02\/28\/nova-lei-de-licitacoes-e-contratos-administrativos-valendo\/","url":"https:\/\/www.gm.adv.br\/site\/2024\/02\/28\/nova-lei-de-licitacoes-e-contratos-administrativos-valendo\/","name":"Nova Lei de Licita\u00e7\u00f5es e Contratos Administrativos: valendo! - Guaresi &amp; Mill\u00e9o Advogados Associados | Escrit\u00f3rio de Advocacia em Conc\u00f3rdia-SC | 30 Anos de Experi\u00eancia","isPartOf":{"@id":"https:\/\/www.gm.adv.br\/site\/#website"},"primaryImageOfPage":{"@id":"https:\/\/www.gm.adv.br\/site\/2024\/02\/28\/nova-lei-de-licitacoes-e-contratos-administrativos-valendo\/#primaryimage"},"image":{"@id":"https:\/\/www.gm.adv.br\/site\/2024\/02\/28\/nova-lei-de-licitacoes-e-contratos-administrativos-valendo\/#primaryimage"},"thumbnailUrl":"https:\/\/www.gm.adv.br\/site\/wp-content\/uploads\/2024\/02\/imagem3-jpg.webp","datePublished":"2024-02-28T17:03:25+00:00","description":"Nova Lei de Licita\u00e7\u00f5es e Contratos Administrativos: valendo! - Guaresi &amp; Mill\u00e9o Advogados Associados | Escrit\u00f3rio de Advocacia em Conc\u00f3rdia-SC | 30 Anos de Experi\u00eancia","breadcrumb":{"@id":"https:\/\/www.gm.adv.br\/site\/2024\/02\/28\/nova-lei-de-licitacoes-e-contratos-administrativos-valendo\/#breadcrumb"},"inLanguage":"pt-BR","potentialAction":[{"@type":"ReadAction","target":["https:\/\/www.gm.adv.br\/site\/2024\/02\/28\/nova-lei-de-licitacoes-e-contratos-administrativos-valendo\/"]}]},{"@type":"ImageObject","inLanguage":"pt-BR","@id":"https:\/\/www.gm.adv.br\/site\/2024\/02\/28\/nova-lei-de-licitacoes-e-contratos-administrativos-valendo\/#primaryimage","url":"https:\/\/www.gm.adv.br\/site\/wp-content\/uploads\/2024\/02\/imagem3-jpg.webp","contentUrl":"https:\/\/www.gm.adv.br\/site\/wp-content\/uploads\/2024\/02\/imagem3-jpg.webp","width":825,"height":340},{"@type":"BreadcrumbList","@id":"https:\/\/www.gm.adv.br\/site\/2024\/02\/28\/nova-lei-de-licitacoes-e-contratos-administrativos-valendo\/#breadcrumb","itemListElement":[{"@type":"ListItem","position":1,"name":"In\u00edcio","item":"https:\/\/www.gm.adv.br\/site\/"},{"@type":"ListItem","position":2,"name":"Nova Lei de Licita\u00e7\u00f5es e Contratos Administrativos: valendo!"}]},{"@type":"WebSite","@id":"https:\/\/www.gm.adv.br\/site\/#website","url":"https:\/\/www.gm.adv.br\/site\/","name":"Guaresi & Mill\u00e9o Advogados Associados | Escrit\u00f3rio de Advocacia em Conc\u00f3rdia-SC | 30 Anos de Experi\u00eanci","description":"Advocacia Direito Banc\u00e1rio, Tribut\u00e1rio, Trabalhista, C\u00edvil, P\u00fablica, Municipal, Advogados Associados Guaresi e Mill\u00e9o  |  Conc\u00f3rdia SC","publisher":{"@id":"https:\/\/www.gm.adv.br\/site\/#organization"},"alternateName":"Guaresi e Mill\u00e9o Escrit\u00f3rio de Advocacia e Consultoria em Conc\u00f3rdia-SC","potentialAction":[{"@type":"SearchAction","target":{"@type":"EntryPoint","urlTemplate":"https:\/\/www.gm.adv.br\/site\/?s={search_term_string}"},"query-input":{"@type":"PropertyValueSpecification","valueRequired":true,"valueName":"search_term_string"}}],"inLanguage":"pt-BR"},{"@type":"Organization","@id":"https:\/\/www.gm.adv.br\/site\/#organization","name":"Guaresi & Milleo Advogados Associados em Conc\u00f3rdia SC","alternateName":"Guaresi e Milleo Advocacia e Consultoria","url":"https:\/\/www.gm.adv.br\/site\/","logo":{"@type":"ImageObject","inLanguage":"pt-BR","@id":"https:\/\/www.gm.adv.br\/site\/#\/schema\/logo\/image\/","url":"https:\/\/www.gm.adv.br\/site\/wp-content\/uploads\/2025\/07\/cropped-icone-512.webp","contentUrl":"https:\/\/www.gm.adv.br\/site\/wp-content\/uploads\/2025\/07\/cropped-icone-512.webp","width":512,"height":512,"caption":"Guaresi & Milleo Advogados Associados em Conc\u00f3rdia SC"},"image":{"@id":"https:\/\/www.gm.adv.br\/site\/#\/schema\/logo\/image\/"},"sameAs":["https:\/\/www.facebook.com\/GuaresiMilleoAdvogados","https:\/\/www.instagram.com\/guaresiemilleo\/","https:\/\/br.linkedin.com\/company\/guaresimilleo"]},{"@type":"Person","@id":"https:\/\/www.gm.adv.br\/site\/#\/schema\/person\/7d633a2abab0d9b94253af6efc36428f","name":"admin","image":{"@type":"ImageObject","inLanguage":"pt-BR","@id":"https:\/\/secure.gravatar.com\/avatar\/c8bb173d280f7d1e50b67bb649de269247430499695ba3ee451b6289436d1d39?s=96&d=mm&r=g","url":"https:\/\/secure.gravatar.com\/avatar\/c8bb173d280f7d1e50b67bb649de269247430499695ba3ee451b6289436d1d39?s=96&d=mm&r=g","contentUrl":"https:\/\/secure.gravatar.com\/avatar\/c8bb173d280f7d1e50b67bb649de269247430499695ba3ee451b6289436d1d39?s=96&d=mm&r=g","caption":"admin"},"sameAs":["https:\/\/www.gm.adv.br\/site"],"url":"https:\/\/www.gm.adv.br\/site\/author\/admin\/"}]}},"_links":{"self":[{"href":"https:\/\/www.gm.adv.br\/site\/wp-json\/wp\/v2\/posts\/4995","targetHints":{"allow":["GET"]}}],"collection":[{"href":"https:\/\/www.gm.adv.br\/site\/wp-json\/wp\/v2\/posts"}],"about":[{"href":"https:\/\/www.gm.adv.br\/site\/wp-json\/wp\/v2\/types\/post"}],"author":[{"embeddable":true,"href":"https:\/\/www.gm.adv.br\/site\/wp-json\/wp\/v2\/users\/1"}],"replies":[{"embeddable":true,"href":"https:\/\/www.gm.adv.br\/site\/wp-json\/wp\/v2\/comments?post=4995"}],"version-history":[{"count":0,"href":"https:\/\/www.gm.adv.br\/site\/wp-json\/wp\/v2\/posts\/4995\/revisions"}],"wp:featuredmedia":[{"embeddable":true,"href":"https:\/\/www.gm.adv.br\/site\/wp-json\/wp\/v2\/media\/4991"}],"wp:attachment":[{"href":"https:\/\/www.gm.adv.br\/site\/wp-json\/wp\/v2\/media?parent=4995"}],"wp:term":[{"taxonomy":"category","embeddable":true,"href":"https:\/\/www.gm.adv.br\/site\/wp-json\/wp\/v2\/categories?post=4995"},{"taxonomy":"post_tag","embeddable":true,"href":"https:\/\/www.gm.adv.br\/site\/wp-json\/wp\/v2\/tags?post=4995"}],"curies":[{"name":"wp","href":"https:\/\/api.w.org\/{rel}","templated":true}]}}