{"id":4918,"date":"2023-04-06T17:23:02","date_gmt":"2023-04-06T20:23:02","guid":{"rendered":"https:\/\/gm.adv.br\/?p=4918"},"modified":"2023-04-06T17:23:02","modified_gmt":"2023-04-06T20:23:02","slug":"advogado-pessoa-fisica-o-que-este-profissional-pode-fazer-por-voce","status":"publish","type":"post","link":"https:\/\/www.gm.adv.br\/site\/2023\/04\/06\/advogado-pessoa-fisica-o-que-este-profissional-pode-fazer-por-voce\/","title":{"rendered":"Advogado pessoa f\u00edsica: o que este profissional pode fazer por voc\u00ea?"},"content":{"rendered":"<p><span style=\"font-weight: 400;\">No decorrer da vida, \u00e9 muito dif\u00edcil uma pessoa que n\u00e3o precisa do servi\u00e7o de um profissional do direito. <\/span><b>Advogado pessoa f\u00edsica:<\/b><span style=\"font-weight: 400;\"> entenda o que faz e em quais \u00e1reas atua.<\/span><\/p>\n<p><!--more--><\/p>\n<p><span style=\"font-weight: 400;\">Um <\/span><b>advogado pessoa f\u00edsica,<\/b><span style=\"font-weight: 400;\"> tem uma ampla \u00e1rea de atua\u00e7\u00e3o e pode ajudar voc\u00ea em diversas \u00e1reas ou demandas que voc\u00ea tenha no decorrer da vida. Porque a forma\u00e7\u00e3o deste profissional, \u00e9 ser respons\u00e1vel pela defesa dos interesses do cidad\u00e3o com base nas leis vigentes no pa\u00eds.<\/span><\/p>\n<p><span style=\"font-weight: 400;\">Quando o cliente procura pelo <\/span><b>advogado para pessoa f\u00edsica<\/b><span style=\"font-weight: 400;\">, j\u00e1 no primeiro contato, o profissional vai identificar em que \u00e1rea dever\u00e1 atuar para atender a demanda para a qual foi requisitado. Dentro do rol de atua\u00e7\u00e3o, o advogado pode atender em diversas \u00e1reas. Acompanhe quais s\u00e3o e o que trata cada uma delas:<\/span><\/p>\n<p>&nbsp;<\/p>\n<h3><span style=\"font-weight: 400;\">Direito previdenci\u00e1rio<\/span><\/h3>\n<p><span style=\"font-weight: 400;\">Para voc\u00ea que busca <\/span><a href=\"https:\/\/gm.adv.br\/blog\/trabalhou-em-dois-lugares-ao-mesmo-tempo-revise-sua-aposentadoria\/\" target=\"_blank\" rel=\"noopener\"><b>revis\u00e3o de aposentadoria<\/b><\/a> <span style=\"font-weight: 400;\">com contribui\u00e7\u00f5es atrasadas, atividades especiais, trabalho sem comprova\u00e7\u00e3o ou outras demandas relacionadas, o advogado para pessoa f\u00edsica vai orientar e se for o caso, entrar com a\u00e7\u00e3o judicialmente.\u00a0<\/span><\/p>\n<p><b>O profissional do direito,<\/b><span style=\"font-weight: 400;\"> vai analisar todo o seu hist\u00f3rico e trabalho, seja com carteira assinada ou n\u00e3o, ou ainda como produtor rural. S\u00e3o milhares de casos de empresas que n\u00e3o atuam legalmente com a documenta\u00e7\u00e3o dos colaboradores e n\u00e3o recolhe\u00a0 de maneira correta os custos trabalhistas e previdenci\u00e1rios. Este \u00e9 um dos pontos principais que afeta diretamente o pedido de<\/span><a href=\"https:\/\/gm.adv.br\/blog\/stf-decide-sobre-aposentadoria-de-professor-pelo-inss\/\" target=\"_blank\" rel=\"noopener\"> <b>aposentadoria no INSS.<\/b><\/a><\/p>\n<p><span style=\"font-weight: 400;\">Mesmo sabendo que isso n\u00e3o \u00e9 regra, pois se o empres\u00e1rio <\/span><b>cumprir a legisla\u00e7\u00e3o<\/b><span style=\"font-weight: 400;\">, quando for o momento certo, a <\/span><a href=\"https:\/\/gm.adv.br\/blog\/aposentado-5-perguntas-para-entender-se-revisao-da-vida-toda-e-para-voce\/\" target=\"_blank\" rel=\"noopener\"><b>solicita\u00e7\u00e3o pela aposentadoria<\/b> <span style=\"font-weight: 400;\">s<\/span><\/a><span style=\"font-weight: 400;\">er\u00e1 aceita, de acordo com a documenta\u00e7\u00e3o enviada. Ao contr\u00e1rio disso, voc\u00ea ir\u00e1 precisar do trabalho de um advogado para requerer o seu benef\u00edcio.<\/span><\/p>\n<p><span style=\"font-weight: 400;\">Para entender um pouco mais sobre como se aposentar hoje, ap\u00f3s a Reforma da Previd\u00eancia e como um<\/span><b> advogado<\/b><span style=\"font-weight: 400;\"> pode atuar, acesse nosso conte\u00fado aqui:\u00a0 <\/span><a href=\"https:\/\/gm.adv.br\/blog\/voce-sabe-quais-sao-os-requisitos-basicos-para-se-aposentar-hoje\/\" target=\"_blank\" rel=\"noopener\"><b>Voc\u00ea sabe quais os requisitos b\u00e1sicos para se aposentar hoje?<\/b><\/a><\/p>\n<p>&nbsp;<\/p>\n<h3><span style=\"font-weight: 400;\">Direito Trabalhista<\/span><\/h3>\n<p><b>O advogado para pessoa <\/b><span style=\"font-weight: 400;\">f\u00edsica atua nas <\/span><a href=\"https:\/\/gm.adv.br\/blog\/a-reforma-trabalhista-e-a-importancia-de-uma-boa-assessoria-juridica\/\"><b>quest\u00f5es trabalhistas<\/b><\/a><b>, <\/b><span style=\"font-weight: 400;\">onde o empregado sofre as consequ\u00eancias pela maneira de contrata\u00e7\u00e3o, muitas vezes sem carteira assinada, ou pago valor \u201cpor fora\u201d, n\u00e3o declarando o sal\u00e1rio correto. Isso tudo acarreta em problemas para o funcion\u00e1rio.<\/span><\/p>\n<p><span style=\"font-weight: 400;\">Outro problema bem recorrente tamb\u00e9m \u00e9 que o profissional atua com uma carga hor\u00e1ria superior ao que consta em contrato, sem insalubridade, ou o<\/span><a href=\"https:\/\/gm.adv.br\/blog\/empregador-rural-quais-sao-os-direitos-de-seus-colaboradores\/\"><span style=\"font-weight: 400;\">s <\/span><b>direitos pertinentes \u00e0 atividade.<\/b><\/a><\/p>\n<p><span style=\"font-weight: 400;\">\u00c9 dever do empregador, seguir as regras da <\/span><a href=\"https:\/\/gm.adv.br\/blog\/a-reforma-trabalhista-e-a-importancia-de-uma-boa-assessoria-juridica\/\"><b>Consolida\u00e7\u00e3o das Leis do trabalho, CLT<\/b><\/a><span style=\"font-weight: 400;\">, e direito do funcion\u00e1rio<\/span><b> trabalhar com carteira assinada<\/b><span style=\"font-weight: 400;\">, com acesso\u00a0 aos benef\u00edcios como f\u00e9rias, 13\u00ba e seguro desemprego em caso de demiss\u00e3o. Mas existem outros deveres dos empregadores que muitas vezes s\u00e3o desconhecidos pelos trabalhadores e que n\u00e3o s\u00e3o cumpridos.\u00a0<\/span><\/p>\n<p><span style=\"font-weight: 400;\">Nestes casos, o trabalhador que tem seus direitos violados, pode e deve procurar um advogado para, seja judicial\u00a0 ou extrajudicialmente, representar e defender o colaborador.<\/span><\/p>\n<p><span style=\"font-weight: 400;\">Veja o que traz este texto sobre como voc\u00ea pode entender melhor sobre a Reforma Trabalhista e os seus direitos:<\/span><a href=\"https:\/\/gm.adv.br\/blog\/causa-trabalhista-5-questoes-que-sua-empresa-precisa-estar-em-dia\/\"> <b>Causa trabalhista: 5 quest\u00f5es que sua empresa precisa estar em dia<\/b><\/a><\/p>\n<h3><\/h3>\n<p>&nbsp;<\/p>\n<h3><span style=\"font-weight: 400;\">Indeniza\u00e7\u00f5es<\/span><\/h3>\n<p><span style=\"font-weight: 400;\">Existem v\u00e1rios casos em que voc\u00ea pode procurar um <\/span><b>advogado pessoa f\u00edsica,<\/b><span style=\"font-weight: 400;\"> para atrav\u00e9s do seu trabalho, cobrar\u00a0 <\/span><a href=\"https:\/\/gm.adv.br\/blog\/indenizacao-pela-perda-de-tempo-livre\/\" target=\"_blank\" rel=\"noopener\"><b>indeniza\u00e7\u00e3o de compensa\u00e7\u00e3o financeira<\/b><\/a><span style=\"font-weight: 400;\"> por algum preju\u00edzo sofrido.\u00a0<\/span><\/p>\n<p><span style=\"font-weight: 400;\">Existem v\u00e1rios tipos de indeniza\u00e7\u00e3o previstas em lei, s\u00e3o elas:<\/span><\/p>\n<p><b>Dano f\u00edsico<\/b><span style=\"font-weight: 400;\"> &#8211; quando h\u00e1 viola\u00e7\u00e3o da integridade f\u00edsica, seja por acidente ou agress\u00e3o;<\/span><\/p>\n<p><b>Dano com a imagem <\/b><span style=\"font-weight: 400;\">&#8211;<\/span> <span style=\"font-weight: 400;\">uso indevido da sua imagem. Um problema bem atual e recorrente em fun\u00e7\u00e3o das redes sociais;\u00a0<\/span><\/p>\n<p><b>Dano por erro m\u00e9dico <\/b><span style=\"font-weight: 400;\">&#8211;<\/span> <span style=\"font-weight: 400;\">se comprovado que por neglig\u00eancia ou erro do m\u00e9dico, houve preju\u00edzos \u00e0 vida ou a sua sa\u00fade;<\/span><\/p>\n<p><a href=\"https:\/\/gm.adv.br\/blog\/dano-moral-por-morte\/\" target=\"_blank\" rel=\"noopener\"><b>Dano moral por morte<\/b><\/a> <span style=\"font-weight: 400;\">&#8211; <\/span><b>\u00a0<\/b><span style=\"font-weight: 400;\">este dano \u00e9 bem delicado porque trata de sentimentos e<\/span> <a href=\"https:\/\/gm.adv.br\/blog\/o-dano-moral-nas-relacoes-familiares\/\" target=\"_blank\" rel=\"noopener\"><b>falta de um ente querido;<\/b><\/a><\/p>\n<p><b>Dano moral por Direito do Consumidor <\/b><span style=\"font-weight: 400;\">&#8211;<\/span> <span style=\"font-weight: 400;\">Alguns exemplos que geram dano moral por direito do consumidor, s\u00e3o: <\/span><a href=\"https:\/\/gm.adv.br\/blog\/descumprir-um-acordo-pode-gerar-indenizacao\/\" target=\"_blank\" rel=\"noopener\"><b>cobran\u00e7a vexat\u00f3ria<\/b><\/a><b>,<\/b><span style=\"font-weight: 400;\"> descumprimento de oferta, produto com defeito, cancelamento ou recusa de plano, falha em servi\u00e7o de sa\u00fade, atraso na entrega do im\u00f3vel, cobran\u00e7a indevida, entre outros.<\/span><\/p>\n<p>&nbsp;<\/p>\n<h3><span style=\"font-weight: 400;\">Direito da fam\u00edlia<\/span><\/h3>\n<p><span style=\"font-weight: 400;\">Esta \u00e1rea sem d\u00favidas \u00e9 a mais sens\u00edvel de todas as demais atua\u00e7\u00f5es de um<\/span><b> advogado para pessoa f\u00edsica<\/b><span style=\"font-weight: 400;\">. Nestes casos, o profissional lida diariamente com quest\u00f5es como casamentos, acordos pr\u00e9 nupciais, div\u00f3rcios, ado\u00e7\u00e3o, pens\u00e3o aliment\u00edcia, guarda de filhos, entre outros. Ainda com rela\u00e7\u00e3o \u00e0s<\/span><a href=\"https:\/\/gm.adv.br\/blog\/o-dano-moral-nas-relacoes-familiares\/\" target=\"_blank\" rel=\"noopener\"><b> quest\u00f5es familiares<\/b><\/a><b>,<\/b><span style=\"font-weight: 400;\"> o profissional atua nos processos de partilha de bens, invent\u00e1rios e testamentos.<\/span><\/p>\n<p><span style=\"font-weight: 400;\">Dentro das possibilidades de atua\u00e7\u00e3o do advogado da fam\u00edlia, pode ser separado em tr\u00eas \u00e1reas:<\/span><\/p>\n<p><b>Consultiva <\/b><span style=\"font-weight: 400;\">&#8211;<\/span> <span style=\"font-weight: 400;\">S\u00e3o atividades relacionada \u00e0s consultas sobre diversos assuntos como sucess\u00e3o familiar, elabora\u00e7\u00e3o de contratos e testamentos;<\/span><\/p>\n<p><b>Concilia\u00e7\u00e3o<\/b><span style=\"font-weight: 400;\"> &#8211; Atua\u00e7\u00e3o do advogado como mediador em conflitos, buscando uma concilia\u00e7\u00e3o entre as partes, evitando que os problemas se agravem e chegue a esfera judicial;<\/span><\/p>\n<p><b>Conten\u00e7\u00e3o <\/b><span style=\"font-weight: 400;\">&#8211;\u00a0 O papel do advogado diante do juiz, j\u00e1 no processo litigioso, exige uma atua\u00e7\u00e3o mais forte e incisiva na busca por provas, testemunhas e documentando a a\u00e7\u00e3o.\u00a0<\/span><\/p>\n<p>&nbsp;<\/p>\n<h3><span style=\"font-weight: 400;\">Direito imobili\u00e1rio<\/span><\/h3>\n<p><span style=\"font-weight: 400;\">Este ramo do direito, tem atua\u00e7\u00e3o forte quando se relaciona a <\/span><b>compra e venda de im\u00f3veis, <\/b><span style=\"font-weight: 400;\">bem como loca\u00e7\u00e3o ou outro tipo de negocia\u00e7\u00e3o que<\/span> <a href=\"https:\/\/gm.adv.br\/blog\/como-a-assessoria-juridica-pode-resolver-questoes-do-mercado-imobiliario\/\" target=\"_blank\" rel=\"noopener\"><b>envolva bens im\u00f3veis<\/b><\/a><span style=\"font-weight: 400;\">. \u00c9 fun\u00e7\u00e3o do advogado elaborar<\/span><a href=\"https:\/\/gm.adv.br\/blog\/vendi-meu-imovel-e-o-comprador-nao-pagou-o-valor-ainda-tenho-que-entrar-com-a-acao-para-desfazer-o-contrato\/\" target=\"_blank\" rel=\"noopener\"> <b>contrato com direitos e deveres<\/b><\/a><span style=\"font-weight: 400;\"> seja na<\/span><a href=\"https:\/\/gm.adv.br\/blog\/vai-comprar-ou-vender-um-imovel-rural-da-uma-olhadinha-nas-dicas\/\" target=\"_blank\" rel=\"noopener\"><b> compra e venda<\/b><\/a><span style=\"font-weight: 400;\"> ou mesmo no <\/span><a href=\"https:\/\/gm.adv.br\/blog\/qual-o-papel-de-um-advogado-junto-a-uma-empresa-na-compra-e-venda-de-imoveis\/\" target=\"_blank\" rel=\"noopener\"><b>aluguel de algum im\u00f3veis<\/b><\/a><b>,<\/b><span style=\"font-weight: 400;\"> seja residencial, comercial ou rural. Ou ainda, o profissional do direito atua em caso onde os direitos ou os deveres n\u00e3o s\u00e3o cumpridos, por alguma parte e seja necess\u00e1rio a<\/span><a href=\"https:\/\/gm.adv.br\/blog\/o-super-endividamento-imobiliario\/\" target=\"_blank\" rel=\"noopener\"><b> interven\u00e7\u00e3o judicial<\/b> <\/a><span style=\"font-weight: 400;\">para resolver as quest\u00f5es pendentes.<\/span><\/p>\n<p><span style=\"font-weight: 400;\">Sobre um dos problemas relacionados ao direito imobili\u00e1rio, veja este conte\u00fado: <\/span><a href=\"https:\/\/gm.adv.br\/blog\/bem-de-familia-oferecido-como-garantia-por-fiador-pode-ser-penhorado\/\" target=\"_blank\" rel=\"noopener\"><b>Bem de fam\u00edlia oferecido por garantia por fiador por ser penhorado?<\/b><\/a><\/p>\n<p><span style=\"font-weight: 400;\">Muitos outros problemas est\u00e3o relacionados \u00e0s <\/span><a href=\"https:\/\/gm.adv.br\/blog\/o-contrato-me-garante-a-propriedade-de-imovel\/\" target=\"_blank\" rel=\"noopener\"><b>quest\u00f5es imobili\u00e1rias <\/b><\/a><span style=\"font-weight: 400;\">da pessoa f\u00edsica ou <\/span><a href=\"https:\/\/gm.adv.br\/blog\/doei-imovel-ao-meu-filho-e-me-arrependi-o-que-fazer\/\" target=\"_blank\" rel=\"noopener\"><b>mesmo familiar<\/b><\/a><b>,<\/b><span style=\"font-weight: 400;\"> em que necessite a atua\u00e7\u00e3o de um advogado especialista para estes casos.\u00a0<\/span><\/p>\n<p>&nbsp;<\/p>\n<h3><span style=\"font-weight: 400;\">D\u00edvidas banc\u00e1rias e renegocia\u00e7\u00f5es<\/span><\/h3>\n<p><span style=\"font-weight: 400;\">Este \u00e9 um problema recorrente, onde a pessoa busca ajuda de um advogado para renegociar as<\/span> <a href=\"https:\/\/gm.adv.br\/blog\/atencao-renegociacao-de-dividas-bancarias\/\" target=\"_blank\" rel=\"noopener\"><b>d\u00edvidas banc\u00e1rias<\/b><\/a><span style=\"font-weight: 400;\">, quando a situa\u00e7\u00e3o j\u00e1 fugiu do controle. Quando o profissional toma ci\u00eancia da situa\u00e7\u00e3o, o endividamento j\u00e1 tomou propor\u00e7\u00f5es gigantescas, geralmente com taxas abusivas de juros por parte da <\/span><a href=\"https:\/\/gm.adv.br\/blog\/portabilidade-da-divida-bancaria-beneficios-da-transferencia-entre-bancos\/\" target=\"_blank\" rel=\"noopener\"><b>institui\u00e7\u00e3o financeira.<\/b><\/a><\/p>\n<p><span style=\"font-weight: 400;\">Mesmo que estes casos sejam corriqueiros, n\u00e3o \u00e9 uma atua\u00e7\u00e3o f\u00e1cil, onde \u00e9 necess\u00e1rio experi\u00eancia e conhecimento espec\u00edfico do profissional, para buscar os melhores resultados para o cliente. Por isso, o momento para voc\u00ea buscar um advogado especialista <\/span><a href=\"https:\/\/gm.adv.br\/blog\/cuidado-com-as-renegociacoes-de-dividas-bancarias\/\" target=\"_blank\" rel=\"noopener\"><b>em d\u00edvida banc\u00e1ria,<\/b><\/a> <span style=\"font-weight: 400;\">\u00e9 quando voc\u00ea percebe\u00a0 que o problema est\u00e1 saindo do seu controle, comprometendo seu patrim\u00f4nio e valores al\u00e9m do que voc\u00ea possa pagar.<\/span><\/p>\n<p>&nbsp;<\/p>\n<p><span style=\"font-weight: 400;\">O advogado para pessoa f\u00edsica ainda pode atuar em quest\u00f5es como:<\/span><\/p>\n<ul>\n<li style=\"font-weight: 400;\" aria-level=\"1\"><span style=\"font-weight: 400;\">ajudar um produtor rural na avalia\u00e7\u00e3o de <\/span><a href=\"https:\/\/gm.adv.br\/blog\/como-um-advogado-pode-ajudar-um-produtor-rural-na-avaliacao-de-contratos-de-parcerias\/\" target=\"_blank\" rel=\"noopener\"><b>contatos de parcerias;<\/b><\/a><\/li>\n<li style=\"font-weight: 400;\" aria-level=\"1\"><span style=\"font-weight: 400;\">quest\u00f5es de saldo devedor de financiamento<\/span><a href=\"https:\/\/gm.adv.br\/blog\/quais-profissionais-tem-direito-de-abater-o-saldo-devedor-do-fies\/\" target=\"_blank\" rel=\"noopener\"> <b>estudantil<\/b><\/a><b>;<\/b><\/li>\n<li style=\"font-weight: 400;\" aria-level=\"1\"><span style=\"font-weight: 400;\">a\u00e7\u00f5es de<\/span> <a href=\"https:\/\/gm.adv.br\/blog\/qual-o-trabalho-que-exerce-um-advogado-especialista-em-servidor-publico\/\" target=\"_blank\" rel=\"noopener\"><b>servidor p\u00fablico<\/b><\/a><b>;<\/b><\/li>\n<li style=\"font-weight: 400;\" aria-level=\"1\"><span style=\"font-weight: 400;\">cobran\u00e7as ilegais por melhoria pela <\/span><a href=\"https:\/\/gm.adv.br\/blog\/qual-a-legalidade-da-cobranca-de-contribuicao-de-melhoria-pela-execucao-de-obras\/\" target=\"_blank\" rel=\"noopener\"><b>execu\u00e7\u00e3o de obras;<\/b><\/a><\/li>\n<li style=\"font-weight: 400;\" aria-level=\"1\"><span style=\"font-weight: 400;\">Entre outros.<\/span><\/li>\n<\/ul>\n<p>&nbsp;<\/p>\n<p><span style=\"font-weight: 400;\">Como voc\u00ea viu acima, n\u00f3s da Guaresi &amp; Mill\u00e9o atuamos em diversas frentes, todas com um \u00fanico objetivo: resolver o seu problema.\u00a0 Entre em <a href=\"https:\/\/gm.adv.br\/contato\/\" target=\"_blank\" rel=\"noopener\">contato<\/a> conosco e agende uma conversa.<\/span><\/p>\n<p>&nbsp;<\/p>\n<p><a href=\"https:\/\/api.whatsapp.com\/send?phone=+5549984376950&amp;text=Ol%C3%A1\" target=\"_blank\" rel=\"noopener\"><img loading=\"lazy\" decoding=\"async\" class=\"alignnone size-full wp-image-4192\" src=\"https:\/\/www.gm.adv.br\/site\/wp-content\/uploads\/2022\/08\/converse-agora-com-um-advogado-especialista.webp\" alt=\"\" width=\"750\" height=\"150\" \/><\/a><\/p>\n<p><span style=\"font-weight: 400;\">Este conte\u00fado foi produzido pelo Escrit\u00f3rio de Advocacia Guaresi e Mill\u00e9o Advogados Associados, h\u00e1 mais de 25 anos prestando servi\u00e7os em advocacia na cidade de Conc\u00f3rdia\u2013 SC e regi\u00e3o Oeste Catarinense. Continue acompanhando <\/span><a href=\"https:\/\/gm.adv.br\/blog\/\" target=\"_blank\" rel=\"noopener\"><b>nosso blog<\/b><\/a> <span style=\"font-weight: 400;\">para n\u00e3o perder mais nenhum conte\u00fado exclusivo.<\/span><\/p>\n","protected":false},"excerpt":{"rendered":"<p>No decorrer da vida, \u00e9 muito dif\u00edcil uma pessoa que n\u00e3o precisa do servi\u00e7o de um profissional do direito. Advogado pessoa f\u00edsica: entenda o que faz e em quais \u00e1reas atua.<\/p>\n","protected":false},"author":1,"featured_media":4919,"comment_status":"closed","ping_status":"closed","sticky":false,"template":"","format":"standard","meta":{"footnotes":""},"categories":[74],"tags":[],"class_list":["post-4918","post","type-post","status-publish","format-standard","has-post-thumbnail","hentry","category-blog"],"yoast_head":"<!-- This site is optimized with the Yoast SEO plugin v27.5 - https:\/\/yoast.com\/product\/yoast-seo-wordpress\/ -->\n<title>Advogado pessoa f\u00edsica: o que posso fazer por voc\u00ea?<\/title>\n<meta name=\"description\" content=\"No decorrer da vida, \u00e9 muito dif\u00edcil uma pessoa que n\u00e3o precisa do servi\u00e7o de um advogado pessoa f\u00edsica para alguma demanda\" \/>\n<meta name=\"robots\" content=\"index, follow, max-snippet:-1, max-image-preview:large, max-video-preview:-1\" \/>\n<link rel=\"canonical\" href=\"https:\/\/www.gm.adv.br\/site\/2023\/04\/06\/advogado-pessoa-fisica-o-que-este-profissional-pode-fazer-por-voce\/\" \/>\n<meta property=\"og:locale\" content=\"pt_BR\" \/>\n<meta property=\"og:type\" content=\"article\" \/>\n<meta property=\"og:title\" content=\"Advogado pessoa f\u00edsica: o que posso fazer por voc\u00ea?\" \/>\n<meta property=\"og:description\" content=\"No decorrer da vida, \u00e9 muito dif\u00edcil uma pessoa que n\u00e3o precisa do servi\u00e7o de um advogado pessoa f\u00edsica para alguma demanda\" \/>\n<meta property=\"og:url\" content=\"https:\/\/www.gm.adv.br\/site\/2023\/04\/06\/advogado-pessoa-fisica-o-que-este-profissional-pode-fazer-por-voce\/\" \/>\n<meta property=\"og:site_name\" content=\"Guaresi &amp; Mill\u00e9o Advogados Associados | Escrit\u00f3rio de Advocacia em Conc\u00f3rdia-SC | 30 Anos de Experi\u00eancia\" \/>\n<meta property=\"article:publisher\" content=\"https:\/\/www.facebook.com\/GuaresiMilleoAdvogados\" \/>\n<meta property=\"article:published_time\" content=\"2023-04-06T20:23:02+00:00\" \/>\n<meta property=\"og:image\" content=\"https:\/\/www.gm.adv.br\/site\/wp-content\/uploads\/2023\/04\/advogado-pessoa-fisica-jpg.webp\" \/>\n\t<meta property=\"og:image:width\" content=\"800\" \/>\n\t<meta property=\"og:image:height\" content=\"800\" \/>\n\t<meta property=\"og:image:type\" content=\"image\/webp\" \/>\n<meta name=\"author\" content=\"admin\" \/>\n<meta name=\"twitter:card\" content=\"summary_large_image\" \/>\n<meta name=\"twitter:label1\" content=\"Escrito por\" \/>\n\t<meta name=\"twitter:data1\" content=\"admin\" \/>\n\t<meta name=\"twitter:label2\" content=\"Est. tempo de leitura\" \/>\n\t<meta name=\"twitter:data2\" content=\"7 minutos\" \/>\n<script type=\"application\/ld+json\" class=\"yoast-schema-graph\">{\"@context\":\"https:\\\/\\\/schema.org\",\"@graph\":[{\"@type\":\"Article\",\"@id\":\"https:\\\/\\\/www.gm.adv.br\\\/site\\\/2023\\\/04\\\/06\\\/advogado-pessoa-fisica-o-que-este-profissional-pode-fazer-por-voce\\\/#article\",\"isPartOf\":{\"@id\":\"https:\\\/\\\/www.gm.adv.br\\\/site\\\/2023\\\/04\\\/06\\\/advogado-pessoa-fisica-o-que-este-profissional-pode-fazer-por-voce\\\/\"},\"author\":{\"name\":\"admin\",\"@id\":\"https:\\\/\\\/www.gm.adv.br\\\/site\\\/#\\\/schema\\\/person\\\/7d633a2abab0d9b94253af6efc36428f\"},\"headline\":\"Advogado pessoa f\u00edsica: o que este profissional pode fazer por voc\u00ea?\",\"datePublished\":\"2023-04-06T20:23:02+00:00\",\"mainEntityOfPage\":{\"@id\":\"https:\\\/\\\/www.gm.adv.br\\\/site\\\/2023\\\/04\\\/06\\\/advogado-pessoa-fisica-o-que-este-profissional-pode-fazer-por-voce\\\/\"},\"wordCount\":1344,\"publisher\":{\"@id\":\"https:\\\/\\\/www.gm.adv.br\\\/site\\\/#organization\"},\"image\":{\"@id\":\"https:\\\/\\\/www.gm.adv.br\\\/site\\\/2023\\\/04\\\/06\\\/advogado-pessoa-fisica-o-que-este-profissional-pode-fazer-por-voce\\\/#primaryimage\"},\"thumbnailUrl\":\"https:\\\/\\\/www.gm.adv.br\\\/site\\\/wp-content\\\/uploads\\\/2023\\\/04\\\/advogado-pessoa-fisica-jpg.webp\",\"articleSection\":[\"Blog\"],\"inLanguage\":\"pt-BR\"},{\"@type\":\"WebPage\",\"@id\":\"https:\\\/\\\/www.gm.adv.br\\\/site\\\/2023\\\/04\\\/06\\\/advogado-pessoa-fisica-o-que-este-profissional-pode-fazer-por-voce\\\/\",\"url\":\"https:\\\/\\\/www.gm.adv.br\\\/site\\\/2023\\\/04\\\/06\\\/advogado-pessoa-fisica-o-que-este-profissional-pode-fazer-por-voce\\\/\",\"name\":\"Advogado pessoa f\u00edsica: o que posso fazer por voc\u00ea?\",\"isPartOf\":{\"@id\":\"https:\\\/\\\/www.gm.adv.br\\\/site\\\/#website\"},\"primaryImageOfPage\":{\"@id\":\"https:\\\/\\\/www.gm.adv.br\\\/site\\\/2023\\\/04\\\/06\\\/advogado-pessoa-fisica-o-que-este-profissional-pode-fazer-por-voce\\\/#primaryimage\"},\"image\":{\"@id\":\"https:\\\/\\\/www.gm.adv.br\\\/site\\\/2023\\\/04\\\/06\\\/advogado-pessoa-fisica-o-que-este-profissional-pode-fazer-por-voce\\\/#primaryimage\"},\"thumbnailUrl\":\"https:\\\/\\\/www.gm.adv.br\\\/site\\\/wp-content\\\/uploads\\\/2023\\\/04\\\/advogado-pessoa-fisica-jpg.webp\",\"datePublished\":\"2023-04-06T20:23:02+00:00\",\"description\":\"No decorrer da vida, \u00e9 muito dif\u00edcil uma pessoa que n\u00e3o precisa do servi\u00e7o de um advogado pessoa f\u00edsica para alguma demanda\",\"breadcrumb\":{\"@id\":\"https:\\\/\\\/www.gm.adv.br\\\/site\\\/2023\\\/04\\\/06\\\/advogado-pessoa-fisica-o-que-este-profissional-pode-fazer-por-voce\\\/#breadcrumb\"},\"inLanguage\":\"pt-BR\",\"potentialAction\":[{\"@type\":\"ReadAction\",\"target\":[\"https:\\\/\\\/www.gm.adv.br\\\/site\\\/2023\\\/04\\\/06\\\/advogado-pessoa-fisica-o-que-este-profissional-pode-fazer-por-voce\\\/\"]}]},{\"@type\":\"ImageObject\",\"inLanguage\":\"pt-BR\",\"@id\":\"https:\\\/\\\/www.gm.adv.br\\\/site\\\/2023\\\/04\\\/06\\\/advogado-pessoa-fisica-o-que-este-profissional-pode-fazer-por-voce\\\/#primaryimage\",\"url\":\"https:\\\/\\\/www.gm.adv.br\\\/site\\\/wp-content\\\/uploads\\\/2023\\\/04\\\/advogado-pessoa-fisica-jpg.webp\",\"contentUrl\":\"https:\\\/\\\/www.gm.adv.br\\\/site\\\/wp-content\\\/uploads\\\/2023\\\/04\\\/advogado-pessoa-fisica-jpg.webp\",\"width\":800,\"height\":800,\"caption\":\"Advogado pessoa f\u00edsica segurando a balan\u00e7a s\u00edmbolo da justi\u00e7a\"},{\"@type\":\"BreadcrumbList\",\"@id\":\"https:\\\/\\\/www.gm.adv.br\\\/site\\\/2023\\\/04\\\/06\\\/advogado-pessoa-fisica-o-que-este-profissional-pode-fazer-por-voce\\\/#breadcrumb\",\"itemListElement\":[{\"@type\":\"ListItem\",\"position\":1,\"name\":\"In\u00edcio\",\"item\":\"https:\\\/\\\/www.gm.adv.br\\\/site\\\/\"},{\"@type\":\"ListItem\",\"position\":2,\"name\":\"Advogado pessoa f\u00edsica: o que este profissional pode fazer por voc\u00ea?\"}]},{\"@type\":\"WebSite\",\"@id\":\"https:\\\/\\\/www.gm.adv.br\\\/site\\\/#website\",\"url\":\"https:\\\/\\\/www.gm.adv.br\\\/site\\\/\",\"name\":\"Guaresi & Mill\u00e9o Advogados Associados | Escrit\u00f3rio de Advocacia em Conc\u00f3rdia-SC | 30 Anos de Experi\u00eanci\",\"description\":\"Advocacia Direito Banc\u00e1rio, Tribut\u00e1rio, Trabalhista, C\u00edvil, P\u00fablica, Municipal, Advogados Associados Guaresi e Mill\u00e9o  |  Conc\u00f3rdia SC\",\"publisher\":{\"@id\":\"https:\\\/\\\/www.gm.adv.br\\\/site\\\/#organization\"},\"alternateName\":\"Guaresi e Mill\u00e9o Escrit\u00f3rio de Advocacia e Consultoria em Conc\u00f3rdia-SC\",\"potentialAction\":[{\"@type\":\"SearchAction\",\"target\":{\"@type\":\"EntryPoint\",\"urlTemplate\":\"https:\\\/\\\/www.gm.adv.br\\\/site\\\/?s={search_term_string}\"},\"query-input\":{\"@type\":\"PropertyValueSpecification\",\"valueRequired\":true,\"valueName\":\"search_term_string\"}}],\"inLanguage\":\"pt-BR\"},{\"@type\":\"Organization\",\"@id\":\"https:\\\/\\\/www.gm.adv.br\\\/site\\\/#organization\",\"name\":\"Guaresi & Milleo Advogados Associados em Conc\u00f3rdia SC\",\"alternateName\":\"Guaresi e Milleo Advocacia e Consultoria\",\"url\":\"https:\\\/\\\/www.gm.adv.br\\\/site\\\/\",\"logo\":{\"@type\":\"ImageObject\",\"inLanguage\":\"pt-BR\",\"@id\":\"https:\\\/\\\/www.gm.adv.br\\\/site\\\/#\\\/schema\\\/logo\\\/image\\\/\",\"url\":\"https:\\\/\\\/www.gm.adv.br\\\/site\\\/wp-content\\\/uploads\\\/2025\\\/07\\\/cropped-icone-512.webp\",\"contentUrl\":\"https:\\\/\\\/www.gm.adv.br\\\/site\\\/wp-content\\\/uploads\\\/2025\\\/07\\\/cropped-icone-512.webp\",\"width\":512,\"height\":512,\"caption\":\"Guaresi & Milleo Advogados Associados em Conc\u00f3rdia SC\"},\"image\":{\"@id\":\"https:\\\/\\\/www.gm.adv.br\\\/site\\\/#\\\/schema\\\/logo\\\/image\\\/\"},\"sameAs\":[\"https:\\\/\\\/www.facebook.com\\\/GuaresiMilleoAdvogados\",\"https:\\\/\\\/www.instagram.com\\\/guaresiemilleo\\\/\",\"https:\\\/\\\/br.linkedin.com\\\/company\\\/guaresimilleo\"]},{\"@type\":\"Person\",\"@id\":\"https:\\\/\\\/www.gm.adv.br\\\/site\\\/#\\\/schema\\\/person\\\/7d633a2abab0d9b94253af6efc36428f\",\"name\":\"admin\",\"image\":{\"@type\":\"ImageObject\",\"inLanguage\":\"pt-BR\",\"@id\":\"https:\\\/\\\/secure.gravatar.com\\\/avatar\\\/c8bb173d280f7d1e50b67bb649de269247430499695ba3ee451b6289436d1d39?s=96&d=mm&r=g\",\"url\":\"https:\\\/\\\/secure.gravatar.com\\\/avatar\\\/c8bb173d280f7d1e50b67bb649de269247430499695ba3ee451b6289436d1d39?s=96&d=mm&r=g\",\"contentUrl\":\"https:\\\/\\\/secure.gravatar.com\\\/avatar\\\/c8bb173d280f7d1e50b67bb649de269247430499695ba3ee451b6289436d1d39?s=96&d=mm&r=g\",\"caption\":\"admin\"},\"sameAs\":[\"https:\\\/\\\/www.gm.adv.br\\\/site\"],\"url\":\"https:\\\/\\\/www.gm.adv.br\\\/site\\\/author\\\/admin\\\/\"}]}<\/script>\n<!-- \/ Yoast SEO plugin. -->","yoast_head_json":{"title":"Advogado pessoa f\u00edsica: o que posso fazer por voc\u00ea?","description":"No decorrer da vida, \u00e9 muito dif\u00edcil uma pessoa que n\u00e3o precisa do servi\u00e7o de um advogado pessoa f\u00edsica para alguma demanda","robots":{"index":"index","follow":"follow","max-snippet":"max-snippet:-1","max-image-preview":"max-image-preview:large","max-video-preview":"max-video-preview:-1"},"canonical":"https:\/\/www.gm.adv.br\/site\/2023\/04\/06\/advogado-pessoa-fisica-o-que-este-profissional-pode-fazer-por-voce\/","og_locale":"pt_BR","og_type":"article","og_title":"Advogado pessoa f\u00edsica: o que posso fazer por voc\u00ea?","og_description":"No decorrer da vida, \u00e9 muito dif\u00edcil uma pessoa que n\u00e3o precisa do servi\u00e7o de um advogado pessoa f\u00edsica para alguma demanda","og_url":"https:\/\/www.gm.adv.br\/site\/2023\/04\/06\/advogado-pessoa-fisica-o-que-este-profissional-pode-fazer-por-voce\/","og_site_name":"Guaresi &amp; Mill\u00e9o Advogados Associados | Escrit\u00f3rio de Advocacia em Conc\u00f3rdia-SC | 30 Anos de Experi\u00eancia","article_publisher":"https:\/\/www.facebook.com\/GuaresiMilleoAdvogados","article_published_time":"2023-04-06T20:23:02+00:00","og_image":[{"width":800,"height":800,"url":"https:\/\/www.gm.adv.br\/site\/wp-content\/uploads\/2023\/04\/advogado-pessoa-fisica-jpg.webp","type":"image\/webp"}],"author":"admin","twitter_card":"summary_large_image","twitter_misc":{"Escrito por":"admin","Est. tempo de leitura":"7 minutos"},"schema":{"@context":"https:\/\/schema.org","@graph":[{"@type":"Article","@id":"https:\/\/www.gm.adv.br\/site\/2023\/04\/06\/advogado-pessoa-fisica-o-que-este-profissional-pode-fazer-por-voce\/#article","isPartOf":{"@id":"https:\/\/www.gm.adv.br\/site\/2023\/04\/06\/advogado-pessoa-fisica-o-que-este-profissional-pode-fazer-por-voce\/"},"author":{"name":"admin","@id":"https:\/\/www.gm.adv.br\/site\/#\/schema\/person\/7d633a2abab0d9b94253af6efc36428f"},"headline":"Advogado pessoa f\u00edsica: o que este profissional pode fazer por voc\u00ea?","datePublished":"2023-04-06T20:23:02+00:00","mainEntityOfPage":{"@id":"https:\/\/www.gm.adv.br\/site\/2023\/04\/06\/advogado-pessoa-fisica-o-que-este-profissional-pode-fazer-por-voce\/"},"wordCount":1344,"publisher":{"@id":"https:\/\/www.gm.adv.br\/site\/#organization"},"image":{"@id":"https:\/\/www.gm.adv.br\/site\/2023\/04\/06\/advogado-pessoa-fisica-o-que-este-profissional-pode-fazer-por-voce\/#primaryimage"},"thumbnailUrl":"https:\/\/www.gm.adv.br\/site\/wp-content\/uploads\/2023\/04\/advogado-pessoa-fisica-jpg.webp","articleSection":["Blog"],"inLanguage":"pt-BR"},{"@type":"WebPage","@id":"https:\/\/www.gm.adv.br\/site\/2023\/04\/06\/advogado-pessoa-fisica-o-que-este-profissional-pode-fazer-por-voce\/","url":"https:\/\/www.gm.adv.br\/site\/2023\/04\/06\/advogado-pessoa-fisica-o-que-este-profissional-pode-fazer-por-voce\/","name":"Advogado pessoa f\u00edsica: o que posso fazer por voc\u00ea?","isPartOf":{"@id":"https:\/\/www.gm.adv.br\/site\/#website"},"primaryImageOfPage":{"@id":"https:\/\/www.gm.adv.br\/site\/2023\/04\/06\/advogado-pessoa-fisica-o-que-este-profissional-pode-fazer-por-voce\/#primaryimage"},"image":{"@id":"https:\/\/www.gm.adv.br\/site\/2023\/04\/06\/advogado-pessoa-fisica-o-que-este-profissional-pode-fazer-por-voce\/#primaryimage"},"thumbnailUrl":"https:\/\/www.gm.adv.br\/site\/wp-content\/uploads\/2023\/04\/advogado-pessoa-fisica-jpg.webp","datePublished":"2023-04-06T20:23:02+00:00","description":"No decorrer da vida, \u00e9 muito dif\u00edcil uma pessoa que n\u00e3o precisa do servi\u00e7o de um advogado pessoa f\u00edsica para alguma demanda","breadcrumb":{"@id":"https:\/\/www.gm.adv.br\/site\/2023\/04\/06\/advogado-pessoa-fisica-o-que-este-profissional-pode-fazer-por-voce\/#breadcrumb"},"inLanguage":"pt-BR","potentialAction":[{"@type":"ReadAction","target":["https:\/\/www.gm.adv.br\/site\/2023\/04\/06\/advogado-pessoa-fisica-o-que-este-profissional-pode-fazer-por-voce\/"]}]},{"@type":"ImageObject","inLanguage":"pt-BR","@id":"https:\/\/www.gm.adv.br\/site\/2023\/04\/06\/advogado-pessoa-fisica-o-que-este-profissional-pode-fazer-por-voce\/#primaryimage","url":"https:\/\/www.gm.adv.br\/site\/wp-content\/uploads\/2023\/04\/advogado-pessoa-fisica-jpg.webp","contentUrl":"https:\/\/www.gm.adv.br\/site\/wp-content\/uploads\/2023\/04\/advogado-pessoa-fisica-jpg.webp","width":800,"height":800,"caption":"Advogado pessoa f\u00edsica segurando a balan\u00e7a s\u00edmbolo da justi\u00e7a"},{"@type":"BreadcrumbList","@id":"https:\/\/www.gm.adv.br\/site\/2023\/04\/06\/advogado-pessoa-fisica-o-que-este-profissional-pode-fazer-por-voce\/#breadcrumb","itemListElement":[{"@type":"ListItem","position":1,"name":"In\u00edcio","item":"https:\/\/www.gm.adv.br\/site\/"},{"@type":"ListItem","position":2,"name":"Advogado pessoa f\u00edsica: o que este profissional pode fazer por voc\u00ea?"}]},{"@type":"WebSite","@id":"https:\/\/www.gm.adv.br\/site\/#website","url":"https:\/\/www.gm.adv.br\/site\/","name":"Guaresi & Mill\u00e9o Advogados Associados | Escrit\u00f3rio de Advocacia em Conc\u00f3rdia-SC | 30 Anos de Experi\u00eanci","description":"Advocacia Direito Banc\u00e1rio, Tribut\u00e1rio, Trabalhista, C\u00edvil, P\u00fablica, Municipal, Advogados Associados Guaresi e Mill\u00e9o  |  Conc\u00f3rdia SC","publisher":{"@id":"https:\/\/www.gm.adv.br\/site\/#organization"},"alternateName":"Guaresi e Mill\u00e9o Escrit\u00f3rio de Advocacia e Consultoria em Conc\u00f3rdia-SC","potentialAction":[{"@type":"SearchAction","target":{"@type":"EntryPoint","urlTemplate":"https:\/\/www.gm.adv.br\/site\/?s={search_term_string}"},"query-input":{"@type":"PropertyValueSpecification","valueRequired":true,"valueName":"search_term_string"}}],"inLanguage":"pt-BR"},{"@type":"Organization","@id":"https:\/\/www.gm.adv.br\/site\/#organization","name":"Guaresi & Milleo Advogados Associados em Conc\u00f3rdia SC","alternateName":"Guaresi e Milleo Advocacia e Consultoria","url":"https:\/\/www.gm.adv.br\/site\/","logo":{"@type":"ImageObject","inLanguage":"pt-BR","@id":"https:\/\/www.gm.adv.br\/site\/#\/schema\/logo\/image\/","url":"https:\/\/www.gm.adv.br\/site\/wp-content\/uploads\/2025\/07\/cropped-icone-512.webp","contentUrl":"https:\/\/www.gm.adv.br\/site\/wp-content\/uploads\/2025\/07\/cropped-icone-512.webp","width":512,"height":512,"caption":"Guaresi & Milleo Advogados Associados em Conc\u00f3rdia SC"},"image":{"@id":"https:\/\/www.gm.adv.br\/site\/#\/schema\/logo\/image\/"},"sameAs":["https:\/\/www.facebook.com\/GuaresiMilleoAdvogados","https:\/\/www.instagram.com\/guaresiemilleo\/","https:\/\/br.linkedin.com\/company\/guaresimilleo"]},{"@type":"Person","@id":"https:\/\/www.gm.adv.br\/site\/#\/schema\/person\/7d633a2abab0d9b94253af6efc36428f","name":"admin","image":{"@type":"ImageObject","inLanguage":"pt-BR","@id":"https:\/\/secure.gravatar.com\/avatar\/c8bb173d280f7d1e50b67bb649de269247430499695ba3ee451b6289436d1d39?s=96&d=mm&r=g","url":"https:\/\/secure.gravatar.com\/avatar\/c8bb173d280f7d1e50b67bb649de269247430499695ba3ee451b6289436d1d39?s=96&d=mm&r=g","contentUrl":"https:\/\/secure.gravatar.com\/avatar\/c8bb173d280f7d1e50b67bb649de269247430499695ba3ee451b6289436d1d39?s=96&d=mm&r=g","caption":"admin"},"sameAs":["https:\/\/www.gm.adv.br\/site"],"url":"https:\/\/www.gm.adv.br\/site\/author\/admin\/"}]}},"_links":{"self":[{"href":"https:\/\/www.gm.adv.br\/site\/wp-json\/wp\/v2\/posts\/4918","targetHints":{"allow":["GET"]}}],"collection":[{"href":"https:\/\/www.gm.adv.br\/site\/wp-json\/wp\/v2\/posts"}],"about":[{"href":"https:\/\/www.gm.adv.br\/site\/wp-json\/wp\/v2\/types\/post"}],"author":[{"embeddable":true,"href":"https:\/\/www.gm.adv.br\/site\/wp-json\/wp\/v2\/users\/1"}],"replies":[{"embeddable":true,"href":"https:\/\/www.gm.adv.br\/site\/wp-json\/wp\/v2\/comments?post=4918"}],"version-history":[{"count":0,"href":"https:\/\/www.gm.adv.br\/site\/wp-json\/wp\/v2\/posts\/4918\/revisions"}],"wp:featuredmedia":[{"embeddable":true,"href":"https:\/\/www.gm.adv.br\/site\/wp-json\/wp\/v2\/media\/4919"}],"wp:attachment":[{"href":"https:\/\/www.gm.adv.br\/site\/wp-json\/wp\/v2\/media?parent=4918"}],"wp:term":[{"taxonomy":"category","embeddable":true,"href":"https:\/\/www.gm.adv.br\/site\/wp-json\/wp\/v2\/categories?post=4918"},{"taxonomy":"post_tag","embeddable":true,"href":"https:\/\/www.gm.adv.br\/site\/wp-json\/wp\/v2\/tags?post=4918"}],"curies":[{"name":"wp","href":"https:\/\/api.w.org\/{rel}","templated":true}]}}