{"id":4915,"date":"2023-04-06T17:03:05","date_gmt":"2023-04-06T20:03:05","guid":{"rendered":"https:\/\/gm.adv.br\/?p=4915"},"modified":"2023-04-06T17:03:05","modified_gmt":"2023-04-06T20:03:05","slug":"escritorio-de-advocacia-empresarial-o-que-ele-faz-pelo-seu-negocio","status":"publish","type":"post","link":"https:\/\/www.gm.adv.br\/site\/2023\/04\/06\/escritorio-de-advocacia-empresarial-o-que-ele-faz-pelo-seu-negocio\/","title":{"rendered":"Escrit\u00f3rio de advocacia empresarial: o que ele faz pelo seu neg\u00f3cio"},"content":{"rendered":"<p><span style=\"font-weight: 400;\">Como propriet\u00e1rio de um neg\u00f3cio, voc\u00ea est\u00e1 sempre procurando maneiras de minimizar os riscos e proteger seus interesses, certo? Contratar um <strong>escrit\u00f3rio de advocacia empresarial<\/strong> \u00e9 uma das melhores maneiras de fazer isso.\u00a0<\/span><\/p>\n<p><!--more--><\/p>\n<p><span style=\"font-weight: 400;\">Uma assessoria jur\u00eddica pode fornecer uma ampla gama de servi\u00e7os para empresas de todos os tamanhos, desde start-ups at\u00e9 corpora\u00e7\u00f5es multinacionais. Eles podem ajud\u00e1-lo desde a negocia\u00e7\u00e3o de contratos, propriedade, conformidade com regulamentos e muito mais. Continue a leitura para saber mais sobre.\u00a0<\/span><\/p>\n<p>&nbsp;<\/p>\n<h2><span style=\"font-weight: 400;\">Por que um escrit\u00f3rio de advocacia empresarial \u00e9 importante para o seu neg\u00f3cio\u00a0<\/span><\/h2>\n<p><span style=\"font-weight: 400;\">Os escrit\u00f3rios de advocacia s\u00e3o essenciais para qualquer neg\u00f3cio que busca o sucesso. Eles n\u00e3o apenas fornecem <\/span><b>consultoria especializada em quest\u00f5es jur\u00eddicas,<\/b><span style=\"font-weight: 400;\"> mas tamb\u00e9m ajudam as empresas a protegerem seus direitos e interesses.\u00a0<\/span><\/p>\n<p><span style=\"font-weight: 400;\">Al\u00e9m disso, eles podem aconselhar e atuar sobre uma variedade de quest\u00f5es, desde contratos e propriedade intelectual at\u00e9 leis trabalhistas e fus\u00f5es e aquisi\u00e7\u00f5es.\u00a0<\/span><\/p>\n<p><span style=\"font-weight: 400;\">Por fim, um advogado empresarial pode garantir que sua empresa <\/span><b>cumpra todos os regulamentos relevantes para permanecer em conformidade com a lei.<\/b><span style=\"font-weight: 400;\">\u00a0<\/span><\/p>\n<p>&nbsp;<\/p>\n<h2><span style=\"font-weight: 400;\">Quando contratar esse servi\u00e7o para minha empresa?<\/span><\/h2>\n<p><span style=\"font-weight: 400;\">Contratar um escrit\u00f3rio de advocacia empresarial \u00e9 uma decis\u00e3o importante para qualquer organiza\u00e7\u00e3o. O servi\u00e7o pode ajudar as empresas em<\/span><b> situa\u00e7\u00f5es de endividamento banc\u00e1rio,\u00a0 na regulariza\u00e7\u00e3o de d\u00edvidas tribut\u00e1rias, defesas em cobran\u00e7as e execu\u00e7\u00f5es fiscais, etc.<\/b><span style=\"font-weight: 400;\">\u00a0<\/span><\/p>\n<p><span style=\"font-weight: 400;\">Eles podem fornecer conselhos valiosos em momentos de incerteza sobre como navegar pelas complexidades da administra\u00e7\u00e3o jur\u00eddica de um neg\u00f3cio. Assim, <\/span><b>sua empresa ganha agilidade e economia<\/b><span style=\"font-weight: 400;\">, garantindo seu sucesso a longo prazo.<\/span><\/p>\n<p>&nbsp;<\/p>\n<h2><span style=\"font-weight: 400;\">Voc\u00ea est\u00e1 procurando um escrit\u00f3rio de advocacia para ajudar seu neg\u00f3cio a prosperar?<\/span><\/h2>\n<p><span style=\"font-weight: 400;\">Seja uma startup, uma empresa estabelecida ou um pequeno empres\u00e1rio, nossa equipe de profissionais jur\u00eddicos experientes pode fornecer o suporte e a orienta\u00e7\u00e3o de que voc\u00ea precisa. Entendemos a import\u00e2ncia de estar em conformidade com as leis e regulamentos relevantes, por isso oferecemos uma gama de servi\u00e7os para atender \u00e0s suas necessidades.\u00a0<\/span><\/p>\n<p>&nbsp;<\/p>\n<h3><span style=\"font-weight: 400;\">Servi\u00e7os prestados pela Guaresi &amp; Mill\u00e9o\u00a0<\/span><\/h3>\n<p><span style=\"font-weight: 400;\">Com nossa equipe de advogados podemos fornecer a voc\u00ea os melhores conselhos e assist\u00eancia para ajudar sua empresa a crescer. Veja abaixo em quais \u00e1reas atuamos:\u00a0<\/span><\/p>\n<p>&nbsp;<\/p>\n<h4><span style=\"font-weight: 400;\">D\u00edvidas banc\u00e1rias, negocia\u00e7\u00f5es e securitiza\u00e7\u00e3o<\/span><\/h4>\n<p><span style=\"font-weight: 400;\">Independente do tamanho e da atividade da sua empresa, o endividamento banc\u00e1rio pode ocorrer por diversos motivos, tirando seu foco do que realmente interessa para o crescimento do neg\u00f3cio.<\/span><\/p>\n<p><span style=\"font-weight: 400;\">Entre as medidas que um advogado especialista em endividamento banc\u00e1rio empresarial pode tomar est\u00e3o a <\/span><a href=\"https:\/\/gm.adv.br\/blog\/atencao-renegociacao-de-dividas-bancarias\/\" target=\"_blank\" rel=\"noopener\"><span style=\"font-weight: 400;\">renegocia\u00e7\u00e3o de d\u00edvidas<\/span><\/a><span style=\"font-weight: 400;\">, a\u00e7\u00f5es revisionais, <\/span><a href=\"https:\/\/gm.adv.br\/blog\/portabilidade-da-divida-bancaria-beneficios-da-transferencia-entre-bancos\/\" target=\"_blank\" rel=\"noopener\"><span style=\"font-weight: 400;\">portabilidade<\/span><\/a><span style=\"font-weight: 400;\"> para outros bancos, e indeniza\u00e7\u00f5es ( por superendividamento ou juros e cl\u00e1usulas abusivas).\u00a0\u00a0<\/span><\/p>\n<p><span style=\"font-weight: 400;\">Leia tamb\u00e9m: <\/span><a href=\"https:\/\/gm.adv.br\/blog\/endividamento-bancario\/\" target=\"_blank\" rel=\"noopener\"><span style=\"font-weight: 400;\">Endividamento banc\u00e1rio: Entenda o caminho para sua empresa resolver este problema<\/span><\/a><span style=\"font-weight: 400;\">.<\/span><\/p>\n<p>&nbsp;<\/p>\n<h4><span style=\"font-weight: 400;\">Assessoria empresarial trabalhista\u00a0<\/span><\/h4>\n<p><span style=\"font-weight: 400;\">As quest\u00f5es trabalhistas empresariais s\u00e3o de extrema import\u00e2ncia para garantir a boa rela\u00e7\u00e3o entre o empregador e o colaborador. Nestes casos, \u00e9 preciso estar atento a alguns fatores para evitar contratempos.\u00a0<\/span><\/p>\n<p><span style=\"font-weight: 400;\">Os profissionais do escrit\u00f3rio de advocacia empresarial atuam na implementa\u00e7\u00e3o de rotinas de preserva\u00e7\u00e3o de acidentes e diminui\u00e7\u00e3o de riscos na rela\u00e7\u00e3o trabalhista. Al\u00e9m disso, trabalham na regulariza\u00e7\u00e3o de encargos, limites salariais, contratos de trabalho, rescis\u00f5es e garantias tanto para a empresa quanto para o trabalhador.\u00a0<\/span><\/p>\n<p>&nbsp;<\/p>\n<h4><span style=\"font-weight: 400;\">Compliance tribut\u00e1rio\u00a0<\/span><\/h4>\n<p><span style=\"font-weight: 400;\">A conformidade tribut\u00e1ria de uma empresa reflete diretamente na sa\u00fade financeira de uma empresa, isso porque as multas podem chegar<\/span><span style=\"font-weight: 400;\">, na esfera federal, a 225% do valor do tributo devido. Aqui no Guaresi &amp; Mill\u00e9o, n\u00f3s podemos te ajudar com:\u00a0<\/span><\/p>\n<p>&nbsp;<\/p>\n<h5><span style=\"font-weight: 400;\">Planejamento tribut\u00e1rio<\/span><\/h5>\n<p><span style=\"font-weight: 400;\">O advogado far\u00e1 a administra\u00e7\u00e3o de passivos tribut\u00e1rios, a fim de reduzir a carga tribut\u00e1ria.\u00a0<\/span><\/p>\n<p><span style=\"font-weight: 400;\">A empresa deve planejar seu ano fiscal, nos moldes da legisla\u00e7\u00e3o, evitando assim pagamento desnecess\u00e1rio.\u00a0<\/span><\/p>\n<p><span style=\"font-weight: 400;\">Leia tamb\u00e9m: <\/span><a href=\"https:\/\/gm.adv.br\/blog\/o-que-a-sua-empresa-ganha-com-um-planejamento-tributario-estrategico\/\" target=\"_blank\" rel=\"noopener\"><span style=\"font-weight: 400;\">O que sua empresa ganha com o planejamento tribut\u00e1rio estrat\u00e9gico?\u00a0<\/span><\/a><\/p>\n<p>&nbsp;<\/p>\n<h5><span style=\"font-weight: 400;\">Recupera\u00e7\u00e3o de cr\u00e9ditos tribut\u00e1rios\u00a0<\/span><\/h5>\n<p><span style=\"font-weight: 400;\">Realizamos levantamento e buscamos medidas judiciais e administrativas para ressarcir aos cofres da empresa, valores de tributos pagos indevidamente nos \u00faltimos 5 anos.\u00a0<\/span><\/p>\n<p>&nbsp;<\/p>\n<h5><span style=\"font-weight: 400;\">Defesas fiscais<\/span><\/h5>\n<p><span style=\"font-weight: 400;\">O profissional especializado oferece defesas em cobran\u00e7as e execu\u00e7\u00f5es fiscais, a fim de evitar ou amenizar exig\u00eancias tribut\u00e1rias indevidas, que podem comprometer a sa\u00fade financeira e o nome da empresa.<\/span><\/p>\n<p>&nbsp;<\/p>\n<h4><span style=\"font-weight: 400;\">Regulariza\u00e7\u00e3o de im\u00f3veis<\/span><\/h4>\n<p><span style=\"font-weight: 400;\">Os profissionais da Guaresi &amp; Mill\u00e9o t\u00eam as habilidades para fazer todo o processo, desde a melhor negocia\u00e7\u00e3o, levantamento de dados acerca do im\u00f3vel at\u00e9 a elabora\u00e7\u00e3o do contrato de aluguel ou compra e venda. Tudo isso sempre na defesa da sua empresa, levando em considera\u00e7\u00e3o a legisla\u00e7\u00e3o brasileira e os entendimentos legais sobre o tema.\u00a0<\/span><\/p>\n<p><span style=\"font-weight: 400;\">Leia tamb\u00e9m: <\/span><a href=\"https:\/\/gm.adv.br\/blog\/qual-o-papel-de-um-advogado-junto-a-uma-empresa-na-compra-e-venda-de-imoveis\/\" target=\"_blank\" rel=\"noopener\"><span style=\"font-weight: 400;\">Qual o papel de um advogado junto a uma empresa, na compra e venda de im\u00f3veis<\/span><\/a><\/p>\n<p>&nbsp;<\/p>\n<h3><span style=\"font-weight: 400;\">Contratos de presta\u00e7\u00e3o de servi\u00e7o<\/span><\/h3>\n<p><span style=\"font-weight: 400;\">Em um escrit\u00f3rio de advocacia empresarial os advogados s\u00e3o respons\u00e1veis por garantir que os aspectos legais de um contrato sejam devidamente tratados e que os melhores interesses de seus clientes sejam representados. Eles tamb\u00e9m atuam como mediadores entre as partes envolvidas em uma transa\u00e7\u00e3o, fornecendo representa\u00e7\u00e3o comercial.<\/span><\/p>\n<p><span style=\"font-weight: 400;\">Al\u00e9m disso, os advogados podem garantir que as empresas sejam protegidas de quaisquer poss\u00edveis responsabilidades associadas \u00e0 contrata\u00e7\u00e3o de servi\u00e7os de fornecedores externos.<\/span><\/p>\n<p><span style=\"font-weight: 400;\">Como voc\u00ea viu acima, n\u00f3s da Guaresi &amp; Mill\u00e9o atuamos em diversas frentes, todas com um \u00fanico objetivo: o sucesso do seu neg\u00f3cio. Entre em contato conosco e agende uma conversa.<\/span><\/p>\n<p><a href=\"https:\/\/api.whatsapp.com\/send?phone=+5549984376950&amp;text=Ol%C3%A1\" target=\"_blank\" rel=\"noopener\"><img loading=\"lazy\" decoding=\"async\" class=\"alignnone wp-image-4192 size-full\" src=\"https:\/\/www.gm.adv.br\/site\/wp-content\/uploads\/2022\/08\/converse-agora-com-um-advogado-especialista.webp\" alt=\"\" width=\"750\" height=\"150\" \/><\/a><\/p>\n<p><span style=\"font-weight: 400;\">Este conte\u00fado foi produzido pelo Escrit\u00f3rio de Advocacia Guaresi e Mill\u00e9o Advogados Associados, h\u00e1 mais de 25 anos prestando servi\u00e7os em advocacia na cidade de Conc\u00f3rdia \u2013 SC e regi\u00e3o Oeste Catarinense. Continue acompanhando nosso <\/span><a href=\"https:\/\/gm.adv.br\/blog\/\"><span style=\"font-weight: 400;\">blog<\/span><\/a><span style=\"font-weight: 400;\"> para n\u00e3o perder mais nenhum conte\u00fado exclusivo.<\/span><\/p>\n","protected":false},"excerpt":{"rendered":"<p>Como propriet\u00e1rio de um neg\u00f3cio, voc\u00ea est\u00e1 sempre procurando maneiras de minimizar os riscos e proteger seus interesses, certo? Contratar um escrit\u00f3rio de advocacia empresarial \u00e9 uma das melhores maneiras de fazer isso.\u00a0<\/p>\n","protected":false},"author":1,"featured_media":4916,"comment_status":"closed","ping_status":"closed","sticky":false,"template":"","format":"standard","meta":{"footnotes":""},"categories":[72],"tags":[],"class_list":["post-4915","post","type-post","status-publish","format-standard","has-post-thumbnail","hentry","category-direito-empresarial"],"yoast_head":"<!-- This site is optimized with the Yoast SEO plugin v27.5 - https:\/\/yoast.com\/product\/yoast-seo-wordpress\/ -->\n<title>Escrit\u00f3rio de advocacia empresarial: o que ele faz pelo seu neg\u00f3cio<\/title>\n<meta name=\"description\" content=\"Contratar um escrit\u00f3rio de advocacia empresarial \u00e9 uma das melhores maneiras de minimizar os riscos do seu neg\u00f3cio\" \/>\n<meta name=\"robots\" content=\"index, follow, max-snippet:-1, max-image-preview:large, max-video-preview:-1\" \/>\n<link rel=\"canonical\" href=\"https:\/\/www.gm.adv.br\/site\/2023\/04\/06\/escritorio-de-advocacia-empresarial-o-que-ele-faz-pelo-seu-negocio\/\" \/>\n<meta property=\"og:locale\" content=\"pt_BR\" \/>\n<meta property=\"og:type\" content=\"article\" \/>\n<meta property=\"og:title\" content=\"Escrit\u00f3rio de advocacia empresarial: o que ele faz pelo seu neg\u00f3cio\" \/>\n<meta property=\"og:description\" content=\"Contratar um escrit\u00f3rio de advocacia empresarial \u00e9 uma das melhores maneiras de minimizar os riscos do seu neg\u00f3cio\" \/>\n<meta property=\"og:url\" content=\"https:\/\/www.gm.adv.br\/site\/2023\/04\/06\/escritorio-de-advocacia-empresarial-o-que-ele-faz-pelo-seu-negocio\/\" \/>\n<meta property=\"og:site_name\" content=\"Guaresi &amp; Mill\u00e9o Advogados Associados | Escrit\u00f3rio de Advocacia em Conc\u00f3rdia-SC | 30 Anos de Experi\u00eancia\" \/>\n<meta property=\"article:publisher\" content=\"https:\/\/www.facebook.com\/GuaresiMilleoAdvogados\" \/>\n<meta property=\"article:published_time\" content=\"2023-04-06T20:03:05+00:00\" \/>\n<meta property=\"og:image\" content=\"https:\/\/www.gm.adv.br\/site\/wp-content\/uploads\/2023\/04\/escritorio-de-advocacia-empresarial-jpg.webp\" \/>\n\t<meta property=\"og:image:width\" content=\"800\" \/>\n\t<meta property=\"og:image:height\" content=\"800\" \/>\n\t<meta property=\"og:image:type\" content=\"image\/webp\" \/>\n<meta name=\"author\" content=\"admin\" \/>\n<meta name=\"twitter:card\" content=\"summary_large_image\" \/>\n<meta name=\"twitter:label1\" content=\"Escrito por\" \/>\n\t<meta name=\"twitter:data1\" content=\"admin\" \/>\n\t<meta name=\"twitter:label2\" content=\"Est. tempo de leitura\" \/>\n\t<meta name=\"twitter:data2\" content=\"5 minutos\" \/>\n<script type=\"application\/ld+json\" class=\"yoast-schema-graph\">{\"@context\":\"https:\\\/\\\/schema.org\",\"@graph\":[{\"@type\":\"Article\",\"@id\":\"https:\\\/\\\/www.gm.adv.br\\\/site\\\/2023\\\/04\\\/06\\\/escritorio-de-advocacia-empresarial-o-que-ele-faz-pelo-seu-negocio\\\/#article\",\"isPartOf\":{\"@id\":\"https:\\\/\\\/www.gm.adv.br\\\/site\\\/2023\\\/04\\\/06\\\/escritorio-de-advocacia-empresarial-o-que-ele-faz-pelo-seu-negocio\\\/\"},\"author\":{\"name\":\"admin\",\"@id\":\"https:\\\/\\\/www.gm.adv.br\\\/site\\\/#\\\/schema\\\/person\\\/7d633a2abab0d9b94253af6efc36428f\"},\"headline\":\"Escrit\u00f3rio de advocacia empresarial: o que ele faz pelo seu neg\u00f3cio\",\"datePublished\":\"2023-04-06T20:03:05+00:00\",\"mainEntityOfPage\":{\"@id\":\"https:\\\/\\\/www.gm.adv.br\\\/site\\\/2023\\\/04\\\/06\\\/escritorio-de-advocacia-empresarial-o-que-ele-faz-pelo-seu-negocio\\\/\"},\"wordCount\":1017,\"publisher\":{\"@id\":\"https:\\\/\\\/www.gm.adv.br\\\/site\\\/#organization\"},\"image\":{\"@id\":\"https:\\\/\\\/www.gm.adv.br\\\/site\\\/2023\\\/04\\\/06\\\/escritorio-de-advocacia-empresarial-o-que-ele-faz-pelo-seu-negocio\\\/#primaryimage\"},\"thumbnailUrl\":\"https:\\\/\\\/www.gm.adv.br\\\/site\\\/wp-content\\\/uploads\\\/2023\\\/04\\\/escritorio-de-advocacia-empresarial-jpg.webp\",\"articleSection\":[\"Direito Empresarial\"],\"inLanguage\":\"pt-BR\"},{\"@type\":\"WebPage\",\"@id\":\"https:\\\/\\\/www.gm.adv.br\\\/site\\\/2023\\\/04\\\/06\\\/escritorio-de-advocacia-empresarial-o-que-ele-faz-pelo-seu-negocio\\\/\",\"url\":\"https:\\\/\\\/www.gm.adv.br\\\/site\\\/2023\\\/04\\\/06\\\/escritorio-de-advocacia-empresarial-o-que-ele-faz-pelo-seu-negocio\\\/\",\"name\":\"Escrit\u00f3rio de advocacia empresarial: o que ele faz pelo seu neg\u00f3cio\",\"isPartOf\":{\"@id\":\"https:\\\/\\\/www.gm.adv.br\\\/site\\\/#website\"},\"primaryImageOfPage\":{\"@id\":\"https:\\\/\\\/www.gm.adv.br\\\/site\\\/2023\\\/04\\\/06\\\/escritorio-de-advocacia-empresarial-o-que-ele-faz-pelo-seu-negocio\\\/#primaryimage\"},\"image\":{\"@id\":\"https:\\\/\\\/www.gm.adv.br\\\/site\\\/2023\\\/04\\\/06\\\/escritorio-de-advocacia-empresarial-o-que-ele-faz-pelo-seu-negocio\\\/#primaryimage\"},\"thumbnailUrl\":\"https:\\\/\\\/www.gm.adv.br\\\/site\\\/wp-content\\\/uploads\\\/2023\\\/04\\\/escritorio-de-advocacia-empresarial-jpg.webp\",\"datePublished\":\"2023-04-06T20:03:05+00:00\",\"description\":\"Contratar um escrit\u00f3rio de advocacia empresarial \u00e9 uma das melhores maneiras de minimizar os riscos do seu neg\u00f3cio\",\"breadcrumb\":{\"@id\":\"https:\\\/\\\/www.gm.adv.br\\\/site\\\/2023\\\/04\\\/06\\\/escritorio-de-advocacia-empresarial-o-que-ele-faz-pelo-seu-negocio\\\/#breadcrumb\"},\"inLanguage\":\"pt-BR\",\"potentialAction\":[{\"@type\":\"ReadAction\",\"target\":[\"https:\\\/\\\/www.gm.adv.br\\\/site\\\/2023\\\/04\\\/06\\\/escritorio-de-advocacia-empresarial-o-que-ele-faz-pelo-seu-negocio\\\/\"]}]},{\"@type\":\"ImageObject\",\"inLanguage\":\"pt-BR\",\"@id\":\"https:\\\/\\\/www.gm.adv.br\\\/site\\\/2023\\\/04\\\/06\\\/escritorio-de-advocacia-empresarial-o-que-ele-faz-pelo-seu-negocio\\\/#primaryimage\",\"url\":\"https:\\\/\\\/www.gm.adv.br\\\/site\\\/wp-content\\\/uploads\\\/2023\\\/04\\\/escritorio-de-advocacia-empresarial-jpg.webp\",\"contentUrl\":\"https:\\\/\\\/www.gm.adv.br\\\/site\\\/wp-content\\\/uploads\\\/2023\\\/04\\\/escritorio-de-advocacia-empresarial-jpg.webp\",\"width\":800,\"height\":800,\"caption\":\"Profissionais que atuam em escrit\u00f3rio de advocacia empresarial\"},{\"@type\":\"BreadcrumbList\",\"@id\":\"https:\\\/\\\/www.gm.adv.br\\\/site\\\/2023\\\/04\\\/06\\\/escritorio-de-advocacia-empresarial-o-que-ele-faz-pelo-seu-negocio\\\/#breadcrumb\",\"itemListElement\":[{\"@type\":\"ListItem\",\"position\":1,\"name\":\"In\u00edcio\",\"item\":\"https:\\\/\\\/www.gm.adv.br\\\/site\\\/\"},{\"@type\":\"ListItem\",\"position\":2,\"name\":\"Escrit\u00f3rio de advocacia empresarial: o que ele faz pelo seu neg\u00f3cio\"}]},{\"@type\":\"WebSite\",\"@id\":\"https:\\\/\\\/www.gm.adv.br\\\/site\\\/#website\",\"url\":\"https:\\\/\\\/www.gm.adv.br\\\/site\\\/\",\"name\":\"Guaresi & Mill\u00e9o Advogados Associados | Escrit\u00f3rio de Advocacia em Conc\u00f3rdia-SC | 30 Anos de Experi\u00eanci\",\"description\":\"Advocacia Direito Banc\u00e1rio, Tribut\u00e1rio, Trabalhista, C\u00edvil, P\u00fablica, Municipal, Advogados Associados Guaresi e Mill\u00e9o  |  Conc\u00f3rdia SC\",\"publisher\":{\"@id\":\"https:\\\/\\\/www.gm.adv.br\\\/site\\\/#organization\"},\"alternateName\":\"Guaresi e Mill\u00e9o Escrit\u00f3rio de Advocacia e Consultoria em Conc\u00f3rdia-SC\",\"potentialAction\":[{\"@type\":\"SearchAction\",\"target\":{\"@type\":\"EntryPoint\",\"urlTemplate\":\"https:\\\/\\\/www.gm.adv.br\\\/site\\\/?s={search_term_string}\"},\"query-input\":{\"@type\":\"PropertyValueSpecification\",\"valueRequired\":true,\"valueName\":\"search_term_string\"}}],\"inLanguage\":\"pt-BR\"},{\"@type\":\"Organization\",\"@id\":\"https:\\\/\\\/www.gm.adv.br\\\/site\\\/#organization\",\"name\":\"Guaresi & Milleo Advogados Associados em Conc\u00f3rdia SC\",\"alternateName\":\"Guaresi e Milleo Advocacia e Consultoria\",\"url\":\"https:\\\/\\\/www.gm.adv.br\\\/site\\\/\",\"logo\":{\"@type\":\"ImageObject\",\"inLanguage\":\"pt-BR\",\"@id\":\"https:\\\/\\\/www.gm.adv.br\\\/site\\\/#\\\/schema\\\/logo\\\/image\\\/\",\"url\":\"https:\\\/\\\/www.gm.adv.br\\\/site\\\/wp-content\\\/uploads\\\/2025\\\/07\\\/cropped-icone-512.webp\",\"contentUrl\":\"https:\\\/\\\/www.gm.adv.br\\\/site\\\/wp-content\\\/uploads\\\/2025\\\/07\\\/cropped-icone-512.webp\",\"width\":512,\"height\":512,\"caption\":\"Guaresi & Milleo Advogados Associados em Conc\u00f3rdia SC\"},\"image\":{\"@id\":\"https:\\\/\\\/www.gm.adv.br\\\/site\\\/#\\\/schema\\\/logo\\\/image\\\/\"},\"sameAs\":[\"https:\\\/\\\/www.facebook.com\\\/GuaresiMilleoAdvogados\",\"https:\\\/\\\/www.instagram.com\\\/guaresiemilleo\\\/\",\"https:\\\/\\\/br.linkedin.com\\\/company\\\/guaresimilleo\"]},{\"@type\":\"Person\",\"@id\":\"https:\\\/\\\/www.gm.adv.br\\\/site\\\/#\\\/schema\\\/person\\\/7d633a2abab0d9b94253af6efc36428f\",\"name\":\"admin\",\"image\":{\"@type\":\"ImageObject\",\"inLanguage\":\"pt-BR\",\"@id\":\"https:\\\/\\\/secure.gravatar.com\\\/avatar\\\/c8bb173d280f7d1e50b67bb649de269247430499695ba3ee451b6289436d1d39?s=96&d=mm&r=g\",\"url\":\"https:\\\/\\\/secure.gravatar.com\\\/avatar\\\/c8bb173d280f7d1e50b67bb649de269247430499695ba3ee451b6289436d1d39?s=96&d=mm&r=g\",\"contentUrl\":\"https:\\\/\\\/secure.gravatar.com\\\/avatar\\\/c8bb173d280f7d1e50b67bb649de269247430499695ba3ee451b6289436d1d39?s=96&d=mm&r=g\",\"caption\":\"admin\"},\"sameAs\":[\"https:\\\/\\\/www.gm.adv.br\\\/site\"],\"url\":\"https:\\\/\\\/www.gm.adv.br\\\/site\\\/author\\\/admin\\\/\"}]}<\/script>\n<!-- \/ Yoast SEO plugin. -->","yoast_head_json":{"title":"Escrit\u00f3rio de advocacia empresarial: o que ele faz pelo seu neg\u00f3cio","description":"Contratar um escrit\u00f3rio de advocacia empresarial \u00e9 uma das melhores maneiras de minimizar os riscos do seu neg\u00f3cio","robots":{"index":"index","follow":"follow","max-snippet":"max-snippet:-1","max-image-preview":"max-image-preview:large","max-video-preview":"max-video-preview:-1"},"canonical":"https:\/\/www.gm.adv.br\/site\/2023\/04\/06\/escritorio-de-advocacia-empresarial-o-que-ele-faz-pelo-seu-negocio\/","og_locale":"pt_BR","og_type":"article","og_title":"Escrit\u00f3rio de advocacia empresarial: o que ele faz pelo seu neg\u00f3cio","og_description":"Contratar um escrit\u00f3rio de advocacia empresarial \u00e9 uma das melhores maneiras de minimizar os riscos do seu neg\u00f3cio","og_url":"https:\/\/www.gm.adv.br\/site\/2023\/04\/06\/escritorio-de-advocacia-empresarial-o-que-ele-faz-pelo-seu-negocio\/","og_site_name":"Guaresi &amp; Mill\u00e9o Advogados Associados | Escrit\u00f3rio de Advocacia em Conc\u00f3rdia-SC | 30 Anos de Experi\u00eancia","article_publisher":"https:\/\/www.facebook.com\/GuaresiMilleoAdvogados","article_published_time":"2023-04-06T20:03:05+00:00","og_image":[{"width":800,"height":800,"url":"https:\/\/www.gm.adv.br\/site\/wp-content\/uploads\/2023\/04\/escritorio-de-advocacia-empresarial-jpg.webp","type":"image\/webp"}],"author":"admin","twitter_card":"summary_large_image","twitter_misc":{"Escrito por":"admin","Est. tempo de leitura":"5 minutos"},"schema":{"@context":"https:\/\/schema.org","@graph":[{"@type":"Article","@id":"https:\/\/www.gm.adv.br\/site\/2023\/04\/06\/escritorio-de-advocacia-empresarial-o-que-ele-faz-pelo-seu-negocio\/#article","isPartOf":{"@id":"https:\/\/www.gm.adv.br\/site\/2023\/04\/06\/escritorio-de-advocacia-empresarial-o-que-ele-faz-pelo-seu-negocio\/"},"author":{"name":"admin","@id":"https:\/\/www.gm.adv.br\/site\/#\/schema\/person\/7d633a2abab0d9b94253af6efc36428f"},"headline":"Escrit\u00f3rio de advocacia empresarial: o que ele faz pelo seu neg\u00f3cio","datePublished":"2023-04-06T20:03:05+00:00","mainEntityOfPage":{"@id":"https:\/\/www.gm.adv.br\/site\/2023\/04\/06\/escritorio-de-advocacia-empresarial-o-que-ele-faz-pelo-seu-negocio\/"},"wordCount":1017,"publisher":{"@id":"https:\/\/www.gm.adv.br\/site\/#organization"},"image":{"@id":"https:\/\/www.gm.adv.br\/site\/2023\/04\/06\/escritorio-de-advocacia-empresarial-o-que-ele-faz-pelo-seu-negocio\/#primaryimage"},"thumbnailUrl":"https:\/\/www.gm.adv.br\/site\/wp-content\/uploads\/2023\/04\/escritorio-de-advocacia-empresarial-jpg.webp","articleSection":["Direito Empresarial"],"inLanguage":"pt-BR"},{"@type":"WebPage","@id":"https:\/\/www.gm.adv.br\/site\/2023\/04\/06\/escritorio-de-advocacia-empresarial-o-que-ele-faz-pelo-seu-negocio\/","url":"https:\/\/www.gm.adv.br\/site\/2023\/04\/06\/escritorio-de-advocacia-empresarial-o-que-ele-faz-pelo-seu-negocio\/","name":"Escrit\u00f3rio de advocacia empresarial: o que ele faz pelo seu neg\u00f3cio","isPartOf":{"@id":"https:\/\/www.gm.adv.br\/site\/#website"},"primaryImageOfPage":{"@id":"https:\/\/www.gm.adv.br\/site\/2023\/04\/06\/escritorio-de-advocacia-empresarial-o-que-ele-faz-pelo-seu-negocio\/#primaryimage"},"image":{"@id":"https:\/\/www.gm.adv.br\/site\/2023\/04\/06\/escritorio-de-advocacia-empresarial-o-que-ele-faz-pelo-seu-negocio\/#primaryimage"},"thumbnailUrl":"https:\/\/www.gm.adv.br\/site\/wp-content\/uploads\/2023\/04\/escritorio-de-advocacia-empresarial-jpg.webp","datePublished":"2023-04-06T20:03:05+00:00","description":"Contratar um escrit\u00f3rio de advocacia empresarial \u00e9 uma das melhores maneiras de minimizar os riscos do seu neg\u00f3cio","breadcrumb":{"@id":"https:\/\/www.gm.adv.br\/site\/2023\/04\/06\/escritorio-de-advocacia-empresarial-o-que-ele-faz-pelo-seu-negocio\/#breadcrumb"},"inLanguage":"pt-BR","potentialAction":[{"@type":"ReadAction","target":["https:\/\/www.gm.adv.br\/site\/2023\/04\/06\/escritorio-de-advocacia-empresarial-o-que-ele-faz-pelo-seu-negocio\/"]}]},{"@type":"ImageObject","inLanguage":"pt-BR","@id":"https:\/\/www.gm.adv.br\/site\/2023\/04\/06\/escritorio-de-advocacia-empresarial-o-que-ele-faz-pelo-seu-negocio\/#primaryimage","url":"https:\/\/www.gm.adv.br\/site\/wp-content\/uploads\/2023\/04\/escritorio-de-advocacia-empresarial-jpg.webp","contentUrl":"https:\/\/www.gm.adv.br\/site\/wp-content\/uploads\/2023\/04\/escritorio-de-advocacia-empresarial-jpg.webp","width":800,"height":800,"caption":"Profissionais que atuam em escrit\u00f3rio de advocacia empresarial"},{"@type":"BreadcrumbList","@id":"https:\/\/www.gm.adv.br\/site\/2023\/04\/06\/escritorio-de-advocacia-empresarial-o-que-ele-faz-pelo-seu-negocio\/#breadcrumb","itemListElement":[{"@type":"ListItem","position":1,"name":"In\u00edcio","item":"https:\/\/www.gm.adv.br\/site\/"},{"@type":"ListItem","position":2,"name":"Escrit\u00f3rio de advocacia empresarial: o que ele faz pelo seu neg\u00f3cio"}]},{"@type":"WebSite","@id":"https:\/\/www.gm.adv.br\/site\/#website","url":"https:\/\/www.gm.adv.br\/site\/","name":"Guaresi & Mill\u00e9o Advogados Associados | Escrit\u00f3rio de Advocacia em Conc\u00f3rdia-SC | 30 Anos de Experi\u00eanci","description":"Advocacia Direito Banc\u00e1rio, Tribut\u00e1rio, Trabalhista, C\u00edvil, P\u00fablica, Municipal, Advogados Associados Guaresi e Mill\u00e9o  |  Conc\u00f3rdia SC","publisher":{"@id":"https:\/\/www.gm.adv.br\/site\/#organization"},"alternateName":"Guaresi e Mill\u00e9o Escrit\u00f3rio de Advocacia e Consultoria em Conc\u00f3rdia-SC","potentialAction":[{"@type":"SearchAction","target":{"@type":"EntryPoint","urlTemplate":"https:\/\/www.gm.adv.br\/site\/?s={search_term_string}"},"query-input":{"@type":"PropertyValueSpecification","valueRequired":true,"valueName":"search_term_string"}}],"inLanguage":"pt-BR"},{"@type":"Organization","@id":"https:\/\/www.gm.adv.br\/site\/#organization","name":"Guaresi & Milleo Advogados Associados em Conc\u00f3rdia SC","alternateName":"Guaresi e Milleo Advocacia e Consultoria","url":"https:\/\/www.gm.adv.br\/site\/","logo":{"@type":"ImageObject","inLanguage":"pt-BR","@id":"https:\/\/www.gm.adv.br\/site\/#\/schema\/logo\/image\/","url":"https:\/\/www.gm.adv.br\/site\/wp-content\/uploads\/2025\/07\/cropped-icone-512.webp","contentUrl":"https:\/\/www.gm.adv.br\/site\/wp-content\/uploads\/2025\/07\/cropped-icone-512.webp","width":512,"height":512,"caption":"Guaresi & Milleo Advogados Associados em Conc\u00f3rdia SC"},"image":{"@id":"https:\/\/www.gm.adv.br\/site\/#\/schema\/logo\/image\/"},"sameAs":["https:\/\/www.facebook.com\/GuaresiMilleoAdvogados","https:\/\/www.instagram.com\/guaresiemilleo\/","https:\/\/br.linkedin.com\/company\/guaresimilleo"]},{"@type":"Person","@id":"https:\/\/www.gm.adv.br\/site\/#\/schema\/person\/7d633a2abab0d9b94253af6efc36428f","name":"admin","image":{"@type":"ImageObject","inLanguage":"pt-BR","@id":"https:\/\/secure.gravatar.com\/avatar\/c8bb173d280f7d1e50b67bb649de269247430499695ba3ee451b6289436d1d39?s=96&d=mm&r=g","url":"https:\/\/secure.gravatar.com\/avatar\/c8bb173d280f7d1e50b67bb649de269247430499695ba3ee451b6289436d1d39?s=96&d=mm&r=g","contentUrl":"https:\/\/secure.gravatar.com\/avatar\/c8bb173d280f7d1e50b67bb649de269247430499695ba3ee451b6289436d1d39?s=96&d=mm&r=g","caption":"admin"},"sameAs":["https:\/\/www.gm.adv.br\/site"],"url":"https:\/\/www.gm.adv.br\/site\/author\/admin\/"}]}},"_links":{"self":[{"href":"https:\/\/www.gm.adv.br\/site\/wp-json\/wp\/v2\/posts\/4915","targetHints":{"allow":["GET"]}}],"collection":[{"href":"https:\/\/www.gm.adv.br\/site\/wp-json\/wp\/v2\/posts"}],"about":[{"href":"https:\/\/www.gm.adv.br\/site\/wp-json\/wp\/v2\/types\/post"}],"author":[{"embeddable":true,"href":"https:\/\/www.gm.adv.br\/site\/wp-json\/wp\/v2\/users\/1"}],"replies":[{"embeddable":true,"href":"https:\/\/www.gm.adv.br\/site\/wp-json\/wp\/v2\/comments?post=4915"}],"version-history":[{"count":0,"href":"https:\/\/www.gm.adv.br\/site\/wp-json\/wp\/v2\/posts\/4915\/revisions"}],"wp:featuredmedia":[{"embeddable":true,"href":"https:\/\/www.gm.adv.br\/site\/wp-json\/wp\/v2\/media\/4916"}],"wp:attachment":[{"href":"https:\/\/www.gm.adv.br\/site\/wp-json\/wp\/v2\/media?parent=4915"}],"wp:term":[{"taxonomy":"category","embeddable":true,"href":"https:\/\/www.gm.adv.br\/site\/wp-json\/wp\/v2\/categories?post=4915"},{"taxonomy":"post_tag","embeddable":true,"href":"https:\/\/www.gm.adv.br\/site\/wp-json\/wp\/v2\/tags?post=4915"}],"curies":[{"name":"wp","href":"https:\/\/api.w.org\/{rel}","templated":true}]}}