{"id":4150,"date":"2023-02-23T14:54:42","date_gmt":"2023-02-23T17:54:42","guid":{"rendered":"https:\/\/gm.adv.br\/?p=4150"},"modified":"2023-02-23T14:54:42","modified_gmt":"2023-02-23T17:54:42","slug":"qual-o-papel-de-um-advogado-junto-a-uma-empresa-na-compra-e-venda-de-imoveis","status":"publish","type":"post","link":"https:\/\/www.gm.adv.br\/site\/2023\/02\/23\/qual-o-papel-de-um-advogado-junto-a-uma-empresa-na-compra-e-venda-de-imoveis\/","title":{"rendered":"Qual o papel de um advogado junto a uma empresa, na compra e venda de im\u00f3veis?"},"content":{"rendered":"<p><span style=\"font-weight: 400;\">O setor imobili\u00e1rio \u00e9 um dos ramos mais importantes da economia. Muitas empresas t\u00eam movimentado grandes somas em opera\u00e7\u00f5es de <\/span><b>compra e venda de im\u00f3veis<\/b><span style=\"font-weight: 400;\">. Entenda a import\u00e2ncia de um advogado neste sistema.<\/span><\/p>\n<p><!--more--><\/p>\n<p>&nbsp;<\/p>\n<p><span style=\"font-weight: 400;\">A compra e venda de im\u00f3veis \u00e9 cercada por uma grande leva de burocracia. Independente se sua empresa trabalha no ramo imobili\u00e1rio ou apenas, no decorrer do caminho, resolver adquirir algum im\u00f3vel ou se desfazer de algum. Neste processo, \u00e9 fundamental contar com o profissionalismo de um advogado especialista.\u00a0<\/span><\/p>\n<p><span style=\"font-weight: 400;\">Uma an\u00e1lise mal feita, erros em contratos que possam comprometer todo o processo ou mesmo causando preju\u00edzos para qualquer uma das partes, \u00e9 pass\u00edvel de acontecer quando \u00e9 feito por algum leigo no assunto.<\/span><\/p>\n<p><span style=\"font-weight: 400;\">Fazer uma an\u00e1lise pr\u00e9via de toda a documenta\u00e7\u00e3o por um advogado, \u00e9 o que vai dar a seguran\u00e7a, tanto para a compra quanto para a venda. Observar o hist\u00f3rico do im\u00f3vel, se tem matr\u00edculas nos cart\u00f3rios de registro de im\u00f3veis, se tem alguma penhora ou pend\u00eancia judicial, como invent\u00e1rio, precisam ser levantados antes de efetivar o neg\u00f3cio.\u00a0\u00a0<\/span><\/p>\n<p><span style=\"font-weight: 400;\">Contar com a assessoria de um advogado, \u00e9 ter a seguran\u00e7a e a prote\u00e7\u00e3o dos interesses da sua empresa. Entenda a import\u00e2ncia em contar com um escrit\u00f3rio de advocacia especializado em direito imobili\u00e1rio.<\/span><\/p>\n<p>&nbsp;<\/p>\n<h2><span style=\"font-weight: 400;\">O papel de um advogado na compra e venda de im\u00f3veis<\/span><\/h2>\n<p><span style=\"font-weight: 400;\">Um contrato de compra e venda de im\u00f3veis tem muitos detalhes e exige aten\u00e7\u00e3o especial das partes envolvidas, pelos riscos que permeiam a transa\u00e7\u00e3o. Se voc\u00ea quer fugir de todos os problemas que envolvem este setor, o melhor a fazer \u00e9 contratar uma consultoria jur\u00eddica imobili\u00e1ria.\u00a0<\/span><\/p>\n<p><span style=\"font-weight: 400;\">Os profissionais especializados, t\u00eam as habilidades para fazer todo o processo, desde a melhor negocia\u00e7\u00e3o, levantamento de dados acerca do im\u00f3vel at\u00e9 a elabora\u00e7\u00e3o do contrato. Tudo isso sempre na defesa da sua empresa, mas levando em considera\u00e7\u00e3o a legisla\u00e7\u00e3o brasileira e os entendimentos legais sobre o tema.\u00a0<\/span><\/p>\n<p><span style=\"font-weight: 400;\">Veja alguns dos principais benef\u00edcios que voc\u00ea e sua empresa t\u00eam ao contratar os servi\u00e7os de um advogado, para a negocia\u00e7\u00e3o de compra e venda de im\u00f3vel.\u00a0<\/span><\/p>\n<p>&nbsp;<\/p>\n<h2><span style=\"font-weight: 400;\">Seguran\u00e7a em todas as negocia\u00e7\u00f5es<\/span><\/h2>\n<p><span style=\"font-weight: 400;\">Muitas imobili\u00e1rias j\u00e1 mant\u00eam em seu rol de funcion\u00e1rios ou terceirizados, a contrata\u00e7\u00e3o de um profissional ou um escrit\u00f3rio de <\/span><a href=\"https:\/\/gm.adv.br\/blog\/como-a-assessoria-juridica-pode-resolver-questoes-do-mercado-imobiliario\/\" target=\"_blank\" rel=\"noopener\"><span style=\"font-weight: 400;\">advogados especializados em direito imobili\u00e1rio <\/span><\/a><span style=\"font-weight: 400;\">para oferecer <\/span><a href=\"https:\/\/gm.adv.br\/blog\/voce-sabe-o-que-significa-seguranca-juridica-na-pratica-para-seu-negocio\/\" target=\"_blank\" rel=\"noopener\"><span style=\"font-weight: 400;\">maior seguran\u00e7a para a empresa<\/span><\/a><span style=\"font-weight: 400;\">. O papel principal, neste sentido, \u00e9 intermediar a negocia\u00e7\u00e3o, buscando a concilia\u00e7\u00e3o entre as partes, com um neg\u00f3cio que seja vi\u00e1vel.<\/span><\/p>\n<p><span style=\"font-weight: 400;\">Com a seguran\u00e7a de uma <\/span><a href=\"https:\/\/gm.adv.br\/blog\/seu-negocio-conta-com-uma-assessoria-juridica-empresarial\/\" target=\"_blank\" rel=\"noopener\"><span style=\"font-weight: 400;\">assessoria jur\u00eddica<\/span><\/a><span style=\"font-weight: 400;\">, voc\u00ea tem certeza de que seus interesses est\u00e3o sendo garantidos pela an\u00e1lise de um profissional. Tamb\u00e9m sabe que o contrato conta com todos os detalhes necess\u00e1rios, visando sempre oferecer o maior n\u00famero poss\u00edvel de informa\u00e7\u00f5es, para tomar a melhor decis\u00e3o acerca do neg\u00f3cio.\u00a0<\/span><\/p>\n<p>&nbsp;<\/p>\n<h2><span style=\"font-weight: 400;\">Elabora\u00e7\u00e3o do contrato\u00a0<\/span><\/h2>\n<p><a href=\"https:\/\/gm.adv.br\/blog\/contrato\/\"><span style=\"font-weight: 400;\">O contrato<\/span><\/a><span style=\"font-weight: 400;\"> \u00e9 a maneira formal de legalizar e documentar uma negocia\u00e7\u00e3o. Na compra e venda de im\u00f3veis tem uma import\u00e2ncia e por isso precisa ser feito por um profissional que tenha conhecimento de causa. No documento devem constar as obriga\u00e7\u00f5es de ambas as partes, valores, dados do im\u00f3veis, al\u00e9m de cl\u00e1usulas importantes\u00a0 espec\u00edficas de cada negocia\u00e7\u00e3o.\u00a0<\/span><\/p>\n<p><span style=\"font-weight: 400;\">Para que tudo seja feito dentro da legisla\u00e7\u00e3o vigente, \u00e9 fundamental que a elabora\u00e7\u00e3o seja feita por um advogado especialista, para n\u00e3o haver qualquer tipo de erro que venha causar preju\u00edzo ou nulidade. Nestes casos, apenas um profissional de confian\u00e7a \u00e9 capaz de redigir ou fazer a an\u00e1lise do contrato e esclarecer d\u00favidas que por acaso surgirem.\u00a0<\/span><\/p>\n<p>&nbsp;<\/p>\n<h2><span style=\"font-weight: 400;\">Acompanhamento dos registros<\/span><\/h2>\n<p><span style=\"font-weight: 400;\">Al\u00e9m da verifica\u00e7\u00e3o da autenticidade da documenta\u00e7\u00e3o, se h\u00e1 pend\u00eancias judiciais ou outro problema que possa interferir na negocia\u00e7\u00e3o, o assessor jur\u00eddico imobili\u00e1rio ajuda seu cliente em todos os tr\u00e2mites legais com rela\u00e7\u00e3o ao registro do im\u00f3vel.\u00a0 Com a compet\u00eancia de um profissional especializado, o processo se torna mais f\u00e1cil. Ainda com garantias de que a transa\u00e7\u00e3o est\u00e1 sendo feita dentro dos moldes da lei, respeitando as particularidades, os direitos e deveres de cada uma das partes.\u00a0<\/span><\/p>\n<p><span style=\"font-weight: 400;\">Fazer uma negocia\u00e7\u00e3o de im\u00f3vel sem a seguran\u00e7a de um profissional, \u00e9 correr riscos de perder valores muito maiores do que o investimento que \u00e9 <\/span><a href=\"https:\/\/gm.adv.br\/blog\/10-dicas-para-escolher-o-melhor-escritorio-de-advocacia-para-sua-empresa\/\" target=\"_blank\" rel=\"noopener\"><span style=\"font-weight: 400;\">contratar uma assessoria jur\u00eddica. <\/span><\/a><span style=\"font-weight: 400;\">Por isso, antes de pensar em fazer uma transa\u00e7\u00e3o imobili\u00e1ria com algum leigo ou mesmo confiar nas suas habilidades, considere o valor do im\u00f3vel,\u00a0 as custas de um advogado e os gastos com um eventual preju\u00edzo.\u00a0<\/span><\/p>\n<p>&nbsp;<\/p>\n<p><span style=\"font-weight: 400;\">Continue acompanhando <\/span><a href=\"https:\/\/gm.adv.br\/blog\/\" target=\"_blank\" rel=\"noopener\"><span style=\"font-weight: 400;\">nosso blog<\/span><\/a><span style=\"font-weight: 400;\"> e saiba mais informa\u00e7\u00f5es sobre a import\u00e2ncia da sua empresa manter uma assessoria jur\u00eddica permanente.\u00a0<\/span><\/p>\n<p><img loading=\"lazy\" decoding=\"async\" class=\"alignnone wp-image-4188 size-full\" src=\"https:\/\/www.gm.adv.br\/site\/wp-content\/uploads\/2023\/02\/converse-agora-com-um-advogado-especialista.webp\" alt=\"\" width=\"750\" height=\"150\" \/><\/p>\n","protected":false},"excerpt":{"rendered":"<p>O setor imobili\u00e1rio \u00e9 um dos ramos mais importantes da economia. Muitas empresas t\u00eam movimentado grandes somas em opera\u00e7\u00f5es de compra e venda de im\u00f3veis. Entenda a import\u00e2ncia de um advogado neste sistema.<\/p>\n","protected":false},"author":1,"featured_media":4151,"comment_status":"closed","ping_status":"closed","sticky":false,"template":"","format":"standard","meta":{"footnotes":""},"categories":[79],"tags":[],"class_list":["post-4150","post","type-post","status-publish","format-standard","has-post-thumbnail","hentry","category-direito-imobiliario"],"yoast_head":"<!-- This site is optimized with the Yoast SEO plugin v27.5 - https:\/\/yoast.com\/product\/yoast-seo-wordpress\/ -->\n<title>Qual o papel de um advogadona compra e venda de im\u00f3veis?<\/title>\n<meta name=\"description\" content=\"O setor imobili\u00e1rio \u00e9 um dos ramos mais importantes da economia. Empresas movimentam grandes somas em opera\u00e7\u00f5es de compra e venda de im\u00f3veis.\" \/>\n<meta name=\"robots\" content=\"index, follow, max-snippet:-1, max-image-preview:large, max-video-preview:-1\" \/>\n<link rel=\"canonical\" href=\"https:\/\/www.gm.adv.br\/site\/2023\/02\/23\/qual-o-papel-de-um-advogado-junto-a-uma-empresa-na-compra-e-venda-de-imoveis\/\" \/>\n<meta property=\"og:locale\" content=\"pt_BR\" \/>\n<meta property=\"og:type\" content=\"article\" \/>\n<meta property=\"og:title\" content=\"Qual o papel de um advogadona compra e venda de im\u00f3veis?\" \/>\n<meta property=\"og:description\" content=\"O setor imobili\u00e1rio \u00e9 um dos ramos mais importantes da economia. Empresas movimentam grandes somas em opera\u00e7\u00f5es de compra e venda de im\u00f3veis.\" \/>\n<meta property=\"og:url\" content=\"https:\/\/www.gm.adv.br\/site\/2023\/02\/23\/qual-o-papel-de-um-advogado-junto-a-uma-empresa-na-compra-e-venda-de-imoveis\/\" \/>\n<meta property=\"og:site_name\" content=\"Guaresi &amp; Mill\u00e9o Advogados Associados | Escrit\u00f3rio de Advocacia em Conc\u00f3rdia-SC | 30 Anos de Experi\u00eancia\" \/>\n<meta property=\"article:publisher\" content=\"https:\/\/www.facebook.com\/GuaresiMilleoAdvogados\" \/>\n<meta property=\"article:published_time\" content=\"2023-02-23T17:54:42+00:00\" \/>\n<meta property=\"og:image\" content=\"https:\/\/www.gm.adv.br\/site\/wp-content\/uploads\/2023\/02\/compra-e-venda-de-imoveis-jpg.webp\" \/>\n\t<meta property=\"og:image:width\" content=\"800\" \/>\n\t<meta property=\"og:image:height\" content=\"800\" \/>\n\t<meta property=\"og:image:type\" content=\"image\/webp\" \/>\n<meta name=\"author\" content=\"admin\" \/>\n<meta name=\"twitter:card\" content=\"summary_large_image\" \/>\n<meta name=\"twitter:label1\" content=\"Escrito por\" \/>\n\t<meta name=\"twitter:data1\" content=\"admin\" \/>\n\t<meta name=\"twitter:label2\" content=\"Est. tempo de leitura\" \/>\n\t<meta name=\"twitter:data2\" content=\"5 minutos\" \/>\n<script type=\"application\/ld+json\" class=\"yoast-schema-graph\">{\"@context\":\"https:\\\/\\\/schema.org\",\"@graph\":[{\"@type\":\"Article\",\"@id\":\"https:\\\/\\\/www.gm.adv.br\\\/site\\\/2023\\\/02\\\/23\\\/qual-o-papel-de-um-advogado-junto-a-uma-empresa-na-compra-e-venda-de-imoveis\\\/#article\",\"isPartOf\":{\"@id\":\"https:\\\/\\\/www.gm.adv.br\\\/site\\\/2023\\\/02\\\/23\\\/qual-o-papel-de-um-advogado-junto-a-uma-empresa-na-compra-e-venda-de-imoveis\\\/\"},\"author\":{\"name\":\"admin\",\"@id\":\"https:\\\/\\\/www.gm.adv.br\\\/site\\\/#\\\/schema\\\/person\\\/7d633a2abab0d9b94253af6efc36428f\"},\"headline\":\"Qual o papel de um advogado junto a uma empresa, na compra e venda de im\u00f3veis?\",\"datePublished\":\"2023-02-23T17:54:42+00:00\",\"mainEntityOfPage\":{\"@id\":\"https:\\\/\\\/www.gm.adv.br\\\/site\\\/2023\\\/02\\\/23\\\/qual-o-papel-de-um-advogado-junto-a-uma-empresa-na-compra-e-venda-de-imoveis\\\/\"},\"wordCount\":846,\"publisher\":{\"@id\":\"https:\\\/\\\/www.gm.adv.br\\\/site\\\/#organization\"},\"image\":{\"@id\":\"https:\\\/\\\/www.gm.adv.br\\\/site\\\/2023\\\/02\\\/23\\\/qual-o-papel-de-um-advogado-junto-a-uma-empresa-na-compra-e-venda-de-imoveis\\\/#primaryimage\"},\"thumbnailUrl\":\"https:\\\/\\\/www.gm.adv.br\\\/site\\\/wp-content\\\/uploads\\\/2023\\\/02\\\/compra-e-venda-de-imoveis-jpg.webp\",\"articleSection\":[\"Direito Imobili\u00e1rio\"],\"inLanguage\":\"pt-BR\"},{\"@type\":\"WebPage\",\"@id\":\"https:\\\/\\\/www.gm.adv.br\\\/site\\\/2023\\\/02\\\/23\\\/qual-o-papel-de-um-advogado-junto-a-uma-empresa-na-compra-e-venda-de-imoveis\\\/\",\"url\":\"https:\\\/\\\/www.gm.adv.br\\\/site\\\/2023\\\/02\\\/23\\\/qual-o-papel-de-um-advogado-junto-a-uma-empresa-na-compra-e-venda-de-imoveis\\\/\",\"name\":\"Qual o papel de um advogadona compra e venda de im\u00f3veis?\",\"isPartOf\":{\"@id\":\"https:\\\/\\\/www.gm.adv.br\\\/site\\\/#website\"},\"primaryImageOfPage\":{\"@id\":\"https:\\\/\\\/www.gm.adv.br\\\/site\\\/2023\\\/02\\\/23\\\/qual-o-papel-de-um-advogado-junto-a-uma-empresa-na-compra-e-venda-de-imoveis\\\/#primaryimage\"},\"image\":{\"@id\":\"https:\\\/\\\/www.gm.adv.br\\\/site\\\/2023\\\/02\\\/23\\\/qual-o-papel-de-um-advogado-junto-a-uma-empresa-na-compra-e-venda-de-imoveis\\\/#primaryimage\"},\"thumbnailUrl\":\"https:\\\/\\\/www.gm.adv.br\\\/site\\\/wp-content\\\/uploads\\\/2023\\\/02\\\/compra-e-venda-de-imoveis-jpg.webp\",\"datePublished\":\"2023-02-23T17:54:42+00:00\",\"description\":\"O setor imobili\u00e1rio \u00e9 um dos ramos mais importantes da economia. Empresas movimentam grandes somas em opera\u00e7\u00f5es de compra e venda de im\u00f3veis.\",\"breadcrumb\":{\"@id\":\"https:\\\/\\\/www.gm.adv.br\\\/site\\\/2023\\\/02\\\/23\\\/qual-o-papel-de-um-advogado-junto-a-uma-empresa-na-compra-e-venda-de-imoveis\\\/#breadcrumb\"},\"inLanguage\":\"pt-BR\",\"potentialAction\":[{\"@type\":\"ReadAction\",\"target\":[\"https:\\\/\\\/www.gm.adv.br\\\/site\\\/2023\\\/02\\\/23\\\/qual-o-papel-de-um-advogado-junto-a-uma-empresa-na-compra-e-venda-de-imoveis\\\/\"]}]},{\"@type\":\"ImageObject\",\"inLanguage\":\"pt-BR\",\"@id\":\"https:\\\/\\\/www.gm.adv.br\\\/site\\\/2023\\\/02\\\/23\\\/qual-o-papel-de-um-advogado-junto-a-uma-empresa-na-compra-e-venda-de-imoveis\\\/#primaryimage\",\"url\":\"https:\\\/\\\/www.gm.adv.br\\\/site\\\/wp-content\\\/uploads\\\/2023\\\/02\\\/compra-e-venda-de-imoveis-jpg.webp\",\"contentUrl\":\"https:\\\/\\\/www.gm.adv.br\\\/site\\\/wp-content\\\/uploads\\\/2023\\\/02\\\/compra-e-venda-de-imoveis-jpg.webp\",\"width\":800,\"height\":800,\"caption\":\"Profissionais habilitados na compra e venda de im\u00f3veis\"},{\"@type\":\"BreadcrumbList\",\"@id\":\"https:\\\/\\\/www.gm.adv.br\\\/site\\\/2023\\\/02\\\/23\\\/qual-o-papel-de-um-advogado-junto-a-uma-empresa-na-compra-e-venda-de-imoveis\\\/#breadcrumb\",\"itemListElement\":[{\"@type\":\"ListItem\",\"position\":1,\"name\":\"In\u00edcio\",\"item\":\"https:\\\/\\\/www.gm.adv.br\\\/site\\\/\"},{\"@type\":\"ListItem\",\"position\":2,\"name\":\"Qual o papel de um advogado junto a uma empresa, na compra e venda de im\u00f3veis?\"}]},{\"@type\":\"WebSite\",\"@id\":\"https:\\\/\\\/www.gm.adv.br\\\/site\\\/#website\",\"url\":\"https:\\\/\\\/www.gm.adv.br\\\/site\\\/\",\"name\":\"Guaresi & Mill\u00e9o Advogados Associados | Escrit\u00f3rio de Advocacia em Conc\u00f3rdia-SC | 30 Anos de Experi\u00eanci\",\"description\":\"Advocacia Direito Banc\u00e1rio, Tribut\u00e1rio, Trabalhista, C\u00edvil, P\u00fablica, Municipal, Advogados Associados Guaresi e Mill\u00e9o  |  Conc\u00f3rdia SC\",\"publisher\":{\"@id\":\"https:\\\/\\\/www.gm.adv.br\\\/site\\\/#organization\"},\"alternateName\":\"Guaresi e Mill\u00e9o Escrit\u00f3rio de Advocacia e Consultoria em Conc\u00f3rdia-SC\",\"potentialAction\":[{\"@type\":\"SearchAction\",\"target\":{\"@type\":\"EntryPoint\",\"urlTemplate\":\"https:\\\/\\\/www.gm.adv.br\\\/site\\\/?s={search_term_string}\"},\"query-input\":{\"@type\":\"PropertyValueSpecification\",\"valueRequired\":true,\"valueName\":\"search_term_string\"}}],\"inLanguage\":\"pt-BR\"},{\"@type\":\"Organization\",\"@id\":\"https:\\\/\\\/www.gm.adv.br\\\/site\\\/#organization\",\"name\":\"Guaresi & Milleo Advogados Associados em Conc\u00f3rdia SC\",\"alternateName\":\"Guaresi e Milleo Advocacia e Consultoria\",\"url\":\"https:\\\/\\\/www.gm.adv.br\\\/site\\\/\",\"logo\":{\"@type\":\"ImageObject\",\"inLanguage\":\"pt-BR\",\"@id\":\"https:\\\/\\\/www.gm.adv.br\\\/site\\\/#\\\/schema\\\/logo\\\/image\\\/\",\"url\":\"https:\\\/\\\/www.gm.adv.br\\\/site\\\/wp-content\\\/uploads\\\/2025\\\/07\\\/cropped-icone-512.webp\",\"contentUrl\":\"https:\\\/\\\/www.gm.adv.br\\\/site\\\/wp-content\\\/uploads\\\/2025\\\/07\\\/cropped-icone-512.webp\",\"width\":512,\"height\":512,\"caption\":\"Guaresi & Milleo Advogados Associados em Conc\u00f3rdia SC\"},\"image\":{\"@id\":\"https:\\\/\\\/www.gm.adv.br\\\/site\\\/#\\\/schema\\\/logo\\\/image\\\/\"},\"sameAs\":[\"https:\\\/\\\/www.facebook.com\\\/GuaresiMilleoAdvogados\",\"https:\\\/\\\/www.instagram.com\\\/guaresiemilleo\\\/\",\"https:\\\/\\\/br.linkedin.com\\\/company\\\/guaresimilleo\"]},{\"@type\":\"Person\",\"@id\":\"https:\\\/\\\/www.gm.adv.br\\\/site\\\/#\\\/schema\\\/person\\\/7d633a2abab0d9b94253af6efc36428f\",\"name\":\"admin\",\"image\":{\"@type\":\"ImageObject\",\"inLanguage\":\"pt-BR\",\"@id\":\"https:\\\/\\\/secure.gravatar.com\\\/avatar\\\/c8bb173d280f7d1e50b67bb649de269247430499695ba3ee451b6289436d1d39?s=96&d=mm&r=g\",\"url\":\"https:\\\/\\\/secure.gravatar.com\\\/avatar\\\/c8bb173d280f7d1e50b67bb649de269247430499695ba3ee451b6289436d1d39?s=96&d=mm&r=g\",\"contentUrl\":\"https:\\\/\\\/secure.gravatar.com\\\/avatar\\\/c8bb173d280f7d1e50b67bb649de269247430499695ba3ee451b6289436d1d39?s=96&d=mm&r=g\",\"caption\":\"admin\"},\"sameAs\":[\"https:\\\/\\\/www.gm.adv.br\\\/site\"],\"url\":\"https:\\\/\\\/www.gm.adv.br\\\/site\\\/author\\\/admin\\\/\"}]}<\/script>\n<!-- \/ Yoast SEO plugin. -->","yoast_head_json":{"title":"Qual o papel de um advogadona compra e venda de im\u00f3veis?","description":"O setor imobili\u00e1rio \u00e9 um dos ramos mais importantes da economia. Empresas movimentam grandes somas em opera\u00e7\u00f5es de compra e venda de im\u00f3veis.","robots":{"index":"index","follow":"follow","max-snippet":"max-snippet:-1","max-image-preview":"max-image-preview:large","max-video-preview":"max-video-preview:-1"},"canonical":"https:\/\/www.gm.adv.br\/site\/2023\/02\/23\/qual-o-papel-de-um-advogado-junto-a-uma-empresa-na-compra-e-venda-de-imoveis\/","og_locale":"pt_BR","og_type":"article","og_title":"Qual o papel de um advogadona compra e venda de im\u00f3veis?","og_description":"O setor imobili\u00e1rio \u00e9 um dos ramos mais importantes da economia. Empresas movimentam grandes somas em opera\u00e7\u00f5es de compra e venda de im\u00f3veis.","og_url":"https:\/\/www.gm.adv.br\/site\/2023\/02\/23\/qual-o-papel-de-um-advogado-junto-a-uma-empresa-na-compra-e-venda-de-imoveis\/","og_site_name":"Guaresi &amp; Mill\u00e9o Advogados Associados | Escrit\u00f3rio de Advocacia em Conc\u00f3rdia-SC | 30 Anos de Experi\u00eancia","article_publisher":"https:\/\/www.facebook.com\/GuaresiMilleoAdvogados","article_published_time":"2023-02-23T17:54:42+00:00","og_image":[{"width":800,"height":800,"url":"https:\/\/www.gm.adv.br\/site\/wp-content\/uploads\/2023\/02\/compra-e-venda-de-imoveis-jpg.webp","type":"image\/webp"}],"author":"admin","twitter_card":"summary_large_image","twitter_misc":{"Escrito por":"admin","Est. tempo de leitura":"5 minutos"},"schema":{"@context":"https:\/\/schema.org","@graph":[{"@type":"Article","@id":"https:\/\/www.gm.adv.br\/site\/2023\/02\/23\/qual-o-papel-de-um-advogado-junto-a-uma-empresa-na-compra-e-venda-de-imoveis\/#article","isPartOf":{"@id":"https:\/\/www.gm.adv.br\/site\/2023\/02\/23\/qual-o-papel-de-um-advogado-junto-a-uma-empresa-na-compra-e-venda-de-imoveis\/"},"author":{"name":"admin","@id":"https:\/\/www.gm.adv.br\/site\/#\/schema\/person\/7d633a2abab0d9b94253af6efc36428f"},"headline":"Qual o papel de um advogado junto a uma empresa, na compra e venda de im\u00f3veis?","datePublished":"2023-02-23T17:54:42+00:00","mainEntityOfPage":{"@id":"https:\/\/www.gm.adv.br\/site\/2023\/02\/23\/qual-o-papel-de-um-advogado-junto-a-uma-empresa-na-compra-e-venda-de-imoveis\/"},"wordCount":846,"publisher":{"@id":"https:\/\/www.gm.adv.br\/site\/#organization"},"image":{"@id":"https:\/\/www.gm.adv.br\/site\/2023\/02\/23\/qual-o-papel-de-um-advogado-junto-a-uma-empresa-na-compra-e-venda-de-imoveis\/#primaryimage"},"thumbnailUrl":"https:\/\/www.gm.adv.br\/site\/wp-content\/uploads\/2023\/02\/compra-e-venda-de-imoveis-jpg.webp","articleSection":["Direito Imobili\u00e1rio"],"inLanguage":"pt-BR"},{"@type":"WebPage","@id":"https:\/\/www.gm.adv.br\/site\/2023\/02\/23\/qual-o-papel-de-um-advogado-junto-a-uma-empresa-na-compra-e-venda-de-imoveis\/","url":"https:\/\/www.gm.adv.br\/site\/2023\/02\/23\/qual-o-papel-de-um-advogado-junto-a-uma-empresa-na-compra-e-venda-de-imoveis\/","name":"Qual o papel de um advogadona compra e venda de im\u00f3veis?","isPartOf":{"@id":"https:\/\/www.gm.adv.br\/site\/#website"},"primaryImageOfPage":{"@id":"https:\/\/www.gm.adv.br\/site\/2023\/02\/23\/qual-o-papel-de-um-advogado-junto-a-uma-empresa-na-compra-e-venda-de-imoveis\/#primaryimage"},"image":{"@id":"https:\/\/www.gm.adv.br\/site\/2023\/02\/23\/qual-o-papel-de-um-advogado-junto-a-uma-empresa-na-compra-e-venda-de-imoveis\/#primaryimage"},"thumbnailUrl":"https:\/\/www.gm.adv.br\/site\/wp-content\/uploads\/2023\/02\/compra-e-venda-de-imoveis-jpg.webp","datePublished":"2023-02-23T17:54:42+00:00","description":"O setor imobili\u00e1rio \u00e9 um dos ramos mais importantes da economia. Empresas movimentam grandes somas em opera\u00e7\u00f5es de compra e venda de im\u00f3veis.","breadcrumb":{"@id":"https:\/\/www.gm.adv.br\/site\/2023\/02\/23\/qual-o-papel-de-um-advogado-junto-a-uma-empresa-na-compra-e-venda-de-imoveis\/#breadcrumb"},"inLanguage":"pt-BR","potentialAction":[{"@type":"ReadAction","target":["https:\/\/www.gm.adv.br\/site\/2023\/02\/23\/qual-o-papel-de-um-advogado-junto-a-uma-empresa-na-compra-e-venda-de-imoveis\/"]}]},{"@type":"ImageObject","inLanguage":"pt-BR","@id":"https:\/\/www.gm.adv.br\/site\/2023\/02\/23\/qual-o-papel-de-um-advogado-junto-a-uma-empresa-na-compra-e-venda-de-imoveis\/#primaryimage","url":"https:\/\/www.gm.adv.br\/site\/wp-content\/uploads\/2023\/02\/compra-e-venda-de-imoveis-jpg.webp","contentUrl":"https:\/\/www.gm.adv.br\/site\/wp-content\/uploads\/2023\/02\/compra-e-venda-de-imoveis-jpg.webp","width":800,"height":800,"caption":"Profissionais habilitados na compra e venda de im\u00f3veis"},{"@type":"BreadcrumbList","@id":"https:\/\/www.gm.adv.br\/site\/2023\/02\/23\/qual-o-papel-de-um-advogado-junto-a-uma-empresa-na-compra-e-venda-de-imoveis\/#breadcrumb","itemListElement":[{"@type":"ListItem","position":1,"name":"In\u00edcio","item":"https:\/\/www.gm.adv.br\/site\/"},{"@type":"ListItem","position":2,"name":"Qual o papel de um advogado junto a uma empresa, na compra e venda de im\u00f3veis?"}]},{"@type":"WebSite","@id":"https:\/\/www.gm.adv.br\/site\/#website","url":"https:\/\/www.gm.adv.br\/site\/","name":"Guaresi & Mill\u00e9o Advogados Associados | Escrit\u00f3rio de Advocacia em Conc\u00f3rdia-SC | 30 Anos de Experi\u00eanci","description":"Advocacia Direito Banc\u00e1rio, Tribut\u00e1rio, Trabalhista, C\u00edvil, P\u00fablica, Municipal, Advogados Associados Guaresi e Mill\u00e9o  |  Conc\u00f3rdia SC","publisher":{"@id":"https:\/\/www.gm.adv.br\/site\/#organization"},"alternateName":"Guaresi e Mill\u00e9o Escrit\u00f3rio de Advocacia e Consultoria em Conc\u00f3rdia-SC","potentialAction":[{"@type":"SearchAction","target":{"@type":"EntryPoint","urlTemplate":"https:\/\/www.gm.adv.br\/site\/?s={search_term_string}"},"query-input":{"@type":"PropertyValueSpecification","valueRequired":true,"valueName":"search_term_string"}}],"inLanguage":"pt-BR"},{"@type":"Organization","@id":"https:\/\/www.gm.adv.br\/site\/#organization","name":"Guaresi & Milleo Advogados Associados em Conc\u00f3rdia SC","alternateName":"Guaresi e Milleo Advocacia e Consultoria","url":"https:\/\/www.gm.adv.br\/site\/","logo":{"@type":"ImageObject","inLanguage":"pt-BR","@id":"https:\/\/www.gm.adv.br\/site\/#\/schema\/logo\/image\/","url":"https:\/\/www.gm.adv.br\/site\/wp-content\/uploads\/2025\/07\/cropped-icone-512.webp","contentUrl":"https:\/\/www.gm.adv.br\/site\/wp-content\/uploads\/2025\/07\/cropped-icone-512.webp","width":512,"height":512,"caption":"Guaresi & Milleo Advogados Associados em Conc\u00f3rdia SC"},"image":{"@id":"https:\/\/www.gm.adv.br\/site\/#\/schema\/logo\/image\/"},"sameAs":["https:\/\/www.facebook.com\/GuaresiMilleoAdvogados","https:\/\/www.instagram.com\/guaresiemilleo\/","https:\/\/br.linkedin.com\/company\/guaresimilleo"]},{"@type":"Person","@id":"https:\/\/www.gm.adv.br\/site\/#\/schema\/person\/7d633a2abab0d9b94253af6efc36428f","name":"admin","image":{"@type":"ImageObject","inLanguage":"pt-BR","@id":"https:\/\/secure.gravatar.com\/avatar\/c8bb173d280f7d1e50b67bb649de269247430499695ba3ee451b6289436d1d39?s=96&d=mm&r=g","url":"https:\/\/secure.gravatar.com\/avatar\/c8bb173d280f7d1e50b67bb649de269247430499695ba3ee451b6289436d1d39?s=96&d=mm&r=g","contentUrl":"https:\/\/secure.gravatar.com\/avatar\/c8bb173d280f7d1e50b67bb649de269247430499695ba3ee451b6289436d1d39?s=96&d=mm&r=g","caption":"admin"},"sameAs":["https:\/\/www.gm.adv.br\/site"],"url":"https:\/\/www.gm.adv.br\/site\/author\/admin\/"}]}},"_links":{"self":[{"href":"https:\/\/www.gm.adv.br\/site\/wp-json\/wp\/v2\/posts\/4150","targetHints":{"allow":["GET"]}}],"collection":[{"href":"https:\/\/www.gm.adv.br\/site\/wp-json\/wp\/v2\/posts"}],"about":[{"href":"https:\/\/www.gm.adv.br\/site\/wp-json\/wp\/v2\/types\/post"}],"author":[{"embeddable":true,"href":"https:\/\/www.gm.adv.br\/site\/wp-json\/wp\/v2\/users\/1"}],"replies":[{"embeddable":true,"href":"https:\/\/www.gm.adv.br\/site\/wp-json\/wp\/v2\/comments?post=4150"}],"version-history":[{"count":0,"href":"https:\/\/www.gm.adv.br\/site\/wp-json\/wp\/v2\/posts\/4150\/revisions"}],"wp:featuredmedia":[{"embeddable":true,"href":"https:\/\/www.gm.adv.br\/site\/wp-json\/wp\/v2\/media\/4151"}],"wp:attachment":[{"href":"https:\/\/www.gm.adv.br\/site\/wp-json\/wp\/v2\/media?parent=4150"}],"wp:term":[{"taxonomy":"category","embeddable":true,"href":"https:\/\/www.gm.adv.br\/site\/wp-json\/wp\/v2\/categories?post=4150"},{"taxonomy":"post_tag","embeddable":true,"href":"https:\/\/www.gm.adv.br\/site\/wp-json\/wp\/v2\/tags?post=4150"}],"curies":[{"name":"wp","href":"https:\/\/api.w.org\/{rel}","templated":true}]}}