{"id":4138,"date":"2023-01-19T08:27:52","date_gmt":"2023-01-19T11:27:52","guid":{"rendered":"https:\/\/gm.adv.br\/?p=4138"},"modified":"2023-01-19T08:27:52","modified_gmt":"2023-01-19T11:27:52","slug":"quais-profissionais-tem-direito-de-abater-o-saldo-devedor-do-fies","status":"publish","type":"post","link":"https:\/\/www.gm.adv.br\/site\/2023\/01\/19\/quais-profissionais-tem-direito-de-abater-o-saldo-devedor-do-fies\/","title":{"rendered":"Quais profissionais t\u00eam direito de abater o saldo devedor do FIES?"},"content":{"rendered":"<p><span style=\"font-weight: 400;\">Alguns profissionais que receberam o benef\u00edcio do Financiamento Estudantil, FIES, durante a gradua\u00e7\u00e3o, tem o direito de pedir o abatimento de 1% do saldo devedor <\/span><span style=\"font-weight: 400;\">mensalmente<\/span><span style=\"font-weight: 400;\">. Veja quais s\u00e3o e como proceder.<\/span><\/p>\n<p><!--more--><\/p>\n<p><span style=\"font-weight: 400;\">Os alunos que foram aprovados em faculdades particulares e n\u00e3o t\u00eam condi\u00e7\u00f5es financeiras de arcar com as mensalidades, acabam recorrendo a bolsas de estudo ou ao Financiamento Estudantil, o FIES.\u00a0 Este programa foi criado pelo Minist\u00e9rio da Educa\u00e7\u00e3o em 2001, com o objetivo de auxiliar in\u00fameros estudantes a ingressarem no ensino superior particular.<\/span><\/p>\n<p><span style=\"font-weight: 400;\">Esta modalidade tem o formato de conceder empr\u00e9stimo, cujo valor ser\u00e1 devolvido ap\u00f3s a conclus\u00e3o da gradua\u00e7\u00e3o. Outra vantagem \u00e9 que o pagamento \u00e9 facilitado e as taxas de juros bem reduzidas se comparados aos empr\u00e9stimos comuns, em alguns casos, podem chegar a zero.<\/span><\/p>\n<p><span style=\"font-weight: 400;\">Mas \u00e9 importante refor\u00e7ar que esse financiamento s\u00f3 pode ser utilizado para cobrir as mensalidades de cursos que foram avaliados de forma positiva pelo Sistema Nacional de Avalia\u00e7\u00e3o da Educa\u00e7\u00e3o Superior. Ainda \u00e9 oferecido por institui\u00e7\u00f5es de ensino que se habilitaram a fazer parte do programa.<\/span><\/p>\n<p><span style=\"font-weight: 400;\">Outro detalhe importante \u00e9 que somente os estudantes que fizeram provas do Enem a partir de 2010, \u00e9 que podem contratar o financiamento.<\/span><\/p>\n<p>&nbsp;<\/p>\n<h2><span style=\"font-weight: 400;\">Como ocorre a devolu\u00e7\u00e3o do dinheiro?<\/span><\/h2>\n<p><span style=\"font-weight: 400;\">A partir de 2018, ocorreram algumas mudan\u00e7as no que diz respeito\u00a0 \u00e0 forma de quitar as presta\u00e7\u00f5es. Uma das principais novidades do novo FIES, \u00e9 com rela\u00e7\u00e3o ao pagamento do financiamento contra\u00eddo. At\u00e9 2018, os estudantes tinham at\u00e9 18 meses depois de se formar para come\u00e7ar a pagar a d\u00edvida, chamado de per\u00edodo de car\u00eancia.<\/span><\/p>\n<p><span style=\"font-weight: 400;\">Ap\u00f3s a cria\u00e7\u00e3o do novo FIES, os estudantes come\u00e7aram a pagar a d\u00edvida assim que se formaram. Ao concluir o curso, <\/span><span style=\"font-weight: 400;\">em caso de abrir <\/span><span style=\"font-weight: 400;\">empresa ou conseguir um emprego formal, as parcelas v\u00e3o sendo descontadas diretamente da fonte, segundo c\u00e1lculo feito pelo programa.<\/span><\/p>\n<p><span style=\"font-weight: 400;\">No caso de voc\u00ea n\u00e3o ter renda, no per\u00edodo chamado de amortiza\u00e7\u00e3o, voc\u00ea ter\u00e1 que fazer pagamento m\u00ednimo de uma presta\u00e7\u00e3o mensal.\u00a0<\/span><\/p>\n<p>&nbsp;<\/p>\n<h2><span style=\"font-weight: 400;\">O que diz a Lei sobre o abatimento?<\/span><\/h2>\n<p><span style=\"font-weight: 400;\">A Lei n\u00b0 12.202 de janeiro de 2010 do Governo Federal disp\u00f5e sobre a possibilidade de abatimento do saldo devedor do FIES, aos profissionais do Magist\u00e9rio P\u00fablico e M\u00e9dicos dos programas de Sa\u00fade da Fam\u00edlia. Ainda orientada para a utiliza\u00e7\u00e3o de d\u00e9bitos com o INSS como cr\u00e9dito do FIES pelas institui\u00e7\u00f5es de ensino.<\/span><\/p>\n<p><span style=\"font-weight: 400;\">Na \u00faltima modifica\u00e7\u00e3o da referida Lei, no Artigo 6\u00b0 B, diz que o FIES poder\u00e1 abater, na forma de regulamento, todos os meses, 1% do saldo devedor consolidado, incluindo os juros devidos durante o per\u00edodo. Este abatimento ocorre\u00a0 para quem contratou o financiamento a<\/span><span style=\"font-weight: 400;\">t\u00e9 segundo semestre de 2017.<\/span><\/p>\n<p><span style=\"font-weight: 400;\">Um detalhe importante \u00e9 que este abatimento beneficia duas categorias de profissionais:<\/span><\/p>\n<ul>\n<li style=\"font-weight: 400;\" aria-level=\"1\"><span style=\"font-weight: 400;\">M\u00e9dicos integrantes de equipe de sa\u00fade da fam\u00edlia oficialmente cadastrada, com atua\u00e7\u00e3o em \u00e1reas e regi\u00f5es com car\u00eancia e dificuldade de reter estes profissionais atuando;<\/span><\/li>\n<li style=\"font-weight: 400;\" aria-level=\"1\"><span style=\"font-weight: 400;\">Professor efetivo atuando na rede p\u00fablica do ensino b\u00e1sico com uma jornada de no m\u00ednimo 20 horas semanais, que tenha gradua\u00e7\u00e3o em licenciatura.<\/span><\/li>\n<\/ul>\n<p><span style=\"font-weight: 400;\">Entenda quais s\u00e3o os requisitos para cada profissional requerer o abatimento:<\/span><\/p>\n<p><a href=\"https:\/\/api.whatsapp.com\/send?phone=+5549984376950&amp;text=Ol%C3%A1\"><img loading=\"lazy\" decoding=\"async\" class=\"alignnone wp-image-4192 size-full\" src=\"https:\/\/www.gm.adv.br\/site\/wp-content\/uploads\/2022\/08\/converse-agora-com-um-advogado-especialista.webp\" alt=\"\" width=\"750\" height=\"150\" \/><\/a><\/p>\n<h2><span style=\"font-weight: 400;\">Profissionais que se encaixam nesta modalidade<\/span><\/h2>\n<p><span style=\"font-weight: 400;\">Os m\u00e9dicos que <\/span><span style=\"font-weight: 400;\">podem <\/span><span style=\"font-weight: 400;\">receber este abatimento do saldo devedor do FIES, s\u00e3o aqueles que t\u00eam atuado n<\/span><span style=\"font-weight: 400;\">a Estrat\u00e9gia da Sa\u00fade da Fam\u00edlia &#8211; ESF<\/span><span style=\"font-weight: 400;\"> de forma cont\u00ednua durante um ano. A jornada de trabalho desse m\u00e9dico deve ter sido de 40 horas semanais.\u00a0 J\u00e1 no caso de trabalhar 32 horas, se enquadra o profissional que atuou com popula\u00e7\u00f5es mais carentes ou ribeirinhas j\u00e1 previamente definidas pelo Minist\u00e9rio da Sa\u00fade.\u00a0<\/span><\/p>\n<p><span style=\"font-weight: 400;\">No caso dos professores, o profissional precisa ser efetivo na rede p\u00fablica de educa\u00e7\u00e3o b\u00e1sica, com uma jornada de trabalho de no m\u00ednimo 20 horas semanais. Neste caso como graduado ou estudante matriculado regularmente em curso de licenciatura. Tamb\u00e9m \u00e9 preciso que esteja trabalhando pelo per\u00edodo de um ano de forma ininterrupta.<\/span><\/p>\n<p><span style=\"font-weight: 400;\">Tamb\u00e9m existe a possibilidade recentemente criada em rela\u00e7\u00e3o aos enfermeiros e outros profissionais da sa\u00fade que atuaram no per\u00edodo de pandemia de COVID-19 no atendimento do SUS. Em tese de 20\/03\/2020 at\u00e9 31\/12\/2020, posteriormente prorrogado at\u00e9 31\/12\/2021 pelo STF e novamente pelo Governo Federal at\u00e9 23\/05\/2022.<\/span><\/p>\n<p><span style=\"font-weight: 400;\">E ent\u00e3o, voc\u00ea est\u00e1 dentro destas regras e ainda n\u00e3o sabia como buscar este abatimento no saldo devedor? Com estas informa\u00e7\u00f5es voc\u00ea j\u00e1 pode se cadastrar.<\/span><\/p>\n<p><span style=\"font-weight: 400;\">Continue acompanhando<\/span><a href=\"https:\/\/gm.adv.br\/blog\/\" target=\"_blank\" rel=\"noopener\"><span style=\"font-weight: 400;\"> nosso blog <\/span><\/a><span style=\"font-weight: 400;\">e saiba mais.<\/span><\/p>\n<p>&nbsp;<\/p>\n","protected":false},"excerpt":{"rendered":"<p>Alguns profissionais que receberam o benef\u00edcio do Financiamento Estudantil, FIES, durante a gradua\u00e7\u00e3o, tem o direito de pedir o abatimento de 1% do saldo devedor mensalmente. Veja quais s\u00e3o e como proceder.<\/p>\n","protected":false},"author":1,"featured_media":4139,"comment_status":"closed","ping_status":"closed","sticky":false,"template":"","format":"standard","meta":{"footnotes":""},"categories":[73],"tags":[],"class_list":["post-4138","post","type-post","status-publish","format-standard","has-post-thumbnail","hentry","category-artigos"],"yoast_head":"<!-- This site is optimized with the Yoast SEO plugin v27.5 - https:\/\/yoast.com\/product\/yoast-seo-wordpress\/ -->\n<title>FIES: Quais profissionais t\u00eam direito de abater o saldo devedor?<\/title>\n<meta name=\"description\" content=\"Alguns profissionais que receberam o benef\u00edcio do FIES, durante a gradua\u00e7\u00e3o, tem o direito de pedir o abatimento de 1% do saldo devedor.\" \/>\n<meta name=\"robots\" content=\"index, follow, max-snippet:-1, max-image-preview:large, max-video-preview:-1\" \/>\n<link rel=\"canonical\" href=\"https:\/\/www.gm.adv.br\/site\/2023\/01\/19\/quais-profissionais-tem-direito-de-abater-o-saldo-devedor-do-fies\/\" \/>\n<meta property=\"og:locale\" content=\"pt_BR\" \/>\n<meta property=\"og:type\" content=\"article\" \/>\n<meta property=\"og:title\" content=\"FIES: Quais profissionais t\u00eam direito de abater o saldo devedor?\" \/>\n<meta property=\"og:description\" content=\"Alguns profissionais que receberam o benef\u00edcio do FIES, durante a gradua\u00e7\u00e3o, tem o direito de pedir o abatimento de 1% do saldo devedor.\" \/>\n<meta property=\"og:url\" content=\"https:\/\/www.gm.adv.br\/site\/2023\/01\/19\/quais-profissionais-tem-direito-de-abater-o-saldo-devedor-do-fies\/\" \/>\n<meta property=\"og:site_name\" content=\"Guaresi &amp; Mill\u00e9o Advogados Associados | Escrit\u00f3rio de Advocacia em Conc\u00f3rdia-SC | 30 Anos de Experi\u00eancia\" \/>\n<meta property=\"article:publisher\" content=\"https:\/\/www.facebook.com\/GuaresiMilleoAdvogados\" \/>\n<meta property=\"article:published_time\" content=\"2023-01-19T11:27:52+00:00\" \/>\n<meta property=\"og:image\" content=\"https:\/\/www.gm.adv.br\/site\/wp-content\/uploads\/2023\/01\/medicos-e-professores-tem-direito-ao-abatimento-no-fies-jpg.webp\" \/>\n\t<meta property=\"og:image:width\" content=\"800\" \/>\n\t<meta property=\"og:image:height\" content=\"800\" \/>\n\t<meta property=\"og:image:type\" content=\"image\/webp\" \/>\n<meta name=\"author\" content=\"admin\" \/>\n<meta name=\"twitter:card\" content=\"summary_large_image\" \/>\n<meta name=\"twitter:label1\" content=\"Escrito por\" \/>\n\t<meta name=\"twitter:data1\" content=\"admin\" \/>\n\t<meta name=\"twitter:label2\" content=\"Est. tempo de leitura\" \/>\n\t<meta name=\"twitter:data2\" content=\"5 minutos\" \/>\n<script type=\"application\/ld+json\" class=\"yoast-schema-graph\">{\"@context\":\"https:\\\/\\\/schema.org\",\"@graph\":[{\"@type\":\"Article\",\"@id\":\"https:\\\/\\\/www.gm.adv.br\\\/site\\\/2023\\\/01\\\/19\\\/quais-profissionais-tem-direito-de-abater-o-saldo-devedor-do-fies\\\/#article\",\"isPartOf\":{\"@id\":\"https:\\\/\\\/www.gm.adv.br\\\/site\\\/2023\\\/01\\\/19\\\/quais-profissionais-tem-direito-de-abater-o-saldo-devedor-do-fies\\\/\"},\"author\":{\"name\":\"admin\",\"@id\":\"https:\\\/\\\/www.gm.adv.br\\\/site\\\/#\\\/schema\\\/person\\\/7d633a2abab0d9b94253af6efc36428f\"},\"headline\":\"Quais profissionais t\u00eam direito de abater o saldo devedor do FIES?\",\"datePublished\":\"2023-01-19T11:27:52+00:00\",\"mainEntityOfPage\":{\"@id\":\"https:\\\/\\\/www.gm.adv.br\\\/site\\\/2023\\\/01\\\/19\\\/quais-profissionais-tem-direito-de-abater-o-saldo-devedor-do-fies\\\/\"},\"wordCount\":785,\"publisher\":{\"@id\":\"https:\\\/\\\/www.gm.adv.br\\\/site\\\/#organization\"},\"image\":{\"@id\":\"https:\\\/\\\/www.gm.adv.br\\\/site\\\/2023\\\/01\\\/19\\\/quais-profissionais-tem-direito-de-abater-o-saldo-devedor-do-fies\\\/#primaryimage\"},\"thumbnailUrl\":\"https:\\\/\\\/www.gm.adv.br\\\/site\\\/wp-content\\\/uploads\\\/2023\\\/01\\\/medicos-e-professores-tem-direito-ao-abatimento-no-fies-jpg.webp\",\"articleSection\":[\"Noticias\"],\"inLanguage\":\"pt-BR\"},{\"@type\":\"WebPage\",\"@id\":\"https:\\\/\\\/www.gm.adv.br\\\/site\\\/2023\\\/01\\\/19\\\/quais-profissionais-tem-direito-de-abater-o-saldo-devedor-do-fies\\\/\",\"url\":\"https:\\\/\\\/www.gm.adv.br\\\/site\\\/2023\\\/01\\\/19\\\/quais-profissionais-tem-direito-de-abater-o-saldo-devedor-do-fies\\\/\",\"name\":\"FIES: Quais profissionais t\u00eam direito de abater o saldo devedor?\",\"isPartOf\":{\"@id\":\"https:\\\/\\\/www.gm.adv.br\\\/site\\\/#website\"},\"primaryImageOfPage\":{\"@id\":\"https:\\\/\\\/www.gm.adv.br\\\/site\\\/2023\\\/01\\\/19\\\/quais-profissionais-tem-direito-de-abater-o-saldo-devedor-do-fies\\\/#primaryimage\"},\"image\":{\"@id\":\"https:\\\/\\\/www.gm.adv.br\\\/site\\\/2023\\\/01\\\/19\\\/quais-profissionais-tem-direito-de-abater-o-saldo-devedor-do-fies\\\/#primaryimage\"},\"thumbnailUrl\":\"https:\\\/\\\/www.gm.adv.br\\\/site\\\/wp-content\\\/uploads\\\/2023\\\/01\\\/medicos-e-professores-tem-direito-ao-abatimento-no-fies-jpg.webp\",\"datePublished\":\"2023-01-19T11:27:52+00:00\",\"description\":\"Alguns profissionais que receberam o benef\u00edcio do FIES, durante a gradua\u00e7\u00e3o, tem o direito de pedir o abatimento de 1% do saldo devedor.\",\"breadcrumb\":{\"@id\":\"https:\\\/\\\/www.gm.adv.br\\\/site\\\/2023\\\/01\\\/19\\\/quais-profissionais-tem-direito-de-abater-o-saldo-devedor-do-fies\\\/#breadcrumb\"},\"inLanguage\":\"pt-BR\",\"potentialAction\":[{\"@type\":\"ReadAction\",\"target\":[\"https:\\\/\\\/www.gm.adv.br\\\/site\\\/2023\\\/01\\\/19\\\/quais-profissionais-tem-direito-de-abater-o-saldo-devedor-do-fies\\\/\"]}]},{\"@type\":\"ImageObject\",\"inLanguage\":\"pt-BR\",\"@id\":\"https:\\\/\\\/www.gm.adv.br\\\/site\\\/2023\\\/01\\\/19\\\/quais-profissionais-tem-direito-de-abater-o-saldo-devedor-do-fies\\\/#primaryimage\",\"url\":\"https:\\\/\\\/www.gm.adv.br\\\/site\\\/wp-content\\\/uploads\\\/2023\\\/01\\\/medicos-e-professores-tem-direito-ao-abatimento-no-fies-jpg.webp\",\"contentUrl\":\"https:\\\/\\\/www.gm.adv.br\\\/site\\\/wp-content\\\/uploads\\\/2023\\\/01\\\/medicos-e-professores-tem-direito-ao-abatimento-no-fies-jpg.webp\",\"width\":800,\"height\":800,\"caption\":\"M\u00e9dicos e professores tem direito ao abatimento no saldo devedor do FIES\"},{\"@type\":\"BreadcrumbList\",\"@id\":\"https:\\\/\\\/www.gm.adv.br\\\/site\\\/2023\\\/01\\\/19\\\/quais-profissionais-tem-direito-de-abater-o-saldo-devedor-do-fies\\\/#breadcrumb\",\"itemListElement\":[{\"@type\":\"ListItem\",\"position\":1,\"name\":\"In\u00edcio\",\"item\":\"https:\\\/\\\/www.gm.adv.br\\\/site\\\/\"},{\"@type\":\"ListItem\",\"position\":2,\"name\":\"Quais profissionais t\u00eam direito de abater o saldo devedor do FIES?\"}]},{\"@type\":\"WebSite\",\"@id\":\"https:\\\/\\\/www.gm.adv.br\\\/site\\\/#website\",\"url\":\"https:\\\/\\\/www.gm.adv.br\\\/site\\\/\",\"name\":\"Guaresi & Mill\u00e9o Advogados Associados | Escrit\u00f3rio de Advocacia em Conc\u00f3rdia-SC | 30 Anos de Experi\u00eanci\",\"description\":\"Advocacia Direito Banc\u00e1rio, Tribut\u00e1rio, Trabalhista, C\u00edvil, P\u00fablica, Municipal, Advogados Associados Guaresi e Mill\u00e9o  |  Conc\u00f3rdia SC\",\"publisher\":{\"@id\":\"https:\\\/\\\/www.gm.adv.br\\\/site\\\/#organization\"},\"alternateName\":\"Guaresi e Mill\u00e9o Escrit\u00f3rio de Advocacia e Consultoria em Conc\u00f3rdia-SC\",\"potentialAction\":[{\"@type\":\"SearchAction\",\"target\":{\"@type\":\"EntryPoint\",\"urlTemplate\":\"https:\\\/\\\/www.gm.adv.br\\\/site\\\/?s={search_term_string}\"},\"query-input\":{\"@type\":\"PropertyValueSpecification\",\"valueRequired\":true,\"valueName\":\"search_term_string\"}}],\"inLanguage\":\"pt-BR\"},{\"@type\":\"Organization\",\"@id\":\"https:\\\/\\\/www.gm.adv.br\\\/site\\\/#organization\",\"name\":\"Guaresi & Milleo Advogados Associados em Conc\u00f3rdia SC\",\"alternateName\":\"Guaresi e Milleo Advocacia e Consultoria\",\"url\":\"https:\\\/\\\/www.gm.adv.br\\\/site\\\/\",\"logo\":{\"@type\":\"ImageObject\",\"inLanguage\":\"pt-BR\",\"@id\":\"https:\\\/\\\/www.gm.adv.br\\\/site\\\/#\\\/schema\\\/logo\\\/image\\\/\",\"url\":\"https:\\\/\\\/www.gm.adv.br\\\/site\\\/wp-content\\\/uploads\\\/2025\\\/07\\\/cropped-icone-512.webp\",\"contentUrl\":\"https:\\\/\\\/www.gm.adv.br\\\/site\\\/wp-content\\\/uploads\\\/2025\\\/07\\\/cropped-icone-512.webp\",\"width\":512,\"height\":512,\"caption\":\"Guaresi & Milleo Advogados Associados em Conc\u00f3rdia SC\"},\"image\":{\"@id\":\"https:\\\/\\\/www.gm.adv.br\\\/site\\\/#\\\/schema\\\/logo\\\/image\\\/\"},\"sameAs\":[\"https:\\\/\\\/www.facebook.com\\\/GuaresiMilleoAdvogados\",\"https:\\\/\\\/www.instagram.com\\\/guaresiemilleo\\\/\",\"https:\\\/\\\/br.linkedin.com\\\/company\\\/guaresimilleo\"]},{\"@type\":\"Person\",\"@id\":\"https:\\\/\\\/www.gm.adv.br\\\/site\\\/#\\\/schema\\\/person\\\/7d633a2abab0d9b94253af6efc36428f\",\"name\":\"admin\",\"image\":{\"@type\":\"ImageObject\",\"inLanguage\":\"pt-BR\",\"@id\":\"https:\\\/\\\/secure.gravatar.com\\\/avatar\\\/c8bb173d280f7d1e50b67bb649de269247430499695ba3ee451b6289436d1d39?s=96&d=mm&r=g\",\"url\":\"https:\\\/\\\/secure.gravatar.com\\\/avatar\\\/c8bb173d280f7d1e50b67bb649de269247430499695ba3ee451b6289436d1d39?s=96&d=mm&r=g\",\"contentUrl\":\"https:\\\/\\\/secure.gravatar.com\\\/avatar\\\/c8bb173d280f7d1e50b67bb649de269247430499695ba3ee451b6289436d1d39?s=96&d=mm&r=g\",\"caption\":\"admin\"},\"sameAs\":[\"https:\\\/\\\/www.gm.adv.br\\\/site\"],\"url\":\"https:\\\/\\\/www.gm.adv.br\\\/site\\\/author\\\/admin\\\/\"}]}<\/script>\n<!-- \/ Yoast SEO plugin. -->","yoast_head_json":{"title":"FIES: Quais profissionais t\u00eam direito de abater o saldo devedor?","description":"Alguns profissionais que receberam o benef\u00edcio do FIES, durante a gradua\u00e7\u00e3o, tem o direito de pedir o abatimento de 1% do saldo devedor.","robots":{"index":"index","follow":"follow","max-snippet":"max-snippet:-1","max-image-preview":"max-image-preview:large","max-video-preview":"max-video-preview:-1"},"canonical":"https:\/\/www.gm.adv.br\/site\/2023\/01\/19\/quais-profissionais-tem-direito-de-abater-o-saldo-devedor-do-fies\/","og_locale":"pt_BR","og_type":"article","og_title":"FIES: Quais profissionais t\u00eam direito de abater o saldo devedor?","og_description":"Alguns profissionais que receberam o benef\u00edcio do FIES, durante a gradua\u00e7\u00e3o, tem o direito de pedir o abatimento de 1% do saldo devedor.","og_url":"https:\/\/www.gm.adv.br\/site\/2023\/01\/19\/quais-profissionais-tem-direito-de-abater-o-saldo-devedor-do-fies\/","og_site_name":"Guaresi &amp; Mill\u00e9o Advogados Associados | Escrit\u00f3rio de Advocacia em Conc\u00f3rdia-SC | 30 Anos de Experi\u00eancia","article_publisher":"https:\/\/www.facebook.com\/GuaresiMilleoAdvogados","article_published_time":"2023-01-19T11:27:52+00:00","og_image":[{"width":800,"height":800,"url":"https:\/\/www.gm.adv.br\/site\/wp-content\/uploads\/2023\/01\/medicos-e-professores-tem-direito-ao-abatimento-no-fies-jpg.webp","type":"image\/webp"}],"author":"admin","twitter_card":"summary_large_image","twitter_misc":{"Escrito por":"admin","Est. tempo de leitura":"5 minutos"},"schema":{"@context":"https:\/\/schema.org","@graph":[{"@type":"Article","@id":"https:\/\/www.gm.adv.br\/site\/2023\/01\/19\/quais-profissionais-tem-direito-de-abater-o-saldo-devedor-do-fies\/#article","isPartOf":{"@id":"https:\/\/www.gm.adv.br\/site\/2023\/01\/19\/quais-profissionais-tem-direito-de-abater-o-saldo-devedor-do-fies\/"},"author":{"name":"admin","@id":"https:\/\/www.gm.adv.br\/site\/#\/schema\/person\/7d633a2abab0d9b94253af6efc36428f"},"headline":"Quais profissionais t\u00eam direito de abater o saldo devedor do FIES?","datePublished":"2023-01-19T11:27:52+00:00","mainEntityOfPage":{"@id":"https:\/\/www.gm.adv.br\/site\/2023\/01\/19\/quais-profissionais-tem-direito-de-abater-o-saldo-devedor-do-fies\/"},"wordCount":785,"publisher":{"@id":"https:\/\/www.gm.adv.br\/site\/#organization"},"image":{"@id":"https:\/\/www.gm.adv.br\/site\/2023\/01\/19\/quais-profissionais-tem-direito-de-abater-o-saldo-devedor-do-fies\/#primaryimage"},"thumbnailUrl":"https:\/\/www.gm.adv.br\/site\/wp-content\/uploads\/2023\/01\/medicos-e-professores-tem-direito-ao-abatimento-no-fies-jpg.webp","articleSection":["Noticias"],"inLanguage":"pt-BR"},{"@type":"WebPage","@id":"https:\/\/www.gm.adv.br\/site\/2023\/01\/19\/quais-profissionais-tem-direito-de-abater-o-saldo-devedor-do-fies\/","url":"https:\/\/www.gm.adv.br\/site\/2023\/01\/19\/quais-profissionais-tem-direito-de-abater-o-saldo-devedor-do-fies\/","name":"FIES: Quais profissionais t\u00eam direito de abater o saldo devedor?","isPartOf":{"@id":"https:\/\/www.gm.adv.br\/site\/#website"},"primaryImageOfPage":{"@id":"https:\/\/www.gm.adv.br\/site\/2023\/01\/19\/quais-profissionais-tem-direito-de-abater-o-saldo-devedor-do-fies\/#primaryimage"},"image":{"@id":"https:\/\/www.gm.adv.br\/site\/2023\/01\/19\/quais-profissionais-tem-direito-de-abater-o-saldo-devedor-do-fies\/#primaryimage"},"thumbnailUrl":"https:\/\/www.gm.adv.br\/site\/wp-content\/uploads\/2023\/01\/medicos-e-professores-tem-direito-ao-abatimento-no-fies-jpg.webp","datePublished":"2023-01-19T11:27:52+00:00","description":"Alguns profissionais que receberam o benef\u00edcio do FIES, durante a gradua\u00e7\u00e3o, tem o direito de pedir o abatimento de 1% do saldo devedor.","breadcrumb":{"@id":"https:\/\/www.gm.adv.br\/site\/2023\/01\/19\/quais-profissionais-tem-direito-de-abater-o-saldo-devedor-do-fies\/#breadcrumb"},"inLanguage":"pt-BR","potentialAction":[{"@type":"ReadAction","target":["https:\/\/www.gm.adv.br\/site\/2023\/01\/19\/quais-profissionais-tem-direito-de-abater-o-saldo-devedor-do-fies\/"]}]},{"@type":"ImageObject","inLanguage":"pt-BR","@id":"https:\/\/www.gm.adv.br\/site\/2023\/01\/19\/quais-profissionais-tem-direito-de-abater-o-saldo-devedor-do-fies\/#primaryimage","url":"https:\/\/www.gm.adv.br\/site\/wp-content\/uploads\/2023\/01\/medicos-e-professores-tem-direito-ao-abatimento-no-fies-jpg.webp","contentUrl":"https:\/\/www.gm.adv.br\/site\/wp-content\/uploads\/2023\/01\/medicos-e-professores-tem-direito-ao-abatimento-no-fies-jpg.webp","width":800,"height":800,"caption":"M\u00e9dicos e professores tem direito ao abatimento no saldo devedor do FIES"},{"@type":"BreadcrumbList","@id":"https:\/\/www.gm.adv.br\/site\/2023\/01\/19\/quais-profissionais-tem-direito-de-abater-o-saldo-devedor-do-fies\/#breadcrumb","itemListElement":[{"@type":"ListItem","position":1,"name":"In\u00edcio","item":"https:\/\/www.gm.adv.br\/site\/"},{"@type":"ListItem","position":2,"name":"Quais profissionais t\u00eam direito de abater o saldo devedor do FIES?"}]},{"@type":"WebSite","@id":"https:\/\/www.gm.adv.br\/site\/#website","url":"https:\/\/www.gm.adv.br\/site\/","name":"Guaresi & Mill\u00e9o Advogados Associados | Escrit\u00f3rio de Advocacia em Conc\u00f3rdia-SC | 30 Anos de Experi\u00eanci","description":"Advocacia Direito Banc\u00e1rio, Tribut\u00e1rio, Trabalhista, C\u00edvil, P\u00fablica, Municipal, Advogados Associados Guaresi e Mill\u00e9o  |  Conc\u00f3rdia SC","publisher":{"@id":"https:\/\/www.gm.adv.br\/site\/#organization"},"alternateName":"Guaresi e Mill\u00e9o Escrit\u00f3rio de Advocacia e Consultoria em Conc\u00f3rdia-SC","potentialAction":[{"@type":"SearchAction","target":{"@type":"EntryPoint","urlTemplate":"https:\/\/www.gm.adv.br\/site\/?s={search_term_string}"},"query-input":{"@type":"PropertyValueSpecification","valueRequired":true,"valueName":"search_term_string"}}],"inLanguage":"pt-BR"},{"@type":"Organization","@id":"https:\/\/www.gm.adv.br\/site\/#organization","name":"Guaresi & Milleo Advogados Associados em Conc\u00f3rdia SC","alternateName":"Guaresi e Milleo Advocacia e Consultoria","url":"https:\/\/www.gm.adv.br\/site\/","logo":{"@type":"ImageObject","inLanguage":"pt-BR","@id":"https:\/\/www.gm.adv.br\/site\/#\/schema\/logo\/image\/","url":"https:\/\/www.gm.adv.br\/site\/wp-content\/uploads\/2025\/07\/cropped-icone-512.webp","contentUrl":"https:\/\/www.gm.adv.br\/site\/wp-content\/uploads\/2025\/07\/cropped-icone-512.webp","width":512,"height":512,"caption":"Guaresi & Milleo Advogados Associados em Conc\u00f3rdia SC"},"image":{"@id":"https:\/\/www.gm.adv.br\/site\/#\/schema\/logo\/image\/"},"sameAs":["https:\/\/www.facebook.com\/GuaresiMilleoAdvogados","https:\/\/www.instagram.com\/guaresiemilleo\/","https:\/\/br.linkedin.com\/company\/guaresimilleo"]},{"@type":"Person","@id":"https:\/\/www.gm.adv.br\/site\/#\/schema\/person\/7d633a2abab0d9b94253af6efc36428f","name":"admin","image":{"@type":"ImageObject","inLanguage":"pt-BR","@id":"https:\/\/secure.gravatar.com\/avatar\/c8bb173d280f7d1e50b67bb649de269247430499695ba3ee451b6289436d1d39?s=96&d=mm&r=g","url":"https:\/\/secure.gravatar.com\/avatar\/c8bb173d280f7d1e50b67bb649de269247430499695ba3ee451b6289436d1d39?s=96&d=mm&r=g","contentUrl":"https:\/\/secure.gravatar.com\/avatar\/c8bb173d280f7d1e50b67bb649de269247430499695ba3ee451b6289436d1d39?s=96&d=mm&r=g","caption":"admin"},"sameAs":["https:\/\/www.gm.adv.br\/site"],"url":"https:\/\/www.gm.adv.br\/site\/author\/admin\/"}]}},"_links":{"self":[{"href":"https:\/\/www.gm.adv.br\/site\/wp-json\/wp\/v2\/posts\/4138","targetHints":{"allow":["GET"]}}],"collection":[{"href":"https:\/\/www.gm.adv.br\/site\/wp-json\/wp\/v2\/posts"}],"about":[{"href":"https:\/\/www.gm.adv.br\/site\/wp-json\/wp\/v2\/types\/post"}],"author":[{"embeddable":true,"href":"https:\/\/www.gm.adv.br\/site\/wp-json\/wp\/v2\/users\/1"}],"replies":[{"embeddable":true,"href":"https:\/\/www.gm.adv.br\/site\/wp-json\/wp\/v2\/comments?post=4138"}],"version-history":[{"count":0,"href":"https:\/\/www.gm.adv.br\/site\/wp-json\/wp\/v2\/posts\/4138\/revisions"}],"wp:featuredmedia":[{"embeddable":true,"href":"https:\/\/www.gm.adv.br\/site\/wp-json\/wp\/v2\/media\/4139"}],"wp:attachment":[{"href":"https:\/\/www.gm.adv.br\/site\/wp-json\/wp\/v2\/media?parent=4138"}],"wp:term":[{"taxonomy":"category","embeddable":true,"href":"https:\/\/www.gm.adv.br\/site\/wp-json\/wp\/v2\/categories?post=4138"},{"taxonomy":"post_tag","embeddable":true,"href":"https:\/\/www.gm.adv.br\/site\/wp-json\/wp\/v2\/tags?post=4138"}],"curies":[{"name":"wp","href":"https:\/\/api.w.org\/{rel}","templated":true}]}}