{"id":4121,"date":"2023-01-03T14:47:41","date_gmt":"2023-01-03T17:47:41","guid":{"rendered":"https:\/\/gm.adv.br\/?p=4121"},"modified":"2023-01-03T14:47:41","modified_gmt":"2023-01-03T17:47:41","slug":"qual-o-trabalho-que-exerce-um-advogado-especialista-em-servidor-publico","status":"publish","type":"post","link":"https:\/\/www.gm.adv.br\/site\/2023\/01\/03\/qual-o-trabalho-que-exerce-um-advogado-especialista-em-servidor-publico\/","title":{"rendered":"Qual o trabalho que exerce um advogado especialista em servidor p\u00fablico?"},"content":{"rendered":"<h3><span style=\"font-weight: 400;\">Ap\u00f3s a aprova\u00e7\u00e3o no concurso p\u00fablico, o servidor passa a ter uma s\u00e9rie de direitos e deveres para observar. Mas se algum dos direitos n\u00e3o forem atendidos, \u00e9 importante c<\/span><b>onsultar um advogado especialista em servidor p\u00fablico,<\/b><span style=\"font-weight: 400;\"> antes de qualquer medida.<\/span><\/h3>\n<p><!--more--><\/p>\n<p><span style=\"font-weight: 400;\">Muitas pessoas buscam a aprova\u00e7\u00e3o em concurso p\u00fablico para atingir certa estabilidade financeira. Entretanto, especialmente em raz\u00e3o do alto n\u00famero de pessoas que sonham com esse padr\u00e3o de vida, a aprova\u00e7\u00e3o no concurso p\u00fablico pode ser extremamente dif\u00edcil em raz\u00e3o da disputa pelas vagas oferecidas, exigindo anos de dedica\u00e7\u00e3o do candidato nos estudos. S\u00e3o os chamados concurseiros.<\/span><\/p>\n<p><span style=\"font-weight: 400;\">Ap\u00f3s a aprova\u00e7\u00e3o ainda h\u00e1 o per\u00edodo de espera at\u00e9 que ocorra a chamada para assumir a vaga e finalmente iniciar o trabalho. Mas para muitas pessoas este sonho pode vir a se tornar um pesadelo, especialmente porque muitos problemas podem surgir no decorrer do per\u00edodo de trabalho.<\/span><\/p>\n<p><span style=\"font-weight: 400;\">Nesses casos, quando estiver acontecendo algo que fuja das compet\u00eancias do cargo assumido ou entender que algum direito n\u00e3o esteja sendo cumprido, o servidor pode tomar algumas medidas para exigir o cumprimento da lei, sendo o aux\u00edlio nessas situa\u00e7\u00f5es o principal papel do <\/span><b>advogado especialista em servidor p\u00fablico.<\/b><\/p>\n<p>&nbsp;<\/p>\n<h2><span style=\"font-weight: 400;\">Como o advogado pode ajudar voc\u00ea?<\/span><\/h2>\n<p><span style=\"font-weight: 400;\">O advogado especialista em servidor p\u00fablico pode atuar de diversas formas, em quest\u00f5es que envolvem os direitos e deveres dos servidores p\u00fablicos, seja municipal, estadual ou federal, efetivo ou tempor\u00e1rio.<\/span><\/p>\n<p><span style=\"font-weight: 400;\">Dependendo da situa\u00e7\u00e3o e do objetivo do cliente, o advogado pode atuar de diferentes formas, seja ela judicialmente ou extrajudicialmente, como:<\/span><\/p>\n<p><span style=\"font-weight: 400;\">\u25b6\ufe0f anula\u00e7\u00e3o de atos administrativos;<\/span><\/p>\n<p><span style=\"font-weight: 400;\">\u25b6\ufe0f reintegra\u00e7\u00e3o de cargo p\u00fablico de servidores demitidos;<\/span><\/p>\n<p><span style=\"font-weight: 400;\">\u25b6\ufe0f anula\u00e7\u00e3o\/nulidade de demiss\u00e3o em est\u00e1gio probat\u00f3rio e demiss\u00f5es ilegais;<\/span><\/p>\n<p><span style=\"font-weight: 400;\">\u25b6\ufe0f defesa em a\u00e7\u00e3o pela pr\u00e1tica de improbidade administrativa;<\/span><\/p>\n<p><span style=\"font-weight: 400;\">\u25b6\ufe0f defesa administrativa em sindic\u00e2ncia, processo disciplinar e inqu\u00e9rito administrativo;<\/span><\/p>\n<p><span style=\"font-weight: 400;\">\u25b6\ufe0f anular ou revisar alguma penalidade imposta ao servidor;<\/span><\/p>\n<p><span style=\"font-weight: 400;\">\u25b6\ufe0f buscar a equipara\u00e7\u00e3o ou vincula\u00e7\u00e3o de remunera\u00e7\u00e3o e vencimentos;<\/span><\/p>\n<p><span style=\"font-weight: 400;\">\u25b6\ufe0f fazer a solicita\u00e7\u00e3o de direito \u00e0s licen\u00e7as, por motivo de doen\u00e7a em pessoa da fam\u00edlia ou exercer alguma atividade pol\u00edtica;<\/span><\/p>\n<p><span style=\"font-weight: 400;\">\u25b6\ufe0f aux\u00edlio na identifica\u00e7\u00e3o e combate do ass\u00e9dio moral;<\/span><\/p>\n<p><span style=\"font-weight: 400;\">\u25b6\ufe0f buscar o cumprimento do plano de carreira em progress\u00e3o horizontal e vertical;<\/span><\/p>\n<p><span style=\"font-weight: 400;\">Esses s\u00e3o alguns exemplos de atua\u00e7\u00e3o do <\/span><b>advogado especialista em servidor p\u00fablico,<\/b><span style=\"font-weight: 400;\"> mas existem in\u00fameras outras demandas relacionadas ao direito do servidor p\u00fablico que tamb\u00e9m podem ser resolvidas com a interven\u00e7\u00e3o deste profissional.<\/span><\/p>\n<p><span style=\"font-weight: 400;\">Contando com a ajuda de um profissional que entenda dos direitos dos servidores p\u00fablicos, voc\u00ea pode, judicialmente ou extrajudicialmente, exigir que seus direitos sejam respeitados.<\/span><\/p>\n<p>&nbsp;<\/p>\n<h2><span style=\"font-weight: 400;\">O que fazer no caso de erro no pagamento do sal\u00e1rio?<\/span><\/h2>\n<p><span style=\"font-weight: 400;\">Na maioria das vezes o contrato de trabalho do servidor p\u00fablico \u00e9 regulamentado por uma legisla\u00e7\u00e3o espec\u00edfica, conhecida como o \u201cEstatuto dos Servidores P\u00fablicos\u201d. Dentro do que estabelece este estatuto existem diversas possibilidades de aumento da remunera\u00e7\u00e3o atrav\u00e9s da concess\u00e3o de benef\u00edcios e adicionais ao sal\u00e1rio ou mesmo de promo\u00e7\u00f5es.<\/span><\/p>\n<p><span style=\"font-weight: 400;\">A concess\u00e3o destes benef\u00edcios normalmente depende do preenchimento de alguns requisitos pelo servidor, como por exemplo: tempo de servi\u00e7o, forma\u00e7\u00e3o em cursos de aperfei\u00e7oamento, ac\u00famulo de fun\u00e7\u00f5es etc.<\/span><\/p>\n<p><span style=\"font-weight: 400;\">Entretanto, em muitas das vezes a Administra\u00e7\u00e3o P\u00fablica deixa de conceder esses benef\u00edcios, sendo importante que o servidor fique sempre atento \u00e0 legisla\u00e7\u00e3o e aos requisitos exigidos para o recebimento dessas verbas.<\/span><\/p>\n<p><span style=\"font-weight: 400;\">Na hip\u00f3tese de descumprimento do que est\u00e1 estabelecido no Estatuto, ou seja, da falta de pagamento de algum adicional ou benef\u00edcio, \u00e9 importante que o trabalhador procure o aux\u00edlio de um advogado especialista antes de fazer qualquer coisa. Se necess\u00e1rio, poder\u00e1 ser apresentada uma a\u00e7\u00e3o judicial para determinar que a Administra\u00e7\u00e3o passe a pagar o adicional, al\u00e9m da cobran\u00e7a dos valores em atraso, acrescidos dos juros e corre\u00e7\u00e3o monet\u00e1ria. Dependendo da situa\u00e7\u00e3o, ainda \u00e9 poss\u00edvel fazer um pedido de danos morais e materiais.<\/span><\/p>\n<p><span style=\"font-weight: 400;\">Caso constatada alguma irregularidade, \u00e9 importante que o servidor busque aux\u00edlio jur\u00eddico imediatamente, especialmente porque a cobran\u00e7a dos valores atrasados ou mesmo o reconhecimento do direito ao benef\u00edcio pode prescrever.<\/span><\/p>\n<p>&nbsp;<\/p>\n<h2><span style=\"font-weight: 400;\">Ass\u00e9dio Moral: Um dos maiores problemas que um servidor p\u00fablico pode enfrentar<\/span><\/h2>\n<p><span style=\"font-weight: 400;\">O ass\u00e9dio moral nas rela\u00e7\u00f5es profissionais n\u00e3o \u00e9 conduta nova, exclusiva da sociedade contempor\u00e2nea, traduzindo-se pela persegui\u00e7\u00e3o, agress\u00e3o e tormento no sentido de perturba\u00e7\u00e3o psicol\u00f3gica e emocional da v\u00edtima de forma insistente.<\/span><\/p>\n<p><span style=\"font-weight: 400;\">Assediar significa cercar, envolver, importunar, perseguir com insist\u00eancia, comportar-se de maneira inadequada em suas pretens\u00f5es e desejos.<\/span><\/p>\n<p><span style=\"font-weight: 400;\">O ato de assediar implica em algum tipo de humilha\u00e7\u00e3o, desconforto emocional ou constrangimento, de modo que a v\u00edtima se sinta abalada, ridicularizada e humilhada frente aos colegas, ou at\u00e9 mesmo isolada do grupo de trabalhadores, mediante a\u00e7\u00f5es constrangedoras, vexat\u00f3rias, degradantes, com firme prop\u00f3sito de prejudicar, caracterizando-se pela repeti\u00e7\u00e3o.<\/span><\/p>\n<p><span style=\"font-weight: 400;\">S\u00e3o atitudes, palavras e comportamentos que tomados separadamente podem parecer inofensivos, mas cuja repeti\u00e7\u00e3o e sistematiza\u00e7\u00e3o os tornam destruidores, mediante condutas abusivas (gestos, palavras, comportamentos, atitudes) que atentam contra a dignidade e integridade ps\u00edquica ou f\u00edsica da pessoa, amea\u00e7ando seu emprego ou degradando o clima de trabalho.<\/span><\/p>\n<p><span style=\"font-weight: 400;\">A despeito do meio-ambiente e harmonia das rela\u00e7\u00f5es de vida e do trabalho, a configura\u00e7\u00e3o do ass\u00e9dio moral afeta a vida, a honra e a dignidade do trabalhador.<\/span><\/p>\n<p><span style=\"font-weight: 400;\">N\u00e3o se confunde o ass\u00e9dio moral com outros conflitos que s\u00e3o espor\u00e1dicos ou mesmo relacionados \u00e0s m\u00e1s condi\u00e7\u00f5es de trabalho (precariedade, falta de materiais, cobran\u00e7as, fiscaliza\u00e7\u00e3o).<\/span><\/p>\n<p><span style=\"font-weight: 400;\">O ass\u00e9dio moral possui v\u00e1rias formas, ocorrendo mais comumente quando h\u00e1 rela\u00e7\u00e3o de subordina\u00e7\u00e3o e poder entre o ofensor e a v\u00edtima, caracterizado pelo abuso por parte do superior hier\u00e1rquico, que ultrapassa os poderes normais de gest\u00e3o.<\/span><\/p>\n<p>&nbsp;<\/p>\n<h2>Exemplos de ass\u00e9dio<\/h2>\n<p><span style=\"font-weight: 400;\">S\u00e3o exemplos de ass\u00e9dio limitar o acesso da v\u00edtima a informa\u00e7\u00f5es, impedir o uso de telefone, criar entraves \u00e0 realiza\u00e7\u00e3o das tarefas a fim de que a pessoa atacada sinta-se cercada e in\u00fatil, evidenciar seus erros perante terceiros, incumbi-la de tarefas imposs\u00edveis ou trabalhos in\u00fateis e depreciativos, atribui\u00e7\u00e3o de tarefas que n\u00e3o condizem com as atribui\u00e7\u00f5es do cargo, solicita\u00e7\u00e3o de execu\u00e7\u00e3o de fun\u00e7\u00f5es desnecess\u00e1rias, instru\u00e7\u00f5es confusas, realiza\u00e7\u00e3o de tarefas supostamente urgentes quando n\u00e3o existe urg\u00eancia.<\/span><\/p>\n<p><span style=\"font-weight: 400;\">Tamb\u00e9m configura-se quando o ofensor n\u00e3o cumprimenta a v\u00edtima ou n\u00e3o lhe dirige a palavra, faz com que fique parada, ociosa, para que os colegas o observem sem desenvolver atividades, que optam por n\u00e3o defender a v\u00edtima pois podem se tornar os novos alvos do ass\u00e9dio.<\/span><\/p>\n<p><span style=\"font-weight: 400;\">No servi\u00e7o p\u00fablico que presenciar a agress\u00e3o moral com maior clareza, justamente porque o pr\u00f3prio sistema oportuniza que o agressor ganhe for\u00e7as e espa\u00e7o para praticar atos imorais.<\/span><\/p>\n<p><span style=\"font-weight: 400;\">Isso porque n\u00e3o havendo a possibilidade imediata de demiss\u00e3o do trabalhador (estabilidade), o ofensor busca \u201cfor\u00e7ar\u201d a v\u00edtima a pedir demiss\u00e3o (exonera\u00e7\u00e3o), tornando o ambiente de trabalho insustent\u00e1vel por interm\u00e9dio de referidas condutas abusivas \u00e0 dignidade do servidor.<\/span><\/p>\n<p><span style=\"font-weight: 400;\">O ass\u00e9dio moral \u00e9 uma quest\u00e3o extremamente subjetiva, de forma que as estrat\u00e9gias de defesa e atitudes a serem tomadas variam de acordo com o contexto que est\u00e1 inserido o trabalhador. Desta forma, por vezes, haver\u00e1 o equivocado pensamento da v\u00edtima de que ficar\u00e1 \u201cmal vista\u201d por reclamar acerca da situa\u00e7\u00e3o, optando por sofrer calada os efeitos psicol\u00f3gicos do ass\u00e9dio moral.<\/span><\/p>\n<p><span style=\"font-weight: 400;\">\u00c9 importante, tamb\u00e9m, que a v\u00edtima tenha consci\u00eancia de seus direitos e limita\u00e7\u00f5es, ciente da exist\u00eancia de alternativas jur\u00eddicas capazes de lhe defender e fazer cessar qualquer esp\u00e9cie de ass\u00e9dio moral que esteja suportando no ambiente de trabalho, ou, no m\u00ednimo, a lhe indenizar financeiramente pelas situa\u00e7\u00f5es enfrentadas.<\/span><\/p>\n<p><a href=\"https:\/\/api.whatsapp.com\/send?phone=+5549984376950&amp;text=Ol%C3%A1\"><img loading=\"lazy\" decoding=\"async\" class=\"alignnone size-full wp-image-4192\" src=\"https:\/\/www.gm.adv.br\/site\/wp-content\/uploads\/2022\/08\/converse-agora-com-um-advogado-especialista.webp\" alt=\"\" width=\"750\" height=\"150\" \/><\/a><\/p>\n<div class=\"text\">\n<div id=\"textoFonte\" class=\"overflow\">\n<p><span class=\"selectable-text copyable-text\">Este conte\u00fado foi produzido pelo Escrit\u00f3rio de Advocacia Guaresi e Mill\u00e9o Advogados Associados, h\u00e1 mais de 25 anos prestando servi\u00e7os em advocacia na cidade de Conc\u00f3rdia \u2013 SC e regi\u00e3o Oeste Catarinense. Continue acompanhando nosso\u00a0<a href=\"https:\/\/gm.adv.br\/blog\/\">blog<\/a>\u00a0para n\u00e3o perder mais nenhum conte\u00fado exclusivo.<\/span><\/p>\n<\/div>\n<\/div>\n<div class=\"shares_container\">\n<div class=\"share_link\"><\/div>\n<\/div>\n","protected":false},"excerpt":{"rendered":"<p>Ap\u00f3s a aprova\u00e7\u00e3o no concurso p\u00fablico, o servidor passa a ter uma s\u00e9rie de direitos e deveres para observar. Mas se algum dos direitos n\u00e3o forem atendidos, \u00e9 importante consultar um advogado especialista em servidor p\u00fablico, antes de qualquer medida.<\/p>\n","protected":false},"author":1,"featured_media":4124,"comment_status":"closed","ping_status":"closed","sticky":false,"template":"","format":"standard","meta":{"footnotes":""},"categories":[71],"tags":[],"class_list":["post-4121","post","type-post","status-publish","format-standard","has-post-thumbnail","hentry","category-direitopublico"],"yoast_head":"<!-- This site is optimized with the Yoast SEO plugin v27.5 - https:\/\/yoast.com\/product\/yoast-seo-wordpress\/ -->\n<title>Qual o trabalho de um advogado especialista em servidor p\u00fablico?<\/title>\n<meta name=\"description\" content=\"Se algum dos direitos n\u00e3o forem atendidos, \u00e9 importante consultar um advogado especialista em servidor p\u00fablico antes de qualquer medida.\" \/>\n<meta name=\"robots\" content=\"index, follow, max-snippet:-1, max-image-preview:large, max-video-preview:-1\" \/>\n<link rel=\"canonical\" href=\"https:\/\/www.gm.adv.br\/site\/2023\/01\/03\/qual-o-trabalho-que-exerce-um-advogado-especialista-em-servidor-publico\/\" \/>\n<meta property=\"og:locale\" content=\"pt_BR\" \/>\n<meta property=\"og:type\" content=\"article\" \/>\n<meta property=\"og:title\" content=\"Qual o trabalho de um advogado especialista em servidor p\u00fablico?\" \/>\n<meta property=\"og:description\" content=\"Se algum dos direitos n\u00e3o forem atendidos, \u00e9 importante consultar um advogado especialista em servidor p\u00fablico antes de qualquer medida.\" \/>\n<meta property=\"og:url\" content=\"https:\/\/www.gm.adv.br\/site\/2023\/01\/03\/qual-o-trabalho-que-exerce-um-advogado-especialista-em-servidor-publico\/\" \/>\n<meta property=\"og:site_name\" content=\"Guaresi &amp; Mill\u00e9o Advogados Associados | Escrit\u00f3rio de Advocacia em Conc\u00f3rdia-SC | 30 Anos de Experi\u00eancia\" \/>\n<meta property=\"article:publisher\" content=\"https:\/\/www.facebook.com\/GuaresiMilleoAdvogados\" \/>\n<meta property=\"article:published_time\" content=\"2023-01-03T17:47:41+00:00\" \/>\n<meta property=\"og:image\" content=\"https:\/\/www.gm.adv.br\/site\/wp-content\/uploads\/2023\/01\/advogado-especialista-em-servidor-publico-1-jpg.webp\" \/>\n\t<meta property=\"og:image:width\" content=\"800\" \/>\n\t<meta property=\"og:image:height\" content=\"800\" \/>\n\t<meta property=\"og:image:type\" content=\"image\/webp\" \/>\n<meta name=\"author\" content=\"admin\" \/>\n<meta name=\"twitter:card\" content=\"summary_large_image\" \/>\n<meta name=\"twitter:label1\" content=\"Escrito por\" \/>\n\t<meta name=\"twitter:data1\" content=\"admin\" \/>\n\t<meta name=\"twitter:label2\" content=\"Est. tempo de leitura\" \/>\n\t<meta name=\"twitter:data2\" content=\"8 minutos\" \/>\n<script type=\"application\/ld+json\" class=\"yoast-schema-graph\">{\"@context\":\"https:\\\/\\\/schema.org\",\"@graph\":[{\"@type\":\"Article\",\"@id\":\"https:\\\/\\\/www.gm.adv.br\\\/site\\\/2023\\\/01\\\/03\\\/qual-o-trabalho-que-exerce-um-advogado-especialista-em-servidor-publico\\\/#article\",\"isPartOf\":{\"@id\":\"https:\\\/\\\/www.gm.adv.br\\\/site\\\/2023\\\/01\\\/03\\\/qual-o-trabalho-que-exerce-um-advogado-especialista-em-servidor-publico\\\/\"},\"author\":{\"name\":\"admin\",\"@id\":\"https:\\\/\\\/www.gm.adv.br\\\/site\\\/#\\\/schema\\\/person\\\/7d633a2abab0d9b94253af6efc36428f\"},\"headline\":\"Qual o trabalho que exerce um advogado especialista em servidor p\u00fablico?\",\"datePublished\":\"2023-01-03T17:47:41+00:00\",\"mainEntityOfPage\":{\"@id\":\"https:\\\/\\\/www.gm.adv.br\\\/site\\\/2023\\\/01\\\/03\\\/qual-o-trabalho-que-exerce-um-advogado-especialista-em-servidor-publico\\\/\"},\"wordCount\":1441,\"publisher\":{\"@id\":\"https:\\\/\\\/www.gm.adv.br\\\/site\\\/#organization\"},\"image\":{\"@id\":\"https:\\\/\\\/www.gm.adv.br\\\/site\\\/2023\\\/01\\\/03\\\/qual-o-trabalho-que-exerce-um-advogado-especialista-em-servidor-publico\\\/#primaryimage\"},\"thumbnailUrl\":\"https:\\\/\\\/www.gm.adv.br\\\/site\\\/wp-content\\\/uploads\\\/2023\\\/01\\\/advogado-especialista-em-servidor-publico-1-jpg.webp\",\"articleSection\":[\"Direito P\u00fablico\"],\"inLanguage\":\"pt-BR\"},{\"@type\":\"WebPage\",\"@id\":\"https:\\\/\\\/www.gm.adv.br\\\/site\\\/2023\\\/01\\\/03\\\/qual-o-trabalho-que-exerce-um-advogado-especialista-em-servidor-publico\\\/\",\"url\":\"https:\\\/\\\/www.gm.adv.br\\\/site\\\/2023\\\/01\\\/03\\\/qual-o-trabalho-que-exerce-um-advogado-especialista-em-servidor-publico\\\/\",\"name\":\"Qual o trabalho de um advogado especialista em servidor p\u00fablico?\",\"isPartOf\":{\"@id\":\"https:\\\/\\\/www.gm.adv.br\\\/site\\\/#website\"},\"primaryImageOfPage\":{\"@id\":\"https:\\\/\\\/www.gm.adv.br\\\/site\\\/2023\\\/01\\\/03\\\/qual-o-trabalho-que-exerce-um-advogado-especialista-em-servidor-publico\\\/#primaryimage\"},\"image\":{\"@id\":\"https:\\\/\\\/www.gm.adv.br\\\/site\\\/2023\\\/01\\\/03\\\/qual-o-trabalho-que-exerce-um-advogado-especialista-em-servidor-publico\\\/#primaryimage\"},\"thumbnailUrl\":\"https:\\\/\\\/www.gm.adv.br\\\/site\\\/wp-content\\\/uploads\\\/2023\\\/01\\\/advogado-especialista-em-servidor-publico-1-jpg.webp\",\"datePublished\":\"2023-01-03T17:47:41+00:00\",\"description\":\"Se algum dos direitos n\u00e3o forem atendidos, \u00e9 importante consultar um advogado especialista em servidor p\u00fablico antes de qualquer medida.\",\"breadcrumb\":{\"@id\":\"https:\\\/\\\/www.gm.adv.br\\\/site\\\/2023\\\/01\\\/03\\\/qual-o-trabalho-que-exerce-um-advogado-especialista-em-servidor-publico\\\/#breadcrumb\"},\"inLanguage\":\"pt-BR\",\"potentialAction\":[{\"@type\":\"ReadAction\",\"target\":[\"https:\\\/\\\/www.gm.adv.br\\\/site\\\/2023\\\/01\\\/03\\\/qual-o-trabalho-que-exerce-um-advogado-especialista-em-servidor-publico\\\/\"]}]},{\"@type\":\"ImageObject\",\"inLanguage\":\"pt-BR\",\"@id\":\"https:\\\/\\\/www.gm.adv.br\\\/site\\\/2023\\\/01\\\/03\\\/qual-o-trabalho-que-exerce-um-advogado-especialista-em-servidor-publico\\\/#primaryimage\",\"url\":\"https:\\\/\\\/www.gm.adv.br\\\/site\\\/wp-content\\\/uploads\\\/2023\\\/01\\\/advogado-especialista-em-servidor-publico-1-jpg.webp\",\"contentUrl\":\"https:\\\/\\\/www.gm.adv.br\\\/site\\\/wp-content\\\/uploads\\\/2023\\\/01\\\/advogado-especialista-em-servidor-publico-1-jpg.webp\",\"width\":800,\"height\":800,\"caption\":\"Advogado especialista em servidor p\u00fablico\"},{\"@type\":\"BreadcrumbList\",\"@id\":\"https:\\\/\\\/www.gm.adv.br\\\/site\\\/2023\\\/01\\\/03\\\/qual-o-trabalho-que-exerce-um-advogado-especialista-em-servidor-publico\\\/#breadcrumb\",\"itemListElement\":[{\"@type\":\"ListItem\",\"position\":1,\"name\":\"In\u00edcio\",\"item\":\"https:\\\/\\\/www.gm.adv.br\\\/site\\\/\"},{\"@type\":\"ListItem\",\"position\":2,\"name\":\"Qual o trabalho que exerce um advogado especialista em servidor p\u00fablico?\"}]},{\"@type\":\"WebSite\",\"@id\":\"https:\\\/\\\/www.gm.adv.br\\\/site\\\/#website\",\"url\":\"https:\\\/\\\/www.gm.adv.br\\\/site\\\/\",\"name\":\"Guaresi & Mill\u00e9o Advogados Associados | Escrit\u00f3rio de Advocacia em Conc\u00f3rdia-SC | 30 Anos de Experi\u00eanci\",\"description\":\"Advocacia Direito Banc\u00e1rio, Tribut\u00e1rio, Trabalhista, C\u00edvil, P\u00fablica, Municipal, Advogados Associados Guaresi e Mill\u00e9o  |  Conc\u00f3rdia SC\",\"publisher\":{\"@id\":\"https:\\\/\\\/www.gm.adv.br\\\/site\\\/#organization\"},\"alternateName\":\"Guaresi e Mill\u00e9o Escrit\u00f3rio de Advocacia e Consultoria em Conc\u00f3rdia-SC\",\"potentialAction\":[{\"@type\":\"SearchAction\",\"target\":{\"@type\":\"EntryPoint\",\"urlTemplate\":\"https:\\\/\\\/www.gm.adv.br\\\/site\\\/?s={search_term_string}\"},\"query-input\":{\"@type\":\"PropertyValueSpecification\",\"valueRequired\":true,\"valueName\":\"search_term_string\"}}],\"inLanguage\":\"pt-BR\"},{\"@type\":\"Organization\",\"@id\":\"https:\\\/\\\/www.gm.adv.br\\\/site\\\/#organization\",\"name\":\"Guaresi & Milleo Advogados Associados em Conc\u00f3rdia SC\",\"alternateName\":\"Guaresi e Milleo Advocacia e Consultoria\",\"url\":\"https:\\\/\\\/www.gm.adv.br\\\/site\\\/\",\"logo\":{\"@type\":\"ImageObject\",\"inLanguage\":\"pt-BR\",\"@id\":\"https:\\\/\\\/www.gm.adv.br\\\/site\\\/#\\\/schema\\\/logo\\\/image\\\/\",\"url\":\"https:\\\/\\\/www.gm.adv.br\\\/site\\\/wp-content\\\/uploads\\\/2025\\\/07\\\/cropped-icone-512.webp\",\"contentUrl\":\"https:\\\/\\\/www.gm.adv.br\\\/site\\\/wp-content\\\/uploads\\\/2025\\\/07\\\/cropped-icone-512.webp\",\"width\":512,\"height\":512,\"caption\":\"Guaresi & Milleo Advogados Associados em Conc\u00f3rdia SC\"},\"image\":{\"@id\":\"https:\\\/\\\/www.gm.adv.br\\\/site\\\/#\\\/schema\\\/logo\\\/image\\\/\"},\"sameAs\":[\"https:\\\/\\\/www.facebook.com\\\/GuaresiMilleoAdvogados\",\"https:\\\/\\\/www.instagram.com\\\/guaresiemilleo\\\/\",\"https:\\\/\\\/br.linkedin.com\\\/company\\\/guaresimilleo\"]},{\"@type\":\"Person\",\"@id\":\"https:\\\/\\\/www.gm.adv.br\\\/site\\\/#\\\/schema\\\/person\\\/7d633a2abab0d9b94253af6efc36428f\",\"name\":\"admin\",\"image\":{\"@type\":\"ImageObject\",\"inLanguage\":\"pt-BR\",\"@id\":\"https:\\\/\\\/secure.gravatar.com\\\/avatar\\\/c8bb173d280f7d1e50b67bb649de269247430499695ba3ee451b6289436d1d39?s=96&d=mm&r=g\",\"url\":\"https:\\\/\\\/secure.gravatar.com\\\/avatar\\\/c8bb173d280f7d1e50b67bb649de269247430499695ba3ee451b6289436d1d39?s=96&d=mm&r=g\",\"contentUrl\":\"https:\\\/\\\/secure.gravatar.com\\\/avatar\\\/c8bb173d280f7d1e50b67bb649de269247430499695ba3ee451b6289436d1d39?s=96&d=mm&r=g\",\"caption\":\"admin\"},\"sameAs\":[\"https:\\\/\\\/www.gm.adv.br\\\/site\"],\"url\":\"https:\\\/\\\/www.gm.adv.br\\\/site\\\/author\\\/admin\\\/\"}]}<\/script>\n<!-- \/ Yoast SEO plugin. -->","yoast_head_json":{"title":"Qual o trabalho de um advogado especialista em servidor p\u00fablico?","description":"Se algum dos direitos n\u00e3o forem atendidos, \u00e9 importante consultar um advogado especialista em servidor p\u00fablico antes de qualquer medida.","robots":{"index":"index","follow":"follow","max-snippet":"max-snippet:-1","max-image-preview":"max-image-preview:large","max-video-preview":"max-video-preview:-1"},"canonical":"https:\/\/www.gm.adv.br\/site\/2023\/01\/03\/qual-o-trabalho-que-exerce-um-advogado-especialista-em-servidor-publico\/","og_locale":"pt_BR","og_type":"article","og_title":"Qual o trabalho de um advogado especialista em servidor p\u00fablico?","og_description":"Se algum dos direitos n\u00e3o forem atendidos, \u00e9 importante consultar um advogado especialista em servidor p\u00fablico antes de qualquer medida.","og_url":"https:\/\/www.gm.adv.br\/site\/2023\/01\/03\/qual-o-trabalho-que-exerce-um-advogado-especialista-em-servidor-publico\/","og_site_name":"Guaresi &amp; Mill\u00e9o Advogados Associados | Escrit\u00f3rio de Advocacia em Conc\u00f3rdia-SC | 30 Anos de Experi\u00eancia","article_publisher":"https:\/\/www.facebook.com\/GuaresiMilleoAdvogados","article_published_time":"2023-01-03T17:47:41+00:00","og_image":[{"width":800,"height":800,"url":"https:\/\/www.gm.adv.br\/site\/wp-content\/uploads\/2023\/01\/advogado-especialista-em-servidor-publico-1-jpg.webp","type":"image\/webp"}],"author":"admin","twitter_card":"summary_large_image","twitter_misc":{"Escrito por":"admin","Est. tempo de leitura":"8 minutos"},"schema":{"@context":"https:\/\/schema.org","@graph":[{"@type":"Article","@id":"https:\/\/www.gm.adv.br\/site\/2023\/01\/03\/qual-o-trabalho-que-exerce-um-advogado-especialista-em-servidor-publico\/#article","isPartOf":{"@id":"https:\/\/www.gm.adv.br\/site\/2023\/01\/03\/qual-o-trabalho-que-exerce-um-advogado-especialista-em-servidor-publico\/"},"author":{"name":"admin","@id":"https:\/\/www.gm.adv.br\/site\/#\/schema\/person\/7d633a2abab0d9b94253af6efc36428f"},"headline":"Qual o trabalho que exerce um advogado especialista em servidor p\u00fablico?","datePublished":"2023-01-03T17:47:41+00:00","mainEntityOfPage":{"@id":"https:\/\/www.gm.adv.br\/site\/2023\/01\/03\/qual-o-trabalho-que-exerce-um-advogado-especialista-em-servidor-publico\/"},"wordCount":1441,"publisher":{"@id":"https:\/\/www.gm.adv.br\/site\/#organization"},"image":{"@id":"https:\/\/www.gm.adv.br\/site\/2023\/01\/03\/qual-o-trabalho-que-exerce-um-advogado-especialista-em-servidor-publico\/#primaryimage"},"thumbnailUrl":"https:\/\/www.gm.adv.br\/site\/wp-content\/uploads\/2023\/01\/advogado-especialista-em-servidor-publico-1-jpg.webp","articleSection":["Direito P\u00fablico"],"inLanguage":"pt-BR"},{"@type":"WebPage","@id":"https:\/\/www.gm.adv.br\/site\/2023\/01\/03\/qual-o-trabalho-que-exerce-um-advogado-especialista-em-servidor-publico\/","url":"https:\/\/www.gm.adv.br\/site\/2023\/01\/03\/qual-o-trabalho-que-exerce-um-advogado-especialista-em-servidor-publico\/","name":"Qual o trabalho de um advogado especialista em servidor p\u00fablico?","isPartOf":{"@id":"https:\/\/www.gm.adv.br\/site\/#website"},"primaryImageOfPage":{"@id":"https:\/\/www.gm.adv.br\/site\/2023\/01\/03\/qual-o-trabalho-que-exerce-um-advogado-especialista-em-servidor-publico\/#primaryimage"},"image":{"@id":"https:\/\/www.gm.adv.br\/site\/2023\/01\/03\/qual-o-trabalho-que-exerce-um-advogado-especialista-em-servidor-publico\/#primaryimage"},"thumbnailUrl":"https:\/\/www.gm.adv.br\/site\/wp-content\/uploads\/2023\/01\/advogado-especialista-em-servidor-publico-1-jpg.webp","datePublished":"2023-01-03T17:47:41+00:00","description":"Se algum dos direitos n\u00e3o forem atendidos, \u00e9 importante consultar um advogado especialista em servidor p\u00fablico antes de qualquer medida.","breadcrumb":{"@id":"https:\/\/www.gm.adv.br\/site\/2023\/01\/03\/qual-o-trabalho-que-exerce-um-advogado-especialista-em-servidor-publico\/#breadcrumb"},"inLanguage":"pt-BR","potentialAction":[{"@type":"ReadAction","target":["https:\/\/www.gm.adv.br\/site\/2023\/01\/03\/qual-o-trabalho-que-exerce-um-advogado-especialista-em-servidor-publico\/"]}]},{"@type":"ImageObject","inLanguage":"pt-BR","@id":"https:\/\/www.gm.adv.br\/site\/2023\/01\/03\/qual-o-trabalho-que-exerce-um-advogado-especialista-em-servidor-publico\/#primaryimage","url":"https:\/\/www.gm.adv.br\/site\/wp-content\/uploads\/2023\/01\/advogado-especialista-em-servidor-publico-1-jpg.webp","contentUrl":"https:\/\/www.gm.adv.br\/site\/wp-content\/uploads\/2023\/01\/advogado-especialista-em-servidor-publico-1-jpg.webp","width":800,"height":800,"caption":"Advogado especialista em servidor p\u00fablico"},{"@type":"BreadcrumbList","@id":"https:\/\/www.gm.adv.br\/site\/2023\/01\/03\/qual-o-trabalho-que-exerce-um-advogado-especialista-em-servidor-publico\/#breadcrumb","itemListElement":[{"@type":"ListItem","position":1,"name":"In\u00edcio","item":"https:\/\/www.gm.adv.br\/site\/"},{"@type":"ListItem","position":2,"name":"Qual o trabalho que exerce um advogado especialista em servidor p\u00fablico?"}]},{"@type":"WebSite","@id":"https:\/\/www.gm.adv.br\/site\/#website","url":"https:\/\/www.gm.adv.br\/site\/","name":"Guaresi & Mill\u00e9o Advogados Associados | Escrit\u00f3rio de Advocacia em Conc\u00f3rdia-SC | 30 Anos de Experi\u00eanci","description":"Advocacia Direito Banc\u00e1rio, Tribut\u00e1rio, Trabalhista, C\u00edvil, P\u00fablica, Municipal, Advogados Associados Guaresi e Mill\u00e9o  |  Conc\u00f3rdia SC","publisher":{"@id":"https:\/\/www.gm.adv.br\/site\/#organization"},"alternateName":"Guaresi e Mill\u00e9o Escrit\u00f3rio de Advocacia e Consultoria em Conc\u00f3rdia-SC","potentialAction":[{"@type":"SearchAction","target":{"@type":"EntryPoint","urlTemplate":"https:\/\/www.gm.adv.br\/site\/?s={search_term_string}"},"query-input":{"@type":"PropertyValueSpecification","valueRequired":true,"valueName":"search_term_string"}}],"inLanguage":"pt-BR"},{"@type":"Organization","@id":"https:\/\/www.gm.adv.br\/site\/#organization","name":"Guaresi & Milleo Advogados Associados em Conc\u00f3rdia SC","alternateName":"Guaresi e Milleo Advocacia e Consultoria","url":"https:\/\/www.gm.adv.br\/site\/","logo":{"@type":"ImageObject","inLanguage":"pt-BR","@id":"https:\/\/www.gm.adv.br\/site\/#\/schema\/logo\/image\/","url":"https:\/\/www.gm.adv.br\/site\/wp-content\/uploads\/2025\/07\/cropped-icone-512.webp","contentUrl":"https:\/\/www.gm.adv.br\/site\/wp-content\/uploads\/2025\/07\/cropped-icone-512.webp","width":512,"height":512,"caption":"Guaresi & Milleo Advogados Associados em Conc\u00f3rdia SC"},"image":{"@id":"https:\/\/www.gm.adv.br\/site\/#\/schema\/logo\/image\/"},"sameAs":["https:\/\/www.facebook.com\/GuaresiMilleoAdvogados","https:\/\/www.instagram.com\/guaresiemilleo\/","https:\/\/br.linkedin.com\/company\/guaresimilleo"]},{"@type":"Person","@id":"https:\/\/www.gm.adv.br\/site\/#\/schema\/person\/7d633a2abab0d9b94253af6efc36428f","name":"admin","image":{"@type":"ImageObject","inLanguage":"pt-BR","@id":"https:\/\/secure.gravatar.com\/avatar\/c8bb173d280f7d1e50b67bb649de269247430499695ba3ee451b6289436d1d39?s=96&d=mm&r=g","url":"https:\/\/secure.gravatar.com\/avatar\/c8bb173d280f7d1e50b67bb649de269247430499695ba3ee451b6289436d1d39?s=96&d=mm&r=g","contentUrl":"https:\/\/secure.gravatar.com\/avatar\/c8bb173d280f7d1e50b67bb649de269247430499695ba3ee451b6289436d1d39?s=96&d=mm&r=g","caption":"admin"},"sameAs":["https:\/\/www.gm.adv.br\/site"],"url":"https:\/\/www.gm.adv.br\/site\/author\/admin\/"}]}},"_links":{"self":[{"href":"https:\/\/www.gm.adv.br\/site\/wp-json\/wp\/v2\/posts\/4121","targetHints":{"allow":["GET"]}}],"collection":[{"href":"https:\/\/www.gm.adv.br\/site\/wp-json\/wp\/v2\/posts"}],"about":[{"href":"https:\/\/www.gm.adv.br\/site\/wp-json\/wp\/v2\/types\/post"}],"author":[{"embeddable":true,"href":"https:\/\/www.gm.adv.br\/site\/wp-json\/wp\/v2\/users\/1"}],"replies":[{"embeddable":true,"href":"https:\/\/www.gm.adv.br\/site\/wp-json\/wp\/v2\/comments?post=4121"}],"version-history":[{"count":0,"href":"https:\/\/www.gm.adv.br\/site\/wp-json\/wp\/v2\/posts\/4121\/revisions"}],"wp:featuredmedia":[{"embeddable":true,"href":"https:\/\/www.gm.adv.br\/site\/wp-json\/wp\/v2\/media\/4124"}],"wp:attachment":[{"href":"https:\/\/www.gm.adv.br\/site\/wp-json\/wp\/v2\/media?parent=4121"}],"wp:term":[{"taxonomy":"category","embeddable":true,"href":"https:\/\/www.gm.adv.br\/site\/wp-json\/wp\/v2\/categories?post=4121"},{"taxonomy":"post_tag","embeddable":true,"href":"https:\/\/www.gm.adv.br\/site\/wp-json\/wp\/v2\/tags?post=4121"}],"curies":[{"name":"wp","href":"https:\/\/api.w.org\/{rel}","templated":true}]}}