{"id":3829,"date":"2022-12-07T08:17:21","date_gmt":"2022-12-07T11:17:21","guid":{"rendered":"https:\/\/gm.adv.br\/?p=3829"},"modified":"2022-12-07T08:17:21","modified_gmt":"2022-12-07T11:17:21","slug":"bitributacao-para-recuperar-pis-e-cofins","status":"publish","type":"post","link":"https:\/\/www.gm.adv.br\/site\/2022\/12\/07\/bitributacao-para-recuperar-pis-e-cofins\/","title":{"rendered":"A bitributa\u00e7\u00e3o e a oportunidade de recuperar PIS e COFINS"},"content":{"rendered":"<p><span style=\"font-weight: 400;\">Ap\u00f3s longa batalha administrativa e judicial entre a Receita Federal do Brasil e os contribuintes brasileiros, o Supremo Tribunal Federal se posicionou acerca da possibilidade de exclus\u00e3o do ICMS da base de c\u00e1lculo do PIS e da COFINS, por meio do RE 574.706, em fun\u00e7\u00e3o da bitributa\u00e7\u00e3o.<\/span><\/p>\n<p><!--more--><\/p>\n<p><span style=\"font-weight: 400;\">A decis\u00e3o do Supremo adotou a tese dos contribuintes, estabelecendo que \u201cO ICMS n\u00e3o comp\u00f5e a base de c\u00e1lculo para a incid\u00eancia do PIS e da COFINS\u201d, eliminando a bitributa\u00e7\u00e3o.<\/span><\/p>\n<p><span style=\"font-weight: 400;\">Com efeito, o referido Tribunal reconheceu que o ICMS n\u00e3o faz parte do faturamento\/receita bruta da empresa, pois o tributo apenas acompanha a opera\u00e7\u00e3o de venda ou presta\u00e7\u00e3o de servi\u00e7o, configurando, assim, um mero tr\u00e2nsito cont\u00e1bil.<\/span><\/p>\n<p>&nbsp;<\/p>\n<h2><span style=\"font-weight: 400;\">PIS\/COFINS<\/span><\/h2>\n<p><span style=\"font-weight: 400;\">O PIS \u00e9 um tributo que \u00e9 direcionado para a integra\u00e7\u00e3o social dos trabalhadores, ou seja, seus recursos s\u00e3o destinados para o pagamento do seguro-desemprego, abono salarial e participa\u00e7\u00e3o na receita dos \u00f3rg\u00e3os e entidades, tanto para trabalhadores p\u00fablicos quanto privados. Quem faz a administra\u00e7\u00e3o deste fundo \u00e9 a Caixa Econ\u00f4mica Federal, para os trabalhadores de empresas privadas. J\u00e1 no caso dos trabalhadores p\u00fablicos, o fundo tem outro nome: PASEP, cuja administra\u00e7\u00e3o \u00e9 feita pelo Banco do Brasil.\u00a0<\/span><\/p>\n<p><span style=\"font-weight: 400;\">A denomina\u00e7\u00e3o PIS: Programa de Integra\u00e7\u00e3o Social e de Forma\u00e7\u00e3o do Patrim\u00f4nio do Servidor P\u00fablico &#8211; PIS\/PASEP.<\/span><\/p>\n<p><span style=\"font-weight: 400;\">Este tributo tem tr\u00eas modalidades de contribui\u00e7\u00e3o, sendo elas:<\/span><\/p>\n<p><span style=\"font-weight: 400;\">\u00a0\ud83d\udc49Sobre o faturamento da empresa &#8211; 0,65% a 1,65%;<\/span><\/p>\n<p><span style=\"font-weight: 400;\">\ud83d\udc49 Sobre a importa\u00e7\u00e3o -2.1%;<\/span><\/p>\n<p><span style=\"font-weight: 400;\">\ud83d\udc49 Sobre a folha de pagamento &#8211; 1%.<\/span><\/p>\n<p><span style=\"font-weight: 400;\">A <\/span><span style=\"font-weight: 400;\">COFINS \u00e9 a Contribui\u00e7\u00e3o para Financiamento da Seguridade Social.\u00a0 \u00c9 um tributo<\/span> <span style=\"font-weight: 400;\">federal cobrado com base na receita bruta das empresas. \u00c9 pag<\/span><span style=\"font-weight: 400;\">o<\/span><span style=\"font-weight: 400;\"> pelas empresas por meio da al\u00edquota de 7,6%, a partir de 2003 (antes era 3%), e incide sobre a receita ou faturamento, e destina-se exclusivamente \u00e0s despesas com atividades afins das \u00e1reas de sa\u00fade p\u00fablica, previd\u00eancia social e assist\u00eancia social.<\/span><\/p>\n<p><span style=\"font-weight: 400;\">As modalidades de contribui\u00e7\u00e3o s\u00e3o:<\/span><\/p>\n<p><span style=\"font-weight: 400;\">\ud83d\udc49 Sobre o faturamento da empresa &#8211; de 3% a 7,6%;<\/span><\/p>\n<p><span style=\"font-weight: 400;\">\ud83d\udc49 Sobre a importa\u00e7\u00e3o &#8211; 9,75% + 1% adicional.<\/span><\/p>\n<p>&nbsp;<\/p>\n<p><span style=\"font-weight: 400;\">Lembrando que todas as empresas privadas est\u00e3o sujeitas a este imposto, s\u00e3o elas:<\/span><\/p>\n<p><span style=\"font-weight: 400;\">\u25b6\ufe0f Microempresas;<\/span><\/p>\n<p><span style=\"font-weight: 400;\">\u25b6\ufe0f Empresas de pequeno porte que optaram pelo m\u00e9todo Simples Nacional;<\/span><\/p>\n<p><span style=\"font-weight: 400;\">\u25b6\ufe0f Associa\u00e7\u00f5es, sindicatos e federa\u00e7\u00f5es;<\/span><\/p>\n<p><span style=\"font-weight: 400;\">\u25b6\ufe0f Empresas cooperativas.<\/span><\/p>\n<p><span style=\"font-weight: 400;\">Dentro deste conceito de leis tribut\u00e1rias, durante a defini\u00e7\u00e3o de qual <\/span><a href=\"https:\/\/gm.adv.br\/blog\/seu-negocio-conta-com-uma-assessoria-juridica-empresarial\/\" target=\"_blank\" rel=\"noopener\"><span style=\"font-weight: 400;\">sua empresa<\/span><\/a><span style=\"font-weight: 400;\"> se encaixa, corre o risco de haver algumas falhas. Isso pode resultar em pagamentos indevidos e desta forma deixar brecha para reaver ou compensar esses valores pagos a mais \u00e0 Receita Federal.<\/span><\/p>\n<p>&nbsp;<\/p>\n<h2><span style=\"font-weight: 400;\">Defini\u00e7\u00e3o das al\u00edquotas<\/span><\/h2>\n<p><span style=\"font-weight: 400;\">Para as empresas tributadas pelo regime do Lucro Real, a al\u00edquota da COFINS \u00e9 de 7,6%, sobre as vendas efetivadas. Os contribuintes<\/span> <span style=\"font-weight: 400;\">t\u00eam o direito de fazer a dedu\u00e7\u00e3o de um cr\u00e9dito de 7,6% dentro dos valores de gastos referentes a atividade que desenvolve, como:<\/span><\/p>\n<p><span style=\"font-weight: 400;\">\u25b6\ufe0f Mat\u00e9rias primas utilizadas;<\/span><\/p>\n<p><span style=\"font-weight: 400;\">\u25b6\ufe0f Despesas com alugu\u00e9is;<\/span><\/p>\n<p><span style=\"font-weight: 400;\">\u25b6\ufe0f Bens adquiridos com finalidade de vender;<\/span><\/p>\n<p><span style=\"font-weight: 400;\">\u25b6\ufe0f Despesas com energia el\u00e9trica e<\/span><\/p>\n<p><span style=\"font-weight: 400;\">\u25b6\ufe0f \ufe0fDeprecia\u00e7\u00e3o do capital.<\/span><\/p>\n<p><span style=\"font-weight: 400;\">Enquanto que para as empresas de Lucro Presumido, a al\u00edquota de COFINS \u00e9 de 3%, mas a diferen\u00e7a \u00e9 que esse imposto \u00e9 cumulativo.<\/span><\/p>\n<p>&nbsp;<\/p>\n<h3><span style=\"font-weight: 400;\">Entenda o que <\/span><span style=\"font-weight: 400;\">\u00e9<\/span> <span style=\"font-weight: 400;\">Lucro real e Lucro Presumido<\/span><\/h3>\n<p><span style=\"font-weight: 400;\">O Lucro Real\u00a0 de uma empresa \u00e9 um regime de tributa\u00e7\u00e3o, em que o c\u00e1lculo do Imposto de Renda da Pessoa Jur\u00eddica\u00a0 e da Contribui\u00e7\u00e3o Social Sobre o Lucro L\u00edquido tem como base o lucro real da empresa. Desta forma \u00e9 feito o c\u00e1lculo das receitas menos as despesas, de acordo com os ajustes previstos em lei. Este \u00e9 o regime tribut\u00e1rio tradicional.\u00a0<\/span><\/p>\n<p><span style=\"font-weight: 400;\">J\u00e1 o Lucro Presumido \u00e9 uma forma de <a href=\"https:\/\/gm.adv.br\/blog\/indenizacao-por-dano-moral\/\" target=\"_blank\" rel=\"noopener\">tributa\u00e7\u00e3o<\/a> simplificada que \u00e9 usada para determinar a base de c\u00e1lculo do Imposto de Renda e da Contribui\u00e7\u00e3o Social Sobre o Lucro L\u00edquido das pessoas jur\u00eddicas.<\/span><\/p>\n<p><span style=\"font-weight: 400;\">Este m\u00e9todo \u00e9 utilizado para presumir o lucro da pessoa jur\u00eddica a partir de sua receita bruta e outras receitas sujeitas \u00e0 tributa\u00e7\u00e3o.<\/span><\/p>\n<p>&nbsp;<\/p>\n<h2><span style=\"font-weight: 400;\">Como \u00e9 poss\u00edvel fazer a restitui\u00e7\u00e3o dos impostos pagos?<\/span><\/h2>\n<p><span style=\"font-weight: 400;\">Com o emaranhado de legisla\u00e7\u00e3o tribut\u00e1ria, muitas empresas acabam, por falta de conhecimento, pagando mais impostos do que realmente deveriam. Este n\u00famero chega a 95% das empresas brasileiras. A boa not\u00edcia \u00e9 que voc\u00ea, empres\u00e1rio, pode reaver parte deste valor pago a maior, em uma opera\u00e7\u00e3o chamada Recupera\u00e7\u00e3o de Cr\u00e9dito.<\/span><\/p>\n<p>&nbsp;<\/p>\n<h2><span style=\"font-weight: 400;\">Como proceder para restituir os cr\u00e9ditos<\/span><\/h2>\n<p><span style=\"font-weight: 400;\">Para saber se sua empresa foi tributada duas vezes, \u00e9 preciso fazer uma an\u00e1lise fiscal minuciosa nos arquivos das notas fiscais eletr\u00f4nicas dos \u00faltimos cinco anos. Ap\u00f3s a realiza\u00e7\u00e3o desta avalia\u00e7\u00e3o, feita por um profissional da \u00e1rea t\u00e9cnica, \u00e9 que ele vai anunciar se h\u00e1 valor a ser devolvido. O passo seguinte \u00e9 dar entrada no processo de recupera\u00e7\u00e3o de cr\u00e9ditos tribut\u00e1rios por um advogado especializado.\u00a0<\/span><\/p>\n<p><span style=\"font-weight: 400;\">Mas \u00e9 preciso ter em mente que este processo pode demorar muito tempo para se resolver, mas tamb\u00e9m h\u00e1 situa\u00e7\u00f5es em que o dinheiro \u00e9 recuperado em at\u00e9 60 dias. Para reaver os valores pagos a mais, h\u00e1 duas formas:<\/span><\/p>\n<p><span style=\"font-weight: 400;\">\ud83d\udc49Dep\u00f3sito em dinheiro<\/span><\/p>\n<p><span style=\"font-weight: 400;\">\ud83d\udc49Cr\u00e9ditos tribut\u00e1rios que podem ser usados nos meses seguintes.<\/span><\/p>\n<p><span style=\"font-weight: 400;\">E ent\u00e3o, vamos fazer uma varredura nos arquivos fiscais da empresa? Voc\u00ea pode ter bons valores para reaver da Receita Federal.<\/span><\/p>\n<p>&nbsp;<\/p>\n<p><a href=\"https:\/\/materiais.gm.adv.br\/guaresi-e-milleo-advogado-tributario\"><img loading=\"lazy\" decoding=\"async\" class=\"alignnone wp-image-4246 size-full\" src=\"https:\/\/www.gm.adv.br\/site\/wp-content\/uploads\/2022\/05\/tem-interesse-em-conversar-com-um-de-nossos-advogados-especialistas-1.webp\" alt=\"\" width=\"750\" height=\"150\" \/><\/a><\/p>\n<div class=\"text\">\n<div id=\"textoFonte\" class=\"overflow\">\n<p><span class=\"selectable-text copyable-text\">Este conte\u00fado foi produzido pelo Escrit\u00f3rio de Advocacia Guaresi e Mill\u00e9o Advogados Associados, h\u00e1 mais de 25 anos prestando servi\u00e7os em advocacia na cidade de Conc\u00f3rdia \u2013 SC e regi\u00e3o Oeste Catarinense. Continue acompanhando nosso\u00a0<a href=\"https:\/\/gm.adv.br\/blog\/\">blog<\/a> para n\u00e3o perder mais nenhum conte\u00fado exclusivo.<\/span><\/p>\n<\/div>\n<\/div>\n","protected":false},"excerpt":{"rendered":"<p>Ap\u00f3s longa batalha administrativa e judicial entre a Receita Federal do Brasil e os contribuintes brasileiros, o Supremo Tribunal Federal se posicionou acerca da possibilidade de exclus\u00e3o do ICMS da base de c\u00e1lculo do PIS e da COFINS, por meio do RE 574.706, em fun\u00e7\u00e3o da bitributa\u00e7\u00e3o.<\/p>\n","protected":false},"author":1,"featured_media":3830,"comment_status":"closed","ping_status":"closed","sticky":false,"template":"","format":"standard","meta":{"footnotes":""},"categories":[73],"tags":[],"class_list":["post-3829","post","type-post","status-publish","format-standard","has-post-thumbnail","hentry","category-artigos"],"yoast_head":"<!-- This site is optimized with the Yoast SEO plugin v27.5 - https:\/\/yoast.com\/product\/yoast-seo-wordpress\/ -->\n<title>A bitributa\u00e7\u00e3o e a oportunidade de recuperar PIS e COFINS<\/title>\n<meta name=\"description\" content=\"O STF se posicionou acerca da possibilidade de exclus\u00e3o do ICMS da base de c\u00e1lculo do PIS e da COFINS, em fun\u00e7\u00e3o da bitributa\u00e7\u00e3o\" \/>\n<meta name=\"robots\" content=\"index, follow, max-snippet:-1, max-image-preview:large, max-video-preview:-1\" \/>\n<link rel=\"canonical\" href=\"https:\/\/www.gm.adv.br\/site\/2022\/12\/07\/bitributacao-para-recuperar-pis-e-cofins\/\" \/>\n<meta property=\"og:locale\" content=\"pt_BR\" \/>\n<meta property=\"og:type\" content=\"article\" \/>\n<meta property=\"og:title\" content=\"A bitributa\u00e7\u00e3o e a oportunidade de recuperar PIS e COFINS\" \/>\n<meta property=\"og:description\" content=\"O STF se posicionou acerca da possibilidade de exclus\u00e3o do ICMS da base de c\u00e1lculo do PIS e da COFINS, em fun\u00e7\u00e3o da bitributa\u00e7\u00e3o\" \/>\n<meta property=\"og:url\" content=\"https:\/\/www.gm.adv.br\/site\/2022\/12\/07\/bitributacao-para-recuperar-pis-e-cofins\/\" \/>\n<meta property=\"og:site_name\" content=\"Guaresi &amp; Mill\u00e9o Advogados Associados | Escrit\u00f3rio de Advocacia em Conc\u00f3rdia-SC | 30 Anos de Experi\u00eancia\" \/>\n<meta property=\"article:publisher\" content=\"https:\/\/www.facebook.com\/GuaresiMilleoAdvogados\" \/>\n<meta property=\"article:published_time\" content=\"2022-12-07T11:17:21+00:00\" \/>\n<meta property=\"og:image\" content=\"https:\/\/www.gm.adv.br\/site\/wp-content\/uploads\/2022\/12\/bitributacao-e-arecuperacao-do-pis-cofins-jpg.webp\" \/>\n\t<meta property=\"og:image:width\" content=\"800\" \/>\n\t<meta property=\"og:image:height\" content=\"800\" \/>\n\t<meta property=\"og:image:type\" content=\"image\/webp\" \/>\n<meta name=\"author\" content=\"admin\" \/>\n<meta name=\"twitter:card\" content=\"summary_large_image\" \/>\n<meta name=\"twitter:label1\" content=\"Escrito por\" \/>\n\t<meta name=\"twitter:data1\" content=\"admin\" \/>\n\t<meta name=\"twitter:label2\" content=\"Est. tempo de leitura\" \/>\n\t<meta name=\"twitter:data2\" content=\"6 minutos\" \/>\n<script type=\"application\/ld+json\" class=\"yoast-schema-graph\">{\"@context\":\"https:\\\/\\\/schema.org\",\"@graph\":[{\"@type\":\"Article\",\"@id\":\"https:\\\/\\\/www.gm.adv.br\\\/site\\\/2022\\\/12\\\/07\\\/bitributacao-para-recuperar-pis-e-cofins\\\/#article\",\"isPartOf\":{\"@id\":\"https:\\\/\\\/www.gm.adv.br\\\/site\\\/2022\\\/12\\\/07\\\/bitributacao-para-recuperar-pis-e-cofins\\\/\"},\"author\":{\"name\":\"admin\",\"@id\":\"https:\\\/\\\/www.gm.adv.br\\\/site\\\/#\\\/schema\\\/person\\\/7d633a2abab0d9b94253af6efc36428f\"},\"headline\":\"A bitributa\u00e7\u00e3o e a oportunidade de recuperar PIS e COFINS\",\"datePublished\":\"2022-12-07T11:17:21+00:00\",\"mainEntityOfPage\":{\"@id\":\"https:\\\/\\\/www.gm.adv.br\\\/site\\\/2022\\\/12\\\/07\\\/bitributacao-para-recuperar-pis-e-cofins\\\/\"},\"wordCount\":955,\"publisher\":{\"@id\":\"https:\\\/\\\/www.gm.adv.br\\\/site\\\/#organization\"},\"image\":{\"@id\":\"https:\\\/\\\/www.gm.adv.br\\\/site\\\/2022\\\/12\\\/07\\\/bitributacao-para-recuperar-pis-e-cofins\\\/#primaryimage\"},\"thumbnailUrl\":\"https:\\\/\\\/www.gm.adv.br\\\/site\\\/wp-content\\\/uploads\\\/2022\\\/12\\\/bitributacao-e-arecuperacao-do-pis-cofins-jpg.webp\",\"articleSection\":[\"Noticias\"],\"inLanguage\":\"pt-BR\"},{\"@type\":\"WebPage\",\"@id\":\"https:\\\/\\\/www.gm.adv.br\\\/site\\\/2022\\\/12\\\/07\\\/bitributacao-para-recuperar-pis-e-cofins\\\/\",\"url\":\"https:\\\/\\\/www.gm.adv.br\\\/site\\\/2022\\\/12\\\/07\\\/bitributacao-para-recuperar-pis-e-cofins\\\/\",\"name\":\"A bitributa\u00e7\u00e3o e a oportunidade de recuperar PIS e COFINS\",\"isPartOf\":{\"@id\":\"https:\\\/\\\/www.gm.adv.br\\\/site\\\/#website\"},\"primaryImageOfPage\":{\"@id\":\"https:\\\/\\\/www.gm.adv.br\\\/site\\\/2022\\\/12\\\/07\\\/bitributacao-para-recuperar-pis-e-cofins\\\/#primaryimage\"},\"image\":{\"@id\":\"https:\\\/\\\/www.gm.adv.br\\\/site\\\/2022\\\/12\\\/07\\\/bitributacao-para-recuperar-pis-e-cofins\\\/#primaryimage\"},\"thumbnailUrl\":\"https:\\\/\\\/www.gm.adv.br\\\/site\\\/wp-content\\\/uploads\\\/2022\\\/12\\\/bitributacao-e-arecuperacao-do-pis-cofins-jpg.webp\",\"datePublished\":\"2022-12-07T11:17:21+00:00\",\"description\":\"O STF se posicionou acerca da possibilidade de exclus\u00e3o do ICMS da base de c\u00e1lculo do PIS e da COFINS, em fun\u00e7\u00e3o da bitributa\u00e7\u00e3o\",\"breadcrumb\":{\"@id\":\"https:\\\/\\\/www.gm.adv.br\\\/site\\\/2022\\\/12\\\/07\\\/bitributacao-para-recuperar-pis-e-cofins\\\/#breadcrumb\"},\"inLanguage\":\"pt-BR\",\"potentialAction\":[{\"@type\":\"ReadAction\",\"target\":[\"https:\\\/\\\/www.gm.adv.br\\\/site\\\/2022\\\/12\\\/07\\\/bitributacao-para-recuperar-pis-e-cofins\\\/\"]}]},{\"@type\":\"ImageObject\",\"inLanguage\":\"pt-BR\",\"@id\":\"https:\\\/\\\/www.gm.adv.br\\\/site\\\/2022\\\/12\\\/07\\\/bitributacao-para-recuperar-pis-e-cofins\\\/#primaryimage\",\"url\":\"https:\\\/\\\/www.gm.adv.br\\\/site\\\/wp-content\\\/uploads\\\/2022\\\/12\\\/bitributacao-e-arecuperacao-do-pis-cofins-jpg.webp\",\"contentUrl\":\"https:\\\/\\\/www.gm.adv.br\\\/site\\\/wp-content\\\/uploads\\\/2022\\\/12\\\/bitributacao-e-arecuperacao-do-pis-cofins-jpg.webp\",\"width\":800,\"height\":800,\"caption\":\"\u00c9 poss\u00edvel recuperar PIS\\\/COFINS se comprovada a bitributa\u00e7\u00e3o\"},{\"@type\":\"BreadcrumbList\",\"@id\":\"https:\\\/\\\/www.gm.adv.br\\\/site\\\/2022\\\/12\\\/07\\\/bitributacao-para-recuperar-pis-e-cofins\\\/#breadcrumb\",\"itemListElement\":[{\"@type\":\"ListItem\",\"position\":1,\"name\":\"In\u00edcio\",\"item\":\"https:\\\/\\\/www.gm.adv.br\\\/site\\\/\"},{\"@type\":\"ListItem\",\"position\":2,\"name\":\"A bitributa\u00e7\u00e3o e a oportunidade de recuperar PIS e COFINS\"}]},{\"@type\":\"WebSite\",\"@id\":\"https:\\\/\\\/www.gm.adv.br\\\/site\\\/#website\",\"url\":\"https:\\\/\\\/www.gm.adv.br\\\/site\\\/\",\"name\":\"Guaresi & Mill\u00e9o Advogados Associados | Escrit\u00f3rio de Advocacia em Conc\u00f3rdia-SC | 30 Anos de Experi\u00eanci\",\"description\":\"Advocacia Direito Banc\u00e1rio, Tribut\u00e1rio, Trabalhista, C\u00edvil, P\u00fablica, Municipal, Advogados Associados Guaresi e Mill\u00e9o  |  Conc\u00f3rdia SC\",\"publisher\":{\"@id\":\"https:\\\/\\\/www.gm.adv.br\\\/site\\\/#organization\"},\"alternateName\":\"Guaresi e Mill\u00e9o Escrit\u00f3rio de Advocacia e Consultoria em Conc\u00f3rdia-SC\",\"potentialAction\":[{\"@type\":\"SearchAction\",\"target\":{\"@type\":\"EntryPoint\",\"urlTemplate\":\"https:\\\/\\\/www.gm.adv.br\\\/site\\\/?s={search_term_string}\"},\"query-input\":{\"@type\":\"PropertyValueSpecification\",\"valueRequired\":true,\"valueName\":\"search_term_string\"}}],\"inLanguage\":\"pt-BR\"},{\"@type\":\"Organization\",\"@id\":\"https:\\\/\\\/www.gm.adv.br\\\/site\\\/#organization\",\"name\":\"Guaresi & Milleo Advogados Associados em Conc\u00f3rdia SC\",\"alternateName\":\"Guaresi e Milleo Advocacia e Consultoria\",\"url\":\"https:\\\/\\\/www.gm.adv.br\\\/site\\\/\",\"logo\":{\"@type\":\"ImageObject\",\"inLanguage\":\"pt-BR\",\"@id\":\"https:\\\/\\\/www.gm.adv.br\\\/site\\\/#\\\/schema\\\/logo\\\/image\\\/\",\"url\":\"https:\\\/\\\/www.gm.adv.br\\\/site\\\/wp-content\\\/uploads\\\/2025\\\/07\\\/cropped-icone-512.webp\",\"contentUrl\":\"https:\\\/\\\/www.gm.adv.br\\\/site\\\/wp-content\\\/uploads\\\/2025\\\/07\\\/cropped-icone-512.webp\",\"width\":512,\"height\":512,\"caption\":\"Guaresi & Milleo Advogados Associados em Conc\u00f3rdia SC\"},\"image\":{\"@id\":\"https:\\\/\\\/www.gm.adv.br\\\/site\\\/#\\\/schema\\\/logo\\\/image\\\/\"},\"sameAs\":[\"https:\\\/\\\/www.facebook.com\\\/GuaresiMilleoAdvogados\",\"https:\\\/\\\/www.instagram.com\\\/guaresiemilleo\\\/\",\"https:\\\/\\\/br.linkedin.com\\\/company\\\/guaresimilleo\"]},{\"@type\":\"Person\",\"@id\":\"https:\\\/\\\/www.gm.adv.br\\\/site\\\/#\\\/schema\\\/person\\\/7d633a2abab0d9b94253af6efc36428f\",\"name\":\"admin\",\"image\":{\"@type\":\"ImageObject\",\"inLanguage\":\"pt-BR\",\"@id\":\"https:\\\/\\\/secure.gravatar.com\\\/avatar\\\/c8bb173d280f7d1e50b67bb649de269247430499695ba3ee451b6289436d1d39?s=96&d=mm&r=g\",\"url\":\"https:\\\/\\\/secure.gravatar.com\\\/avatar\\\/c8bb173d280f7d1e50b67bb649de269247430499695ba3ee451b6289436d1d39?s=96&d=mm&r=g\",\"contentUrl\":\"https:\\\/\\\/secure.gravatar.com\\\/avatar\\\/c8bb173d280f7d1e50b67bb649de269247430499695ba3ee451b6289436d1d39?s=96&d=mm&r=g\",\"caption\":\"admin\"},\"sameAs\":[\"https:\\\/\\\/www.gm.adv.br\\\/site\"],\"url\":\"https:\\\/\\\/www.gm.adv.br\\\/site\\\/author\\\/admin\\\/\"}]}<\/script>\n<!-- \/ Yoast SEO plugin. -->","yoast_head_json":{"title":"A bitributa\u00e7\u00e3o e a oportunidade de recuperar PIS e COFINS","description":"O STF se posicionou acerca da possibilidade de exclus\u00e3o do ICMS da base de c\u00e1lculo do PIS e da COFINS, em fun\u00e7\u00e3o da bitributa\u00e7\u00e3o","robots":{"index":"index","follow":"follow","max-snippet":"max-snippet:-1","max-image-preview":"max-image-preview:large","max-video-preview":"max-video-preview:-1"},"canonical":"https:\/\/www.gm.adv.br\/site\/2022\/12\/07\/bitributacao-para-recuperar-pis-e-cofins\/","og_locale":"pt_BR","og_type":"article","og_title":"A bitributa\u00e7\u00e3o e a oportunidade de recuperar PIS e COFINS","og_description":"O STF se posicionou acerca da possibilidade de exclus\u00e3o do ICMS da base de c\u00e1lculo do PIS e da COFINS, em fun\u00e7\u00e3o da bitributa\u00e7\u00e3o","og_url":"https:\/\/www.gm.adv.br\/site\/2022\/12\/07\/bitributacao-para-recuperar-pis-e-cofins\/","og_site_name":"Guaresi &amp; Mill\u00e9o Advogados Associados | Escrit\u00f3rio de Advocacia em Conc\u00f3rdia-SC | 30 Anos de Experi\u00eancia","article_publisher":"https:\/\/www.facebook.com\/GuaresiMilleoAdvogados","article_published_time":"2022-12-07T11:17:21+00:00","og_image":[{"width":800,"height":800,"url":"https:\/\/www.gm.adv.br\/site\/wp-content\/uploads\/2022\/12\/bitributacao-e-arecuperacao-do-pis-cofins-jpg.webp","type":"image\/webp"}],"author":"admin","twitter_card":"summary_large_image","twitter_misc":{"Escrito por":"admin","Est. tempo de leitura":"6 minutos"},"schema":{"@context":"https:\/\/schema.org","@graph":[{"@type":"Article","@id":"https:\/\/www.gm.adv.br\/site\/2022\/12\/07\/bitributacao-para-recuperar-pis-e-cofins\/#article","isPartOf":{"@id":"https:\/\/www.gm.adv.br\/site\/2022\/12\/07\/bitributacao-para-recuperar-pis-e-cofins\/"},"author":{"name":"admin","@id":"https:\/\/www.gm.adv.br\/site\/#\/schema\/person\/7d633a2abab0d9b94253af6efc36428f"},"headline":"A bitributa\u00e7\u00e3o e a oportunidade de recuperar PIS e COFINS","datePublished":"2022-12-07T11:17:21+00:00","mainEntityOfPage":{"@id":"https:\/\/www.gm.adv.br\/site\/2022\/12\/07\/bitributacao-para-recuperar-pis-e-cofins\/"},"wordCount":955,"publisher":{"@id":"https:\/\/www.gm.adv.br\/site\/#organization"},"image":{"@id":"https:\/\/www.gm.adv.br\/site\/2022\/12\/07\/bitributacao-para-recuperar-pis-e-cofins\/#primaryimage"},"thumbnailUrl":"https:\/\/www.gm.adv.br\/site\/wp-content\/uploads\/2022\/12\/bitributacao-e-arecuperacao-do-pis-cofins-jpg.webp","articleSection":["Noticias"],"inLanguage":"pt-BR"},{"@type":"WebPage","@id":"https:\/\/www.gm.adv.br\/site\/2022\/12\/07\/bitributacao-para-recuperar-pis-e-cofins\/","url":"https:\/\/www.gm.adv.br\/site\/2022\/12\/07\/bitributacao-para-recuperar-pis-e-cofins\/","name":"A bitributa\u00e7\u00e3o e a oportunidade de recuperar PIS e COFINS","isPartOf":{"@id":"https:\/\/www.gm.adv.br\/site\/#website"},"primaryImageOfPage":{"@id":"https:\/\/www.gm.adv.br\/site\/2022\/12\/07\/bitributacao-para-recuperar-pis-e-cofins\/#primaryimage"},"image":{"@id":"https:\/\/www.gm.adv.br\/site\/2022\/12\/07\/bitributacao-para-recuperar-pis-e-cofins\/#primaryimage"},"thumbnailUrl":"https:\/\/www.gm.adv.br\/site\/wp-content\/uploads\/2022\/12\/bitributacao-e-arecuperacao-do-pis-cofins-jpg.webp","datePublished":"2022-12-07T11:17:21+00:00","description":"O STF se posicionou acerca da possibilidade de exclus\u00e3o do ICMS da base de c\u00e1lculo do PIS e da COFINS, em fun\u00e7\u00e3o da bitributa\u00e7\u00e3o","breadcrumb":{"@id":"https:\/\/www.gm.adv.br\/site\/2022\/12\/07\/bitributacao-para-recuperar-pis-e-cofins\/#breadcrumb"},"inLanguage":"pt-BR","potentialAction":[{"@type":"ReadAction","target":["https:\/\/www.gm.adv.br\/site\/2022\/12\/07\/bitributacao-para-recuperar-pis-e-cofins\/"]}]},{"@type":"ImageObject","inLanguage":"pt-BR","@id":"https:\/\/www.gm.adv.br\/site\/2022\/12\/07\/bitributacao-para-recuperar-pis-e-cofins\/#primaryimage","url":"https:\/\/www.gm.adv.br\/site\/wp-content\/uploads\/2022\/12\/bitributacao-e-arecuperacao-do-pis-cofins-jpg.webp","contentUrl":"https:\/\/www.gm.adv.br\/site\/wp-content\/uploads\/2022\/12\/bitributacao-e-arecuperacao-do-pis-cofins-jpg.webp","width":800,"height":800,"caption":"\u00c9 poss\u00edvel recuperar PIS\/COFINS se comprovada a bitributa\u00e7\u00e3o"},{"@type":"BreadcrumbList","@id":"https:\/\/www.gm.adv.br\/site\/2022\/12\/07\/bitributacao-para-recuperar-pis-e-cofins\/#breadcrumb","itemListElement":[{"@type":"ListItem","position":1,"name":"In\u00edcio","item":"https:\/\/www.gm.adv.br\/site\/"},{"@type":"ListItem","position":2,"name":"A bitributa\u00e7\u00e3o e a oportunidade de recuperar PIS e COFINS"}]},{"@type":"WebSite","@id":"https:\/\/www.gm.adv.br\/site\/#website","url":"https:\/\/www.gm.adv.br\/site\/","name":"Guaresi & Mill\u00e9o Advogados Associados | Escrit\u00f3rio de Advocacia em Conc\u00f3rdia-SC | 30 Anos de Experi\u00eanci","description":"Advocacia Direito Banc\u00e1rio, Tribut\u00e1rio, Trabalhista, C\u00edvil, P\u00fablica, Municipal, Advogados Associados Guaresi e Mill\u00e9o  |  Conc\u00f3rdia SC","publisher":{"@id":"https:\/\/www.gm.adv.br\/site\/#organization"},"alternateName":"Guaresi e Mill\u00e9o Escrit\u00f3rio de Advocacia e Consultoria em Conc\u00f3rdia-SC","potentialAction":[{"@type":"SearchAction","target":{"@type":"EntryPoint","urlTemplate":"https:\/\/www.gm.adv.br\/site\/?s={search_term_string}"},"query-input":{"@type":"PropertyValueSpecification","valueRequired":true,"valueName":"search_term_string"}}],"inLanguage":"pt-BR"},{"@type":"Organization","@id":"https:\/\/www.gm.adv.br\/site\/#organization","name":"Guaresi & Milleo Advogados Associados em Conc\u00f3rdia SC","alternateName":"Guaresi e Milleo Advocacia e Consultoria","url":"https:\/\/www.gm.adv.br\/site\/","logo":{"@type":"ImageObject","inLanguage":"pt-BR","@id":"https:\/\/www.gm.adv.br\/site\/#\/schema\/logo\/image\/","url":"https:\/\/www.gm.adv.br\/site\/wp-content\/uploads\/2025\/07\/cropped-icone-512.webp","contentUrl":"https:\/\/www.gm.adv.br\/site\/wp-content\/uploads\/2025\/07\/cropped-icone-512.webp","width":512,"height":512,"caption":"Guaresi & Milleo Advogados Associados em Conc\u00f3rdia SC"},"image":{"@id":"https:\/\/www.gm.adv.br\/site\/#\/schema\/logo\/image\/"},"sameAs":["https:\/\/www.facebook.com\/GuaresiMilleoAdvogados","https:\/\/www.instagram.com\/guaresiemilleo\/","https:\/\/br.linkedin.com\/company\/guaresimilleo"]},{"@type":"Person","@id":"https:\/\/www.gm.adv.br\/site\/#\/schema\/person\/7d633a2abab0d9b94253af6efc36428f","name":"admin","image":{"@type":"ImageObject","inLanguage":"pt-BR","@id":"https:\/\/secure.gravatar.com\/avatar\/c8bb173d280f7d1e50b67bb649de269247430499695ba3ee451b6289436d1d39?s=96&d=mm&r=g","url":"https:\/\/secure.gravatar.com\/avatar\/c8bb173d280f7d1e50b67bb649de269247430499695ba3ee451b6289436d1d39?s=96&d=mm&r=g","contentUrl":"https:\/\/secure.gravatar.com\/avatar\/c8bb173d280f7d1e50b67bb649de269247430499695ba3ee451b6289436d1d39?s=96&d=mm&r=g","caption":"admin"},"sameAs":["https:\/\/www.gm.adv.br\/site"],"url":"https:\/\/www.gm.adv.br\/site\/author\/admin\/"}]}},"_links":{"self":[{"href":"https:\/\/www.gm.adv.br\/site\/wp-json\/wp\/v2\/posts\/3829","targetHints":{"allow":["GET"]}}],"collection":[{"href":"https:\/\/www.gm.adv.br\/site\/wp-json\/wp\/v2\/posts"}],"about":[{"href":"https:\/\/www.gm.adv.br\/site\/wp-json\/wp\/v2\/types\/post"}],"author":[{"embeddable":true,"href":"https:\/\/www.gm.adv.br\/site\/wp-json\/wp\/v2\/users\/1"}],"replies":[{"embeddable":true,"href":"https:\/\/www.gm.adv.br\/site\/wp-json\/wp\/v2\/comments?post=3829"}],"version-history":[{"count":0,"href":"https:\/\/www.gm.adv.br\/site\/wp-json\/wp\/v2\/posts\/3829\/revisions"}],"wp:featuredmedia":[{"embeddable":true,"href":"https:\/\/www.gm.adv.br\/site\/wp-json\/wp\/v2\/media\/3830"}],"wp:attachment":[{"href":"https:\/\/www.gm.adv.br\/site\/wp-json\/wp\/v2\/media?parent=3829"}],"wp:term":[{"taxonomy":"category","embeddable":true,"href":"https:\/\/www.gm.adv.br\/site\/wp-json\/wp\/v2\/categories?post=3829"},{"taxonomy":"post_tag","embeddable":true,"href":"https:\/\/www.gm.adv.br\/site\/wp-json\/wp\/v2\/tags?post=3829"}],"curies":[{"name":"wp","href":"https:\/\/api.w.org\/{rel}","templated":true}]}}