{"id":3826,"date":"2022-12-07T08:03:36","date_gmt":"2022-12-07T11:03:36","guid":{"rendered":"https:\/\/gm.adv.br\/?p=3826"},"modified":"2022-12-07T08:03:36","modified_gmt":"2022-12-07T11:03:36","slug":"indenizacao-por-dano-moral","status":"publish","type":"post","link":"https:\/\/www.gm.adv.br\/site\/2022\/12\/07\/indenizacao-por-dano-moral\/","title":{"rendered":"Voc\u00ea sabia que a cobran\u00e7a indevida de tributos gera direito \u00e0 indeniza\u00e7\u00e3o por dano moral?"},"content":{"rendered":"<p><span style=\"font-weight: 400;\">Poucos contribuintes sabem disso, mas a inscri\u00e7\u00e3o da empresa em d\u00edvida ativa, na hip\u00f3tese de o tributo ser indevido, gera direito \u00e0 indeniza\u00e7\u00e3o por dano moral. Entenda:<\/span><\/p>\n<p><!--more--><\/p>\n<p><span style=\"font-weight: 400;\">Quem \u00e9 gestor de empresa ou respons\u00e1vel pelo departamento financeiro de um empreendimento sabe que \u00e9 comum receber cobran\u00e7as equivocadas ou indevidas do fisco. Muitas vezes por falta de conhecimento ou por lan\u00e7ar entre os demais tributos e n\u00e3o perceber que a cobran\u00e7a \u00e9 irregular, a empresa acaba arcando com este custo a mais.\u00a0<\/span><\/p>\n<p><span style=\"font-weight: 400;\">O recebimento de um boleto de cobran\u00e7a, n\u00e3o implica em maiores problemas, at\u00e9 tem uma certa facilidade em ser resolvido, apresentando os documentos<\/span><span style=\"font-weight: 400;\">,<\/span><span style=\"font-weight: 400;\"> comprovando que a cobran\u00e7a \u00e9 indevida.<\/span><\/p>\n<p><span style=\"font-weight: 400;\">H\u00e1 situa\u00e7\u00f5es em que \u00e9 identificado o erro e o valor n\u00e3o \u00e9 pago, ocorre o abalo moral por ter que conviver com uma d\u00edvida que n\u00e3o existe, al\u00e9m de ter o nome negativado nos \u00f3rg\u00e3os de prote\u00e7\u00e3o ao cr\u00e9dito e ter a certid\u00e3o de regularidade negada.\u00a0<\/span><\/p>\n<p><span style=\"font-weight: 400;\">Outro problema ainda que a\u00a0 empresa pode enfrentar, \u00e9 o protesto da d\u00edvida por exemplo, com ajuizamento de a\u00e7\u00e3o fiscal. Al\u00e9m de comprometer o seu cr\u00e9dito diante de fornecedores, com restri\u00e7\u00e3o ao acesso de bens de consumo, ainda \u00e9 necess\u00e1rio desembolsar um valor para contratar um <\/span><a href=\"https:\/\/gm.adv.br\/blog\/10-dicas-para-escolher-o-melhor-escritorio-de-advocacia-para-sua-empresa\/\" target=\"_blank\" rel=\"noopener\"><span style=\"font-weight: 400;\">advogado tributarista<\/span><\/a><span style=\"font-weight: 400;\"> para desenrolar toda esta situa\u00e7\u00e3o.<\/span><\/p>\n<p><span style=\"font-weight: 400;\">Diante de todos estes constrangimentos que a empresa que tem seu nome no rol de devedores do fisco enfrenta, a boa not\u00edcia \u00e9 que a situa\u00e7\u00e3o \u00e9 pass\u00edvel de a\u00e7\u00e3o de indeniza\u00e7\u00e3o por dano moral.<\/span><\/p>\n<p>&nbsp;<\/p>\n<h2><span style=\"font-weight: 400;\">A\u00e7\u00e3o de Repeti\u00e7\u00e3o de Ind\u00e9bito<\/span><\/h2>\n<p><span style=\"font-weight: 400;\">Nas situa\u00e7\u00f5es em ocorre uma cobran\u00e7a indevida ou um valor superior ao devido por parte do fisco, cabe uma A\u00e7\u00e3o por Repeti\u00e7\u00e3o de Ind\u00e9bito dentro do <\/span><a href=\"https:\/\/gm.adv.br\/blog\/o-que-a-sua-empresa-ganha-com-um-planejamento-tributario-estrategico\/\" target=\"_blank\" rel=\"noopener\"><span style=\"font-weight: 400;\">sistema tribut\u00e1rio.<\/span><\/a><span style=\"font-weight: 400;\">Esta a\u00e7\u00e3o tem como objetivo reaver o dinheiro cobrado de forma indevida. Isso tudo independente do valor.<\/span><\/p>\n<p>&nbsp;<\/p>\n<p><span style=\"font-weight: 400;\">O prazo para ajuizar a A\u00e7\u00e3o de Repeti\u00e7\u00e3o Ind\u00e9bito \u00e9 de 5 anos, passado este per\u00edodo a a\u00e7\u00e3o prescreve. Importante entender que a contagem para o per\u00edodo que preserve, come\u00e7a a partir do momento que for efetuado o pagamento indevido.<\/span><\/p>\n<p>&nbsp;<\/p>\n<h2><span style=\"font-weight: 400;\">Recebi uma conta indevida: e agora?<\/span><\/h2>\n<p><span style=\"font-weight: 400;\">Se acaso sua empresa receber uma cobran\u00e7a que n\u00e3o \u00e9 da sua categoria ou ainda alguma medida que possa gerar algum tipo de constrangimento, o contribuinte pode recorrer ao <\/span><span style=\"font-weight: 400;\">J<\/span><span style=\"font-weight: 400;\">udici\u00e1rio com o objetivo de mover uma a\u00e7\u00e3o, para comprovar que a cobran\u00e7a \u00e9 indevida, pleiteando indeniza\u00e7\u00e3o por dano moral.\u00a0\u00a0<\/span><\/p>\n<p><span style=\"font-weight: 400;\">Desta forma, o Supremo Tribunal de Federal, entende que uma simples a\u00e7\u00e3o impetrada pelo fisco, cobrando uma conta indevida, j\u00e1 pode ser plaus\u00edvel de indeniza\u00e7\u00e3o por danos morais. Este direito se ratifica quando h\u00e1 precedente de inscri\u00e7\u00e3o em cadastro de prote\u00e7\u00e3o ao cr\u00e9dito e de protestos feitos de forma err\u00f4nea, sendo desta forma desnecess\u00e1rio provar de forma objetiva o constrangimento.<\/span><\/p>\n<p>&nbsp;<\/p>\n<h2><span style=\"font-weight: 400;\">Indeniza\u00e7\u00e3o por dano moral<\/span><\/h2>\n<p><span style=\"font-weight: 400;\">A repara\u00e7\u00e3o por dano moral \u00e9 um dos direitos que tem a v\u00edtima de cobran\u00e7as indevidas de impostos. Pois al\u00e9m de pagar indevidamente um valor que n\u00e3o \u00e9 sua obriga\u00e7\u00e3o, ainda manter o CNPJ em d\u00edvida ativa indevidamente, bem como os protestos em cart\u00f3rio ou Serasa, podem trazer in\u00fameros preju\u00edzos ao contribuinte.\u00a0<\/span><\/p>\n<p><span style=\"font-weight: 400;\">Mas como o direito tribut\u00e1rio \u00e9 muito complexo, \u00e9 dif\u00edcil e complicado identificar as cobran\u00e7as indevidas. Este trabalho precisa ser feito por um profissional habilitado, especializado e com experi\u00eancia em d\u00edvida ativa.\u00a0<\/span><\/p>\n<p>&nbsp;<\/p>\n<h2><span style=\"font-weight: 400;\">Prescri\u00e7\u00e3o da a\u00e7\u00e3o<\/span><\/h2>\n<p><span style=\"font-weight: 400;\">Diante das diferentes interpreta\u00e7\u00f5es referentes ao prazo que d\u00e1 direito a pleitear uma a\u00e7\u00e3o no \u00e2mbito tribut\u00e1rio, o STJ trouxe uma solu\u00e7\u00e3o. Mesmo que o pedido,<\/span> <span style=\"font-weight: 400;\">na inst\u00e2ncia administrativa, tenha sido acionado e o prazo para impugna\u00e7\u00e3o tenha sido encerrado, ou que tenha ocorrido j\u00e1 o julgamento definitivo, n\u00e3o interfere na sequ\u00eancia da a\u00e7\u00e3o judicial. Ou seja, o prazo para que a a\u00e7\u00e3o proposta prescreva na esfera judicial, s\u00f3 come\u00e7a a contar a partir do encerramento e das defini\u00e7\u00f5es do<\/span> <span style=\"font-weight: 400;\">pedido<\/span> <span style=\"font-weight: 400;\">na esfera administrativa.\u00a0<\/span><\/p>\n<p><span style=\"font-weight: 400;\">Portanto, \u00e9 poss\u00edvel recorrer ap\u00f3s cinco anos contados desde o pagamento indevido. Isso no caso do pedido<\/span> <span style=\"font-weight: 400;\">administrativo ter sido postulado<\/span> <span style=\"font-weight: 400;\">antes do judicial, dentro do respectivo prazo.<\/span><\/p>\n<p><span style=\"font-weight: 400;\">E ent\u00e3o, sua empresa j\u00e1 recebeu alguma cobran\u00e7a indevida? Voc\u00ea pagou ou contestou? Ainda est\u00e1 em tempo h\u00e1bil para uma a\u00e7\u00e3o por dano moral?<\/span><\/p>\n<p><span style=\"font-weight: 400;\">\u00a0Se identificou com este conte\u00fado? Continue acompanhando<\/span> <a href=\"https:\/\/gm.adv.br\/blog\/\" target=\"_blank\" rel=\"noopener\"><span style=\"font-weight: 400;\">nosso blog<\/span><\/a><span style=\"font-weight: 400;\"> e saiba mais.<\/span><\/p>\n<p>&nbsp;<\/p>\n<p><a href=\"https:\/\/materiais.gm.adv.br\/guaresi-e-milleo-advogado-tributario\"><img loading=\"lazy\" decoding=\"async\" class=\"alignnone size-full wp-image-4246\" src=\"https:\/\/www.gm.adv.br\/site\/wp-content\/uploads\/2022\/05\/tem-interesse-em-conversar-com-um-de-nossos-advogados-especialistas-1.webp\" alt=\"\" width=\"750\" height=\"150\" \/><\/a><\/p>\n","protected":false},"excerpt":{"rendered":"<p>Poucos contribuintes sabem disso, mas a inscri\u00e7\u00e3o da empresa em d\u00edvida ativa, na hip\u00f3tese de o tributo ser indevido, gera direito \u00e0 indeniza\u00e7\u00e3o por dano moral. Entenda:<\/p>\n","protected":false},"author":1,"featured_media":3827,"comment_status":"closed","ping_status":"closed","sticky":false,"template":"","format":"standard","meta":{"footnotes":""},"categories":[77],"tags":[],"class_list":["post-3826","post","type-post","status-publish","format-standard","has-post-thumbnail","hentry","category-direito-tributario"],"yoast_head":"<!-- This site is optimized with the Yoast SEO plugin v27.5 - https:\/\/yoast.com\/product\/yoast-seo-wordpress\/ -->\n<title>A cobran\u00e7a indevida de tributos gera direito a dano moral?<\/title>\n<meta name=\"description\" content=\"A inscri\u00e7\u00e3o da empresa em d\u00edvida ativa, na hip\u00f3tese de o tributo ser indevido, gera direito \u00e0 indeniza\u00e7\u00e3o por dano moral.\" \/>\n<meta name=\"robots\" content=\"index, follow, max-snippet:-1, max-image-preview:large, max-video-preview:-1\" \/>\n<link rel=\"canonical\" href=\"https:\/\/www.gm.adv.br\/site\/2022\/12\/07\/indenizacao-por-dano-moral\/\" \/>\n<meta property=\"og:locale\" content=\"pt_BR\" \/>\n<meta property=\"og:type\" content=\"article\" \/>\n<meta property=\"og:title\" content=\"A cobran\u00e7a indevida de tributos gera direito a dano moral?\" \/>\n<meta property=\"og:description\" content=\"A inscri\u00e7\u00e3o da empresa em d\u00edvida ativa, na hip\u00f3tese de o tributo ser indevido, gera direito \u00e0 indeniza\u00e7\u00e3o por dano moral.\" \/>\n<meta property=\"og:url\" content=\"https:\/\/www.gm.adv.br\/site\/2022\/12\/07\/indenizacao-por-dano-moral\/\" \/>\n<meta property=\"og:site_name\" content=\"Guaresi &amp; Mill\u00e9o Advogados Associados | Escrit\u00f3rio de Advocacia em Conc\u00f3rdia-SC | 30 Anos de Experi\u00eancia\" \/>\n<meta property=\"article:publisher\" content=\"https:\/\/www.facebook.com\/GuaresiMilleoAdvogados\" \/>\n<meta property=\"article:published_time\" content=\"2022-12-07T11:03:36+00:00\" \/>\n<meta property=\"og:image\" content=\"https:\/\/www.gm.adv.br\/site\/wp-content\/uploads\/2022\/12\/indenizacao-por-dano-moral-jpg.webp\" \/>\n\t<meta property=\"og:image:width\" content=\"800\" \/>\n\t<meta property=\"og:image:height\" content=\"800\" \/>\n\t<meta property=\"og:image:type\" content=\"image\/webp\" \/>\n<meta name=\"author\" content=\"admin\" \/>\n<meta name=\"twitter:card\" content=\"summary_large_image\" \/>\n<meta name=\"twitter:label1\" content=\"Escrito por\" \/>\n\t<meta name=\"twitter:data1\" content=\"admin\" \/>\n\t<meta name=\"twitter:label2\" content=\"Est. tempo de leitura\" \/>\n\t<meta name=\"twitter:data2\" content=\"5 minutos\" \/>\n<script type=\"application\/ld+json\" class=\"yoast-schema-graph\">{\"@context\":\"https:\\\/\\\/schema.org\",\"@graph\":[{\"@type\":\"Article\",\"@id\":\"https:\\\/\\\/www.gm.adv.br\\\/site\\\/2022\\\/12\\\/07\\\/indenizacao-por-dano-moral\\\/#article\",\"isPartOf\":{\"@id\":\"https:\\\/\\\/www.gm.adv.br\\\/site\\\/2022\\\/12\\\/07\\\/indenizacao-por-dano-moral\\\/\"},\"author\":{\"name\":\"admin\",\"@id\":\"https:\\\/\\\/www.gm.adv.br\\\/site\\\/#\\\/schema\\\/person\\\/7d633a2abab0d9b94253af6efc36428f\"},\"headline\":\"Voc\u00ea sabia que a cobran\u00e7a indevida de tributos gera direito \u00e0 indeniza\u00e7\u00e3o por dano moral?\",\"datePublished\":\"2022-12-07T11:03:36+00:00\",\"mainEntityOfPage\":{\"@id\":\"https:\\\/\\\/www.gm.adv.br\\\/site\\\/2022\\\/12\\\/07\\\/indenizacao-por-dano-moral\\\/\"},\"wordCount\":793,\"publisher\":{\"@id\":\"https:\\\/\\\/www.gm.adv.br\\\/site\\\/#organization\"},\"image\":{\"@id\":\"https:\\\/\\\/www.gm.adv.br\\\/site\\\/2022\\\/12\\\/07\\\/indenizacao-por-dano-moral\\\/#primaryimage\"},\"thumbnailUrl\":\"https:\\\/\\\/www.gm.adv.br\\\/site\\\/wp-content\\\/uploads\\\/2022\\\/12\\\/indenizacao-por-dano-moral-jpg.webp\",\"articleSection\":[\"Direito Tribut\u00e1rio\"],\"inLanguage\":\"pt-BR\"},{\"@type\":\"WebPage\",\"@id\":\"https:\\\/\\\/www.gm.adv.br\\\/site\\\/2022\\\/12\\\/07\\\/indenizacao-por-dano-moral\\\/\",\"url\":\"https:\\\/\\\/www.gm.adv.br\\\/site\\\/2022\\\/12\\\/07\\\/indenizacao-por-dano-moral\\\/\",\"name\":\"A cobran\u00e7a indevida de tributos gera direito a dano moral?\",\"isPartOf\":{\"@id\":\"https:\\\/\\\/www.gm.adv.br\\\/site\\\/#website\"},\"primaryImageOfPage\":{\"@id\":\"https:\\\/\\\/www.gm.adv.br\\\/site\\\/2022\\\/12\\\/07\\\/indenizacao-por-dano-moral\\\/#primaryimage\"},\"image\":{\"@id\":\"https:\\\/\\\/www.gm.adv.br\\\/site\\\/2022\\\/12\\\/07\\\/indenizacao-por-dano-moral\\\/#primaryimage\"},\"thumbnailUrl\":\"https:\\\/\\\/www.gm.adv.br\\\/site\\\/wp-content\\\/uploads\\\/2022\\\/12\\\/indenizacao-por-dano-moral-jpg.webp\",\"datePublished\":\"2022-12-07T11:03:36+00:00\",\"description\":\"A inscri\u00e7\u00e3o da empresa em d\u00edvida ativa, na hip\u00f3tese de o tributo ser indevido, gera direito \u00e0 indeniza\u00e7\u00e3o por dano moral.\",\"breadcrumb\":{\"@id\":\"https:\\\/\\\/www.gm.adv.br\\\/site\\\/2022\\\/12\\\/07\\\/indenizacao-por-dano-moral\\\/#breadcrumb\"},\"inLanguage\":\"pt-BR\",\"potentialAction\":[{\"@type\":\"ReadAction\",\"target\":[\"https:\\\/\\\/www.gm.adv.br\\\/site\\\/2022\\\/12\\\/07\\\/indenizacao-por-dano-moral\\\/\"]}]},{\"@type\":\"ImageObject\",\"inLanguage\":\"pt-BR\",\"@id\":\"https:\\\/\\\/www.gm.adv.br\\\/site\\\/2022\\\/12\\\/07\\\/indenizacao-por-dano-moral\\\/#primaryimage\",\"url\":\"https:\\\/\\\/www.gm.adv.br\\\/site\\\/wp-content\\\/uploads\\\/2022\\\/12\\\/indenizacao-por-dano-moral-jpg.webp\",\"contentUrl\":\"https:\\\/\\\/www.gm.adv.br\\\/site\\\/wp-content\\\/uploads\\\/2022\\\/12\\\/indenizacao-por-dano-moral-jpg.webp\",\"width\":800,\"height\":800,\"caption\":\"Cobran\u00e7a indevida de tributos gera indeniza\u00e7\u00e3o por danos morais\"},{\"@type\":\"BreadcrumbList\",\"@id\":\"https:\\\/\\\/www.gm.adv.br\\\/site\\\/2022\\\/12\\\/07\\\/indenizacao-por-dano-moral\\\/#breadcrumb\",\"itemListElement\":[{\"@type\":\"ListItem\",\"position\":1,\"name\":\"In\u00edcio\",\"item\":\"https:\\\/\\\/www.gm.adv.br\\\/site\\\/\"},{\"@type\":\"ListItem\",\"position\":2,\"name\":\"Voc\u00ea sabia que a cobran\u00e7a indevida de tributos gera direito \u00e0 indeniza\u00e7\u00e3o por dano moral?\"}]},{\"@type\":\"WebSite\",\"@id\":\"https:\\\/\\\/www.gm.adv.br\\\/site\\\/#website\",\"url\":\"https:\\\/\\\/www.gm.adv.br\\\/site\\\/\",\"name\":\"Guaresi & Mill\u00e9o Advogados Associados | Escrit\u00f3rio de Advocacia em Conc\u00f3rdia-SC | 30 Anos de Experi\u00eanci\",\"description\":\"Advocacia Direito Banc\u00e1rio, Tribut\u00e1rio, Trabalhista, C\u00edvil, P\u00fablica, Municipal, Advogados Associados Guaresi e Mill\u00e9o  |  Conc\u00f3rdia SC\",\"publisher\":{\"@id\":\"https:\\\/\\\/www.gm.adv.br\\\/site\\\/#organization\"},\"alternateName\":\"Guaresi e Mill\u00e9o Escrit\u00f3rio de Advocacia e Consultoria em Conc\u00f3rdia-SC\",\"potentialAction\":[{\"@type\":\"SearchAction\",\"target\":{\"@type\":\"EntryPoint\",\"urlTemplate\":\"https:\\\/\\\/www.gm.adv.br\\\/site\\\/?s={search_term_string}\"},\"query-input\":{\"@type\":\"PropertyValueSpecification\",\"valueRequired\":true,\"valueName\":\"search_term_string\"}}],\"inLanguage\":\"pt-BR\"},{\"@type\":\"Organization\",\"@id\":\"https:\\\/\\\/www.gm.adv.br\\\/site\\\/#organization\",\"name\":\"Guaresi & Milleo Advogados Associados em Conc\u00f3rdia SC\",\"alternateName\":\"Guaresi e Milleo Advocacia e Consultoria\",\"url\":\"https:\\\/\\\/www.gm.adv.br\\\/site\\\/\",\"logo\":{\"@type\":\"ImageObject\",\"inLanguage\":\"pt-BR\",\"@id\":\"https:\\\/\\\/www.gm.adv.br\\\/site\\\/#\\\/schema\\\/logo\\\/image\\\/\",\"url\":\"https:\\\/\\\/www.gm.adv.br\\\/site\\\/wp-content\\\/uploads\\\/2025\\\/07\\\/cropped-icone-512.webp\",\"contentUrl\":\"https:\\\/\\\/www.gm.adv.br\\\/site\\\/wp-content\\\/uploads\\\/2025\\\/07\\\/cropped-icone-512.webp\",\"width\":512,\"height\":512,\"caption\":\"Guaresi & Milleo Advogados Associados em Conc\u00f3rdia SC\"},\"image\":{\"@id\":\"https:\\\/\\\/www.gm.adv.br\\\/site\\\/#\\\/schema\\\/logo\\\/image\\\/\"},\"sameAs\":[\"https:\\\/\\\/www.facebook.com\\\/GuaresiMilleoAdvogados\",\"https:\\\/\\\/www.instagram.com\\\/guaresiemilleo\\\/\",\"https:\\\/\\\/br.linkedin.com\\\/company\\\/guaresimilleo\"]},{\"@type\":\"Person\",\"@id\":\"https:\\\/\\\/www.gm.adv.br\\\/site\\\/#\\\/schema\\\/person\\\/7d633a2abab0d9b94253af6efc36428f\",\"name\":\"admin\",\"image\":{\"@type\":\"ImageObject\",\"inLanguage\":\"pt-BR\",\"@id\":\"https:\\\/\\\/secure.gravatar.com\\\/avatar\\\/c8bb173d280f7d1e50b67bb649de269247430499695ba3ee451b6289436d1d39?s=96&d=mm&r=g\",\"url\":\"https:\\\/\\\/secure.gravatar.com\\\/avatar\\\/c8bb173d280f7d1e50b67bb649de269247430499695ba3ee451b6289436d1d39?s=96&d=mm&r=g\",\"contentUrl\":\"https:\\\/\\\/secure.gravatar.com\\\/avatar\\\/c8bb173d280f7d1e50b67bb649de269247430499695ba3ee451b6289436d1d39?s=96&d=mm&r=g\",\"caption\":\"admin\"},\"sameAs\":[\"https:\\\/\\\/www.gm.adv.br\\\/site\"],\"url\":\"https:\\\/\\\/www.gm.adv.br\\\/site\\\/author\\\/admin\\\/\"}]}<\/script>\n<!-- \/ Yoast SEO plugin. -->","yoast_head_json":{"title":"A cobran\u00e7a indevida de tributos gera direito a dano moral?","description":"A inscri\u00e7\u00e3o da empresa em d\u00edvida ativa, na hip\u00f3tese de o tributo ser indevido, gera direito \u00e0 indeniza\u00e7\u00e3o por dano moral.","robots":{"index":"index","follow":"follow","max-snippet":"max-snippet:-1","max-image-preview":"max-image-preview:large","max-video-preview":"max-video-preview:-1"},"canonical":"https:\/\/www.gm.adv.br\/site\/2022\/12\/07\/indenizacao-por-dano-moral\/","og_locale":"pt_BR","og_type":"article","og_title":"A cobran\u00e7a indevida de tributos gera direito a dano moral?","og_description":"A inscri\u00e7\u00e3o da empresa em d\u00edvida ativa, na hip\u00f3tese de o tributo ser indevido, gera direito \u00e0 indeniza\u00e7\u00e3o por dano moral.","og_url":"https:\/\/www.gm.adv.br\/site\/2022\/12\/07\/indenizacao-por-dano-moral\/","og_site_name":"Guaresi &amp; Mill\u00e9o Advogados Associados | Escrit\u00f3rio de Advocacia em Conc\u00f3rdia-SC | 30 Anos de Experi\u00eancia","article_publisher":"https:\/\/www.facebook.com\/GuaresiMilleoAdvogados","article_published_time":"2022-12-07T11:03:36+00:00","og_image":[{"width":800,"height":800,"url":"https:\/\/www.gm.adv.br\/site\/wp-content\/uploads\/2022\/12\/indenizacao-por-dano-moral-jpg.webp","type":"image\/webp"}],"author":"admin","twitter_card":"summary_large_image","twitter_misc":{"Escrito por":"admin","Est. tempo de leitura":"5 minutos"},"schema":{"@context":"https:\/\/schema.org","@graph":[{"@type":"Article","@id":"https:\/\/www.gm.adv.br\/site\/2022\/12\/07\/indenizacao-por-dano-moral\/#article","isPartOf":{"@id":"https:\/\/www.gm.adv.br\/site\/2022\/12\/07\/indenizacao-por-dano-moral\/"},"author":{"name":"admin","@id":"https:\/\/www.gm.adv.br\/site\/#\/schema\/person\/7d633a2abab0d9b94253af6efc36428f"},"headline":"Voc\u00ea sabia que a cobran\u00e7a indevida de tributos gera direito \u00e0 indeniza\u00e7\u00e3o por dano moral?","datePublished":"2022-12-07T11:03:36+00:00","mainEntityOfPage":{"@id":"https:\/\/www.gm.adv.br\/site\/2022\/12\/07\/indenizacao-por-dano-moral\/"},"wordCount":793,"publisher":{"@id":"https:\/\/www.gm.adv.br\/site\/#organization"},"image":{"@id":"https:\/\/www.gm.adv.br\/site\/2022\/12\/07\/indenizacao-por-dano-moral\/#primaryimage"},"thumbnailUrl":"https:\/\/www.gm.adv.br\/site\/wp-content\/uploads\/2022\/12\/indenizacao-por-dano-moral-jpg.webp","articleSection":["Direito Tribut\u00e1rio"],"inLanguage":"pt-BR"},{"@type":"WebPage","@id":"https:\/\/www.gm.adv.br\/site\/2022\/12\/07\/indenizacao-por-dano-moral\/","url":"https:\/\/www.gm.adv.br\/site\/2022\/12\/07\/indenizacao-por-dano-moral\/","name":"A cobran\u00e7a indevida de tributos gera direito a dano moral?","isPartOf":{"@id":"https:\/\/www.gm.adv.br\/site\/#website"},"primaryImageOfPage":{"@id":"https:\/\/www.gm.adv.br\/site\/2022\/12\/07\/indenizacao-por-dano-moral\/#primaryimage"},"image":{"@id":"https:\/\/www.gm.adv.br\/site\/2022\/12\/07\/indenizacao-por-dano-moral\/#primaryimage"},"thumbnailUrl":"https:\/\/www.gm.adv.br\/site\/wp-content\/uploads\/2022\/12\/indenizacao-por-dano-moral-jpg.webp","datePublished":"2022-12-07T11:03:36+00:00","description":"A inscri\u00e7\u00e3o da empresa em d\u00edvida ativa, na hip\u00f3tese de o tributo ser indevido, gera direito \u00e0 indeniza\u00e7\u00e3o por dano moral.","breadcrumb":{"@id":"https:\/\/www.gm.adv.br\/site\/2022\/12\/07\/indenizacao-por-dano-moral\/#breadcrumb"},"inLanguage":"pt-BR","potentialAction":[{"@type":"ReadAction","target":["https:\/\/www.gm.adv.br\/site\/2022\/12\/07\/indenizacao-por-dano-moral\/"]}]},{"@type":"ImageObject","inLanguage":"pt-BR","@id":"https:\/\/www.gm.adv.br\/site\/2022\/12\/07\/indenizacao-por-dano-moral\/#primaryimage","url":"https:\/\/www.gm.adv.br\/site\/wp-content\/uploads\/2022\/12\/indenizacao-por-dano-moral-jpg.webp","contentUrl":"https:\/\/www.gm.adv.br\/site\/wp-content\/uploads\/2022\/12\/indenizacao-por-dano-moral-jpg.webp","width":800,"height":800,"caption":"Cobran\u00e7a indevida de tributos gera indeniza\u00e7\u00e3o por danos morais"},{"@type":"BreadcrumbList","@id":"https:\/\/www.gm.adv.br\/site\/2022\/12\/07\/indenizacao-por-dano-moral\/#breadcrumb","itemListElement":[{"@type":"ListItem","position":1,"name":"In\u00edcio","item":"https:\/\/www.gm.adv.br\/site\/"},{"@type":"ListItem","position":2,"name":"Voc\u00ea sabia que a cobran\u00e7a indevida de tributos gera direito \u00e0 indeniza\u00e7\u00e3o por dano moral?"}]},{"@type":"WebSite","@id":"https:\/\/www.gm.adv.br\/site\/#website","url":"https:\/\/www.gm.adv.br\/site\/","name":"Guaresi & Mill\u00e9o Advogados Associados | Escrit\u00f3rio de Advocacia em Conc\u00f3rdia-SC | 30 Anos de Experi\u00eanci","description":"Advocacia Direito Banc\u00e1rio, Tribut\u00e1rio, Trabalhista, C\u00edvil, P\u00fablica, Municipal, Advogados Associados Guaresi e Mill\u00e9o  |  Conc\u00f3rdia SC","publisher":{"@id":"https:\/\/www.gm.adv.br\/site\/#organization"},"alternateName":"Guaresi e Mill\u00e9o Escrit\u00f3rio de Advocacia e Consultoria em Conc\u00f3rdia-SC","potentialAction":[{"@type":"SearchAction","target":{"@type":"EntryPoint","urlTemplate":"https:\/\/www.gm.adv.br\/site\/?s={search_term_string}"},"query-input":{"@type":"PropertyValueSpecification","valueRequired":true,"valueName":"search_term_string"}}],"inLanguage":"pt-BR"},{"@type":"Organization","@id":"https:\/\/www.gm.adv.br\/site\/#organization","name":"Guaresi & Milleo Advogados Associados em Conc\u00f3rdia SC","alternateName":"Guaresi e Milleo Advocacia e Consultoria","url":"https:\/\/www.gm.adv.br\/site\/","logo":{"@type":"ImageObject","inLanguage":"pt-BR","@id":"https:\/\/www.gm.adv.br\/site\/#\/schema\/logo\/image\/","url":"https:\/\/www.gm.adv.br\/site\/wp-content\/uploads\/2025\/07\/cropped-icone-512.webp","contentUrl":"https:\/\/www.gm.adv.br\/site\/wp-content\/uploads\/2025\/07\/cropped-icone-512.webp","width":512,"height":512,"caption":"Guaresi & Milleo Advogados Associados em Conc\u00f3rdia SC"},"image":{"@id":"https:\/\/www.gm.adv.br\/site\/#\/schema\/logo\/image\/"},"sameAs":["https:\/\/www.facebook.com\/GuaresiMilleoAdvogados","https:\/\/www.instagram.com\/guaresiemilleo\/","https:\/\/br.linkedin.com\/company\/guaresimilleo"]},{"@type":"Person","@id":"https:\/\/www.gm.adv.br\/site\/#\/schema\/person\/7d633a2abab0d9b94253af6efc36428f","name":"admin","image":{"@type":"ImageObject","inLanguage":"pt-BR","@id":"https:\/\/secure.gravatar.com\/avatar\/c8bb173d280f7d1e50b67bb649de269247430499695ba3ee451b6289436d1d39?s=96&d=mm&r=g","url":"https:\/\/secure.gravatar.com\/avatar\/c8bb173d280f7d1e50b67bb649de269247430499695ba3ee451b6289436d1d39?s=96&d=mm&r=g","contentUrl":"https:\/\/secure.gravatar.com\/avatar\/c8bb173d280f7d1e50b67bb649de269247430499695ba3ee451b6289436d1d39?s=96&d=mm&r=g","caption":"admin"},"sameAs":["https:\/\/www.gm.adv.br\/site"],"url":"https:\/\/www.gm.adv.br\/site\/author\/admin\/"}]}},"_links":{"self":[{"href":"https:\/\/www.gm.adv.br\/site\/wp-json\/wp\/v2\/posts\/3826","targetHints":{"allow":["GET"]}}],"collection":[{"href":"https:\/\/www.gm.adv.br\/site\/wp-json\/wp\/v2\/posts"}],"about":[{"href":"https:\/\/www.gm.adv.br\/site\/wp-json\/wp\/v2\/types\/post"}],"author":[{"embeddable":true,"href":"https:\/\/www.gm.adv.br\/site\/wp-json\/wp\/v2\/users\/1"}],"replies":[{"embeddable":true,"href":"https:\/\/www.gm.adv.br\/site\/wp-json\/wp\/v2\/comments?post=3826"}],"version-history":[{"count":0,"href":"https:\/\/www.gm.adv.br\/site\/wp-json\/wp\/v2\/posts\/3826\/revisions"}],"wp:featuredmedia":[{"embeddable":true,"href":"https:\/\/www.gm.adv.br\/site\/wp-json\/wp\/v2\/media\/3827"}],"wp:attachment":[{"href":"https:\/\/www.gm.adv.br\/site\/wp-json\/wp\/v2\/media?parent=3826"}],"wp:term":[{"taxonomy":"category","embeddable":true,"href":"https:\/\/www.gm.adv.br\/site\/wp-json\/wp\/v2\/categories?post=3826"},{"taxonomy":"post_tag","embeddable":true,"href":"https:\/\/www.gm.adv.br\/site\/wp-json\/wp\/v2\/tags?post=3826"}],"curies":[{"name":"wp","href":"https:\/\/api.w.org\/{rel}","templated":true}]}}