{"id":3821,"date":"2022-11-14T11:00:56","date_gmt":"2022-11-14T14:00:56","guid":{"rendered":"https:\/\/gm.adv.br\/?p=3821"},"modified":"2022-11-14T11:00:56","modified_gmt":"2022-11-14T14:00:56","slug":"voce-sabe-quais-sao-os-requisitos-basicos-para-se-aposentar-hoje","status":"publish","type":"post","link":"https:\/\/www.gm.adv.br\/site\/2022\/11\/14\/voce-sabe-quais-sao-os-requisitos-basicos-para-se-aposentar-hoje\/","title":{"rendered":"Voc\u00ea sabe quais s\u00e3o os requisitos b\u00e1sicos para se aposentar hoje?"},"content":{"rendered":"<p><span style=\"font-weight: 400;\">Ap\u00f3s a Reforma da Previd\u00eancia de 2019, muitas pessoas ainda t\u00eam d\u00favidas de quais s\u00e3o os requisitos b\u00e1sicos para se aposentar. Entenda:<\/span><\/p>\n<p><!--more--><\/p>\n<p><span style=\"font-weight: 400;\">Se considerarmos que no in\u00edcio do s\u00e9culo, a expectativa de vida do brasileiro era de 33,7 anos, e saltou para 77 anos em janeiro de 2022, o desafio da medicina \u00e9 estudar para minimizar os efeitos da idade na sa\u00fade. J\u00e1 a Previd\u00eancia Social, encontrar formas de ter recursos para manter a aposentadoria das pessoas por tanto tempo.\u00a0<\/span><\/p>\n<p><span style=\"font-weight: 400;\">Com o aumento da expectativa de vida, as pessoas est\u00e3o vivendo mais e hoje j\u00e1 soma 13% da popula\u00e7\u00e3o. Os dados do IBGE mostram que em 2060, a popula\u00e7\u00e3o acima de 60 anos, ser\u00e1 de 33%. Estes n\u00fameros fazem parte dos estudos \u201cProje\u00e7\u00e3o da Popula\u00e7\u00e3o do Brasil por sexo e idade para o per\u00edodo de 2000\/2060\u201d. At\u00e9 l\u00e1, a expectativa de vida vai subir para 81 anos.<\/span><\/p>\n<p><span style=\"font-weight: 400;\">Como as taxas de natalidade est\u00e3o diminuindo consideravelmente, esta \u00e9 uma situa\u00e7\u00e3o preocupante, porque cai tamb\u00e9m a quantidade de m\u00e3o de obra para pagar os impostos. Se hoje, h\u00e1 uma propor\u00e7\u00e3o de 54 idosos para cada 100 pessoas trabalhando, em 2060, haver\u00e1 87 para cada 100 trabalhadores. \u00c9 uma conta que n\u00e3o fecha.<\/span><\/p>\n<p><span style=\"font-weight: 400;\">Com todos estes dados, foi que, ap\u00f3s muitas discuss\u00f5es, a favor e contr\u00e1rio, que em 2019 foi aprovada a Reforma da Previd\u00eancia que est\u00e1 em vigor.\u00a0 Lembrando que a mudan\u00e7a n\u00e3o \u00e9 apenas uma simples lei aplicada pelo poder legislativo, mas uma Emenda Constitucional onde a Constitui\u00e7\u00e3o Federal foi reformulada para as mudan\u00e7as previdenci\u00e1rias.\u00a0<\/span><\/p>\n<p><span style=\"font-weight: 400;\">Mas ainda h\u00e1 muitas d\u00favidas com rela\u00e7\u00e3o a estas altera\u00e7\u00f5es. Neste conte\u00fado vamos apontar quais s\u00e3o os requisitos b\u00e1sicos para se aposentar hoje.<\/span><\/p>\n<p>&nbsp;<\/p>\n<h2><span style=\"font-weight: 400;\">Quem tem direito a se aposentar pela regra antiga?<\/span><\/h2>\n<p><span style=\"font-weight: 400;\">Ao fazer um c\u00e1lculo de quanto tempo voc\u00ea tem de contribui\u00e7\u00e3o, antes da Reforma da Previd\u00eancia em novembro de 2019, analisando que no Brasil existem v\u00e1rias esp\u00e9cies de <\/span><a href=\"https:\/\/gm.adv.br\/blog\/aposentado-verifique-seus-extratos-de-pagamento\/\"><span style=\"font-weight: 400;\">aposentadorias<\/span><\/a><span style=\"font-weight: 400;\">, se voc\u00ea j\u00e1 tiver tempo necess\u00e1rio para se aposentar em qualquer uma, antes da Reforma, voc\u00ea n\u00e3o ter\u00e1 problemas. A partir do momento que voc\u00ea tem todos os requisitos para buscar benef\u00edcios, este \u00e9 um direito adquirido, mesmo que n\u00e3o tenha entrado com pedido no INSS.<\/span><\/p>\n<p><span style=\"font-weight: 400;\">Mas se no dia da Reforma, faltasse um dia ou mais para fechar a conta, voc\u00ea n\u00e3o tem este direito e vai precisar aguardar para se adaptar \u00e0s novas regras. Um detalhe importante \u00e9 que a maioria dos requisitos\u00a0 e dos c\u00e1lculos anteriores, eram mais ben\u00e9ficos do que os atuais.\u00a0\u00a0<\/span><\/p>\n<p><span style=\"font-weight: 400;\">Outro detalhe importante que deve ser observado \u00e9 que quando voc\u00ea for ao <\/span><a href=\"https:\/\/gm.adv.br\/blog\/stf-decide-sobre-aposentadoria-de-professor-pelo-inss\/\"><span style=\"font-weight: 400;\">INSS<\/span><\/a> <span style=\"font-weight: 400;\">solicitar o c\u00e1lculo do tempo de contribui\u00e7\u00e3o, o \u00f3rg\u00e3o nem sempre leva em considera\u00e7\u00e3o todo\u00a0 tempo trabalhado. Estes somente s\u00e3o reconhecidos pelo judici\u00e1rio.\u00a0<\/span><\/p>\n<p>&nbsp;<\/p>\n<h2><span style=\"font-weight: 400;\">Com menos de 15 anos de contribui\u00e7\u00e3o posso me aposentar?<\/span><\/h2>\n<p><span style=\"font-weight: 400;\">Existe uma modalidade de aposentadoria em que n\u00e3o h\u00e1 necessidade de comprovar o tempo de contribui\u00e7\u00e3o, com a <\/span><a href=\"https:\/\/gm.adv.br\/blog\/planejamento-previdenciario\/\"><span style=\"font-weight: 400;\">Previd\u00eancia Social<\/span><\/a><span style=\"font-weight: 400;\"> para ter direito de receber o benef\u00edcio. Entenda:<\/span><\/p>\n<h3><span style=\"font-weight: 400;\">Benef\u00edcio de Contribui\u00e7\u00e3o Continuada\u00a0<\/span><\/h3>\n<h3><span style=\"font-weight: 400;\">\u00a0<\/span><span style=\"font-weight: 400;\">Este modelo \u00e9 direcionado \u00e0s pessoas com defici\u00eancia em situa\u00e7\u00e3o de vulnerabilidade e idosos. Tem direito a esta aposentadoria\u00a0 as pessoas que:<\/span><\/h3>\n<p><span style=\"font-weight: 400;\">\u00a0\ud83d\udc49\ud83c\udffb n\u00e3o tem condi\u00e7\u00f5es de trabalhar e manter sua pr\u00f3pria subsist\u00eancia;<\/span><\/p>\n<p><span style=\"font-weight: 400;\">\u00a0\ud83d\udc49\ud83c\udffb n\u00e3o ter nenhum familiar que possa assumir esta responsabilidade.<\/span><\/p>\n<p>&nbsp;<\/p>\n<p><span style=\"font-weight: 400;\">J\u00e1 os requisitos para receber este benef\u00edcio, para os idosos \u00e9:<\/span><\/p>\n<p><span style=\"font-weight: 400;\">\ud83d\udc49\ud83c\udffb<\/span><span style=\"font-weight: 400;\"> ter idade m\u00ednima de 65 anos;<\/span><\/p>\n<p><span style=\"font-weight: 400;\">\ud83d\udc49\ud83c\udffb<\/span><span style=\"font-weight: 400;\">ter renda familiar por pessoa de at\u00e9 um quarto do sal\u00e1rio m\u00ednimo.\u00a0<\/span><\/p>\n<p><span style=\"font-weight: 400;\">J\u00e1 no caso do deficiente, os requisitos s\u00e3o:<\/span><\/p>\n<p><span style=\"font-weight: 400;\">\ud83d\udc49\ud83c\udffb<\/span><span style=\"font-weight: 400;\"> comprovar que a pessoa tem limita\u00e7\u00e3o f\u00edsica, intelectual, mental ou motora;\u00a0<\/span><\/p>\n<p><span style=\"font-weight: 400;\">\ud83d\udc49\ud83c\udffb<\/span><span style=\"font-weight: 400;\">laudo e relat\u00f3rio m\u00e9dico que comprove n\u00e3o ter capacidade de fazer algum trabalho para se manter;<\/span><\/p>\n<p><span style=\"font-weight: 400;\">\ud83d\udc49\ud83c\udffb<\/span><span style=\"font-weight: 400;\">ter renda familiar por pessoa de at\u00e9 um quarto do sal\u00e1rio m\u00ednimo.<\/span><\/p>\n<p>&nbsp;<\/p>\n<h2><span style=\"font-weight: 400;\">Qual \u00e9 o tempo m\u00ednimo de contribui\u00e7\u00e3o para se aposentar?<\/span><\/h2>\n<p><span style=\"font-weight: 400;\">Com rela\u00e7\u00e3o ao tempo m\u00ednimo de contribui\u00e7\u00e3o,\u00a0 com a nova legisla\u00e7\u00e3o, para as mulheres \u00e9 necess\u00e1rio ter pelo menos 15 anos, j\u00e1 para os homens, o tempo m\u00ednimo de contribui\u00e7\u00e3o vai depender de quando tem seu primeiro registro no INSS. Se for antes da reforma, o tempo m\u00ednimo de contribui\u00e7\u00e3o \u00e9 de 15 anos, j\u00e1 se for depois de 2019, \u00e9 preciso pagar INSS por pelo menos 20 anos. A idade m\u00ednima para aposentadoria para as mulheres \u00e9 de 62 anos e para os homens 65.<\/span><\/p>\n<p><span style=\"font-weight: 400;\">Esta \u00e9 a regra geral, mas cada categoria tem as suas especificidades e cada caso tem suas particularidades.<\/span><\/p>\n<p><span style=\"font-weight: 400;\">Mas refor\u00e7ando de que mesmo com o tempo de contribui\u00e7\u00e3o estabelecido pela regra, se o contribuinte n\u00e3o ter a idade m\u00ednima, n\u00e3o ter\u00e1 direito ao benef\u00edcio.\u00a0\u00a0<\/span><\/p>\n<p><span style=\"font-weight: 400;\">Gostou deste conte\u00fado? Conseguiu sanar suas d\u00favidas? Continue acompanhando <\/span><a href=\"https:\/\/gm.adv.br\/blog\/\"><span style=\"font-weight: 400;\">nosso blog<\/span><\/a><span style=\"font-weight: 400;\"> e saiba mais sobre este e outros assuntos de seu interesse.\u00a0<\/span><\/p>\n<p><a href=\"https:\/\/materiais.gm.adv.br\/fale-com-a-guaresi-e-milleo\"><img loading=\"lazy\" decoding=\"async\" class=\"alignnone wp-image-4246 size-full\" src=\"https:\/\/www.gm.adv.br\/site\/wp-content\/uploads\/2022\/05\/tem-interesse-em-conversar-com-um-de-nossos-advogados-especialistas-1.webp\" alt=\"\" width=\"750\" height=\"150\" \/><\/a><\/p>\n<p>&nbsp;<\/p>\n","protected":false},"excerpt":{"rendered":"<p>Ap\u00f3s a Reforma da Previd\u00eancia de 2019, muitas pessoas ainda t\u00eam d\u00favidas de quais s\u00e3o os requisitos b\u00e1sicos para se aposentar. Entenda:<\/p>\n","protected":false},"author":1,"featured_media":3822,"comment_status":"closed","ping_status":"closed","sticky":false,"template":"","format":"standard","meta":{"footnotes":""},"categories":[74],"tags":[],"class_list":["post-3821","post","type-post","status-publish","format-standard","has-post-thumbnail","hentry","category-blog"],"yoast_head":"<!-- This site is optimized with the Yoast SEO plugin v27.5 - https:\/\/yoast.com\/product\/yoast-seo-wordpress\/ -->\n<title>Voc\u00ea sabe quais s\u00e3o os requisitos b\u00e1sicos para se aposentar hoje?<\/title>\n<meta name=\"description\" content=\"Ap\u00f3s a Reforma da Previd\u00eancia de 2019, muitas pessoas ainda t\u00eam d\u00favidas de quais s\u00e3o os requisitos b\u00e1sicos para se aposentar. Entenda:\" \/>\n<meta name=\"robots\" content=\"index, follow, max-snippet:-1, max-image-preview:large, max-video-preview:-1\" \/>\n<link rel=\"canonical\" href=\"https:\/\/www.gm.adv.br\/site\/2022\/11\/14\/voce-sabe-quais-sao-os-requisitos-basicos-para-se-aposentar-hoje\/\" \/>\n<meta property=\"og:locale\" content=\"pt_BR\" \/>\n<meta property=\"og:type\" content=\"article\" \/>\n<meta property=\"og:title\" content=\"Voc\u00ea sabe quais s\u00e3o os requisitos b\u00e1sicos para se aposentar hoje?\" \/>\n<meta property=\"og:description\" content=\"Ap\u00f3s a Reforma da Previd\u00eancia de 2019, muitas pessoas ainda t\u00eam d\u00favidas de quais s\u00e3o os requisitos b\u00e1sicos para se aposentar. Entenda:\" \/>\n<meta property=\"og:url\" content=\"https:\/\/www.gm.adv.br\/site\/2022\/11\/14\/voce-sabe-quais-sao-os-requisitos-basicos-para-se-aposentar-hoje\/\" \/>\n<meta property=\"og:site_name\" content=\"Guaresi &amp; Mill\u00e9o Advogados Associados | Escrit\u00f3rio de Advocacia em Conc\u00f3rdia-SC | 30 Anos de Experi\u00eancia\" \/>\n<meta property=\"article:publisher\" content=\"https:\/\/www.facebook.com\/GuaresiMilleoAdvogados\" \/>\n<meta property=\"article:published_time\" content=\"2022-11-14T14:00:56+00:00\" \/>\n<meta property=\"og:image\" content=\"https:\/\/www.gm.adv.br\/site\/wp-content\/uploads\/2022\/11\/casal-de-idosos-vendo-os-requisitos-basicos-para-se-aposentar-jpg.webp\" \/>\n\t<meta property=\"og:image:width\" content=\"800\" \/>\n\t<meta property=\"og:image:height\" content=\"800\" \/>\n\t<meta property=\"og:image:type\" content=\"image\/webp\" \/>\n<meta name=\"author\" content=\"admin\" \/>\n<meta name=\"twitter:card\" content=\"summary_large_image\" \/>\n<meta name=\"twitter:label1\" content=\"Escrito por\" \/>\n\t<meta name=\"twitter:data1\" content=\"admin\" \/>\n\t<meta name=\"twitter:label2\" content=\"Est. tempo de leitura\" \/>\n\t<meta name=\"twitter:data2\" content=\"5 minutos\" \/>\n<script type=\"application\/ld+json\" class=\"yoast-schema-graph\">{\"@context\":\"https:\\\/\\\/schema.org\",\"@graph\":[{\"@type\":\"Article\",\"@id\":\"https:\\\/\\\/www.gm.adv.br\\\/site\\\/2022\\\/11\\\/14\\\/voce-sabe-quais-sao-os-requisitos-basicos-para-se-aposentar-hoje\\\/#article\",\"isPartOf\":{\"@id\":\"https:\\\/\\\/www.gm.adv.br\\\/site\\\/2022\\\/11\\\/14\\\/voce-sabe-quais-sao-os-requisitos-basicos-para-se-aposentar-hoje\\\/\"},\"author\":{\"name\":\"admin\",\"@id\":\"https:\\\/\\\/www.gm.adv.br\\\/site\\\/#\\\/schema\\\/person\\\/7d633a2abab0d9b94253af6efc36428f\"},\"headline\":\"Voc\u00ea sabe quais s\u00e3o os requisitos b\u00e1sicos para se aposentar hoje?\",\"datePublished\":\"2022-11-14T14:00:56+00:00\",\"mainEntityOfPage\":{\"@id\":\"https:\\\/\\\/www.gm.adv.br\\\/site\\\/2022\\\/11\\\/14\\\/voce-sabe-quais-sao-os-requisitos-basicos-para-se-aposentar-hoje\\\/\"},\"wordCount\":849,\"publisher\":{\"@id\":\"https:\\\/\\\/www.gm.adv.br\\\/site\\\/#organization\"},\"image\":{\"@id\":\"https:\\\/\\\/www.gm.adv.br\\\/site\\\/2022\\\/11\\\/14\\\/voce-sabe-quais-sao-os-requisitos-basicos-para-se-aposentar-hoje\\\/#primaryimage\"},\"thumbnailUrl\":\"https:\\\/\\\/www.gm.adv.br\\\/site\\\/wp-content\\\/uploads\\\/2022\\\/11\\\/casal-de-idosos-vendo-os-requisitos-basicos-para-se-aposentar-jpg.webp\",\"articleSection\":[\"Blog\"],\"inLanguage\":\"pt-BR\"},{\"@type\":\"WebPage\",\"@id\":\"https:\\\/\\\/www.gm.adv.br\\\/site\\\/2022\\\/11\\\/14\\\/voce-sabe-quais-sao-os-requisitos-basicos-para-se-aposentar-hoje\\\/\",\"url\":\"https:\\\/\\\/www.gm.adv.br\\\/site\\\/2022\\\/11\\\/14\\\/voce-sabe-quais-sao-os-requisitos-basicos-para-se-aposentar-hoje\\\/\",\"name\":\"Voc\u00ea sabe quais s\u00e3o os requisitos b\u00e1sicos para se aposentar hoje?\",\"isPartOf\":{\"@id\":\"https:\\\/\\\/www.gm.adv.br\\\/site\\\/#website\"},\"primaryImageOfPage\":{\"@id\":\"https:\\\/\\\/www.gm.adv.br\\\/site\\\/2022\\\/11\\\/14\\\/voce-sabe-quais-sao-os-requisitos-basicos-para-se-aposentar-hoje\\\/#primaryimage\"},\"image\":{\"@id\":\"https:\\\/\\\/www.gm.adv.br\\\/site\\\/2022\\\/11\\\/14\\\/voce-sabe-quais-sao-os-requisitos-basicos-para-se-aposentar-hoje\\\/#primaryimage\"},\"thumbnailUrl\":\"https:\\\/\\\/www.gm.adv.br\\\/site\\\/wp-content\\\/uploads\\\/2022\\\/11\\\/casal-de-idosos-vendo-os-requisitos-basicos-para-se-aposentar-jpg.webp\",\"datePublished\":\"2022-11-14T14:00:56+00:00\",\"description\":\"Ap\u00f3s a Reforma da Previd\u00eancia de 2019, muitas pessoas ainda t\u00eam d\u00favidas de quais s\u00e3o os requisitos b\u00e1sicos para se aposentar. Entenda:\",\"breadcrumb\":{\"@id\":\"https:\\\/\\\/www.gm.adv.br\\\/site\\\/2022\\\/11\\\/14\\\/voce-sabe-quais-sao-os-requisitos-basicos-para-se-aposentar-hoje\\\/#breadcrumb\"},\"inLanguage\":\"pt-BR\",\"potentialAction\":[{\"@type\":\"ReadAction\",\"target\":[\"https:\\\/\\\/www.gm.adv.br\\\/site\\\/2022\\\/11\\\/14\\\/voce-sabe-quais-sao-os-requisitos-basicos-para-se-aposentar-hoje\\\/\"]}]},{\"@type\":\"ImageObject\",\"inLanguage\":\"pt-BR\",\"@id\":\"https:\\\/\\\/www.gm.adv.br\\\/site\\\/2022\\\/11\\\/14\\\/voce-sabe-quais-sao-os-requisitos-basicos-para-se-aposentar-hoje\\\/#primaryimage\",\"url\":\"https:\\\/\\\/www.gm.adv.br\\\/site\\\/wp-content\\\/uploads\\\/2022\\\/11\\\/casal-de-idosos-vendo-os-requisitos-basicos-para-se-aposentar-jpg.webp\",\"contentUrl\":\"https:\\\/\\\/www.gm.adv.br\\\/site\\\/wp-content\\\/uploads\\\/2022\\\/11\\\/casal-de-idosos-vendo-os-requisitos-basicos-para-se-aposentar-jpg.webp\",\"width\":800,\"height\":800,\"caption\":\"Casal de idosos estudando os requisitos b\u00e1sicos para se aposentar\"},{\"@type\":\"BreadcrumbList\",\"@id\":\"https:\\\/\\\/www.gm.adv.br\\\/site\\\/2022\\\/11\\\/14\\\/voce-sabe-quais-sao-os-requisitos-basicos-para-se-aposentar-hoje\\\/#breadcrumb\",\"itemListElement\":[{\"@type\":\"ListItem\",\"position\":1,\"name\":\"In\u00edcio\",\"item\":\"https:\\\/\\\/www.gm.adv.br\\\/site\\\/\"},{\"@type\":\"ListItem\",\"position\":2,\"name\":\"Voc\u00ea sabe quais s\u00e3o os requisitos b\u00e1sicos para se aposentar hoje?\"}]},{\"@type\":\"WebSite\",\"@id\":\"https:\\\/\\\/www.gm.adv.br\\\/site\\\/#website\",\"url\":\"https:\\\/\\\/www.gm.adv.br\\\/site\\\/\",\"name\":\"Guaresi & Mill\u00e9o Advogados Associados | Escrit\u00f3rio de Advocacia em Conc\u00f3rdia-SC | 30 Anos de Experi\u00eanci\",\"description\":\"Advocacia Direito Banc\u00e1rio, Tribut\u00e1rio, Trabalhista, C\u00edvil, P\u00fablica, Municipal, Advogados Associados Guaresi e Mill\u00e9o  |  Conc\u00f3rdia SC\",\"publisher\":{\"@id\":\"https:\\\/\\\/www.gm.adv.br\\\/site\\\/#organization\"},\"alternateName\":\"Guaresi e Mill\u00e9o Escrit\u00f3rio de Advocacia e Consultoria em Conc\u00f3rdia-SC\",\"potentialAction\":[{\"@type\":\"SearchAction\",\"target\":{\"@type\":\"EntryPoint\",\"urlTemplate\":\"https:\\\/\\\/www.gm.adv.br\\\/site\\\/?s={search_term_string}\"},\"query-input\":{\"@type\":\"PropertyValueSpecification\",\"valueRequired\":true,\"valueName\":\"search_term_string\"}}],\"inLanguage\":\"pt-BR\"},{\"@type\":\"Organization\",\"@id\":\"https:\\\/\\\/www.gm.adv.br\\\/site\\\/#organization\",\"name\":\"Guaresi & Milleo Advogados Associados em Conc\u00f3rdia SC\",\"alternateName\":\"Guaresi e Milleo Advocacia e Consultoria\",\"url\":\"https:\\\/\\\/www.gm.adv.br\\\/site\\\/\",\"logo\":{\"@type\":\"ImageObject\",\"inLanguage\":\"pt-BR\",\"@id\":\"https:\\\/\\\/www.gm.adv.br\\\/site\\\/#\\\/schema\\\/logo\\\/image\\\/\",\"url\":\"https:\\\/\\\/www.gm.adv.br\\\/site\\\/wp-content\\\/uploads\\\/2025\\\/07\\\/cropped-icone-512.webp\",\"contentUrl\":\"https:\\\/\\\/www.gm.adv.br\\\/site\\\/wp-content\\\/uploads\\\/2025\\\/07\\\/cropped-icone-512.webp\",\"width\":512,\"height\":512,\"caption\":\"Guaresi & Milleo Advogados Associados em Conc\u00f3rdia SC\"},\"image\":{\"@id\":\"https:\\\/\\\/www.gm.adv.br\\\/site\\\/#\\\/schema\\\/logo\\\/image\\\/\"},\"sameAs\":[\"https:\\\/\\\/www.facebook.com\\\/GuaresiMilleoAdvogados\",\"https:\\\/\\\/www.instagram.com\\\/guaresiemilleo\\\/\",\"https:\\\/\\\/br.linkedin.com\\\/company\\\/guaresimilleo\"]},{\"@type\":\"Person\",\"@id\":\"https:\\\/\\\/www.gm.adv.br\\\/site\\\/#\\\/schema\\\/person\\\/7d633a2abab0d9b94253af6efc36428f\",\"name\":\"admin\",\"image\":{\"@type\":\"ImageObject\",\"inLanguage\":\"pt-BR\",\"@id\":\"https:\\\/\\\/secure.gravatar.com\\\/avatar\\\/c8bb173d280f7d1e50b67bb649de269247430499695ba3ee451b6289436d1d39?s=96&d=mm&r=g\",\"url\":\"https:\\\/\\\/secure.gravatar.com\\\/avatar\\\/c8bb173d280f7d1e50b67bb649de269247430499695ba3ee451b6289436d1d39?s=96&d=mm&r=g\",\"contentUrl\":\"https:\\\/\\\/secure.gravatar.com\\\/avatar\\\/c8bb173d280f7d1e50b67bb649de269247430499695ba3ee451b6289436d1d39?s=96&d=mm&r=g\",\"caption\":\"admin\"},\"sameAs\":[\"https:\\\/\\\/www.gm.adv.br\\\/site\"],\"url\":\"https:\\\/\\\/www.gm.adv.br\\\/site\\\/author\\\/admin\\\/\"}]}<\/script>\n<!-- \/ Yoast SEO plugin. -->","yoast_head_json":{"title":"Voc\u00ea sabe quais s\u00e3o os requisitos b\u00e1sicos para se aposentar hoje?","description":"Ap\u00f3s a Reforma da Previd\u00eancia de 2019, muitas pessoas ainda t\u00eam d\u00favidas de quais s\u00e3o os requisitos b\u00e1sicos para se aposentar. Entenda:","robots":{"index":"index","follow":"follow","max-snippet":"max-snippet:-1","max-image-preview":"max-image-preview:large","max-video-preview":"max-video-preview:-1"},"canonical":"https:\/\/www.gm.adv.br\/site\/2022\/11\/14\/voce-sabe-quais-sao-os-requisitos-basicos-para-se-aposentar-hoje\/","og_locale":"pt_BR","og_type":"article","og_title":"Voc\u00ea sabe quais s\u00e3o os requisitos b\u00e1sicos para se aposentar hoje?","og_description":"Ap\u00f3s a Reforma da Previd\u00eancia de 2019, muitas pessoas ainda t\u00eam d\u00favidas de quais s\u00e3o os requisitos b\u00e1sicos para se aposentar. Entenda:","og_url":"https:\/\/www.gm.adv.br\/site\/2022\/11\/14\/voce-sabe-quais-sao-os-requisitos-basicos-para-se-aposentar-hoje\/","og_site_name":"Guaresi &amp; Mill\u00e9o Advogados Associados | Escrit\u00f3rio de Advocacia em Conc\u00f3rdia-SC | 30 Anos de Experi\u00eancia","article_publisher":"https:\/\/www.facebook.com\/GuaresiMilleoAdvogados","article_published_time":"2022-11-14T14:00:56+00:00","og_image":[{"width":800,"height":800,"url":"https:\/\/www.gm.adv.br\/site\/wp-content\/uploads\/2022\/11\/casal-de-idosos-vendo-os-requisitos-basicos-para-se-aposentar-jpg.webp","type":"image\/webp"}],"author":"admin","twitter_card":"summary_large_image","twitter_misc":{"Escrito por":"admin","Est. tempo de leitura":"5 minutos"},"schema":{"@context":"https:\/\/schema.org","@graph":[{"@type":"Article","@id":"https:\/\/www.gm.adv.br\/site\/2022\/11\/14\/voce-sabe-quais-sao-os-requisitos-basicos-para-se-aposentar-hoje\/#article","isPartOf":{"@id":"https:\/\/www.gm.adv.br\/site\/2022\/11\/14\/voce-sabe-quais-sao-os-requisitos-basicos-para-se-aposentar-hoje\/"},"author":{"name":"admin","@id":"https:\/\/www.gm.adv.br\/site\/#\/schema\/person\/7d633a2abab0d9b94253af6efc36428f"},"headline":"Voc\u00ea sabe quais s\u00e3o os requisitos b\u00e1sicos para se aposentar hoje?","datePublished":"2022-11-14T14:00:56+00:00","mainEntityOfPage":{"@id":"https:\/\/www.gm.adv.br\/site\/2022\/11\/14\/voce-sabe-quais-sao-os-requisitos-basicos-para-se-aposentar-hoje\/"},"wordCount":849,"publisher":{"@id":"https:\/\/www.gm.adv.br\/site\/#organization"},"image":{"@id":"https:\/\/www.gm.adv.br\/site\/2022\/11\/14\/voce-sabe-quais-sao-os-requisitos-basicos-para-se-aposentar-hoje\/#primaryimage"},"thumbnailUrl":"https:\/\/www.gm.adv.br\/site\/wp-content\/uploads\/2022\/11\/casal-de-idosos-vendo-os-requisitos-basicos-para-se-aposentar-jpg.webp","articleSection":["Blog"],"inLanguage":"pt-BR"},{"@type":"WebPage","@id":"https:\/\/www.gm.adv.br\/site\/2022\/11\/14\/voce-sabe-quais-sao-os-requisitos-basicos-para-se-aposentar-hoje\/","url":"https:\/\/www.gm.adv.br\/site\/2022\/11\/14\/voce-sabe-quais-sao-os-requisitos-basicos-para-se-aposentar-hoje\/","name":"Voc\u00ea sabe quais s\u00e3o os requisitos b\u00e1sicos para se aposentar hoje?","isPartOf":{"@id":"https:\/\/www.gm.adv.br\/site\/#website"},"primaryImageOfPage":{"@id":"https:\/\/www.gm.adv.br\/site\/2022\/11\/14\/voce-sabe-quais-sao-os-requisitos-basicos-para-se-aposentar-hoje\/#primaryimage"},"image":{"@id":"https:\/\/www.gm.adv.br\/site\/2022\/11\/14\/voce-sabe-quais-sao-os-requisitos-basicos-para-se-aposentar-hoje\/#primaryimage"},"thumbnailUrl":"https:\/\/www.gm.adv.br\/site\/wp-content\/uploads\/2022\/11\/casal-de-idosos-vendo-os-requisitos-basicos-para-se-aposentar-jpg.webp","datePublished":"2022-11-14T14:00:56+00:00","description":"Ap\u00f3s a Reforma da Previd\u00eancia de 2019, muitas pessoas ainda t\u00eam d\u00favidas de quais s\u00e3o os requisitos b\u00e1sicos para se aposentar. Entenda:","breadcrumb":{"@id":"https:\/\/www.gm.adv.br\/site\/2022\/11\/14\/voce-sabe-quais-sao-os-requisitos-basicos-para-se-aposentar-hoje\/#breadcrumb"},"inLanguage":"pt-BR","potentialAction":[{"@type":"ReadAction","target":["https:\/\/www.gm.adv.br\/site\/2022\/11\/14\/voce-sabe-quais-sao-os-requisitos-basicos-para-se-aposentar-hoje\/"]}]},{"@type":"ImageObject","inLanguage":"pt-BR","@id":"https:\/\/www.gm.adv.br\/site\/2022\/11\/14\/voce-sabe-quais-sao-os-requisitos-basicos-para-se-aposentar-hoje\/#primaryimage","url":"https:\/\/www.gm.adv.br\/site\/wp-content\/uploads\/2022\/11\/casal-de-idosos-vendo-os-requisitos-basicos-para-se-aposentar-jpg.webp","contentUrl":"https:\/\/www.gm.adv.br\/site\/wp-content\/uploads\/2022\/11\/casal-de-idosos-vendo-os-requisitos-basicos-para-se-aposentar-jpg.webp","width":800,"height":800,"caption":"Casal de idosos estudando os requisitos b\u00e1sicos para se aposentar"},{"@type":"BreadcrumbList","@id":"https:\/\/www.gm.adv.br\/site\/2022\/11\/14\/voce-sabe-quais-sao-os-requisitos-basicos-para-se-aposentar-hoje\/#breadcrumb","itemListElement":[{"@type":"ListItem","position":1,"name":"In\u00edcio","item":"https:\/\/www.gm.adv.br\/site\/"},{"@type":"ListItem","position":2,"name":"Voc\u00ea sabe quais s\u00e3o os requisitos b\u00e1sicos para se aposentar hoje?"}]},{"@type":"WebSite","@id":"https:\/\/www.gm.adv.br\/site\/#website","url":"https:\/\/www.gm.adv.br\/site\/","name":"Guaresi & Mill\u00e9o Advogados Associados | Escrit\u00f3rio de Advocacia em Conc\u00f3rdia-SC | 30 Anos de Experi\u00eanci","description":"Advocacia Direito Banc\u00e1rio, Tribut\u00e1rio, Trabalhista, C\u00edvil, P\u00fablica, Municipal, Advogados Associados Guaresi e Mill\u00e9o  |  Conc\u00f3rdia SC","publisher":{"@id":"https:\/\/www.gm.adv.br\/site\/#organization"},"alternateName":"Guaresi e Mill\u00e9o Escrit\u00f3rio de Advocacia e Consultoria em Conc\u00f3rdia-SC","potentialAction":[{"@type":"SearchAction","target":{"@type":"EntryPoint","urlTemplate":"https:\/\/www.gm.adv.br\/site\/?s={search_term_string}"},"query-input":{"@type":"PropertyValueSpecification","valueRequired":true,"valueName":"search_term_string"}}],"inLanguage":"pt-BR"},{"@type":"Organization","@id":"https:\/\/www.gm.adv.br\/site\/#organization","name":"Guaresi & Milleo Advogados Associados em Conc\u00f3rdia SC","alternateName":"Guaresi e Milleo Advocacia e Consultoria","url":"https:\/\/www.gm.adv.br\/site\/","logo":{"@type":"ImageObject","inLanguage":"pt-BR","@id":"https:\/\/www.gm.adv.br\/site\/#\/schema\/logo\/image\/","url":"https:\/\/www.gm.adv.br\/site\/wp-content\/uploads\/2025\/07\/cropped-icone-512.webp","contentUrl":"https:\/\/www.gm.adv.br\/site\/wp-content\/uploads\/2025\/07\/cropped-icone-512.webp","width":512,"height":512,"caption":"Guaresi & Milleo Advogados Associados em Conc\u00f3rdia SC"},"image":{"@id":"https:\/\/www.gm.adv.br\/site\/#\/schema\/logo\/image\/"},"sameAs":["https:\/\/www.facebook.com\/GuaresiMilleoAdvogados","https:\/\/www.instagram.com\/guaresiemilleo\/","https:\/\/br.linkedin.com\/company\/guaresimilleo"]},{"@type":"Person","@id":"https:\/\/www.gm.adv.br\/site\/#\/schema\/person\/7d633a2abab0d9b94253af6efc36428f","name":"admin","image":{"@type":"ImageObject","inLanguage":"pt-BR","@id":"https:\/\/secure.gravatar.com\/avatar\/c8bb173d280f7d1e50b67bb649de269247430499695ba3ee451b6289436d1d39?s=96&d=mm&r=g","url":"https:\/\/secure.gravatar.com\/avatar\/c8bb173d280f7d1e50b67bb649de269247430499695ba3ee451b6289436d1d39?s=96&d=mm&r=g","contentUrl":"https:\/\/secure.gravatar.com\/avatar\/c8bb173d280f7d1e50b67bb649de269247430499695ba3ee451b6289436d1d39?s=96&d=mm&r=g","caption":"admin"},"sameAs":["https:\/\/www.gm.adv.br\/site"],"url":"https:\/\/www.gm.adv.br\/site\/author\/admin\/"}]}},"_links":{"self":[{"href":"https:\/\/www.gm.adv.br\/site\/wp-json\/wp\/v2\/posts\/3821","targetHints":{"allow":["GET"]}}],"collection":[{"href":"https:\/\/www.gm.adv.br\/site\/wp-json\/wp\/v2\/posts"}],"about":[{"href":"https:\/\/www.gm.adv.br\/site\/wp-json\/wp\/v2\/types\/post"}],"author":[{"embeddable":true,"href":"https:\/\/www.gm.adv.br\/site\/wp-json\/wp\/v2\/users\/1"}],"replies":[{"embeddable":true,"href":"https:\/\/www.gm.adv.br\/site\/wp-json\/wp\/v2\/comments?post=3821"}],"version-history":[{"count":0,"href":"https:\/\/www.gm.adv.br\/site\/wp-json\/wp\/v2\/posts\/3821\/revisions"}],"wp:featuredmedia":[{"embeddable":true,"href":"https:\/\/www.gm.adv.br\/site\/wp-json\/wp\/v2\/media\/3822"}],"wp:attachment":[{"href":"https:\/\/www.gm.adv.br\/site\/wp-json\/wp\/v2\/media?parent=3821"}],"wp:term":[{"taxonomy":"category","embeddable":true,"href":"https:\/\/www.gm.adv.br\/site\/wp-json\/wp\/v2\/categories?post=3821"},{"taxonomy":"post_tag","embeddable":true,"href":"https:\/\/www.gm.adv.br\/site\/wp-json\/wp\/v2\/tags?post=3821"}],"curies":[{"name":"wp","href":"https:\/\/api.w.org\/{rel}","templated":true}]}}