{"id":3806,"date":"2022-11-10T07:55:18","date_gmt":"2022-11-10T10:55:18","guid":{"rendered":"https:\/\/gm.adv.br\/?p=3806"},"modified":"2022-11-10T07:55:18","modified_gmt":"2022-11-10T10:55:18","slug":"como-a-assessoria-juridica-pode-resolver-questoes-do-mercado-imobiliario","status":"publish","type":"post","link":"https:\/\/www.gm.adv.br\/site\/2022\/11\/10\/como-a-assessoria-juridica-pode-resolver-questoes-do-mercado-imobiliario\/","title":{"rendered":"Como a assessoria jur\u00eddica pode resolver quest\u00f5es do mercado imobili\u00e1rio?"},"content":{"rendered":"<p><span style=\"font-weight: 400;\">A compra e venda de im\u00f3veis exige muita aten\u00e7\u00e3o, tanto para quem vende quanto para quem compra. Entenda a atua\u00e7\u00e3o do advogado com rela\u00e7\u00e3o ao mercado imobili\u00e1rio.<\/span><\/p>\n<p><!--more--><\/p>\n<p><span style=\"font-weight: 400;\">\u00c9 cada dia maior o n\u00famero de a\u00e7\u00f5es judiciais por problemas de contrato e tamb\u00e9m por deixar de cumprir o que o documento orienta, como cl\u00e1usulas abusivas ou problemas no im\u00f3vel ap\u00f3s a entrega das chaves. Nestes casos e em outros semelhantes, s\u00e3o muitas as demandas judiciais com solicita\u00e7\u00e3o de rescis\u00e3o de contrato de compra de im\u00f3vel.<\/span><\/p>\n<p><span style=\"font-weight: 400;\">Muitos destes casos, por falta de um acompanhamento jur\u00eddico desde o primeiro momento das negocia\u00e7\u00f5es, na avalia\u00e7\u00e3o do im\u00f3vel, na elabora\u00e7\u00e3o do contrato e na discuss\u00e3o de cada cl\u00e1usula.\u00a0<\/span><\/p>\n<p><span style=\"font-weight: 400;\">Existem muitas situa\u00e7\u00f5es em que o im\u00f3vel que est\u00e1 para venda, tem algum tipo de restri\u00e7\u00e3o, ou por penhora ou por estar pendente em quest\u00f5es de invent\u00e1rio ou hipoteca. At\u00e9 que o comprador v\u00e1 perceber, j\u00e1 pagou e neste caso, \u00e9 preciso acionar a justi\u00e7a para tentar ser ressarcido, comprovando m\u00e1 f\u00e9 do vendedor.\u00a0<\/span><\/p>\n<p><span style=\"font-weight: 400;\">\u00c9 para prevenir tudo isso que existem os advogados especialistas nesta \u00e1rea e que devem acompanhar o processo todo desde o in\u00edcio. Se voc\u00ea \u00e9 empres\u00e1rio do ramo de imobili\u00e1ria ou mesmo de outra \u00e1rea, mas que precisa comprar ou vender alguns im\u00f3veis, \u00e9\u00a0 necess\u00e1rio antes de tudo, acionar sua assessoria jur\u00eddica para que acompanhe todo o processo.\u00a0<\/span><\/p>\n<p>&nbsp;<\/p>\n<h2><span style=\"font-weight: 400;\">Qual o trabalho da assessoria jur\u00eddica imobili\u00e1ria?<\/span><\/h2>\n<p><span style=\"font-weight: 400;\">A fun\u00e7\u00e3o de um advogado, ou\u00a0 assessor jur\u00eddico, \u00e9 de auxiliar o empres\u00e1rio corretor de im\u00f3veis, de outro setor ou mesmo uma pessoa f\u00edsica, a evitar dores de cabe\u00e7a na compra, venda ou aluguel de algum im\u00f3vel, ou ainda na intermedia\u00e7\u00e3o da negocia\u00e7\u00e3o.<\/span><\/p>\n<p><span style=\"font-weight: 400;\">A presen\u00e7a de um advogado \u00e9 importante tamb\u00e9m porque nestas negocia\u00e7\u00f5es, o Direito Tribut\u00e1rio est\u00e1 presente, pois v\u00e1rios impostos incidem no ramo. Entre os tributos se destacam o Impostos de Transmiss\u00e3o de Bens Im\u00f3veis (ITBI) e o Imposto Predial e Territorial Urbano (IPTU). A assessoria jur\u00eddica empresarial \u00e9 fundamental neste processo, j\u00e1 que as transa\u00e7\u00f5es imobili\u00e1rias podem apresentar v\u00e1rios riscos, desta forma se evita uma s\u00e9rie de problemas.<\/span><\/p>\n<p><span style=\"font-weight: 400;\">Ainda dentro do mercado imobili\u00e1rio, a assessoria jur\u00eddica atua em diversas frentes e de maneira diversas, sempre com o objetivo de manter os interesses e a legalidade das a\u00e7\u00f5es. Entre as principais a\u00e7\u00f5es, vamos indicar algumas:<\/span><\/p>\n<p>&nbsp;<\/p>\n<h3><span style=\"font-weight: 400;\">Preparar e organizar contratos<\/span><\/h3>\n<p><span style=\"font-weight: 400;\">Uma das principais fun\u00e7\u00f5es de um advogado dentro do mercado imobili\u00e1rio \u00e9 na elabora\u00e7\u00e3o dos contratos. Porque a partir de um documento bem feito, \u00e9 poss\u00edvel evitar desgastes e\u00a0 preju\u00edzos financeiros. A partir do momento que um contrato for redigido por uma pessoa qualificada, com conhecimento de causa, fica garantido que as informa\u00e7\u00f5es, deveres e direitos de ambas as partes, sejam estabelecidas com clareza, sem deixar espa\u00e7o para d\u00favidas na interpreta\u00e7\u00e3o.<\/span><\/p>\n<p>&nbsp;<\/p>\n<h3><span style=\"font-weight: 400;\">Conferir documentos<\/span><\/h3>\n<p><span style=\"font-weight: 400;\">A an\u00e1lise e revis\u00e3o t\u00e9cnica da documenta\u00e7\u00e3o do im\u00f3vel, \u00e9 outra fun\u00e7\u00e3o que cabe a um advogado. Esta observa\u00e7\u00e3o mais criteriosa e profissional \u00e9 essencial e tem o objetivo de encontrar ou se certificar de que n\u00e3o h\u00e1 problemas ou erros com os documentos, que possam vir a atrapalhar os neg\u00f3cios. Entre os pontos importantes, devem ser revisados:<\/span><\/p>\n<ul>\n<li><span style=\"font-weight: 400;\">erros na digita\u00e7\u00e3o do documento;<\/span><\/li>\n<li><span style=\"font-weight: 400;\">informa\u00e7\u00f5es contradit\u00f3rias<\/span><\/li>\n<li><span style=\"font-weight: 400;\">dados desatualizados;<\/span><\/li>\n<li><span style=\"font-weight: 400;\">dados incompletos;<\/span><\/li>\n<li><span style=\"font-weight: 400;\">casos de cl\u00e1usulas que extrapolam o bom senso;<\/span><\/li>\n<li><span style=\"font-weight: 400;\">nomes, n\u00fameros ou dados errados<\/span><\/li>\n<li>informa\u00e7\u00f5es com dupla interpreta\u00e7\u00e3o.<\/li>\n<\/ul>\n<h3><span style=\"font-weight: 400;\">Seguran\u00e7a jur\u00eddica para sua empresa<\/span><\/h3>\n<p><span style=\"font-weight: 400;\">Tanto uma imobili\u00e1ria, construtora ou incorporadora, estar segura de que o contrato e as negocia\u00e7\u00f5es est\u00e3o sendo feitas dentro da legalidade, \u00e9 o principal objetivo de\u00a0 quem contrata assessoria jur\u00eddica para acompanhar suas a\u00e7\u00f5es no mercado imobili\u00e1rio. Desta forma, voc\u00ea tem certeza que sua empresa est\u00e1 resguardada com seguran\u00e7a jur\u00eddica e realizando as negocia\u00e7\u00f5es dentro da lei, sabe que est\u00e1 evitando problemas futuros: isso \u00e9 assessoria jur\u00eddica preventiva.<\/span><\/p>\n<p><span style=\"font-weight: 400;\">O advogado ainda poder\u00e1 fazer uma boa avalia\u00e7\u00e3o t\u00e9cnica, garantindo desta forma o sucesso na transa\u00e7\u00e3o imobili\u00e1ria, seja na compra ou venda. Esta avalia\u00e7\u00e3o mais criteriosa \u00e9 importante, pois pode haver restri\u00e7\u00f5es ambientais por \u00e1reas protegidas, casos de limita\u00e7\u00e3o de divisas ou urbanas, casos de inseguran\u00e7a patrimonial e outros empecilhos. Com a a\u00e7\u00e3o da assessoria jur\u00eddica, \u00e9 poss\u00edvel criar\u00a0 e promover planos de a\u00e7\u00e3o com a fun\u00e7\u00e3o de eliminar ou minimizar os riscos.<\/span><\/p>\n<p><a href=\"https:\/\/materiais.gm.adv.br\/e-book-sua-empresa-problemas-juridicos\"><img loading=\"lazy\" decoding=\"async\" class=\"alignnone size-full wp-image-4249\" src=\"https:\/\/www.gm.adv.br\/site\/wp-content\/uploads\/2022\/05\/ebook-sua-empresa-antecipa-problemas-juridicos.webp\" alt=\"\" width=\"750\" height=\"150\" \/><\/a><\/p>\n<p>&nbsp;<\/p>\n<div class=\"text\">\n<div id=\"textoFonte\" class=\"overflow\">\n<p><span class=\"selectable-text copyable-text\">Este conte\u00fado foi produzido pelo Escrit\u00f3rio de Advocacia Guaresi e Mill\u00e9o Advogados Associados, h\u00e1 mais de 25 anos prestando servi\u00e7os em advocacia na cidade de Conc\u00f3rdia \u2013 SC e regi\u00e3o Oeste Catarinense. Continue acompanhando nosso\u00a0<a href=\"https:\/\/gm.adv.br\/blog\/\">blog<\/a> para n\u00e3o perder mais nenhum conte\u00fado exclusivo.<\/span><\/p>\n<\/div>\n<\/div>\n","protected":false},"excerpt":{"rendered":"<p>A compra e venda de im\u00f3veis exige muita aten\u00e7\u00e3o, tanto para quem vende quanto para quem compra. Entenda a atua\u00e7\u00e3o do advogado com rela\u00e7\u00e3o ao mercado imobili\u00e1rio.<\/p>\n","protected":false},"author":1,"featured_media":3808,"comment_status":"closed","ping_status":"closed","sticky":false,"template":"","format":"standard","meta":{"footnotes":""},"categories":[74],"tags":[],"class_list":["post-3806","post","type-post","status-publish","format-standard","has-post-thumbnail","hentry","category-blog"],"yoast_head":"<!-- This site is optimized with the Yoast SEO plugin v27.5 - https:\/\/yoast.com\/product\/yoast-seo-wordpress\/ -->\n<title>Como um advogado resolve quest\u00f5es do mercado imobili\u00e1rio?<\/title>\n<meta name=\"description\" content=\"A compra e venda de im\u00f3veis exige muita aten\u00e7\u00e3o. Entenda a atua\u00e7\u00e3o do advogado com rela\u00e7\u00e3o ao mercado imobili\u00e1rio.\" \/>\n<meta name=\"robots\" content=\"index, follow, max-snippet:-1, max-image-preview:large, max-video-preview:-1\" \/>\n<link rel=\"canonical\" href=\"https:\/\/www.gm.adv.br\/site\/2022\/11\/10\/como-a-assessoria-juridica-pode-resolver-questoes-do-mercado-imobiliario\/\" \/>\n<meta property=\"og:locale\" content=\"pt_BR\" \/>\n<meta property=\"og:type\" content=\"article\" \/>\n<meta property=\"og:title\" content=\"Como um advogado resolve quest\u00f5es do mercado imobili\u00e1rio?\" \/>\n<meta property=\"og:description\" content=\"A compra e venda de im\u00f3veis exige muita aten\u00e7\u00e3o. Entenda a atua\u00e7\u00e3o do advogado com rela\u00e7\u00e3o ao mercado imobili\u00e1rio.\" \/>\n<meta property=\"og:url\" content=\"https:\/\/www.gm.adv.br\/site\/2022\/11\/10\/como-a-assessoria-juridica-pode-resolver-questoes-do-mercado-imobiliario\/\" \/>\n<meta property=\"og:site_name\" content=\"Guaresi &amp; Mill\u00e9o Advogados Associados | Escrit\u00f3rio de Advocacia em Conc\u00f3rdia-SC | 30 Anos de Experi\u00eancia\" \/>\n<meta property=\"article:publisher\" content=\"https:\/\/www.facebook.com\/GuaresiMilleoAdvogados\" \/>\n<meta property=\"article:published_time\" content=\"2022-11-10T10:55:18+00:00\" \/>\n<meta property=\"og:image\" content=\"https:\/\/www.gm.adv.br\/site\/wp-content\/uploads\/2022\/11\/profissionais-discutndo-questoes-do-mercado-imobiliario-jpg.webp\" \/>\n\t<meta property=\"og:image:width\" content=\"800\" \/>\n\t<meta property=\"og:image:height\" content=\"800\" \/>\n\t<meta property=\"og:image:type\" content=\"image\/webp\" \/>\n<meta name=\"author\" content=\"admin\" \/>\n<meta name=\"twitter:card\" content=\"summary_large_image\" \/>\n<meta name=\"twitter:label1\" content=\"Escrito por\" \/>\n\t<meta name=\"twitter:data1\" content=\"admin\" \/>\n\t<meta name=\"twitter:label2\" content=\"Est. tempo de leitura\" \/>\n\t<meta name=\"twitter:data2\" content=\"5 minutos\" \/>\n<script type=\"application\/ld+json\" class=\"yoast-schema-graph\">{\"@context\":\"https:\\\/\\\/schema.org\",\"@graph\":[{\"@type\":\"Article\",\"@id\":\"https:\\\/\\\/www.gm.adv.br\\\/site\\\/2022\\\/11\\\/10\\\/como-a-assessoria-juridica-pode-resolver-questoes-do-mercado-imobiliario\\\/#article\",\"isPartOf\":{\"@id\":\"https:\\\/\\\/www.gm.adv.br\\\/site\\\/2022\\\/11\\\/10\\\/como-a-assessoria-juridica-pode-resolver-questoes-do-mercado-imobiliario\\\/\"},\"author\":{\"name\":\"admin\",\"@id\":\"https:\\\/\\\/www.gm.adv.br\\\/site\\\/#\\\/schema\\\/person\\\/7d633a2abab0d9b94253af6efc36428f\"},\"headline\":\"Como a assessoria jur\u00eddica pode resolver quest\u00f5es do mercado imobili\u00e1rio?\",\"datePublished\":\"2022-11-10T10:55:18+00:00\",\"mainEntityOfPage\":{\"@id\":\"https:\\\/\\\/www.gm.adv.br\\\/site\\\/2022\\\/11\\\/10\\\/como-a-assessoria-juridica-pode-resolver-questoes-do-mercado-imobiliario\\\/\"},\"wordCount\":849,\"publisher\":{\"@id\":\"https:\\\/\\\/www.gm.adv.br\\\/site\\\/#organization\"},\"image\":{\"@id\":\"https:\\\/\\\/www.gm.adv.br\\\/site\\\/2022\\\/11\\\/10\\\/como-a-assessoria-juridica-pode-resolver-questoes-do-mercado-imobiliario\\\/#primaryimage\"},\"thumbnailUrl\":\"https:\\\/\\\/www.gm.adv.br\\\/site\\\/wp-content\\\/uploads\\\/2022\\\/11\\\/profissionais-discutndo-questoes-do-mercado-imobiliario-jpg.webp\",\"articleSection\":[\"Blog\"],\"inLanguage\":\"pt-BR\"},{\"@type\":\"WebPage\",\"@id\":\"https:\\\/\\\/www.gm.adv.br\\\/site\\\/2022\\\/11\\\/10\\\/como-a-assessoria-juridica-pode-resolver-questoes-do-mercado-imobiliario\\\/\",\"url\":\"https:\\\/\\\/www.gm.adv.br\\\/site\\\/2022\\\/11\\\/10\\\/como-a-assessoria-juridica-pode-resolver-questoes-do-mercado-imobiliario\\\/\",\"name\":\"Como um advogado resolve quest\u00f5es do mercado imobili\u00e1rio?\",\"isPartOf\":{\"@id\":\"https:\\\/\\\/www.gm.adv.br\\\/site\\\/#website\"},\"primaryImageOfPage\":{\"@id\":\"https:\\\/\\\/www.gm.adv.br\\\/site\\\/2022\\\/11\\\/10\\\/como-a-assessoria-juridica-pode-resolver-questoes-do-mercado-imobiliario\\\/#primaryimage\"},\"image\":{\"@id\":\"https:\\\/\\\/www.gm.adv.br\\\/site\\\/2022\\\/11\\\/10\\\/como-a-assessoria-juridica-pode-resolver-questoes-do-mercado-imobiliario\\\/#primaryimage\"},\"thumbnailUrl\":\"https:\\\/\\\/www.gm.adv.br\\\/site\\\/wp-content\\\/uploads\\\/2022\\\/11\\\/profissionais-discutndo-questoes-do-mercado-imobiliario-jpg.webp\",\"datePublished\":\"2022-11-10T10:55:18+00:00\",\"description\":\"A compra e venda de im\u00f3veis exige muita aten\u00e7\u00e3o. Entenda a atua\u00e7\u00e3o do advogado com rela\u00e7\u00e3o ao mercado imobili\u00e1rio.\",\"breadcrumb\":{\"@id\":\"https:\\\/\\\/www.gm.adv.br\\\/site\\\/2022\\\/11\\\/10\\\/como-a-assessoria-juridica-pode-resolver-questoes-do-mercado-imobiliario\\\/#breadcrumb\"},\"inLanguage\":\"pt-BR\",\"potentialAction\":[{\"@type\":\"ReadAction\",\"target\":[\"https:\\\/\\\/www.gm.adv.br\\\/site\\\/2022\\\/11\\\/10\\\/como-a-assessoria-juridica-pode-resolver-questoes-do-mercado-imobiliario\\\/\"]}]},{\"@type\":\"ImageObject\",\"inLanguage\":\"pt-BR\",\"@id\":\"https:\\\/\\\/www.gm.adv.br\\\/site\\\/2022\\\/11\\\/10\\\/como-a-assessoria-juridica-pode-resolver-questoes-do-mercado-imobiliario\\\/#primaryimage\",\"url\":\"https:\\\/\\\/www.gm.adv.br\\\/site\\\/wp-content\\\/uploads\\\/2022\\\/11\\\/profissionais-discutndo-questoes-do-mercado-imobiliario-jpg.webp\",\"contentUrl\":\"https:\\\/\\\/www.gm.adv.br\\\/site\\\/wp-content\\\/uploads\\\/2022\\\/11\\\/profissionais-discutndo-questoes-do-mercado-imobiliario-jpg.webp\",\"width\":800,\"height\":800,\"caption\":\"Advogados discutindo quest\u00f5es do mercado imobili\u00e1rio\"},{\"@type\":\"BreadcrumbList\",\"@id\":\"https:\\\/\\\/www.gm.adv.br\\\/site\\\/2022\\\/11\\\/10\\\/como-a-assessoria-juridica-pode-resolver-questoes-do-mercado-imobiliario\\\/#breadcrumb\",\"itemListElement\":[{\"@type\":\"ListItem\",\"position\":1,\"name\":\"In\u00edcio\",\"item\":\"https:\\\/\\\/www.gm.adv.br\\\/site\\\/\"},{\"@type\":\"ListItem\",\"position\":2,\"name\":\"Como a assessoria jur\u00eddica pode resolver quest\u00f5es do mercado imobili\u00e1rio?\"}]},{\"@type\":\"WebSite\",\"@id\":\"https:\\\/\\\/www.gm.adv.br\\\/site\\\/#website\",\"url\":\"https:\\\/\\\/www.gm.adv.br\\\/site\\\/\",\"name\":\"Guaresi & Mill\u00e9o Advogados Associados | Escrit\u00f3rio de Advocacia em Conc\u00f3rdia-SC | 30 Anos de Experi\u00eanci\",\"description\":\"Advocacia Direito Banc\u00e1rio, Tribut\u00e1rio, Trabalhista, C\u00edvil, P\u00fablica, Municipal, Advogados Associados Guaresi e Mill\u00e9o  |  Conc\u00f3rdia SC\",\"publisher\":{\"@id\":\"https:\\\/\\\/www.gm.adv.br\\\/site\\\/#organization\"},\"alternateName\":\"Guaresi e Mill\u00e9o Escrit\u00f3rio de Advocacia e Consultoria em Conc\u00f3rdia-SC\",\"potentialAction\":[{\"@type\":\"SearchAction\",\"target\":{\"@type\":\"EntryPoint\",\"urlTemplate\":\"https:\\\/\\\/www.gm.adv.br\\\/site\\\/?s={search_term_string}\"},\"query-input\":{\"@type\":\"PropertyValueSpecification\",\"valueRequired\":true,\"valueName\":\"search_term_string\"}}],\"inLanguage\":\"pt-BR\"},{\"@type\":\"Organization\",\"@id\":\"https:\\\/\\\/www.gm.adv.br\\\/site\\\/#organization\",\"name\":\"Guaresi & Milleo Advogados Associados em Conc\u00f3rdia SC\",\"alternateName\":\"Guaresi e Milleo Advocacia e Consultoria\",\"url\":\"https:\\\/\\\/www.gm.adv.br\\\/site\\\/\",\"logo\":{\"@type\":\"ImageObject\",\"inLanguage\":\"pt-BR\",\"@id\":\"https:\\\/\\\/www.gm.adv.br\\\/site\\\/#\\\/schema\\\/logo\\\/image\\\/\",\"url\":\"https:\\\/\\\/www.gm.adv.br\\\/site\\\/wp-content\\\/uploads\\\/2025\\\/07\\\/cropped-icone-512.webp\",\"contentUrl\":\"https:\\\/\\\/www.gm.adv.br\\\/site\\\/wp-content\\\/uploads\\\/2025\\\/07\\\/cropped-icone-512.webp\",\"width\":512,\"height\":512,\"caption\":\"Guaresi & Milleo Advogados Associados em Conc\u00f3rdia SC\"},\"image\":{\"@id\":\"https:\\\/\\\/www.gm.adv.br\\\/site\\\/#\\\/schema\\\/logo\\\/image\\\/\"},\"sameAs\":[\"https:\\\/\\\/www.facebook.com\\\/GuaresiMilleoAdvogados\",\"https:\\\/\\\/www.instagram.com\\\/guaresiemilleo\\\/\",\"https:\\\/\\\/br.linkedin.com\\\/company\\\/guaresimilleo\"]},{\"@type\":\"Person\",\"@id\":\"https:\\\/\\\/www.gm.adv.br\\\/site\\\/#\\\/schema\\\/person\\\/7d633a2abab0d9b94253af6efc36428f\",\"name\":\"admin\",\"image\":{\"@type\":\"ImageObject\",\"inLanguage\":\"pt-BR\",\"@id\":\"https:\\\/\\\/secure.gravatar.com\\\/avatar\\\/c8bb173d280f7d1e50b67bb649de269247430499695ba3ee451b6289436d1d39?s=96&d=mm&r=g\",\"url\":\"https:\\\/\\\/secure.gravatar.com\\\/avatar\\\/c8bb173d280f7d1e50b67bb649de269247430499695ba3ee451b6289436d1d39?s=96&d=mm&r=g\",\"contentUrl\":\"https:\\\/\\\/secure.gravatar.com\\\/avatar\\\/c8bb173d280f7d1e50b67bb649de269247430499695ba3ee451b6289436d1d39?s=96&d=mm&r=g\",\"caption\":\"admin\"},\"sameAs\":[\"https:\\\/\\\/www.gm.adv.br\\\/site\"],\"url\":\"https:\\\/\\\/www.gm.adv.br\\\/site\\\/author\\\/admin\\\/\"}]}<\/script>\n<!-- \/ Yoast SEO plugin. -->","yoast_head_json":{"title":"Como um advogado resolve quest\u00f5es do mercado imobili\u00e1rio?","description":"A compra e venda de im\u00f3veis exige muita aten\u00e7\u00e3o. Entenda a atua\u00e7\u00e3o do advogado com rela\u00e7\u00e3o ao mercado imobili\u00e1rio.","robots":{"index":"index","follow":"follow","max-snippet":"max-snippet:-1","max-image-preview":"max-image-preview:large","max-video-preview":"max-video-preview:-1"},"canonical":"https:\/\/www.gm.adv.br\/site\/2022\/11\/10\/como-a-assessoria-juridica-pode-resolver-questoes-do-mercado-imobiliario\/","og_locale":"pt_BR","og_type":"article","og_title":"Como um advogado resolve quest\u00f5es do mercado imobili\u00e1rio?","og_description":"A compra e venda de im\u00f3veis exige muita aten\u00e7\u00e3o. Entenda a atua\u00e7\u00e3o do advogado com rela\u00e7\u00e3o ao mercado imobili\u00e1rio.","og_url":"https:\/\/www.gm.adv.br\/site\/2022\/11\/10\/como-a-assessoria-juridica-pode-resolver-questoes-do-mercado-imobiliario\/","og_site_name":"Guaresi &amp; Mill\u00e9o Advogados Associados | Escrit\u00f3rio de Advocacia em Conc\u00f3rdia-SC | 30 Anos de Experi\u00eancia","article_publisher":"https:\/\/www.facebook.com\/GuaresiMilleoAdvogados","article_published_time":"2022-11-10T10:55:18+00:00","og_image":[{"width":800,"height":800,"url":"https:\/\/www.gm.adv.br\/site\/wp-content\/uploads\/2022\/11\/profissionais-discutndo-questoes-do-mercado-imobiliario-jpg.webp","type":"image\/webp"}],"author":"admin","twitter_card":"summary_large_image","twitter_misc":{"Escrito por":"admin","Est. tempo de leitura":"5 minutos"},"schema":{"@context":"https:\/\/schema.org","@graph":[{"@type":"Article","@id":"https:\/\/www.gm.adv.br\/site\/2022\/11\/10\/como-a-assessoria-juridica-pode-resolver-questoes-do-mercado-imobiliario\/#article","isPartOf":{"@id":"https:\/\/www.gm.adv.br\/site\/2022\/11\/10\/como-a-assessoria-juridica-pode-resolver-questoes-do-mercado-imobiliario\/"},"author":{"name":"admin","@id":"https:\/\/www.gm.adv.br\/site\/#\/schema\/person\/7d633a2abab0d9b94253af6efc36428f"},"headline":"Como a assessoria jur\u00eddica pode resolver quest\u00f5es do mercado imobili\u00e1rio?","datePublished":"2022-11-10T10:55:18+00:00","mainEntityOfPage":{"@id":"https:\/\/www.gm.adv.br\/site\/2022\/11\/10\/como-a-assessoria-juridica-pode-resolver-questoes-do-mercado-imobiliario\/"},"wordCount":849,"publisher":{"@id":"https:\/\/www.gm.adv.br\/site\/#organization"},"image":{"@id":"https:\/\/www.gm.adv.br\/site\/2022\/11\/10\/como-a-assessoria-juridica-pode-resolver-questoes-do-mercado-imobiliario\/#primaryimage"},"thumbnailUrl":"https:\/\/www.gm.adv.br\/site\/wp-content\/uploads\/2022\/11\/profissionais-discutndo-questoes-do-mercado-imobiliario-jpg.webp","articleSection":["Blog"],"inLanguage":"pt-BR"},{"@type":"WebPage","@id":"https:\/\/www.gm.adv.br\/site\/2022\/11\/10\/como-a-assessoria-juridica-pode-resolver-questoes-do-mercado-imobiliario\/","url":"https:\/\/www.gm.adv.br\/site\/2022\/11\/10\/como-a-assessoria-juridica-pode-resolver-questoes-do-mercado-imobiliario\/","name":"Como um advogado resolve quest\u00f5es do mercado imobili\u00e1rio?","isPartOf":{"@id":"https:\/\/www.gm.adv.br\/site\/#website"},"primaryImageOfPage":{"@id":"https:\/\/www.gm.adv.br\/site\/2022\/11\/10\/como-a-assessoria-juridica-pode-resolver-questoes-do-mercado-imobiliario\/#primaryimage"},"image":{"@id":"https:\/\/www.gm.adv.br\/site\/2022\/11\/10\/como-a-assessoria-juridica-pode-resolver-questoes-do-mercado-imobiliario\/#primaryimage"},"thumbnailUrl":"https:\/\/www.gm.adv.br\/site\/wp-content\/uploads\/2022\/11\/profissionais-discutndo-questoes-do-mercado-imobiliario-jpg.webp","datePublished":"2022-11-10T10:55:18+00:00","description":"A compra e venda de im\u00f3veis exige muita aten\u00e7\u00e3o. Entenda a atua\u00e7\u00e3o do advogado com rela\u00e7\u00e3o ao mercado imobili\u00e1rio.","breadcrumb":{"@id":"https:\/\/www.gm.adv.br\/site\/2022\/11\/10\/como-a-assessoria-juridica-pode-resolver-questoes-do-mercado-imobiliario\/#breadcrumb"},"inLanguage":"pt-BR","potentialAction":[{"@type":"ReadAction","target":["https:\/\/www.gm.adv.br\/site\/2022\/11\/10\/como-a-assessoria-juridica-pode-resolver-questoes-do-mercado-imobiliario\/"]}]},{"@type":"ImageObject","inLanguage":"pt-BR","@id":"https:\/\/www.gm.adv.br\/site\/2022\/11\/10\/como-a-assessoria-juridica-pode-resolver-questoes-do-mercado-imobiliario\/#primaryimage","url":"https:\/\/www.gm.adv.br\/site\/wp-content\/uploads\/2022\/11\/profissionais-discutndo-questoes-do-mercado-imobiliario-jpg.webp","contentUrl":"https:\/\/www.gm.adv.br\/site\/wp-content\/uploads\/2022\/11\/profissionais-discutndo-questoes-do-mercado-imobiliario-jpg.webp","width":800,"height":800,"caption":"Advogados discutindo quest\u00f5es do mercado imobili\u00e1rio"},{"@type":"BreadcrumbList","@id":"https:\/\/www.gm.adv.br\/site\/2022\/11\/10\/como-a-assessoria-juridica-pode-resolver-questoes-do-mercado-imobiliario\/#breadcrumb","itemListElement":[{"@type":"ListItem","position":1,"name":"In\u00edcio","item":"https:\/\/www.gm.adv.br\/site\/"},{"@type":"ListItem","position":2,"name":"Como a assessoria jur\u00eddica pode resolver quest\u00f5es do mercado imobili\u00e1rio?"}]},{"@type":"WebSite","@id":"https:\/\/www.gm.adv.br\/site\/#website","url":"https:\/\/www.gm.adv.br\/site\/","name":"Guaresi & Mill\u00e9o Advogados Associados | Escrit\u00f3rio de Advocacia em Conc\u00f3rdia-SC | 30 Anos de Experi\u00eanci","description":"Advocacia Direito Banc\u00e1rio, Tribut\u00e1rio, Trabalhista, C\u00edvil, P\u00fablica, Municipal, Advogados Associados Guaresi e Mill\u00e9o  |  Conc\u00f3rdia SC","publisher":{"@id":"https:\/\/www.gm.adv.br\/site\/#organization"},"alternateName":"Guaresi e Mill\u00e9o Escrit\u00f3rio de Advocacia e Consultoria em Conc\u00f3rdia-SC","potentialAction":[{"@type":"SearchAction","target":{"@type":"EntryPoint","urlTemplate":"https:\/\/www.gm.adv.br\/site\/?s={search_term_string}"},"query-input":{"@type":"PropertyValueSpecification","valueRequired":true,"valueName":"search_term_string"}}],"inLanguage":"pt-BR"},{"@type":"Organization","@id":"https:\/\/www.gm.adv.br\/site\/#organization","name":"Guaresi & Milleo Advogados Associados em Conc\u00f3rdia SC","alternateName":"Guaresi e Milleo Advocacia e Consultoria","url":"https:\/\/www.gm.adv.br\/site\/","logo":{"@type":"ImageObject","inLanguage":"pt-BR","@id":"https:\/\/www.gm.adv.br\/site\/#\/schema\/logo\/image\/","url":"https:\/\/www.gm.adv.br\/site\/wp-content\/uploads\/2025\/07\/cropped-icone-512.webp","contentUrl":"https:\/\/www.gm.adv.br\/site\/wp-content\/uploads\/2025\/07\/cropped-icone-512.webp","width":512,"height":512,"caption":"Guaresi & Milleo Advogados Associados em Conc\u00f3rdia SC"},"image":{"@id":"https:\/\/www.gm.adv.br\/site\/#\/schema\/logo\/image\/"},"sameAs":["https:\/\/www.facebook.com\/GuaresiMilleoAdvogados","https:\/\/www.instagram.com\/guaresiemilleo\/","https:\/\/br.linkedin.com\/company\/guaresimilleo"]},{"@type":"Person","@id":"https:\/\/www.gm.adv.br\/site\/#\/schema\/person\/7d633a2abab0d9b94253af6efc36428f","name":"admin","image":{"@type":"ImageObject","inLanguage":"pt-BR","@id":"https:\/\/secure.gravatar.com\/avatar\/c8bb173d280f7d1e50b67bb649de269247430499695ba3ee451b6289436d1d39?s=96&d=mm&r=g","url":"https:\/\/secure.gravatar.com\/avatar\/c8bb173d280f7d1e50b67bb649de269247430499695ba3ee451b6289436d1d39?s=96&d=mm&r=g","contentUrl":"https:\/\/secure.gravatar.com\/avatar\/c8bb173d280f7d1e50b67bb649de269247430499695ba3ee451b6289436d1d39?s=96&d=mm&r=g","caption":"admin"},"sameAs":["https:\/\/www.gm.adv.br\/site"],"url":"https:\/\/www.gm.adv.br\/site\/author\/admin\/"}]}},"_links":{"self":[{"href":"https:\/\/www.gm.adv.br\/site\/wp-json\/wp\/v2\/posts\/3806","targetHints":{"allow":["GET"]}}],"collection":[{"href":"https:\/\/www.gm.adv.br\/site\/wp-json\/wp\/v2\/posts"}],"about":[{"href":"https:\/\/www.gm.adv.br\/site\/wp-json\/wp\/v2\/types\/post"}],"author":[{"embeddable":true,"href":"https:\/\/www.gm.adv.br\/site\/wp-json\/wp\/v2\/users\/1"}],"replies":[{"embeddable":true,"href":"https:\/\/www.gm.adv.br\/site\/wp-json\/wp\/v2\/comments?post=3806"}],"version-history":[{"count":0,"href":"https:\/\/www.gm.adv.br\/site\/wp-json\/wp\/v2\/posts\/3806\/revisions"}],"wp:featuredmedia":[{"embeddable":true,"href":"https:\/\/www.gm.adv.br\/site\/wp-json\/wp\/v2\/media\/3808"}],"wp:attachment":[{"href":"https:\/\/www.gm.adv.br\/site\/wp-json\/wp\/v2\/media?parent=3806"}],"wp:term":[{"taxonomy":"category","embeddable":true,"href":"https:\/\/www.gm.adv.br\/site\/wp-json\/wp\/v2\/categories?post=3806"},{"taxonomy":"post_tag","embeddable":true,"href":"https:\/\/www.gm.adv.br\/site\/wp-json\/wp\/v2\/tags?post=3806"}],"curies":[{"name":"wp","href":"https:\/\/api.w.org\/{rel}","templated":true}]}}