{"id":3799,"date":"2022-10-31T13:30:31","date_gmt":"2022-10-31T16:30:31","guid":{"rendered":"https:\/\/gm.adv.br\/?p=3799"},"modified":"2022-10-31T13:30:31","modified_gmt":"2022-10-31T16:30:31","slug":"voce-sabe-o-que-significa-seguranca-juridica-na-pratica-para-seu-negocio","status":"publish","type":"post","link":"https:\/\/www.gm.adv.br\/site\/2022\/10\/31\/voce-sabe-o-que-significa-seguranca-juridica-na-pratica-para-seu-negocio\/","title":{"rendered":"Voc\u00ea sabe o que significa &#8220;seguran\u00e7a jur\u00eddica&#8221; na pr\u00e1tica para seu neg\u00f3cio?"},"content":{"rendered":"<p><span style=\"font-weight: 400;\">A seguran\u00e7a jur\u00eddica \u00e9 a sustenta\u00e7\u00e3o da democracia. \u00c9 a maneira de proteger as rela\u00e7\u00f5es entre trabalhador e empregador para que todas as regras sejam cumpridas evitando desgastes jur\u00eddicos<\/span><\/p>\n<p><!--more--><\/p>\n<p><span style=\"font-weight: 400;\">Ter certeza de que seus direitos e deveres est\u00e3o sendo cumpridos \u00e0 risca, \u00e9 essencial para qualquer pessoa, da mesma forma para empresas. Este \u00e9 o princ\u00edpio essencial que a Seguran\u00e7a Jur\u00eddica se baseia. No mundo dos neg\u00f3cios, todas as pr\u00e1ticas devem ser alinhadas de acordo com este princ\u00edpio.<\/span><\/p>\n<p><span style=\"font-weight: 400;\">Mais do que uma determina\u00e7\u00e3o da Constitui\u00e7\u00e3o Federal,\u00a0 a seguran\u00e7a jur\u00eddica deve pautar todas as rela\u00e7\u00f5es de trabalho e atua\u00e7\u00e3o, de forma a garantir a integridade dos neg\u00f3cios diante da legisla\u00e7\u00e3o que est\u00e1 em vigor.<\/span><\/p>\n<p>&nbsp;<\/p>\n<h2><span style=\"font-weight: 400;\">Conceito de seguran\u00e7a jur\u00eddica<\/span><\/h2>\n<p><span style=\"font-weight: 400;\">Dentro da esfera empresarial, a seguran\u00e7a jur\u00eddica \u00e9 a aplica\u00e7\u00e3o das leis, garantindo um cen\u00e1rio mais previs\u00edvel e est\u00e1vel. Desta forma as rela\u00e7\u00f5es se tornam mais seguras porque a lei est\u00e1 sendo cumprida. Tamb\u00e9m oferece clareza e compreens\u00e3o dos direitos e deveres nas rela\u00e7\u00f5es de neg\u00f3cios.<\/span><\/p>\n<p><span style=\"font-weight: 400;\">Com seguran\u00e7a jur\u00eddica, h\u00e1 uma certeza maior na hora de tomar decis\u00f5es, a forma como se portar e ainda prever as consequ\u00eancias ao tomar esta ou aquela atitude. Enfim, a seguran\u00e7a jur\u00eddica serve para orientar, tranquilizar e proteger as pessoas e empresas, sabendo que nenhuma intercorr\u00eancia\u00a0 ir\u00e1 surgir no decorrer do processo, porque todas as leis est\u00e3o sendo cumpridas.<\/span><\/p>\n<p>&nbsp;<\/p>\n<h2><span style=\"font-weight: 400;\">Como sua empresa pode implementar a seguran\u00e7a jur\u00eddica?<\/span><\/h2>\n<p><span style=\"font-weight: 400;\">A partir do momento em que um gestor conhece seus direitos e deveres e das consequ\u00eancias de seus atos, j\u00e1 \u00e9 poss\u00edvel afirmar que a empresa tem seguran\u00e7a jur\u00eddica. Neste sentido, quanto mais estes princ\u00edpios forem estabelecidos e claros nos seus atos, maiores as oportunidades de fechar neg\u00f3cios.\u00a0<\/span><\/p>\n<p><span style=\"font-weight: 400;\">Mas vamos listar algumas atitudes que voc\u00ea deve\u00a0 tomar para ter seguran\u00e7a jur\u00eddica na sua empresa. Acompanhe:<\/span><\/p>\n<p>&nbsp;<\/p>\n<h3><span style=\"font-weight: 400;\">Formalize seu neg\u00f3cio<\/span><\/h3>\n<p><span style=\"font-weight: 400;\">Se ao iniciar um empreendimento,\u00a0 por algum motivo, a empresa deixar de seguir ou formalizar algum procedimento, j\u00e1 estar\u00e1 come\u00e7ando de forma errada e dando margem para que mais tarde sofra as consequ\u00eancias deste ato. A primeira delas \u00e9 a falta de seguran\u00e7a jur\u00eddica.\u00a0<\/span><\/p>\n<p><span style=\"font-weight: 400;\">A legisla\u00e7\u00e3o brasileira exige que todo neg\u00f3cio seja formalizado dentro de uma das v\u00e1rias categorias que existem. Se isso n\u00e3o for feito, significa que voc\u00ea est\u00e1 atuando na ilegalidade e isso pode gerar v\u00e1rios problemas jur\u00eddicos.<\/span><\/p>\n<p><span style=\"font-weight: 400;\">A n\u00e3o emiss\u00e3o de notas fiscais, ou ainda deixar de cumprir as responsabilidades fiscais e <\/span><a href=\"https:\/\/gm.adv.br\/blog\/o-que-a-sua-empresa-ganha-com-um-planejamento-tributario-estrategico\/\" target=\"_blank\" rel=\"noopener\"><span style=\"font-weight: 400;\">tribut\u00e1rias<\/span><\/a><span style=\"font-weight: 400;\">, s\u00e3o mais alguns ind\u00edcios de que isso pode gerar multas elevadas e at\u00e9 o fechamento do neg\u00f3cio.\u00a0<\/span><\/p>\n<p><span style=\"font-weight: 400;\">Para evitar todos estes problemas, al\u00e9m de\u00a0 preju\u00edzos e a possibilidade de fechar a sua empresa precocemente, a sa\u00edda \u00e9 abrir formalmente o seu neg\u00f3cio. Existem v\u00e1rios regimes tribut\u00e1rios, com certeza um deles vai se adequar \u00e0s necessidades do seu empreendimento.<\/span><\/p>\n<p>&nbsp;<\/p>\n<h3><span style=\"font-weight: 400;\">Fa\u00e7a as contrata\u00e7\u00f5es dentro da CLT<\/span><\/h3>\n<p><span style=\"font-weight: 400;\">Um dos maiores problemas enfrentados pelas empresas, \u00e9 que ao fazer o recrutamento de colaboradores, decidem burlar a lei e fazer contratos \u201cfrios\u201d, ou seja, fora da Consolida\u00e7\u00e3o das Leis do Trabalho, CLT. \u00c9 a partir da\u00ed que os empres\u00e1rios enfrentam in\u00fameros problemas judiciais por n\u00e3o respeitarem as leis trabalhistas.<\/span><\/p>\n<p><span style=\"font-weight: 400;\">N\u00e3o seguir a legisla\u00e7\u00e3o, \u00e9 come\u00e7ar um neg\u00f3cio com o p\u00e9 esquerdo e saber que ali na frente isso vai resultar em uma s\u00e9rie de processos trabalhistas, pagamentos de multa e a imagem da sua marca bastante arranhada.<\/span><\/p>\n<p>&nbsp;<\/p>\n<h3><span style=\"font-weight: 400;\">Fa\u00e7a contratos de trabalho<\/span><\/h3>\n<p><span style=\"font-weight: 400;\">Independente da modalidade do contrato, sempre \u00e9 importante que a elabora\u00e7\u00e3o seja feita por profissionais que conhecem as leis. Assim tamb\u00e9m deve ser na produ\u00e7\u00e3o dos contratos profissionais, pois neste documento deve deixar claro os direitos e deveres de ambas as partes. Desta forma se evita os mal entendidos que possam ocorrer e deixa claro quais os procedimentos em caso de rescis\u00e3o do contrato. Ainda esclarece as consequ\u00eancias em caso do n\u00e3o pagamento de sal\u00e1rios, o n\u00e3o cumprimento de suas obriga\u00e7\u00f5es de ambas as partes e outras situa\u00e7\u00f5es que possam ocorrer.<\/span><\/p>\n<p><span style=\"font-weight: 400;\">J\u00e1 se o contrato for feito por pessoas que n\u00e3o t\u00eam conhecimento profundo da legisla\u00e7\u00e3o, existe a possibilidade de produzir um documento fora das leis brasileiras e que seja abusivo.<\/span><\/p>\n<p>&nbsp;<\/p>\n<h3><span style=\"font-weight: 400;\">Conhe\u00e7a o C\u00f3digo de Defesa do Consumidor<\/span><\/h3>\n<p><span style=\"font-weight: 400;\">Respeitar os direitos do consumidor \u00e9 mais uma pr\u00e1tica de seguran\u00e7a jur\u00eddica para sua empresa. Por isso da import\u00e2ncia em conhecer o C\u00f3digo de Defesa do Consumidor e evitar que algum problema por falta de conhecimento, possa surgir e prejudicar seus neg\u00f3cios.<\/span><\/p>\n<p><span style=\"font-weight: 400;\">Sabendo quais os direitos das pessoas que compram no seu estabelecimento, \u00e9 o princ\u00edpio para um bom relacionamento comercial. Desta forma se evita comportamentos incoerentes e\u00a0 se agiliza o atendimento.<\/span><\/p>\n<p>&nbsp;<\/p>\n<h3><span style=\"font-weight: 400;\">Termos de Uso e Pol\u00edticas de Privacidade<\/span><\/h3>\n<p><span style=\"font-weight: 400;\">Os Termos de Uso e as Pol\u00edticas de Privacidade s\u00e3o formas de contrato sem assinatura. \u00c9 uma maneira de orientar os usu\u00e1rios do seu site, de que forma deve utilizar e como as informa\u00e7\u00f5es s\u00e3o buscadas e processadas.<\/span><\/p>\n<p><span style=\"font-weight: 400;\">Para garantir que sua empresa tenha seguran\u00e7a jur\u00eddica, \u00e9 preciso ter estes dois documentos porque eles asseguram que o visitante do site. Conhecer as regras e as pol\u00edticas de utiliza\u00e7\u00e3o das informa\u00e7\u00f5es e imagens. Desta forma sua empresa estar\u00e1 se protegendo de problemas jur\u00eddicos pelo uso indevido do site.\u00a0<\/span><\/p>\n<p>&nbsp;<\/p>\n<h3><span style=\"font-weight: 400;\">Contrate uma assessoria jur\u00eddica eficiente<\/span><\/h3>\n<p><span style=\"font-weight: 400;\">Para garantir a seguran\u00e7a jur\u00eddica do seu empreendimento, \u00e9 primordial contar com uma assessoria jur\u00eddica eficiente, porque o trabalho \u00e9 intenso e demanda bastante tempo. \u00c9 fun\u00e7\u00e3o dos<\/span><a href=\"https:\/\/gm.adv.br\/blog\/10-dicas-para-escolher-o-melhor-escritorio-de-advocacia-para-sua-empresa\/\" target=\"_blank\" rel=\"noopener\"><span style=\"font-weight: 400;\"> advogados<\/span><\/a><span style=\"font-weight: 400;\"> estar \u00e0 frente de todas as opera\u00e7\u00f5es burocr\u00e1ticas no que diz respeito \u00e0 compreens\u00e3o, educa\u00e7\u00e3o e cumprimento das leis em vigor.\u00a0<\/span><\/p>\n<p><span style=\"font-weight: 400;\">Enfim, a <\/span><a href=\"https:\/\/gm.adv.br\/blog\/seu-negocio-conta-com-uma-assessoria-juridica-empresarial\/\" target=\"_blank\" rel=\"noopener\"><span style=\"font-weight: 400;\">assessoria jur\u00eddica<\/span><\/a><span style=\"font-weight: 400;\">\u00a0 vai ajudar voc\u00ea e sua empresa a cumprir todas leis atrav\u00e9s da elabora\u00e7\u00e3o de contratos, assegurando sempre que tudo seja feito dentro da legalidade garantindo que sua marca esteja resguardada juridicamente.<\/span><\/p>\n<p><span style=\"font-weight: 400;\">Continue acompanhando<\/span><a href=\"https:\/\/gm.adv.br\/blog\/\" target=\"_blank\" rel=\"noopener\"><span style=\"font-weight: 400;\"> nosso blog<\/span><\/a><span style=\"font-weight: 400;\"> e saiba mais sobre este e outros assuntos do seu interesse.<\/span><\/p>\n<p><a href=\"https:\/\/materiais.gm.adv.br\/e-book-sua-empresa-problemas-juridicos\"><img loading=\"lazy\" decoding=\"async\" class=\"alignnone size-full wp-image-4249\" src=\"https:\/\/www.gm.adv.br\/site\/wp-content\/uploads\/2022\/05\/ebook-sua-empresa-antecipa-problemas-juridicos.webp\" alt=\"\" width=\"750\" height=\"150\" \/><\/a><\/p>\n<p>&nbsp;<\/p>\n","protected":false},"excerpt":{"rendered":"<p>A seguran\u00e7a jur\u00eddica \u00e9 a sustenta\u00e7\u00e3o da democracia. \u00c9 a maneira de proteger as rela\u00e7\u00f5es entre trabalhador e empregador para que todas as regras sejam cumpridas evitando desgastes jur\u00eddicos<\/p>\n","protected":false},"author":1,"featured_media":3800,"comment_status":"closed","ping_status":"closed","sticky":false,"template":"","format":"standard","meta":{"footnotes":""},"categories":[72],"tags":[],"class_list":["post-3799","post","type-post","status-publish","format-standard","has-post-thumbnail","hentry","category-direito-empresarial"],"yoast_head":"<!-- This site is optimized with the Yoast SEO plugin v27.5 - https:\/\/yoast.com\/product\/yoast-seo-wordpress\/ -->\n<title>Voc\u00ea sabe o que significa &quot;seguran\u00e7a jur\u00eddica&quot; na pr\u00e1tica?<\/title>\n<meta name=\"description\" content=\"A seguran\u00e7a jur\u00eddica \u00e9 a sustenta\u00e7\u00e3o da democracia. \u00c9 a maneira de proteger as rela\u00e7\u00f5es entre para que todas as regras sejam cumpridas\" \/>\n<meta name=\"robots\" content=\"index, follow, max-snippet:-1, max-image-preview:large, max-video-preview:-1\" \/>\n<link rel=\"canonical\" href=\"https:\/\/www.gm.adv.br\/site\/2022\/10\/31\/voce-sabe-o-que-significa-seguranca-juridica-na-pratica-para-seu-negocio\/\" \/>\n<meta property=\"og:locale\" content=\"pt_BR\" \/>\n<meta property=\"og:type\" content=\"article\" \/>\n<meta property=\"og:title\" content=\"Voc\u00ea sabe o que significa &quot;seguran\u00e7a jur\u00eddica&quot; na pr\u00e1tica?\" \/>\n<meta property=\"og:description\" content=\"A seguran\u00e7a jur\u00eddica \u00e9 a sustenta\u00e7\u00e3o da democracia. \u00c9 a maneira de proteger as rela\u00e7\u00f5es entre para que todas as regras sejam cumpridas\" \/>\n<meta property=\"og:url\" content=\"https:\/\/www.gm.adv.br\/site\/2022\/10\/31\/voce-sabe-o-que-significa-seguranca-juridica-na-pratica-para-seu-negocio\/\" \/>\n<meta property=\"og:site_name\" content=\"Guaresi &amp; Mill\u00e9o Advogados Associados | Escrit\u00f3rio de Advocacia em Conc\u00f3rdia-SC | 30 Anos de Experi\u00eancia\" \/>\n<meta property=\"article:publisher\" content=\"https:\/\/www.facebook.com\/GuaresiMilleoAdvogados\" \/>\n<meta property=\"article:published_time\" content=\"2022-10-31T16:30:31+00:00\" \/>\n<meta property=\"og:image\" content=\"https:\/\/www.gm.adv.br\/site\/wp-content\/uploads\/2022\/10\/advogados-trabalhando-com-seguranca-juridica-jpg.webp\" \/>\n\t<meta property=\"og:image:width\" content=\"800\" \/>\n\t<meta property=\"og:image:height\" content=\"800\" \/>\n\t<meta property=\"og:image:type\" content=\"image\/webp\" \/>\n<meta name=\"author\" content=\"admin\" \/>\n<meta name=\"twitter:card\" content=\"summary_large_image\" \/>\n<meta name=\"twitter:label1\" content=\"Escrito por\" \/>\n\t<meta name=\"twitter:data1\" content=\"admin\" \/>\n\t<meta name=\"twitter:label2\" content=\"Est. tempo de leitura\" \/>\n\t<meta name=\"twitter:data2\" content=\"6 minutos\" \/>\n<script type=\"application\/ld+json\" class=\"yoast-schema-graph\">{\"@context\":\"https:\\\/\\\/schema.org\",\"@graph\":[{\"@type\":\"Article\",\"@id\":\"https:\\\/\\\/www.gm.adv.br\\\/site\\\/2022\\\/10\\\/31\\\/voce-sabe-o-que-significa-seguranca-juridica-na-pratica-para-seu-negocio\\\/#article\",\"isPartOf\":{\"@id\":\"https:\\\/\\\/www.gm.adv.br\\\/site\\\/2022\\\/10\\\/31\\\/voce-sabe-o-que-significa-seguranca-juridica-na-pratica-para-seu-negocio\\\/\"},\"author\":{\"name\":\"admin\",\"@id\":\"https:\\\/\\\/www.gm.adv.br\\\/site\\\/#\\\/schema\\\/person\\\/7d633a2abab0d9b94253af6efc36428f\"},\"headline\":\"Voc\u00ea sabe o que significa &#8220;seguran\u00e7a jur\u00eddica&#8221; na pr\u00e1tica para seu neg\u00f3cio?\",\"datePublished\":\"2022-10-31T16:30:31+00:00\",\"mainEntityOfPage\":{\"@id\":\"https:\\\/\\\/www.gm.adv.br\\\/site\\\/2022\\\/10\\\/31\\\/voce-sabe-o-que-significa-seguranca-juridica-na-pratica-para-seu-negocio\\\/\"},\"wordCount\":1084,\"publisher\":{\"@id\":\"https:\\\/\\\/www.gm.adv.br\\\/site\\\/#organization\"},\"image\":{\"@id\":\"https:\\\/\\\/www.gm.adv.br\\\/site\\\/2022\\\/10\\\/31\\\/voce-sabe-o-que-significa-seguranca-juridica-na-pratica-para-seu-negocio\\\/#primaryimage\"},\"thumbnailUrl\":\"https:\\\/\\\/www.gm.adv.br\\\/site\\\/wp-content\\\/uploads\\\/2022\\\/10\\\/advogados-trabalhando-com-seguranca-juridica-jpg.webp\",\"articleSection\":[\"Direito Empresarial\"],\"inLanguage\":\"pt-BR\"},{\"@type\":\"WebPage\",\"@id\":\"https:\\\/\\\/www.gm.adv.br\\\/site\\\/2022\\\/10\\\/31\\\/voce-sabe-o-que-significa-seguranca-juridica-na-pratica-para-seu-negocio\\\/\",\"url\":\"https:\\\/\\\/www.gm.adv.br\\\/site\\\/2022\\\/10\\\/31\\\/voce-sabe-o-que-significa-seguranca-juridica-na-pratica-para-seu-negocio\\\/\",\"name\":\"Voc\u00ea sabe o que significa \\\"seguran\u00e7a jur\u00eddica\\\" na pr\u00e1tica?\",\"isPartOf\":{\"@id\":\"https:\\\/\\\/www.gm.adv.br\\\/site\\\/#website\"},\"primaryImageOfPage\":{\"@id\":\"https:\\\/\\\/www.gm.adv.br\\\/site\\\/2022\\\/10\\\/31\\\/voce-sabe-o-que-significa-seguranca-juridica-na-pratica-para-seu-negocio\\\/#primaryimage\"},\"image\":{\"@id\":\"https:\\\/\\\/www.gm.adv.br\\\/site\\\/2022\\\/10\\\/31\\\/voce-sabe-o-que-significa-seguranca-juridica-na-pratica-para-seu-negocio\\\/#primaryimage\"},\"thumbnailUrl\":\"https:\\\/\\\/www.gm.adv.br\\\/site\\\/wp-content\\\/uploads\\\/2022\\\/10\\\/advogados-trabalhando-com-seguranca-juridica-jpg.webp\",\"datePublished\":\"2022-10-31T16:30:31+00:00\",\"description\":\"A seguran\u00e7a jur\u00eddica \u00e9 a sustenta\u00e7\u00e3o da democracia. \u00c9 a maneira de proteger as rela\u00e7\u00f5es entre para que todas as regras sejam cumpridas\",\"breadcrumb\":{\"@id\":\"https:\\\/\\\/www.gm.adv.br\\\/site\\\/2022\\\/10\\\/31\\\/voce-sabe-o-que-significa-seguranca-juridica-na-pratica-para-seu-negocio\\\/#breadcrumb\"},\"inLanguage\":\"pt-BR\",\"potentialAction\":[{\"@type\":\"ReadAction\",\"target\":[\"https:\\\/\\\/www.gm.adv.br\\\/site\\\/2022\\\/10\\\/31\\\/voce-sabe-o-que-significa-seguranca-juridica-na-pratica-para-seu-negocio\\\/\"]}]},{\"@type\":\"ImageObject\",\"inLanguage\":\"pt-BR\",\"@id\":\"https:\\\/\\\/www.gm.adv.br\\\/site\\\/2022\\\/10\\\/31\\\/voce-sabe-o-que-significa-seguranca-juridica-na-pratica-para-seu-negocio\\\/#primaryimage\",\"url\":\"https:\\\/\\\/www.gm.adv.br\\\/site\\\/wp-content\\\/uploads\\\/2022\\\/10\\\/advogados-trabalhando-com-seguranca-juridica-jpg.webp\",\"contentUrl\":\"https:\\\/\\\/www.gm.adv.br\\\/site\\\/wp-content\\\/uploads\\\/2022\\\/10\\\/advogados-trabalhando-com-seguranca-juridica-jpg.webp\",\"width\":800,\"height\":800,\"caption\":\"Advogados trabalhando com seguran\u00e7a jur\u00eddica\"},{\"@type\":\"BreadcrumbList\",\"@id\":\"https:\\\/\\\/www.gm.adv.br\\\/site\\\/2022\\\/10\\\/31\\\/voce-sabe-o-que-significa-seguranca-juridica-na-pratica-para-seu-negocio\\\/#breadcrumb\",\"itemListElement\":[{\"@type\":\"ListItem\",\"position\":1,\"name\":\"In\u00edcio\",\"item\":\"https:\\\/\\\/www.gm.adv.br\\\/site\\\/\"},{\"@type\":\"ListItem\",\"position\":2,\"name\":\"Voc\u00ea sabe o que significa &#8220;seguran\u00e7a jur\u00eddica&#8221; na pr\u00e1tica para seu neg\u00f3cio?\"}]},{\"@type\":\"WebSite\",\"@id\":\"https:\\\/\\\/www.gm.adv.br\\\/site\\\/#website\",\"url\":\"https:\\\/\\\/www.gm.adv.br\\\/site\\\/\",\"name\":\"Guaresi & Mill\u00e9o Advogados Associados | Escrit\u00f3rio de Advocacia em Conc\u00f3rdia-SC | 30 Anos de Experi\u00eanci\",\"description\":\"Advocacia Direito Banc\u00e1rio, Tribut\u00e1rio, Trabalhista, C\u00edvil, P\u00fablica, Municipal, Advogados Associados Guaresi e Mill\u00e9o  |  Conc\u00f3rdia SC\",\"publisher\":{\"@id\":\"https:\\\/\\\/www.gm.adv.br\\\/site\\\/#organization\"},\"alternateName\":\"Guaresi e Mill\u00e9o Escrit\u00f3rio de Advocacia e Consultoria em Conc\u00f3rdia-SC\",\"potentialAction\":[{\"@type\":\"SearchAction\",\"target\":{\"@type\":\"EntryPoint\",\"urlTemplate\":\"https:\\\/\\\/www.gm.adv.br\\\/site\\\/?s={search_term_string}\"},\"query-input\":{\"@type\":\"PropertyValueSpecification\",\"valueRequired\":true,\"valueName\":\"search_term_string\"}}],\"inLanguage\":\"pt-BR\"},{\"@type\":\"Organization\",\"@id\":\"https:\\\/\\\/www.gm.adv.br\\\/site\\\/#organization\",\"name\":\"Guaresi & Milleo Advogados Associados em Conc\u00f3rdia SC\",\"alternateName\":\"Guaresi e Milleo Advocacia e Consultoria\",\"url\":\"https:\\\/\\\/www.gm.adv.br\\\/site\\\/\",\"logo\":{\"@type\":\"ImageObject\",\"inLanguage\":\"pt-BR\",\"@id\":\"https:\\\/\\\/www.gm.adv.br\\\/site\\\/#\\\/schema\\\/logo\\\/image\\\/\",\"url\":\"https:\\\/\\\/www.gm.adv.br\\\/site\\\/wp-content\\\/uploads\\\/2025\\\/07\\\/cropped-icone-512.webp\",\"contentUrl\":\"https:\\\/\\\/www.gm.adv.br\\\/site\\\/wp-content\\\/uploads\\\/2025\\\/07\\\/cropped-icone-512.webp\",\"width\":512,\"height\":512,\"caption\":\"Guaresi & Milleo Advogados Associados em Conc\u00f3rdia SC\"},\"image\":{\"@id\":\"https:\\\/\\\/www.gm.adv.br\\\/site\\\/#\\\/schema\\\/logo\\\/image\\\/\"},\"sameAs\":[\"https:\\\/\\\/www.facebook.com\\\/GuaresiMilleoAdvogados\",\"https:\\\/\\\/www.instagram.com\\\/guaresiemilleo\\\/\",\"https:\\\/\\\/br.linkedin.com\\\/company\\\/guaresimilleo\"]},{\"@type\":\"Person\",\"@id\":\"https:\\\/\\\/www.gm.adv.br\\\/site\\\/#\\\/schema\\\/person\\\/7d633a2abab0d9b94253af6efc36428f\",\"name\":\"admin\",\"image\":{\"@type\":\"ImageObject\",\"inLanguage\":\"pt-BR\",\"@id\":\"https:\\\/\\\/secure.gravatar.com\\\/avatar\\\/c8bb173d280f7d1e50b67bb649de269247430499695ba3ee451b6289436d1d39?s=96&d=mm&r=g\",\"url\":\"https:\\\/\\\/secure.gravatar.com\\\/avatar\\\/c8bb173d280f7d1e50b67bb649de269247430499695ba3ee451b6289436d1d39?s=96&d=mm&r=g\",\"contentUrl\":\"https:\\\/\\\/secure.gravatar.com\\\/avatar\\\/c8bb173d280f7d1e50b67bb649de269247430499695ba3ee451b6289436d1d39?s=96&d=mm&r=g\",\"caption\":\"admin\"},\"sameAs\":[\"https:\\\/\\\/www.gm.adv.br\\\/site\"],\"url\":\"https:\\\/\\\/www.gm.adv.br\\\/site\\\/author\\\/admin\\\/\"}]}<\/script>\n<!-- \/ Yoast SEO plugin. -->","yoast_head_json":{"title":"Voc\u00ea sabe o que significa \"seguran\u00e7a jur\u00eddica\" na pr\u00e1tica?","description":"A seguran\u00e7a jur\u00eddica \u00e9 a sustenta\u00e7\u00e3o da democracia. \u00c9 a maneira de proteger as rela\u00e7\u00f5es entre para que todas as regras sejam cumpridas","robots":{"index":"index","follow":"follow","max-snippet":"max-snippet:-1","max-image-preview":"max-image-preview:large","max-video-preview":"max-video-preview:-1"},"canonical":"https:\/\/www.gm.adv.br\/site\/2022\/10\/31\/voce-sabe-o-que-significa-seguranca-juridica-na-pratica-para-seu-negocio\/","og_locale":"pt_BR","og_type":"article","og_title":"Voc\u00ea sabe o que significa \"seguran\u00e7a jur\u00eddica\" na pr\u00e1tica?","og_description":"A seguran\u00e7a jur\u00eddica \u00e9 a sustenta\u00e7\u00e3o da democracia. \u00c9 a maneira de proteger as rela\u00e7\u00f5es entre para que todas as regras sejam cumpridas","og_url":"https:\/\/www.gm.adv.br\/site\/2022\/10\/31\/voce-sabe-o-que-significa-seguranca-juridica-na-pratica-para-seu-negocio\/","og_site_name":"Guaresi &amp; Mill\u00e9o Advogados Associados | Escrit\u00f3rio de Advocacia em Conc\u00f3rdia-SC | 30 Anos de Experi\u00eancia","article_publisher":"https:\/\/www.facebook.com\/GuaresiMilleoAdvogados","article_published_time":"2022-10-31T16:30:31+00:00","og_image":[{"width":800,"height":800,"url":"https:\/\/www.gm.adv.br\/site\/wp-content\/uploads\/2022\/10\/advogados-trabalhando-com-seguranca-juridica-jpg.webp","type":"image\/webp"}],"author":"admin","twitter_card":"summary_large_image","twitter_misc":{"Escrito por":"admin","Est. tempo de leitura":"6 minutos"},"schema":{"@context":"https:\/\/schema.org","@graph":[{"@type":"Article","@id":"https:\/\/www.gm.adv.br\/site\/2022\/10\/31\/voce-sabe-o-que-significa-seguranca-juridica-na-pratica-para-seu-negocio\/#article","isPartOf":{"@id":"https:\/\/www.gm.adv.br\/site\/2022\/10\/31\/voce-sabe-o-que-significa-seguranca-juridica-na-pratica-para-seu-negocio\/"},"author":{"name":"admin","@id":"https:\/\/www.gm.adv.br\/site\/#\/schema\/person\/7d633a2abab0d9b94253af6efc36428f"},"headline":"Voc\u00ea sabe o que significa &#8220;seguran\u00e7a jur\u00eddica&#8221; na pr\u00e1tica para seu neg\u00f3cio?","datePublished":"2022-10-31T16:30:31+00:00","mainEntityOfPage":{"@id":"https:\/\/www.gm.adv.br\/site\/2022\/10\/31\/voce-sabe-o-que-significa-seguranca-juridica-na-pratica-para-seu-negocio\/"},"wordCount":1084,"publisher":{"@id":"https:\/\/www.gm.adv.br\/site\/#organization"},"image":{"@id":"https:\/\/www.gm.adv.br\/site\/2022\/10\/31\/voce-sabe-o-que-significa-seguranca-juridica-na-pratica-para-seu-negocio\/#primaryimage"},"thumbnailUrl":"https:\/\/www.gm.adv.br\/site\/wp-content\/uploads\/2022\/10\/advogados-trabalhando-com-seguranca-juridica-jpg.webp","articleSection":["Direito Empresarial"],"inLanguage":"pt-BR"},{"@type":"WebPage","@id":"https:\/\/www.gm.adv.br\/site\/2022\/10\/31\/voce-sabe-o-que-significa-seguranca-juridica-na-pratica-para-seu-negocio\/","url":"https:\/\/www.gm.adv.br\/site\/2022\/10\/31\/voce-sabe-o-que-significa-seguranca-juridica-na-pratica-para-seu-negocio\/","name":"Voc\u00ea sabe o que significa \"seguran\u00e7a jur\u00eddica\" na pr\u00e1tica?","isPartOf":{"@id":"https:\/\/www.gm.adv.br\/site\/#website"},"primaryImageOfPage":{"@id":"https:\/\/www.gm.adv.br\/site\/2022\/10\/31\/voce-sabe-o-que-significa-seguranca-juridica-na-pratica-para-seu-negocio\/#primaryimage"},"image":{"@id":"https:\/\/www.gm.adv.br\/site\/2022\/10\/31\/voce-sabe-o-que-significa-seguranca-juridica-na-pratica-para-seu-negocio\/#primaryimage"},"thumbnailUrl":"https:\/\/www.gm.adv.br\/site\/wp-content\/uploads\/2022\/10\/advogados-trabalhando-com-seguranca-juridica-jpg.webp","datePublished":"2022-10-31T16:30:31+00:00","description":"A seguran\u00e7a jur\u00eddica \u00e9 a sustenta\u00e7\u00e3o da democracia. \u00c9 a maneira de proteger as rela\u00e7\u00f5es entre para que todas as regras sejam cumpridas","breadcrumb":{"@id":"https:\/\/www.gm.adv.br\/site\/2022\/10\/31\/voce-sabe-o-que-significa-seguranca-juridica-na-pratica-para-seu-negocio\/#breadcrumb"},"inLanguage":"pt-BR","potentialAction":[{"@type":"ReadAction","target":["https:\/\/www.gm.adv.br\/site\/2022\/10\/31\/voce-sabe-o-que-significa-seguranca-juridica-na-pratica-para-seu-negocio\/"]}]},{"@type":"ImageObject","inLanguage":"pt-BR","@id":"https:\/\/www.gm.adv.br\/site\/2022\/10\/31\/voce-sabe-o-que-significa-seguranca-juridica-na-pratica-para-seu-negocio\/#primaryimage","url":"https:\/\/www.gm.adv.br\/site\/wp-content\/uploads\/2022\/10\/advogados-trabalhando-com-seguranca-juridica-jpg.webp","contentUrl":"https:\/\/www.gm.adv.br\/site\/wp-content\/uploads\/2022\/10\/advogados-trabalhando-com-seguranca-juridica-jpg.webp","width":800,"height":800,"caption":"Advogados trabalhando com seguran\u00e7a jur\u00eddica"},{"@type":"BreadcrumbList","@id":"https:\/\/www.gm.adv.br\/site\/2022\/10\/31\/voce-sabe-o-que-significa-seguranca-juridica-na-pratica-para-seu-negocio\/#breadcrumb","itemListElement":[{"@type":"ListItem","position":1,"name":"In\u00edcio","item":"https:\/\/www.gm.adv.br\/site\/"},{"@type":"ListItem","position":2,"name":"Voc\u00ea sabe o que significa &#8220;seguran\u00e7a jur\u00eddica&#8221; na pr\u00e1tica para seu neg\u00f3cio?"}]},{"@type":"WebSite","@id":"https:\/\/www.gm.adv.br\/site\/#website","url":"https:\/\/www.gm.adv.br\/site\/","name":"Guaresi & Mill\u00e9o Advogados Associados | Escrit\u00f3rio de Advocacia em Conc\u00f3rdia-SC | 30 Anos de Experi\u00eanci","description":"Advocacia Direito Banc\u00e1rio, Tribut\u00e1rio, Trabalhista, C\u00edvil, P\u00fablica, Municipal, Advogados Associados Guaresi e Mill\u00e9o  |  Conc\u00f3rdia SC","publisher":{"@id":"https:\/\/www.gm.adv.br\/site\/#organization"},"alternateName":"Guaresi e Mill\u00e9o Escrit\u00f3rio de Advocacia e Consultoria em Conc\u00f3rdia-SC","potentialAction":[{"@type":"SearchAction","target":{"@type":"EntryPoint","urlTemplate":"https:\/\/www.gm.adv.br\/site\/?s={search_term_string}"},"query-input":{"@type":"PropertyValueSpecification","valueRequired":true,"valueName":"search_term_string"}}],"inLanguage":"pt-BR"},{"@type":"Organization","@id":"https:\/\/www.gm.adv.br\/site\/#organization","name":"Guaresi & Milleo Advogados Associados em Conc\u00f3rdia SC","alternateName":"Guaresi e Milleo Advocacia e Consultoria","url":"https:\/\/www.gm.adv.br\/site\/","logo":{"@type":"ImageObject","inLanguage":"pt-BR","@id":"https:\/\/www.gm.adv.br\/site\/#\/schema\/logo\/image\/","url":"https:\/\/www.gm.adv.br\/site\/wp-content\/uploads\/2025\/07\/cropped-icone-512.webp","contentUrl":"https:\/\/www.gm.adv.br\/site\/wp-content\/uploads\/2025\/07\/cropped-icone-512.webp","width":512,"height":512,"caption":"Guaresi & Milleo Advogados Associados em Conc\u00f3rdia SC"},"image":{"@id":"https:\/\/www.gm.adv.br\/site\/#\/schema\/logo\/image\/"},"sameAs":["https:\/\/www.facebook.com\/GuaresiMilleoAdvogados","https:\/\/www.instagram.com\/guaresiemilleo\/","https:\/\/br.linkedin.com\/company\/guaresimilleo"]},{"@type":"Person","@id":"https:\/\/www.gm.adv.br\/site\/#\/schema\/person\/7d633a2abab0d9b94253af6efc36428f","name":"admin","image":{"@type":"ImageObject","inLanguage":"pt-BR","@id":"https:\/\/secure.gravatar.com\/avatar\/c8bb173d280f7d1e50b67bb649de269247430499695ba3ee451b6289436d1d39?s=96&d=mm&r=g","url":"https:\/\/secure.gravatar.com\/avatar\/c8bb173d280f7d1e50b67bb649de269247430499695ba3ee451b6289436d1d39?s=96&d=mm&r=g","contentUrl":"https:\/\/secure.gravatar.com\/avatar\/c8bb173d280f7d1e50b67bb649de269247430499695ba3ee451b6289436d1d39?s=96&d=mm&r=g","caption":"admin"},"sameAs":["https:\/\/www.gm.adv.br\/site"],"url":"https:\/\/www.gm.adv.br\/site\/author\/admin\/"}]}},"_links":{"self":[{"href":"https:\/\/www.gm.adv.br\/site\/wp-json\/wp\/v2\/posts\/3799","targetHints":{"allow":["GET"]}}],"collection":[{"href":"https:\/\/www.gm.adv.br\/site\/wp-json\/wp\/v2\/posts"}],"about":[{"href":"https:\/\/www.gm.adv.br\/site\/wp-json\/wp\/v2\/types\/post"}],"author":[{"embeddable":true,"href":"https:\/\/www.gm.adv.br\/site\/wp-json\/wp\/v2\/users\/1"}],"replies":[{"embeddable":true,"href":"https:\/\/www.gm.adv.br\/site\/wp-json\/wp\/v2\/comments?post=3799"}],"version-history":[{"count":0,"href":"https:\/\/www.gm.adv.br\/site\/wp-json\/wp\/v2\/posts\/3799\/revisions"}],"wp:featuredmedia":[{"embeddable":true,"href":"https:\/\/www.gm.adv.br\/site\/wp-json\/wp\/v2\/media\/3800"}],"wp:attachment":[{"href":"https:\/\/www.gm.adv.br\/site\/wp-json\/wp\/v2\/media?parent=3799"}],"wp:term":[{"taxonomy":"category","embeddable":true,"href":"https:\/\/www.gm.adv.br\/site\/wp-json\/wp\/v2\/categories?post=3799"},{"taxonomy":"post_tag","embeddable":true,"href":"https:\/\/www.gm.adv.br\/site\/wp-json\/wp\/v2\/tags?post=3799"}],"curies":[{"name":"wp","href":"https:\/\/api.w.org\/{rel}","templated":true}]}}