{"id":3796,"date":"2022-10-28T14:20:13","date_gmt":"2022-10-28T17:20:13","guid":{"rendered":"https:\/\/gm.adv.br\/?p=3796"},"modified":"2022-10-28T14:20:13","modified_gmt":"2022-10-28T17:20:13","slug":"causa-trabalhista-5-questoes-que-sua-empresa-precisa-estar-em-dia","status":"publish","type":"post","link":"https:\/\/www.gm.adv.br\/site\/2022\/10\/28\/causa-trabalhista-5-questoes-que-sua-empresa-precisa-estar-em-dia\/","title":{"rendered":"Causa trabalhista &#8211;  5 quest\u00f5es que sua empresa precisa estar em dia"},"content":{"rendered":"<p><span style=\"font-weight: 400;\">Toda empresa que tem colaboradores, precisa estar por dentro das leis e fazer as contrata\u00e7\u00f5es de forma legal. Entenda as especificidades da causa trabalhista.<\/span><\/p>\n<p><!--more--><\/p>\n<p><span style=\"font-weight: 400;\">Todo empres\u00e1rio sabe que para o bom andamento dos seus neg\u00f3cios e tamb\u00e9m conquistar os objetivos desejados, manter uma equipe eficiente de colaboradores \u00e9 fundamental. Mas contratar um grupo de bons profissionais n\u00e3o \u00e9 tarefa f\u00e1cil, porque n\u00e3o depende s\u00f3 em encontrar e recrutar, mas tamb\u00e9m em reter estes talentos, al\u00e9m de estar dentro do que exige as leis trabalhistas.<\/span><\/p>\n<p><span style=\"font-weight: 400;\">\u00a0Todo mundo sabe que trabalhar com carteira assinada,\u00a0 \u00e9 ter direito\u00a0 a benef\u00edcios como f\u00e9rias, 13\u00ba e seguro desemprego em caso de demiss\u00e3o. Mas existem outros deveres dos empregadores que muitas vezes s\u00e3o desconhecidos pelos trabalhadores e pelos pr\u00f3prios empregadores.\u00a0 Tamb\u00e9m pela necessidade em se conhecer os direitos e deveres em rela\u00e7\u00e3o ao trabalho, \u00e9 de fundamental import\u00e2ncia que o empres\u00e1rio conhe\u00e7a as din\u00e2micas e tudo que envolve a causa trabalhista.<\/span><\/p>\n<p><span style=\"font-weight: 400;\">No caso de n\u00e3o haver cumprimento das normas estabelecidas pela Consolida\u00e7\u00e3o das Leis do Trabalho, CLT, a consequ\u00eancia s\u00e3o s\u00e9rios problemas para o seu neg\u00f3cio.<\/span><\/p>\n<p>&nbsp;<\/p>\n<h2><span style=\"font-weight: 400;\">Entenda melhor a CLT<\/span><\/h2>\n<p><span style=\"font-weight: 400;\">Para quem participou ou costuma realizar entrevistas de trabalho, deve saber o que \u00e9 CLT, porque \u00e9 uma sigla que aparece muito frequentemente nestes momentos.<\/span><\/p>\n<p><span style=\"font-weight: 400;\">\u00a0A CLT foi institu\u00edda atrav\u00e9s de decreto do presidente da Rep\u00fablica em 1\u00b0 de maio de 1943, por isso neste dia \u00e9 comemorado o Dia do Trabalho. \u00c9 mantido neste documento, a legisla\u00e7\u00e3o trabalhista existente no Brasil e tem o objetivo de regulamentar as quest\u00f5es pessoais e coletivas do trabalho. Aqui est\u00e3o contemplados as quest\u00f5es referentes aos deveres e direitos do empregado e do empregador.<\/span><\/p>\n<p><span style=\"font-weight: 400;\">No geral, os principais temas presentes na CLT s\u00e3o ligados a jornada de trabalho, f\u00e9rias, 13\u00b0 sal\u00e1rio, o registro em carteira, al\u00e9m do trabalho remoto, forma e trabalho bastante difundido depois da pandemia. O decreto tem as observa\u00e7\u00f5es referentes \u00e0s rela\u00e7\u00f5es abusivas de trabalho, garantido que os deveres e direitos do colaborador e do empregador sejam\u00a0 equilibrados.<\/span><\/p>\n<p><span style=\"font-weight: 400;\">\u00c9 atrav\u00e9s desta legisla\u00e7\u00e3o que os processos trabalhistas s\u00e3o pautados, garantindo maior rapidez na dissolu\u00e7\u00e3o dos processos, pelas instru\u00e7\u00f5es legais e bem espec\u00edficas que devem ser analisadas pelo judici\u00e1rio.<\/span><\/p>\n<p><span style=\"font-weight: 400;\">Como o documento \u00e9 bem robusto, n\u00e3o h\u00e1 como\u00a0 guardar tudo na mem\u00f3ria, mas o empres\u00e1rio precisa estar atento e em dia com seus colaboradores. A orienta\u00e7\u00e3o da <\/span><a href=\"https:\/\/gm.adv.br\/blog\/seu-negocio-conta-com-uma-assessoria-juridica-empresarial\/\" target=\"_blank\" rel=\"noopener\"><span style=\"font-weight: 400;\">assessoria jur\u00eddica<\/span><\/a><span style=\"font-weight: 400;\"> \u00e9 imprescind\u00edvel neste momento.<\/span><\/p>\n<p>&nbsp;<\/p>\n<h2><span style=\"font-weight: 400;\">Mudan\u00e7as da Reforma Trabalhista<\/span><\/h2>\n<p><span style=\"font-weight: 400;\">Desde 2017, est\u00e1 em vigor a Reforma Trabalhista. Esta atualiza\u00e7\u00e3o, no geral, tem o objetivo de promover a flexibiliza\u00e7\u00e3o nas rela\u00e7\u00f5es de trabalho entre empregado e empregador, regulando assim acordos individuais e coletivos.\u00a0 Desta forma, muitas a\u00e7\u00f5es judiciais foram evitadas, havendo negocia\u00e7\u00e3o diretamente entre a empresa e o trabalhador.<\/span><\/p>\n<p><span style=\"font-weight: 400;\">Alguns itens da CLT foram flexibilizados, como aviso pr\u00e9vio, banco de horas, rescis\u00e3o de contrato de trabalho e contribui\u00e7\u00f5es sindicais, abrindo oportunidade para negocia\u00e7\u00e3o direta.\u00a0<\/span><\/p>\n<p>&nbsp;<\/p>\n<h2><span style=\"font-weight: 400;\">5 quest\u00f5es da CLT que sua empresa precisa estar em dia<\/span><\/h2>\n<p><span style=\"font-weight: 400;\">Como j\u00e1 foi citado, a CLT \u00e9 um documento muito amplo e tem detalhado todas as obriga\u00e7\u00f5es e direitos do empregador e do empregado, mas existem alguns detalhes bem espec\u00edficos que todo empres\u00e1rio precisa conhecer e botar na sua rotina, para evitar problemas maiores.<\/span><\/p>\n<p><span style=\"font-weight: 400;\">Alguns destes detalhes que precisam ser observados com maior rigor, s\u00e3o:<\/span><\/p>\n<p>&nbsp;<\/p>\n<h3><span style=\"font-weight: 400;\">1 &#8211; Encargos sociais\u00a0<\/span><\/h3>\n<p><span style=\"font-weight: 400;\">Se a sua empresa estiver em dia com os encargos sociais, saiba que \u00e9 meio caminho andado para evitar a\u00e7\u00f5es\u00a0 e problemas com a Justi\u00e7a do Trabalho. Os encargos sociais, s\u00e3o <\/span><a href=\"https:\/\/gm.adv.br\/blog\/o-que-a-sua-empresa-ganha-com-um-planejamento-tributario-estrategico\/\" target=\"_blank\" rel=\"noopener\"><span style=\"font-weight: 400;\">tributos<\/span><\/a><span style=\"font-weight: 400;\"> que a empresa precisa recolher para o benef\u00edcio dos seus funcion\u00e1rios. Mesmo sendo bastante oneroso para os empres\u00e1rios, \u00e9 muito importante reconhecer que estes encargos s\u00e3o vitais para o funcion\u00e1rio, al\u00e9m de entender as implica\u00e7\u00f5es jur\u00eddicas que a empresa ter\u00e1 com o n\u00e3o cumprimento deles.\u00a0<\/span><br \/>\n<span style=\"font-weight: 400;\">Os principais encargos sociais s\u00e3o:<\/span><\/p>\n<p><span style=\"font-weight: 400;\">\u00a0\ud83d\udc49FGTS;<\/span><\/p>\n<p><span style=\"font-weight: 400;\">\ud83d\udc49Previd\u00eancia Social;<\/span><\/p>\n<p><span style=\"font-weight: 400;\">\ud83d\udc49Imposto de Renda<\/span><\/p>\n<p>&nbsp;<\/p>\n<p><span style=\"font-weight: 400;\">Encargos trabalhistas:<\/span><\/p>\n<p><span style=\"font-weight: 400;\">\ud83d\udc49F\u00e9rias e Adicionais;<\/span><\/p>\n<p><span style=\"font-weight: 400;\">\ud83d\udc4913\u00b0 sal\u00e1rio;<\/span><\/p>\n<p><span style=\"font-weight: 400;\">\ud83d\udc49Vale-transporte:<\/span><\/p>\n<p>&nbsp;<\/p>\n<h3><span style=\"font-weight: 400;\">2 &#8211; Respeito aos limites salariais<\/span><\/h3>\n<p><span style=\"font-weight: 400;\">Entendendo a complexidade das tarefas de cada colaborador dentro da sua empresa, \u00e9 fundamental estabelecer os requisitos m\u00ednimos para exercer a fun\u00e7\u00e3o, como forma\u00e7\u00e3o acad\u00eamica e experi\u00eancia no mercado de trabalho.\u00a0<\/span><\/p>\n<p><span style=\"font-weight: 400;\">Desta forma \u00e9 poss\u00edvel alcan\u00e7ar um equil\u00edbrio ao estabelecer a pol\u00edtica salarial em sua empresa. Mas sempre compare os cargos e fa\u00e7a uma an\u00e1lise das suas responsabilidades.<\/span><\/p>\n<p><span style=\"font-weight: 400;\">Com estas informa\u00e7\u00f5es, fica mais f\u00e1cil definir um sal\u00e1rio que corresponda \u00e0s fun\u00e7\u00f5es de cada um, conforme a posi\u00e7\u00e3o da empresa. Sempre respeitando a base salarial do mercado atual, estabelecendo uma remunera\u00e7\u00e3o justa, sem desmerecer o trabalho do seu colaborador, nem oferecendo o que n\u00e3o vai poder pagar.<\/span><\/p>\n<p>&nbsp;<\/p>\n<h3><span style=\"font-weight: 400;\">3 &#8211; Dura\u00e7\u00e3o dos contratos de trabalho<\/span><\/h3>\n<p><span style=\"font-weight: 400;\">Com o trabalho di\u00e1rio de um empres\u00e1rio, independente do tamanho da empresa, \u00e9 muito dif\u00edcil acompanhar ou dar a devida import\u00e2ncia aos contratos de trabalho dos seus colaboradores. Por isso, \u00e9 muito importante que haja um setor respons\u00e1vel por isso, como uma assessoria jur\u00eddica.<\/span><\/p>\n<p><span style=\"font-weight: 400;\">Dentro da CLT, seguindo o crit\u00e9rio de dura\u00e7\u00e3o temporal, h\u00e1 tr\u00eas tipos de contrato de trabalho, s\u00e3o eles:<\/span><\/p>\n<p><span style=\"font-weight: 400;\">\ud83d\udc49Contrato de Trabalho por tempo indeterminado: s\u00e3o aqueles que n\u00e3o tem um momento para o encerramento j\u00e1 preestabelecido;<\/span><\/p>\n<p><span style=\"font-weight: 400;\">\ud83d\udc49Contrato de trabalho a termo: \u00e9 a modalidade de contrato que j\u00e1 tem o objetivo de durar por tempo indefinido;<\/span><\/p>\n<p><span style=\"font-weight: 400;\">\ud83d\udc49Contrato de trabalho intermitente: este modelo foi institu\u00eddo pela Reforma Trabalhista de 2017. Nesta modalidade, a presta\u00e7\u00e3o de servi\u00e7o n\u00e3o \u00e9 cont\u00ednua, mas ocorre com altern\u00e2ncia de acordo com a necessidade da empresa. \u00c9 intercalado por tempo de trabalho e outro inativo.<\/span><\/p>\n<p>&nbsp;<\/p>\n<h3><span style=\"font-weight: 400;\">4 &#8211; Condi\u00e7\u00f5es para rescis\u00f5es<\/span><\/h3>\n<p><span style=\"font-weight: 400;\">O v\u00ednculo empregat\u00edcio\u00a0 \u00e9 algo bem comum no dia a dia de uma empresa, mas nem sempre os empres\u00e1rios est\u00e3o atentos \u00e0s burocracias que envolvem as rescis\u00f5es de trabalho.<\/span><\/p>\n<p><span style=\"font-weight: 400;\">Desta forma, tanto empresas quanto os funcion\u00e1rios precisam cumprir algumas obriga\u00e7\u00f5es legais que formalizam o fim do contrato de trabalho. J\u00e1 o empres\u00e1rio, ou o departamento respons\u00e1vel por fazer este trabalho, precisa estar atento para n\u00e3o descumprir regras e errar nos c\u00e1lculos da rescis\u00e3o do contrato. Um detalhe importante que abre precedente para uma a\u00e7\u00e3o trabalhista.<\/span><\/p>\n<p>&nbsp;<\/p>\n<h3><span style=\"font-weight: 400;\">5 &#8211; Garantias do trabalhador<\/span><\/h3>\n<p><span style=\"font-weight: 400;\">Como consta na CLT, o trabalhador tem direito a f\u00e9rias, 13\u00b0 sal\u00e1rio e abonos pecuni\u00e1rios.\u00a0<\/span><\/p>\n<p><span style=\"font-weight: 400;\">Chegando ao final do ano, as empresas sempre t\u00eam despesas maiores com o pagamento do 13\u00b0 sal\u00e1rio dos funcion\u00e1rios. Mesmo que a grande maioria, j\u00e1 acaba antecipando este pagamento, tamb\u00e9m previsto em lei, que pode ser feito em duas vezes. A metade no meio do ano e o restante no final.\u00a0<\/span><\/p>\n<p><span style=\"font-weight: 400;\">J\u00e1 nas f\u00e9rias, a negocia\u00e7\u00e3o muitas vezes ocorre diretamente com a empresa, atrav\u00e9s de f\u00e9rias coletivas que geralmente acontecem em per\u00edodo de menos trabalho entre o Natal e in\u00edcio do ano, ou quando o funcion\u00e1rio faz \u201canivers\u00e1rio\u201d de empresa.\u00a0<\/span><\/p>\n<p><span style=\"font-weight: 400;\">Tamb\u00e9m com as novas regras, n\u00e3o h\u00e1 necessidade do funcion\u00e1rio tirar 30 dias corridos, mas h\u00e1 possibilidade de dividir as f\u00e9rias em tr\u00eas per\u00edodos do ano, sempre que houver negocia\u00e7\u00e3o e acordo entre as partes.\u00a0<\/span><\/p>\n<p><span style=\"font-weight: 400;\">J\u00e1 o abono pecuni\u00e1rio \u00e9 um direito do colaborador. Isso acontece quando o funcion\u00e1rio vende suas f\u00e9rias, mais especificamente um ter\u00e7o delas, para receber uma quantia em dinheiro. Este abono s\u00f3 poder\u00e1 ser concedido ao funcion\u00e1rio que trabalhar mais de 25 horas por semana, com exce\u00e7\u00e3o para as funcion\u00e1rias dom\u00e9sticas que realizam suas atividades em mais de tr\u00eas dias por semana. Lembrando que no per\u00edodo de f\u00e9rias coletivas, este pedido individual n\u00e3o pode ser aceito.\u00a0<\/span><\/p>\n<p><span style=\"font-weight: 400;\">Enfim, \u00e9 sempre importante que desde o momento da contrata\u00e7\u00e3o dos funcion\u00e1rios para sua empresa, seja feito dentro\u00a0 da CLT, para evitar problemas, desgastes com a\u00e7\u00f5es judiciais, multas e preju\u00edzos financeiros para a empresa.<\/span><\/p>\n<p><span style=\"font-weight: 400;\">Gostou deste conte\u00fado? Continuem acompanhando <\/span><a href=\"https:\/\/gm.adv.br\/blog\/\" target=\"_blank\" rel=\"noopener\"><span style=\"font-weight: 400;\">nosso blog<\/span><\/a><span style=\"font-weight: 400;\"> e saiba mais.<\/span><\/p>\n<p>&nbsp;<\/p>\n<p><a href=\"https:\/\/materiais.gm.adv.br\/fale-com-a-guaresi-e-milleo\"><img loading=\"lazy\" decoding=\"async\" class=\"alignnone size-full wp-image-4246\" src=\"https:\/\/www.gm.adv.br\/site\/wp-content\/uploads\/2022\/05\/tem-interesse-em-conversar-com-um-de-nossos-advogados-especialistas-1.webp\" alt=\"\" width=\"750\" height=\"150\" \/><\/a><\/p>\n","protected":false},"excerpt":{"rendered":"<p>Toda empresa que tem colaboradores, precisa estar por dentro das leis e fazer as contrata\u00e7\u00f5es de forma legal. Entenda as especificidades da causa trabalhista.<\/p>\n","protected":false},"author":1,"featured_media":0,"comment_status":"closed","ping_status":"closed","sticky":false,"template":"","format":"standard","meta":{"footnotes":""},"categories":[68],"tags":[],"class_list":["post-3796","post","type-post","status-publish","format-standard","hentry","category-direito-do-trabalho"],"yoast_head":"<!-- This site is optimized with the Yoast SEO plugin v27.5 - https:\/\/yoast.com\/product\/yoast-seo-wordpress\/ -->\n<title>Causa trabalhista -5 quest\u00f5es que sua empresa precisa saber<\/title>\n<meta name=\"description\" content=\"Toda empresa que tem colaboradores, precisa estar por dentro das leis e fazer as contrata\u00e7\u00f5es de forma legal. Entenda a causa trabalhista\" \/>\n<meta name=\"robots\" content=\"index, follow, max-snippet:-1, max-image-preview:large, max-video-preview:-1\" \/>\n<link rel=\"canonical\" href=\"https:\/\/www.gm.adv.br\/site\/2022\/10\/28\/causa-trabalhista-5-questoes-que-sua-empresa-precisa-estar-em-dia\/\" \/>\n<meta property=\"og:locale\" content=\"pt_BR\" \/>\n<meta property=\"og:type\" content=\"article\" \/>\n<meta property=\"og:title\" content=\"Causa trabalhista -5 quest\u00f5es que sua empresa precisa saber\" \/>\n<meta property=\"og:description\" content=\"Toda empresa que tem colaboradores, precisa estar por dentro das leis e fazer as contrata\u00e7\u00f5es de forma legal. Entenda a causa trabalhista\" \/>\n<meta property=\"og:url\" content=\"https:\/\/www.gm.adv.br\/site\/2022\/10\/28\/causa-trabalhista-5-questoes-que-sua-empresa-precisa-estar-em-dia\/\" \/>\n<meta property=\"og:site_name\" content=\"Guaresi &amp; Mill\u00e9o Advogados Associados | Escrit\u00f3rio de Advocacia em Conc\u00f3rdia-SC | 30 Anos de Experi\u00eancia\" \/>\n<meta property=\"article:publisher\" content=\"https:\/\/www.facebook.com\/GuaresiMilleoAdvogados\" \/>\n<meta property=\"article:published_time\" content=\"2022-10-28T17:20:13+00:00\" \/>\n<meta property=\"og:image\" content=\"https:\/\/www.gm.adv.br\/site\/wp-content\/uploads\/2022\/05\/tem-interesse-em-conversar-com-um-de-nossos-advogados-especialistas-1.webp\" \/>\n\t<meta property=\"og:image:width\" content=\"750\" \/>\n\t<meta property=\"og:image:height\" content=\"150\" \/>\n\t<meta property=\"og:image:type\" content=\"image\/webp\" \/>\n<meta name=\"author\" content=\"admin\" \/>\n<meta name=\"twitter:card\" content=\"summary_large_image\" \/>\n<meta name=\"twitter:label1\" content=\"Escrito por\" \/>\n\t<meta name=\"twitter:data1\" content=\"admin\" \/>\n\t<meta name=\"twitter:label2\" content=\"Est. tempo de leitura\" \/>\n\t<meta name=\"twitter:data2\" content=\"8 minutos\" \/>\n<script type=\"application\/ld+json\" class=\"yoast-schema-graph\">{\"@context\":\"https:\\\/\\\/schema.org\",\"@graph\":[{\"@type\":\"Article\",\"@id\":\"https:\\\/\\\/www.gm.adv.br\\\/site\\\/2022\\\/10\\\/28\\\/causa-trabalhista-5-questoes-que-sua-empresa-precisa-estar-em-dia\\\/#article\",\"isPartOf\":{\"@id\":\"https:\\\/\\\/www.gm.adv.br\\\/site\\\/2022\\\/10\\\/28\\\/causa-trabalhista-5-questoes-que-sua-empresa-precisa-estar-em-dia\\\/\"},\"author\":{\"name\":\"admin\",\"@id\":\"https:\\\/\\\/www.gm.adv.br\\\/site\\\/#\\\/schema\\\/person\\\/7d633a2abab0d9b94253af6efc36428f\"},\"headline\":\"Causa trabalhista &#8211; 5 quest\u00f5es que sua empresa precisa estar em dia\",\"datePublished\":\"2022-10-28T17:20:13+00:00\",\"mainEntityOfPage\":{\"@id\":\"https:\\\/\\\/www.gm.adv.br\\\/site\\\/2022\\\/10\\\/28\\\/causa-trabalhista-5-questoes-que-sua-empresa-precisa-estar-em-dia\\\/\"},\"wordCount\":1408,\"publisher\":{\"@id\":\"https:\\\/\\\/www.gm.adv.br\\\/site\\\/#organization\"},\"image\":{\"@id\":\"https:\\\/\\\/www.gm.adv.br\\\/site\\\/2022\\\/10\\\/28\\\/causa-trabalhista-5-questoes-que-sua-empresa-precisa-estar-em-dia\\\/#primaryimage\"},\"thumbnailUrl\":\"https:\\\/\\\/www.gm.adv.br\\\/site\\\/wp-content\\\/uploads\\\/2022\\\/05\\\/tem-interesse-em-conversar-com-um-de-nossos-advogados-especialistas-1.webp\",\"articleSection\":[\"Direito do Trabalho\"],\"inLanguage\":\"pt-BR\"},{\"@type\":\"WebPage\",\"@id\":\"https:\\\/\\\/www.gm.adv.br\\\/site\\\/2022\\\/10\\\/28\\\/causa-trabalhista-5-questoes-que-sua-empresa-precisa-estar-em-dia\\\/\",\"url\":\"https:\\\/\\\/www.gm.adv.br\\\/site\\\/2022\\\/10\\\/28\\\/causa-trabalhista-5-questoes-que-sua-empresa-precisa-estar-em-dia\\\/\",\"name\":\"Causa trabalhista -5 quest\u00f5es que sua empresa precisa saber\",\"isPartOf\":{\"@id\":\"https:\\\/\\\/www.gm.adv.br\\\/site\\\/#website\"},\"primaryImageOfPage\":{\"@id\":\"https:\\\/\\\/www.gm.adv.br\\\/site\\\/2022\\\/10\\\/28\\\/causa-trabalhista-5-questoes-que-sua-empresa-precisa-estar-em-dia\\\/#primaryimage\"},\"image\":{\"@id\":\"https:\\\/\\\/www.gm.adv.br\\\/site\\\/2022\\\/10\\\/28\\\/causa-trabalhista-5-questoes-que-sua-empresa-precisa-estar-em-dia\\\/#primaryimage\"},\"thumbnailUrl\":\"https:\\\/\\\/www.gm.adv.br\\\/site\\\/wp-content\\\/uploads\\\/2022\\\/05\\\/tem-interesse-em-conversar-com-um-de-nossos-advogados-especialistas-1.webp\",\"datePublished\":\"2022-10-28T17:20:13+00:00\",\"description\":\"Toda empresa que tem colaboradores, precisa estar por dentro das leis e fazer as contrata\u00e7\u00f5es de forma legal. Entenda a causa trabalhista\",\"breadcrumb\":{\"@id\":\"https:\\\/\\\/www.gm.adv.br\\\/site\\\/2022\\\/10\\\/28\\\/causa-trabalhista-5-questoes-que-sua-empresa-precisa-estar-em-dia\\\/#breadcrumb\"},\"inLanguage\":\"pt-BR\",\"potentialAction\":[{\"@type\":\"ReadAction\",\"target\":[\"https:\\\/\\\/www.gm.adv.br\\\/site\\\/2022\\\/10\\\/28\\\/causa-trabalhista-5-questoes-que-sua-empresa-precisa-estar-em-dia\\\/\"]}]},{\"@type\":\"ImageObject\",\"inLanguage\":\"pt-BR\",\"@id\":\"https:\\\/\\\/www.gm.adv.br\\\/site\\\/2022\\\/10\\\/28\\\/causa-trabalhista-5-questoes-que-sua-empresa-precisa-estar-em-dia\\\/#primaryimage\",\"url\":\"https:\\\/\\\/www.gm.adv.br\\\/site\\\/wp-content\\\/uploads\\\/2022\\\/05\\\/tem-interesse-em-conversar-com-um-de-nossos-advogados-especialistas-1.webp\",\"contentUrl\":\"https:\\\/\\\/www.gm.adv.br\\\/site\\\/wp-content\\\/uploads\\\/2022\\\/05\\\/tem-interesse-em-conversar-com-um-de-nossos-advogados-especialistas-1.webp\",\"width\":750,\"height\":150,\"caption\":\"escrit\u00f3rio de advocacia banner entre em contato\"},{\"@type\":\"BreadcrumbList\",\"@id\":\"https:\\\/\\\/www.gm.adv.br\\\/site\\\/2022\\\/10\\\/28\\\/causa-trabalhista-5-questoes-que-sua-empresa-precisa-estar-em-dia\\\/#breadcrumb\",\"itemListElement\":[{\"@type\":\"ListItem\",\"position\":1,\"name\":\"In\u00edcio\",\"item\":\"https:\\\/\\\/www.gm.adv.br\\\/site\\\/\"},{\"@type\":\"ListItem\",\"position\":2,\"name\":\"Causa trabalhista &#8211; 5 quest\u00f5es que sua empresa precisa estar em dia\"}]},{\"@type\":\"WebSite\",\"@id\":\"https:\\\/\\\/www.gm.adv.br\\\/site\\\/#website\",\"url\":\"https:\\\/\\\/www.gm.adv.br\\\/site\\\/\",\"name\":\"Guaresi & Mill\u00e9o Advogados Associados | Escrit\u00f3rio de Advocacia em Conc\u00f3rdia-SC | 30 Anos de Experi\u00eanci\",\"description\":\"Advocacia Direito Banc\u00e1rio, Tribut\u00e1rio, Trabalhista, C\u00edvil, P\u00fablica, Municipal, Advogados Associados Guaresi e Mill\u00e9o  |  Conc\u00f3rdia SC\",\"publisher\":{\"@id\":\"https:\\\/\\\/www.gm.adv.br\\\/site\\\/#organization\"},\"alternateName\":\"Guaresi e Mill\u00e9o Escrit\u00f3rio de Advocacia e Consultoria em Conc\u00f3rdia-SC\",\"potentialAction\":[{\"@type\":\"SearchAction\",\"target\":{\"@type\":\"EntryPoint\",\"urlTemplate\":\"https:\\\/\\\/www.gm.adv.br\\\/site\\\/?s={search_term_string}\"},\"query-input\":{\"@type\":\"PropertyValueSpecification\",\"valueRequired\":true,\"valueName\":\"search_term_string\"}}],\"inLanguage\":\"pt-BR\"},{\"@type\":\"Organization\",\"@id\":\"https:\\\/\\\/www.gm.adv.br\\\/site\\\/#organization\",\"name\":\"Guaresi & Milleo Advogados Associados em Conc\u00f3rdia SC\",\"alternateName\":\"Guaresi e Milleo Advocacia e Consultoria\",\"url\":\"https:\\\/\\\/www.gm.adv.br\\\/site\\\/\",\"logo\":{\"@type\":\"ImageObject\",\"inLanguage\":\"pt-BR\",\"@id\":\"https:\\\/\\\/www.gm.adv.br\\\/site\\\/#\\\/schema\\\/logo\\\/image\\\/\",\"url\":\"https:\\\/\\\/www.gm.adv.br\\\/site\\\/wp-content\\\/uploads\\\/2025\\\/07\\\/cropped-icone-512.webp\",\"contentUrl\":\"https:\\\/\\\/www.gm.adv.br\\\/site\\\/wp-content\\\/uploads\\\/2025\\\/07\\\/cropped-icone-512.webp\",\"width\":512,\"height\":512,\"caption\":\"Guaresi & Milleo Advogados Associados em Conc\u00f3rdia SC\"},\"image\":{\"@id\":\"https:\\\/\\\/www.gm.adv.br\\\/site\\\/#\\\/schema\\\/logo\\\/image\\\/\"},\"sameAs\":[\"https:\\\/\\\/www.facebook.com\\\/GuaresiMilleoAdvogados\",\"https:\\\/\\\/www.instagram.com\\\/guaresiemilleo\\\/\",\"https:\\\/\\\/br.linkedin.com\\\/company\\\/guaresimilleo\"]},{\"@type\":\"Person\",\"@id\":\"https:\\\/\\\/www.gm.adv.br\\\/site\\\/#\\\/schema\\\/person\\\/7d633a2abab0d9b94253af6efc36428f\",\"name\":\"admin\",\"image\":{\"@type\":\"ImageObject\",\"inLanguage\":\"pt-BR\",\"@id\":\"https:\\\/\\\/secure.gravatar.com\\\/avatar\\\/c8bb173d280f7d1e50b67bb649de269247430499695ba3ee451b6289436d1d39?s=96&d=mm&r=g\",\"url\":\"https:\\\/\\\/secure.gravatar.com\\\/avatar\\\/c8bb173d280f7d1e50b67bb649de269247430499695ba3ee451b6289436d1d39?s=96&d=mm&r=g\",\"contentUrl\":\"https:\\\/\\\/secure.gravatar.com\\\/avatar\\\/c8bb173d280f7d1e50b67bb649de269247430499695ba3ee451b6289436d1d39?s=96&d=mm&r=g\",\"caption\":\"admin\"},\"sameAs\":[\"https:\\\/\\\/www.gm.adv.br\\\/site\"],\"url\":\"https:\\\/\\\/www.gm.adv.br\\\/site\\\/author\\\/admin\\\/\"}]}<\/script>\n<!-- \/ Yoast SEO plugin. -->","yoast_head_json":{"title":"Causa trabalhista -5 quest\u00f5es que sua empresa precisa saber","description":"Toda empresa que tem colaboradores, precisa estar por dentro das leis e fazer as contrata\u00e7\u00f5es de forma legal. Entenda a causa trabalhista","robots":{"index":"index","follow":"follow","max-snippet":"max-snippet:-1","max-image-preview":"max-image-preview:large","max-video-preview":"max-video-preview:-1"},"canonical":"https:\/\/www.gm.adv.br\/site\/2022\/10\/28\/causa-trabalhista-5-questoes-que-sua-empresa-precisa-estar-em-dia\/","og_locale":"pt_BR","og_type":"article","og_title":"Causa trabalhista -5 quest\u00f5es que sua empresa precisa saber","og_description":"Toda empresa que tem colaboradores, precisa estar por dentro das leis e fazer as contrata\u00e7\u00f5es de forma legal. Entenda a causa trabalhista","og_url":"https:\/\/www.gm.adv.br\/site\/2022\/10\/28\/causa-trabalhista-5-questoes-que-sua-empresa-precisa-estar-em-dia\/","og_site_name":"Guaresi &amp; Mill\u00e9o Advogados Associados | Escrit\u00f3rio de Advocacia em Conc\u00f3rdia-SC | 30 Anos de Experi\u00eancia","article_publisher":"https:\/\/www.facebook.com\/GuaresiMilleoAdvogados","article_published_time":"2022-10-28T17:20:13+00:00","og_image":[{"width":750,"height":150,"url":"https:\/\/www.gm.adv.br\/site\/wp-content\/uploads\/2022\/05\/tem-interesse-em-conversar-com-um-de-nossos-advogados-especialistas-1.webp","type":"image\/webp"}],"author":"admin","twitter_card":"summary_large_image","twitter_misc":{"Escrito por":"admin","Est. tempo de leitura":"8 minutos"},"schema":{"@context":"https:\/\/schema.org","@graph":[{"@type":"Article","@id":"https:\/\/www.gm.adv.br\/site\/2022\/10\/28\/causa-trabalhista-5-questoes-que-sua-empresa-precisa-estar-em-dia\/#article","isPartOf":{"@id":"https:\/\/www.gm.adv.br\/site\/2022\/10\/28\/causa-trabalhista-5-questoes-que-sua-empresa-precisa-estar-em-dia\/"},"author":{"name":"admin","@id":"https:\/\/www.gm.adv.br\/site\/#\/schema\/person\/7d633a2abab0d9b94253af6efc36428f"},"headline":"Causa trabalhista &#8211; 5 quest\u00f5es que sua empresa precisa estar em dia","datePublished":"2022-10-28T17:20:13+00:00","mainEntityOfPage":{"@id":"https:\/\/www.gm.adv.br\/site\/2022\/10\/28\/causa-trabalhista-5-questoes-que-sua-empresa-precisa-estar-em-dia\/"},"wordCount":1408,"publisher":{"@id":"https:\/\/www.gm.adv.br\/site\/#organization"},"image":{"@id":"https:\/\/www.gm.adv.br\/site\/2022\/10\/28\/causa-trabalhista-5-questoes-que-sua-empresa-precisa-estar-em-dia\/#primaryimage"},"thumbnailUrl":"https:\/\/www.gm.adv.br\/site\/wp-content\/uploads\/2022\/05\/tem-interesse-em-conversar-com-um-de-nossos-advogados-especialistas-1.webp","articleSection":["Direito do Trabalho"],"inLanguage":"pt-BR"},{"@type":"WebPage","@id":"https:\/\/www.gm.adv.br\/site\/2022\/10\/28\/causa-trabalhista-5-questoes-que-sua-empresa-precisa-estar-em-dia\/","url":"https:\/\/www.gm.adv.br\/site\/2022\/10\/28\/causa-trabalhista-5-questoes-que-sua-empresa-precisa-estar-em-dia\/","name":"Causa trabalhista -5 quest\u00f5es que sua empresa precisa saber","isPartOf":{"@id":"https:\/\/www.gm.adv.br\/site\/#website"},"primaryImageOfPage":{"@id":"https:\/\/www.gm.adv.br\/site\/2022\/10\/28\/causa-trabalhista-5-questoes-que-sua-empresa-precisa-estar-em-dia\/#primaryimage"},"image":{"@id":"https:\/\/www.gm.adv.br\/site\/2022\/10\/28\/causa-trabalhista-5-questoes-que-sua-empresa-precisa-estar-em-dia\/#primaryimage"},"thumbnailUrl":"https:\/\/www.gm.adv.br\/site\/wp-content\/uploads\/2022\/05\/tem-interesse-em-conversar-com-um-de-nossos-advogados-especialistas-1.webp","datePublished":"2022-10-28T17:20:13+00:00","description":"Toda empresa que tem colaboradores, precisa estar por dentro das leis e fazer as contrata\u00e7\u00f5es de forma legal. Entenda a causa trabalhista","breadcrumb":{"@id":"https:\/\/www.gm.adv.br\/site\/2022\/10\/28\/causa-trabalhista-5-questoes-que-sua-empresa-precisa-estar-em-dia\/#breadcrumb"},"inLanguage":"pt-BR","potentialAction":[{"@type":"ReadAction","target":["https:\/\/www.gm.adv.br\/site\/2022\/10\/28\/causa-trabalhista-5-questoes-que-sua-empresa-precisa-estar-em-dia\/"]}]},{"@type":"ImageObject","inLanguage":"pt-BR","@id":"https:\/\/www.gm.adv.br\/site\/2022\/10\/28\/causa-trabalhista-5-questoes-que-sua-empresa-precisa-estar-em-dia\/#primaryimage","url":"https:\/\/www.gm.adv.br\/site\/wp-content\/uploads\/2022\/05\/tem-interesse-em-conversar-com-um-de-nossos-advogados-especialistas-1.webp","contentUrl":"https:\/\/www.gm.adv.br\/site\/wp-content\/uploads\/2022\/05\/tem-interesse-em-conversar-com-um-de-nossos-advogados-especialistas-1.webp","width":750,"height":150,"caption":"escrit\u00f3rio de advocacia banner entre em contato"},{"@type":"BreadcrumbList","@id":"https:\/\/www.gm.adv.br\/site\/2022\/10\/28\/causa-trabalhista-5-questoes-que-sua-empresa-precisa-estar-em-dia\/#breadcrumb","itemListElement":[{"@type":"ListItem","position":1,"name":"In\u00edcio","item":"https:\/\/www.gm.adv.br\/site\/"},{"@type":"ListItem","position":2,"name":"Causa trabalhista &#8211; 5 quest\u00f5es que sua empresa precisa estar em dia"}]},{"@type":"WebSite","@id":"https:\/\/www.gm.adv.br\/site\/#website","url":"https:\/\/www.gm.adv.br\/site\/","name":"Guaresi & Mill\u00e9o Advogados Associados | Escrit\u00f3rio de Advocacia em Conc\u00f3rdia-SC | 30 Anos de Experi\u00eanci","description":"Advocacia Direito Banc\u00e1rio, Tribut\u00e1rio, Trabalhista, C\u00edvil, P\u00fablica, Municipal, Advogados Associados Guaresi e Mill\u00e9o  |  Conc\u00f3rdia SC","publisher":{"@id":"https:\/\/www.gm.adv.br\/site\/#organization"},"alternateName":"Guaresi e Mill\u00e9o Escrit\u00f3rio de Advocacia e Consultoria em Conc\u00f3rdia-SC","potentialAction":[{"@type":"SearchAction","target":{"@type":"EntryPoint","urlTemplate":"https:\/\/www.gm.adv.br\/site\/?s={search_term_string}"},"query-input":{"@type":"PropertyValueSpecification","valueRequired":true,"valueName":"search_term_string"}}],"inLanguage":"pt-BR"},{"@type":"Organization","@id":"https:\/\/www.gm.adv.br\/site\/#organization","name":"Guaresi & Milleo Advogados Associados em Conc\u00f3rdia SC","alternateName":"Guaresi e Milleo Advocacia e Consultoria","url":"https:\/\/www.gm.adv.br\/site\/","logo":{"@type":"ImageObject","inLanguage":"pt-BR","@id":"https:\/\/www.gm.adv.br\/site\/#\/schema\/logo\/image\/","url":"https:\/\/www.gm.adv.br\/site\/wp-content\/uploads\/2025\/07\/cropped-icone-512.webp","contentUrl":"https:\/\/www.gm.adv.br\/site\/wp-content\/uploads\/2025\/07\/cropped-icone-512.webp","width":512,"height":512,"caption":"Guaresi & Milleo Advogados Associados em Conc\u00f3rdia SC"},"image":{"@id":"https:\/\/www.gm.adv.br\/site\/#\/schema\/logo\/image\/"},"sameAs":["https:\/\/www.facebook.com\/GuaresiMilleoAdvogados","https:\/\/www.instagram.com\/guaresiemilleo\/","https:\/\/br.linkedin.com\/company\/guaresimilleo"]},{"@type":"Person","@id":"https:\/\/www.gm.adv.br\/site\/#\/schema\/person\/7d633a2abab0d9b94253af6efc36428f","name":"admin","image":{"@type":"ImageObject","inLanguage":"pt-BR","@id":"https:\/\/secure.gravatar.com\/avatar\/c8bb173d280f7d1e50b67bb649de269247430499695ba3ee451b6289436d1d39?s=96&d=mm&r=g","url":"https:\/\/secure.gravatar.com\/avatar\/c8bb173d280f7d1e50b67bb649de269247430499695ba3ee451b6289436d1d39?s=96&d=mm&r=g","contentUrl":"https:\/\/secure.gravatar.com\/avatar\/c8bb173d280f7d1e50b67bb649de269247430499695ba3ee451b6289436d1d39?s=96&d=mm&r=g","caption":"admin"},"sameAs":["https:\/\/www.gm.adv.br\/site"],"url":"https:\/\/www.gm.adv.br\/site\/author\/admin\/"}]}},"_links":{"self":[{"href":"https:\/\/www.gm.adv.br\/site\/wp-json\/wp\/v2\/posts\/3796","targetHints":{"allow":["GET"]}}],"collection":[{"href":"https:\/\/www.gm.adv.br\/site\/wp-json\/wp\/v2\/posts"}],"about":[{"href":"https:\/\/www.gm.adv.br\/site\/wp-json\/wp\/v2\/types\/post"}],"author":[{"embeddable":true,"href":"https:\/\/www.gm.adv.br\/site\/wp-json\/wp\/v2\/users\/1"}],"replies":[{"embeddable":true,"href":"https:\/\/www.gm.adv.br\/site\/wp-json\/wp\/v2\/comments?post=3796"}],"version-history":[{"count":0,"href":"https:\/\/www.gm.adv.br\/site\/wp-json\/wp\/v2\/posts\/3796\/revisions"}],"wp:attachment":[{"href":"https:\/\/www.gm.adv.br\/site\/wp-json\/wp\/v2\/media?parent=3796"}],"wp:term":[{"taxonomy":"category","embeddable":true,"href":"https:\/\/www.gm.adv.br\/site\/wp-json\/wp\/v2\/categories?post=3796"},{"taxonomy":"post_tag","embeddable":true,"href":"https:\/\/www.gm.adv.br\/site\/wp-json\/wp\/v2\/tags?post=3796"}],"curies":[{"name":"wp","href":"https:\/\/api.w.org\/{rel}","templated":true}]}}