{"id":3778,"date":"2022-10-13T09:07:41","date_gmt":"2022-10-13T12:07:41","guid":{"rendered":"https:\/\/gm.adv.br\/?p=3778"},"modified":"2022-10-13T09:07:41","modified_gmt":"2022-10-13T12:07:41","slug":"o-que-a-sua-empresa-ganha-com-um-planejamento-tributario-estrategico","status":"publish","type":"post","link":"https:\/\/www.gm.adv.br\/site\/2022\/10\/13\/o-que-a-sua-empresa-ganha-com-um-planejamento-tributario-estrategico\/","title":{"rendered":"O que a sua empresa ganha com um planejamento tribut\u00e1rio estrat\u00e9gico!"},"content":{"rendered":"<p><span style=\"font-weight: 400;\">Diante do alto custo operacional suportado pelas empresas, se torna imprescind\u00edvel o planejamento tribut\u00e1rio estrat\u00e9gico. Entenda como funciona:<\/span><\/p>\n<p><!--more--><\/p>\n<p><span style=\"font-weight: 400;\">A carga tribut\u00e1ria \u00e9 um valor que incide sobre os neg\u00f3cios de uma empresa e que por isso, merece um cuidado especial dos gestores. Mesmo com todo o alerta de cuidado dentro do mercado, este \u00e9 um tema que ainda passa despercebido dentro da gest\u00e3o financeira de uma empresa e isso pode causar impactos negativos no crescimento empresarial.\u00a0 Sendo assim, dentro deste contexto, o planejamento tribut\u00e1rio estrat\u00e9gico \u00e9 o melhor caminho para n\u00e3o ter surpresas negativas no final do m\u00eas.<\/span><\/p>\n<p><span style=\"font-weight: 400;\">A quest\u00e3o toda \u00e9 definir de que forma realizar este planejamento e o que considerar na hora de elaborar o documento.<\/span><\/p>\n<p>&nbsp;<\/p>\n<h2><span style=\"font-weight: 400;\">O que \u00e9 planejamento estrat\u00e9gico tribut\u00e1rio?<\/span><\/h2>\n<p><span style=\"font-weight: 400;\">O planejamento estrat\u00e9gico tribut\u00e1rio \u00e9 formulado de acordo com a estrutura de cada empresa, levando em considera\u00e7\u00e3o o formato e a \u00e1rea de atua\u00e7\u00e3o do neg\u00f3cio, os custos dos insumos e a estrat\u00e9gia de log\u00edstica. \u00c9 uma ferramenta de gest\u00e3o financeira que ajuda a planejar o pagamento dos tributos, e reduzir de forma legal o valor da carga tribut\u00e1ria.<\/span><\/p>\n<p><span style=\"font-weight: 400;\">No planejamento estrat\u00e9gico tribut\u00e1rio, s\u00e3o definidos os caminhos a seguir, sempre pensando nos benef\u00edcios a longo prazo da sua empresa. Desta forma, o objetivo principal \u00e9 projetar o neg\u00f3cio para o futuro, contribuindo para a defini\u00e7\u00e3o de valor, miss\u00e3o e vis\u00e3o da empresa.<\/span><\/p>\n<p><span style=\"font-weight: 400;\">Durante o planejamento, \u00e9 definido o tipo de regime tribut\u00e1rio que ser\u00e1 mais adequado para o enquadramento da empresa. Dentro deste contexto \u00e9 preciso que seja feita a avalia\u00e7\u00e3o de algumas quest\u00f5es internas, como localiza\u00e7\u00e3o, capital dispon\u00edvel e ramo do neg\u00f3cio.<\/span><\/p>\n<p><span style=\"font-weight: 400;\">Durante a elabora\u00e7\u00e3o do Planejamento, deve-se definir algumas quest\u00f5es fundamentais, como onde a empresa est\u00e1 e onde quer chegar, quais s\u00e3o os valores que o neg\u00f3cio defende e qual \u00e9 a visibilidade que a empresa busca. Desta forma ir\u00e1 conseguir adotar m\u00e9todos estrat\u00e9gicos para implementar as mudan\u00e7as necess\u00e1rias para atingir seus objetivos.<\/span><\/p>\n<p><span style=\"font-weight: 400;\">Resumindo, o planejamento estrat\u00e9gico tribut\u00e1rio \u00e9 uma forma de gerir o pagamento dos custos com impostos das empresas, sempre buscando formas de reduzir seus gastos, de forma transparente e legal.<\/span><\/p>\n<p>&nbsp;<\/p>\n<h2><span style=\"font-weight: 400;\">Import\u00e2ncia do planejamento estrat\u00e9gico tribut\u00e1rio\u00a0<\/span><\/h2>\n<p><span style=\"font-weight: 400;\">O processo de planejamento estrat\u00e9gico tribut\u00e1rio, deve ser muito bem analisado e avaliado pelos gestores da empresa, a partir da defini\u00e7\u00e3o de metas a serem alcan\u00e7adas.\u00a0\u00a0<\/span><\/p>\n<p><span style=\"font-weight: 400;\">Como o cen\u00e1rio do mercado de neg\u00f3cios est\u00e1 cada vez mais competitivo, n\u00e3o h\u00e1 espa\u00e7o para empresas que n\u00e3o tenham um planejamento bem elaborado, com uma estrutura que se sustente. O neg\u00f3cio, independente da \u00e1rea de atua\u00e7\u00e3o, que tenha em mente que qualquer caminho serve, que n\u00e3o tenha disciplina na sua conduta, com certeza ter\u00e1 grandes <\/span><a href=\"https:\/\/gm.adv.br\/portabilidade-da-divida-bancaria\/\" target=\"_blank\" rel=\"noopener\"><span style=\"font-weight: 400;\">problemas financeiros.\u00a0<\/span><\/a><\/p>\n<p><span style=\"font-weight: 400;\">Desta forma, o planejamento estrat\u00e9gico \u00e9 uma metodologia para alcan\u00e7ar o objetivo tra\u00e7ado anteriormente, sempre atrav\u00e9s de decis\u00f5es e a\u00e7\u00f5es tomadas em conjunto pelos gestores.\u00a0<\/span><\/p>\n<p><span style=\"font-weight: 400;\">Primeiro \u00e9 preciso entender qual a posi\u00e7\u00e3o da empresa no mercado e qual\u00a0 a meta que pretende alcan\u00e7ar, em que determinado per\u00edodo de tempo e de que forma pretende\u00a0 chegar l\u00e1. Olhando do ponto de vista do mercado atual, bastante competitivo, com elevados custos de opera\u00e7\u00e3o, al\u00e9m da enorme carga tribut\u00e1ria, a situa\u00e7\u00e3o se mostra bastante complexa.<\/span><\/p>\n<p><span style=\"font-weight: 400;\">Por isso \u00e9 t\u00e3o importante seguir o Planejamento Estrat\u00e9gico, isso resulta em sucesso, crescimento e continuidade dos neg\u00f3cios.\u00a0<\/span><\/p>\n<p>&nbsp;<\/p>\n<h2><span style=\"font-weight: 400;\">Quem pode fazer um planejamento adequado?<\/span><\/h2>\n<p><span style=\"font-weight: 400;\">Para realizar um bom planejamento estrat\u00e9gico tribut\u00e1rio, voc\u00ea precisa buscar profissionais especializados na \u00e1rea. Um profissional com conhecimento nas \u00e1reas cont\u00e1beis e<\/span><a href=\"https:\/\/gm.adv.br\/blog\/10-dicas-para-escolher-o-melhor-escritorio-de-advocacia-para-sua-empresa\/\" target=\"_blank\" rel=\"noopener\"><span style=\"font-weight: 400;\"> jur\u00eddicas,<\/span><\/a><span style=\"font-weight: 400;\"> que possam analisar com profundidade o mercado em que a empresa est\u00e1 inserida. Ainda precisa ter conhecimento das formas de tributa\u00e7\u00e3o poss\u00edveis para ela. Desta forma, tanto o gestor quanto o profissional contratado precisa saber que:<\/span><\/p>\n<p><span style=\"font-weight: 400;\">\u2705existem situa\u00e7\u00f5es em que \u00e9 poss\u00edvel obter cr\u00e9ditos tribut\u00e1rios para fazer a compensa\u00e7\u00e3o;<\/span><\/p>\n<p><span style=\"font-weight: 400;\">\u2705h\u00e1 possibilidades de adiar o pagamento dos tributos at\u00e9 que se possa organizar o caixa;<\/span><\/p>\n<p><span style=\"font-weight: 400;\">\u2705conhecer as possibilidades de ter condi\u00e7\u00f5es de optar pelo regime tribut\u00e1rio mais econ\u00f4mico;<\/span><\/p>\n<p><span style=\"font-weight: 400;\">\u2705estar a par das mudan\u00e7as de legisla\u00e7\u00e3o e entender os impactos que isso pode causar para o mercado;<\/span><\/p>\n<p><span style=\"font-weight: 400;\">\u2705identificar e conhecer os incentivos fiscais concedidos pelos governos federal, estadual e municipal.<\/span><\/p>\n<p><span style=\"font-weight: 400;\">Com este conte\u00fado foi poss\u00edvel concluir que um bom planejamento estrat\u00e9gico tribut\u00e1rio, anda ao lado dos resultados positivos que voc\u00ea busca para seu neg\u00f3cio. \u00c9 uma importante ferramenta para a tomada de decis\u00f5es mais acertadas, que resultam em vantagens em diversos aspectos administrativos e financeiros.<\/span><\/p>\n<p>&nbsp;<\/p>\n<p><span style=\"font-weight: 400;\">Se interessou por este conte\u00fado? Ent\u00e3o continue acompanhando <\/span><a href=\"https:\/\/gm.adv.br\/blog\/\" target=\"_blank\" rel=\"noopener\"><span style=\"font-weight: 400;\">nosso blog<\/span><\/a><span style=\"font-weight: 400;\"> e tenha acesso a mais informa\u00e7\u00f5es.<\/span><\/p>\n<p><a href=\"https:\/\/materiais.gm.adv.br\/guaresi-e-milleo-advogado-tributario\"><img loading=\"lazy\" decoding=\"async\" class=\"alignnone wp-image-4246 size-full\" src=\"https:\/\/www.gm.adv.br\/site\/wp-content\/uploads\/2022\/05\/tem-interesse-em-conversar-com-um-de-nossos-advogados-especialistas-1.webp\" alt=\"\" width=\"750\" height=\"150\" \/><\/a><\/p>\n","protected":false},"excerpt":{"rendered":"<p>Diante do alto custo operacional suportado pelas empresas, se torna imprescind\u00edvel o planejamento tribut\u00e1rio estrat\u00e9gico. Entenda como funciona:<\/p>\n","protected":false},"author":1,"featured_media":3779,"comment_status":"closed","ping_status":"closed","sticky":false,"template":"","format":"standard","meta":{"footnotes":""},"categories":[77],"tags":[],"class_list":["post-3778","post","type-post","status-publish","format-standard","has-post-thumbnail","hentry","category-direito-tributario"],"yoast_head":"<!-- This site is optimized with the Yoast SEO plugin v27.5 - https:\/\/yoast.com\/product\/yoast-seo-wordpress\/ -->\n<title>Sua empresa ganha com um planejamento tribut\u00e1rio estrat\u00e9gico!<\/title>\n<meta name=\"description\" content=\"Diante do alto custo operacional suportado pelas empresas, se torna imprescind\u00edvel o planejamento tribut\u00e1rio estrat\u00e9gico.\" \/>\n<meta name=\"robots\" content=\"index, follow, max-snippet:-1, max-image-preview:large, max-video-preview:-1\" \/>\n<link rel=\"canonical\" href=\"https:\/\/www.gm.adv.br\/site\/2022\/10\/13\/o-que-a-sua-empresa-ganha-com-um-planejamento-tributario-estrategico\/\" \/>\n<meta property=\"og:locale\" content=\"pt_BR\" \/>\n<meta property=\"og:type\" content=\"article\" \/>\n<meta property=\"og:title\" content=\"Sua empresa ganha com um planejamento tribut\u00e1rio estrat\u00e9gico!\" \/>\n<meta property=\"og:description\" content=\"Diante do alto custo operacional suportado pelas empresas, se torna imprescind\u00edvel o planejamento tribut\u00e1rio estrat\u00e9gico.\" \/>\n<meta property=\"og:url\" content=\"https:\/\/www.gm.adv.br\/site\/2022\/10\/13\/o-que-a-sua-empresa-ganha-com-um-planejamento-tributario-estrategico\/\" \/>\n<meta property=\"og:site_name\" content=\"Guaresi &amp; Mill\u00e9o Advogados Associados | Escrit\u00f3rio de Advocacia em Conc\u00f3rdia-SC | 30 Anos de Experi\u00eancia\" \/>\n<meta property=\"article:publisher\" content=\"https:\/\/www.facebook.com\/GuaresiMilleoAdvogados\" \/>\n<meta property=\"article:published_time\" content=\"2022-10-13T12:07:41+00:00\" \/>\n<meta property=\"og:image\" content=\"https:\/\/www.gm.adv.br\/site\/wp-content\/uploads\/2022\/10\/profissionais-realizando-planejamento-estrategico-tributario.jpg\" \/>\n\t<meta property=\"og:image:width\" content=\"800\" \/>\n\t<meta property=\"og:image:height\" content=\"800\" \/>\n\t<meta property=\"og:image:type\" content=\"image\/jpeg\" \/>\n<meta name=\"author\" content=\"admin\" \/>\n<meta name=\"twitter:card\" content=\"summary_large_image\" \/>\n<meta name=\"twitter:label1\" content=\"Escrito por\" \/>\n\t<meta name=\"twitter:data1\" content=\"admin\" \/>\n\t<meta name=\"twitter:label2\" content=\"Est. tempo de leitura\" \/>\n\t<meta name=\"twitter:data2\" content=\"5 minutos\" \/>\n<script type=\"application\/ld+json\" class=\"yoast-schema-graph\">{\"@context\":\"https:\\\/\\\/schema.org\",\"@graph\":[{\"@type\":\"Article\",\"@id\":\"https:\\\/\\\/www.gm.adv.br\\\/site\\\/2022\\\/10\\\/13\\\/o-que-a-sua-empresa-ganha-com-um-planejamento-tributario-estrategico\\\/#article\",\"isPartOf\":{\"@id\":\"https:\\\/\\\/www.gm.adv.br\\\/site\\\/2022\\\/10\\\/13\\\/o-que-a-sua-empresa-ganha-com-um-planejamento-tributario-estrategico\\\/\"},\"author\":{\"name\":\"admin\",\"@id\":\"https:\\\/\\\/www.gm.adv.br\\\/site\\\/#\\\/schema\\\/person\\\/7d633a2abab0d9b94253af6efc36428f\"},\"headline\":\"O que a sua empresa ganha com um planejamento tribut\u00e1rio estrat\u00e9gico!\",\"datePublished\":\"2022-10-13T12:07:41+00:00\",\"mainEntityOfPage\":{\"@id\":\"https:\\\/\\\/www.gm.adv.br\\\/site\\\/2022\\\/10\\\/13\\\/o-que-a-sua-empresa-ganha-com-um-planejamento-tributario-estrategico\\\/\"},\"wordCount\":839,\"publisher\":{\"@id\":\"https:\\\/\\\/www.gm.adv.br\\\/site\\\/#organization\"},\"image\":{\"@id\":\"https:\\\/\\\/www.gm.adv.br\\\/site\\\/2022\\\/10\\\/13\\\/o-que-a-sua-empresa-ganha-com-um-planejamento-tributario-estrategico\\\/#primaryimage\"},\"thumbnailUrl\":\"https:\\\/\\\/www.gm.adv.br\\\/site\\\/wp-content\\\/uploads\\\/2022\\\/10\\\/profissionais-realizando-planejamento-estrategico-tributario.jpg\",\"articleSection\":[\"Direito Tribut\u00e1rio\"],\"inLanguage\":\"pt-BR\"},{\"@type\":\"WebPage\",\"@id\":\"https:\\\/\\\/www.gm.adv.br\\\/site\\\/2022\\\/10\\\/13\\\/o-que-a-sua-empresa-ganha-com-um-planejamento-tributario-estrategico\\\/\",\"url\":\"https:\\\/\\\/www.gm.adv.br\\\/site\\\/2022\\\/10\\\/13\\\/o-que-a-sua-empresa-ganha-com-um-planejamento-tributario-estrategico\\\/\",\"name\":\"Sua empresa ganha com um planejamento tribut\u00e1rio estrat\u00e9gico!\",\"isPartOf\":{\"@id\":\"https:\\\/\\\/www.gm.adv.br\\\/site\\\/#website\"},\"primaryImageOfPage\":{\"@id\":\"https:\\\/\\\/www.gm.adv.br\\\/site\\\/2022\\\/10\\\/13\\\/o-que-a-sua-empresa-ganha-com-um-planejamento-tributario-estrategico\\\/#primaryimage\"},\"image\":{\"@id\":\"https:\\\/\\\/www.gm.adv.br\\\/site\\\/2022\\\/10\\\/13\\\/o-que-a-sua-empresa-ganha-com-um-planejamento-tributario-estrategico\\\/#primaryimage\"},\"thumbnailUrl\":\"https:\\\/\\\/www.gm.adv.br\\\/site\\\/wp-content\\\/uploads\\\/2022\\\/10\\\/profissionais-realizando-planejamento-estrategico-tributario.jpg\",\"datePublished\":\"2022-10-13T12:07:41+00:00\",\"description\":\"Diante do alto custo operacional suportado pelas empresas, se torna imprescind\u00edvel o planejamento tribut\u00e1rio estrat\u00e9gico.\",\"breadcrumb\":{\"@id\":\"https:\\\/\\\/www.gm.adv.br\\\/site\\\/2022\\\/10\\\/13\\\/o-que-a-sua-empresa-ganha-com-um-planejamento-tributario-estrategico\\\/#breadcrumb\"},\"inLanguage\":\"pt-BR\",\"potentialAction\":[{\"@type\":\"ReadAction\",\"target\":[\"https:\\\/\\\/www.gm.adv.br\\\/site\\\/2022\\\/10\\\/13\\\/o-que-a-sua-empresa-ganha-com-um-planejamento-tributario-estrategico\\\/\"]}]},{\"@type\":\"ImageObject\",\"inLanguage\":\"pt-BR\",\"@id\":\"https:\\\/\\\/www.gm.adv.br\\\/site\\\/2022\\\/10\\\/13\\\/o-que-a-sua-empresa-ganha-com-um-planejamento-tributario-estrategico\\\/#primaryimage\",\"url\":\"https:\\\/\\\/www.gm.adv.br\\\/site\\\/wp-content\\\/uploads\\\/2022\\\/10\\\/profissionais-realizando-planejamento-estrategico-tributario.jpg\",\"contentUrl\":\"https:\\\/\\\/www.gm.adv.br\\\/site\\\/wp-content\\\/uploads\\\/2022\\\/10\\\/profissionais-realizando-planejamento-estrategico-tributario.jpg\",\"width\":800,\"height\":800,\"caption\":\"Profissionais fazendo planejamento estrat\u00e9gico tribut\u00e1rio\"},{\"@type\":\"BreadcrumbList\",\"@id\":\"https:\\\/\\\/www.gm.adv.br\\\/site\\\/2022\\\/10\\\/13\\\/o-que-a-sua-empresa-ganha-com-um-planejamento-tributario-estrategico\\\/#breadcrumb\",\"itemListElement\":[{\"@type\":\"ListItem\",\"position\":1,\"name\":\"In\u00edcio\",\"item\":\"https:\\\/\\\/www.gm.adv.br\\\/site\\\/\"},{\"@type\":\"ListItem\",\"position\":2,\"name\":\"O que a sua empresa ganha com um planejamento tribut\u00e1rio estrat\u00e9gico!\"}]},{\"@type\":\"WebSite\",\"@id\":\"https:\\\/\\\/www.gm.adv.br\\\/site\\\/#website\",\"url\":\"https:\\\/\\\/www.gm.adv.br\\\/site\\\/\",\"name\":\"Guaresi & Mill\u00e9o Advogados Associados | Escrit\u00f3rio de Advocacia em Conc\u00f3rdia-SC | 30 Anos de Experi\u00eanci\",\"description\":\"Advocacia Direito Banc\u00e1rio, Tribut\u00e1rio, Trabalhista, C\u00edvil, P\u00fablica, Municipal, Advogados Associados Guaresi e Mill\u00e9o  |  Conc\u00f3rdia SC\",\"publisher\":{\"@id\":\"https:\\\/\\\/www.gm.adv.br\\\/site\\\/#organization\"},\"alternateName\":\"Guaresi e Mill\u00e9o Escrit\u00f3rio de Advocacia e Consultoria em Conc\u00f3rdia-SC\",\"potentialAction\":[{\"@type\":\"SearchAction\",\"target\":{\"@type\":\"EntryPoint\",\"urlTemplate\":\"https:\\\/\\\/www.gm.adv.br\\\/site\\\/?s={search_term_string}\"},\"query-input\":{\"@type\":\"PropertyValueSpecification\",\"valueRequired\":true,\"valueName\":\"search_term_string\"}}],\"inLanguage\":\"pt-BR\"},{\"@type\":\"Organization\",\"@id\":\"https:\\\/\\\/www.gm.adv.br\\\/site\\\/#organization\",\"name\":\"Guaresi & Milleo Advogados Associados em Conc\u00f3rdia SC\",\"alternateName\":\"Guaresi e Milleo Advocacia e Consultoria\",\"url\":\"https:\\\/\\\/www.gm.adv.br\\\/site\\\/\",\"logo\":{\"@type\":\"ImageObject\",\"inLanguage\":\"pt-BR\",\"@id\":\"https:\\\/\\\/www.gm.adv.br\\\/site\\\/#\\\/schema\\\/logo\\\/image\\\/\",\"url\":\"https:\\\/\\\/www.gm.adv.br\\\/site\\\/wp-content\\\/uploads\\\/2025\\\/07\\\/cropped-icone-512.webp\",\"contentUrl\":\"https:\\\/\\\/www.gm.adv.br\\\/site\\\/wp-content\\\/uploads\\\/2025\\\/07\\\/cropped-icone-512.webp\",\"width\":512,\"height\":512,\"caption\":\"Guaresi & Milleo Advogados Associados em Conc\u00f3rdia SC\"},\"image\":{\"@id\":\"https:\\\/\\\/www.gm.adv.br\\\/site\\\/#\\\/schema\\\/logo\\\/image\\\/\"},\"sameAs\":[\"https:\\\/\\\/www.facebook.com\\\/GuaresiMilleoAdvogados\",\"https:\\\/\\\/www.instagram.com\\\/guaresiemilleo\\\/\",\"https:\\\/\\\/br.linkedin.com\\\/company\\\/guaresimilleo\"]},{\"@type\":\"Person\",\"@id\":\"https:\\\/\\\/www.gm.adv.br\\\/site\\\/#\\\/schema\\\/person\\\/7d633a2abab0d9b94253af6efc36428f\",\"name\":\"admin\",\"image\":{\"@type\":\"ImageObject\",\"inLanguage\":\"pt-BR\",\"@id\":\"https:\\\/\\\/secure.gravatar.com\\\/avatar\\\/c8bb173d280f7d1e50b67bb649de269247430499695ba3ee451b6289436d1d39?s=96&d=mm&r=g\",\"url\":\"https:\\\/\\\/secure.gravatar.com\\\/avatar\\\/c8bb173d280f7d1e50b67bb649de269247430499695ba3ee451b6289436d1d39?s=96&d=mm&r=g\",\"contentUrl\":\"https:\\\/\\\/secure.gravatar.com\\\/avatar\\\/c8bb173d280f7d1e50b67bb649de269247430499695ba3ee451b6289436d1d39?s=96&d=mm&r=g\",\"caption\":\"admin\"},\"sameAs\":[\"https:\\\/\\\/www.gm.adv.br\\\/site\"],\"url\":\"https:\\\/\\\/www.gm.adv.br\\\/site\\\/author\\\/admin\\\/\"}]}<\/script>\n<!-- \/ Yoast SEO plugin. -->","yoast_head_json":{"title":"Sua empresa ganha com um planejamento tribut\u00e1rio estrat\u00e9gico!","description":"Diante do alto custo operacional suportado pelas empresas, se torna imprescind\u00edvel o planejamento tribut\u00e1rio estrat\u00e9gico.","robots":{"index":"index","follow":"follow","max-snippet":"max-snippet:-1","max-image-preview":"max-image-preview:large","max-video-preview":"max-video-preview:-1"},"canonical":"https:\/\/www.gm.adv.br\/site\/2022\/10\/13\/o-que-a-sua-empresa-ganha-com-um-planejamento-tributario-estrategico\/","og_locale":"pt_BR","og_type":"article","og_title":"Sua empresa ganha com um planejamento tribut\u00e1rio estrat\u00e9gico!","og_description":"Diante do alto custo operacional suportado pelas empresas, se torna imprescind\u00edvel o planejamento tribut\u00e1rio estrat\u00e9gico.","og_url":"https:\/\/www.gm.adv.br\/site\/2022\/10\/13\/o-que-a-sua-empresa-ganha-com-um-planejamento-tributario-estrategico\/","og_site_name":"Guaresi &amp; Mill\u00e9o Advogados Associados | Escrit\u00f3rio de Advocacia em Conc\u00f3rdia-SC | 30 Anos de Experi\u00eancia","article_publisher":"https:\/\/www.facebook.com\/GuaresiMilleoAdvogados","article_published_time":"2022-10-13T12:07:41+00:00","og_image":[{"width":800,"height":800,"url":"https:\/\/www.gm.adv.br\/site\/wp-content\/uploads\/2022\/10\/profissionais-realizando-planejamento-estrategico-tributario.jpg","type":"image\/jpeg"}],"author":"admin","twitter_card":"summary_large_image","twitter_misc":{"Escrito por":"admin","Est. tempo de leitura":"5 minutos"},"schema":{"@context":"https:\/\/schema.org","@graph":[{"@type":"Article","@id":"https:\/\/www.gm.adv.br\/site\/2022\/10\/13\/o-que-a-sua-empresa-ganha-com-um-planejamento-tributario-estrategico\/#article","isPartOf":{"@id":"https:\/\/www.gm.adv.br\/site\/2022\/10\/13\/o-que-a-sua-empresa-ganha-com-um-planejamento-tributario-estrategico\/"},"author":{"name":"admin","@id":"https:\/\/www.gm.adv.br\/site\/#\/schema\/person\/7d633a2abab0d9b94253af6efc36428f"},"headline":"O que a sua empresa ganha com um planejamento tribut\u00e1rio estrat\u00e9gico!","datePublished":"2022-10-13T12:07:41+00:00","mainEntityOfPage":{"@id":"https:\/\/www.gm.adv.br\/site\/2022\/10\/13\/o-que-a-sua-empresa-ganha-com-um-planejamento-tributario-estrategico\/"},"wordCount":839,"publisher":{"@id":"https:\/\/www.gm.adv.br\/site\/#organization"},"image":{"@id":"https:\/\/www.gm.adv.br\/site\/2022\/10\/13\/o-que-a-sua-empresa-ganha-com-um-planejamento-tributario-estrategico\/#primaryimage"},"thumbnailUrl":"https:\/\/www.gm.adv.br\/site\/wp-content\/uploads\/2022\/10\/profissionais-realizando-planejamento-estrategico-tributario.jpg","articleSection":["Direito Tribut\u00e1rio"],"inLanguage":"pt-BR"},{"@type":"WebPage","@id":"https:\/\/www.gm.adv.br\/site\/2022\/10\/13\/o-que-a-sua-empresa-ganha-com-um-planejamento-tributario-estrategico\/","url":"https:\/\/www.gm.adv.br\/site\/2022\/10\/13\/o-que-a-sua-empresa-ganha-com-um-planejamento-tributario-estrategico\/","name":"Sua empresa ganha com um planejamento tribut\u00e1rio estrat\u00e9gico!","isPartOf":{"@id":"https:\/\/www.gm.adv.br\/site\/#website"},"primaryImageOfPage":{"@id":"https:\/\/www.gm.adv.br\/site\/2022\/10\/13\/o-que-a-sua-empresa-ganha-com-um-planejamento-tributario-estrategico\/#primaryimage"},"image":{"@id":"https:\/\/www.gm.adv.br\/site\/2022\/10\/13\/o-que-a-sua-empresa-ganha-com-um-planejamento-tributario-estrategico\/#primaryimage"},"thumbnailUrl":"https:\/\/www.gm.adv.br\/site\/wp-content\/uploads\/2022\/10\/profissionais-realizando-planejamento-estrategico-tributario.jpg","datePublished":"2022-10-13T12:07:41+00:00","description":"Diante do alto custo operacional suportado pelas empresas, se torna imprescind\u00edvel o planejamento tribut\u00e1rio estrat\u00e9gico.","breadcrumb":{"@id":"https:\/\/www.gm.adv.br\/site\/2022\/10\/13\/o-que-a-sua-empresa-ganha-com-um-planejamento-tributario-estrategico\/#breadcrumb"},"inLanguage":"pt-BR","potentialAction":[{"@type":"ReadAction","target":["https:\/\/www.gm.adv.br\/site\/2022\/10\/13\/o-que-a-sua-empresa-ganha-com-um-planejamento-tributario-estrategico\/"]}]},{"@type":"ImageObject","inLanguage":"pt-BR","@id":"https:\/\/www.gm.adv.br\/site\/2022\/10\/13\/o-que-a-sua-empresa-ganha-com-um-planejamento-tributario-estrategico\/#primaryimage","url":"https:\/\/www.gm.adv.br\/site\/wp-content\/uploads\/2022\/10\/profissionais-realizando-planejamento-estrategico-tributario.jpg","contentUrl":"https:\/\/www.gm.adv.br\/site\/wp-content\/uploads\/2022\/10\/profissionais-realizando-planejamento-estrategico-tributario.jpg","width":800,"height":800,"caption":"Profissionais fazendo planejamento estrat\u00e9gico tribut\u00e1rio"},{"@type":"BreadcrumbList","@id":"https:\/\/www.gm.adv.br\/site\/2022\/10\/13\/o-que-a-sua-empresa-ganha-com-um-planejamento-tributario-estrategico\/#breadcrumb","itemListElement":[{"@type":"ListItem","position":1,"name":"In\u00edcio","item":"https:\/\/www.gm.adv.br\/site\/"},{"@type":"ListItem","position":2,"name":"O que a sua empresa ganha com um planejamento tribut\u00e1rio estrat\u00e9gico!"}]},{"@type":"WebSite","@id":"https:\/\/www.gm.adv.br\/site\/#website","url":"https:\/\/www.gm.adv.br\/site\/","name":"Guaresi & Mill\u00e9o Advogados Associados | Escrit\u00f3rio de Advocacia em Conc\u00f3rdia-SC | 30 Anos de Experi\u00eanci","description":"Advocacia Direito Banc\u00e1rio, Tribut\u00e1rio, Trabalhista, C\u00edvil, P\u00fablica, Municipal, Advogados Associados Guaresi e Mill\u00e9o  |  Conc\u00f3rdia SC","publisher":{"@id":"https:\/\/www.gm.adv.br\/site\/#organization"},"alternateName":"Guaresi e Mill\u00e9o Escrit\u00f3rio de Advocacia e Consultoria em Conc\u00f3rdia-SC","potentialAction":[{"@type":"SearchAction","target":{"@type":"EntryPoint","urlTemplate":"https:\/\/www.gm.adv.br\/site\/?s={search_term_string}"},"query-input":{"@type":"PropertyValueSpecification","valueRequired":true,"valueName":"search_term_string"}}],"inLanguage":"pt-BR"},{"@type":"Organization","@id":"https:\/\/www.gm.adv.br\/site\/#organization","name":"Guaresi & Milleo Advogados Associados em Conc\u00f3rdia SC","alternateName":"Guaresi e Milleo Advocacia e Consultoria","url":"https:\/\/www.gm.adv.br\/site\/","logo":{"@type":"ImageObject","inLanguage":"pt-BR","@id":"https:\/\/www.gm.adv.br\/site\/#\/schema\/logo\/image\/","url":"https:\/\/www.gm.adv.br\/site\/wp-content\/uploads\/2025\/07\/cropped-icone-512.webp","contentUrl":"https:\/\/www.gm.adv.br\/site\/wp-content\/uploads\/2025\/07\/cropped-icone-512.webp","width":512,"height":512,"caption":"Guaresi & Milleo Advogados Associados em Conc\u00f3rdia SC"},"image":{"@id":"https:\/\/www.gm.adv.br\/site\/#\/schema\/logo\/image\/"},"sameAs":["https:\/\/www.facebook.com\/GuaresiMilleoAdvogados","https:\/\/www.instagram.com\/guaresiemilleo\/","https:\/\/br.linkedin.com\/company\/guaresimilleo"]},{"@type":"Person","@id":"https:\/\/www.gm.adv.br\/site\/#\/schema\/person\/7d633a2abab0d9b94253af6efc36428f","name":"admin","image":{"@type":"ImageObject","inLanguage":"pt-BR","@id":"https:\/\/secure.gravatar.com\/avatar\/c8bb173d280f7d1e50b67bb649de269247430499695ba3ee451b6289436d1d39?s=96&d=mm&r=g","url":"https:\/\/secure.gravatar.com\/avatar\/c8bb173d280f7d1e50b67bb649de269247430499695ba3ee451b6289436d1d39?s=96&d=mm&r=g","contentUrl":"https:\/\/secure.gravatar.com\/avatar\/c8bb173d280f7d1e50b67bb649de269247430499695ba3ee451b6289436d1d39?s=96&d=mm&r=g","caption":"admin"},"sameAs":["https:\/\/www.gm.adv.br\/site"],"url":"https:\/\/www.gm.adv.br\/site\/author\/admin\/"}]}},"_links":{"self":[{"href":"https:\/\/www.gm.adv.br\/site\/wp-json\/wp\/v2\/posts\/3778","targetHints":{"allow":["GET"]}}],"collection":[{"href":"https:\/\/www.gm.adv.br\/site\/wp-json\/wp\/v2\/posts"}],"about":[{"href":"https:\/\/www.gm.adv.br\/site\/wp-json\/wp\/v2\/types\/post"}],"author":[{"embeddable":true,"href":"https:\/\/www.gm.adv.br\/site\/wp-json\/wp\/v2\/users\/1"}],"replies":[{"embeddable":true,"href":"https:\/\/www.gm.adv.br\/site\/wp-json\/wp\/v2\/comments?post=3778"}],"version-history":[{"count":0,"href":"https:\/\/www.gm.adv.br\/site\/wp-json\/wp\/v2\/posts\/3778\/revisions"}],"wp:featuredmedia":[{"embeddable":true,"href":"https:\/\/www.gm.adv.br\/site\/wp-json\/wp\/v2\/media\/3779"}],"wp:attachment":[{"href":"https:\/\/www.gm.adv.br\/site\/wp-json\/wp\/v2\/media?parent=3778"}],"wp:term":[{"taxonomy":"category","embeddable":true,"href":"https:\/\/www.gm.adv.br\/site\/wp-json\/wp\/v2\/categories?post=3778"},{"taxonomy":"post_tag","embeddable":true,"href":"https:\/\/www.gm.adv.br\/site\/wp-json\/wp\/v2\/tags?post=3778"}],"curies":[{"name":"wp","href":"https:\/\/api.w.org\/{rel}","templated":true}]}}