{"id":3775,"date":"2022-10-13T08:57:57","date_gmt":"2022-10-13T11:57:57","guid":{"rendered":"https:\/\/gm.adv.br\/?p=3775"},"modified":"2022-10-13T08:57:57","modified_gmt":"2022-10-13T11:57:57","slug":"seu-negocio-conta-com-uma-assessoria-juridica-empresarial","status":"publish","type":"post","link":"https:\/\/www.gm.adv.br\/site\/2022\/10\/13\/seu-negocio-conta-com-uma-assessoria-juridica-empresarial\/","title":{"rendered":"Seu neg\u00f3cio conta com uma assessoria jur\u00eddica empresarial?"},"content":{"rendered":"<p><span style=\"font-weight: 400;\">A assessoria jur\u00eddica empresarial \u00e9 uma das a\u00e7\u00f5es dentro da advocacia preventiva. Pautada pela antecipa\u00e7\u00e3o e controle de riscos, minimizando preju\u00edzos e aumentando os ganhos.<\/span><\/p>\n<p><!--more--><\/p>\n<p><span style=\"font-weight: 400;\">Um dos maiores receios dos empres\u00e1rios de hoje, n\u00e3o \u00e9 gerir seus neg\u00f3cios com maestria, mas n\u00e3o conseguir\u00a0 cumprir as legisla\u00e7\u00f5es e todas as exig\u00eancias de uma empresa.<\/span> <span style=\"font-weight: 400;\">Pela aus\u00eancia de uma <\/span><a href=\"https:\/\/gm.adv.br\/blog\/10-dicas-para-escolher-o-melhor-escritorio-de-advocacia-para-sua-empresa\/\" target=\"_blank\" rel=\"noopener\"><span style=\"font-weight: 400;\">consultoria jur\u00eddica<\/span><\/a><span style=\"font-weight: 400;\">, muitos processos judiciais acabam prejudicando o andamento saud\u00e1vel dos neg\u00f3cios. Para evitar maiores problemas \u00e9 que existe a assessoria jur\u00eddica empresarial.<\/span><\/p>\n<p><span style=\"font-weight: 400;\">Em uma empresa de menor porte, se tornaria muito caro e desafiador manter um profissional ou uma equipe, com todos os recursos humanos necess\u00e1rios. Para isso existem os escrit\u00f3rios de advocacia. Onde v\u00e1rios profissionais, especializados em diversas \u00e1reas, prestam assessoria, e est\u00e3o \u00e0 disposi\u00e7\u00e3o no momento em que sua empresa precisar.<\/span><\/p>\n<p>&nbsp;<\/p>\n<h3><span style=\"font-weight: 400;\">Como funciona uma assessoria jur\u00eddica empresarial<\/span><\/h3>\n<p><span style=\"font-weight: 400;\">Muitos empres\u00e1rios s\u00f3 lembram do trabalho de um advogado quando surge algum problema e que precisam recorrer a este profissional. Uma assessoria jur\u00eddica que atua no ramo empresarial, trabalha sempre na advocacia preventiva. Ou seja, voc\u00ea n\u00e3o pode contratar um advogado somente na hora da crise. Muito pelo contr\u00e1rio, um assessor jur\u00eddico, deve estar ao seu lado, orientando, aconselhando e contribuindo para evitar crises e outras consequ\u00eancias por falta de informa\u00e7\u00f5es com rela\u00e7\u00e3o \u00e0s leis.\u00a0<\/span><\/p>\n<p><span style=\"font-weight: 400;\">Importante destacar que a assessoria jur\u00eddica n\u00e3o se restringe apenas a uma \u00e1rea, mas \u00e9 preciso dominar as diversas \u00e1reas do direito.\u00a0 Algumas delas s\u00e3o: Direito Empresarial, C\u00edvel, Contratual, Sucess\u00f3rio, Ambiental, Imobili\u00e1rio, de Fam\u00edlia, do Trabalho, do Agroneg\u00f3cio, entre outras.<\/span><\/p>\n<p><span style=\"font-weight: 400;\">\u00a0Estando a par e legalizado com todas estas \u00e1reas, sua empresa estar\u00e1 dentro das conformidades legais, se antecipando a problemas financeiros e judiciais.\u00a0 Como o Brasil \u00e9 um pa\u00eds muito burocr\u00e1tico, dificilmente um empres\u00e1rio, sem conhecimento na \u00e1rea do direito,\u00a0 consiga dar conta de abrir e gerenciar os neg\u00f3cios, sozinho e legalmente.\u00a0<\/span><\/p>\n<p>&nbsp;<\/p>\n<h2><span style=\"font-weight: 400;\">Vantagens de contar com uma assessoria jur\u00eddica<\/span><\/h2>\n<p><span style=\"font-weight: 400;\">Ao abrir uma empresa, ou mesmo durante a administra\u00e7\u00e3o dela, com uma assessoria jur\u00eddica, voc\u00ea s\u00f3 vai se preocupar com as quest\u00f5es administrativas mesmo, porque toda a parte legal fica por conta dos advogados. A observ\u00e2ncia e aplica\u00e7\u00e3o das normas previstas na legisla\u00e7\u00e3o, deve ser feita por profissionais especializados na \u00e1rea, evitando assim, consequ\u00eancias negativas quando n\u00e3o s\u00e3o cumpridas.\u00a0<\/span><\/p>\n<p><span style=\"font-weight: 400;\">Veja algumas vantagens em contar com uma assessoria jur\u00eddica empresarial.\u00a0<\/span><\/p>\n<p>&nbsp;<\/p>\n<h3><span style=\"font-weight: 400;\">Orienta\u00e7\u00e3o ao abrir seu neg\u00f3cio<\/span><\/h3>\n<p><span style=\"font-weight: 400;\">O servi\u00e7o de assessoria jur\u00eddica empresarial, \u00e9 que toma as r\u00e9deas do processo de levantamento de documenta\u00e7\u00e3o e obten\u00e7\u00e3o de autoriza\u00e7\u00f5es necess\u00e1rias para o funcionamento da empresa. Como normalmente estes documentos s\u00e3o emitidos por diferentes esferas dos poderes p\u00fablicos, voc\u00ea empres\u00e1rio, n\u00e3o fica amarrado com estas quest\u00f5es e pode dar continuidade ao processo de abertura f\u00edsica da empresa.\u00a0<\/span><\/p>\n<p>&nbsp;<\/p>\n<h3><span style=\"font-weight: 400;\">Gest\u00e3o preventiva<\/span><\/h3>\n<p><span style=\"font-weight: 400;\">Muitos empres\u00e1rios acham que gastos com contrata\u00e7\u00e3o de uma assessoria jur\u00eddica s\u00e3o desnecess\u00e1rios, e buscam pelo profissional somente no momento que precisam. Mas esquecem que um assessoramento jur\u00eddico nas empresas, previne alguns lit\u00edgios ou problemas futuros com rela\u00e7\u00e3o \u00e0s exig\u00eancia legais. Mas como j\u00e1 citamos,\u00a0 a assessoria jur\u00eddica tem um papel importante de consultoria e preven\u00e7\u00e3o, para evitar dor de cabe\u00e7a e n\u00e3o apenas solucionar problemas j\u00e1 existentes.\u00a0<\/span><\/p>\n<p><span style=\"font-weight: 400;\">O escrit\u00f3rio contratado analisa contratos, legalidade de decis\u00f5es, cumprimento da legisla\u00e7\u00e3o sempre indicando o melhor caminho que a empresa deve seguir.\u00a0<\/span><\/p>\n<p>&nbsp;<\/p>\n<h3><span style=\"font-weight: 400;\">Compet\u00eancia para solucionar problemas<\/span><\/h3>\n<p><span style=\"font-weight: 400;\">Contratando uma assessoria jur\u00eddica, estes profissionais j\u00e1 v\u00e3o estar por dentro da rotina da empresa e podem acompanhar todas as negocia\u00e7\u00f5es. Desta forma podem identificar poss\u00edveis problemas e trabalhar na solu\u00e7\u00e3o deles com rapidez.\u00a0 Se antecipando aos problemas, se evita uma demanda judicial e com isso reduzindo a possibilidade de preju\u00edzos.\u00a0<\/span><\/p>\n<p>&nbsp;<\/p>\n<h3><span style=\"font-weight: 400;\">Acompanhamento das rela\u00e7\u00f5es comerciais<\/span><\/h3>\n<p><span style=\"font-weight: 400;\">Contando com o trabalho de uma assessoria jur\u00eddica permanente, a empresa ter\u00e1 \u00e0 sua disposi\u00e7\u00e3o, profissionais especializados. Assim, ser\u00e1 mais f\u00e1cil analisar e dar seu parecer diante das rela\u00e7\u00f5es de neg\u00f3cios, viabilidade e impactos comerciais. Desta forma, o empres\u00e1rio ter\u00e1 maior seguran\u00e7a ao fechar contratos com fornecedores, pois sabe que estar\u00e1 resguardado de qualquer risco, al\u00e9m de receber ajuda nas negocia\u00e7\u00f5es.<\/span><\/p>\n<p>&nbsp;<\/p>\n<h3><span style=\"font-weight: 400;\">Adequa\u00e7\u00e3o ao regime tribut\u00e1rio<\/span><\/h3>\n<p><span style=\"font-weight: 400;\">Com uma equipe de trabalho, a assessoria jur\u00eddica estuda com o gestor, qual o melhor regime tribut\u00e1rio que ir\u00e1 se adequar ao seu tipo de neg\u00f3cio.\u00a0 Como o Brasil tem uma legisla\u00e7\u00e3o tribut\u00e1ria bastante complexa,\u00a0 uma equipe de profissionais especializados ser\u00e1 capaz de entender e optar pelo melhor para a sua empresa.<\/span><\/p>\n<p><span style=\"font-weight: 400;\">Ent\u00e3o, conseguiu entender porque sua empresa precisa contratar um escrit\u00f3rio de advocacia para prestar assessoria jur\u00eddica?\u00a0<\/span><\/p>\n<p><a href=\"https:\/\/materiais.gm.adv.br\/e-book-sua-empresa-problemas-juridicos\"><img loading=\"lazy\" decoding=\"async\" class=\"alignnone wp-image-4249 size-full\" src=\"https:\/\/www.gm.adv.br\/site\/wp-content\/uploads\/2022\/05\/ebook-sua-empresa-antecipa-problemas-juridicos.webp\" alt=\"\" width=\"750\" height=\"150\" \/><\/a><\/p>\n<div class=\"text\">\n<div id=\"textoFonte\" class=\"overflow\">\n<p><span class=\"selectable-text copyable-text\">Este conte\u00fado foi produzido pelo Escrit\u00f3rio de Advocacia Guaresi e Mill\u00e9o Advogados Associados, h\u00e1 mais de 25 anos prestando servi\u00e7os em advocacia na cidade de Conc\u00f3rdia \u2013 SC e regi\u00e3o Oeste Catarinense. Continue acompanhando nosso\u00a0<a href=\"https:\/\/gm.adv.br\/blog\/\">blog<\/a>\u00a0para n\u00e3o perder mais nenhum conte\u00fado exclusivo.<\/span><\/p>\n<\/div>\n<\/div>\n<div class=\"shares_container\">\n<div class=\"share_link\"><\/div>\n<\/div>\n","protected":false},"excerpt":{"rendered":"<p>A assessoria jur\u00eddica empresarial \u00e9 uma das a\u00e7\u00f5es dentro da advocacia preventiva. Pautada pela antecipa\u00e7\u00e3o e controle de riscos, minimizando preju\u00edzos e aumentando os ganhos.<\/p>\n","protected":false},"author":1,"featured_media":3776,"comment_status":"closed","ping_status":"closed","sticky":false,"template":"","format":"standard","meta":{"footnotes":""},"categories":[72],"tags":[],"class_list":["post-3775","post","type-post","status-publish","format-standard","has-post-thumbnail","hentry","category-direito-empresarial"],"yoast_head":"<!-- This site is optimized with the Yoast SEO plugin v27.5 - https:\/\/yoast.com\/product\/yoast-seo-wordpress\/ -->\n<title>Seu neg\u00f3cio conta com uma assessoria jur\u00eddica empresarial?<\/title>\n<meta name=\"description\" content=\"A assessoria jur\u00eddica empresarial \u00e9 uma das a\u00e7\u00f5es dentro da advocacia preventiva. Pautada pela antecipa\u00e7\u00e3o e controle de riscos.\" \/>\n<meta name=\"robots\" content=\"index, follow, max-snippet:-1, max-image-preview:large, max-video-preview:-1\" \/>\n<link rel=\"canonical\" href=\"https:\/\/www.gm.adv.br\/site\/2022\/10\/13\/seu-negocio-conta-com-uma-assessoria-juridica-empresarial\/\" \/>\n<meta property=\"og:locale\" content=\"pt_BR\" \/>\n<meta property=\"og:type\" content=\"article\" \/>\n<meta property=\"og:title\" content=\"Seu neg\u00f3cio conta com uma assessoria jur\u00eddica empresarial?\" \/>\n<meta property=\"og:description\" content=\"A assessoria jur\u00eddica empresarial \u00e9 uma das a\u00e7\u00f5es dentro da advocacia preventiva. Pautada pela antecipa\u00e7\u00e3o e controle de riscos.\" \/>\n<meta property=\"og:url\" content=\"https:\/\/www.gm.adv.br\/site\/2022\/10\/13\/seu-negocio-conta-com-uma-assessoria-juridica-empresarial\/\" \/>\n<meta property=\"og:site_name\" content=\"Guaresi &amp; Mill\u00e9o Advogados Associados | Escrit\u00f3rio de Advocacia em Conc\u00f3rdia-SC | 30 Anos de Experi\u00eancia\" \/>\n<meta property=\"article:publisher\" content=\"https:\/\/www.facebook.com\/GuaresiMilleoAdvogados\" \/>\n<meta property=\"article:published_time\" content=\"2022-10-13T11:57:57+00:00\" \/>\n<meta property=\"og:image\" content=\"https:\/\/www.gm.adv.br\/site\/wp-content\/uploads\/2022\/10\/advogados-trabalhando-na-assessoria-juridica-empresarial.jpg\" \/>\n\t<meta property=\"og:image:width\" content=\"800\" \/>\n\t<meta property=\"og:image:height\" content=\"800\" \/>\n\t<meta property=\"og:image:type\" content=\"image\/jpeg\" \/>\n<meta name=\"author\" content=\"admin\" \/>\n<meta name=\"twitter:card\" content=\"summary_large_image\" \/>\n<meta name=\"twitter:label1\" content=\"Escrito por\" \/>\n\t<meta name=\"twitter:data1\" content=\"admin\" \/>\n\t<meta name=\"twitter:label2\" content=\"Est. tempo de leitura\" \/>\n\t<meta name=\"twitter:data2\" content=\"5 minutos\" \/>\n<script type=\"application\/ld+json\" class=\"yoast-schema-graph\">{\"@context\":\"https:\\\/\\\/schema.org\",\"@graph\":[{\"@type\":\"Article\",\"@id\":\"https:\\\/\\\/www.gm.adv.br\\\/site\\\/2022\\\/10\\\/13\\\/seu-negocio-conta-com-uma-assessoria-juridica-empresarial\\\/#article\",\"isPartOf\":{\"@id\":\"https:\\\/\\\/www.gm.adv.br\\\/site\\\/2022\\\/10\\\/13\\\/seu-negocio-conta-com-uma-assessoria-juridica-empresarial\\\/\"},\"author\":{\"name\":\"admin\",\"@id\":\"https:\\\/\\\/www.gm.adv.br\\\/site\\\/#\\\/schema\\\/person\\\/7d633a2abab0d9b94253af6efc36428f\"},\"headline\":\"Seu neg\u00f3cio conta com uma assessoria jur\u00eddica empresarial?\",\"datePublished\":\"2022-10-13T11:57:57+00:00\",\"mainEntityOfPage\":{\"@id\":\"https:\\\/\\\/www.gm.adv.br\\\/site\\\/2022\\\/10\\\/13\\\/seu-negocio-conta-com-uma-assessoria-juridica-empresarial\\\/\"},\"wordCount\":895,\"publisher\":{\"@id\":\"https:\\\/\\\/www.gm.adv.br\\\/site\\\/#organization\"},\"image\":{\"@id\":\"https:\\\/\\\/www.gm.adv.br\\\/site\\\/2022\\\/10\\\/13\\\/seu-negocio-conta-com-uma-assessoria-juridica-empresarial\\\/#primaryimage\"},\"thumbnailUrl\":\"https:\\\/\\\/www.gm.adv.br\\\/site\\\/wp-content\\\/uploads\\\/2022\\\/10\\\/advogados-trabalhando-na-assessoria-juridica-empresarial.jpg\",\"articleSection\":[\"Direito Empresarial\"],\"inLanguage\":\"pt-BR\"},{\"@type\":\"WebPage\",\"@id\":\"https:\\\/\\\/www.gm.adv.br\\\/site\\\/2022\\\/10\\\/13\\\/seu-negocio-conta-com-uma-assessoria-juridica-empresarial\\\/\",\"url\":\"https:\\\/\\\/www.gm.adv.br\\\/site\\\/2022\\\/10\\\/13\\\/seu-negocio-conta-com-uma-assessoria-juridica-empresarial\\\/\",\"name\":\"Seu neg\u00f3cio conta com uma assessoria jur\u00eddica empresarial?\",\"isPartOf\":{\"@id\":\"https:\\\/\\\/www.gm.adv.br\\\/site\\\/#website\"},\"primaryImageOfPage\":{\"@id\":\"https:\\\/\\\/www.gm.adv.br\\\/site\\\/2022\\\/10\\\/13\\\/seu-negocio-conta-com-uma-assessoria-juridica-empresarial\\\/#primaryimage\"},\"image\":{\"@id\":\"https:\\\/\\\/www.gm.adv.br\\\/site\\\/2022\\\/10\\\/13\\\/seu-negocio-conta-com-uma-assessoria-juridica-empresarial\\\/#primaryimage\"},\"thumbnailUrl\":\"https:\\\/\\\/www.gm.adv.br\\\/site\\\/wp-content\\\/uploads\\\/2022\\\/10\\\/advogados-trabalhando-na-assessoria-juridica-empresarial.jpg\",\"datePublished\":\"2022-10-13T11:57:57+00:00\",\"description\":\"A assessoria jur\u00eddica empresarial \u00e9 uma das a\u00e7\u00f5es dentro da advocacia preventiva. Pautada pela antecipa\u00e7\u00e3o e controle de riscos.\",\"breadcrumb\":{\"@id\":\"https:\\\/\\\/www.gm.adv.br\\\/site\\\/2022\\\/10\\\/13\\\/seu-negocio-conta-com-uma-assessoria-juridica-empresarial\\\/#breadcrumb\"},\"inLanguage\":\"pt-BR\",\"potentialAction\":[{\"@type\":\"ReadAction\",\"target\":[\"https:\\\/\\\/www.gm.adv.br\\\/site\\\/2022\\\/10\\\/13\\\/seu-negocio-conta-com-uma-assessoria-juridica-empresarial\\\/\"]}]},{\"@type\":\"ImageObject\",\"inLanguage\":\"pt-BR\",\"@id\":\"https:\\\/\\\/www.gm.adv.br\\\/site\\\/2022\\\/10\\\/13\\\/seu-negocio-conta-com-uma-assessoria-juridica-empresarial\\\/#primaryimage\",\"url\":\"https:\\\/\\\/www.gm.adv.br\\\/site\\\/wp-content\\\/uploads\\\/2022\\\/10\\\/advogados-trabalhando-na-assessoria-juridica-empresarial.jpg\",\"contentUrl\":\"https:\\\/\\\/www.gm.adv.br\\\/site\\\/wp-content\\\/uploads\\\/2022\\\/10\\\/advogados-trabalhando-na-assessoria-juridica-empresarial.jpg\",\"width\":800,\"height\":800,\"caption\":\"Advogados trabalhando na assessoria jur\u00eddica empresarial\"},{\"@type\":\"BreadcrumbList\",\"@id\":\"https:\\\/\\\/www.gm.adv.br\\\/site\\\/2022\\\/10\\\/13\\\/seu-negocio-conta-com-uma-assessoria-juridica-empresarial\\\/#breadcrumb\",\"itemListElement\":[{\"@type\":\"ListItem\",\"position\":1,\"name\":\"In\u00edcio\",\"item\":\"https:\\\/\\\/www.gm.adv.br\\\/site\\\/\"},{\"@type\":\"ListItem\",\"position\":2,\"name\":\"Seu neg\u00f3cio conta com uma assessoria jur\u00eddica empresarial?\"}]},{\"@type\":\"WebSite\",\"@id\":\"https:\\\/\\\/www.gm.adv.br\\\/site\\\/#website\",\"url\":\"https:\\\/\\\/www.gm.adv.br\\\/site\\\/\",\"name\":\"Guaresi & Mill\u00e9o Advogados Associados | Escrit\u00f3rio de Advocacia em Conc\u00f3rdia-SC | 30 Anos de Experi\u00eanci\",\"description\":\"Advocacia Direito Banc\u00e1rio, Tribut\u00e1rio, Trabalhista, C\u00edvil, P\u00fablica, Municipal, Advogados Associados Guaresi e Mill\u00e9o  |  Conc\u00f3rdia SC\",\"publisher\":{\"@id\":\"https:\\\/\\\/www.gm.adv.br\\\/site\\\/#organization\"},\"alternateName\":\"Guaresi e Mill\u00e9o Escrit\u00f3rio de Advocacia e Consultoria em Conc\u00f3rdia-SC\",\"potentialAction\":[{\"@type\":\"SearchAction\",\"target\":{\"@type\":\"EntryPoint\",\"urlTemplate\":\"https:\\\/\\\/www.gm.adv.br\\\/site\\\/?s={search_term_string}\"},\"query-input\":{\"@type\":\"PropertyValueSpecification\",\"valueRequired\":true,\"valueName\":\"search_term_string\"}}],\"inLanguage\":\"pt-BR\"},{\"@type\":\"Organization\",\"@id\":\"https:\\\/\\\/www.gm.adv.br\\\/site\\\/#organization\",\"name\":\"Guaresi & Milleo Advogados Associados em Conc\u00f3rdia SC\",\"alternateName\":\"Guaresi e Milleo Advocacia e Consultoria\",\"url\":\"https:\\\/\\\/www.gm.adv.br\\\/site\\\/\",\"logo\":{\"@type\":\"ImageObject\",\"inLanguage\":\"pt-BR\",\"@id\":\"https:\\\/\\\/www.gm.adv.br\\\/site\\\/#\\\/schema\\\/logo\\\/image\\\/\",\"url\":\"https:\\\/\\\/www.gm.adv.br\\\/site\\\/wp-content\\\/uploads\\\/2025\\\/07\\\/cropped-icone-512.webp\",\"contentUrl\":\"https:\\\/\\\/www.gm.adv.br\\\/site\\\/wp-content\\\/uploads\\\/2025\\\/07\\\/cropped-icone-512.webp\",\"width\":512,\"height\":512,\"caption\":\"Guaresi & Milleo Advogados Associados em Conc\u00f3rdia SC\"},\"image\":{\"@id\":\"https:\\\/\\\/www.gm.adv.br\\\/site\\\/#\\\/schema\\\/logo\\\/image\\\/\"},\"sameAs\":[\"https:\\\/\\\/www.facebook.com\\\/GuaresiMilleoAdvogados\",\"https:\\\/\\\/www.instagram.com\\\/guaresiemilleo\\\/\",\"https:\\\/\\\/br.linkedin.com\\\/company\\\/guaresimilleo\"]},{\"@type\":\"Person\",\"@id\":\"https:\\\/\\\/www.gm.adv.br\\\/site\\\/#\\\/schema\\\/person\\\/7d633a2abab0d9b94253af6efc36428f\",\"name\":\"admin\",\"image\":{\"@type\":\"ImageObject\",\"inLanguage\":\"pt-BR\",\"@id\":\"https:\\\/\\\/secure.gravatar.com\\\/avatar\\\/c8bb173d280f7d1e50b67bb649de269247430499695ba3ee451b6289436d1d39?s=96&d=mm&r=g\",\"url\":\"https:\\\/\\\/secure.gravatar.com\\\/avatar\\\/c8bb173d280f7d1e50b67bb649de269247430499695ba3ee451b6289436d1d39?s=96&d=mm&r=g\",\"contentUrl\":\"https:\\\/\\\/secure.gravatar.com\\\/avatar\\\/c8bb173d280f7d1e50b67bb649de269247430499695ba3ee451b6289436d1d39?s=96&d=mm&r=g\",\"caption\":\"admin\"},\"sameAs\":[\"https:\\\/\\\/www.gm.adv.br\\\/site\"],\"url\":\"https:\\\/\\\/www.gm.adv.br\\\/site\\\/author\\\/admin\\\/\"}]}<\/script>\n<!-- \/ Yoast SEO plugin. -->","yoast_head_json":{"title":"Seu neg\u00f3cio conta com uma assessoria jur\u00eddica empresarial?","description":"A assessoria jur\u00eddica empresarial \u00e9 uma das a\u00e7\u00f5es dentro da advocacia preventiva. Pautada pela antecipa\u00e7\u00e3o e controle de riscos.","robots":{"index":"index","follow":"follow","max-snippet":"max-snippet:-1","max-image-preview":"max-image-preview:large","max-video-preview":"max-video-preview:-1"},"canonical":"https:\/\/www.gm.adv.br\/site\/2022\/10\/13\/seu-negocio-conta-com-uma-assessoria-juridica-empresarial\/","og_locale":"pt_BR","og_type":"article","og_title":"Seu neg\u00f3cio conta com uma assessoria jur\u00eddica empresarial?","og_description":"A assessoria jur\u00eddica empresarial \u00e9 uma das a\u00e7\u00f5es dentro da advocacia preventiva. Pautada pela antecipa\u00e7\u00e3o e controle de riscos.","og_url":"https:\/\/www.gm.adv.br\/site\/2022\/10\/13\/seu-negocio-conta-com-uma-assessoria-juridica-empresarial\/","og_site_name":"Guaresi &amp; Mill\u00e9o Advogados Associados | Escrit\u00f3rio de Advocacia em Conc\u00f3rdia-SC | 30 Anos de Experi\u00eancia","article_publisher":"https:\/\/www.facebook.com\/GuaresiMilleoAdvogados","article_published_time":"2022-10-13T11:57:57+00:00","og_image":[{"width":800,"height":800,"url":"https:\/\/www.gm.adv.br\/site\/wp-content\/uploads\/2022\/10\/advogados-trabalhando-na-assessoria-juridica-empresarial.jpg","type":"image\/jpeg"}],"author":"admin","twitter_card":"summary_large_image","twitter_misc":{"Escrito por":"admin","Est. tempo de leitura":"5 minutos"},"schema":{"@context":"https:\/\/schema.org","@graph":[{"@type":"Article","@id":"https:\/\/www.gm.adv.br\/site\/2022\/10\/13\/seu-negocio-conta-com-uma-assessoria-juridica-empresarial\/#article","isPartOf":{"@id":"https:\/\/www.gm.adv.br\/site\/2022\/10\/13\/seu-negocio-conta-com-uma-assessoria-juridica-empresarial\/"},"author":{"name":"admin","@id":"https:\/\/www.gm.adv.br\/site\/#\/schema\/person\/7d633a2abab0d9b94253af6efc36428f"},"headline":"Seu neg\u00f3cio conta com uma assessoria jur\u00eddica empresarial?","datePublished":"2022-10-13T11:57:57+00:00","mainEntityOfPage":{"@id":"https:\/\/www.gm.adv.br\/site\/2022\/10\/13\/seu-negocio-conta-com-uma-assessoria-juridica-empresarial\/"},"wordCount":895,"publisher":{"@id":"https:\/\/www.gm.adv.br\/site\/#organization"},"image":{"@id":"https:\/\/www.gm.adv.br\/site\/2022\/10\/13\/seu-negocio-conta-com-uma-assessoria-juridica-empresarial\/#primaryimage"},"thumbnailUrl":"https:\/\/www.gm.adv.br\/site\/wp-content\/uploads\/2022\/10\/advogados-trabalhando-na-assessoria-juridica-empresarial.jpg","articleSection":["Direito Empresarial"],"inLanguage":"pt-BR"},{"@type":"WebPage","@id":"https:\/\/www.gm.adv.br\/site\/2022\/10\/13\/seu-negocio-conta-com-uma-assessoria-juridica-empresarial\/","url":"https:\/\/www.gm.adv.br\/site\/2022\/10\/13\/seu-negocio-conta-com-uma-assessoria-juridica-empresarial\/","name":"Seu neg\u00f3cio conta com uma assessoria jur\u00eddica empresarial?","isPartOf":{"@id":"https:\/\/www.gm.adv.br\/site\/#website"},"primaryImageOfPage":{"@id":"https:\/\/www.gm.adv.br\/site\/2022\/10\/13\/seu-negocio-conta-com-uma-assessoria-juridica-empresarial\/#primaryimage"},"image":{"@id":"https:\/\/www.gm.adv.br\/site\/2022\/10\/13\/seu-negocio-conta-com-uma-assessoria-juridica-empresarial\/#primaryimage"},"thumbnailUrl":"https:\/\/www.gm.adv.br\/site\/wp-content\/uploads\/2022\/10\/advogados-trabalhando-na-assessoria-juridica-empresarial.jpg","datePublished":"2022-10-13T11:57:57+00:00","description":"A assessoria jur\u00eddica empresarial \u00e9 uma das a\u00e7\u00f5es dentro da advocacia preventiva. Pautada pela antecipa\u00e7\u00e3o e controle de riscos.","breadcrumb":{"@id":"https:\/\/www.gm.adv.br\/site\/2022\/10\/13\/seu-negocio-conta-com-uma-assessoria-juridica-empresarial\/#breadcrumb"},"inLanguage":"pt-BR","potentialAction":[{"@type":"ReadAction","target":["https:\/\/www.gm.adv.br\/site\/2022\/10\/13\/seu-negocio-conta-com-uma-assessoria-juridica-empresarial\/"]}]},{"@type":"ImageObject","inLanguage":"pt-BR","@id":"https:\/\/www.gm.adv.br\/site\/2022\/10\/13\/seu-negocio-conta-com-uma-assessoria-juridica-empresarial\/#primaryimage","url":"https:\/\/www.gm.adv.br\/site\/wp-content\/uploads\/2022\/10\/advogados-trabalhando-na-assessoria-juridica-empresarial.jpg","contentUrl":"https:\/\/www.gm.adv.br\/site\/wp-content\/uploads\/2022\/10\/advogados-trabalhando-na-assessoria-juridica-empresarial.jpg","width":800,"height":800,"caption":"Advogados trabalhando na assessoria jur\u00eddica empresarial"},{"@type":"BreadcrumbList","@id":"https:\/\/www.gm.adv.br\/site\/2022\/10\/13\/seu-negocio-conta-com-uma-assessoria-juridica-empresarial\/#breadcrumb","itemListElement":[{"@type":"ListItem","position":1,"name":"In\u00edcio","item":"https:\/\/www.gm.adv.br\/site\/"},{"@type":"ListItem","position":2,"name":"Seu neg\u00f3cio conta com uma assessoria jur\u00eddica empresarial?"}]},{"@type":"WebSite","@id":"https:\/\/www.gm.adv.br\/site\/#website","url":"https:\/\/www.gm.adv.br\/site\/","name":"Guaresi & Mill\u00e9o Advogados Associados | Escrit\u00f3rio de Advocacia em Conc\u00f3rdia-SC | 30 Anos de Experi\u00eanci","description":"Advocacia Direito Banc\u00e1rio, Tribut\u00e1rio, Trabalhista, C\u00edvil, P\u00fablica, Municipal, Advogados Associados Guaresi e Mill\u00e9o  |  Conc\u00f3rdia SC","publisher":{"@id":"https:\/\/www.gm.adv.br\/site\/#organization"},"alternateName":"Guaresi e Mill\u00e9o Escrit\u00f3rio de Advocacia e Consultoria em Conc\u00f3rdia-SC","potentialAction":[{"@type":"SearchAction","target":{"@type":"EntryPoint","urlTemplate":"https:\/\/www.gm.adv.br\/site\/?s={search_term_string}"},"query-input":{"@type":"PropertyValueSpecification","valueRequired":true,"valueName":"search_term_string"}}],"inLanguage":"pt-BR"},{"@type":"Organization","@id":"https:\/\/www.gm.adv.br\/site\/#organization","name":"Guaresi & Milleo Advogados Associados em Conc\u00f3rdia SC","alternateName":"Guaresi e Milleo Advocacia e Consultoria","url":"https:\/\/www.gm.adv.br\/site\/","logo":{"@type":"ImageObject","inLanguage":"pt-BR","@id":"https:\/\/www.gm.adv.br\/site\/#\/schema\/logo\/image\/","url":"https:\/\/www.gm.adv.br\/site\/wp-content\/uploads\/2025\/07\/cropped-icone-512.webp","contentUrl":"https:\/\/www.gm.adv.br\/site\/wp-content\/uploads\/2025\/07\/cropped-icone-512.webp","width":512,"height":512,"caption":"Guaresi & Milleo Advogados Associados em Conc\u00f3rdia SC"},"image":{"@id":"https:\/\/www.gm.adv.br\/site\/#\/schema\/logo\/image\/"},"sameAs":["https:\/\/www.facebook.com\/GuaresiMilleoAdvogados","https:\/\/www.instagram.com\/guaresiemilleo\/","https:\/\/br.linkedin.com\/company\/guaresimilleo"]},{"@type":"Person","@id":"https:\/\/www.gm.adv.br\/site\/#\/schema\/person\/7d633a2abab0d9b94253af6efc36428f","name":"admin","image":{"@type":"ImageObject","inLanguage":"pt-BR","@id":"https:\/\/secure.gravatar.com\/avatar\/c8bb173d280f7d1e50b67bb649de269247430499695ba3ee451b6289436d1d39?s=96&d=mm&r=g","url":"https:\/\/secure.gravatar.com\/avatar\/c8bb173d280f7d1e50b67bb649de269247430499695ba3ee451b6289436d1d39?s=96&d=mm&r=g","contentUrl":"https:\/\/secure.gravatar.com\/avatar\/c8bb173d280f7d1e50b67bb649de269247430499695ba3ee451b6289436d1d39?s=96&d=mm&r=g","caption":"admin"},"sameAs":["https:\/\/www.gm.adv.br\/site"],"url":"https:\/\/www.gm.adv.br\/site\/author\/admin\/"}]}},"_links":{"self":[{"href":"https:\/\/www.gm.adv.br\/site\/wp-json\/wp\/v2\/posts\/3775","targetHints":{"allow":["GET"]}}],"collection":[{"href":"https:\/\/www.gm.adv.br\/site\/wp-json\/wp\/v2\/posts"}],"about":[{"href":"https:\/\/www.gm.adv.br\/site\/wp-json\/wp\/v2\/types\/post"}],"author":[{"embeddable":true,"href":"https:\/\/www.gm.adv.br\/site\/wp-json\/wp\/v2\/users\/1"}],"replies":[{"embeddable":true,"href":"https:\/\/www.gm.adv.br\/site\/wp-json\/wp\/v2\/comments?post=3775"}],"version-history":[{"count":0,"href":"https:\/\/www.gm.adv.br\/site\/wp-json\/wp\/v2\/posts\/3775\/revisions"}],"wp:featuredmedia":[{"embeddable":true,"href":"https:\/\/www.gm.adv.br\/site\/wp-json\/wp\/v2\/media\/3776"}],"wp:attachment":[{"href":"https:\/\/www.gm.adv.br\/site\/wp-json\/wp\/v2\/media?parent=3775"}],"wp:term":[{"taxonomy":"category","embeddable":true,"href":"https:\/\/www.gm.adv.br\/site\/wp-json\/wp\/v2\/categories?post=3775"},{"taxonomy":"post_tag","embeddable":true,"href":"https:\/\/www.gm.adv.br\/site\/wp-json\/wp\/v2\/tags?post=3775"}],"curies":[{"name":"wp","href":"https:\/\/api.w.org\/{rel}","templated":true}]}}