{"id":3725,"date":"2022-07-21T18:10:36","date_gmt":"2022-07-21T21:10:36","guid":{"rendered":"https:\/\/gm.adv.br\/?p=3725"},"modified":"2022-07-21T18:10:36","modified_gmt":"2022-07-21T21:10:36","slug":"cumprimento-do-piso-do-magisterio-lei-11-738-08","status":"publish","type":"post","link":"https:\/\/www.gm.adv.br\/site\/2022\/07\/21\/cumprimento-do-piso-do-magisterio-lei-11-738-08\/","title":{"rendered":"Cumprimento do Piso do Magist\u00e9rio \u2013 Lei 11.738\/08"},"content":{"rendered":"<p>Muito embora vigente desde 2008, com constitucionalidade reconhecida pelo Supremo Tribunal Federal, ainda existem situa\u00e7\u00e3o de descumprimento do piso salarial profissional do magist\u00e9rio p\u00fablico da educa\u00e7\u00e3o b\u00e1sica.<\/p>\n<p>Referido piso \u00e9 vinculativo a todos os entes federativos, ou seja, a Uni\u00e3o, os Estados, o Distrito Federal e tamb\u00e9m os Munic\u00edpios devem observar o patamar m\u00ednimo fixado e atualizado anualmente pelo Minist\u00e9rio da Educa\u00e7\u00e3o, hoje de R$ 3.845,34.<\/p>\n<p>A cria\u00e7\u00e3o do piso do magist\u00e9rio decorre da previs\u00e3o da Emenda Constitucional 53\/2006, implementado pela Lei 11.738\/08, e refere-se estritamente ao vencimento b\u00e1sico do professor, n\u00e3o \u00e0 remunera\u00e7\u00e3o que pode ser composta por outras vantagens do cargo ou da carreira.<\/p>\n<p>Os Tribunais reiteradamente confirmam a legalidade do piso nacional do magist\u00e9rio, mas em especial os Munic\u00edpios encontram dificuldades ou permanecem inertes na atualiza\u00e7\u00e3o dos valores anualmente, sendo necess\u00e1ria a propositura de demandas judiciais para garantir o direito dos profissionais do magist\u00e9rio ao piso nacional.<\/p>\n<p>A renit\u00eancia na implementa\u00e7\u00e3o do piso do magist\u00e9rio implica em grande preju\u00edzo aos servidores, uma vez que trata-se de sal\u00e1rio \u2013 verba alimentar, cujo pagamento \u00e9 ilegalmente suprimido.<\/p>\n<p>Isso porque os Estados e Munic\u00edpios recebem verba federal inclusive para cumprimento de referidos par\u00e2metros remunerat\u00f3rias, em valores recentemente atualizados e ampliados pelo novo piso de gastos do Fundo de Manuten\u00e7\u00e3o e Desenvolvimento da Educa\u00e7\u00e3o B\u00e1sica e Valoriza\u00e7\u00e3o dos Profissionais da Educa\u00e7\u00e3o \u2013 FUNDEB, que distribuiu mais de R$ 176 bilh\u00f5es em 2021, dos quais no m\u00ednimo 70% devem ser destinado \u00e0 remunera\u00e7\u00e3o dos professores.<\/p>\n<p>Ou seja, existem valores repassados pela Uni\u00e3o especificamente para cumprimento do piso nacional do magist\u00e9rio e, mesmo assim, existem casos que referido valor m\u00ednimo legalmente previsto n\u00e3o \u00e9 pago aos servidores, o que implica na necessidade de medidas judiciais para fazer cumprir direito constitucionalmente garantido e legalmente previsto aos professores.<\/p>\n<p><a href=\"https:\/\/api.whatsapp.com\/send?phone=+5549984376950&amp;text=Ol%C3%A1\"><img loading=\"lazy\" decoding=\"async\" class=\"alignnone wp-image-4192 size-full\" src=\"https:\/\/www.gm.adv.br\/site\/wp-content\/uploads\/2022\/08\/converse-agora-com-um-advogado-especialista.webp\" alt=\"\" width=\"750\" height=\"150\" \/><\/a><\/p>\n<div class=\"text\">\n<div id=\"textoFonte\" class=\"overflow\">\n<p><span class=\"selectable-text copyable-text\">Este conte\u00fado foi produzido pelo Escrit\u00f3rio de Advocacia Guaresi e Mill\u00e9o Advogados Associados, h\u00e1 mais de 25 anos prestando servi\u00e7os em advocacia na cidade de Conc\u00f3rdia \u2013 SC e regi\u00e3o Oeste Catarinense. Continue acompanhando nosso\u00a0<a href=\"https:\/\/gm.adv.br\/blog\/\">blog<\/a>\u00a0para n\u00e3o perder mais nenhum conte\u00fado exclusivo.<\/span><\/p>\n<\/div>\n<\/div>\n<div class=\"shares_container\">\n<div class=\"share_link\"><\/div>\n<\/div>\n","protected":false},"excerpt":{"rendered":"<p>Muito embora vigente desde 2008, com constitucionalidade reconhecida pelo Supremo Tribunal Federal, ainda existem situa\u00e7\u00e3o de descumprimento do piso salarial profissional do magist\u00e9rio p\u00fablico da educa\u00e7\u00e3o b\u00e1sica. Referido piso \u00e9 vinculativo a todos os entes federativos, ou seja, a Uni\u00e3o, os Estados, o Distrito Federal e tamb\u00e9m os Munic\u00edpios devem observar o patamar m\u00ednimo fixado [&#8230;]\n","protected":false},"author":1,"featured_media":3601,"comment_status":"closed","ping_status":"closed","sticky":false,"template":"","format":"standard","meta":{"footnotes":""},"categories":[71],"tags":[],"class_list":["post-3725","post","type-post","status-publish","format-standard","has-post-thumbnail","hentry","category-direitopublico"],"yoast_head":"<!-- This site is optimized with the Yoast SEO plugin v27.5 - https:\/\/yoast.com\/product\/yoast-seo-wordpress\/ -->\n<title>Cumprimento do Piso do Magist\u00e9rio \u2013 Lei 11.738\/08 - Guaresi &amp; Mill\u00e9o Advogados Associados | Escrit\u00f3rio de Advocacia em Conc\u00f3rdia-SC | 30 Anos de Experi\u00eancia<\/title>\n<meta name=\"description\" content=\"Muito embora vigente desde 2008, com constitucionalidade reconhecida pelo Supremo Tribunal Federal, ainda existem situa\u00e7\u00e3o de descumprimento do piso salarial profissional do magist\u00e9rio p\u00fablico da educa\u00e7\u00e3o b\u00e1sica.\" \/>\n<meta name=\"robots\" content=\"index, follow, max-snippet:-1, max-image-preview:large, max-video-preview:-1\" \/>\n<link rel=\"canonical\" href=\"https:\/\/www.gm.adv.br\/site\/2022\/07\/21\/cumprimento-do-piso-do-magisterio-lei-11-738-08\/\" \/>\n<meta property=\"og:locale\" content=\"pt_BR\" \/>\n<meta property=\"og:type\" content=\"article\" \/>\n<meta property=\"og:title\" content=\"Cumprimento do Piso do Magist\u00e9rio \u2013 Lei 11.738\/08 - Guaresi &amp; Mill\u00e9o Advogados Associados | Escrit\u00f3rio de Advocacia em Conc\u00f3rdia-SC | 30 Anos de Experi\u00eancia\" \/>\n<meta property=\"og:description\" content=\"Muito embora vigente desde 2008, com constitucionalidade reconhecida pelo Supremo Tribunal Federal, ainda existem situa\u00e7\u00e3o de descumprimento do piso salarial profissional do magist\u00e9rio p\u00fablico da educa\u00e7\u00e3o b\u00e1sica.\" \/>\n<meta property=\"og:url\" content=\"https:\/\/www.gm.adv.br\/site\/2022\/07\/21\/cumprimento-do-piso-do-magisterio-lei-11-738-08\/\" \/>\n<meta property=\"og:site_name\" content=\"Guaresi &amp; Mill\u00e9o Advogados Associados | Escrit\u00f3rio de Advocacia em Conc\u00f3rdia-SC | 30 Anos de Experi\u00eancia\" \/>\n<meta property=\"article:publisher\" content=\"https:\/\/www.facebook.com\/GuaresiMilleoAdvogados\" \/>\n<meta property=\"article:published_time\" content=\"2022-07-21T21:10:36+00:00\" \/>\n<meta property=\"og:image\" content=\"https:\/\/www.gm.adv.br\/site\/wp-content\/uploads\/2022\/05\/Novo-Piso-de-Gastos-do-Fundeb-\u2013-70-e1651756682978.jpg\" \/>\n\t<meta property=\"og:image:width\" content=\"400\" \/>\n\t<meta property=\"og:image:height\" content=\"285\" \/>\n\t<meta property=\"og:image:type\" content=\"image\/jpeg\" \/>\n<meta name=\"author\" content=\"admin\" \/>\n<meta name=\"twitter:card\" content=\"summary_large_image\" \/>\n<meta name=\"twitter:label1\" content=\"Escrito por\" \/>\n\t<meta name=\"twitter:data1\" content=\"admin\" \/>\n\t<meta name=\"twitter:label2\" content=\"Est. tempo de leitura\" \/>\n\t<meta name=\"twitter:data2\" content=\"3 minutos\" \/>\n<script type=\"application\/ld+json\" class=\"yoast-schema-graph\">{\"@context\":\"https:\\\/\\\/schema.org\",\"@graph\":[{\"@type\":\"Article\",\"@id\":\"https:\\\/\\\/www.gm.adv.br\\\/site\\\/2022\\\/07\\\/21\\\/cumprimento-do-piso-do-magisterio-lei-11-738-08\\\/#article\",\"isPartOf\":{\"@id\":\"https:\\\/\\\/www.gm.adv.br\\\/site\\\/2022\\\/07\\\/21\\\/cumprimento-do-piso-do-magisterio-lei-11-738-08\\\/\"},\"author\":{\"name\":\"admin\",\"@id\":\"https:\\\/\\\/www.gm.adv.br\\\/site\\\/#\\\/schema\\\/person\\\/7d633a2abab0d9b94253af6efc36428f\"},\"headline\":\"Cumprimento do Piso do Magist\u00e9rio \u2013 Lei 11.738\\\/08\",\"datePublished\":\"2022-07-21T21:10:36+00:00\",\"mainEntityOfPage\":{\"@id\":\"https:\\\/\\\/www.gm.adv.br\\\/site\\\/2022\\\/07\\\/21\\\/cumprimento-do-piso-do-magisterio-lei-11-738-08\\\/\"},\"wordCount\":377,\"publisher\":{\"@id\":\"https:\\\/\\\/www.gm.adv.br\\\/site\\\/#organization\"},\"image\":{\"@id\":\"https:\\\/\\\/www.gm.adv.br\\\/site\\\/2022\\\/07\\\/21\\\/cumprimento-do-piso-do-magisterio-lei-11-738-08\\\/#primaryimage\"},\"thumbnailUrl\":\"https:\\\/\\\/www.gm.adv.br\\\/site\\\/wp-content\\\/uploads\\\/2022\\\/05\\\/Novo-Piso-de-Gastos-do-Fundeb-\u2013-70-e1651756682978.jpg\",\"articleSection\":[\"Direito P\u00fablico\"],\"inLanguage\":\"pt-BR\"},{\"@type\":\"WebPage\",\"@id\":\"https:\\\/\\\/www.gm.adv.br\\\/site\\\/2022\\\/07\\\/21\\\/cumprimento-do-piso-do-magisterio-lei-11-738-08\\\/\",\"url\":\"https:\\\/\\\/www.gm.adv.br\\\/site\\\/2022\\\/07\\\/21\\\/cumprimento-do-piso-do-magisterio-lei-11-738-08\\\/\",\"name\":\"Cumprimento do Piso do Magist\u00e9rio \u2013 Lei 11.738\\\/08 - Guaresi &amp; Mill\u00e9o Advogados Associados | Escrit\u00f3rio de Advocacia em Conc\u00f3rdia-SC | 30 Anos de Experi\u00eancia\",\"isPartOf\":{\"@id\":\"https:\\\/\\\/www.gm.adv.br\\\/site\\\/#website\"},\"primaryImageOfPage\":{\"@id\":\"https:\\\/\\\/www.gm.adv.br\\\/site\\\/2022\\\/07\\\/21\\\/cumprimento-do-piso-do-magisterio-lei-11-738-08\\\/#primaryimage\"},\"image\":{\"@id\":\"https:\\\/\\\/www.gm.adv.br\\\/site\\\/2022\\\/07\\\/21\\\/cumprimento-do-piso-do-magisterio-lei-11-738-08\\\/#primaryimage\"},\"thumbnailUrl\":\"https:\\\/\\\/www.gm.adv.br\\\/site\\\/wp-content\\\/uploads\\\/2022\\\/05\\\/Novo-Piso-de-Gastos-do-Fundeb-\u2013-70-e1651756682978.jpg\",\"datePublished\":\"2022-07-21T21:10:36+00:00\",\"description\":\"Muito embora vigente desde 2008, com constitucionalidade reconhecida pelo Supremo Tribunal Federal, ainda existem situa\u00e7\u00e3o de descumprimento do piso salarial profissional do magist\u00e9rio p\u00fablico da educa\u00e7\u00e3o b\u00e1sica.\",\"breadcrumb\":{\"@id\":\"https:\\\/\\\/www.gm.adv.br\\\/site\\\/2022\\\/07\\\/21\\\/cumprimento-do-piso-do-magisterio-lei-11-738-08\\\/#breadcrumb\"},\"inLanguage\":\"pt-BR\",\"potentialAction\":[{\"@type\":\"ReadAction\",\"target\":[\"https:\\\/\\\/www.gm.adv.br\\\/site\\\/2022\\\/07\\\/21\\\/cumprimento-do-piso-do-magisterio-lei-11-738-08\\\/\"]}]},{\"@type\":\"ImageObject\",\"inLanguage\":\"pt-BR\",\"@id\":\"https:\\\/\\\/www.gm.adv.br\\\/site\\\/2022\\\/07\\\/21\\\/cumprimento-do-piso-do-magisterio-lei-11-738-08\\\/#primaryimage\",\"url\":\"https:\\\/\\\/www.gm.adv.br\\\/site\\\/wp-content\\\/uploads\\\/2022\\\/05\\\/Novo-Piso-de-Gastos-do-Fundeb-\u2013-70-e1651756682978.jpg\",\"contentUrl\":\"https:\\\/\\\/www.gm.adv.br\\\/site\\\/wp-content\\\/uploads\\\/2022\\\/05\\\/Novo-Piso-de-Gastos-do-Fundeb-\u2013-70-e1651756682978.jpg\",\"width\":400,\"height\":285,\"caption\":\"Imagem ilustrando o novo piso de gastos do fundeb\"},{\"@type\":\"BreadcrumbList\",\"@id\":\"https:\\\/\\\/www.gm.adv.br\\\/site\\\/2022\\\/07\\\/21\\\/cumprimento-do-piso-do-magisterio-lei-11-738-08\\\/#breadcrumb\",\"itemListElement\":[{\"@type\":\"ListItem\",\"position\":1,\"name\":\"In\u00edcio\",\"item\":\"https:\\\/\\\/www.gm.adv.br\\\/site\\\/\"},{\"@type\":\"ListItem\",\"position\":2,\"name\":\"Cumprimento do Piso do Magist\u00e9rio \u2013 Lei 11.738\\\/08\"}]},{\"@type\":\"WebSite\",\"@id\":\"https:\\\/\\\/www.gm.adv.br\\\/site\\\/#website\",\"url\":\"https:\\\/\\\/www.gm.adv.br\\\/site\\\/\",\"name\":\"Guaresi & Mill\u00e9o Advogados Associados | Escrit\u00f3rio de Advocacia em Conc\u00f3rdia-SC | 30 Anos de Experi\u00eanci\",\"description\":\"Advocacia Direito Banc\u00e1rio, Tribut\u00e1rio, Trabalhista, C\u00edvil, P\u00fablica, Municipal, Advogados Associados Guaresi e Mill\u00e9o  |  Conc\u00f3rdia SC\",\"publisher\":{\"@id\":\"https:\\\/\\\/www.gm.adv.br\\\/site\\\/#organization\"},\"alternateName\":\"Guaresi e Mill\u00e9o Escrit\u00f3rio de Advocacia e Consultoria em Conc\u00f3rdia-SC\",\"potentialAction\":[{\"@type\":\"SearchAction\",\"target\":{\"@type\":\"EntryPoint\",\"urlTemplate\":\"https:\\\/\\\/www.gm.adv.br\\\/site\\\/?s={search_term_string}\"},\"query-input\":{\"@type\":\"PropertyValueSpecification\",\"valueRequired\":true,\"valueName\":\"search_term_string\"}}],\"inLanguage\":\"pt-BR\"},{\"@type\":\"Organization\",\"@id\":\"https:\\\/\\\/www.gm.adv.br\\\/site\\\/#organization\",\"name\":\"Guaresi & Milleo Advogados Associados em Conc\u00f3rdia SC\",\"alternateName\":\"Guaresi e Milleo Advocacia e Consultoria\",\"url\":\"https:\\\/\\\/www.gm.adv.br\\\/site\\\/\",\"logo\":{\"@type\":\"ImageObject\",\"inLanguage\":\"pt-BR\",\"@id\":\"https:\\\/\\\/www.gm.adv.br\\\/site\\\/#\\\/schema\\\/logo\\\/image\\\/\",\"url\":\"https:\\\/\\\/www.gm.adv.br\\\/site\\\/wp-content\\\/uploads\\\/2025\\\/07\\\/cropped-icone-512.webp\",\"contentUrl\":\"https:\\\/\\\/www.gm.adv.br\\\/site\\\/wp-content\\\/uploads\\\/2025\\\/07\\\/cropped-icone-512.webp\",\"width\":512,\"height\":512,\"caption\":\"Guaresi & Milleo Advogados Associados em Conc\u00f3rdia SC\"},\"image\":{\"@id\":\"https:\\\/\\\/www.gm.adv.br\\\/site\\\/#\\\/schema\\\/logo\\\/image\\\/\"},\"sameAs\":[\"https:\\\/\\\/www.facebook.com\\\/GuaresiMilleoAdvogados\",\"https:\\\/\\\/www.instagram.com\\\/guaresiemilleo\\\/\",\"https:\\\/\\\/br.linkedin.com\\\/company\\\/guaresimilleo\"]},{\"@type\":\"Person\",\"@id\":\"https:\\\/\\\/www.gm.adv.br\\\/site\\\/#\\\/schema\\\/person\\\/7d633a2abab0d9b94253af6efc36428f\",\"name\":\"admin\",\"image\":{\"@type\":\"ImageObject\",\"inLanguage\":\"pt-BR\",\"@id\":\"https:\\\/\\\/secure.gravatar.com\\\/avatar\\\/c8bb173d280f7d1e50b67bb649de269247430499695ba3ee451b6289436d1d39?s=96&d=mm&r=g\",\"url\":\"https:\\\/\\\/secure.gravatar.com\\\/avatar\\\/c8bb173d280f7d1e50b67bb649de269247430499695ba3ee451b6289436d1d39?s=96&d=mm&r=g\",\"contentUrl\":\"https:\\\/\\\/secure.gravatar.com\\\/avatar\\\/c8bb173d280f7d1e50b67bb649de269247430499695ba3ee451b6289436d1d39?s=96&d=mm&r=g\",\"caption\":\"admin\"},\"sameAs\":[\"https:\\\/\\\/www.gm.adv.br\\\/site\"],\"url\":\"https:\\\/\\\/www.gm.adv.br\\\/site\\\/author\\\/admin\\\/\"}]}<\/script>\n<!-- \/ Yoast SEO plugin. -->","yoast_head_json":{"title":"Cumprimento do Piso do Magist\u00e9rio \u2013 Lei 11.738\/08 - Guaresi &amp; Mill\u00e9o Advogados Associados | Escrit\u00f3rio de Advocacia em Conc\u00f3rdia-SC | 30 Anos de Experi\u00eancia","description":"Muito embora vigente desde 2008, com constitucionalidade reconhecida pelo Supremo Tribunal Federal, ainda existem situa\u00e7\u00e3o de descumprimento do piso salarial profissional do magist\u00e9rio p\u00fablico da educa\u00e7\u00e3o b\u00e1sica.","robots":{"index":"index","follow":"follow","max-snippet":"max-snippet:-1","max-image-preview":"max-image-preview:large","max-video-preview":"max-video-preview:-1"},"canonical":"https:\/\/www.gm.adv.br\/site\/2022\/07\/21\/cumprimento-do-piso-do-magisterio-lei-11-738-08\/","og_locale":"pt_BR","og_type":"article","og_title":"Cumprimento do Piso do Magist\u00e9rio \u2013 Lei 11.738\/08 - Guaresi &amp; Mill\u00e9o Advogados Associados | Escrit\u00f3rio de Advocacia em Conc\u00f3rdia-SC | 30 Anos de Experi\u00eancia","og_description":"Muito embora vigente desde 2008, com constitucionalidade reconhecida pelo Supremo Tribunal Federal, ainda existem situa\u00e7\u00e3o de descumprimento do piso salarial profissional do magist\u00e9rio p\u00fablico da educa\u00e7\u00e3o b\u00e1sica.","og_url":"https:\/\/www.gm.adv.br\/site\/2022\/07\/21\/cumprimento-do-piso-do-magisterio-lei-11-738-08\/","og_site_name":"Guaresi &amp; Mill\u00e9o Advogados Associados | Escrit\u00f3rio de Advocacia em Conc\u00f3rdia-SC | 30 Anos de Experi\u00eancia","article_publisher":"https:\/\/www.facebook.com\/GuaresiMilleoAdvogados","article_published_time":"2022-07-21T21:10:36+00:00","og_image":[{"width":400,"height":285,"url":"https:\/\/www.gm.adv.br\/site\/wp-content\/uploads\/2022\/05\/Novo-Piso-de-Gastos-do-Fundeb-\u2013-70-e1651756682978.jpg","type":"image\/jpeg"}],"author":"admin","twitter_card":"summary_large_image","twitter_misc":{"Escrito por":"admin","Est. tempo de leitura":"3 minutos"},"schema":{"@context":"https:\/\/schema.org","@graph":[{"@type":"Article","@id":"https:\/\/www.gm.adv.br\/site\/2022\/07\/21\/cumprimento-do-piso-do-magisterio-lei-11-738-08\/#article","isPartOf":{"@id":"https:\/\/www.gm.adv.br\/site\/2022\/07\/21\/cumprimento-do-piso-do-magisterio-lei-11-738-08\/"},"author":{"name":"admin","@id":"https:\/\/www.gm.adv.br\/site\/#\/schema\/person\/7d633a2abab0d9b94253af6efc36428f"},"headline":"Cumprimento do Piso do Magist\u00e9rio \u2013 Lei 11.738\/08","datePublished":"2022-07-21T21:10:36+00:00","mainEntityOfPage":{"@id":"https:\/\/www.gm.adv.br\/site\/2022\/07\/21\/cumprimento-do-piso-do-magisterio-lei-11-738-08\/"},"wordCount":377,"publisher":{"@id":"https:\/\/www.gm.adv.br\/site\/#organization"},"image":{"@id":"https:\/\/www.gm.adv.br\/site\/2022\/07\/21\/cumprimento-do-piso-do-magisterio-lei-11-738-08\/#primaryimage"},"thumbnailUrl":"https:\/\/www.gm.adv.br\/site\/wp-content\/uploads\/2022\/05\/Novo-Piso-de-Gastos-do-Fundeb-\u2013-70-e1651756682978.jpg","articleSection":["Direito P\u00fablico"],"inLanguage":"pt-BR"},{"@type":"WebPage","@id":"https:\/\/www.gm.adv.br\/site\/2022\/07\/21\/cumprimento-do-piso-do-magisterio-lei-11-738-08\/","url":"https:\/\/www.gm.adv.br\/site\/2022\/07\/21\/cumprimento-do-piso-do-magisterio-lei-11-738-08\/","name":"Cumprimento do Piso do Magist\u00e9rio \u2013 Lei 11.738\/08 - Guaresi &amp; Mill\u00e9o Advogados Associados | Escrit\u00f3rio de Advocacia em Conc\u00f3rdia-SC | 30 Anos de Experi\u00eancia","isPartOf":{"@id":"https:\/\/www.gm.adv.br\/site\/#website"},"primaryImageOfPage":{"@id":"https:\/\/www.gm.adv.br\/site\/2022\/07\/21\/cumprimento-do-piso-do-magisterio-lei-11-738-08\/#primaryimage"},"image":{"@id":"https:\/\/www.gm.adv.br\/site\/2022\/07\/21\/cumprimento-do-piso-do-magisterio-lei-11-738-08\/#primaryimage"},"thumbnailUrl":"https:\/\/www.gm.adv.br\/site\/wp-content\/uploads\/2022\/05\/Novo-Piso-de-Gastos-do-Fundeb-\u2013-70-e1651756682978.jpg","datePublished":"2022-07-21T21:10:36+00:00","description":"Muito embora vigente desde 2008, com constitucionalidade reconhecida pelo Supremo Tribunal Federal, ainda existem situa\u00e7\u00e3o de descumprimento do piso salarial profissional do magist\u00e9rio p\u00fablico da educa\u00e7\u00e3o b\u00e1sica.","breadcrumb":{"@id":"https:\/\/www.gm.adv.br\/site\/2022\/07\/21\/cumprimento-do-piso-do-magisterio-lei-11-738-08\/#breadcrumb"},"inLanguage":"pt-BR","potentialAction":[{"@type":"ReadAction","target":["https:\/\/www.gm.adv.br\/site\/2022\/07\/21\/cumprimento-do-piso-do-magisterio-lei-11-738-08\/"]}]},{"@type":"ImageObject","inLanguage":"pt-BR","@id":"https:\/\/www.gm.adv.br\/site\/2022\/07\/21\/cumprimento-do-piso-do-magisterio-lei-11-738-08\/#primaryimage","url":"https:\/\/www.gm.adv.br\/site\/wp-content\/uploads\/2022\/05\/Novo-Piso-de-Gastos-do-Fundeb-\u2013-70-e1651756682978.jpg","contentUrl":"https:\/\/www.gm.adv.br\/site\/wp-content\/uploads\/2022\/05\/Novo-Piso-de-Gastos-do-Fundeb-\u2013-70-e1651756682978.jpg","width":400,"height":285,"caption":"Imagem ilustrando o novo piso de gastos do fundeb"},{"@type":"BreadcrumbList","@id":"https:\/\/www.gm.adv.br\/site\/2022\/07\/21\/cumprimento-do-piso-do-magisterio-lei-11-738-08\/#breadcrumb","itemListElement":[{"@type":"ListItem","position":1,"name":"In\u00edcio","item":"https:\/\/www.gm.adv.br\/site\/"},{"@type":"ListItem","position":2,"name":"Cumprimento do Piso do Magist\u00e9rio \u2013 Lei 11.738\/08"}]},{"@type":"WebSite","@id":"https:\/\/www.gm.adv.br\/site\/#website","url":"https:\/\/www.gm.adv.br\/site\/","name":"Guaresi & Mill\u00e9o Advogados Associados | Escrit\u00f3rio de Advocacia em Conc\u00f3rdia-SC | 30 Anos de Experi\u00eanci","description":"Advocacia Direito Banc\u00e1rio, Tribut\u00e1rio, Trabalhista, C\u00edvil, P\u00fablica, Municipal, Advogados Associados Guaresi e Mill\u00e9o  |  Conc\u00f3rdia SC","publisher":{"@id":"https:\/\/www.gm.adv.br\/site\/#organization"},"alternateName":"Guaresi e Mill\u00e9o Escrit\u00f3rio de Advocacia e Consultoria em Conc\u00f3rdia-SC","potentialAction":[{"@type":"SearchAction","target":{"@type":"EntryPoint","urlTemplate":"https:\/\/www.gm.adv.br\/site\/?s={search_term_string}"},"query-input":{"@type":"PropertyValueSpecification","valueRequired":true,"valueName":"search_term_string"}}],"inLanguage":"pt-BR"},{"@type":"Organization","@id":"https:\/\/www.gm.adv.br\/site\/#organization","name":"Guaresi & Milleo Advogados Associados em Conc\u00f3rdia SC","alternateName":"Guaresi e Milleo Advocacia e Consultoria","url":"https:\/\/www.gm.adv.br\/site\/","logo":{"@type":"ImageObject","inLanguage":"pt-BR","@id":"https:\/\/www.gm.adv.br\/site\/#\/schema\/logo\/image\/","url":"https:\/\/www.gm.adv.br\/site\/wp-content\/uploads\/2025\/07\/cropped-icone-512.webp","contentUrl":"https:\/\/www.gm.adv.br\/site\/wp-content\/uploads\/2025\/07\/cropped-icone-512.webp","width":512,"height":512,"caption":"Guaresi & Milleo Advogados Associados em Conc\u00f3rdia SC"},"image":{"@id":"https:\/\/www.gm.adv.br\/site\/#\/schema\/logo\/image\/"},"sameAs":["https:\/\/www.facebook.com\/GuaresiMilleoAdvogados","https:\/\/www.instagram.com\/guaresiemilleo\/","https:\/\/br.linkedin.com\/company\/guaresimilleo"]},{"@type":"Person","@id":"https:\/\/www.gm.adv.br\/site\/#\/schema\/person\/7d633a2abab0d9b94253af6efc36428f","name":"admin","image":{"@type":"ImageObject","inLanguage":"pt-BR","@id":"https:\/\/secure.gravatar.com\/avatar\/c8bb173d280f7d1e50b67bb649de269247430499695ba3ee451b6289436d1d39?s=96&d=mm&r=g","url":"https:\/\/secure.gravatar.com\/avatar\/c8bb173d280f7d1e50b67bb649de269247430499695ba3ee451b6289436d1d39?s=96&d=mm&r=g","contentUrl":"https:\/\/secure.gravatar.com\/avatar\/c8bb173d280f7d1e50b67bb649de269247430499695ba3ee451b6289436d1d39?s=96&d=mm&r=g","caption":"admin"},"sameAs":["https:\/\/www.gm.adv.br\/site"],"url":"https:\/\/www.gm.adv.br\/site\/author\/admin\/"}]}},"_links":{"self":[{"href":"https:\/\/www.gm.adv.br\/site\/wp-json\/wp\/v2\/posts\/3725","targetHints":{"allow":["GET"]}}],"collection":[{"href":"https:\/\/www.gm.adv.br\/site\/wp-json\/wp\/v2\/posts"}],"about":[{"href":"https:\/\/www.gm.adv.br\/site\/wp-json\/wp\/v2\/types\/post"}],"author":[{"embeddable":true,"href":"https:\/\/www.gm.adv.br\/site\/wp-json\/wp\/v2\/users\/1"}],"replies":[{"embeddable":true,"href":"https:\/\/www.gm.adv.br\/site\/wp-json\/wp\/v2\/comments?post=3725"}],"version-history":[{"count":0,"href":"https:\/\/www.gm.adv.br\/site\/wp-json\/wp\/v2\/posts\/3725\/revisions"}],"wp:featuredmedia":[{"embeddable":true,"href":"https:\/\/www.gm.adv.br\/site\/wp-json\/wp\/v2\/media\/3601"}],"wp:attachment":[{"href":"https:\/\/www.gm.adv.br\/site\/wp-json\/wp\/v2\/media?parent=3725"}],"wp:term":[{"taxonomy":"category","embeddable":true,"href":"https:\/\/www.gm.adv.br\/site\/wp-json\/wp\/v2\/categories?post=3725"},{"taxonomy":"post_tag","embeddable":true,"href":"https:\/\/www.gm.adv.br\/site\/wp-json\/wp\/v2\/tags?post=3725"}],"curies":[{"name":"wp","href":"https:\/\/api.w.org\/{rel}","templated":true}]}}