{"id":3718,"date":"2022-07-08T10:56:08","date_gmt":"2022-07-08T13:56:08","guid":{"rendered":"https:\/\/gm.adv.br\/?p=3718"},"modified":"2022-07-08T10:56:08","modified_gmt":"2022-07-08T13:56:08","slug":"postou-o-que-nao-devia-pode-ter-que-indenizar","status":"publish","type":"post","link":"https:\/\/www.gm.adv.br\/site\/2022\/07\/08\/postou-o-que-nao-devia-pode-ter-que-indenizar\/","title":{"rendered":"Postou o que n\u00e3o devia&#8230; pode ter que indenizar?"},"content":{"rendered":"<p>Faz tempo que se sabe que rede social n\u00e3o \u00e9 terra de ningu\u00e9m.<\/p>\n<p>Apesar disso, tem gente que esquece.<\/p>\n<p>E a\u00ed vem desde uma simples \u201cfofoca\u201d at\u00e9 a desmoraliza\u00e7\u00e3o completa de algu\u00e9m. E os crimes de amea\u00e7a, fraude, estelionato, <em>fake news<\/em>, cal\u00fania, inj\u00faria e difama\u00e7\u00e3o se apresentam das formas mais inusitadas.<\/p>\n<p>O alcance de uma simples postagem \u00e9 quase imensur\u00e1vel, pois a quantidade de compartilhamentos e reenvios que pode receber foge totalmente da perspectiva inicial do seu grupo de \u201camigos\u201d ou \u201cseguidores\u201d. Ent\u00e3o, se sua \u201copini\u00e3o\u201d pode atingir algu\u00e9m \u2013 seja uma pessoa, empresa ou uma institui\u00e7\u00e3o, tome cuidado.<\/p>\n<p>E n\u00e3o precisa ter o nome de ningu\u00e9m n\u00e3o, basta que seja poss\u00edvel identifica\u00e7\u00e3o, seja pela situa\u00e7\u00e3o exposta, pelas imagens ou pelo contexto.<\/p>\n<p>E isso pode sim virar um procedimento criminal ou um processo judicial de indeniza\u00e7\u00e3o por danos morais e materiais, dependendo dos fatos envolvidos.<\/p>\n<h2>Ent\u00e3o, 5 regrinhas b\u00e1sicas:<\/h2>\n<ol>\n<li>Se seu coment\u00e1rio cita algu\u00e9m, ainda que implicitamente, pense duas vezes antes de postar, pois voc\u00ea pode ter que provar que aquilo \u00e9 verdade e, mesmo que seja, ainda pode ter que indenizar.<\/li>\n<li>Se envolve a imagem de algu\u00e9m, s\u00f3 publique com autoriza\u00e7\u00e3o.<\/li>\n<li>Se envolve sa\u00fade, sexualidade, religi\u00e3o de algu\u00e9m, cuidado \u2013 al\u00e9m de outros crimes espec\u00edficos, voc\u00ea pode ter que explicar como teve acesso a tais dados.<\/li>\n<li>Se voc\u00ea tem acesso a uma informa\u00e7\u00e3o por conta da sua rela\u00e7\u00e3o profissional com algu\u00e9m, a divulga\u00e7\u00e3o desautorizada em redes sociais pode ser inclusive motivo de justa causa para sua pr\u00f3pria demiss\u00e3o.<\/li>\n<\/ol>\n<p>A pessoa que provar ter sido atingida injustamente de forma material, por exemplo, perdendo o emprego ou um neg\u00f3cio, pode pedir o ressarcimento a quem causou o dano.\u00a0 Mas geralmente \u00e9 o dano moral o principal pedido, pela exposi\u00e7\u00e3o vexat\u00f3ria, desautorizada ou abalo \u00e0 honra e privacidade.<\/p>\n<p>Vale, tamb\u00e9m na internet, a pol\u00edtica da boa vizinhan\u00e7a.<\/p>\n<p><a href=\"https:\/\/api.whatsapp.com\/send?phone=+5549984376950&amp;text=Ol%C3%A1\"><img loading=\"lazy\" decoding=\"async\" class=\"alignnone wp-image-4192 size-full\" src=\"https:\/\/www.gm.adv.br\/site\/wp-content\/uploads\/2022\/08\/converse-agora-com-um-advogado-especialista.webp\" alt=\"\" width=\"750\" height=\"150\" \/><\/a><\/p>\n<div class=\"text\">\n<div id=\"textoFonte\" class=\"overflow\">\n<p><span class=\"selectable-text copyable-text\">Este conte\u00fado foi produzido pelo Escrit\u00f3rio de Advocacia Guaresi e Mill\u00e9o Advogados Associados, h\u00e1 mais de 25 anos prestando servi\u00e7os em advocacia na cidade de Conc\u00f3rdia \u2013 SC e regi\u00e3o Oeste Catarinense. Continue acompanhando nosso\u00a0<a href=\"https:\/\/gm.adv.br\/blog\/\">blog<\/a>\u00a0para n\u00e3o perder mais nenhum conte\u00fado exclusivo.<\/span><\/p>\n<\/div>\n<\/div>\n<div class=\"shares_container\">\n<div class=\"share_link\"><\/div>\n<\/div>\n","protected":false},"excerpt":{"rendered":"<p>Faz tempo que se sabe que rede social n\u00e3o \u00e9 terra de ningu\u00e9m. Apesar disso, tem gente que esquece. E a\u00ed vem desde uma simples \u201cfofoca\u201d at\u00e9 a desmoraliza\u00e7\u00e3o completa de algu\u00e9m. E os crimes de amea\u00e7a, fraude, estelionato, fake news, cal\u00fania, inj\u00faria e difama\u00e7\u00e3o se apresentam das formas mais inusitadas. O alcance de uma [&#8230;]\n","protected":false},"author":1,"featured_media":0,"comment_status":"closed","ping_status":"closed","sticky":false,"template":"","format":"standard","meta":{"footnotes":""},"categories":[70],"tags":[],"class_list":["post-3718","post","type-post","status-publish","format-standard","hentry","category-responsabilidade-civil"],"yoast_head":"<!-- This site is optimized with the Yoast SEO plugin v27.5 - https:\/\/yoast.com\/product\/yoast-seo-wordpress\/ -->\n<title>Postou o que n\u00e3o devia... pode ter que indenizar? - Guaresi &amp; Mill\u00e9o Advogados Associados | Escrit\u00f3rio de Advocacia em Conc\u00f3rdia-SC | 30 Anos de Experi\u00eancia<\/title>\n<meta name=\"description\" content=\"O alcance de uma simples postagem \u00e9 quase imensur\u00e1vel, pois a quantidade de compartilhamentos e reenvios que pode receber foge totalmente da perspectiva inicial do seu grupo de \u201camigos\u201d ou \u201cseguidores\u201d. Ent\u00e3o, se sua \u201copini\u00e3o\u201d pode atingir algu\u00e9m \u2013 seja uma pessoa, empresa ou uma institui\u00e7\u00e3o, tome cuidado.\" \/>\n<meta name=\"robots\" content=\"index, follow, max-snippet:-1, max-image-preview:large, max-video-preview:-1\" \/>\n<link rel=\"canonical\" href=\"https:\/\/www.gm.adv.br\/site\/2022\/07\/08\/postou-o-que-nao-devia-pode-ter-que-indenizar\/\" \/>\n<meta property=\"og:locale\" content=\"pt_BR\" \/>\n<meta property=\"og:type\" content=\"article\" \/>\n<meta property=\"og:title\" content=\"Postou o que n\u00e3o devia... pode ter que indenizar? - Guaresi &amp; Mill\u00e9o Advogados Associados | Escrit\u00f3rio de Advocacia em Conc\u00f3rdia-SC | 30 Anos de Experi\u00eancia\" \/>\n<meta property=\"og:description\" content=\"O alcance de uma simples postagem \u00e9 quase imensur\u00e1vel, pois a quantidade de compartilhamentos e reenvios que pode receber foge totalmente da perspectiva inicial do seu grupo de \u201camigos\u201d ou \u201cseguidores\u201d. Ent\u00e3o, se sua \u201copini\u00e3o\u201d pode atingir algu\u00e9m \u2013 seja uma pessoa, empresa ou uma institui\u00e7\u00e3o, tome cuidado.\" \/>\n<meta property=\"og:url\" content=\"https:\/\/www.gm.adv.br\/site\/2022\/07\/08\/postou-o-que-nao-devia-pode-ter-que-indenizar\/\" \/>\n<meta property=\"og:site_name\" content=\"Guaresi &amp; Mill\u00e9o Advogados Associados | Escrit\u00f3rio de Advocacia em Conc\u00f3rdia-SC | 30 Anos de Experi\u00eancia\" \/>\n<meta property=\"article:publisher\" content=\"https:\/\/www.facebook.com\/GuaresiMilleoAdvogados\" \/>\n<meta property=\"article:published_time\" content=\"2022-07-08T13:56:08+00:00\" \/>\n<meta property=\"og:image\" content=\"https:\/\/www.gm.adv.br\/site\/wp-content\/uploads\/2022\/08\/converse-agora-com-um-advogado-especialista.webp\" \/>\n\t<meta property=\"og:image:width\" content=\"750\" \/>\n\t<meta property=\"og:image:height\" content=\"150\" \/>\n\t<meta property=\"og:image:type\" content=\"image\/webp\" \/>\n<meta name=\"author\" content=\"admin\" \/>\n<meta name=\"twitter:card\" content=\"summary_large_image\" \/>\n<meta name=\"twitter:label1\" content=\"Escrito por\" \/>\n\t<meta name=\"twitter:data1\" content=\"admin\" \/>\n\t<meta name=\"twitter:label2\" content=\"Est. tempo de leitura\" \/>\n\t<meta name=\"twitter:data2\" content=\"3 minutos\" \/>\n<script type=\"application\/ld+json\" class=\"yoast-schema-graph\">{\"@context\":\"https:\\\/\\\/schema.org\",\"@graph\":[{\"@type\":\"Article\",\"@id\":\"https:\\\/\\\/www.gm.adv.br\\\/site\\\/2022\\\/07\\\/08\\\/postou-o-que-nao-devia-pode-ter-que-indenizar\\\/#article\",\"isPartOf\":{\"@id\":\"https:\\\/\\\/www.gm.adv.br\\\/site\\\/2022\\\/07\\\/08\\\/postou-o-que-nao-devia-pode-ter-que-indenizar\\\/\"},\"author\":{\"name\":\"admin\",\"@id\":\"https:\\\/\\\/www.gm.adv.br\\\/site\\\/#\\\/schema\\\/person\\\/7d633a2abab0d9b94253af6efc36428f\"},\"headline\":\"Postou o que n\u00e3o devia&#8230; pode ter que indenizar?\",\"datePublished\":\"2022-07-08T13:56:08+00:00\",\"mainEntityOfPage\":{\"@id\":\"https:\\\/\\\/www.gm.adv.br\\\/site\\\/2022\\\/07\\\/08\\\/postou-o-que-nao-devia-pode-ter-que-indenizar\\\/\"},\"wordCount\":399,\"publisher\":{\"@id\":\"https:\\\/\\\/www.gm.adv.br\\\/site\\\/#organization\"},\"image\":{\"@id\":\"https:\\\/\\\/www.gm.adv.br\\\/site\\\/2022\\\/07\\\/08\\\/postou-o-que-nao-devia-pode-ter-que-indenizar\\\/#primaryimage\"},\"thumbnailUrl\":\"https:\\\/\\\/www.gm.adv.br\\\/site\\\/wp-content\\\/uploads\\\/2022\\\/08\\\/converse-agora-com-um-advogado-especialista.webp\",\"articleSection\":[\"Responsabilidade Civil\"],\"inLanguage\":\"pt-BR\"},{\"@type\":\"WebPage\",\"@id\":\"https:\\\/\\\/www.gm.adv.br\\\/site\\\/2022\\\/07\\\/08\\\/postou-o-que-nao-devia-pode-ter-que-indenizar\\\/\",\"url\":\"https:\\\/\\\/www.gm.adv.br\\\/site\\\/2022\\\/07\\\/08\\\/postou-o-que-nao-devia-pode-ter-que-indenizar\\\/\",\"name\":\"Postou o que n\u00e3o devia... pode ter que indenizar? - Guaresi &amp; Mill\u00e9o Advogados Associados | Escrit\u00f3rio de Advocacia em Conc\u00f3rdia-SC | 30 Anos de Experi\u00eancia\",\"isPartOf\":{\"@id\":\"https:\\\/\\\/www.gm.adv.br\\\/site\\\/#website\"},\"primaryImageOfPage\":{\"@id\":\"https:\\\/\\\/www.gm.adv.br\\\/site\\\/2022\\\/07\\\/08\\\/postou-o-que-nao-devia-pode-ter-que-indenizar\\\/#primaryimage\"},\"image\":{\"@id\":\"https:\\\/\\\/www.gm.adv.br\\\/site\\\/2022\\\/07\\\/08\\\/postou-o-que-nao-devia-pode-ter-que-indenizar\\\/#primaryimage\"},\"thumbnailUrl\":\"https:\\\/\\\/www.gm.adv.br\\\/site\\\/wp-content\\\/uploads\\\/2022\\\/08\\\/converse-agora-com-um-advogado-especialista.webp\",\"datePublished\":\"2022-07-08T13:56:08+00:00\",\"description\":\"O alcance de uma simples postagem \u00e9 quase imensur\u00e1vel, pois a quantidade de compartilhamentos e reenvios que pode receber foge totalmente da perspectiva inicial do seu grupo de \u201camigos\u201d ou \u201cseguidores\u201d. Ent\u00e3o, se sua \u201copini\u00e3o\u201d pode atingir algu\u00e9m \u2013 seja uma pessoa, empresa ou uma institui\u00e7\u00e3o, tome cuidado.\",\"breadcrumb\":{\"@id\":\"https:\\\/\\\/www.gm.adv.br\\\/site\\\/2022\\\/07\\\/08\\\/postou-o-que-nao-devia-pode-ter-que-indenizar\\\/#breadcrumb\"},\"inLanguage\":\"pt-BR\",\"potentialAction\":[{\"@type\":\"ReadAction\",\"target\":[\"https:\\\/\\\/www.gm.adv.br\\\/site\\\/2022\\\/07\\\/08\\\/postou-o-que-nao-devia-pode-ter-que-indenizar\\\/\"]}]},{\"@type\":\"ImageObject\",\"inLanguage\":\"pt-BR\",\"@id\":\"https:\\\/\\\/www.gm.adv.br\\\/site\\\/2022\\\/07\\\/08\\\/postou-o-que-nao-devia-pode-ter-que-indenizar\\\/#primaryimage\",\"url\":\"https:\\\/\\\/www.gm.adv.br\\\/site\\\/wp-content\\\/uploads\\\/2022\\\/08\\\/converse-agora-com-um-advogado-especialista.webp\",\"contentUrl\":\"https:\\\/\\\/www.gm.adv.br\\\/site\\\/wp-content\\\/uploads\\\/2022\\\/08\\\/converse-agora-com-um-advogado-especialista.webp\",\"width\":750,\"height\":150},{\"@type\":\"BreadcrumbList\",\"@id\":\"https:\\\/\\\/www.gm.adv.br\\\/site\\\/2022\\\/07\\\/08\\\/postou-o-que-nao-devia-pode-ter-que-indenizar\\\/#breadcrumb\",\"itemListElement\":[{\"@type\":\"ListItem\",\"position\":1,\"name\":\"In\u00edcio\",\"item\":\"https:\\\/\\\/www.gm.adv.br\\\/site\\\/\"},{\"@type\":\"ListItem\",\"position\":2,\"name\":\"Postou o que n\u00e3o devia&#8230; pode ter que indenizar?\"}]},{\"@type\":\"WebSite\",\"@id\":\"https:\\\/\\\/www.gm.adv.br\\\/site\\\/#website\",\"url\":\"https:\\\/\\\/www.gm.adv.br\\\/site\\\/\",\"name\":\"Guaresi & Mill\u00e9o Advogados Associados | Escrit\u00f3rio de Advocacia em Conc\u00f3rdia-SC | 30 Anos de Experi\u00eanci\",\"description\":\"Advocacia Direito Banc\u00e1rio, Tribut\u00e1rio, Trabalhista, C\u00edvil, P\u00fablica, Municipal, Advogados Associados Guaresi e Mill\u00e9o  |  Conc\u00f3rdia SC\",\"publisher\":{\"@id\":\"https:\\\/\\\/www.gm.adv.br\\\/site\\\/#organization\"},\"alternateName\":\"Guaresi e Mill\u00e9o Escrit\u00f3rio de Advocacia e Consultoria em Conc\u00f3rdia-SC\",\"potentialAction\":[{\"@type\":\"SearchAction\",\"target\":{\"@type\":\"EntryPoint\",\"urlTemplate\":\"https:\\\/\\\/www.gm.adv.br\\\/site\\\/?s={search_term_string}\"},\"query-input\":{\"@type\":\"PropertyValueSpecification\",\"valueRequired\":true,\"valueName\":\"search_term_string\"}}],\"inLanguage\":\"pt-BR\"},{\"@type\":\"Organization\",\"@id\":\"https:\\\/\\\/www.gm.adv.br\\\/site\\\/#organization\",\"name\":\"Guaresi & Milleo Advogados Associados em Conc\u00f3rdia SC\",\"alternateName\":\"Guaresi e Milleo Advocacia e Consultoria\",\"url\":\"https:\\\/\\\/www.gm.adv.br\\\/site\\\/\",\"logo\":{\"@type\":\"ImageObject\",\"inLanguage\":\"pt-BR\",\"@id\":\"https:\\\/\\\/www.gm.adv.br\\\/site\\\/#\\\/schema\\\/logo\\\/image\\\/\",\"url\":\"https:\\\/\\\/www.gm.adv.br\\\/site\\\/wp-content\\\/uploads\\\/2025\\\/07\\\/cropped-icone-512.webp\",\"contentUrl\":\"https:\\\/\\\/www.gm.adv.br\\\/site\\\/wp-content\\\/uploads\\\/2025\\\/07\\\/cropped-icone-512.webp\",\"width\":512,\"height\":512,\"caption\":\"Guaresi & Milleo Advogados Associados em Conc\u00f3rdia SC\"},\"image\":{\"@id\":\"https:\\\/\\\/www.gm.adv.br\\\/site\\\/#\\\/schema\\\/logo\\\/image\\\/\"},\"sameAs\":[\"https:\\\/\\\/www.facebook.com\\\/GuaresiMilleoAdvogados\",\"https:\\\/\\\/www.instagram.com\\\/guaresiemilleo\\\/\",\"https:\\\/\\\/br.linkedin.com\\\/company\\\/guaresimilleo\"]},{\"@type\":\"Person\",\"@id\":\"https:\\\/\\\/www.gm.adv.br\\\/site\\\/#\\\/schema\\\/person\\\/7d633a2abab0d9b94253af6efc36428f\",\"name\":\"admin\",\"image\":{\"@type\":\"ImageObject\",\"inLanguage\":\"pt-BR\",\"@id\":\"https:\\\/\\\/secure.gravatar.com\\\/avatar\\\/c8bb173d280f7d1e50b67bb649de269247430499695ba3ee451b6289436d1d39?s=96&d=mm&r=g\",\"url\":\"https:\\\/\\\/secure.gravatar.com\\\/avatar\\\/c8bb173d280f7d1e50b67bb649de269247430499695ba3ee451b6289436d1d39?s=96&d=mm&r=g\",\"contentUrl\":\"https:\\\/\\\/secure.gravatar.com\\\/avatar\\\/c8bb173d280f7d1e50b67bb649de269247430499695ba3ee451b6289436d1d39?s=96&d=mm&r=g\",\"caption\":\"admin\"},\"sameAs\":[\"https:\\\/\\\/www.gm.adv.br\\\/site\"],\"url\":\"https:\\\/\\\/www.gm.adv.br\\\/site\\\/author\\\/admin\\\/\"}]}<\/script>\n<!-- \/ Yoast SEO plugin. -->","yoast_head_json":{"title":"Postou o que n\u00e3o devia... pode ter que indenizar? - Guaresi &amp; Mill\u00e9o Advogados Associados | Escrit\u00f3rio de Advocacia em Conc\u00f3rdia-SC | 30 Anos de Experi\u00eancia","description":"O alcance de uma simples postagem \u00e9 quase imensur\u00e1vel, pois a quantidade de compartilhamentos e reenvios que pode receber foge totalmente da perspectiva inicial do seu grupo de \u201camigos\u201d ou \u201cseguidores\u201d. Ent\u00e3o, se sua \u201copini\u00e3o\u201d pode atingir algu\u00e9m \u2013 seja uma pessoa, empresa ou uma institui\u00e7\u00e3o, tome cuidado.","robots":{"index":"index","follow":"follow","max-snippet":"max-snippet:-1","max-image-preview":"max-image-preview:large","max-video-preview":"max-video-preview:-1"},"canonical":"https:\/\/www.gm.adv.br\/site\/2022\/07\/08\/postou-o-que-nao-devia-pode-ter-que-indenizar\/","og_locale":"pt_BR","og_type":"article","og_title":"Postou o que n\u00e3o devia... pode ter que indenizar? - Guaresi &amp; Mill\u00e9o Advogados Associados | Escrit\u00f3rio de Advocacia em Conc\u00f3rdia-SC | 30 Anos de Experi\u00eancia","og_description":"O alcance de uma simples postagem \u00e9 quase imensur\u00e1vel, pois a quantidade de compartilhamentos e reenvios que pode receber foge totalmente da perspectiva inicial do seu grupo de \u201camigos\u201d ou \u201cseguidores\u201d. Ent\u00e3o, se sua \u201copini\u00e3o\u201d pode atingir algu\u00e9m \u2013 seja uma pessoa, empresa ou uma institui\u00e7\u00e3o, tome cuidado.","og_url":"https:\/\/www.gm.adv.br\/site\/2022\/07\/08\/postou-o-que-nao-devia-pode-ter-que-indenizar\/","og_site_name":"Guaresi &amp; Mill\u00e9o Advogados Associados | Escrit\u00f3rio de Advocacia em Conc\u00f3rdia-SC | 30 Anos de Experi\u00eancia","article_publisher":"https:\/\/www.facebook.com\/GuaresiMilleoAdvogados","article_published_time":"2022-07-08T13:56:08+00:00","og_image":[{"width":750,"height":150,"url":"https:\/\/www.gm.adv.br\/site\/wp-content\/uploads\/2022\/08\/converse-agora-com-um-advogado-especialista.webp","type":"image\/webp"}],"author":"admin","twitter_card":"summary_large_image","twitter_misc":{"Escrito por":"admin","Est. tempo de leitura":"3 minutos"},"schema":{"@context":"https:\/\/schema.org","@graph":[{"@type":"Article","@id":"https:\/\/www.gm.adv.br\/site\/2022\/07\/08\/postou-o-que-nao-devia-pode-ter-que-indenizar\/#article","isPartOf":{"@id":"https:\/\/www.gm.adv.br\/site\/2022\/07\/08\/postou-o-que-nao-devia-pode-ter-que-indenizar\/"},"author":{"name":"admin","@id":"https:\/\/www.gm.adv.br\/site\/#\/schema\/person\/7d633a2abab0d9b94253af6efc36428f"},"headline":"Postou o que n\u00e3o devia&#8230; pode ter que indenizar?","datePublished":"2022-07-08T13:56:08+00:00","mainEntityOfPage":{"@id":"https:\/\/www.gm.adv.br\/site\/2022\/07\/08\/postou-o-que-nao-devia-pode-ter-que-indenizar\/"},"wordCount":399,"publisher":{"@id":"https:\/\/www.gm.adv.br\/site\/#organization"},"image":{"@id":"https:\/\/www.gm.adv.br\/site\/2022\/07\/08\/postou-o-que-nao-devia-pode-ter-que-indenizar\/#primaryimage"},"thumbnailUrl":"https:\/\/www.gm.adv.br\/site\/wp-content\/uploads\/2022\/08\/converse-agora-com-um-advogado-especialista.webp","articleSection":["Responsabilidade Civil"],"inLanguage":"pt-BR"},{"@type":"WebPage","@id":"https:\/\/www.gm.adv.br\/site\/2022\/07\/08\/postou-o-que-nao-devia-pode-ter-que-indenizar\/","url":"https:\/\/www.gm.adv.br\/site\/2022\/07\/08\/postou-o-que-nao-devia-pode-ter-que-indenizar\/","name":"Postou o que n\u00e3o devia... pode ter que indenizar? - Guaresi &amp; Mill\u00e9o Advogados Associados | Escrit\u00f3rio de Advocacia em Conc\u00f3rdia-SC | 30 Anos de Experi\u00eancia","isPartOf":{"@id":"https:\/\/www.gm.adv.br\/site\/#website"},"primaryImageOfPage":{"@id":"https:\/\/www.gm.adv.br\/site\/2022\/07\/08\/postou-o-que-nao-devia-pode-ter-que-indenizar\/#primaryimage"},"image":{"@id":"https:\/\/www.gm.adv.br\/site\/2022\/07\/08\/postou-o-que-nao-devia-pode-ter-que-indenizar\/#primaryimage"},"thumbnailUrl":"https:\/\/www.gm.adv.br\/site\/wp-content\/uploads\/2022\/08\/converse-agora-com-um-advogado-especialista.webp","datePublished":"2022-07-08T13:56:08+00:00","description":"O alcance de uma simples postagem \u00e9 quase imensur\u00e1vel, pois a quantidade de compartilhamentos e reenvios que pode receber foge totalmente da perspectiva inicial do seu grupo de \u201camigos\u201d ou \u201cseguidores\u201d. Ent\u00e3o, se sua \u201copini\u00e3o\u201d pode atingir algu\u00e9m \u2013 seja uma pessoa, empresa ou uma institui\u00e7\u00e3o, tome cuidado.","breadcrumb":{"@id":"https:\/\/www.gm.adv.br\/site\/2022\/07\/08\/postou-o-que-nao-devia-pode-ter-que-indenizar\/#breadcrumb"},"inLanguage":"pt-BR","potentialAction":[{"@type":"ReadAction","target":["https:\/\/www.gm.adv.br\/site\/2022\/07\/08\/postou-o-que-nao-devia-pode-ter-que-indenizar\/"]}]},{"@type":"ImageObject","inLanguage":"pt-BR","@id":"https:\/\/www.gm.adv.br\/site\/2022\/07\/08\/postou-o-que-nao-devia-pode-ter-que-indenizar\/#primaryimage","url":"https:\/\/www.gm.adv.br\/site\/wp-content\/uploads\/2022\/08\/converse-agora-com-um-advogado-especialista.webp","contentUrl":"https:\/\/www.gm.adv.br\/site\/wp-content\/uploads\/2022\/08\/converse-agora-com-um-advogado-especialista.webp","width":750,"height":150},{"@type":"BreadcrumbList","@id":"https:\/\/www.gm.adv.br\/site\/2022\/07\/08\/postou-o-que-nao-devia-pode-ter-que-indenizar\/#breadcrumb","itemListElement":[{"@type":"ListItem","position":1,"name":"In\u00edcio","item":"https:\/\/www.gm.adv.br\/site\/"},{"@type":"ListItem","position":2,"name":"Postou o que n\u00e3o devia&#8230; pode ter que indenizar?"}]},{"@type":"WebSite","@id":"https:\/\/www.gm.adv.br\/site\/#website","url":"https:\/\/www.gm.adv.br\/site\/","name":"Guaresi & Mill\u00e9o Advogados Associados | Escrit\u00f3rio de Advocacia em Conc\u00f3rdia-SC | 30 Anos de Experi\u00eanci","description":"Advocacia Direito Banc\u00e1rio, Tribut\u00e1rio, Trabalhista, C\u00edvil, P\u00fablica, Municipal, Advogados Associados Guaresi e Mill\u00e9o  |  Conc\u00f3rdia SC","publisher":{"@id":"https:\/\/www.gm.adv.br\/site\/#organization"},"alternateName":"Guaresi e Mill\u00e9o Escrit\u00f3rio de Advocacia e Consultoria em Conc\u00f3rdia-SC","potentialAction":[{"@type":"SearchAction","target":{"@type":"EntryPoint","urlTemplate":"https:\/\/www.gm.adv.br\/site\/?s={search_term_string}"},"query-input":{"@type":"PropertyValueSpecification","valueRequired":true,"valueName":"search_term_string"}}],"inLanguage":"pt-BR"},{"@type":"Organization","@id":"https:\/\/www.gm.adv.br\/site\/#organization","name":"Guaresi & Milleo Advogados Associados em Conc\u00f3rdia SC","alternateName":"Guaresi e Milleo Advocacia e Consultoria","url":"https:\/\/www.gm.adv.br\/site\/","logo":{"@type":"ImageObject","inLanguage":"pt-BR","@id":"https:\/\/www.gm.adv.br\/site\/#\/schema\/logo\/image\/","url":"https:\/\/www.gm.adv.br\/site\/wp-content\/uploads\/2025\/07\/cropped-icone-512.webp","contentUrl":"https:\/\/www.gm.adv.br\/site\/wp-content\/uploads\/2025\/07\/cropped-icone-512.webp","width":512,"height":512,"caption":"Guaresi & Milleo Advogados Associados em Conc\u00f3rdia SC"},"image":{"@id":"https:\/\/www.gm.adv.br\/site\/#\/schema\/logo\/image\/"},"sameAs":["https:\/\/www.facebook.com\/GuaresiMilleoAdvogados","https:\/\/www.instagram.com\/guaresiemilleo\/","https:\/\/br.linkedin.com\/company\/guaresimilleo"]},{"@type":"Person","@id":"https:\/\/www.gm.adv.br\/site\/#\/schema\/person\/7d633a2abab0d9b94253af6efc36428f","name":"admin","image":{"@type":"ImageObject","inLanguage":"pt-BR","@id":"https:\/\/secure.gravatar.com\/avatar\/c8bb173d280f7d1e50b67bb649de269247430499695ba3ee451b6289436d1d39?s=96&d=mm&r=g","url":"https:\/\/secure.gravatar.com\/avatar\/c8bb173d280f7d1e50b67bb649de269247430499695ba3ee451b6289436d1d39?s=96&d=mm&r=g","contentUrl":"https:\/\/secure.gravatar.com\/avatar\/c8bb173d280f7d1e50b67bb649de269247430499695ba3ee451b6289436d1d39?s=96&d=mm&r=g","caption":"admin"},"sameAs":["https:\/\/www.gm.adv.br\/site"],"url":"https:\/\/www.gm.adv.br\/site\/author\/admin\/"}]}},"_links":{"self":[{"href":"https:\/\/www.gm.adv.br\/site\/wp-json\/wp\/v2\/posts\/3718","targetHints":{"allow":["GET"]}}],"collection":[{"href":"https:\/\/www.gm.adv.br\/site\/wp-json\/wp\/v2\/posts"}],"about":[{"href":"https:\/\/www.gm.adv.br\/site\/wp-json\/wp\/v2\/types\/post"}],"author":[{"embeddable":true,"href":"https:\/\/www.gm.adv.br\/site\/wp-json\/wp\/v2\/users\/1"}],"replies":[{"embeddable":true,"href":"https:\/\/www.gm.adv.br\/site\/wp-json\/wp\/v2\/comments?post=3718"}],"version-history":[{"count":0,"href":"https:\/\/www.gm.adv.br\/site\/wp-json\/wp\/v2\/posts\/3718\/revisions"}],"wp:attachment":[{"href":"https:\/\/www.gm.adv.br\/site\/wp-json\/wp\/v2\/media?parent=3718"}],"wp:term":[{"taxonomy":"category","embeddable":true,"href":"https:\/\/www.gm.adv.br\/site\/wp-json\/wp\/v2\/categories?post=3718"},{"taxonomy":"post_tag","embeddable":true,"href":"https:\/\/www.gm.adv.br\/site\/wp-json\/wp\/v2\/tags?post=3718"}],"curies":[{"name":"wp","href":"https:\/\/api.w.org\/{rel}","templated":true}]}}