{"id":3714,"date":"2022-07-01T11:06:56","date_gmt":"2022-07-01T14:06:56","guid":{"rendered":"https:\/\/gm.adv.br\/?p=3714"},"modified":"2022-07-01T11:06:56","modified_gmt":"2022-07-01T14:06:56","slug":"voce-sabia-que-a-holding-rural-pode-reduzir-tributos-da-atividade-rural","status":"publish","type":"post","link":"https:\/\/www.gm.adv.br\/site\/2022\/07\/01\/voce-sabia-que-a-holding-rural-pode-reduzir-tributos-da-atividade-rural\/","title":{"rendered":"VOC\u00ca SABIA QUE A HOLDING RURAL PODE REDUZIR TRIBUTOS DA ATIVIDADE RURAL?"},"content":{"rendered":"<p>J\u00e1 falamos muito sobre a import\u00e2ncia de constituir uma <em>holding<\/em> rural e seus benef\u00edcios, principalmente associados \u00e0 sucess\u00e3o e a prote\u00e7\u00e3o patrimonial, \u00e0 medida em que facilita a divis\u00e3o de heran\u00e7a e evita deixar o patrim\u00f4nio exposto \u00e0s intemp\u00e9ries da vida.<\/p>\n<p>Do mesmo modo, olhando sob o ponto de vista tribut\u00e1rio, a <em>holding <\/em>rural \u00e9 sempre o melhor caminho quando se fala em diminuir os custos com a sucess\u00e3o do patrim\u00f4nio, pois reduz os gastos com imposto aplicado sobre a heran\u00e7a.<\/p>\n<p>No entanto, o que n\u00e3o \u00e9 comum pontuar \u00e9 a no\u00e7\u00e3o de que uma <em>holding<\/em> rural certeira (a depender do estudo do seu caso) tamb\u00e9m pode diminuir a carga tribut\u00e1ria da pr\u00f3pria atividade rural exercida pelo produtor.<\/p>\n<p>Isto \u00e9, os benef\u00edcios de uma <em>holding<\/em> rural bem estruturada v\u00e3o al\u00e9m dos gozados pelos herdeiros, mas o pr\u00f3prio empres\u00e1rio rural tamb\u00e9m poder\u00e1 se beneficiar, e muito, quando da constitui\u00e7\u00e3o de sua nova empresa.<\/p>\n<p>Isso porque, conforme o caso, \u00e9 conveniente ao produtor rural que passe a tributar seus resultados por meio de pessoa jur\u00eddica e deixar de faturar pela pessoa f\u00edsica.<\/p>\n<p>Al\u00e9m de reduzir a al\u00edquota do imposto, abre-se a possibilidade de observar as despesas necess\u00e1rias \u00e0 produ\u00e7\u00e3o rural, com o fim de tributar apenas o real lucro que a empresa vai aferir com a atividade, ou seja, receita menos a despesa.<\/p>\n<p>Assim, melhorar a gest\u00e3o sobre as despesas possibilita a utiliza\u00e7\u00e3o dos recursos econ\u00f4micos em meios de produ\u00e7\u00e3o, aumentando, consequentemente, a rentabilidade do neg\u00f3cio.<\/p>\n<p>Evidente que tudo passa por uma an\u00e1lise criteriosa no momento da forma\u00e7\u00e3o de sua <em>holding<\/em> rural, mas \u00e9 importante ter em mente que a hip\u00f3tese de passar a tributar os resultados da atividade pela <em>holding<\/em> nunca deve ser ignorada.<\/p>\n<p>&nbsp;<\/p>\n<p><a href=\"https:\/\/api.whatsapp.com\/send?phone=+5549984376950&amp;text=Ol%C3%A1\"><img loading=\"lazy\" decoding=\"async\" class=\"alignnone size-full wp-image-4192\" src=\"https:\/\/www.gm.adv.br\/site\/wp-content\/uploads\/2022\/08\/converse-agora-com-um-advogado-especialista.webp\" alt=\"\" width=\"750\" height=\"150\" \/><\/a><\/p>\n<div class=\"text\">\n<div id=\"textoFonte\" class=\"overflow\">\n<p><span class=\"selectable-text copyable-text\">Este conte\u00fado foi produzido pelo Escrit\u00f3rio de Advocacia Guaresi e Mill\u00e9o Advogados Associados, h\u00e1 mais de 25 anos prestando servi\u00e7os em advocacia na cidade de Conc\u00f3rdia \u2013 SC e regi\u00e3o Oeste Catarinense. Continue acompanhando nosso\u00a0<a href=\"https:\/\/gm.adv.br\/blog\/\">blog<\/a> para n\u00e3o perder mais nenhum conte\u00fado exclusivo.<\/span><\/p>\n<\/div>\n<\/div>\n","protected":false},"excerpt":{"rendered":"<p>J\u00e1 falamos muito sobre a import\u00e2ncia de constituir uma holding rural e seus benef\u00edcios, principalmente associados \u00e0 sucess\u00e3o e a prote\u00e7\u00e3o patrimonial, \u00e0 medida em que facilita a divis\u00e3o de heran\u00e7a e evita deixar o patrim\u00f4nio exposto \u00e0s intemp\u00e9ries da vida. Do mesmo modo, olhando sob o ponto de vista tribut\u00e1rio, a holding rural \u00e9 [&#8230;]\n","protected":false},"author":1,"featured_media":0,"comment_status":"closed","ping_status":"closed","sticky":false,"template":"","format":"standard","meta":{"footnotes":""},"categories":[80,72],"tags":[],"class_list":["post-3714","post","type-post","status-publish","format-standard","hentry","category-direito-do-agronegocio","category-direito-empresarial"],"yoast_head":"<!-- This site is optimized with the Yoast SEO plugin v27.5 - https:\/\/yoast.com\/product\/yoast-seo-wordpress\/ -->\n<title>VOC\u00ca SABIA QUE A HOLDING RURAL PODE REDUZIR TRIBUTOS DA ATIVIDADE RURAL? - Guaresi &amp; Mill\u00e9o Advogados Associados | Escrit\u00f3rio de Advocacia em Conc\u00f3rdia-SC | 30 Anos de Experi\u00eancia<\/title>\n<meta name=\"description\" content=\"J\u00e1 falamos muito sobre a import\u00e2ncia de constituir uma holding rural e seus benef\u00edcios, principalmente associados \u00e0 sucess\u00e3o e a prote\u00e7\u00e3o patrimonial, \u00e0 medida em que facilita a divis\u00e3o de heran\u00e7a e evita deixar o patrim\u00f4nio exposto \u00e0s intemp\u00e9ries da vida.\" \/>\n<meta name=\"robots\" content=\"index, follow, max-snippet:-1, max-image-preview:large, max-video-preview:-1\" \/>\n<link rel=\"canonical\" href=\"https:\/\/www.gm.adv.br\/site\/2022\/07\/01\/voce-sabia-que-a-holding-rural-pode-reduzir-tributos-da-atividade-rural\/\" \/>\n<meta property=\"og:locale\" content=\"pt_BR\" \/>\n<meta property=\"og:type\" content=\"article\" \/>\n<meta property=\"og:title\" content=\"VOC\u00ca SABIA QUE A HOLDING RURAL PODE REDUZIR TRIBUTOS DA ATIVIDADE RURAL? - Guaresi &amp; Mill\u00e9o Advogados Associados | Escrit\u00f3rio de Advocacia em Conc\u00f3rdia-SC | 30 Anos de Experi\u00eancia\" \/>\n<meta property=\"og:description\" content=\"J\u00e1 falamos muito sobre a import\u00e2ncia de constituir uma holding rural e seus benef\u00edcios, principalmente associados \u00e0 sucess\u00e3o e a prote\u00e7\u00e3o patrimonial, \u00e0 medida em que facilita a divis\u00e3o de heran\u00e7a e evita deixar o patrim\u00f4nio exposto \u00e0s intemp\u00e9ries da vida.\" \/>\n<meta property=\"og:url\" content=\"https:\/\/www.gm.adv.br\/site\/2022\/07\/01\/voce-sabia-que-a-holding-rural-pode-reduzir-tributos-da-atividade-rural\/\" \/>\n<meta property=\"og:site_name\" content=\"Guaresi &amp; Mill\u00e9o Advogados Associados | Escrit\u00f3rio de Advocacia em Conc\u00f3rdia-SC | 30 Anos de Experi\u00eancia\" \/>\n<meta property=\"article:publisher\" content=\"https:\/\/www.facebook.com\/GuaresiMilleoAdvogados\" \/>\n<meta property=\"article:published_time\" content=\"2022-07-01T14:06:56+00:00\" \/>\n<meta property=\"og:image\" content=\"https:\/\/www.gm.adv.br\/site\/wp-content\/uploads\/2022\/08\/converse-agora-com-um-advogado-especialista.webp\" \/>\n\t<meta property=\"og:image:width\" content=\"750\" \/>\n\t<meta property=\"og:image:height\" content=\"150\" \/>\n\t<meta property=\"og:image:type\" content=\"image\/webp\" \/>\n<meta name=\"author\" content=\"admin\" \/>\n<meta name=\"twitter:card\" content=\"summary_large_image\" \/>\n<meta name=\"twitter:label1\" content=\"Escrito por\" \/>\n\t<meta name=\"twitter:data1\" content=\"admin\" \/>\n\t<meta name=\"twitter:label2\" content=\"Est. tempo de leitura\" \/>\n\t<meta name=\"twitter:data2\" content=\"2 minutos\" \/>\n<script type=\"application\/ld+json\" class=\"yoast-schema-graph\">{\"@context\":\"https:\\\/\\\/schema.org\",\"@graph\":[{\"@type\":\"Article\",\"@id\":\"https:\\\/\\\/www.gm.adv.br\\\/site\\\/2022\\\/07\\\/01\\\/voce-sabia-que-a-holding-rural-pode-reduzir-tributos-da-atividade-rural\\\/#article\",\"isPartOf\":{\"@id\":\"https:\\\/\\\/www.gm.adv.br\\\/site\\\/2022\\\/07\\\/01\\\/voce-sabia-que-a-holding-rural-pode-reduzir-tributos-da-atividade-rural\\\/\"},\"author\":{\"name\":\"admin\",\"@id\":\"https:\\\/\\\/www.gm.adv.br\\\/site\\\/#\\\/schema\\\/person\\\/7d633a2abab0d9b94253af6efc36428f\"},\"headline\":\"VOC\u00ca SABIA QUE A HOLDING RURAL PODE REDUZIR TRIBUTOS DA ATIVIDADE RURAL?\",\"datePublished\":\"2022-07-01T14:06:56+00:00\",\"mainEntityOfPage\":{\"@id\":\"https:\\\/\\\/www.gm.adv.br\\\/site\\\/2022\\\/07\\\/01\\\/voce-sabia-que-a-holding-rural-pode-reduzir-tributos-da-atividade-rural\\\/\"},\"wordCount\":374,\"publisher\":{\"@id\":\"https:\\\/\\\/www.gm.adv.br\\\/site\\\/#organization\"},\"image\":{\"@id\":\"https:\\\/\\\/www.gm.adv.br\\\/site\\\/2022\\\/07\\\/01\\\/voce-sabia-que-a-holding-rural-pode-reduzir-tributos-da-atividade-rural\\\/#primaryimage\"},\"thumbnailUrl\":\"https:\\\/\\\/www.gm.adv.br\\\/site\\\/wp-content\\\/uploads\\\/2022\\\/08\\\/converse-agora-com-um-advogado-especialista.webp\",\"articleSection\":[\"Direito do Agroneg\u00f3cio\",\"Direito Empresarial\"],\"inLanguage\":\"pt-BR\"},{\"@type\":\"WebPage\",\"@id\":\"https:\\\/\\\/www.gm.adv.br\\\/site\\\/2022\\\/07\\\/01\\\/voce-sabia-que-a-holding-rural-pode-reduzir-tributos-da-atividade-rural\\\/\",\"url\":\"https:\\\/\\\/www.gm.adv.br\\\/site\\\/2022\\\/07\\\/01\\\/voce-sabia-que-a-holding-rural-pode-reduzir-tributos-da-atividade-rural\\\/\",\"name\":\"VOC\u00ca SABIA QUE A HOLDING RURAL PODE REDUZIR TRIBUTOS DA ATIVIDADE RURAL? - Guaresi &amp; Mill\u00e9o Advogados Associados | Escrit\u00f3rio de Advocacia em Conc\u00f3rdia-SC | 30 Anos de Experi\u00eancia\",\"isPartOf\":{\"@id\":\"https:\\\/\\\/www.gm.adv.br\\\/site\\\/#website\"},\"primaryImageOfPage\":{\"@id\":\"https:\\\/\\\/www.gm.adv.br\\\/site\\\/2022\\\/07\\\/01\\\/voce-sabia-que-a-holding-rural-pode-reduzir-tributos-da-atividade-rural\\\/#primaryimage\"},\"image\":{\"@id\":\"https:\\\/\\\/www.gm.adv.br\\\/site\\\/2022\\\/07\\\/01\\\/voce-sabia-que-a-holding-rural-pode-reduzir-tributos-da-atividade-rural\\\/#primaryimage\"},\"thumbnailUrl\":\"https:\\\/\\\/www.gm.adv.br\\\/site\\\/wp-content\\\/uploads\\\/2022\\\/08\\\/converse-agora-com-um-advogado-especialista.webp\",\"datePublished\":\"2022-07-01T14:06:56+00:00\",\"description\":\"J\u00e1 falamos muito sobre a import\u00e2ncia de constituir uma holding rural e seus benef\u00edcios, principalmente associados \u00e0 sucess\u00e3o e a prote\u00e7\u00e3o patrimonial, \u00e0 medida em que facilita a divis\u00e3o de heran\u00e7a e evita deixar o patrim\u00f4nio exposto \u00e0s intemp\u00e9ries da vida.\",\"breadcrumb\":{\"@id\":\"https:\\\/\\\/www.gm.adv.br\\\/site\\\/2022\\\/07\\\/01\\\/voce-sabia-que-a-holding-rural-pode-reduzir-tributos-da-atividade-rural\\\/#breadcrumb\"},\"inLanguage\":\"pt-BR\",\"potentialAction\":[{\"@type\":\"ReadAction\",\"target\":[\"https:\\\/\\\/www.gm.adv.br\\\/site\\\/2022\\\/07\\\/01\\\/voce-sabia-que-a-holding-rural-pode-reduzir-tributos-da-atividade-rural\\\/\"]}]},{\"@type\":\"ImageObject\",\"inLanguage\":\"pt-BR\",\"@id\":\"https:\\\/\\\/www.gm.adv.br\\\/site\\\/2022\\\/07\\\/01\\\/voce-sabia-que-a-holding-rural-pode-reduzir-tributos-da-atividade-rural\\\/#primaryimage\",\"url\":\"https:\\\/\\\/www.gm.adv.br\\\/site\\\/wp-content\\\/uploads\\\/2022\\\/08\\\/converse-agora-com-um-advogado-especialista.webp\",\"contentUrl\":\"https:\\\/\\\/www.gm.adv.br\\\/site\\\/wp-content\\\/uploads\\\/2022\\\/08\\\/converse-agora-com-um-advogado-especialista.webp\",\"width\":750,\"height\":150},{\"@type\":\"BreadcrumbList\",\"@id\":\"https:\\\/\\\/www.gm.adv.br\\\/site\\\/2022\\\/07\\\/01\\\/voce-sabia-que-a-holding-rural-pode-reduzir-tributos-da-atividade-rural\\\/#breadcrumb\",\"itemListElement\":[{\"@type\":\"ListItem\",\"position\":1,\"name\":\"In\u00edcio\",\"item\":\"https:\\\/\\\/www.gm.adv.br\\\/site\\\/\"},{\"@type\":\"ListItem\",\"position\":2,\"name\":\"VOC\u00ca SABIA QUE A HOLDING RURAL PODE REDUZIR TRIBUTOS DA ATIVIDADE RURAL?\"}]},{\"@type\":\"WebSite\",\"@id\":\"https:\\\/\\\/www.gm.adv.br\\\/site\\\/#website\",\"url\":\"https:\\\/\\\/www.gm.adv.br\\\/site\\\/\",\"name\":\"Guaresi & Mill\u00e9o Advogados Associados | Escrit\u00f3rio de Advocacia em Conc\u00f3rdia-SC | 30 Anos de Experi\u00eanci\",\"description\":\"Advocacia Direito Banc\u00e1rio, Tribut\u00e1rio, Trabalhista, C\u00edvil, P\u00fablica, Municipal, Advogados Associados Guaresi e Mill\u00e9o  |  Conc\u00f3rdia SC\",\"publisher\":{\"@id\":\"https:\\\/\\\/www.gm.adv.br\\\/site\\\/#organization\"},\"alternateName\":\"Guaresi e Mill\u00e9o Escrit\u00f3rio de Advocacia e Consultoria em Conc\u00f3rdia-SC\",\"potentialAction\":[{\"@type\":\"SearchAction\",\"target\":{\"@type\":\"EntryPoint\",\"urlTemplate\":\"https:\\\/\\\/www.gm.adv.br\\\/site\\\/?s={search_term_string}\"},\"query-input\":{\"@type\":\"PropertyValueSpecification\",\"valueRequired\":true,\"valueName\":\"search_term_string\"}}],\"inLanguage\":\"pt-BR\"},{\"@type\":\"Organization\",\"@id\":\"https:\\\/\\\/www.gm.adv.br\\\/site\\\/#organization\",\"name\":\"Guaresi & Milleo Advogados Associados em Conc\u00f3rdia SC\",\"alternateName\":\"Guaresi e Milleo Advocacia e Consultoria\",\"url\":\"https:\\\/\\\/www.gm.adv.br\\\/site\\\/\",\"logo\":{\"@type\":\"ImageObject\",\"inLanguage\":\"pt-BR\",\"@id\":\"https:\\\/\\\/www.gm.adv.br\\\/site\\\/#\\\/schema\\\/logo\\\/image\\\/\",\"url\":\"https:\\\/\\\/www.gm.adv.br\\\/site\\\/wp-content\\\/uploads\\\/2025\\\/07\\\/cropped-icone-512.webp\",\"contentUrl\":\"https:\\\/\\\/www.gm.adv.br\\\/site\\\/wp-content\\\/uploads\\\/2025\\\/07\\\/cropped-icone-512.webp\",\"width\":512,\"height\":512,\"caption\":\"Guaresi & Milleo Advogados Associados em Conc\u00f3rdia SC\"},\"image\":{\"@id\":\"https:\\\/\\\/www.gm.adv.br\\\/site\\\/#\\\/schema\\\/logo\\\/image\\\/\"},\"sameAs\":[\"https:\\\/\\\/www.facebook.com\\\/GuaresiMilleoAdvogados\",\"https:\\\/\\\/www.instagram.com\\\/guaresiemilleo\\\/\",\"https:\\\/\\\/br.linkedin.com\\\/company\\\/guaresimilleo\"]},{\"@type\":\"Person\",\"@id\":\"https:\\\/\\\/www.gm.adv.br\\\/site\\\/#\\\/schema\\\/person\\\/7d633a2abab0d9b94253af6efc36428f\",\"name\":\"admin\",\"image\":{\"@type\":\"ImageObject\",\"inLanguage\":\"pt-BR\",\"@id\":\"https:\\\/\\\/secure.gravatar.com\\\/avatar\\\/c8bb173d280f7d1e50b67bb649de269247430499695ba3ee451b6289436d1d39?s=96&d=mm&r=g\",\"url\":\"https:\\\/\\\/secure.gravatar.com\\\/avatar\\\/c8bb173d280f7d1e50b67bb649de269247430499695ba3ee451b6289436d1d39?s=96&d=mm&r=g\",\"contentUrl\":\"https:\\\/\\\/secure.gravatar.com\\\/avatar\\\/c8bb173d280f7d1e50b67bb649de269247430499695ba3ee451b6289436d1d39?s=96&d=mm&r=g\",\"caption\":\"admin\"},\"sameAs\":[\"https:\\\/\\\/www.gm.adv.br\\\/site\"],\"url\":\"https:\\\/\\\/www.gm.adv.br\\\/site\\\/author\\\/admin\\\/\"}]}<\/script>\n<!-- \/ Yoast SEO plugin. -->","yoast_head_json":{"title":"VOC\u00ca SABIA QUE A HOLDING RURAL PODE REDUZIR TRIBUTOS DA ATIVIDADE RURAL? - Guaresi &amp; Mill\u00e9o Advogados Associados | Escrit\u00f3rio de Advocacia em Conc\u00f3rdia-SC | 30 Anos de Experi\u00eancia","description":"J\u00e1 falamos muito sobre a import\u00e2ncia de constituir uma holding rural e seus benef\u00edcios, principalmente associados \u00e0 sucess\u00e3o e a prote\u00e7\u00e3o patrimonial, \u00e0 medida em que facilita a divis\u00e3o de heran\u00e7a e evita deixar o patrim\u00f4nio exposto \u00e0s intemp\u00e9ries da vida.","robots":{"index":"index","follow":"follow","max-snippet":"max-snippet:-1","max-image-preview":"max-image-preview:large","max-video-preview":"max-video-preview:-1"},"canonical":"https:\/\/www.gm.adv.br\/site\/2022\/07\/01\/voce-sabia-que-a-holding-rural-pode-reduzir-tributos-da-atividade-rural\/","og_locale":"pt_BR","og_type":"article","og_title":"VOC\u00ca SABIA QUE A HOLDING RURAL PODE REDUZIR TRIBUTOS DA ATIVIDADE RURAL? - Guaresi &amp; Mill\u00e9o Advogados Associados | Escrit\u00f3rio de Advocacia em Conc\u00f3rdia-SC | 30 Anos de Experi\u00eancia","og_description":"J\u00e1 falamos muito sobre a import\u00e2ncia de constituir uma holding rural e seus benef\u00edcios, principalmente associados \u00e0 sucess\u00e3o e a prote\u00e7\u00e3o patrimonial, \u00e0 medida em que facilita a divis\u00e3o de heran\u00e7a e evita deixar o patrim\u00f4nio exposto \u00e0s intemp\u00e9ries da vida.","og_url":"https:\/\/www.gm.adv.br\/site\/2022\/07\/01\/voce-sabia-que-a-holding-rural-pode-reduzir-tributos-da-atividade-rural\/","og_site_name":"Guaresi &amp; Mill\u00e9o Advogados Associados | Escrit\u00f3rio de Advocacia em Conc\u00f3rdia-SC | 30 Anos de Experi\u00eancia","article_publisher":"https:\/\/www.facebook.com\/GuaresiMilleoAdvogados","article_published_time":"2022-07-01T14:06:56+00:00","og_image":[{"width":750,"height":150,"url":"https:\/\/www.gm.adv.br\/site\/wp-content\/uploads\/2022\/08\/converse-agora-com-um-advogado-especialista.webp","type":"image\/webp"}],"author":"admin","twitter_card":"summary_large_image","twitter_misc":{"Escrito por":"admin","Est. tempo de leitura":"2 minutos"},"schema":{"@context":"https:\/\/schema.org","@graph":[{"@type":"Article","@id":"https:\/\/www.gm.adv.br\/site\/2022\/07\/01\/voce-sabia-que-a-holding-rural-pode-reduzir-tributos-da-atividade-rural\/#article","isPartOf":{"@id":"https:\/\/www.gm.adv.br\/site\/2022\/07\/01\/voce-sabia-que-a-holding-rural-pode-reduzir-tributos-da-atividade-rural\/"},"author":{"name":"admin","@id":"https:\/\/www.gm.adv.br\/site\/#\/schema\/person\/7d633a2abab0d9b94253af6efc36428f"},"headline":"VOC\u00ca SABIA QUE A HOLDING RURAL PODE REDUZIR TRIBUTOS DA ATIVIDADE RURAL?","datePublished":"2022-07-01T14:06:56+00:00","mainEntityOfPage":{"@id":"https:\/\/www.gm.adv.br\/site\/2022\/07\/01\/voce-sabia-que-a-holding-rural-pode-reduzir-tributos-da-atividade-rural\/"},"wordCount":374,"publisher":{"@id":"https:\/\/www.gm.adv.br\/site\/#organization"},"image":{"@id":"https:\/\/www.gm.adv.br\/site\/2022\/07\/01\/voce-sabia-que-a-holding-rural-pode-reduzir-tributos-da-atividade-rural\/#primaryimage"},"thumbnailUrl":"https:\/\/www.gm.adv.br\/site\/wp-content\/uploads\/2022\/08\/converse-agora-com-um-advogado-especialista.webp","articleSection":["Direito do Agroneg\u00f3cio","Direito Empresarial"],"inLanguage":"pt-BR"},{"@type":"WebPage","@id":"https:\/\/www.gm.adv.br\/site\/2022\/07\/01\/voce-sabia-que-a-holding-rural-pode-reduzir-tributos-da-atividade-rural\/","url":"https:\/\/www.gm.adv.br\/site\/2022\/07\/01\/voce-sabia-que-a-holding-rural-pode-reduzir-tributos-da-atividade-rural\/","name":"VOC\u00ca SABIA QUE A HOLDING RURAL PODE REDUZIR TRIBUTOS DA ATIVIDADE RURAL? - Guaresi &amp; Mill\u00e9o Advogados Associados | Escrit\u00f3rio de Advocacia em Conc\u00f3rdia-SC | 30 Anos de Experi\u00eancia","isPartOf":{"@id":"https:\/\/www.gm.adv.br\/site\/#website"},"primaryImageOfPage":{"@id":"https:\/\/www.gm.adv.br\/site\/2022\/07\/01\/voce-sabia-que-a-holding-rural-pode-reduzir-tributos-da-atividade-rural\/#primaryimage"},"image":{"@id":"https:\/\/www.gm.adv.br\/site\/2022\/07\/01\/voce-sabia-que-a-holding-rural-pode-reduzir-tributos-da-atividade-rural\/#primaryimage"},"thumbnailUrl":"https:\/\/www.gm.adv.br\/site\/wp-content\/uploads\/2022\/08\/converse-agora-com-um-advogado-especialista.webp","datePublished":"2022-07-01T14:06:56+00:00","description":"J\u00e1 falamos muito sobre a import\u00e2ncia de constituir uma holding rural e seus benef\u00edcios, principalmente associados \u00e0 sucess\u00e3o e a prote\u00e7\u00e3o patrimonial, \u00e0 medida em que facilita a divis\u00e3o de heran\u00e7a e evita deixar o patrim\u00f4nio exposto \u00e0s intemp\u00e9ries da vida.","breadcrumb":{"@id":"https:\/\/www.gm.adv.br\/site\/2022\/07\/01\/voce-sabia-que-a-holding-rural-pode-reduzir-tributos-da-atividade-rural\/#breadcrumb"},"inLanguage":"pt-BR","potentialAction":[{"@type":"ReadAction","target":["https:\/\/www.gm.adv.br\/site\/2022\/07\/01\/voce-sabia-que-a-holding-rural-pode-reduzir-tributos-da-atividade-rural\/"]}]},{"@type":"ImageObject","inLanguage":"pt-BR","@id":"https:\/\/www.gm.adv.br\/site\/2022\/07\/01\/voce-sabia-que-a-holding-rural-pode-reduzir-tributos-da-atividade-rural\/#primaryimage","url":"https:\/\/www.gm.adv.br\/site\/wp-content\/uploads\/2022\/08\/converse-agora-com-um-advogado-especialista.webp","contentUrl":"https:\/\/www.gm.adv.br\/site\/wp-content\/uploads\/2022\/08\/converse-agora-com-um-advogado-especialista.webp","width":750,"height":150},{"@type":"BreadcrumbList","@id":"https:\/\/www.gm.adv.br\/site\/2022\/07\/01\/voce-sabia-que-a-holding-rural-pode-reduzir-tributos-da-atividade-rural\/#breadcrumb","itemListElement":[{"@type":"ListItem","position":1,"name":"In\u00edcio","item":"https:\/\/www.gm.adv.br\/site\/"},{"@type":"ListItem","position":2,"name":"VOC\u00ca SABIA QUE A HOLDING RURAL PODE REDUZIR TRIBUTOS DA ATIVIDADE RURAL?"}]},{"@type":"WebSite","@id":"https:\/\/www.gm.adv.br\/site\/#website","url":"https:\/\/www.gm.adv.br\/site\/","name":"Guaresi & Mill\u00e9o Advogados Associados | Escrit\u00f3rio de Advocacia em Conc\u00f3rdia-SC | 30 Anos de Experi\u00eanci","description":"Advocacia Direito Banc\u00e1rio, Tribut\u00e1rio, Trabalhista, C\u00edvil, P\u00fablica, Municipal, Advogados Associados Guaresi e Mill\u00e9o  |  Conc\u00f3rdia SC","publisher":{"@id":"https:\/\/www.gm.adv.br\/site\/#organization"},"alternateName":"Guaresi e Mill\u00e9o Escrit\u00f3rio de Advocacia e Consultoria em Conc\u00f3rdia-SC","potentialAction":[{"@type":"SearchAction","target":{"@type":"EntryPoint","urlTemplate":"https:\/\/www.gm.adv.br\/site\/?s={search_term_string}"},"query-input":{"@type":"PropertyValueSpecification","valueRequired":true,"valueName":"search_term_string"}}],"inLanguage":"pt-BR"},{"@type":"Organization","@id":"https:\/\/www.gm.adv.br\/site\/#organization","name":"Guaresi & Milleo Advogados Associados em Conc\u00f3rdia SC","alternateName":"Guaresi e Milleo Advocacia e Consultoria","url":"https:\/\/www.gm.adv.br\/site\/","logo":{"@type":"ImageObject","inLanguage":"pt-BR","@id":"https:\/\/www.gm.adv.br\/site\/#\/schema\/logo\/image\/","url":"https:\/\/www.gm.adv.br\/site\/wp-content\/uploads\/2025\/07\/cropped-icone-512.webp","contentUrl":"https:\/\/www.gm.adv.br\/site\/wp-content\/uploads\/2025\/07\/cropped-icone-512.webp","width":512,"height":512,"caption":"Guaresi & Milleo Advogados Associados em Conc\u00f3rdia SC"},"image":{"@id":"https:\/\/www.gm.adv.br\/site\/#\/schema\/logo\/image\/"},"sameAs":["https:\/\/www.facebook.com\/GuaresiMilleoAdvogados","https:\/\/www.instagram.com\/guaresiemilleo\/","https:\/\/br.linkedin.com\/company\/guaresimilleo"]},{"@type":"Person","@id":"https:\/\/www.gm.adv.br\/site\/#\/schema\/person\/7d633a2abab0d9b94253af6efc36428f","name":"admin","image":{"@type":"ImageObject","inLanguage":"pt-BR","@id":"https:\/\/secure.gravatar.com\/avatar\/c8bb173d280f7d1e50b67bb649de269247430499695ba3ee451b6289436d1d39?s=96&d=mm&r=g","url":"https:\/\/secure.gravatar.com\/avatar\/c8bb173d280f7d1e50b67bb649de269247430499695ba3ee451b6289436d1d39?s=96&d=mm&r=g","contentUrl":"https:\/\/secure.gravatar.com\/avatar\/c8bb173d280f7d1e50b67bb649de269247430499695ba3ee451b6289436d1d39?s=96&d=mm&r=g","caption":"admin"},"sameAs":["https:\/\/www.gm.adv.br\/site"],"url":"https:\/\/www.gm.adv.br\/site\/author\/admin\/"}]}},"_links":{"self":[{"href":"https:\/\/www.gm.adv.br\/site\/wp-json\/wp\/v2\/posts\/3714","targetHints":{"allow":["GET"]}}],"collection":[{"href":"https:\/\/www.gm.adv.br\/site\/wp-json\/wp\/v2\/posts"}],"about":[{"href":"https:\/\/www.gm.adv.br\/site\/wp-json\/wp\/v2\/types\/post"}],"author":[{"embeddable":true,"href":"https:\/\/www.gm.adv.br\/site\/wp-json\/wp\/v2\/users\/1"}],"replies":[{"embeddable":true,"href":"https:\/\/www.gm.adv.br\/site\/wp-json\/wp\/v2\/comments?post=3714"}],"version-history":[{"count":0,"href":"https:\/\/www.gm.adv.br\/site\/wp-json\/wp\/v2\/posts\/3714\/revisions"}],"wp:attachment":[{"href":"https:\/\/www.gm.adv.br\/site\/wp-json\/wp\/v2\/media?parent=3714"}],"wp:term":[{"taxonomy":"category","embeddable":true,"href":"https:\/\/www.gm.adv.br\/site\/wp-json\/wp\/v2\/categories?post=3714"},{"taxonomy":"post_tag","embeddable":true,"href":"https:\/\/www.gm.adv.br\/site\/wp-json\/wp\/v2\/tags?post=3714"}],"curies":[{"name":"wp","href":"https:\/\/api.w.org\/{rel}","templated":true}]}}