{"id":3694,"date":"2022-06-09T09:55:41","date_gmt":"2022-06-09T12:55:41","guid":{"rendered":"https:\/\/gm.adv.br\/?p=3694"},"modified":"2022-06-09T09:55:41","modified_gmt":"2022-06-09T12:55:41","slug":"area-de-preservacao-permanente-no-perimetro-urbano-consolidado","status":"publish","type":"post","link":"https:\/\/www.gm.adv.br\/site\/2022\/06\/09\/area-de-preservacao-permanente-no-perimetro-urbano-consolidado\/","title":{"rendered":"\u00c1rea de Preserva\u00e7\u00e3o Permanente no per\u00edmetro urbano consolidado"},"content":{"rendered":"<p>A lei 12.651\/12, conhecida como C\u00f3digo Florestal, estabelece as normas gerais de prote\u00e7\u00e3o da vegeta\u00e7\u00e3o nativa. Dentre as disposi\u00e7\u00f5es da Lei Federal, muito se fala sobre as \u00c1reas de Preserva\u00e7\u00e3o Permanente (APP), que s\u00e3o as faixas de vegeta\u00e7\u00e3o localizada \u00e0s margens de qualquer curso d\u2019\u00e1gua.<\/p>\n<p>De acordo com o previsto no C\u00f3digo Florestal, a APP poder\u00e1 variar de 30 metros de vegeta\u00e7\u00e3o, para os cursos d\u2019\u00e1gua que tenham menos de 10 metros de largura, podendo chegar a at\u00e9 500 metros em rios com largura superior a 600 metros.<\/p>\n<p>Nos \u00faltimos anos, houveram in\u00fameras discuss\u00f5es judiciais sobre a aplica\u00e7\u00e3o dessa regra em rios que cortam o per\u00edmetro urbano consolidado, ou seja, que passam dentro das cidades. Essa discuss\u00e3o surge porque \u00e9 comum que os Munic\u00edpios, de acordo com a necessidade e seu desenvolvimento, realizem a canaliza\u00e7\u00e3o desses cursos d\u2019\u00e1gua, construindo estruturas em concreto para controlar o fluxo da \u00e1gua.<\/p>\n<p>O problema \u00e9 que a aplica\u00e7\u00e3o das regras do C\u00f3digo Florestal em per\u00edmetro urbano, no que diz respeito \u00e0s APP\u2019s, exige o afastamento de, no m\u00ednimo, 30 (trinta) metros das margens do curso d\u2019\u00e1gua, inviabilizando incont\u00e1veis im\u00f3veis.<\/p>\n<p>Diante dessa problem\u00e1tica, o Superior Tribunal de Justi\u00e7a fixou uma tese de repercuss\u00e3o geral (Tema 1010), determinando a aplica\u00e7\u00e3o das disposi\u00e7\u00f5es do C\u00f3digo Florestal mesmo em trechos caracterizados como \u00e1rea urbana consolidada.<\/p>\n<p>Entretanto, importante ressaltar que o mesmo dispositivo do C\u00f3digo Florestal que estabelece o tamanho das faixas de preserva\u00e7\u00e3o da vegeta\u00e7\u00e3o, tamb\u00e9m permite que: <em>\u201cEm \u00e1reas urbanas consolidadas, <strong>ouvidos os conselhos estaduais, municipais ou distrital de meio ambiente<\/strong>, <u>lei municipal ou distrital poder\u00e1 definir faixas marginais distintas daquelas estabelecidas no inciso I do\u00a0caput\u00a0deste artigo<\/u> [&#8230;]\u201d<\/em>. (art. 4\u00ba, \u00a7 10, do C\u00f3digo Florestal)<\/p>\n<p>Ou seja, as faixas de APP previstas no C\u00f3digo Florestal s\u00f3 ser\u00e3o aplic\u00e1veis no per\u00edmetro urbano quando n\u00e3o existir legisla\u00e7\u00e3o no Munic\u00edpio estabelecendo regras diferentes, que observem a realidade espec\u00edfica daquela regi\u00e3o.<\/p>\n<p>O importante \u00e9 que, antes de investir em qualquer im\u00f3vel pr\u00f3ximo a curso d\u2019\u00e1gua, informe-se nos \u00f3rg\u00e3os p\u00fablicos competentes ou ent\u00e3o consulte um advogado de sua confian\u00e7a.<\/p>\n<p><a href=\"https:\/\/api.whatsapp.com\/send?phone=+5549984376950&amp;text=Ol%C3%A1\"><img loading=\"lazy\" decoding=\"async\" class=\"alignnone wp-image-4192 size-full\" src=\"https:\/\/www.gm.adv.br\/site\/wp-content\/uploads\/2022\/08\/converse-agora-com-um-advogado-especialista.webp\" alt=\"\" width=\"750\" height=\"150\" \/><\/a><\/p>\n<p>Este conte\u00fado foi produzido pelo Escrit\u00f3rio de Advocacia Guaresi e Mill\u00e9o Advogados Associados, h\u00e1 mais de 25 anos prestando servi\u00e7os em advocacia na cidade de Conc\u00f3rdia \u2013 SC e regi\u00e3o Oeste Catarinense. Continue acompanhando nosso <a href=\"https:\/\/gm.adv.br\/blog\/\">blog<\/a> para n\u00e3o perder mais nenhum conte\u00fado exclusivo.<\/p>\n","protected":false},"excerpt":{"rendered":"<p>A lei 12.651\/12, conhecida como C\u00f3digo Florestal, estabelece as normas gerais de prote\u00e7\u00e3o da vegeta\u00e7\u00e3o nativa. Dentre as disposi\u00e7\u00f5es da Lei Federal, muito se fala sobre as \u00c1reas de Preserva\u00e7\u00e3o Permanente (APP), que s\u00e3o as faixas de vegeta\u00e7\u00e3o localizada \u00e0s margens de qualquer curso d\u2019\u00e1gua. De acordo com o previsto no C\u00f3digo Florestal, a APP [&#8230;]\n","protected":false},"author":1,"featured_media":0,"comment_status":"closed","ping_status":"closed","sticky":false,"template":"","format":"standard","meta":{"footnotes":""},"categories":[81],"tags":[],"class_list":["post-3694","post","type-post","status-publish","format-standard","hentry","category-direito-ambiental"],"yoast_head":"<!-- This site is optimized with the Yoast SEO plugin v27.5 - https:\/\/yoast.com\/product\/yoast-seo-wordpress\/ -->\n<title>\u00c1rea de Preserva\u00e7\u00e3o Permanente no per\u00edmetro urbano consolidado - Guaresi &amp; Mill\u00e9o Advogados Associados | Escrit\u00f3rio de Advocacia em Conc\u00f3rdia-SC | 30 Anos de Experi\u00eancia<\/title>\n<meta name=\"description\" content=\"De acordo com o previsto no C\u00f3digo Florestal, a APP poder\u00e1 variar de 30 metros de vegeta\u00e7\u00e3o, para os cursos d\u2019\u00e1gua que tenham menos de 10 metros de largura, podendo chegar a at\u00e9 500 metros em rios com largura superior a 600 metros.\" \/>\n<meta name=\"robots\" content=\"index, follow, max-snippet:-1, max-image-preview:large, max-video-preview:-1\" \/>\n<link rel=\"canonical\" href=\"https:\/\/www.gm.adv.br\/site\/2022\/06\/09\/area-de-preservacao-permanente-no-perimetro-urbano-consolidado\/\" \/>\n<meta property=\"og:locale\" content=\"pt_BR\" \/>\n<meta property=\"og:type\" content=\"article\" \/>\n<meta property=\"og:title\" content=\"\u00c1rea de Preserva\u00e7\u00e3o Permanente no per\u00edmetro urbano consolidado - Guaresi &amp; Mill\u00e9o Advogados Associados | Escrit\u00f3rio de Advocacia em Conc\u00f3rdia-SC | 30 Anos de Experi\u00eancia\" \/>\n<meta property=\"og:description\" content=\"De acordo com o previsto no C\u00f3digo Florestal, a APP poder\u00e1 variar de 30 metros de vegeta\u00e7\u00e3o, para os cursos d\u2019\u00e1gua que tenham menos de 10 metros de largura, podendo chegar a at\u00e9 500 metros em rios com largura superior a 600 metros.\" \/>\n<meta property=\"og:url\" content=\"https:\/\/www.gm.adv.br\/site\/2022\/06\/09\/area-de-preservacao-permanente-no-perimetro-urbano-consolidado\/\" \/>\n<meta property=\"og:site_name\" content=\"Guaresi &amp; Mill\u00e9o Advogados Associados | Escrit\u00f3rio de Advocacia em Conc\u00f3rdia-SC | 30 Anos de Experi\u00eancia\" \/>\n<meta property=\"article:publisher\" content=\"https:\/\/www.facebook.com\/GuaresiMilleoAdvogados\" \/>\n<meta property=\"article:published_time\" content=\"2022-06-09T12:55:41+00:00\" \/>\n<meta property=\"og:image\" content=\"https:\/\/www.gm.adv.br\/site\/wp-content\/uploads\/2022\/08\/converse-agora-com-um-advogado-especialista.webp\" \/>\n\t<meta property=\"og:image:width\" content=\"750\" \/>\n\t<meta property=\"og:image:height\" content=\"150\" \/>\n\t<meta property=\"og:image:type\" content=\"image\/webp\" \/>\n<meta name=\"author\" content=\"admin\" \/>\n<meta name=\"twitter:card\" content=\"summary_large_image\" \/>\n<meta name=\"twitter:label1\" content=\"Escrito por\" \/>\n\t<meta name=\"twitter:data1\" content=\"admin\" \/>\n\t<meta name=\"twitter:label2\" content=\"Est. tempo de leitura\" \/>\n\t<meta name=\"twitter:data2\" content=\"3 minutos\" \/>\n<script type=\"application\/ld+json\" class=\"yoast-schema-graph\">{\"@context\":\"https:\\\/\\\/schema.org\",\"@graph\":[{\"@type\":\"Article\",\"@id\":\"https:\\\/\\\/www.gm.adv.br\\\/site\\\/2022\\\/06\\\/09\\\/area-de-preservacao-permanente-no-perimetro-urbano-consolidado\\\/#article\",\"isPartOf\":{\"@id\":\"https:\\\/\\\/www.gm.adv.br\\\/site\\\/2022\\\/06\\\/09\\\/area-de-preservacao-permanente-no-perimetro-urbano-consolidado\\\/\"},\"author\":{\"name\":\"admin\",\"@id\":\"https:\\\/\\\/www.gm.adv.br\\\/site\\\/#\\\/schema\\\/person\\\/7d633a2abab0d9b94253af6efc36428f\"},\"headline\":\"\u00c1rea de Preserva\u00e7\u00e3o Permanente no per\u00edmetro urbano consolidado\",\"datePublished\":\"2022-06-09T12:55:41+00:00\",\"mainEntityOfPage\":{\"@id\":\"https:\\\/\\\/www.gm.adv.br\\\/site\\\/2022\\\/06\\\/09\\\/area-de-preservacao-permanente-no-perimetro-urbano-consolidado\\\/\"},\"wordCount\":438,\"publisher\":{\"@id\":\"https:\\\/\\\/www.gm.adv.br\\\/site\\\/#organization\"},\"image\":{\"@id\":\"https:\\\/\\\/www.gm.adv.br\\\/site\\\/2022\\\/06\\\/09\\\/area-de-preservacao-permanente-no-perimetro-urbano-consolidado\\\/#primaryimage\"},\"thumbnailUrl\":\"https:\\\/\\\/www.gm.adv.br\\\/site\\\/wp-content\\\/uploads\\\/2022\\\/08\\\/converse-agora-com-um-advogado-especialista.webp\",\"articleSection\":[\"Direito Ambiental\"],\"inLanguage\":\"pt-BR\"},{\"@type\":\"WebPage\",\"@id\":\"https:\\\/\\\/www.gm.adv.br\\\/site\\\/2022\\\/06\\\/09\\\/area-de-preservacao-permanente-no-perimetro-urbano-consolidado\\\/\",\"url\":\"https:\\\/\\\/www.gm.adv.br\\\/site\\\/2022\\\/06\\\/09\\\/area-de-preservacao-permanente-no-perimetro-urbano-consolidado\\\/\",\"name\":\"\u00c1rea de Preserva\u00e7\u00e3o Permanente no per\u00edmetro urbano consolidado - Guaresi &amp; Mill\u00e9o Advogados Associados | Escrit\u00f3rio de Advocacia em Conc\u00f3rdia-SC | 30 Anos de Experi\u00eancia\",\"isPartOf\":{\"@id\":\"https:\\\/\\\/www.gm.adv.br\\\/site\\\/#website\"},\"primaryImageOfPage\":{\"@id\":\"https:\\\/\\\/www.gm.adv.br\\\/site\\\/2022\\\/06\\\/09\\\/area-de-preservacao-permanente-no-perimetro-urbano-consolidado\\\/#primaryimage\"},\"image\":{\"@id\":\"https:\\\/\\\/www.gm.adv.br\\\/site\\\/2022\\\/06\\\/09\\\/area-de-preservacao-permanente-no-perimetro-urbano-consolidado\\\/#primaryimage\"},\"thumbnailUrl\":\"https:\\\/\\\/www.gm.adv.br\\\/site\\\/wp-content\\\/uploads\\\/2022\\\/08\\\/converse-agora-com-um-advogado-especialista.webp\",\"datePublished\":\"2022-06-09T12:55:41+00:00\",\"description\":\"De acordo com o previsto no C\u00f3digo Florestal, a APP poder\u00e1 variar de 30 metros de vegeta\u00e7\u00e3o, para os cursos d\u2019\u00e1gua que tenham menos de 10 metros de largura, podendo chegar a at\u00e9 500 metros em rios com largura superior a 600 metros.\",\"breadcrumb\":{\"@id\":\"https:\\\/\\\/www.gm.adv.br\\\/site\\\/2022\\\/06\\\/09\\\/area-de-preservacao-permanente-no-perimetro-urbano-consolidado\\\/#breadcrumb\"},\"inLanguage\":\"pt-BR\",\"potentialAction\":[{\"@type\":\"ReadAction\",\"target\":[\"https:\\\/\\\/www.gm.adv.br\\\/site\\\/2022\\\/06\\\/09\\\/area-de-preservacao-permanente-no-perimetro-urbano-consolidado\\\/\"]}]},{\"@type\":\"ImageObject\",\"inLanguage\":\"pt-BR\",\"@id\":\"https:\\\/\\\/www.gm.adv.br\\\/site\\\/2022\\\/06\\\/09\\\/area-de-preservacao-permanente-no-perimetro-urbano-consolidado\\\/#primaryimage\",\"url\":\"https:\\\/\\\/www.gm.adv.br\\\/site\\\/wp-content\\\/uploads\\\/2022\\\/08\\\/converse-agora-com-um-advogado-especialista.webp\",\"contentUrl\":\"https:\\\/\\\/www.gm.adv.br\\\/site\\\/wp-content\\\/uploads\\\/2022\\\/08\\\/converse-agora-com-um-advogado-especialista.webp\",\"width\":750,\"height\":150},{\"@type\":\"BreadcrumbList\",\"@id\":\"https:\\\/\\\/www.gm.adv.br\\\/site\\\/2022\\\/06\\\/09\\\/area-de-preservacao-permanente-no-perimetro-urbano-consolidado\\\/#breadcrumb\",\"itemListElement\":[{\"@type\":\"ListItem\",\"position\":1,\"name\":\"In\u00edcio\",\"item\":\"https:\\\/\\\/www.gm.adv.br\\\/site\\\/\"},{\"@type\":\"ListItem\",\"position\":2,\"name\":\"\u00c1rea de Preserva\u00e7\u00e3o Permanente no per\u00edmetro urbano consolidado\"}]},{\"@type\":\"WebSite\",\"@id\":\"https:\\\/\\\/www.gm.adv.br\\\/site\\\/#website\",\"url\":\"https:\\\/\\\/www.gm.adv.br\\\/site\\\/\",\"name\":\"Guaresi & Mill\u00e9o Advogados Associados | Escrit\u00f3rio de Advocacia em Conc\u00f3rdia-SC | 30 Anos de Experi\u00eanci\",\"description\":\"Advocacia Direito Banc\u00e1rio, Tribut\u00e1rio, Trabalhista, C\u00edvil, P\u00fablica, Municipal, Advogados Associados Guaresi e Mill\u00e9o  |  Conc\u00f3rdia SC\",\"publisher\":{\"@id\":\"https:\\\/\\\/www.gm.adv.br\\\/site\\\/#organization\"},\"alternateName\":\"Guaresi e Mill\u00e9o Escrit\u00f3rio de Advocacia e Consultoria em Conc\u00f3rdia-SC\",\"potentialAction\":[{\"@type\":\"SearchAction\",\"target\":{\"@type\":\"EntryPoint\",\"urlTemplate\":\"https:\\\/\\\/www.gm.adv.br\\\/site\\\/?s={search_term_string}\"},\"query-input\":{\"@type\":\"PropertyValueSpecification\",\"valueRequired\":true,\"valueName\":\"search_term_string\"}}],\"inLanguage\":\"pt-BR\"},{\"@type\":\"Organization\",\"@id\":\"https:\\\/\\\/www.gm.adv.br\\\/site\\\/#organization\",\"name\":\"Guaresi & Milleo Advogados Associados em Conc\u00f3rdia SC\",\"alternateName\":\"Guaresi e Milleo Advocacia e Consultoria\",\"url\":\"https:\\\/\\\/www.gm.adv.br\\\/site\\\/\",\"logo\":{\"@type\":\"ImageObject\",\"inLanguage\":\"pt-BR\",\"@id\":\"https:\\\/\\\/www.gm.adv.br\\\/site\\\/#\\\/schema\\\/logo\\\/image\\\/\",\"url\":\"https:\\\/\\\/www.gm.adv.br\\\/site\\\/wp-content\\\/uploads\\\/2025\\\/07\\\/cropped-icone-512.webp\",\"contentUrl\":\"https:\\\/\\\/www.gm.adv.br\\\/site\\\/wp-content\\\/uploads\\\/2025\\\/07\\\/cropped-icone-512.webp\",\"width\":512,\"height\":512,\"caption\":\"Guaresi & Milleo Advogados Associados em Conc\u00f3rdia SC\"},\"image\":{\"@id\":\"https:\\\/\\\/www.gm.adv.br\\\/site\\\/#\\\/schema\\\/logo\\\/image\\\/\"},\"sameAs\":[\"https:\\\/\\\/www.facebook.com\\\/GuaresiMilleoAdvogados\",\"https:\\\/\\\/www.instagram.com\\\/guaresiemilleo\\\/\",\"https:\\\/\\\/br.linkedin.com\\\/company\\\/guaresimilleo\"]},{\"@type\":\"Person\",\"@id\":\"https:\\\/\\\/www.gm.adv.br\\\/site\\\/#\\\/schema\\\/person\\\/7d633a2abab0d9b94253af6efc36428f\",\"name\":\"admin\",\"image\":{\"@type\":\"ImageObject\",\"inLanguage\":\"pt-BR\",\"@id\":\"https:\\\/\\\/secure.gravatar.com\\\/avatar\\\/c8bb173d280f7d1e50b67bb649de269247430499695ba3ee451b6289436d1d39?s=96&d=mm&r=g\",\"url\":\"https:\\\/\\\/secure.gravatar.com\\\/avatar\\\/c8bb173d280f7d1e50b67bb649de269247430499695ba3ee451b6289436d1d39?s=96&d=mm&r=g\",\"contentUrl\":\"https:\\\/\\\/secure.gravatar.com\\\/avatar\\\/c8bb173d280f7d1e50b67bb649de269247430499695ba3ee451b6289436d1d39?s=96&d=mm&r=g\",\"caption\":\"admin\"},\"sameAs\":[\"https:\\\/\\\/www.gm.adv.br\\\/site\"],\"url\":\"https:\\\/\\\/www.gm.adv.br\\\/site\\\/author\\\/admin\\\/\"}]}<\/script>\n<!-- \/ Yoast SEO plugin. -->","yoast_head_json":{"title":"\u00c1rea de Preserva\u00e7\u00e3o Permanente no per\u00edmetro urbano consolidado - Guaresi &amp; Mill\u00e9o Advogados Associados | Escrit\u00f3rio de Advocacia em Conc\u00f3rdia-SC | 30 Anos de Experi\u00eancia","description":"De acordo com o previsto no C\u00f3digo Florestal, a APP poder\u00e1 variar de 30 metros de vegeta\u00e7\u00e3o, para os cursos d\u2019\u00e1gua que tenham menos de 10 metros de largura, podendo chegar a at\u00e9 500 metros em rios com largura superior a 600 metros.","robots":{"index":"index","follow":"follow","max-snippet":"max-snippet:-1","max-image-preview":"max-image-preview:large","max-video-preview":"max-video-preview:-1"},"canonical":"https:\/\/www.gm.adv.br\/site\/2022\/06\/09\/area-de-preservacao-permanente-no-perimetro-urbano-consolidado\/","og_locale":"pt_BR","og_type":"article","og_title":"\u00c1rea de Preserva\u00e7\u00e3o Permanente no per\u00edmetro urbano consolidado - Guaresi &amp; Mill\u00e9o Advogados Associados | Escrit\u00f3rio de Advocacia em Conc\u00f3rdia-SC | 30 Anos de Experi\u00eancia","og_description":"De acordo com o previsto no C\u00f3digo Florestal, a APP poder\u00e1 variar de 30 metros de vegeta\u00e7\u00e3o, para os cursos d\u2019\u00e1gua que tenham menos de 10 metros de largura, podendo chegar a at\u00e9 500 metros em rios com largura superior a 600 metros.","og_url":"https:\/\/www.gm.adv.br\/site\/2022\/06\/09\/area-de-preservacao-permanente-no-perimetro-urbano-consolidado\/","og_site_name":"Guaresi &amp; Mill\u00e9o Advogados Associados | Escrit\u00f3rio de Advocacia em Conc\u00f3rdia-SC | 30 Anos de Experi\u00eancia","article_publisher":"https:\/\/www.facebook.com\/GuaresiMilleoAdvogados","article_published_time":"2022-06-09T12:55:41+00:00","og_image":[{"width":750,"height":150,"url":"https:\/\/www.gm.adv.br\/site\/wp-content\/uploads\/2022\/08\/converse-agora-com-um-advogado-especialista.webp","type":"image\/webp"}],"author":"admin","twitter_card":"summary_large_image","twitter_misc":{"Escrito por":"admin","Est. tempo de leitura":"3 minutos"},"schema":{"@context":"https:\/\/schema.org","@graph":[{"@type":"Article","@id":"https:\/\/www.gm.adv.br\/site\/2022\/06\/09\/area-de-preservacao-permanente-no-perimetro-urbano-consolidado\/#article","isPartOf":{"@id":"https:\/\/www.gm.adv.br\/site\/2022\/06\/09\/area-de-preservacao-permanente-no-perimetro-urbano-consolidado\/"},"author":{"name":"admin","@id":"https:\/\/www.gm.adv.br\/site\/#\/schema\/person\/7d633a2abab0d9b94253af6efc36428f"},"headline":"\u00c1rea de Preserva\u00e7\u00e3o Permanente no per\u00edmetro urbano consolidado","datePublished":"2022-06-09T12:55:41+00:00","mainEntityOfPage":{"@id":"https:\/\/www.gm.adv.br\/site\/2022\/06\/09\/area-de-preservacao-permanente-no-perimetro-urbano-consolidado\/"},"wordCount":438,"publisher":{"@id":"https:\/\/www.gm.adv.br\/site\/#organization"},"image":{"@id":"https:\/\/www.gm.adv.br\/site\/2022\/06\/09\/area-de-preservacao-permanente-no-perimetro-urbano-consolidado\/#primaryimage"},"thumbnailUrl":"https:\/\/www.gm.adv.br\/site\/wp-content\/uploads\/2022\/08\/converse-agora-com-um-advogado-especialista.webp","articleSection":["Direito Ambiental"],"inLanguage":"pt-BR"},{"@type":"WebPage","@id":"https:\/\/www.gm.adv.br\/site\/2022\/06\/09\/area-de-preservacao-permanente-no-perimetro-urbano-consolidado\/","url":"https:\/\/www.gm.adv.br\/site\/2022\/06\/09\/area-de-preservacao-permanente-no-perimetro-urbano-consolidado\/","name":"\u00c1rea de Preserva\u00e7\u00e3o Permanente no per\u00edmetro urbano consolidado - Guaresi &amp; Mill\u00e9o Advogados Associados | Escrit\u00f3rio de Advocacia em Conc\u00f3rdia-SC | 30 Anos de Experi\u00eancia","isPartOf":{"@id":"https:\/\/www.gm.adv.br\/site\/#website"},"primaryImageOfPage":{"@id":"https:\/\/www.gm.adv.br\/site\/2022\/06\/09\/area-de-preservacao-permanente-no-perimetro-urbano-consolidado\/#primaryimage"},"image":{"@id":"https:\/\/www.gm.adv.br\/site\/2022\/06\/09\/area-de-preservacao-permanente-no-perimetro-urbano-consolidado\/#primaryimage"},"thumbnailUrl":"https:\/\/www.gm.adv.br\/site\/wp-content\/uploads\/2022\/08\/converse-agora-com-um-advogado-especialista.webp","datePublished":"2022-06-09T12:55:41+00:00","description":"De acordo com o previsto no C\u00f3digo Florestal, a APP poder\u00e1 variar de 30 metros de vegeta\u00e7\u00e3o, para os cursos d\u2019\u00e1gua que tenham menos de 10 metros de largura, podendo chegar a at\u00e9 500 metros em rios com largura superior a 600 metros.","breadcrumb":{"@id":"https:\/\/www.gm.adv.br\/site\/2022\/06\/09\/area-de-preservacao-permanente-no-perimetro-urbano-consolidado\/#breadcrumb"},"inLanguage":"pt-BR","potentialAction":[{"@type":"ReadAction","target":["https:\/\/www.gm.adv.br\/site\/2022\/06\/09\/area-de-preservacao-permanente-no-perimetro-urbano-consolidado\/"]}]},{"@type":"ImageObject","inLanguage":"pt-BR","@id":"https:\/\/www.gm.adv.br\/site\/2022\/06\/09\/area-de-preservacao-permanente-no-perimetro-urbano-consolidado\/#primaryimage","url":"https:\/\/www.gm.adv.br\/site\/wp-content\/uploads\/2022\/08\/converse-agora-com-um-advogado-especialista.webp","contentUrl":"https:\/\/www.gm.adv.br\/site\/wp-content\/uploads\/2022\/08\/converse-agora-com-um-advogado-especialista.webp","width":750,"height":150},{"@type":"BreadcrumbList","@id":"https:\/\/www.gm.adv.br\/site\/2022\/06\/09\/area-de-preservacao-permanente-no-perimetro-urbano-consolidado\/#breadcrumb","itemListElement":[{"@type":"ListItem","position":1,"name":"In\u00edcio","item":"https:\/\/www.gm.adv.br\/site\/"},{"@type":"ListItem","position":2,"name":"\u00c1rea de Preserva\u00e7\u00e3o Permanente no per\u00edmetro urbano consolidado"}]},{"@type":"WebSite","@id":"https:\/\/www.gm.adv.br\/site\/#website","url":"https:\/\/www.gm.adv.br\/site\/","name":"Guaresi & Mill\u00e9o Advogados Associados | Escrit\u00f3rio de Advocacia em Conc\u00f3rdia-SC | 30 Anos de Experi\u00eanci","description":"Advocacia Direito Banc\u00e1rio, Tribut\u00e1rio, Trabalhista, C\u00edvil, P\u00fablica, Municipal, Advogados Associados Guaresi e Mill\u00e9o  |  Conc\u00f3rdia SC","publisher":{"@id":"https:\/\/www.gm.adv.br\/site\/#organization"},"alternateName":"Guaresi e Mill\u00e9o Escrit\u00f3rio de Advocacia e Consultoria em Conc\u00f3rdia-SC","potentialAction":[{"@type":"SearchAction","target":{"@type":"EntryPoint","urlTemplate":"https:\/\/www.gm.adv.br\/site\/?s={search_term_string}"},"query-input":{"@type":"PropertyValueSpecification","valueRequired":true,"valueName":"search_term_string"}}],"inLanguage":"pt-BR"},{"@type":"Organization","@id":"https:\/\/www.gm.adv.br\/site\/#organization","name":"Guaresi & Milleo Advogados Associados em Conc\u00f3rdia SC","alternateName":"Guaresi e Milleo Advocacia e Consultoria","url":"https:\/\/www.gm.adv.br\/site\/","logo":{"@type":"ImageObject","inLanguage":"pt-BR","@id":"https:\/\/www.gm.adv.br\/site\/#\/schema\/logo\/image\/","url":"https:\/\/www.gm.adv.br\/site\/wp-content\/uploads\/2025\/07\/cropped-icone-512.webp","contentUrl":"https:\/\/www.gm.adv.br\/site\/wp-content\/uploads\/2025\/07\/cropped-icone-512.webp","width":512,"height":512,"caption":"Guaresi & Milleo Advogados Associados em Conc\u00f3rdia SC"},"image":{"@id":"https:\/\/www.gm.adv.br\/site\/#\/schema\/logo\/image\/"},"sameAs":["https:\/\/www.facebook.com\/GuaresiMilleoAdvogados","https:\/\/www.instagram.com\/guaresiemilleo\/","https:\/\/br.linkedin.com\/company\/guaresimilleo"]},{"@type":"Person","@id":"https:\/\/www.gm.adv.br\/site\/#\/schema\/person\/7d633a2abab0d9b94253af6efc36428f","name":"admin","image":{"@type":"ImageObject","inLanguage":"pt-BR","@id":"https:\/\/secure.gravatar.com\/avatar\/c8bb173d280f7d1e50b67bb649de269247430499695ba3ee451b6289436d1d39?s=96&d=mm&r=g","url":"https:\/\/secure.gravatar.com\/avatar\/c8bb173d280f7d1e50b67bb649de269247430499695ba3ee451b6289436d1d39?s=96&d=mm&r=g","contentUrl":"https:\/\/secure.gravatar.com\/avatar\/c8bb173d280f7d1e50b67bb649de269247430499695ba3ee451b6289436d1d39?s=96&d=mm&r=g","caption":"admin"},"sameAs":["https:\/\/www.gm.adv.br\/site"],"url":"https:\/\/www.gm.adv.br\/site\/author\/admin\/"}]}},"_links":{"self":[{"href":"https:\/\/www.gm.adv.br\/site\/wp-json\/wp\/v2\/posts\/3694","targetHints":{"allow":["GET"]}}],"collection":[{"href":"https:\/\/www.gm.adv.br\/site\/wp-json\/wp\/v2\/posts"}],"about":[{"href":"https:\/\/www.gm.adv.br\/site\/wp-json\/wp\/v2\/types\/post"}],"author":[{"embeddable":true,"href":"https:\/\/www.gm.adv.br\/site\/wp-json\/wp\/v2\/users\/1"}],"replies":[{"embeddable":true,"href":"https:\/\/www.gm.adv.br\/site\/wp-json\/wp\/v2\/comments?post=3694"}],"version-history":[{"count":0,"href":"https:\/\/www.gm.adv.br\/site\/wp-json\/wp\/v2\/posts\/3694\/revisions"}],"wp:attachment":[{"href":"https:\/\/www.gm.adv.br\/site\/wp-json\/wp\/v2\/media?parent=3694"}],"wp:term":[{"taxonomy":"category","embeddable":true,"href":"https:\/\/www.gm.adv.br\/site\/wp-json\/wp\/v2\/categories?post=3694"},{"taxonomy":"post_tag","embeddable":true,"href":"https:\/\/www.gm.adv.br\/site\/wp-json\/wp\/v2\/tags?post=3694"}],"curies":[{"name":"wp","href":"https:\/\/api.w.org\/{rel}","templated":true}]}}