{"id":3431,"date":"2022-05-04T17:47:47","date_gmt":"2022-05-04T20:47:47","guid":{"rendered":"https:\/\/gm.adv.br\/?p=3431"},"modified":"2022-05-04T17:47:47","modified_gmt":"2022-05-04T20:47:47","slug":"stf-decide-sobre-aposentadoria-de-professor-pelo-inss","status":"publish","type":"post","link":"https:\/\/www.gm.adv.br\/site\/2022\/05\/04\/stf-decide-sobre-aposentadoria-de-professor-pelo-inss\/","title":{"rendered":"STF decide sobre aposentadoria de professor pelo INSS"},"content":{"rendered":"<div id=\"textoFonte\" class=\"overflow\"><\/div>\n<div>\n<p><span style=\"font-weight: 400;\">Os professores aposentados pelo INSS antes da reforma previdenci\u00e1ria (antes de nov\/2019) j\u00e1 haviam percebido que o c\u00e1lculo da aposentadoria especialmente criada para a classe causava-lhe uma grande perda financeira.\u00a0<\/span><\/p>\n<p><span style=\"font-weight: 400;\">Ocorre que o professor de ensino fundamental e m\u00e9dio podia escolher se aposentar na forma especial aos 25 anos (mulher) e 30 anos (homem) de exerc\u00edcio de magist\u00e9rio, mas ao fazer essa escolha, a depender de sua idade \u2013 geralmente bastante jovens \u2013 o valor da aposentadoria diminu\u00eda por incid\u00eancia do fator previdenci\u00e1rio.\u00a0<\/span><\/p>\n<p><span style=\"font-weight: 400;\">Um \u201cdesconto\u201d aplicado quanto mais jovem fosse a pessoa. Para n\u00e3o ter essa perda, s\u00f3 continuar contribuindo at\u00e9 completar a idade legal ou ent\u00e3o a regra dos \u201cpontos\u201d (soma da idade e do tempo de trabalho) que neutralizada o fator. Era a sensa\u00e7\u00e3o de que a lei dava com uma m\u00e3o mas tirava com outra, uma vez que autorizava a aposentadoria, mas concedia valor prejudicado.Isso levou centenas de professores a discutir judicialmente, pedindo o afastamento do fator previdenci\u00e1rio do c\u00e1lculo de suas aposentadorias.<\/span><\/p>\n<p><span style=\"font-weight: 400;\">Discuss\u00f5es pelo pa\u00eds inteiro, com decis\u00f5es bem contradit\u00f3rias, levaram esses processos a serem sobrestados (paralisados) at\u00e9 que o STF dissesse se a regra \u00e9 constitucional ou n\u00e3o. Infelizmente para os professores aposentados, na \u00faltima semana, uma importante decis\u00e3o foi proferida mantendo a aplica\u00e7\u00e3o do fator previdenci\u00e1rio nas aposentadorias de professor.<\/span><\/p>\n<p><span style=\"font-weight: 400;\">Essa interpreta\u00e7\u00e3o n\u00e3o \u00e9 uma mudan\u00e7a na regra, \u00e9 a reafirma\u00e7\u00e3o de que o INSS estava agindo de acordo com a lei.<\/span><\/p>\n<p><span style=\"font-weight: 400;\">Sendo assim, planeje-se, pois aceitar a aposentadoria para revisar depois, neste momento n\u00e3o \u00e9 mais uma op\u00e7\u00e3o.<\/span><\/p>\n<p><b>Fonte: <\/b><span style=\"font-weight: 400;\">Patricia Salini \u2013 OAB\/SC 14.940<\/span><\/p>\n<\/div>\n<p><img loading=\"lazy\" decoding=\"async\" class=\"alignnone size-full wp-image-4192\" src=\"https:\/\/www.gm.adv.br\/site\/wp-content\/uploads\/2022\/08\/converse-agora-com-um-advogado-especialista.webp\" alt=\"\" width=\"750\" height=\"150\" \/><\/p>\n<p><span style=\"font-weight: 400;\">Este conte\u00fado foi produzido pelo Escrit\u00f3rio de Advocacia Guaresi e Mill\u00e9o Advogados Associados, h\u00e1 mais de 25 anos prestando servi\u00e7os em advocacia na cidade de Conc\u00f3rdia \u2013 SC e regi\u00e3o Oeste Catarinense. Continue acompanhando nosso <\/span><a href=\"https:\/\/gm.adv.br\/blog\/\"><span style=\"font-weight: 400;\">blog<\/span><\/a><span style=\"font-weight: 400;\"> para n\u00e3o perder mais nenhum conte\u00fado exclusivo.<\/span><\/p>\n","protected":false},"excerpt":{"rendered":"<p>Os professores aposentados pelo INSS antes da reforma previdenci\u00e1ria (antes de nov\/2019) j\u00e1 haviam percebido que o c\u00e1lculo da aposentadoria especialmente criada para a classe causava-lhe uma grande perda financeira.\u00a0 Ocorre que o professor de ensino fundamental e m\u00e9dio podia escolher se aposentar na forma especial aos 25 anos (mulher) e 30 anos (homem) de [&#8230;]\n","protected":false},"author":1,"featured_media":3432,"comment_status":"closed","ping_status":"closed","sticky":false,"template":"","format":"standard","meta":{"footnotes":""},"categories":[75,71],"tags":[],"class_list":["post-3431","post","type-post","status-publish","format-standard","has-post-thumbnail","hentry","category-direito-previdenciario","category-direitopublico"],"yoast_head":"<!-- This site is optimized with the Yoast SEO plugin v27.5 - https:\/\/yoast.com\/product\/yoast-seo-wordpress\/ -->\n<title>STF decide sobre aposentadoria de professor pelo INSS - Guaresi &amp; Mill\u00e9o Advogados Associados | Escrit\u00f3rio de Advocacia em Conc\u00f3rdia-SC | 30 Anos de Experi\u00eancia<\/title>\n<meta name=\"description\" content=\"Os professores aposentados pelo INSS antes da reforma previdenci\u00e1ria (antes de nov\/2019) j\u00e1 haviam percebido que o c\u00e1lculo da aposentadoria especialmente criada para a classe causava-lhe uma grande perda financeira.\u00a0\" \/>\n<meta name=\"robots\" content=\"index, follow, max-snippet:-1, max-image-preview:large, max-video-preview:-1\" \/>\n<link rel=\"canonical\" href=\"https:\/\/www.gm.adv.br\/site\/2022\/05\/04\/stf-decide-sobre-aposentadoria-de-professor-pelo-inss\/\" \/>\n<meta property=\"og:locale\" content=\"pt_BR\" \/>\n<meta property=\"og:type\" content=\"article\" \/>\n<meta property=\"og:title\" content=\"STF decide sobre aposentadoria de professor pelo INSS - Guaresi &amp; Mill\u00e9o Advogados Associados | Escrit\u00f3rio de Advocacia em Conc\u00f3rdia-SC | 30 Anos de Experi\u00eancia\" \/>\n<meta property=\"og:description\" content=\"Os professores aposentados pelo INSS antes da reforma previdenci\u00e1ria (antes de nov\/2019) j\u00e1 haviam percebido que o c\u00e1lculo da aposentadoria especialmente criada para a classe causava-lhe uma grande perda financeira.\u00a0\" \/>\n<meta property=\"og:url\" content=\"https:\/\/www.gm.adv.br\/site\/2022\/05\/04\/stf-decide-sobre-aposentadoria-de-professor-pelo-inss\/\" \/>\n<meta property=\"og:site_name\" content=\"Guaresi &amp; Mill\u00e9o Advogados Associados | Escrit\u00f3rio de Advocacia em Conc\u00f3rdia-SC | 30 Anos de Experi\u00eancia\" \/>\n<meta property=\"article:publisher\" content=\"https:\/\/www.facebook.com\/GuaresiMilleoAdvogados\" \/>\n<meta property=\"article:published_time\" content=\"2022-05-04T20:47:47+00:00\" \/>\n<meta property=\"og:image\" content=\"https:\/\/www.gm.adv.br\/site\/wp-content\/uploads\/2022\/05\/STF-decide-sobre-Aposentadoria-de-Professor-pelo-INSS-e1651697250661.jpg\" \/>\n\t<meta property=\"og:image:width\" content=\"400\" \/>\n\t<meta property=\"og:image:height\" content=\"297\" \/>\n\t<meta property=\"og:image:type\" content=\"image\/jpeg\" \/>\n<meta name=\"author\" content=\"admin\" \/>\n<meta name=\"twitter:card\" content=\"summary_large_image\" \/>\n<meta name=\"twitter:label1\" content=\"Escrito por\" \/>\n\t<meta name=\"twitter:data1\" content=\"admin\" \/>\n\t<meta name=\"twitter:label2\" content=\"Est. tempo de leitura\" \/>\n\t<meta name=\"twitter:data2\" content=\"2 minutos\" \/>\n<script type=\"application\/ld+json\" class=\"yoast-schema-graph\">{\"@context\":\"https:\\\/\\\/schema.org\",\"@graph\":[{\"@type\":\"Article\",\"@id\":\"https:\\\/\\\/www.gm.adv.br\\\/site\\\/2022\\\/05\\\/04\\\/stf-decide-sobre-aposentadoria-de-professor-pelo-inss\\\/#article\",\"isPartOf\":{\"@id\":\"https:\\\/\\\/www.gm.adv.br\\\/site\\\/2022\\\/05\\\/04\\\/stf-decide-sobre-aposentadoria-de-professor-pelo-inss\\\/\"},\"author\":{\"name\":\"admin\",\"@id\":\"https:\\\/\\\/www.gm.adv.br\\\/site\\\/#\\\/schema\\\/person\\\/7d633a2abab0d9b94253af6efc36428f\"},\"headline\":\"STF decide sobre aposentadoria de professor pelo INSS\",\"datePublished\":\"2022-05-04T20:47:47+00:00\",\"mainEntityOfPage\":{\"@id\":\"https:\\\/\\\/www.gm.adv.br\\\/site\\\/2022\\\/05\\\/04\\\/stf-decide-sobre-aposentadoria-de-professor-pelo-inss\\\/\"},\"wordCount\":338,\"publisher\":{\"@id\":\"https:\\\/\\\/www.gm.adv.br\\\/site\\\/#organization\"},\"image\":{\"@id\":\"https:\\\/\\\/www.gm.adv.br\\\/site\\\/2022\\\/05\\\/04\\\/stf-decide-sobre-aposentadoria-de-professor-pelo-inss\\\/#primaryimage\"},\"thumbnailUrl\":\"https:\\\/\\\/www.gm.adv.br\\\/site\\\/wp-content\\\/uploads\\\/2022\\\/05\\\/STF-decide-sobre-Aposentadoria-de-Professor-pelo-INSS-e1651697250661.jpg\",\"articleSection\":[\"Direito Previdenci\u00e1rio\",\"Direito P\u00fablico\"],\"inLanguage\":\"pt-BR\"},{\"@type\":\"WebPage\",\"@id\":\"https:\\\/\\\/www.gm.adv.br\\\/site\\\/2022\\\/05\\\/04\\\/stf-decide-sobre-aposentadoria-de-professor-pelo-inss\\\/\",\"url\":\"https:\\\/\\\/www.gm.adv.br\\\/site\\\/2022\\\/05\\\/04\\\/stf-decide-sobre-aposentadoria-de-professor-pelo-inss\\\/\",\"name\":\"STF decide sobre aposentadoria de professor pelo INSS - Guaresi &amp; Mill\u00e9o Advogados Associados | Escrit\u00f3rio de Advocacia em Conc\u00f3rdia-SC | 30 Anos de Experi\u00eancia\",\"isPartOf\":{\"@id\":\"https:\\\/\\\/www.gm.adv.br\\\/site\\\/#website\"},\"primaryImageOfPage\":{\"@id\":\"https:\\\/\\\/www.gm.adv.br\\\/site\\\/2022\\\/05\\\/04\\\/stf-decide-sobre-aposentadoria-de-professor-pelo-inss\\\/#primaryimage\"},\"image\":{\"@id\":\"https:\\\/\\\/www.gm.adv.br\\\/site\\\/2022\\\/05\\\/04\\\/stf-decide-sobre-aposentadoria-de-professor-pelo-inss\\\/#primaryimage\"},\"thumbnailUrl\":\"https:\\\/\\\/www.gm.adv.br\\\/site\\\/wp-content\\\/uploads\\\/2022\\\/05\\\/STF-decide-sobre-Aposentadoria-de-Professor-pelo-INSS-e1651697250661.jpg\",\"datePublished\":\"2022-05-04T20:47:47+00:00\",\"description\":\"Os professores aposentados pelo INSS antes da reforma previdenci\u00e1ria (antes de nov\\\/2019) j\u00e1 haviam percebido que o c\u00e1lculo da aposentadoria especialmente criada para a classe causava-lhe uma grande perda financeira.\u00a0\",\"breadcrumb\":{\"@id\":\"https:\\\/\\\/www.gm.adv.br\\\/site\\\/2022\\\/05\\\/04\\\/stf-decide-sobre-aposentadoria-de-professor-pelo-inss\\\/#breadcrumb\"},\"inLanguage\":\"pt-BR\",\"potentialAction\":[{\"@type\":\"ReadAction\",\"target\":[\"https:\\\/\\\/www.gm.adv.br\\\/site\\\/2022\\\/05\\\/04\\\/stf-decide-sobre-aposentadoria-de-professor-pelo-inss\\\/\"]}]},{\"@type\":\"ImageObject\",\"inLanguage\":\"pt-BR\",\"@id\":\"https:\\\/\\\/www.gm.adv.br\\\/site\\\/2022\\\/05\\\/04\\\/stf-decide-sobre-aposentadoria-de-professor-pelo-inss\\\/#primaryimage\",\"url\":\"https:\\\/\\\/www.gm.adv.br\\\/site\\\/wp-content\\\/uploads\\\/2022\\\/05\\\/STF-decide-sobre-Aposentadoria-de-Professor-pelo-INSS-e1651697250661.jpg\",\"contentUrl\":\"https:\\\/\\\/www.gm.adv.br\\\/site\\\/wp-content\\\/uploads\\\/2022\\\/05\\\/STF-decide-sobre-Aposentadoria-de-Professor-pelo-INSS-e1651697250661.jpg\",\"width\":400,\"height\":297},{\"@type\":\"BreadcrumbList\",\"@id\":\"https:\\\/\\\/www.gm.adv.br\\\/site\\\/2022\\\/05\\\/04\\\/stf-decide-sobre-aposentadoria-de-professor-pelo-inss\\\/#breadcrumb\",\"itemListElement\":[{\"@type\":\"ListItem\",\"position\":1,\"name\":\"In\u00edcio\",\"item\":\"https:\\\/\\\/www.gm.adv.br\\\/site\\\/\"},{\"@type\":\"ListItem\",\"position\":2,\"name\":\"STF decide sobre aposentadoria de professor pelo INSS\"}]},{\"@type\":\"WebSite\",\"@id\":\"https:\\\/\\\/www.gm.adv.br\\\/site\\\/#website\",\"url\":\"https:\\\/\\\/www.gm.adv.br\\\/site\\\/\",\"name\":\"Guaresi & Mill\u00e9o Advogados Associados | Escrit\u00f3rio de Advocacia em Conc\u00f3rdia-SC | 30 Anos de Experi\u00eanci\",\"description\":\"Advocacia Direito Banc\u00e1rio, Tribut\u00e1rio, Trabalhista, C\u00edvil, P\u00fablica, Municipal, Advogados Associados Guaresi e Mill\u00e9o  |  Conc\u00f3rdia SC\",\"publisher\":{\"@id\":\"https:\\\/\\\/www.gm.adv.br\\\/site\\\/#organization\"},\"alternateName\":\"Guaresi e Mill\u00e9o Escrit\u00f3rio de Advocacia e Consultoria em Conc\u00f3rdia-SC\",\"potentialAction\":[{\"@type\":\"SearchAction\",\"target\":{\"@type\":\"EntryPoint\",\"urlTemplate\":\"https:\\\/\\\/www.gm.adv.br\\\/site\\\/?s={search_term_string}\"},\"query-input\":{\"@type\":\"PropertyValueSpecification\",\"valueRequired\":true,\"valueName\":\"search_term_string\"}}],\"inLanguage\":\"pt-BR\"},{\"@type\":\"Organization\",\"@id\":\"https:\\\/\\\/www.gm.adv.br\\\/site\\\/#organization\",\"name\":\"Guaresi & Milleo Advogados Associados em Conc\u00f3rdia SC\",\"alternateName\":\"Guaresi e Milleo Advocacia e Consultoria\",\"url\":\"https:\\\/\\\/www.gm.adv.br\\\/site\\\/\",\"logo\":{\"@type\":\"ImageObject\",\"inLanguage\":\"pt-BR\",\"@id\":\"https:\\\/\\\/www.gm.adv.br\\\/site\\\/#\\\/schema\\\/logo\\\/image\\\/\",\"url\":\"https:\\\/\\\/www.gm.adv.br\\\/site\\\/wp-content\\\/uploads\\\/2025\\\/07\\\/cropped-icone-512.webp\",\"contentUrl\":\"https:\\\/\\\/www.gm.adv.br\\\/site\\\/wp-content\\\/uploads\\\/2025\\\/07\\\/cropped-icone-512.webp\",\"width\":512,\"height\":512,\"caption\":\"Guaresi & Milleo Advogados Associados em Conc\u00f3rdia SC\"},\"image\":{\"@id\":\"https:\\\/\\\/www.gm.adv.br\\\/site\\\/#\\\/schema\\\/logo\\\/image\\\/\"},\"sameAs\":[\"https:\\\/\\\/www.facebook.com\\\/GuaresiMilleoAdvogados\",\"https:\\\/\\\/www.instagram.com\\\/guaresiemilleo\\\/\",\"https:\\\/\\\/br.linkedin.com\\\/company\\\/guaresimilleo\"]},{\"@type\":\"Person\",\"@id\":\"https:\\\/\\\/www.gm.adv.br\\\/site\\\/#\\\/schema\\\/person\\\/7d633a2abab0d9b94253af6efc36428f\",\"name\":\"admin\",\"image\":{\"@type\":\"ImageObject\",\"inLanguage\":\"pt-BR\",\"@id\":\"https:\\\/\\\/secure.gravatar.com\\\/avatar\\\/c8bb173d280f7d1e50b67bb649de269247430499695ba3ee451b6289436d1d39?s=96&d=mm&r=g\",\"url\":\"https:\\\/\\\/secure.gravatar.com\\\/avatar\\\/c8bb173d280f7d1e50b67bb649de269247430499695ba3ee451b6289436d1d39?s=96&d=mm&r=g\",\"contentUrl\":\"https:\\\/\\\/secure.gravatar.com\\\/avatar\\\/c8bb173d280f7d1e50b67bb649de269247430499695ba3ee451b6289436d1d39?s=96&d=mm&r=g\",\"caption\":\"admin\"},\"sameAs\":[\"https:\\\/\\\/www.gm.adv.br\\\/site\"],\"url\":\"https:\\\/\\\/www.gm.adv.br\\\/site\\\/author\\\/admin\\\/\"}]}<\/script>\n<!-- \/ Yoast SEO plugin. -->","yoast_head_json":{"title":"STF decide sobre aposentadoria de professor pelo INSS - Guaresi &amp; Mill\u00e9o Advogados Associados | Escrit\u00f3rio de Advocacia em Conc\u00f3rdia-SC | 30 Anos de Experi\u00eancia","description":"Os professores aposentados pelo INSS antes da reforma previdenci\u00e1ria (antes de nov\/2019) j\u00e1 haviam percebido que o c\u00e1lculo da aposentadoria especialmente criada para a classe causava-lhe uma grande perda financeira.\u00a0","robots":{"index":"index","follow":"follow","max-snippet":"max-snippet:-1","max-image-preview":"max-image-preview:large","max-video-preview":"max-video-preview:-1"},"canonical":"https:\/\/www.gm.adv.br\/site\/2022\/05\/04\/stf-decide-sobre-aposentadoria-de-professor-pelo-inss\/","og_locale":"pt_BR","og_type":"article","og_title":"STF decide sobre aposentadoria de professor pelo INSS - Guaresi &amp; Mill\u00e9o Advogados Associados | Escrit\u00f3rio de Advocacia em Conc\u00f3rdia-SC | 30 Anos de Experi\u00eancia","og_description":"Os professores aposentados pelo INSS antes da reforma previdenci\u00e1ria (antes de nov\/2019) j\u00e1 haviam percebido que o c\u00e1lculo da aposentadoria especialmente criada para a classe causava-lhe uma grande perda financeira.\u00a0","og_url":"https:\/\/www.gm.adv.br\/site\/2022\/05\/04\/stf-decide-sobre-aposentadoria-de-professor-pelo-inss\/","og_site_name":"Guaresi &amp; Mill\u00e9o Advogados Associados | Escrit\u00f3rio de Advocacia em Conc\u00f3rdia-SC | 30 Anos de Experi\u00eancia","article_publisher":"https:\/\/www.facebook.com\/GuaresiMilleoAdvogados","article_published_time":"2022-05-04T20:47:47+00:00","og_image":[{"width":400,"height":297,"url":"https:\/\/www.gm.adv.br\/site\/wp-content\/uploads\/2022\/05\/STF-decide-sobre-Aposentadoria-de-Professor-pelo-INSS-e1651697250661.jpg","type":"image\/jpeg"}],"author":"admin","twitter_card":"summary_large_image","twitter_misc":{"Escrito por":"admin","Est. tempo de leitura":"2 minutos"},"schema":{"@context":"https:\/\/schema.org","@graph":[{"@type":"Article","@id":"https:\/\/www.gm.adv.br\/site\/2022\/05\/04\/stf-decide-sobre-aposentadoria-de-professor-pelo-inss\/#article","isPartOf":{"@id":"https:\/\/www.gm.adv.br\/site\/2022\/05\/04\/stf-decide-sobre-aposentadoria-de-professor-pelo-inss\/"},"author":{"name":"admin","@id":"https:\/\/www.gm.adv.br\/site\/#\/schema\/person\/7d633a2abab0d9b94253af6efc36428f"},"headline":"STF decide sobre aposentadoria de professor pelo INSS","datePublished":"2022-05-04T20:47:47+00:00","mainEntityOfPage":{"@id":"https:\/\/www.gm.adv.br\/site\/2022\/05\/04\/stf-decide-sobre-aposentadoria-de-professor-pelo-inss\/"},"wordCount":338,"publisher":{"@id":"https:\/\/www.gm.adv.br\/site\/#organization"},"image":{"@id":"https:\/\/www.gm.adv.br\/site\/2022\/05\/04\/stf-decide-sobre-aposentadoria-de-professor-pelo-inss\/#primaryimage"},"thumbnailUrl":"https:\/\/www.gm.adv.br\/site\/wp-content\/uploads\/2022\/05\/STF-decide-sobre-Aposentadoria-de-Professor-pelo-INSS-e1651697250661.jpg","articleSection":["Direito Previdenci\u00e1rio","Direito P\u00fablico"],"inLanguage":"pt-BR"},{"@type":"WebPage","@id":"https:\/\/www.gm.adv.br\/site\/2022\/05\/04\/stf-decide-sobre-aposentadoria-de-professor-pelo-inss\/","url":"https:\/\/www.gm.adv.br\/site\/2022\/05\/04\/stf-decide-sobre-aposentadoria-de-professor-pelo-inss\/","name":"STF decide sobre aposentadoria de professor pelo INSS - Guaresi &amp; Mill\u00e9o Advogados Associados | Escrit\u00f3rio de Advocacia em Conc\u00f3rdia-SC | 30 Anos de Experi\u00eancia","isPartOf":{"@id":"https:\/\/www.gm.adv.br\/site\/#website"},"primaryImageOfPage":{"@id":"https:\/\/www.gm.adv.br\/site\/2022\/05\/04\/stf-decide-sobre-aposentadoria-de-professor-pelo-inss\/#primaryimage"},"image":{"@id":"https:\/\/www.gm.adv.br\/site\/2022\/05\/04\/stf-decide-sobre-aposentadoria-de-professor-pelo-inss\/#primaryimage"},"thumbnailUrl":"https:\/\/www.gm.adv.br\/site\/wp-content\/uploads\/2022\/05\/STF-decide-sobre-Aposentadoria-de-Professor-pelo-INSS-e1651697250661.jpg","datePublished":"2022-05-04T20:47:47+00:00","description":"Os professores aposentados pelo INSS antes da reforma previdenci\u00e1ria (antes de nov\/2019) j\u00e1 haviam percebido que o c\u00e1lculo da aposentadoria especialmente criada para a classe causava-lhe uma grande perda financeira.\u00a0","breadcrumb":{"@id":"https:\/\/www.gm.adv.br\/site\/2022\/05\/04\/stf-decide-sobre-aposentadoria-de-professor-pelo-inss\/#breadcrumb"},"inLanguage":"pt-BR","potentialAction":[{"@type":"ReadAction","target":["https:\/\/www.gm.adv.br\/site\/2022\/05\/04\/stf-decide-sobre-aposentadoria-de-professor-pelo-inss\/"]}]},{"@type":"ImageObject","inLanguage":"pt-BR","@id":"https:\/\/www.gm.adv.br\/site\/2022\/05\/04\/stf-decide-sobre-aposentadoria-de-professor-pelo-inss\/#primaryimage","url":"https:\/\/www.gm.adv.br\/site\/wp-content\/uploads\/2022\/05\/STF-decide-sobre-Aposentadoria-de-Professor-pelo-INSS-e1651697250661.jpg","contentUrl":"https:\/\/www.gm.adv.br\/site\/wp-content\/uploads\/2022\/05\/STF-decide-sobre-Aposentadoria-de-Professor-pelo-INSS-e1651697250661.jpg","width":400,"height":297},{"@type":"BreadcrumbList","@id":"https:\/\/www.gm.adv.br\/site\/2022\/05\/04\/stf-decide-sobre-aposentadoria-de-professor-pelo-inss\/#breadcrumb","itemListElement":[{"@type":"ListItem","position":1,"name":"In\u00edcio","item":"https:\/\/www.gm.adv.br\/site\/"},{"@type":"ListItem","position":2,"name":"STF decide sobre aposentadoria de professor pelo INSS"}]},{"@type":"WebSite","@id":"https:\/\/www.gm.adv.br\/site\/#website","url":"https:\/\/www.gm.adv.br\/site\/","name":"Guaresi & Mill\u00e9o Advogados Associados | Escrit\u00f3rio de Advocacia em Conc\u00f3rdia-SC | 30 Anos de Experi\u00eanci","description":"Advocacia Direito Banc\u00e1rio, Tribut\u00e1rio, Trabalhista, C\u00edvil, P\u00fablica, Municipal, Advogados Associados Guaresi e Mill\u00e9o  |  Conc\u00f3rdia SC","publisher":{"@id":"https:\/\/www.gm.adv.br\/site\/#organization"},"alternateName":"Guaresi e Mill\u00e9o Escrit\u00f3rio de Advocacia e Consultoria em Conc\u00f3rdia-SC","potentialAction":[{"@type":"SearchAction","target":{"@type":"EntryPoint","urlTemplate":"https:\/\/www.gm.adv.br\/site\/?s={search_term_string}"},"query-input":{"@type":"PropertyValueSpecification","valueRequired":true,"valueName":"search_term_string"}}],"inLanguage":"pt-BR"},{"@type":"Organization","@id":"https:\/\/www.gm.adv.br\/site\/#organization","name":"Guaresi & Milleo Advogados Associados em Conc\u00f3rdia SC","alternateName":"Guaresi e Milleo Advocacia e Consultoria","url":"https:\/\/www.gm.adv.br\/site\/","logo":{"@type":"ImageObject","inLanguage":"pt-BR","@id":"https:\/\/www.gm.adv.br\/site\/#\/schema\/logo\/image\/","url":"https:\/\/www.gm.adv.br\/site\/wp-content\/uploads\/2025\/07\/cropped-icone-512.webp","contentUrl":"https:\/\/www.gm.adv.br\/site\/wp-content\/uploads\/2025\/07\/cropped-icone-512.webp","width":512,"height":512,"caption":"Guaresi & Milleo Advogados Associados em Conc\u00f3rdia SC"},"image":{"@id":"https:\/\/www.gm.adv.br\/site\/#\/schema\/logo\/image\/"},"sameAs":["https:\/\/www.facebook.com\/GuaresiMilleoAdvogados","https:\/\/www.instagram.com\/guaresiemilleo\/","https:\/\/br.linkedin.com\/company\/guaresimilleo"]},{"@type":"Person","@id":"https:\/\/www.gm.adv.br\/site\/#\/schema\/person\/7d633a2abab0d9b94253af6efc36428f","name":"admin","image":{"@type":"ImageObject","inLanguage":"pt-BR","@id":"https:\/\/secure.gravatar.com\/avatar\/c8bb173d280f7d1e50b67bb649de269247430499695ba3ee451b6289436d1d39?s=96&d=mm&r=g","url":"https:\/\/secure.gravatar.com\/avatar\/c8bb173d280f7d1e50b67bb649de269247430499695ba3ee451b6289436d1d39?s=96&d=mm&r=g","contentUrl":"https:\/\/secure.gravatar.com\/avatar\/c8bb173d280f7d1e50b67bb649de269247430499695ba3ee451b6289436d1d39?s=96&d=mm&r=g","caption":"admin"},"sameAs":["https:\/\/www.gm.adv.br\/site"],"url":"https:\/\/www.gm.adv.br\/site\/author\/admin\/"}]}},"_links":{"self":[{"href":"https:\/\/www.gm.adv.br\/site\/wp-json\/wp\/v2\/posts\/3431","targetHints":{"allow":["GET"]}}],"collection":[{"href":"https:\/\/www.gm.adv.br\/site\/wp-json\/wp\/v2\/posts"}],"about":[{"href":"https:\/\/www.gm.adv.br\/site\/wp-json\/wp\/v2\/types\/post"}],"author":[{"embeddable":true,"href":"https:\/\/www.gm.adv.br\/site\/wp-json\/wp\/v2\/users\/1"}],"replies":[{"embeddable":true,"href":"https:\/\/www.gm.adv.br\/site\/wp-json\/wp\/v2\/comments?post=3431"}],"version-history":[{"count":0,"href":"https:\/\/www.gm.adv.br\/site\/wp-json\/wp\/v2\/posts\/3431\/revisions"}],"wp:featuredmedia":[{"embeddable":true,"href":"https:\/\/www.gm.adv.br\/site\/wp-json\/wp\/v2\/media\/3432"}],"wp:attachment":[{"href":"https:\/\/www.gm.adv.br\/site\/wp-json\/wp\/v2\/media?parent=3431"}],"wp:term":[{"taxonomy":"category","embeddable":true,"href":"https:\/\/www.gm.adv.br\/site\/wp-json\/wp\/v2\/categories?post=3431"},{"taxonomy":"post_tag","embeddable":true,"href":"https:\/\/www.gm.adv.br\/site\/wp-json\/wp\/v2\/tags?post=3431"}],"curies":[{"name":"wp","href":"https:\/\/api.w.org\/{rel}","templated":true}]}}