{"id":3419,"date":"2022-05-04T17:35:24","date_gmt":"2022-05-04T20:35:24","guid":{"rendered":"https:\/\/gm.adv.br\/?p=3419"},"modified":"2022-05-04T17:35:24","modified_gmt":"2022-05-04T20:35:24","slug":"como-buscar-o-inss-em-epoca-de-pandemia","status":"publish","type":"post","link":"https:\/\/www.gm.adv.br\/site\/2022\/05\/04\/como-buscar-o-inss-em-epoca-de-pandemia\/","title":{"rendered":"Como buscar o INSS em \u00e9poca de pandemia?"},"content":{"rendered":"<p><span style=\"font-weight: 400;\">Pandemia, declara\u00e7\u00e3o de estado de calamidade, \u00f3rg\u00e3os p\u00fablicos fechados para atendimento presencial&#8230; definitivamente, ningu\u00e9m estava preparado para tudo isso.\u00a0<\/span><\/p>\n<p><span style=\"font-weight: 400;\">E enquanto isso a vida segue, pessoas continuam adoecendo por outros motivos, ocorrem \u00f3bitos, pessoas completam idade ou tempo necess\u00e1rio para uma aposentadoria, como fazer, se h\u00e1 situa\u00e7\u00f5es que n\u00e3o podem esperar? Ser\u00e1 que precisa esperar abrir?<\/span><\/p>\n<p><span style=\"font-weight: 400;\">Bem, em primeiro lugar praticamente todos os servi\u00e7os do INSS est\u00e3o dispon\u00edveis para encaminhamento eletr\u00f4nico, pelo portal \u201cMeuINSS\u201d, ent\u00e3o muita coisa pode ser encaminhada mesmo com o \u00f3rg\u00e3o estando sem prestar atendimento aberto, o que \u00e9 moment\u00e2neo.<\/span><\/p>\n<p><span style=\"font-weight: 400;\">A maior dificuldade, sem d\u00favidas, est\u00e1 nos benef\u00edcios que dependem de per\u00edcia m\u00e9dica, j\u00e1 que este ato n\u00e3o pode ser realizado de forma n\u00e3o presencial. Essas per\u00edcias v\u00e3o demorar um pouco a acontecer, pelo acumulado que j\u00e1 deve ter gerado ap\u00f3s tantos dias, por\u00e9m o pedido deve ser agendado mesmo assim, garantindo que o pagamento seja retroativo a data do pedido.<\/span><\/p>\n<p><span style=\"font-weight: 400;\">H\u00e1 tamb\u00e9m a possibilidade de antecipa\u00e7\u00e3o do pagamento pelo INSS, mesmo antes da per\u00edcia confirmat\u00f3ria, quando preenchidos os requisitos.<\/span><\/p>\n<p><span style=\"font-weight: 400;\">N\u00e3o se trata apenas dos pedidos de aux\u00edlio doen\u00e7a decorrentes do cont\u00e1gio pelo coronav\u00edrus, mas de qualquer outro tipo de doen\u00e7a ou acidente que gere incapacidade.<\/span><\/p>\n<p><span style=\"font-weight: 400;\">Vamos lembrar que, apesar da gravidade da doen\u00e7a, s\u00e3o necess\u00e1rios poucos dias de tratamento e geralmente a pessoa curada j\u00e1 pode retornar \u00e0s atividades profissionais com brevidade, enquanto outras doen\u00e7as requerem um per\u00edodo muito maior para convalescen\u00e7a.<\/span><\/p>\n<p><span style=\"font-weight: 400;\">Ent\u00e3o, n\u00e3o se iniba por portas fechadas, seu direito pode ser garantido.<\/span><\/p>\n<p><b>Fonte:<\/b><span style=\"font-weight: 400;\"> Patricia Salini \u2013 OAB\/SC 14.940<\/span><\/p>\n<p><a href=\"https:\/\/api.whatsapp.com\/send?phone=+5549984376950&amp;text=Ol%C3%A1\"><img loading=\"lazy\" decoding=\"async\" class=\"alignnone wp-image-4192 size-full\" src=\"https:\/\/www.gm.adv.br\/site\/wp-content\/uploads\/2022\/08\/converse-agora-com-um-advogado-especialista.webp\" alt=\"\" width=\"750\" height=\"150\" \/><\/a><br \/>\n<span style=\"font-weight: 400;\">Este conte\u00fado foi produzido pelo Escrit\u00f3rio de Advocacia Guaresi e Mill\u00e9o Advogados Associados, h\u00e1 mais de 25 anos prestando servi\u00e7os em advocacia na cidade de Conc\u00f3rdia \u2013 SC e regi\u00e3o Oeste Catarinense. Continue acompanhando nosso <\/span><a href=\"https:\/\/gm.adv.br\/blog\/\"><span style=\"font-weight: 400;\">blog<\/span><\/a><span style=\"font-weight: 400;\"> para n\u00e3o perder mais nenhum conte\u00fado exclusivo.<\/span><\/p>\n","protected":false},"excerpt":{"rendered":"<p>Pandemia, declara\u00e7\u00e3o de estado de calamidade, \u00f3rg\u00e3os p\u00fablicos fechados para atendimento presencial&#8230; definitivamente, ningu\u00e9m estava preparado para tudo isso.\u00a0 E enquanto isso a vida segue, pessoas continuam adoecendo por outros motivos, ocorrem \u00f3bitos, pessoas completam idade ou tempo necess\u00e1rio para uma aposentadoria, como fazer, se h\u00e1 situa\u00e7\u00f5es que n\u00e3o podem esperar? Ser\u00e1 que precisa esperar [&#8230;]\n","protected":false},"author":1,"featured_media":0,"comment_status":"closed","ping_status":"closed","sticky":false,"template":"","format":"standard","meta":{"footnotes":""},"categories":[75],"tags":[],"class_list":["post-3419","post","type-post","status-publish","format-standard","hentry","category-direito-previdenciario"],"yoast_head":"<!-- This site is optimized with the Yoast SEO plugin v27.5 - https:\/\/yoast.com\/product\/yoast-seo-wordpress\/ -->\n<title>Como buscar o INSS em \u00e9poca de pandemia? - Guaresi &amp; Mill\u00e9o Advogados Associados | Escrit\u00f3rio de Advocacia em Conc\u00f3rdia-SC | 30 Anos de Experi\u00eancia<\/title>\n<meta name=\"description\" content=\"A maior dificuldade, sem d\u00favidas, est\u00e1 nos benef\u00edcios que dependem de per\u00edcia m\u00e9dica, j\u00e1 que este ato n\u00e3o pode ser realizado de forma n\u00e3o presencial.\" \/>\n<meta name=\"robots\" content=\"index, follow, max-snippet:-1, max-image-preview:large, max-video-preview:-1\" \/>\n<link rel=\"canonical\" href=\"https:\/\/www.gm.adv.br\/site\/2022\/05\/04\/como-buscar-o-inss-em-epoca-de-pandemia\/\" \/>\n<meta property=\"og:locale\" content=\"pt_BR\" \/>\n<meta property=\"og:type\" content=\"article\" \/>\n<meta property=\"og:title\" content=\"Como buscar o INSS em \u00e9poca de pandemia? - Guaresi &amp; Mill\u00e9o Advogados Associados | Escrit\u00f3rio de Advocacia em Conc\u00f3rdia-SC | 30 Anos de Experi\u00eancia\" \/>\n<meta property=\"og:description\" content=\"A maior dificuldade, sem d\u00favidas, est\u00e1 nos benef\u00edcios que dependem de per\u00edcia m\u00e9dica, j\u00e1 que este ato n\u00e3o pode ser realizado de forma n\u00e3o presencial.\" \/>\n<meta property=\"og:url\" content=\"https:\/\/www.gm.adv.br\/site\/2022\/05\/04\/como-buscar-o-inss-em-epoca-de-pandemia\/\" \/>\n<meta property=\"og:site_name\" content=\"Guaresi &amp; Mill\u00e9o Advogados Associados | Escrit\u00f3rio de Advocacia em Conc\u00f3rdia-SC | 30 Anos de Experi\u00eancia\" \/>\n<meta property=\"article:publisher\" content=\"https:\/\/www.facebook.com\/GuaresiMilleoAdvogados\" \/>\n<meta property=\"article:published_time\" content=\"2022-05-04T20:35:24+00:00\" \/>\n<meta property=\"og:image\" content=\"https:\/\/www.gm.adv.br\/site\/wp-content\/uploads\/2022\/08\/converse-agora-com-um-advogado-especialista.webp\" \/>\n\t<meta property=\"og:image:width\" content=\"750\" \/>\n\t<meta property=\"og:image:height\" content=\"150\" \/>\n\t<meta property=\"og:image:type\" content=\"image\/webp\" \/>\n<meta name=\"author\" content=\"admin\" \/>\n<meta name=\"twitter:card\" content=\"summary_large_image\" \/>\n<meta name=\"twitter:label1\" content=\"Escrito por\" \/>\n\t<meta name=\"twitter:data1\" content=\"admin\" \/>\n\t<meta name=\"twitter:label2\" content=\"Est. tempo de leitura\" \/>\n\t<meta name=\"twitter:data2\" content=\"2 minutos\" \/>\n<script type=\"application\/ld+json\" class=\"yoast-schema-graph\">{\"@context\":\"https:\\\/\\\/schema.org\",\"@graph\":[{\"@type\":\"Article\",\"@id\":\"https:\\\/\\\/www.gm.adv.br\\\/site\\\/2022\\\/05\\\/04\\\/como-buscar-o-inss-em-epoca-de-pandemia\\\/#article\",\"isPartOf\":{\"@id\":\"https:\\\/\\\/www.gm.adv.br\\\/site\\\/2022\\\/05\\\/04\\\/como-buscar-o-inss-em-epoca-de-pandemia\\\/\"},\"author\":{\"name\":\"admin\",\"@id\":\"https:\\\/\\\/www.gm.adv.br\\\/site\\\/#\\\/schema\\\/person\\\/7d633a2abab0d9b94253af6efc36428f\"},\"headline\":\"Como buscar o INSS em \u00e9poca de pandemia?\",\"datePublished\":\"2022-05-04T20:35:24+00:00\",\"mainEntityOfPage\":{\"@id\":\"https:\\\/\\\/www.gm.adv.br\\\/site\\\/2022\\\/05\\\/04\\\/como-buscar-o-inss-em-epoca-de-pandemia\\\/\"},\"wordCount\":351,\"publisher\":{\"@id\":\"https:\\\/\\\/www.gm.adv.br\\\/site\\\/#organization\"},\"image\":{\"@id\":\"https:\\\/\\\/www.gm.adv.br\\\/site\\\/2022\\\/05\\\/04\\\/como-buscar-o-inss-em-epoca-de-pandemia\\\/#primaryimage\"},\"thumbnailUrl\":\"https:\\\/\\\/www.gm.adv.br\\\/site\\\/wp-content\\\/uploads\\\/2022\\\/08\\\/converse-agora-com-um-advogado-especialista.webp\",\"articleSection\":[\"Direito Previdenci\u00e1rio\"],\"inLanguage\":\"pt-BR\"},{\"@type\":\"WebPage\",\"@id\":\"https:\\\/\\\/www.gm.adv.br\\\/site\\\/2022\\\/05\\\/04\\\/como-buscar-o-inss-em-epoca-de-pandemia\\\/\",\"url\":\"https:\\\/\\\/www.gm.adv.br\\\/site\\\/2022\\\/05\\\/04\\\/como-buscar-o-inss-em-epoca-de-pandemia\\\/\",\"name\":\"Como buscar o INSS em \u00e9poca de pandemia? - Guaresi &amp; Mill\u00e9o Advogados Associados | Escrit\u00f3rio de Advocacia em Conc\u00f3rdia-SC | 30 Anos de Experi\u00eancia\",\"isPartOf\":{\"@id\":\"https:\\\/\\\/www.gm.adv.br\\\/site\\\/#website\"},\"primaryImageOfPage\":{\"@id\":\"https:\\\/\\\/www.gm.adv.br\\\/site\\\/2022\\\/05\\\/04\\\/como-buscar-o-inss-em-epoca-de-pandemia\\\/#primaryimage\"},\"image\":{\"@id\":\"https:\\\/\\\/www.gm.adv.br\\\/site\\\/2022\\\/05\\\/04\\\/como-buscar-o-inss-em-epoca-de-pandemia\\\/#primaryimage\"},\"thumbnailUrl\":\"https:\\\/\\\/www.gm.adv.br\\\/site\\\/wp-content\\\/uploads\\\/2022\\\/08\\\/converse-agora-com-um-advogado-especialista.webp\",\"datePublished\":\"2022-05-04T20:35:24+00:00\",\"description\":\"A maior dificuldade, sem d\u00favidas, est\u00e1 nos benef\u00edcios que dependem de per\u00edcia m\u00e9dica, j\u00e1 que este ato n\u00e3o pode ser realizado de forma n\u00e3o presencial.\",\"breadcrumb\":{\"@id\":\"https:\\\/\\\/www.gm.adv.br\\\/site\\\/2022\\\/05\\\/04\\\/como-buscar-o-inss-em-epoca-de-pandemia\\\/#breadcrumb\"},\"inLanguage\":\"pt-BR\",\"potentialAction\":[{\"@type\":\"ReadAction\",\"target\":[\"https:\\\/\\\/www.gm.adv.br\\\/site\\\/2022\\\/05\\\/04\\\/como-buscar-o-inss-em-epoca-de-pandemia\\\/\"]}]},{\"@type\":\"ImageObject\",\"inLanguage\":\"pt-BR\",\"@id\":\"https:\\\/\\\/www.gm.adv.br\\\/site\\\/2022\\\/05\\\/04\\\/como-buscar-o-inss-em-epoca-de-pandemia\\\/#primaryimage\",\"url\":\"https:\\\/\\\/www.gm.adv.br\\\/site\\\/wp-content\\\/uploads\\\/2022\\\/08\\\/converse-agora-com-um-advogado-especialista.webp\",\"contentUrl\":\"https:\\\/\\\/www.gm.adv.br\\\/site\\\/wp-content\\\/uploads\\\/2022\\\/08\\\/converse-agora-com-um-advogado-especialista.webp\",\"width\":750,\"height\":150},{\"@type\":\"BreadcrumbList\",\"@id\":\"https:\\\/\\\/www.gm.adv.br\\\/site\\\/2022\\\/05\\\/04\\\/como-buscar-o-inss-em-epoca-de-pandemia\\\/#breadcrumb\",\"itemListElement\":[{\"@type\":\"ListItem\",\"position\":1,\"name\":\"In\u00edcio\",\"item\":\"https:\\\/\\\/www.gm.adv.br\\\/site\\\/\"},{\"@type\":\"ListItem\",\"position\":2,\"name\":\"Como buscar o INSS em \u00e9poca de pandemia?\"}]},{\"@type\":\"WebSite\",\"@id\":\"https:\\\/\\\/www.gm.adv.br\\\/site\\\/#website\",\"url\":\"https:\\\/\\\/www.gm.adv.br\\\/site\\\/\",\"name\":\"Guaresi & Mill\u00e9o Advogados Associados | Escrit\u00f3rio de Advocacia em Conc\u00f3rdia-SC | 30 Anos de Experi\u00eanci\",\"description\":\"Advocacia Direito Banc\u00e1rio, Tribut\u00e1rio, Trabalhista, C\u00edvil, P\u00fablica, Municipal, Advogados Associados Guaresi e Mill\u00e9o  |  Conc\u00f3rdia SC\",\"publisher\":{\"@id\":\"https:\\\/\\\/www.gm.adv.br\\\/site\\\/#organization\"},\"alternateName\":\"Guaresi e Mill\u00e9o Escrit\u00f3rio de Advocacia e Consultoria em Conc\u00f3rdia-SC\",\"potentialAction\":[{\"@type\":\"SearchAction\",\"target\":{\"@type\":\"EntryPoint\",\"urlTemplate\":\"https:\\\/\\\/www.gm.adv.br\\\/site\\\/?s={search_term_string}\"},\"query-input\":{\"@type\":\"PropertyValueSpecification\",\"valueRequired\":true,\"valueName\":\"search_term_string\"}}],\"inLanguage\":\"pt-BR\"},{\"@type\":\"Organization\",\"@id\":\"https:\\\/\\\/www.gm.adv.br\\\/site\\\/#organization\",\"name\":\"Guaresi & Milleo Advogados Associados em Conc\u00f3rdia SC\",\"alternateName\":\"Guaresi e Milleo Advocacia e Consultoria\",\"url\":\"https:\\\/\\\/www.gm.adv.br\\\/site\\\/\",\"logo\":{\"@type\":\"ImageObject\",\"inLanguage\":\"pt-BR\",\"@id\":\"https:\\\/\\\/www.gm.adv.br\\\/site\\\/#\\\/schema\\\/logo\\\/image\\\/\",\"url\":\"https:\\\/\\\/www.gm.adv.br\\\/site\\\/wp-content\\\/uploads\\\/2025\\\/07\\\/cropped-icone-512.webp\",\"contentUrl\":\"https:\\\/\\\/www.gm.adv.br\\\/site\\\/wp-content\\\/uploads\\\/2025\\\/07\\\/cropped-icone-512.webp\",\"width\":512,\"height\":512,\"caption\":\"Guaresi & Milleo Advogados Associados em Conc\u00f3rdia SC\"},\"image\":{\"@id\":\"https:\\\/\\\/www.gm.adv.br\\\/site\\\/#\\\/schema\\\/logo\\\/image\\\/\"},\"sameAs\":[\"https:\\\/\\\/www.facebook.com\\\/GuaresiMilleoAdvogados\",\"https:\\\/\\\/www.instagram.com\\\/guaresiemilleo\\\/\",\"https:\\\/\\\/br.linkedin.com\\\/company\\\/guaresimilleo\"]},{\"@type\":\"Person\",\"@id\":\"https:\\\/\\\/www.gm.adv.br\\\/site\\\/#\\\/schema\\\/person\\\/7d633a2abab0d9b94253af6efc36428f\",\"name\":\"admin\",\"image\":{\"@type\":\"ImageObject\",\"inLanguage\":\"pt-BR\",\"@id\":\"https:\\\/\\\/secure.gravatar.com\\\/avatar\\\/c8bb173d280f7d1e50b67bb649de269247430499695ba3ee451b6289436d1d39?s=96&d=mm&r=g\",\"url\":\"https:\\\/\\\/secure.gravatar.com\\\/avatar\\\/c8bb173d280f7d1e50b67bb649de269247430499695ba3ee451b6289436d1d39?s=96&d=mm&r=g\",\"contentUrl\":\"https:\\\/\\\/secure.gravatar.com\\\/avatar\\\/c8bb173d280f7d1e50b67bb649de269247430499695ba3ee451b6289436d1d39?s=96&d=mm&r=g\",\"caption\":\"admin\"},\"sameAs\":[\"https:\\\/\\\/www.gm.adv.br\\\/site\"],\"url\":\"https:\\\/\\\/www.gm.adv.br\\\/site\\\/author\\\/admin\\\/\"}]}<\/script>\n<!-- \/ Yoast SEO plugin. -->","yoast_head_json":{"title":"Como buscar o INSS em \u00e9poca de pandemia? - Guaresi &amp; Mill\u00e9o Advogados Associados | Escrit\u00f3rio de Advocacia em Conc\u00f3rdia-SC | 30 Anos de Experi\u00eancia","description":"A maior dificuldade, sem d\u00favidas, est\u00e1 nos benef\u00edcios que dependem de per\u00edcia m\u00e9dica, j\u00e1 que este ato n\u00e3o pode ser realizado de forma n\u00e3o presencial.","robots":{"index":"index","follow":"follow","max-snippet":"max-snippet:-1","max-image-preview":"max-image-preview:large","max-video-preview":"max-video-preview:-1"},"canonical":"https:\/\/www.gm.adv.br\/site\/2022\/05\/04\/como-buscar-o-inss-em-epoca-de-pandemia\/","og_locale":"pt_BR","og_type":"article","og_title":"Como buscar o INSS em \u00e9poca de pandemia? - Guaresi &amp; Mill\u00e9o Advogados Associados | Escrit\u00f3rio de Advocacia em Conc\u00f3rdia-SC | 30 Anos de Experi\u00eancia","og_description":"A maior dificuldade, sem d\u00favidas, est\u00e1 nos benef\u00edcios que dependem de per\u00edcia m\u00e9dica, j\u00e1 que este ato n\u00e3o pode ser realizado de forma n\u00e3o presencial.","og_url":"https:\/\/www.gm.adv.br\/site\/2022\/05\/04\/como-buscar-o-inss-em-epoca-de-pandemia\/","og_site_name":"Guaresi &amp; Mill\u00e9o Advogados Associados | Escrit\u00f3rio de Advocacia em Conc\u00f3rdia-SC | 30 Anos de Experi\u00eancia","article_publisher":"https:\/\/www.facebook.com\/GuaresiMilleoAdvogados","article_published_time":"2022-05-04T20:35:24+00:00","og_image":[{"width":750,"height":150,"url":"https:\/\/www.gm.adv.br\/site\/wp-content\/uploads\/2022\/08\/converse-agora-com-um-advogado-especialista.webp","type":"image\/webp"}],"author":"admin","twitter_card":"summary_large_image","twitter_misc":{"Escrito por":"admin","Est. tempo de leitura":"2 minutos"},"schema":{"@context":"https:\/\/schema.org","@graph":[{"@type":"Article","@id":"https:\/\/www.gm.adv.br\/site\/2022\/05\/04\/como-buscar-o-inss-em-epoca-de-pandemia\/#article","isPartOf":{"@id":"https:\/\/www.gm.adv.br\/site\/2022\/05\/04\/como-buscar-o-inss-em-epoca-de-pandemia\/"},"author":{"name":"admin","@id":"https:\/\/www.gm.adv.br\/site\/#\/schema\/person\/7d633a2abab0d9b94253af6efc36428f"},"headline":"Como buscar o INSS em \u00e9poca de pandemia?","datePublished":"2022-05-04T20:35:24+00:00","mainEntityOfPage":{"@id":"https:\/\/www.gm.adv.br\/site\/2022\/05\/04\/como-buscar-o-inss-em-epoca-de-pandemia\/"},"wordCount":351,"publisher":{"@id":"https:\/\/www.gm.adv.br\/site\/#organization"},"image":{"@id":"https:\/\/www.gm.adv.br\/site\/2022\/05\/04\/como-buscar-o-inss-em-epoca-de-pandemia\/#primaryimage"},"thumbnailUrl":"https:\/\/www.gm.adv.br\/site\/wp-content\/uploads\/2022\/08\/converse-agora-com-um-advogado-especialista.webp","articleSection":["Direito Previdenci\u00e1rio"],"inLanguage":"pt-BR"},{"@type":"WebPage","@id":"https:\/\/www.gm.adv.br\/site\/2022\/05\/04\/como-buscar-o-inss-em-epoca-de-pandemia\/","url":"https:\/\/www.gm.adv.br\/site\/2022\/05\/04\/como-buscar-o-inss-em-epoca-de-pandemia\/","name":"Como buscar o INSS em \u00e9poca de pandemia? - Guaresi &amp; Mill\u00e9o Advogados Associados | Escrit\u00f3rio de Advocacia em Conc\u00f3rdia-SC | 30 Anos de Experi\u00eancia","isPartOf":{"@id":"https:\/\/www.gm.adv.br\/site\/#website"},"primaryImageOfPage":{"@id":"https:\/\/www.gm.adv.br\/site\/2022\/05\/04\/como-buscar-o-inss-em-epoca-de-pandemia\/#primaryimage"},"image":{"@id":"https:\/\/www.gm.adv.br\/site\/2022\/05\/04\/como-buscar-o-inss-em-epoca-de-pandemia\/#primaryimage"},"thumbnailUrl":"https:\/\/www.gm.adv.br\/site\/wp-content\/uploads\/2022\/08\/converse-agora-com-um-advogado-especialista.webp","datePublished":"2022-05-04T20:35:24+00:00","description":"A maior dificuldade, sem d\u00favidas, est\u00e1 nos benef\u00edcios que dependem de per\u00edcia m\u00e9dica, j\u00e1 que este ato n\u00e3o pode ser realizado de forma n\u00e3o presencial.","breadcrumb":{"@id":"https:\/\/www.gm.adv.br\/site\/2022\/05\/04\/como-buscar-o-inss-em-epoca-de-pandemia\/#breadcrumb"},"inLanguage":"pt-BR","potentialAction":[{"@type":"ReadAction","target":["https:\/\/www.gm.adv.br\/site\/2022\/05\/04\/como-buscar-o-inss-em-epoca-de-pandemia\/"]}]},{"@type":"ImageObject","inLanguage":"pt-BR","@id":"https:\/\/www.gm.adv.br\/site\/2022\/05\/04\/como-buscar-o-inss-em-epoca-de-pandemia\/#primaryimage","url":"https:\/\/www.gm.adv.br\/site\/wp-content\/uploads\/2022\/08\/converse-agora-com-um-advogado-especialista.webp","contentUrl":"https:\/\/www.gm.adv.br\/site\/wp-content\/uploads\/2022\/08\/converse-agora-com-um-advogado-especialista.webp","width":750,"height":150},{"@type":"BreadcrumbList","@id":"https:\/\/www.gm.adv.br\/site\/2022\/05\/04\/como-buscar-o-inss-em-epoca-de-pandemia\/#breadcrumb","itemListElement":[{"@type":"ListItem","position":1,"name":"In\u00edcio","item":"https:\/\/www.gm.adv.br\/site\/"},{"@type":"ListItem","position":2,"name":"Como buscar o INSS em \u00e9poca de pandemia?"}]},{"@type":"WebSite","@id":"https:\/\/www.gm.adv.br\/site\/#website","url":"https:\/\/www.gm.adv.br\/site\/","name":"Guaresi & Mill\u00e9o Advogados Associados | Escrit\u00f3rio de Advocacia em Conc\u00f3rdia-SC | 30 Anos de Experi\u00eanci","description":"Advocacia Direito Banc\u00e1rio, Tribut\u00e1rio, Trabalhista, C\u00edvil, P\u00fablica, Municipal, Advogados Associados Guaresi e Mill\u00e9o  |  Conc\u00f3rdia SC","publisher":{"@id":"https:\/\/www.gm.adv.br\/site\/#organization"},"alternateName":"Guaresi e Mill\u00e9o Escrit\u00f3rio de Advocacia e Consultoria em Conc\u00f3rdia-SC","potentialAction":[{"@type":"SearchAction","target":{"@type":"EntryPoint","urlTemplate":"https:\/\/www.gm.adv.br\/site\/?s={search_term_string}"},"query-input":{"@type":"PropertyValueSpecification","valueRequired":true,"valueName":"search_term_string"}}],"inLanguage":"pt-BR"},{"@type":"Organization","@id":"https:\/\/www.gm.adv.br\/site\/#organization","name":"Guaresi & Milleo Advogados Associados em Conc\u00f3rdia SC","alternateName":"Guaresi e Milleo Advocacia e Consultoria","url":"https:\/\/www.gm.adv.br\/site\/","logo":{"@type":"ImageObject","inLanguage":"pt-BR","@id":"https:\/\/www.gm.adv.br\/site\/#\/schema\/logo\/image\/","url":"https:\/\/www.gm.adv.br\/site\/wp-content\/uploads\/2025\/07\/cropped-icone-512.webp","contentUrl":"https:\/\/www.gm.adv.br\/site\/wp-content\/uploads\/2025\/07\/cropped-icone-512.webp","width":512,"height":512,"caption":"Guaresi & Milleo Advogados Associados em Conc\u00f3rdia SC"},"image":{"@id":"https:\/\/www.gm.adv.br\/site\/#\/schema\/logo\/image\/"},"sameAs":["https:\/\/www.facebook.com\/GuaresiMilleoAdvogados","https:\/\/www.instagram.com\/guaresiemilleo\/","https:\/\/br.linkedin.com\/company\/guaresimilleo"]},{"@type":"Person","@id":"https:\/\/www.gm.adv.br\/site\/#\/schema\/person\/7d633a2abab0d9b94253af6efc36428f","name":"admin","image":{"@type":"ImageObject","inLanguage":"pt-BR","@id":"https:\/\/secure.gravatar.com\/avatar\/c8bb173d280f7d1e50b67bb649de269247430499695ba3ee451b6289436d1d39?s=96&d=mm&r=g","url":"https:\/\/secure.gravatar.com\/avatar\/c8bb173d280f7d1e50b67bb649de269247430499695ba3ee451b6289436d1d39?s=96&d=mm&r=g","contentUrl":"https:\/\/secure.gravatar.com\/avatar\/c8bb173d280f7d1e50b67bb649de269247430499695ba3ee451b6289436d1d39?s=96&d=mm&r=g","caption":"admin"},"sameAs":["https:\/\/www.gm.adv.br\/site"],"url":"https:\/\/www.gm.adv.br\/site\/author\/admin\/"}]}},"_links":{"self":[{"href":"https:\/\/www.gm.adv.br\/site\/wp-json\/wp\/v2\/posts\/3419","targetHints":{"allow":["GET"]}}],"collection":[{"href":"https:\/\/www.gm.adv.br\/site\/wp-json\/wp\/v2\/posts"}],"about":[{"href":"https:\/\/www.gm.adv.br\/site\/wp-json\/wp\/v2\/types\/post"}],"author":[{"embeddable":true,"href":"https:\/\/www.gm.adv.br\/site\/wp-json\/wp\/v2\/users\/1"}],"replies":[{"embeddable":true,"href":"https:\/\/www.gm.adv.br\/site\/wp-json\/wp\/v2\/comments?post=3419"}],"version-history":[{"count":0,"href":"https:\/\/www.gm.adv.br\/site\/wp-json\/wp\/v2\/posts\/3419\/revisions"}],"wp:attachment":[{"href":"https:\/\/www.gm.adv.br\/site\/wp-json\/wp\/v2\/media?parent=3419"}],"wp:term":[{"taxonomy":"category","embeddable":true,"href":"https:\/\/www.gm.adv.br\/site\/wp-json\/wp\/v2\/categories?post=3419"},{"taxonomy":"post_tag","embeddable":true,"href":"https:\/\/www.gm.adv.br\/site\/wp-json\/wp\/v2\/tags?post=3419"}],"curies":[{"name":"wp","href":"https:\/\/api.w.org\/{rel}","templated":true}]}}