{"id":3416,"date":"2022-05-04T17:29:46","date_gmt":"2022-05-04T20:29:46","guid":{"rendered":"https:\/\/gm.adv.br\/?p=3416"},"modified":"2022-05-04T17:29:46","modified_gmt":"2022-05-04T20:29:46","slug":"cuidado-com-as-renegociacoes-de-dividas-bancarias","status":"publish","type":"post","link":"https:\/\/www.gm.adv.br\/site\/2022\/05\/04\/cuidado-com-as-renegociacoes-de-dividas-bancarias\/","title":{"rendered":"Cuidado com as renegocia\u00e7\u00f5es de d\u00edvidas banc\u00e1rias"},"content":{"rendered":"<p><span style=\"font-weight: 400;\">Nesse cen\u00e1rio de graves repercuss\u00f5es econ\u00f4micas ocasionadas pela Pandemia do Coronavirus (COVID-19), os n\u00edveis de endividamento j\u00e1 est\u00e3o bastante inflados. Conforme pesquisa realizada pela Confedera\u00e7\u00e3o Nacional do Com\u00e9rcio, o endividamento dos brasileiros atingiu um recorde no m\u00eas de mar\u00e7o deste ano, passando para 66,2% o n\u00famero de fam\u00edlias endividadas.\u00a0<\/span><\/p>\n<p><span style=\"font-weight: 400;\">Da mesma forma, o n\u00edvel de inadimpl\u00eancia das fam\u00edlias cresceu para 25,3% em mar\u00e7o. Tais n\u00edveis, infelizmente, tendem a aumentar. Esses indicadores sinalizam para se tomar todo cuidado, especialmente no que se refere a renegocia\u00e7\u00f5es das d\u00edvidas banc\u00e1rias. Em situa\u00e7\u00f5es de crise econ\u00f4mica como a que estamos agora experimentando, \u00e9 bastante comum que devedores entrem em desespero diante da impossibilidade de pagar suas obriga\u00e7\u00f5es.<\/span><\/p>\n<p><span style=\"font-weight: 400;\">Isso faz com que muitas decis\u00f5es acabem sendo tomadas sem an\u00e1lise racional, consciente e equilibrada, fazendo com que os devedores procurem resolver, emergencialmente, a situa\u00e7\u00e3o do \u201cagora\u201d (livrar-se da d\u00edvida que est\u00e1 batendo \u00e0 porta), mas sem considerar que logo \u00e0 frente a d\u00edvida ir\u00e1 retornar em montantes ainda maiores, possivelmente prejudicando a capacidade de pagamento.<\/span><\/p>\n<p><span style=\"font-weight: 400;\">Livrar-se do problema atual atrav\u00e9s de renegocia\u00e7\u00e3o mal refletida s\u00f3 servir\u00e1 para agravar o endividamento, em futuro bem pr\u00f3ximo e com o risco de tornar impag\u00e1vel a d\u00edvida.Recomenda-se, portanto, muito cuidado com as renegocia\u00e7\u00f5es banc\u00e1rias, justamente para n\u00e3o inflar ainda mais a d\u00edvida com juros sobre juros (a conhecida \u201cbola de neve\u201d) ou mesmo assumir obriga\u00e7\u00f5es desnecess\u00e1rias.<\/span><\/p>\n<p><span style=\"font-weight: 400;\">Consulte um profissional de sua confian\u00e7a para ajud\u00e1-lo a tomar a melhor decis\u00e3o!<\/span><\/p>\n<p><b>Fonte:<\/b><span style=\"font-weight: 400;\"> Paulo Rog\u00e9rio De Souza Mill\u00e9o &#8211; OAB\/SC 7654<\/span><\/p>\n<p><a href=\"https:\/\/api.whatsapp.com\/send?phone=+5549984376950&amp;text=Ol%C3%A1\"><img loading=\"lazy\" decoding=\"async\" class=\"alignnone wp-image-4192 size-full\" src=\"https:\/\/www.gm.adv.br\/site\/wp-content\/uploads\/2022\/08\/converse-agora-com-um-advogado-especialista.webp\" alt=\"\" width=\"750\" height=\"150\" \/><\/a><\/p>\n<p><span style=\"font-weight: 400;\">Este conte\u00fado foi produzido pelo Escrit\u00f3rio de Advocacia Guaresi e Mill\u00e9o Advogados Associados, h\u00e1 mais de 25 anos prestando servi\u00e7os em advocacia na cidade de Conc\u00f3rdia \u2013 SC e regi\u00e3o Oeste Catarinense. Continue acompanhando nosso <\/span><a href=\"https:\/\/gm.adv.br\/blog\/\"><span style=\"font-weight: 400;\">blog<\/span><\/a><span style=\"font-weight: 400;\"> para n\u00e3o perder mais nenhum conte\u00fado exclusivo.<\/span><\/p>\n","protected":false},"excerpt":{"rendered":"<p>Nesse cen\u00e1rio de graves repercuss\u00f5es econ\u00f4micas ocasionadas pela Pandemia do Coronavirus (COVID-19), os n\u00edveis de endividamento j\u00e1 est\u00e3o bastante inflados. Conforme pesquisa realizada pela Confedera\u00e7\u00e3o Nacional do Com\u00e9rcio, o endividamento dos brasileiros atingiu um recorde no m\u00eas de mar\u00e7o deste ano, passando para 66,2% o n\u00famero de fam\u00edlias endividadas.\u00a0 Da mesma forma, o n\u00edvel de [&#8230;]\n","protected":false},"author":1,"featured_media":0,"comment_status":"closed","ping_status":"closed","sticky":false,"template":"","format":"standard","meta":{"footnotes":""},"categories":[69],"tags":[],"class_list":["post-3416","post","type-post","status-publish","format-standard","hentry","category-direito-bancario"],"yoast_head":"<!-- This site is optimized with the Yoast SEO plugin v27.5 - https:\/\/yoast.com\/product\/yoast-seo-wordpress\/ -->\n<title>Cuidado com as renegocia\u00e7\u00f5es de d\u00edvidas banc\u00e1rias - Guaresi &amp; Mill\u00e9o Advogados Associados | Escrit\u00f3rio de Advocacia em Conc\u00f3rdia-SC | 30 Anos de Experi\u00eancia<\/title>\n<meta name=\"description\" content=\"Nesse cen\u00e1rio de graves repercuss\u00f5es econ\u00f4micas ocasionadas pela Pandemia do Coronavirus (COVID-19), os n\u00edveis de endividamento j\u00e1 est\u00e3o bastante inflados. Conforme pesquisa realizada pela Confedera\u00e7\u00e3o Nacional do Com\u00e9rcio, o endividamento dos brasileiros atingiu um recorde no m\u00eas de mar\u00e7o deste ano, passando para 66,2% o n\u00famero de fam\u00edlias endividadas. |\" \/>\n<meta name=\"robots\" content=\"index, follow, max-snippet:-1, max-image-preview:large, max-video-preview:-1\" \/>\n<link rel=\"canonical\" href=\"https:\/\/www.gm.adv.br\/site\/2022\/05\/04\/cuidado-com-as-renegociacoes-de-dividas-bancarias\/\" \/>\n<meta property=\"og:locale\" content=\"pt_BR\" \/>\n<meta property=\"og:type\" content=\"article\" \/>\n<meta property=\"og:title\" content=\"Cuidado com as renegocia\u00e7\u00f5es de d\u00edvidas banc\u00e1rias - Guaresi &amp; Mill\u00e9o Advogados Associados | Escrit\u00f3rio de Advocacia em Conc\u00f3rdia-SC | 30 Anos de Experi\u00eancia\" \/>\n<meta property=\"og:description\" content=\"Nesse cen\u00e1rio de graves repercuss\u00f5es econ\u00f4micas ocasionadas pela Pandemia do Coronavirus (COVID-19), os n\u00edveis de endividamento j\u00e1 est\u00e3o bastante inflados. Conforme pesquisa realizada pela Confedera\u00e7\u00e3o Nacional do Com\u00e9rcio, o endividamento dos brasileiros atingiu um recorde no m\u00eas de mar\u00e7o deste ano, passando para 66,2% o n\u00famero de fam\u00edlias endividadas. |\" \/>\n<meta property=\"og:url\" content=\"https:\/\/www.gm.adv.br\/site\/2022\/05\/04\/cuidado-com-as-renegociacoes-de-dividas-bancarias\/\" \/>\n<meta property=\"og:site_name\" content=\"Guaresi &amp; Mill\u00e9o Advogados Associados | Escrit\u00f3rio de Advocacia em Conc\u00f3rdia-SC | 30 Anos de Experi\u00eancia\" \/>\n<meta property=\"article:publisher\" content=\"https:\/\/www.facebook.com\/GuaresiMilleoAdvogados\" \/>\n<meta property=\"article:published_time\" content=\"2022-05-04T20:29:46+00:00\" \/>\n<meta property=\"og:image\" content=\"https:\/\/www.gm.adv.br\/site\/wp-content\/uploads\/2022\/08\/converse-agora-com-um-advogado-especialista.webp\" \/>\n\t<meta property=\"og:image:width\" content=\"750\" \/>\n\t<meta property=\"og:image:height\" content=\"150\" \/>\n\t<meta property=\"og:image:type\" content=\"image\/webp\" \/>\n<meta name=\"author\" content=\"admin\" \/>\n<meta name=\"twitter:card\" content=\"summary_large_image\" \/>\n<meta name=\"twitter:label1\" content=\"Escrito por\" \/>\n\t<meta name=\"twitter:data1\" content=\"admin\" \/>\n\t<meta name=\"twitter:label2\" content=\"Est. tempo de leitura\" \/>\n\t<meta name=\"twitter:data2\" content=\"2 minutos\" \/>\n<script type=\"application\/ld+json\" class=\"yoast-schema-graph\">{\"@context\":\"https:\\\/\\\/schema.org\",\"@graph\":[{\"@type\":\"Article\",\"@id\":\"https:\\\/\\\/www.gm.adv.br\\\/site\\\/2022\\\/05\\\/04\\\/cuidado-com-as-renegociacoes-de-dividas-bancarias\\\/#article\",\"isPartOf\":{\"@id\":\"https:\\\/\\\/www.gm.adv.br\\\/site\\\/2022\\\/05\\\/04\\\/cuidado-com-as-renegociacoes-de-dividas-bancarias\\\/\"},\"author\":{\"name\":\"admin\",\"@id\":\"https:\\\/\\\/www.gm.adv.br\\\/site\\\/#\\\/schema\\\/person\\\/7d633a2abab0d9b94253af6efc36428f\"},\"headline\":\"Cuidado com as renegocia\u00e7\u00f5es de d\u00edvidas banc\u00e1rias\",\"datePublished\":\"2022-05-04T20:29:46+00:00\",\"mainEntityOfPage\":{\"@id\":\"https:\\\/\\\/www.gm.adv.br\\\/site\\\/2022\\\/05\\\/04\\\/cuidado-com-as-renegociacoes-de-dividas-bancarias\\\/\"},\"wordCount\":346,\"publisher\":{\"@id\":\"https:\\\/\\\/www.gm.adv.br\\\/site\\\/#organization\"},\"image\":{\"@id\":\"https:\\\/\\\/www.gm.adv.br\\\/site\\\/2022\\\/05\\\/04\\\/cuidado-com-as-renegociacoes-de-dividas-bancarias\\\/#primaryimage\"},\"thumbnailUrl\":\"https:\\\/\\\/www.gm.adv.br\\\/site\\\/wp-content\\\/uploads\\\/2022\\\/08\\\/converse-agora-com-um-advogado-especialista.webp\",\"articleSection\":[\"Direito Banc\u00e1rio\"],\"inLanguage\":\"pt-BR\"},{\"@type\":\"WebPage\",\"@id\":\"https:\\\/\\\/www.gm.adv.br\\\/site\\\/2022\\\/05\\\/04\\\/cuidado-com-as-renegociacoes-de-dividas-bancarias\\\/\",\"url\":\"https:\\\/\\\/www.gm.adv.br\\\/site\\\/2022\\\/05\\\/04\\\/cuidado-com-as-renegociacoes-de-dividas-bancarias\\\/\",\"name\":\"Cuidado com as renegocia\u00e7\u00f5es de d\u00edvidas banc\u00e1rias - Guaresi &amp; Mill\u00e9o Advogados Associados | Escrit\u00f3rio de Advocacia em Conc\u00f3rdia-SC | 30 Anos de Experi\u00eancia\",\"isPartOf\":{\"@id\":\"https:\\\/\\\/www.gm.adv.br\\\/site\\\/#website\"},\"primaryImageOfPage\":{\"@id\":\"https:\\\/\\\/www.gm.adv.br\\\/site\\\/2022\\\/05\\\/04\\\/cuidado-com-as-renegociacoes-de-dividas-bancarias\\\/#primaryimage\"},\"image\":{\"@id\":\"https:\\\/\\\/www.gm.adv.br\\\/site\\\/2022\\\/05\\\/04\\\/cuidado-com-as-renegociacoes-de-dividas-bancarias\\\/#primaryimage\"},\"thumbnailUrl\":\"https:\\\/\\\/www.gm.adv.br\\\/site\\\/wp-content\\\/uploads\\\/2022\\\/08\\\/converse-agora-com-um-advogado-especialista.webp\",\"datePublished\":\"2022-05-04T20:29:46+00:00\",\"description\":\"Nesse cen\u00e1rio de graves repercuss\u00f5es econ\u00f4micas ocasionadas pela Pandemia do Coronavirus (COVID-19), os n\u00edveis de endividamento j\u00e1 est\u00e3o bastante inflados. Conforme pesquisa realizada pela Confedera\u00e7\u00e3o Nacional do Com\u00e9rcio, o endividamento dos brasileiros atingiu um recorde no m\u00eas de mar\u00e7o deste ano, passando para 66,2% o n\u00famero de fam\u00edlias endividadas. |\",\"breadcrumb\":{\"@id\":\"https:\\\/\\\/www.gm.adv.br\\\/site\\\/2022\\\/05\\\/04\\\/cuidado-com-as-renegociacoes-de-dividas-bancarias\\\/#breadcrumb\"},\"inLanguage\":\"pt-BR\",\"potentialAction\":[{\"@type\":\"ReadAction\",\"target\":[\"https:\\\/\\\/www.gm.adv.br\\\/site\\\/2022\\\/05\\\/04\\\/cuidado-com-as-renegociacoes-de-dividas-bancarias\\\/\"]}]},{\"@type\":\"ImageObject\",\"inLanguage\":\"pt-BR\",\"@id\":\"https:\\\/\\\/www.gm.adv.br\\\/site\\\/2022\\\/05\\\/04\\\/cuidado-com-as-renegociacoes-de-dividas-bancarias\\\/#primaryimage\",\"url\":\"https:\\\/\\\/www.gm.adv.br\\\/site\\\/wp-content\\\/uploads\\\/2022\\\/08\\\/converse-agora-com-um-advogado-especialista.webp\",\"contentUrl\":\"https:\\\/\\\/www.gm.adv.br\\\/site\\\/wp-content\\\/uploads\\\/2022\\\/08\\\/converse-agora-com-um-advogado-especialista.webp\",\"width\":750,\"height\":150},{\"@type\":\"BreadcrumbList\",\"@id\":\"https:\\\/\\\/www.gm.adv.br\\\/site\\\/2022\\\/05\\\/04\\\/cuidado-com-as-renegociacoes-de-dividas-bancarias\\\/#breadcrumb\",\"itemListElement\":[{\"@type\":\"ListItem\",\"position\":1,\"name\":\"In\u00edcio\",\"item\":\"https:\\\/\\\/www.gm.adv.br\\\/site\\\/\"},{\"@type\":\"ListItem\",\"position\":2,\"name\":\"Cuidado com as renegocia\u00e7\u00f5es de d\u00edvidas banc\u00e1rias\"}]},{\"@type\":\"WebSite\",\"@id\":\"https:\\\/\\\/www.gm.adv.br\\\/site\\\/#website\",\"url\":\"https:\\\/\\\/www.gm.adv.br\\\/site\\\/\",\"name\":\"Guaresi & Mill\u00e9o Advogados Associados | Escrit\u00f3rio de Advocacia em Conc\u00f3rdia-SC | 30 Anos de Experi\u00eanci\",\"description\":\"Advocacia Direito Banc\u00e1rio, Tribut\u00e1rio, Trabalhista, C\u00edvil, P\u00fablica, Municipal, Advogados Associados Guaresi e Mill\u00e9o  |  Conc\u00f3rdia SC\",\"publisher\":{\"@id\":\"https:\\\/\\\/www.gm.adv.br\\\/site\\\/#organization\"},\"alternateName\":\"Guaresi e Mill\u00e9o Escrit\u00f3rio de Advocacia e Consultoria em Conc\u00f3rdia-SC\",\"potentialAction\":[{\"@type\":\"SearchAction\",\"target\":{\"@type\":\"EntryPoint\",\"urlTemplate\":\"https:\\\/\\\/www.gm.adv.br\\\/site\\\/?s={search_term_string}\"},\"query-input\":{\"@type\":\"PropertyValueSpecification\",\"valueRequired\":true,\"valueName\":\"search_term_string\"}}],\"inLanguage\":\"pt-BR\"},{\"@type\":\"Organization\",\"@id\":\"https:\\\/\\\/www.gm.adv.br\\\/site\\\/#organization\",\"name\":\"Guaresi & Milleo Advogados Associados em Conc\u00f3rdia SC\",\"alternateName\":\"Guaresi e Milleo Advocacia e Consultoria\",\"url\":\"https:\\\/\\\/www.gm.adv.br\\\/site\\\/\",\"logo\":{\"@type\":\"ImageObject\",\"inLanguage\":\"pt-BR\",\"@id\":\"https:\\\/\\\/www.gm.adv.br\\\/site\\\/#\\\/schema\\\/logo\\\/image\\\/\",\"url\":\"https:\\\/\\\/www.gm.adv.br\\\/site\\\/wp-content\\\/uploads\\\/2025\\\/07\\\/cropped-icone-512.webp\",\"contentUrl\":\"https:\\\/\\\/www.gm.adv.br\\\/site\\\/wp-content\\\/uploads\\\/2025\\\/07\\\/cropped-icone-512.webp\",\"width\":512,\"height\":512,\"caption\":\"Guaresi & Milleo Advogados Associados em Conc\u00f3rdia SC\"},\"image\":{\"@id\":\"https:\\\/\\\/www.gm.adv.br\\\/site\\\/#\\\/schema\\\/logo\\\/image\\\/\"},\"sameAs\":[\"https:\\\/\\\/www.facebook.com\\\/GuaresiMilleoAdvogados\",\"https:\\\/\\\/www.instagram.com\\\/guaresiemilleo\\\/\",\"https:\\\/\\\/br.linkedin.com\\\/company\\\/guaresimilleo\"]},{\"@type\":\"Person\",\"@id\":\"https:\\\/\\\/www.gm.adv.br\\\/site\\\/#\\\/schema\\\/person\\\/7d633a2abab0d9b94253af6efc36428f\",\"name\":\"admin\",\"image\":{\"@type\":\"ImageObject\",\"inLanguage\":\"pt-BR\",\"@id\":\"https:\\\/\\\/secure.gravatar.com\\\/avatar\\\/c8bb173d280f7d1e50b67bb649de269247430499695ba3ee451b6289436d1d39?s=96&d=mm&r=g\",\"url\":\"https:\\\/\\\/secure.gravatar.com\\\/avatar\\\/c8bb173d280f7d1e50b67bb649de269247430499695ba3ee451b6289436d1d39?s=96&d=mm&r=g\",\"contentUrl\":\"https:\\\/\\\/secure.gravatar.com\\\/avatar\\\/c8bb173d280f7d1e50b67bb649de269247430499695ba3ee451b6289436d1d39?s=96&d=mm&r=g\",\"caption\":\"admin\"},\"sameAs\":[\"https:\\\/\\\/www.gm.adv.br\\\/site\"],\"url\":\"https:\\\/\\\/www.gm.adv.br\\\/site\\\/author\\\/admin\\\/\"}]}<\/script>\n<!-- \/ Yoast SEO plugin. -->","yoast_head_json":{"title":"Cuidado com as renegocia\u00e7\u00f5es de d\u00edvidas banc\u00e1rias - Guaresi &amp; Mill\u00e9o Advogados Associados | Escrit\u00f3rio de Advocacia em Conc\u00f3rdia-SC | 30 Anos de Experi\u00eancia","description":"Nesse cen\u00e1rio de graves repercuss\u00f5es econ\u00f4micas ocasionadas pela Pandemia do Coronavirus (COVID-19), os n\u00edveis de endividamento j\u00e1 est\u00e3o bastante inflados. Conforme pesquisa realizada pela Confedera\u00e7\u00e3o Nacional do Com\u00e9rcio, o endividamento dos brasileiros atingiu um recorde no m\u00eas de mar\u00e7o deste ano, passando para 66,2% o n\u00famero de fam\u00edlias endividadas. |","robots":{"index":"index","follow":"follow","max-snippet":"max-snippet:-1","max-image-preview":"max-image-preview:large","max-video-preview":"max-video-preview:-1"},"canonical":"https:\/\/www.gm.adv.br\/site\/2022\/05\/04\/cuidado-com-as-renegociacoes-de-dividas-bancarias\/","og_locale":"pt_BR","og_type":"article","og_title":"Cuidado com as renegocia\u00e7\u00f5es de d\u00edvidas banc\u00e1rias - Guaresi &amp; Mill\u00e9o Advogados Associados | Escrit\u00f3rio de Advocacia em Conc\u00f3rdia-SC | 30 Anos de Experi\u00eancia","og_description":"Nesse cen\u00e1rio de graves repercuss\u00f5es econ\u00f4micas ocasionadas pela Pandemia do Coronavirus (COVID-19), os n\u00edveis de endividamento j\u00e1 est\u00e3o bastante inflados. Conforme pesquisa realizada pela Confedera\u00e7\u00e3o Nacional do Com\u00e9rcio, o endividamento dos brasileiros atingiu um recorde no m\u00eas de mar\u00e7o deste ano, passando para 66,2% o n\u00famero de fam\u00edlias endividadas. |","og_url":"https:\/\/www.gm.adv.br\/site\/2022\/05\/04\/cuidado-com-as-renegociacoes-de-dividas-bancarias\/","og_site_name":"Guaresi &amp; Mill\u00e9o Advogados Associados | Escrit\u00f3rio de Advocacia em Conc\u00f3rdia-SC | 30 Anos de Experi\u00eancia","article_publisher":"https:\/\/www.facebook.com\/GuaresiMilleoAdvogados","article_published_time":"2022-05-04T20:29:46+00:00","og_image":[{"width":750,"height":150,"url":"https:\/\/www.gm.adv.br\/site\/wp-content\/uploads\/2022\/08\/converse-agora-com-um-advogado-especialista.webp","type":"image\/webp"}],"author":"admin","twitter_card":"summary_large_image","twitter_misc":{"Escrito por":"admin","Est. tempo de leitura":"2 minutos"},"schema":{"@context":"https:\/\/schema.org","@graph":[{"@type":"Article","@id":"https:\/\/www.gm.adv.br\/site\/2022\/05\/04\/cuidado-com-as-renegociacoes-de-dividas-bancarias\/#article","isPartOf":{"@id":"https:\/\/www.gm.adv.br\/site\/2022\/05\/04\/cuidado-com-as-renegociacoes-de-dividas-bancarias\/"},"author":{"name":"admin","@id":"https:\/\/www.gm.adv.br\/site\/#\/schema\/person\/7d633a2abab0d9b94253af6efc36428f"},"headline":"Cuidado com as renegocia\u00e7\u00f5es de d\u00edvidas banc\u00e1rias","datePublished":"2022-05-04T20:29:46+00:00","mainEntityOfPage":{"@id":"https:\/\/www.gm.adv.br\/site\/2022\/05\/04\/cuidado-com-as-renegociacoes-de-dividas-bancarias\/"},"wordCount":346,"publisher":{"@id":"https:\/\/www.gm.adv.br\/site\/#organization"},"image":{"@id":"https:\/\/www.gm.adv.br\/site\/2022\/05\/04\/cuidado-com-as-renegociacoes-de-dividas-bancarias\/#primaryimage"},"thumbnailUrl":"https:\/\/www.gm.adv.br\/site\/wp-content\/uploads\/2022\/08\/converse-agora-com-um-advogado-especialista.webp","articleSection":["Direito Banc\u00e1rio"],"inLanguage":"pt-BR"},{"@type":"WebPage","@id":"https:\/\/www.gm.adv.br\/site\/2022\/05\/04\/cuidado-com-as-renegociacoes-de-dividas-bancarias\/","url":"https:\/\/www.gm.adv.br\/site\/2022\/05\/04\/cuidado-com-as-renegociacoes-de-dividas-bancarias\/","name":"Cuidado com as renegocia\u00e7\u00f5es de d\u00edvidas banc\u00e1rias - Guaresi &amp; Mill\u00e9o Advogados Associados | Escrit\u00f3rio de Advocacia em Conc\u00f3rdia-SC | 30 Anos de Experi\u00eancia","isPartOf":{"@id":"https:\/\/www.gm.adv.br\/site\/#website"},"primaryImageOfPage":{"@id":"https:\/\/www.gm.adv.br\/site\/2022\/05\/04\/cuidado-com-as-renegociacoes-de-dividas-bancarias\/#primaryimage"},"image":{"@id":"https:\/\/www.gm.adv.br\/site\/2022\/05\/04\/cuidado-com-as-renegociacoes-de-dividas-bancarias\/#primaryimage"},"thumbnailUrl":"https:\/\/www.gm.adv.br\/site\/wp-content\/uploads\/2022\/08\/converse-agora-com-um-advogado-especialista.webp","datePublished":"2022-05-04T20:29:46+00:00","description":"Nesse cen\u00e1rio de graves repercuss\u00f5es econ\u00f4micas ocasionadas pela Pandemia do Coronavirus (COVID-19), os n\u00edveis de endividamento j\u00e1 est\u00e3o bastante inflados. Conforme pesquisa realizada pela Confedera\u00e7\u00e3o Nacional do Com\u00e9rcio, o endividamento dos brasileiros atingiu um recorde no m\u00eas de mar\u00e7o deste ano, passando para 66,2% o n\u00famero de fam\u00edlias endividadas. |","breadcrumb":{"@id":"https:\/\/www.gm.adv.br\/site\/2022\/05\/04\/cuidado-com-as-renegociacoes-de-dividas-bancarias\/#breadcrumb"},"inLanguage":"pt-BR","potentialAction":[{"@type":"ReadAction","target":["https:\/\/www.gm.adv.br\/site\/2022\/05\/04\/cuidado-com-as-renegociacoes-de-dividas-bancarias\/"]}]},{"@type":"ImageObject","inLanguage":"pt-BR","@id":"https:\/\/www.gm.adv.br\/site\/2022\/05\/04\/cuidado-com-as-renegociacoes-de-dividas-bancarias\/#primaryimage","url":"https:\/\/www.gm.adv.br\/site\/wp-content\/uploads\/2022\/08\/converse-agora-com-um-advogado-especialista.webp","contentUrl":"https:\/\/www.gm.adv.br\/site\/wp-content\/uploads\/2022\/08\/converse-agora-com-um-advogado-especialista.webp","width":750,"height":150},{"@type":"BreadcrumbList","@id":"https:\/\/www.gm.adv.br\/site\/2022\/05\/04\/cuidado-com-as-renegociacoes-de-dividas-bancarias\/#breadcrumb","itemListElement":[{"@type":"ListItem","position":1,"name":"In\u00edcio","item":"https:\/\/www.gm.adv.br\/site\/"},{"@type":"ListItem","position":2,"name":"Cuidado com as renegocia\u00e7\u00f5es de d\u00edvidas banc\u00e1rias"}]},{"@type":"WebSite","@id":"https:\/\/www.gm.adv.br\/site\/#website","url":"https:\/\/www.gm.adv.br\/site\/","name":"Guaresi & Mill\u00e9o Advogados Associados | Escrit\u00f3rio de Advocacia em Conc\u00f3rdia-SC | 30 Anos de Experi\u00eanci","description":"Advocacia Direito Banc\u00e1rio, Tribut\u00e1rio, Trabalhista, C\u00edvil, P\u00fablica, Municipal, Advogados Associados Guaresi e Mill\u00e9o  |  Conc\u00f3rdia SC","publisher":{"@id":"https:\/\/www.gm.adv.br\/site\/#organization"},"alternateName":"Guaresi e Mill\u00e9o Escrit\u00f3rio de Advocacia e Consultoria em Conc\u00f3rdia-SC","potentialAction":[{"@type":"SearchAction","target":{"@type":"EntryPoint","urlTemplate":"https:\/\/www.gm.adv.br\/site\/?s={search_term_string}"},"query-input":{"@type":"PropertyValueSpecification","valueRequired":true,"valueName":"search_term_string"}}],"inLanguage":"pt-BR"},{"@type":"Organization","@id":"https:\/\/www.gm.adv.br\/site\/#organization","name":"Guaresi & Milleo Advogados Associados em Conc\u00f3rdia SC","alternateName":"Guaresi e Milleo Advocacia e Consultoria","url":"https:\/\/www.gm.adv.br\/site\/","logo":{"@type":"ImageObject","inLanguage":"pt-BR","@id":"https:\/\/www.gm.adv.br\/site\/#\/schema\/logo\/image\/","url":"https:\/\/www.gm.adv.br\/site\/wp-content\/uploads\/2025\/07\/cropped-icone-512.webp","contentUrl":"https:\/\/www.gm.adv.br\/site\/wp-content\/uploads\/2025\/07\/cropped-icone-512.webp","width":512,"height":512,"caption":"Guaresi & Milleo Advogados Associados em Conc\u00f3rdia SC"},"image":{"@id":"https:\/\/www.gm.adv.br\/site\/#\/schema\/logo\/image\/"},"sameAs":["https:\/\/www.facebook.com\/GuaresiMilleoAdvogados","https:\/\/www.instagram.com\/guaresiemilleo\/","https:\/\/br.linkedin.com\/company\/guaresimilleo"]},{"@type":"Person","@id":"https:\/\/www.gm.adv.br\/site\/#\/schema\/person\/7d633a2abab0d9b94253af6efc36428f","name":"admin","image":{"@type":"ImageObject","inLanguage":"pt-BR","@id":"https:\/\/secure.gravatar.com\/avatar\/c8bb173d280f7d1e50b67bb649de269247430499695ba3ee451b6289436d1d39?s=96&d=mm&r=g","url":"https:\/\/secure.gravatar.com\/avatar\/c8bb173d280f7d1e50b67bb649de269247430499695ba3ee451b6289436d1d39?s=96&d=mm&r=g","contentUrl":"https:\/\/secure.gravatar.com\/avatar\/c8bb173d280f7d1e50b67bb649de269247430499695ba3ee451b6289436d1d39?s=96&d=mm&r=g","caption":"admin"},"sameAs":["https:\/\/www.gm.adv.br\/site"],"url":"https:\/\/www.gm.adv.br\/site\/author\/admin\/"}]}},"_links":{"self":[{"href":"https:\/\/www.gm.adv.br\/site\/wp-json\/wp\/v2\/posts\/3416","targetHints":{"allow":["GET"]}}],"collection":[{"href":"https:\/\/www.gm.adv.br\/site\/wp-json\/wp\/v2\/posts"}],"about":[{"href":"https:\/\/www.gm.adv.br\/site\/wp-json\/wp\/v2\/types\/post"}],"author":[{"embeddable":true,"href":"https:\/\/www.gm.adv.br\/site\/wp-json\/wp\/v2\/users\/1"}],"replies":[{"embeddable":true,"href":"https:\/\/www.gm.adv.br\/site\/wp-json\/wp\/v2\/comments?post=3416"}],"version-history":[{"count":0,"href":"https:\/\/www.gm.adv.br\/site\/wp-json\/wp\/v2\/posts\/3416\/revisions"}],"wp:attachment":[{"href":"https:\/\/www.gm.adv.br\/site\/wp-json\/wp\/v2\/media?parent=3416"}],"wp:term":[{"taxonomy":"category","embeddable":true,"href":"https:\/\/www.gm.adv.br\/site\/wp-json\/wp\/v2\/categories?post=3416"},{"taxonomy":"post_tag","embeddable":true,"href":"https:\/\/www.gm.adv.br\/site\/wp-json\/wp\/v2\/tags?post=3416"}],"curies":[{"name":"wp","href":"https:\/\/api.w.org\/{rel}","templated":true}]}}