{"id":3413,"date":"2022-05-04T17:26:46","date_gmt":"2022-05-04T20:26:46","guid":{"rendered":"https:\/\/gm.adv.br\/?p=3413"},"modified":"2022-05-04T17:26:46","modified_gmt":"2022-05-04T20:26:46","slug":"holding-familiar","status":"publish","type":"post","link":"https:\/\/www.gm.adv.br\/site\/2022\/05\/04\/holding-familiar\/","title":{"rendered":"Holding Familiar"},"content":{"rendered":"<p>A figura da Holding Familiar est\u00e1 muito pr\u00f3xima da organiza\u00e7\u00e3o empresarial denominada Holding Patrimonial, mantendo, contudo, importantes diferen\u00e7as, notadamente no que diz respeito ao aspecto sucess\u00f3rio, de gest\u00e3o e de controle do patrim\u00f4nio.<\/p>\n<p>De in\u00edcio \u00e9 importante observar que esta modalidade empresarial \u00e9 composta pelo grupo familiar e envolve o patrim\u00f4nio da fam\u00edlia que migrar\u00e1 para a pessoa jur\u00eddica na forma de integraliza\u00e7\u00e3o de capital social.<\/p>\n<p>A constitui\u00e7\u00e3o da holding familiar se d\u00e1, no mais das vezes, mediante a doa\u00e7\u00e3o de bens (geralmente dos pais para os filhos) objetivando a composi\u00e7\u00e3o societ\u00e1ria. \u00c9 perfeitamente poss\u00edvel, por exemplo, que os doadores estabele\u00e7am cl\u00e1usulas restritivas visando a prote\u00e7\u00e3o do patrim\u00f4nio, como inalienabilidade, impenhorabilidade, incomunicabilidade e at\u00e9 cl\u00e1usula de revers\u00e3o dos bens.<\/p>\n<p>Com isso, j\u00e1 \u00e9 poss\u00edvel executar a divis\u00e3o do patrim\u00f4nio em vida. Tamb\u00e9m \u00e9 poss\u00edvel estabelecer crit\u00e9rios de sa\u00edda de herdeiros da companhia ou mesmo para que assumam cargos de gest\u00e3o, distribui\u00e7\u00e3o de resultados e remunera\u00e7\u00e3o.<\/p>\n<p>E a prop\u00f3sito, este modelo permite a institui\u00e7\u00e3o de usufruto em favor dos doadores dos bens, com as cl\u00e1usulas restritivas antes mencionadas, visando garantir renda (frutos) aos doadores (geralmente os pais) e impedir a dilapida\u00e7\u00e3o patrimonial. De resto, e n\u00e3o menos importante, esta forma\u00e7\u00e3o empresarial comporta (como em outros modelos) a execu\u00e7\u00e3o de planejamento tribut\u00e1rio visando a redu\u00e7\u00e3o da carga fiscal.<\/p>\n<p>Fonte: S\u00e9rgio Guaresi do Santo &#8211; OAB\/SC 9775<\/p>\n<p><a href=\"https:\/\/api.whatsapp.com\/send?phone=+5549984376950&amp;text=Ol%C3%A1\"><img loading=\"lazy\" decoding=\"async\" class=\"alignnone wp-image-4192 size-full\" src=\"https:\/\/www.gm.adv.br\/site\/wp-content\/uploads\/2022\/08\/converse-agora-com-um-advogado-especialista.webp\" alt=\"\" width=\"750\" height=\"150\" \/><\/a><\/p>\n<p>Este conte\u00fado foi produzido pelo Escrit\u00f3rio de Advocacia Guaresi e Mill\u00e9o Advogados Associados, h\u00e1 mais de 25 anos prestando servi\u00e7os em advocacia na cidade de Conc\u00f3rdia \u2013 SC e regi\u00e3o Oeste Catarinense. Continue acompanhando nosso blog para n\u00e3o perder mais nenhum conte\u00fado exclusivo.<\/p>\n","protected":false},"excerpt":{"rendered":"<p>A figura da Holding Familiar est\u00e1 muito pr\u00f3xima da organiza\u00e7\u00e3o empresarial denominada Holding Patrimonial, mantendo, contudo, importantes diferen\u00e7as, notadamente no que diz respeito ao aspecto sucess\u00f3rio, de gest\u00e3o e de controle do patrim\u00f4nio. De in\u00edcio \u00e9 importante observar que esta modalidade empresarial \u00e9 composta pelo grupo familiar e envolve o patrim\u00f4nio da fam\u00edlia que migrar\u00e1 [&#8230;]\n","protected":false},"author":1,"featured_media":3414,"comment_status":"closed","ping_status":"closed","sticky":false,"template":"","format":"standard","meta":{"footnotes":""},"categories":[74],"tags":[],"class_list":["post-3413","post","type-post","status-publish","format-standard","has-post-thumbnail","hentry","category-blog"],"yoast_head":"<!-- This site is optimized with the Yoast SEO plugin v27.5 - https:\/\/yoast.com\/product\/yoast-seo-wordpress\/ -->\n<title>Holding Familiar - Guaresi &amp; Mill\u00e9o Advogados Associados | Escrit\u00f3rio de Advocacia em Conc\u00f3rdia-SC | 30 Anos de Experi\u00eancia<\/title>\n<meta name=\"description\" content=\"A figura da Holding Familiar est\u00e1 muito pr\u00f3xima da organiza\u00e7\u00e3o empresarial denominada Holding Patrimonial, mantendo, contudo, importantes diferen\u00e7as, notadamente no que diz respeito ao aspecto sucess\u00f3rio, de gest\u00e3o e de controle do patrim\u00f4nio.\" \/>\n<meta name=\"robots\" content=\"index, follow, max-snippet:-1, max-image-preview:large, max-video-preview:-1\" \/>\n<link rel=\"canonical\" href=\"https:\/\/www.gm.adv.br\/site\/2022\/05\/04\/holding-familiar\/\" \/>\n<meta property=\"og:locale\" content=\"pt_BR\" \/>\n<meta property=\"og:type\" content=\"article\" \/>\n<meta property=\"og:title\" content=\"Holding Familiar - Guaresi &amp; Mill\u00e9o Advogados Associados | Escrit\u00f3rio de Advocacia em Conc\u00f3rdia-SC | 30 Anos de Experi\u00eancia\" \/>\n<meta property=\"og:description\" content=\"A figura da Holding Familiar est\u00e1 muito pr\u00f3xima da organiza\u00e7\u00e3o empresarial denominada Holding Patrimonial, mantendo, contudo, importantes diferen\u00e7as, notadamente no que diz respeito ao aspecto sucess\u00f3rio, de gest\u00e3o e de controle do patrim\u00f4nio.\" \/>\n<meta property=\"og:url\" content=\"https:\/\/www.gm.adv.br\/site\/2022\/05\/04\/holding-familiar\/\" \/>\n<meta property=\"og:site_name\" content=\"Guaresi &amp; Mill\u00e9o Advogados Associados | Escrit\u00f3rio de Advocacia em Conc\u00f3rdia-SC | 30 Anos de Experi\u00eancia\" \/>\n<meta property=\"article:publisher\" content=\"https:\/\/www.facebook.com\/GuaresiMilleoAdvogados\" \/>\n<meta property=\"article:published_time\" content=\"2022-05-04T20:26:46+00:00\" \/>\n<meta property=\"og:image\" content=\"https:\/\/www.gm.adv.br\/site\/wp-content\/uploads\/2022\/05\/Holding-Familiar-e1651695993253.jpg\" \/>\n\t<meta property=\"og:image:width\" content=\"400\" \/>\n\t<meta property=\"og:image:height\" content=\"308\" \/>\n\t<meta property=\"og:image:type\" content=\"image\/jpeg\" \/>\n<meta name=\"author\" content=\"admin\" \/>\n<meta name=\"twitter:card\" content=\"summary_large_image\" \/>\n<meta name=\"twitter:label1\" content=\"Escrito por\" \/>\n\t<meta name=\"twitter:data1\" content=\"admin\" \/>\n\t<meta name=\"twitter:label2\" content=\"Est. tempo de leitura\" \/>\n\t<meta name=\"twitter:data2\" content=\"2 minutos\" \/>\n<script type=\"application\/ld+json\" class=\"yoast-schema-graph\">{\"@context\":\"https:\\\/\\\/schema.org\",\"@graph\":[{\"@type\":\"Article\",\"@id\":\"https:\\\/\\\/www.gm.adv.br\\\/site\\\/2022\\\/05\\\/04\\\/holding-familiar\\\/#article\",\"isPartOf\":{\"@id\":\"https:\\\/\\\/www.gm.adv.br\\\/site\\\/2022\\\/05\\\/04\\\/holding-familiar\\\/\"},\"author\":{\"name\":\"admin\",\"@id\":\"https:\\\/\\\/www.gm.adv.br\\\/site\\\/#\\\/schema\\\/person\\\/7d633a2abab0d9b94253af6efc36428f\"},\"headline\":\"Holding Familiar\",\"datePublished\":\"2022-05-04T20:26:46+00:00\",\"mainEntityOfPage\":{\"@id\":\"https:\\\/\\\/www.gm.adv.br\\\/site\\\/2022\\\/05\\\/04\\\/holding-familiar\\\/\"},\"wordCount\":312,\"publisher\":{\"@id\":\"https:\\\/\\\/www.gm.adv.br\\\/site\\\/#organization\"},\"image\":{\"@id\":\"https:\\\/\\\/www.gm.adv.br\\\/site\\\/2022\\\/05\\\/04\\\/holding-familiar\\\/#primaryimage\"},\"thumbnailUrl\":\"https:\\\/\\\/www.gm.adv.br\\\/site\\\/wp-content\\\/uploads\\\/2022\\\/05\\\/Holding-Familiar-e1651695993253.jpg\",\"articleSection\":[\"Blog\"],\"inLanguage\":\"pt-BR\"},{\"@type\":\"WebPage\",\"@id\":\"https:\\\/\\\/www.gm.adv.br\\\/site\\\/2022\\\/05\\\/04\\\/holding-familiar\\\/\",\"url\":\"https:\\\/\\\/www.gm.adv.br\\\/site\\\/2022\\\/05\\\/04\\\/holding-familiar\\\/\",\"name\":\"Holding Familiar - Guaresi &amp; Mill\u00e9o Advogados Associados | Escrit\u00f3rio de Advocacia em Conc\u00f3rdia-SC | 30 Anos de Experi\u00eancia\",\"isPartOf\":{\"@id\":\"https:\\\/\\\/www.gm.adv.br\\\/site\\\/#website\"},\"primaryImageOfPage\":{\"@id\":\"https:\\\/\\\/www.gm.adv.br\\\/site\\\/2022\\\/05\\\/04\\\/holding-familiar\\\/#primaryimage\"},\"image\":{\"@id\":\"https:\\\/\\\/www.gm.adv.br\\\/site\\\/2022\\\/05\\\/04\\\/holding-familiar\\\/#primaryimage\"},\"thumbnailUrl\":\"https:\\\/\\\/www.gm.adv.br\\\/site\\\/wp-content\\\/uploads\\\/2022\\\/05\\\/Holding-Familiar-e1651695993253.jpg\",\"datePublished\":\"2022-05-04T20:26:46+00:00\",\"description\":\"A figura da Holding Familiar est\u00e1 muito pr\u00f3xima da organiza\u00e7\u00e3o empresarial denominada Holding Patrimonial, mantendo, contudo, importantes diferen\u00e7as, notadamente no que diz respeito ao aspecto sucess\u00f3rio, de gest\u00e3o e de controle do patrim\u00f4nio.\",\"breadcrumb\":{\"@id\":\"https:\\\/\\\/www.gm.adv.br\\\/site\\\/2022\\\/05\\\/04\\\/holding-familiar\\\/#breadcrumb\"},\"inLanguage\":\"pt-BR\",\"potentialAction\":[{\"@type\":\"ReadAction\",\"target\":[\"https:\\\/\\\/www.gm.adv.br\\\/site\\\/2022\\\/05\\\/04\\\/holding-familiar\\\/\"]}]},{\"@type\":\"ImageObject\",\"inLanguage\":\"pt-BR\",\"@id\":\"https:\\\/\\\/www.gm.adv.br\\\/site\\\/2022\\\/05\\\/04\\\/holding-familiar\\\/#primaryimage\",\"url\":\"https:\\\/\\\/www.gm.adv.br\\\/site\\\/wp-content\\\/uploads\\\/2022\\\/05\\\/Holding-Familiar-e1651695993253.jpg\",\"contentUrl\":\"https:\\\/\\\/www.gm.adv.br\\\/site\\\/wp-content\\\/uploads\\\/2022\\\/05\\\/Holding-Familiar-e1651695993253.jpg\",\"width\":400,\"height\":308},{\"@type\":\"BreadcrumbList\",\"@id\":\"https:\\\/\\\/www.gm.adv.br\\\/site\\\/2022\\\/05\\\/04\\\/holding-familiar\\\/#breadcrumb\",\"itemListElement\":[{\"@type\":\"ListItem\",\"position\":1,\"name\":\"In\u00edcio\",\"item\":\"https:\\\/\\\/www.gm.adv.br\\\/site\\\/\"},{\"@type\":\"ListItem\",\"position\":2,\"name\":\"Holding Familiar\"}]},{\"@type\":\"WebSite\",\"@id\":\"https:\\\/\\\/www.gm.adv.br\\\/site\\\/#website\",\"url\":\"https:\\\/\\\/www.gm.adv.br\\\/site\\\/\",\"name\":\"Guaresi & Mill\u00e9o Advogados Associados | Escrit\u00f3rio de Advocacia em Conc\u00f3rdia-SC | 30 Anos de Experi\u00eanci\",\"description\":\"Advocacia Direito Banc\u00e1rio, Tribut\u00e1rio, Trabalhista, C\u00edvil, P\u00fablica, Municipal, Advogados Associados Guaresi e Mill\u00e9o  |  Conc\u00f3rdia SC\",\"publisher\":{\"@id\":\"https:\\\/\\\/www.gm.adv.br\\\/site\\\/#organization\"},\"alternateName\":\"Guaresi e Mill\u00e9o Escrit\u00f3rio de Advocacia e Consultoria em Conc\u00f3rdia-SC\",\"potentialAction\":[{\"@type\":\"SearchAction\",\"target\":{\"@type\":\"EntryPoint\",\"urlTemplate\":\"https:\\\/\\\/www.gm.adv.br\\\/site\\\/?s={search_term_string}\"},\"query-input\":{\"@type\":\"PropertyValueSpecification\",\"valueRequired\":true,\"valueName\":\"search_term_string\"}}],\"inLanguage\":\"pt-BR\"},{\"@type\":\"Organization\",\"@id\":\"https:\\\/\\\/www.gm.adv.br\\\/site\\\/#organization\",\"name\":\"Guaresi & Milleo Advogados Associados em Conc\u00f3rdia SC\",\"alternateName\":\"Guaresi e Milleo Advocacia e Consultoria\",\"url\":\"https:\\\/\\\/www.gm.adv.br\\\/site\\\/\",\"logo\":{\"@type\":\"ImageObject\",\"inLanguage\":\"pt-BR\",\"@id\":\"https:\\\/\\\/www.gm.adv.br\\\/site\\\/#\\\/schema\\\/logo\\\/image\\\/\",\"url\":\"https:\\\/\\\/www.gm.adv.br\\\/site\\\/wp-content\\\/uploads\\\/2025\\\/07\\\/cropped-icone-512.webp\",\"contentUrl\":\"https:\\\/\\\/www.gm.adv.br\\\/site\\\/wp-content\\\/uploads\\\/2025\\\/07\\\/cropped-icone-512.webp\",\"width\":512,\"height\":512,\"caption\":\"Guaresi & Milleo Advogados Associados em Conc\u00f3rdia SC\"},\"image\":{\"@id\":\"https:\\\/\\\/www.gm.adv.br\\\/site\\\/#\\\/schema\\\/logo\\\/image\\\/\"},\"sameAs\":[\"https:\\\/\\\/www.facebook.com\\\/GuaresiMilleoAdvogados\",\"https:\\\/\\\/www.instagram.com\\\/guaresiemilleo\\\/\",\"https:\\\/\\\/br.linkedin.com\\\/company\\\/guaresimilleo\"]},{\"@type\":\"Person\",\"@id\":\"https:\\\/\\\/www.gm.adv.br\\\/site\\\/#\\\/schema\\\/person\\\/7d633a2abab0d9b94253af6efc36428f\",\"name\":\"admin\",\"image\":{\"@type\":\"ImageObject\",\"inLanguage\":\"pt-BR\",\"@id\":\"https:\\\/\\\/secure.gravatar.com\\\/avatar\\\/c8bb173d280f7d1e50b67bb649de269247430499695ba3ee451b6289436d1d39?s=96&d=mm&r=g\",\"url\":\"https:\\\/\\\/secure.gravatar.com\\\/avatar\\\/c8bb173d280f7d1e50b67bb649de269247430499695ba3ee451b6289436d1d39?s=96&d=mm&r=g\",\"contentUrl\":\"https:\\\/\\\/secure.gravatar.com\\\/avatar\\\/c8bb173d280f7d1e50b67bb649de269247430499695ba3ee451b6289436d1d39?s=96&d=mm&r=g\",\"caption\":\"admin\"},\"sameAs\":[\"https:\\\/\\\/www.gm.adv.br\\\/site\"],\"url\":\"https:\\\/\\\/www.gm.adv.br\\\/site\\\/author\\\/admin\\\/\"}]}<\/script>\n<!-- \/ Yoast SEO plugin. -->","yoast_head_json":{"title":"Holding Familiar - Guaresi &amp; Mill\u00e9o Advogados Associados | Escrit\u00f3rio de Advocacia em Conc\u00f3rdia-SC | 30 Anos de Experi\u00eancia","description":"A figura da Holding Familiar est\u00e1 muito pr\u00f3xima da organiza\u00e7\u00e3o empresarial denominada Holding Patrimonial, mantendo, contudo, importantes diferen\u00e7as, notadamente no que diz respeito ao aspecto sucess\u00f3rio, de gest\u00e3o e de controle do patrim\u00f4nio.","robots":{"index":"index","follow":"follow","max-snippet":"max-snippet:-1","max-image-preview":"max-image-preview:large","max-video-preview":"max-video-preview:-1"},"canonical":"https:\/\/www.gm.adv.br\/site\/2022\/05\/04\/holding-familiar\/","og_locale":"pt_BR","og_type":"article","og_title":"Holding Familiar - Guaresi &amp; Mill\u00e9o Advogados Associados | Escrit\u00f3rio de Advocacia em Conc\u00f3rdia-SC | 30 Anos de Experi\u00eancia","og_description":"A figura da Holding Familiar est\u00e1 muito pr\u00f3xima da organiza\u00e7\u00e3o empresarial denominada Holding Patrimonial, mantendo, contudo, importantes diferen\u00e7as, notadamente no que diz respeito ao aspecto sucess\u00f3rio, de gest\u00e3o e de controle do patrim\u00f4nio.","og_url":"https:\/\/www.gm.adv.br\/site\/2022\/05\/04\/holding-familiar\/","og_site_name":"Guaresi &amp; Mill\u00e9o Advogados Associados | Escrit\u00f3rio de Advocacia em Conc\u00f3rdia-SC | 30 Anos de Experi\u00eancia","article_publisher":"https:\/\/www.facebook.com\/GuaresiMilleoAdvogados","article_published_time":"2022-05-04T20:26:46+00:00","og_image":[{"width":400,"height":308,"url":"https:\/\/www.gm.adv.br\/site\/wp-content\/uploads\/2022\/05\/Holding-Familiar-e1651695993253.jpg","type":"image\/jpeg"}],"author":"admin","twitter_card":"summary_large_image","twitter_misc":{"Escrito por":"admin","Est. tempo de leitura":"2 minutos"},"schema":{"@context":"https:\/\/schema.org","@graph":[{"@type":"Article","@id":"https:\/\/www.gm.adv.br\/site\/2022\/05\/04\/holding-familiar\/#article","isPartOf":{"@id":"https:\/\/www.gm.adv.br\/site\/2022\/05\/04\/holding-familiar\/"},"author":{"name":"admin","@id":"https:\/\/www.gm.adv.br\/site\/#\/schema\/person\/7d633a2abab0d9b94253af6efc36428f"},"headline":"Holding Familiar","datePublished":"2022-05-04T20:26:46+00:00","mainEntityOfPage":{"@id":"https:\/\/www.gm.adv.br\/site\/2022\/05\/04\/holding-familiar\/"},"wordCount":312,"publisher":{"@id":"https:\/\/www.gm.adv.br\/site\/#organization"},"image":{"@id":"https:\/\/www.gm.adv.br\/site\/2022\/05\/04\/holding-familiar\/#primaryimage"},"thumbnailUrl":"https:\/\/www.gm.adv.br\/site\/wp-content\/uploads\/2022\/05\/Holding-Familiar-e1651695993253.jpg","articleSection":["Blog"],"inLanguage":"pt-BR"},{"@type":"WebPage","@id":"https:\/\/www.gm.adv.br\/site\/2022\/05\/04\/holding-familiar\/","url":"https:\/\/www.gm.adv.br\/site\/2022\/05\/04\/holding-familiar\/","name":"Holding Familiar - Guaresi &amp; Mill\u00e9o Advogados Associados | Escrit\u00f3rio de Advocacia em Conc\u00f3rdia-SC | 30 Anos de Experi\u00eancia","isPartOf":{"@id":"https:\/\/www.gm.adv.br\/site\/#website"},"primaryImageOfPage":{"@id":"https:\/\/www.gm.adv.br\/site\/2022\/05\/04\/holding-familiar\/#primaryimage"},"image":{"@id":"https:\/\/www.gm.adv.br\/site\/2022\/05\/04\/holding-familiar\/#primaryimage"},"thumbnailUrl":"https:\/\/www.gm.adv.br\/site\/wp-content\/uploads\/2022\/05\/Holding-Familiar-e1651695993253.jpg","datePublished":"2022-05-04T20:26:46+00:00","description":"A figura da Holding Familiar est\u00e1 muito pr\u00f3xima da organiza\u00e7\u00e3o empresarial denominada Holding Patrimonial, mantendo, contudo, importantes diferen\u00e7as, notadamente no que diz respeito ao aspecto sucess\u00f3rio, de gest\u00e3o e de controle do patrim\u00f4nio.","breadcrumb":{"@id":"https:\/\/www.gm.adv.br\/site\/2022\/05\/04\/holding-familiar\/#breadcrumb"},"inLanguage":"pt-BR","potentialAction":[{"@type":"ReadAction","target":["https:\/\/www.gm.adv.br\/site\/2022\/05\/04\/holding-familiar\/"]}]},{"@type":"ImageObject","inLanguage":"pt-BR","@id":"https:\/\/www.gm.adv.br\/site\/2022\/05\/04\/holding-familiar\/#primaryimage","url":"https:\/\/www.gm.adv.br\/site\/wp-content\/uploads\/2022\/05\/Holding-Familiar-e1651695993253.jpg","contentUrl":"https:\/\/www.gm.adv.br\/site\/wp-content\/uploads\/2022\/05\/Holding-Familiar-e1651695993253.jpg","width":400,"height":308},{"@type":"BreadcrumbList","@id":"https:\/\/www.gm.adv.br\/site\/2022\/05\/04\/holding-familiar\/#breadcrumb","itemListElement":[{"@type":"ListItem","position":1,"name":"In\u00edcio","item":"https:\/\/www.gm.adv.br\/site\/"},{"@type":"ListItem","position":2,"name":"Holding Familiar"}]},{"@type":"WebSite","@id":"https:\/\/www.gm.adv.br\/site\/#website","url":"https:\/\/www.gm.adv.br\/site\/","name":"Guaresi & Mill\u00e9o Advogados Associados | Escrit\u00f3rio de Advocacia em Conc\u00f3rdia-SC | 30 Anos de Experi\u00eanci","description":"Advocacia Direito Banc\u00e1rio, Tribut\u00e1rio, Trabalhista, C\u00edvil, P\u00fablica, Municipal, Advogados Associados Guaresi e Mill\u00e9o  |  Conc\u00f3rdia SC","publisher":{"@id":"https:\/\/www.gm.adv.br\/site\/#organization"},"alternateName":"Guaresi e Mill\u00e9o Escrit\u00f3rio de Advocacia e Consultoria em Conc\u00f3rdia-SC","potentialAction":[{"@type":"SearchAction","target":{"@type":"EntryPoint","urlTemplate":"https:\/\/www.gm.adv.br\/site\/?s={search_term_string}"},"query-input":{"@type":"PropertyValueSpecification","valueRequired":true,"valueName":"search_term_string"}}],"inLanguage":"pt-BR"},{"@type":"Organization","@id":"https:\/\/www.gm.adv.br\/site\/#organization","name":"Guaresi & Milleo Advogados Associados em Conc\u00f3rdia SC","alternateName":"Guaresi e Milleo Advocacia e Consultoria","url":"https:\/\/www.gm.adv.br\/site\/","logo":{"@type":"ImageObject","inLanguage":"pt-BR","@id":"https:\/\/www.gm.adv.br\/site\/#\/schema\/logo\/image\/","url":"https:\/\/www.gm.adv.br\/site\/wp-content\/uploads\/2025\/07\/cropped-icone-512.webp","contentUrl":"https:\/\/www.gm.adv.br\/site\/wp-content\/uploads\/2025\/07\/cropped-icone-512.webp","width":512,"height":512,"caption":"Guaresi & Milleo Advogados Associados em Conc\u00f3rdia SC"},"image":{"@id":"https:\/\/www.gm.adv.br\/site\/#\/schema\/logo\/image\/"},"sameAs":["https:\/\/www.facebook.com\/GuaresiMilleoAdvogados","https:\/\/www.instagram.com\/guaresiemilleo\/","https:\/\/br.linkedin.com\/company\/guaresimilleo"]},{"@type":"Person","@id":"https:\/\/www.gm.adv.br\/site\/#\/schema\/person\/7d633a2abab0d9b94253af6efc36428f","name":"admin","image":{"@type":"ImageObject","inLanguage":"pt-BR","@id":"https:\/\/secure.gravatar.com\/avatar\/c8bb173d280f7d1e50b67bb649de269247430499695ba3ee451b6289436d1d39?s=96&d=mm&r=g","url":"https:\/\/secure.gravatar.com\/avatar\/c8bb173d280f7d1e50b67bb649de269247430499695ba3ee451b6289436d1d39?s=96&d=mm&r=g","contentUrl":"https:\/\/secure.gravatar.com\/avatar\/c8bb173d280f7d1e50b67bb649de269247430499695ba3ee451b6289436d1d39?s=96&d=mm&r=g","caption":"admin"},"sameAs":["https:\/\/www.gm.adv.br\/site"],"url":"https:\/\/www.gm.adv.br\/site\/author\/admin\/"}]}},"_links":{"self":[{"href":"https:\/\/www.gm.adv.br\/site\/wp-json\/wp\/v2\/posts\/3413","targetHints":{"allow":["GET"]}}],"collection":[{"href":"https:\/\/www.gm.adv.br\/site\/wp-json\/wp\/v2\/posts"}],"about":[{"href":"https:\/\/www.gm.adv.br\/site\/wp-json\/wp\/v2\/types\/post"}],"author":[{"embeddable":true,"href":"https:\/\/www.gm.adv.br\/site\/wp-json\/wp\/v2\/users\/1"}],"replies":[{"embeddable":true,"href":"https:\/\/www.gm.adv.br\/site\/wp-json\/wp\/v2\/comments?post=3413"}],"version-history":[{"count":0,"href":"https:\/\/www.gm.adv.br\/site\/wp-json\/wp\/v2\/posts\/3413\/revisions"}],"wp:featuredmedia":[{"embeddable":true,"href":"https:\/\/www.gm.adv.br\/site\/wp-json\/wp\/v2\/media\/3414"}],"wp:attachment":[{"href":"https:\/\/www.gm.adv.br\/site\/wp-json\/wp\/v2\/media?parent=3413"}],"wp:term":[{"taxonomy":"category","embeddable":true,"href":"https:\/\/www.gm.adv.br\/site\/wp-json\/wp\/v2\/categories?post=3413"},{"taxonomy":"post_tag","embeddable":true,"href":"https:\/\/www.gm.adv.br\/site\/wp-json\/wp\/v2\/tags?post=3413"}],"curies":[{"name":"wp","href":"https:\/\/api.w.org\/{rel}","templated":true}]}}