{"id":3407,"date":"2022-05-04T17:21:09","date_gmt":"2022-05-04T20:21:09","guid":{"rendered":"https:\/\/gm.adv.br\/?p=3407"},"modified":"2022-05-04T17:21:09","modified_gmt":"2022-05-04T20:21:09","slug":"o-dano-moral-nas-relacoes-familiares","status":"publish","type":"post","link":"https:\/\/www.gm.adv.br\/site\/2022\/05\/04\/o-dano-moral-nas-relacoes-familiares\/","title":{"rendered":"O Dano Moral nas Rela\u00e7\u00f5es Familiares"},"content":{"rendered":"<p><span style=\"font-weight: 400;\">O dano moral \u00e9 entendido como uma les\u00e3o aos sentimentos, \u00e0 honra, ao bem estar humano, por ato que lhe cause dor ou abalo ps\u00edquico. Assim, sempre que uma pessoa praticar um ato ou deixar de praticar o que lhe \u00e9 esperado, causando danos a algu\u00e9m, poder\u00e1 ensejar uma indeniza\u00e7\u00e3o pecuni\u00e1ria que tem objetivo compensat\u00f3rio, j\u00e1 que o estado anterior n\u00e3o poder\u00e1 ser recomposto.<\/span><\/p>\n<p><span style=\"font-weight: 400;\">O dano moral est\u00e1 relacionado \u00e0 intimidade, personalidade da v\u00edtima e \u00e0 forma como as pessoas a veem. Por isso, determinar o valor de tal indeniza\u00e7\u00e3o \u00e9 tarefa complexa e o julgador dever\u00e1 levar em conta, sempre, a prova que for produzida da repercuss\u00e3o sofrida no caso espec\u00edfico.<\/span><\/p>\n<p><span style=\"font-weight: 400;\">Na esfera familiar, podemos identificar sua configura\u00e7\u00e3o em diversas situa\u00e7\u00f5es, sendo que este ato lesivo pode ser il\u00edcito ao ponto de ser criminoso, como, por exemplo, uma agress\u00e3o f\u00edsica, ou, simplesmente decorrente de ass\u00e9dios reiterados ou abandono afetivo.<\/span><\/p>\n<p><span style=\"font-weight: 400;\">Imaginemos um pai que, no segundo casamento, realiza in\u00fameras viagens com os filhos, participa dos eventos escolares, proporciona-lhes boas oportunidades de educa\u00e7\u00e3o postando tudo em rede social e, para o filho do primeiro casamento, limita-se a pagar pens\u00e3o, sequer mencionando a paternidade publicamente ou exercendo seu direito de visita com regularidade.\u00a0<\/span><\/p>\n<p><span style=\"font-weight: 400;\">Essa desigualdade de tratamento pode gerar danos psicol\u00f3gicos irrepar\u00e1veis e decis\u00f5es judiciais a denominam de \u201cdano afetivo\u201d. Ainda, a situa\u00e7\u00e3o de uma mulher vitima de exposi\u00e7\u00e3o na internet pelo companheiro ou vitima de rela\u00e7\u00e3o abusiva comprovada e que, mesmo ap\u00f3s a separa\u00e7\u00e3o, necessita de tratamentos m\u00e9dicos pelos dist\u00farbios psicol\u00f3gicos gerados, poder\u00e1 resultar em condena\u00e7\u00e3o do agressor por danos morais.<\/span><\/p>\n<p><span style=\"font-weight: 400;\">Um pai enganado quanto \u00e0 paternidade de um filho, que assume como sendo seu, vindo a descobrir posteriormente uma trai\u00e7\u00e3o conjugal que concebeu a crian\u00e7a sendo tal condi\u00e7\u00e3o conhecida pela m\u00e3e, \u00e9 uma das situa\u00e7\u00f5es mais dif\u00edceis de serem resolvidas, porque h\u00e1 o direito da crian\u00e7a envolvida, em preservar o la\u00e7o afetivo com o pai que acreditava ser o seu. Ent\u00e3o, pode resultar em indeniza\u00e7\u00e3o em favor tanto do pai enganado como do pai biol\u00f3gico preterido no direito de paternidade.<\/span><\/p>\n<p><span style=\"font-weight: 400;\">Perceba-se que n\u00e3o se trata aqui dos dissabores da vida, das rela\u00e7\u00f5es que simplesmente n\u00e3o d\u00e3o certo ou dos conflitos familiares habituais \u2013 um noivado rompido, uma trai\u00e7\u00e3o, uma separa\u00e7\u00e3o por incompatibilidade de g\u00eanios ou ideias, podem ser dif\u00edceis e sofridos, mas toler\u00e1veis \u2013 a responsabilidade civil surge para coibir os excessos, as fraudes, os atos il\u00edcitos, que venham a repercutir na vida da v\u00edtima, abalando sua honra e seus direitos de personalidades.<\/span><\/p>\n<p><b>Fonte:<\/b><span style=\"font-weight: 400;\"> Patricia Salini \u2013 OAB\/SC 14.940<\/span><\/p>\n<p><a href=\"https:\/\/api.whatsapp.com\/send?phone=+5549984376950&amp;text=Ol%C3%A1\"><img loading=\"lazy\" decoding=\"async\" class=\"alignnone wp-image-4192 size-full\" src=\"https:\/\/www.gm.adv.br\/site\/wp-content\/uploads\/2022\/08\/converse-agora-com-um-advogado-especialista.webp\" alt=\"\" width=\"750\" height=\"150\" \/><\/a><br \/>\n<span style=\"font-weight: 400;\">Este conte\u00fado foi produzido pelo Escrit\u00f3rio de Advocacia Guaresi e Mill\u00e9o Advogados Associados, h\u00e1 mais de 25 anos prestando servi\u00e7os em advocacia na cidade de Conc\u00f3rdia \u2013 SC e regi\u00e3o Oeste Catarinense. Continue acompanhando nosso <\/span><a href=\"https:\/\/gm.adv.br\/blog\/\"><span style=\"font-weight: 400;\">blog<\/span><\/a><span style=\"font-weight: 400;\"> para n\u00e3o perder mais nenhum conte\u00fado exclusivo.<\/span><\/p>\n","protected":false},"excerpt":{"rendered":"<p>O dano moral \u00e9 entendido como uma les\u00e3o aos sentimentos, \u00e0 honra, ao bem estar humano, por ato que lhe cause dor ou abalo ps\u00edquico. Assim, sempre que uma pessoa praticar um ato ou deixar de praticar o que lhe \u00e9 esperado, causando danos a algu\u00e9m, poder\u00e1 ensejar uma indeniza\u00e7\u00e3o pecuni\u00e1ria que tem objetivo compensat\u00f3rio, [&#8230;]\n","protected":false},"author":1,"featured_media":3408,"comment_status":"closed","ping_status":"closed","sticky":false,"template":"","format":"standard","meta":{"footnotes":""},"categories":[70],"tags":[],"class_list":["post-3407","post","type-post","status-publish","format-standard","has-post-thumbnail","hentry","category-responsabilidade-civil"],"yoast_head":"<!-- This site is optimized with the Yoast SEO plugin v27.5 - https:\/\/yoast.com\/product\/yoast-seo-wordpress\/ -->\n<title>O Dano Moral nas Rela\u00e7\u00f5es Familiares - Guaresi &amp; Mill\u00e9o Advogados Associados | Escrit\u00f3rio de Advocacia em Conc\u00f3rdia-SC | 30 Anos de Experi\u00eancia<\/title>\n<meta name=\"description\" content=\"O dano moral \u00e9 entendido como uma les\u00e3o aos sentimentos, \u00e0 honra, ao bem estar humano, por ato que lhe cause dor ou abalo ps\u00edquico\" \/>\n<meta name=\"robots\" content=\"index, follow, max-snippet:-1, max-image-preview:large, max-video-preview:-1\" \/>\n<link rel=\"canonical\" href=\"https:\/\/www.gm.adv.br\/site\/2022\/05\/04\/o-dano-moral-nas-relacoes-familiares\/\" \/>\n<meta property=\"og:locale\" content=\"pt_BR\" \/>\n<meta property=\"og:type\" content=\"article\" \/>\n<meta property=\"og:title\" content=\"O Dano Moral nas Rela\u00e7\u00f5es Familiares - Guaresi &amp; Mill\u00e9o Advogados Associados | Escrit\u00f3rio de Advocacia em Conc\u00f3rdia-SC | 30 Anos de Experi\u00eancia\" \/>\n<meta property=\"og:description\" content=\"O dano moral \u00e9 entendido como uma les\u00e3o aos sentimentos, \u00e0 honra, ao bem estar humano, por ato que lhe cause dor ou abalo ps\u00edquico\" \/>\n<meta property=\"og:url\" content=\"https:\/\/www.gm.adv.br\/site\/2022\/05\/04\/o-dano-moral-nas-relacoes-familiares\/\" \/>\n<meta property=\"og:site_name\" content=\"Guaresi &amp; Mill\u00e9o Advogados Associados | Escrit\u00f3rio de Advocacia em Conc\u00f3rdia-SC | 30 Anos de Experi\u00eancia\" \/>\n<meta property=\"article:publisher\" content=\"https:\/\/www.facebook.com\/GuaresiMilleoAdvogados\" \/>\n<meta property=\"article:published_time\" content=\"2022-05-04T20:21:09+00:00\" \/>\n<meta property=\"og:image\" content=\"https:\/\/www.gm.adv.br\/site\/wp-content\/uploads\/2022\/05\/O-Dano-Moral-nas-Relacoes-Familiares-e1651695660491.jpg\" \/>\n\t<meta property=\"og:image:width\" content=\"400\" \/>\n\t<meta property=\"og:image:height\" content=\"284\" \/>\n\t<meta property=\"og:image:type\" content=\"image\/jpeg\" \/>\n<meta name=\"author\" content=\"admin\" \/>\n<meta name=\"twitter:card\" content=\"summary_large_image\" \/>\n<meta name=\"twitter:label1\" content=\"Escrito por\" \/>\n\t<meta name=\"twitter:data1\" content=\"admin\" \/>\n\t<meta name=\"twitter:label2\" content=\"Est. tempo de leitura\" \/>\n\t<meta name=\"twitter:data2\" content=\"3 minutos\" \/>\n<script type=\"application\/ld+json\" class=\"yoast-schema-graph\">{\"@context\":\"https:\\\/\\\/schema.org\",\"@graph\":[{\"@type\":\"Article\",\"@id\":\"https:\\\/\\\/www.gm.adv.br\\\/site\\\/2022\\\/05\\\/04\\\/o-dano-moral-nas-relacoes-familiares\\\/#article\",\"isPartOf\":{\"@id\":\"https:\\\/\\\/www.gm.adv.br\\\/site\\\/2022\\\/05\\\/04\\\/o-dano-moral-nas-relacoes-familiares\\\/\"},\"author\":{\"name\":\"admin\",\"@id\":\"https:\\\/\\\/www.gm.adv.br\\\/site\\\/#\\\/schema\\\/person\\\/7d633a2abab0d9b94253af6efc36428f\"},\"headline\":\"O Dano Moral nas Rela\u00e7\u00f5es Familiares\",\"datePublished\":\"2022-05-04T20:21:09+00:00\",\"mainEntityOfPage\":{\"@id\":\"https:\\\/\\\/www.gm.adv.br\\\/site\\\/2022\\\/05\\\/04\\\/o-dano-moral-nas-relacoes-familiares\\\/\"},\"wordCount\":518,\"publisher\":{\"@id\":\"https:\\\/\\\/www.gm.adv.br\\\/site\\\/#organization\"},\"image\":{\"@id\":\"https:\\\/\\\/www.gm.adv.br\\\/site\\\/2022\\\/05\\\/04\\\/o-dano-moral-nas-relacoes-familiares\\\/#primaryimage\"},\"thumbnailUrl\":\"https:\\\/\\\/www.gm.adv.br\\\/site\\\/wp-content\\\/uploads\\\/2022\\\/05\\\/O-Dano-Moral-nas-Relacoes-Familiares-e1651695660491.jpg\",\"articleSection\":[\"Responsabilidade Civil\"],\"inLanguage\":\"pt-BR\"},{\"@type\":\"WebPage\",\"@id\":\"https:\\\/\\\/www.gm.adv.br\\\/site\\\/2022\\\/05\\\/04\\\/o-dano-moral-nas-relacoes-familiares\\\/\",\"url\":\"https:\\\/\\\/www.gm.adv.br\\\/site\\\/2022\\\/05\\\/04\\\/o-dano-moral-nas-relacoes-familiares\\\/\",\"name\":\"O Dano Moral nas Rela\u00e7\u00f5es Familiares - Guaresi &amp; Mill\u00e9o Advogados Associados | Escrit\u00f3rio de Advocacia em Conc\u00f3rdia-SC | 30 Anos de Experi\u00eancia\",\"isPartOf\":{\"@id\":\"https:\\\/\\\/www.gm.adv.br\\\/site\\\/#website\"},\"primaryImageOfPage\":{\"@id\":\"https:\\\/\\\/www.gm.adv.br\\\/site\\\/2022\\\/05\\\/04\\\/o-dano-moral-nas-relacoes-familiares\\\/#primaryimage\"},\"image\":{\"@id\":\"https:\\\/\\\/www.gm.adv.br\\\/site\\\/2022\\\/05\\\/04\\\/o-dano-moral-nas-relacoes-familiares\\\/#primaryimage\"},\"thumbnailUrl\":\"https:\\\/\\\/www.gm.adv.br\\\/site\\\/wp-content\\\/uploads\\\/2022\\\/05\\\/O-Dano-Moral-nas-Relacoes-Familiares-e1651695660491.jpg\",\"datePublished\":\"2022-05-04T20:21:09+00:00\",\"description\":\"O dano moral \u00e9 entendido como uma les\u00e3o aos sentimentos, \u00e0 honra, ao bem estar humano, por ato que lhe cause dor ou abalo ps\u00edquico\",\"breadcrumb\":{\"@id\":\"https:\\\/\\\/www.gm.adv.br\\\/site\\\/2022\\\/05\\\/04\\\/o-dano-moral-nas-relacoes-familiares\\\/#breadcrumb\"},\"inLanguage\":\"pt-BR\",\"potentialAction\":[{\"@type\":\"ReadAction\",\"target\":[\"https:\\\/\\\/www.gm.adv.br\\\/site\\\/2022\\\/05\\\/04\\\/o-dano-moral-nas-relacoes-familiares\\\/\"]}]},{\"@type\":\"ImageObject\",\"inLanguage\":\"pt-BR\",\"@id\":\"https:\\\/\\\/www.gm.adv.br\\\/site\\\/2022\\\/05\\\/04\\\/o-dano-moral-nas-relacoes-familiares\\\/#primaryimage\",\"url\":\"https:\\\/\\\/www.gm.adv.br\\\/site\\\/wp-content\\\/uploads\\\/2022\\\/05\\\/O-Dano-Moral-nas-Relacoes-Familiares-e1651695660491.jpg\",\"contentUrl\":\"https:\\\/\\\/www.gm.adv.br\\\/site\\\/wp-content\\\/uploads\\\/2022\\\/05\\\/O-Dano-Moral-nas-Relacoes-Familiares-e1651695660491.jpg\",\"width\":400,\"height\":284},{\"@type\":\"BreadcrumbList\",\"@id\":\"https:\\\/\\\/www.gm.adv.br\\\/site\\\/2022\\\/05\\\/04\\\/o-dano-moral-nas-relacoes-familiares\\\/#breadcrumb\",\"itemListElement\":[{\"@type\":\"ListItem\",\"position\":1,\"name\":\"In\u00edcio\",\"item\":\"https:\\\/\\\/www.gm.adv.br\\\/site\\\/\"},{\"@type\":\"ListItem\",\"position\":2,\"name\":\"O Dano Moral nas Rela\u00e7\u00f5es Familiares\"}]},{\"@type\":\"WebSite\",\"@id\":\"https:\\\/\\\/www.gm.adv.br\\\/site\\\/#website\",\"url\":\"https:\\\/\\\/www.gm.adv.br\\\/site\\\/\",\"name\":\"Guaresi & Mill\u00e9o Advogados Associados | Escrit\u00f3rio de Advocacia em Conc\u00f3rdia-SC | 30 Anos de Experi\u00eanci\",\"description\":\"Advocacia Direito Banc\u00e1rio, Tribut\u00e1rio, Trabalhista, C\u00edvil, P\u00fablica, Municipal, Advogados Associados Guaresi e Mill\u00e9o  |  Conc\u00f3rdia SC\",\"publisher\":{\"@id\":\"https:\\\/\\\/www.gm.adv.br\\\/site\\\/#organization\"},\"alternateName\":\"Guaresi e Mill\u00e9o Escrit\u00f3rio de Advocacia e Consultoria em Conc\u00f3rdia-SC\",\"potentialAction\":[{\"@type\":\"SearchAction\",\"target\":{\"@type\":\"EntryPoint\",\"urlTemplate\":\"https:\\\/\\\/www.gm.adv.br\\\/site\\\/?s={search_term_string}\"},\"query-input\":{\"@type\":\"PropertyValueSpecification\",\"valueRequired\":true,\"valueName\":\"search_term_string\"}}],\"inLanguage\":\"pt-BR\"},{\"@type\":\"Organization\",\"@id\":\"https:\\\/\\\/www.gm.adv.br\\\/site\\\/#organization\",\"name\":\"Guaresi & Milleo Advogados Associados em Conc\u00f3rdia SC\",\"alternateName\":\"Guaresi e Milleo Advocacia e Consultoria\",\"url\":\"https:\\\/\\\/www.gm.adv.br\\\/site\\\/\",\"logo\":{\"@type\":\"ImageObject\",\"inLanguage\":\"pt-BR\",\"@id\":\"https:\\\/\\\/www.gm.adv.br\\\/site\\\/#\\\/schema\\\/logo\\\/image\\\/\",\"url\":\"https:\\\/\\\/www.gm.adv.br\\\/site\\\/wp-content\\\/uploads\\\/2025\\\/07\\\/cropped-icone-512.webp\",\"contentUrl\":\"https:\\\/\\\/www.gm.adv.br\\\/site\\\/wp-content\\\/uploads\\\/2025\\\/07\\\/cropped-icone-512.webp\",\"width\":512,\"height\":512,\"caption\":\"Guaresi & Milleo Advogados Associados em Conc\u00f3rdia SC\"},\"image\":{\"@id\":\"https:\\\/\\\/www.gm.adv.br\\\/site\\\/#\\\/schema\\\/logo\\\/image\\\/\"},\"sameAs\":[\"https:\\\/\\\/www.facebook.com\\\/GuaresiMilleoAdvogados\",\"https:\\\/\\\/www.instagram.com\\\/guaresiemilleo\\\/\",\"https:\\\/\\\/br.linkedin.com\\\/company\\\/guaresimilleo\"]},{\"@type\":\"Person\",\"@id\":\"https:\\\/\\\/www.gm.adv.br\\\/site\\\/#\\\/schema\\\/person\\\/7d633a2abab0d9b94253af6efc36428f\",\"name\":\"admin\",\"image\":{\"@type\":\"ImageObject\",\"inLanguage\":\"pt-BR\",\"@id\":\"https:\\\/\\\/secure.gravatar.com\\\/avatar\\\/c8bb173d280f7d1e50b67bb649de269247430499695ba3ee451b6289436d1d39?s=96&d=mm&r=g\",\"url\":\"https:\\\/\\\/secure.gravatar.com\\\/avatar\\\/c8bb173d280f7d1e50b67bb649de269247430499695ba3ee451b6289436d1d39?s=96&d=mm&r=g\",\"contentUrl\":\"https:\\\/\\\/secure.gravatar.com\\\/avatar\\\/c8bb173d280f7d1e50b67bb649de269247430499695ba3ee451b6289436d1d39?s=96&d=mm&r=g\",\"caption\":\"admin\"},\"sameAs\":[\"https:\\\/\\\/www.gm.adv.br\\\/site\"],\"url\":\"https:\\\/\\\/www.gm.adv.br\\\/site\\\/author\\\/admin\\\/\"}]}<\/script>\n<!-- \/ Yoast SEO plugin. -->","yoast_head_json":{"title":"O Dano Moral nas Rela\u00e7\u00f5es Familiares - Guaresi &amp; Mill\u00e9o Advogados Associados | Escrit\u00f3rio de Advocacia em Conc\u00f3rdia-SC | 30 Anos de Experi\u00eancia","description":"O dano moral \u00e9 entendido como uma les\u00e3o aos sentimentos, \u00e0 honra, ao bem estar humano, por ato que lhe cause dor ou abalo ps\u00edquico","robots":{"index":"index","follow":"follow","max-snippet":"max-snippet:-1","max-image-preview":"max-image-preview:large","max-video-preview":"max-video-preview:-1"},"canonical":"https:\/\/www.gm.adv.br\/site\/2022\/05\/04\/o-dano-moral-nas-relacoes-familiares\/","og_locale":"pt_BR","og_type":"article","og_title":"O Dano Moral nas Rela\u00e7\u00f5es Familiares - Guaresi &amp; Mill\u00e9o Advogados Associados | Escrit\u00f3rio de Advocacia em Conc\u00f3rdia-SC | 30 Anos de Experi\u00eancia","og_description":"O dano moral \u00e9 entendido como uma les\u00e3o aos sentimentos, \u00e0 honra, ao bem estar humano, por ato que lhe cause dor ou abalo ps\u00edquico","og_url":"https:\/\/www.gm.adv.br\/site\/2022\/05\/04\/o-dano-moral-nas-relacoes-familiares\/","og_site_name":"Guaresi &amp; Mill\u00e9o Advogados Associados | Escrit\u00f3rio de Advocacia em Conc\u00f3rdia-SC | 30 Anos de Experi\u00eancia","article_publisher":"https:\/\/www.facebook.com\/GuaresiMilleoAdvogados","article_published_time":"2022-05-04T20:21:09+00:00","og_image":[{"width":400,"height":284,"url":"https:\/\/www.gm.adv.br\/site\/wp-content\/uploads\/2022\/05\/O-Dano-Moral-nas-Relacoes-Familiares-e1651695660491.jpg","type":"image\/jpeg"}],"author":"admin","twitter_card":"summary_large_image","twitter_misc":{"Escrito por":"admin","Est. tempo de leitura":"3 minutos"},"schema":{"@context":"https:\/\/schema.org","@graph":[{"@type":"Article","@id":"https:\/\/www.gm.adv.br\/site\/2022\/05\/04\/o-dano-moral-nas-relacoes-familiares\/#article","isPartOf":{"@id":"https:\/\/www.gm.adv.br\/site\/2022\/05\/04\/o-dano-moral-nas-relacoes-familiares\/"},"author":{"name":"admin","@id":"https:\/\/www.gm.adv.br\/site\/#\/schema\/person\/7d633a2abab0d9b94253af6efc36428f"},"headline":"O Dano Moral nas Rela\u00e7\u00f5es Familiares","datePublished":"2022-05-04T20:21:09+00:00","mainEntityOfPage":{"@id":"https:\/\/www.gm.adv.br\/site\/2022\/05\/04\/o-dano-moral-nas-relacoes-familiares\/"},"wordCount":518,"publisher":{"@id":"https:\/\/www.gm.adv.br\/site\/#organization"},"image":{"@id":"https:\/\/www.gm.adv.br\/site\/2022\/05\/04\/o-dano-moral-nas-relacoes-familiares\/#primaryimage"},"thumbnailUrl":"https:\/\/www.gm.adv.br\/site\/wp-content\/uploads\/2022\/05\/O-Dano-Moral-nas-Relacoes-Familiares-e1651695660491.jpg","articleSection":["Responsabilidade Civil"],"inLanguage":"pt-BR"},{"@type":"WebPage","@id":"https:\/\/www.gm.adv.br\/site\/2022\/05\/04\/o-dano-moral-nas-relacoes-familiares\/","url":"https:\/\/www.gm.adv.br\/site\/2022\/05\/04\/o-dano-moral-nas-relacoes-familiares\/","name":"O Dano Moral nas Rela\u00e7\u00f5es Familiares - Guaresi &amp; Mill\u00e9o Advogados Associados | Escrit\u00f3rio de Advocacia em Conc\u00f3rdia-SC | 30 Anos de Experi\u00eancia","isPartOf":{"@id":"https:\/\/www.gm.adv.br\/site\/#website"},"primaryImageOfPage":{"@id":"https:\/\/www.gm.adv.br\/site\/2022\/05\/04\/o-dano-moral-nas-relacoes-familiares\/#primaryimage"},"image":{"@id":"https:\/\/www.gm.adv.br\/site\/2022\/05\/04\/o-dano-moral-nas-relacoes-familiares\/#primaryimage"},"thumbnailUrl":"https:\/\/www.gm.adv.br\/site\/wp-content\/uploads\/2022\/05\/O-Dano-Moral-nas-Relacoes-Familiares-e1651695660491.jpg","datePublished":"2022-05-04T20:21:09+00:00","description":"O dano moral \u00e9 entendido como uma les\u00e3o aos sentimentos, \u00e0 honra, ao bem estar humano, por ato que lhe cause dor ou abalo ps\u00edquico","breadcrumb":{"@id":"https:\/\/www.gm.adv.br\/site\/2022\/05\/04\/o-dano-moral-nas-relacoes-familiares\/#breadcrumb"},"inLanguage":"pt-BR","potentialAction":[{"@type":"ReadAction","target":["https:\/\/www.gm.adv.br\/site\/2022\/05\/04\/o-dano-moral-nas-relacoes-familiares\/"]}]},{"@type":"ImageObject","inLanguage":"pt-BR","@id":"https:\/\/www.gm.adv.br\/site\/2022\/05\/04\/o-dano-moral-nas-relacoes-familiares\/#primaryimage","url":"https:\/\/www.gm.adv.br\/site\/wp-content\/uploads\/2022\/05\/O-Dano-Moral-nas-Relacoes-Familiares-e1651695660491.jpg","contentUrl":"https:\/\/www.gm.adv.br\/site\/wp-content\/uploads\/2022\/05\/O-Dano-Moral-nas-Relacoes-Familiares-e1651695660491.jpg","width":400,"height":284},{"@type":"BreadcrumbList","@id":"https:\/\/www.gm.adv.br\/site\/2022\/05\/04\/o-dano-moral-nas-relacoes-familiares\/#breadcrumb","itemListElement":[{"@type":"ListItem","position":1,"name":"In\u00edcio","item":"https:\/\/www.gm.adv.br\/site\/"},{"@type":"ListItem","position":2,"name":"O Dano Moral nas Rela\u00e7\u00f5es Familiares"}]},{"@type":"WebSite","@id":"https:\/\/www.gm.adv.br\/site\/#website","url":"https:\/\/www.gm.adv.br\/site\/","name":"Guaresi & Mill\u00e9o Advogados Associados | Escrit\u00f3rio de Advocacia em Conc\u00f3rdia-SC | 30 Anos de Experi\u00eanci","description":"Advocacia Direito Banc\u00e1rio, Tribut\u00e1rio, Trabalhista, C\u00edvil, P\u00fablica, Municipal, Advogados Associados Guaresi e Mill\u00e9o  |  Conc\u00f3rdia SC","publisher":{"@id":"https:\/\/www.gm.adv.br\/site\/#organization"},"alternateName":"Guaresi e Mill\u00e9o Escrit\u00f3rio de Advocacia e Consultoria em Conc\u00f3rdia-SC","potentialAction":[{"@type":"SearchAction","target":{"@type":"EntryPoint","urlTemplate":"https:\/\/www.gm.adv.br\/site\/?s={search_term_string}"},"query-input":{"@type":"PropertyValueSpecification","valueRequired":true,"valueName":"search_term_string"}}],"inLanguage":"pt-BR"},{"@type":"Organization","@id":"https:\/\/www.gm.adv.br\/site\/#organization","name":"Guaresi & Milleo Advogados Associados em Conc\u00f3rdia SC","alternateName":"Guaresi e Milleo Advocacia e Consultoria","url":"https:\/\/www.gm.adv.br\/site\/","logo":{"@type":"ImageObject","inLanguage":"pt-BR","@id":"https:\/\/www.gm.adv.br\/site\/#\/schema\/logo\/image\/","url":"https:\/\/www.gm.adv.br\/site\/wp-content\/uploads\/2025\/07\/cropped-icone-512.webp","contentUrl":"https:\/\/www.gm.adv.br\/site\/wp-content\/uploads\/2025\/07\/cropped-icone-512.webp","width":512,"height":512,"caption":"Guaresi & Milleo Advogados Associados em Conc\u00f3rdia SC"},"image":{"@id":"https:\/\/www.gm.adv.br\/site\/#\/schema\/logo\/image\/"},"sameAs":["https:\/\/www.facebook.com\/GuaresiMilleoAdvogados","https:\/\/www.instagram.com\/guaresiemilleo\/","https:\/\/br.linkedin.com\/company\/guaresimilleo"]},{"@type":"Person","@id":"https:\/\/www.gm.adv.br\/site\/#\/schema\/person\/7d633a2abab0d9b94253af6efc36428f","name":"admin","image":{"@type":"ImageObject","inLanguage":"pt-BR","@id":"https:\/\/secure.gravatar.com\/avatar\/c8bb173d280f7d1e50b67bb649de269247430499695ba3ee451b6289436d1d39?s=96&d=mm&r=g","url":"https:\/\/secure.gravatar.com\/avatar\/c8bb173d280f7d1e50b67bb649de269247430499695ba3ee451b6289436d1d39?s=96&d=mm&r=g","contentUrl":"https:\/\/secure.gravatar.com\/avatar\/c8bb173d280f7d1e50b67bb649de269247430499695ba3ee451b6289436d1d39?s=96&d=mm&r=g","caption":"admin"},"sameAs":["https:\/\/www.gm.adv.br\/site"],"url":"https:\/\/www.gm.adv.br\/site\/author\/admin\/"}]}},"_links":{"self":[{"href":"https:\/\/www.gm.adv.br\/site\/wp-json\/wp\/v2\/posts\/3407","targetHints":{"allow":["GET"]}}],"collection":[{"href":"https:\/\/www.gm.adv.br\/site\/wp-json\/wp\/v2\/posts"}],"about":[{"href":"https:\/\/www.gm.adv.br\/site\/wp-json\/wp\/v2\/types\/post"}],"author":[{"embeddable":true,"href":"https:\/\/www.gm.adv.br\/site\/wp-json\/wp\/v2\/users\/1"}],"replies":[{"embeddable":true,"href":"https:\/\/www.gm.adv.br\/site\/wp-json\/wp\/v2\/comments?post=3407"}],"version-history":[{"count":0,"href":"https:\/\/www.gm.adv.br\/site\/wp-json\/wp\/v2\/posts\/3407\/revisions"}],"wp:featuredmedia":[{"embeddable":true,"href":"https:\/\/www.gm.adv.br\/site\/wp-json\/wp\/v2\/media\/3408"}],"wp:attachment":[{"href":"https:\/\/www.gm.adv.br\/site\/wp-json\/wp\/v2\/media?parent=3407"}],"wp:term":[{"taxonomy":"category","embeddable":true,"href":"https:\/\/www.gm.adv.br\/site\/wp-json\/wp\/v2\/categories?post=3407"},{"taxonomy":"post_tag","embeddable":true,"href":"https:\/\/www.gm.adv.br\/site\/wp-json\/wp\/v2\/tags?post=3407"}],"curies":[{"name":"wp","href":"https:\/\/api.w.org\/{rel}","templated":true}]}}