{"id":3404,"date":"2022-05-04T17:19:02","date_gmt":"2022-05-04T20:19:02","guid":{"rendered":"https:\/\/gm.adv.br\/?p=3404"},"modified":"2022-05-04T17:19:02","modified_gmt":"2022-05-04T20:19:02","slug":"o-trabalho-intermitente","status":"publish","type":"post","link":"https:\/\/www.gm.adv.br\/site\/2022\/05\/04\/o-trabalho-intermitente\/","title":{"rendered":"O Trabalho Intermitente"},"content":{"rendered":"<p><span style=\"font-weight: 400;\">Com a vig\u00eancia da Lei n. 13.467\/2017, popularmente conhecida como Reforma Trabalhista, muitas mudan\u00e7as come\u00e7aram a ser implantadas no ordenamento jur\u00eddico e nas rela\u00e7\u00f5es de emprego, alterando e inovando pr\u00e1ticas trabalhistas. Sem sombra de d\u00favidas, uma das inova\u00e7\u00f5es mais comentadas quando da aprova\u00e7\u00e3o da referida lei, foi a formaliza\u00e7\u00e3o da modalidade de contrato de trabalho intermitente.\u00a0<\/span><\/p>\n<p><span style=\"font-weight: 400;\">A grosso modo, essa modalidade de trabalho j\u00e1 era muito praticada no cotidiano brasileiro, popularmente conhecida como \u201cbicos\u201d, ou seja, sem a devida regulamenta\u00e7\u00e3o em lei e, consequentemente, sem reconhecimento de v\u00ednculo trabalhista algum.<\/span><\/p>\n<p><span style=\"font-weight: 400;\">Por ser algo inovador, em uma primeira impress\u00e3o, o contrato de trabalho intermitente pode trazer algumas d\u00favidas e inseguran\u00e7as quanto sua real efetividade, tendo em vista a utiliza\u00e7\u00e3o de forma clandestina at\u00e9 o momento (pois n\u00e3o havia registro em CTPS), bem como diante da distin\u00e7\u00e3o do contrato de trabalho normal.<\/span><\/p>\n<p><span style=\"font-weight: 400;\">Referida modalidade de contrata\u00e7\u00e3o est\u00e1 regulamentada no art. 433, \u00a7 3\u00ba, da CLT, onde \u00e9 previsto como \u201cintermitente o contrato de trabalho no qual a presta\u00e7\u00e3o de servi\u00e7os, com subordina\u00e7\u00e3o, n\u00e3o \u00e9 cont\u00ednua, ocorrendo com altern\u00e2ncia de per\u00edodos de presta\u00e7\u00e3o de servi\u00e7os e de inatividade, determinados em horas, dias ou meses, independentemente do tipo de atividade do empregado e do empregador\u201d.<\/span><\/p>\n<p><span style=\"font-weight: 400;\">J\u00e1 o art. 452-A da CLT disciplina que o contrato deve ser celebrado por escrito e deve conter especificamente o valor da hora de trabalho, n\u00e3o podendo ser inferior a hora relativa ao sal\u00e1rio m\u00ednimo sal\u00e1rio m\u00ednimo vigente ou \u00e0quela paga aos demais empregados do estabelecimento que exer\u00e7am a mesma fun\u00e7\u00e3o, sendo eles intermitentes ou n\u00e3o.<\/span><\/p>\n<p><span style=\"font-weight: 400;\">Os demais par\u00e1grafos do mencionado artigo celetista trazem sistematicamente os devidos tr\u00e2mites para o regular exerc\u00edcio do contrato intermitente, os quais passa-se a explicar:<\/span><\/p>\n<ol>\n<li><span style=\"font-weight: 400;\">a) Quando for necess\u00e1ria a contrata\u00e7\u00e3o do trabalhador intermitente, o empregador deve convocar atrav\u00e9s de qualquer meio de comunica\u00e7\u00e3o eficaz a presta\u00e7\u00e3o de servi\u00e7o, informando a jornada e demais ajustes, com, pelo menos, tr\u00eas dias corridos de anteced\u00eancia ao in\u00edcio da atividade.<\/span><\/li>\n<li><span style=\"font-weight: 400;\">b) Recebida a convoca\u00e7\u00e3o, o empregado tem o prazo de um dia \u00fatil para responder o chamado, sendo considerado o sil\u00eancio como recusa. Frisa-se que referida recusa n\u00e3o descaracteriza e n\u00e3o \u00e9 considerada afronta \u00e0 subordina\u00e7\u00e3o (apenas para fins do contrato de trabalho intermitente).<\/span><\/li>\n<li><span style=\"font-weight: 400;\">c) Aceita a oferta de trabalho, a parte que descumprir, sem justo motivo, ter\u00e1 que pagar \u00e0 outra, no prazo de 30 (trinta) dias, multa de 50% (cinquenta por cento) do valor da remunera\u00e7\u00e3o que seria devida.<\/span><\/li>\n<li><span style=\"font-weight: 400;\">d) O per\u00edodo de inatividade, ou seja, aquele onde n\u00e3o h\u00e1 a presta\u00e7\u00e3o do servi\u00e7o intermitente, n\u00e3o \u00e9 considerado como tempo \u00e0 disposi\u00e7\u00e3o do trabalhador, podendo o mesmo prestar servi\u00e7os a outros contratantes.<\/span><\/li>\n<li><span style=\"font-weight: 400;\">e) O valor a ser pago ao final de cada presta\u00e7\u00e3o de servi\u00e7o intermitente, \u00e9 quitado de forma imediata, englobando I \u2013 Remunera\u00e7\u00e3o; II \u2013 F\u00e9rias proporcionais com acr\u00e9scimo de um ter\u00e7o; III \u2013 D\u00e9cimo terceiro sal\u00e1rio proporcional; IV \u2013 Repouso semanal remunerado; e V \u2013\u00a0<\/span><\/li>\n<\/ol>\n<p><span style=\"font-weight: 400;\">Adicionais legais.<\/span><\/p>\n<ol>\n<li><span style=\"font-weight: 400;\">f) O recibo de pagamento dever\u00e1 conter a discrimina\u00e7\u00e3o dos valores pagos relativos a cada uma das parcelas referidas pelo \u00a7 6\u00ba do art. 452 (acima descritos).<\/span><\/li>\n<li><span style=\"font-weight: 400;\">g) Finalmente, a cada doze meses, o empregado adquire direito a usufruir, no ano seguinte, 30 dias de f\u00e9rias, per\u00edodo esse que n\u00e3o poder\u00e1 ser convocado para a presta\u00e7\u00e3o do servi\u00e7o intermitente.<\/span><\/li>\n<\/ol>\n<p><span style=\"font-weight: 400;\">Ainda, h\u00e1 regulamenta\u00e7\u00f5es de referida modalidade de contrato de trabalho na Portaria 349\/2018 do Minist\u00e9rio do Trabalho.<\/span><\/p>\n<p><span style=\"font-weight: 400;\">Sobre o atual cen\u00e1rio do trabalho intermitente \u00e9 importante destacar alguns dados:<\/span><\/p>\n<ol>\n<li><span style=\"font-weight: 400;\">Desde a vig\u00eancia da Reforma Trabalhista, os setores que mais contrataram o regime intermitente foram o de servi\u00e7os (48,4%) e o de com\u00e9rcio (28,1%).<\/span><\/li>\n<li><span style=\"font-weight: 400;\">A ind\u00fastria de transforma\u00e7\u00e3o, desde 2017 foi o setor que mais demitiu do que contratou desde a Reforma Trabalhista, sendo que ao menos 6.900 trabalhadores intermitentes j\u00e1 foram contratados desde sua implementa\u00e7\u00e3o.<\/span><\/li>\n<li><span style=\"font-weight: 400;\">2 a cada 10 novas vagas de trabalho no Brasil j\u00e1 oferecem trabalho por dia ou horas.<\/span><\/li>\n<\/ol>\n<p><span style=\"font-weight: 400;\">O trabalho intermitente j\u00e1 \u00e9 realidade dentro das rela\u00e7\u00f5es trabalhistas atuais, sendo que a mudan\u00e7a que em primeiro momento foi considerada duvidosa, mostra-se eficaz, tendo em vista o seu crescimento significativo e sua exist\u00eancia at\u00e9 ent\u00e3o informal no mercado de trabalho, anteriormente \u00e0 sua regulamenta\u00e7\u00e3o.<\/span><\/p>\n<p><span style=\"font-weight: 400;\">O legislador, ao cri\u00e1-lo, quis justamente regulamentar o trabalho realizado de forma \u201cfria\u201d, ou seja, aquele sem a devida anota\u00e7\u00e3o na Carteira de Trabalho, situa\u00e7\u00e3o que trazia preju\u00edzos para todos os envolvidos.<\/span><\/p>\n<p><span style=\"font-weight: 400;\">Mudan\u00e7as sempre ir\u00e3o causar grandes incertezas, ainda mais quando aplicadas instantaneamente, como \u00e9 no caso da vig\u00eancia de uma lei, mas se bem exercidas e utilizadas da forma correta, podem contribuir para o melhor desenvolvimento das rela\u00e7\u00f5es empregat\u00edcias e desenvolvimento econ\u00f4mico, sem preju\u00edzo dos direitos dos trabalhadores.<\/span><\/p>\n<p><b>Fonte:<\/b><span style=\"font-weight: 400;\"> Vin\u00edcius Eduardo Ribeiro Ramos &#8211; OAB\/SC 47.193<\/span><\/p>\n<p><a href=\"https:\/\/api.whatsapp.com\/send?phone=+5549984376950&amp;text=Ol%C3%A1\"><img loading=\"lazy\" decoding=\"async\" class=\"alignnone wp-image-4192 size-full\" src=\"https:\/\/www.gm.adv.br\/site\/wp-content\/uploads\/2022\/08\/converse-agora-com-um-advogado-especialista.webp\" alt=\"\" width=\"750\" height=\"150\" \/><\/a><br \/>\n<span style=\"font-weight: 400;\">Este conte\u00fado foi produzido pelo Escrit\u00f3rio de Advocacia Guaresi e Mill\u00e9o Advogados Associados, h\u00e1 mais de 25 anos prestando servi\u00e7os em advocacia na cidade de Conc\u00f3rdia \u2013 SC e regi\u00e3o Oeste Catarinense. Continue acompanhando nosso <\/span><a href=\"https:\/\/gm.adv.br\/blog\/\"><span style=\"font-weight: 400;\">blog<\/span><\/a><span style=\"font-weight: 400;\"> para n\u00e3o perder mais nenhum conte\u00fado exclusivo.<\/span><\/p>\n","protected":false},"excerpt":{"rendered":"<p>Com a vig\u00eancia da Lei n. 13.467\/2017, popularmente conhecida como Reforma Trabalhista, muitas mudan\u00e7as come\u00e7aram a ser implantadas no ordenamento jur\u00eddico e nas rela\u00e7\u00f5es de emprego, alterando e inovando pr\u00e1ticas trabalhistas. Sem sombra de d\u00favidas, uma das inova\u00e7\u00f5es mais comentadas quando da aprova\u00e7\u00e3o da referida lei, foi a formaliza\u00e7\u00e3o da modalidade de contrato de trabalho [&#8230;]\n","protected":false},"author":1,"featured_media":3405,"comment_status":"closed","ping_status":"closed","sticky":false,"template":"","format":"standard","meta":{"footnotes":""},"categories":[68],"tags":[],"class_list":["post-3404","post","type-post","status-publish","format-standard","has-post-thumbnail","hentry","category-direito-do-trabalho"],"yoast_head":"<!-- This site is optimized with the Yoast SEO plugin v27.5 - https:\/\/yoast.com\/product\/yoast-seo-wordpress\/ -->\n<title>O Trabalho Intermitente - Guaresi &amp; Mill\u00e9o Advogados Associados | Escrit\u00f3rio de Advocacia em Conc\u00f3rdia-SC | 30 Anos de Experi\u00eancia<\/title>\n<meta name=\"description\" content=\"Com a vig\u00eancia da Lei n. 13.467\/2017, popularmente conhecida como Reforma Trabalhista, muitas mudan\u00e7as come\u00e7aram a ser implantadas no ordenamento jur\u00eddico e nas rela\u00e7\u00f5es de emprego, alterando e inovando pr\u00e1ticas trabalhistas\" \/>\n<meta name=\"robots\" content=\"index, follow, max-snippet:-1, max-image-preview:large, max-video-preview:-1\" \/>\n<link rel=\"canonical\" href=\"https:\/\/www.gm.adv.br\/site\/2022\/05\/04\/o-trabalho-intermitente\/\" \/>\n<meta property=\"og:locale\" content=\"pt_BR\" \/>\n<meta property=\"og:type\" content=\"article\" \/>\n<meta property=\"og:title\" content=\"O Trabalho Intermitente - Guaresi &amp; Mill\u00e9o Advogados Associados | Escrit\u00f3rio de Advocacia em Conc\u00f3rdia-SC | 30 Anos de Experi\u00eancia\" \/>\n<meta property=\"og:description\" content=\"Com a vig\u00eancia da Lei n. 13.467\/2017, popularmente conhecida como Reforma Trabalhista, muitas mudan\u00e7as come\u00e7aram a ser implantadas no ordenamento jur\u00eddico e nas rela\u00e7\u00f5es de emprego, alterando e inovando pr\u00e1ticas trabalhistas\" \/>\n<meta property=\"og:url\" content=\"https:\/\/www.gm.adv.br\/site\/2022\/05\/04\/o-trabalho-intermitente\/\" \/>\n<meta property=\"og:site_name\" content=\"Guaresi &amp; Mill\u00e9o Advogados Associados | Escrit\u00f3rio de Advocacia em Conc\u00f3rdia-SC | 30 Anos de Experi\u00eancia\" \/>\n<meta property=\"article:publisher\" content=\"https:\/\/www.facebook.com\/GuaresiMilleoAdvogados\" \/>\n<meta property=\"article:published_time\" content=\"2022-05-04T20:19:02+00:00\" \/>\n<meta property=\"og:image\" content=\"https:\/\/www.gm.adv.br\/site\/wp-content\/uploads\/2022\/05\/O-Trabalho-Intermitente-e1651695533562.jpg\" \/>\n\t<meta property=\"og:image:width\" content=\"399\" \/>\n\t<meta property=\"og:image:height\" content=\"308\" \/>\n\t<meta property=\"og:image:type\" content=\"image\/jpeg\" \/>\n<meta name=\"author\" content=\"admin\" \/>\n<meta name=\"twitter:card\" content=\"summary_large_image\" \/>\n<meta name=\"twitter:label1\" content=\"Escrito por\" \/>\n\t<meta name=\"twitter:data1\" content=\"admin\" \/>\n\t<meta name=\"twitter:label2\" content=\"Est. tempo de leitura\" \/>\n\t<meta name=\"twitter:data2\" content=\"5 minutos\" \/>\n<script type=\"application\/ld+json\" class=\"yoast-schema-graph\">{\"@context\":\"https:\\\/\\\/schema.org\",\"@graph\":[{\"@type\":\"Article\",\"@id\":\"https:\\\/\\\/www.gm.adv.br\\\/site\\\/2022\\\/05\\\/04\\\/o-trabalho-intermitente\\\/#article\",\"isPartOf\":{\"@id\":\"https:\\\/\\\/www.gm.adv.br\\\/site\\\/2022\\\/05\\\/04\\\/o-trabalho-intermitente\\\/\"},\"author\":{\"name\":\"admin\",\"@id\":\"https:\\\/\\\/www.gm.adv.br\\\/site\\\/#\\\/schema\\\/person\\\/7d633a2abab0d9b94253af6efc36428f\"},\"headline\":\"O Trabalho Intermitente\",\"datePublished\":\"2022-05-04T20:19:02+00:00\",\"mainEntityOfPage\":{\"@id\":\"https:\\\/\\\/www.gm.adv.br\\\/site\\\/2022\\\/05\\\/04\\\/o-trabalho-intermitente\\\/\"},\"wordCount\":897,\"publisher\":{\"@id\":\"https:\\\/\\\/www.gm.adv.br\\\/site\\\/#organization\"},\"image\":{\"@id\":\"https:\\\/\\\/www.gm.adv.br\\\/site\\\/2022\\\/05\\\/04\\\/o-trabalho-intermitente\\\/#primaryimage\"},\"thumbnailUrl\":\"https:\\\/\\\/www.gm.adv.br\\\/site\\\/wp-content\\\/uploads\\\/2022\\\/05\\\/O-Trabalho-Intermitente-e1651695533562.jpg\",\"articleSection\":[\"Direito do Trabalho\"],\"inLanguage\":\"pt-BR\"},{\"@type\":\"WebPage\",\"@id\":\"https:\\\/\\\/www.gm.adv.br\\\/site\\\/2022\\\/05\\\/04\\\/o-trabalho-intermitente\\\/\",\"url\":\"https:\\\/\\\/www.gm.adv.br\\\/site\\\/2022\\\/05\\\/04\\\/o-trabalho-intermitente\\\/\",\"name\":\"O Trabalho Intermitente - Guaresi &amp; Mill\u00e9o Advogados Associados | Escrit\u00f3rio de Advocacia em Conc\u00f3rdia-SC | 30 Anos de Experi\u00eancia\",\"isPartOf\":{\"@id\":\"https:\\\/\\\/www.gm.adv.br\\\/site\\\/#website\"},\"primaryImageOfPage\":{\"@id\":\"https:\\\/\\\/www.gm.adv.br\\\/site\\\/2022\\\/05\\\/04\\\/o-trabalho-intermitente\\\/#primaryimage\"},\"image\":{\"@id\":\"https:\\\/\\\/www.gm.adv.br\\\/site\\\/2022\\\/05\\\/04\\\/o-trabalho-intermitente\\\/#primaryimage\"},\"thumbnailUrl\":\"https:\\\/\\\/www.gm.adv.br\\\/site\\\/wp-content\\\/uploads\\\/2022\\\/05\\\/O-Trabalho-Intermitente-e1651695533562.jpg\",\"datePublished\":\"2022-05-04T20:19:02+00:00\",\"description\":\"Com a vig\u00eancia da Lei n. 13.467\\\/2017, popularmente conhecida como Reforma Trabalhista, muitas mudan\u00e7as come\u00e7aram a ser implantadas no ordenamento jur\u00eddico e nas rela\u00e7\u00f5es de emprego, alterando e inovando pr\u00e1ticas trabalhistas\",\"breadcrumb\":{\"@id\":\"https:\\\/\\\/www.gm.adv.br\\\/site\\\/2022\\\/05\\\/04\\\/o-trabalho-intermitente\\\/#breadcrumb\"},\"inLanguage\":\"pt-BR\",\"potentialAction\":[{\"@type\":\"ReadAction\",\"target\":[\"https:\\\/\\\/www.gm.adv.br\\\/site\\\/2022\\\/05\\\/04\\\/o-trabalho-intermitente\\\/\"]}]},{\"@type\":\"ImageObject\",\"inLanguage\":\"pt-BR\",\"@id\":\"https:\\\/\\\/www.gm.adv.br\\\/site\\\/2022\\\/05\\\/04\\\/o-trabalho-intermitente\\\/#primaryimage\",\"url\":\"https:\\\/\\\/www.gm.adv.br\\\/site\\\/wp-content\\\/uploads\\\/2022\\\/05\\\/O-Trabalho-Intermitente-e1651695533562.jpg\",\"contentUrl\":\"https:\\\/\\\/www.gm.adv.br\\\/site\\\/wp-content\\\/uploads\\\/2022\\\/05\\\/O-Trabalho-Intermitente-e1651695533562.jpg\",\"width\":399,\"height\":308},{\"@type\":\"BreadcrumbList\",\"@id\":\"https:\\\/\\\/www.gm.adv.br\\\/site\\\/2022\\\/05\\\/04\\\/o-trabalho-intermitente\\\/#breadcrumb\",\"itemListElement\":[{\"@type\":\"ListItem\",\"position\":1,\"name\":\"In\u00edcio\",\"item\":\"https:\\\/\\\/www.gm.adv.br\\\/site\\\/\"},{\"@type\":\"ListItem\",\"position\":2,\"name\":\"O Trabalho Intermitente\"}]},{\"@type\":\"WebSite\",\"@id\":\"https:\\\/\\\/www.gm.adv.br\\\/site\\\/#website\",\"url\":\"https:\\\/\\\/www.gm.adv.br\\\/site\\\/\",\"name\":\"Guaresi & Mill\u00e9o Advogados Associados | Escrit\u00f3rio de Advocacia em Conc\u00f3rdia-SC | 30 Anos de Experi\u00eanci\",\"description\":\"Advocacia Direito Banc\u00e1rio, Tribut\u00e1rio, Trabalhista, C\u00edvil, P\u00fablica, Municipal, Advogados Associados Guaresi e Mill\u00e9o  |  Conc\u00f3rdia SC\",\"publisher\":{\"@id\":\"https:\\\/\\\/www.gm.adv.br\\\/site\\\/#organization\"},\"alternateName\":\"Guaresi e Mill\u00e9o Escrit\u00f3rio de Advocacia e Consultoria em Conc\u00f3rdia-SC\",\"potentialAction\":[{\"@type\":\"SearchAction\",\"target\":{\"@type\":\"EntryPoint\",\"urlTemplate\":\"https:\\\/\\\/www.gm.adv.br\\\/site\\\/?s={search_term_string}\"},\"query-input\":{\"@type\":\"PropertyValueSpecification\",\"valueRequired\":true,\"valueName\":\"search_term_string\"}}],\"inLanguage\":\"pt-BR\"},{\"@type\":\"Organization\",\"@id\":\"https:\\\/\\\/www.gm.adv.br\\\/site\\\/#organization\",\"name\":\"Guaresi & Milleo Advogados Associados em Conc\u00f3rdia SC\",\"alternateName\":\"Guaresi e Milleo Advocacia e Consultoria\",\"url\":\"https:\\\/\\\/www.gm.adv.br\\\/site\\\/\",\"logo\":{\"@type\":\"ImageObject\",\"inLanguage\":\"pt-BR\",\"@id\":\"https:\\\/\\\/www.gm.adv.br\\\/site\\\/#\\\/schema\\\/logo\\\/image\\\/\",\"url\":\"https:\\\/\\\/www.gm.adv.br\\\/site\\\/wp-content\\\/uploads\\\/2025\\\/07\\\/cropped-icone-512.webp\",\"contentUrl\":\"https:\\\/\\\/www.gm.adv.br\\\/site\\\/wp-content\\\/uploads\\\/2025\\\/07\\\/cropped-icone-512.webp\",\"width\":512,\"height\":512,\"caption\":\"Guaresi & Milleo Advogados Associados em Conc\u00f3rdia SC\"},\"image\":{\"@id\":\"https:\\\/\\\/www.gm.adv.br\\\/site\\\/#\\\/schema\\\/logo\\\/image\\\/\"},\"sameAs\":[\"https:\\\/\\\/www.facebook.com\\\/GuaresiMilleoAdvogados\",\"https:\\\/\\\/www.instagram.com\\\/guaresiemilleo\\\/\",\"https:\\\/\\\/br.linkedin.com\\\/company\\\/guaresimilleo\"]},{\"@type\":\"Person\",\"@id\":\"https:\\\/\\\/www.gm.adv.br\\\/site\\\/#\\\/schema\\\/person\\\/7d633a2abab0d9b94253af6efc36428f\",\"name\":\"admin\",\"image\":{\"@type\":\"ImageObject\",\"inLanguage\":\"pt-BR\",\"@id\":\"https:\\\/\\\/secure.gravatar.com\\\/avatar\\\/c8bb173d280f7d1e50b67bb649de269247430499695ba3ee451b6289436d1d39?s=96&d=mm&r=g\",\"url\":\"https:\\\/\\\/secure.gravatar.com\\\/avatar\\\/c8bb173d280f7d1e50b67bb649de269247430499695ba3ee451b6289436d1d39?s=96&d=mm&r=g\",\"contentUrl\":\"https:\\\/\\\/secure.gravatar.com\\\/avatar\\\/c8bb173d280f7d1e50b67bb649de269247430499695ba3ee451b6289436d1d39?s=96&d=mm&r=g\",\"caption\":\"admin\"},\"sameAs\":[\"https:\\\/\\\/www.gm.adv.br\\\/site\"],\"url\":\"https:\\\/\\\/www.gm.adv.br\\\/site\\\/author\\\/admin\\\/\"}]}<\/script>\n<!-- \/ Yoast SEO plugin. -->","yoast_head_json":{"title":"O Trabalho Intermitente - Guaresi &amp; Mill\u00e9o Advogados Associados | Escrit\u00f3rio de Advocacia em Conc\u00f3rdia-SC | 30 Anos de Experi\u00eancia","description":"Com a vig\u00eancia da Lei n. 13.467\/2017, popularmente conhecida como Reforma Trabalhista, muitas mudan\u00e7as come\u00e7aram a ser implantadas no ordenamento jur\u00eddico e nas rela\u00e7\u00f5es de emprego, alterando e inovando pr\u00e1ticas trabalhistas","robots":{"index":"index","follow":"follow","max-snippet":"max-snippet:-1","max-image-preview":"max-image-preview:large","max-video-preview":"max-video-preview:-1"},"canonical":"https:\/\/www.gm.adv.br\/site\/2022\/05\/04\/o-trabalho-intermitente\/","og_locale":"pt_BR","og_type":"article","og_title":"O Trabalho Intermitente - Guaresi &amp; Mill\u00e9o Advogados Associados | Escrit\u00f3rio de Advocacia em Conc\u00f3rdia-SC | 30 Anos de Experi\u00eancia","og_description":"Com a vig\u00eancia da Lei n. 13.467\/2017, popularmente conhecida como Reforma Trabalhista, muitas mudan\u00e7as come\u00e7aram a ser implantadas no ordenamento jur\u00eddico e nas rela\u00e7\u00f5es de emprego, alterando e inovando pr\u00e1ticas trabalhistas","og_url":"https:\/\/www.gm.adv.br\/site\/2022\/05\/04\/o-trabalho-intermitente\/","og_site_name":"Guaresi &amp; Mill\u00e9o Advogados Associados | Escrit\u00f3rio de Advocacia em Conc\u00f3rdia-SC | 30 Anos de Experi\u00eancia","article_publisher":"https:\/\/www.facebook.com\/GuaresiMilleoAdvogados","article_published_time":"2022-05-04T20:19:02+00:00","og_image":[{"width":399,"height":308,"url":"https:\/\/www.gm.adv.br\/site\/wp-content\/uploads\/2022\/05\/O-Trabalho-Intermitente-e1651695533562.jpg","type":"image\/jpeg"}],"author":"admin","twitter_card":"summary_large_image","twitter_misc":{"Escrito por":"admin","Est. tempo de leitura":"5 minutos"},"schema":{"@context":"https:\/\/schema.org","@graph":[{"@type":"Article","@id":"https:\/\/www.gm.adv.br\/site\/2022\/05\/04\/o-trabalho-intermitente\/#article","isPartOf":{"@id":"https:\/\/www.gm.adv.br\/site\/2022\/05\/04\/o-trabalho-intermitente\/"},"author":{"name":"admin","@id":"https:\/\/www.gm.adv.br\/site\/#\/schema\/person\/7d633a2abab0d9b94253af6efc36428f"},"headline":"O Trabalho Intermitente","datePublished":"2022-05-04T20:19:02+00:00","mainEntityOfPage":{"@id":"https:\/\/www.gm.adv.br\/site\/2022\/05\/04\/o-trabalho-intermitente\/"},"wordCount":897,"publisher":{"@id":"https:\/\/www.gm.adv.br\/site\/#organization"},"image":{"@id":"https:\/\/www.gm.adv.br\/site\/2022\/05\/04\/o-trabalho-intermitente\/#primaryimage"},"thumbnailUrl":"https:\/\/www.gm.adv.br\/site\/wp-content\/uploads\/2022\/05\/O-Trabalho-Intermitente-e1651695533562.jpg","articleSection":["Direito do Trabalho"],"inLanguage":"pt-BR"},{"@type":"WebPage","@id":"https:\/\/www.gm.adv.br\/site\/2022\/05\/04\/o-trabalho-intermitente\/","url":"https:\/\/www.gm.adv.br\/site\/2022\/05\/04\/o-trabalho-intermitente\/","name":"O Trabalho Intermitente - Guaresi &amp; Mill\u00e9o Advogados Associados | Escrit\u00f3rio de Advocacia em Conc\u00f3rdia-SC | 30 Anos de Experi\u00eancia","isPartOf":{"@id":"https:\/\/www.gm.adv.br\/site\/#website"},"primaryImageOfPage":{"@id":"https:\/\/www.gm.adv.br\/site\/2022\/05\/04\/o-trabalho-intermitente\/#primaryimage"},"image":{"@id":"https:\/\/www.gm.adv.br\/site\/2022\/05\/04\/o-trabalho-intermitente\/#primaryimage"},"thumbnailUrl":"https:\/\/www.gm.adv.br\/site\/wp-content\/uploads\/2022\/05\/O-Trabalho-Intermitente-e1651695533562.jpg","datePublished":"2022-05-04T20:19:02+00:00","description":"Com a vig\u00eancia da Lei n. 13.467\/2017, popularmente conhecida como Reforma Trabalhista, muitas mudan\u00e7as come\u00e7aram a ser implantadas no ordenamento jur\u00eddico e nas rela\u00e7\u00f5es de emprego, alterando e inovando pr\u00e1ticas trabalhistas","breadcrumb":{"@id":"https:\/\/www.gm.adv.br\/site\/2022\/05\/04\/o-trabalho-intermitente\/#breadcrumb"},"inLanguage":"pt-BR","potentialAction":[{"@type":"ReadAction","target":["https:\/\/www.gm.adv.br\/site\/2022\/05\/04\/o-trabalho-intermitente\/"]}]},{"@type":"ImageObject","inLanguage":"pt-BR","@id":"https:\/\/www.gm.adv.br\/site\/2022\/05\/04\/o-trabalho-intermitente\/#primaryimage","url":"https:\/\/www.gm.adv.br\/site\/wp-content\/uploads\/2022\/05\/O-Trabalho-Intermitente-e1651695533562.jpg","contentUrl":"https:\/\/www.gm.adv.br\/site\/wp-content\/uploads\/2022\/05\/O-Trabalho-Intermitente-e1651695533562.jpg","width":399,"height":308},{"@type":"BreadcrumbList","@id":"https:\/\/www.gm.adv.br\/site\/2022\/05\/04\/o-trabalho-intermitente\/#breadcrumb","itemListElement":[{"@type":"ListItem","position":1,"name":"In\u00edcio","item":"https:\/\/www.gm.adv.br\/site\/"},{"@type":"ListItem","position":2,"name":"O Trabalho Intermitente"}]},{"@type":"WebSite","@id":"https:\/\/www.gm.adv.br\/site\/#website","url":"https:\/\/www.gm.adv.br\/site\/","name":"Guaresi & Mill\u00e9o Advogados Associados | Escrit\u00f3rio de Advocacia em Conc\u00f3rdia-SC | 30 Anos de Experi\u00eanci","description":"Advocacia Direito Banc\u00e1rio, Tribut\u00e1rio, Trabalhista, C\u00edvil, P\u00fablica, Municipal, Advogados Associados Guaresi e Mill\u00e9o  |  Conc\u00f3rdia SC","publisher":{"@id":"https:\/\/www.gm.adv.br\/site\/#organization"},"alternateName":"Guaresi e Mill\u00e9o Escrit\u00f3rio de Advocacia e Consultoria em Conc\u00f3rdia-SC","potentialAction":[{"@type":"SearchAction","target":{"@type":"EntryPoint","urlTemplate":"https:\/\/www.gm.adv.br\/site\/?s={search_term_string}"},"query-input":{"@type":"PropertyValueSpecification","valueRequired":true,"valueName":"search_term_string"}}],"inLanguage":"pt-BR"},{"@type":"Organization","@id":"https:\/\/www.gm.adv.br\/site\/#organization","name":"Guaresi & Milleo Advogados Associados em Conc\u00f3rdia SC","alternateName":"Guaresi e Milleo Advocacia e Consultoria","url":"https:\/\/www.gm.adv.br\/site\/","logo":{"@type":"ImageObject","inLanguage":"pt-BR","@id":"https:\/\/www.gm.adv.br\/site\/#\/schema\/logo\/image\/","url":"https:\/\/www.gm.adv.br\/site\/wp-content\/uploads\/2025\/07\/cropped-icone-512.webp","contentUrl":"https:\/\/www.gm.adv.br\/site\/wp-content\/uploads\/2025\/07\/cropped-icone-512.webp","width":512,"height":512,"caption":"Guaresi & Milleo Advogados Associados em Conc\u00f3rdia SC"},"image":{"@id":"https:\/\/www.gm.adv.br\/site\/#\/schema\/logo\/image\/"},"sameAs":["https:\/\/www.facebook.com\/GuaresiMilleoAdvogados","https:\/\/www.instagram.com\/guaresiemilleo\/","https:\/\/br.linkedin.com\/company\/guaresimilleo"]},{"@type":"Person","@id":"https:\/\/www.gm.adv.br\/site\/#\/schema\/person\/7d633a2abab0d9b94253af6efc36428f","name":"admin","image":{"@type":"ImageObject","inLanguage":"pt-BR","@id":"https:\/\/secure.gravatar.com\/avatar\/c8bb173d280f7d1e50b67bb649de269247430499695ba3ee451b6289436d1d39?s=96&d=mm&r=g","url":"https:\/\/secure.gravatar.com\/avatar\/c8bb173d280f7d1e50b67bb649de269247430499695ba3ee451b6289436d1d39?s=96&d=mm&r=g","contentUrl":"https:\/\/secure.gravatar.com\/avatar\/c8bb173d280f7d1e50b67bb649de269247430499695ba3ee451b6289436d1d39?s=96&d=mm&r=g","caption":"admin"},"sameAs":["https:\/\/www.gm.adv.br\/site"],"url":"https:\/\/www.gm.adv.br\/site\/author\/admin\/"}]}},"_links":{"self":[{"href":"https:\/\/www.gm.adv.br\/site\/wp-json\/wp\/v2\/posts\/3404","targetHints":{"allow":["GET"]}}],"collection":[{"href":"https:\/\/www.gm.adv.br\/site\/wp-json\/wp\/v2\/posts"}],"about":[{"href":"https:\/\/www.gm.adv.br\/site\/wp-json\/wp\/v2\/types\/post"}],"author":[{"embeddable":true,"href":"https:\/\/www.gm.adv.br\/site\/wp-json\/wp\/v2\/users\/1"}],"replies":[{"embeddable":true,"href":"https:\/\/www.gm.adv.br\/site\/wp-json\/wp\/v2\/comments?post=3404"}],"version-history":[{"count":0,"href":"https:\/\/www.gm.adv.br\/site\/wp-json\/wp\/v2\/posts\/3404\/revisions"}],"wp:featuredmedia":[{"embeddable":true,"href":"https:\/\/www.gm.adv.br\/site\/wp-json\/wp\/v2\/media\/3405"}],"wp:attachment":[{"href":"https:\/\/www.gm.adv.br\/site\/wp-json\/wp\/v2\/media?parent=3404"}],"wp:term":[{"taxonomy":"category","embeddable":true,"href":"https:\/\/www.gm.adv.br\/site\/wp-json\/wp\/v2\/categories?post=3404"},{"taxonomy":"post_tag","embeddable":true,"href":"https:\/\/www.gm.adv.br\/site\/wp-json\/wp\/v2\/tags?post=3404"}],"curies":[{"name":"wp","href":"https:\/\/api.w.org\/{rel}","templated":true}]}}